{"id":3471,"date":"2026-04-29T08:56:12","date_gmt":"2026-04-29T06:56:12","guid":{"rendered":"https:\/\/agrupacionespsoe.es\/torrelodones\/?p=3471"},"modified":"2026-04-29T08:56:13","modified_gmt":"2026-04-29T06:56:13","slug":"el-psoe-exige-claridad-con-el-aparcamiento-de-la-estacion","status":"publish","type":"post","link":"https:\/\/agrupacionespsoe.es\/torrelodones\/el-psoe-exige-claridad-con-el-aparcamiento-de-la-estacion\/","title":{"rendered":"El PSOE exige claridad con el aparcamiento de la estaci\u00f3n"},"content":{"rendered":"\n<figure class=\"wp-block-image size-large\"><img loading=\"lazy\" decoding=\"async\" width=\"1024\" height=\"576\" src=\"https:\/\/agrupacionespsoe.es\/torrelodones\/wp-content\/uploads\/sites\/25\/2024\/11\/aparcamiento-estacion-1-1024x576.jpg\" alt=\"\" class=\"wp-image-2292\" srcset=\"https:\/\/agrupacionespsoe.es\/torrelodones\/wp-content\/uploads\/sites\/25\/2024\/11\/aparcamiento-estacion-1-1024x576.jpg 1024w, https:\/\/agrupacionespsoe.es\/torrelodones\/wp-content\/uploads\/sites\/25\/2024\/11\/aparcamiento-estacion-1-300x169.jpg 300w, https:\/\/agrupacionespsoe.es\/torrelodones\/wp-content\/uploads\/sites\/25\/2024\/11\/aparcamiento-estacion-1-768x432.jpg 768w, https:\/\/agrupacionespsoe.es\/torrelodones\/wp-content\/uploads\/sites\/25\/2024\/11\/aparcamiento-estacion-1.jpg 1200w\" sizes=\"auto, (max-width: 1024px) 100vw, 1024px\" \/><\/figure>\n\n\n\n<p><br><em><strong>El portavoz socialista, V\u00edctor Ib\u00e1\u00f1ez, ha valorado como \u201cuna buena noticia\u201d el avance del proyecto, aunque ha insistido en la necesidad de mantener la prudencia ante las dudas que a\u00fan persisten sobre su ejecuci\u00f3n, sobre todo por el hecho de que la obra no aparece en las cuentas del gobierno regional.<\/strong><\/em><\/p>\n\n\n\n<p><br>El portavoz municipal del PSOE en Torrelodones, V\u00edctor Ib\u00e1\u00f1ez, pide prudencia ante el anuncio del proyecto de construcci\u00f3n del aparcamiento de la estaci\u00f3n de Torrelodones y reclama claridad sobre financiaci\u00f3n y plazos. Nos ha costado muchos a\u00f1os, demasiados a\u00f1os, que se vea algo de luz al final del t\u00fanel. Y a d\u00eda de hoy lo que hay es el proyecto t\u00e9cnico, que no es poca cosa, pero es lo que hay\u201d, ha se\u00f1alado V\u00edctor Ib\u00e1\u00f1ez durante su intervenci\u00f3n en el \u00faltimo pleno municipal. <\/p>\n\n\n\n<p>\u201cA d\u00eda de hoy hay un proyecto t\u00e9cnico, pero no hay ni un euro consignado de forma clara en ninguna partida de los presupuestos de la Comunidad de Madrid ni de Planifica Madrid, la empresa p\u00fablica que gestiona el Plan de Inversi\u00f3n Regional, por lo que no hay garant\u00edas plenas de que la obra vaya a ejecutarse con la celeridad que ha anunciado la alcaldesa\u201d, afirma Ib\u00e1\u00f1ez. <\/p>\n\n\n\n<p>El concejal socialista tambi\u00e9n ha querido reconocer expresamente el trabajo de los t\u00e9cnicos municipales: \u201cSon buenos profesionales y llevan muchos a\u00f1os demostrando su val\u00eda\u201d, pero, sin embargo, ha mostrado su sorpresa ante las cr\u00edticas realizadas sobre la forma en que se gestionaron las fases anteriores del proyecto: \u201cSi ahora se habla de barbaridades t\u00e9cnicas y jur\u00eddicas, conviene aclarar si los t\u00e9cnicos eran los mismos, porque la plantilla municipal pr\u00e1cticamente no ha cambiado\u201d.<\/p>\n\n\n\n<p><strong>NI RASTRO EN LOS PRESUPUESTOS<\/strong><\/p>\n\n\n\n<p>El portavoz socialista se muestra muy esc\u00e9ptico tras los reiterados anuncios de los gobiernos del PP en la Comunidad de Madrid desde 2010, \u00abcuando Esperanza Aguirre vino a Torrelodones a hacerse la foto y anunciar una obra que ha dado mil vueltas por los despachos del gobierno regional\u00bb. Adem\u00e1s, desde el PSOE aseguran que han revisado los presupuestos de la Comunidad de Madrid para 2026 y Torrelodones no aparece en las inversiones planificadas por Ayuso y tampoco hay partida ninguna en Planifica Madrid la empresa p\u00fablica que gestiona el PIR Supramunicipal\u00bb. En este sentido, Ib\u00e1\u00f1ez se hace una pregunta muy simple: \u00ab\u00bfD\u00f3nde est\u00e1 el dinero?\u00bb y pone el acento en el baile de cifras del propio Gobierno regional:\u201cHan hablado de 11 millones, ahora de 13\u2026 Son cifras lanzadas al aire. Sin un respaldo presupuestario real, todo esto son anuncios vac\u00edos\u201d.<\/p>\n\n\n\n<p>Ib\u00e1\u00f1ez tambi\u00e9n ha mostrado su escepticismo sobre los plazos anunciados: \u201cEstamos hablando de una obra de gran envergadura que tiene que salir a licitaci\u00f3n. Con los tiempos administrativos, es materialmente imposible cumplir los plazos que se est\u00e1n anunciando por parte del PP, que habla de comenzar la obra para el mes de julio\u201d. Pese a todo, V\u00edctor Ib\u00e1\u00f1ez considera que \u00abestamos ante un avance tras muchos a\u00f1os de idas y venidas. Ojal\u00e1 este sea el final del camino, pero visto lo que ha pasado en estos a\u00f1os, albergamos muchas duda. Torrelodones no necesita m\u00e1s titulares ni m\u00e1s propaganda. Necesita certezas, compromiso de financiaci\u00f3n y plazos realistas para ejecutar esta necesaria inversi\u00f3n\u201d.<\/p>\n","protected":false},"excerpt":{"rendered":"<p>El portavoz socialista, V\u00edctor Ib\u00e1\u00f1ez, ha valorado como \u201cuna buena noticia\u201d el avance del proyecto, aunque ha insistido en la necesidad de mantener la prudencia ante las dudas que a\u00fan persisten sobre su ejecuci\u00f3n, sobre todo por el hecho de que la obra no aparece en las cuentas del gobierno regional.<\/p>\n","protected":false},"author":16,"featured_media":2334,"comment_status":"open","ping_status":"open","sticky":false,"template":"","format":"standard","meta":{"_jetpack_memberships_contains_paid_content":false,"footnotes":""},"categories":[6],"tags":[],"class_list":["post-3471","post","type-post","status-publish","format-standard","has-post-thumbnail","hentry","category-torrelodones"],"yoast_head":"<!-- This site is optimized with the Yoast SEO plugin v24.0 - https:\/\/yoast.com\/wordpress\/plugins\/seo\/ -->\n<title>El PSOE exige claridad con el aparcamiento de la estaci\u00f3n - PSOE Torrelodones<\/title>\n<meta name=\"description\" content=\"Aunque califican de \u201cuna buena noticia\u201d el avance del proyecto, albergan dudas sobre su ejecuci\u00f3n, ya que la obra no aparece en las cuentas de Ayuso.\" \/>\n<meta name=\"robots\" content=\"index, follow, max-snippet:-1, max-image-preview:large, max-video-preview:-1\" \/>\n<link rel=\"canonical\" href=\"https:\/\/agrupacionespsoe.es\/torrelodones\/el-psoe-exige-claridad-con-el-aparcamiento-de-la-estacion\/\" \/>\n<meta property=\"og:locale\" content=\"es_ES\" \/>\n<meta property=\"og:type\" content=\"article\" \/>\n<meta property=\"og:title\" content=\"El PSOE exige claridad con el aparcamiento de la estaci\u00f3n - PSOE Torrelodones\" \/>\n<meta property=\"og:description\" content=\"Aunque califican de \u201cuna buena noticia\u201d el avance del proyecto, albergan dudas sobre su ejecuci\u00f3n, ya que la obra no aparece en las cuentas de Ayuso.\" \/>\n<meta property=\"og:url\" content=\"https:\/\/agrupacionespsoe.es\/torrelodones\/el-psoe-exige-claridad-con-el-aparcamiento-de-la-estacion\/\" \/>\n<meta property=\"og:site_name\" content=\"PSOE Torrelodones\" \/>\n<meta property=\"article:published_time\" content=\"2026-04-29T06:56:12+00:00\" \/>\n<meta property=\"article:modified_time\" content=\"2026-04-29T06:56:13+00:00\" \/>\n<meta property=\"og:image\" content=\"https:\/\/agrupacionespsoe.es\/torrelodones\/wp-content\/uploads\/sites\/25\/2024\/12\/aparcamiento-estacion-3.jpg\" \/>\n\t<meta property=\"og:image:width\" content=\"1640\" \/>\n\t<meta property=\"og:image:height\" content=\"1232\" \/>\n\t<meta property=\"og:image:type\" content=\"image\/jpeg\" \/>\n<meta name=\"author\" content=\"torrelodones3\" \/>\n<meta name=\"twitter:card\" content=\"summary_large_image\" \/>\n<meta name=\"twitter:label1\" content=\"Escrito por\" \/>\n\t<meta name=\"twitter:data1\" content=\"torrelodones3\" \/>\n\t<meta name=\"twitter:label2\" content=\"Tiempo de lectura\" \/>\n\t<meta name=\"twitter:data2\" content=\"3 minutos\" \/>\n<script type=\"application\/ld+json\" class=\"yoast-schema-graph\">{\"@context\":\"https:\/\/schema.org\",\"@graph\":[{\"@type\":\"Article\",\"@id\":\"https:\/\/agrupacionespsoe.es\/torrelodones\/el-psoe-exige-claridad-con-el-aparcamiento-de-la-estacion\/#article\",\"isPartOf\":{\"@id\":\"https:\/\/agrupacionespsoe.es\/torrelodones\/el-psoe-exige-claridad-con-el-aparcamiento-de-la-estacion\/\"},\"author\":{\"name\":\"torrelodones3\",\"@id\":\"https:\/\/agrupacionespsoe.es\/torrelodones\/#\/schema\/person\/b749f901477c0e6179a45c59643b5bd6\"},\"headline\":\"El PSOE exige claridad con el aparcamiento de la estaci\u00f3n\",\"datePublished\":\"2026-04-29T06:56:12+00:00\",\"dateModified\":\"2026-04-29T06:56:13+00:00\",\"mainEntityOfPage\":{\"@id\":\"https:\/\/agrupacionespsoe.es\/torrelodones\/el-psoe-exige-claridad-con-el-aparcamiento-de-la-estacion\/\"},\"wordCount\":588,\"commentCount\":0,\"publisher\":{\"@id\":\"https:\/\/agrupacionespsoe.es\/torrelodones\/#organization\"},\"image\":{\"@id\":\"https:\/\/agrupacionespsoe.es\/torrelodones\/el-psoe-exige-claridad-con-el-aparcamiento-de-la-estacion\/#primaryimage\"},\"thumbnailUrl\":\"https:\/\/agrupacionespsoe.es\/torrelodones\/wp-content\/uploads\/sites\/25\/2024\/12\/aparcamiento-estacion-3.jpg\",\"articleSection\":[\"Torrelodones\"],\"inLanguage\":\"es\",\"potentialAction\":[{\"@type\":\"CommentAction\",\"name\":\"Comment\",\"target\":[\"https:\/\/agrupacionespsoe.es\/torrelodones\/el-psoe-exige-claridad-con-el-aparcamiento-de-la-estacion\/#respond\"]}]},{\"@type\":\"WebPage\",\"@id\":\"https:\/\/agrupacionespsoe.es\/torrelodones\/el-psoe-exige-claridad-con-el-aparcamiento-de-la-estacion\/\",\"url\":\"https:\/\/agrupacionespsoe.es\/torrelodones\/el-psoe-exige-claridad-con-el-aparcamiento-de-la-estacion\/\",\"name\":\"El PSOE exige claridad con el aparcamiento de la estaci\u00f3n - PSOE Torrelodones\",\"isPartOf\":{\"@id\":\"https:\/\/agrupacionespsoe.es\/torrelodones\/#website\"},\"primaryImageOfPage\":{\"@id\":\"https:\/\/agrupacionespsoe.es\/torrelodones\/el-psoe-exige-claridad-con-el-aparcamiento-de-la-estacion\/#primaryimage\"},\"image\":{\"@id\":\"https:\/\/agrupacionespsoe.es\/torrelodones\/el-psoe-exige-claridad-con-el-aparcamiento-de-la-estacion\/#primaryimage\"},\"thumbnailUrl\":\"https:\/\/agrupacionespsoe.es\/torrelodones\/wp-content\/uploads\/sites\/25\/2024\/12\/aparcamiento-estacion-3.jpg\",\"datePublished\":\"2026-04-29T06:56:12+00:00\",\"dateModified\":\"2026-04-29T06:56:13+00:00\",\"description\":\"Aunque califican de \u201cuna buena noticia\u201d el avance del proyecto, albergan dudas sobre su ejecuci\u00f3n, ya que la obra no aparece en las cuentas de Ayuso.\",\"breadcrumb\":{\"@id\":\"https:\/\/agrupacionespsoe.es\/torrelodones\/el-psoe-exige-claridad-con-el-aparcamiento-de-la-estacion\/#breadcrumb\"},\"inLanguage\":\"es\",\"potentialAction\":[{\"@type\":\"ReadAction\",\"target\":[\"https:\/\/agrupacionespsoe.es\/torrelodones\/el-psoe-exige-claridad-con-el-aparcamiento-de-la-estacion\/\"]}]},{\"@type\":\"ImageObject\",\"inLanguage\":\"es\",\"@id\":\"https:\/\/agrupacionespsoe.es\/torrelodones\/el-psoe-exige-claridad-con-el-aparcamiento-de-la-estacion\/#primaryimage\",\"url\":\"https:\/\/agrupacionespsoe.es\/torrelodones\/wp-content\/uploads\/sites\/25\/2024\/12\/aparcamiento-estacion-3.jpg\",\"contentUrl\":\"https:\/\/agrupacionespsoe.es\/torrelodones\/wp-content\/uploads\/sites\/25\/2024\/12\/aparcamiento-estacion-3.jpg\",\"width\":1640,\"height\":1232},{\"@type\":\"BreadcrumbList\",\"@id\":\"https:\/\/agrupacionespsoe.es\/torrelodones\/el-psoe-exige-claridad-con-el-aparcamiento-de-la-estacion\/#breadcrumb\",\"itemListElement\":[{\"@type\":\"ListItem\",\"position\":1,\"name\":\"Portada\",\"item\":\"https:\/\/agrupacionespsoe.es\/torrelodones\/\"},{\"@type\":\"ListItem\",\"position\":2,\"name\":\"El PSOE exige claridad con el aparcamiento de la estaci\u00f3n\"}]},{\"@type\":\"WebSite\",\"@id\":\"https:\/\/agrupacionespsoe.es\/torrelodones\/#website\",\"url\":\"https:\/\/agrupacionespsoe.es\/torrelodones\/\",\"name\":\"PSOE Torrelodones\",\"description\":\"Agrupaci\u00f3n Socialista y Grupo Municipal PSOE Torrelodones\",\"publisher\":{\"@id\":\"https:\/\/agrupacionespsoe.es\/torrelodones\/#organization\"},\"potentialAction\":[{\"@type\":\"SearchAction\",\"target\":{\"@type\":\"EntryPoint\",\"urlTemplate\":\"https:\/\/agrupacionespsoe.es\/torrelodones\/?s={search_term_string}\"},\"query-input\":{\"@type\":\"PropertyValueSpecification\",\"valueRequired\":true,\"valueName\":\"search_term_string\"}}],\"inLanguage\":\"es\"},{\"@type\":\"Organization\",\"@id\":\"https:\/\/agrupacionespsoe.es\/torrelodones\/#organization\",\"name\":\"PSOE Torrelodones\",\"url\":\"https:\/\/agrupacionespsoe.es\/torrelodones\/\",\"logo\":{\"@type\":\"ImageObject\",\"inLanguage\":\"es\",\"@id\":\"https:\/\/agrupacionespsoe.es\/torrelodones\/#\/schema\/logo\/image\/\",\"url\":\"https:\/\/agrupacionespsoe.es\/wp-content\/uploads\/2022\/07\/Logotipo_electoral_del_PSOE.png\",\"contentUrl\":\"https:\/\/agrupacionespsoe.es\/wp-content\/uploads\/2022\/07\/Logotipo_electoral_del_PSOE.png\",\"width\":422,\"height\":422,\"caption\":\"PSOE Torrelodones\"},\"image\":{\"@id\":\"https:\/\/agrupacionespsoe.es\/torrelodones\/#\/schema\/logo\/image\/\"}},{\"@type\":\"Person\",\"@id\":\"https:\/\/agrupacionespsoe.es\/torrelodones\/#\/schema\/person\/b749f901477c0e6179a45c59643b5bd6\",\"name\":\"torrelodones3\",\"image\":{\"@type\":\"ImageObject\",\"inLanguage\":\"es\",\"@id\":\"https:\/\/agrupacionespsoe.es\/torrelodones\/#\/schema\/person\/image\/\",\"url\":\"https:\/\/secure.gravatar.com\/avatar\/0b19e50bcd1ed2075f1ff97512c1ec50?s=96&d=mm&r=g\",\"contentUrl\":\"https:\/\/secure.gravatar.com\/avatar\/0b19e50bcd1ed2075f1ff97512c1ec50?s=96&d=mm&r=g\",\"caption\":\"torrelodones3\"},\"url\":\"https:\/\/agrupacionespsoe.es\/torrelodones\/author\/torrelodones3\/\"}]}<\/script>\n<!-- \/ Yoast SEO plugin. -->","yoast_head_json":{"title":"El PSOE exige claridad con el aparcamiento de la estaci\u00f3n - PSOE Torrelodones","description":"Aunque califican de \u201cuna buena noticia\u201d el avance del proyecto, albergan dudas sobre su ejecuci\u00f3n, ya que la obra no aparece en las cuentas de Ayuso.","robots":{"index":"index","follow":"follow","max-snippet":"max-snippet:-1","max-image-preview":"max-image-preview:large","max-video-preview":"max-video-preview:-1"},"canonical":"https:\/\/agrupacionespsoe.es\/torrelodones\/el-psoe-exige-claridad-con-el-aparcamiento-de-la-estacion\/","og_locale":"es_ES","og_type":"article","og_title":"El PSOE exige claridad con el aparcamiento de la estaci\u00f3n - PSOE Torrelodones","og_description":"Aunque califican de \u201cuna buena noticia\u201d el avance del proyecto, albergan dudas sobre su ejecuci\u00f3n, ya que la obra no aparece en las cuentas de Ayuso.","og_url":"https:\/\/agrupacionespsoe.es\/torrelodones\/el-psoe-exige-claridad-con-el-aparcamiento-de-la-estacion\/","og_site_name":"PSOE Torrelodones","article_published_time":"2026-04-29T06:56:12+00:00","article_modified_time":"2026-04-29T06:56:13+00:00","og_image":[{"width":1640,"height":1232,"url":"https:\/\/agrupacionespsoe.es\/torrelodones\/wp-content\/uploads\/sites\/25\/2024\/12\/aparcamiento-estacion-3.jpg","type":"image\/jpeg"}],"author":"torrelodones3","twitter_card":"summary_large_image","twitter_misc":{"Escrito por":"torrelodones3","Tiempo de lectura":"3 minutos"},"schema":{"@context":"https:\/\/schema.org","@graph":[{"@type":"Article","@id":"https:\/\/agrupacionespsoe.es\/torrelodones\/el-psoe-exige-claridad-con-el-aparcamiento-de-la-estacion\/#article","isPartOf":{"@id":"https:\/\/agrupacionespsoe.es\/torrelodones\/el-psoe-exige-claridad-con-el-aparcamiento-de-la-estacion\/"},"author":{"name":"torrelodones3","@id":"https:\/\/agrupacionespsoe.es\/torrelodones\/#\/schema\/person\/b749f901477c0e6179a45c59643b5bd6"},"headline":"El PSOE exige claridad con el aparcamiento de la estaci\u00f3n","datePublished":"2026-04-29T06:56:12+00:00","dateModified":"2026-04-29T06:56:13+00:00","mainEntityOfPage":{"@id":"https:\/\/agrupacionespsoe.es\/torrelodones\/el-psoe-exige-claridad-con-el-aparcamiento-de-la-estacion\/"},"wordCount":588,"commentCount":0,"publisher":{"@id":"https:\/\/agrupacionespsoe.es\/torrelodones\/#organization"},"image":{"@id":"https:\/\/agrupacionespsoe.es\/torrelodones\/el-psoe-exige-claridad-con-el-aparcamiento-de-la-estacion\/#primaryimage"},"thumbnailUrl":"https:\/\/agrupacionespsoe.es\/torrelodones\/wp-content\/uploads\/sites\/25\/2024\/12\/aparcamiento-estacion-3.jpg","articleSection":["Torrelodones"],"inLanguage":"es","potentialAction":[{"@type":"CommentAction","name":"Comment","target":["https:\/\/agrupacionespsoe.es\/torrelodones\/el-psoe-exige-claridad-con-el-aparcamiento-de-la-estacion\/#respond"]}]},{"@type":"WebPage","@id":"https:\/\/agrupacionespsoe.es\/torrelodones\/el-psoe-exige-claridad-con-el-aparcamiento-de-la-estacion\/","url":"https:\/\/agrupacionespsoe.es\/torrelodones\/el-psoe-exige-claridad-con-el-aparcamiento-de-la-estacion\/","name":"El PSOE exige claridad con el aparcamiento de la estaci\u00f3n - PSOE Torrelodones","isPartOf":{"@id":"https:\/\/agrupacionespsoe.es\/torrelodones\/#website"},"primaryImageOfPage":{"@id":"https:\/\/agrupacionespsoe.es\/torrelodones\/el-psoe-exige-claridad-con-el-aparcamiento-de-la-estacion\/#primaryimage"},"image":{"@id":"https:\/\/agrupacionespsoe.es\/torrelodones\/el-psoe-exige-claridad-con-el-aparcamiento-de-la-estacion\/#primaryimage"},"thumbnailUrl":"https:\/\/agrupacionespsoe.es\/torrelodones\/wp-content\/uploads\/sites\/25\/2024\/12\/aparcamiento-estacion-3.jpg","datePublished":"2026-04-29T06:56:12+00:00","dateModified":"2026-04-29T06:56:13+00:00","description":"Aunque califican de \u201cuna buena noticia\u201d el avance del proyecto, albergan dudas sobre su ejecuci\u00f3n, ya que la obra no aparece en las cuentas de Ayuso.","breadcrumb":{"@id":"https:\/\/agrupacionespsoe.es\/torrelodones\/el-psoe-exige-claridad-con-el-aparcamiento-de-la-estacion\/#breadcrumb"},"inLanguage":"es","potentialAction":[{"@type":"ReadAction","target":["https:\/\/agrupacionespsoe.es\/torrelodones\/el-psoe-exige-claridad-con-el-aparcamiento-de-la-estacion\/"]}]},{"@type":"ImageObject","inLanguage":"es","@id":"https:\/\/agrupacionespsoe.es\/torrelodones\/el-psoe-exige-claridad-con-el-aparcamiento-de-la-estacion\/#primaryimage","url":"https:\/\/agrupacionespsoe.es\/torrelodones\/wp-content\/uploads\/sites\/25\/2024\/12\/aparcamiento-estacion-3.jpg","contentUrl":"https:\/\/agrupacionespsoe.es\/torrelodones\/wp-content\/uploads\/sites\/25\/2024\/12\/aparcamiento-estacion-3.jpg","width":1640,"height":1232},{"@type":"BreadcrumbList","@id":"https:\/\/agrupacionespsoe.es\/torrelodones\/el-psoe-exige-claridad-con-el-aparcamiento-de-la-estacion\/#breadcrumb","itemListElement":[{"@type":"ListItem","position":1,"name":"Portada","item":"https:\/\/agrupacionespsoe.es\/torrelodones\/"},{"@type":"ListItem","position":2,"name":"El PSOE exige claridad con el aparcamiento de la estaci\u00f3n"}]},{"@type":"WebSite","@id":"https:\/\/agrupacionespsoe.es\/torrelodones\/#website","url":"https:\/\/agrupacionespsoe.es\/torrelodones\/","name":"PSOE Torrelodones","description":"Agrupaci\u00f3n Socialista y Grupo Municipal PSOE Torrelodones","publisher":{"@id":"https:\/\/agrupacionespsoe.es\/torrelodones\/#organization"},"potentialAction":[{"@type":"SearchAction","target":{"@type":"EntryPoint","urlTemplate":"https:\/\/agrupacionespsoe.es\/torrelodones\/?s={search_term_string}"},"query-input":{"@type":"PropertyValueSpecification","valueRequired":true,"valueName":"search_term_string"}}],"inLanguage":"es"},{"@type":"Organization","@id":"https:\/\/agrupacionespsoe.es\/torrelodones\/#organization","name":"PSOE Torrelodones","url":"https:\/\/agrupacionespsoe.es\/torrelodones\/","logo":{"@type":"ImageObject","inLanguage":"es","@id":"https:\/\/agrupacionespsoe.es\/torrelodones\/#\/schema\/logo\/image\/","url":"https:\/\/agrupacionespsoe.es\/wp-content\/uploads\/2022\/07\/Logotipo_electoral_del_PSOE.png","contentUrl":"https:\/\/agrupacionespsoe.es\/wp-content\/uploads\/2022\/07\/Logotipo_electoral_del_PSOE.png","width":422,"height":422,"caption":"PSOE Torrelodones"},"image":{"@id":"https:\/\/agrupacionespsoe.es\/torrelodones\/#\/schema\/logo\/image\/"}},{"@type":"Person","@id":"https:\/\/agrupacionespsoe.es\/torrelodones\/#\/schema\/person\/b749f901477c0e6179a45c59643b5bd6","name":"torrelodones3","image":{"@type":"ImageObject","inLanguage":"es","@id":"https:\/\/agrupacionespsoe.es\/torrelodones\/#\/schema\/person\/image\/","url":"https:\/\/secure.gravatar.com\/avatar\/0b19e50bcd1ed2075f1ff97512c1ec50?s=96&d=mm&r=g","contentUrl":"https:\/\/secure.gravatar.com\/avatar\/0b19e50bcd1ed2075f1ff97512c1ec50?s=96&d=mm&r=g","caption":"torrelodones3"},"url":"https:\/\/agrupacionespsoe.es\/torrelodones\/author\/torrelodones3\/"}]}},"jetpack_featured_media_url":"https:\/\/agrupacionespsoe.es\/torrelodones\/wp-content\/uploads\/sites\/25\/2024\/12\/aparcamiento-estacion-3.jpg","jetpack_sharing_enabled":true,"_links":{"self":[{"href":"https:\/\/agrupacionespsoe.es\/torrelodones\/wp-json\/wp\/v2\/posts\/3471","targetHints":{"allow":["GET"]}}],"collection":[{"href":"https:\/\/agrupacionespsoe.es\/torrelodones\/wp-json\/wp\/v2\/posts"}],"about":[{"href":"https:\/\/agrupacionespsoe.es\/torrelodones\/wp-json\/wp\/v2\/types\/post"}],"author":[{"embeddable":true,"href":"https:\/\/agrupacionespsoe.es\/torrelodones\/wp-json\/wp\/v2\/users\/16"}],"replies":[{"embeddable":true,"href":"https:\/\/agrupacionespsoe.es\/torrelodones\/wp-json\/wp\/v2\/comments?post=3471"}],"version-history":[{"count":1,"href":"https:\/\/agrupacionespsoe.es\/torrelodones\/wp-json\/wp\/v2\/posts\/3471\/revisions"}],"predecessor-version":[{"id":3472,"href":"https:\/\/agrupacionespsoe.es\/torrelodones\/wp-json\/wp\/v2\/posts\/3471\/revisions\/3472"}],"wp:featuredmedia":[{"embeddable":true,"href":"https:\/\/agrupacionespsoe.es\/torrelodones\/wp-json\/wp\/v2\/media\/2334"}],"wp:attachment":[{"href":"https:\/\/agrupacionespsoe.es\/torrelodones\/wp-json\/wp\/v2\/media?parent=3471"}],"wp:term":[{"taxonomy":"category","embeddable":true,"href":"https:\/\/agrupacionespsoe.es\/torrelodones\/wp-json\/wp\/v2\/categories?post=3471"},{"taxonomy":"post_tag","embeddable":true,"href":"https:\/\/agrupacionespsoe.es\/torrelodones\/wp-json\/wp\/v2\/tags?post=3471"}],"curies":[{"name":"wp","href":"https:\/\/api.w.org\/{rel}","templated":true}]}}