{"id":3347,"date":"2026-03-04T08:59:35","date_gmt":"2026-03-04T07:59:35","guid":{"rendered":"https:\/\/agrupacionespsoe.es\/torrelodones\/?p=3347"},"modified":"2026-03-10T09:27:38","modified_gmt":"2026-03-10T08:27:38","slug":"el-pp-no-quiere-abordar-la-segunda-fase-de-la-reforma-del-parque-pradogrande","status":"publish","type":"post","link":"https:\/\/agrupacionespsoe.es\/torrelodones\/el-pp-no-quiere-abordar-la-segunda-fase-de-la-reforma-del-parque-pradogrande\/","title":{"rendered":"El Partido Popular no quiere abordar la segunda fase de la reforma del Parque Pradogrande"},"content":{"rendered":"\n<figure class=\"wp-block-image size-large\"><img loading=\"lazy\" decoding=\"async\" width=\"1024\" height=\"769\" src=\"https:\/\/agrupacionespsoe.es\/torrelodones\/wp-content\/uploads\/sites\/25\/2025\/10\/parque-pradogrande-2024-4-1024x769.jpg\" alt=\"\" class=\"wp-image-2994\" srcset=\"https:\/\/agrupacionespsoe.es\/torrelodones\/wp-content\/uploads\/sites\/25\/2025\/10\/parque-pradogrande-2024-4-1024x769.jpg 1024w, https:\/\/agrupacionespsoe.es\/torrelodones\/wp-content\/uploads\/sites\/25\/2025\/10\/parque-pradogrande-2024-4-300x225.jpg 300w, https:\/\/agrupacionespsoe.es\/torrelodones\/wp-content\/uploads\/sites\/25\/2025\/10\/parque-pradogrande-2024-4-768x577.jpg 768w, https:\/\/agrupacionespsoe.es\/torrelodones\/wp-content\/uploads\/sites\/25\/2025\/10\/parque-pradogrande-2024-4-1536x1154.jpg 1536w, https:\/\/agrupacionespsoe.es\/torrelodones\/wp-content\/uploads\/sites\/25\/2025\/10\/parque-pradogrande-2024-4-2048x1538.jpg 2048w\" sizes=\"auto, (max-width: 1024px) 100vw, 1024px\" \/><\/figure>\n\n\n\n<p><br><em><strong>El Partido Popular confirm\u00f3 en el pleno municipal que no ejecutar\u00e1 la segunda fase de la reforma de Pradogrande, una actuaci\u00f3n que fue paralizada al inicio de la legislatura y que contemplaba importantes mejoras en la principal zona verde de La Colonia.<\/strong><\/em><\/p>\n\n\n\n<p>El portavoz del Grupo Socialista, V\u00edctor Ib\u00e1\u00f1ez, pregunt\u00f3 en el pleno por los planes del equipo de gobierno para el parque Pradogrande. La respuesta del concejal de Urbanismo fue clara: no tienen intenci\u00f3n de desarrollar el proyecto previsto. Ib\u00e1\u00f1ez ha se\u00f1alado que ya se hab\u00eda dejado preparado el expediente de contrataci\u00f3n de la segunda fase de las obras antes de las elecciones de 2023. El plan inclu\u00eda nuevas \u00e1reas de juego, la recuperaci\u00f3n del escenario central con una pradera sombreada, instalaciones deportivas ligeras, un espacio para perros y actuaciones de renaturalizaci\u00f3n con plantaci\u00f3n de especies aut\u00f3ctonas.<\/p>\n\n\n\n<p>\u201cEl parque presenta zonas degradadas y necesita m\u00e1s vegetaci\u00f3n y mejores espacios de uso. Lo que no puede hacer el gobierno es frenar un proyecto sin explicar cu\u00e1l es su propuesta alternativa\u201d, afirma el portavoz socialista. Adem\u00e1s, recuerda que \u00abuna de las primeras decisiones del actual ejecutivo municipal fue desistir de esta segunda fase, alegando la falta de fondos europeos\u00bb. Los socialistas tambi\u00e9n sostienen que la prioridad del gobierno era impulsar un aparcamiento en el entorno del parque, una opci\u00f3n que gener\u00f3 controversia vecinal.<\/p>\n\n\n\n<p><strong>PROYECTO DESCARTADO<\/strong><\/p>\n\n\n\n<p>Antes de las elecciones de 2023 qued\u00f3 preparado el expediente de contrataci\u00f3n para acometer mejoras valoradas en 340.000 euros. El objetivo era corregir zonas degradadas, recuperar espacios verdes y dotar al parque de nuevas \u00e1reas de uso para todas las edades. El proyecto que se ha desechado por parte del PP inclu\u00eda:<\/p>\n\n\n\n<ul class=\"wp-block-list\">\n<li>Un \u00e1rea de juego libre para los m\u00e1s peque\u00f1os.<\/li>\n\n\n\n<li>La recuperaci\u00f3n del escenario central con zonas sombreadas para el p\u00fablico.<\/li>\n\n\n\n<li>Una pista de v\u00f3ley playa y un campo de minif\u00fatbol.<\/li>\n\n\n\n<li>Un espacio espec\u00edfico para perros.<\/li>\n\n\n\n<li>La plantaci\u00f3n de nuevas formaciones arboladas y especies aut\u00f3ctonas para avanzar en la renaturalizaci\u00f3n del parque.<\/li>\n<\/ul>\n\n\n\n<p>En este sentido, asegura que \u00ablos vecinos del parque valoraban positivamente el proyecto que ha aparcado el PP porque, entre otras cuestiones, se abordaba el ordenamiento de espacios que en los que no se ha intervenido, como los aleda\u00f1os de la calle Pintor Bot\u00ed o el antiguo refugio de la Guerra Civil\u00bb. El portavoz socialista recuerda que la remodelaci\u00f3n, por ahora sin concluir, gener\u00f3 una gran pol\u00e9mica vecinal por la escasez de vegetaci\u00f3n y por los acabados finales. \u00abPrecisamente por eso es imprescindible culminar la segunda fase y garantizar que Pradogrande sea, de verdad, un gran espacio natural para la Colonia. Pradogrande necesita m\u00e1s \u00e1rboles, m\u00e1s sombra y m\u00e1s vida, no m\u00e1s cemento\u00bb, concluye V\u00edctor Ib\u00e1\u00f1ez.<\/p>\n","protected":false},"excerpt":{"rendered":"<p>El Partido Popular confirm\u00f3 en el pleno municipal que no ejecutar\u00e1 la segunda fase de la reforma de Pradogrande, una actuaci\u00f3n que fue paralizada al inicio de la legislatura y que contemplaba importantes mejoras en la principal zona verde de La Colonia. <\/p>\n","protected":false},"author":16,"featured_media":2612,"comment_status":"open","ping_status":"open","sticky":false,"template":"","format":"standard","meta":{"_jetpack_memberships_contains_paid_content":false,"footnotes":""},"categories":[6],"tags":[],"class_list":["post-3347","post","type-post","status-publish","format-standard","has-post-thumbnail","hentry","category-torrelodones"],"yoast_head":"<!-- This site is optimized with the Yoast SEO plugin v24.0 - https:\/\/yoast.com\/wordpress\/plugins\/seo\/ -->\n<title>El Partido Popular no quiere abordar la segunda fase de la reforma del Parque Pradogrande - PSOE Torrelodones<\/title>\n<meta name=\"description\" content=\"El Partido Popular confirm\u00f3 que no ejecutar\u00e1 la segunda fase de la reforma de Pradogrande, una actuaci\u00f3n que fue paralizada al inicio de la legislatura.\" \/>\n<meta name=\"robots\" content=\"index, follow, max-snippet:-1, max-image-preview:large, max-video-preview:-1\" \/>\n<link rel=\"canonical\" href=\"https:\/\/agrupacionespsoe.es\/torrelodones\/el-pp-no-quiere-abordar-la-segunda-fase-de-la-reforma-del-parque-pradogrande\/\" \/>\n<meta property=\"og:locale\" content=\"es_ES\" \/>\n<meta property=\"og:type\" content=\"article\" \/>\n<meta property=\"og:title\" content=\"El Partido Popular no quiere abordar la segunda fase de la reforma del Parque Pradogrande - PSOE Torrelodones\" \/>\n<meta property=\"og:description\" content=\"El Partido Popular confirm\u00f3 que no ejecutar\u00e1 la segunda fase de la reforma de Pradogrande, una actuaci\u00f3n que fue paralizada al inicio de la legislatura.\" \/>\n<meta property=\"og:url\" content=\"https:\/\/agrupacionespsoe.es\/torrelodones\/el-pp-no-quiere-abordar-la-segunda-fase-de-la-reforma-del-parque-pradogrande\/\" \/>\n<meta property=\"og:site_name\" content=\"PSOE Torrelodones\" \/>\n<meta property=\"article:published_time\" content=\"2026-03-04T07:59:35+00:00\" \/>\n<meta property=\"article:modified_time\" content=\"2026-03-10T08:27:38+00:00\" \/>\n<meta property=\"og:image\" content=\"https:\/\/agrupacionespsoe.es\/torrelodones\/wp-content\/uploads\/sites\/25\/2025\/04\/parque-pradogrande-2024-1-scaled.jpg\" \/>\n\t<meta property=\"og:image:width\" content=\"2560\" \/>\n\t<meta property=\"og:image:height\" content=\"1923\" \/>\n\t<meta property=\"og:image:type\" content=\"image\/jpeg\" \/>\n<meta name=\"author\" content=\"torrelodones3\" \/>\n<meta name=\"twitter:card\" content=\"summary_large_image\" \/>\n<meta name=\"twitter:label1\" content=\"Escrito por\" \/>\n\t<meta name=\"twitter:data1\" content=\"torrelodones3\" \/>\n\t<meta name=\"twitter:label2\" content=\"Tiempo de lectura\" \/>\n\t<meta name=\"twitter:data2\" content=\"3 minutos\" \/>\n<script type=\"application\/ld+json\" class=\"yoast-schema-graph\">{\"@context\":\"https:\/\/schema.org\",\"@graph\":[{\"@type\":\"Article\",\"@id\":\"https:\/\/agrupacionespsoe.es\/torrelodones\/el-pp-no-quiere-abordar-la-segunda-fase-de-la-reforma-del-parque-pradogrande\/#article\",\"isPartOf\":{\"@id\":\"https:\/\/agrupacionespsoe.es\/torrelodones\/el-pp-no-quiere-abordar-la-segunda-fase-de-la-reforma-del-parque-pradogrande\/\"},\"author\":{\"name\":\"torrelodones3\",\"@id\":\"https:\/\/agrupacionespsoe.es\/torrelodones\/#\/schema\/person\/b749f901477c0e6179a45c59643b5bd6\"},\"headline\":\"El Partido Popular no quiere abordar la segunda fase de la reforma del Parque Pradogrande\",\"datePublished\":\"2026-03-04T07:59:35+00:00\",\"dateModified\":\"2026-03-10T08:27:38+00:00\",\"mainEntityOfPage\":{\"@id\":\"https:\/\/agrupacionespsoe.es\/torrelodones\/el-pp-no-quiere-abordar-la-segunda-fase-de-la-reforma-del-parque-pradogrande\/\"},\"wordCount\":496,\"commentCount\":0,\"publisher\":{\"@id\":\"https:\/\/agrupacionespsoe.es\/torrelodones\/#organization\"},\"image\":{\"@id\":\"https:\/\/agrupacionespsoe.es\/torrelodones\/el-pp-no-quiere-abordar-la-segunda-fase-de-la-reforma-del-parque-pradogrande\/#primaryimage\"},\"thumbnailUrl\":\"https:\/\/agrupacionespsoe.es\/torrelodones\/wp-content\/uploads\/sites\/25\/2025\/04\/parque-pradogrande-2024-1-scaled.jpg\",\"articleSection\":[\"Torrelodones\"],\"inLanguage\":\"es\",\"potentialAction\":[{\"@type\":\"CommentAction\",\"name\":\"Comment\",\"target\":[\"https:\/\/agrupacionespsoe.es\/torrelodones\/el-pp-no-quiere-abordar-la-segunda-fase-de-la-reforma-del-parque-pradogrande\/#respond\"]}]},{\"@type\":\"WebPage\",\"@id\":\"https:\/\/agrupacionespsoe.es\/torrelodones\/el-pp-no-quiere-abordar-la-segunda-fase-de-la-reforma-del-parque-pradogrande\/\",\"url\":\"https:\/\/agrupacionespsoe.es\/torrelodones\/el-pp-no-quiere-abordar-la-segunda-fase-de-la-reforma-del-parque-pradogrande\/\",\"name\":\"El Partido Popular no quiere abordar la segunda fase de la reforma del Parque Pradogrande - PSOE Torrelodones\",\"isPartOf\":{\"@id\":\"https:\/\/agrupacionespsoe.es\/torrelodones\/#website\"},\"primaryImageOfPage\":{\"@id\":\"https:\/\/agrupacionespsoe.es\/torrelodones\/el-pp-no-quiere-abordar-la-segunda-fase-de-la-reforma-del-parque-pradogrande\/#primaryimage\"},\"image\":{\"@id\":\"https:\/\/agrupacionespsoe.es\/torrelodones\/el-pp-no-quiere-abordar-la-segunda-fase-de-la-reforma-del-parque-pradogrande\/#primaryimage\"},\"thumbnailUrl\":\"https:\/\/agrupacionespsoe.es\/torrelodones\/wp-content\/uploads\/sites\/25\/2025\/04\/parque-pradogrande-2024-1-scaled.jpg\",\"datePublished\":\"2026-03-04T07:59:35+00:00\",\"dateModified\":\"2026-03-10T08:27:38+00:00\",\"description\":\"El Partido Popular confirm\u00f3 que no ejecutar\u00e1 la segunda fase de la reforma de Pradogrande, una actuaci\u00f3n que fue paralizada al inicio de la legislatura.\",\"breadcrumb\":{\"@id\":\"https:\/\/agrupacionespsoe.es\/torrelodones\/el-pp-no-quiere-abordar-la-segunda-fase-de-la-reforma-del-parque-pradogrande\/#breadcrumb\"},\"inLanguage\":\"es\",\"potentialAction\":[{\"@type\":\"ReadAction\",\"target\":[\"https:\/\/agrupacionespsoe.es\/torrelodones\/el-pp-no-quiere-abordar-la-segunda-fase-de-la-reforma-del-parque-pradogrande\/\"]}]},{\"@type\":\"ImageObject\",\"inLanguage\":\"es\",\"@id\":\"https:\/\/agrupacionespsoe.es\/torrelodones\/el-pp-no-quiere-abordar-la-segunda-fase-de-la-reforma-del-parque-pradogrande\/#primaryimage\",\"url\":\"https:\/\/agrupacionespsoe.es\/torrelodones\/wp-content\/uploads\/sites\/25\/2025\/04\/parque-pradogrande-2024-1-scaled.jpg\",\"contentUrl\":\"https:\/\/agrupacionespsoe.es\/torrelodones\/wp-content\/uploads\/sites\/25\/2025\/04\/parque-pradogrande-2024-1-scaled.jpg\",\"width\":2560,\"height\":1923},{\"@type\":\"BreadcrumbList\",\"@id\":\"https:\/\/agrupacionespsoe.es\/torrelodones\/el-pp-no-quiere-abordar-la-segunda-fase-de-la-reforma-del-parque-pradogrande\/#breadcrumb\",\"itemListElement\":[{\"@type\":\"ListItem\",\"position\":1,\"name\":\"Portada\",\"item\":\"https:\/\/agrupacionespsoe.es\/torrelodones\/\"},{\"@type\":\"ListItem\",\"position\":2,\"name\":\"El Partido Popular no quiere abordar la segunda fase de la reforma del Parque Pradogrande\"}]},{\"@type\":\"WebSite\",\"@id\":\"https:\/\/agrupacionespsoe.es\/torrelodones\/#website\",\"url\":\"https:\/\/agrupacionespsoe.es\/torrelodones\/\",\"name\":\"PSOE Torrelodones\",\"description\":\"Agrupaci\u00f3n Socialista y Grupo Municipal PSOE Torrelodones\",\"publisher\":{\"@id\":\"https:\/\/agrupacionespsoe.es\/torrelodones\/#organization\"},\"potentialAction\":[{\"@type\":\"SearchAction\",\"target\":{\"@type\":\"EntryPoint\",\"urlTemplate\":\"https:\/\/agrupacionespsoe.es\/torrelodones\/?s={search_term_string}\"},\"query-input\":{\"@type\":\"PropertyValueSpecification\",\"valueRequired\":true,\"valueName\":\"search_term_string\"}}],\"inLanguage\":\"es\"},{\"@type\":\"Organization\",\"@id\":\"https:\/\/agrupacionespsoe.es\/torrelodones\/#organization\",\"name\":\"PSOE Torrelodones\",\"url\":\"https:\/\/agrupacionespsoe.es\/torrelodones\/\",\"logo\":{\"@type\":\"ImageObject\",\"inLanguage\":\"es\",\"@id\":\"https:\/\/agrupacionespsoe.es\/torrelodones\/#\/schema\/logo\/image\/\",\"url\":\"https:\/\/agrupacionespsoe.es\/wp-content\/uploads\/2022\/07\/Logotipo_electoral_del_PSOE.png\",\"contentUrl\":\"https:\/\/agrupacionespsoe.es\/wp-content\/uploads\/2022\/07\/Logotipo_electoral_del_PSOE.png\",\"width\":422,\"height\":422,\"caption\":\"PSOE Torrelodones\"},\"image\":{\"@id\":\"https:\/\/agrupacionespsoe.es\/torrelodones\/#\/schema\/logo\/image\/\"}},{\"@type\":\"Person\",\"@id\":\"https:\/\/agrupacionespsoe.es\/torrelodones\/#\/schema\/person\/b749f901477c0e6179a45c59643b5bd6\",\"name\":\"torrelodones3\",\"image\":{\"@type\":\"ImageObject\",\"inLanguage\":\"es\",\"@id\":\"https:\/\/agrupacionespsoe.es\/torrelodones\/#\/schema\/person\/image\/\",\"url\":\"https:\/\/secure.gravatar.com\/avatar\/0b19e50bcd1ed2075f1ff97512c1ec50?s=96&d=mm&r=g\",\"contentUrl\":\"https:\/\/secure.gravatar.com\/avatar\/0b19e50bcd1ed2075f1ff97512c1ec50?s=96&d=mm&r=g\",\"caption\":\"torrelodones3\"},\"url\":\"https:\/\/agrupacionespsoe.es\/torrelodones\/author\/torrelodones3\/\"}]}<\/script>\n<!-- \/ Yoast SEO plugin. -->","yoast_head_json":{"title":"El Partido Popular no quiere abordar la segunda fase de la reforma del Parque Pradogrande - PSOE Torrelodones","description":"El Partido Popular confirm\u00f3 que no ejecutar\u00e1 la segunda fase de la reforma de Pradogrande, una actuaci\u00f3n que fue paralizada al inicio de la legislatura.","robots":{"index":"index","follow":"follow","max-snippet":"max-snippet:-1","max-image-preview":"max-image-preview:large","max-video-preview":"max-video-preview:-1"},"canonical":"https:\/\/agrupacionespsoe.es\/torrelodones\/el-pp-no-quiere-abordar-la-segunda-fase-de-la-reforma-del-parque-pradogrande\/","og_locale":"es_ES","og_type":"article","og_title":"El Partido Popular no quiere abordar la segunda fase de la reforma del Parque Pradogrande - PSOE Torrelodones","og_description":"El Partido Popular confirm\u00f3 que no ejecutar\u00e1 la segunda fase de la reforma de Pradogrande, una actuaci\u00f3n que fue paralizada al inicio de la legislatura.","og_url":"https:\/\/agrupacionespsoe.es\/torrelodones\/el-pp-no-quiere-abordar-la-segunda-fase-de-la-reforma-del-parque-pradogrande\/","og_site_name":"PSOE Torrelodones","article_published_time":"2026-03-04T07:59:35+00:00","article_modified_time":"2026-03-10T08:27:38+00:00","og_image":[{"width":2560,"height":1923,"url":"https:\/\/agrupacionespsoe.es\/torrelodones\/wp-content\/uploads\/sites\/25\/2025\/04\/parque-pradogrande-2024-1-scaled.jpg","type":"image\/jpeg"}],"author":"torrelodones3","twitter_card":"summary_large_image","twitter_misc":{"Escrito por":"torrelodones3","Tiempo de lectura":"3 minutos"},"schema":{"@context":"https:\/\/schema.org","@graph":[{"@type":"Article","@id":"https:\/\/agrupacionespsoe.es\/torrelodones\/el-pp-no-quiere-abordar-la-segunda-fase-de-la-reforma-del-parque-pradogrande\/#article","isPartOf":{"@id":"https:\/\/agrupacionespsoe.es\/torrelodones\/el-pp-no-quiere-abordar-la-segunda-fase-de-la-reforma-del-parque-pradogrande\/"},"author":{"name":"torrelodones3","@id":"https:\/\/agrupacionespsoe.es\/torrelodones\/#\/schema\/person\/b749f901477c0e6179a45c59643b5bd6"},"headline":"El Partido Popular no quiere abordar la segunda fase de la reforma del Parque Pradogrande","datePublished":"2026-03-04T07:59:35+00:00","dateModified":"2026-03-10T08:27:38+00:00","mainEntityOfPage":{"@id":"https:\/\/agrupacionespsoe.es\/torrelodones\/el-pp-no-quiere-abordar-la-segunda-fase-de-la-reforma-del-parque-pradogrande\/"},"wordCount":496,"commentCount":0,"publisher":{"@id":"https:\/\/agrupacionespsoe.es\/torrelodones\/#organization"},"image":{"@id":"https:\/\/agrupacionespsoe.es\/torrelodones\/el-pp-no-quiere-abordar-la-segunda-fase-de-la-reforma-del-parque-pradogrande\/#primaryimage"},"thumbnailUrl":"https:\/\/agrupacionespsoe.es\/torrelodones\/wp-content\/uploads\/sites\/25\/2025\/04\/parque-pradogrande-2024-1-scaled.jpg","articleSection":["Torrelodones"],"inLanguage":"es","potentialAction":[{"@type":"CommentAction","name":"Comment","target":["https:\/\/agrupacionespsoe.es\/torrelodones\/el-pp-no-quiere-abordar-la-segunda-fase-de-la-reforma-del-parque-pradogrande\/#respond"]}]},{"@type":"WebPage","@id":"https:\/\/agrupacionespsoe.es\/torrelodones\/el-pp-no-quiere-abordar-la-segunda-fase-de-la-reforma-del-parque-pradogrande\/","url":"https:\/\/agrupacionespsoe.es\/torrelodones\/el-pp-no-quiere-abordar-la-segunda-fase-de-la-reforma-del-parque-pradogrande\/","name":"El Partido Popular no quiere abordar la segunda fase de la reforma del Parque Pradogrande - PSOE Torrelodones","isPartOf":{"@id":"https:\/\/agrupacionespsoe.es\/torrelodones\/#website"},"primaryImageOfPage":{"@id":"https:\/\/agrupacionespsoe.es\/torrelodones\/el-pp-no-quiere-abordar-la-segunda-fase-de-la-reforma-del-parque-pradogrande\/#primaryimage"},"image":{"@id":"https:\/\/agrupacionespsoe.es\/torrelodones\/el-pp-no-quiere-abordar-la-segunda-fase-de-la-reforma-del-parque-pradogrande\/#primaryimage"},"thumbnailUrl":"https:\/\/agrupacionespsoe.es\/torrelodones\/wp-content\/uploads\/sites\/25\/2025\/04\/parque-pradogrande-2024-1-scaled.jpg","datePublished":"2026-03-04T07:59:35+00:00","dateModified":"2026-03-10T08:27:38+00:00","description":"El Partido Popular confirm\u00f3 que no ejecutar\u00e1 la segunda fase de la reforma de Pradogrande, una actuaci\u00f3n que fue paralizada al inicio de la legislatura.","breadcrumb":{"@id":"https:\/\/agrupacionespsoe.es\/torrelodones\/el-pp-no-quiere-abordar-la-segunda-fase-de-la-reforma-del-parque-pradogrande\/#breadcrumb"},"inLanguage":"es","potentialAction":[{"@type":"ReadAction","target":["https:\/\/agrupacionespsoe.es\/torrelodones\/el-pp-no-quiere-abordar-la-segunda-fase-de-la-reforma-del-parque-pradogrande\/"]}]},{"@type":"ImageObject","inLanguage":"es","@id":"https:\/\/agrupacionespsoe.es\/torrelodones\/el-pp-no-quiere-abordar-la-segunda-fase-de-la-reforma-del-parque-pradogrande\/#primaryimage","url":"https:\/\/agrupacionespsoe.es\/torrelodones\/wp-content\/uploads\/sites\/25\/2025\/04\/parque-pradogrande-2024-1-scaled.jpg","contentUrl":"https:\/\/agrupacionespsoe.es\/torrelodones\/wp-content\/uploads\/sites\/25\/2025\/04\/parque-pradogrande-2024-1-scaled.jpg","width":2560,"height":1923},{"@type":"BreadcrumbList","@id":"https:\/\/agrupacionespsoe.es\/torrelodones\/el-pp-no-quiere-abordar-la-segunda-fase-de-la-reforma-del-parque-pradogrande\/#breadcrumb","itemListElement":[{"@type":"ListItem","position":1,"name":"Portada","item":"https:\/\/agrupacionespsoe.es\/torrelodones\/"},{"@type":"ListItem","position":2,"name":"El Partido Popular no quiere abordar la segunda fase de la reforma del Parque Pradogrande"}]},{"@type":"WebSite","@id":"https:\/\/agrupacionespsoe.es\/torrelodones\/#website","url":"https:\/\/agrupacionespsoe.es\/torrelodones\/","name":"PSOE Torrelodones","description":"Agrupaci\u00f3n Socialista y Grupo Municipal PSOE Torrelodones","publisher":{"@id":"https:\/\/agrupacionespsoe.es\/torrelodones\/#organization"},"potentialAction":[{"@type":"SearchAction","target":{"@type":"EntryPoint","urlTemplate":"https:\/\/agrupacionespsoe.es\/torrelodones\/?s={search_term_string}"},"query-input":{"@type":"PropertyValueSpecification","valueRequired":true,"valueName":"search_term_string"}}],"inLanguage":"es"},{"@type":"Organization","@id":"https:\/\/agrupacionespsoe.es\/torrelodones\/#organization","name":"PSOE Torrelodones","url":"https:\/\/agrupacionespsoe.es\/torrelodones\/","logo":{"@type":"ImageObject","inLanguage":"es","@id":"https:\/\/agrupacionespsoe.es\/torrelodones\/#\/schema\/logo\/image\/","url":"https:\/\/agrupacionespsoe.es\/wp-content\/uploads\/2022\/07\/Logotipo_electoral_del_PSOE.png","contentUrl":"https:\/\/agrupacionespsoe.es\/wp-content\/uploads\/2022\/07\/Logotipo_electoral_del_PSOE.png","width":422,"height":422,"caption":"PSOE Torrelodones"},"image":{"@id":"https:\/\/agrupacionespsoe.es\/torrelodones\/#\/schema\/logo\/image\/"}},{"@type":"Person","@id":"https:\/\/agrupacionespsoe.es\/torrelodones\/#\/schema\/person\/b749f901477c0e6179a45c59643b5bd6","name":"torrelodones3","image":{"@type":"ImageObject","inLanguage":"es","@id":"https:\/\/agrupacionespsoe.es\/torrelodones\/#\/schema\/person\/image\/","url":"https:\/\/secure.gravatar.com\/avatar\/0b19e50bcd1ed2075f1ff97512c1ec50?s=96&d=mm&r=g","contentUrl":"https:\/\/secure.gravatar.com\/avatar\/0b19e50bcd1ed2075f1ff97512c1ec50?s=96&d=mm&r=g","caption":"torrelodones3"},"url":"https:\/\/agrupacionespsoe.es\/torrelodones\/author\/torrelodones3\/"}]}},"jetpack_featured_media_url":"https:\/\/agrupacionespsoe.es\/torrelodones\/wp-content\/uploads\/sites\/25\/2025\/04\/parque-pradogrande-2024-1-scaled.jpg","jetpack_sharing_enabled":true,"_links":{"self":[{"href":"https:\/\/agrupacionespsoe.es\/torrelodones\/wp-json\/wp\/v2\/posts\/3347","targetHints":{"allow":["GET"]}}],"collection":[{"href":"https:\/\/agrupacionespsoe.es\/torrelodones\/wp-json\/wp\/v2\/posts"}],"about":[{"href":"https:\/\/agrupacionespsoe.es\/torrelodones\/wp-json\/wp\/v2\/types\/post"}],"author":[{"embeddable":true,"href":"https:\/\/agrupacionespsoe.es\/torrelodones\/wp-json\/wp\/v2\/users\/16"}],"replies":[{"embeddable":true,"href":"https:\/\/agrupacionespsoe.es\/torrelodones\/wp-json\/wp\/v2\/comments?post=3347"}],"version-history":[{"count":3,"href":"https:\/\/agrupacionespsoe.es\/torrelodones\/wp-json\/wp\/v2\/posts\/3347\/revisions"}],"predecessor-version":[{"id":3373,"href":"https:\/\/agrupacionespsoe.es\/torrelodones\/wp-json\/wp\/v2\/posts\/3347\/revisions\/3373"}],"wp:featuredmedia":[{"embeddable":true,"href":"https:\/\/agrupacionespsoe.es\/torrelodones\/wp-json\/wp\/v2\/media\/2612"}],"wp:attachment":[{"href":"https:\/\/agrupacionespsoe.es\/torrelodones\/wp-json\/wp\/v2\/media?parent=3347"}],"wp:term":[{"taxonomy":"category","embeddable":true,"href":"https:\/\/agrupacionespsoe.es\/torrelodones\/wp-json\/wp\/v2\/categories?post=3347"},{"taxonomy":"post_tag","embeddable":true,"href":"https:\/\/agrupacionespsoe.es\/torrelodones\/wp-json\/wp\/v2\/tags?post=3347"}],"curies":[{"name":"wp","href":"https:\/\/api.w.org\/{rel}","templated":true}]}}