{"id":1233,"date":"2023-10-31T10:53:42","date_gmt":"2023-10-31T09:53:42","guid":{"rendered":"https:\/\/agrupacionespsoe.es\/torrelodones\/?p=1233"},"modified":"2023-11-02T12:43:40","modified_gmt":"2023-11-02T11:43:40","slug":"el-gobierno-de-pp-y-vox-censura-un-homenaje-a-miguel-hernandez","status":"publish","type":"post","link":"https:\/\/agrupacionespsoe.es\/torrelodones\/el-gobierno-de-pp-y-vox-censura-un-homenaje-a-miguel-hernandez\/","title":{"rendered":"PP y VOX se ven obligados a rectificar y programan el homenaje a Miguel Hern\u00e1ndez"},"content":{"rendered":"\n<figure class=\"wp-block-image size-full\"><img loading=\"lazy\" decoding=\"async\" width=\"600\" height=\"400\" src=\"https:\/\/agrupacionespsoe.es\/torrelodones\/wp-content\/uploads\/sites\/25\/2023\/10\/miguel-hernandez.jpg\" alt=\"\" class=\"wp-image-1234\" srcset=\"https:\/\/agrupacionespsoe.es\/torrelodones\/wp-content\/uploads\/sites\/25\/2023\/10\/miguel-hernandez.jpg 600w, https:\/\/agrupacionespsoe.es\/torrelodones\/wp-content\/uploads\/sites\/25\/2023\/10\/miguel-hernandez-300x200.jpg 300w\" sizes=\"auto, (max-width: 600px) 100vw, 600px\" \/><\/figure>\n\n\n\n<p><em>Despu\u00e9s que el PSOE denunciara su suspensi\u00f3n a menos de 24 horas de su celebraci\u00f3n, el gobierno de PP y VOX ha tenido que rectificar y ha vuelto a programar un recital en homenaje al poeta Miguel Hern\u00e1ndez, que tendr\u00e1 lugar el viernes 3 de noviembre en la Caja de la Cultura.<\/em><\/p>\n\n\n\n<p><\/p>\n\n\n\n<p>En los cuatro meses escasos de gobierno de PP y VOX en Torrelodones los esc\u00e1ndalos se han sucedido uno tras otro. Hace unos d\u00edas salt\u00f3 la pol\u00e9mica porque, a menos de 24 horas de su celebraci\u00f3n, el ejecutivo local de Torrelodones dec\u00eda suspender un recital en homenaje al poeta Miguel Hern\u00e1ndez. \u201cEn ese momento la excusa oficial fue que el jard\u00edn de la Biblioteca Municipal donde se iba a celebrar no estaba preparado -explica el portavoz municipal socialista, Rodrigo Bernal- pero pudimos probar con im\u00e1genes que el espacio donde estaba programado el acto estaba perfectamente acondicionado\u201d.<\/p>\n\n\n\n<p>Ahora, tras la pol\u00e9mica suscitada, \u201cel PP y VOX reculan y llevan el acto a otro emplazamiento, la Caja de Cultura, un traslado que pod\u00edan haber realizado perfectamente en la primera fecha prevista y haberse evitado un nuevo episodio pol\u00e9mico\u201d. El Grupo Socialista considera que todo lo sucedido en torno al homenaje a Miguel Hern\u00e1ndez es \u201cuna aut\u00e9ntica falta de respeto a las personas que iban a participar y tenemos muy claro que respond\u00eda a motivos ideol\u00f3gicos\u201d.<\/p>\n\n\n\n<p>A este respecto, el PSOE recuerda que \u201cVOX ya ha intentado por tres veces borrar del callejero de Torrelodones al \u00faltimo alcalde republicano, Mariano Cuadrado, por lo que no nos sorprende en absoluto todo lo que ha pasado en torno el acto en recuerdo de uno de los m\u00e1s grandes poetas espa\u00f1oles del siglo XX, Miguel Hern\u00e1ndez, que, tras ser condenado a muerte por el franquismo, muri\u00f3 de tuberculosis el 28 de marzo de 1942 en la prisi\u00f3n de Alicante\u201d.<\/p>\n","protected":false},"excerpt":{"rendered":"<p>Despu\u00e9s que el PSOE denunciara su suspensi\u00f3n a menos de 24 horas de su celebraci\u00f3n, el gobierno de PP y VOX ha tenido que rectificar y ha vuelto a programar un recital en homenaje al poeta Miguel Hern\u00e1ndez, que tendr\u00e1 lugar el viernes 3 de noviembre en la Caja de la Cultura.<\/p>\n","protected":false},"author":16,"featured_media":1322,"comment_status":"open","ping_status":"open","sticky":false,"template":"","format":"standard","meta":{"_jetpack_memberships_contains_paid_content":false,"footnotes":""},"categories":[6],"tags":[],"class_list":["post-1233","post","type-post","status-publish","format-standard","has-post-thumbnail","hentry","category-torrelodones"],"yoast_head":"<!-- This site is optimized with the Yoast SEO plugin v24.0 - https:\/\/yoast.com\/wordpress\/plugins\/seo\/ -->\n<title>PP y VOX se ven obligados a rectificar y programan el homenaje a Miguel Hern\u00e1ndez - PSOE Torrelodones<\/title>\n<meta name=\"robots\" content=\"index, follow, max-snippet:-1, max-image-preview:large, max-video-preview:-1\" \/>\n<link rel=\"canonical\" href=\"https:\/\/agrupacionespsoe.es\/torrelodones\/el-gobierno-de-pp-y-vox-censura-un-homenaje-a-miguel-hernandez\/\" \/>\n<meta property=\"og:locale\" content=\"es_ES\" \/>\n<meta property=\"og:type\" content=\"article\" \/>\n<meta property=\"og:title\" content=\"PP y VOX se ven obligados a rectificar y programan el homenaje a Miguel Hern\u00e1ndez - PSOE Torrelodones\" \/>\n<meta property=\"og:description\" content=\"Despu\u00e9s que el PSOE denunciara su suspensi\u00f3n a menos de 24 horas de su celebraci\u00f3n, el gobierno de PP y VOX ha tenido que rectificar y ha vuelto a programar un recital en homenaje al poeta Miguel Hern\u00e1ndez, que tendr\u00e1 lugar el viernes 3 de noviembre en la Caja de la Cultura.\" \/>\n<meta property=\"og:url\" content=\"https:\/\/agrupacionespsoe.es\/torrelodones\/el-gobierno-de-pp-y-vox-censura-un-homenaje-a-miguel-hernandez\/\" \/>\n<meta property=\"og:site_name\" content=\"PSOE Torrelodones\" \/>\n<meta property=\"article:published_time\" content=\"2023-10-31T09:53:42+00:00\" \/>\n<meta property=\"article:modified_time\" content=\"2023-11-02T11:43:40+00:00\" \/>\n<meta property=\"og:image\" content=\"https:\/\/agrupacionespsoe.es\/torrelodones\/wp-content\/uploads\/sites\/25\/2023\/10\/miguel-hernandez-1.jpg\" \/>\n\t<meta property=\"og:image:width\" content=\"2048\" \/>\n\t<meta property=\"og:image:height\" content=\"2048\" \/>\n\t<meta property=\"og:image:type\" content=\"image\/jpeg\" \/>\n<meta name=\"author\" content=\"torrelodones3\" \/>\n<meta name=\"twitter:card\" content=\"summary_large_image\" \/>\n<meta name=\"twitter:label1\" content=\"Escrito por\" \/>\n\t<meta name=\"twitter:data1\" content=\"torrelodones3\" \/>\n\t<meta name=\"twitter:label2\" content=\"Tiempo de lectura\" \/>\n\t<meta name=\"twitter:data2\" content=\"2 minutos\" \/>\n<script type=\"application\/ld+json\" class=\"yoast-schema-graph\">{\"@context\":\"https:\/\/schema.org\",\"@graph\":[{\"@type\":\"Article\",\"@id\":\"https:\/\/agrupacionespsoe.es\/torrelodones\/el-gobierno-de-pp-y-vox-censura-un-homenaje-a-miguel-hernandez\/#article\",\"isPartOf\":{\"@id\":\"https:\/\/agrupacionespsoe.es\/torrelodones\/el-gobierno-de-pp-y-vox-censura-un-homenaje-a-miguel-hernandez\/\"},\"author\":{\"name\":\"torrelodones3\",\"@id\":\"https:\/\/agrupacionespsoe.es\/torrelodones\/#\/schema\/person\/b749f901477c0e6179a45c59643b5bd6\"},\"headline\":\"PP y VOX se ven obligados a rectificar y programan el homenaje a Miguel Hern\u00e1ndez\",\"datePublished\":\"2023-10-31T09:53:42+00:00\",\"dateModified\":\"2023-11-02T11:43:40+00:00\",\"mainEntityOfPage\":{\"@id\":\"https:\/\/agrupacionespsoe.es\/torrelodones\/el-gobierno-de-pp-y-vox-censura-un-homenaje-a-miguel-hernandez\/\"},\"wordCount\":339,\"commentCount\":0,\"publisher\":{\"@id\":\"https:\/\/agrupacionespsoe.es\/torrelodones\/#organization\"},\"image\":{\"@id\":\"https:\/\/agrupacionespsoe.es\/torrelodones\/el-gobierno-de-pp-y-vox-censura-un-homenaje-a-miguel-hernandez\/#primaryimage\"},\"thumbnailUrl\":\"https:\/\/agrupacionespsoe.es\/torrelodones\/wp-content\/uploads\/sites\/25\/2023\/10\/miguel-hernandez-1.jpg\",\"articleSection\":[\"Torrelodones\"],\"inLanguage\":\"es\",\"potentialAction\":[{\"@type\":\"CommentAction\",\"name\":\"Comment\",\"target\":[\"https:\/\/agrupacionespsoe.es\/torrelodones\/el-gobierno-de-pp-y-vox-censura-un-homenaje-a-miguel-hernandez\/#respond\"]}]},{\"@type\":\"WebPage\",\"@id\":\"https:\/\/agrupacionespsoe.es\/torrelodones\/el-gobierno-de-pp-y-vox-censura-un-homenaje-a-miguel-hernandez\/\",\"url\":\"https:\/\/agrupacionespsoe.es\/torrelodones\/el-gobierno-de-pp-y-vox-censura-un-homenaje-a-miguel-hernandez\/\",\"name\":\"PP y VOX se ven obligados a rectificar y programan el homenaje a Miguel Hern\u00e1ndez - PSOE Torrelodones\",\"isPartOf\":{\"@id\":\"https:\/\/agrupacionespsoe.es\/torrelodones\/#website\"},\"primaryImageOfPage\":{\"@id\":\"https:\/\/agrupacionespsoe.es\/torrelodones\/el-gobierno-de-pp-y-vox-censura-un-homenaje-a-miguel-hernandez\/#primaryimage\"},\"image\":{\"@id\":\"https:\/\/agrupacionespsoe.es\/torrelodones\/el-gobierno-de-pp-y-vox-censura-un-homenaje-a-miguel-hernandez\/#primaryimage\"},\"thumbnailUrl\":\"https:\/\/agrupacionespsoe.es\/torrelodones\/wp-content\/uploads\/sites\/25\/2023\/10\/miguel-hernandez-1.jpg\",\"datePublished\":\"2023-10-31T09:53:42+00:00\",\"dateModified\":\"2023-11-02T11:43:40+00:00\",\"breadcrumb\":{\"@id\":\"https:\/\/agrupacionespsoe.es\/torrelodones\/el-gobierno-de-pp-y-vox-censura-un-homenaje-a-miguel-hernandez\/#breadcrumb\"},\"inLanguage\":\"es\",\"potentialAction\":[{\"@type\":\"ReadAction\",\"target\":[\"https:\/\/agrupacionespsoe.es\/torrelodones\/el-gobierno-de-pp-y-vox-censura-un-homenaje-a-miguel-hernandez\/\"]}]},{\"@type\":\"ImageObject\",\"inLanguage\":\"es\",\"@id\":\"https:\/\/agrupacionespsoe.es\/torrelodones\/el-gobierno-de-pp-y-vox-censura-un-homenaje-a-miguel-hernandez\/#primaryimage\",\"url\":\"https:\/\/agrupacionespsoe.es\/torrelodones\/wp-content\/uploads\/sites\/25\/2023\/10\/miguel-hernandez-1.jpg\",\"contentUrl\":\"https:\/\/agrupacionespsoe.es\/torrelodones\/wp-content\/uploads\/sites\/25\/2023\/10\/miguel-hernandez-1.jpg\",\"width\":2048,\"height\":2048},{\"@type\":\"BreadcrumbList\",\"@id\":\"https:\/\/agrupacionespsoe.es\/torrelodones\/el-gobierno-de-pp-y-vox-censura-un-homenaje-a-miguel-hernandez\/#breadcrumb\",\"itemListElement\":[{\"@type\":\"ListItem\",\"position\":1,\"name\":\"Portada\",\"item\":\"https:\/\/agrupacionespsoe.es\/torrelodones\/\"},{\"@type\":\"ListItem\",\"position\":2,\"name\":\"PP y VOX se ven obligados a rectificar y programan el homenaje a Miguel Hern\u00e1ndez\"}]},{\"@type\":\"WebSite\",\"@id\":\"https:\/\/agrupacionespsoe.es\/torrelodones\/#website\",\"url\":\"https:\/\/agrupacionespsoe.es\/torrelodones\/\",\"name\":\"PSOE Torrelodones\",\"description\":\"Agrupaci\u00f3n Socialista y Grupo Municipal PSOE Torrelodones\",\"publisher\":{\"@id\":\"https:\/\/agrupacionespsoe.es\/torrelodones\/#organization\"},\"potentialAction\":[{\"@type\":\"SearchAction\",\"target\":{\"@type\":\"EntryPoint\",\"urlTemplate\":\"https:\/\/agrupacionespsoe.es\/torrelodones\/?s={search_term_string}\"},\"query-input\":{\"@type\":\"PropertyValueSpecification\",\"valueRequired\":true,\"valueName\":\"search_term_string\"}}],\"inLanguage\":\"es\"},{\"@type\":\"Organization\",\"@id\":\"https:\/\/agrupacionespsoe.es\/torrelodones\/#organization\",\"name\":\"PSOE Torrelodones\",\"url\":\"https:\/\/agrupacionespsoe.es\/torrelodones\/\",\"logo\":{\"@type\":\"ImageObject\",\"inLanguage\":\"es\",\"@id\":\"https:\/\/agrupacionespsoe.es\/torrelodones\/#\/schema\/logo\/image\/\",\"url\":\"https:\/\/agrupacionespsoe.es\/wp-content\/uploads\/2022\/07\/Logotipo_electoral_del_PSOE.png\",\"contentUrl\":\"https:\/\/agrupacionespsoe.es\/wp-content\/uploads\/2022\/07\/Logotipo_electoral_del_PSOE.png\",\"width\":422,\"height\":422,\"caption\":\"PSOE Torrelodones\"},\"image\":{\"@id\":\"https:\/\/agrupacionespsoe.es\/torrelodones\/#\/schema\/logo\/image\/\"}},{\"@type\":\"Person\",\"@id\":\"https:\/\/agrupacionespsoe.es\/torrelodones\/#\/schema\/person\/b749f901477c0e6179a45c59643b5bd6\",\"name\":\"torrelodones3\",\"image\":{\"@type\":\"ImageObject\",\"inLanguage\":\"es\",\"@id\":\"https:\/\/agrupacionespsoe.es\/torrelodones\/#\/schema\/person\/image\/\",\"url\":\"https:\/\/secure.gravatar.com\/avatar\/0b19e50bcd1ed2075f1ff97512c1ec50?s=96&d=mm&r=g\",\"contentUrl\":\"https:\/\/secure.gravatar.com\/avatar\/0b19e50bcd1ed2075f1ff97512c1ec50?s=96&d=mm&r=g\",\"caption\":\"torrelodones3\"},\"url\":\"https:\/\/agrupacionespsoe.es\/torrelodones\/author\/torrelodones3\/\"}]}<\/script>\n<!-- \/ Yoast SEO plugin. -->","yoast_head_json":{"title":"PP y VOX se ven obligados a rectificar y programan el homenaje a Miguel Hern\u00e1ndez - PSOE Torrelodones","robots":{"index":"index","follow":"follow","max-snippet":"max-snippet:-1","max-image-preview":"max-image-preview:large","max-video-preview":"max-video-preview:-1"},"canonical":"https:\/\/agrupacionespsoe.es\/torrelodones\/el-gobierno-de-pp-y-vox-censura-un-homenaje-a-miguel-hernandez\/","og_locale":"es_ES","og_type":"article","og_title":"PP y VOX se ven obligados a rectificar y programan el homenaje a Miguel Hern\u00e1ndez - PSOE Torrelodones","og_description":"Despu\u00e9s que el PSOE denunciara su suspensi\u00f3n a menos de 24 horas de su celebraci\u00f3n, el gobierno de PP y VOX ha tenido que rectificar y ha vuelto a programar un recital en homenaje al poeta Miguel Hern\u00e1ndez, que tendr\u00e1 lugar el viernes 3 de noviembre en la Caja de la Cultura.","og_url":"https:\/\/agrupacionespsoe.es\/torrelodones\/el-gobierno-de-pp-y-vox-censura-un-homenaje-a-miguel-hernandez\/","og_site_name":"PSOE Torrelodones","article_published_time":"2023-10-31T09:53:42+00:00","article_modified_time":"2023-11-02T11:43:40+00:00","og_image":[{"width":2048,"height":2048,"url":"https:\/\/agrupacionespsoe.es\/torrelodones\/wp-content\/uploads\/sites\/25\/2023\/10\/miguel-hernandez-1.jpg","type":"image\/jpeg"}],"author":"torrelodones3","twitter_card":"summary_large_image","twitter_misc":{"Escrito por":"torrelodones3","Tiempo de lectura":"2 minutos"},"schema":{"@context":"https:\/\/schema.org","@graph":[{"@type":"Article","@id":"https:\/\/agrupacionespsoe.es\/torrelodones\/el-gobierno-de-pp-y-vox-censura-un-homenaje-a-miguel-hernandez\/#article","isPartOf":{"@id":"https:\/\/agrupacionespsoe.es\/torrelodones\/el-gobierno-de-pp-y-vox-censura-un-homenaje-a-miguel-hernandez\/"},"author":{"name":"torrelodones3","@id":"https:\/\/agrupacionespsoe.es\/torrelodones\/#\/schema\/person\/b749f901477c0e6179a45c59643b5bd6"},"headline":"PP y VOX se ven obligados a rectificar y programan el homenaje a Miguel Hern\u00e1ndez","datePublished":"2023-10-31T09:53:42+00:00","dateModified":"2023-11-02T11:43:40+00:00","mainEntityOfPage":{"@id":"https:\/\/agrupacionespsoe.es\/torrelodones\/el-gobierno-de-pp-y-vox-censura-un-homenaje-a-miguel-hernandez\/"},"wordCount":339,"commentCount":0,"publisher":{"@id":"https:\/\/agrupacionespsoe.es\/torrelodones\/#organization"},"image":{"@id":"https:\/\/agrupacionespsoe.es\/torrelodones\/el-gobierno-de-pp-y-vox-censura-un-homenaje-a-miguel-hernandez\/#primaryimage"},"thumbnailUrl":"https:\/\/agrupacionespsoe.es\/torrelodones\/wp-content\/uploads\/sites\/25\/2023\/10\/miguel-hernandez-1.jpg","articleSection":["Torrelodones"],"inLanguage":"es","potentialAction":[{"@type":"CommentAction","name":"Comment","target":["https:\/\/agrupacionespsoe.es\/torrelodones\/el-gobierno-de-pp-y-vox-censura-un-homenaje-a-miguel-hernandez\/#respond"]}]},{"@type":"WebPage","@id":"https:\/\/agrupacionespsoe.es\/torrelodones\/el-gobierno-de-pp-y-vox-censura-un-homenaje-a-miguel-hernandez\/","url":"https:\/\/agrupacionespsoe.es\/torrelodones\/el-gobierno-de-pp-y-vox-censura-un-homenaje-a-miguel-hernandez\/","name":"PP y VOX se ven obligados a rectificar y programan el homenaje a Miguel Hern\u00e1ndez - PSOE Torrelodones","isPartOf":{"@id":"https:\/\/agrupacionespsoe.es\/torrelodones\/#website"},"primaryImageOfPage":{"@id":"https:\/\/agrupacionespsoe.es\/torrelodones\/el-gobierno-de-pp-y-vox-censura-un-homenaje-a-miguel-hernandez\/#primaryimage"},"image":{"@id":"https:\/\/agrupacionespsoe.es\/torrelodones\/el-gobierno-de-pp-y-vox-censura-un-homenaje-a-miguel-hernandez\/#primaryimage"},"thumbnailUrl":"https:\/\/agrupacionespsoe.es\/torrelodones\/wp-content\/uploads\/sites\/25\/2023\/10\/miguel-hernandez-1.jpg","datePublished":"2023-10-31T09:53:42+00:00","dateModified":"2023-11-02T11:43:40+00:00","breadcrumb":{"@id":"https:\/\/agrupacionespsoe.es\/torrelodones\/el-gobierno-de-pp-y-vox-censura-un-homenaje-a-miguel-hernandez\/#breadcrumb"},"inLanguage":"es","potentialAction":[{"@type":"ReadAction","target":["https:\/\/agrupacionespsoe.es\/torrelodones\/el-gobierno-de-pp-y-vox-censura-un-homenaje-a-miguel-hernandez\/"]}]},{"@type":"ImageObject","inLanguage":"es","@id":"https:\/\/agrupacionespsoe.es\/torrelodones\/el-gobierno-de-pp-y-vox-censura-un-homenaje-a-miguel-hernandez\/#primaryimage","url":"https:\/\/agrupacionespsoe.es\/torrelodones\/wp-content\/uploads\/sites\/25\/2023\/10\/miguel-hernandez-1.jpg","contentUrl":"https:\/\/agrupacionespsoe.es\/torrelodones\/wp-content\/uploads\/sites\/25\/2023\/10\/miguel-hernandez-1.jpg","width":2048,"height":2048},{"@type":"BreadcrumbList","@id":"https:\/\/agrupacionespsoe.es\/torrelodones\/el-gobierno-de-pp-y-vox-censura-un-homenaje-a-miguel-hernandez\/#breadcrumb","itemListElement":[{"@type":"ListItem","position":1,"name":"Portada","item":"https:\/\/agrupacionespsoe.es\/torrelodones\/"},{"@type":"ListItem","position":2,"name":"PP y VOX se ven obligados a rectificar y programan el homenaje a Miguel Hern\u00e1ndez"}]},{"@type":"WebSite","@id":"https:\/\/agrupacionespsoe.es\/torrelodones\/#website","url":"https:\/\/agrupacionespsoe.es\/torrelodones\/","name":"PSOE Torrelodones","description":"Agrupaci\u00f3n Socialista y Grupo Municipal PSOE Torrelodones","publisher":{"@id":"https:\/\/agrupacionespsoe.es\/torrelodones\/#organization"},"potentialAction":[{"@type":"SearchAction","target":{"@type":"EntryPoint","urlTemplate":"https:\/\/agrupacionespsoe.es\/torrelodones\/?s={search_term_string}"},"query-input":{"@type":"PropertyValueSpecification","valueRequired":true,"valueName":"search_term_string"}}],"inLanguage":"es"},{"@type":"Organization","@id":"https:\/\/agrupacionespsoe.es\/torrelodones\/#organization","name":"PSOE Torrelodones","url":"https:\/\/agrupacionespsoe.es\/torrelodones\/","logo":{"@type":"ImageObject","inLanguage":"es","@id":"https:\/\/agrupacionespsoe.es\/torrelodones\/#\/schema\/logo\/image\/","url":"https:\/\/agrupacionespsoe.es\/wp-content\/uploads\/2022\/07\/Logotipo_electoral_del_PSOE.png","contentUrl":"https:\/\/agrupacionespsoe.es\/wp-content\/uploads\/2022\/07\/Logotipo_electoral_del_PSOE.png","width":422,"height":422,"caption":"PSOE Torrelodones"},"image":{"@id":"https:\/\/agrupacionespsoe.es\/torrelodones\/#\/schema\/logo\/image\/"}},{"@type":"Person","@id":"https:\/\/agrupacionespsoe.es\/torrelodones\/#\/schema\/person\/b749f901477c0e6179a45c59643b5bd6","name":"torrelodones3","image":{"@type":"ImageObject","inLanguage":"es","@id":"https:\/\/agrupacionespsoe.es\/torrelodones\/#\/schema\/person\/image\/","url":"https:\/\/secure.gravatar.com\/avatar\/0b19e50bcd1ed2075f1ff97512c1ec50?s=96&d=mm&r=g","contentUrl":"https:\/\/secure.gravatar.com\/avatar\/0b19e50bcd1ed2075f1ff97512c1ec50?s=96&d=mm&r=g","caption":"torrelodones3"},"url":"https:\/\/agrupacionespsoe.es\/torrelodones\/author\/torrelodones3\/"}]}},"jetpack_featured_media_url":"https:\/\/agrupacionespsoe.es\/torrelodones\/wp-content\/uploads\/sites\/25\/2023\/10\/miguel-hernandez-1.jpg","jetpack_sharing_enabled":true,"_links":{"self":[{"href":"https:\/\/agrupacionespsoe.es\/torrelodones\/wp-json\/wp\/v2\/posts\/1233","targetHints":{"allow":["GET"]}}],"collection":[{"href":"https:\/\/agrupacionespsoe.es\/torrelodones\/wp-json\/wp\/v2\/posts"}],"about":[{"href":"https:\/\/agrupacionespsoe.es\/torrelodones\/wp-json\/wp\/v2\/types\/post"}],"author":[{"embeddable":true,"href":"https:\/\/agrupacionespsoe.es\/torrelodones\/wp-json\/wp\/v2\/users\/16"}],"replies":[{"embeddable":true,"href":"https:\/\/agrupacionespsoe.es\/torrelodones\/wp-json\/wp\/v2\/comments?post=1233"}],"version-history":[{"count":3,"href":"https:\/\/agrupacionespsoe.es\/torrelodones\/wp-json\/wp\/v2\/posts\/1233\/revisions"}],"predecessor-version":[{"id":1323,"href":"https:\/\/agrupacionespsoe.es\/torrelodones\/wp-json\/wp\/v2\/posts\/1233\/revisions\/1323"}],"wp:featuredmedia":[{"embeddable":true,"href":"https:\/\/agrupacionespsoe.es\/torrelodones\/wp-json\/wp\/v2\/media\/1322"}],"wp:attachment":[{"href":"https:\/\/agrupacionespsoe.es\/torrelodones\/wp-json\/wp\/v2\/media?parent=1233"}],"wp:term":[{"taxonomy":"category","embeddable":true,"href":"https:\/\/agrupacionespsoe.es\/torrelodones\/wp-json\/wp\/v2\/categories?post=1233"},{"taxonomy":"post_tag","embeddable":true,"href":"https:\/\/agrupacionespsoe.es\/torrelodones\/wp-json\/wp\/v2\/tags?post=1233"}],"curies":[{"name":"wp","href":"https:\/\/api.w.org\/{rel}","templated":true}]}}