{"id":988,"date":"2025-07-03T18:29:00","date_gmt":"2025-07-03T18:29:00","guid":{"rendered":"https:\/\/agrupacionespsoe.es\/ponferrada\/?p=988"},"modified":"2025-07-03T11:31:12","modified_gmt":"2025-07-03T11:31:12","slug":"el-del-muro-de-bouzas-una-chapuza-mas-que-una-solucion-definitiva","status":"publish","type":"post","link":"https:\/\/agrupacionespsoe.es\/ponferrada\/el-del-muro-de-bouzas-una-chapuza-mas-que-una-solucion-definitiva\/","title":{"rendered":"El del muro de Bouzas, una chapuza m\u00e1s que una soluci\u00f3n definitiva"},"content":{"rendered":"\n<p>La ped\u00e1nea de Bouzas, Mirta Blanco, denuncia que la reparaci\u00f3n y consolidaci\u00f3n &nbsp;del muro de Bouzas es una chapuza. Recuerda que era uno de los acuerdos que el grupo socialista incluy\u00f3 en los presupuestos de 2024.<\/p>\n\n\n\n<p>Una vez finalizada la obra, est\u00e1 siendo una decepci\u00f3n y una muestra clara de falta de seriedad y compromiso real. El compromiso era reparar el muro no solo un trozo del muro, ha se\u00f1alado.<\/p>\n\n\n\n<p>Lejos de una reparaci\u00f3n estructural profunda y definitiva, la \u201cconsolidaci\u00f3n\u201d se ha limitado a apilar un mont\u00f3n de tierra junto al muro, una soluci\u00f3n improvisada y claramente insuficiente. Esta tierra, lejos de fortalecer, es un parche que con las primeras lluvias y el paso del tiempo se ir\u00e1 desmoronando, dejando el muro expuesto y en riesgo de derrumbe, como suced\u00eda antes, ha se\u00f1alado la ped\u00e1nea.<\/p>\n\n\n\n<p>Destaca que solo una peque\u00f1a parte del muro ha sido realmente rehecha, mientras que la mayor parte sigue en un estado precario, sin que se hayan tomado las medidas necesarias para garantizar su estabilidad y conservaci\u00f3n.<\/p>\n\n\n\n<p>Mirta Blanco finaliza se\u00f1alando la decepci\u00f3n ante la finalizaci\u00f3n de la obra y exige que se obre y que se act\u00faen con la seriedad y el rigor que los vecinos y vecinas de Bouzas merecemos, &nbsp;&nbsp;realizando una reparaci\u00f3n adecuada y definitiva que garantice la seguridad y conservaci\u00f3n del muro para las pr\u00f3ximas d\u00e9cadas.<\/p>\n\n\n\n<figure class=\"wp-block-image size-large\"><img loading=\"lazy\" decoding=\"async\" width=\"768\" height=\"1024\" src=\"https:\/\/agrupacionespsoe.es\/ponferrada\/wp-content\/uploads\/sites\/36\/2025\/07\/mirta-Bouzas-768x1024.jpg\" alt=\"\" class=\"wp-image-989\" srcset=\"https:\/\/agrupacionespsoe.es\/ponferrada\/wp-content\/uploads\/sites\/36\/2025\/07\/mirta-Bouzas-768x1024.jpg 768w, https:\/\/agrupacionespsoe.es\/ponferrada\/wp-content\/uploads\/sites\/36\/2025\/07\/mirta-Bouzas-225x300.jpg 225w, https:\/\/agrupacionespsoe.es\/ponferrada\/wp-content\/uploads\/sites\/36\/2025\/07\/mirta-Bouzas-1152x1536.jpg 1152w, https:\/\/agrupacionespsoe.es\/ponferrada\/wp-content\/uploads\/sites\/36\/2025\/07\/mirta-Bouzas-1536x2048.jpg 1536w, https:\/\/agrupacionespsoe.es\/ponferrada\/wp-content\/uploads\/sites\/36\/2025\/07\/mirta-Bouzas-scaled.jpg 1920w\" sizes=\"auto, (max-width: 768px) 100vw, 768px\" \/><\/figure>\n","protected":false},"excerpt":{"rendered":"<p>La ped\u00e1nea de Bouzas, Mirta Blanco, denuncia que la reparaci\u00f3n y consolidaci\u00f3n &nbsp;del muro de Bouzas es una chapuza. Recuerda que era uno de los acuerdos que el grupo socialista incluy\u00f3 en los presupuestos de 2024. Una vez finalizada la obra, est\u00e1 siendo una decepci\u00f3n y una muestra clara de falta de seriedad y compromiso &#8230;<\/p>\n","protected":false},"author":32,"featured_media":989,"comment_status":"open","ping_status":"open","sticky":false,"template":"","format":"standard","meta":{"_jetpack_memberships_contains_paid_content":false,"footnotes":""},"categories":[6],"tags":[],"class_list":["post-988","post","type-post","status-publish","format-standard","has-post-thumbnail","hentry","category-actualidad"],"yoast_head":"<!-- This site is optimized with the Yoast SEO plugin v24.0 - https:\/\/yoast.com\/wordpress\/plugins\/seo\/ -->\n<title>El del muro de Bouzas, una chapuza m\u00e1s que una soluci\u00f3n definitiva - Agrupaci\u00f3n Socialista de Ponferrada<\/title>\n<meta name=\"robots\" content=\"index, follow, max-snippet:-1, max-image-preview:large, max-video-preview:-1\" \/>\n<link rel=\"canonical\" href=\"https:\/\/agrupacionespsoe.es\/ponferrada\/el-del-muro-de-bouzas-una-chapuza-mas-que-una-solucion-definitiva\/\" \/>\n<meta property=\"og:locale\" content=\"es_ES\" \/>\n<meta property=\"og:type\" content=\"article\" \/>\n<meta property=\"og:title\" content=\"El del muro de Bouzas, una chapuza m\u00e1s que una soluci\u00f3n definitiva - Agrupaci\u00f3n Socialista de Ponferrada\" \/>\n<meta property=\"og:description\" content=\"La ped\u00e1nea de Bouzas, Mirta Blanco, denuncia que la reparaci\u00f3n y consolidaci\u00f3n &nbsp;del muro de Bouzas es una chapuza. Recuerda que era uno de los acuerdos que el grupo socialista incluy\u00f3 en los presupuestos de 2024. Una vez finalizada la obra, est\u00e1 siendo una decepci\u00f3n y una muestra clara de falta de seriedad y compromiso ...\" \/>\n<meta property=\"og:url\" content=\"https:\/\/agrupacionespsoe.es\/ponferrada\/el-del-muro-de-bouzas-una-chapuza-mas-que-una-solucion-definitiva\/\" \/>\n<meta property=\"og:site_name\" content=\"Agrupaci\u00f3n Socialista de Ponferrada\" \/>\n<meta property=\"article:published_time\" content=\"2025-07-03T18:29:00+00:00\" \/>\n<meta property=\"article:modified_time\" content=\"2025-07-03T11:31:12+00:00\" \/>\n<meta property=\"og:image\" content=\"https:\/\/agrupacionespsoe.es\/ponferrada\/wp-content\/uploads\/sites\/36\/2025\/07\/mirta-Bouzas-scaled.jpg\" \/>\n\t<meta property=\"og:image:width\" content=\"1920\" \/>\n\t<meta property=\"og:image:height\" content=\"2560\" \/>\n\t<meta property=\"og:image:type\" content=\"image\/jpeg\" \/>\n<meta name=\"author\" content=\"ponferrada2\" \/>\n<meta name=\"twitter:card\" content=\"summary_large_image\" \/>\n<meta name=\"twitter:label1\" content=\"Escrito por\" \/>\n\t<meta name=\"twitter:data1\" content=\"ponferrada2\" \/>\n\t<meta name=\"twitter:label2\" content=\"Tiempo de lectura\" \/>\n\t<meta name=\"twitter:data2\" content=\"2 minutos\" \/>\n<script type=\"application\/ld+json\" class=\"yoast-schema-graph\">{\"@context\":\"https:\/\/schema.org\",\"@graph\":[{\"@type\":\"Article\",\"@id\":\"https:\/\/agrupacionespsoe.es\/ponferrada\/el-del-muro-de-bouzas-una-chapuza-mas-que-una-solucion-definitiva\/#article\",\"isPartOf\":{\"@id\":\"https:\/\/agrupacionespsoe.es\/ponferrada\/el-del-muro-de-bouzas-una-chapuza-mas-que-una-solucion-definitiva\/\"},\"author\":{\"name\":\"ponferrada2\",\"@id\":\"https:\/\/agrupacionespsoe.es\/ponferrada\/#\/schema\/person\/cd29ee627f3b70c05d415f02596debaa\"},\"headline\":\"El del muro de Bouzas, una chapuza m\u00e1s que una soluci\u00f3n definitiva\",\"datePublished\":\"2025-07-03T18:29:00+00:00\",\"dateModified\":\"2025-07-03T11:31:12+00:00\",\"mainEntityOfPage\":{\"@id\":\"https:\/\/agrupacionespsoe.es\/ponferrada\/el-del-muro-de-bouzas-una-chapuza-mas-que-una-solucion-definitiva\/\"},\"wordCount\":262,\"commentCount\":0,\"publisher\":{\"@id\":\"https:\/\/agrupacionespsoe.es\/ponferrada\/#organization\"},\"image\":{\"@id\":\"https:\/\/agrupacionespsoe.es\/ponferrada\/el-del-muro-de-bouzas-una-chapuza-mas-que-una-solucion-definitiva\/#primaryimage\"},\"thumbnailUrl\":\"https:\/\/agrupacionespsoe.es\/ponferrada\/wp-content\/uploads\/sites\/36\/2025\/07\/mirta-Bouzas-scaled.jpg\",\"articleSection\":[\"ACTUALIDAD\"],\"inLanguage\":\"es\",\"potentialAction\":[{\"@type\":\"CommentAction\",\"name\":\"Comment\",\"target\":[\"https:\/\/agrupacionespsoe.es\/ponferrada\/el-del-muro-de-bouzas-una-chapuza-mas-que-una-solucion-definitiva\/#respond\"]}]},{\"@type\":\"WebPage\",\"@id\":\"https:\/\/agrupacionespsoe.es\/ponferrada\/el-del-muro-de-bouzas-una-chapuza-mas-que-una-solucion-definitiva\/\",\"url\":\"https:\/\/agrupacionespsoe.es\/ponferrada\/el-del-muro-de-bouzas-una-chapuza-mas-que-una-solucion-definitiva\/\",\"name\":\"El del muro de Bouzas, una chapuza m\u00e1s que una soluci\u00f3n definitiva - Agrupaci\u00f3n Socialista de Ponferrada\",\"isPartOf\":{\"@id\":\"https:\/\/agrupacionespsoe.es\/ponferrada\/#website\"},\"primaryImageOfPage\":{\"@id\":\"https:\/\/agrupacionespsoe.es\/ponferrada\/el-del-muro-de-bouzas-una-chapuza-mas-que-una-solucion-definitiva\/#primaryimage\"},\"image\":{\"@id\":\"https:\/\/agrupacionespsoe.es\/ponferrada\/el-del-muro-de-bouzas-una-chapuza-mas-que-una-solucion-definitiva\/#primaryimage\"},\"thumbnailUrl\":\"https:\/\/agrupacionespsoe.es\/ponferrada\/wp-content\/uploads\/sites\/36\/2025\/07\/mirta-Bouzas-scaled.jpg\",\"datePublished\":\"2025-07-03T18:29:00+00:00\",\"dateModified\":\"2025-07-03T11:31:12+00:00\",\"breadcrumb\":{\"@id\":\"https:\/\/agrupacionespsoe.es\/ponferrada\/el-del-muro-de-bouzas-una-chapuza-mas-que-una-solucion-definitiva\/#breadcrumb\"},\"inLanguage\":\"es\",\"potentialAction\":[{\"@type\":\"ReadAction\",\"target\":[\"https:\/\/agrupacionespsoe.es\/ponferrada\/el-del-muro-de-bouzas-una-chapuza-mas-que-una-solucion-definitiva\/\"]}]},{\"@type\":\"ImageObject\",\"inLanguage\":\"es\",\"@id\":\"https:\/\/agrupacionespsoe.es\/ponferrada\/el-del-muro-de-bouzas-una-chapuza-mas-que-una-solucion-definitiva\/#primaryimage\",\"url\":\"https:\/\/agrupacionespsoe.es\/ponferrada\/wp-content\/uploads\/sites\/36\/2025\/07\/mirta-Bouzas-scaled.jpg\",\"contentUrl\":\"https:\/\/agrupacionespsoe.es\/ponferrada\/wp-content\/uploads\/sites\/36\/2025\/07\/mirta-Bouzas-scaled.jpg\",\"width\":1920,\"height\":2560},{\"@type\":\"BreadcrumbList\",\"@id\":\"https:\/\/agrupacionespsoe.es\/ponferrada\/el-del-muro-de-bouzas-una-chapuza-mas-que-una-solucion-definitiva\/#breadcrumb\",\"itemListElement\":[{\"@type\":\"ListItem\",\"position\":1,\"name\":\"Portada\",\"item\":\"https:\/\/agrupacionespsoe.es\/ponferrada\/\"},{\"@type\":\"ListItem\",\"position\":2,\"name\":\"El del muro de Bouzas, una chapuza m\u00e1s que una soluci\u00f3n definitiva\"}]},{\"@type\":\"WebSite\",\"@id\":\"https:\/\/agrupacionespsoe.es\/ponferrada\/#website\",\"url\":\"https:\/\/agrupacionespsoe.es\/ponferrada\/\",\"name\":\"Agrupaci\u00f3n Socialista de Ponferrada\",\"description\":\"Agrupaci\u00f3n Socialista de Ponferrada\",\"publisher\":{\"@id\":\"https:\/\/agrupacionespsoe.es\/ponferrada\/#organization\"},\"potentialAction\":[{\"@type\":\"SearchAction\",\"target\":{\"@type\":\"EntryPoint\",\"urlTemplate\":\"https:\/\/agrupacionespsoe.es\/ponferrada\/?s={search_term_string}\"},\"query-input\":{\"@type\":\"PropertyValueSpecification\",\"valueRequired\":true,\"valueName\":\"search_term_string\"}}],\"inLanguage\":\"es\"},{\"@type\":\"Organization\",\"@id\":\"https:\/\/agrupacionespsoe.es\/ponferrada\/#organization\",\"name\":\"Agrupaci\u00f3n Socialista de Ponferrada\",\"url\":\"https:\/\/agrupacionespsoe.es\/ponferrada\/\",\"logo\":{\"@type\":\"ImageObject\",\"inLanguage\":\"es\",\"@id\":\"https:\/\/agrupacionespsoe.es\/ponferrada\/#\/schema\/logo\/image\/\",\"url\":\"https:\/\/agrupacionespsoe.es\/wp-content\/uploads\/2022\/07\/Logotipo_electoral_del_PSOE.png\",\"contentUrl\":\"https:\/\/agrupacionespsoe.es\/wp-content\/uploads\/2022\/07\/Logotipo_electoral_del_PSOE.png\",\"width\":422,\"height\":422,\"caption\":\"Agrupaci\u00f3n Socialista de Ponferrada\"},\"image\":{\"@id\":\"https:\/\/agrupacionespsoe.es\/ponferrada\/#\/schema\/logo\/image\/\"}},{\"@type\":\"Person\",\"@id\":\"https:\/\/agrupacionespsoe.es\/ponferrada\/#\/schema\/person\/cd29ee627f3b70c05d415f02596debaa\",\"name\":\"ponferrada2\",\"image\":{\"@type\":\"ImageObject\",\"inLanguage\":\"es\",\"@id\":\"https:\/\/agrupacionespsoe.es\/ponferrada\/#\/schema\/person\/image\/\",\"url\":\"https:\/\/secure.gravatar.com\/avatar\/f499eeb60144c664cf7b7edf75549b50?s=96&d=mm&r=g\",\"contentUrl\":\"https:\/\/secure.gravatar.com\/avatar\/f499eeb60144c664cf7b7edf75549b50?s=96&d=mm&r=g\",\"caption\":\"ponferrada2\"},\"url\":\"https:\/\/agrupacionespsoe.es\/ponferrada\/author\/ponferrada2\/\"}]}<\/script>\n<!-- \/ Yoast SEO plugin. -->","yoast_head_json":{"title":"El del muro de Bouzas, una chapuza m\u00e1s que una soluci\u00f3n definitiva - Agrupaci\u00f3n Socialista de Ponferrada","robots":{"index":"index","follow":"follow","max-snippet":"max-snippet:-1","max-image-preview":"max-image-preview:large","max-video-preview":"max-video-preview:-1"},"canonical":"https:\/\/agrupacionespsoe.es\/ponferrada\/el-del-muro-de-bouzas-una-chapuza-mas-que-una-solucion-definitiva\/","og_locale":"es_ES","og_type":"article","og_title":"El del muro de Bouzas, una chapuza m\u00e1s que una soluci\u00f3n definitiva - Agrupaci\u00f3n Socialista de Ponferrada","og_description":"La ped\u00e1nea de Bouzas, Mirta Blanco, denuncia que la reparaci\u00f3n y consolidaci\u00f3n &nbsp;del muro de Bouzas es una chapuza. Recuerda que era uno de los acuerdos que el grupo socialista incluy\u00f3 en los presupuestos de 2024. Una vez finalizada la obra, est\u00e1 siendo una decepci\u00f3n y una muestra clara de falta de seriedad y compromiso ...","og_url":"https:\/\/agrupacionespsoe.es\/ponferrada\/el-del-muro-de-bouzas-una-chapuza-mas-que-una-solucion-definitiva\/","og_site_name":"Agrupaci\u00f3n Socialista de Ponferrada","article_published_time":"2025-07-03T18:29:00+00:00","article_modified_time":"2025-07-03T11:31:12+00:00","og_image":[{"width":1920,"height":2560,"url":"https:\/\/agrupacionespsoe.es\/ponferrada\/wp-content\/uploads\/sites\/36\/2025\/07\/mirta-Bouzas-scaled.jpg","type":"image\/jpeg"}],"author":"ponferrada2","twitter_card":"summary_large_image","twitter_misc":{"Escrito por":"ponferrada2","Tiempo de lectura":"2 minutos"},"schema":{"@context":"https:\/\/schema.org","@graph":[{"@type":"Article","@id":"https:\/\/agrupacionespsoe.es\/ponferrada\/el-del-muro-de-bouzas-una-chapuza-mas-que-una-solucion-definitiva\/#article","isPartOf":{"@id":"https:\/\/agrupacionespsoe.es\/ponferrada\/el-del-muro-de-bouzas-una-chapuza-mas-que-una-solucion-definitiva\/"},"author":{"name":"ponferrada2","@id":"https:\/\/agrupacionespsoe.es\/ponferrada\/#\/schema\/person\/cd29ee627f3b70c05d415f02596debaa"},"headline":"El del muro de Bouzas, una chapuza m\u00e1s que una soluci\u00f3n definitiva","datePublished":"2025-07-03T18:29:00+00:00","dateModified":"2025-07-03T11:31:12+00:00","mainEntityOfPage":{"@id":"https:\/\/agrupacionespsoe.es\/ponferrada\/el-del-muro-de-bouzas-una-chapuza-mas-que-una-solucion-definitiva\/"},"wordCount":262,"commentCount":0,"publisher":{"@id":"https:\/\/agrupacionespsoe.es\/ponferrada\/#organization"},"image":{"@id":"https:\/\/agrupacionespsoe.es\/ponferrada\/el-del-muro-de-bouzas-una-chapuza-mas-que-una-solucion-definitiva\/#primaryimage"},"thumbnailUrl":"https:\/\/agrupacionespsoe.es\/ponferrada\/wp-content\/uploads\/sites\/36\/2025\/07\/mirta-Bouzas-scaled.jpg","articleSection":["ACTUALIDAD"],"inLanguage":"es","potentialAction":[{"@type":"CommentAction","name":"Comment","target":["https:\/\/agrupacionespsoe.es\/ponferrada\/el-del-muro-de-bouzas-una-chapuza-mas-que-una-solucion-definitiva\/#respond"]}]},{"@type":"WebPage","@id":"https:\/\/agrupacionespsoe.es\/ponferrada\/el-del-muro-de-bouzas-una-chapuza-mas-que-una-solucion-definitiva\/","url":"https:\/\/agrupacionespsoe.es\/ponferrada\/el-del-muro-de-bouzas-una-chapuza-mas-que-una-solucion-definitiva\/","name":"El del muro de Bouzas, una chapuza m\u00e1s que una soluci\u00f3n definitiva - Agrupaci\u00f3n Socialista de Ponferrada","isPartOf":{"@id":"https:\/\/agrupacionespsoe.es\/ponferrada\/#website"},"primaryImageOfPage":{"@id":"https:\/\/agrupacionespsoe.es\/ponferrada\/el-del-muro-de-bouzas-una-chapuza-mas-que-una-solucion-definitiva\/#primaryimage"},"image":{"@id":"https:\/\/agrupacionespsoe.es\/ponferrada\/el-del-muro-de-bouzas-una-chapuza-mas-que-una-solucion-definitiva\/#primaryimage"},"thumbnailUrl":"https:\/\/agrupacionespsoe.es\/ponferrada\/wp-content\/uploads\/sites\/36\/2025\/07\/mirta-Bouzas-scaled.jpg","datePublished":"2025-07-03T18:29:00+00:00","dateModified":"2025-07-03T11:31:12+00:00","breadcrumb":{"@id":"https:\/\/agrupacionespsoe.es\/ponferrada\/el-del-muro-de-bouzas-una-chapuza-mas-que-una-solucion-definitiva\/#breadcrumb"},"inLanguage":"es","potentialAction":[{"@type":"ReadAction","target":["https:\/\/agrupacionespsoe.es\/ponferrada\/el-del-muro-de-bouzas-una-chapuza-mas-que-una-solucion-definitiva\/"]}]},{"@type":"ImageObject","inLanguage":"es","@id":"https:\/\/agrupacionespsoe.es\/ponferrada\/el-del-muro-de-bouzas-una-chapuza-mas-que-una-solucion-definitiva\/#primaryimage","url":"https:\/\/agrupacionespsoe.es\/ponferrada\/wp-content\/uploads\/sites\/36\/2025\/07\/mirta-Bouzas-scaled.jpg","contentUrl":"https:\/\/agrupacionespsoe.es\/ponferrada\/wp-content\/uploads\/sites\/36\/2025\/07\/mirta-Bouzas-scaled.jpg","width":1920,"height":2560},{"@type":"BreadcrumbList","@id":"https:\/\/agrupacionespsoe.es\/ponferrada\/el-del-muro-de-bouzas-una-chapuza-mas-que-una-solucion-definitiva\/#breadcrumb","itemListElement":[{"@type":"ListItem","position":1,"name":"Portada","item":"https:\/\/agrupacionespsoe.es\/ponferrada\/"},{"@type":"ListItem","position":2,"name":"El del muro de Bouzas, una chapuza m\u00e1s que una soluci\u00f3n definitiva"}]},{"@type":"WebSite","@id":"https:\/\/agrupacionespsoe.es\/ponferrada\/#website","url":"https:\/\/agrupacionespsoe.es\/ponferrada\/","name":"Agrupaci\u00f3n Socialista de Ponferrada","description":"Agrupaci\u00f3n Socialista de Ponferrada","publisher":{"@id":"https:\/\/agrupacionespsoe.es\/ponferrada\/#organization"},"potentialAction":[{"@type":"SearchAction","target":{"@type":"EntryPoint","urlTemplate":"https:\/\/agrupacionespsoe.es\/ponferrada\/?s={search_term_string}"},"query-input":{"@type":"PropertyValueSpecification","valueRequired":true,"valueName":"search_term_string"}}],"inLanguage":"es"},{"@type":"Organization","@id":"https:\/\/agrupacionespsoe.es\/ponferrada\/#organization","name":"Agrupaci\u00f3n Socialista de Ponferrada","url":"https:\/\/agrupacionespsoe.es\/ponferrada\/","logo":{"@type":"ImageObject","inLanguage":"es","@id":"https:\/\/agrupacionespsoe.es\/ponferrada\/#\/schema\/logo\/image\/","url":"https:\/\/agrupacionespsoe.es\/wp-content\/uploads\/2022\/07\/Logotipo_electoral_del_PSOE.png","contentUrl":"https:\/\/agrupacionespsoe.es\/wp-content\/uploads\/2022\/07\/Logotipo_electoral_del_PSOE.png","width":422,"height":422,"caption":"Agrupaci\u00f3n Socialista de Ponferrada"},"image":{"@id":"https:\/\/agrupacionespsoe.es\/ponferrada\/#\/schema\/logo\/image\/"}},{"@type":"Person","@id":"https:\/\/agrupacionespsoe.es\/ponferrada\/#\/schema\/person\/cd29ee627f3b70c05d415f02596debaa","name":"ponferrada2","image":{"@type":"ImageObject","inLanguage":"es","@id":"https:\/\/agrupacionespsoe.es\/ponferrada\/#\/schema\/person\/image\/","url":"https:\/\/secure.gravatar.com\/avatar\/f499eeb60144c664cf7b7edf75549b50?s=96&d=mm&r=g","contentUrl":"https:\/\/secure.gravatar.com\/avatar\/f499eeb60144c664cf7b7edf75549b50?s=96&d=mm&r=g","caption":"ponferrada2"},"url":"https:\/\/agrupacionespsoe.es\/ponferrada\/author\/ponferrada2\/"}]}},"jetpack_featured_media_url":"https:\/\/agrupacionespsoe.es\/ponferrada\/wp-content\/uploads\/sites\/36\/2025\/07\/mirta-Bouzas-scaled.jpg","jetpack_sharing_enabled":true,"_links":{"self":[{"href":"https:\/\/agrupacionespsoe.es\/ponferrada\/wp-json\/wp\/v2\/posts\/988","targetHints":{"allow":["GET"]}}],"collection":[{"href":"https:\/\/agrupacionespsoe.es\/ponferrada\/wp-json\/wp\/v2\/posts"}],"about":[{"href":"https:\/\/agrupacionespsoe.es\/ponferrada\/wp-json\/wp\/v2\/types\/post"}],"author":[{"embeddable":true,"href":"https:\/\/agrupacionespsoe.es\/ponferrada\/wp-json\/wp\/v2\/users\/32"}],"replies":[{"embeddable":true,"href":"https:\/\/agrupacionespsoe.es\/ponferrada\/wp-json\/wp\/v2\/comments?post=988"}],"version-history":[{"count":2,"href":"https:\/\/agrupacionespsoe.es\/ponferrada\/wp-json\/wp\/v2\/posts\/988\/revisions"}],"predecessor-version":[{"id":991,"href":"https:\/\/agrupacionespsoe.es\/ponferrada\/wp-json\/wp\/v2\/posts\/988\/revisions\/991"}],"wp:featuredmedia":[{"embeddable":true,"href":"https:\/\/agrupacionespsoe.es\/ponferrada\/wp-json\/wp\/v2\/media\/989"}],"wp:attachment":[{"href":"https:\/\/agrupacionespsoe.es\/ponferrada\/wp-json\/wp\/v2\/media?parent=988"}],"wp:term":[{"taxonomy":"category","embeddable":true,"href":"https:\/\/agrupacionespsoe.es\/ponferrada\/wp-json\/wp\/v2\/categories?post=988"},{"taxonomy":"post_tag","embeddable":true,"href":"https:\/\/agrupacionespsoe.es\/ponferrada\/wp-json\/wp\/v2\/tags?post=988"}],"curies":[{"name":"wp","href":"https:\/\/api.w.org\/{rel}","templated":true}]}}