{"id":971,"date":"2025-06-27T13:40:21","date_gmt":"2025-06-27T13:40:21","guid":{"rendered":"https:\/\/agrupacionespsoe.es\/ponferrada\/?p=971"},"modified":"2025-06-27T13:40:22","modified_gmt":"2025-06-27T13:40:22","slug":"el-psoe-lamenta-el-esperpento-presupuestario-coalicion-por-el-bierzo-se-corrige-a-si-misma-una-semana-despues","status":"publish","type":"post","link":"https:\/\/agrupacionespsoe.es\/ponferrada\/el-psoe-lamenta-el-esperpento-presupuestario-coalicion-por-el-bierzo-se-corrige-a-si-misma-una-semana-despues\/","title":{"rendered":"\u201cEl PSOE lamenta el esperpento presupuestario: Coalici\u00f3n por el Bierzo se corrige a s\u00ed misma una semana despu\u00e9s\u00bb"},"content":{"rendered":"\n<p>La nueva Comisi\u00f3n Ejecutiva Municipal del PSOE de Ponferrada celebr\u00f3 en la tarde de ayer su primera reuni\u00f3n de trabajo, un encuentro de toma de contacto entre todas y todos los integrantes del renovado \u00f3rgano de direcci\u00f3n local. En esta primera reuni\u00f3n se trataron temas de organizaci\u00f3n interna, se empez\u00f3 a definir la hoja de ruta pol\u00edtica y organizativa de la agrupaci\u00f3n, con la mirada puesta en los retos inmediatos y en el refuerzo del trabajo en el municipio.<\/p>\n\n\n\n<p>Durante la reuni\u00f3n se compartieron las primeras propuestas y acciones a desarrollar por cada una de las secretar\u00edas, as\u00ed como la necesidad de elaborar un plan de trabajo. Tambi\u00e9n se acord\u00f3 un calendario de reuniones que tendr\u00e1 car\u00e1cter mensual, con el fin de garantizar un seguimiento constante del trabajo pol\u00edtico de la ejecutiva.<\/p>\n\n\n\n<p>Tambi\u00e9n se acord\u00f3 que a la vuelta del verano tendr\u00eda que convocarse una Asamblea para que los cargos p\u00fablicos den cuenta de su gesti\u00f3n pol\u00edtica.<\/p>\n\n\n\n<p>El secretario general, Olegario Ram\u00f3n, traslad\u00f3 a todas y todos los miembros de la ejecutiva su compromiso con una pol\u00edtica \u00fatil y cercana: Ha pedido a todas y todos los integrantes de su equipo que no escatimen esfuerzos para estar al lado de la ciudadan\u00eda, para conocer de primera mano sus problemas y necesidades y abordarlos con un plan de trabajo serio, riguroso y que d\u00e9 respuesta a los principales retos\u201d.<\/p>\n\n\n\n<p>La nueva comisi\u00f3n ejecutiva reafirm\u00f3 su compromiso con la participaci\u00f3n activa de la militancia y con una acci\u00f3n pol\u00edtica construida desde abajo, junto a la ciudadan\u00eda.<\/p>\n\n\n\n<p>En otro orden de cosas, como es habitual en las reuniones de la comisi\u00f3n ejecutiva municipal, se dio cuenta del trabajo del Grupo Municipal Socialista en el Ayuntamiento de Ponferrada. Uno de los asuntos principales abordados fue el estado de la negociaci\u00f3n de los presupuestos municipales para 2025, en la que desde el grupo socialista se ha trasladado una serie de condiciones claras para sentarse a hablar que ya son p\u00fablicas.<\/p>\n\n\n\n<p>Desde la Ejecutiva se record\u00f3 que siguen sin cumplirse muchos de los compromisos adquiridos por el Partido Popular para posibilitar la abstenci\u00f3n del Grupo Socialista en el anterior ejercicio presupuestario, lo que merma la credibilidad del actual equipo de gobierno a la hora de abrir nuevos espacios de negociaci\u00f3n, aun as\u00ed el grupo socialista se ha sentado a hablar.<\/p>\n\n\n\n<p>El Secretario General y Portavoz del Grupo Socialista explic\u00f3 la exigencia de que el Ayuntamiento no utilice los fondos procedentes de la venta del solar del antiguo cuartel de la Guardia Civil, el Grupo Socialista considera que existen fundados motivos para creer que ganar\u00e1 la demanda interpuesta contra dicha operaci\u00f3n. Por lo que se pide que esos ingresos deben quedar consignados presupuestariamente hasta que exista una resoluci\u00f3n definitiva, tal y como se hizo con los fondos del pr\u00e9stamo del Mundial de Ciclismo.<\/p>\n\n\n\n<p>Durante el an\u00e1lisis pol\u00edtico, tambi\u00e9n se abord\u00f3 la actitud err\u00e1tica de Coalici\u00f3n por el Bierzo, que ayer mismo anunciaban una serie de enmiendas a los presupuestos elaborados por el propio equipo de gobierno del que forman parte. Desde la Ejecutiva Socialista se valor\u00f3 esta situaci\u00f3n como \u201cun aut\u00e9ntico esperpento\u201d:<\/p>\n\n\n\n<p>\u201cNo parece nada serio que enmienden sus propios presupuestos con las peticiones que acaban de dar a conocer. La semana pasada sal\u00edan a presumir que gestionaban 2,7 millones del presupuesto, y ahora se corrigen a s\u00ed mismos queriendo a\u00f1adir inversiones a un borrador que se supon\u00eda ya consensuado. Resulta incomprensible\u201d.<\/p>\n\n\n\n<p>Adem\u00e1s, muchas de las inversiones que ahora plantean desde Coalici\u00f3n por el Bierzo deber\u00edan estar en marcha desde hace meses, ya que han sido reiteradamente mencionadas en comisiones municipales, como es el caso de la instalaci\u00f3n de ba\u00f1os p\u00fablicos en Pe\u00f1alba de Santiago: \u201cSon de chiste. Llevan meses hablando de esos proyectos y ahora los presentan como novedades. La gesti\u00f3n responsable y seria no se puede permitir estos bandazos\u201d.<\/p>\n\n\n\n<p>Con esta primera reuni\u00f3n, la nueva Ejecutiva Municipal del PSOE de Ponferrada da el pistoletazo de salida a una nueva etapa con el compromiso firme de ser una herramienta \u00fatil al servicio de la ciudadan\u00eda, centrada en la participaci\u00f3n, la cercan\u00eda y la resoluci\u00f3n de los problemas reales del municipio.<\/p>\n\n\n\n<figure class=\"wp-block-image size-large\"><img loading=\"lazy\" decoding=\"async\" width=\"1024\" height=\"768\" src=\"https:\/\/agrupacionespsoe.es\/ponferrada\/wp-content\/uploads\/sites\/36\/2025\/06\/WhatsApp-Image-2025-06-27-at-12.48.46-1024x768.jpeg\" alt=\"\" class=\"wp-image-972\" srcset=\"https:\/\/agrupacionespsoe.es\/ponferrada\/wp-content\/uploads\/sites\/36\/2025\/06\/WhatsApp-Image-2025-06-27-at-12.48.46-1024x768.jpeg 1024w, https:\/\/agrupacionespsoe.es\/ponferrada\/wp-content\/uploads\/sites\/36\/2025\/06\/WhatsApp-Image-2025-06-27-at-12.48.46-300x225.jpeg 300w, https:\/\/agrupacionespsoe.es\/ponferrada\/wp-content\/uploads\/sites\/36\/2025\/06\/WhatsApp-Image-2025-06-27-at-12.48.46-768x576.jpeg 768w, https:\/\/agrupacionespsoe.es\/ponferrada\/wp-content\/uploads\/sites\/36\/2025\/06\/WhatsApp-Image-2025-06-27-at-12.48.46-1536x1152.jpeg 1536w, https:\/\/agrupacionespsoe.es\/ponferrada\/wp-content\/uploads\/sites\/36\/2025\/06\/WhatsApp-Image-2025-06-27-at-12.48.46.jpeg 2000w\" sizes=\"auto, (max-width: 1024px) 100vw, 1024px\" \/><\/figure>\n","protected":false},"excerpt":{"rendered":"<p>La nueva Comisi\u00f3n Ejecutiva Municipal del PSOE de Ponferrada celebr\u00f3 en la tarde de ayer su primera reuni\u00f3n de trabajo, un encuentro de toma de contacto entre todas y todos los integrantes del renovado \u00f3rgano de direcci\u00f3n local. En esta primera reuni\u00f3n se trataron temas de organizaci\u00f3n interna, se empez\u00f3 a definir la hoja de &#8230;<\/p>\n","protected":false},"author":32,"featured_media":972,"comment_status":"open","ping_status":"open","sticky":false,"template":"","format":"standard","meta":{"_jetpack_memberships_contains_paid_content":false,"footnotes":""},"categories":[6],"tags":[],"class_list":["post-971","post","type-post","status-publish","format-standard","has-post-thumbnail","hentry","category-actualidad"],"yoast_head":"<!-- This site is optimized with the Yoast SEO plugin v24.0 - https:\/\/yoast.com\/wordpress\/plugins\/seo\/ -->\n<title>\u201cEl PSOE lamenta el esperpento presupuestario: Coalici\u00f3n por el Bierzo se corrige a s\u00ed misma una semana despu\u00e9s&quot; - Agrupaci\u00f3n Socialista de Ponferrada<\/title>\n<meta name=\"robots\" content=\"index, follow, max-snippet:-1, max-image-preview:large, max-video-preview:-1\" \/>\n<link rel=\"canonical\" href=\"https:\/\/agrupacionespsoe.es\/ponferrada\/el-psoe-lamenta-el-esperpento-presupuestario-coalicion-por-el-bierzo-se-corrige-a-si-misma-una-semana-despues\/\" \/>\n<meta property=\"og:locale\" content=\"es_ES\" \/>\n<meta property=\"og:type\" content=\"article\" \/>\n<meta property=\"og:title\" content=\"\u201cEl PSOE lamenta el esperpento presupuestario: Coalici\u00f3n por el Bierzo se corrige a s\u00ed misma una semana despu\u00e9s&quot; - Agrupaci\u00f3n Socialista de Ponferrada\" \/>\n<meta property=\"og:description\" content=\"La nueva Comisi\u00f3n Ejecutiva Municipal del PSOE de Ponferrada celebr\u00f3 en la tarde de ayer su primera reuni\u00f3n de trabajo, un encuentro de toma de contacto entre todas y todos los integrantes del renovado \u00f3rgano de direcci\u00f3n local. En esta primera reuni\u00f3n se trataron temas de organizaci\u00f3n interna, se empez\u00f3 a definir la hoja de ...\" \/>\n<meta property=\"og:url\" content=\"https:\/\/agrupacionespsoe.es\/ponferrada\/el-psoe-lamenta-el-esperpento-presupuestario-coalicion-por-el-bierzo-se-corrige-a-si-misma-una-semana-despues\/\" \/>\n<meta property=\"og:site_name\" content=\"Agrupaci\u00f3n Socialista de Ponferrada\" \/>\n<meta property=\"article:published_time\" content=\"2025-06-27T13:40:21+00:00\" \/>\n<meta property=\"article:modified_time\" content=\"2025-06-27T13:40:22+00:00\" \/>\n<meta property=\"og:image\" content=\"https:\/\/agrupacionespsoe.es\/ponferrada\/wp-content\/uploads\/sites\/36\/2025\/06\/WhatsApp-Image-2025-06-27-at-12.48.46.jpeg\" \/>\n\t<meta property=\"og:image:width\" content=\"2000\" \/>\n\t<meta property=\"og:image:height\" content=\"1500\" \/>\n\t<meta property=\"og:image:type\" content=\"image\/jpeg\" \/>\n<meta name=\"author\" content=\"ponferrada2\" \/>\n<meta name=\"twitter:card\" content=\"summary_large_image\" \/>\n<meta name=\"twitter:label1\" content=\"Escrito por\" \/>\n\t<meta name=\"twitter:data1\" content=\"ponferrada2\" \/>\n\t<meta name=\"twitter:label2\" content=\"Tiempo de lectura\" \/>\n\t<meta name=\"twitter:data2\" content=\"4 minutos\" \/>\n<script type=\"application\/ld+json\" class=\"yoast-schema-graph\">{\"@context\":\"https:\/\/schema.org\",\"@graph\":[{\"@type\":\"Article\",\"@id\":\"https:\/\/agrupacionespsoe.es\/ponferrada\/el-psoe-lamenta-el-esperpento-presupuestario-coalicion-por-el-bierzo-se-corrige-a-si-misma-una-semana-despues\/#article\",\"isPartOf\":{\"@id\":\"https:\/\/agrupacionespsoe.es\/ponferrada\/el-psoe-lamenta-el-esperpento-presupuestario-coalicion-por-el-bierzo-se-corrige-a-si-misma-una-semana-despues\/\"},\"author\":{\"name\":\"ponferrada2\",\"@id\":\"https:\/\/agrupacionespsoe.es\/ponferrada\/#\/schema\/person\/cd29ee627f3b70c05d415f02596debaa\"},\"headline\":\"\u201cEl PSOE lamenta el esperpento presupuestario: Coalici\u00f3n por el Bierzo se corrige a s\u00ed misma una semana despu\u00e9s\u00bb\",\"datePublished\":\"2025-06-27T13:40:21+00:00\",\"dateModified\":\"2025-06-27T13:40:22+00:00\",\"mainEntityOfPage\":{\"@id\":\"https:\/\/agrupacionespsoe.es\/ponferrada\/el-psoe-lamenta-el-esperpento-presupuestario-coalicion-por-el-bierzo-se-corrige-a-si-misma-una-semana-despues\/\"},\"wordCount\":758,\"commentCount\":0,\"publisher\":{\"@id\":\"https:\/\/agrupacionespsoe.es\/ponferrada\/#organization\"},\"image\":{\"@id\":\"https:\/\/agrupacionespsoe.es\/ponferrada\/el-psoe-lamenta-el-esperpento-presupuestario-coalicion-por-el-bierzo-se-corrige-a-si-misma-una-semana-despues\/#primaryimage\"},\"thumbnailUrl\":\"https:\/\/agrupacionespsoe.es\/ponferrada\/wp-content\/uploads\/sites\/36\/2025\/06\/WhatsApp-Image-2025-06-27-at-12.48.46.jpeg\",\"articleSection\":[\"ACTUALIDAD\"],\"inLanguage\":\"es\",\"potentialAction\":[{\"@type\":\"CommentAction\",\"name\":\"Comment\",\"target\":[\"https:\/\/agrupacionespsoe.es\/ponferrada\/el-psoe-lamenta-el-esperpento-presupuestario-coalicion-por-el-bierzo-se-corrige-a-si-misma-una-semana-despues\/#respond\"]}]},{\"@type\":\"WebPage\",\"@id\":\"https:\/\/agrupacionespsoe.es\/ponferrada\/el-psoe-lamenta-el-esperpento-presupuestario-coalicion-por-el-bierzo-se-corrige-a-si-misma-una-semana-despues\/\",\"url\":\"https:\/\/agrupacionespsoe.es\/ponferrada\/el-psoe-lamenta-el-esperpento-presupuestario-coalicion-por-el-bierzo-se-corrige-a-si-misma-una-semana-despues\/\",\"name\":\"\u201cEl PSOE lamenta el esperpento presupuestario: Coalici\u00f3n por el Bierzo se corrige a s\u00ed misma una semana despu\u00e9s\\\" - Agrupaci\u00f3n Socialista de Ponferrada\",\"isPartOf\":{\"@id\":\"https:\/\/agrupacionespsoe.es\/ponferrada\/#website\"},\"primaryImageOfPage\":{\"@id\":\"https:\/\/agrupacionespsoe.es\/ponferrada\/el-psoe-lamenta-el-esperpento-presupuestario-coalicion-por-el-bierzo-se-corrige-a-si-misma-una-semana-despues\/#primaryimage\"},\"image\":{\"@id\":\"https:\/\/agrupacionespsoe.es\/ponferrada\/el-psoe-lamenta-el-esperpento-presupuestario-coalicion-por-el-bierzo-se-corrige-a-si-misma-una-semana-despues\/#primaryimage\"},\"thumbnailUrl\":\"https:\/\/agrupacionespsoe.es\/ponferrada\/wp-content\/uploads\/sites\/36\/2025\/06\/WhatsApp-Image-2025-06-27-at-12.48.46.jpeg\",\"datePublished\":\"2025-06-27T13:40:21+00:00\",\"dateModified\":\"2025-06-27T13:40:22+00:00\",\"breadcrumb\":{\"@id\":\"https:\/\/agrupacionespsoe.es\/ponferrada\/el-psoe-lamenta-el-esperpento-presupuestario-coalicion-por-el-bierzo-se-corrige-a-si-misma-una-semana-despues\/#breadcrumb\"},\"inLanguage\":\"es\",\"potentialAction\":[{\"@type\":\"ReadAction\",\"target\":[\"https:\/\/agrupacionespsoe.es\/ponferrada\/el-psoe-lamenta-el-esperpento-presupuestario-coalicion-por-el-bierzo-se-corrige-a-si-misma-una-semana-despues\/\"]}]},{\"@type\":\"ImageObject\",\"inLanguage\":\"es\",\"@id\":\"https:\/\/agrupacionespsoe.es\/ponferrada\/el-psoe-lamenta-el-esperpento-presupuestario-coalicion-por-el-bierzo-se-corrige-a-si-misma-una-semana-despues\/#primaryimage\",\"url\":\"https:\/\/agrupacionespsoe.es\/ponferrada\/wp-content\/uploads\/sites\/36\/2025\/06\/WhatsApp-Image-2025-06-27-at-12.48.46.jpeg\",\"contentUrl\":\"https:\/\/agrupacionespsoe.es\/ponferrada\/wp-content\/uploads\/sites\/36\/2025\/06\/WhatsApp-Image-2025-06-27-at-12.48.46.jpeg\",\"width\":2000,\"height\":1500},{\"@type\":\"BreadcrumbList\",\"@id\":\"https:\/\/agrupacionespsoe.es\/ponferrada\/el-psoe-lamenta-el-esperpento-presupuestario-coalicion-por-el-bierzo-se-corrige-a-si-misma-una-semana-despues\/#breadcrumb\",\"itemListElement\":[{\"@type\":\"ListItem\",\"position\":1,\"name\":\"Portada\",\"item\":\"https:\/\/agrupacionespsoe.es\/ponferrada\/\"},{\"@type\":\"ListItem\",\"position\":2,\"name\":\"\u201cEl PSOE lamenta el esperpento presupuestario: Coalici\u00f3n por el Bierzo se corrige a s\u00ed misma una semana despu\u00e9s\u00bb\"}]},{\"@type\":\"WebSite\",\"@id\":\"https:\/\/agrupacionespsoe.es\/ponferrada\/#website\",\"url\":\"https:\/\/agrupacionespsoe.es\/ponferrada\/\",\"name\":\"Agrupaci\u00f3n Socialista de Ponferrada\",\"description\":\"Agrupaci\u00f3n Socialista de Ponferrada\",\"publisher\":{\"@id\":\"https:\/\/agrupacionespsoe.es\/ponferrada\/#organization\"},\"potentialAction\":[{\"@type\":\"SearchAction\",\"target\":{\"@type\":\"EntryPoint\",\"urlTemplate\":\"https:\/\/agrupacionespsoe.es\/ponferrada\/?s={search_term_string}\"},\"query-input\":{\"@type\":\"PropertyValueSpecification\",\"valueRequired\":true,\"valueName\":\"search_term_string\"}}],\"inLanguage\":\"es\"},{\"@type\":\"Organization\",\"@id\":\"https:\/\/agrupacionespsoe.es\/ponferrada\/#organization\",\"name\":\"Agrupaci\u00f3n Socialista de Ponferrada\",\"url\":\"https:\/\/agrupacionespsoe.es\/ponferrada\/\",\"logo\":{\"@type\":\"ImageObject\",\"inLanguage\":\"es\",\"@id\":\"https:\/\/agrupacionespsoe.es\/ponferrada\/#\/schema\/logo\/image\/\",\"url\":\"https:\/\/agrupacionespsoe.es\/wp-content\/uploads\/2022\/07\/Logotipo_electoral_del_PSOE.png\",\"contentUrl\":\"https:\/\/agrupacionespsoe.es\/wp-content\/uploads\/2022\/07\/Logotipo_electoral_del_PSOE.png\",\"width\":422,\"height\":422,\"caption\":\"Agrupaci\u00f3n Socialista de Ponferrada\"},\"image\":{\"@id\":\"https:\/\/agrupacionespsoe.es\/ponferrada\/#\/schema\/logo\/image\/\"}},{\"@type\":\"Person\",\"@id\":\"https:\/\/agrupacionespsoe.es\/ponferrada\/#\/schema\/person\/cd29ee627f3b70c05d415f02596debaa\",\"name\":\"ponferrada2\",\"image\":{\"@type\":\"ImageObject\",\"inLanguage\":\"es\",\"@id\":\"https:\/\/agrupacionespsoe.es\/ponferrada\/#\/schema\/person\/image\/\",\"url\":\"https:\/\/secure.gravatar.com\/avatar\/f499eeb60144c664cf7b7edf75549b50?s=96&d=mm&r=g\",\"contentUrl\":\"https:\/\/secure.gravatar.com\/avatar\/f499eeb60144c664cf7b7edf75549b50?s=96&d=mm&r=g\",\"caption\":\"ponferrada2\"},\"url\":\"https:\/\/agrupacionespsoe.es\/ponferrada\/author\/ponferrada2\/\"}]}<\/script>\n<!-- \/ Yoast SEO plugin. -->","yoast_head_json":{"title":"\u201cEl PSOE lamenta el esperpento presupuestario: Coalici\u00f3n por el Bierzo se corrige a s\u00ed misma una semana despu\u00e9s\" - Agrupaci\u00f3n Socialista de Ponferrada","robots":{"index":"index","follow":"follow","max-snippet":"max-snippet:-1","max-image-preview":"max-image-preview:large","max-video-preview":"max-video-preview:-1"},"canonical":"https:\/\/agrupacionespsoe.es\/ponferrada\/el-psoe-lamenta-el-esperpento-presupuestario-coalicion-por-el-bierzo-se-corrige-a-si-misma-una-semana-despues\/","og_locale":"es_ES","og_type":"article","og_title":"\u201cEl PSOE lamenta el esperpento presupuestario: Coalici\u00f3n por el Bierzo se corrige a s\u00ed misma una semana despu\u00e9s\" - Agrupaci\u00f3n Socialista de Ponferrada","og_description":"La nueva Comisi\u00f3n Ejecutiva Municipal del PSOE de Ponferrada celebr\u00f3 en la tarde de ayer su primera reuni\u00f3n de trabajo, un encuentro de toma de contacto entre todas y todos los integrantes del renovado \u00f3rgano de direcci\u00f3n local. En esta primera reuni\u00f3n se trataron temas de organizaci\u00f3n interna, se empez\u00f3 a definir la hoja de ...","og_url":"https:\/\/agrupacionespsoe.es\/ponferrada\/el-psoe-lamenta-el-esperpento-presupuestario-coalicion-por-el-bierzo-se-corrige-a-si-misma-una-semana-despues\/","og_site_name":"Agrupaci\u00f3n Socialista de Ponferrada","article_published_time":"2025-06-27T13:40:21+00:00","article_modified_time":"2025-06-27T13:40:22+00:00","og_image":[{"width":2000,"height":1500,"url":"https:\/\/agrupacionespsoe.es\/ponferrada\/wp-content\/uploads\/sites\/36\/2025\/06\/WhatsApp-Image-2025-06-27-at-12.48.46.jpeg","type":"image\/jpeg"}],"author":"ponferrada2","twitter_card":"summary_large_image","twitter_misc":{"Escrito por":"ponferrada2","Tiempo de lectura":"4 minutos"},"schema":{"@context":"https:\/\/schema.org","@graph":[{"@type":"Article","@id":"https:\/\/agrupacionespsoe.es\/ponferrada\/el-psoe-lamenta-el-esperpento-presupuestario-coalicion-por-el-bierzo-se-corrige-a-si-misma-una-semana-despues\/#article","isPartOf":{"@id":"https:\/\/agrupacionespsoe.es\/ponferrada\/el-psoe-lamenta-el-esperpento-presupuestario-coalicion-por-el-bierzo-se-corrige-a-si-misma-una-semana-despues\/"},"author":{"name":"ponferrada2","@id":"https:\/\/agrupacionespsoe.es\/ponferrada\/#\/schema\/person\/cd29ee627f3b70c05d415f02596debaa"},"headline":"\u201cEl PSOE lamenta el esperpento presupuestario: Coalici\u00f3n por el Bierzo se corrige a s\u00ed misma una semana despu\u00e9s\u00bb","datePublished":"2025-06-27T13:40:21+00:00","dateModified":"2025-06-27T13:40:22+00:00","mainEntityOfPage":{"@id":"https:\/\/agrupacionespsoe.es\/ponferrada\/el-psoe-lamenta-el-esperpento-presupuestario-coalicion-por-el-bierzo-se-corrige-a-si-misma-una-semana-despues\/"},"wordCount":758,"commentCount":0,"publisher":{"@id":"https:\/\/agrupacionespsoe.es\/ponferrada\/#organization"},"image":{"@id":"https:\/\/agrupacionespsoe.es\/ponferrada\/el-psoe-lamenta-el-esperpento-presupuestario-coalicion-por-el-bierzo-se-corrige-a-si-misma-una-semana-despues\/#primaryimage"},"thumbnailUrl":"https:\/\/agrupacionespsoe.es\/ponferrada\/wp-content\/uploads\/sites\/36\/2025\/06\/WhatsApp-Image-2025-06-27-at-12.48.46.jpeg","articleSection":["ACTUALIDAD"],"inLanguage":"es","potentialAction":[{"@type":"CommentAction","name":"Comment","target":["https:\/\/agrupacionespsoe.es\/ponferrada\/el-psoe-lamenta-el-esperpento-presupuestario-coalicion-por-el-bierzo-se-corrige-a-si-misma-una-semana-despues\/#respond"]}]},{"@type":"WebPage","@id":"https:\/\/agrupacionespsoe.es\/ponferrada\/el-psoe-lamenta-el-esperpento-presupuestario-coalicion-por-el-bierzo-se-corrige-a-si-misma-una-semana-despues\/","url":"https:\/\/agrupacionespsoe.es\/ponferrada\/el-psoe-lamenta-el-esperpento-presupuestario-coalicion-por-el-bierzo-se-corrige-a-si-misma-una-semana-despues\/","name":"\u201cEl PSOE lamenta el esperpento presupuestario: Coalici\u00f3n por el Bierzo se corrige a s\u00ed misma una semana despu\u00e9s\" - Agrupaci\u00f3n Socialista de Ponferrada","isPartOf":{"@id":"https:\/\/agrupacionespsoe.es\/ponferrada\/#website"},"primaryImageOfPage":{"@id":"https:\/\/agrupacionespsoe.es\/ponferrada\/el-psoe-lamenta-el-esperpento-presupuestario-coalicion-por-el-bierzo-se-corrige-a-si-misma-una-semana-despues\/#primaryimage"},"image":{"@id":"https:\/\/agrupacionespsoe.es\/ponferrada\/el-psoe-lamenta-el-esperpento-presupuestario-coalicion-por-el-bierzo-se-corrige-a-si-misma-una-semana-despues\/#primaryimage"},"thumbnailUrl":"https:\/\/agrupacionespsoe.es\/ponferrada\/wp-content\/uploads\/sites\/36\/2025\/06\/WhatsApp-Image-2025-06-27-at-12.48.46.jpeg","datePublished":"2025-06-27T13:40:21+00:00","dateModified":"2025-06-27T13:40:22+00:00","breadcrumb":{"@id":"https:\/\/agrupacionespsoe.es\/ponferrada\/el-psoe-lamenta-el-esperpento-presupuestario-coalicion-por-el-bierzo-se-corrige-a-si-misma-una-semana-despues\/#breadcrumb"},"inLanguage":"es","potentialAction":[{"@type":"ReadAction","target":["https:\/\/agrupacionespsoe.es\/ponferrada\/el-psoe-lamenta-el-esperpento-presupuestario-coalicion-por-el-bierzo-se-corrige-a-si-misma-una-semana-despues\/"]}]},{"@type":"ImageObject","inLanguage":"es","@id":"https:\/\/agrupacionespsoe.es\/ponferrada\/el-psoe-lamenta-el-esperpento-presupuestario-coalicion-por-el-bierzo-se-corrige-a-si-misma-una-semana-despues\/#primaryimage","url":"https:\/\/agrupacionespsoe.es\/ponferrada\/wp-content\/uploads\/sites\/36\/2025\/06\/WhatsApp-Image-2025-06-27-at-12.48.46.jpeg","contentUrl":"https:\/\/agrupacionespsoe.es\/ponferrada\/wp-content\/uploads\/sites\/36\/2025\/06\/WhatsApp-Image-2025-06-27-at-12.48.46.jpeg","width":2000,"height":1500},{"@type":"BreadcrumbList","@id":"https:\/\/agrupacionespsoe.es\/ponferrada\/el-psoe-lamenta-el-esperpento-presupuestario-coalicion-por-el-bierzo-se-corrige-a-si-misma-una-semana-despues\/#breadcrumb","itemListElement":[{"@type":"ListItem","position":1,"name":"Portada","item":"https:\/\/agrupacionespsoe.es\/ponferrada\/"},{"@type":"ListItem","position":2,"name":"\u201cEl PSOE lamenta el esperpento presupuestario: Coalici\u00f3n por el Bierzo se corrige a s\u00ed misma una semana despu\u00e9s\u00bb"}]},{"@type":"WebSite","@id":"https:\/\/agrupacionespsoe.es\/ponferrada\/#website","url":"https:\/\/agrupacionespsoe.es\/ponferrada\/","name":"Agrupaci\u00f3n Socialista de Ponferrada","description":"Agrupaci\u00f3n Socialista de Ponferrada","publisher":{"@id":"https:\/\/agrupacionespsoe.es\/ponferrada\/#organization"},"potentialAction":[{"@type":"SearchAction","target":{"@type":"EntryPoint","urlTemplate":"https:\/\/agrupacionespsoe.es\/ponferrada\/?s={search_term_string}"},"query-input":{"@type":"PropertyValueSpecification","valueRequired":true,"valueName":"search_term_string"}}],"inLanguage":"es"},{"@type":"Organization","@id":"https:\/\/agrupacionespsoe.es\/ponferrada\/#organization","name":"Agrupaci\u00f3n Socialista de Ponferrada","url":"https:\/\/agrupacionespsoe.es\/ponferrada\/","logo":{"@type":"ImageObject","inLanguage":"es","@id":"https:\/\/agrupacionespsoe.es\/ponferrada\/#\/schema\/logo\/image\/","url":"https:\/\/agrupacionespsoe.es\/wp-content\/uploads\/2022\/07\/Logotipo_electoral_del_PSOE.png","contentUrl":"https:\/\/agrupacionespsoe.es\/wp-content\/uploads\/2022\/07\/Logotipo_electoral_del_PSOE.png","width":422,"height":422,"caption":"Agrupaci\u00f3n Socialista de Ponferrada"},"image":{"@id":"https:\/\/agrupacionespsoe.es\/ponferrada\/#\/schema\/logo\/image\/"}},{"@type":"Person","@id":"https:\/\/agrupacionespsoe.es\/ponferrada\/#\/schema\/person\/cd29ee627f3b70c05d415f02596debaa","name":"ponferrada2","image":{"@type":"ImageObject","inLanguage":"es","@id":"https:\/\/agrupacionespsoe.es\/ponferrada\/#\/schema\/person\/image\/","url":"https:\/\/secure.gravatar.com\/avatar\/f499eeb60144c664cf7b7edf75549b50?s=96&d=mm&r=g","contentUrl":"https:\/\/secure.gravatar.com\/avatar\/f499eeb60144c664cf7b7edf75549b50?s=96&d=mm&r=g","caption":"ponferrada2"},"url":"https:\/\/agrupacionespsoe.es\/ponferrada\/author\/ponferrada2\/"}]}},"jetpack_featured_media_url":"https:\/\/agrupacionespsoe.es\/ponferrada\/wp-content\/uploads\/sites\/36\/2025\/06\/WhatsApp-Image-2025-06-27-at-12.48.46.jpeg","jetpack_sharing_enabled":true,"_links":{"self":[{"href":"https:\/\/agrupacionespsoe.es\/ponferrada\/wp-json\/wp\/v2\/posts\/971","targetHints":{"allow":["GET"]}}],"collection":[{"href":"https:\/\/agrupacionespsoe.es\/ponferrada\/wp-json\/wp\/v2\/posts"}],"about":[{"href":"https:\/\/agrupacionespsoe.es\/ponferrada\/wp-json\/wp\/v2\/types\/post"}],"author":[{"embeddable":true,"href":"https:\/\/agrupacionespsoe.es\/ponferrada\/wp-json\/wp\/v2\/users\/32"}],"replies":[{"embeddable":true,"href":"https:\/\/agrupacionespsoe.es\/ponferrada\/wp-json\/wp\/v2\/comments?post=971"}],"version-history":[{"count":2,"href":"https:\/\/agrupacionespsoe.es\/ponferrada\/wp-json\/wp\/v2\/posts\/971\/revisions"}],"predecessor-version":[{"id":974,"href":"https:\/\/agrupacionespsoe.es\/ponferrada\/wp-json\/wp\/v2\/posts\/971\/revisions\/974"}],"wp:featuredmedia":[{"embeddable":true,"href":"https:\/\/agrupacionespsoe.es\/ponferrada\/wp-json\/wp\/v2\/media\/972"}],"wp:attachment":[{"href":"https:\/\/agrupacionespsoe.es\/ponferrada\/wp-json\/wp\/v2\/media?parent=971"}],"wp:term":[{"taxonomy":"category","embeddable":true,"href":"https:\/\/agrupacionespsoe.es\/ponferrada\/wp-json\/wp\/v2\/categories?post=971"},{"taxonomy":"post_tag","embeddable":true,"href":"https:\/\/agrupacionespsoe.es\/ponferrada\/wp-json\/wp\/v2\/tags?post=971"}],"curies":[{"name":"wp","href":"https:\/\/api.w.org\/{rel}","templated":true}]}}