{"id":962,"date":"2025-06-24T10:50:03","date_gmt":"2025-06-24T10:50:03","guid":{"rendered":"https:\/\/agrupacionespsoe.es\/ponferrada\/?p=962"},"modified":"2025-06-27T13:38:31","modified_gmt":"2025-06-27T13:38:31","slug":"962-2","status":"publish","type":"post","link":"https:\/\/agrupacionespsoe.es\/ponferrada\/962-2\/","title":{"rendered":"El Grupo Socialista hace p\u00fablicas sus propuestas de cara a los presupuestos de 2025"},"content":{"rendered":"\n<p><br>El portavoz del Grupo Municipal Socialista en el Ayuntamiento de Ponferrada, Olegario Ram\u00f3n, ofreci\u00f3 esta ma\u00f1ana una rueda de prensa en la que desgran\u00f3 con detalle las <strong>exigencias que su formaci\u00f3n ha trasladado al equipo de gobierno municipal<\/strong> para iniciar negociaciones de cara a un posible acuerdo sobre los presupuestos municipales de 2025.<\/p>\n\n\n\n<p>Ram\u00f3n comenz\u00f3 desgranando las peticiones que desde el PSOE se han puesto sobre la mesa:<\/p>\n\n\n\n<h4 class=\"wp-block-heading\">1. <strong>Paralizaci\u00f3n y reversi\u00f3n de la venta del solar del antiguo cuartel de la Guardia Civil<\/strong><\/h4>\n\n\n\n<p>Olegario Ram\u00f3n record\u00f3 que el Grupo Socialista ha hecho causa de la protecci\u00f3n del patrimonio municipal rechazando la venta del solar de la Guardia Civil. En los presupuestos figura una partida de <strong>804.000 euros<\/strong> procedente de la venta de dicho solar, y anunci\u00f3 que el grupo socialista ha pedido que no se contemple ninguna inversi\u00f3n concreta con esos fondos:  \u201cEsa cantidad debe ser reservarse a trav\u00e9s de una consignaci\u00f3n extrapresupuestaria para su posible devoluci\u00f3n al comprador, en funci\u00f3n de lo que se determine en sede judicial o por la revisi\u00f3n de oficio del acto de venta. Lo que no puede hacerse es gastarla como si nada ocurriera\u201d, explic\u00f3.<\/p>\n\n\n\n<p>Adem\u00e1s, considera que el Ayuntamiento debe allanarse al procedimiento judicial iniciado por el propio Grupo Socialista, y que si la empresa compradora comparece, se inicie de inmediato un proceso de revisi\u00f3n de oficio del expediente de venta.<\/p>\n\n\n\n<hr class=\"wp-block-separator has-alpha-channel-opacity\" \/>\n\n\n\n<h4 class=\"wp-block-heading\">2. <strong>No a la venta de un piso municipal en la calle Ancha<\/strong><\/h4>\n\n\n\n<p>La segunda petici\u00f3n est\u00e1 relacionado con la intenci\u00f3n de vender un piso municipal ubicado en la calle Ancha, junto al edificio donde se proyecta el futuro centro de innovaci\u00f3n.<\/p>\n\n\n\n<p>El Grupo Socialista se opone frontalmente a esta operaci\u00f3n, considerando que dicho inmueble podr\u00eda tener un uso social mucho m\u00e1s valioso: \u201cProponemos que ese piso, junto a otros del parque inmobiliario municipal, se destine a vivienda social, especialmente para j\u00f3venes, personas en situaci\u00f3n de vulnerabilidad o v\u00edctimas de violencia de g\u00e9nero\u201d.<\/p>\n\n\n\n<hr class=\"wp-block-separator has-alpha-channel-opacity\" \/>\n\n\n\n<h4 class=\"wp-block-heading\">3. <strong>Construcci\u00f3n de vivienda p\u00fablica: 12 nuevas unidades en 2025<\/strong><\/h4>\n\n\n\n<p>Ram\u00f3n denunci\u00f3 el incumplimiento del compromiso adquirido en el ejercicio anterior, en el que se acord\u00f3 la creaci\u00f3n de 8 viviendas sociales que, seg\u00fan explic\u00f3, a\u00fan no se han materializado. Por ello, adem\u00e1s de exigir su finalizaci\u00f3n, plante\u00f3 un nuevo objetivo: \u201cqueremos que haya otras 4 viviendas sociales para este a\u00f1o\u201d.<\/p>\n\n\n\n<hr class=\"wp-block-separator has-alpha-channel-opacity\" \/>\n\n\n\n<h4 class=\"wp-block-heading\">4. <strong>Refuerzo del servicio municipal de limpieza<\/strong><\/h4>\n\n\n\n<p>El portavoz socialista se\u00f1al\u00f3 tambi\u00e9n la precariedad de algunos servicios b\u00e1sicos, en especial la recogida de residuos y la limpieza viaria, por lo que reclam\u00f3:<\/p>\n\n\n\n<ul class=\"wp-block-list\">\n<li>La duplicaci\u00f3n de la inversi\u00f3n en nuevos contenedores.<\/li>\n\n\n\n<li>La adquisici\u00f3n de un veh\u00edculo espec\u00edfico para la limpieza de alcantarillado.<\/li>\n<\/ul>\n\n\n\n<hr class=\"wp-block-separator has-alpha-channel-opacity\" \/>\n\n\n\n<h4 class=\"wp-block-heading\">5. <strong>Reducci\u00f3n del 30% en gastos de fiestas y alumbrado rural<\/strong><\/h4>\n\n\n\n<p>En un contexto de necesidad de ajustes, Ram\u00f3n propuso reducir en un 30% las partidas destinadas a fiestas y alumbrados. \u201cNo parece correcto que con un plan econ\u00f3mico financiero, donde se recortan en casi toda las \u00e1reas de gobierno quite intacta la partida para fiestas\u201d, subray\u00f3.<\/p>\n\n\n\n<hr class=\"wp-block-separator has-alpha-channel-opacity\" \/>\n\n\n\n<h4 class=\"wp-block-heading\">6. <strong>Rehabilitaci\u00f3n pendiente en Espinoso de Compludo<\/strong><\/h4>\n\n\n\n<p>Ram\u00f3n tambi\u00e9n record\u00f3 que sigue sin ejecutarse el compromiso de actuaci\u00f3n en la calle principal de Espinoso de Compludo, una deuda hist\u00f3rica del Ayuntamiento con esta localidad. <\/p>\n\n\n\n<hr class=\"wp-block-separator has-alpha-channel-opacity\" \/>\n\n\n\n<h4 class=\"wp-block-heading\">7. <strong>Preparaci\u00f3n para la gesti\u00f3n p\u00fablica del transporte urbano<\/strong><\/h4>\n\n\n\n<p>En previsi\u00f3n del fin del actual contrato de transporte p\u00fablico, el Grupo Socialista propone iniciar desde ya los preparativos para su municipalizaci\u00f3n. Para ello, es imprescindible dotar el presupuesto con los recursos necesarios, o bien en el cap\u00edtulo 2 o en el 6, donde podr\u00eda incluirse la adquisici\u00f3n de un nuevo autob\u00fas.<\/p>\n\n\n\n<hr class=\"wp-block-separator has-alpha-channel-opacity\" \/>\n\n\n\n<h3 class=\"wp-block-heading\"><\/h3>\n\n\n\n<p>El portavoz socialista finaliz\u00f3 su intervenci\u00f3n dejando claro que su grupo se ha sentado a negociar por responsabilidad, a pesar de que los compromisos de los presupuestos del a\u00f1o pasado est\u00e1n sin cumplir, y que estamos a la espera de una respuesta definitiva por parte del equipo de gobierno sobre la aceptaci\u00f3n o no de estas condiciones, aunque ayer el concejal de Hacienda ya nos mostr\u00f3 la dificultad de que acepten nuestras propuestas. <\/p>\n\n\n\n<figure class=\"wp-block-image size-large\"><img loading=\"lazy\" decoding=\"async\" width=\"1024\" height=\"768\" src=\"https:\/\/agrupacionespsoe.es\/ponferrada\/wp-content\/uploads\/sites\/36\/2025\/06\/WhatsApp-Image-2025-06-24-at-12.48.16-1024x768.jpeg\" alt=\"\" class=\"wp-image-963\" srcset=\"https:\/\/agrupacionespsoe.es\/ponferrada\/wp-content\/uploads\/sites\/36\/2025\/06\/WhatsApp-Image-2025-06-24-at-12.48.16-1024x768.jpeg 1024w, https:\/\/agrupacionespsoe.es\/ponferrada\/wp-content\/uploads\/sites\/36\/2025\/06\/WhatsApp-Image-2025-06-24-at-12.48.16-300x225.jpeg 300w, https:\/\/agrupacionespsoe.es\/ponferrada\/wp-content\/uploads\/sites\/36\/2025\/06\/WhatsApp-Image-2025-06-24-at-12.48.16-768x576.jpeg 768w, https:\/\/agrupacionespsoe.es\/ponferrada\/wp-content\/uploads\/sites\/36\/2025\/06\/WhatsApp-Image-2025-06-24-at-12.48.16-1536x1152.jpeg 1536w, https:\/\/agrupacionespsoe.es\/ponferrada\/wp-content\/uploads\/sites\/36\/2025\/06\/WhatsApp-Image-2025-06-24-at-12.48.16.jpeg 1600w\" sizes=\"auto, (max-width: 1024px) 100vw, 1024px\" \/><\/figure>\n","protected":false},"excerpt":{"rendered":"<p>El portavoz del Grupo Municipal Socialista en el Ayuntamiento de Ponferrada, Olegario Ram\u00f3n, ofreci\u00f3 esta ma\u00f1ana una rueda de prensa en la que desgran\u00f3 con detalle las exigencias que su formaci\u00f3n ha trasladado al equipo de gobierno municipal para iniciar negociaciones de cara a un posible acuerdo sobre los presupuestos municipales de 2025. Ram\u00f3n comenz\u00f3 &#8230;<\/p>\n","protected":false},"author":32,"featured_media":963,"comment_status":"open","ping_status":"open","sticky":false,"template":"","format":"standard","meta":{"_jetpack_memberships_contains_paid_content":false,"footnotes":""},"categories":[6],"tags":[],"class_list":["post-962","post","type-post","status-publish","format-standard","has-post-thumbnail","hentry","category-actualidad"],"yoast_head":"<!-- This site is optimized with the Yoast SEO plugin v24.0 - https:\/\/yoast.com\/wordpress\/plugins\/seo\/ -->\n<title>El Grupo Socialista hace p\u00fablicas sus propuestas de cara a los presupuestos de 2025 - Agrupaci\u00f3n Socialista de Ponferrada<\/title>\n<meta name=\"robots\" content=\"index, follow, max-snippet:-1, max-image-preview:large, max-video-preview:-1\" \/>\n<link rel=\"canonical\" href=\"https:\/\/agrupacionespsoe.es\/ponferrada\/962-2\/\" \/>\n<meta property=\"og:locale\" content=\"es_ES\" \/>\n<meta property=\"og:type\" content=\"article\" \/>\n<meta property=\"og:title\" content=\"El Grupo Socialista hace p\u00fablicas sus propuestas de cara a los presupuestos de 2025 - Agrupaci\u00f3n Socialista de Ponferrada\" \/>\n<meta property=\"og:description\" content=\"El portavoz del Grupo Municipal Socialista en el Ayuntamiento de Ponferrada, Olegario Ram\u00f3n, ofreci\u00f3 esta ma\u00f1ana una rueda de prensa en la que desgran\u00f3 con detalle las exigencias que su formaci\u00f3n ha trasladado al equipo de gobierno municipal para iniciar negociaciones de cara a un posible acuerdo sobre los presupuestos municipales de 2025. Ram\u00f3n comenz\u00f3 ...\" \/>\n<meta property=\"og:url\" content=\"https:\/\/agrupacionespsoe.es\/ponferrada\/962-2\/\" \/>\n<meta property=\"og:site_name\" content=\"Agrupaci\u00f3n Socialista de Ponferrada\" \/>\n<meta property=\"article:published_time\" content=\"2025-06-24T10:50:03+00:00\" \/>\n<meta property=\"article:modified_time\" content=\"2025-06-27T13:38:31+00:00\" \/>\n<meta property=\"og:image\" content=\"https:\/\/agrupacionespsoe.es\/ponferrada\/wp-content\/uploads\/sites\/36\/2025\/06\/WhatsApp-Image-2025-06-24-at-12.48.16.jpeg\" \/>\n\t<meta property=\"og:image:width\" content=\"1600\" \/>\n\t<meta property=\"og:image:height\" content=\"1200\" \/>\n\t<meta property=\"og:image:type\" content=\"image\/jpeg\" \/>\n<meta name=\"author\" content=\"ponferrada2\" \/>\n<meta name=\"twitter:card\" content=\"summary_large_image\" \/>\n<meta name=\"twitter:label1\" content=\"Escrito por\" \/>\n\t<meta name=\"twitter:data1\" content=\"ponferrada2\" \/>\n\t<meta name=\"twitter:label2\" content=\"Tiempo de lectura\" \/>\n\t<meta name=\"twitter:data2\" content=\"4 minutos\" \/>\n<script type=\"application\/ld+json\" class=\"yoast-schema-graph\">{\"@context\":\"https:\/\/schema.org\",\"@graph\":[{\"@type\":\"Article\",\"@id\":\"https:\/\/agrupacionespsoe.es\/ponferrada\/962-2\/#article\",\"isPartOf\":{\"@id\":\"https:\/\/agrupacionespsoe.es\/ponferrada\/962-2\/\"},\"author\":{\"name\":\"ponferrada2\",\"@id\":\"https:\/\/agrupacionespsoe.es\/ponferrada\/#\/schema\/person\/cd29ee627f3b70c05d415f02596debaa\"},\"headline\":\"El Grupo Socialista hace p\u00fablicas sus propuestas de cara a los presupuestos de 2025\",\"datePublished\":\"2025-06-24T10:50:03+00:00\",\"dateModified\":\"2025-06-27T13:38:31+00:00\",\"mainEntityOfPage\":{\"@id\":\"https:\/\/agrupacionespsoe.es\/ponferrada\/962-2\/\"},\"wordCount\":721,\"commentCount\":0,\"publisher\":{\"@id\":\"https:\/\/agrupacionespsoe.es\/ponferrada\/#organization\"},\"image\":{\"@id\":\"https:\/\/agrupacionespsoe.es\/ponferrada\/962-2\/#primaryimage\"},\"thumbnailUrl\":\"https:\/\/agrupacionespsoe.es\/ponferrada\/wp-content\/uploads\/sites\/36\/2025\/06\/WhatsApp-Image-2025-06-24-at-12.48.16.jpeg\",\"articleSection\":[\"ACTUALIDAD\"],\"inLanguage\":\"es\",\"potentialAction\":[{\"@type\":\"CommentAction\",\"name\":\"Comment\",\"target\":[\"https:\/\/agrupacionespsoe.es\/ponferrada\/962-2\/#respond\"]}]},{\"@type\":\"WebPage\",\"@id\":\"https:\/\/agrupacionespsoe.es\/ponferrada\/962-2\/\",\"url\":\"https:\/\/agrupacionespsoe.es\/ponferrada\/962-2\/\",\"name\":\"El Grupo Socialista hace p\u00fablicas sus propuestas de cara a los presupuestos de 2025 - Agrupaci\u00f3n Socialista de Ponferrada\",\"isPartOf\":{\"@id\":\"https:\/\/agrupacionespsoe.es\/ponferrada\/#website\"},\"primaryImageOfPage\":{\"@id\":\"https:\/\/agrupacionespsoe.es\/ponferrada\/962-2\/#primaryimage\"},\"image\":{\"@id\":\"https:\/\/agrupacionespsoe.es\/ponferrada\/962-2\/#primaryimage\"},\"thumbnailUrl\":\"https:\/\/agrupacionespsoe.es\/ponferrada\/wp-content\/uploads\/sites\/36\/2025\/06\/WhatsApp-Image-2025-06-24-at-12.48.16.jpeg\",\"datePublished\":\"2025-06-24T10:50:03+00:00\",\"dateModified\":\"2025-06-27T13:38:31+00:00\",\"breadcrumb\":{\"@id\":\"https:\/\/agrupacionespsoe.es\/ponferrada\/962-2\/#breadcrumb\"},\"inLanguage\":\"es\",\"potentialAction\":[{\"@type\":\"ReadAction\",\"target\":[\"https:\/\/agrupacionespsoe.es\/ponferrada\/962-2\/\"]}]},{\"@type\":\"ImageObject\",\"inLanguage\":\"es\",\"@id\":\"https:\/\/agrupacionespsoe.es\/ponferrada\/962-2\/#primaryimage\",\"url\":\"https:\/\/agrupacionespsoe.es\/ponferrada\/wp-content\/uploads\/sites\/36\/2025\/06\/WhatsApp-Image-2025-06-24-at-12.48.16.jpeg\",\"contentUrl\":\"https:\/\/agrupacionespsoe.es\/ponferrada\/wp-content\/uploads\/sites\/36\/2025\/06\/WhatsApp-Image-2025-06-24-at-12.48.16.jpeg\",\"width\":1600,\"height\":1200},{\"@type\":\"BreadcrumbList\",\"@id\":\"https:\/\/agrupacionespsoe.es\/ponferrada\/962-2\/#breadcrumb\",\"itemListElement\":[{\"@type\":\"ListItem\",\"position\":1,\"name\":\"Portada\",\"item\":\"https:\/\/agrupacionespsoe.es\/ponferrada\/\"},{\"@type\":\"ListItem\",\"position\":2,\"name\":\"El Grupo Socialista hace p\u00fablicas sus propuestas de cara a los presupuestos de 2025\"}]},{\"@type\":\"WebSite\",\"@id\":\"https:\/\/agrupacionespsoe.es\/ponferrada\/#website\",\"url\":\"https:\/\/agrupacionespsoe.es\/ponferrada\/\",\"name\":\"Agrupaci\u00f3n Socialista de Ponferrada\",\"description\":\"Agrupaci\u00f3n Socialista de Ponferrada\",\"publisher\":{\"@id\":\"https:\/\/agrupacionespsoe.es\/ponferrada\/#organization\"},\"potentialAction\":[{\"@type\":\"SearchAction\",\"target\":{\"@type\":\"EntryPoint\",\"urlTemplate\":\"https:\/\/agrupacionespsoe.es\/ponferrada\/?s={search_term_string}\"},\"query-input\":{\"@type\":\"PropertyValueSpecification\",\"valueRequired\":true,\"valueName\":\"search_term_string\"}}],\"inLanguage\":\"es\"},{\"@type\":\"Organization\",\"@id\":\"https:\/\/agrupacionespsoe.es\/ponferrada\/#organization\",\"name\":\"Agrupaci\u00f3n Socialista de Ponferrada\",\"url\":\"https:\/\/agrupacionespsoe.es\/ponferrada\/\",\"logo\":{\"@type\":\"ImageObject\",\"inLanguage\":\"es\",\"@id\":\"https:\/\/agrupacionespsoe.es\/ponferrada\/#\/schema\/logo\/image\/\",\"url\":\"https:\/\/agrupacionespsoe.es\/wp-content\/uploads\/2022\/07\/Logotipo_electoral_del_PSOE.png\",\"contentUrl\":\"https:\/\/agrupacionespsoe.es\/wp-content\/uploads\/2022\/07\/Logotipo_electoral_del_PSOE.png\",\"width\":422,\"height\":422,\"caption\":\"Agrupaci\u00f3n Socialista de Ponferrada\"},\"image\":{\"@id\":\"https:\/\/agrupacionespsoe.es\/ponferrada\/#\/schema\/logo\/image\/\"}},{\"@type\":\"Person\",\"@id\":\"https:\/\/agrupacionespsoe.es\/ponferrada\/#\/schema\/person\/cd29ee627f3b70c05d415f02596debaa\",\"name\":\"ponferrada2\",\"image\":{\"@type\":\"ImageObject\",\"inLanguage\":\"es\",\"@id\":\"https:\/\/agrupacionespsoe.es\/ponferrada\/#\/schema\/person\/image\/\",\"url\":\"https:\/\/secure.gravatar.com\/avatar\/f499eeb60144c664cf7b7edf75549b50?s=96&d=mm&r=g\",\"contentUrl\":\"https:\/\/secure.gravatar.com\/avatar\/f499eeb60144c664cf7b7edf75549b50?s=96&d=mm&r=g\",\"caption\":\"ponferrada2\"},\"url\":\"https:\/\/agrupacionespsoe.es\/ponferrada\/author\/ponferrada2\/\"}]}<\/script>\n<!-- \/ Yoast SEO plugin. -->","yoast_head_json":{"title":"El Grupo Socialista hace p\u00fablicas sus propuestas de cara a los presupuestos de 2025 - Agrupaci\u00f3n Socialista de Ponferrada","robots":{"index":"index","follow":"follow","max-snippet":"max-snippet:-1","max-image-preview":"max-image-preview:large","max-video-preview":"max-video-preview:-1"},"canonical":"https:\/\/agrupacionespsoe.es\/ponferrada\/962-2\/","og_locale":"es_ES","og_type":"article","og_title":"El Grupo Socialista hace p\u00fablicas sus propuestas de cara a los presupuestos de 2025 - Agrupaci\u00f3n Socialista de Ponferrada","og_description":"El portavoz del Grupo Municipal Socialista en el Ayuntamiento de Ponferrada, Olegario Ram\u00f3n, ofreci\u00f3 esta ma\u00f1ana una rueda de prensa en la que desgran\u00f3 con detalle las exigencias que su formaci\u00f3n ha trasladado al equipo de gobierno municipal para iniciar negociaciones de cara a un posible acuerdo sobre los presupuestos municipales de 2025. Ram\u00f3n comenz\u00f3 ...","og_url":"https:\/\/agrupacionespsoe.es\/ponferrada\/962-2\/","og_site_name":"Agrupaci\u00f3n Socialista de Ponferrada","article_published_time":"2025-06-24T10:50:03+00:00","article_modified_time":"2025-06-27T13:38:31+00:00","og_image":[{"width":1600,"height":1200,"url":"https:\/\/agrupacionespsoe.es\/ponferrada\/wp-content\/uploads\/sites\/36\/2025\/06\/WhatsApp-Image-2025-06-24-at-12.48.16.jpeg","type":"image\/jpeg"}],"author":"ponferrada2","twitter_card":"summary_large_image","twitter_misc":{"Escrito por":"ponferrada2","Tiempo de lectura":"4 minutos"},"schema":{"@context":"https:\/\/schema.org","@graph":[{"@type":"Article","@id":"https:\/\/agrupacionespsoe.es\/ponferrada\/962-2\/#article","isPartOf":{"@id":"https:\/\/agrupacionespsoe.es\/ponferrada\/962-2\/"},"author":{"name":"ponferrada2","@id":"https:\/\/agrupacionespsoe.es\/ponferrada\/#\/schema\/person\/cd29ee627f3b70c05d415f02596debaa"},"headline":"El Grupo Socialista hace p\u00fablicas sus propuestas de cara a los presupuestos de 2025","datePublished":"2025-06-24T10:50:03+00:00","dateModified":"2025-06-27T13:38:31+00:00","mainEntityOfPage":{"@id":"https:\/\/agrupacionespsoe.es\/ponferrada\/962-2\/"},"wordCount":721,"commentCount":0,"publisher":{"@id":"https:\/\/agrupacionespsoe.es\/ponferrada\/#organization"},"image":{"@id":"https:\/\/agrupacionespsoe.es\/ponferrada\/962-2\/#primaryimage"},"thumbnailUrl":"https:\/\/agrupacionespsoe.es\/ponferrada\/wp-content\/uploads\/sites\/36\/2025\/06\/WhatsApp-Image-2025-06-24-at-12.48.16.jpeg","articleSection":["ACTUALIDAD"],"inLanguage":"es","potentialAction":[{"@type":"CommentAction","name":"Comment","target":["https:\/\/agrupacionespsoe.es\/ponferrada\/962-2\/#respond"]}]},{"@type":"WebPage","@id":"https:\/\/agrupacionespsoe.es\/ponferrada\/962-2\/","url":"https:\/\/agrupacionespsoe.es\/ponferrada\/962-2\/","name":"El Grupo Socialista hace p\u00fablicas sus propuestas de cara a los presupuestos de 2025 - Agrupaci\u00f3n Socialista de Ponferrada","isPartOf":{"@id":"https:\/\/agrupacionespsoe.es\/ponferrada\/#website"},"primaryImageOfPage":{"@id":"https:\/\/agrupacionespsoe.es\/ponferrada\/962-2\/#primaryimage"},"image":{"@id":"https:\/\/agrupacionespsoe.es\/ponferrada\/962-2\/#primaryimage"},"thumbnailUrl":"https:\/\/agrupacionespsoe.es\/ponferrada\/wp-content\/uploads\/sites\/36\/2025\/06\/WhatsApp-Image-2025-06-24-at-12.48.16.jpeg","datePublished":"2025-06-24T10:50:03+00:00","dateModified":"2025-06-27T13:38:31+00:00","breadcrumb":{"@id":"https:\/\/agrupacionespsoe.es\/ponferrada\/962-2\/#breadcrumb"},"inLanguage":"es","potentialAction":[{"@type":"ReadAction","target":["https:\/\/agrupacionespsoe.es\/ponferrada\/962-2\/"]}]},{"@type":"ImageObject","inLanguage":"es","@id":"https:\/\/agrupacionespsoe.es\/ponferrada\/962-2\/#primaryimage","url":"https:\/\/agrupacionespsoe.es\/ponferrada\/wp-content\/uploads\/sites\/36\/2025\/06\/WhatsApp-Image-2025-06-24-at-12.48.16.jpeg","contentUrl":"https:\/\/agrupacionespsoe.es\/ponferrada\/wp-content\/uploads\/sites\/36\/2025\/06\/WhatsApp-Image-2025-06-24-at-12.48.16.jpeg","width":1600,"height":1200},{"@type":"BreadcrumbList","@id":"https:\/\/agrupacionespsoe.es\/ponferrada\/962-2\/#breadcrumb","itemListElement":[{"@type":"ListItem","position":1,"name":"Portada","item":"https:\/\/agrupacionespsoe.es\/ponferrada\/"},{"@type":"ListItem","position":2,"name":"El Grupo Socialista hace p\u00fablicas sus propuestas de cara a los presupuestos de 2025"}]},{"@type":"WebSite","@id":"https:\/\/agrupacionespsoe.es\/ponferrada\/#website","url":"https:\/\/agrupacionespsoe.es\/ponferrada\/","name":"Agrupaci\u00f3n Socialista de Ponferrada","description":"Agrupaci\u00f3n Socialista de Ponferrada","publisher":{"@id":"https:\/\/agrupacionespsoe.es\/ponferrada\/#organization"},"potentialAction":[{"@type":"SearchAction","target":{"@type":"EntryPoint","urlTemplate":"https:\/\/agrupacionespsoe.es\/ponferrada\/?s={search_term_string}"},"query-input":{"@type":"PropertyValueSpecification","valueRequired":true,"valueName":"search_term_string"}}],"inLanguage":"es"},{"@type":"Organization","@id":"https:\/\/agrupacionespsoe.es\/ponferrada\/#organization","name":"Agrupaci\u00f3n Socialista de Ponferrada","url":"https:\/\/agrupacionespsoe.es\/ponferrada\/","logo":{"@type":"ImageObject","inLanguage":"es","@id":"https:\/\/agrupacionespsoe.es\/ponferrada\/#\/schema\/logo\/image\/","url":"https:\/\/agrupacionespsoe.es\/wp-content\/uploads\/2022\/07\/Logotipo_electoral_del_PSOE.png","contentUrl":"https:\/\/agrupacionespsoe.es\/wp-content\/uploads\/2022\/07\/Logotipo_electoral_del_PSOE.png","width":422,"height":422,"caption":"Agrupaci\u00f3n Socialista de Ponferrada"},"image":{"@id":"https:\/\/agrupacionespsoe.es\/ponferrada\/#\/schema\/logo\/image\/"}},{"@type":"Person","@id":"https:\/\/agrupacionespsoe.es\/ponferrada\/#\/schema\/person\/cd29ee627f3b70c05d415f02596debaa","name":"ponferrada2","image":{"@type":"ImageObject","inLanguage":"es","@id":"https:\/\/agrupacionespsoe.es\/ponferrada\/#\/schema\/person\/image\/","url":"https:\/\/secure.gravatar.com\/avatar\/f499eeb60144c664cf7b7edf75549b50?s=96&d=mm&r=g","contentUrl":"https:\/\/secure.gravatar.com\/avatar\/f499eeb60144c664cf7b7edf75549b50?s=96&d=mm&r=g","caption":"ponferrada2"},"url":"https:\/\/agrupacionespsoe.es\/ponferrada\/author\/ponferrada2\/"}]}},"jetpack_featured_media_url":"https:\/\/agrupacionespsoe.es\/ponferrada\/wp-content\/uploads\/sites\/36\/2025\/06\/WhatsApp-Image-2025-06-24-at-12.48.16.jpeg","jetpack_sharing_enabled":true,"_links":{"self":[{"href":"https:\/\/agrupacionespsoe.es\/ponferrada\/wp-json\/wp\/v2\/posts\/962","targetHints":{"allow":["GET"]}}],"collection":[{"href":"https:\/\/agrupacionespsoe.es\/ponferrada\/wp-json\/wp\/v2\/posts"}],"about":[{"href":"https:\/\/agrupacionespsoe.es\/ponferrada\/wp-json\/wp\/v2\/types\/post"}],"author":[{"embeddable":true,"href":"https:\/\/agrupacionespsoe.es\/ponferrada\/wp-json\/wp\/v2\/users\/32"}],"replies":[{"embeddable":true,"href":"https:\/\/agrupacionespsoe.es\/ponferrada\/wp-json\/wp\/v2\/comments?post=962"}],"version-history":[{"count":3,"href":"https:\/\/agrupacionespsoe.es\/ponferrada\/wp-json\/wp\/v2\/posts\/962\/revisions"}],"predecessor-version":[{"id":970,"href":"https:\/\/agrupacionespsoe.es\/ponferrada\/wp-json\/wp\/v2\/posts\/962\/revisions\/970"}],"wp:featuredmedia":[{"embeddable":true,"href":"https:\/\/agrupacionespsoe.es\/ponferrada\/wp-json\/wp\/v2\/media\/963"}],"wp:attachment":[{"href":"https:\/\/agrupacionespsoe.es\/ponferrada\/wp-json\/wp\/v2\/media?parent=962"}],"wp:term":[{"taxonomy":"category","embeddable":true,"href":"https:\/\/agrupacionespsoe.es\/ponferrada\/wp-json\/wp\/v2\/categories?post=962"},{"taxonomy":"post_tag","embeddable":true,"href":"https:\/\/agrupacionespsoe.es\/ponferrada\/wp-json\/wp\/v2\/tags?post=962"}],"curies":[{"name":"wp","href":"https:\/\/api.w.org\/{rel}","templated":true}]}}