{"id":955,"date":"2025-06-21T08:51:03","date_gmt":"2025-06-21T08:51:03","guid":{"rendered":"https:\/\/agrupacionespsoe.es\/ponferrada\/?p=955"},"modified":"2025-06-23T08:55:55","modified_gmt":"2025-06-23T08:55:55","slug":"el-psoe-de-ponferrada-renueva-su-comision-ejecutiva-municipal-con-un-proyecto-claro-y-ambicioso-para-recuperar-la-alcaldia-y-contribuir-al-cambio-en-castilla-y-leon","status":"publish","type":"post","link":"https:\/\/agrupacionespsoe.es\/ponferrada\/el-psoe-de-ponferrada-renueva-su-comision-ejecutiva-municipal-con-un-proyecto-claro-y-ambicioso-para-recuperar-la-alcaldia-y-contribuir-al-cambio-en-castilla-y-leon\/","title":{"rendered":"El PSOE de Ponferrada renueva su Comisi\u00f3n Ejecutiva Municipal con un proyecto claro y ambicioso para recuperar la Alcald\u00eda y contribuir al cambio en Castilla y Le\u00f3n"},"content":{"rendered":"\n<p>El PSOE de Ponferrada celebr\u00f3 este s\u00e1bado su Asamblea Municipal, en la que se procedi\u00f3 a la renovaci\u00f3n de la Comisi\u00f3n Ejecutiva con una clara apuesta por la renovaci\u00f3n, el compromiso con la ciudad y un proyecto pol\u00edtico s\u00f3lido, centrado en mejorar la vida de las y los ponferradinos y afrontar los pr\u00f3ximos retos electorales.<\/p>\n\n\n\n<p>La nueva Comisi\u00f3n Ejecutiva Municipal, encabezada por el secretario general <strong>Olegario Ram\u00f3n Fern\u00e1ndez<\/strong>, fue respaldada ampliamente por la militancia y representa una combinaci\u00f3n equilibrada de experiencia y nuevas incorporaciones, reflejo del compromiso del partido con la renovaci\u00f3n, la apertura y la acci\u00f3n pol\u00edtica desde los principios del socialismo democr\u00e1tico.<\/p>\n\n\n\n<p>El nuevo presidente de la agrupaci\u00f3n es <strong>Antonio Vega Rodr\u00edguez<\/strong>, mientras que la Vicesecretar\u00eda General recae en <strong>Mabel Fern\u00e1ndez Rodr\u00edguez<\/strong>, quien tambi\u00e9n asume el \u00e1rea de Memoria Democr\u00e1tica.<\/p>\n\n\n\n<p>Durante la asamblea se destac\u00f3 que la nueva ejecutiva trabajar\u00e1 de forma decidida desde los principios que definen al PSOE: la igualdad, el feminismo, la justicia social, la sostenibilidad y la defensa de lo p\u00fablico. Adem\u00e1s, ser\u00e1 firme y exigente con las instituciones superiores para reivindicar lo que es justo para <strong>Ponferrada<\/strong> y para <strong>El Bierzo<\/strong>, que merecen un mayor compromiso por parte de la Junta de Castilla y Le\u00f3n y del Gobierno auton\u00f3mico.<\/p>\n\n\n\n<p>La pr\u00f3xima cita electoral, las elecciones auton\u00f3micas, se plantea como el primer gran objetivo pol\u00edtico, con el prop\u00f3sito claro de contribuir a que <strong>Carlos Mart\u00ednez<\/strong> sea el pr\u00f3ximo presidente de la Junta de Castilla y Le\u00f3n. Igualmente, la nueva direcci\u00f3n fija como reto principal la <strong>recuperaci\u00f3n de la Alcald\u00eda de Ponferrada<\/strong>, poniendo en marcha desde ya una hoja de ruta basada en el trabajo cercano con la ciudadan\u00eda y la construcci\u00f3n de una alternativa progresista y s\u00f3lida para el municipio.<\/p>\n\n\n\n<figure class=\"wp-block-image size-large\"><img loading=\"lazy\" decoding=\"async\" width=\"1024\" height=\"768\" src=\"https:\/\/agrupacionespsoe.es\/ponferrada\/wp-content\/uploads\/sites\/36\/2025\/06\/WhatsApp-Image-2025-06-23-at-10.53.40-2-1024x768.jpeg\" alt=\"\" class=\"wp-image-958\" srcset=\"https:\/\/agrupacionespsoe.es\/ponferrada\/wp-content\/uploads\/sites\/36\/2025\/06\/WhatsApp-Image-2025-06-23-at-10.53.40-2-1024x768.jpeg 1024w, https:\/\/agrupacionespsoe.es\/ponferrada\/wp-content\/uploads\/sites\/36\/2025\/06\/WhatsApp-Image-2025-06-23-at-10.53.40-2-300x225.jpeg 300w, https:\/\/agrupacionespsoe.es\/ponferrada\/wp-content\/uploads\/sites\/36\/2025\/06\/WhatsApp-Image-2025-06-23-at-10.53.40-2-768x576.jpeg 768w, https:\/\/agrupacionespsoe.es\/ponferrada\/wp-content\/uploads\/sites\/36\/2025\/06\/WhatsApp-Image-2025-06-23-at-10.53.40-2-1536x1152.jpeg 1536w, https:\/\/agrupacionespsoe.es\/ponferrada\/wp-content\/uploads\/sites\/36\/2025\/06\/WhatsApp-Image-2025-06-23-at-10.53.40-2.jpeg 2048w\" sizes=\"auto, (max-width: 1024px) 100vw, 1024px\" \/><\/figure>\n\n\n\n<h3 class=\"wp-block-heading\">Composici\u00f3n de la nueva Comisi\u00f3n Ejecutiva Municipal del PSOE de Ponferrada:<\/h3>\n\n\n\n<ul class=\"wp-block-list\">\n<li><strong>Presidente:<\/strong> Antonio Vega Rodr\u00edguez<\/li>\n\n\n\n<li><strong>Secretario General:<\/strong> Olegario Ram\u00f3n Fern\u00e1ndez<\/li>\n\n\n\n<li><strong>Vicesecretaria General y Memoria Democr\u00e1tica:<\/strong> Mabel Fern\u00e1ndez Rodr\u00edguez<\/li>\n\n\n\n<li><strong>Secretaria de Organizaci\u00f3n:<\/strong> Judit Lama Arias<\/li>\n\n\n\n<li><strong>Secretario de Turismo y Deporte:<\/strong> Iv\u00e1n Castrillo Lozano<\/li>\n\n\n\n<li><strong>Secretaria de Igualdad y Servicios Sociales:<\/strong> Susana Rivada Masid<\/li>\n\n\n\n<li><strong>Secretaria de Medio Rural:<\/strong> Isabel Mart\u00ednez Castillo<\/li>\n\n\n\n<li><strong>Secretario de Pol\u00edtica Municipal, Empleo y Desarrollo Econ\u00f3mico:<\/strong> Andr\u00e9s Gabella Arreondas<\/li>\n\n\n\n<li><strong>Secretario de Movilidad:<\/strong> Jos\u00e9 Antonio Cart\u00f3n Mart\u00ednez<\/li>\n\n\n\n<li><strong>Secretaria de Educaci\u00f3n y Cultura:<\/strong> Sara Merino \u00c1lvarez<\/li>\n\n\n\n<li><strong>Secretario de Acci\u00f3n Electoral:<\/strong> Jos\u00e9 Vidal Y\u00e1\u00f1ez<\/li>\n\n\n\n<li><strong>Secretario de Infraestructuras:<\/strong> Enrique P\u00e9rez Gonz\u00e1lez<\/li>\n\n\n\n<li><strong>Secretario de Medio Ambiente, Cambio Clim\u00e1tico y Agenda 2030:<\/strong> Silvestre Ordo\u00f1oz Gavela<\/li>\n\n\n\n<li><strong>Secretaria de Transformaci\u00f3n Digital y Mayores:<\/strong> Teresa Montenegro Gaite<\/li>\n\n\n\n<li><strong>Secretaria de Dinamizaci\u00f3n de Barrios:<\/strong> Cristina Rodr\u00edguez Landeira<\/li>\n\n\n\n<li><strong>Secretario de Migraciones:<\/strong> Jancel Ferreras Medina<\/li>\n\n\n\n<li><strong>Secretaria de Reto Demogr\u00e1fico:<\/strong> Ver\u00f3nica Blanco Fern\u00e1ndez<\/li>\n<\/ul>\n\n\n\n<p>Con este nuevo equipo, el PSOE de Ponferrada da un paso decidido hacia una nueva etapa centrada en el compromiso social, la defensa de los derechos, la mejora de los servicios p\u00fablicos y la construcci\u00f3n de un futuro con m\u00e1s oportunidades para toda la ciudadan\u00eda ponferradina y berciana.<\/p>\n\n\n\n<figure class=\"wp-block-image size-large\"><img loading=\"lazy\" decoding=\"async\" width=\"1024\" height=\"768\" src=\"https:\/\/agrupacionespsoe.es\/ponferrada\/wp-content\/uploads\/sites\/36\/2025\/06\/WhatsApp-Image-2025-06-23-at-10.53.26-1024x768.jpeg\" alt=\"\" class=\"wp-image-959\" srcset=\"https:\/\/agrupacionespsoe.es\/ponferrada\/wp-content\/uploads\/sites\/36\/2025\/06\/WhatsApp-Image-2025-06-23-at-10.53.26-1024x768.jpeg 1024w, https:\/\/agrupacionespsoe.es\/ponferrada\/wp-content\/uploads\/sites\/36\/2025\/06\/WhatsApp-Image-2025-06-23-at-10.53.26-300x225.jpeg 300w, https:\/\/agrupacionespsoe.es\/ponferrada\/wp-content\/uploads\/sites\/36\/2025\/06\/WhatsApp-Image-2025-06-23-at-10.53.26-768x576.jpeg 768w, https:\/\/agrupacionespsoe.es\/ponferrada\/wp-content\/uploads\/sites\/36\/2025\/06\/WhatsApp-Image-2025-06-23-at-10.53.26-1536x1152.jpeg 1536w, https:\/\/agrupacionespsoe.es\/ponferrada\/wp-content\/uploads\/sites\/36\/2025\/06\/WhatsApp-Image-2025-06-23-at-10.53.26.jpeg 2048w\" sizes=\"auto, (max-width: 1024px) 100vw, 1024px\" \/><\/figure>\n","protected":false},"excerpt":{"rendered":"<p>El PSOE de Ponferrada celebr\u00f3 este s\u00e1bado su Asamblea Municipal, en la que se procedi\u00f3 a la renovaci\u00f3n de la Comisi\u00f3n Ejecutiva con una clara apuesta por la renovaci\u00f3n, el compromiso con la ciudad y un proyecto pol\u00edtico s\u00f3lido, centrado en mejorar la vida de las y los ponferradinos y afrontar los pr\u00f3ximos retos electorales. &#8230;<\/p>\n","protected":false},"author":32,"featured_media":959,"comment_status":"open","ping_status":"open","sticky":false,"template":"","format":"standard","meta":{"_jetpack_memberships_contains_paid_content":false,"footnotes":""},"categories":[6],"tags":[],"class_list":["post-955","post","type-post","status-publish","format-standard","has-post-thumbnail","hentry","category-actualidad"],"yoast_head":"<!-- This site is optimized with the Yoast SEO plugin v24.0 - https:\/\/yoast.com\/wordpress\/plugins\/seo\/ -->\n<title>El PSOE de Ponferrada renueva su Comisi\u00f3n Ejecutiva Municipal con un proyecto claro y ambicioso para recuperar la Alcald\u00eda y contribuir al cambio en Castilla y Le\u00f3n - Agrupaci\u00f3n Socialista de Ponferrada<\/title>\n<meta name=\"robots\" content=\"index, follow, max-snippet:-1, max-image-preview:large, max-video-preview:-1\" \/>\n<link rel=\"canonical\" href=\"https:\/\/agrupacionespsoe.es\/ponferrada\/el-psoe-de-ponferrada-renueva-su-comision-ejecutiva-municipal-con-un-proyecto-claro-y-ambicioso-para-recuperar-la-alcaldia-y-contribuir-al-cambio-en-castilla-y-leon\/\" \/>\n<meta property=\"og:locale\" content=\"es_ES\" \/>\n<meta property=\"og:type\" content=\"article\" \/>\n<meta property=\"og:title\" content=\"El PSOE de Ponferrada renueva su Comisi\u00f3n Ejecutiva Municipal con un proyecto claro y ambicioso para recuperar la Alcald\u00eda y contribuir al cambio en Castilla y Le\u00f3n - Agrupaci\u00f3n Socialista de Ponferrada\" \/>\n<meta property=\"og:description\" content=\"El PSOE de Ponferrada celebr\u00f3 este s\u00e1bado su Asamblea Municipal, en la que se procedi\u00f3 a la renovaci\u00f3n de la Comisi\u00f3n Ejecutiva con una clara apuesta por la renovaci\u00f3n, el compromiso con la ciudad y un proyecto pol\u00edtico s\u00f3lido, centrado en mejorar la vida de las y los ponferradinos y afrontar los pr\u00f3ximos retos electorales. ...\" \/>\n<meta property=\"og:url\" content=\"https:\/\/agrupacionespsoe.es\/ponferrada\/el-psoe-de-ponferrada-renueva-su-comision-ejecutiva-municipal-con-un-proyecto-claro-y-ambicioso-para-recuperar-la-alcaldia-y-contribuir-al-cambio-en-castilla-y-leon\/\" \/>\n<meta property=\"og:site_name\" content=\"Agrupaci\u00f3n Socialista de Ponferrada\" \/>\n<meta property=\"article:published_time\" content=\"2025-06-21T08:51:03+00:00\" \/>\n<meta property=\"article:modified_time\" content=\"2025-06-23T08:55:55+00:00\" \/>\n<meta property=\"og:image\" content=\"https:\/\/agrupacionespsoe.es\/ponferrada\/wp-content\/uploads\/sites\/36\/2025\/06\/WhatsApp-Image-2025-06-23-at-10.53.26.jpeg\" \/>\n\t<meta property=\"og:image:width\" content=\"2048\" \/>\n\t<meta property=\"og:image:height\" content=\"1536\" \/>\n\t<meta property=\"og:image:type\" content=\"image\/jpeg\" \/>\n<meta name=\"author\" content=\"ponferrada2\" \/>\n<meta name=\"twitter:card\" content=\"summary_large_image\" \/>\n<meta name=\"twitter:label1\" content=\"Escrito por\" \/>\n\t<meta name=\"twitter:data1\" content=\"ponferrada2\" \/>\n\t<meta name=\"twitter:label2\" content=\"Tiempo de lectura\" \/>\n\t<meta name=\"twitter:data2\" content=\"3 minutos\" \/>\n<script type=\"application\/ld+json\" class=\"yoast-schema-graph\">{\"@context\":\"https:\/\/schema.org\",\"@graph\":[{\"@type\":\"Article\",\"@id\":\"https:\/\/agrupacionespsoe.es\/ponferrada\/el-psoe-de-ponferrada-renueva-su-comision-ejecutiva-municipal-con-un-proyecto-claro-y-ambicioso-para-recuperar-la-alcaldia-y-contribuir-al-cambio-en-castilla-y-leon\/#article\",\"isPartOf\":{\"@id\":\"https:\/\/agrupacionespsoe.es\/ponferrada\/el-psoe-de-ponferrada-renueva-su-comision-ejecutiva-municipal-con-un-proyecto-claro-y-ambicioso-para-recuperar-la-alcaldia-y-contribuir-al-cambio-en-castilla-y-leon\/\"},\"author\":{\"name\":\"ponferrada2\",\"@id\":\"https:\/\/agrupacionespsoe.es\/ponferrada\/#\/schema\/person\/cd29ee627f3b70c05d415f02596debaa\"},\"headline\":\"El PSOE de Ponferrada renueva su Comisi\u00f3n Ejecutiva Municipal con un proyecto claro y ambicioso para recuperar la Alcald\u00eda y contribuir al cambio en Castilla y Le\u00f3n\",\"datePublished\":\"2025-06-21T08:51:03+00:00\",\"dateModified\":\"2025-06-23T08:55:55+00:00\",\"mainEntityOfPage\":{\"@id\":\"https:\/\/agrupacionespsoe.es\/ponferrada\/el-psoe-de-ponferrada-renueva-su-comision-ejecutiva-municipal-con-un-proyecto-claro-y-ambicioso-para-recuperar-la-alcaldia-y-contribuir-al-cambio-en-castilla-y-leon\/\"},\"wordCount\":574,\"commentCount\":0,\"publisher\":{\"@id\":\"https:\/\/agrupacionespsoe.es\/ponferrada\/#organization\"},\"image\":{\"@id\":\"https:\/\/agrupacionespsoe.es\/ponferrada\/el-psoe-de-ponferrada-renueva-su-comision-ejecutiva-municipal-con-un-proyecto-claro-y-ambicioso-para-recuperar-la-alcaldia-y-contribuir-al-cambio-en-castilla-y-leon\/#primaryimage\"},\"thumbnailUrl\":\"https:\/\/agrupacionespsoe.es\/ponferrada\/wp-content\/uploads\/sites\/36\/2025\/06\/WhatsApp-Image-2025-06-23-at-10.53.26.jpeg\",\"articleSection\":[\"ACTUALIDAD\"],\"inLanguage\":\"es\",\"potentialAction\":[{\"@type\":\"CommentAction\",\"name\":\"Comment\",\"target\":[\"https:\/\/agrupacionespsoe.es\/ponferrada\/el-psoe-de-ponferrada-renueva-su-comision-ejecutiva-municipal-con-un-proyecto-claro-y-ambicioso-para-recuperar-la-alcaldia-y-contribuir-al-cambio-en-castilla-y-leon\/#respond\"]}]},{\"@type\":\"WebPage\",\"@id\":\"https:\/\/agrupacionespsoe.es\/ponferrada\/el-psoe-de-ponferrada-renueva-su-comision-ejecutiva-municipal-con-un-proyecto-claro-y-ambicioso-para-recuperar-la-alcaldia-y-contribuir-al-cambio-en-castilla-y-leon\/\",\"url\":\"https:\/\/agrupacionespsoe.es\/ponferrada\/el-psoe-de-ponferrada-renueva-su-comision-ejecutiva-municipal-con-un-proyecto-claro-y-ambicioso-para-recuperar-la-alcaldia-y-contribuir-al-cambio-en-castilla-y-leon\/\",\"name\":\"El PSOE de Ponferrada renueva su Comisi\u00f3n Ejecutiva Municipal con un proyecto claro y ambicioso para recuperar la Alcald\u00eda y contribuir al cambio en Castilla y Le\u00f3n - Agrupaci\u00f3n Socialista de Ponferrada\",\"isPartOf\":{\"@id\":\"https:\/\/agrupacionespsoe.es\/ponferrada\/#website\"},\"primaryImageOfPage\":{\"@id\":\"https:\/\/agrupacionespsoe.es\/ponferrada\/el-psoe-de-ponferrada-renueva-su-comision-ejecutiva-municipal-con-un-proyecto-claro-y-ambicioso-para-recuperar-la-alcaldia-y-contribuir-al-cambio-en-castilla-y-leon\/#primaryimage\"},\"image\":{\"@id\":\"https:\/\/agrupacionespsoe.es\/ponferrada\/el-psoe-de-ponferrada-renueva-su-comision-ejecutiva-municipal-con-un-proyecto-claro-y-ambicioso-para-recuperar-la-alcaldia-y-contribuir-al-cambio-en-castilla-y-leon\/#primaryimage\"},\"thumbnailUrl\":\"https:\/\/agrupacionespsoe.es\/ponferrada\/wp-content\/uploads\/sites\/36\/2025\/06\/WhatsApp-Image-2025-06-23-at-10.53.26.jpeg\",\"datePublished\":\"2025-06-21T08:51:03+00:00\",\"dateModified\":\"2025-06-23T08:55:55+00:00\",\"breadcrumb\":{\"@id\":\"https:\/\/agrupacionespsoe.es\/ponferrada\/el-psoe-de-ponferrada-renueva-su-comision-ejecutiva-municipal-con-un-proyecto-claro-y-ambicioso-para-recuperar-la-alcaldia-y-contribuir-al-cambio-en-castilla-y-leon\/#breadcrumb\"},\"inLanguage\":\"es\",\"potentialAction\":[{\"@type\":\"ReadAction\",\"target\":[\"https:\/\/agrupacionespsoe.es\/ponferrada\/el-psoe-de-ponferrada-renueva-su-comision-ejecutiva-municipal-con-un-proyecto-claro-y-ambicioso-para-recuperar-la-alcaldia-y-contribuir-al-cambio-en-castilla-y-leon\/\"]}]},{\"@type\":\"ImageObject\",\"inLanguage\":\"es\",\"@id\":\"https:\/\/agrupacionespsoe.es\/ponferrada\/el-psoe-de-ponferrada-renueva-su-comision-ejecutiva-municipal-con-un-proyecto-claro-y-ambicioso-para-recuperar-la-alcaldia-y-contribuir-al-cambio-en-castilla-y-leon\/#primaryimage\",\"url\":\"https:\/\/agrupacionespsoe.es\/ponferrada\/wp-content\/uploads\/sites\/36\/2025\/06\/WhatsApp-Image-2025-06-23-at-10.53.26.jpeg\",\"contentUrl\":\"https:\/\/agrupacionespsoe.es\/ponferrada\/wp-content\/uploads\/sites\/36\/2025\/06\/WhatsApp-Image-2025-06-23-at-10.53.26.jpeg\",\"width\":2048,\"height\":1536},{\"@type\":\"BreadcrumbList\",\"@id\":\"https:\/\/agrupacionespsoe.es\/ponferrada\/el-psoe-de-ponferrada-renueva-su-comision-ejecutiva-municipal-con-un-proyecto-claro-y-ambicioso-para-recuperar-la-alcaldia-y-contribuir-al-cambio-en-castilla-y-leon\/#breadcrumb\",\"itemListElement\":[{\"@type\":\"ListItem\",\"position\":1,\"name\":\"Portada\",\"item\":\"https:\/\/agrupacionespsoe.es\/ponferrada\/\"},{\"@type\":\"ListItem\",\"position\":2,\"name\":\"El PSOE de Ponferrada renueva su Comisi\u00f3n Ejecutiva Municipal con un proyecto claro y ambicioso para recuperar la Alcald\u00eda y contribuir al cambio en Castilla y Le\u00f3n\"}]},{\"@type\":\"WebSite\",\"@id\":\"https:\/\/agrupacionespsoe.es\/ponferrada\/#website\",\"url\":\"https:\/\/agrupacionespsoe.es\/ponferrada\/\",\"name\":\"Agrupaci\u00f3n Socialista de Ponferrada\",\"description\":\"Agrupaci\u00f3n Socialista de Ponferrada\",\"publisher\":{\"@id\":\"https:\/\/agrupacionespsoe.es\/ponferrada\/#organization\"},\"potentialAction\":[{\"@type\":\"SearchAction\",\"target\":{\"@type\":\"EntryPoint\",\"urlTemplate\":\"https:\/\/agrupacionespsoe.es\/ponferrada\/?s={search_term_string}\"},\"query-input\":{\"@type\":\"PropertyValueSpecification\",\"valueRequired\":true,\"valueName\":\"search_term_string\"}}],\"inLanguage\":\"es\"},{\"@type\":\"Organization\",\"@id\":\"https:\/\/agrupacionespsoe.es\/ponferrada\/#organization\",\"name\":\"Agrupaci\u00f3n Socialista de Ponferrada\",\"url\":\"https:\/\/agrupacionespsoe.es\/ponferrada\/\",\"logo\":{\"@type\":\"ImageObject\",\"inLanguage\":\"es\",\"@id\":\"https:\/\/agrupacionespsoe.es\/ponferrada\/#\/schema\/logo\/image\/\",\"url\":\"https:\/\/agrupacionespsoe.es\/wp-content\/uploads\/2022\/07\/Logotipo_electoral_del_PSOE.png\",\"contentUrl\":\"https:\/\/agrupacionespsoe.es\/wp-content\/uploads\/2022\/07\/Logotipo_electoral_del_PSOE.png\",\"width\":422,\"height\":422,\"caption\":\"Agrupaci\u00f3n Socialista de Ponferrada\"},\"image\":{\"@id\":\"https:\/\/agrupacionespsoe.es\/ponferrada\/#\/schema\/logo\/image\/\"}},{\"@type\":\"Person\",\"@id\":\"https:\/\/agrupacionespsoe.es\/ponferrada\/#\/schema\/person\/cd29ee627f3b70c05d415f02596debaa\",\"name\":\"ponferrada2\",\"image\":{\"@type\":\"ImageObject\",\"inLanguage\":\"es\",\"@id\":\"https:\/\/agrupacionespsoe.es\/ponferrada\/#\/schema\/person\/image\/\",\"url\":\"https:\/\/secure.gravatar.com\/avatar\/f499eeb60144c664cf7b7edf75549b50?s=96&d=mm&r=g\",\"contentUrl\":\"https:\/\/secure.gravatar.com\/avatar\/f499eeb60144c664cf7b7edf75549b50?s=96&d=mm&r=g\",\"caption\":\"ponferrada2\"},\"url\":\"https:\/\/agrupacionespsoe.es\/ponferrada\/author\/ponferrada2\/\"}]}<\/script>\n<!-- \/ Yoast SEO plugin. -->","yoast_head_json":{"title":"El PSOE de Ponferrada renueva su Comisi\u00f3n Ejecutiva Municipal con un proyecto claro y ambicioso para recuperar la Alcald\u00eda y contribuir al cambio en Castilla y Le\u00f3n - Agrupaci\u00f3n Socialista de Ponferrada","robots":{"index":"index","follow":"follow","max-snippet":"max-snippet:-1","max-image-preview":"max-image-preview:large","max-video-preview":"max-video-preview:-1"},"canonical":"https:\/\/agrupacionespsoe.es\/ponferrada\/el-psoe-de-ponferrada-renueva-su-comision-ejecutiva-municipal-con-un-proyecto-claro-y-ambicioso-para-recuperar-la-alcaldia-y-contribuir-al-cambio-en-castilla-y-leon\/","og_locale":"es_ES","og_type":"article","og_title":"El PSOE de Ponferrada renueva su Comisi\u00f3n Ejecutiva Municipal con un proyecto claro y ambicioso para recuperar la Alcald\u00eda y contribuir al cambio en Castilla y Le\u00f3n - Agrupaci\u00f3n Socialista de Ponferrada","og_description":"El PSOE de Ponferrada celebr\u00f3 este s\u00e1bado su Asamblea Municipal, en la que se procedi\u00f3 a la renovaci\u00f3n de la Comisi\u00f3n Ejecutiva con una clara apuesta por la renovaci\u00f3n, el compromiso con la ciudad y un proyecto pol\u00edtico s\u00f3lido, centrado en mejorar la vida de las y los ponferradinos y afrontar los pr\u00f3ximos retos electorales. ...","og_url":"https:\/\/agrupacionespsoe.es\/ponferrada\/el-psoe-de-ponferrada-renueva-su-comision-ejecutiva-municipal-con-un-proyecto-claro-y-ambicioso-para-recuperar-la-alcaldia-y-contribuir-al-cambio-en-castilla-y-leon\/","og_site_name":"Agrupaci\u00f3n Socialista de Ponferrada","article_published_time":"2025-06-21T08:51:03+00:00","article_modified_time":"2025-06-23T08:55:55+00:00","og_image":[{"width":2048,"height":1536,"url":"https:\/\/agrupacionespsoe.es\/ponferrada\/wp-content\/uploads\/sites\/36\/2025\/06\/WhatsApp-Image-2025-06-23-at-10.53.26.jpeg","type":"image\/jpeg"}],"author":"ponferrada2","twitter_card":"summary_large_image","twitter_misc":{"Escrito por":"ponferrada2","Tiempo de lectura":"3 minutos"},"schema":{"@context":"https:\/\/schema.org","@graph":[{"@type":"Article","@id":"https:\/\/agrupacionespsoe.es\/ponferrada\/el-psoe-de-ponferrada-renueva-su-comision-ejecutiva-municipal-con-un-proyecto-claro-y-ambicioso-para-recuperar-la-alcaldia-y-contribuir-al-cambio-en-castilla-y-leon\/#article","isPartOf":{"@id":"https:\/\/agrupacionespsoe.es\/ponferrada\/el-psoe-de-ponferrada-renueva-su-comision-ejecutiva-municipal-con-un-proyecto-claro-y-ambicioso-para-recuperar-la-alcaldia-y-contribuir-al-cambio-en-castilla-y-leon\/"},"author":{"name":"ponferrada2","@id":"https:\/\/agrupacionespsoe.es\/ponferrada\/#\/schema\/person\/cd29ee627f3b70c05d415f02596debaa"},"headline":"El PSOE de Ponferrada renueva su Comisi\u00f3n Ejecutiva Municipal con un proyecto claro y ambicioso para recuperar la Alcald\u00eda y contribuir al cambio en Castilla y Le\u00f3n","datePublished":"2025-06-21T08:51:03+00:00","dateModified":"2025-06-23T08:55:55+00:00","mainEntityOfPage":{"@id":"https:\/\/agrupacionespsoe.es\/ponferrada\/el-psoe-de-ponferrada-renueva-su-comision-ejecutiva-municipal-con-un-proyecto-claro-y-ambicioso-para-recuperar-la-alcaldia-y-contribuir-al-cambio-en-castilla-y-leon\/"},"wordCount":574,"commentCount":0,"publisher":{"@id":"https:\/\/agrupacionespsoe.es\/ponferrada\/#organization"},"image":{"@id":"https:\/\/agrupacionespsoe.es\/ponferrada\/el-psoe-de-ponferrada-renueva-su-comision-ejecutiva-municipal-con-un-proyecto-claro-y-ambicioso-para-recuperar-la-alcaldia-y-contribuir-al-cambio-en-castilla-y-leon\/#primaryimage"},"thumbnailUrl":"https:\/\/agrupacionespsoe.es\/ponferrada\/wp-content\/uploads\/sites\/36\/2025\/06\/WhatsApp-Image-2025-06-23-at-10.53.26.jpeg","articleSection":["ACTUALIDAD"],"inLanguage":"es","potentialAction":[{"@type":"CommentAction","name":"Comment","target":["https:\/\/agrupacionespsoe.es\/ponferrada\/el-psoe-de-ponferrada-renueva-su-comision-ejecutiva-municipal-con-un-proyecto-claro-y-ambicioso-para-recuperar-la-alcaldia-y-contribuir-al-cambio-en-castilla-y-leon\/#respond"]}]},{"@type":"WebPage","@id":"https:\/\/agrupacionespsoe.es\/ponferrada\/el-psoe-de-ponferrada-renueva-su-comision-ejecutiva-municipal-con-un-proyecto-claro-y-ambicioso-para-recuperar-la-alcaldia-y-contribuir-al-cambio-en-castilla-y-leon\/","url":"https:\/\/agrupacionespsoe.es\/ponferrada\/el-psoe-de-ponferrada-renueva-su-comision-ejecutiva-municipal-con-un-proyecto-claro-y-ambicioso-para-recuperar-la-alcaldia-y-contribuir-al-cambio-en-castilla-y-leon\/","name":"El PSOE de Ponferrada renueva su Comisi\u00f3n Ejecutiva Municipal con un proyecto claro y ambicioso para recuperar la Alcald\u00eda y contribuir al cambio en Castilla y Le\u00f3n - Agrupaci\u00f3n Socialista de Ponferrada","isPartOf":{"@id":"https:\/\/agrupacionespsoe.es\/ponferrada\/#website"},"primaryImageOfPage":{"@id":"https:\/\/agrupacionespsoe.es\/ponferrada\/el-psoe-de-ponferrada-renueva-su-comision-ejecutiva-municipal-con-un-proyecto-claro-y-ambicioso-para-recuperar-la-alcaldia-y-contribuir-al-cambio-en-castilla-y-leon\/#primaryimage"},"image":{"@id":"https:\/\/agrupacionespsoe.es\/ponferrada\/el-psoe-de-ponferrada-renueva-su-comision-ejecutiva-municipal-con-un-proyecto-claro-y-ambicioso-para-recuperar-la-alcaldia-y-contribuir-al-cambio-en-castilla-y-leon\/#primaryimage"},"thumbnailUrl":"https:\/\/agrupacionespsoe.es\/ponferrada\/wp-content\/uploads\/sites\/36\/2025\/06\/WhatsApp-Image-2025-06-23-at-10.53.26.jpeg","datePublished":"2025-06-21T08:51:03+00:00","dateModified":"2025-06-23T08:55:55+00:00","breadcrumb":{"@id":"https:\/\/agrupacionespsoe.es\/ponferrada\/el-psoe-de-ponferrada-renueva-su-comision-ejecutiva-municipal-con-un-proyecto-claro-y-ambicioso-para-recuperar-la-alcaldia-y-contribuir-al-cambio-en-castilla-y-leon\/#breadcrumb"},"inLanguage":"es","potentialAction":[{"@type":"ReadAction","target":["https:\/\/agrupacionespsoe.es\/ponferrada\/el-psoe-de-ponferrada-renueva-su-comision-ejecutiva-municipal-con-un-proyecto-claro-y-ambicioso-para-recuperar-la-alcaldia-y-contribuir-al-cambio-en-castilla-y-leon\/"]}]},{"@type":"ImageObject","inLanguage":"es","@id":"https:\/\/agrupacionespsoe.es\/ponferrada\/el-psoe-de-ponferrada-renueva-su-comision-ejecutiva-municipal-con-un-proyecto-claro-y-ambicioso-para-recuperar-la-alcaldia-y-contribuir-al-cambio-en-castilla-y-leon\/#primaryimage","url":"https:\/\/agrupacionespsoe.es\/ponferrada\/wp-content\/uploads\/sites\/36\/2025\/06\/WhatsApp-Image-2025-06-23-at-10.53.26.jpeg","contentUrl":"https:\/\/agrupacionespsoe.es\/ponferrada\/wp-content\/uploads\/sites\/36\/2025\/06\/WhatsApp-Image-2025-06-23-at-10.53.26.jpeg","width":2048,"height":1536},{"@type":"BreadcrumbList","@id":"https:\/\/agrupacionespsoe.es\/ponferrada\/el-psoe-de-ponferrada-renueva-su-comision-ejecutiva-municipal-con-un-proyecto-claro-y-ambicioso-para-recuperar-la-alcaldia-y-contribuir-al-cambio-en-castilla-y-leon\/#breadcrumb","itemListElement":[{"@type":"ListItem","position":1,"name":"Portada","item":"https:\/\/agrupacionespsoe.es\/ponferrada\/"},{"@type":"ListItem","position":2,"name":"El PSOE de Ponferrada renueva su Comisi\u00f3n Ejecutiva Municipal con un proyecto claro y ambicioso para recuperar la Alcald\u00eda y contribuir al cambio en Castilla y Le\u00f3n"}]},{"@type":"WebSite","@id":"https:\/\/agrupacionespsoe.es\/ponferrada\/#website","url":"https:\/\/agrupacionespsoe.es\/ponferrada\/","name":"Agrupaci\u00f3n Socialista de Ponferrada","description":"Agrupaci\u00f3n Socialista de Ponferrada","publisher":{"@id":"https:\/\/agrupacionespsoe.es\/ponferrada\/#organization"},"potentialAction":[{"@type":"SearchAction","target":{"@type":"EntryPoint","urlTemplate":"https:\/\/agrupacionespsoe.es\/ponferrada\/?s={search_term_string}"},"query-input":{"@type":"PropertyValueSpecification","valueRequired":true,"valueName":"search_term_string"}}],"inLanguage":"es"},{"@type":"Organization","@id":"https:\/\/agrupacionespsoe.es\/ponferrada\/#organization","name":"Agrupaci\u00f3n Socialista de Ponferrada","url":"https:\/\/agrupacionespsoe.es\/ponferrada\/","logo":{"@type":"ImageObject","inLanguage":"es","@id":"https:\/\/agrupacionespsoe.es\/ponferrada\/#\/schema\/logo\/image\/","url":"https:\/\/agrupacionespsoe.es\/wp-content\/uploads\/2022\/07\/Logotipo_electoral_del_PSOE.png","contentUrl":"https:\/\/agrupacionespsoe.es\/wp-content\/uploads\/2022\/07\/Logotipo_electoral_del_PSOE.png","width":422,"height":422,"caption":"Agrupaci\u00f3n Socialista de Ponferrada"},"image":{"@id":"https:\/\/agrupacionespsoe.es\/ponferrada\/#\/schema\/logo\/image\/"}},{"@type":"Person","@id":"https:\/\/agrupacionespsoe.es\/ponferrada\/#\/schema\/person\/cd29ee627f3b70c05d415f02596debaa","name":"ponferrada2","image":{"@type":"ImageObject","inLanguage":"es","@id":"https:\/\/agrupacionespsoe.es\/ponferrada\/#\/schema\/person\/image\/","url":"https:\/\/secure.gravatar.com\/avatar\/f499eeb60144c664cf7b7edf75549b50?s=96&d=mm&r=g","contentUrl":"https:\/\/secure.gravatar.com\/avatar\/f499eeb60144c664cf7b7edf75549b50?s=96&d=mm&r=g","caption":"ponferrada2"},"url":"https:\/\/agrupacionespsoe.es\/ponferrada\/author\/ponferrada2\/"}]}},"jetpack_featured_media_url":"https:\/\/agrupacionespsoe.es\/ponferrada\/wp-content\/uploads\/sites\/36\/2025\/06\/WhatsApp-Image-2025-06-23-at-10.53.26.jpeg","jetpack_sharing_enabled":true,"_links":{"self":[{"href":"https:\/\/agrupacionespsoe.es\/ponferrada\/wp-json\/wp\/v2\/posts\/955","targetHints":{"allow":["GET"]}}],"collection":[{"href":"https:\/\/agrupacionespsoe.es\/ponferrada\/wp-json\/wp\/v2\/posts"}],"about":[{"href":"https:\/\/agrupacionespsoe.es\/ponferrada\/wp-json\/wp\/v2\/types\/post"}],"author":[{"embeddable":true,"href":"https:\/\/agrupacionespsoe.es\/ponferrada\/wp-json\/wp\/v2\/users\/32"}],"replies":[{"embeddable":true,"href":"https:\/\/agrupacionespsoe.es\/ponferrada\/wp-json\/wp\/v2\/comments?post=955"}],"version-history":[{"count":2,"href":"https:\/\/agrupacionespsoe.es\/ponferrada\/wp-json\/wp\/v2\/posts\/955\/revisions"}],"predecessor-version":[{"id":961,"href":"https:\/\/agrupacionespsoe.es\/ponferrada\/wp-json\/wp\/v2\/posts\/955\/revisions\/961"}],"wp:featuredmedia":[{"embeddable":true,"href":"https:\/\/agrupacionespsoe.es\/ponferrada\/wp-json\/wp\/v2\/media\/959"}],"wp:attachment":[{"href":"https:\/\/agrupacionespsoe.es\/ponferrada\/wp-json\/wp\/v2\/media?parent=955"}],"wp:term":[{"taxonomy":"category","embeddable":true,"href":"https:\/\/agrupacionespsoe.es\/ponferrada\/wp-json\/wp\/v2\/categories?post=955"},{"taxonomy":"post_tag","embeddable":true,"href":"https:\/\/agrupacionespsoe.es\/ponferrada\/wp-json\/wp\/v2\/tags?post=955"}],"curies":[{"name":"wp","href":"https:\/\/api.w.org\/{rel}","templated":true}]}}