{"id":950,"date":"2025-06-18T10:43:38","date_gmt":"2025-06-18T10:43:38","guid":{"rendered":"https:\/\/agrupacionespsoe.es\/ponferrada\/?p=950"},"modified":"2025-06-18T10:43:39","modified_gmt":"2025-06-18T10:43:39","slug":"el-equipo-de-gobierno-se-comporta-como-un-heredero-perezoso-juerguista-y-fanfarron","status":"publish","type":"post","link":"https:\/\/agrupacionespsoe.es\/ponferrada\/el-equipo-de-gobierno-se-comporta-como-un-heredero-perezoso-juerguista-y-fanfarron\/","title":{"rendered":"El equipo de gobierno se comporta como un heredero perezoso, juerguista y fanfarr\u00f3n."},"content":{"rendered":"\n<p>El portavoz del Grupo Municipal Socialista, Olegario Ram\u00f3n, ofreci\u00f3 esta ma\u00f1ana una rueda de prensa para valorar los dos primeros a\u00f1os del actual mandato del equipo de gobierno formado por el Partido Popular y Coalici\u00f3n por el Bierzo. <\/p>\n\n\n\n<p>Ram\u00f3n inici\u00f3 su intervenci\u00f3n recordando que el acuerdo de gobierno suscrito entre Marco Morala y Iv\u00e1n Alonso establec\u00eda un plan de inversiones 2023\u20132027 que, seg\u00fan sus palabras, ha quedado pr\u00e1cticamente en papel mojado.<\/p>\n\n\n\n<p>A juicio del portavoz socialista, de todas las actuaciones recogidas en ese acuerdo, solo se habr\u00eda ejecutado una, de manera dudosa, y vinculada a la retirada de fondos del plan especial del Camino de Santiago para destinarlo a un museo de arte sacro en un centro religioso privado. El resto de los compromisos, entre ellos actuaciones como el soterramiento de la avenida del Castillo, la remodelaci\u00f3n de la calle Cristo, la reforma del mercado de abastos, la transformaci\u00f3n del colegio Flores del Sil en un centro de FP o las inversiones previstas en el Morredero, la ronda Sur, las viviendas de protecci\u00f3n oficial o el canal bajo del Bierzo, no han sido ejecutadas.<\/p>\n\n\n\n<p>Olegario se\u00f1al\u00f3 que el equipo de gobierno ha incumplido la mayor\u00eda de sus compromisos, enga\u00f1ando as\u00ed a la ciudadan\u00eda. A\u00f1adi\u00f3 que a ese d\u00e9ficit en la ejecuci\u00f3n se suma la irresponsabilidad econ\u00f3mica, que ha derivado en la necesidad de elaborar un Plan Econ\u00f3mico Financiero debido al exceso de gasto registrado en 2023. Seg\u00fan explic\u00f3, mientras el anterior gobierno socialista gast\u00f3 800.000 euros en contratos menores en el primer trimestre de 2023, el nuevo ejecutivo municipal gast\u00f3 casi 1,8 millones de euros en el \u00faltimo trimestre del mismo a\u00f1o.<\/p>\n\n\n\n<p>Critic\u00f3 tambi\u00e9n el retorno a lo que calific\u00f3 como \u00abviejas pr\u00e1cticas de la pol\u00edtica local\u00bb, denunciando operaciones urban\u00edsticas poco transparentes como la venta del solar del antiguo cuartel de la Guardia Civil a un precio muy por debajo del estimado por los t\u00e9cnicos municipales. A\u00f1adi\u00f3 que esa operaci\u00f3n, a\u00fan por esclarecer en sede judicial, representa un esc\u00e1ndalo \u00e9tico y pol\u00edtico.<\/p>\n\n\n\n<p>Otro aspecto que destac\u00f3 el portavoz socialista fue su denuncia sobre la opacidad en el acceso al empleo p\u00fablico municipal. Asegur\u00f3 que existen indicios s\u00f3lidos de enchufismo en recientes procesos de oposici\u00f3n. Record\u00f3 la denuncia que se hab\u00eda hecho desde el grupo socialista de presunta filtraci\u00f3n de examen, que habr\u00eda sido facilitado a una persona con antelaci\u00f3n, seg\u00fan consta en la denuncia que nos hicieron llegar al grupo y que hemos trasladado a la fiscal\u00eda. <\/p>\n\n\n\n<p>Por \u00faltimo, Olegario Ram\u00f3n reproch\u00f3 al actual equipo de gobierno haber abandonado barrios y pueblos del municipio. Se\u00f1al\u00f3 el deterioro evidente del espacio p\u00fablico, con aceras rotas, calles llenas de baches, acumulaci\u00f3n de escombros y un mantenimiento general deficiente. Record\u00f3 tambi\u00e9n que muchos de los proyectos que el actual gobierno presenta como propios, como el FabLab o la renovaci\u00f3n del alumbrado, fueron ideados y gestionados por el anterior ejecutivo socialista.<\/p>\n\n\n\n<p>El portavoz denunci\u00f3 que, a pesar de presumir de su cercan\u00eda con la Junta de Castilla y Le\u00f3n, el gobierno local no ha hecho ninguna reivindicaci\u00f3n clara en defensa del mantenimiento del empleo en la ciudad ni ha exigido a la Junta que cumpla su compromiso con la rehabilitaci\u00f3n de las piscinas climatizadas, paralizadas a pesar de haberse anunciado su reapertura para septiembre de 2024.<\/p>\n\n\n\n<p>Ram\u00f3n concluy\u00f3 su intervenci\u00f3n afirmando que los actuales gobernantes act\u00faan como herederos de una gesti\u00f3n responsable y solvente, pero en lugar de aprovechar esa herencia para avanzar, se comportan como un heredero perezoso, juerguista y fanfarr\u00f3n, que presume del trabajo ajeno mientras dilapida los recursos de todos sin ofrecer soluciones reales a los problemas de la ciudad.<\/p>\n\n\n\n<figure class=\"wp-block-image size-large\"><img loading=\"lazy\" decoding=\"async\" width=\"1024\" height=\"768\" src=\"https:\/\/agrupacionespsoe.es\/ponferrada\/wp-content\/uploads\/sites\/36\/2025\/06\/WhatsApp-Image-2025-06-18-at-12.03.00-1024x768.jpeg\" alt=\"\" class=\"wp-image-951\" srcset=\"https:\/\/agrupacionespsoe.es\/ponferrada\/wp-content\/uploads\/sites\/36\/2025\/06\/WhatsApp-Image-2025-06-18-at-12.03.00-1024x768.jpeg 1024w, https:\/\/agrupacionespsoe.es\/ponferrada\/wp-content\/uploads\/sites\/36\/2025\/06\/WhatsApp-Image-2025-06-18-at-12.03.00-300x225.jpeg 300w, https:\/\/agrupacionespsoe.es\/ponferrada\/wp-content\/uploads\/sites\/36\/2025\/06\/WhatsApp-Image-2025-06-18-at-12.03.00-768x576.jpeg 768w, https:\/\/agrupacionespsoe.es\/ponferrada\/wp-content\/uploads\/sites\/36\/2025\/06\/WhatsApp-Image-2025-06-18-at-12.03.00-1536x1152.jpeg 1536w, https:\/\/agrupacionespsoe.es\/ponferrada\/wp-content\/uploads\/sites\/36\/2025\/06\/WhatsApp-Image-2025-06-18-at-12.03.00.jpeg 1600w\" sizes=\"auto, (max-width: 1024px) 100vw, 1024px\" \/><\/figure>\n","protected":false},"excerpt":{"rendered":"<p>El portavoz del Grupo Municipal Socialista, Olegario Ram\u00f3n, ofreci\u00f3 esta ma\u00f1ana una rueda de prensa para valorar los dos primeros a\u00f1os del actual mandato del equipo de gobierno formado por el Partido Popular y Coalici\u00f3n por el Bierzo. Ram\u00f3n inici\u00f3 su intervenci\u00f3n recordando que el acuerdo de gobierno suscrito entre Marco Morala y Iv\u00e1n Alonso &#8230;<\/p>\n","protected":false},"author":32,"featured_media":951,"comment_status":"open","ping_status":"open","sticky":false,"template":"","format":"standard","meta":{"_jetpack_memberships_contains_paid_content":false,"footnotes":""},"categories":[6],"tags":[],"class_list":["post-950","post","type-post","status-publish","format-standard","has-post-thumbnail","hentry","category-actualidad"],"yoast_head":"<!-- This site is optimized with the Yoast SEO plugin v24.0 - https:\/\/yoast.com\/wordpress\/plugins\/seo\/ -->\n<title>El equipo de gobierno se comporta como un heredero perezoso, juerguista y fanfarr\u00f3n. - Agrupaci\u00f3n Socialista de Ponferrada<\/title>\n<meta name=\"robots\" content=\"index, follow, max-snippet:-1, max-image-preview:large, max-video-preview:-1\" \/>\n<link rel=\"canonical\" href=\"https:\/\/agrupacionespsoe.es\/ponferrada\/el-equipo-de-gobierno-se-comporta-como-un-heredero-perezoso-juerguista-y-fanfarron\/\" \/>\n<meta property=\"og:locale\" content=\"es_ES\" \/>\n<meta property=\"og:type\" content=\"article\" \/>\n<meta property=\"og:title\" content=\"El equipo de gobierno se comporta como un heredero perezoso, juerguista y fanfarr\u00f3n. - Agrupaci\u00f3n Socialista de Ponferrada\" \/>\n<meta property=\"og:description\" content=\"El portavoz del Grupo Municipal Socialista, Olegario Ram\u00f3n, ofreci\u00f3 esta ma\u00f1ana una rueda de prensa para valorar los dos primeros a\u00f1os del actual mandato del equipo de gobierno formado por el Partido Popular y Coalici\u00f3n por el Bierzo. Ram\u00f3n inici\u00f3 su intervenci\u00f3n recordando que el acuerdo de gobierno suscrito entre Marco Morala y Iv\u00e1n Alonso ...\" \/>\n<meta property=\"og:url\" content=\"https:\/\/agrupacionespsoe.es\/ponferrada\/el-equipo-de-gobierno-se-comporta-como-un-heredero-perezoso-juerguista-y-fanfarron\/\" \/>\n<meta property=\"og:site_name\" content=\"Agrupaci\u00f3n Socialista de Ponferrada\" \/>\n<meta property=\"article:published_time\" content=\"2025-06-18T10:43:38+00:00\" \/>\n<meta property=\"article:modified_time\" content=\"2025-06-18T10:43:39+00:00\" \/>\n<meta property=\"og:image\" content=\"https:\/\/agrupacionespsoe.es\/ponferrada\/wp-content\/uploads\/sites\/36\/2025\/06\/WhatsApp-Image-2025-06-18-at-12.03.00.jpeg\" \/>\n\t<meta property=\"og:image:width\" content=\"1600\" \/>\n\t<meta property=\"og:image:height\" content=\"1200\" \/>\n\t<meta property=\"og:image:type\" content=\"image\/jpeg\" \/>\n<meta name=\"author\" content=\"ponferrada2\" \/>\n<meta name=\"twitter:card\" content=\"summary_large_image\" \/>\n<meta name=\"twitter:label1\" content=\"Escrito por\" \/>\n\t<meta name=\"twitter:data1\" content=\"ponferrada2\" \/>\n\t<meta name=\"twitter:label2\" content=\"Tiempo de lectura\" \/>\n\t<meta name=\"twitter:data2\" content=\"4 minutos\" \/>\n<script type=\"application\/ld+json\" class=\"yoast-schema-graph\">{\"@context\":\"https:\/\/schema.org\",\"@graph\":[{\"@type\":\"Article\",\"@id\":\"https:\/\/agrupacionespsoe.es\/ponferrada\/el-equipo-de-gobierno-se-comporta-como-un-heredero-perezoso-juerguista-y-fanfarron\/#article\",\"isPartOf\":{\"@id\":\"https:\/\/agrupacionespsoe.es\/ponferrada\/el-equipo-de-gobierno-se-comporta-como-un-heredero-perezoso-juerguista-y-fanfarron\/\"},\"author\":{\"name\":\"ponferrada2\",\"@id\":\"https:\/\/agrupacionespsoe.es\/ponferrada\/#\/schema\/person\/cd29ee627f3b70c05d415f02596debaa\"},\"headline\":\"El equipo de gobierno se comporta como un heredero perezoso, juerguista y fanfarr\u00f3n.\",\"datePublished\":\"2025-06-18T10:43:38+00:00\",\"dateModified\":\"2025-06-18T10:43:39+00:00\",\"mainEntityOfPage\":{\"@id\":\"https:\/\/agrupacionespsoe.es\/ponferrada\/el-equipo-de-gobierno-se-comporta-como-un-heredero-perezoso-juerguista-y-fanfarron\/\"},\"wordCount\":666,\"commentCount\":0,\"publisher\":{\"@id\":\"https:\/\/agrupacionespsoe.es\/ponferrada\/#organization\"},\"image\":{\"@id\":\"https:\/\/agrupacionespsoe.es\/ponferrada\/el-equipo-de-gobierno-se-comporta-como-un-heredero-perezoso-juerguista-y-fanfarron\/#primaryimage\"},\"thumbnailUrl\":\"https:\/\/agrupacionespsoe.es\/ponferrada\/wp-content\/uploads\/sites\/36\/2025\/06\/WhatsApp-Image-2025-06-18-at-12.03.00.jpeg\",\"articleSection\":[\"ACTUALIDAD\"],\"inLanguage\":\"es\",\"potentialAction\":[{\"@type\":\"CommentAction\",\"name\":\"Comment\",\"target\":[\"https:\/\/agrupacionespsoe.es\/ponferrada\/el-equipo-de-gobierno-se-comporta-como-un-heredero-perezoso-juerguista-y-fanfarron\/#respond\"]}]},{\"@type\":\"WebPage\",\"@id\":\"https:\/\/agrupacionespsoe.es\/ponferrada\/el-equipo-de-gobierno-se-comporta-como-un-heredero-perezoso-juerguista-y-fanfarron\/\",\"url\":\"https:\/\/agrupacionespsoe.es\/ponferrada\/el-equipo-de-gobierno-se-comporta-como-un-heredero-perezoso-juerguista-y-fanfarron\/\",\"name\":\"El equipo de gobierno se comporta como un heredero perezoso, juerguista y fanfarr\u00f3n. - Agrupaci\u00f3n Socialista de Ponferrada\",\"isPartOf\":{\"@id\":\"https:\/\/agrupacionespsoe.es\/ponferrada\/#website\"},\"primaryImageOfPage\":{\"@id\":\"https:\/\/agrupacionespsoe.es\/ponferrada\/el-equipo-de-gobierno-se-comporta-como-un-heredero-perezoso-juerguista-y-fanfarron\/#primaryimage\"},\"image\":{\"@id\":\"https:\/\/agrupacionespsoe.es\/ponferrada\/el-equipo-de-gobierno-se-comporta-como-un-heredero-perezoso-juerguista-y-fanfarron\/#primaryimage\"},\"thumbnailUrl\":\"https:\/\/agrupacionespsoe.es\/ponferrada\/wp-content\/uploads\/sites\/36\/2025\/06\/WhatsApp-Image-2025-06-18-at-12.03.00.jpeg\",\"datePublished\":\"2025-06-18T10:43:38+00:00\",\"dateModified\":\"2025-06-18T10:43:39+00:00\",\"breadcrumb\":{\"@id\":\"https:\/\/agrupacionespsoe.es\/ponferrada\/el-equipo-de-gobierno-se-comporta-como-un-heredero-perezoso-juerguista-y-fanfarron\/#breadcrumb\"},\"inLanguage\":\"es\",\"potentialAction\":[{\"@type\":\"ReadAction\",\"target\":[\"https:\/\/agrupacionespsoe.es\/ponferrada\/el-equipo-de-gobierno-se-comporta-como-un-heredero-perezoso-juerguista-y-fanfarron\/\"]}]},{\"@type\":\"ImageObject\",\"inLanguage\":\"es\",\"@id\":\"https:\/\/agrupacionespsoe.es\/ponferrada\/el-equipo-de-gobierno-se-comporta-como-un-heredero-perezoso-juerguista-y-fanfarron\/#primaryimage\",\"url\":\"https:\/\/agrupacionespsoe.es\/ponferrada\/wp-content\/uploads\/sites\/36\/2025\/06\/WhatsApp-Image-2025-06-18-at-12.03.00.jpeg\",\"contentUrl\":\"https:\/\/agrupacionespsoe.es\/ponferrada\/wp-content\/uploads\/sites\/36\/2025\/06\/WhatsApp-Image-2025-06-18-at-12.03.00.jpeg\",\"width\":1600,\"height\":1200},{\"@type\":\"BreadcrumbList\",\"@id\":\"https:\/\/agrupacionespsoe.es\/ponferrada\/el-equipo-de-gobierno-se-comporta-como-un-heredero-perezoso-juerguista-y-fanfarron\/#breadcrumb\",\"itemListElement\":[{\"@type\":\"ListItem\",\"position\":1,\"name\":\"Portada\",\"item\":\"https:\/\/agrupacionespsoe.es\/ponferrada\/\"},{\"@type\":\"ListItem\",\"position\":2,\"name\":\"El equipo de gobierno se comporta como un heredero perezoso, juerguista y fanfarr\u00f3n.\"}]},{\"@type\":\"WebSite\",\"@id\":\"https:\/\/agrupacionespsoe.es\/ponferrada\/#website\",\"url\":\"https:\/\/agrupacionespsoe.es\/ponferrada\/\",\"name\":\"Agrupaci\u00f3n Socialista de Ponferrada\",\"description\":\"Agrupaci\u00f3n Socialista de Ponferrada\",\"publisher\":{\"@id\":\"https:\/\/agrupacionespsoe.es\/ponferrada\/#organization\"},\"potentialAction\":[{\"@type\":\"SearchAction\",\"target\":{\"@type\":\"EntryPoint\",\"urlTemplate\":\"https:\/\/agrupacionespsoe.es\/ponferrada\/?s={search_term_string}\"},\"query-input\":{\"@type\":\"PropertyValueSpecification\",\"valueRequired\":true,\"valueName\":\"search_term_string\"}}],\"inLanguage\":\"es\"},{\"@type\":\"Organization\",\"@id\":\"https:\/\/agrupacionespsoe.es\/ponferrada\/#organization\",\"name\":\"Agrupaci\u00f3n Socialista de Ponferrada\",\"url\":\"https:\/\/agrupacionespsoe.es\/ponferrada\/\",\"logo\":{\"@type\":\"ImageObject\",\"inLanguage\":\"es\",\"@id\":\"https:\/\/agrupacionespsoe.es\/ponferrada\/#\/schema\/logo\/image\/\",\"url\":\"https:\/\/agrupacionespsoe.es\/wp-content\/uploads\/2022\/07\/Logotipo_electoral_del_PSOE.png\",\"contentUrl\":\"https:\/\/agrupacionespsoe.es\/wp-content\/uploads\/2022\/07\/Logotipo_electoral_del_PSOE.png\",\"width\":422,\"height\":422,\"caption\":\"Agrupaci\u00f3n Socialista de Ponferrada\"},\"image\":{\"@id\":\"https:\/\/agrupacionespsoe.es\/ponferrada\/#\/schema\/logo\/image\/\"}},{\"@type\":\"Person\",\"@id\":\"https:\/\/agrupacionespsoe.es\/ponferrada\/#\/schema\/person\/cd29ee627f3b70c05d415f02596debaa\",\"name\":\"ponferrada2\",\"image\":{\"@type\":\"ImageObject\",\"inLanguage\":\"es\",\"@id\":\"https:\/\/agrupacionespsoe.es\/ponferrada\/#\/schema\/person\/image\/\",\"url\":\"https:\/\/secure.gravatar.com\/avatar\/f499eeb60144c664cf7b7edf75549b50?s=96&d=mm&r=g\",\"contentUrl\":\"https:\/\/secure.gravatar.com\/avatar\/f499eeb60144c664cf7b7edf75549b50?s=96&d=mm&r=g\",\"caption\":\"ponferrada2\"},\"url\":\"https:\/\/agrupacionespsoe.es\/ponferrada\/author\/ponferrada2\/\"}]}<\/script>\n<!-- \/ Yoast SEO plugin. -->","yoast_head_json":{"title":"El equipo de gobierno se comporta como un heredero perezoso, juerguista y fanfarr\u00f3n. - Agrupaci\u00f3n Socialista de Ponferrada","robots":{"index":"index","follow":"follow","max-snippet":"max-snippet:-1","max-image-preview":"max-image-preview:large","max-video-preview":"max-video-preview:-1"},"canonical":"https:\/\/agrupacionespsoe.es\/ponferrada\/el-equipo-de-gobierno-se-comporta-como-un-heredero-perezoso-juerguista-y-fanfarron\/","og_locale":"es_ES","og_type":"article","og_title":"El equipo de gobierno se comporta como un heredero perezoso, juerguista y fanfarr\u00f3n. - Agrupaci\u00f3n Socialista de Ponferrada","og_description":"El portavoz del Grupo Municipal Socialista, Olegario Ram\u00f3n, ofreci\u00f3 esta ma\u00f1ana una rueda de prensa para valorar los dos primeros a\u00f1os del actual mandato del equipo de gobierno formado por el Partido Popular y Coalici\u00f3n por el Bierzo. Ram\u00f3n inici\u00f3 su intervenci\u00f3n recordando que el acuerdo de gobierno suscrito entre Marco Morala y Iv\u00e1n Alonso ...","og_url":"https:\/\/agrupacionespsoe.es\/ponferrada\/el-equipo-de-gobierno-se-comporta-como-un-heredero-perezoso-juerguista-y-fanfarron\/","og_site_name":"Agrupaci\u00f3n Socialista de Ponferrada","article_published_time":"2025-06-18T10:43:38+00:00","article_modified_time":"2025-06-18T10:43:39+00:00","og_image":[{"width":1600,"height":1200,"url":"https:\/\/agrupacionespsoe.es\/ponferrada\/wp-content\/uploads\/sites\/36\/2025\/06\/WhatsApp-Image-2025-06-18-at-12.03.00.jpeg","type":"image\/jpeg"}],"author":"ponferrada2","twitter_card":"summary_large_image","twitter_misc":{"Escrito por":"ponferrada2","Tiempo de lectura":"4 minutos"},"schema":{"@context":"https:\/\/schema.org","@graph":[{"@type":"Article","@id":"https:\/\/agrupacionespsoe.es\/ponferrada\/el-equipo-de-gobierno-se-comporta-como-un-heredero-perezoso-juerguista-y-fanfarron\/#article","isPartOf":{"@id":"https:\/\/agrupacionespsoe.es\/ponferrada\/el-equipo-de-gobierno-se-comporta-como-un-heredero-perezoso-juerguista-y-fanfarron\/"},"author":{"name":"ponferrada2","@id":"https:\/\/agrupacionespsoe.es\/ponferrada\/#\/schema\/person\/cd29ee627f3b70c05d415f02596debaa"},"headline":"El equipo de gobierno se comporta como un heredero perezoso, juerguista y fanfarr\u00f3n.","datePublished":"2025-06-18T10:43:38+00:00","dateModified":"2025-06-18T10:43:39+00:00","mainEntityOfPage":{"@id":"https:\/\/agrupacionespsoe.es\/ponferrada\/el-equipo-de-gobierno-se-comporta-como-un-heredero-perezoso-juerguista-y-fanfarron\/"},"wordCount":666,"commentCount":0,"publisher":{"@id":"https:\/\/agrupacionespsoe.es\/ponferrada\/#organization"},"image":{"@id":"https:\/\/agrupacionespsoe.es\/ponferrada\/el-equipo-de-gobierno-se-comporta-como-un-heredero-perezoso-juerguista-y-fanfarron\/#primaryimage"},"thumbnailUrl":"https:\/\/agrupacionespsoe.es\/ponferrada\/wp-content\/uploads\/sites\/36\/2025\/06\/WhatsApp-Image-2025-06-18-at-12.03.00.jpeg","articleSection":["ACTUALIDAD"],"inLanguage":"es","potentialAction":[{"@type":"CommentAction","name":"Comment","target":["https:\/\/agrupacionespsoe.es\/ponferrada\/el-equipo-de-gobierno-se-comporta-como-un-heredero-perezoso-juerguista-y-fanfarron\/#respond"]}]},{"@type":"WebPage","@id":"https:\/\/agrupacionespsoe.es\/ponferrada\/el-equipo-de-gobierno-se-comporta-como-un-heredero-perezoso-juerguista-y-fanfarron\/","url":"https:\/\/agrupacionespsoe.es\/ponferrada\/el-equipo-de-gobierno-se-comporta-como-un-heredero-perezoso-juerguista-y-fanfarron\/","name":"El equipo de gobierno se comporta como un heredero perezoso, juerguista y fanfarr\u00f3n. - Agrupaci\u00f3n Socialista de Ponferrada","isPartOf":{"@id":"https:\/\/agrupacionespsoe.es\/ponferrada\/#website"},"primaryImageOfPage":{"@id":"https:\/\/agrupacionespsoe.es\/ponferrada\/el-equipo-de-gobierno-se-comporta-como-un-heredero-perezoso-juerguista-y-fanfarron\/#primaryimage"},"image":{"@id":"https:\/\/agrupacionespsoe.es\/ponferrada\/el-equipo-de-gobierno-se-comporta-como-un-heredero-perezoso-juerguista-y-fanfarron\/#primaryimage"},"thumbnailUrl":"https:\/\/agrupacionespsoe.es\/ponferrada\/wp-content\/uploads\/sites\/36\/2025\/06\/WhatsApp-Image-2025-06-18-at-12.03.00.jpeg","datePublished":"2025-06-18T10:43:38+00:00","dateModified":"2025-06-18T10:43:39+00:00","breadcrumb":{"@id":"https:\/\/agrupacionespsoe.es\/ponferrada\/el-equipo-de-gobierno-se-comporta-como-un-heredero-perezoso-juerguista-y-fanfarron\/#breadcrumb"},"inLanguage":"es","potentialAction":[{"@type":"ReadAction","target":["https:\/\/agrupacionespsoe.es\/ponferrada\/el-equipo-de-gobierno-se-comporta-como-un-heredero-perezoso-juerguista-y-fanfarron\/"]}]},{"@type":"ImageObject","inLanguage":"es","@id":"https:\/\/agrupacionespsoe.es\/ponferrada\/el-equipo-de-gobierno-se-comporta-como-un-heredero-perezoso-juerguista-y-fanfarron\/#primaryimage","url":"https:\/\/agrupacionespsoe.es\/ponferrada\/wp-content\/uploads\/sites\/36\/2025\/06\/WhatsApp-Image-2025-06-18-at-12.03.00.jpeg","contentUrl":"https:\/\/agrupacionespsoe.es\/ponferrada\/wp-content\/uploads\/sites\/36\/2025\/06\/WhatsApp-Image-2025-06-18-at-12.03.00.jpeg","width":1600,"height":1200},{"@type":"BreadcrumbList","@id":"https:\/\/agrupacionespsoe.es\/ponferrada\/el-equipo-de-gobierno-se-comporta-como-un-heredero-perezoso-juerguista-y-fanfarron\/#breadcrumb","itemListElement":[{"@type":"ListItem","position":1,"name":"Portada","item":"https:\/\/agrupacionespsoe.es\/ponferrada\/"},{"@type":"ListItem","position":2,"name":"El equipo de gobierno se comporta como un heredero perezoso, juerguista y fanfarr\u00f3n."}]},{"@type":"WebSite","@id":"https:\/\/agrupacionespsoe.es\/ponferrada\/#website","url":"https:\/\/agrupacionespsoe.es\/ponferrada\/","name":"Agrupaci\u00f3n Socialista de Ponferrada","description":"Agrupaci\u00f3n Socialista de Ponferrada","publisher":{"@id":"https:\/\/agrupacionespsoe.es\/ponferrada\/#organization"},"potentialAction":[{"@type":"SearchAction","target":{"@type":"EntryPoint","urlTemplate":"https:\/\/agrupacionespsoe.es\/ponferrada\/?s={search_term_string}"},"query-input":{"@type":"PropertyValueSpecification","valueRequired":true,"valueName":"search_term_string"}}],"inLanguage":"es"},{"@type":"Organization","@id":"https:\/\/agrupacionespsoe.es\/ponferrada\/#organization","name":"Agrupaci\u00f3n Socialista de Ponferrada","url":"https:\/\/agrupacionespsoe.es\/ponferrada\/","logo":{"@type":"ImageObject","inLanguage":"es","@id":"https:\/\/agrupacionespsoe.es\/ponferrada\/#\/schema\/logo\/image\/","url":"https:\/\/agrupacionespsoe.es\/wp-content\/uploads\/2022\/07\/Logotipo_electoral_del_PSOE.png","contentUrl":"https:\/\/agrupacionespsoe.es\/wp-content\/uploads\/2022\/07\/Logotipo_electoral_del_PSOE.png","width":422,"height":422,"caption":"Agrupaci\u00f3n Socialista de Ponferrada"},"image":{"@id":"https:\/\/agrupacionespsoe.es\/ponferrada\/#\/schema\/logo\/image\/"}},{"@type":"Person","@id":"https:\/\/agrupacionespsoe.es\/ponferrada\/#\/schema\/person\/cd29ee627f3b70c05d415f02596debaa","name":"ponferrada2","image":{"@type":"ImageObject","inLanguage":"es","@id":"https:\/\/agrupacionespsoe.es\/ponferrada\/#\/schema\/person\/image\/","url":"https:\/\/secure.gravatar.com\/avatar\/f499eeb60144c664cf7b7edf75549b50?s=96&d=mm&r=g","contentUrl":"https:\/\/secure.gravatar.com\/avatar\/f499eeb60144c664cf7b7edf75549b50?s=96&d=mm&r=g","caption":"ponferrada2"},"url":"https:\/\/agrupacionespsoe.es\/ponferrada\/author\/ponferrada2\/"}]}},"jetpack_featured_media_url":"https:\/\/agrupacionespsoe.es\/ponferrada\/wp-content\/uploads\/sites\/36\/2025\/06\/WhatsApp-Image-2025-06-18-at-12.03.00.jpeg","jetpack_sharing_enabled":true,"_links":{"self":[{"href":"https:\/\/agrupacionespsoe.es\/ponferrada\/wp-json\/wp\/v2\/posts\/950","targetHints":{"allow":["GET"]}}],"collection":[{"href":"https:\/\/agrupacionespsoe.es\/ponferrada\/wp-json\/wp\/v2\/posts"}],"about":[{"href":"https:\/\/agrupacionespsoe.es\/ponferrada\/wp-json\/wp\/v2\/types\/post"}],"author":[{"embeddable":true,"href":"https:\/\/agrupacionespsoe.es\/ponferrada\/wp-json\/wp\/v2\/users\/32"}],"replies":[{"embeddable":true,"href":"https:\/\/agrupacionespsoe.es\/ponferrada\/wp-json\/wp\/v2\/comments?post=950"}],"version-history":[{"count":2,"href":"https:\/\/agrupacionespsoe.es\/ponferrada\/wp-json\/wp\/v2\/posts\/950\/revisions"}],"predecessor-version":[{"id":953,"href":"https:\/\/agrupacionespsoe.es\/ponferrada\/wp-json\/wp\/v2\/posts\/950\/revisions\/953"}],"wp:featuredmedia":[{"embeddable":true,"href":"https:\/\/agrupacionespsoe.es\/ponferrada\/wp-json\/wp\/v2\/media\/951"}],"wp:attachment":[{"href":"https:\/\/agrupacionespsoe.es\/ponferrada\/wp-json\/wp\/v2\/media?parent=950"}],"wp:term":[{"taxonomy":"category","embeddable":true,"href":"https:\/\/agrupacionespsoe.es\/ponferrada\/wp-json\/wp\/v2\/categories?post=950"},{"taxonomy":"post_tag","embeddable":true,"href":"https:\/\/agrupacionespsoe.es\/ponferrada\/wp-json\/wp\/v2\/tags?post=950"}],"curies":[{"name":"wp","href":"https:\/\/api.w.org\/{rel}","templated":true}]}}