{"id":947,"date":"2025-06-10T14:40:21","date_gmt":"2025-06-10T14:40:21","guid":{"rendered":"https:\/\/agrupacionespsoe.es\/ponferrada\/?p=947"},"modified":"2025-06-13T14:41:32","modified_gmt":"2025-06-13T14:41:32","slug":"dehesas-sumida-en-el-abandono-la-basura-se-acumula-sin-control-pese-a-las-denuncias-del-psoe","status":"publish","type":"post","link":"https:\/\/agrupacionespsoe.es\/ponferrada\/dehesas-sumida-en-el-abandono-la-basura-se-acumula-sin-control-pese-a-las-denuncias-del-psoe\/","title":{"rendered":"Dehesas, sumida en el abandono: la basura se acumula sin control pese a las denuncias del PSOE"},"content":{"rendered":"\n<p>La pedan\u00eda de Dehesas contin\u00faa inmersa en un preocupante estado de abandono, con montones de basura acumul\u00e1ndose alrededor de los contenedores y en espacios abiertos, sin que se tomen medidas efectivas para su retirada. Esta situaci\u00f3n, vuelve a ser denunciada por el Grupo Socialista que ve con preocupaci\u00f3n c\u00f3mo se acumula sin control y ya empieza a generar una creciente indignaci\u00f3n entre los vecinos y vecinas.<\/p>\n\n\n\n<p>Jose Antonio Cart\u00f3n, responsable del Grupo Socialista en el \u00e1rea de medio ambiente se\u00f1ala que tras reiteradas denuncias de vecinos y vecinas y del grupo socialista, peque\u00f1os vertederos se acumulan alrededor de los contenedores a escasos metros de una zona residencial y de actividad agr\u00edcola. Entre los residuos se observan materiales de construcci\u00f3n, muebles, pl\u00e1sticos, electrodom\u00e9sticos y restos vegetales, lo que evidencia una grave falta de gesti\u00f3n por parte del concejal del \u00e1rea.<\/p>\n\n\n\n<p>Desde el grupo socialista volvemos&nbsp; a insistir en la necesidad de tomar medidas para la recogida de esos residuos y para que no se vuelvan a tirar incrementando la vigilancia y aplicar sanciones a quienes hagan vertidos ilegales. \u201cNo podemos permitir que Dehesas se convierta en un basurero. Esto es una cuesti\u00f3n de salud p\u00fablica y de respeto a nuestros vecinos y vecinas\u201d, se\u00f1ala Cart\u00f3n.<\/p>\n\n\n\n<p>Es un ejemplo del estado de abandono en el que el actual equipo de gobierno tiene a la pedan\u00eda de Dehesas, lo lamentable es que ese abandono es generalizado en barrios y pedan\u00edas y no se circunscribe solo a Dehesas.<\/p>\n\n\n\n<p>Estos problemas que persisten en el tiempo y que van en aumento pone en duda el compromiso del equipo de gobierno con las pedan\u00edas del municipio. La dejadez institucional no solo afecta a la imagen de la zona, sino que genera un riesgo ambiental evidente, especialmente con la llegada del verano y el aumento del riesgo de incendios.<\/p>\n\n\n\n<p>Y no se circunscribe solo a la limpieza y a la basura sino que empieza a ser muy preocupante el estado general del municipio. Sabemos que ha sido un a\u00f1o duro en cuanto al crecimiento de la vegetaci\u00f3n pero hay que hacer un esfuerzo para que las malas hierbas no proliferen por doquier, no por la est\u00e9tica sino por la peligrosidad que conlleva de cara a estas altas temperaturas. Si hay dinero para pagar proyectos y pre-estudios de obras que no tienen financiaci\u00f3n y que es improbable que se vaya a realizar debe haber dinero para lo importante.<\/p>\n\n\n\n<p>Contin\u00faa se\u00f1alando que \u201cel actual alcalde se present\u00f3 a las elecciones prometiendo que no iba a haber barrios de primero y de segunda, pero ha demostrado que es todo lo contrario, que centran su actividad en el centro y en la zona alta y lo dem\u00e1s est\u00e1 completamente abandonado.\u201d<\/p>\n\n\n\n<p>Desde el PSOE se exige una actuaci\u00f3n inmediata y contundente para revertir esta situaci\u00f3n, as\u00ed como un plan de limpieza integral y una campa\u00f1a de concienciaci\u00f3n ciudadana. \u201cDehesas no merece este trato. Los vecinos pagan impuestos y tienen derecho a vivir en un entorno limpio y digno\u201d, concluye Cart\u00f3n.<\/p>\n\n\n\n<figure class=\"wp-block-image size-large\"><img loading=\"lazy\" decoding=\"async\" width=\"995\" height=\"1024\" src=\"https:\/\/agrupacionespsoe.es\/ponferrada\/wp-content\/uploads\/sites\/36\/2025\/02\/WhatsApp-Image-2025-02-07-at-13.29.35-995x1024.jpeg\" alt=\"\" class=\"wp-image-778\" srcset=\"https:\/\/agrupacionespsoe.es\/ponferrada\/wp-content\/uploads\/sites\/36\/2025\/02\/WhatsApp-Image-2025-02-07-at-13.29.35-995x1024.jpeg 995w, https:\/\/agrupacionespsoe.es\/ponferrada\/wp-content\/uploads\/sites\/36\/2025\/02\/WhatsApp-Image-2025-02-07-at-13.29.35-292x300.jpeg 292w, https:\/\/agrupacionespsoe.es\/ponferrada\/wp-content\/uploads\/sites\/36\/2025\/02\/WhatsApp-Image-2025-02-07-at-13.29.35-768x790.jpeg 768w, https:\/\/agrupacionespsoe.es\/ponferrada\/wp-content\/uploads\/sites\/36\/2025\/02\/WhatsApp-Image-2025-02-07-at-13.29.35.jpeg 1476w\" sizes=\"auto, (max-width: 995px) 100vw, 995px\" \/><\/figure>\n","protected":false},"excerpt":{"rendered":"<p>La pedan\u00eda de Dehesas contin\u00faa inmersa en un preocupante estado de abandono, con montones de basura acumul\u00e1ndose alrededor de los contenedores y en espacios abiertos, sin que se tomen medidas efectivas para su retirada. Esta situaci\u00f3n, vuelve a ser denunciada por el Grupo Socialista que ve con preocupaci\u00f3n c\u00f3mo se acumula sin control y ya &#8230;<\/p>\n","protected":false},"author":32,"featured_media":778,"comment_status":"open","ping_status":"open","sticky":false,"template":"","format":"standard","meta":{"_jetpack_memberships_contains_paid_content":false,"footnotes":""},"categories":[6],"tags":[],"class_list":["post-947","post","type-post","status-publish","format-standard","has-post-thumbnail","hentry","category-actualidad"],"yoast_head":"<!-- This site is optimized with the Yoast SEO plugin v24.0 - https:\/\/yoast.com\/wordpress\/plugins\/seo\/ -->\n<title>Dehesas, sumida en el abandono: la basura se acumula sin control pese a las denuncias del PSOE - Agrupaci\u00f3n Socialista de Ponferrada<\/title>\n<meta name=\"robots\" content=\"index, follow, max-snippet:-1, max-image-preview:large, max-video-preview:-1\" \/>\n<link rel=\"canonical\" href=\"https:\/\/agrupacionespsoe.es\/ponferrada\/dehesas-sumida-en-el-abandono-la-basura-se-acumula-sin-control-pese-a-las-denuncias-del-psoe\/\" \/>\n<meta property=\"og:locale\" content=\"es_ES\" \/>\n<meta property=\"og:type\" content=\"article\" \/>\n<meta property=\"og:title\" content=\"Dehesas, sumida en el abandono: la basura se acumula sin control pese a las denuncias del PSOE - Agrupaci\u00f3n Socialista de Ponferrada\" \/>\n<meta property=\"og:description\" content=\"La pedan\u00eda de Dehesas contin\u00faa inmersa en un preocupante estado de abandono, con montones de basura acumul\u00e1ndose alrededor de los contenedores y en espacios abiertos, sin que se tomen medidas efectivas para su retirada. Esta situaci\u00f3n, vuelve a ser denunciada por el Grupo Socialista que ve con preocupaci\u00f3n c\u00f3mo se acumula sin control y ya ...\" \/>\n<meta property=\"og:url\" content=\"https:\/\/agrupacionespsoe.es\/ponferrada\/dehesas-sumida-en-el-abandono-la-basura-se-acumula-sin-control-pese-a-las-denuncias-del-psoe\/\" \/>\n<meta property=\"og:site_name\" content=\"Agrupaci\u00f3n Socialista de Ponferrada\" \/>\n<meta property=\"article:published_time\" content=\"2025-06-10T14:40:21+00:00\" \/>\n<meta property=\"article:modified_time\" content=\"2025-06-13T14:41:32+00:00\" \/>\n<meta property=\"og:image\" content=\"https:\/\/agrupacionespsoe.es\/ponferrada\/wp-content\/uploads\/sites\/36\/2025\/02\/WhatsApp-Image-2025-02-07-at-13.29.35.jpeg\" \/>\n\t<meta property=\"og:image:width\" content=\"1476\" \/>\n\t<meta property=\"og:image:height\" content=\"1519\" \/>\n\t<meta property=\"og:image:type\" content=\"image\/jpeg\" \/>\n<meta name=\"author\" content=\"ponferrada2\" \/>\n<meta name=\"twitter:card\" content=\"summary_large_image\" \/>\n<meta name=\"twitter:label1\" content=\"Escrito por\" \/>\n\t<meta name=\"twitter:data1\" content=\"ponferrada2\" \/>\n\t<meta name=\"twitter:label2\" content=\"Tiempo de lectura\" \/>\n\t<meta name=\"twitter:data2\" content=\"3 minutos\" \/>\n<script type=\"application\/ld+json\" class=\"yoast-schema-graph\">{\"@context\":\"https:\/\/schema.org\",\"@graph\":[{\"@type\":\"Article\",\"@id\":\"https:\/\/agrupacionespsoe.es\/ponferrada\/dehesas-sumida-en-el-abandono-la-basura-se-acumula-sin-control-pese-a-las-denuncias-del-psoe\/#article\",\"isPartOf\":{\"@id\":\"https:\/\/agrupacionespsoe.es\/ponferrada\/dehesas-sumida-en-el-abandono-la-basura-se-acumula-sin-control-pese-a-las-denuncias-del-psoe\/\"},\"author\":{\"name\":\"ponferrada2\",\"@id\":\"https:\/\/agrupacionespsoe.es\/ponferrada\/#\/schema\/person\/cd29ee627f3b70c05d415f02596debaa\"},\"headline\":\"Dehesas, sumida en el abandono: la basura se acumula sin control pese a las denuncias del PSOE\",\"datePublished\":\"2025-06-10T14:40:21+00:00\",\"dateModified\":\"2025-06-13T14:41:32+00:00\",\"mainEntityOfPage\":{\"@id\":\"https:\/\/agrupacionespsoe.es\/ponferrada\/dehesas-sumida-en-el-abandono-la-basura-se-acumula-sin-control-pese-a-las-denuncias-del-psoe\/\"},\"wordCount\":550,\"commentCount\":0,\"publisher\":{\"@id\":\"https:\/\/agrupacionespsoe.es\/ponferrada\/#organization\"},\"image\":{\"@id\":\"https:\/\/agrupacionespsoe.es\/ponferrada\/dehesas-sumida-en-el-abandono-la-basura-se-acumula-sin-control-pese-a-las-denuncias-del-psoe\/#primaryimage\"},\"thumbnailUrl\":\"https:\/\/agrupacionespsoe.es\/ponferrada\/wp-content\/uploads\/sites\/36\/2025\/02\/WhatsApp-Image-2025-02-07-at-13.29.35.jpeg\",\"articleSection\":[\"ACTUALIDAD\"],\"inLanguage\":\"es\",\"potentialAction\":[{\"@type\":\"CommentAction\",\"name\":\"Comment\",\"target\":[\"https:\/\/agrupacionespsoe.es\/ponferrada\/dehesas-sumida-en-el-abandono-la-basura-se-acumula-sin-control-pese-a-las-denuncias-del-psoe\/#respond\"]}]},{\"@type\":\"WebPage\",\"@id\":\"https:\/\/agrupacionespsoe.es\/ponferrada\/dehesas-sumida-en-el-abandono-la-basura-se-acumula-sin-control-pese-a-las-denuncias-del-psoe\/\",\"url\":\"https:\/\/agrupacionespsoe.es\/ponferrada\/dehesas-sumida-en-el-abandono-la-basura-se-acumula-sin-control-pese-a-las-denuncias-del-psoe\/\",\"name\":\"Dehesas, sumida en el abandono: la basura se acumula sin control pese a las denuncias del PSOE - Agrupaci\u00f3n Socialista de Ponferrada\",\"isPartOf\":{\"@id\":\"https:\/\/agrupacionespsoe.es\/ponferrada\/#website\"},\"primaryImageOfPage\":{\"@id\":\"https:\/\/agrupacionespsoe.es\/ponferrada\/dehesas-sumida-en-el-abandono-la-basura-se-acumula-sin-control-pese-a-las-denuncias-del-psoe\/#primaryimage\"},\"image\":{\"@id\":\"https:\/\/agrupacionespsoe.es\/ponferrada\/dehesas-sumida-en-el-abandono-la-basura-se-acumula-sin-control-pese-a-las-denuncias-del-psoe\/#primaryimage\"},\"thumbnailUrl\":\"https:\/\/agrupacionespsoe.es\/ponferrada\/wp-content\/uploads\/sites\/36\/2025\/02\/WhatsApp-Image-2025-02-07-at-13.29.35.jpeg\",\"datePublished\":\"2025-06-10T14:40:21+00:00\",\"dateModified\":\"2025-06-13T14:41:32+00:00\",\"breadcrumb\":{\"@id\":\"https:\/\/agrupacionespsoe.es\/ponferrada\/dehesas-sumida-en-el-abandono-la-basura-se-acumula-sin-control-pese-a-las-denuncias-del-psoe\/#breadcrumb\"},\"inLanguage\":\"es\",\"potentialAction\":[{\"@type\":\"ReadAction\",\"target\":[\"https:\/\/agrupacionespsoe.es\/ponferrada\/dehesas-sumida-en-el-abandono-la-basura-se-acumula-sin-control-pese-a-las-denuncias-del-psoe\/\"]}]},{\"@type\":\"ImageObject\",\"inLanguage\":\"es\",\"@id\":\"https:\/\/agrupacionespsoe.es\/ponferrada\/dehesas-sumida-en-el-abandono-la-basura-se-acumula-sin-control-pese-a-las-denuncias-del-psoe\/#primaryimage\",\"url\":\"https:\/\/agrupacionespsoe.es\/ponferrada\/wp-content\/uploads\/sites\/36\/2025\/02\/WhatsApp-Image-2025-02-07-at-13.29.35.jpeg\",\"contentUrl\":\"https:\/\/agrupacionespsoe.es\/ponferrada\/wp-content\/uploads\/sites\/36\/2025\/02\/WhatsApp-Image-2025-02-07-at-13.29.35.jpeg\",\"width\":1476,\"height\":1519},{\"@type\":\"BreadcrumbList\",\"@id\":\"https:\/\/agrupacionespsoe.es\/ponferrada\/dehesas-sumida-en-el-abandono-la-basura-se-acumula-sin-control-pese-a-las-denuncias-del-psoe\/#breadcrumb\",\"itemListElement\":[{\"@type\":\"ListItem\",\"position\":1,\"name\":\"Portada\",\"item\":\"https:\/\/agrupacionespsoe.es\/ponferrada\/\"},{\"@type\":\"ListItem\",\"position\":2,\"name\":\"Dehesas, sumida en el abandono: la basura se acumula sin control pese a las denuncias del PSOE\"}]},{\"@type\":\"WebSite\",\"@id\":\"https:\/\/agrupacionespsoe.es\/ponferrada\/#website\",\"url\":\"https:\/\/agrupacionespsoe.es\/ponferrada\/\",\"name\":\"Agrupaci\u00f3n Socialista de Ponferrada\",\"description\":\"Agrupaci\u00f3n Socialista de Ponferrada\",\"publisher\":{\"@id\":\"https:\/\/agrupacionespsoe.es\/ponferrada\/#organization\"},\"potentialAction\":[{\"@type\":\"SearchAction\",\"target\":{\"@type\":\"EntryPoint\",\"urlTemplate\":\"https:\/\/agrupacionespsoe.es\/ponferrada\/?s={search_term_string}\"},\"query-input\":{\"@type\":\"PropertyValueSpecification\",\"valueRequired\":true,\"valueName\":\"search_term_string\"}}],\"inLanguage\":\"es\"},{\"@type\":\"Organization\",\"@id\":\"https:\/\/agrupacionespsoe.es\/ponferrada\/#organization\",\"name\":\"Agrupaci\u00f3n Socialista de Ponferrada\",\"url\":\"https:\/\/agrupacionespsoe.es\/ponferrada\/\",\"logo\":{\"@type\":\"ImageObject\",\"inLanguage\":\"es\",\"@id\":\"https:\/\/agrupacionespsoe.es\/ponferrada\/#\/schema\/logo\/image\/\",\"url\":\"https:\/\/agrupacionespsoe.es\/wp-content\/uploads\/2022\/07\/Logotipo_electoral_del_PSOE.png\",\"contentUrl\":\"https:\/\/agrupacionespsoe.es\/wp-content\/uploads\/2022\/07\/Logotipo_electoral_del_PSOE.png\",\"width\":422,\"height\":422,\"caption\":\"Agrupaci\u00f3n Socialista de Ponferrada\"},\"image\":{\"@id\":\"https:\/\/agrupacionespsoe.es\/ponferrada\/#\/schema\/logo\/image\/\"}},{\"@type\":\"Person\",\"@id\":\"https:\/\/agrupacionespsoe.es\/ponferrada\/#\/schema\/person\/cd29ee627f3b70c05d415f02596debaa\",\"name\":\"ponferrada2\",\"image\":{\"@type\":\"ImageObject\",\"inLanguage\":\"es\",\"@id\":\"https:\/\/agrupacionespsoe.es\/ponferrada\/#\/schema\/person\/image\/\",\"url\":\"https:\/\/secure.gravatar.com\/avatar\/f499eeb60144c664cf7b7edf75549b50?s=96&d=mm&r=g\",\"contentUrl\":\"https:\/\/secure.gravatar.com\/avatar\/f499eeb60144c664cf7b7edf75549b50?s=96&d=mm&r=g\",\"caption\":\"ponferrada2\"},\"url\":\"https:\/\/agrupacionespsoe.es\/ponferrada\/author\/ponferrada2\/\"}]}<\/script>\n<!-- \/ Yoast SEO plugin. -->","yoast_head_json":{"title":"Dehesas, sumida en el abandono: la basura se acumula sin control pese a las denuncias del PSOE - Agrupaci\u00f3n Socialista de Ponferrada","robots":{"index":"index","follow":"follow","max-snippet":"max-snippet:-1","max-image-preview":"max-image-preview:large","max-video-preview":"max-video-preview:-1"},"canonical":"https:\/\/agrupacionespsoe.es\/ponferrada\/dehesas-sumida-en-el-abandono-la-basura-se-acumula-sin-control-pese-a-las-denuncias-del-psoe\/","og_locale":"es_ES","og_type":"article","og_title":"Dehesas, sumida en el abandono: la basura se acumula sin control pese a las denuncias del PSOE - Agrupaci\u00f3n Socialista de Ponferrada","og_description":"La pedan\u00eda de Dehesas contin\u00faa inmersa en un preocupante estado de abandono, con montones de basura acumul\u00e1ndose alrededor de los contenedores y en espacios abiertos, sin que se tomen medidas efectivas para su retirada. Esta situaci\u00f3n, vuelve a ser denunciada por el Grupo Socialista que ve con preocupaci\u00f3n c\u00f3mo se acumula sin control y ya ...","og_url":"https:\/\/agrupacionespsoe.es\/ponferrada\/dehesas-sumida-en-el-abandono-la-basura-se-acumula-sin-control-pese-a-las-denuncias-del-psoe\/","og_site_name":"Agrupaci\u00f3n Socialista de Ponferrada","article_published_time":"2025-06-10T14:40:21+00:00","article_modified_time":"2025-06-13T14:41:32+00:00","og_image":[{"width":1476,"height":1519,"url":"https:\/\/agrupacionespsoe.es\/ponferrada\/wp-content\/uploads\/sites\/36\/2025\/02\/WhatsApp-Image-2025-02-07-at-13.29.35.jpeg","type":"image\/jpeg"}],"author":"ponferrada2","twitter_card":"summary_large_image","twitter_misc":{"Escrito por":"ponferrada2","Tiempo de lectura":"3 minutos"},"schema":{"@context":"https:\/\/schema.org","@graph":[{"@type":"Article","@id":"https:\/\/agrupacionespsoe.es\/ponferrada\/dehesas-sumida-en-el-abandono-la-basura-se-acumula-sin-control-pese-a-las-denuncias-del-psoe\/#article","isPartOf":{"@id":"https:\/\/agrupacionespsoe.es\/ponferrada\/dehesas-sumida-en-el-abandono-la-basura-se-acumula-sin-control-pese-a-las-denuncias-del-psoe\/"},"author":{"name":"ponferrada2","@id":"https:\/\/agrupacionespsoe.es\/ponferrada\/#\/schema\/person\/cd29ee627f3b70c05d415f02596debaa"},"headline":"Dehesas, sumida en el abandono: la basura se acumula sin control pese a las denuncias del PSOE","datePublished":"2025-06-10T14:40:21+00:00","dateModified":"2025-06-13T14:41:32+00:00","mainEntityOfPage":{"@id":"https:\/\/agrupacionespsoe.es\/ponferrada\/dehesas-sumida-en-el-abandono-la-basura-se-acumula-sin-control-pese-a-las-denuncias-del-psoe\/"},"wordCount":550,"commentCount":0,"publisher":{"@id":"https:\/\/agrupacionespsoe.es\/ponferrada\/#organization"},"image":{"@id":"https:\/\/agrupacionespsoe.es\/ponferrada\/dehesas-sumida-en-el-abandono-la-basura-se-acumula-sin-control-pese-a-las-denuncias-del-psoe\/#primaryimage"},"thumbnailUrl":"https:\/\/agrupacionespsoe.es\/ponferrada\/wp-content\/uploads\/sites\/36\/2025\/02\/WhatsApp-Image-2025-02-07-at-13.29.35.jpeg","articleSection":["ACTUALIDAD"],"inLanguage":"es","potentialAction":[{"@type":"CommentAction","name":"Comment","target":["https:\/\/agrupacionespsoe.es\/ponferrada\/dehesas-sumida-en-el-abandono-la-basura-se-acumula-sin-control-pese-a-las-denuncias-del-psoe\/#respond"]}]},{"@type":"WebPage","@id":"https:\/\/agrupacionespsoe.es\/ponferrada\/dehesas-sumida-en-el-abandono-la-basura-se-acumula-sin-control-pese-a-las-denuncias-del-psoe\/","url":"https:\/\/agrupacionespsoe.es\/ponferrada\/dehesas-sumida-en-el-abandono-la-basura-se-acumula-sin-control-pese-a-las-denuncias-del-psoe\/","name":"Dehesas, sumida en el abandono: la basura se acumula sin control pese a las denuncias del PSOE - Agrupaci\u00f3n Socialista de Ponferrada","isPartOf":{"@id":"https:\/\/agrupacionespsoe.es\/ponferrada\/#website"},"primaryImageOfPage":{"@id":"https:\/\/agrupacionespsoe.es\/ponferrada\/dehesas-sumida-en-el-abandono-la-basura-se-acumula-sin-control-pese-a-las-denuncias-del-psoe\/#primaryimage"},"image":{"@id":"https:\/\/agrupacionespsoe.es\/ponferrada\/dehesas-sumida-en-el-abandono-la-basura-se-acumula-sin-control-pese-a-las-denuncias-del-psoe\/#primaryimage"},"thumbnailUrl":"https:\/\/agrupacionespsoe.es\/ponferrada\/wp-content\/uploads\/sites\/36\/2025\/02\/WhatsApp-Image-2025-02-07-at-13.29.35.jpeg","datePublished":"2025-06-10T14:40:21+00:00","dateModified":"2025-06-13T14:41:32+00:00","breadcrumb":{"@id":"https:\/\/agrupacionespsoe.es\/ponferrada\/dehesas-sumida-en-el-abandono-la-basura-se-acumula-sin-control-pese-a-las-denuncias-del-psoe\/#breadcrumb"},"inLanguage":"es","potentialAction":[{"@type":"ReadAction","target":["https:\/\/agrupacionespsoe.es\/ponferrada\/dehesas-sumida-en-el-abandono-la-basura-se-acumula-sin-control-pese-a-las-denuncias-del-psoe\/"]}]},{"@type":"ImageObject","inLanguage":"es","@id":"https:\/\/agrupacionespsoe.es\/ponferrada\/dehesas-sumida-en-el-abandono-la-basura-se-acumula-sin-control-pese-a-las-denuncias-del-psoe\/#primaryimage","url":"https:\/\/agrupacionespsoe.es\/ponferrada\/wp-content\/uploads\/sites\/36\/2025\/02\/WhatsApp-Image-2025-02-07-at-13.29.35.jpeg","contentUrl":"https:\/\/agrupacionespsoe.es\/ponferrada\/wp-content\/uploads\/sites\/36\/2025\/02\/WhatsApp-Image-2025-02-07-at-13.29.35.jpeg","width":1476,"height":1519},{"@type":"BreadcrumbList","@id":"https:\/\/agrupacionespsoe.es\/ponferrada\/dehesas-sumida-en-el-abandono-la-basura-se-acumula-sin-control-pese-a-las-denuncias-del-psoe\/#breadcrumb","itemListElement":[{"@type":"ListItem","position":1,"name":"Portada","item":"https:\/\/agrupacionespsoe.es\/ponferrada\/"},{"@type":"ListItem","position":2,"name":"Dehesas, sumida en el abandono: la basura se acumula sin control pese a las denuncias del PSOE"}]},{"@type":"WebSite","@id":"https:\/\/agrupacionespsoe.es\/ponferrada\/#website","url":"https:\/\/agrupacionespsoe.es\/ponferrada\/","name":"Agrupaci\u00f3n Socialista de Ponferrada","description":"Agrupaci\u00f3n Socialista de Ponferrada","publisher":{"@id":"https:\/\/agrupacionespsoe.es\/ponferrada\/#organization"},"potentialAction":[{"@type":"SearchAction","target":{"@type":"EntryPoint","urlTemplate":"https:\/\/agrupacionespsoe.es\/ponferrada\/?s={search_term_string}"},"query-input":{"@type":"PropertyValueSpecification","valueRequired":true,"valueName":"search_term_string"}}],"inLanguage":"es"},{"@type":"Organization","@id":"https:\/\/agrupacionespsoe.es\/ponferrada\/#organization","name":"Agrupaci\u00f3n Socialista de Ponferrada","url":"https:\/\/agrupacionespsoe.es\/ponferrada\/","logo":{"@type":"ImageObject","inLanguage":"es","@id":"https:\/\/agrupacionespsoe.es\/ponferrada\/#\/schema\/logo\/image\/","url":"https:\/\/agrupacionespsoe.es\/wp-content\/uploads\/2022\/07\/Logotipo_electoral_del_PSOE.png","contentUrl":"https:\/\/agrupacionespsoe.es\/wp-content\/uploads\/2022\/07\/Logotipo_electoral_del_PSOE.png","width":422,"height":422,"caption":"Agrupaci\u00f3n Socialista de Ponferrada"},"image":{"@id":"https:\/\/agrupacionespsoe.es\/ponferrada\/#\/schema\/logo\/image\/"}},{"@type":"Person","@id":"https:\/\/agrupacionespsoe.es\/ponferrada\/#\/schema\/person\/cd29ee627f3b70c05d415f02596debaa","name":"ponferrada2","image":{"@type":"ImageObject","inLanguage":"es","@id":"https:\/\/agrupacionespsoe.es\/ponferrada\/#\/schema\/person\/image\/","url":"https:\/\/secure.gravatar.com\/avatar\/f499eeb60144c664cf7b7edf75549b50?s=96&d=mm&r=g","contentUrl":"https:\/\/secure.gravatar.com\/avatar\/f499eeb60144c664cf7b7edf75549b50?s=96&d=mm&r=g","caption":"ponferrada2"},"url":"https:\/\/agrupacionespsoe.es\/ponferrada\/author\/ponferrada2\/"}]}},"jetpack_featured_media_url":"https:\/\/agrupacionespsoe.es\/ponferrada\/wp-content\/uploads\/sites\/36\/2025\/02\/WhatsApp-Image-2025-02-07-at-13.29.35.jpeg","jetpack_sharing_enabled":true,"_links":{"self":[{"href":"https:\/\/agrupacionespsoe.es\/ponferrada\/wp-json\/wp\/v2\/posts\/947","targetHints":{"allow":["GET"]}}],"collection":[{"href":"https:\/\/agrupacionespsoe.es\/ponferrada\/wp-json\/wp\/v2\/posts"}],"about":[{"href":"https:\/\/agrupacionespsoe.es\/ponferrada\/wp-json\/wp\/v2\/types\/post"}],"author":[{"embeddable":true,"href":"https:\/\/agrupacionespsoe.es\/ponferrada\/wp-json\/wp\/v2\/users\/32"}],"replies":[{"embeddable":true,"href":"https:\/\/agrupacionespsoe.es\/ponferrada\/wp-json\/wp\/v2\/comments?post=947"}],"version-history":[{"count":2,"href":"https:\/\/agrupacionespsoe.es\/ponferrada\/wp-json\/wp\/v2\/posts\/947\/revisions"}],"predecessor-version":[{"id":949,"href":"https:\/\/agrupacionespsoe.es\/ponferrada\/wp-json\/wp\/v2\/posts\/947\/revisions\/949"}],"wp:featuredmedia":[{"embeddable":true,"href":"https:\/\/agrupacionespsoe.es\/ponferrada\/wp-json\/wp\/v2\/media\/778"}],"wp:attachment":[{"href":"https:\/\/agrupacionespsoe.es\/ponferrada\/wp-json\/wp\/v2\/media?parent=947"}],"wp:term":[{"taxonomy":"category","embeddable":true,"href":"https:\/\/agrupacionespsoe.es\/ponferrada\/wp-json\/wp\/v2\/categories?post=947"},{"taxonomy":"post_tag","embeddable":true,"href":"https:\/\/agrupacionespsoe.es\/ponferrada\/wp-json\/wp\/v2\/tags?post=947"}],"curies":[{"name":"wp","href":"https:\/\/api.w.org\/{rel}","templated":true}]}}