{"id":942,"date":"2025-06-06T11:39:56","date_gmt":"2025-06-06T11:39:56","guid":{"rendered":"https:\/\/agrupacionespsoe.es\/ponferrada\/?p=942"},"modified":"2025-06-06T11:39:57","modified_gmt":"2025-06-06T11:39:57","slug":"bancos-ataud-a-precio-de-lujo-el-mobiliario-que-nadie-pidio-y-todos-pagamos","status":"publish","type":"post","link":"https:\/\/agrupacionespsoe.es\/ponferrada\/bancos-ataud-a-precio-de-lujo-el-mobiliario-que-nadie-pidio-y-todos-pagamos\/","title":{"rendered":"Bancos-ata\u00fad a precio de lujo: el mobiliario que nadie pidi\u00f3 y todos pagamos"},"content":{"rendered":"\n<p>Desde el Grupo Municipal Socialista queremos manifestar nuestra sorpresa y nuestra perplejidad ante la reciente colocaci\u00f3n de los bancos del paseo del rio.<\/p>\n\n\n\n<p>Jose Antonio Cart\u00f3n se\u00f1ala que \u201centendemos perfectamente que se haya creado revuelo en las redes por la colocaci\u00f3n de esos bancos-ata\u00fades, pero lo que deber\u00eda provocar la noticia m\u00e1s que risa es indignaci\u00f3n al conocer cu\u00e1nto ha costado ese mobiliario. Un importe total de 14.641,97 euros, con cargo al proyecto europeo del Plan de Sostenibilidad Tur\u00edstica en Destino. Una \u201csostenibilidad que por lo visto, no incluye ni el buen gusto ni la responsabilidad en los gastos.\u201d<\/p>\n\n\n\n<p>A\u00f1ade que \u201cconcretamente esos 6 bancos&nbsp; que ahora decoran nuestro paseo del rio con aires de tanatorio moderno han costado 3.737,45 euros. Es decir, m\u00e1s de 600 euros por unidad &nbsp;para instalar piezas sin respaldo y con un dise\u00f1o que ni invita al descanso ni respeta el entorno y que provoca m\u00e1s inquietud que descanso. Si el objetivo era que nadie se sentase, podemos decir que han acertado.\u201d<\/p>\n\n\n\n<figure class=\"wp-block-image size-large\"><img loading=\"lazy\" decoding=\"async\" width=\"995\" height=\"1024\" src=\"https:\/\/agrupacionespsoe.es\/ponferrada\/wp-content\/uploads\/sites\/36\/2025\/02\/WhatsApp-Image-2025-02-07-at-13.29.35-995x1024.jpeg\" alt=\"\" class=\"wp-image-778\" srcset=\"https:\/\/agrupacionespsoe.es\/ponferrada\/wp-content\/uploads\/sites\/36\/2025\/02\/WhatsApp-Image-2025-02-07-at-13.29.35-995x1024.jpeg 995w, https:\/\/agrupacionespsoe.es\/ponferrada\/wp-content\/uploads\/sites\/36\/2025\/02\/WhatsApp-Image-2025-02-07-at-13.29.35-292x300.jpeg 292w, https:\/\/agrupacionespsoe.es\/ponferrada\/wp-content\/uploads\/sites\/36\/2025\/02\/WhatsApp-Image-2025-02-07-at-13.29.35-768x790.jpeg 768w, https:\/\/agrupacionespsoe.es\/ponferrada\/wp-content\/uploads\/sites\/36\/2025\/02\/WhatsApp-Image-2025-02-07-at-13.29.35.jpeg 1476w\" sizes=\"auto, (max-width: 995px) 100vw, 995px\" \/><\/figure>\n\n\n\n<p>Un mobiliario urbano, que va a resultar que &nbsp;\u201cnadie pidi\u00f3\u201d y que todos pagamos, nos atrevemos a decir que&nbsp; de entre todos los modelos disponibles en la web del proveedor, se han escogido precisamente los m\u00e1s antiest\u00e9ticos, con diferencia. Esta decisi\u00f3n no es solo una cuesti\u00f3n de mal gusto, sino tambi\u00e9n un reflejo de la falta de supervisi\u00f3n pol\u00edtica en los contratos p\u00fablicos, donde los responsables del gobierno municipal parecen m\u00e1s interesados en adjudicar r\u00e1pido que en revisar lo que se est\u00e1 comprando.<\/p>\n\n\n\n<p>Cart\u00f3n subraya que \u201cresulta especialmente grave que, ante la pol\u00e9mica, el propio alcalde se haya desmarcado del asunto afirmando que \u201c\u00e9l no los eligi\u00f3\u201d, como si el mobiliario urbano de Ponferrada se decidiera por generaci\u00f3n espont\u00e1nea. La falta de responsabilidad pol\u00edtica y de control sobre las adjudicaciones es tan preocupante como el propio resultado est\u00e9tico.\u201d<\/p>\n\n\n\n<p>Este caso no es una excepci\u00f3n, es otro cap\u00edtulo m\u00e1s del cat\u00e1logo de derroches a los que nos tiene acostumbrados este equipo de gobierno. Ya no sorprende ver c\u00f3mo se manejan fondos p\u00fablicos con una ligereza preocupante, sin planificaci\u00f3n, sin consulta ciudadana y sin sentido com\u00fan. En lugar de apostar por actuaciones \u00fatiles, integradoras y bien pensadas, seguimos viendo decisiones improvisadas, est\u00e9ticamente cuestionables y econ\u00f3micamente injustificables.<\/p>\n\n\n\n<p>Finaliza se\u00f1alando que \u201cPonferrada merece m\u00e1s. Merece bancos donde uno quiera sentarse, no donde d\u00e9 reparo hacerlo. Merece planificaci\u00f3n, participaci\u00f3n y responsabilidad pol\u00edtica. Y, sobre todo, merece gobernantes que no se escondan cuando se les se\u00f1alan sus errores, sino que den la cara y empiecen a rendir cuentas\u201d.<\/p>\n\n\n\n<figure class=\"wp-block-image size-large\"><img loading=\"lazy\" decoding=\"async\" width=\"461\" height=\"1024\" src=\"https:\/\/agrupacionespsoe.es\/ponferrada\/wp-content\/uploads\/sites\/36\/2025\/06\/WhatsApp-Image-2025-06-06-at-13.38.10-461x1024.jpeg\" alt=\"\" class=\"wp-image-943\" srcset=\"https:\/\/agrupacionespsoe.es\/ponferrada\/wp-content\/uploads\/sites\/36\/2025\/06\/WhatsApp-Image-2025-06-06-at-13.38.10-461x1024.jpeg 461w, https:\/\/agrupacionespsoe.es\/ponferrada\/wp-content\/uploads\/sites\/36\/2025\/06\/WhatsApp-Image-2025-06-06-at-13.38.10-135x300.jpeg 135w, https:\/\/agrupacionespsoe.es\/ponferrada\/wp-content\/uploads\/sites\/36\/2025\/06\/WhatsApp-Image-2025-06-06-at-13.38.10-691x1536.jpeg 691w, https:\/\/agrupacionespsoe.es\/ponferrada\/wp-content\/uploads\/sites\/36\/2025\/06\/WhatsApp-Image-2025-06-06-at-13.38.10.jpeg 720w\" sizes=\"auto, (max-width: 461px) 100vw, 461px\" \/><\/figure>\n","protected":false},"excerpt":{"rendered":"<p>Desde el Grupo Municipal Socialista queremos manifestar nuestra sorpresa y nuestra perplejidad ante la reciente colocaci\u00f3n de los bancos del paseo del rio. Jose Antonio Cart\u00f3n se\u00f1ala que \u201centendemos perfectamente que se haya creado revuelo en las redes por la colocaci\u00f3n de esos bancos-ata\u00fades, pero lo que deber\u00eda provocar la noticia m\u00e1s que risa es &#8230;<\/p>\n","protected":false},"author":32,"featured_media":778,"comment_status":"open","ping_status":"open","sticky":false,"template":"","format":"standard","meta":{"_jetpack_memberships_contains_paid_content":false,"footnotes":""},"categories":[6],"tags":[],"class_list":["post-942","post","type-post","status-publish","format-standard","has-post-thumbnail","hentry","category-actualidad"],"yoast_head":"<!-- This site is optimized with the Yoast SEO plugin v24.0 - https:\/\/yoast.com\/wordpress\/plugins\/seo\/ -->\n<title>Bancos-ata\u00fad a precio de lujo: el mobiliario que nadie pidi\u00f3 y todos pagamos - Agrupaci\u00f3n Socialista de Ponferrada<\/title>\n<meta name=\"robots\" content=\"index, follow, max-snippet:-1, max-image-preview:large, max-video-preview:-1\" \/>\n<link rel=\"canonical\" href=\"https:\/\/agrupacionespsoe.es\/ponferrada\/bancos-ataud-a-precio-de-lujo-el-mobiliario-que-nadie-pidio-y-todos-pagamos\/\" \/>\n<meta property=\"og:locale\" content=\"es_ES\" \/>\n<meta property=\"og:type\" content=\"article\" \/>\n<meta property=\"og:title\" content=\"Bancos-ata\u00fad a precio de lujo: el mobiliario que nadie pidi\u00f3 y todos pagamos - Agrupaci\u00f3n Socialista de Ponferrada\" \/>\n<meta property=\"og:description\" content=\"Desde el Grupo Municipal Socialista queremos manifestar nuestra sorpresa y nuestra perplejidad ante la reciente colocaci\u00f3n de los bancos del paseo del rio. Jose Antonio Cart\u00f3n se\u00f1ala que \u201centendemos perfectamente que se haya creado revuelo en las redes por la colocaci\u00f3n de esos bancos-ata\u00fades, pero lo que deber\u00eda provocar la noticia m\u00e1s que risa es ...\" \/>\n<meta property=\"og:url\" content=\"https:\/\/agrupacionespsoe.es\/ponferrada\/bancos-ataud-a-precio-de-lujo-el-mobiliario-que-nadie-pidio-y-todos-pagamos\/\" \/>\n<meta property=\"og:site_name\" content=\"Agrupaci\u00f3n Socialista de Ponferrada\" \/>\n<meta property=\"article:published_time\" content=\"2025-06-06T11:39:56+00:00\" \/>\n<meta property=\"article:modified_time\" content=\"2025-06-06T11:39:57+00:00\" \/>\n<meta property=\"og:image\" content=\"https:\/\/agrupacionespsoe.es\/ponferrada\/wp-content\/uploads\/sites\/36\/2025\/02\/WhatsApp-Image-2025-02-07-at-13.29.35.jpeg\" \/>\n\t<meta property=\"og:image:width\" content=\"1476\" \/>\n\t<meta property=\"og:image:height\" content=\"1519\" \/>\n\t<meta property=\"og:image:type\" content=\"image\/jpeg\" \/>\n<meta name=\"author\" content=\"ponferrada2\" \/>\n<meta name=\"twitter:card\" content=\"summary_large_image\" \/>\n<meta name=\"twitter:label1\" content=\"Escrito por\" \/>\n\t<meta name=\"twitter:data1\" content=\"ponferrada2\" \/>\n\t<meta name=\"twitter:label2\" content=\"Tiempo de lectura\" \/>\n\t<meta name=\"twitter:data2\" content=\"3 minutos\" \/>\n<script type=\"application\/ld+json\" class=\"yoast-schema-graph\">{\"@context\":\"https:\/\/schema.org\",\"@graph\":[{\"@type\":\"Article\",\"@id\":\"https:\/\/agrupacionespsoe.es\/ponferrada\/bancos-ataud-a-precio-de-lujo-el-mobiliario-que-nadie-pidio-y-todos-pagamos\/#article\",\"isPartOf\":{\"@id\":\"https:\/\/agrupacionespsoe.es\/ponferrada\/bancos-ataud-a-precio-de-lujo-el-mobiliario-que-nadie-pidio-y-todos-pagamos\/\"},\"author\":{\"name\":\"ponferrada2\",\"@id\":\"https:\/\/agrupacionespsoe.es\/ponferrada\/#\/schema\/person\/cd29ee627f3b70c05d415f02596debaa\"},\"headline\":\"Bancos-ata\u00fad a precio de lujo: el mobiliario que nadie pidi\u00f3 y todos pagamos\",\"datePublished\":\"2025-06-06T11:39:56+00:00\",\"dateModified\":\"2025-06-06T11:39:57+00:00\",\"mainEntityOfPage\":{\"@id\":\"https:\/\/agrupacionespsoe.es\/ponferrada\/bancos-ataud-a-precio-de-lujo-el-mobiliario-que-nadie-pidio-y-todos-pagamos\/\"},\"wordCount\":479,\"commentCount\":0,\"publisher\":{\"@id\":\"https:\/\/agrupacionespsoe.es\/ponferrada\/#organization\"},\"image\":{\"@id\":\"https:\/\/agrupacionespsoe.es\/ponferrada\/bancos-ataud-a-precio-de-lujo-el-mobiliario-que-nadie-pidio-y-todos-pagamos\/#primaryimage\"},\"thumbnailUrl\":\"https:\/\/agrupacionespsoe.es\/ponferrada\/wp-content\/uploads\/sites\/36\/2025\/02\/WhatsApp-Image-2025-02-07-at-13.29.35.jpeg\",\"articleSection\":[\"ACTUALIDAD\"],\"inLanguage\":\"es\",\"potentialAction\":[{\"@type\":\"CommentAction\",\"name\":\"Comment\",\"target\":[\"https:\/\/agrupacionespsoe.es\/ponferrada\/bancos-ataud-a-precio-de-lujo-el-mobiliario-que-nadie-pidio-y-todos-pagamos\/#respond\"]}]},{\"@type\":\"WebPage\",\"@id\":\"https:\/\/agrupacionespsoe.es\/ponferrada\/bancos-ataud-a-precio-de-lujo-el-mobiliario-que-nadie-pidio-y-todos-pagamos\/\",\"url\":\"https:\/\/agrupacionespsoe.es\/ponferrada\/bancos-ataud-a-precio-de-lujo-el-mobiliario-que-nadie-pidio-y-todos-pagamos\/\",\"name\":\"Bancos-ata\u00fad a precio de lujo: el mobiliario que nadie pidi\u00f3 y todos pagamos - Agrupaci\u00f3n Socialista de Ponferrada\",\"isPartOf\":{\"@id\":\"https:\/\/agrupacionespsoe.es\/ponferrada\/#website\"},\"primaryImageOfPage\":{\"@id\":\"https:\/\/agrupacionespsoe.es\/ponferrada\/bancos-ataud-a-precio-de-lujo-el-mobiliario-que-nadie-pidio-y-todos-pagamos\/#primaryimage\"},\"image\":{\"@id\":\"https:\/\/agrupacionespsoe.es\/ponferrada\/bancos-ataud-a-precio-de-lujo-el-mobiliario-que-nadie-pidio-y-todos-pagamos\/#primaryimage\"},\"thumbnailUrl\":\"https:\/\/agrupacionespsoe.es\/ponferrada\/wp-content\/uploads\/sites\/36\/2025\/02\/WhatsApp-Image-2025-02-07-at-13.29.35.jpeg\",\"datePublished\":\"2025-06-06T11:39:56+00:00\",\"dateModified\":\"2025-06-06T11:39:57+00:00\",\"breadcrumb\":{\"@id\":\"https:\/\/agrupacionespsoe.es\/ponferrada\/bancos-ataud-a-precio-de-lujo-el-mobiliario-que-nadie-pidio-y-todos-pagamos\/#breadcrumb\"},\"inLanguage\":\"es\",\"potentialAction\":[{\"@type\":\"ReadAction\",\"target\":[\"https:\/\/agrupacionespsoe.es\/ponferrada\/bancos-ataud-a-precio-de-lujo-el-mobiliario-que-nadie-pidio-y-todos-pagamos\/\"]}]},{\"@type\":\"ImageObject\",\"inLanguage\":\"es\",\"@id\":\"https:\/\/agrupacionespsoe.es\/ponferrada\/bancos-ataud-a-precio-de-lujo-el-mobiliario-que-nadie-pidio-y-todos-pagamos\/#primaryimage\",\"url\":\"https:\/\/agrupacionespsoe.es\/ponferrada\/wp-content\/uploads\/sites\/36\/2025\/02\/WhatsApp-Image-2025-02-07-at-13.29.35.jpeg\",\"contentUrl\":\"https:\/\/agrupacionespsoe.es\/ponferrada\/wp-content\/uploads\/sites\/36\/2025\/02\/WhatsApp-Image-2025-02-07-at-13.29.35.jpeg\",\"width\":1476,\"height\":1519},{\"@type\":\"BreadcrumbList\",\"@id\":\"https:\/\/agrupacionespsoe.es\/ponferrada\/bancos-ataud-a-precio-de-lujo-el-mobiliario-que-nadie-pidio-y-todos-pagamos\/#breadcrumb\",\"itemListElement\":[{\"@type\":\"ListItem\",\"position\":1,\"name\":\"Portada\",\"item\":\"https:\/\/agrupacionespsoe.es\/ponferrada\/\"},{\"@type\":\"ListItem\",\"position\":2,\"name\":\"Bancos-ata\u00fad a precio de lujo: el mobiliario que nadie pidi\u00f3 y todos pagamos\"}]},{\"@type\":\"WebSite\",\"@id\":\"https:\/\/agrupacionespsoe.es\/ponferrada\/#website\",\"url\":\"https:\/\/agrupacionespsoe.es\/ponferrada\/\",\"name\":\"Agrupaci\u00f3n Socialista de Ponferrada\",\"description\":\"Agrupaci\u00f3n Socialista de Ponferrada\",\"publisher\":{\"@id\":\"https:\/\/agrupacionespsoe.es\/ponferrada\/#organization\"},\"potentialAction\":[{\"@type\":\"SearchAction\",\"target\":{\"@type\":\"EntryPoint\",\"urlTemplate\":\"https:\/\/agrupacionespsoe.es\/ponferrada\/?s={search_term_string}\"},\"query-input\":{\"@type\":\"PropertyValueSpecification\",\"valueRequired\":true,\"valueName\":\"search_term_string\"}}],\"inLanguage\":\"es\"},{\"@type\":\"Organization\",\"@id\":\"https:\/\/agrupacionespsoe.es\/ponferrada\/#organization\",\"name\":\"Agrupaci\u00f3n Socialista de Ponferrada\",\"url\":\"https:\/\/agrupacionespsoe.es\/ponferrada\/\",\"logo\":{\"@type\":\"ImageObject\",\"inLanguage\":\"es\",\"@id\":\"https:\/\/agrupacionespsoe.es\/ponferrada\/#\/schema\/logo\/image\/\",\"url\":\"https:\/\/agrupacionespsoe.es\/wp-content\/uploads\/2022\/07\/Logotipo_electoral_del_PSOE.png\",\"contentUrl\":\"https:\/\/agrupacionespsoe.es\/wp-content\/uploads\/2022\/07\/Logotipo_electoral_del_PSOE.png\",\"width\":422,\"height\":422,\"caption\":\"Agrupaci\u00f3n Socialista de Ponferrada\"},\"image\":{\"@id\":\"https:\/\/agrupacionespsoe.es\/ponferrada\/#\/schema\/logo\/image\/\"}},{\"@type\":\"Person\",\"@id\":\"https:\/\/agrupacionespsoe.es\/ponferrada\/#\/schema\/person\/cd29ee627f3b70c05d415f02596debaa\",\"name\":\"ponferrada2\",\"image\":{\"@type\":\"ImageObject\",\"inLanguage\":\"es\",\"@id\":\"https:\/\/agrupacionespsoe.es\/ponferrada\/#\/schema\/person\/image\/\",\"url\":\"https:\/\/secure.gravatar.com\/avatar\/f499eeb60144c664cf7b7edf75549b50?s=96&d=mm&r=g\",\"contentUrl\":\"https:\/\/secure.gravatar.com\/avatar\/f499eeb60144c664cf7b7edf75549b50?s=96&d=mm&r=g\",\"caption\":\"ponferrada2\"},\"url\":\"https:\/\/agrupacionespsoe.es\/ponferrada\/author\/ponferrada2\/\"}]}<\/script>\n<!-- \/ Yoast SEO plugin. -->","yoast_head_json":{"title":"Bancos-ata\u00fad a precio de lujo: el mobiliario que nadie pidi\u00f3 y todos pagamos - Agrupaci\u00f3n Socialista de Ponferrada","robots":{"index":"index","follow":"follow","max-snippet":"max-snippet:-1","max-image-preview":"max-image-preview:large","max-video-preview":"max-video-preview:-1"},"canonical":"https:\/\/agrupacionespsoe.es\/ponferrada\/bancos-ataud-a-precio-de-lujo-el-mobiliario-que-nadie-pidio-y-todos-pagamos\/","og_locale":"es_ES","og_type":"article","og_title":"Bancos-ata\u00fad a precio de lujo: el mobiliario que nadie pidi\u00f3 y todos pagamos - Agrupaci\u00f3n Socialista de Ponferrada","og_description":"Desde el Grupo Municipal Socialista queremos manifestar nuestra sorpresa y nuestra perplejidad ante la reciente colocaci\u00f3n de los bancos del paseo del rio. Jose Antonio Cart\u00f3n se\u00f1ala que \u201centendemos perfectamente que se haya creado revuelo en las redes por la colocaci\u00f3n de esos bancos-ata\u00fades, pero lo que deber\u00eda provocar la noticia m\u00e1s que risa es ...","og_url":"https:\/\/agrupacionespsoe.es\/ponferrada\/bancos-ataud-a-precio-de-lujo-el-mobiliario-que-nadie-pidio-y-todos-pagamos\/","og_site_name":"Agrupaci\u00f3n Socialista de Ponferrada","article_published_time":"2025-06-06T11:39:56+00:00","article_modified_time":"2025-06-06T11:39:57+00:00","og_image":[{"width":1476,"height":1519,"url":"https:\/\/agrupacionespsoe.es\/ponferrada\/wp-content\/uploads\/sites\/36\/2025\/02\/WhatsApp-Image-2025-02-07-at-13.29.35.jpeg","type":"image\/jpeg"}],"author":"ponferrada2","twitter_card":"summary_large_image","twitter_misc":{"Escrito por":"ponferrada2","Tiempo de lectura":"3 minutos"},"schema":{"@context":"https:\/\/schema.org","@graph":[{"@type":"Article","@id":"https:\/\/agrupacionespsoe.es\/ponferrada\/bancos-ataud-a-precio-de-lujo-el-mobiliario-que-nadie-pidio-y-todos-pagamos\/#article","isPartOf":{"@id":"https:\/\/agrupacionespsoe.es\/ponferrada\/bancos-ataud-a-precio-de-lujo-el-mobiliario-que-nadie-pidio-y-todos-pagamos\/"},"author":{"name":"ponferrada2","@id":"https:\/\/agrupacionespsoe.es\/ponferrada\/#\/schema\/person\/cd29ee627f3b70c05d415f02596debaa"},"headline":"Bancos-ata\u00fad a precio de lujo: el mobiliario que nadie pidi\u00f3 y todos pagamos","datePublished":"2025-06-06T11:39:56+00:00","dateModified":"2025-06-06T11:39:57+00:00","mainEntityOfPage":{"@id":"https:\/\/agrupacionespsoe.es\/ponferrada\/bancos-ataud-a-precio-de-lujo-el-mobiliario-que-nadie-pidio-y-todos-pagamos\/"},"wordCount":479,"commentCount":0,"publisher":{"@id":"https:\/\/agrupacionespsoe.es\/ponferrada\/#organization"},"image":{"@id":"https:\/\/agrupacionespsoe.es\/ponferrada\/bancos-ataud-a-precio-de-lujo-el-mobiliario-que-nadie-pidio-y-todos-pagamos\/#primaryimage"},"thumbnailUrl":"https:\/\/agrupacionespsoe.es\/ponferrada\/wp-content\/uploads\/sites\/36\/2025\/02\/WhatsApp-Image-2025-02-07-at-13.29.35.jpeg","articleSection":["ACTUALIDAD"],"inLanguage":"es","potentialAction":[{"@type":"CommentAction","name":"Comment","target":["https:\/\/agrupacionespsoe.es\/ponferrada\/bancos-ataud-a-precio-de-lujo-el-mobiliario-que-nadie-pidio-y-todos-pagamos\/#respond"]}]},{"@type":"WebPage","@id":"https:\/\/agrupacionespsoe.es\/ponferrada\/bancos-ataud-a-precio-de-lujo-el-mobiliario-que-nadie-pidio-y-todos-pagamos\/","url":"https:\/\/agrupacionespsoe.es\/ponferrada\/bancos-ataud-a-precio-de-lujo-el-mobiliario-que-nadie-pidio-y-todos-pagamos\/","name":"Bancos-ata\u00fad a precio de lujo: el mobiliario que nadie pidi\u00f3 y todos pagamos - Agrupaci\u00f3n Socialista de Ponferrada","isPartOf":{"@id":"https:\/\/agrupacionespsoe.es\/ponferrada\/#website"},"primaryImageOfPage":{"@id":"https:\/\/agrupacionespsoe.es\/ponferrada\/bancos-ataud-a-precio-de-lujo-el-mobiliario-que-nadie-pidio-y-todos-pagamos\/#primaryimage"},"image":{"@id":"https:\/\/agrupacionespsoe.es\/ponferrada\/bancos-ataud-a-precio-de-lujo-el-mobiliario-que-nadie-pidio-y-todos-pagamos\/#primaryimage"},"thumbnailUrl":"https:\/\/agrupacionespsoe.es\/ponferrada\/wp-content\/uploads\/sites\/36\/2025\/02\/WhatsApp-Image-2025-02-07-at-13.29.35.jpeg","datePublished":"2025-06-06T11:39:56+00:00","dateModified":"2025-06-06T11:39:57+00:00","breadcrumb":{"@id":"https:\/\/agrupacionespsoe.es\/ponferrada\/bancos-ataud-a-precio-de-lujo-el-mobiliario-que-nadie-pidio-y-todos-pagamos\/#breadcrumb"},"inLanguage":"es","potentialAction":[{"@type":"ReadAction","target":["https:\/\/agrupacionespsoe.es\/ponferrada\/bancos-ataud-a-precio-de-lujo-el-mobiliario-que-nadie-pidio-y-todos-pagamos\/"]}]},{"@type":"ImageObject","inLanguage":"es","@id":"https:\/\/agrupacionespsoe.es\/ponferrada\/bancos-ataud-a-precio-de-lujo-el-mobiliario-que-nadie-pidio-y-todos-pagamos\/#primaryimage","url":"https:\/\/agrupacionespsoe.es\/ponferrada\/wp-content\/uploads\/sites\/36\/2025\/02\/WhatsApp-Image-2025-02-07-at-13.29.35.jpeg","contentUrl":"https:\/\/agrupacionespsoe.es\/ponferrada\/wp-content\/uploads\/sites\/36\/2025\/02\/WhatsApp-Image-2025-02-07-at-13.29.35.jpeg","width":1476,"height":1519},{"@type":"BreadcrumbList","@id":"https:\/\/agrupacionespsoe.es\/ponferrada\/bancos-ataud-a-precio-de-lujo-el-mobiliario-que-nadie-pidio-y-todos-pagamos\/#breadcrumb","itemListElement":[{"@type":"ListItem","position":1,"name":"Portada","item":"https:\/\/agrupacionespsoe.es\/ponferrada\/"},{"@type":"ListItem","position":2,"name":"Bancos-ata\u00fad a precio de lujo: el mobiliario que nadie pidi\u00f3 y todos pagamos"}]},{"@type":"WebSite","@id":"https:\/\/agrupacionespsoe.es\/ponferrada\/#website","url":"https:\/\/agrupacionespsoe.es\/ponferrada\/","name":"Agrupaci\u00f3n Socialista de Ponferrada","description":"Agrupaci\u00f3n Socialista de Ponferrada","publisher":{"@id":"https:\/\/agrupacionespsoe.es\/ponferrada\/#organization"},"potentialAction":[{"@type":"SearchAction","target":{"@type":"EntryPoint","urlTemplate":"https:\/\/agrupacionespsoe.es\/ponferrada\/?s={search_term_string}"},"query-input":{"@type":"PropertyValueSpecification","valueRequired":true,"valueName":"search_term_string"}}],"inLanguage":"es"},{"@type":"Organization","@id":"https:\/\/agrupacionespsoe.es\/ponferrada\/#organization","name":"Agrupaci\u00f3n Socialista de Ponferrada","url":"https:\/\/agrupacionespsoe.es\/ponferrada\/","logo":{"@type":"ImageObject","inLanguage":"es","@id":"https:\/\/agrupacionespsoe.es\/ponferrada\/#\/schema\/logo\/image\/","url":"https:\/\/agrupacionespsoe.es\/wp-content\/uploads\/2022\/07\/Logotipo_electoral_del_PSOE.png","contentUrl":"https:\/\/agrupacionespsoe.es\/wp-content\/uploads\/2022\/07\/Logotipo_electoral_del_PSOE.png","width":422,"height":422,"caption":"Agrupaci\u00f3n Socialista de Ponferrada"},"image":{"@id":"https:\/\/agrupacionespsoe.es\/ponferrada\/#\/schema\/logo\/image\/"}},{"@type":"Person","@id":"https:\/\/agrupacionespsoe.es\/ponferrada\/#\/schema\/person\/cd29ee627f3b70c05d415f02596debaa","name":"ponferrada2","image":{"@type":"ImageObject","inLanguage":"es","@id":"https:\/\/agrupacionespsoe.es\/ponferrada\/#\/schema\/person\/image\/","url":"https:\/\/secure.gravatar.com\/avatar\/f499eeb60144c664cf7b7edf75549b50?s=96&d=mm&r=g","contentUrl":"https:\/\/secure.gravatar.com\/avatar\/f499eeb60144c664cf7b7edf75549b50?s=96&d=mm&r=g","caption":"ponferrada2"},"url":"https:\/\/agrupacionespsoe.es\/ponferrada\/author\/ponferrada2\/"}]}},"jetpack_featured_media_url":"https:\/\/agrupacionespsoe.es\/ponferrada\/wp-content\/uploads\/sites\/36\/2025\/02\/WhatsApp-Image-2025-02-07-at-13.29.35.jpeg","jetpack_sharing_enabled":true,"_links":{"self":[{"href":"https:\/\/agrupacionespsoe.es\/ponferrada\/wp-json\/wp\/v2\/posts\/942","targetHints":{"allow":["GET"]}}],"collection":[{"href":"https:\/\/agrupacionespsoe.es\/ponferrada\/wp-json\/wp\/v2\/posts"}],"about":[{"href":"https:\/\/agrupacionespsoe.es\/ponferrada\/wp-json\/wp\/v2\/types\/post"}],"author":[{"embeddable":true,"href":"https:\/\/agrupacionespsoe.es\/ponferrada\/wp-json\/wp\/v2\/users\/32"}],"replies":[{"embeddable":true,"href":"https:\/\/agrupacionespsoe.es\/ponferrada\/wp-json\/wp\/v2\/comments?post=942"}],"version-history":[{"count":2,"href":"https:\/\/agrupacionespsoe.es\/ponferrada\/wp-json\/wp\/v2\/posts\/942\/revisions"}],"predecessor-version":[{"id":945,"href":"https:\/\/agrupacionespsoe.es\/ponferrada\/wp-json\/wp\/v2\/posts\/942\/revisions\/945"}],"wp:featuredmedia":[{"embeddable":true,"href":"https:\/\/agrupacionespsoe.es\/ponferrada\/wp-json\/wp\/v2\/media\/778"}],"wp:attachment":[{"href":"https:\/\/agrupacionespsoe.es\/ponferrada\/wp-json\/wp\/v2\/media?parent=942"}],"wp:term":[{"taxonomy":"category","embeddable":true,"href":"https:\/\/agrupacionespsoe.es\/ponferrada\/wp-json\/wp\/v2\/categories?post=942"},{"taxonomy":"post_tag","embeddable":true,"href":"https:\/\/agrupacionespsoe.es\/ponferrada\/wp-json\/wp\/v2\/tags?post=942"}],"curies":[{"name":"wp","href":"https:\/\/api.w.org\/{rel}","templated":true}]}}