{"id":938,"date":"2025-06-05T09:48:10","date_gmt":"2025-06-05T09:48:10","guid":{"rendered":"https:\/\/agrupacionespsoe.es\/ponferrada\/?p=938"},"modified":"2025-06-05T09:48:11","modified_gmt":"2025-06-05T09:48:11","slug":"el-psoe-de-ponferrada-celebra-su-ultima-ejecutiva-del-mandato-y-convoca-la-asamblea-de-renovacion-olegario-ramon-confirma-que-optara-a-la-reeleccion","status":"publish","type":"post","link":"https:\/\/agrupacionespsoe.es\/ponferrada\/el-psoe-de-ponferrada-celebra-su-ultima-ejecutiva-del-mandato-y-convoca-la-asamblea-de-renovacion-olegario-ramon-confirma-que-optara-a-la-reeleccion\/","title":{"rendered":"El PSOE de Ponferrada celebra su \u00faltima Ejecutiva del mandato y convoca la Asamblea de renovaci\u00f3n: Olegario Ram\u00f3n confirma que optar\u00e1 a la reelecci\u00f3n"},"content":{"rendered":"\n<p>La Agrupaci\u00f3n Municipal del PSOE de Ponferrada celebr\u00f3 la \u00faltima reuni\u00f3n ordinaria de su Comisi\u00f3n Ejecutiva en el actual mandato, en la que se ha acordado la convocatoria de la Asamblea de renovaci\u00f3n de la Ejecutiva, que tendr\u00e1 lugar el pr\u00f3ximo s\u00e1bado 21 de junio.<\/p>\n\n\n\n<p>Mabel Fern\u00e1ndez, la portavoz de la Comisi\u00f3n ejecutiva informa que el secretario general de la agrupaci\u00f3n, Olegario Ram\u00f3n, ha confirmado ante sus compa\u00f1eros y compa\u00f1eras que optar\u00e1 a la reelecci\u00f3n, tal y como ya hab\u00eda anunciado previamente. Olegario Ram\u00f3n tambi\u00e9n ha agradecido de forma muy especial \u201cel compromiso y el trabajo discreto pero constante de todos los miembros de la Ejecutiva saliente durante estos a\u00f1os dif\u00edciles y pol\u00edticamente muy exigentes\u201d.<\/p>\n\n\n\n<p>Asimismo, ha expresado la ilusi\u00f3n con la que afronta este nuevo periodo org\u00e1nico, en el que el PSOE de Ponferrada se marca como objetivo recuperar la alcald\u00eda de Ponferrada, reforzar su presencia en la calle y en las instituciones, y contribuir a un objetivo compartido por todo el socialismo de Castilla y Le\u00f3n: llevar a Carlos Mart\u00ednez a la presidencia de la Junta en las pr\u00f3ximas elecciones auton\u00f3micas, que se celebrar\u00e1n en menos de un a\u00f1o.<\/p>\n\n\n\n<p>Mabel Fern\u00e1ndez ha se\u00f1alado que \u201cel PSOE de Ponferrada sale unido, reforzado y con ganas de ganar. Vamos a aportar nuestro esfuerzo para construir una mayor\u00eda progresista en Castilla y Le\u00f3n, pero tambi\u00e9n para recuperar el gobierno municipal y devolver la honestidad, el buen gobierno y el rigor a la gesti\u00f3n p\u00fablica en nuestra ciudad\u201d.<\/p>\n\n\n\n<p>Mabel ha recordado que durante esta etapa, la agrupaci\u00f3n ha superado con \u00e9xito importantes citas electorales como las elecciones municipales y auton\u00f3micas del 28 de mayo de 2023, donde el PSOE gan\u00f3 las elecciones y tuvieron que pactar el resto de partidos para que no gobern\u00e1semos,&nbsp; las generales del 23 de julio de 2023, y unas europeas el 9 de junio de 2024.<\/p>\n\n\n\n<p>En otro orden de cosas, los miembros de la Ejecutiva se han hecho eco de la preocupaci\u00f3n creciente por la situaci\u00f3n econ\u00f3mica del Ayuntamiento de Ponferrada, tras conocerse que el actual equipo de gobierno, formado por PP y Coalici\u00f3n por el Bierzo, se ve obligado a aprobar un Plan Econ\u00f3mico-Financiero debido a su mala gesti\u00f3n y despilfarro.<\/p>\n\n\n\n<p>\u201cLo m\u00e1s grave \u2014se\u00f1ala Mabel\u2014 es que no hay voluntad de corregir el rumbo. Lejos de apretarse el cintur\u00f3n, contin\u00faan con el derroche y las ocurrencias, como la instalaci\u00f3n de marcos ornamentales en el recinto ferial simulando puertas, a escasos metros de un acceso ya existente, lo que demuestra la falta de planificaci\u00f3n y la desconexi\u00f3n con las prioridades reales de la ciudadan\u00eda\u201d.<\/p>\n\n\n\n<p>Para finalizar Mabel Fern\u00e1ndez reafirma el compromiso del PSOE de Ponferrada con una oposici\u00f3n seria, \u00fatil y responsable, \u201cpero sin dejar de alzar la voz ante las decisiones que perjudican a la ciudad y a sus ciudadanos\u201d.<\/p>\n\n\n\n<figure class=\"wp-block-image size-large\"><img loading=\"lazy\" decoding=\"async\" width=\"1024\" height=\"768\" src=\"https:\/\/agrupacionespsoe.es\/ponferrada\/wp-content\/uploads\/sites\/36\/2025\/06\/WhatsApp-Image-2025-06-05-at-10.23.35-1024x768.jpeg\" alt=\"\" class=\"wp-image-939\" srcset=\"https:\/\/agrupacionespsoe.es\/ponferrada\/wp-content\/uploads\/sites\/36\/2025\/06\/WhatsApp-Image-2025-06-05-at-10.23.35-1024x768.jpeg 1024w, https:\/\/agrupacionespsoe.es\/ponferrada\/wp-content\/uploads\/sites\/36\/2025\/06\/WhatsApp-Image-2025-06-05-at-10.23.35-300x225.jpeg 300w, https:\/\/agrupacionespsoe.es\/ponferrada\/wp-content\/uploads\/sites\/36\/2025\/06\/WhatsApp-Image-2025-06-05-at-10.23.35-768x576.jpeg 768w, https:\/\/agrupacionespsoe.es\/ponferrada\/wp-content\/uploads\/sites\/36\/2025\/06\/WhatsApp-Image-2025-06-05-at-10.23.35-1536x1152.jpeg 1536w, https:\/\/agrupacionespsoe.es\/ponferrada\/wp-content\/uploads\/sites\/36\/2025\/06\/WhatsApp-Image-2025-06-05-at-10.23.35.jpeg 2000w\" sizes=\"auto, (max-width: 1024px) 100vw, 1024px\" \/><\/figure>\n","protected":false},"excerpt":{"rendered":"<p>La Agrupaci\u00f3n Municipal del PSOE de Ponferrada celebr\u00f3 la \u00faltima reuni\u00f3n ordinaria de su Comisi\u00f3n Ejecutiva en el actual mandato, en la que se ha acordado la convocatoria de la Asamblea de renovaci\u00f3n de la Ejecutiva, que tendr\u00e1 lugar el pr\u00f3ximo s\u00e1bado 21 de junio. Mabel Fern\u00e1ndez, la portavoz de la Comisi\u00f3n ejecutiva informa que &#8230;<\/p>\n","protected":false},"author":32,"featured_media":939,"comment_status":"open","ping_status":"open","sticky":false,"template":"","format":"standard","meta":{"_jetpack_memberships_contains_paid_content":false,"footnotes":""},"categories":[6],"tags":[],"class_list":["post-938","post","type-post","status-publish","format-standard","has-post-thumbnail","hentry","category-actualidad"],"yoast_head":"<!-- This site is optimized with the Yoast SEO plugin v24.0 - https:\/\/yoast.com\/wordpress\/plugins\/seo\/ -->\n<title>El PSOE de Ponferrada celebra su \u00faltima Ejecutiva del mandato y convoca la Asamblea de renovaci\u00f3n: Olegario Ram\u00f3n confirma que optar\u00e1 a la reelecci\u00f3n - Agrupaci\u00f3n Socialista de Ponferrada<\/title>\n<meta name=\"robots\" content=\"index, follow, max-snippet:-1, max-image-preview:large, max-video-preview:-1\" \/>\n<link rel=\"canonical\" href=\"https:\/\/agrupacionespsoe.es\/ponferrada\/el-psoe-de-ponferrada-celebra-su-ultima-ejecutiva-del-mandato-y-convoca-la-asamblea-de-renovacion-olegario-ramon-confirma-que-optara-a-la-reeleccion\/\" \/>\n<meta property=\"og:locale\" content=\"es_ES\" \/>\n<meta property=\"og:type\" content=\"article\" \/>\n<meta property=\"og:title\" content=\"El PSOE de Ponferrada celebra su \u00faltima Ejecutiva del mandato y convoca la Asamblea de renovaci\u00f3n: Olegario Ram\u00f3n confirma que optar\u00e1 a la reelecci\u00f3n - Agrupaci\u00f3n Socialista de Ponferrada\" \/>\n<meta property=\"og:description\" content=\"La Agrupaci\u00f3n Municipal del PSOE de Ponferrada celebr\u00f3 la \u00faltima reuni\u00f3n ordinaria de su Comisi\u00f3n Ejecutiva en el actual mandato, en la que se ha acordado la convocatoria de la Asamblea de renovaci\u00f3n de la Ejecutiva, que tendr\u00e1 lugar el pr\u00f3ximo s\u00e1bado 21 de junio. Mabel Fern\u00e1ndez, la portavoz de la Comisi\u00f3n ejecutiva informa que ...\" \/>\n<meta property=\"og:url\" content=\"https:\/\/agrupacionespsoe.es\/ponferrada\/el-psoe-de-ponferrada-celebra-su-ultima-ejecutiva-del-mandato-y-convoca-la-asamblea-de-renovacion-olegario-ramon-confirma-que-optara-a-la-reeleccion\/\" \/>\n<meta property=\"og:site_name\" content=\"Agrupaci\u00f3n Socialista de Ponferrada\" \/>\n<meta property=\"article:published_time\" content=\"2025-06-05T09:48:10+00:00\" \/>\n<meta property=\"article:modified_time\" content=\"2025-06-05T09:48:11+00:00\" \/>\n<meta property=\"og:image\" content=\"https:\/\/agrupacionespsoe.es\/ponferrada\/wp-content\/uploads\/sites\/36\/2025\/06\/WhatsApp-Image-2025-06-05-at-10.23.35.jpeg\" \/>\n\t<meta property=\"og:image:width\" content=\"2000\" \/>\n\t<meta property=\"og:image:height\" content=\"1500\" \/>\n\t<meta property=\"og:image:type\" content=\"image\/jpeg\" \/>\n<meta name=\"author\" content=\"ponferrada2\" \/>\n<meta name=\"twitter:card\" content=\"summary_large_image\" \/>\n<meta name=\"twitter:label1\" content=\"Escrito por\" \/>\n\t<meta name=\"twitter:data1\" content=\"ponferrada2\" \/>\n\t<meta name=\"twitter:label2\" content=\"Tiempo de lectura\" \/>\n\t<meta name=\"twitter:data2\" content=\"3 minutos\" \/>\n<script type=\"application\/ld+json\" class=\"yoast-schema-graph\">{\"@context\":\"https:\/\/schema.org\",\"@graph\":[{\"@type\":\"Article\",\"@id\":\"https:\/\/agrupacionespsoe.es\/ponferrada\/el-psoe-de-ponferrada-celebra-su-ultima-ejecutiva-del-mandato-y-convoca-la-asamblea-de-renovacion-olegario-ramon-confirma-que-optara-a-la-reeleccion\/#article\",\"isPartOf\":{\"@id\":\"https:\/\/agrupacionespsoe.es\/ponferrada\/el-psoe-de-ponferrada-celebra-su-ultima-ejecutiva-del-mandato-y-convoca-la-asamblea-de-renovacion-olegario-ramon-confirma-que-optara-a-la-reeleccion\/\"},\"author\":{\"name\":\"ponferrada2\",\"@id\":\"https:\/\/agrupacionespsoe.es\/ponferrada\/#\/schema\/person\/cd29ee627f3b70c05d415f02596debaa\"},\"headline\":\"El PSOE de Ponferrada celebra su \u00faltima Ejecutiva del mandato y convoca la Asamblea de renovaci\u00f3n: Olegario Ram\u00f3n confirma que optar\u00e1 a la reelecci\u00f3n\",\"datePublished\":\"2025-06-05T09:48:10+00:00\",\"dateModified\":\"2025-06-05T09:48:11+00:00\",\"mainEntityOfPage\":{\"@id\":\"https:\/\/agrupacionespsoe.es\/ponferrada\/el-psoe-de-ponferrada-celebra-su-ultima-ejecutiva-del-mandato-y-convoca-la-asamblea-de-renovacion-olegario-ramon-confirma-que-optara-a-la-reeleccion\/\"},\"wordCount\":541,\"commentCount\":0,\"publisher\":{\"@id\":\"https:\/\/agrupacionespsoe.es\/ponferrada\/#organization\"},\"image\":{\"@id\":\"https:\/\/agrupacionespsoe.es\/ponferrada\/el-psoe-de-ponferrada-celebra-su-ultima-ejecutiva-del-mandato-y-convoca-la-asamblea-de-renovacion-olegario-ramon-confirma-que-optara-a-la-reeleccion\/#primaryimage\"},\"thumbnailUrl\":\"https:\/\/agrupacionespsoe.es\/ponferrada\/wp-content\/uploads\/sites\/36\/2025\/06\/WhatsApp-Image-2025-06-05-at-10.23.35.jpeg\",\"articleSection\":[\"ACTUALIDAD\"],\"inLanguage\":\"es\",\"potentialAction\":[{\"@type\":\"CommentAction\",\"name\":\"Comment\",\"target\":[\"https:\/\/agrupacionespsoe.es\/ponferrada\/el-psoe-de-ponferrada-celebra-su-ultima-ejecutiva-del-mandato-y-convoca-la-asamblea-de-renovacion-olegario-ramon-confirma-que-optara-a-la-reeleccion\/#respond\"]}]},{\"@type\":\"WebPage\",\"@id\":\"https:\/\/agrupacionespsoe.es\/ponferrada\/el-psoe-de-ponferrada-celebra-su-ultima-ejecutiva-del-mandato-y-convoca-la-asamblea-de-renovacion-olegario-ramon-confirma-que-optara-a-la-reeleccion\/\",\"url\":\"https:\/\/agrupacionespsoe.es\/ponferrada\/el-psoe-de-ponferrada-celebra-su-ultima-ejecutiva-del-mandato-y-convoca-la-asamblea-de-renovacion-olegario-ramon-confirma-que-optara-a-la-reeleccion\/\",\"name\":\"El PSOE de Ponferrada celebra su \u00faltima Ejecutiva del mandato y convoca la Asamblea de renovaci\u00f3n: Olegario Ram\u00f3n confirma que optar\u00e1 a la reelecci\u00f3n - Agrupaci\u00f3n Socialista de Ponferrada\",\"isPartOf\":{\"@id\":\"https:\/\/agrupacionespsoe.es\/ponferrada\/#website\"},\"primaryImageOfPage\":{\"@id\":\"https:\/\/agrupacionespsoe.es\/ponferrada\/el-psoe-de-ponferrada-celebra-su-ultima-ejecutiva-del-mandato-y-convoca-la-asamblea-de-renovacion-olegario-ramon-confirma-que-optara-a-la-reeleccion\/#primaryimage\"},\"image\":{\"@id\":\"https:\/\/agrupacionespsoe.es\/ponferrada\/el-psoe-de-ponferrada-celebra-su-ultima-ejecutiva-del-mandato-y-convoca-la-asamblea-de-renovacion-olegario-ramon-confirma-que-optara-a-la-reeleccion\/#primaryimage\"},\"thumbnailUrl\":\"https:\/\/agrupacionespsoe.es\/ponferrada\/wp-content\/uploads\/sites\/36\/2025\/06\/WhatsApp-Image-2025-06-05-at-10.23.35.jpeg\",\"datePublished\":\"2025-06-05T09:48:10+00:00\",\"dateModified\":\"2025-06-05T09:48:11+00:00\",\"breadcrumb\":{\"@id\":\"https:\/\/agrupacionespsoe.es\/ponferrada\/el-psoe-de-ponferrada-celebra-su-ultima-ejecutiva-del-mandato-y-convoca-la-asamblea-de-renovacion-olegario-ramon-confirma-que-optara-a-la-reeleccion\/#breadcrumb\"},\"inLanguage\":\"es\",\"potentialAction\":[{\"@type\":\"ReadAction\",\"target\":[\"https:\/\/agrupacionespsoe.es\/ponferrada\/el-psoe-de-ponferrada-celebra-su-ultima-ejecutiva-del-mandato-y-convoca-la-asamblea-de-renovacion-olegario-ramon-confirma-que-optara-a-la-reeleccion\/\"]}]},{\"@type\":\"ImageObject\",\"inLanguage\":\"es\",\"@id\":\"https:\/\/agrupacionespsoe.es\/ponferrada\/el-psoe-de-ponferrada-celebra-su-ultima-ejecutiva-del-mandato-y-convoca-la-asamblea-de-renovacion-olegario-ramon-confirma-que-optara-a-la-reeleccion\/#primaryimage\",\"url\":\"https:\/\/agrupacionespsoe.es\/ponferrada\/wp-content\/uploads\/sites\/36\/2025\/06\/WhatsApp-Image-2025-06-05-at-10.23.35.jpeg\",\"contentUrl\":\"https:\/\/agrupacionespsoe.es\/ponferrada\/wp-content\/uploads\/sites\/36\/2025\/06\/WhatsApp-Image-2025-06-05-at-10.23.35.jpeg\",\"width\":2000,\"height\":1500},{\"@type\":\"BreadcrumbList\",\"@id\":\"https:\/\/agrupacionespsoe.es\/ponferrada\/el-psoe-de-ponferrada-celebra-su-ultima-ejecutiva-del-mandato-y-convoca-la-asamblea-de-renovacion-olegario-ramon-confirma-que-optara-a-la-reeleccion\/#breadcrumb\",\"itemListElement\":[{\"@type\":\"ListItem\",\"position\":1,\"name\":\"Portada\",\"item\":\"https:\/\/agrupacionespsoe.es\/ponferrada\/\"},{\"@type\":\"ListItem\",\"position\":2,\"name\":\"El PSOE de Ponferrada celebra su \u00faltima Ejecutiva del mandato y convoca la Asamblea de renovaci\u00f3n: Olegario Ram\u00f3n confirma que optar\u00e1 a la reelecci\u00f3n\"}]},{\"@type\":\"WebSite\",\"@id\":\"https:\/\/agrupacionespsoe.es\/ponferrada\/#website\",\"url\":\"https:\/\/agrupacionespsoe.es\/ponferrada\/\",\"name\":\"Agrupaci\u00f3n Socialista de Ponferrada\",\"description\":\"Agrupaci\u00f3n Socialista de Ponferrada\",\"publisher\":{\"@id\":\"https:\/\/agrupacionespsoe.es\/ponferrada\/#organization\"},\"potentialAction\":[{\"@type\":\"SearchAction\",\"target\":{\"@type\":\"EntryPoint\",\"urlTemplate\":\"https:\/\/agrupacionespsoe.es\/ponferrada\/?s={search_term_string}\"},\"query-input\":{\"@type\":\"PropertyValueSpecification\",\"valueRequired\":true,\"valueName\":\"search_term_string\"}}],\"inLanguage\":\"es\"},{\"@type\":\"Organization\",\"@id\":\"https:\/\/agrupacionespsoe.es\/ponferrada\/#organization\",\"name\":\"Agrupaci\u00f3n Socialista de Ponferrada\",\"url\":\"https:\/\/agrupacionespsoe.es\/ponferrada\/\",\"logo\":{\"@type\":\"ImageObject\",\"inLanguage\":\"es\",\"@id\":\"https:\/\/agrupacionespsoe.es\/ponferrada\/#\/schema\/logo\/image\/\",\"url\":\"https:\/\/agrupacionespsoe.es\/wp-content\/uploads\/2022\/07\/Logotipo_electoral_del_PSOE.png\",\"contentUrl\":\"https:\/\/agrupacionespsoe.es\/wp-content\/uploads\/2022\/07\/Logotipo_electoral_del_PSOE.png\",\"width\":422,\"height\":422,\"caption\":\"Agrupaci\u00f3n Socialista de Ponferrada\"},\"image\":{\"@id\":\"https:\/\/agrupacionespsoe.es\/ponferrada\/#\/schema\/logo\/image\/\"}},{\"@type\":\"Person\",\"@id\":\"https:\/\/agrupacionespsoe.es\/ponferrada\/#\/schema\/person\/cd29ee627f3b70c05d415f02596debaa\",\"name\":\"ponferrada2\",\"image\":{\"@type\":\"ImageObject\",\"inLanguage\":\"es\",\"@id\":\"https:\/\/agrupacionespsoe.es\/ponferrada\/#\/schema\/person\/image\/\",\"url\":\"https:\/\/secure.gravatar.com\/avatar\/f499eeb60144c664cf7b7edf75549b50?s=96&d=mm&r=g\",\"contentUrl\":\"https:\/\/secure.gravatar.com\/avatar\/f499eeb60144c664cf7b7edf75549b50?s=96&d=mm&r=g\",\"caption\":\"ponferrada2\"},\"url\":\"https:\/\/agrupacionespsoe.es\/ponferrada\/author\/ponferrada2\/\"}]}<\/script>\n<!-- \/ Yoast SEO plugin. -->","yoast_head_json":{"title":"El PSOE de Ponferrada celebra su \u00faltima Ejecutiva del mandato y convoca la Asamblea de renovaci\u00f3n: Olegario Ram\u00f3n confirma que optar\u00e1 a la reelecci\u00f3n - Agrupaci\u00f3n Socialista de Ponferrada","robots":{"index":"index","follow":"follow","max-snippet":"max-snippet:-1","max-image-preview":"max-image-preview:large","max-video-preview":"max-video-preview:-1"},"canonical":"https:\/\/agrupacionespsoe.es\/ponferrada\/el-psoe-de-ponferrada-celebra-su-ultima-ejecutiva-del-mandato-y-convoca-la-asamblea-de-renovacion-olegario-ramon-confirma-que-optara-a-la-reeleccion\/","og_locale":"es_ES","og_type":"article","og_title":"El PSOE de Ponferrada celebra su \u00faltima Ejecutiva del mandato y convoca la Asamblea de renovaci\u00f3n: Olegario Ram\u00f3n confirma que optar\u00e1 a la reelecci\u00f3n - Agrupaci\u00f3n Socialista de Ponferrada","og_description":"La Agrupaci\u00f3n Municipal del PSOE de Ponferrada celebr\u00f3 la \u00faltima reuni\u00f3n ordinaria de su Comisi\u00f3n Ejecutiva en el actual mandato, en la que se ha acordado la convocatoria de la Asamblea de renovaci\u00f3n de la Ejecutiva, que tendr\u00e1 lugar el pr\u00f3ximo s\u00e1bado 21 de junio. Mabel Fern\u00e1ndez, la portavoz de la Comisi\u00f3n ejecutiva informa que ...","og_url":"https:\/\/agrupacionespsoe.es\/ponferrada\/el-psoe-de-ponferrada-celebra-su-ultima-ejecutiva-del-mandato-y-convoca-la-asamblea-de-renovacion-olegario-ramon-confirma-que-optara-a-la-reeleccion\/","og_site_name":"Agrupaci\u00f3n Socialista de Ponferrada","article_published_time":"2025-06-05T09:48:10+00:00","article_modified_time":"2025-06-05T09:48:11+00:00","og_image":[{"width":2000,"height":1500,"url":"https:\/\/agrupacionespsoe.es\/ponferrada\/wp-content\/uploads\/sites\/36\/2025\/06\/WhatsApp-Image-2025-06-05-at-10.23.35.jpeg","type":"image\/jpeg"}],"author":"ponferrada2","twitter_card":"summary_large_image","twitter_misc":{"Escrito por":"ponferrada2","Tiempo de lectura":"3 minutos"},"schema":{"@context":"https:\/\/schema.org","@graph":[{"@type":"Article","@id":"https:\/\/agrupacionespsoe.es\/ponferrada\/el-psoe-de-ponferrada-celebra-su-ultima-ejecutiva-del-mandato-y-convoca-la-asamblea-de-renovacion-olegario-ramon-confirma-que-optara-a-la-reeleccion\/#article","isPartOf":{"@id":"https:\/\/agrupacionespsoe.es\/ponferrada\/el-psoe-de-ponferrada-celebra-su-ultima-ejecutiva-del-mandato-y-convoca-la-asamblea-de-renovacion-olegario-ramon-confirma-que-optara-a-la-reeleccion\/"},"author":{"name":"ponferrada2","@id":"https:\/\/agrupacionespsoe.es\/ponferrada\/#\/schema\/person\/cd29ee627f3b70c05d415f02596debaa"},"headline":"El PSOE de Ponferrada celebra su \u00faltima Ejecutiva del mandato y convoca la Asamblea de renovaci\u00f3n: Olegario Ram\u00f3n confirma que optar\u00e1 a la reelecci\u00f3n","datePublished":"2025-06-05T09:48:10+00:00","dateModified":"2025-06-05T09:48:11+00:00","mainEntityOfPage":{"@id":"https:\/\/agrupacionespsoe.es\/ponferrada\/el-psoe-de-ponferrada-celebra-su-ultima-ejecutiva-del-mandato-y-convoca-la-asamblea-de-renovacion-olegario-ramon-confirma-que-optara-a-la-reeleccion\/"},"wordCount":541,"commentCount":0,"publisher":{"@id":"https:\/\/agrupacionespsoe.es\/ponferrada\/#organization"},"image":{"@id":"https:\/\/agrupacionespsoe.es\/ponferrada\/el-psoe-de-ponferrada-celebra-su-ultima-ejecutiva-del-mandato-y-convoca-la-asamblea-de-renovacion-olegario-ramon-confirma-que-optara-a-la-reeleccion\/#primaryimage"},"thumbnailUrl":"https:\/\/agrupacionespsoe.es\/ponferrada\/wp-content\/uploads\/sites\/36\/2025\/06\/WhatsApp-Image-2025-06-05-at-10.23.35.jpeg","articleSection":["ACTUALIDAD"],"inLanguage":"es","potentialAction":[{"@type":"CommentAction","name":"Comment","target":["https:\/\/agrupacionespsoe.es\/ponferrada\/el-psoe-de-ponferrada-celebra-su-ultima-ejecutiva-del-mandato-y-convoca-la-asamblea-de-renovacion-olegario-ramon-confirma-que-optara-a-la-reeleccion\/#respond"]}]},{"@type":"WebPage","@id":"https:\/\/agrupacionespsoe.es\/ponferrada\/el-psoe-de-ponferrada-celebra-su-ultima-ejecutiva-del-mandato-y-convoca-la-asamblea-de-renovacion-olegario-ramon-confirma-que-optara-a-la-reeleccion\/","url":"https:\/\/agrupacionespsoe.es\/ponferrada\/el-psoe-de-ponferrada-celebra-su-ultima-ejecutiva-del-mandato-y-convoca-la-asamblea-de-renovacion-olegario-ramon-confirma-que-optara-a-la-reeleccion\/","name":"El PSOE de Ponferrada celebra su \u00faltima Ejecutiva del mandato y convoca la Asamblea de renovaci\u00f3n: Olegario Ram\u00f3n confirma que optar\u00e1 a la reelecci\u00f3n - Agrupaci\u00f3n Socialista de Ponferrada","isPartOf":{"@id":"https:\/\/agrupacionespsoe.es\/ponferrada\/#website"},"primaryImageOfPage":{"@id":"https:\/\/agrupacionespsoe.es\/ponferrada\/el-psoe-de-ponferrada-celebra-su-ultima-ejecutiva-del-mandato-y-convoca-la-asamblea-de-renovacion-olegario-ramon-confirma-que-optara-a-la-reeleccion\/#primaryimage"},"image":{"@id":"https:\/\/agrupacionespsoe.es\/ponferrada\/el-psoe-de-ponferrada-celebra-su-ultima-ejecutiva-del-mandato-y-convoca-la-asamblea-de-renovacion-olegario-ramon-confirma-que-optara-a-la-reeleccion\/#primaryimage"},"thumbnailUrl":"https:\/\/agrupacionespsoe.es\/ponferrada\/wp-content\/uploads\/sites\/36\/2025\/06\/WhatsApp-Image-2025-06-05-at-10.23.35.jpeg","datePublished":"2025-06-05T09:48:10+00:00","dateModified":"2025-06-05T09:48:11+00:00","breadcrumb":{"@id":"https:\/\/agrupacionespsoe.es\/ponferrada\/el-psoe-de-ponferrada-celebra-su-ultima-ejecutiva-del-mandato-y-convoca-la-asamblea-de-renovacion-olegario-ramon-confirma-que-optara-a-la-reeleccion\/#breadcrumb"},"inLanguage":"es","potentialAction":[{"@type":"ReadAction","target":["https:\/\/agrupacionespsoe.es\/ponferrada\/el-psoe-de-ponferrada-celebra-su-ultima-ejecutiva-del-mandato-y-convoca-la-asamblea-de-renovacion-olegario-ramon-confirma-que-optara-a-la-reeleccion\/"]}]},{"@type":"ImageObject","inLanguage":"es","@id":"https:\/\/agrupacionespsoe.es\/ponferrada\/el-psoe-de-ponferrada-celebra-su-ultima-ejecutiva-del-mandato-y-convoca-la-asamblea-de-renovacion-olegario-ramon-confirma-que-optara-a-la-reeleccion\/#primaryimage","url":"https:\/\/agrupacionespsoe.es\/ponferrada\/wp-content\/uploads\/sites\/36\/2025\/06\/WhatsApp-Image-2025-06-05-at-10.23.35.jpeg","contentUrl":"https:\/\/agrupacionespsoe.es\/ponferrada\/wp-content\/uploads\/sites\/36\/2025\/06\/WhatsApp-Image-2025-06-05-at-10.23.35.jpeg","width":2000,"height":1500},{"@type":"BreadcrumbList","@id":"https:\/\/agrupacionespsoe.es\/ponferrada\/el-psoe-de-ponferrada-celebra-su-ultima-ejecutiva-del-mandato-y-convoca-la-asamblea-de-renovacion-olegario-ramon-confirma-que-optara-a-la-reeleccion\/#breadcrumb","itemListElement":[{"@type":"ListItem","position":1,"name":"Portada","item":"https:\/\/agrupacionespsoe.es\/ponferrada\/"},{"@type":"ListItem","position":2,"name":"El PSOE de Ponferrada celebra su \u00faltima Ejecutiva del mandato y convoca la Asamblea de renovaci\u00f3n: Olegario Ram\u00f3n confirma que optar\u00e1 a la reelecci\u00f3n"}]},{"@type":"WebSite","@id":"https:\/\/agrupacionespsoe.es\/ponferrada\/#website","url":"https:\/\/agrupacionespsoe.es\/ponferrada\/","name":"Agrupaci\u00f3n Socialista de Ponferrada","description":"Agrupaci\u00f3n Socialista de Ponferrada","publisher":{"@id":"https:\/\/agrupacionespsoe.es\/ponferrada\/#organization"},"potentialAction":[{"@type":"SearchAction","target":{"@type":"EntryPoint","urlTemplate":"https:\/\/agrupacionespsoe.es\/ponferrada\/?s={search_term_string}"},"query-input":{"@type":"PropertyValueSpecification","valueRequired":true,"valueName":"search_term_string"}}],"inLanguage":"es"},{"@type":"Organization","@id":"https:\/\/agrupacionespsoe.es\/ponferrada\/#organization","name":"Agrupaci\u00f3n Socialista de Ponferrada","url":"https:\/\/agrupacionespsoe.es\/ponferrada\/","logo":{"@type":"ImageObject","inLanguage":"es","@id":"https:\/\/agrupacionespsoe.es\/ponferrada\/#\/schema\/logo\/image\/","url":"https:\/\/agrupacionespsoe.es\/wp-content\/uploads\/2022\/07\/Logotipo_electoral_del_PSOE.png","contentUrl":"https:\/\/agrupacionespsoe.es\/wp-content\/uploads\/2022\/07\/Logotipo_electoral_del_PSOE.png","width":422,"height":422,"caption":"Agrupaci\u00f3n Socialista de Ponferrada"},"image":{"@id":"https:\/\/agrupacionespsoe.es\/ponferrada\/#\/schema\/logo\/image\/"}},{"@type":"Person","@id":"https:\/\/agrupacionespsoe.es\/ponferrada\/#\/schema\/person\/cd29ee627f3b70c05d415f02596debaa","name":"ponferrada2","image":{"@type":"ImageObject","inLanguage":"es","@id":"https:\/\/agrupacionespsoe.es\/ponferrada\/#\/schema\/person\/image\/","url":"https:\/\/secure.gravatar.com\/avatar\/f499eeb60144c664cf7b7edf75549b50?s=96&d=mm&r=g","contentUrl":"https:\/\/secure.gravatar.com\/avatar\/f499eeb60144c664cf7b7edf75549b50?s=96&d=mm&r=g","caption":"ponferrada2"},"url":"https:\/\/agrupacionespsoe.es\/ponferrada\/author\/ponferrada2\/"}]}},"jetpack_featured_media_url":"https:\/\/agrupacionespsoe.es\/ponferrada\/wp-content\/uploads\/sites\/36\/2025\/06\/WhatsApp-Image-2025-06-05-at-10.23.35.jpeg","jetpack_sharing_enabled":true,"_links":{"self":[{"href":"https:\/\/agrupacionespsoe.es\/ponferrada\/wp-json\/wp\/v2\/posts\/938","targetHints":{"allow":["GET"]}}],"collection":[{"href":"https:\/\/agrupacionespsoe.es\/ponferrada\/wp-json\/wp\/v2\/posts"}],"about":[{"href":"https:\/\/agrupacionespsoe.es\/ponferrada\/wp-json\/wp\/v2\/types\/post"}],"author":[{"embeddable":true,"href":"https:\/\/agrupacionespsoe.es\/ponferrada\/wp-json\/wp\/v2\/users\/32"}],"replies":[{"embeddable":true,"href":"https:\/\/agrupacionespsoe.es\/ponferrada\/wp-json\/wp\/v2\/comments?post=938"}],"version-history":[{"count":2,"href":"https:\/\/agrupacionespsoe.es\/ponferrada\/wp-json\/wp\/v2\/posts\/938\/revisions"}],"predecessor-version":[{"id":941,"href":"https:\/\/agrupacionespsoe.es\/ponferrada\/wp-json\/wp\/v2\/posts\/938\/revisions\/941"}],"wp:featuredmedia":[{"embeddable":true,"href":"https:\/\/agrupacionespsoe.es\/ponferrada\/wp-json\/wp\/v2\/media\/939"}],"wp:attachment":[{"href":"https:\/\/agrupacionespsoe.es\/ponferrada\/wp-json\/wp\/v2\/media?parent=938"}],"wp:term":[{"taxonomy":"category","embeddable":true,"href":"https:\/\/agrupacionespsoe.es\/ponferrada\/wp-json\/wp\/v2\/categories?post=938"},{"taxonomy":"post_tag","embeddable":true,"href":"https:\/\/agrupacionespsoe.es\/ponferrada\/wp-json\/wp\/v2\/tags?post=938"}],"curies":[{"name":"wp","href":"https:\/\/api.w.org\/{rel}","templated":true}]}}