{"id":934,"date":"2025-06-04T09:03:55","date_gmt":"2025-06-04T09:03:55","guid":{"rendered":"https:\/\/agrupacionespsoe.es\/ponferrada\/?p=934"},"modified":"2025-06-05T09:10:51","modified_gmt":"2025-06-05T09:10:51","slug":"el-psoe-de-ponferrada-solicita-la-convocatoria-de-un-pleno-extraordinario-para-corregir-la-ordenanza-fiscal-que-afecta-al-mercado-de-abastos","status":"publish","type":"post","link":"https:\/\/agrupacionespsoe.es\/ponferrada\/el-psoe-de-ponferrada-solicita-la-convocatoria-de-un-pleno-extraordinario-para-corregir-la-ordenanza-fiscal-que-afecta-al-mercado-de-abastos\/","title":{"rendered":"El PSOE de Ponferrada solicita la convocatoria de un Pleno Extraordinario para corregir la ordenanza fiscal que afecta al Mercado de Abastos"},"content":{"rendered":"\n<h3 class=\"wp-block-heading\"><\/h3>\n\n\n\n<p>El portavoz del Grupo Municipal Socialista en el Ayuntamiento de Ponferrada, Olegario Ram\u00f3n, ha anunciado en rueda de prensa que su grupo ha solicitado formalmente la <strong>convocatoria de un Pleno Extraordinario<\/strong> para abordar de manera urgente una <strong>modificaci\u00f3n de la ordenanza fiscal que regula la tasa por ocupaci\u00f3n del subsuelo, suelo y vuelo de la v\u00eda p\u00fablica<\/strong>, en lo que respecta a los puestos exteriores del Mercado de Abastos.<\/p>\n\n\n\n<p>Seg\u00fan explic\u00f3 Ram\u00f3n, desde el a\u00f1o 2002 los comerciantes del mercado han abonado esta tasa conforme a los <strong>metros lineales<\/strong> del espacio ocupado, lo que ha sido la pr\u00e1ctica habitual durante m\u00e1s de dos d\u00e9cadas. Sin embargo, con la llegada del nuevo equipo de gobierno del PP y del actual concejal responsable del \u00e1rea, David Pacios, se ha pretendido subir la tasa, la \u00faltima hasta un 60,80% de subida y se amenaza con la aplicaci\u00f3n de la ordenanza actual por metros cuadrados. <\/p>\n\n\n\n<p>\u201cEl concejal ha intentado en tres plenos modificar la ordenanza para que se aplique esa subida. Lo que propone no es corregir un error t\u00e9cnico, sino imponer una carga injusta a quienes m\u00e1s lo est\u00e1n pasando mal. No lo vamos a permitir\u201d, denunci\u00f3 Ram\u00f3n. El portavoz socialista indic\u00f3 que su grupo propone este Pleno para regularizar la redacci\u00f3n de la ordenanza y garantizar que no suba la tasa que se aplica.<\/p>\n\n\n\n<p>Adem\u00e1s, critic\u00f3 la actitud del concejal, al que acus\u00f3 de \u201cchantajear a los comerciantes\u201d al presionarlos para que exijan al PSOE la aprobaci\u00f3n de su propuesta: \u201cLes ha dicho claramente que si no presionan al PSOE, se les empezar\u00e1 a cobrar por metros cuadrados. Es una forma de actuar carente de \u00e9tica y de respeto hacia quienes est\u00e1n sufriendo las consecuencias econ\u00f3micas de estos tiempos dif\u00edciles\u201d.<\/p>\n\n\n\n<p>El Grupo Socialista propone una modificaci\u00f3n clara y sencilla: que la ordenanza especifique que el c\u00e1lculo de la tasa se har\u00e1 por metros lineales, como se ha hecho siempre, evitando as\u00ed cualquier perjuicio econ\u00f3mico adicional. La solicitud de Pleno ha sido registrada hoy mismo y, de acuerdo con la normativa, deber\u00e1 celebrarse en un plazo m\u00e1ximo de 15 d\u00edas h\u00e1biles, o bien quedar\u00e1 autom\u00e1ticamente convocado para el lunes 9 de junio a las 12:00h, si el equipo de gobierno no fija fecha de forma voluntaria.<\/p>\n\n\n\n<p>El PSOE advierte adem\u00e1s que el Ayuntamiento podr\u00eda verse expuesto a conflictos legales si se mantiene la inseguridad jur\u00eddica actual: \u201cLos comerciantes no saben a qu\u00e9 atenerse y hay un riesgo real de litigios\u201d.<\/p>\n\n\n\n<p>Por \u00faltimo, Ram\u00f3n volvi\u00f3 a poner de relieve el doble rasero del equipo de gobierno PP-CB: \u201cA quienes m\u00e1s lo necesitan se les suben las tasas, mientras que a otros sectores se les favorece con ayudas o medidas sin justificaci\u00f3n\u201d.<\/p>\n\n\n\n<p>El portavoz socialista record\u00f3 tambi\u00e9n que el Ayuntamiento se encuentra en una delicada situaci\u00f3n financiera, y que se ha confirmado la necesidad de aprobar un Plan Econ\u00f3mico-Financiero: \u201cNo se puede seguir gobernando con ocurrencias ni con el modelo de \u2018pan y circo\u2019, mientras por otro lado hay que aprobar un plan econ\u00f3mico-financiero\u201d.<\/p>\n\n\n\n<figure class=\"wp-block-image size-large\"><img loading=\"lazy\" decoding=\"async\" width=\"1024\" height=\"768\" src=\"https:\/\/agrupacionespsoe.es\/ponferrada\/wp-content\/uploads\/sites\/36\/2025\/06\/WhatsApp-Image-2025-06-04-at-13.26.12-1024x768.jpeg\" alt=\"\" class=\"wp-image-935\" srcset=\"https:\/\/agrupacionespsoe.es\/ponferrada\/wp-content\/uploads\/sites\/36\/2025\/06\/WhatsApp-Image-2025-06-04-at-13.26.12-1024x768.jpeg 1024w, https:\/\/agrupacionespsoe.es\/ponferrada\/wp-content\/uploads\/sites\/36\/2025\/06\/WhatsApp-Image-2025-06-04-at-13.26.12-300x225.jpeg 300w, https:\/\/agrupacionespsoe.es\/ponferrada\/wp-content\/uploads\/sites\/36\/2025\/06\/WhatsApp-Image-2025-06-04-at-13.26.12-768x576.jpeg 768w, https:\/\/agrupacionespsoe.es\/ponferrada\/wp-content\/uploads\/sites\/36\/2025\/06\/WhatsApp-Image-2025-06-04-at-13.26.12-1536x1152.jpeg 1536w, https:\/\/agrupacionespsoe.es\/ponferrada\/wp-content\/uploads\/sites\/36\/2025\/06\/WhatsApp-Image-2025-06-04-at-13.26.12.jpeg 1600w\" sizes=\"auto, (max-width: 1024px) 100vw, 1024px\" \/><\/figure>\n","protected":false},"excerpt":{"rendered":"<p>El portavoz del Grupo Municipal Socialista en el Ayuntamiento de Ponferrada, Olegario Ram\u00f3n, ha anunciado en rueda de prensa que su grupo ha solicitado formalmente la convocatoria de un Pleno Extraordinario para abordar de manera urgente una modificaci\u00f3n de la ordenanza fiscal que regula la tasa por ocupaci\u00f3n del subsuelo, suelo y vuelo de la &#8230;<\/p>\n","protected":false},"author":32,"featured_media":935,"comment_status":"open","ping_status":"open","sticky":false,"template":"","format":"standard","meta":{"_jetpack_memberships_contains_paid_content":false,"footnotes":""},"categories":[6],"tags":[],"class_list":["post-934","post","type-post","status-publish","format-standard","has-post-thumbnail","hentry","category-actualidad"],"yoast_head":"<!-- This site is optimized with the Yoast SEO plugin v24.0 - https:\/\/yoast.com\/wordpress\/plugins\/seo\/ -->\n<title>El PSOE de Ponferrada solicita la convocatoria de un Pleno Extraordinario para corregir la ordenanza fiscal que afecta al Mercado de Abastos - Agrupaci\u00f3n Socialista de Ponferrada<\/title>\n<meta name=\"robots\" content=\"index, follow, max-snippet:-1, max-image-preview:large, max-video-preview:-1\" \/>\n<link rel=\"canonical\" href=\"https:\/\/agrupacionespsoe.es\/ponferrada\/el-psoe-de-ponferrada-solicita-la-convocatoria-de-un-pleno-extraordinario-para-corregir-la-ordenanza-fiscal-que-afecta-al-mercado-de-abastos\/\" \/>\n<meta property=\"og:locale\" content=\"es_ES\" \/>\n<meta property=\"og:type\" content=\"article\" \/>\n<meta property=\"og:title\" content=\"El PSOE de Ponferrada solicita la convocatoria de un Pleno Extraordinario para corregir la ordenanza fiscal que afecta al Mercado de Abastos - Agrupaci\u00f3n Socialista de Ponferrada\" \/>\n<meta property=\"og:description\" content=\"El portavoz del Grupo Municipal Socialista en el Ayuntamiento de Ponferrada, Olegario Ram\u00f3n, ha anunciado en rueda de prensa que su grupo ha solicitado formalmente la convocatoria de un Pleno Extraordinario para abordar de manera urgente una modificaci\u00f3n de la ordenanza fiscal que regula la tasa por ocupaci\u00f3n del subsuelo, suelo y vuelo de la ...\" \/>\n<meta property=\"og:url\" content=\"https:\/\/agrupacionespsoe.es\/ponferrada\/el-psoe-de-ponferrada-solicita-la-convocatoria-de-un-pleno-extraordinario-para-corregir-la-ordenanza-fiscal-que-afecta-al-mercado-de-abastos\/\" \/>\n<meta property=\"og:site_name\" content=\"Agrupaci\u00f3n Socialista de Ponferrada\" \/>\n<meta property=\"article:published_time\" content=\"2025-06-04T09:03:55+00:00\" \/>\n<meta property=\"article:modified_time\" content=\"2025-06-05T09:10:51+00:00\" \/>\n<meta property=\"og:image\" content=\"https:\/\/agrupacionespsoe.es\/ponferrada\/wp-content\/uploads\/sites\/36\/2025\/06\/WhatsApp-Image-2025-06-04-at-13.26.12.jpeg\" \/>\n\t<meta property=\"og:image:width\" content=\"1600\" \/>\n\t<meta property=\"og:image:height\" content=\"1200\" \/>\n\t<meta property=\"og:image:type\" content=\"image\/jpeg\" \/>\n<meta name=\"author\" content=\"ponferrada2\" \/>\n<meta name=\"twitter:card\" content=\"summary_large_image\" \/>\n<meta name=\"twitter:label1\" content=\"Escrito por\" \/>\n\t<meta name=\"twitter:data1\" content=\"ponferrada2\" \/>\n\t<meta name=\"twitter:label2\" content=\"Tiempo de lectura\" \/>\n\t<meta name=\"twitter:data2\" content=\"3 minutos\" \/>\n<script type=\"application\/ld+json\" class=\"yoast-schema-graph\">{\"@context\":\"https:\/\/schema.org\",\"@graph\":[{\"@type\":\"Article\",\"@id\":\"https:\/\/agrupacionespsoe.es\/ponferrada\/el-psoe-de-ponferrada-solicita-la-convocatoria-de-un-pleno-extraordinario-para-corregir-la-ordenanza-fiscal-que-afecta-al-mercado-de-abastos\/#article\",\"isPartOf\":{\"@id\":\"https:\/\/agrupacionespsoe.es\/ponferrada\/el-psoe-de-ponferrada-solicita-la-convocatoria-de-un-pleno-extraordinario-para-corregir-la-ordenanza-fiscal-que-afecta-al-mercado-de-abastos\/\"},\"author\":{\"name\":\"ponferrada2\",\"@id\":\"https:\/\/agrupacionespsoe.es\/ponferrada\/#\/schema\/person\/cd29ee627f3b70c05d415f02596debaa\"},\"headline\":\"El PSOE de Ponferrada solicita la convocatoria de un Pleno Extraordinario para corregir la ordenanza fiscal que afecta al Mercado de Abastos\",\"datePublished\":\"2025-06-04T09:03:55+00:00\",\"dateModified\":\"2025-06-05T09:10:51+00:00\",\"mainEntityOfPage\":{\"@id\":\"https:\/\/agrupacionespsoe.es\/ponferrada\/el-psoe-de-ponferrada-solicita-la-convocatoria-de-un-pleno-extraordinario-para-corregir-la-ordenanza-fiscal-que-afecta-al-mercado-de-abastos\/\"},\"wordCount\":556,\"commentCount\":0,\"publisher\":{\"@id\":\"https:\/\/agrupacionespsoe.es\/ponferrada\/#organization\"},\"image\":{\"@id\":\"https:\/\/agrupacionespsoe.es\/ponferrada\/el-psoe-de-ponferrada-solicita-la-convocatoria-de-un-pleno-extraordinario-para-corregir-la-ordenanza-fiscal-que-afecta-al-mercado-de-abastos\/#primaryimage\"},\"thumbnailUrl\":\"https:\/\/agrupacionespsoe.es\/ponferrada\/wp-content\/uploads\/sites\/36\/2025\/06\/WhatsApp-Image-2025-06-04-at-13.26.12.jpeg\",\"articleSection\":[\"ACTUALIDAD\"],\"inLanguage\":\"es\",\"potentialAction\":[{\"@type\":\"CommentAction\",\"name\":\"Comment\",\"target\":[\"https:\/\/agrupacionespsoe.es\/ponferrada\/el-psoe-de-ponferrada-solicita-la-convocatoria-de-un-pleno-extraordinario-para-corregir-la-ordenanza-fiscal-que-afecta-al-mercado-de-abastos\/#respond\"]}]},{\"@type\":\"WebPage\",\"@id\":\"https:\/\/agrupacionespsoe.es\/ponferrada\/el-psoe-de-ponferrada-solicita-la-convocatoria-de-un-pleno-extraordinario-para-corregir-la-ordenanza-fiscal-que-afecta-al-mercado-de-abastos\/\",\"url\":\"https:\/\/agrupacionespsoe.es\/ponferrada\/el-psoe-de-ponferrada-solicita-la-convocatoria-de-un-pleno-extraordinario-para-corregir-la-ordenanza-fiscal-que-afecta-al-mercado-de-abastos\/\",\"name\":\"El PSOE de Ponferrada solicita la convocatoria de un Pleno Extraordinario para corregir la ordenanza fiscal que afecta al Mercado de Abastos - Agrupaci\u00f3n Socialista de Ponferrada\",\"isPartOf\":{\"@id\":\"https:\/\/agrupacionespsoe.es\/ponferrada\/#website\"},\"primaryImageOfPage\":{\"@id\":\"https:\/\/agrupacionespsoe.es\/ponferrada\/el-psoe-de-ponferrada-solicita-la-convocatoria-de-un-pleno-extraordinario-para-corregir-la-ordenanza-fiscal-que-afecta-al-mercado-de-abastos\/#primaryimage\"},\"image\":{\"@id\":\"https:\/\/agrupacionespsoe.es\/ponferrada\/el-psoe-de-ponferrada-solicita-la-convocatoria-de-un-pleno-extraordinario-para-corregir-la-ordenanza-fiscal-que-afecta-al-mercado-de-abastos\/#primaryimage\"},\"thumbnailUrl\":\"https:\/\/agrupacionespsoe.es\/ponferrada\/wp-content\/uploads\/sites\/36\/2025\/06\/WhatsApp-Image-2025-06-04-at-13.26.12.jpeg\",\"datePublished\":\"2025-06-04T09:03:55+00:00\",\"dateModified\":\"2025-06-05T09:10:51+00:00\",\"breadcrumb\":{\"@id\":\"https:\/\/agrupacionespsoe.es\/ponferrada\/el-psoe-de-ponferrada-solicita-la-convocatoria-de-un-pleno-extraordinario-para-corregir-la-ordenanza-fiscal-que-afecta-al-mercado-de-abastos\/#breadcrumb\"},\"inLanguage\":\"es\",\"potentialAction\":[{\"@type\":\"ReadAction\",\"target\":[\"https:\/\/agrupacionespsoe.es\/ponferrada\/el-psoe-de-ponferrada-solicita-la-convocatoria-de-un-pleno-extraordinario-para-corregir-la-ordenanza-fiscal-que-afecta-al-mercado-de-abastos\/\"]}]},{\"@type\":\"ImageObject\",\"inLanguage\":\"es\",\"@id\":\"https:\/\/agrupacionespsoe.es\/ponferrada\/el-psoe-de-ponferrada-solicita-la-convocatoria-de-un-pleno-extraordinario-para-corregir-la-ordenanza-fiscal-que-afecta-al-mercado-de-abastos\/#primaryimage\",\"url\":\"https:\/\/agrupacionespsoe.es\/ponferrada\/wp-content\/uploads\/sites\/36\/2025\/06\/WhatsApp-Image-2025-06-04-at-13.26.12.jpeg\",\"contentUrl\":\"https:\/\/agrupacionespsoe.es\/ponferrada\/wp-content\/uploads\/sites\/36\/2025\/06\/WhatsApp-Image-2025-06-04-at-13.26.12.jpeg\",\"width\":1600,\"height\":1200},{\"@type\":\"BreadcrumbList\",\"@id\":\"https:\/\/agrupacionespsoe.es\/ponferrada\/el-psoe-de-ponferrada-solicita-la-convocatoria-de-un-pleno-extraordinario-para-corregir-la-ordenanza-fiscal-que-afecta-al-mercado-de-abastos\/#breadcrumb\",\"itemListElement\":[{\"@type\":\"ListItem\",\"position\":1,\"name\":\"Portada\",\"item\":\"https:\/\/agrupacionespsoe.es\/ponferrada\/\"},{\"@type\":\"ListItem\",\"position\":2,\"name\":\"El PSOE de Ponferrada solicita la convocatoria de un Pleno Extraordinario para corregir la ordenanza fiscal que afecta al Mercado de Abastos\"}]},{\"@type\":\"WebSite\",\"@id\":\"https:\/\/agrupacionespsoe.es\/ponferrada\/#website\",\"url\":\"https:\/\/agrupacionespsoe.es\/ponferrada\/\",\"name\":\"Agrupaci\u00f3n Socialista de Ponferrada\",\"description\":\"Agrupaci\u00f3n Socialista de Ponferrada\",\"publisher\":{\"@id\":\"https:\/\/agrupacionespsoe.es\/ponferrada\/#organization\"},\"potentialAction\":[{\"@type\":\"SearchAction\",\"target\":{\"@type\":\"EntryPoint\",\"urlTemplate\":\"https:\/\/agrupacionespsoe.es\/ponferrada\/?s={search_term_string}\"},\"query-input\":{\"@type\":\"PropertyValueSpecification\",\"valueRequired\":true,\"valueName\":\"search_term_string\"}}],\"inLanguage\":\"es\"},{\"@type\":\"Organization\",\"@id\":\"https:\/\/agrupacionespsoe.es\/ponferrada\/#organization\",\"name\":\"Agrupaci\u00f3n Socialista de Ponferrada\",\"url\":\"https:\/\/agrupacionespsoe.es\/ponferrada\/\",\"logo\":{\"@type\":\"ImageObject\",\"inLanguage\":\"es\",\"@id\":\"https:\/\/agrupacionespsoe.es\/ponferrada\/#\/schema\/logo\/image\/\",\"url\":\"https:\/\/agrupacionespsoe.es\/wp-content\/uploads\/2022\/07\/Logotipo_electoral_del_PSOE.png\",\"contentUrl\":\"https:\/\/agrupacionespsoe.es\/wp-content\/uploads\/2022\/07\/Logotipo_electoral_del_PSOE.png\",\"width\":422,\"height\":422,\"caption\":\"Agrupaci\u00f3n Socialista de Ponferrada\"},\"image\":{\"@id\":\"https:\/\/agrupacionespsoe.es\/ponferrada\/#\/schema\/logo\/image\/\"}},{\"@type\":\"Person\",\"@id\":\"https:\/\/agrupacionespsoe.es\/ponferrada\/#\/schema\/person\/cd29ee627f3b70c05d415f02596debaa\",\"name\":\"ponferrada2\",\"image\":{\"@type\":\"ImageObject\",\"inLanguage\":\"es\",\"@id\":\"https:\/\/agrupacionespsoe.es\/ponferrada\/#\/schema\/person\/image\/\",\"url\":\"https:\/\/secure.gravatar.com\/avatar\/f499eeb60144c664cf7b7edf75549b50?s=96&d=mm&r=g\",\"contentUrl\":\"https:\/\/secure.gravatar.com\/avatar\/f499eeb60144c664cf7b7edf75549b50?s=96&d=mm&r=g\",\"caption\":\"ponferrada2\"},\"url\":\"https:\/\/agrupacionespsoe.es\/ponferrada\/author\/ponferrada2\/\"}]}<\/script>\n<!-- \/ Yoast SEO plugin. -->","yoast_head_json":{"title":"El PSOE de Ponferrada solicita la convocatoria de un Pleno Extraordinario para corregir la ordenanza fiscal que afecta al Mercado de Abastos - Agrupaci\u00f3n Socialista de Ponferrada","robots":{"index":"index","follow":"follow","max-snippet":"max-snippet:-1","max-image-preview":"max-image-preview:large","max-video-preview":"max-video-preview:-1"},"canonical":"https:\/\/agrupacionespsoe.es\/ponferrada\/el-psoe-de-ponferrada-solicita-la-convocatoria-de-un-pleno-extraordinario-para-corregir-la-ordenanza-fiscal-que-afecta-al-mercado-de-abastos\/","og_locale":"es_ES","og_type":"article","og_title":"El PSOE de Ponferrada solicita la convocatoria de un Pleno Extraordinario para corregir la ordenanza fiscal que afecta al Mercado de Abastos - Agrupaci\u00f3n Socialista de Ponferrada","og_description":"El portavoz del Grupo Municipal Socialista en el Ayuntamiento de Ponferrada, Olegario Ram\u00f3n, ha anunciado en rueda de prensa que su grupo ha solicitado formalmente la convocatoria de un Pleno Extraordinario para abordar de manera urgente una modificaci\u00f3n de la ordenanza fiscal que regula la tasa por ocupaci\u00f3n del subsuelo, suelo y vuelo de la ...","og_url":"https:\/\/agrupacionespsoe.es\/ponferrada\/el-psoe-de-ponferrada-solicita-la-convocatoria-de-un-pleno-extraordinario-para-corregir-la-ordenanza-fiscal-que-afecta-al-mercado-de-abastos\/","og_site_name":"Agrupaci\u00f3n Socialista de Ponferrada","article_published_time":"2025-06-04T09:03:55+00:00","article_modified_time":"2025-06-05T09:10:51+00:00","og_image":[{"width":1600,"height":1200,"url":"https:\/\/agrupacionespsoe.es\/ponferrada\/wp-content\/uploads\/sites\/36\/2025\/06\/WhatsApp-Image-2025-06-04-at-13.26.12.jpeg","type":"image\/jpeg"}],"author":"ponferrada2","twitter_card":"summary_large_image","twitter_misc":{"Escrito por":"ponferrada2","Tiempo de lectura":"3 minutos"},"schema":{"@context":"https:\/\/schema.org","@graph":[{"@type":"Article","@id":"https:\/\/agrupacionespsoe.es\/ponferrada\/el-psoe-de-ponferrada-solicita-la-convocatoria-de-un-pleno-extraordinario-para-corregir-la-ordenanza-fiscal-que-afecta-al-mercado-de-abastos\/#article","isPartOf":{"@id":"https:\/\/agrupacionespsoe.es\/ponferrada\/el-psoe-de-ponferrada-solicita-la-convocatoria-de-un-pleno-extraordinario-para-corregir-la-ordenanza-fiscal-que-afecta-al-mercado-de-abastos\/"},"author":{"name":"ponferrada2","@id":"https:\/\/agrupacionespsoe.es\/ponferrada\/#\/schema\/person\/cd29ee627f3b70c05d415f02596debaa"},"headline":"El PSOE de Ponferrada solicita la convocatoria de un Pleno Extraordinario para corregir la ordenanza fiscal que afecta al Mercado de Abastos","datePublished":"2025-06-04T09:03:55+00:00","dateModified":"2025-06-05T09:10:51+00:00","mainEntityOfPage":{"@id":"https:\/\/agrupacionespsoe.es\/ponferrada\/el-psoe-de-ponferrada-solicita-la-convocatoria-de-un-pleno-extraordinario-para-corregir-la-ordenanza-fiscal-que-afecta-al-mercado-de-abastos\/"},"wordCount":556,"commentCount":0,"publisher":{"@id":"https:\/\/agrupacionespsoe.es\/ponferrada\/#organization"},"image":{"@id":"https:\/\/agrupacionespsoe.es\/ponferrada\/el-psoe-de-ponferrada-solicita-la-convocatoria-de-un-pleno-extraordinario-para-corregir-la-ordenanza-fiscal-que-afecta-al-mercado-de-abastos\/#primaryimage"},"thumbnailUrl":"https:\/\/agrupacionespsoe.es\/ponferrada\/wp-content\/uploads\/sites\/36\/2025\/06\/WhatsApp-Image-2025-06-04-at-13.26.12.jpeg","articleSection":["ACTUALIDAD"],"inLanguage":"es","potentialAction":[{"@type":"CommentAction","name":"Comment","target":["https:\/\/agrupacionespsoe.es\/ponferrada\/el-psoe-de-ponferrada-solicita-la-convocatoria-de-un-pleno-extraordinario-para-corregir-la-ordenanza-fiscal-que-afecta-al-mercado-de-abastos\/#respond"]}]},{"@type":"WebPage","@id":"https:\/\/agrupacionespsoe.es\/ponferrada\/el-psoe-de-ponferrada-solicita-la-convocatoria-de-un-pleno-extraordinario-para-corregir-la-ordenanza-fiscal-que-afecta-al-mercado-de-abastos\/","url":"https:\/\/agrupacionespsoe.es\/ponferrada\/el-psoe-de-ponferrada-solicita-la-convocatoria-de-un-pleno-extraordinario-para-corregir-la-ordenanza-fiscal-que-afecta-al-mercado-de-abastos\/","name":"El PSOE de Ponferrada solicita la convocatoria de un Pleno Extraordinario para corregir la ordenanza fiscal que afecta al Mercado de Abastos - Agrupaci\u00f3n Socialista de Ponferrada","isPartOf":{"@id":"https:\/\/agrupacionespsoe.es\/ponferrada\/#website"},"primaryImageOfPage":{"@id":"https:\/\/agrupacionespsoe.es\/ponferrada\/el-psoe-de-ponferrada-solicita-la-convocatoria-de-un-pleno-extraordinario-para-corregir-la-ordenanza-fiscal-que-afecta-al-mercado-de-abastos\/#primaryimage"},"image":{"@id":"https:\/\/agrupacionespsoe.es\/ponferrada\/el-psoe-de-ponferrada-solicita-la-convocatoria-de-un-pleno-extraordinario-para-corregir-la-ordenanza-fiscal-que-afecta-al-mercado-de-abastos\/#primaryimage"},"thumbnailUrl":"https:\/\/agrupacionespsoe.es\/ponferrada\/wp-content\/uploads\/sites\/36\/2025\/06\/WhatsApp-Image-2025-06-04-at-13.26.12.jpeg","datePublished":"2025-06-04T09:03:55+00:00","dateModified":"2025-06-05T09:10:51+00:00","breadcrumb":{"@id":"https:\/\/agrupacionespsoe.es\/ponferrada\/el-psoe-de-ponferrada-solicita-la-convocatoria-de-un-pleno-extraordinario-para-corregir-la-ordenanza-fiscal-que-afecta-al-mercado-de-abastos\/#breadcrumb"},"inLanguage":"es","potentialAction":[{"@type":"ReadAction","target":["https:\/\/agrupacionespsoe.es\/ponferrada\/el-psoe-de-ponferrada-solicita-la-convocatoria-de-un-pleno-extraordinario-para-corregir-la-ordenanza-fiscal-que-afecta-al-mercado-de-abastos\/"]}]},{"@type":"ImageObject","inLanguage":"es","@id":"https:\/\/agrupacionespsoe.es\/ponferrada\/el-psoe-de-ponferrada-solicita-la-convocatoria-de-un-pleno-extraordinario-para-corregir-la-ordenanza-fiscal-que-afecta-al-mercado-de-abastos\/#primaryimage","url":"https:\/\/agrupacionespsoe.es\/ponferrada\/wp-content\/uploads\/sites\/36\/2025\/06\/WhatsApp-Image-2025-06-04-at-13.26.12.jpeg","contentUrl":"https:\/\/agrupacionespsoe.es\/ponferrada\/wp-content\/uploads\/sites\/36\/2025\/06\/WhatsApp-Image-2025-06-04-at-13.26.12.jpeg","width":1600,"height":1200},{"@type":"BreadcrumbList","@id":"https:\/\/agrupacionespsoe.es\/ponferrada\/el-psoe-de-ponferrada-solicita-la-convocatoria-de-un-pleno-extraordinario-para-corregir-la-ordenanza-fiscal-que-afecta-al-mercado-de-abastos\/#breadcrumb","itemListElement":[{"@type":"ListItem","position":1,"name":"Portada","item":"https:\/\/agrupacionespsoe.es\/ponferrada\/"},{"@type":"ListItem","position":2,"name":"El PSOE de Ponferrada solicita la convocatoria de un Pleno Extraordinario para corregir la ordenanza fiscal que afecta al Mercado de Abastos"}]},{"@type":"WebSite","@id":"https:\/\/agrupacionespsoe.es\/ponferrada\/#website","url":"https:\/\/agrupacionespsoe.es\/ponferrada\/","name":"Agrupaci\u00f3n Socialista de Ponferrada","description":"Agrupaci\u00f3n Socialista de Ponferrada","publisher":{"@id":"https:\/\/agrupacionespsoe.es\/ponferrada\/#organization"},"potentialAction":[{"@type":"SearchAction","target":{"@type":"EntryPoint","urlTemplate":"https:\/\/agrupacionespsoe.es\/ponferrada\/?s={search_term_string}"},"query-input":{"@type":"PropertyValueSpecification","valueRequired":true,"valueName":"search_term_string"}}],"inLanguage":"es"},{"@type":"Organization","@id":"https:\/\/agrupacionespsoe.es\/ponferrada\/#organization","name":"Agrupaci\u00f3n Socialista de Ponferrada","url":"https:\/\/agrupacionespsoe.es\/ponferrada\/","logo":{"@type":"ImageObject","inLanguage":"es","@id":"https:\/\/agrupacionespsoe.es\/ponferrada\/#\/schema\/logo\/image\/","url":"https:\/\/agrupacionespsoe.es\/wp-content\/uploads\/2022\/07\/Logotipo_electoral_del_PSOE.png","contentUrl":"https:\/\/agrupacionespsoe.es\/wp-content\/uploads\/2022\/07\/Logotipo_electoral_del_PSOE.png","width":422,"height":422,"caption":"Agrupaci\u00f3n Socialista de Ponferrada"},"image":{"@id":"https:\/\/agrupacionespsoe.es\/ponferrada\/#\/schema\/logo\/image\/"}},{"@type":"Person","@id":"https:\/\/agrupacionespsoe.es\/ponferrada\/#\/schema\/person\/cd29ee627f3b70c05d415f02596debaa","name":"ponferrada2","image":{"@type":"ImageObject","inLanguage":"es","@id":"https:\/\/agrupacionespsoe.es\/ponferrada\/#\/schema\/person\/image\/","url":"https:\/\/secure.gravatar.com\/avatar\/f499eeb60144c664cf7b7edf75549b50?s=96&d=mm&r=g","contentUrl":"https:\/\/secure.gravatar.com\/avatar\/f499eeb60144c664cf7b7edf75549b50?s=96&d=mm&r=g","caption":"ponferrada2"},"url":"https:\/\/agrupacionespsoe.es\/ponferrada\/author\/ponferrada2\/"}]}},"jetpack_featured_media_url":"https:\/\/agrupacionespsoe.es\/ponferrada\/wp-content\/uploads\/sites\/36\/2025\/06\/WhatsApp-Image-2025-06-04-at-13.26.12.jpeg","jetpack_sharing_enabled":true,"_links":{"self":[{"href":"https:\/\/agrupacionespsoe.es\/ponferrada\/wp-json\/wp\/v2\/posts\/934","targetHints":{"allow":["GET"]}}],"collection":[{"href":"https:\/\/agrupacionespsoe.es\/ponferrada\/wp-json\/wp\/v2\/posts"}],"about":[{"href":"https:\/\/agrupacionespsoe.es\/ponferrada\/wp-json\/wp\/v2\/types\/post"}],"author":[{"embeddable":true,"href":"https:\/\/agrupacionespsoe.es\/ponferrada\/wp-json\/wp\/v2\/users\/32"}],"replies":[{"embeddable":true,"href":"https:\/\/agrupacionespsoe.es\/ponferrada\/wp-json\/wp\/v2\/comments?post=934"}],"version-history":[{"count":2,"href":"https:\/\/agrupacionespsoe.es\/ponferrada\/wp-json\/wp\/v2\/posts\/934\/revisions"}],"predecessor-version":[{"id":937,"href":"https:\/\/agrupacionespsoe.es\/ponferrada\/wp-json\/wp\/v2\/posts\/934\/revisions\/937"}],"wp:featuredmedia":[{"embeddable":true,"href":"https:\/\/agrupacionespsoe.es\/ponferrada\/wp-json\/wp\/v2\/media\/935"}],"wp:attachment":[{"href":"https:\/\/agrupacionespsoe.es\/ponferrada\/wp-json\/wp\/v2\/media?parent=934"}],"wp:term":[{"taxonomy":"category","embeddable":true,"href":"https:\/\/agrupacionespsoe.es\/ponferrada\/wp-json\/wp\/v2\/categories?post=934"},{"taxonomy":"post_tag","embeddable":true,"href":"https:\/\/agrupacionespsoe.es\/ponferrada\/wp-json\/wp\/v2\/tags?post=934"}],"curies":[{"name":"wp","href":"https:\/\/api.w.org\/{rel}","templated":true}]}}