{"id":930,"date":"2025-06-02T10:49:40","date_gmt":"2025-06-02T10:49:40","guid":{"rendered":"https:\/\/agrupacionespsoe.es\/ponferrada\/?p=930"},"modified":"2025-06-02T10:49:41","modified_gmt":"2025-06-02T10:49:41","slug":"grupo-municipal-socialista-denuncia-la-cancelacion-del-sistema-de-climatizacion-del-pabellon-jose-arroyo-en-flores-del-sil","status":"publish","type":"post","link":"https:\/\/agrupacionespsoe.es\/ponferrada\/grupo-municipal-socialista-denuncia-la-cancelacion-del-sistema-de-climatizacion-del-pabellon-jose-arroyo-en-flores-del-sil\/","title":{"rendered":"Grupo Municipal Socialista denuncia la cancelaci\u00f3n del sistema de climatizaci\u00f3n del Pabell\u00f3n Jos\u00e9 Arroyo en Flores del Sil"},"content":{"rendered":"\n<p>Ponferrada, 2 de junio de 2025 \u2014 El Grupo Municipal Socialista lamenta informar que el Ayuntamiento ha decidido cancelar la obra de instalaci\u00f3n del sistema de climatizaci\u00f3n del Pabell\u00f3n de Deportes Jos\u00e9 Arroyo, en Flores del Sil, dejando sin este servicio fundamental a todos los usuarios y clubes que utilizan estas instalaciones.<\/p>\n\n\n\n<p>En una rueda de prensa, Olegario Ram\u00f3n, portavoz del Grupo Municipal Socialista, ha informado que la obra, adjudicada el pasado 6 de marzo de 2025 por un importe de 261.000 euros y con un presupuesto total de 315.810 euros, inclu\u00eda la instalaci\u00f3n de calefacci\u00f3n, producci\u00f3n de agua caliente sanitaria (ACS) e instalaci\u00f3n receptora de gas natural. El acta de comprobaci\u00f3n del inicio el 4 de abril, la empresa adjudicataria propuso algunas modificaciones t\u00e9cnicas para mejorar la ejecuci\u00f3n del proyecto, propuestas que eran f\u00e1cilmente solucionables.<\/p>\n\n\n\n<p>A pesar de ello, el equipo de gobierno municipal mostr\u00f3 una clara falta de voluntad para llevar a cabo la obra y opt\u00f3 por desistir del contrato. Primero proponiendo indemnizar a la empresa adjudicataria con el 3% del presupuesto y m\u00e1s tarde reconociendo una indemnizando a la empresa con un 6% del importe adjudicado, es decir, 15.660 euros, duplicando la indemnizaci\u00f3n inicial planteada. No solo no se va a hacer la obra sino que vamos a tener que indemnizar a la empresa adjudicataria.<\/p>\n\n\n\n<p>Olegario Ram\u00f3n ha se\u00f1alado que esta decisi\u00f3n no s\u00f3lo priva a los usuarios del pabell\u00f3n de un servicio b\u00e1sico como la climatizaci\u00f3n, sino que tambi\u00e9n refleja un modelo de gesti\u00f3n municipal que prioriza decisiones financieras cuestionables, como la venta a bajo precio de patrimonio p\u00fablico, en lugar de atender las necesidades reales de los vecinos. Todo por la necesidad de financiaci\u00f3n que tiene el actual equipo de gobierno.<\/p>\n\n\n\n<p>Adem\u00e1s, parte del dinero previsto para esta obra (casi 100.000 euros) ser\u00e1 destinado a la construcci\u00f3n de campos de f\u00fatbol, gesti\u00f3n que deber\u00eda ser aprobada previamente por el pleno municipal, seg\u00fan el portavoz socialista.<\/p>\n\n\n\n<p>Para finalizar Olegario Ram\u00f3n ha recordado que el barrio de Flores del Sil solo tiene promesas incumplidas del actual equipo de gobierno, un colegio sin cubierta adecuada, ausencia de campos de c\u00e9sped artificial y ahora sin los fondos previstos para el pabell\u00f3n Jos\u00e9 Arroyo.<\/p>\n\n\n\n<figure class=\"wp-block-image size-large\"><img loading=\"lazy\" decoding=\"async\" width=\"1024\" height=\"768\" src=\"https:\/\/agrupacionespsoe.es\/ponferrada\/wp-content\/uploads\/sites\/36\/2025\/06\/WhatsApp-Image-2025-06-02-at-12.45.59-1024x768.jpeg\" alt=\"\" class=\"wp-image-931\" srcset=\"https:\/\/agrupacionespsoe.es\/ponferrada\/wp-content\/uploads\/sites\/36\/2025\/06\/WhatsApp-Image-2025-06-02-at-12.45.59-1024x768.jpeg 1024w, https:\/\/agrupacionespsoe.es\/ponferrada\/wp-content\/uploads\/sites\/36\/2025\/06\/WhatsApp-Image-2025-06-02-at-12.45.59-300x225.jpeg 300w, https:\/\/agrupacionespsoe.es\/ponferrada\/wp-content\/uploads\/sites\/36\/2025\/06\/WhatsApp-Image-2025-06-02-at-12.45.59-768x576.jpeg 768w, https:\/\/agrupacionespsoe.es\/ponferrada\/wp-content\/uploads\/sites\/36\/2025\/06\/WhatsApp-Image-2025-06-02-at-12.45.59-1536x1152.jpeg 1536w, https:\/\/agrupacionespsoe.es\/ponferrada\/wp-content\/uploads\/sites\/36\/2025\/06\/WhatsApp-Image-2025-06-02-at-12.45.59.jpeg 2048w\" sizes=\"auto, (max-width: 1024px) 100vw, 1024px\" \/><\/figure>\n","protected":false},"excerpt":{"rendered":"<p>Ponferrada, 2 de junio de 2025 \u2014 El Grupo Municipal Socialista lamenta informar que el Ayuntamiento ha decidido cancelar la obra de instalaci\u00f3n del sistema de climatizaci\u00f3n del Pabell\u00f3n de Deportes Jos\u00e9 Arroyo, en Flores del Sil, dejando sin este servicio fundamental a todos los usuarios y clubes que utilizan estas instalaciones. En una rueda &#8230;<\/p>\n","protected":false},"author":32,"featured_media":931,"comment_status":"open","ping_status":"open","sticky":false,"template":"","format":"standard","meta":{"_jetpack_memberships_contains_paid_content":false,"footnotes":""},"categories":[6],"tags":[],"class_list":["post-930","post","type-post","status-publish","format-standard","has-post-thumbnail","hentry","category-actualidad"],"yoast_head":"<!-- This site is optimized with the Yoast SEO plugin v24.0 - https:\/\/yoast.com\/wordpress\/plugins\/seo\/ -->\n<title>Grupo Municipal Socialista denuncia la cancelaci\u00f3n del sistema de climatizaci\u00f3n del Pabell\u00f3n Jos\u00e9 Arroyo en Flores del Sil - Agrupaci\u00f3n Socialista de Ponferrada<\/title>\n<meta name=\"robots\" content=\"index, follow, max-snippet:-1, max-image-preview:large, max-video-preview:-1\" \/>\n<link rel=\"canonical\" href=\"https:\/\/agrupacionespsoe.es\/ponferrada\/grupo-municipal-socialista-denuncia-la-cancelacion-del-sistema-de-climatizacion-del-pabellon-jose-arroyo-en-flores-del-sil\/\" \/>\n<meta property=\"og:locale\" content=\"es_ES\" \/>\n<meta property=\"og:type\" content=\"article\" \/>\n<meta property=\"og:title\" content=\"Grupo Municipal Socialista denuncia la cancelaci\u00f3n del sistema de climatizaci\u00f3n del Pabell\u00f3n Jos\u00e9 Arroyo en Flores del Sil - Agrupaci\u00f3n Socialista de Ponferrada\" \/>\n<meta property=\"og:description\" content=\"Ponferrada, 2 de junio de 2025 \u2014 El Grupo Municipal Socialista lamenta informar que el Ayuntamiento ha decidido cancelar la obra de instalaci\u00f3n del sistema de climatizaci\u00f3n del Pabell\u00f3n de Deportes Jos\u00e9 Arroyo, en Flores del Sil, dejando sin este servicio fundamental a todos los usuarios y clubes que utilizan estas instalaciones. En una rueda ...\" \/>\n<meta property=\"og:url\" content=\"https:\/\/agrupacionespsoe.es\/ponferrada\/grupo-municipal-socialista-denuncia-la-cancelacion-del-sistema-de-climatizacion-del-pabellon-jose-arroyo-en-flores-del-sil\/\" \/>\n<meta property=\"og:site_name\" content=\"Agrupaci\u00f3n Socialista de Ponferrada\" \/>\n<meta property=\"article:published_time\" content=\"2025-06-02T10:49:40+00:00\" \/>\n<meta property=\"article:modified_time\" content=\"2025-06-02T10:49:41+00:00\" \/>\n<meta property=\"og:image\" content=\"https:\/\/agrupacionespsoe.es\/ponferrada\/wp-content\/uploads\/sites\/36\/2025\/06\/WhatsApp-Image-2025-06-02-at-12.45.59.jpeg\" \/>\n\t<meta property=\"og:image:width\" content=\"2048\" \/>\n\t<meta property=\"og:image:height\" content=\"1536\" \/>\n\t<meta property=\"og:image:type\" content=\"image\/jpeg\" \/>\n<meta name=\"author\" content=\"ponferrada2\" \/>\n<meta name=\"twitter:card\" content=\"summary_large_image\" \/>\n<meta name=\"twitter:label1\" content=\"Escrito por\" \/>\n\t<meta name=\"twitter:data1\" content=\"ponferrada2\" \/>\n\t<meta name=\"twitter:label2\" content=\"Tiempo de lectura\" \/>\n\t<meta name=\"twitter:data2\" content=\"3 minutos\" \/>\n<script type=\"application\/ld+json\" class=\"yoast-schema-graph\">{\"@context\":\"https:\/\/schema.org\",\"@graph\":[{\"@type\":\"Article\",\"@id\":\"https:\/\/agrupacionespsoe.es\/ponferrada\/grupo-municipal-socialista-denuncia-la-cancelacion-del-sistema-de-climatizacion-del-pabellon-jose-arroyo-en-flores-del-sil\/#article\",\"isPartOf\":{\"@id\":\"https:\/\/agrupacionespsoe.es\/ponferrada\/grupo-municipal-socialista-denuncia-la-cancelacion-del-sistema-de-climatizacion-del-pabellon-jose-arroyo-en-flores-del-sil\/\"},\"author\":{\"name\":\"ponferrada2\",\"@id\":\"https:\/\/agrupacionespsoe.es\/ponferrada\/#\/schema\/person\/cd29ee627f3b70c05d415f02596debaa\"},\"headline\":\"Grupo Municipal Socialista denuncia la cancelaci\u00f3n del sistema de climatizaci\u00f3n del Pabell\u00f3n Jos\u00e9 Arroyo en Flores del Sil\",\"datePublished\":\"2025-06-02T10:49:40+00:00\",\"dateModified\":\"2025-06-02T10:49:41+00:00\",\"mainEntityOfPage\":{\"@id\":\"https:\/\/agrupacionespsoe.es\/ponferrada\/grupo-municipal-socialista-denuncia-la-cancelacion-del-sistema-de-climatizacion-del-pabellon-jose-arroyo-en-flores-del-sil\/\"},\"wordCount\":409,\"commentCount\":0,\"publisher\":{\"@id\":\"https:\/\/agrupacionespsoe.es\/ponferrada\/#organization\"},\"image\":{\"@id\":\"https:\/\/agrupacionespsoe.es\/ponferrada\/grupo-municipal-socialista-denuncia-la-cancelacion-del-sistema-de-climatizacion-del-pabellon-jose-arroyo-en-flores-del-sil\/#primaryimage\"},\"thumbnailUrl\":\"https:\/\/agrupacionespsoe.es\/ponferrada\/wp-content\/uploads\/sites\/36\/2025\/06\/WhatsApp-Image-2025-06-02-at-12.45.59.jpeg\",\"articleSection\":[\"ACTUALIDAD\"],\"inLanguage\":\"es\",\"potentialAction\":[{\"@type\":\"CommentAction\",\"name\":\"Comment\",\"target\":[\"https:\/\/agrupacionespsoe.es\/ponferrada\/grupo-municipal-socialista-denuncia-la-cancelacion-del-sistema-de-climatizacion-del-pabellon-jose-arroyo-en-flores-del-sil\/#respond\"]}]},{\"@type\":\"WebPage\",\"@id\":\"https:\/\/agrupacionespsoe.es\/ponferrada\/grupo-municipal-socialista-denuncia-la-cancelacion-del-sistema-de-climatizacion-del-pabellon-jose-arroyo-en-flores-del-sil\/\",\"url\":\"https:\/\/agrupacionespsoe.es\/ponferrada\/grupo-municipal-socialista-denuncia-la-cancelacion-del-sistema-de-climatizacion-del-pabellon-jose-arroyo-en-flores-del-sil\/\",\"name\":\"Grupo Municipal Socialista denuncia la cancelaci\u00f3n del sistema de climatizaci\u00f3n del Pabell\u00f3n Jos\u00e9 Arroyo en Flores del Sil - Agrupaci\u00f3n Socialista de Ponferrada\",\"isPartOf\":{\"@id\":\"https:\/\/agrupacionespsoe.es\/ponferrada\/#website\"},\"primaryImageOfPage\":{\"@id\":\"https:\/\/agrupacionespsoe.es\/ponferrada\/grupo-municipal-socialista-denuncia-la-cancelacion-del-sistema-de-climatizacion-del-pabellon-jose-arroyo-en-flores-del-sil\/#primaryimage\"},\"image\":{\"@id\":\"https:\/\/agrupacionespsoe.es\/ponferrada\/grupo-municipal-socialista-denuncia-la-cancelacion-del-sistema-de-climatizacion-del-pabellon-jose-arroyo-en-flores-del-sil\/#primaryimage\"},\"thumbnailUrl\":\"https:\/\/agrupacionespsoe.es\/ponferrada\/wp-content\/uploads\/sites\/36\/2025\/06\/WhatsApp-Image-2025-06-02-at-12.45.59.jpeg\",\"datePublished\":\"2025-06-02T10:49:40+00:00\",\"dateModified\":\"2025-06-02T10:49:41+00:00\",\"breadcrumb\":{\"@id\":\"https:\/\/agrupacionespsoe.es\/ponferrada\/grupo-municipal-socialista-denuncia-la-cancelacion-del-sistema-de-climatizacion-del-pabellon-jose-arroyo-en-flores-del-sil\/#breadcrumb\"},\"inLanguage\":\"es\",\"potentialAction\":[{\"@type\":\"ReadAction\",\"target\":[\"https:\/\/agrupacionespsoe.es\/ponferrada\/grupo-municipal-socialista-denuncia-la-cancelacion-del-sistema-de-climatizacion-del-pabellon-jose-arroyo-en-flores-del-sil\/\"]}]},{\"@type\":\"ImageObject\",\"inLanguage\":\"es\",\"@id\":\"https:\/\/agrupacionespsoe.es\/ponferrada\/grupo-municipal-socialista-denuncia-la-cancelacion-del-sistema-de-climatizacion-del-pabellon-jose-arroyo-en-flores-del-sil\/#primaryimage\",\"url\":\"https:\/\/agrupacionespsoe.es\/ponferrada\/wp-content\/uploads\/sites\/36\/2025\/06\/WhatsApp-Image-2025-06-02-at-12.45.59.jpeg\",\"contentUrl\":\"https:\/\/agrupacionespsoe.es\/ponferrada\/wp-content\/uploads\/sites\/36\/2025\/06\/WhatsApp-Image-2025-06-02-at-12.45.59.jpeg\",\"width\":2048,\"height\":1536},{\"@type\":\"BreadcrumbList\",\"@id\":\"https:\/\/agrupacionespsoe.es\/ponferrada\/grupo-municipal-socialista-denuncia-la-cancelacion-del-sistema-de-climatizacion-del-pabellon-jose-arroyo-en-flores-del-sil\/#breadcrumb\",\"itemListElement\":[{\"@type\":\"ListItem\",\"position\":1,\"name\":\"Portada\",\"item\":\"https:\/\/agrupacionespsoe.es\/ponferrada\/\"},{\"@type\":\"ListItem\",\"position\":2,\"name\":\"Grupo Municipal Socialista denuncia la cancelaci\u00f3n del sistema de climatizaci\u00f3n del Pabell\u00f3n Jos\u00e9 Arroyo en Flores del Sil\"}]},{\"@type\":\"WebSite\",\"@id\":\"https:\/\/agrupacionespsoe.es\/ponferrada\/#website\",\"url\":\"https:\/\/agrupacionespsoe.es\/ponferrada\/\",\"name\":\"Agrupaci\u00f3n Socialista de Ponferrada\",\"description\":\"Agrupaci\u00f3n Socialista de Ponferrada\",\"publisher\":{\"@id\":\"https:\/\/agrupacionespsoe.es\/ponferrada\/#organization\"},\"potentialAction\":[{\"@type\":\"SearchAction\",\"target\":{\"@type\":\"EntryPoint\",\"urlTemplate\":\"https:\/\/agrupacionespsoe.es\/ponferrada\/?s={search_term_string}\"},\"query-input\":{\"@type\":\"PropertyValueSpecification\",\"valueRequired\":true,\"valueName\":\"search_term_string\"}}],\"inLanguage\":\"es\"},{\"@type\":\"Organization\",\"@id\":\"https:\/\/agrupacionespsoe.es\/ponferrada\/#organization\",\"name\":\"Agrupaci\u00f3n Socialista de Ponferrada\",\"url\":\"https:\/\/agrupacionespsoe.es\/ponferrada\/\",\"logo\":{\"@type\":\"ImageObject\",\"inLanguage\":\"es\",\"@id\":\"https:\/\/agrupacionespsoe.es\/ponferrada\/#\/schema\/logo\/image\/\",\"url\":\"https:\/\/agrupacionespsoe.es\/wp-content\/uploads\/2022\/07\/Logotipo_electoral_del_PSOE.png\",\"contentUrl\":\"https:\/\/agrupacionespsoe.es\/wp-content\/uploads\/2022\/07\/Logotipo_electoral_del_PSOE.png\",\"width\":422,\"height\":422,\"caption\":\"Agrupaci\u00f3n Socialista de Ponferrada\"},\"image\":{\"@id\":\"https:\/\/agrupacionespsoe.es\/ponferrada\/#\/schema\/logo\/image\/\"}},{\"@type\":\"Person\",\"@id\":\"https:\/\/agrupacionespsoe.es\/ponferrada\/#\/schema\/person\/cd29ee627f3b70c05d415f02596debaa\",\"name\":\"ponferrada2\",\"image\":{\"@type\":\"ImageObject\",\"inLanguage\":\"es\",\"@id\":\"https:\/\/agrupacionespsoe.es\/ponferrada\/#\/schema\/person\/image\/\",\"url\":\"https:\/\/secure.gravatar.com\/avatar\/f499eeb60144c664cf7b7edf75549b50?s=96&d=mm&r=g\",\"contentUrl\":\"https:\/\/secure.gravatar.com\/avatar\/f499eeb60144c664cf7b7edf75549b50?s=96&d=mm&r=g\",\"caption\":\"ponferrada2\"},\"url\":\"https:\/\/agrupacionespsoe.es\/ponferrada\/author\/ponferrada2\/\"}]}<\/script>\n<!-- \/ Yoast SEO plugin. -->","yoast_head_json":{"title":"Grupo Municipal Socialista denuncia la cancelaci\u00f3n del sistema de climatizaci\u00f3n del Pabell\u00f3n Jos\u00e9 Arroyo en Flores del Sil - Agrupaci\u00f3n Socialista de Ponferrada","robots":{"index":"index","follow":"follow","max-snippet":"max-snippet:-1","max-image-preview":"max-image-preview:large","max-video-preview":"max-video-preview:-1"},"canonical":"https:\/\/agrupacionespsoe.es\/ponferrada\/grupo-municipal-socialista-denuncia-la-cancelacion-del-sistema-de-climatizacion-del-pabellon-jose-arroyo-en-flores-del-sil\/","og_locale":"es_ES","og_type":"article","og_title":"Grupo Municipal Socialista denuncia la cancelaci\u00f3n del sistema de climatizaci\u00f3n del Pabell\u00f3n Jos\u00e9 Arroyo en Flores del Sil - Agrupaci\u00f3n Socialista de Ponferrada","og_description":"Ponferrada, 2 de junio de 2025 \u2014 El Grupo Municipal Socialista lamenta informar que el Ayuntamiento ha decidido cancelar la obra de instalaci\u00f3n del sistema de climatizaci\u00f3n del Pabell\u00f3n de Deportes Jos\u00e9 Arroyo, en Flores del Sil, dejando sin este servicio fundamental a todos los usuarios y clubes que utilizan estas instalaciones. En una rueda ...","og_url":"https:\/\/agrupacionespsoe.es\/ponferrada\/grupo-municipal-socialista-denuncia-la-cancelacion-del-sistema-de-climatizacion-del-pabellon-jose-arroyo-en-flores-del-sil\/","og_site_name":"Agrupaci\u00f3n Socialista de Ponferrada","article_published_time":"2025-06-02T10:49:40+00:00","article_modified_time":"2025-06-02T10:49:41+00:00","og_image":[{"width":2048,"height":1536,"url":"https:\/\/agrupacionespsoe.es\/ponferrada\/wp-content\/uploads\/sites\/36\/2025\/06\/WhatsApp-Image-2025-06-02-at-12.45.59.jpeg","type":"image\/jpeg"}],"author":"ponferrada2","twitter_card":"summary_large_image","twitter_misc":{"Escrito por":"ponferrada2","Tiempo de lectura":"3 minutos"},"schema":{"@context":"https:\/\/schema.org","@graph":[{"@type":"Article","@id":"https:\/\/agrupacionespsoe.es\/ponferrada\/grupo-municipal-socialista-denuncia-la-cancelacion-del-sistema-de-climatizacion-del-pabellon-jose-arroyo-en-flores-del-sil\/#article","isPartOf":{"@id":"https:\/\/agrupacionespsoe.es\/ponferrada\/grupo-municipal-socialista-denuncia-la-cancelacion-del-sistema-de-climatizacion-del-pabellon-jose-arroyo-en-flores-del-sil\/"},"author":{"name":"ponferrada2","@id":"https:\/\/agrupacionespsoe.es\/ponferrada\/#\/schema\/person\/cd29ee627f3b70c05d415f02596debaa"},"headline":"Grupo Municipal Socialista denuncia la cancelaci\u00f3n del sistema de climatizaci\u00f3n del Pabell\u00f3n Jos\u00e9 Arroyo en Flores del Sil","datePublished":"2025-06-02T10:49:40+00:00","dateModified":"2025-06-02T10:49:41+00:00","mainEntityOfPage":{"@id":"https:\/\/agrupacionespsoe.es\/ponferrada\/grupo-municipal-socialista-denuncia-la-cancelacion-del-sistema-de-climatizacion-del-pabellon-jose-arroyo-en-flores-del-sil\/"},"wordCount":409,"commentCount":0,"publisher":{"@id":"https:\/\/agrupacionespsoe.es\/ponferrada\/#organization"},"image":{"@id":"https:\/\/agrupacionespsoe.es\/ponferrada\/grupo-municipal-socialista-denuncia-la-cancelacion-del-sistema-de-climatizacion-del-pabellon-jose-arroyo-en-flores-del-sil\/#primaryimage"},"thumbnailUrl":"https:\/\/agrupacionespsoe.es\/ponferrada\/wp-content\/uploads\/sites\/36\/2025\/06\/WhatsApp-Image-2025-06-02-at-12.45.59.jpeg","articleSection":["ACTUALIDAD"],"inLanguage":"es","potentialAction":[{"@type":"CommentAction","name":"Comment","target":["https:\/\/agrupacionespsoe.es\/ponferrada\/grupo-municipal-socialista-denuncia-la-cancelacion-del-sistema-de-climatizacion-del-pabellon-jose-arroyo-en-flores-del-sil\/#respond"]}]},{"@type":"WebPage","@id":"https:\/\/agrupacionespsoe.es\/ponferrada\/grupo-municipal-socialista-denuncia-la-cancelacion-del-sistema-de-climatizacion-del-pabellon-jose-arroyo-en-flores-del-sil\/","url":"https:\/\/agrupacionespsoe.es\/ponferrada\/grupo-municipal-socialista-denuncia-la-cancelacion-del-sistema-de-climatizacion-del-pabellon-jose-arroyo-en-flores-del-sil\/","name":"Grupo Municipal Socialista denuncia la cancelaci\u00f3n del sistema de climatizaci\u00f3n del Pabell\u00f3n Jos\u00e9 Arroyo en Flores del Sil - Agrupaci\u00f3n Socialista de Ponferrada","isPartOf":{"@id":"https:\/\/agrupacionespsoe.es\/ponferrada\/#website"},"primaryImageOfPage":{"@id":"https:\/\/agrupacionespsoe.es\/ponferrada\/grupo-municipal-socialista-denuncia-la-cancelacion-del-sistema-de-climatizacion-del-pabellon-jose-arroyo-en-flores-del-sil\/#primaryimage"},"image":{"@id":"https:\/\/agrupacionespsoe.es\/ponferrada\/grupo-municipal-socialista-denuncia-la-cancelacion-del-sistema-de-climatizacion-del-pabellon-jose-arroyo-en-flores-del-sil\/#primaryimage"},"thumbnailUrl":"https:\/\/agrupacionespsoe.es\/ponferrada\/wp-content\/uploads\/sites\/36\/2025\/06\/WhatsApp-Image-2025-06-02-at-12.45.59.jpeg","datePublished":"2025-06-02T10:49:40+00:00","dateModified":"2025-06-02T10:49:41+00:00","breadcrumb":{"@id":"https:\/\/agrupacionespsoe.es\/ponferrada\/grupo-municipal-socialista-denuncia-la-cancelacion-del-sistema-de-climatizacion-del-pabellon-jose-arroyo-en-flores-del-sil\/#breadcrumb"},"inLanguage":"es","potentialAction":[{"@type":"ReadAction","target":["https:\/\/agrupacionespsoe.es\/ponferrada\/grupo-municipal-socialista-denuncia-la-cancelacion-del-sistema-de-climatizacion-del-pabellon-jose-arroyo-en-flores-del-sil\/"]}]},{"@type":"ImageObject","inLanguage":"es","@id":"https:\/\/agrupacionespsoe.es\/ponferrada\/grupo-municipal-socialista-denuncia-la-cancelacion-del-sistema-de-climatizacion-del-pabellon-jose-arroyo-en-flores-del-sil\/#primaryimage","url":"https:\/\/agrupacionespsoe.es\/ponferrada\/wp-content\/uploads\/sites\/36\/2025\/06\/WhatsApp-Image-2025-06-02-at-12.45.59.jpeg","contentUrl":"https:\/\/agrupacionespsoe.es\/ponferrada\/wp-content\/uploads\/sites\/36\/2025\/06\/WhatsApp-Image-2025-06-02-at-12.45.59.jpeg","width":2048,"height":1536},{"@type":"BreadcrumbList","@id":"https:\/\/agrupacionespsoe.es\/ponferrada\/grupo-municipal-socialista-denuncia-la-cancelacion-del-sistema-de-climatizacion-del-pabellon-jose-arroyo-en-flores-del-sil\/#breadcrumb","itemListElement":[{"@type":"ListItem","position":1,"name":"Portada","item":"https:\/\/agrupacionespsoe.es\/ponferrada\/"},{"@type":"ListItem","position":2,"name":"Grupo Municipal Socialista denuncia la cancelaci\u00f3n del sistema de climatizaci\u00f3n del Pabell\u00f3n Jos\u00e9 Arroyo en Flores del Sil"}]},{"@type":"WebSite","@id":"https:\/\/agrupacionespsoe.es\/ponferrada\/#website","url":"https:\/\/agrupacionespsoe.es\/ponferrada\/","name":"Agrupaci\u00f3n Socialista de Ponferrada","description":"Agrupaci\u00f3n Socialista de Ponferrada","publisher":{"@id":"https:\/\/agrupacionespsoe.es\/ponferrada\/#organization"},"potentialAction":[{"@type":"SearchAction","target":{"@type":"EntryPoint","urlTemplate":"https:\/\/agrupacionespsoe.es\/ponferrada\/?s={search_term_string}"},"query-input":{"@type":"PropertyValueSpecification","valueRequired":true,"valueName":"search_term_string"}}],"inLanguage":"es"},{"@type":"Organization","@id":"https:\/\/agrupacionespsoe.es\/ponferrada\/#organization","name":"Agrupaci\u00f3n Socialista de Ponferrada","url":"https:\/\/agrupacionespsoe.es\/ponferrada\/","logo":{"@type":"ImageObject","inLanguage":"es","@id":"https:\/\/agrupacionespsoe.es\/ponferrada\/#\/schema\/logo\/image\/","url":"https:\/\/agrupacionespsoe.es\/wp-content\/uploads\/2022\/07\/Logotipo_electoral_del_PSOE.png","contentUrl":"https:\/\/agrupacionespsoe.es\/wp-content\/uploads\/2022\/07\/Logotipo_electoral_del_PSOE.png","width":422,"height":422,"caption":"Agrupaci\u00f3n Socialista de Ponferrada"},"image":{"@id":"https:\/\/agrupacionespsoe.es\/ponferrada\/#\/schema\/logo\/image\/"}},{"@type":"Person","@id":"https:\/\/agrupacionespsoe.es\/ponferrada\/#\/schema\/person\/cd29ee627f3b70c05d415f02596debaa","name":"ponferrada2","image":{"@type":"ImageObject","inLanguage":"es","@id":"https:\/\/agrupacionespsoe.es\/ponferrada\/#\/schema\/person\/image\/","url":"https:\/\/secure.gravatar.com\/avatar\/f499eeb60144c664cf7b7edf75549b50?s=96&d=mm&r=g","contentUrl":"https:\/\/secure.gravatar.com\/avatar\/f499eeb60144c664cf7b7edf75549b50?s=96&d=mm&r=g","caption":"ponferrada2"},"url":"https:\/\/agrupacionespsoe.es\/ponferrada\/author\/ponferrada2\/"}]}},"jetpack_featured_media_url":"https:\/\/agrupacionespsoe.es\/ponferrada\/wp-content\/uploads\/sites\/36\/2025\/06\/WhatsApp-Image-2025-06-02-at-12.45.59.jpeg","jetpack_sharing_enabled":true,"_links":{"self":[{"href":"https:\/\/agrupacionespsoe.es\/ponferrada\/wp-json\/wp\/v2\/posts\/930","targetHints":{"allow":["GET"]}}],"collection":[{"href":"https:\/\/agrupacionespsoe.es\/ponferrada\/wp-json\/wp\/v2\/posts"}],"about":[{"href":"https:\/\/agrupacionespsoe.es\/ponferrada\/wp-json\/wp\/v2\/types\/post"}],"author":[{"embeddable":true,"href":"https:\/\/agrupacionespsoe.es\/ponferrada\/wp-json\/wp\/v2\/users\/32"}],"replies":[{"embeddable":true,"href":"https:\/\/agrupacionespsoe.es\/ponferrada\/wp-json\/wp\/v2\/comments?post=930"}],"version-history":[{"count":2,"href":"https:\/\/agrupacionespsoe.es\/ponferrada\/wp-json\/wp\/v2\/posts\/930\/revisions"}],"predecessor-version":[{"id":933,"href":"https:\/\/agrupacionespsoe.es\/ponferrada\/wp-json\/wp\/v2\/posts\/930\/revisions\/933"}],"wp:featuredmedia":[{"embeddable":true,"href":"https:\/\/agrupacionespsoe.es\/ponferrada\/wp-json\/wp\/v2\/media\/931"}],"wp:attachment":[{"href":"https:\/\/agrupacionespsoe.es\/ponferrada\/wp-json\/wp\/v2\/media?parent=930"}],"wp:term":[{"taxonomy":"category","embeddable":true,"href":"https:\/\/agrupacionespsoe.es\/ponferrada\/wp-json\/wp\/v2\/categories?post=930"},{"taxonomy":"post_tag","embeddable":true,"href":"https:\/\/agrupacionespsoe.es\/ponferrada\/wp-json\/wp\/v2\/tags?post=930"}],"curies":[{"name":"wp","href":"https:\/\/api.w.org\/{rel}","templated":true}]}}