{"id":923,"date":"2025-05-22T09:14:58","date_gmt":"2025-05-22T09:14:58","guid":{"rendered":"https:\/\/agrupacionespsoe.es\/ponferrada\/?p=923"},"modified":"2025-05-22T09:19:08","modified_gmt":"2025-05-22T09:19:08","slug":"la-senda-abandonada-el-psoe-de-ponferrada-y-molinaseca-reclaman-la-recuperacion-urgente-del-tramo-final-de-la-ruta-hacia-las-puentes-de-malpaso","status":"publish","type":"post","link":"https:\/\/agrupacionespsoe.es\/ponferrada\/la-senda-abandonada-el-psoe-de-ponferrada-y-molinaseca-reclaman-la-recuperacion-urgente-del-tramo-final-de-la-ruta-hacia-las-puentes-de-malpaso\/","title":{"rendered":"La Senda abandonada: El PSOE de Ponferrada y Molinaseca reclaman la recuperaci\u00f3n urgente del tramo final de la ruta hacia Las Puentes de Malpaso"},"content":{"rendered":"\n<p>El estado de abandono de la ruta de senderismo que une Ponferrada y Molinaseca en direcci\u00f3n a Las Puentes de Malpaso ha provocado cr\u00edticas por parte del Grupo Municipal Socialista en ambos ayuntamientos, que reclaman adecuar el \u00faltimo tramo de una de las rutas que m\u00e1s notoriedad est\u00e1 teniendo en Ponferrada y Molinaseca.<\/p>\n\n\n\n<p>Mientras el Ayuntamiento de Ponferrada sigue promocionando esta ruta como uno de sus principales atractivos naturales en su web oficial donde se publicita como la segunda de las rutas de senderismo por campo y se\u00f1alan que es accesible todo el a\u00f1o (https:\/\/www.ponferrada.org\/turismo\/es\/rutas\/puentes-malpaso ), y el alcalde de Molinaseca presume de turismo en cada intervenci\u00f3n p\u00fablica, la realidad es muy distinta sobre el terreno: desde Lombillo hasta el enlace con la ruta que llega desde Molinaseca, el \u00faltimo kil\u00f3metro es pr\u00e1cticamente intransitable. La vegetaci\u00f3n ha invadido por completo el sendero, ocultando incluso las se\u00f1ales colocadas por el propio consistorio ponferradino.<\/p>\n\n\n\n<p>Este tramo que tienen olvidado pasa, adem\u00e1s, muy cerca de la futura Ruta de los Compludos, que el Ayuntamiento de Ponferrada prev\u00e9 poner en valor dentro del proyecto del Anillo Verde, lo que hace a\u00fan m\u00e1s incomprensible la dejadez institucional actual.<\/p>\n\n\n\n<figure class=\"wp-block-image size-large\"><img loading=\"lazy\" decoding=\"async\" width=\"1024\" height=\"768\" src=\"https:\/\/agrupacionespsoe.es\/ponferrada\/wp-content\/uploads\/sites\/36\/2025\/05\/WhatsApp-Image-2025-05-21-at-10.56.20-1-1024x768.jpeg\" alt=\"\" class=\"wp-image-924\" srcset=\"https:\/\/agrupacionespsoe.es\/ponferrada\/wp-content\/uploads\/sites\/36\/2025\/05\/WhatsApp-Image-2025-05-21-at-10.56.20-1-1024x768.jpeg 1024w, https:\/\/agrupacionespsoe.es\/ponferrada\/wp-content\/uploads\/sites\/36\/2025\/05\/WhatsApp-Image-2025-05-21-at-10.56.20-1-300x225.jpeg 300w, https:\/\/agrupacionespsoe.es\/ponferrada\/wp-content\/uploads\/sites\/36\/2025\/05\/WhatsApp-Image-2025-05-21-at-10.56.20-1-768x576.jpeg 768w, https:\/\/agrupacionespsoe.es\/ponferrada\/wp-content\/uploads\/sites\/36\/2025\/05\/WhatsApp-Image-2025-05-21-at-10.56.20-1-1536x1152.jpeg 1536w, https:\/\/agrupacionespsoe.es\/ponferrada\/wp-content\/uploads\/sites\/36\/2025\/05\/WhatsApp-Image-2025-05-21-at-10.56.20-1.jpeg 1600w\" sizes=\"auto, (max-width: 1024px) 100vw, 1024px\" \/><\/figure>\n\n\n\n<p>Desde el PSOE de Ponferrada y Molinaseca anuncian que han registrado un ruego en sus respectivos plenos para que ambos ayuntamientos se coordinen y comiencen con la adecuaci\u00f3n urgente del camino, y denuncian que el actual equipo de gobierno de Ponferrada \u201csolo se preocupa del medio ambiente en lo que le dej\u00f3 pendiente el anterior equipo socialista; todo lo dem\u00e1s es dejadez e inoperancia\u201d&nbsp; y el Alcalde de Molinaseca presume habitualmente del turismo como motor econ\u00f3mico del municipio, pero no respalda ese discurso con actuaciones concretas. Mientras promueve una imagen de municipio cuidado y atractivo, permite que rutas clave como esta permanezcan en un estado deplorable, justo en el entorno natural que deber\u00eda ser una de sus prioridades.<\/p>\n\n\n\n<p>Los socialistas denuncian la falta de coherencia entre la imagen que se proyecta en las plataformas municipales y la realidad que se encuentran los senderistas. Se da el hecho de que es el tramo final de la ruta marcada como LE42 en torno a Las Puentes de Malpaso, por lo que los y las senderistas despu\u00e9s de un esfuerzo pueden verse obligados a dar la vuelta, a 1 Km del final de la ruta sin poder llegar a su destino. La situaci\u00f3n, dicen, \u201cno es compatible con la imagen de una comarca que aspira a incrementar del turismo rural y de naturaleza, pero no cuida lo que vende\u201d.<\/p>\n\n\n\n<p>Con esta iniciativa, el PSOE exige que se deje de mirar hacia otro lado, se coordinen ambos ayuntamientos que tienen objetivos coincidentes y se ponga en marcha un plan de limpieza y mantenimiento de la senda, entre ambos ayuntamientos, para que Las Puentes de Malpaso dejen de ser el destino inaccesible que hoy, lamentablemente, son.<\/p>\n\n\n\n<figure class=\"wp-block-embed is-type-video is-provider-youtube wp-block-embed-youtube wp-embed-aspect-16-9 wp-has-aspect-ratio\"><div class=\"wp-block-embed__wrapper\">\n<iframe loading=\"lazy\" title=\"PSOE Ponferrada y Molinaseca reclama la recuperaci\u00f3n del tramo final de la ruta Puentes de Malpaso\" width=\"500\" height=\"281\" src=\"https:\/\/www.youtube.com\/embed\/t30eByX5nVs?feature=oembed\" frameborder=\"0\" allow=\"accelerometer; autoplay; clipboard-write; encrypted-media; gyroscope; picture-in-picture; web-share\" referrerpolicy=\"strict-origin-when-cross-origin\" allowfullscreen><\/iframe>\n<\/div><\/figure>\n\n\n\n<figure class=\"wp-block-image size-large\"><img loading=\"lazy\" decoding=\"async\" width=\"1024\" height=\"768\" src=\"https:\/\/agrupacionespsoe.es\/ponferrada\/wp-content\/uploads\/sites\/36\/2025\/05\/WhatsApp-Image-2025-05-21-at-10.56.20-1024x768.jpeg\" alt=\"\" class=\"wp-image-925\" srcset=\"https:\/\/agrupacionespsoe.es\/ponferrada\/wp-content\/uploads\/sites\/36\/2025\/05\/WhatsApp-Image-2025-05-21-at-10.56.20-1024x768.jpeg 1024w, https:\/\/agrupacionespsoe.es\/ponferrada\/wp-content\/uploads\/sites\/36\/2025\/05\/WhatsApp-Image-2025-05-21-at-10.56.20-300x225.jpeg 300w, https:\/\/agrupacionespsoe.es\/ponferrada\/wp-content\/uploads\/sites\/36\/2025\/05\/WhatsApp-Image-2025-05-21-at-10.56.20-768x576.jpeg 768w, https:\/\/agrupacionespsoe.es\/ponferrada\/wp-content\/uploads\/sites\/36\/2025\/05\/WhatsApp-Image-2025-05-21-at-10.56.20-1536x1152.jpeg 1536w, https:\/\/agrupacionespsoe.es\/ponferrada\/wp-content\/uploads\/sites\/36\/2025\/05\/WhatsApp-Image-2025-05-21-at-10.56.20.jpeg 1600w\" sizes=\"auto, (max-width: 1024px) 100vw, 1024px\" \/><\/figure>\n","protected":false},"excerpt":{"rendered":"<p>El estado de abandono de la ruta de senderismo que une Ponferrada y Molinaseca en direcci\u00f3n a Las Puentes de Malpaso ha provocado cr\u00edticas por parte del Grupo Municipal Socialista en ambos ayuntamientos, que reclaman adecuar el \u00faltimo tramo de una de las rutas que m\u00e1s notoriedad est\u00e1 teniendo en Ponferrada y Molinaseca. Mientras el &#8230;<\/p>\n","protected":false},"author":32,"featured_media":925,"comment_status":"open","ping_status":"open","sticky":false,"template":"","format":"standard","meta":{"_jetpack_memberships_contains_paid_content":false,"footnotes":""},"categories":[6],"tags":[],"class_list":["post-923","post","type-post","status-publish","format-standard","has-post-thumbnail","hentry","category-actualidad"],"yoast_head":"<!-- This site is optimized with the Yoast SEO plugin v24.0 - https:\/\/yoast.com\/wordpress\/plugins\/seo\/ -->\n<title>La Senda abandonada: El PSOE de Ponferrada y Molinaseca reclaman la recuperaci\u00f3n urgente del tramo final de la ruta hacia Las Puentes de Malpaso - Agrupaci\u00f3n Socialista de Ponferrada<\/title>\n<meta name=\"robots\" content=\"index, follow, max-snippet:-1, max-image-preview:large, max-video-preview:-1\" \/>\n<link rel=\"canonical\" href=\"https:\/\/agrupacionespsoe.es\/ponferrada\/la-senda-abandonada-el-psoe-de-ponferrada-y-molinaseca-reclaman-la-recuperacion-urgente-del-tramo-final-de-la-ruta-hacia-las-puentes-de-malpaso\/\" \/>\n<meta property=\"og:locale\" content=\"es_ES\" \/>\n<meta property=\"og:type\" content=\"article\" \/>\n<meta property=\"og:title\" content=\"La Senda abandonada: El PSOE de Ponferrada y Molinaseca reclaman la recuperaci\u00f3n urgente del tramo final de la ruta hacia Las Puentes de Malpaso - Agrupaci\u00f3n Socialista de Ponferrada\" \/>\n<meta property=\"og:description\" content=\"El estado de abandono de la ruta de senderismo que une Ponferrada y Molinaseca en direcci\u00f3n a Las Puentes de Malpaso ha provocado cr\u00edticas por parte del Grupo Municipal Socialista en ambos ayuntamientos, que reclaman adecuar el \u00faltimo tramo de una de las rutas que m\u00e1s notoriedad est\u00e1 teniendo en Ponferrada y Molinaseca. Mientras el ...\" \/>\n<meta property=\"og:url\" content=\"https:\/\/agrupacionespsoe.es\/ponferrada\/la-senda-abandonada-el-psoe-de-ponferrada-y-molinaseca-reclaman-la-recuperacion-urgente-del-tramo-final-de-la-ruta-hacia-las-puentes-de-malpaso\/\" \/>\n<meta property=\"og:site_name\" content=\"Agrupaci\u00f3n Socialista de Ponferrada\" \/>\n<meta property=\"article:published_time\" content=\"2025-05-22T09:14:58+00:00\" \/>\n<meta property=\"article:modified_time\" content=\"2025-05-22T09:19:08+00:00\" \/>\n<meta property=\"og:image\" content=\"https:\/\/agrupacionespsoe.es\/ponferrada\/wp-content\/uploads\/sites\/36\/2025\/05\/WhatsApp-Image-2025-05-21-at-10.56.20.jpeg\" \/>\n\t<meta property=\"og:image:width\" content=\"1600\" \/>\n\t<meta property=\"og:image:height\" content=\"1200\" \/>\n\t<meta property=\"og:image:type\" content=\"image\/jpeg\" \/>\n<meta name=\"author\" content=\"ponferrada2\" \/>\n<meta name=\"twitter:card\" content=\"summary_large_image\" \/>\n<meta name=\"twitter:label1\" content=\"Escrito por\" \/>\n\t<meta name=\"twitter:data1\" content=\"ponferrada2\" \/>\n\t<meta name=\"twitter:label2\" content=\"Tiempo de lectura\" \/>\n\t<meta name=\"twitter:data2\" content=\"3 minutos\" \/>\n<script type=\"application\/ld+json\" class=\"yoast-schema-graph\">{\"@context\":\"https:\/\/schema.org\",\"@graph\":[{\"@type\":\"Article\",\"@id\":\"https:\/\/agrupacionespsoe.es\/ponferrada\/la-senda-abandonada-el-psoe-de-ponferrada-y-molinaseca-reclaman-la-recuperacion-urgente-del-tramo-final-de-la-ruta-hacia-las-puentes-de-malpaso\/#article\",\"isPartOf\":{\"@id\":\"https:\/\/agrupacionespsoe.es\/ponferrada\/la-senda-abandonada-el-psoe-de-ponferrada-y-molinaseca-reclaman-la-recuperacion-urgente-del-tramo-final-de-la-ruta-hacia-las-puentes-de-malpaso\/\"},\"author\":{\"name\":\"ponferrada2\",\"@id\":\"https:\/\/agrupacionespsoe.es\/ponferrada\/#\/schema\/person\/cd29ee627f3b70c05d415f02596debaa\"},\"headline\":\"La Senda abandonada: El PSOE de Ponferrada y Molinaseca reclaman la recuperaci\u00f3n urgente del tramo final de la ruta hacia Las Puentes de Malpaso\",\"datePublished\":\"2025-05-22T09:14:58+00:00\",\"dateModified\":\"2025-05-22T09:19:08+00:00\",\"mainEntityOfPage\":{\"@id\":\"https:\/\/agrupacionespsoe.es\/ponferrada\/la-senda-abandonada-el-psoe-de-ponferrada-y-molinaseca-reclaman-la-recuperacion-urgente-del-tramo-final-de-la-ruta-hacia-las-puentes-de-malpaso\/\"},\"wordCount\":534,\"commentCount\":0,\"publisher\":{\"@id\":\"https:\/\/agrupacionespsoe.es\/ponferrada\/#organization\"},\"image\":{\"@id\":\"https:\/\/agrupacionespsoe.es\/ponferrada\/la-senda-abandonada-el-psoe-de-ponferrada-y-molinaseca-reclaman-la-recuperacion-urgente-del-tramo-final-de-la-ruta-hacia-las-puentes-de-malpaso\/#primaryimage\"},\"thumbnailUrl\":\"https:\/\/agrupacionespsoe.es\/ponferrada\/wp-content\/uploads\/sites\/36\/2025\/05\/WhatsApp-Image-2025-05-21-at-10.56.20.jpeg\",\"articleSection\":[\"ACTUALIDAD\"],\"inLanguage\":\"es\",\"potentialAction\":[{\"@type\":\"CommentAction\",\"name\":\"Comment\",\"target\":[\"https:\/\/agrupacionespsoe.es\/ponferrada\/la-senda-abandonada-el-psoe-de-ponferrada-y-molinaseca-reclaman-la-recuperacion-urgente-del-tramo-final-de-la-ruta-hacia-las-puentes-de-malpaso\/#respond\"]}]},{\"@type\":\"WebPage\",\"@id\":\"https:\/\/agrupacionespsoe.es\/ponferrada\/la-senda-abandonada-el-psoe-de-ponferrada-y-molinaseca-reclaman-la-recuperacion-urgente-del-tramo-final-de-la-ruta-hacia-las-puentes-de-malpaso\/\",\"url\":\"https:\/\/agrupacionespsoe.es\/ponferrada\/la-senda-abandonada-el-psoe-de-ponferrada-y-molinaseca-reclaman-la-recuperacion-urgente-del-tramo-final-de-la-ruta-hacia-las-puentes-de-malpaso\/\",\"name\":\"La Senda abandonada: El PSOE de Ponferrada y Molinaseca reclaman la recuperaci\u00f3n urgente del tramo final de la ruta hacia Las Puentes de Malpaso - Agrupaci\u00f3n Socialista de Ponferrada\",\"isPartOf\":{\"@id\":\"https:\/\/agrupacionespsoe.es\/ponferrada\/#website\"},\"primaryImageOfPage\":{\"@id\":\"https:\/\/agrupacionespsoe.es\/ponferrada\/la-senda-abandonada-el-psoe-de-ponferrada-y-molinaseca-reclaman-la-recuperacion-urgente-del-tramo-final-de-la-ruta-hacia-las-puentes-de-malpaso\/#primaryimage\"},\"image\":{\"@id\":\"https:\/\/agrupacionespsoe.es\/ponferrada\/la-senda-abandonada-el-psoe-de-ponferrada-y-molinaseca-reclaman-la-recuperacion-urgente-del-tramo-final-de-la-ruta-hacia-las-puentes-de-malpaso\/#primaryimage\"},\"thumbnailUrl\":\"https:\/\/agrupacionespsoe.es\/ponferrada\/wp-content\/uploads\/sites\/36\/2025\/05\/WhatsApp-Image-2025-05-21-at-10.56.20.jpeg\",\"datePublished\":\"2025-05-22T09:14:58+00:00\",\"dateModified\":\"2025-05-22T09:19:08+00:00\",\"breadcrumb\":{\"@id\":\"https:\/\/agrupacionespsoe.es\/ponferrada\/la-senda-abandonada-el-psoe-de-ponferrada-y-molinaseca-reclaman-la-recuperacion-urgente-del-tramo-final-de-la-ruta-hacia-las-puentes-de-malpaso\/#breadcrumb\"},\"inLanguage\":\"es\",\"potentialAction\":[{\"@type\":\"ReadAction\",\"target\":[\"https:\/\/agrupacionespsoe.es\/ponferrada\/la-senda-abandonada-el-psoe-de-ponferrada-y-molinaseca-reclaman-la-recuperacion-urgente-del-tramo-final-de-la-ruta-hacia-las-puentes-de-malpaso\/\"]}]},{\"@type\":\"ImageObject\",\"inLanguage\":\"es\",\"@id\":\"https:\/\/agrupacionespsoe.es\/ponferrada\/la-senda-abandonada-el-psoe-de-ponferrada-y-molinaseca-reclaman-la-recuperacion-urgente-del-tramo-final-de-la-ruta-hacia-las-puentes-de-malpaso\/#primaryimage\",\"url\":\"https:\/\/agrupacionespsoe.es\/ponferrada\/wp-content\/uploads\/sites\/36\/2025\/05\/WhatsApp-Image-2025-05-21-at-10.56.20.jpeg\",\"contentUrl\":\"https:\/\/agrupacionespsoe.es\/ponferrada\/wp-content\/uploads\/sites\/36\/2025\/05\/WhatsApp-Image-2025-05-21-at-10.56.20.jpeg\",\"width\":1600,\"height\":1200},{\"@type\":\"BreadcrumbList\",\"@id\":\"https:\/\/agrupacionespsoe.es\/ponferrada\/la-senda-abandonada-el-psoe-de-ponferrada-y-molinaseca-reclaman-la-recuperacion-urgente-del-tramo-final-de-la-ruta-hacia-las-puentes-de-malpaso\/#breadcrumb\",\"itemListElement\":[{\"@type\":\"ListItem\",\"position\":1,\"name\":\"Portada\",\"item\":\"https:\/\/agrupacionespsoe.es\/ponferrada\/\"},{\"@type\":\"ListItem\",\"position\":2,\"name\":\"La Senda abandonada: El PSOE de Ponferrada y Molinaseca reclaman la recuperaci\u00f3n urgente del tramo final de la ruta hacia Las Puentes de Malpaso\"}]},{\"@type\":\"WebSite\",\"@id\":\"https:\/\/agrupacionespsoe.es\/ponferrada\/#website\",\"url\":\"https:\/\/agrupacionespsoe.es\/ponferrada\/\",\"name\":\"Agrupaci\u00f3n Socialista de Ponferrada\",\"description\":\"Agrupaci\u00f3n Socialista de Ponferrada\",\"publisher\":{\"@id\":\"https:\/\/agrupacionespsoe.es\/ponferrada\/#organization\"},\"potentialAction\":[{\"@type\":\"SearchAction\",\"target\":{\"@type\":\"EntryPoint\",\"urlTemplate\":\"https:\/\/agrupacionespsoe.es\/ponferrada\/?s={search_term_string}\"},\"query-input\":{\"@type\":\"PropertyValueSpecification\",\"valueRequired\":true,\"valueName\":\"search_term_string\"}}],\"inLanguage\":\"es\"},{\"@type\":\"Organization\",\"@id\":\"https:\/\/agrupacionespsoe.es\/ponferrada\/#organization\",\"name\":\"Agrupaci\u00f3n Socialista de Ponferrada\",\"url\":\"https:\/\/agrupacionespsoe.es\/ponferrada\/\",\"logo\":{\"@type\":\"ImageObject\",\"inLanguage\":\"es\",\"@id\":\"https:\/\/agrupacionespsoe.es\/ponferrada\/#\/schema\/logo\/image\/\",\"url\":\"https:\/\/agrupacionespsoe.es\/wp-content\/uploads\/2022\/07\/Logotipo_electoral_del_PSOE.png\",\"contentUrl\":\"https:\/\/agrupacionespsoe.es\/wp-content\/uploads\/2022\/07\/Logotipo_electoral_del_PSOE.png\",\"width\":422,\"height\":422,\"caption\":\"Agrupaci\u00f3n Socialista de Ponferrada\"},\"image\":{\"@id\":\"https:\/\/agrupacionespsoe.es\/ponferrada\/#\/schema\/logo\/image\/\"}},{\"@type\":\"Person\",\"@id\":\"https:\/\/agrupacionespsoe.es\/ponferrada\/#\/schema\/person\/cd29ee627f3b70c05d415f02596debaa\",\"name\":\"ponferrada2\",\"image\":{\"@type\":\"ImageObject\",\"inLanguage\":\"es\",\"@id\":\"https:\/\/agrupacionespsoe.es\/ponferrada\/#\/schema\/person\/image\/\",\"url\":\"https:\/\/secure.gravatar.com\/avatar\/f499eeb60144c664cf7b7edf75549b50?s=96&d=mm&r=g\",\"contentUrl\":\"https:\/\/secure.gravatar.com\/avatar\/f499eeb60144c664cf7b7edf75549b50?s=96&d=mm&r=g\",\"caption\":\"ponferrada2\"},\"url\":\"https:\/\/agrupacionespsoe.es\/ponferrada\/author\/ponferrada2\/\"}]}<\/script>\n<!-- \/ Yoast SEO plugin. -->","yoast_head_json":{"title":"La Senda abandonada: El PSOE de Ponferrada y Molinaseca reclaman la recuperaci\u00f3n urgente del tramo final de la ruta hacia Las Puentes de Malpaso - Agrupaci\u00f3n Socialista de Ponferrada","robots":{"index":"index","follow":"follow","max-snippet":"max-snippet:-1","max-image-preview":"max-image-preview:large","max-video-preview":"max-video-preview:-1"},"canonical":"https:\/\/agrupacionespsoe.es\/ponferrada\/la-senda-abandonada-el-psoe-de-ponferrada-y-molinaseca-reclaman-la-recuperacion-urgente-del-tramo-final-de-la-ruta-hacia-las-puentes-de-malpaso\/","og_locale":"es_ES","og_type":"article","og_title":"La Senda abandonada: El PSOE de Ponferrada y Molinaseca reclaman la recuperaci\u00f3n urgente del tramo final de la ruta hacia Las Puentes de Malpaso - Agrupaci\u00f3n Socialista de Ponferrada","og_description":"El estado de abandono de la ruta de senderismo que une Ponferrada y Molinaseca en direcci\u00f3n a Las Puentes de Malpaso ha provocado cr\u00edticas por parte del Grupo Municipal Socialista en ambos ayuntamientos, que reclaman adecuar el \u00faltimo tramo de una de las rutas que m\u00e1s notoriedad est\u00e1 teniendo en Ponferrada y Molinaseca. Mientras el ...","og_url":"https:\/\/agrupacionespsoe.es\/ponferrada\/la-senda-abandonada-el-psoe-de-ponferrada-y-molinaseca-reclaman-la-recuperacion-urgente-del-tramo-final-de-la-ruta-hacia-las-puentes-de-malpaso\/","og_site_name":"Agrupaci\u00f3n Socialista de Ponferrada","article_published_time":"2025-05-22T09:14:58+00:00","article_modified_time":"2025-05-22T09:19:08+00:00","og_image":[{"width":1600,"height":1200,"url":"https:\/\/agrupacionespsoe.es\/ponferrada\/wp-content\/uploads\/sites\/36\/2025\/05\/WhatsApp-Image-2025-05-21-at-10.56.20.jpeg","type":"image\/jpeg"}],"author":"ponferrada2","twitter_card":"summary_large_image","twitter_misc":{"Escrito por":"ponferrada2","Tiempo de lectura":"3 minutos"},"schema":{"@context":"https:\/\/schema.org","@graph":[{"@type":"Article","@id":"https:\/\/agrupacionespsoe.es\/ponferrada\/la-senda-abandonada-el-psoe-de-ponferrada-y-molinaseca-reclaman-la-recuperacion-urgente-del-tramo-final-de-la-ruta-hacia-las-puentes-de-malpaso\/#article","isPartOf":{"@id":"https:\/\/agrupacionespsoe.es\/ponferrada\/la-senda-abandonada-el-psoe-de-ponferrada-y-molinaseca-reclaman-la-recuperacion-urgente-del-tramo-final-de-la-ruta-hacia-las-puentes-de-malpaso\/"},"author":{"name":"ponferrada2","@id":"https:\/\/agrupacionespsoe.es\/ponferrada\/#\/schema\/person\/cd29ee627f3b70c05d415f02596debaa"},"headline":"La Senda abandonada: El PSOE de Ponferrada y Molinaseca reclaman la recuperaci\u00f3n urgente del tramo final de la ruta hacia Las Puentes de Malpaso","datePublished":"2025-05-22T09:14:58+00:00","dateModified":"2025-05-22T09:19:08+00:00","mainEntityOfPage":{"@id":"https:\/\/agrupacionespsoe.es\/ponferrada\/la-senda-abandonada-el-psoe-de-ponferrada-y-molinaseca-reclaman-la-recuperacion-urgente-del-tramo-final-de-la-ruta-hacia-las-puentes-de-malpaso\/"},"wordCount":534,"commentCount":0,"publisher":{"@id":"https:\/\/agrupacionespsoe.es\/ponferrada\/#organization"},"image":{"@id":"https:\/\/agrupacionespsoe.es\/ponferrada\/la-senda-abandonada-el-psoe-de-ponferrada-y-molinaseca-reclaman-la-recuperacion-urgente-del-tramo-final-de-la-ruta-hacia-las-puentes-de-malpaso\/#primaryimage"},"thumbnailUrl":"https:\/\/agrupacionespsoe.es\/ponferrada\/wp-content\/uploads\/sites\/36\/2025\/05\/WhatsApp-Image-2025-05-21-at-10.56.20.jpeg","articleSection":["ACTUALIDAD"],"inLanguage":"es","potentialAction":[{"@type":"CommentAction","name":"Comment","target":["https:\/\/agrupacionespsoe.es\/ponferrada\/la-senda-abandonada-el-psoe-de-ponferrada-y-molinaseca-reclaman-la-recuperacion-urgente-del-tramo-final-de-la-ruta-hacia-las-puentes-de-malpaso\/#respond"]}]},{"@type":"WebPage","@id":"https:\/\/agrupacionespsoe.es\/ponferrada\/la-senda-abandonada-el-psoe-de-ponferrada-y-molinaseca-reclaman-la-recuperacion-urgente-del-tramo-final-de-la-ruta-hacia-las-puentes-de-malpaso\/","url":"https:\/\/agrupacionespsoe.es\/ponferrada\/la-senda-abandonada-el-psoe-de-ponferrada-y-molinaseca-reclaman-la-recuperacion-urgente-del-tramo-final-de-la-ruta-hacia-las-puentes-de-malpaso\/","name":"La Senda abandonada: El PSOE de Ponferrada y Molinaseca reclaman la recuperaci\u00f3n urgente del tramo final de la ruta hacia Las Puentes de Malpaso - Agrupaci\u00f3n Socialista de Ponferrada","isPartOf":{"@id":"https:\/\/agrupacionespsoe.es\/ponferrada\/#website"},"primaryImageOfPage":{"@id":"https:\/\/agrupacionespsoe.es\/ponferrada\/la-senda-abandonada-el-psoe-de-ponferrada-y-molinaseca-reclaman-la-recuperacion-urgente-del-tramo-final-de-la-ruta-hacia-las-puentes-de-malpaso\/#primaryimage"},"image":{"@id":"https:\/\/agrupacionespsoe.es\/ponferrada\/la-senda-abandonada-el-psoe-de-ponferrada-y-molinaseca-reclaman-la-recuperacion-urgente-del-tramo-final-de-la-ruta-hacia-las-puentes-de-malpaso\/#primaryimage"},"thumbnailUrl":"https:\/\/agrupacionespsoe.es\/ponferrada\/wp-content\/uploads\/sites\/36\/2025\/05\/WhatsApp-Image-2025-05-21-at-10.56.20.jpeg","datePublished":"2025-05-22T09:14:58+00:00","dateModified":"2025-05-22T09:19:08+00:00","breadcrumb":{"@id":"https:\/\/agrupacionespsoe.es\/ponferrada\/la-senda-abandonada-el-psoe-de-ponferrada-y-molinaseca-reclaman-la-recuperacion-urgente-del-tramo-final-de-la-ruta-hacia-las-puentes-de-malpaso\/#breadcrumb"},"inLanguage":"es","potentialAction":[{"@type":"ReadAction","target":["https:\/\/agrupacionespsoe.es\/ponferrada\/la-senda-abandonada-el-psoe-de-ponferrada-y-molinaseca-reclaman-la-recuperacion-urgente-del-tramo-final-de-la-ruta-hacia-las-puentes-de-malpaso\/"]}]},{"@type":"ImageObject","inLanguage":"es","@id":"https:\/\/agrupacionespsoe.es\/ponferrada\/la-senda-abandonada-el-psoe-de-ponferrada-y-molinaseca-reclaman-la-recuperacion-urgente-del-tramo-final-de-la-ruta-hacia-las-puentes-de-malpaso\/#primaryimage","url":"https:\/\/agrupacionespsoe.es\/ponferrada\/wp-content\/uploads\/sites\/36\/2025\/05\/WhatsApp-Image-2025-05-21-at-10.56.20.jpeg","contentUrl":"https:\/\/agrupacionespsoe.es\/ponferrada\/wp-content\/uploads\/sites\/36\/2025\/05\/WhatsApp-Image-2025-05-21-at-10.56.20.jpeg","width":1600,"height":1200},{"@type":"BreadcrumbList","@id":"https:\/\/agrupacionespsoe.es\/ponferrada\/la-senda-abandonada-el-psoe-de-ponferrada-y-molinaseca-reclaman-la-recuperacion-urgente-del-tramo-final-de-la-ruta-hacia-las-puentes-de-malpaso\/#breadcrumb","itemListElement":[{"@type":"ListItem","position":1,"name":"Portada","item":"https:\/\/agrupacionespsoe.es\/ponferrada\/"},{"@type":"ListItem","position":2,"name":"La Senda abandonada: El PSOE de Ponferrada y Molinaseca reclaman la recuperaci\u00f3n urgente del tramo final de la ruta hacia Las Puentes de Malpaso"}]},{"@type":"WebSite","@id":"https:\/\/agrupacionespsoe.es\/ponferrada\/#website","url":"https:\/\/agrupacionespsoe.es\/ponferrada\/","name":"Agrupaci\u00f3n Socialista de Ponferrada","description":"Agrupaci\u00f3n Socialista de Ponferrada","publisher":{"@id":"https:\/\/agrupacionespsoe.es\/ponferrada\/#organization"},"potentialAction":[{"@type":"SearchAction","target":{"@type":"EntryPoint","urlTemplate":"https:\/\/agrupacionespsoe.es\/ponferrada\/?s={search_term_string}"},"query-input":{"@type":"PropertyValueSpecification","valueRequired":true,"valueName":"search_term_string"}}],"inLanguage":"es"},{"@type":"Organization","@id":"https:\/\/agrupacionespsoe.es\/ponferrada\/#organization","name":"Agrupaci\u00f3n Socialista de Ponferrada","url":"https:\/\/agrupacionespsoe.es\/ponferrada\/","logo":{"@type":"ImageObject","inLanguage":"es","@id":"https:\/\/agrupacionespsoe.es\/ponferrada\/#\/schema\/logo\/image\/","url":"https:\/\/agrupacionespsoe.es\/wp-content\/uploads\/2022\/07\/Logotipo_electoral_del_PSOE.png","contentUrl":"https:\/\/agrupacionespsoe.es\/wp-content\/uploads\/2022\/07\/Logotipo_electoral_del_PSOE.png","width":422,"height":422,"caption":"Agrupaci\u00f3n Socialista de Ponferrada"},"image":{"@id":"https:\/\/agrupacionespsoe.es\/ponferrada\/#\/schema\/logo\/image\/"}},{"@type":"Person","@id":"https:\/\/agrupacionespsoe.es\/ponferrada\/#\/schema\/person\/cd29ee627f3b70c05d415f02596debaa","name":"ponferrada2","image":{"@type":"ImageObject","inLanguage":"es","@id":"https:\/\/agrupacionespsoe.es\/ponferrada\/#\/schema\/person\/image\/","url":"https:\/\/secure.gravatar.com\/avatar\/f499eeb60144c664cf7b7edf75549b50?s=96&d=mm&r=g","contentUrl":"https:\/\/secure.gravatar.com\/avatar\/f499eeb60144c664cf7b7edf75549b50?s=96&d=mm&r=g","caption":"ponferrada2"},"url":"https:\/\/agrupacionespsoe.es\/ponferrada\/author\/ponferrada2\/"}]}},"jetpack_featured_media_url":"https:\/\/agrupacionespsoe.es\/ponferrada\/wp-content\/uploads\/sites\/36\/2025\/05\/WhatsApp-Image-2025-05-21-at-10.56.20.jpeg","jetpack_sharing_enabled":true,"_links":{"self":[{"href":"https:\/\/agrupacionespsoe.es\/ponferrada\/wp-json\/wp\/v2\/posts\/923","targetHints":{"allow":["GET"]}}],"collection":[{"href":"https:\/\/agrupacionespsoe.es\/ponferrada\/wp-json\/wp\/v2\/posts"}],"about":[{"href":"https:\/\/agrupacionespsoe.es\/ponferrada\/wp-json\/wp\/v2\/types\/post"}],"author":[{"embeddable":true,"href":"https:\/\/agrupacionespsoe.es\/ponferrada\/wp-json\/wp\/v2\/users\/32"}],"replies":[{"embeddable":true,"href":"https:\/\/agrupacionespsoe.es\/ponferrada\/wp-json\/wp\/v2\/comments?post=923"}],"version-history":[{"count":3,"href":"https:\/\/agrupacionespsoe.es\/ponferrada\/wp-json\/wp\/v2\/posts\/923\/revisions"}],"predecessor-version":[{"id":928,"href":"https:\/\/agrupacionespsoe.es\/ponferrada\/wp-json\/wp\/v2\/posts\/923\/revisions\/928"}],"wp:featuredmedia":[{"embeddable":true,"href":"https:\/\/agrupacionespsoe.es\/ponferrada\/wp-json\/wp\/v2\/media\/925"}],"wp:attachment":[{"href":"https:\/\/agrupacionespsoe.es\/ponferrada\/wp-json\/wp\/v2\/media?parent=923"}],"wp:term":[{"taxonomy":"category","embeddable":true,"href":"https:\/\/agrupacionespsoe.es\/ponferrada\/wp-json\/wp\/v2\/categories?post=923"},{"taxonomy":"post_tag","embeddable":true,"href":"https:\/\/agrupacionespsoe.es\/ponferrada\/wp-json\/wp\/v2\/tags?post=923"}],"curies":[{"name":"wp","href":"https:\/\/api.w.org\/{rel}","templated":true}]}}