{"id":914,"date":"2025-05-19T10:15:51","date_gmt":"2025-05-19T10:15:51","guid":{"rendered":"https:\/\/agrupacionespsoe.es\/ponferrada\/?p=914"},"modified":"2025-05-19T10:15:52","modified_gmt":"2025-05-19T10:15:52","slug":"el-psoe-denuncia-la-deriva-de-despilfarro-del-equipo-de-gobierno-en-ponferrada-y-alerta-de-un-inminente-plan-de-ajuste","status":"publish","type":"post","link":"https:\/\/agrupacionespsoe.es\/ponferrada\/el-psoe-denuncia-la-deriva-de-despilfarro-del-equipo-de-gobierno-en-ponferrada-y-alerta-de-un-inminente-plan-de-ajuste\/","title":{"rendered":"El PSOE denuncia la \u201cderiva de despilfarro\u201d del equipo de gobierno en Ponferrada y alerta de un inminente plan de ajuste"},"content":{"rendered":"\n<h3 class=\"wp-block-heading\">El PSOE denuncia el gasto obsceno del actual equipo de gobierno<\/h3>\n\n\n\n<p><strong>Ponferrada, 19 de mayo. <\/strong> El portavoz del PSOE en el Ayuntamiento de Ponferrada, Olegario Ram\u00f3n, y la exconcejala de Hacienda, Mabel Fern\u00e1ndez, han denunciado en rueda de prensa la \u00abgrave situaci\u00f3n econ\u00f3mica\u00bb en la que se encuentra el municipio, tras lo que calificaron como una gesti\u00f3n \u00abirresponsable y despilfarradora\u00bb del actual equipo de gobierno, formado por Coalici\u00f3n por El Bierzo y el Partido Popular.<\/p>\n\n\n\n<p>Seg\u00fan explic\u00f3 Olegario Ram\u00f3n, la situaci\u00f3n actual ha obligado al Ayuntamiento a elaborar un plan de ajuste econ\u00f3mico-financiero, como consecuencia del incumplimiento de la regla de gasto y de los principios de sostenibilidad financiera en 2024. \u00abYa a finales de 2023, varios informes de la intervenci\u00f3n municipal alertaban de un d\u00e9ficit de 2,4 millones de euros\u00bb, record\u00f3 el portavoz, quien lament\u00f3 que \u00ablejos de corregir el rumbo, el gobierno municipal ha continuado derrochando\u00bb.<\/p>\n\n\n\n<p>Ram\u00f3n expuso como ejemplo la evoluci\u00f3n de los contratos menores, que pasaron de 850.000 euros en el primer trimestre de 2023, bajo gesti\u00f3n socialista, a m\u00e1s de 1,6 millones en el \u00faltimo trimestre del mismo a\u00f1o, ya con el nuevo gobierno. En total, en 2023 se gastaron 4,27 millones en este tipo de contratos, cifra que aument\u00f3 a 4,55 millones en 2024.<\/p>\n\n\n\n<p>A estos datos sum\u00f3 gastos \u201csuperfluos\u201d como los 20.000 euros en un estudio sobre el soterramiento \u00abque sab\u00edan que no se pod\u00eda ejecutar\u00bb, o una rampa de acceso al recinto ferial \u201cinnecesaria\u201d. Tambi\u00e9n critic\u00f3 las inversiones en iluminaci\u00f3n navide\u00f1a, esculturas, galas y eventos gastron\u00f3micos \u201cque evidencian una gesti\u00f3n orientada m\u00e1s al espect\u00e1culo que al inter\u00e9s general\u201d.<\/p>\n\n\n\n<p>Olegario Ram\u00f3n ha sido tajante: \u201cEste gobierno nos ha llevado a un doble castigo: la obligaci\u00f3n de someterse a un plan de ajuste y la p\u00e9rdida de patrimonio p\u00fablico, que ha sido malvendido por debajo de su valor real para financiar sus excesos\u201d.<\/p>\n\n\n\n<p>Por su parte, Mabel Fern\u00e1ndez subray\u00f3 que el Ayuntamiento ha incumplido la estabilidad presupuestaria y la regla de gasto, tal como certifica un reciente informe de la intervenci\u00f3n municipal, lo que obliga legalmente a aprobar un plan econ\u00f3mico financiero para los ejercicios 2025 y 2026.<\/p>\n\n\n\n<p>\u201cLa sostenibilidad financiera es la capacidad de hacer frente a los compromisos presentes y futuros, algo que ahora mismo est\u00e1 en entredicho en Ponferrada\u201d, se\u00f1al\u00f3 Fern\u00e1ndez. \u201cSe ha gastado mucho m\u00e1s de lo que se ingresa desde que entr\u00f3 el nuevo equipo de gobierno, con un aumento significativo del d\u00e9ficit y una clara p\u00e9rdida de control financiero\u201d.<\/p>\n\n\n\n<p>Mabel Fern\u00e1ndez advirti\u00f3 que esta situaci\u00f3n podr\u00eda tener efectos muy negativos para los servicios p\u00fablicos: \u201cSi no se corrige, no se podr\u00e1n mejorar servicios esenciales como el transporte o la limpieza, ni se podr\u00e1n hacer inversiones o mantener infraestructuras. Los m\u00e1s afectados ser\u00e1n, como siempre, los colectivos m\u00e1s vulnerables\u201d.<\/p>\n\n\n\n<p>Ambos dirigentes socialistas hicieron un llamamiento urgente a la responsabilidad y al cumplimiento de la ley, y exigieron que se adopten medidas serias para recuperar la salud financiera del Ayuntamiento. \u201cEsta situaci\u00f3n no es solo un problema jur\u00eddico o econ\u00f3mico, es un problema social. Y es, sobre todo, fruto de una mala gesti\u00f3n y de una absoluta falta de respeto hacia la ciudadan\u00eda\u201d, concluy\u00f3 Fern\u00e1ndez.<\/p>\n\n\n\n<figure class=\"wp-block-image size-large\"><img loading=\"lazy\" decoding=\"async\" width=\"1024\" height=\"768\" src=\"https:\/\/agrupacionespsoe.es\/ponferrada\/wp-content\/uploads\/sites\/36\/2025\/05\/WhatsApp-Image-2025-05-19-at-12.12.00-1024x768.jpeg\" alt=\"\" class=\"wp-image-915\" srcset=\"https:\/\/agrupacionespsoe.es\/ponferrada\/wp-content\/uploads\/sites\/36\/2025\/05\/WhatsApp-Image-2025-05-19-at-12.12.00-1024x768.jpeg 1024w, https:\/\/agrupacionespsoe.es\/ponferrada\/wp-content\/uploads\/sites\/36\/2025\/05\/WhatsApp-Image-2025-05-19-at-12.12.00-300x225.jpeg 300w, https:\/\/agrupacionespsoe.es\/ponferrada\/wp-content\/uploads\/sites\/36\/2025\/05\/WhatsApp-Image-2025-05-19-at-12.12.00-768x576.jpeg 768w, https:\/\/agrupacionespsoe.es\/ponferrada\/wp-content\/uploads\/sites\/36\/2025\/05\/WhatsApp-Image-2025-05-19-at-12.12.00-1536x1152.jpeg 1536w, https:\/\/agrupacionespsoe.es\/ponferrada\/wp-content\/uploads\/sites\/36\/2025\/05\/WhatsApp-Image-2025-05-19-at-12.12.00.jpeg 1600w\" sizes=\"auto, (max-width: 1024px) 100vw, 1024px\" \/><\/figure>\n","protected":false},"excerpt":{"rendered":"<p>El PSOE denuncia el gasto obsceno del actual equipo de gobierno Ponferrada, 19 de mayo. El portavoz del PSOE en el Ayuntamiento de Ponferrada, Olegario Ram\u00f3n, y la exconcejala de Hacienda, Mabel Fern\u00e1ndez, han denunciado en rueda de prensa la \u00abgrave situaci\u00f3n econ\u00f3mica\u00bb en la que se encuentra el municipio, tras lo que calificaron como &#8230;<\/p>\n","protected":false},"author":32,"featured_media":915,"comment_status":"open","ping_status":"open","sticky":false,"template":"","format":"standard","meta":{"_jetpack_memberships_contains_paid_content":false,"footnotes":""},"categories":[6],"tags":[],"class_list":["post-914","post","type-post","status-publish","format-standard","has-post-thumbnail","hentry","category-actualidad"],"yoast_head":"<!-- This site is optimized with the Yoast SEO plugin v24.0 - https:\/\/yoast.com\/wordpress\/plugins\/seo\/ -->\n<title>El PSOE denuncia la \u201cderiva de despilfarro\u201d del equipo de gobierno en Ponferrada y alerta de un inminente plan de ajuste - Agrupaci\u00f3n Socialista de Ponferrada<\/title>\n<meta name=\"robots\" content=\"index, follow, max-snippet:-1, max-image-preview:large, max-video-preview:-1\" \/>\n<link rel=\"canonical\" href=\"https:\/\/agrupacionespsoe.es\/ponferrada\/el-psoe-denuncia-la-deriva-de-despilfarro-del-equipo-de-gobierno-en-ponferrada-y-alerta-de-un-inminente-plan-de-ajuste\/\" \/>\n<meta property=\"og:locale\" content=\"es_ES\" \/>\n<meta property=\"og:type\" content=\"article\" \/>\n<meta property=\"og:title\" content=\"El PSOE denuncia la \u201cderiva de despilfarro\u201d del equipo de gobierno en Ponferrada y alerta de un inminente plan de ajuste - Agrupaci\u00f3n Socialista de Ponferrada\" \/>\n<meta property=\"og:description\" content=\"El PSOE denuncia el gasto obsceno del actual equipo de gobierno Ponferrada, 19 de mayo. El portavoz del PSOE en el Ayuntamiento de Ponferrada, Olegario Ram\u00f3n, y la exconcejala de Hacienda, Mabel Fern\u00e1ndez, han denunciado en rueda de prensa la \u00abgrave situaci\u00f3n econ\u00f3mica\u00bb en la que se encuentra el municipio, tras lo que calificaron como ...\" \/>\n<meta property=\"og:url\" content=\"https:\/\/agrupacionespsoe.es\/ponferrada\/el-psoe-denuncia-la-deriva-de-despilfarro-del-equipo-de-gobierno-en-ponferrada-y-alerta-de-un-inminente-plan-de-ajuste\/\" \/>\n<meta property=\"og:site_name\" content=\"Agrupaci\u00f3n Socialista de Ponferrada\" \/>\n<meta property=\"article:published_time\" content=\"2025-05-19T10:15:51+00:00\" \/>\n<meta property=\"article:modified_time\" content=\"2025-05-19T10:15:52+00:00\" \/>\n<meta property=\"og:image\" content=\"https:\/\/agrupacionespsoe.es\/ponferrada\/wp-content\/uploads\/sites\/36\/2025\/05\/WhatsApp-Image-2025-05-19-at-12.12.00.jpeg\" \/>\n\t<meta property=\"og:image:width\" content=\"1600\" \/>\n\t<meta property=\"og:image:height\" content=\"1200\" \/>\n\t<meta property=\"og:image:type\" content=\"image\/jpeg\" \/>\n<meta name=\"author\" content=\"ponferrada2\" \/>\n<meta name=\"twitter:card\" content=\"summary_large_image\" \/>\n<meta name=\"twitter:label1\" content=\"Escrito por\" \/>\n\t<meta name=\"twitter:data1\" content=\"ponferrada2\" \/>\n\t<meta name=\"twitter:label2\" content=\"Tiempo de lectura\" \/>\n\t<meta name=\"twitter:data2\" content=\"3 minutos\" \/>\n<script type=\"application\/ld+json\" class=\"yoast-schema-graph\">{\"@context\":\"https:\/\/schema.org\",\"@graph\":[{\"@type\":\"Article\",\"@id\":\"https:\/\/agrupacionespsoe.es\/ponferrada\/el-psoe-denuncia-la-deriva-de-despilfarro-del-equipo-de-gobierno-en-ponferrada-y-alerta-de-un-inminente-plan-de-ajuste\/#article\",\"isPartOf\":{\"@id\":\"https:\/\/agrupacionespsoe.es\/ponferrada\/el-psoe-denuncia-la-deriva-de-despilfarro-del-equipo-de-gobierno-en-ponferrada-y-alerta-de-un-inminente-plan-de-ajuste\/\"},\"author\":{\"name\":\"ponferrada2\",\"@id\":\"https:\/\/agrupacionespsoe.es\/ponferrada\/#\/schema\/person\/cd29ee627f3b70c05d415f02596debaa\"},\"headline\":\"El PSOE denuncia la \u201cderiva de despilfarro\u201d del equipo de gobierno en Ponferrada y alerta de un inminente plan de ajuste\",\"datePublished\":\"2025-05-19T10:15:51+00:00\",\"dateModified\":\"2025-05-19T10:15:52+00:00\",\"mainEntityOfPage\":{\"@id\":\"https:\/\/agrupacionespsoe.es\/ponferrada\/el-psoe-denuncia-la-deriva-de-despilfarro-del-equipo-de-gobierno-en-ponferrada-y-alerta-de-un-inminente-plan-de-ajuste\/\"},\"wordCount\":586,\"commentCount\":0,\"publisher\":{\"@id\":\"https:\/\/agrupacionespsoe.es\/ponferrada\/#organization\"},\"image\":{\"@id\":\"https:\/\/agrupacionespsoe.es\/ponferrada\/el-psoe-denuncia-la-deriva-de-despilfarro-del-equipo-de-gobierno-en-ponferrada-y-alerta-de-un-inminente-plan-de-ajuste\/#primaryimage\"},\"thumbnailUrl\":\"https:\/\/agrupacionespsoe.es\/ponferrada\/wp-content\/uploads\/sites\/36\/2025\/05\/WhatsApp-Image-2025-05-19-at-12.12.00.jpeg\",\"articleSection\":[\"ACTUALIDAD\"],\"inLanguage\":\"es\",\"potentialAction\":[{\"@type\":\"CommentAction\",\"name\":\"Comment\",\"target\":[\"https:\/\/agrupacionespsoe.es\/ponferrada\/el-psoe-denuncia-la-deriva-de-despilfarro-del-equipo-de-gobierno-en-ponferrada-y-alerta-de-un-inminente-plan-de-ajuste\/#respond\"]}]},{\"@type\":\"WebPage\",\"@id\":\"https:\/\/agrupacionespsoe.es\/ponferrada\/el-psoe-denuncia-la-deriva-de-despilfarro-del-equipo-de-gobierno-en-ponferrada-y-alerta-de-un-inminente-plan-de-ajuste\/\",\"url\":\"https:\/\/agrupacionespsoe.es\/ponferrada\/el-psoe-denuncia-la-deriva-de-despilfarro-del-equipo-de-gobierno-en-ponferrada-y-alerta-de-un-inminente-plan-de-ajuste\/\",\"name\":\"El PSOE denuncia la \u201cderiva de despilfarro\u201d del equipo de gobierno en Ponferrada y alerta de un inminente plan de ajuste - Agrupaci\u00f3n Socialista de Ponferrada\",\"isPartOf\":{\"@id\":\"https:\/\/agrupacionespsoe.es\/ponferrada\/#website\"},\"primaryImageOfPage\":{\"@id\":\"https:\/\/agrupacionespsoe.es\/ponferrada\/el-psoe-denuncia-la-deriva-de-despilfarro-del-equipo-de-gobierno-en-ponferrada-y-alerta-de-un-inminente-plan-de-ajuste\/#primaryimage\"},\"image\":{\"@id\":\"https:\/\/agrupacionespsoe.es\/ponferrada\/el-psoe-denuncia-la-deriva-de-despilfarro-del-equipo-de-gobierno-en-ponferrada-y-alerta-de-un-inminente-plan-de-ajuste\/#primaryimage\"},\"thumbnailUrl\":\"https:\/\/agrupacionespsoe.es\/ponferrada\/wp-content\/uploads\/sites\/36\/2025\/05\/WhatsApp-Image-2025-05-19-at-12.12.00.jpeg\",\"datePublished\":\"2025-05-19T10:15:51+00:00\",\"dateModified\":\"2025-05-19T10:15:52+00:00\",\"breadcrumb\":{\"@id\":\"https:\/\/agrupacionespsoe.es\/ponferrada\/el-psoe-denuncia-la-deriva-de-despilfarro-del-equipo-de-gobierno-en-ponferrada-y-alerta-de-un-inminente-plan-de-ajuste\/#breadcrumb\"},\"inLanguage\":\"es\",\"potentialAction\":[{\"@type\":\"ReadAction\",\"target\":[\"https:\/\/agrupacionespsoe.es\/ponferrada\/el-psoe-denuncia-la-deriva-de-despilfarro-del-equipo-de-gobierno-en-ponferrada-y-alerta-de-un-inminente-plan-de-ajuste\/\"]}]},{\"@type\":\"ImageObject\",\"inLanguage\":\"es\",\"@id\":\"https:\/\/agrupacionespsoe.es\/ponferrada\/el-psoe-denuncia-la-deriva-de-despilfarro-del-equipo-de-gobierno-en-ponferrada-y-alerta-de-un-inminente-plan-de-ajuste\/#primaryimage\",\"url\":\"https:\/\/agrupacionespsoe.es\/ponferrada\/wp-content\/uploads\/sites\/36\/2025\/05\/WhatsApp-Image-2025-05-19-at-12.12.00.jpeg\",\"contentUrl\":\"https:\/\/agrupacionespsoe.es\/ponferrada\/wp-content\/uploads\/sites\/36\/2025\/05\/WhatsApp-Image-2025-05-19-at-12.12.00.jpeg\",\"width\":1600,\"height\":1200},{\"@type\":\"BreadcrumbList\",\"@id\":\"https:\/\/agrupacionespsoe.es\/ponferrada\/el-psoe-denuncia-la-deriva-de-despilfarro-del-equipo-de-gobierno-en-ponferrada-y-alerta-de-un-inminente-plan-de-ajuste\/#breadcrumb\",\"itemListElement\":[{\"@type\":\"ListItem\",\"position\":1,\"name\":\"Portada\",\"item\":\"https:\/\/agrupacionespsoe.es\/ponferrada\/\"},{\"@type\":\"ListItem\",\"position\":2,\"name\":\"El PSOE denuncia la \u201cderiva de despilfarro\u201d del equipo de gobierno en Ponferrada y alerta de un inminente plan de ajuste\"}]},{\"@type\":\"WebSite\",\"@id\":\"https:\/\/agrupacionespsoe.es\/ponferrada\/#website\",\"url\":\"https:\/\/agrupacionespsoe.es\/ponferrada\/\",\"name\":\"Agrupaci\u00f3n Socialista de Ponferrada\",\"description\":\"Agrupaci\u00f3n Socialista de Ponferrada\",\"publisher\":{\"@id\":\"https:\/\/agrupacionespsoe.es\/ponferrada\/#organization\"},\"potentialAction\":[{\"@type\":\"SearchAction\",\"target\":{\"@type\":\"EntryPoint\",\"urlTemplate\":\"https:\/\/agrupacionespsoe.es\/ponferrada\/?s={search_term_string}\"},\"query-input\":{\"@type\":\"PropertyValueSpecification\",\"valueRequired\":true,\"valueName\":\"search_term_string\"}}],\"inLanguage\":\"es\"},{\"@type\":\"Organization\",\"@id\":\"https:\/\/agrupacionespsoe.es\/ponferrada\/#organization\",\"name\":\"Agrupaci\u00f3n Socialista de Ponferrada\",\"url\":\"https:\/\/agrupacionespsoe.es\/ponferrada\/\",\"logo\":{\"@type\":\"ImageObject\",\"inLanguage\":\"es\",\"@id\":\"https:\/\/agrupacionespsoe.es\/ponferrada\/#\/schema\/logo\/image\/\",\"url\":\"https:\/\/agrupacionespsoe.es\/wp-content\/uploads\/2022\/07\/Logotipo_electoral_del_PSOE.png\",\"contentUrl\":\"https:\/\/agrupacionespsoe.es\/wp-content\/uploads\/2022\/07\/Logotipo_electoral_del_PSOE.png\",\"width\":422,\"height\":422,\"caption\":\"Agrupaci\u00f3n Socialista de Ponferrada\"},\"image\":{\"@id\":\"https:\/\/agrupacionespsoe.es\/ponferrada\/#\/schema\/logo\/image\/\"}},{\"@type\":\"Person\",\"@id\":\"https:\/\/agrupacionespsoe.es\/ponferrada\/#\/schema\/person\/cd29ee627f3b70c05d415f02596debaa\",\"name\":\"ponferrada2\",\"image\":{\"@type\":\"ImageObject\",\"inLanguage\":\"es\",\"@id\":\"https:\/\/agrupacionespsoe.es\/ponferrada\/#\/schema\/person\/image\/\",\"url\":\"https:\/\/secure.gravatar.com\/avatar\/f499eeb60144c664cf7b7edf75549b50?s=96&d=mm&r=g\",\"contentUrl\":\"https:\/\/secure.gravatar.com\/avatar\/f499eeb60144c664cf7b7edf75549b50?s=96&d=mm&r=g\",\"caption\":\"ponferrada2\"},\"url\":\"https:\/\/agrupacionespsoe.es\/ponferrada\/author\/ponferrada2\/\"}]}<\/script>\n<!-- \/ Yoast SEO plugin. -->","yoast_head_json":{"title":"El PSOE denuncia la \u201cderiva de despilfarro\u201d del equipo de gobierno en Ponferrada y alerta de un inminente plan de ajuste - Agrupaci\u00f3n Socialista de Ponferrada","robots":{"index":"index","follow":"follow","max-snippet":"max-snippet:-1","max-image-preview":"max-image-preview:large","max-video-preview":"max-video-preview:-1"},"canonical":"https:\/\/agrupacionespsoe.es\/ponferrada\/el-psoe-denuncia-la-deriva-de-despilfarro-del-equipo-de-gobierno-en-ponferrada-y-alerta-de-un-inminente-plan-de-ajuste\/","og_locale":"es_ES","og_type":"article","og_title":"El PSOE denuncia la \u201cderiva de despilfarro\u201d del equipo de gobierno en Ponferrada y alerta de un inminente plan de ajuste - Agrupaci\u00f3n Socialista de Ponferrada","og_description":"El PSOE denuncia el gasto obsceno del actual equipo de gobierno Ponferrada, 19 de mayo. El portavoz del PSOE en el Ayuntamiento de Ponferrada, Olegario Ram\u00f3n, y la exconcejala de Hacienda, Mabel Fern\u00e1ndez, han denunciado en rueda de prensa la \u00abgrave situaci\u00f3n econ\u00f3mica\u00bb en la que se encuentra el municipio, tras lo que calificaron como ...","og_url":"https:\/\/agrupacionespsoe.es\/ponferrada\/el-psoe-denuncia-la-deriva-de-despilfarro-del-equipo-de-gobierno-en-ponferrada-y-alerta-de-un-inminente-plan-de-ajuste\/","og_site_name":"Agrupaci\u00f3n Socialista de Ponferrada","article_published_time":"2025-05-19T10:15:51+00:00","article_modified_time":"2025-05-19T10:15:52+00:00","og_image":[{"width":1600,"height":1200,"url":"https:\/\/agrupacionespsoe.es\/ponferrada\/wp-content\/uploads\/sites\/36\/2025\/05\/WhatsApp-Image-2025-05-19-at-12.12.00.jpeg","type":"image\/jpeg"}],"author":"ponferrada2","twitter_card":"summary_large_image","twitter_misc":{"Escrito por":"ponferrada2","Tiempo de lectura":"3 minutos"},"schema":{"@context":"https:\/\/schema.org","@graph":[{"@type":"Article","@id":"https:\/\/agrupacionespsoe.es\/ponferrada\/el-psoe-denuncia-la-deriva-de-despilfarro-del-equipo-de-gobierno-en-ponferrada-y-alerta-de-un-inminente-plan-de-ajuste\/#article","isPartOf":{"@id":"https:\/\/agrupacionespsoe.es\/ponferrada\/el-psoe-denuncia-la-deriva-de-despilfarro-del-equipo-de-gobierno-en-ponferrada-y-alerta-de-un-inminente-plan-de-ajuste\/"},"author":{"name":"ponferrada2","@id":"https:\/\/agrupacionespsoe.es\/ponferrada\/#\/schema\/person\/cd29ee627f3b70c05d415f02596debaa"},"headline":"El PSOE denuncia la \u201cderiva de despilfarro\u201d del equipo de gobierno en Ponferrada y alerta de un inminente plan de ajuste","datePublished":"2025-05-19T10:15:51+00:00","dateModified":"2025-05-19T10:15:52+00:00","mainEntityOfPage":{"@id":"https:\/\/agrupacionespsoe.es\/ponferrada\/el-psoe-denuncia-la-deriva-de-despilfarro-del-equipo-de-gobierno-en-ponferrada-y-alerta-de-un-inminente-plan-de-ajuste\/"},"wordCount":586,"commentCount":0,"publisher":{"@id":"https:\/\/agrupacionespsoe.es\/ponferrada\/#organization"},"image":{"@id":"https:\/\/agrupacionespsoe.es\/ponferrada\/el-psoe-denuncia-la-deriva-de-despilfarro-del-equipo-de-gobierno-en-ponferrada-y-alerta-de-un-inminente-plan-de-ajuste\/#primaryimage"},"thumbnailUrl":"https:\/\/agrupacionespsoe.es\/ponferrada\/wp-content\/uploads\/sites\/36\/2025\/05\/WhatsApp-Image-2025-05-19-at-12.12.00.jpeg","articleSection":["ACTUALIDAD"],"inLanguage":"es","potentialAction":[{"@type":"CommentAction","name":"Comment","target":["https:\/\/agrupacionespsoe.es\/ponferrada\/el-psoe-denuncia-la-deriva-de-despilfarro-del-equipo-de-gobierno-en-ponferrada-y-alerta-de-un-inminente-plan-de-ajuste\/#respond"]}]},{"@type":"WebPage","@id":"https:\/\/agrupacionespsoe.es\/ponferrada\/el-psoe-denuncia-la-deriva-de-despilfarro-del-equipo-de-gobierno-en-ponferrada-y-alerta-de-un-inminente-plan-de-ajuste\/","url":"https:\/\/agrupacionespsoe.es\/ponferrada\/el-psoe-denuncia-la-deriva-de-despilfarro-del-equipo-de-gobierno-en-ponferrada-y-alerta-de-un-inminente-plan-de-ajuste\/","name":"El PSOE denuncia la \u201cderiva de despilfarro\u201d del equipo de gobierno en Ponferrada y alerta de un inminente plan de ajuste - Agrupaci\u00f3n Socialista de Ponferrada","isPartOf":{"@id":"https:\/\/agrupacionespsoe.es\/ponferrada\/#website"},"primaryImageOfPage":{"@id":"https:\/\/agrupacionespsoe.es\/ponferrada\/el-psoe-denuncia-la-deriva-de-despilfarro-del-equipo-de-gobierno-en-ponferrada-y-alerta-de-un-inminente-plan-de-ajuste\/#primaryimage"},"image":{"@id":"https:\/\/agrupacionespsoe.es\/ponferrada\/el-psoe-denuncia-la-deriva-de-despilfarro-del-equipo-de-gobierno-en-ponferrada-y-alerta-de-un-inminente-plan-de-ajuste\/#primaryimage"},"thumbnailUrl":"https:\/\/agrupacionespsoe.es\/ponferrada\/wp-content\/uploads\/sites\/36\/2025\/05\/WhatsApp-Image-2025-05-19-at-12.12.00.jpeg","datePublished":"2025-05-19T10:15:51+00:00","dateModified":"2025-05-19T10:15:52+00:00","breadcrumb":{"@id":"https:\/\/agrupacionespsoe.es\/ponferrada\/el-psoe-denuncia-la-deriva-de-despilfarro-del-equipo-de-gobierno-en-ponferrada-y-alerta-de-un-inminente-plan-de-ajuste\/#breadcrumb"},"inLanguage":"es","potentialAction":[{"@type":"ReadAction","target":["https:\/\/agrupacionespsoe.es\/ponferrada\/el-psoe-denuncia-la-deriva-de-despilfarro-del-equipo-de-gobierno-en-ponferrada-y-alerta-de-un-inminente-plan-de-ajuste\/"]}]},{"@type":"ImageObject","inLanguage":"es","@id":"https:\/\/agrupacionespsoe.es\/ponferrada\/el-psoe-denuncia-la-deriva-de-despilfarro-del-equipo-de-gobierno-en-ponferrada-y-alerta-de-un-inminente-plan-de-ajuste\/#primaryimage","url":"https:\/\/agrupacionespsoe.es\/ponferrada\/wp-content\/uploads\/sites\/36\/2025\/05\/WhatsApp-Image-2025-05-19-at-12.12.00.jpeg","contentUrl":"https:\/\/agrupacionespsoe.es\/ponferrada\/wp-content\/uploads\/sites\/36\/2025\/05\/WhatsApp-Image-2025-05-19-at-12.12.00.jpeg","width":1600,"height":1200},{"@type":"BreadcrumbList","@id":"https:\/\/agrupacionespsoe.es\/ponferrada\/el-psoe-denuncia-la-deriva-de-despilfarro-del-equipo-de-gobierno-en-ponferrada-y-alerta-de-un-inminente-plan-de-ajuste\/#breadcrumb","itemListElement":[{"@type":"ListItem","position":1,"name":"Portada","item":"https:\/\/agrupacionespsoe.es\/ponferrada\/"},{"@type":"ListItem","position":2,"name":"El PSOE denuncia la \u201cderiva de despilfarro\u201d del equipo de gobierno en Ponferrada y alerta de un inminente plan de ajuste"}]},{"@type":"WebSite","@id":"https:\/\/agrupacionespsoe.es\/ponferrada\/#website","url":"https:\/\/agrupacionespsoe.es\/ponferrada\/","name":"Agrupaci\u00f3n Socialista de Ponferrada","description":"Agrupaci\u00f3n Socialista de Ponferrada","publisher":{"@id":"https:\/\/agrupacionespsoe.es\/ponferrada\/#organization"},"potentialAction":[{"@type":"SearchAction","target":{"@type":"EntryPoint","urlTemplate":"https:\/\/agrupacionespsoe.es\/ponferrada\/?s={search_term_string}"},"query-input":{"@type":"PropertyValueSpecification","valueRequired":true,"valueName":"search_term_string"}}],"inLanguage":"es"},{"@type":"Organization","@id":"https:\/\/agrupacionespsoe.es\/ponferrada\/#organization","name":"Agrupaci\u00f3n Socialista de Ponferrada","url":"https:\/\/agrupacionespsoe.es\/ponferrada\/","logo":{"@type":"ImageObject","inLanguage":"es","@id":"https:\/\/agrupacionespsoe.es\/ponferrada\/#\/schema\/logo\/image\/","url":"https:\/\/agrupacionespsoe.es\/wp-content\/uploads\/2022\/07\/Logotipo_electoral_del_PSOE.png","contentUrl":"https:\/\/agrupacionespsoe.es\/wp-content\/uploads\/2022\/07\/Logotipo_electoral_del_PSOE.png","width":422,"height":422,"caption":"Agrupaci\u00f3n Socialista de Ponferrada"},"image":{"@id":"https:\/\/agrupacionespsoe.es\/ponferrada\/#\/schema\/logo\/image\/"}},{"@type":"Person","@id":"https:\/\/agrupacionespsoe.es\/ponferrada\/#\/schema\/person\/cd29ee627f3b70c05d415f02596debaa","name":"ponferrada2","image":{"@type":"ImageObject","inLanguage":"es","@id":"https:\/\/agrupacionespsoe.es\/ponferrada\/#\/schema\/person\/image\/","url":"https:\/\/secure.gravatar.com\/avatar\/f499eeb60144c664cf7b7edf75549b50?s=96&d=mm&r=g","contentUrl":"https:\/\/secure.gravatar.com\/avatar\/f499eeb60144c664cf7b7edf75549b50?s=96&d=mm&r=g","caption":"ponferrada2"},"url":"https:\/\/agrupacionespsoe.es\/ponferrada\/author\/ponferrada2\/"}]}},"jetpack_featured_media_url":"https:\/\/agrupacionespsoe.es\/ponferrada\/wp-content\/uploads\/sites\/36\/2025\/05\/WhatsApp-Image-2025-05-19-at-12.12.00.jpeg","jetpack_sharing_enabled":true,"_links":{"self":[{"href":"https:\/\/agrupacionespsoe.es\/ponferrada\/wp-json\/wp\/v2\/posts\/914","targetHints":{"allow":["GET"]}}],"collection":[{"href":"https:\/\/agrupacionespsoe.es\/ponferrada\/wp-json\/wp\/v2\/posts"}],"about":[{"href":"https:\/\/agrupacionespsoe.es\/ponferrada\/wp-json\/wp\/v2\/types\/post"}],"author":[{"embeddable":true,"href":"https:\/\/agrupacionespsoe.es\/ponferrada\/wp-json\/wp\/v2\/users\/32"}],"replies":[{"embeddable":true,"href":"https:\/\/agrupacionespsoe.es\/ponferrada\/wp-json\/wp\/v2\/comments?post=914"}],"version-history":[{"count":2,"href":"https:\/\/agrupacionespsoe.es\/ponferrada\/wp-json\/wp\/v2\/posts\/914\/revisions"}],"predecessor-version":[{"id":917,"href":"https:\/\/agrupacionespsoe.es\/ponferrada\/wp-json\/wp\/v2\/posts\/914\/revisions\/917"}],"wp:featuredmedia":[{"embeddable":true,"href":"https:\/\/agrupacionespsoe.es\/ponferrada\/wp-json\/wp\/v2\/media\/915"}],"wp:attachment":[{"href":"https:\/\/agrupacionespsoe.es\/ponferrada\/wp-json\/wp\/v2\/media?parent=914"}],"wp:term":[{"taxonomy":"category","embeddable":true,"href":"https:\/\/agrupacionespsoe.es\/ponferrada\/wp-json\/wp\/v2\/categories?post=914"},{"taxonomy":"post_tag","embeddable":true,"href":"https:\/\/agrupacionespsoe.es\/ponferrada\/wp-json\/wp\/v2\/tags?post=914"}],"curies":[{"name":"wp","href":"https:\/\/api.w.org\/{rel}","templated":true}]}}