{"id":902,"date":"2025-05-12T14:34:14","date_gmt":"2025-05-12T14:34:14","guid":{"rendered":"https:\/\/agrupacionespsoe.es\/ponferrada\/?p=902"},"modified":"2025-05-21T11:31:59","modified_gmt":"2025-05-21T11:31:59","slug":"157-58990-euros-para-una-semana-de-la-moda-con-mas-fiesta-que-repercusion","status":"publish","type":"post","link":"https:\/\/agrupacionespsoe.es\/ponferrada\/157-58990-euros-para-una-semana-de-la-moda-con-mas-fiesta-que-repercusion\/","title":{"rendered":"\u00abM\u00e1s de 150.000 euros para una Semana de la Moda con m\u00e1s fiesta que repercusi\u00f3n\u00bb"},"content":{"rendered":"\n<p>El Grupo Municipal Socialista de Ponferrada ha querido denunciar el elevado coste que ha supuesto la organizaci\u00f3n de la reciente Semana de la Moda en la ciudad, cifrado en casi 155.000 euros. Una inversi\u00f3n que, a juicio del PSOE, contrasta fuertemente con el escaso impacto y la muy poca repercusi\u00f3n nacional que ha tenido el evento.<br><\/p>\n\n\n\n<p>Para el portavoz del GMS, Olegario Ram\u00f3n, resulta cuestionable que se destine una cantidad tan elevada a un evento cuya repercusi\u00f3n real para Ponferrada ha sido m\u00ednima, tanto en medios de comunicaci\u00f3n como en atracci\u00f3n tur\u00edstica o impacto econ\u00f3mico. La mayor repercusi\u00f3n que ha tenido \u201cLa Semana de la Moda en medios nacionales ha sido que el ultraderechista Santiago Abascal ha estado de fiesta en el Castillo de Ponferrada, fiesta abonada por todas las ponferradinas y ponferradinos. Eso y las im\u00e1genes de una fiesta desmedida poco compatible con el obligado cuidado que se ha de tener de nuestro BIC.<\/p>\n\n\n\n<p><br>Seg\u00fan ha podido conocer el grupo socialista, a trav\u00e9s de la publicaci\u00f3n de los contratos menores del primer trimestre de este a\u00f1o, los gastos se han gestionado a trav\u00e9s de contratos menores, un procedimiento que permite al Ayuntamiento contratar de forma directa sin concurrencia p\u00fablica. De la cantidad contratada, casi el 40% del importe total ha ido a parar a empresas o empresarios de fuera del Bierzo, y hasta de fuera de nuestra Comunidad Auton\u00f3mica, algo que choca frontalmente con los discursos sobre el apoyo al comercio y talento local que tanto dice defender el concejal de comercio y el resto de este equipo de gobierno.<br><\/p>\n\n\n\n<p>\u201cEste equipo de gobierno y en concreto Coalici\u00f3n por el Bierzo manejan un concepto muy extra\u00f1o de &#8216;apoyo al comercio local&#8217;, porque casi la mitad del dinero acab\u00f3 fuera\u201d, se\u00f1ala Olegario Ram\u00f3n.<br><\/p>\n\n\n\n<p>A juicio del PSOE una idea que parec\u00eda buena ha acabado siendo otro de los derroches a los que nos tienen acostumbrados este equipo de gobierno. \u201cOtro derroche que a nuestro juicio no ha logrado un retorno econ\u00f3mico ni de imagen significativo para la ciudad, parece que el dinero p\u00fablico se utiliza para eventos que parecen m\u00e1s enfocados al lucimiento personal de alg\u00fan concejal que al verdadero impulso del sector de la moda o la cultura local\u201d, ha lamentado Olegario Ram\u00f3n el portavoz del GMS. De los gastos realizados 41.207,75 euros se corresponden con alojamientos, viajes y comidas.<\/p>\n\n\n\n<p>Por todo ello, el Grupo Municipal Socialista pide al equipo de gobierno que frene la pol\u00edtica de dispendios que practica, que antes de dilapidar m\u00e1s de 157.000 euros piense cu\u00e1l va a ser el retorno real que justifique este gasto, y por qu\u00e9 no se prioriz\u00f3 a los profesionales del Bierzo.<br>\u201cEstamos ante un nuevo ejemplo de gesti\u00f3n opaca y despilfarradora que no responde ni a las necesidades de Ponferrada ni al inter\u00e9s general, que vuelve a utilizar de manera abusiva los contratos menores como mecanismo de contrataci\u00f3n\u201d, concluyen el Portavoz socialista.<br><\/p>\n\n\n\n<p>Para finalizar, Olegario Ram\u00f3n ha se\u00f1alado que \u201cPonferrada necesita pol\u00edticas culturales y de promoci\u00f3n econ\u00f3mica que generen valor, identidad y oportunidades reales para sus ciudadanos, no campa\u00f1as publicitarias vac\u00edas y caras. Estamos ante un nuevo episodio de gesti\u00f3n fr\u00edvola, alejada de las prioridades de la ciudadan\u00eda y centrada en alimentar egos de algunos concejales del equipo de gobierno.<\/p>\n\n\n\n<figure class=\"wp-block-embed is-type-video is-provider-youtube wp-block-embed-youtube wp-embed-aspect-4-3 wp-has-aspect-ratio\"><div class=\"wp-block-embed__wrapper\">\n<iframe loading=\"lazy\" title=\"Gastos I Semana de la Moda, Ponferrada\" width=\"500\" height=\"375\" src=\"https:\/\/www.youtube.com\/embed\/dLg8UNqhbZA?feature=oembed\" frameborder=\"0\" allow=\"accelerometer; autoplay; clipboard-write; encrypted-media; gyroscope; picture-in-picture; web-share\" referrerpolicy=\"strict-origin-when-cross-origin\" allowfullscreen><\/iframe>\n<\/div><\/figure>\n","protected":false},"excerpt":{"rendered":"<p>El Grupo Municipal Socialista de Ponferrada ha querido denunciar el elevado coste que ha supuesto la organizaci\u00f3n de la reciente Semana de la Moda en la ciudad, cifrado en casi 155.000 euros. Una inversi\u00f3n que, a juicio del PSOE, contrasta fuertemente con el escaso impacto y la muy poca repercusi\u00f3n nacional que ha tenido el &#8230;<\/p>\n","protected":false},"author":32,"featured_media":846,"comment_status":"open","ping_status":"open","sticky":false,"template":"","format":"standard","meta":{"_jetpack_memberships_contains_paid_content":false,"footnotes":""},"categories":[6],"tags":[],"class_list":["post-902","post","type-post","status-publish","format-standard","has-post-thumbnail","hentry","category-actualidad"],"yoast_head":"<!-- This site is optimized with the Yoast SEO plugin v24.0 - https:\/\/yoast.com\/wordpress\/plugins\/seo\/ -->\n<title>&quot;M\u00e1s de 150.000 euros para una Semana de la Moda con m\u00e1s fiesta que repercusi\u00f3n&quot; - Agrupaci\u00f3n Socialista de Ponferrada<\/title>\n<meta name=\"robots\" content=\"index, follow, max-snippet:-1, max-image-preview:large, max-video-preview:-1\" \/>\n<link rel=\"canonical\" href=\"https:\/\/agrupacionespsoe.es\/ponferrada\/157-58990-euros-para-una-semana-de-la-moda-con-mas-fiesta-que-repercusion\/\" \/>\n<meta property=\"og:locale\" content=\"es_ES\" \/>\n<meta property=\"og:type\" content=\"article\" \/>\n<meta property=\"og:title\" content=\"&quot;M\u00e1s de 150.000 euros para una Semana de la Moda con m\u00e1s fiesta que repercusi\u00f3n&quot; - Agrupaci\u00f3n Socialista de Ponferrada\" \/>\n<meta property=\"og:description\" content=\"El Grupo Municipal Socialista de Ponferrada ha querido denunciar el elevado coste que ha supuesto la organizaci\u00f3n de la reciente Semana de la Moda en la ciudad, cifrado en casi 155.000 euros. Una inversi\u00f3n que, a juicio del PSOE, contrasta fuertemente con el escaso impacto y la muy poca repercusi\u00f3n nacional que ha tenido el ...\" \/>\n<meta property=\"og:url\" content=\"https:\/\/agrupacionespsoe.es\/ponferrada\/157-58990-euros-para-una-semana-de-la-moda-con-mas-fiesta-que-repercusion\/\" \/>\n<meta property=\"og:site_name\" content=\"Agrupaci\u00f3n Socialista de Ponferrada\" \/>\n<meta property=\"article:published_time\" content=\"2025-05-12T14:34:14+00:00\" \/>\n<meta property=\"article:modified_time\" content=\"2025-05-21T11:31:59+00:00\" \/>\n<meta property=\"og:image\" content=\"https:\/\/agrupacionespsoe.es\/ponferrada\/wp-content\/uploads\/sites\/36\/2025\/04\/WhatsApp-Image-2025-04-09-at-10.32.05.jpeg\" \/>\n\t<meta property=\"og:image:width\" content=\"842\" \/>\n\t<meta property=\"og:image:height\" content=\"560\" \/>\n\t<meta property=\"og:image:type\" content=\"image\/jpeg\" \/>\n<meta name=\"author\" content=\"ponferrada2\" \/>\n<meta name=\"twitter:card\" content=\"summary_large_image\" \/>\n<meta name=\"twitter:label1\" content=\"Escrito por\" \/>\n\t<meta name=\"twitter:data1\" content=\"ponferrada2\" \/>\n\t<meta name=\"twitter:label2\" content=\"Tiempo de lectura\" \/>\n\t<meta name=\"twitter:data2\" content=\"3 minutos\" \/>\n<script type=\"application\/ld+json\" class=\"yoast-schema-graph\">{\"@context\":\"https:\/\/schema.org\",\"@graph\":[{\"@type\":\"Article\",\"@id\":\"https:\/\/agrupacionespsoe.es\/ponferrada\/157-58990-euros-para-una-semana-de-la-moda-con-mas-fiesta-que-repercusion\/#article\",\"isPartOf\":{\"@id\":\"https:\/\/agrupacionespsoe.es\/ponferrada\/157-58990-euros-para-una-semana-de-la-moda-con-mas-fiesta-que-repercusion\/\"},\"author\":{\"name\":\"ponferrada2\",\"@id\":\"https:\/\/agrupacionespsoe.es\/ponferrada\/#\/schema\/person\/cd29ee627f3b70c05d415f02596debaa\"},\"headline\":\"\u00abM\u00e1s de 150.000 euros para una Semana de la Moda con m\u00e1s fiesta que repercusi\u00f3n\u00bb\",\"datePublished\":\"2025-05-12T14:34:14+00:00\",\"dateModified\":\"2025-05-21T11:31:59+00:00\",\"mainEntityOfPage\":{\"@id\":\"https:\/\/agrupacionespsoe.es\/ponferrada\/157-58990-euros-para-una-semana-de-la-moda-con-mas-fiesta-que-repercusion\/\"},\"wordCount\":607,\"commentCount\":0,\"publisher\":{\"@id\":\"https:\/\/agrupacionespsoe.es\/ponferrada\/#organization\"},\"image\":{\"@id\":\"https:\/\/agrupacionespsoe.es\/ponferrada\/157-58990-euros-para-una-semana-de-la-moda-con-mas-fiesta-que-repercusion\/#primaryimage\"},\"thumbnailUrl\":\"https:\/\/agrupacionespsoe.es\/ponferrada\/wp-content\/uploads\/sites\/36\/2025\/04\/WhatsApp-Image-2025-04-09-at-10.32.05.jpeg\",\"articleSection\":[\"ACTUALIDAD\"],\"inLanguage\":\"es\",\"potentialAction\":[{\"@type\":\"CommentAction\",\"name\":\"Comment\",\"target\":[\"https:\/\/agrupacionespsoe.es\/ponferrada\/157-58990-euros-para-una-semana-de-la-moda-con-mas-fiesta-que-repercusion\/#respond\"]}]},{\"@type\":\"WebPage\",\"@id\":\"https:\/\/agrupacionespsoe.es\/ponferrada\/157-58990-euros-para-una-semana-de-la-moda-con-mas-fiesta-que-repercusion\/\",\"url\":\"https:\/\/agrupacionespsoe.es\/ponferrada\/157-58990-euros-para-una-semana-de-la-moda-con-mas-fiesta-que-repercusion\/\",\"name\":\"\\\"M\u00e1s de 150.000 euros para una Semana de la Moda con m\u00e1s fiesta que repercusi\u00f3n\\\" - Agrupaci\u00f3n Socialista de Ponferrada\",\"isPartOf\":{\"@id\":\"https:\/\/agrupacionespsoe.es\/ponferrada\/#website\"},\"primaryImageOfPage\":{\"@id\":\"https:\/\/agrupacionespsoe.es\/ponferrada\/157-58990-euros-para-una-semana-de-la-moda-con-mas-fiesta-que-repercusion\/#primaryimage\"},\"image\":{\"@id\":\"https:\/\/agrupacionespsoe.es\/ponferrada\/157-58990-euros-para-una-semana-de-la-moda-con-mas-fiesta-que-repercusion\/#primaryimage\"},\"thumbnailUrl\":\"https:\/\/agrupacionespsoe.es\/ponferrada\/wp-content\/uploads\/sites\/36\/2025\/04\/WhatsApp-Image-2025-04-09-at-10.32.05.jpeg\",\"datePublished\":\"2025-05-12T14:34:14+00:00\",\"dateModified\":\"2025-05-21T11:31:59+00:00\",\"breadcrumb\":{\"@id\":\"https:\/\/agrupacionespsoe.es\/ponferrada\/157-58990-euros-para-una-semana-de-la-moda-con-mas-fiesta-que-repercusion\/#breadcrumb\"},\"inLanguage\":\"es\",\"potentialAction\":[{\"@type\":\"ReadAction\",\"target\":[\"https:\/\/agrupacionespsoe.es\/ponferrada\/157-58990-euros-para-una-semana-de-la-moda-con-mas-fiesta-que-repercusion\/\"]}]},{\"@type\":\"ImageObject\",\"inLanguage\":\"es\",\"@id\":\"https:\/\/agrupacionespsoe.es\/ponferrada\/157-58990-euros-para-una-semana-de-la-moda-con-mas-fiesta-que-repercusion\/#primaryimage\",\"url\":\"https:\/\/agrupacionespsoe.es\/ponferrada\/wp-content\/uploads\/sites\/36\/2025\/04\/WhatsApp-Image-2025-04-09-at-10.32.05.jpeg\",\"contentUrl\":\"https:\/\/agrupacionespsoe.es\/ponferrada\/wp-content\/uploads\/sites\/36\/2025\/04\/WhatsApp-Image-2025-04-09-at-10.32.05.jpeg\",\"width\":842,\"height\":560},{\"@type\":\"BreadcrumbList\",\"@id\":\"https:\/\/agrupacionespsoe.es\/ponferrada\/157-58990-euros-para-una-semana-de-la-moda-con-mas-fiesta-que-repercusion\/#breadcrumb\",\"itemListElement\":[{\"@type\":\"ListItem\",\"position\":1,\"name\":\"Portada\",\"item\":\"https:\/\/agrupacionespsoe.es\/ponferrada\/\"},{\"@type\":\"ListItem\",\"position\":2,\"name\":\"\u00abM\u00e1s de 150.000 euros para una Semana de la Moda con m\u00e1s fiesta que repercusi\u00f3n\u00bb\"}]},{\"@type\":\"WebSite\",\"@id\":\"https:\/\/agrupacionespsoe.es\/ponferrada\/#website\",\"url\":\"https:\/\/agrupacionespsoe.es\/ponferrada\/\",\"name\":\"Agrupaci\u00f3n Socialista de Ponferrada\",\"description\":\"Agrupaci\u00f3n Socialista de Ponferrada\",\"publisher\":{\"@id\":\"https:\/\/agrupacionespsoe.es\/ponferrada\/#organization\"},\"potentialAction\":[{\"@type\":\"SearchAction\",\"target\":{\"@type\":\"EntryPoint\",\"urlTemplate\":\"https:\/\/agrupacionespsoe.es\/ponferrada\/?s={search_term_string}\"},\"query-input\":{\"@type\":\"PropertyValueSpecification\",\"valueRequired\":true,\"valueName\":\"search_term_string\"}}],\"inLanguage\":\"es\"},{\"@type\":\"Organization\",\"@id\":\"https:\/\/agrupacionespsoe.es\/ponferrada\/#organization\",\"name\":\"Agrupaci\u00f3n Socialista de Ponferrada\",\"url\":\"https:\/\/agrupacionespsoe.es\/ponferrada\/\",\"logo\":{\"@type\":\"ImageObject\",\"inLanguage\":\"es\",\"@id\":\"https:\/\/agrupacionespsoe.es\/ponferrada\/#\/schema\/logo\/image\/\",\"url\":\"https:\/\/agrupacionespsoe.es\/wp-content\/uploads\/2022\/07\/Logotipo_electoral_del_PSOE.png\",\"contentUrl\":\"https:\/\/agrupacionespsoe.es\/wp-content\/uploads\/2022\/07\/Logotipo_electoral_del_PSOE.png\",\"width\":422,\"height\":422,\"caption\":\"Agrupaci\u00f3n Socialista de Ponferrada\"},\"image\":{\"@id\":\"https:\/\/agrupacionespsoe.es\/ponferrada\/#\/schema\/logo\/image\/\"}},{\"@type\":\"Person\",\"@id\":\"https:\/\/agrupacionespsoe.es\/ponferrada\/#\/schema\/person\/cd29ee627f3b70c05d415f02596debaa\",\"name\":\"ponferrada2\",\"image\":{\"@type\":\"ImageObject\",\"inLanguage\":\"es\",\"@id\":\"https:\/\/agrupacionespsoe.es\/ponferrada\/#\/schema\/person\/image\/\",\"url\":\"https:\/\/secure.gravatar.com\/avatar\/f499eeb60144c664cf7b7edf75549b50?s=96&d=mm&r=g\",\"contentUrl\":\"https:\/\/secure.gravatar.com\/avatar\/f499eeb60144c664cf7b7edf75549b50?s=96&d=mm&r=g\",\"caption\":\"ponferrada2\"},\"url\":\"https:\/\/agrupacionespsoe.es\/ponferrada\/author\/ponferrada2\/\"}]}<\/script>\n<!-- \/ Yoast SEO plugin. -->","yoast_head_json":{"title":"\"M\u00e1s de 150.000 euros para una Semana de la Moda con m\u00e1s fiesta que repercusi\u00f3n\" - Agrupaci\u00f3n Socialista de Ponferrada","robots":{"index":"index","follow":"follow","max-snippet":"max-snippet:-1","max-image-preview":"max-image-preview:large","max-video-preview":"max-video-preview:-1"},"canonical":"https:\/\/agrupacionespsoe.es\/ponferrada\/157-58990-euros-para-una-semana-de-la-moda-con-mas-fiesta-que-repercusion\/","og_locale":"es_ES","og_type":"article","og_title":"\"M\u00e1s de 150.000 euros para una Semana de la Moda con m\u00e1s fiesta que repercusi\u00f3n\" - Agrupaci\u00f3n Socialista de Ponferrada","og_description":"El Grupo Municipal Socialista de Ponferrada ha querido denunciar el elevado coste que ha supuesto la organizaci\u00f3n de la reciente Semana de la Moda en la ciudad, cifrado en casi 155.000 euros. Una inversi\u00f3n que, a juicio del PSOE, contrasta fuertemente con el escaso impacto y la muy poca repercusi\u00f3n nacional que ha tenido el ...","og_url":"https:\/\/agrupacionespsoe.es\/ponferrada\/157-58990-euros-para-una-semana-de-la-moda-con-mas-fiesta-que-repercusion\/","og_site_name":"Agrupaci\u00f3n Socialista de Ponferrada","article_published_time":"2025-05-12T14:34:14+00:00","article_modified_time":"2025-05-21T11:31:59+00:00","og_image":[{"width":842,"height":560,"url":"https:\/\/agrupacionespsoe.es\/ponferrada\/wp-content\/uploads\/sites\/36\/2025\/04\/WhatsApp-Image-2025-04-09-at-10.32.05.jpeg","type":"image\/jpeg"}],"author":"ponferrada2","twitter_card":"summary_large_image","twitter_misc":{"Escrito por":"ponferrada2","Tiempo de lectura":"3 minutos"},"schema":{"@context":"https:\/\/schema.org","@graph":[{"@type":"Article","@id":"https:\/\/agrupacionespsoe.es\/ponferrada\/157-58990-euros-para-una-semana-de-la-moda-con-mas-fiesta-que-repercusion\/#article","isPartOf":{"@id":"https:\/\/agrupacionespsoe.es\/ponferrada\/157-58990-euros-para-una-semana-de-la-moda-con-mas-fiesta-que-repercusion\/"},"author":{"name":"ponferrada2","@id":"https:\/\/agrupacionespsoe.es\/ponferrada\/#\/schema\/person\/cd29ee627f3b70c05d415f02596debaa"},"headline":"\u00abM\u00e1s de 150.000 euros para una Semana de la Moda con m\u00e1s fiesta que repercusi\u00f3n\u00bb","datePublished":"2025-05-12T14:34:14+00:00","dateModified":"2025-05-21T11:31:59+00:00","mainEntityOfPage":{"@id":"https:\/\/agrupacionespsoe.es\/ponferrada\/157-58990-euros-para-una-semana-de-la-moda-con-mas-fiesta-que-repercusion\/"},"wordCount":607,"commentCount":0,"publisher":{"@id":"https:\/\/agrupacionespsoe.es\/ponferrada\/#organization"},"image":{"@id":"https:\/\/agrupacionespsoe.es\/ponferrada\/157-58990-euros-para-una-semana-de-la-moda-con-mas-fiesta-que-repercusion\/#primaryimage"},"thumbnailUrl":"https:\/\/agrupacionespsoe.es\/ponferrada\/wp-content\/uploads\/sites\/36\/2025\/04\/WhatsApp-Image-2025-04-09-at-10.32.05.jpeg","articleSection":["ACTUALIDAD"],"inLanguage":"es","potentialAction":[{"@type":"CommentAction","name":"Comment","target":["https:\/\/agrupacionespsoe.es\/ponferrada\/157-58990-euros-para-una-semana-de-la-moda-con-mas-fiesta-que-repercusion\/#respond"]}]},{"@type":"WebPage","@id":"https:\/\/agrupacionespsoe.es\/ponferrada\/157-58990-euros-para-una-semana-de-la-moda-con-mas-fiesta-que-repercusion\/","url":"https:\/\/agrupacionespsoe.es\/ponferrada\/157-58990-euros-para-una-semana-de-la-moda-con-mas-fiesta-que-repercusion\/","name":"\"M\u00e1s de 150.000 euros para una Semana de la Moda con m\u00e1s fiesta que repercusi\u00f3n\" - Agrupaci\u00f3n Socialista de Ponferrada","isPartOf":{"@id":"https:\/\/agrupacionespsoe.es\/ponferrada\/#website"},"primaryImageOfPage":{"@id":"https:\/\/agrupacionespsoe.es\/ponferrada\/157-58990-euros-para-una-semana-de-la-moda-con-mas-fiesta-que-repercusion\/#primaryimage"},"image":{"@id":"https:\/\/agrupacionespsoe.es\/ponferrada\/157-58990-euros-para-una-semana-de-la-moda-con-mas-fiesta-que-repercusion\/#primaryimage"},"thumbnailUrl":"https:\/\/agrupacionespsoe.es\/ponferrada\/wp-content\/uploads\/sites\/36\/2025\/04\/WhatsApp-Image-2025-04-09-at-10.32.05.jpeg","datePublished":"2025-05-12T14:34:14+00:00","dateModified":"2025-05-21T11:31:59+00:00","breadcrumb":{"@id":"https:\/\/agrupacionespsoe.es\/ponferrada\/157-58990-euros-para-una-semana-de-la-moda-con-mas-fiesta-que-repercusion\/#breadcrumb"},"inLanguage":"es","potentialAction":[{"@type":"ReadAction","target":["https:\/\/agrupacionespsoe.es\/ponferrada\/157-58990-euros-para-una-semana-de-la-moda-con-mas-fiesta-que-repercusion\/"]}]},{"@type":"ImageObject","inLanguage":"es","@id":"https:\/\/agrupacionespsoe.es\/ponferrada\/157-58990-euros-para-una-semana-de-la-moda-con-mas-fiesta-que-repercusion\/#primaryimage","url":"https:\/\/agrupacionespsoe.es\/ponferrada\/wp-content\/uploads\/sites\/36\/2025\/04\/WhatsApp-Image-2025-04-09-at-10.32.05.jpeg","contentUrl":"https:\/\/agrupacionespsoe.es\/ponferrada\/wp-content\/uploads\/sites\/36\/2025\/04\/WhatsApp-Image-2025-04-09-at-10.32.05.jpeg","width":842,"height":560},{"@type":"BreadcrumbList","@id":"https:\/\/agrupacionespsoe.es\/ponferrada\/157-58990-euros-para-una-semana-de-la-moda-con-mas-fiesta-que-repercusion\/#breadcrumb","itemListElement":[{"@type":"ListItem","position":1,"name":"Portada","item":"https:\/\/agrupacionespsoe.es\/ponferrada\/"},{"@type":"ListItem","position":2,"name":"\u00abM\u00e1s de 150.000 euros para una Semana de la Moda con m\u00e1s fiesta que repercusi\u00f3n\u00bb"}]},{"@type":"WebSite","@id":"https:\/\/agrupacionespsoe.es\/ponferrada\/#website","url":"https:\/\/agrupacionespsoe.es\/ponferrada\/","name":"Agrupaci\u00f3n Socialista de Ponferrada","description":"Agrupaci\u00f3n Socialista de Ponferrada","publisher":{"@id":"https:\/\/agrupacionespsoe.es\/ponferrada\/#organization"},"potentialAction":[{"@type":"SearchAction","target":{"@type":"EntryPoint","urlTemplate":"https:\/\/agrupacionespsoe.es\/ponferrada\/?s={search_term_string}"},"query-input":{"@type":"PropertyValueSpecification","valueRequired":true,"valueName":"search_term_string"}}],"inLanguage":"es"},{"@type":"Organization","@id":"https:\/\/agrupacionespsoe.es\/ponferrada\/#organization","name":"Agrupaci\u00f3n Socialista de Ponferrada","url":"https:\/\/agrupacionespsoe.es\/ponferrada\/","logo":{"@type":"ImageObject","inLanguage":"es","@id":"https:\/\/agrupacionespsoe.es\/ponferrada\/#\/schema\/logo\/image\/","url":"https:\/\/agrupacionespsoe.es\/wp-content\/uploads\/2022\/07\/Logotipo_electoral_del_PSOE.png","contentUrl":"https:\/\/agrupacionespsoe.es\/wp-content\/uploads\/2022\/07\/Logotipo_electoral_del_PSOE.png","width":422,"height":422,"caption":"Agrupaci\u00f3n Socialista de Ponferrada"},"image":{"@id":"https:\/\/agrupacionespsoe.es\/ponferrada\/#\/schema\/logo\/image\/"}},{"@type":"Person","@id":"https:\/\/agrupacionespsoe.es\/ponferrada\/#\/schema\/person\/cd29ee627f3b70c05d415f02596debaa","name":"ponferrada2","image":{"@type":"ImageObject","inLanguage":"es","@id":"https:\/\/agrupacionespsoe.es\/ponferrada\/#\/schema\/person\/image\/","url":"https:\/\/secure.gravatar.com\/avatar\/f499eeb60144c664cf7b7edf75549b50?s=96&d=mm&r=g","contentUrl":"https:\/\/secure.gravatar.com\/avatar\/f499eeb60144c664cf7b7edf75549b50?s=96&d=mm&r=g","caption":"ponferrada2"},"url":"https:\/\/agrupacionespsoe.es\/ponferrada\/author\/ponferrada2\/"}]}},"jetpack_featured_media_url":"https:\/\/agrupacionespsoe.es\/ponferrada\/wp-content\/uploads\/sites\/36\/2025\/04\/WhatsApp-Image-2025-04-09-at-10.32.05.jpeg","jetpack_sharing_enabled":true,"_links":{"self":[{"href":"https:\/\/agrupacionespsoe.es\/ponferrada\/wp-json\/wp\/v2\/posts\/902","targetHints":{"allow":["GET"]}}],"collection":[{"href":"https:\/\/agrupacionespsoe.es\/ponferrada\/wp-json\/wp\/v2\/posts"}],"about":[{"href":"https:\/\/agrupacionespsoe.es\/ponferrada\/wp-json\/wp\/v2\/types\/post"}],"author":[{"embeddable":true,"href":"https:\/\/agrupacionespsoe.es\/ponferrada\/wp-json\/wp\/v2\/users\/32"}],"replies":[{"embeddable":true,"href":"https:\/\/agrupacionespsoe.es\/ponferrada\/wp-json\/wp\/v2\/comments?post=902"}],"version-history":[{"count":7,"href":"https:\/\/agrupacionespsoe.es\/ponferrada\/wp-json\/wp\/v2\/posts\/902\/revisions"}],"predecessor-version":[{"id":922,"href":"https:\/\/agrupacionespsoe.es\/ponferrada\/wp-json\/wp\/v2\/posts\/902\/revisions\/922"}],"wp:featuredmedia":[{"embeddable":true,"href":"https:\/\/agrupacionespsoe.es\/ponferrada\/wp-json\/wp\/v2\/media\/846"}],"wp:attachment":[{"href":"https:\/\/agrupacionespsoe.es\/ponferrada\/wp-json\/wp\/v2\/media?parent=902"}],"wp:term":[{"taxonomy":"category","embeddable":true,"href":"https:\/\/agrupacionespsoe.es\/ponferrada\/wp-json\/wp\/v2\/categories?post=902"},{"taxonomy":"post_tag","embeddable":true,"href":"https:\/\/agrupacionespsoe.es\/ponferrada\/wp-json\/wp\/v2\/tags?post=902"}],"curies":[{"name":"wp","href":"https:\/\/api.w.org\/{rel}","templated":true}]}}