{"id":895,"date":"2025-05-09T11:46:03","date_gmt":"2025-05-09T11:46:03","guid":{"rendered":"https:\/\/agrupacionespsoe.es\/ponferrada\/?p=895"},"modified":"2025-05-09T11:50:18","modified_gmt":"2025-05-09T11:50:18","slug":"el-psoe-presenta-el-recurso-contra-la-venta-del-solar-del-antiguo-cuartel-de-la-guardia-civil-para-proteger-el-patrimonio-de-toda-la-ciudadania","status":"publish","type":"post","link":"https:\/\/agrupacionespsoe.es\/ponferrada\/el-psoe-presenta-el-recurso-contra-la-venta-del-solar-del-antiguo-cuartel-de-la-guardia-civil-para-proteger-el-patrimonio-de-toda-la-ciudadania\/","title":{"rendered":"El PSOE presenta el recurso contra la venta del solar del antiguo cuartel de la Guardia Civil para proteger el patrimonio de toda la ciudadan\u00eda"},"content":{"rendered":"\n<p>El Grupo Municipal Socialista ha presentado hoy un recurso contencioso-administrativo contra la venta del solar del antiguo cuartel de la Guardia Civil. El portavoz del grupo, Olegario Ram\u00f3n, ha denunciado que la operaci\u00f3n no solo es jur\u00eddicamente discutible, sino que representa una \u201cactuaci\u00f3n despreciable desde el punto de vista \u00e9tico\u201d y es \u201cmalvender el patrimonio que pertenece a toda la ciudadan\u00eda\u201d.<\/p>\n\n\n\n<p>\u201cEn el d\u00eda de hoy hemos presentado el recurso porque creemos que existen razonamientos jur\u00eddicos relevantes para anular esta venta. Siempre hemos dicho que, adem\u00e1s de ser jur\u00eddicamente cuestionable, es una actuaci\u00f3n \u00e9ticamente inaceptable\u201d, ha declarado Ram\u00f3n. \u201cEstamos hablando de un solar p\u00fablico que se ha vendido por debajo de su valor, algo que nunca har\u00eda ning\u00fan particular con su propio patrimonio. Estamos seguros de que el se\u00f1or Alcalde no vender\u00eda su vivienda por la mitad del precio de mercado, pero eso es lo que ha hecho con un bien que es de todos\u201d, ha a\u00f1adido.<\/p>\n\n\n\n<p>Desde el PSOE subrayan que el solar actualmente es utilizado por la ciudadan\u00eda como aparcamiento en el centro de Ponferrada, cumpliendo una funci\u00f3n clara de servicio p\u00fablico. Esta decisi\u00f3n no responde al inter\u00e9s general, sino a una necesidad de obtenci\u00f3n de fondos para continuar con su pol\u00edtica de derroches.<\/p>\n\n\n\n<p>Para el PSOE presentar este recurso es actuar con responsabilidad y coherencia, defendiendo lo que es de todos frente a decisiones que benefician a unos pocos. El patrimonio p\u00fablico no se vende: se cuida y se protege.<\/p>\n\n\n\n<figure class=\"wp-block-image size-large\"><img loading=\"lazy\" decoding=\"async\" width=\"1024\" height=\"744\" src=\"https:\/\/agrupacionespsoe.es\/ponferrada\/wp-content\/uploads\/sites\/36\/2025\/05\/WhatsApp-Image-2025-05-09-at-13.44.46-1024x744.jpeg\" alt=\"\" class=\"wp-image-896\" srcset=\"https:\/\/agrupacionespsoe.es\/ponferrada\/wp-content\/uploads\/sites\/36\/2025\/05\/WhatsApp-Image-2025-05-09-at-13.44.46-1024x744.jpeg 1024w, https:\/\/agrupacionespsoe.es\/ponferrada\/wp-content\/uploads\/sites\/36\/2025\/05\/WhatsApp-Image-2025-05-09-at-13.44.46-300x218.jpeg 300w, https:\/\/agrupacionespsoe.es\/ponferrada\/wp-content\/uploads\/sites\/36\/2025\/05\/WhatsApp-Image-2025-05-09-at-13.44.46-768x558.jpeg 768w, https:\/\/agrupacionespsoe.es\/ponferrada\/wp-content\/uploads\/sites\/36\/2025\/05\/WhatsApp-Image-2025-05-09-at-13.44.46-1536x1116.jpeg 1536w, https:\/\/agrupacionespsoe.es\/ponferrada\/wp-content\/uploads\/sites\/36\/2025\/05\/WhatsApp-Image-2025-05-09-at-13.44.46.jpeg 1600w\" sizes=\"auto, (max-width: 1024px) 100vw, 1024px\" \/><\/figure>\n\n\n\n<figure class=\"wp-block-embed is-type-video is-provider-youtube wp-block-embed-youtube wp-embed-aspect-16-9 wp-has-aspect-ratio\"><div class=\"wp-block-embed__wrapper\">\n<iframe loading=\"lazy\" title=\"El PSOE,presenta el recurso contencioso administrativo contra la venta del solar del antiguo cuartel\" width=\"500\" height=\"281\" src=\"https:\/\/www.youtube.com\/embed\/Q8vnX9Aqr58?feature=oembed\" frameborder=\"0\" allow=\"accelerometer; autoplay; clipboard-write; encrypted-media; gyroscope; picture-in-picture; web-share\" referrerpolicy=\"strict-origin-when-cross-origin\" allowfullscreen><\/iframe>\n<\/div><\/figure>\n\n\n\n<p><\/p>\n","protected":false},"excerpt":{"rendered":"<p>El Grupo Municipal Socialista ha presentado hoy un recurso contencioso-administrativo contra la venta del solar del antiguo cuartel de la Guardia Civil. El portavoz del grupo, Olegario Ram\u00f3n, ha denunciado que la operaci\u00f3n no solo es jur\u00eddicamente discutible, sino que representa una \u201cactuaci\u00f3n despreciable desde el punto de vista \u00e9tico\u201d y es \u201cmalvender el patrimonio &#8230;<\/p>\n","protected":false},"author":32,"featured_media":896,"comment_status":"open","ping_status":"open","sticky":false,"template":"","format":"standard","meta":{"_jetpack_memberships_contains_paid_content":false,"footnotes":""},"categories":[6],"tags":[],"class_list":["post-895","post","type-post","status-publish","format-standard","has-post-thumbnail","hentry","category-actualidad"],"yoast_head":"<!-- This site is optimized with the Yoast SEO plugin v24.0 - https:\/\/yoast.com\/wordpress\/plugins\/seo\/ -->\n<title>El PSOE presenta el recurso contra la venta del solar del antiguo cuartel de la Guardia Civil para proteger el patrimonio de toda la ciudadan\u00eda - Agrupaci\u00f3n Socialista de Ponferrada<\/title>\n<meta name=\"robots\" content=\"index, follow, max-snippet:-1, max-image-preview:large, max-video-preview:-1\" \/>\n<link rel=\"canonical\" href=\"https:\/\/agrupacionespsoe.es\/ponferrada\/el-psoe-presenta-el-recurso-contra-la-venta-del-solar-del-antiguo-cuartel-de-la-guardia-civil-para-proteger-el-patrimonio-de-toda-la-ciudadania\/\" \/>\n<meta property=\"og:locale\" content=\"es_ES\" \/>\n<meta property=\"og:type\" content=\"article\" \/>\n<meta property=\"og:title\" content=\"El PSOE presenta el recurso contra la venta del solar del antiguo cuartel de la Guardia Civil para proteger el patrimonio de toda la ciudadan\u00eda - Agrupaci\u00f3n Socialista de Ponferrada\" \/>\n<meta property=\"og:description\" content=\"El Grupo Municipal Socialista ha presentado hoy un recurso contencioso-administrativo contra la venta del solar del antiguo cuartel de la Guardia Civil. El portavoz del grupo, Olegario Ram\u00f3n, ha denunciado que la operaci\u00f3n no solo es jur\u00eddicamente discutible, sino que representa una \u201cactuaci\u00f3n despreciable desde el punto de vista \u00e9tico\u201d y es \u201cmalvender el patrimonio ...\" \/>\n<meta property=\"og:url\" content=\"https:\/\/agrupacionespsoe.es\/ponferrada\/el-psoe-presenta-el-recurso-contra-la-venta-del-solar-del-antiguo-cuartel-de-la-guardia-civil-para-proteger-el-patrimonio-de-toda-la-ciudadania\/\" \/>\n<meta property=\"og:site_name\" content=\"Agrupaci\u00f3n Socialista de Ponferrada\" \/>\n<meta property=\"article:published_time\" content=\"2025-05-09T11:46:03+00:00\" \/>\n<meta property=\"article:modified_time\" content=\"2025-05-09T11:50:18+00:00\" \/>\n<meta property=\"og:image\" content=\"https:\/\/agrupacionespsoe.es\/ponferrada\/wp-content\/uploads\/sites\/36\/2025\/05\/WhatsApp-Image-2025-05-09-at-13.44.46.jpeg\" \/>\n\t<meta property=\"og:image:width\" content=\"1600\" \/>\n\t<meta property=\"og:image:height\" content=\"1162\" \/>\n\t<meta property=\"og:image:type\" content=\"image\/jpeg\" \/>\n<meta name=\"author\" content=\"ponferrada2\" \/>\n<meta name=\"twitter:card\" content=\"summary_large_image\" \/>\n<meta name=\"twitter:label1\" content=\"Escrito por\" \/>\n\t<meta name=\"twitter:data1\" content=\"ponferrada2\" \/>\n\t<meta name=\"twitter:label2\" content=\"Tiempo de lectura\" \/>\n\t<meta name=\"twitter:data2\" content=\"2 minutos\" \/>\n<script type=\"application\/ld+json\" class=\"yoast-schema-graph\">{\"@context\":\"https:\/\/schema.org\",\"@graph\":[{\"@type\":\"Article\",\"@id\":\"https:\/\/agrupacionespsoe.es\/ponferrada\/el-psoe-presenta-el-recurso-contra-la-venta-del-solar-del-antiguo-cuartel-de-la-guardia-civil-para-proteger-el-patrimonio-de-toda-la-ciudadania\/#article\",\"isPartOf\":{\"@id\":\"https:\/\/agrupacionespsoe.es\/ponferrada\/el-psoe-presenta-el-recurso-contra-la-venta-del-solar-del-antiguo-cuartel-de-la-guardia-civil-para-proteger-el-patrimonio-de-toda-la-ciudadania\/\"},\"author\":{\"name\":\"ponferrada2\",\"@id\":\"https:\/\/agrupacionespsoe.es\/ponferrada\/#\/schema\/person\/cd29ee627f3b70c05d415f02596debaa\"},\"headline\":\"El PSOE presenta el recurso contra la venta del solar del antiguo cuartel de la Guardia Civil para proteger el patrimonio de toda la ciudadan\u00eda\",\"datePublished\":\"2025-05-09T11:46:03+00:00\",\"dateModified\":\"2025-05-09T11:50:18+00:00\",\"mainEntityOfPage\":{\"@id\":\"https:\/\/agrupacionespsoe.es\/ponferrada\/el-psoe-presenta-el-recurso-contra-la-venta-del-solar-del-antiguo-cuartel-de-la-guardia-civil-para-proteger-el-patrimonio-de-toda-la-ciudadania\/\"},\"wordCount\":302,\"commentCount\":0,\"publisher\":{\"@id\":\"https:\/\/agrupacionespsoe.es\/ponferrada\/#organization\"},\"image\":{\"@id\":\"https:\/\/agrupacionespsoe.es\/ponferrada\/el-psoe-presenta-el-recurso-contra-la-venta-del-solar-del-antiguo-cuartel-de-la-guardia-civil-para-proteger-el-patrimonio-de-toda-la-ciudadania\/#primaryimage\"},\"thumbnailUrl\":\"https:\/\/agrupacionespsoe.es\/ponferrada\/wp-content\/uploads\/sites\/36\/2025\/05\/WhatsApp-Image-2025-05-09-at-13.44.46.jpeg\",\"articleSection\":[\"ACTUALIDAD\"],\"inLanguage\":\"es\",\"potentialAction\":[{\"@type\":\"CommentAction\",\"name\":\"Comment\",\"target\":[\"https:\/\/agrupacionespsoe.es\/ponferrada\/el-psoe-presenta-el-recurso-contra-la-venta-del-solar-del-antiguo-cuartel-de-la-guardia-civil-para-proteger-el-patrimonio-de-toda-la-ciudadania\/#respond\"]}]},{\"@type\":\"WebPage\",\"@id\":\"https:\/\/agrupacionespsoe.es\/ponferrada\/el-psoe-presenta-el-recurso-contra-la-venta-del-solar-del-antiguo-cuartel-de-la-guardia-civil-para-proteger-el-patrimonio-de-toda-la-ciudadania\/\",\"url\":\"https:\/\/agrupacionespsoe.es\/ponferrada\/el-psoe-presenta-el-recurso-contra-la-venta-del-solar-del-antiguo-cuartel-de-la-guardia-civil-para-proteger-el-patrimonio-de-toda-la-ciudadania\/\",\"name\":\"El PSOE presenta el recurso contra la venta del solar del antiguo cuartel de la Guardia Civil para proteger el patrimonio de toda la ciudadan\u00eda - Agrupaci\u00f3n Socialista de Ponferrada\",\"isPartOf\":{\"@id\":\"https:\/\/agrupacionespsoe.es\/ponferrada\/#website\"},\"primaryImageOfPage\":{\"@id\":\"https:\/\/agrupacionespsoe.es\/ponferrada\/el-psoe-presenta-el-recurso-contra-la-venta-del-solar-del-antiguo-cuartel-de-la-guardia-civil-para-proteger-el-patrimonio-de-toda-la-ciudadania\/#primaryimage\"},\"image\":{\"@id\":\"https:\/\/agrupacionespsoe.es\/ponferrada\/el-psoe-presenta-el-recurso-contra-la-venta-del-solar-del-antiguo-cuartel-de-la-guardia-civil-para-proteger-el-patrimonio-de-toda-la-ciudadania\/#primaryimage\"},\"thumbnailUrl\":\"https:\/\/agrupacionespsoe.es\/ponferrada\/wp-content\/uploads\/sites\/36\/2025\/05\/WhatsApp-Image-2025-05-09-at-13.44.46.jpeg\",\"datePublished\":\"2025-05-09T11:46:03+00:00\",\"dateModified\":\"2025-05-09T11:50:18+00:00\",\"breadcrumb\":{\"@id\":\"https:\/\/agrupacionespsoe.es\/ponferrada\/el-psoe-presenta-el-recurso-contra-la-venta-del-solar-del-antiguo-cuartel-de-la-guardia-civil-para-proteger-el-patrimonio-de-toda-la-ciudadania\/#breadcrumb\"},\"inLanguage\":\"es\",\"potentialAction\":[{\"@type\":\"ReadAction\",\"target\":[\"https:\/\/agrupacionespsoe.es\/ponferrada\/el-psoe-presenta-el-recurso-contra-la-venta-del-solar-del-antiguo-cuartel-de-la-guardia-civil-para-proteger-el-patrimonio-de-toda-la-ciudadania\/\"]}]},{\"@type\":\"ImageObject\",\"inLanguage\":\"es\",\"@id\":\"https:\/\/agrupacionespsoe.es\/ponferrada\/el-psoe-presenta-el-recurso-contra-la-venta-del-solar-del-antiguo-cuartel-de-la-guardia-civil-para-proteger-el-patrimonio-de-toda-la-ciudadania\/#primaryimage\",\"url\":\"https:\/\/agrupacionespsoe.es\/ponferrada\/wp-content\/uploads\/sites\/36\/2025\/05\/WhatsApp-Image-2025-05-09-at-13.44.46.jpeg\",\"contentUrl\":\"https:\/\/agrupacionespsoe.es\/ponferrada\/wp-content\/uploads\/sites\/36\/2025\/05\/WhatsApp-Image-2025-05-09-at-13.44.46.jpeg\",\"width\":1600,\"height\":1162},{\"@type\":\"BreadcrumbList\",\"@id\":\"https:\/\/agrupacionespsoe.es\/ponferrada\/el-psoe-presenta-el-recurso-contra-la-venta-del-solar-del-antiguo-cuartel-de-la-guardia-civil-para-proteger-el-patrimonio-de-toda-la-ciudadania\/#breadcrumb\",\"itemListElement\":[{\"@type\":\"ListItem\",\"position\":1,\"name\":\"Portada\",\"item\":\"https:\/\/agrupacionespsoe.es\/ponferrada\/\"},{\"@type\":\"ListItem\",\"position\":2,\"name\":\"El PSOE presenta el recurso contra la venta del solar del antiguo cuartel de la Guardia Civil para proteger el patrimonio de toda la ciudadan\u00eda\"}]},{\"@type\":\"WebSite\",\"@id\":\"https:\/\/agrupacionespsoe.es\/ponferrada\/#website\",\"url\":\"https:\/\/agrupacionespsoe.es\/ponferrada\/\",\"name\":\"Agrupaci\u00f3n Socialista de Ponferrada\",\"description\":\"Agrupaci\u00f3n Socialista de Ponferrada\",\"publisher\":{\"@id\":\"https:\/\/agrupacionespsoe.es\/ponferrada\/#organization\"},\"potentialAction\":[{\"@type\":\"SearchAction\",\"target\":{\"@type\":\"EntryPoint\",\"urlTemplate\":\"https:\/\/agrupacionespsoe.es\/ponferrada\/?s={search_term_string}\"},\"query-input\":{\"@type\":\"PropertyValueSpecification\",\"valueRequired\":true,\"valueName\":\"search_term_string\"}}],\"inLanguage\":\"es\"},{\"@type\":\"Organization\",\"@id\":\"https:\/\/agrupacionespsoe.es\/ponferrada\/#organization\",\"name\":\"Agrupaci\u00f3n Socialista de Ponferrada\",\"url\":\"https:\/\/agrupacionespsoe.es\/ponferrada\/\",\"logo\":{\"@type\":\"ImageObject\",\"inLanguage\":\"es\",\"@id\":\"https:\/\/agrupacionespsoe.es\/ponferrada\/#\/schema\/logo\/image\/\",\"url\":\"https:\/\/agrupacionespsoe.es\/wp-content\/uploads\/2022\/07\/Logotipo_electoral_del_PSOE.png\",\"contentUrl\":\"https:\/\/agrupacionespsoe.es\/wp-content\/uploads\/2022\/07\/Logotipo_electoral_del_PSOE.png\",\"width\":422,\"height\":422,\"caption\":\"Agrupaci\u00f3n Socialista de Ponferrada\"},\"image\":{\"@id\":\"https:\/\/agrupacionespsoe.es\/ponferrada\/#\/schema\/logo\/image\/\"}},{\"@type\":\"Person\",\"@id\":\"https:\/\/agrupacionespsoe.es\/ponferrada\/#\/schema\/person\/cd29ee627f3b70c05d415f02596debaa\",\"name\":\"ponferrada2\",\"image\":{\"@type\":\"ImageObject\",\"inLanguage\":\"es\",\"@id\":\"https:\/\/agrupacionespsoe.es\/ponferrada\/#\/schema\/person\/image\/\",\"url\":\"https:\/\/secure.gravatar.com\/avatar\/f499eeb60144c664cf7b7edf75549b50?s=96&d=mm&r=g\",\"contentUrl\":\"https:\/\/secure.gravatar.com\/avatar\/f499eeb60144c664cf7b7edf75549b50?s=96&d=mm&r=g\",\"caption\":\"ponferrada2\"},\"url\":\"https:\/\/agrupacionespsoe.es\/ponferrada\/author\/ponferrada2\/\"}]}<\/script>\n<!-- \/ Yoast SEO plugin. -->","yoast_head_json":{"title":"El PSOE presenta el recurso contra la venta del solar del antiguo cuartel de la Guardia Civil para proteger el patrimonio de toda la ciudadan\u00eda - Agrupaci\u00f3n Socialista de Ponferrada","robots":{"index":"index","follow":"follow","max-snippet":"max-snippet:-1","max-image-preview":"max-image-preview:large","max-video-preview":"max-video-preview:-1"},"canonical":"https:\/\/agrupacionespsoe.es\/ponferrada\/el-psoe-presenta-el-recurso-contra-la-venta-del-solar-del-antiguo-cuartel-de-la-guardia-civil-para-proteger-el-patrimonio-de-toda-la-ciudadania\/","og_locale":"es_ES","og_type":"article","og_title":"El PSOE presenta el recurso contra la venta del solar del antiguo cuartel de la Guardia Civil para proteger el patrimonio de toda la ciudadan\u00eda - Agrupaci\u00f3n Socialista de Ponferrada","og_description":"El Grupo Municipal Socialista ha presentado hoy un recurso contencioso-administrativo contra la venta del solar del antiguo cuartel de la Guardia Civil. El portavoz del grupo, Olegario Ram\u00f3n, ha denunciado que la operaci\u00f3n no solo es jur\u00eddicamente discutible, sino que representa una \u201cactuaci\u00f3n despreciable desde el punto de vista \u00e9tico\u201d y es \u201cmalvender el patrimonio ...","og_url":"https:\/\/agrupacionespsoe.es\/ponferrada\/el-psoe-presenta-el-recurso-contra-la-venta-del-solar-del-antiguo-cuartel-de-la-guardia-civil-para-proteger-el-patrimonio-de-toda-la-ciudadania\/","og_site_name":"Agrupaci\u00f3n Socialista de Ponferrada","article_published_time":"2025-05-09T11:46:03+00:00","article_modified_time":"2025-05-09T11:50:18+00:00","og_image":[{"width":1600,"height":1162,"url":"https:\/\/agrupacionespsoe.es\/ponferrada\/wp-content\/uploads\/sites\/36\/2025\/05\/WhatsApp-Image-2025-05-09-at-13.44.46.jpeg","type":"image\/jpeg"}],"author":"ponferrada2","twitter_card":"summary_large_image","twitter_misc":{"Escrito por":"ponferrada2","Tiempo de lectura":"2 minutos"},"schema":{"@context":"https:\/\/schema.org","@graph":[{"@type":"Article","@id":"https:\/\/agrupacionespsoe.es\/ponferrada\/el-psoe-presenta-el-recurso-contra-la-venta-del-solar-del-antiguo-cuartel-de-la-guardia-civil-para-proteger-el-patrimonio-de-toda-la-ciudadania\/#article","isPartOf":{"@id":"https:\/\/agrupacionespsoe.es\/ponferrada\/el-psoe-presenta-el-recurso-contra-la-venta-del-solar-del-antiguo-cuartel-de-la-guardia-civil-para-proteger-el-patrimonio-de-toda-la-ciudadania\/"},"author":{"name":"ponferrada2","@id":"https:\/\/agrupacionespsoe.es\/ponferrada\/#\/schema\/person\/cd29ee627f3b70c05d415f02596debaa"},"headline":"El PSOE presenta el recurso contra la venta del solar del antiguo cuartel de la Guardia Civil para proteger el patrimonio de toda la ciudadan\u00eda","datePublished":"2025-05-09T11:46:03+00:00","dateModified":"2025-05-09T11:50:18+00:00","mainEntityOfPage":{"@id":"https:\/\/agrupacionespsoe.es\/ponferrada\/el-psoe-presenta-el-recurso-contra-la-venta-del-solar-del-antiguo-cuartel-de-la-guardia-civil-para-proteger-el-patrimonio-de-toda-la-ciudadania\/"},"wordCount":302,"commentCount":0,"publisher":{"@id":"https:\/\/agrupacionespsoe.es\/ponferrada\/#organization"},"image":{"@id":"https:\/\/agrupacionespsoe.es\/ponferrada\/el-psoe-presenta-el-recurso-contra-la-venta-del-solar-del-antiguo-cuartel-de-la-guardia-civil-para-proteger-el-patrimonio-de-toda-la-ciudadania\/#primaryimage"},"thumbnailUrl":"https:\/\/agrupacionespsoe.es\/ponferrada\/wp-content\/uploads\/sites\/36\/2025\/05\/WhatsApp-Image-2025-05-09-at-13.44.46.jpeg","articleSection":["ACTUALIDAD"],"inLanguage":"es","potentialAction":[{"@type":"CommentAction","name":"Comment","target":["https:\/\/agrupacionespsoe.es\/ponferrada\/el-psoe-presenta-el-recurso-contra-la-venta-del-solar-del-antiguo-cuartel-de-la-guardia-civil-para-proteger-el-patrimonio-de-toda-la-ciudadania\/#respond"]}]},{"@type":"WebPage","@id":"https:\/\/agrupacionespsoe.es\/ponferrada\/el-psoe-presenta-el-recurso-contra-la-venta-del-solar-del-antiguo-cuartel-de-la-guardia-civil-para-proteger-el-patrimonio-de-toda-la-ciudadania\/","url":"https:\/\/agrupacionespsoe.es\/ponferrada\/el-psoe-presenta-el-recurso-contra-la-venta-del-solar-del-antiguo-cuartel-de-la-guardia-civil-para-proteger-el-patrimonio-de-toda-la-ciudadania\/","name":"El PSOE presenta el recurso contra la venta del solar del antiguo cuartel de la Guardia Civil para proteger el patrimonio de toda la ciudadan\u00eda - Agrupaci\u00f3n Socialista de Ponferrada","isPartOf":{"@id":"https:\/\/agrupacionespsoe.es\/ponferrada\/#website"},"primaryImageOfPage":{"@id":"https:\/\/agrupacionespsoe.es\/ponferrada\/el-psoe-presenta-el-recurso-contra-la-venta-del-solar-del-antiguo-cuartel-de-la-guardia-civil-para-proteger-el-patrimonio-de-toda-la-ciudadania\/#primaryimage"},"image":{"@id":"https:\/\/agrupacionespsoe.es\/ponferrada\/el-psoe-presenta-el-recurso-contra-la-venta-del-solar-del-antiguo-cuartel-de-la-guardia-civil-para-proteger-el-patrimonio-de-toda-la-ciudadania\/#primaryimage"},"thumbnailUrl":"https:\/\/agrupacionespsoe.es\/ponferrada\/wp-content\/uploads\/sites\/36\/2025\/05\/WhatsApp-Image-2025-05-09-at-13.44.46.jpeg","datePublished":"2025-05-09T11:46:03+00:00","dateModified":"2025-05-09T11:50:18+00:00","breadcrumb":{"@id":"https:\/\/agrupacionespsoe.es\/ponferrada\/el-psoe-presenta-el-recurso-contra-la-venta-del-solar-del-antiguo-cuartel-de-la-guardia-civil-para-proteger-el-patrimonio-de-toda-la-ciudadania\/#breadcrumb"},"inLanguage":"es","potentialAction":[{"@type":"ReadAction","target":["https:\/\/agrupacionespsoe.es\/ponferrada\/el-psoe-presenta-el-recurso-contra-la-venta-del-solar-del-antiguo-cuartel-de-la-guardia-civil-para-proteger-el-patrimonio-de-toda-la-ciudadania\/"]}]},{"@type":"ImageObject","inLanguage":"es","@id":"https:\/\/agrupacionespsoe.es\/ponferrada\/el-psoe-presenta-el-recurso-contra-la-venta-del-solar-del-antiguo-cuartel-de-la-guardia-civil-para-proteger-el-patrimonio-de-toda-la-ciudadania\/#primaryimage","url":"https:\/\/agrupacionespsoe.es\/ponferrada\/wp-content\/uploads\/sites\/36\/2025\/05\/WhatsApp-Image-2025-05-09-at-13.44.46.jpeg","contentUrl":"https:\/\/agrupacionespsoe.es\/ponferrada\/wp-content\/uploads\/sites\/36\/2025\/05\/WhatsApp-Image-2025-05-09-at-13.44.46.jpeg","width":1600,"height":1162},{"@type":"BreadcrumbList","@id":"https:\/\/agrupacionespsoe.es\/ponferrada\/el-psoe-presenta-el-recurso-contra-la-venta-del-solar-del-antiguo-cuartel-de-la-guardia-civil-para-proteger-el-patrimonio-de-toda-la-ciudadania\/#breadcrumb","itemListElement":[{"@type":"ListItem","position":1,"name":"Portada","item":"https:\/\/agrupacionespsoe.es\/ponferrada\/"},{"@type":"ListItem","position":2,"name":"El PSOE presenta el recurso contra la venta del solar del antiguo cuartel de la Guardia Civil para proteger el patrimonio de toda la ciudadan\u00eda"}]},{"@type":"WebSite","@id":"https:\/\/agrupacionespsoe.es\/ponferrada\/#website","url":"https:\/\/agrupacionespsoe.es\/ponferrada\/","name":"Agrupaci\u00f3n Socialista de Ponferrada","description":"Agrupaci\u00f3n Socialista de Ponferrada","publisher":{"@id":"https:\/\/agrupacionespsoe.es\/ponferrada\/#organization"},"potentialAction":[{"@type":"SearchAction","target":{"@type":"EntryPoint","urlTemplate":"https:\/\/agrupacionespsoe.es\/ponferrada\/?s={search_term_string}"},"query-input":{"@type":"PropertyValueSpecification","valueRequired":true,"valueName":"search_term_string"}}],"inLanguage":"es"},{"@type":"Organization","@id":"https:\/\/agrupacionespsoe.es\/ponferrada\/#organization","name":"Agrupaci\u00f3n Socialista de Ponferrada","url":"https:\/\/agrupacionespsoe.es\/ponferrada\/","logo":{"@type":"ImageObject","inLanguage":"es","@id":"https:\/\/agrupacionespsoe.es\/ponferrada\/#\/schema\/logo\/image\/","url":"https:\/\/agrupacionespsoe.es\/wp-content\/uploads\/2022\/07\/Logotipo_electoral_del_PSOE.png","contentUrl":"https:\/\/agrupacionespsoe.es\/wp-content\/uploads\/2022\/07\/Logotipo_electoral_del_PSOE.png","width":422,"height":422,"caption":"Agrupaci\u00f3n Socialista de Ponferrada"},"image":{"@id":"https:\/\/agrupacionespsoe.es\/ponferrada\/#\/schema\/logo\/image\/"}},{"@type":"Person","@id":"https:\/\/agrupacionespsoe.es\/ponferrada\/#\/schema\/person\/cd29ee627f3b70c05d415f02596debaa","name":"ponferrada2","image":{"@type":"ImageObject","inLanguage":"es","@id":"https:\/\/agrupacionespsoe.es\/ponferrada\/#\/schema\/person\/image\/","url":"https:\/\/secure.gravatar.com\/avatar\/f499eeb60144c664cf7b7edf75549b50?s=96&d=mm&r=g","contentUrl":"https:\/\/secure.gravatar.com\/avatar\/f499eeb60144c664cf7b7edf75549b50?s=96&d=mm&r=g","caption":"ponferrada2"},"url":"https:\/\/agrupacionespsoe.es\/ponferrada\/author\/ponferrada2\/"}]}},"jetpack_featured_media_url":"https:\/\/agrupacionespsoe.es\/ponferrada\/wp-content\/uploads\/sites\/36\/2025\/05\/WhatsApp-Image-2025-05-09-at-13.44.46.jpeg","jetpack_sharing_enabled":true,"_links":{"self":[{"href":"https:\/\/agrupacionespsoe.es\/ponferrada\/wp-json\/wp\/v2\/posts\/895","targetHints":{"allow":["GET"]}}],"collection":[{"href":"https:\/\/agrupacionespsoe.es\/ponferrada\/wp-json\/wp\/v2\/posts"}],"about":[{"href":"https:\/\/agrupacionespsoe.es\/ponferrada\/wp-json\/wp\/v2\/types\/post"}],"author":[{"embeddable":true,"href":"https:\/\/agrupacionespsoe.es\/ponferrada\/wp-json\/wp\/v2\/users\/32"}],"replies":[{"embeddable":true,"href":"https:\/\/agrupacionespsoe.es\/ponferrada\/wp-json\/wp\/v2\/comments?post=895"}],"version-history":[{"count":5,"href":"https:\/\/agrupacionespsoe.es\/ponferrada\/wp-json\/wp\/v2\/posts\/895\/revisions"}],"predecessor-version":[{"id":901,"href":"https:\/\/agrupacionespsoe.es\/ponferrada\/wp-json\/wp\/v2\/posts\/895\/revisions\/901"}],"wp:featuredmedia":[{"embeddable":true,"href":"https:\/\/agrupacionespsoe.es\/ponferrada\/wp-json\/wp\/v2\/media\/896"}],"wp:attachment":[{"href":"https:\/\/agrupacionespsoe.es\/ponferrada\/wp-json\/wp\/v2\/media?parent=895"}],"wp:term":[{"taxonomy":"category","embeddable":true,"href":"https:\/\/agrupacionespsoe.es\/ponferrada\/wp-json\/wp\/v2\/categories?post=895"},{"taxonomy":"post_tag","embeddable":true,"href":"https:\/\/agrupacionespsoe.es\/ponferrada\/wp-json\/wp\/v2\/tags?post=895"}],"curies":[{"name":"wp","href":"https:\/\/api.w.org\/{rel}","templated":true}]}}