{"id":890,"date":"2025-05-08T11:23:52","date_gmt":"2025-05-08T11:23:52","guid":{"rendered":"https:\/\/agrupacionespsoe.es\/ponferrada\/?p=890"},"modified":"2025-05-08T11:23:53","modified_gmt":"2025-05-08T11:23:53","slug":"el-grupo-municipal-socialista-pide-una-regulacion-clara-del-uso-del-castillo-de-los-templarios-tras-la-polemica-fiesta-posterior-a-la-semana-de-la-moda","status":"publish","type":"post","link":"https:\/\/agrupacionespsoe.es\/ponferrada\/el-grupo-municipal-socialista-pide-una-regulacion-clara-del-uso-del-castillo-de-los-templarios-tras-la-polemica-fiesta-posterior-a-la-semana-de-la-moda\/","title":{"rendered":"El Grupo Municipal Socialista pide una regulaci\u00f3n clara del uso del Castillo de los Templarios tras la pol\u00e9mica fiesta posterior a la Semana de la Moda"},"content":{"rendered":"\n<p>El Grupo Municipal Socialista de Ponferrada celebr\u00f3 en la tarde de ayer, la charla-coloquio abierta bajo el t\u00edtulo \u201cUsos del Patrimonio P\u00fablico Municipal (especialmente Castillo y Museos) y su compatibilidad con la protecci\u00f3n del mismo\u201d, en la que se debati\u00f3 la preocupante deriva que est\u00e1n tomando algunos eventos celebrados en espacios patrimoniales de la ciudad, con especial \u00e9nfasis en el Castillo de los Templarios.<\/p>\n\n\n\n<p>La iniciativa surgi\u00f3 tras la reciente fiesta celebrada en el Castillo como cierre a la inauguraci\u00f3n de la Semana de la Moda, en la que hemos podido observar im\u00e1genes de asistentes subidos a las almenas con copas en la mano, bailando sobre bancos y utilizando el recinto como si de una sala de fiestas se tratase. Este uso del monumento ha generado una importante controversia, especialmente teniendo en cuenta que hace apenas unos meses se deneg\u00f3 el permiso para el rodaje de la pel\u00edcula Soy Nevenka, alegando la protecci\u00f3n del patrimonio como motivo.<\/p>\n\n\n\n<p>Durante la charla, los concejales socialistas recordaron que en el anterior mandato se prioriz\u00f3 la conservaci\u00f3n del principal bien patrimonial de Ponferrada. Fruto de esa pol\u00edtica fue la decisi\u00f3n de trasladar la cena templaria fuera del recinto del castillo, debido al impacto que generaba el continuo tr\u00e1nsito de veh\u00edculos entrando y saliendo para el montaje y desmontaje y al precio real del cubierto en el que el ayuntamiento abonaba 51,50 euros por cada comensal que acud\u00eda a esa cena. En contraste, el actual equipo de gobierno ha revertido esa l\u00ednea de actuaci\u00f3n desde el inicio del mandato, hay que recordar que una de las primeras decisiones que tomaron fue volver a hacer la cena templaria dentro del Castillo y desde entonces han permitido toda una serie de celebraciones y eventos en el interior del castillo.<\/p>\n\n\n\n<figure class=\"wp-block-image size-large\"><img loading=\"lazy\" decoding=\"async\" width=\"1024\" height=\"768\" src=\"https:\/\/agrupacionespsoe.es\/ponferrada\/wp-content\/uploads\/sites\/36\/2025\/05\/WhatsApp-Image-2025-05-08-at-13.22.28-1-1024x768.jpeg\" alt=\"\" class=\"wp-image-892\" srcset=\"https:\/\/agrupacionespsoe.es\/ponferrada\/wp-content\/uploads\/sites\/36\/2025\/05\/WhatsApp-Image-2025-05-08-at-13.22.28-1-1024x768.jpeg 1024w, https:\/\/agrupacionespsoe.es\/ponferrada\/wp-content\/uploads\/sites\/36\/2025\/05\/WhatsApp-Image-2025-05-08-at-13.22.28-1-300x225.jpeg 300w, https:\/\/agrupacionespsoe.es\/ponferrada\/wp-content\/uploads\/sites\/36\/2025\/05\/WhatsApp-Image-2025-05-08-at-13.22.28-1-768x576.jpeg 768w, https:\/\/agrupacionespsoe.es\/ponferrada\/wp-content\/uploads\/sites\/36\/2025\/05\/WhatsApp-Image-2025-05-08-at-13.22.28-1-1536x1152.jpeg 1536w, https:\/\/agrupacionespsoe.es\/ponferrada\/wp-content\/uploads\/sites\/36\/2025\/05\/WhatsApp-Image-2025-05-08-at-13.22.28-1.jpeg 2048w\" sizes=\"auto, (max-width: 1024px) 100vw, 1024px\" \/><\/figure>\n\n\n\n<p>El PSOE se\u00f1al\u00f3 que, hasta el momento, se han desarrollado m\u00faltiples actividades dentro de la fortaleza, \u201cde todo, excepto el rodaje de una pel\u00edcula con un elenco de reconocido prestigio\u201d, ironizaron. A juicio del grupo socialista, el caso de la fiesta tras la Semana de la Moda es la muestra m\u00e1s evidente de la falta de un criterio definido.<\/p>\n\n\n\n<p>Por ello, desde el PSOE se insta al actual equipo de gobierno a la elaboraci\u00f3n de un Plan Director del Castillo de los Templarios o un reglamento espec\u00edfico de uso, que cuente con el mayor consenso posible y que defina claramente qu\u00e9 actividades son compatibles con la protecci\u00f3n del bien, cu\u00e1les deben estar exentas del pago de tasas por el uso del espacio p\u00fablico, y qu\u00e9 justificaciones deben acompa\u00f1ar al reconocimiento del supuesto inter\u00e9s p\u00fablico.<\/p>\n\n\n\n<p>\u201cEl Castillo de los Templarios es el mayor patrimonio de nuestra ciudad y merece una gesti\u00f3n seria, responsable y coherente\u201d, concluyeron los ediles socialistas durante el acto celebrado en la sede local del PSOE.<\/p>\n\n\n\n<figure class=\"wp-block-image size-large\"><img loading=\"lazy\" decoding=\"async\" width=\"1024\" height=\"768\" src=\"https:\/\/agrupacionespsoe.es\/ponferrada\/wp-content\/uploads\/sites\/36\/2025\/05\/WhatsApp-Image-2025-05-08-at-13.22.28-1024x768.jpeg\" alt=\"\" class=\"wp-image-891\" srcset=\"https:\/\/agrupacionespsoe.es\/ponferrada\/wp-content\/uploads\/sites\/36\/2025\/05\/WhatsApp-Image-2025-05-08-at-13.22.28-1024x768.jpeg 1024w, https:\/\/agrupacionespsoe.es\/ponferrada\/wp-content\/uploads\/sites\/36\/2025\/05\/WhatsApp-Image-2025-05-08-at-13.22.28-300x225.jpeg 300w, https:\/\/agrupacionespsoe.es\/ponferrada\/wp-content\/uploads\/sites\/36\/2025\/05\/WhatsApp-Image-2025-05-08-at-13.22.28-768x576.jpeg 768w, https:\/\/agrupacionespsoe.es\/ponferrada\/wp-content\/uploads\/sites\/36\/2025\/05\/WhatsApp-Image-2025-05-08-at-13.22.28-1536x1152.jpeg 1536w, https:\/\/agrupacionespsoe.es\/ponferrada\/wp-content\/uploads\/sites\/36\/2025\/05\/WhatsApp-Image-2025-05-08-at-13.22.28.jpeg 2048w\" sizes=\"auto, (max-width: 1024px) 100vw, 1024px\" \/><\/figure>\n","protected":false},"excerpt":{"rendered":"<p>El Grupo Municipal Socialista de Ponferrada celebr\u00f3 en la tarde de ayer, la charla-coloquio abierta bajo el t\u00edtulo \u201cUsos del Patrimonio P\u00fablico Municipal (especialmente Castillo y Museos) y su compatibilidad con la protecci\u00f3n del mismo\u201d, en la que se debati\u00f3 la preocupante deriva que est\u00e1n tomando algunos eventos celebrados en espacios patrimoniales de la ciudad, &#8230;<\/p>\n","protected":false},"author":32,"featured_media":891,"comment_status":"open","ping_status":"open","sticky":false,"template":"","format":"standard","meta":{"_jetpack_memberships_contains_paid_content":false,"footnotes":""},"categories":[6],"tags":[],"class_list":["post-890","post","type-post","status-publish","format-standard","has-post-thumbnail","hentry","category-actualidad"],"yoast_head":"<!-- This site is optimized with the Yoast SEO plugin v24.0 - https:\/\/yoast.com\/wordpress\/plugins\/seo\/ -->\n<title>El Grupo Municipal Socialista pide una regulaci\u00f3n clara del uso del Castillo de los Templarios tras la pol\u00e9mica fiesta posterior a la Semana de la Moda - Agrupaci\u00f3n Socialista de Ponferrada<\/title>\n<meta name=\"robots\" content=\"index, follow, max-snippet:-1, max-image-preview:large, max-video-preview:-1\" \/>\n<link rel=\"canonical\" href=\"https:\/\/agrupacionespsoe.es\/ponferrada\/el-grupo-municipal-socialista-pide-una-regulacion-clara-del-uso-del-castillo-de-los-templarios-tras-la-polemica-fiesta-posterior-a-la-semana-de-la-moda\/\" \/>\n<meta property=\"og:locale\" content=\"es_ES\" \/>\n<meta property=\"og:type\" content=\"article\" \/>\n<meta property=\"og:title\" content=\"El Grupo Municipal Socialista pide una regulaci\u00f3n clara del uso del Castillo de los Templarios tras la pol\u00e9mica fiesta posterior a la Semana de la Moda - Agrupaci\u00f3n Socialista de Ponferrada\" \/>\n<meta property=\"og:description\" content=\"El Grupo Municipal Socialista de Ponferrada celebr\u00f3 en la tarde de ayer, la charla-coloquio abierta bajo el t\u00edtulo \u201cUsos del Patrimonio P\u00fablico Municipal (especialmente Castillo y Museos) y su compatibilidad con la protecci\u00f3n del mismo\u201d, en la que se debati\u00f3 la preocupante deriva que est\u00e1n tomando algunos eventos celebrados en espacios patrimoniales de la ciudad, ...\" \/>\n<meta property=\"og:url\" content=\"https:\/\/agrupacionespsoe.es\/ponferrada\/el-grupo-municipal-socialista-pide-una-regulacion-clara-del-uso-del-castillo-de-los-templarios-tras-la-polemica-fiesta-posterior-a-la-semana-de-la-moda\/\" \/>\n<meta property=\"og:site_name\" content=\"Agrupaci\u00f3n Socialista de Ponferrada\" \/>\n<meta property=\"article:published_time\" content=\"2025-05-08T11:23:52+00:00\" \/>\n<meta property=\"article:modified_time\" content=\"2025-05-08T11:23:53+00:00\" \/>\n<meta property=\"og:image\" content=\"https:\/\/agrupacionespsoe.es\/ponferrada\/wp-content\/uploads\/sites\/36\/2025\/05\/WhatsApp-Image-2025-05-08-at-13.22.28.jpeg\" \/>\n\t<meta property=\"og:image:width\" content=\"2048\" \/>\n\t<meta property=\"og:image:height\" content=\"1536\" \/>\n\t<meta property=\"og:image:type\" content=\"image\/jpeg\" \/>\n<meta name=\"author\" content=\"ponferrada2\" \/>\n<meta name=\"twitter:card\" content=\"summary_large_image\" \/>\n<meta name=\"twitter:label1\" content=\"Escrito por\" \/>\n\t<meta name=\"twitter:data1\" content=\"ponferrada2\" \/>\n\t<meta name=\"twitter:label2\" content=\"Tiempo de lectura\" \/>\n\t<meta name=\"twitter:data2\" content=\"3 minutos\" \/>\n<script type=\"application\/ld+json\" class=\"yoast-schema-graph\">{\"@context\":\"https:\/\/schema.org\",\"@graph\":[{\"@type\":\"Article\",\"@id\":\"https:\/\/agrupacionespsoe.es\/ponferrada\/el-grupo-municipal-socialista-pide-una-regulacion-clara-del-uso-del-castillo-de-los-templarios-tras-la-polemica-fiesta-posterior-a-la-semana-de-la-moda\/#article\",\"isPartOf\":{\"@id\":\"https:\/\/agrupacionespsoe.es\/ponferrada\/el-grupo-municipal-socialista-pide-una-regulacion-clara-del-uso-del-castillo-de-los-templarios-tras-la-polemica-fiesta-posterior-a-la-semana-de-la-moda\/\"},\"author\":{\"name\":\"ponferrada2\",\"@id\":\"https:\/\/agrupacionespsoe.es\/ponferrada\/#\/schema\/person\/cd29ee627f3b70c05d415f02596debaa\"},\"headline\":\"El Grupo Municipal Socialista pide una regulaci\u00f3n clara del uso del Castillo de los Templarios tras la pol\u00e9mica fiesta posterior a la Semana de la Moda\",\"datePublished\":\"2025-05-08T11:23:52+00:00\",\"dateModified\":\"2025-05-08T11:23:53+00:00\",\"mainEntityOfPage\":{\"@id\":\"https:\/\/agrupacionespsoe.es\/ponferrada\/el-grupo-municipal-socialista-pide-una-regulacion-clara-del-uso-del-castillo-de-los-templarios-tras-la-polemica-fiesta-posterior-a-la-semana-de-la-moda\/\"},\"wordCount\":516,\"commentCount\":0,\"publisher\":{\"@id\":\"https:\/\/agrupacionespsoe.es\/ponferrada\/#organization\"},\"image\":{\"@id\":\"https:\/\/agrupacionespsoe.es\/ponferrada\/el-grupo-municipal-socialista-pide-una-regulacion-clara-del-uso-del-castillo-de-los-templarios-tras-la-polemica-fiesta-posterior-a-la-semana-de-la-moda\/#primaryimage\"},\"thumbnailUrl\":\"https:\/\/agrupacionespsoe.es\/ponferrada\/wp-content\/uploads\/sites\/36\/2025\/05\/WhatsApp-Image-2025-05-08-at-13.22.28.jpeg\",\"articleSection\":[\"ACTUALIDAD\"],\"inLanguage\":\"es\",\"potentialAction\":[{\"@type\":\"CommentAction\",\"name\":\"Comment\",\"target\":[\"https:\/\/agrupacionespsoe.es\/ponferrada\/el-grupo-municipal-socialista-pide-una-regulacion-clara-del-uso-del-castillo-de-los-templarios-tras-la-polemica-fiesta-posterior-a-la-semana-de-la-moda\/#respond\"]}]},{\"@type\":\"WebPage\",\"@id\":\"https:\/\/agrupacionespsoe.es\/ponferrada\/el-grupo-municipal-socialista-pide-una-regulacion-clara-del-uso-del-castillo-de-los-templarios-tras-la-polemica-fiesta-posterior-a-la-semana-de-la-moda\/\",\"url\":\"https:\/\/agrupacionespsoe.es\/ponferrada\/el-grupo-municipal-socialista-pide-una-regulacion-clara-del-uso-del-castillo-de-los-templarios-tras-la-polemica-fiesta-posterior-a-la-semana-de-la-moda\/\",\"name\":\"El Grupo Municipal Socialista pide una regulaci\u00f3n clara del uso del Castillo de los Templarios tras la pol\u00e9mica fiesta posterior a la Semana de la Moda - Agrupaci\u00f3n Socialista de Ponferrada\",\"isPartOf\":{\"@id\":\"https:\/\/agrupacionespsoe.es\/ponferrada\/#website\"},\"primaryImageOfPage\":{\"@id\":\"https:\/\/agrupacionespsoe.es\/ponferrada\/el-grupo-municipal-socialista-pide-una-regulacion-clara-del-uso-del-castillo-de-los-templarios-tras-la-polemica-fiesta-posterior-a-la-semana-de-la-moda\/#primaryimage\"},\"image\":{\"@id\":\"https:\/\/agrupacionespsoe.es\/ponferrada\/el-grupo-municipal-socialista-pide-una-regulacion-clara-del-uso-del-castillo-de-los-templarios-tras-la-polemica-fiesta-posterior-a-la-semana-de-la-moda\/#primaryimage\"},\"thumbnailUrl\":\"https:\/\/agrupacionespsoe.es\/ponferrada\/wp-content\/uploads\/sites\/36\/2025\/05\/WhatsApp-Image-2025-05-08-at-13.22.28.jpeg\",\"datePublished\":\"2025-05-08T11:23:52+00:00\",\"dateModified\":\"2025-05-08T11:23:53+00:00\",\"breadcrumb\":{\"@id\":\"https:\/\/agrupacionespsoe.es\/ponferrada\/el-grupo-municipal-socialista-pide-una-regulacion-clara-del-uso-del-castillo-de-los-templarios-tras-la-polemica-fiesta-posterior-a-la-semana-de-la-moda\/#breadcrumb\"},\"inLanguage\":\"es\",\"potentialAction\":[{\"@type\":\"ReadAction\",\"target\":[\"https:\/\/agrupacionespsoe.es\/ponferrada\/el-grupo-municipal-socialista-pide-una-regulacion-clara-del-uso-del-castillo-de-los-templarios-tras-la-polemica-fiesta-posterior-a-la-semana-de-la-moda\/\"]}]},{\"@type\":\"ImageObject\",\"inLanguage\":\"es\",\"@id\":\"https:\/\/agrupacionespsoe.es\/ponferrada\/el-grupo-municipal-socialista-pide-una-regulacion-clara-del-uso-del-castillo-de-los-templarios-tras-la-polemica-fiesta-posterior-a-la-semana-de-la-moda\/#primaryimage\",\"url\":\"https:\/\/agrupacionespsoe.es\/ponferrada\/wp-content\/uploads\/sites\/36\/2025\/05\/WhatsApp-Image-2025-05-08-at-13.22.28.jpeg\",\"contentUrl\":\"https:\/\/agrupacionespsoe.es\/ponferrada\/wp-content\/uploads\/sites\/36\/2025\/05\/WhatsApp-Image-2025-05-08-at-13.22.28.jpeg\",\"width\":2048,\"height\":1536},{\"@type\":\"BreadcrumbList\",\"@id\":\"https:\/\/agrupacionespsoe.es\/ponferrada\/el-grupo-municipal-socialista-pide-una-regulacion-clara-del-uso-del-castillo-de-los-templarios-tras-la-polemica-fiesta-posterior-a-la-semana-de-la-moda\/#breadcrumb\",\"itemListElement\":[{\"@type\":\"ListItem\",\"position\":1,\"name\":\"Portada\",\"item\":\"https:\/\/agrupacionespsoe.es\/ponferrada\/\"},{\"@type\":\"ListItem\",\"position\":2,\"name\":\"El Grupo Municipal Socialista pide una regulaci\u00f3n clara del uso del Castillo de los Templarios tras la pol\u00e9mica fiesta posterior a la Semana de la Moda\"}]},{\"@type\":\"WebSite\",\"@id\":\"https:\/\/agrupacionespsoe.es\/ponferrada\/#website\",\"url\":\"https:\/\/agrupacionespsoe.es\/ponferrada\/\",\"name\":\"Agrupaci\u00f3n Socialista de Ponferrada\",\"description\":\"Agrupaci\u00f3n Socialista de Ponferrada\",\"publisher\":{\"@id\":\"https:\/\/agrupacionespsoe.es\/ponferrada\/#organization\"},\"potentialAction\":[{\"@type\":\"SearchAction\",\"target\":{\"@type\":\"EntryPoint\",\"urlTemplate\":\"https:\/\/agrupacionespsoe.es\/ponferrada\/?s={search_term_string}\"},\"query-input\":{\"@type\":\"PropertyValueSpecification\",\"valueRequired\":true,\"valueName\":\"search_term_string\"}}],\"inLanguage\":\"es\"},{\"@type\":\"Organization\",\"@id\":\"https:\/\/agrupacionespsoe.es\/ponferrada\/#organization\",\"name\":\"Agrupaci\u00f3n Socialista de Ponferrada\",\"url\":\"https:\/\/agrupacionespsoe.es\/ponferrada\/\",\"logo\":{\"@type\":\"ImageObject\",\"inLanguage\":\"es\",\"@id\":\"https:\/\/agrupacionespsoe.es\/ponferrada\/#\/schema\/logo\/image\/\",\"url\":\"https:\/\/agrupacionespsoe.es\/wp-content\/uploads\/2022\/07\/Logotipo_electoral_del_PSOE.png\",\"contentUrl\":\"https:\/\/agrupacionespsoe.es\/wp-content\/uploads\/2022\/07\/Logotipo_electoral_del_PSOE.png\",\"width\":422,\"height\":422,\"caption\":\"Agrupaci\u00f3n Socialista de Ponferrada\"},\"image\":{\"@id\":\"https:\/\/agrupacionespsoe.es\/ponferrada\/#\/schema\/logo\/image\/\"}},{\"@type\":\"Person\",\"@id\":\"https:\/\/agrupacionespsoe.es\/ponferrada\/#\/schema\/person\/cd29ee627f3b70c05d415f02596debaa\",\"name\":\"ponferrada2\",\"image\":{\"@type\":\"ImageObject\",\"inLanguage\":\"es\",\"@id\":\"https:\/\/agrupacionespsoe.es\/ponferrada\/#\/schema\/person\/image\/\",\"url\":\"https:\/\/secure.gravatar.com\/avatar\/f499eeb60144c664cf7b7edf75549b50?s=96&d=mm&r=g\",\"contentUrl\":\"https:\/\/secure.gravatar.com\/avatar\/f499eeb60144c664cf7b7edf75549b50?s=96&d=mm&r=g\",\"caption\":\"ponferrada2\"},\"url\":\"https:\/\/agrupacionespsoe.es\/ponferrada\/author\/ponferrada2\/\"}]}<\/script>\n<!-- \/ Yoast SEO plugin. -->","yoast_head_json":{"title":"El Grupo Municipal Socialista pide una regulaci\u00f3n clara del uso del Castillo de los Templarios tras la pol\u00e9mica fiesta posterior a la Semana de la Moda - Agrupaci\u00f3n Socialista de Ponferrada","robots":{"index":"index","follow":"follow","max-snippet":"max-snippet:-1","max-image-preview":"max-image-preview:large","max-video-preview":"max-video-preview:-1"},"canonical":"https:\/\/agrupacionespsoe.es\/ponferrada\/el-grupo-municipal-socialista-pide-una-regulacion-clara-del-uso-del-castillo-de-los-templarios-tras-la-polemica-fiesta-posterior-a-la-semana-de-la-moda\/","og_locale":"es_ES","og_type":"article","og_title":"El Grupo Municipal Socialista pide una regulaci\u00f3n clara del uso del Castillo de los Templarios tras la pol\u00e9mica fiesta posterior a la Semana de la Moda - Agrupaci\u00f3n Socialista de Ponferrada","og_description":"El Grupo Municipal Socialista de Ponferrada celebr\u00f3 en la tarde de ayer, la charla-coloquio abierta bajo el t\u00edtulo \u201cUsos del Patrimonio P\u00fablico Municipal (especialmente Castillo y Museos) y su compatibilidad con la protecci\u00f3n del mismo\u201d, en la que se debati\u00f3 la preocupante deriva que est\u00e1n tomando algunos eventos celebrados en espacios patrimoniales de la ciudad, ...","og_url":"https:\/\/agrupacionespsoe.es\/ponferrada\/el-grupo-municipal-socialista-pide-una-regulacion-clara-del-uso-del-castillo-de-los-templarios-tras-la-polemica-fiesta-posterior-a-la-semana-de-la-moda\/","og_site_name":"Agrupaci\u00f3n Socialista de Ponferrada","article_published_time":"2025-05-08T11:23:52+00:00","article_modified_time":"2025-05-08T11:23:53+00:00","og_image":[{"width":2048,"height":1536,"url":"https:\/\/agrupacionespsoe.es\/ponferrada\/wp-content\/uploads\/sites\/36\/2025\/05\/WhatsApp-Image-2025-05-08-at-13.22.28.jpeg","type":"image\/jpeg"}],"author":"ponferrada2","twitter_card":"summary_large_image","twitter_misc":{"Escrito por":"ponferrada2","Tiempo de lectura":"3 minutos"},"schema":{"@context":"https:\/\/schema.org","@graph":[{"@type":"Article","@id":"https:\/\/agrupacionespsoe.es\/ponferrada\/el-grupo-municipal-socialista-pide-una-regulacion-clara-del-uso-del-castillo-de-los-templarios-tras-la-polemica-fiesta-posterior-a-la-semana-de-la-moda\/#article","isPartOf":{"@id":"https:\/\/agrupacionespsoe.es\/ponferrada\/el-grupo-municipal-socialista-pide-una-regulacion-clara-del-uso-del-castillo-de-los-templarios-tras-la-polemica-fiesta-posterior-a-la-semana-de-la-moda\/"},"author":{"name":"ponferrada2","@id":"https:\/\/agrupacionespsoe.es\/ponferrada\/#\/schema\/person\/cd29ee627f3b70c05d415f02596debaa"},"headline":"El Grupo Municipal Socialista pide una regulaci\u00f3n clara del uso del Castillo de los Templarios tras la pol\u00e9mica fiesta posterior a la Semana de la Moda","datePublished":"2025-05-08T11:23:52+00:00","dateModified":"2025-05-08T11:23:53+00:00","mainEntityOfPage":{"@id":"https:\/\/agrupacionespsoe.es\/ponferrada\/el-grupo-municipal-socialista-pide-una-regulacion-clara-del-uso-del-castillo-de-los-templarios-tras-la-polemica-fiesta-posterior-a-la-semana-de-la-moda\/"},"wordCount":516,"commentCount":0,"publisher":{"@id":"https:\/\/agrupacionespsoe.es\/ponferrada\/#organization"},"image":{"@id":"https:\/\/agrupacionespsoe.es\/ponferrada\/el-grupo-municipal-socialista-pide-una-regulacion-clara-del-uso-del-castillo-de-los-templarios-tras-la-polemica-fiesta-posterior-a-la-semana-de-la-moda\/#primaryimage"},"thumbnailUrl":"https:\/\/agrupacionespsoe.es\/ponferrada\/wp-content\/uploads\/sites\/36\/2025\/05\/WhatsApp-Image-2025-05-08-at-13.22.28.jpeg","articleSection":["ACTUALIDAD"],"inLanguage":"es","potentialAction":[{"@type":"CommentAction","name":"Comment","target":["https:\/\/agrupacionespsoe.es\/ponferrada\/el-grupo-municipal-socialista-pide-una-regulacion-clara-del-uso-del-castillo-de-los-templarios-tras-la-polemica-fiesta-posterior-a-la-semana-de-la-moda\/#respond"]}]},{"@type":"WebPage","@id":"https:\/\/agrupacionespsoe.es\/ponferrada\/el-grupo-municipal-socialista-pide-una-regulacion-clara-del-uso-del-castillo-de-los-templarios-tras-la-polemica-fiesta-posterior-a-la-semana-de-la-moda\/","url":"https:\/\/agrupacionespsoe.es\/ponferrada\/el-grupo-municipal-socialista-pide-una-regulacion-clara-del-uso-del-castillo-de-los-templarios-tras-la-polemica-fiesta-posterior-a-la-semana-de-la-moda\/","name":"El Grupo Municipal Socialista pide una regulaci\u00f3n clara del uso del Castillo de los Templarios tras la pol\u00e9mica fiesta posterior a la Semana de la Moda - Agrupaci\u00f3n Socialista de Ponferrada","isPartOf":{"@id":"https:\/\/agrupacionespsoe.es\/ponferrada\/#website"},"primaryImageOfPage":{"@id":"https:\/\/agrupacionespsoe.es\/ponferrada\/el-grupo-municipal-socialista-pide-una-regulacion-clara-del-uso-del-castillo-de-los-templarios-tras-la-polemica-fiesta-posterior-a-la-semana-de-la-moda\/#primaryimage"},"image":{"@id":"https:\/\/agrupacionespsoe.es\/ponferrada\/el-grupo-municipal-socialista-pide-una-regulacion-clara-del-uso-del-castillo-de-los-templarios-tras-la-polemica-fiesta-posterior-a-la-semana-de-la-moda\/#primaryimage"},"thumbnailUrl":"https:\/\/agrupacionespsoe.es\/ponferrada\/wp-content\/uploads\/sites\/36\/2025\/05\/WhatsApp-Image-2025-05-08-at-13.22.28.jpeg","datePublished":"2025-05-08T11:23:52+00:00","dateModified":"2025-05-08T11:23:53+00:00","breadcrumb":{"@id":"https:\/\/agrupacionespsoe.es\/ponferrada\/el-grupo-municipal-socialista-pide-una-regulacion-clara-del-uso-del-castillo-de-los-templarios-tras-la-polemica-fiesta-posterior-a-la-semana-de-la-moda\/#breadcrumb"},"inLanguage":"es","potentialAction":[{"@type":"ReadAction","target":["https:\/\/agrupacionespsoe.es\/ponferrada\/el-grupo-municipal-socialista-pide-una-regulacion-clara-del-uso-del-castillo-de-los-templarios-tras-la-polemica-fiesta-posterior-a-la-semana-de-la-moda\/"]}]},{"@type":"ImageObject","inLanguage":"es","@id":"https:\/\/agrupacionespsoe.es\/ponferrada\/el-grupo-municipal-socialista-pide-una-regulacion-clara-del-uso-del-castillo-de-los-templarios-tras-la-polemica-fiesta-posterior-a-la-semana-de-la-moda\/#primaryimage","url":"https:\/\/agrupacionespsoe.es\/ponferrada\/wp-content\/uploads\/sites\/36\/2025\/05\/WhatsApp-Image-2025-05-08-at-13.22.28.jpeg","contentUrl":"https:\/\/agrupacionespsoe.es\/ponferrada\/wp-content\/uploads\/sites\/36\/2025\/05\/WhatsApp-Image-2025-05-08-at-13.22.28.jpeg","width":2048,"height":1536},{"@type":"BreadcrumbList","@id":"https:\/\/agrupacionespsoe.es\/ponferrada\/el-grupo-municipal-socialista-pide-una-regulacion-clara-del-uso-del-castillo-de-los-templarios-tras-la-polemica-fiesta-posterior-a-la-semana-de-la-moda\/#breadcrumb","itemListElement":[{"@type":"ListItem","position":1,"name":"Portada","item":"https:\/\/agrupacionespsoe.es\/ponferrada\/"},{"@type":"ListItem","position":2,"name":"El Grupo Municipal Socialista pide una regulaci\u00f3n clara del uso del Castillo de los Templarios tras la pol\u00e9mica fiesta posterior a la Semana de la Moda"}]},{"@type":"WebSite","@id":"https:\/\/agrupacionespsoe.es\/ponferrada\/#website","url":"https:\/\/agrupacionespsoe.es\/ponferrada\/","name":"Agrupaci\u00f3n Socialista de Ponferrada","description":"Agrupaci\u00f3n Socialista de Ponferrada","publisher":{"@id":"https:\/\/agrupacionespsoe.es\/ponferrada\/#organization"},"potentialAction":[{"@type":"SearchAction","target":{"@type":"EntryPoint","urlTemplate":"https:\/\/agrupacionespsoe.es\/ponferrada\/?s={search_term_string}"},"query-input":{"@type":"PropertyValueSpecification","valueRequired":true,"valueName":"search_term_string"}}],"inLanguage":"es"},{"@type":"Organization","@id":"https:\/\/agrupacionespsoe.es\/ponferrada\/#organization","name":"Agrupaci\u00f3n Socialista de Ponferrada","url":"https:\/\/agrupacionespsoe.es\/ponferrada\/","logo":{"@type":"ImageObject","inLanguage":"es","@id":"https:\/\/agrupacionespsoe.es\/ponferrada\/#\/schema\/logo\/image\/","url":"https:\/\/agrupacionespsoe.es\/wp-content\/uploads\/2022\/07\/Logotipo_electoral_del_PSOE.png","contentUrl":"https:\/\/agrupacionespsoe.es\/wp-content\/uploads\/2022\/07\/Logotipo_electoral_del_PSOE.png","width":422,"height":422,"caption":"Agrupaci\u00f3n Socialista de Ponferrada"},"image":{"@id":"https:\/\/agrupacionespsoe.es\/ponferrada\/#\/schema\/logo\/image\/"}},{"@type":"Person","@id":"https:\/\/agrupacionespsoe.es\/ponferrada\/#\/schema\/person\/cd29ee627f3b70c05d415f02596debaa","name":"ponferrada2","image":{"@type":"ImageObject","inLanguage":"es","@id":"https:\/\/agrupacionespsoe.es\/ponferrada\/#\/schema\/person\/image\/","url":"https:\/\/secure.gravatar.com\/avatar\/f499eeb60144c664cf7b7edf75549b50?s=96&d=mm&r=g","contentUrl":"https:\/\/secure.gravatar.com\/avatar\/f499eeb60144c664cf7b7edf75549b50?s=96&d=mm&r=g","caption":"ponferrada2"},"url":"https:\/\/agrupacionespsoe.es\/ponferrada\/author\/ponferrada2\/"}]}},"jetpack_featured_media_url":"https:\/\/agrupacionespsoe.es\/ponferrada\/wp-content\/uploads\/sites\/36\/2025\/05\/WhatsApp-Image-2025-05-08-at-13.22.28.jpeg","jetpack_sharing_enabled":true,"_links":{"self":[{"href":"https:\/\/agrupacionespsoe.es\/ponferrada\/wp-json\/wp\/v2\/posts\/890","targetHints":{"allow":["GET"]}}],"collection":[{"href":"https:\/\/agrupacionespsoe.es\/ponferrada\/wp-json\/wp\/v2\/posts"}],"about":[{"href":"https:\/\/agrupacionespsoe.es\/ponferrada\/wp-json\/wp\/v2\/types\/post"}],"author":[{"embeddable":true,"href":"https:\/\/agrupacionespsoe.es\/ponferrada\/wp-json\/wp\/v2\/users\/32"}],"replies":[{"embeddable":true,"href":"https:\/\/agrupacionespsoe.es\/ponferrada\/wp-json\/wp\/v2\/comments?post=890"}],"version-history":[{"count":2,"href":"https:\/\/agrupacionespsoe.es\/ponferrada\/wp-json\/wp\/v2\/posts\/890\/revisions"}],"predecessor-version":[{"id":894,"href":"https:\/\/agrupacionespsoe.es\/ponferrada\/wp-json\/wp\/v2\/posts\/890\/revisions\/894"}],"wp:featuredmedia":[{"embeddable":true,"href":"https:\/\/agrupacionespsoe.es\/ponferrada\/wp-json\/wp\/v2\/media\/891"}],"wp:attachment":[{"href":"https:\/\/agrupacionespsoe.es\/ponferrada\/wp-json\/wp\/v2\/media?parent=890"}],"wp:term":[{"taxonomy":"category","embeddable":true,"href":"https:\/\/agrupacionespsoe.es\/ponferrada\/wp-json\/wp\/v2\/categories?post=890"},{"taxonomy":"post_tag","embeddable":true,"href":"https:\/\/agrupacionespsoe.es\/ponferrada\/wp-json\/wp\/v2\/tags?post=890"}],"curies":[{"name":"wp","href":"https:\/\/api.w.org\/{rel}","templated":true}]}}