{"id":875,"date":"2025-04-28T15:35:34","date_gmt":"2025-04-28T15:35:34","guid":{"rendered":"https:\/\/agrupacionespsoe.es\/ponferrada\/?p=875"},"modified":"2025-04-28T15:35:34","modified_gmt":"2025-04-28T15:35:34","slug":"bouzas-alza-la-voz-abandono-institucional-y-obras-prometidas-sin-ejecutar","status":"publish","type":"post","link":"https:\/\/agrupacionespsoe.es\/ponferrada\/bouzas-alza-la-voz-abandono-institucional-y-obras-prometidas-sin-ejecutar\/","title":{"rendered":"\u00abBouzas alza la voz: abandono institucional y obras prometidas sin ejecutar\u00bb."},"content":{"rendered":"\n<p class=\"has-large-font-size\">\u00abOlegario Ram\u00f3n: \u2018El alcalde prometi\u00f3 cercan\u00eda y lo \u00fanico que ha dado es silencio\u2019\u00bb<\/p>\n\n\n\n<p>El grupo municipal socialista se ha desplazado recientemente a la pedan\u00eda de Bouzas, dentro de su ronda de visitas a las localidades del municipio, y junto a la ped\u00e1nea Mirta Blanco ha podido comprobar el estado de abandono en el que se encuentra el pueblo.<\/p>\n\n\n\n<p>La ped\u00e1nea de Bouzas, Mirta Blanco, ha pedido respuestas y explicaciones ante la par\u00e1lisis de las actuaciones previstas en los presupuestos de 2024 y el deterioro progresivo de las infraestructuras del pueblo.<\/p>\n\n\n\n<p>Mirta Blanco ha decidido alzar la voz para defender los derechos de Bouzas ante lo que califica como una situaci\u00f3n de abandono institucional y falta de compromiso por parte del equipo de Gobierno del Ayuntamiento de Ponferrada. Se\u00f1ala que \u201ca d\u00eda de hoy, las obras comprometidas en el presupuesto municipal de 2024 siguen sin ejecutarse, y la comunicaci\u00f3n con los responsables municipales es inexistente desde el pasado 28 de octubre.\u201d<\/p>\n\n\n\n<p>Entre los proyectos paralizados se encuentran la consolidaci\u00f3n del muro de la era, que d\u00eda a d\u00eda aumenta el riesgo de derrumbe sin que desde el ayuntamiento pongan ninguna soluci\u00f3n, y la esperada instalaci\u00f3n de un parque infantil, una necesidad largamente demandada por las familias de Bouzas.<\/p>\n\n\n\n<p>Mirta Blanco, ped\u00e1nea de Bouzas, ha expresado su profundo malestar ante esta situaci\u00f3n: \u201cEstamos cansados de esperar promesas que no llegan. Desde hace meses no hemos recibido ni una sola respuesta por parte del concejal del \u00e1rea ni del equipo de Gobierno. No sabemos si se van a ejecutar las obras o si simplemente han decidido olvidarse de Bouzas. Esta situaci\u00f3n es inaceptable. No se puede gobernar ignorando a los pueblos. Bouzas merece respeto, informaci\u00f3n y, sobre todo, hechos\u201d.<\/p>\n\n\n\n<p>La ped\u00e1nea tambi\u00e9n ha recordado que ha trasladado en numerosas ocasiones el mal estado de la carretera principal del pueblo, sin obtener resultados. \u201cEl acceso a Bouzas presenta baches, falta de mantenimiento y supone un peligro para los veh\u00edculos y peatones\u201d, se\u00f1al\u00f3.<\/p>\n\n\n\n<p>Adem\u00e1s, denunci\u00f3 el abandono de las antiguas escuelas del pueblo, un edificio que no s\u00f3lo contin\u00faa deterior\u00e1ndose, sino que presenta un claro peligro de derrumbe. \u201cHemos registrado m\u00faltiples escritos alertando de esta situaci\u00f3n y no se ha actuado. No entendemos el abandono en el que tienen a Bouzas.\u201d, Indic\u00f3 la pedanea.<\/p>\n\n\n\n<p>El portavoz del PSOE en el Ayuntamiento de Ponferrada, Olegario Ram\u00f3n, ha respaldado las reclamaciones de la ped\u00e1nea, lamentando la falta de sensibilidad del actual Gobierno municipal con las pedan\u00edas: \u201cDesde el PSOE hemos visitado Bouzas en varias ocasiones, y hemos podido comprobar en persona el mal estado de sus infraestructuras. Es inconcebible que el concejal responsable del \u00e1rea no haya ofrecido una sola explicaci\u00f3n desde octubre. Bouzas no puede seguir siendo tratada como una pedan\u00eda de segunda. Las obras estaban presupuestadas y deben ejecutarse o al menos dar explicaciones a los afectados de por qu\u00e9 no se han hecho. El actual equipo de Gobierno est\u00e1 demostrando una absoluta falta de voluntad pol\u00edtica para atender las necesidades de los pueblos del municipio\u201d.<\/p>\n\n\n\n<p>El PSOE exige al Ayuntamiento que se restablezca la comunicaci\u00f3n con la pedan\u00eda, se cumpla con los compromisos presupuestarios y se priorice la seguridad y el bienestar de los vecinos y vecinas de Bouzas. \u201cNo estamos pidiendo favores, estamos exigiendo derechos\u201d, sentenci\u00f3 Ram\u00f3n.<\/p>\n\n\n\n<p>Desde el PSOE tambi\u00e9n han recordado que en octubre del a\u00f1o pasado el Alcalde Morala anunciaba con entusiasmo que iniciaba ronda de visitas a las pedan\u00edas de Ponferrada porque seg\u00fan se\u00f1alaba \u00abEs importante mantener el contacto directo con nuestros pueblos y barrios, dando m\u00e1s voz y protagonismo a las Juntas Vecinales\u00bb, pero hasta la fecha solo ha visitado una, dejando claro que su compromiso con el medio rural se queda en anuncios y palabras vac\u00edas. El portavoz del PSOE, Olegario Ram\u00f3n, se\u00f1ala que a su juicio, el alcalde pisa poco los barrios y menos las pedan\u00edas, tan solo en algunas fiestas populares. Prometi\u00f3 cercan\u00eda y escucha, y que no existir\u00edan ciudadanos de primera y ciudadanos de segunda, pero lo cierto es que gobierna desde la distancia, sin dar la cara donde realmente se le necesita\u201d.<\/p>\n\n\n\n<figure class=\"wp-block-gallery has-nested-images columns-default is-cropped wp-block-gallery-1 is-layout-flex wp-block-gallery-is-layout-flex\">\n<figure class=\"wp-block-image size-large\"><img loading=\"lazy\" decoding=\"async\" width=\"1024\" height=\"768\" data-id=\"876\" src=\"https:\/\/agrupacionespsoe.es\/ponferrada\/wp-content\/uploads\/sites\/36\/2025\/04\/WhatsApp-Image-2025-04-28-at-17.34.15-3-1024x768.jpeg\" alt=\"\" class=\"wp-image-876\" srcset=\"https:\/\/agrupacionespsoe.es\/ponferrada\/wp-content\/uploads\/sites\/36\/2025\/04\/WhatsApp-Image-2025-04-28-at-17.34.15-3-1024x768.jpeg 1024w, https:\/\/agrupacionespsoe.es\/ponferrada\/wp-content\/uploads\/sites\/36\/2025\/04\/WhatsApp-Image-2025-04-28-at-17.34.15-3-300x225.jpeg 300w, https:\/\/agrupacionespsoe.es\/ponferrada\/wp-content\/uploads\/sites\/36\/2025\/04\/WhatsApp-Image-2025-04-28-at-17.34.15-3-768x576.jpeg 768w, https:\/\/agrupacionespsoe.es\/ponferrada\/wp-content\/uploads\/sites\/36\/2025\/04\/WhatsApp-Image-2025-04-28-at-17.34.15-3-1536x1152.jpeg 1536w, https:\/\/agrupacionespsoe.es\/ponferrada\/wp-content\/uploads\/sites\/36\/2025\/04\/WhatsApp-Image-2025-04-28-at-17.34.15-3.jpeg 1600w\" sizes=\"auto, (max-width: 1024px) 100vw, 1024px\" \/><\/figure>\n\n\n\n<figure class=\"wp-block-image size-large\"><img loading=\"lazy\" decoding=\"async\" width=\"1024\" height=\"768\" data-id=\"878\" src=\"https:\/\/agrupacionespsoe.es\/ponferrada\/wp-content\/uploads\/sites\/36\/2025\/04\/WhatsApp-Image-2025-04-28-at-17.34.15-2-1024x768.jpeg\" alt=\"\" class=\"wp-image-878\" srcset=\"https:\/\/agrupacionespsoe.es\/ponferrada\/wp-content\/uploads\/sites\/36\/2025\/04\/WhatsApp-Image-2025-04-28-at-17.34.15-2-1024x768.jpeg 1024w, https:\/\/agrupacionespsoe.es\/ponferrada\/wp-content\/uploads\/sites\/36\/2025\/04\/WhatsApp-Image-2025-04-28-at-17.34.15-2-300x225.jpeg 300w, https:\/\/agrupacionespsoe.es\/ponferrada\/wp-content\/uploads\/sites\/36\/2025\/04\/WhatsApp-Image-2025-04-28-at-17.34.15-2-768x576.jpeg 768w, https:\/\/agrupacionespsoe.es\/ponferrada\/wp-content\/uploads\/sites\/36\/2025\/04\/WhatsApp-Image-2025-04-28-at-17.34.15-2-1536x1152.jpeg 1536w, https:\/\/agrupacionespsoe.es\/ponferrada\/wp-content\/uploads\/sites\/36\/2025\/04\/WhatsApp-Image-2025-04-28-at-17.34.15-2.jpeg 1600w\" sizes=\"auto, (max-width: 1024px) 100vw, 1024px\" \/><\/figure>\n\n\n\n<figure class=\"wp-block-image size-large\"><img loading=\"lazy\" decoding=\"async\" width=\"1024\" height=\"768\" data-id=\"879\" src=\"https:\/\/agrupacionespsoe.es\/ponferrada\/wp-content\/uploads\/sites\/36\/2025\/04\/WhatsApp-Image-2025-04-28-at-17.34.15-1-1024x768.jpeg\" alt=\"\" class=\"wp-image-879\" srcset=\"https:\/\/agrupacionespsoe.es\/ponferrada\/wp-content\/uploads\/sites\/36\/2025\/04\/WhatsApp-Image-2025-04-28-at-17.34.15-1-1024x768.jpeg 1024w, https:\/\/agrupacionespsoe.es\/ponferrada\/wp-content\/uploads\/sites\/36\/2025\/04\/WhatsApp-Image-2025-04-28-at-17.34.15-1-300x225.jpeg 300w, https:\/\/agrupacionespsoe.es\/ponferrada\/wp-content\/uploads\/sites\/36\/2025\/04\/WhatsApp-Image-2025-04-28-at-17.34.15-1-768x576.jpeg 768w, https:\/\/agrupacionespsoe.es\/ponferrada\/wp-content\/uploads\/sites\/36\/2025\/04\/WhatsApp-Image-2025-04-28-at-17.34.15-1-1536x1152.jpeg 1536w, https:\/\/agrupacionespsoe.es\/ponferrada\/wp-content\/uploads\/sites\/36\/2025\/04\/WhatsApp-Image-2025-04-28-at-17.34.15-1.jpeg 2048w\" sizes=\"auto, (max-width: 1024px) 100vw, 1024px\" \/><\/figure>\n\n\n\n<figure class=\"wp-block-image size-large\"><img loading=\"lazy\" decoding=\"async\" width=\"1024\" height=\"768\" data-id=\"877\" src=\"https:\/\/agrupacionespsoe.es\/ponferrada\/wp-content\/uploads\/sites\/36\/2025\/04\/WhatsApp-Image-2025-04-28-at-17.34.15-1024x768.jpeg\" alt=\"\" class=\"wp-image-877\" srcset=\"https:\/\/agrupacionespsoe.es\/ponferrada\/wp-content\/uploads\/sites\/36\/2025\/04\/WhatsApp-Image-2025-04-28-at-17.34.15-1024x768.jpeg 1024w, https:\/\/agrupacionespsoe.es\/ponferrada\/wp-content\/uploads\/sites\/36\/2025\/04\/WhatsApp-Image-2025-04-28-at-17.34.15-300x225.jpeg 300w, https:\/\/agrupacionespsoe.es\/ponferrada\/wp-content\/uploads\/sites\/36\/2025\/04\/WhatsApp-Image-2025-04-28-at-17.34.15-768x576.jpeg 768w, https:\/\/agrupacionespsoe.es\/ponferrada\/wp-content\/uploads\/sites\/36\/2025\/04\/WhatsApp-Image-2025-04-28-at-17.34.15-1536x1152.jpeg 1536w, https:\/\/agrupacionespsoe.es\/ponferrada\/wp-content\/uploads\/sites\/36\/2025\/04\/WhatsApp-Image-2025-04-28-at-17.34.15.jpeg 1600w\" sizes=\"auto, (max-width: 1024px) 100vw, 1024px\" \/><\/figure>\n<\/figure>\n","protected":false},"excerpt":{"rendered":"<p>\u00abOlegario Ram\u00f3n: \u2018El alcalde prometi\u00f3 cercan\u00eda y lo \u00fanico que ha dado es silencio\u2019\u00bb El grupo municipal socialista se ha desplazado recientemente a la pedan\u00eda de Bouzas, dentro de su ronda de visitas a las localidades del municipio, y junto a la ped\u00e1nea Mirta Blanco ha podido comprobar el estado de abandono en el que &#8230;<\/p>\n","protected":false},"author":32,"featured_media":879,"comment_status":"open","ping_status":"open","sticky":false,"template":"","format":"standard","meta":{"_jetpack_memberships_contains_paid_content":false,"footnotes":""},"categories":[6],"tags":[],"class_list":["post-875","post","type-post","status-publish","format-standard","has-post-thumbnail","hentry","category-actualidad"],"yoast_head":"<!-- This site is optimized with the Yoast SEO plugin v24.0 - https:\/\/yoast.com\/wordpress\/plugins\/seo\/ -->\n<title>&quot;Bouzas alza la voz: abandono institucional y obras prometidas sin ejecutar&quot;. - Agrupaci\u00f3n Socialista de Ponferrada<\/title>\n<meta name=\"robots\" content=\"index, follow, max-snippet:-1, max-image-preview:large, max-video-preview:-1\" \/>\n<link rel=\"canonical\" href=\"https:\/\/agrupacionespsoe.es\/ponferrada\/bouzas-alza-la-voz-abandono-institucional-y-obras-prometidas-sin-ejecutar\/\" \/>\n<meta property=\"og:locale\" content=\"es_ES\" \/>\n<meta property=\"og:type\" content=\"article\" \/>\n<meta property=\"og:title\" content=\"&quot;Bouzas alza la voz: abandono institucional y obras prometidas sin ejecutar&quot;. - Agrupaci\u00f3n Socialista de Ponferrada\" \/>\n<meta property=\"og:description\" content=\"\u00abOlegario Ram\u00f3n: \u2018El alcalde prometi\u00f3 cercan\u00eda y lo \u00fanico que ha dado es silencio\u2019\u00bb El grupo municipal socialista se ha desplazado recientemente a la pedan\u00eda de Bouzas, dentro de su ronda de visitas a las localidades del municipio, y junto a la ped\u00e1nea Mirta Blanco ha podido comprobar el estado de abandono en el que ...\" \/>\n<meta property=\"og:url\" content=\"https:\/\/agrupacionespsoe.es\/ponferrada\/bouzas-alza-la-voz-abandono-institucional-y-obras-prometidas-sin-ejecutar\/\" \/>\n<meta property=\"og:site_name\" content=\"Agrupaci\u00f3n Socialista de Ponferrada\" \/>\n<meta property=\"article:published_time\" content=\"2025-04-28T15:35:34+00:00\" \/>\n<meta property=\"og:image\" content=\"https:\/\/agrupacionespsoe.es\/ponferrada\/wp-content\/uploads\/sites\/36\/2025\/04\/WhatsApp-Image-2025-04-28-at-17.34.15-1.jpeg\" \/>\n\t<meta property=\"og:image:width\" content=\"2048\" \/>\n\t<meta property=\"og:image:height\" content=\"1536\" \/>\n\t<meta property=\"og:image:type\" content=\"image\/jpeg\" \/>\n<meta name=\"author\" content=\"ponferrada2\" \/>\n<meta name=\"twitter:card\" content=\"summary_large_image\" \/>\n<meta name=\"twitter:label1\" content=\"Escrito por\" \/>\n\t<meta name=\"twitter:data1\" content=\"ponferrada2\" \/>\n\t<meta name=\"twitter:label2\" content=\"Tiempo de lectura\" \/>\n\t<meta name=\"twitter:data2\" content=\"5 minutos\" \/>\n<script type=\"application\/ld+json\" class=\"yoast-schema-graph\">{\"@context\":\"https:\/\/schema.org\",\"@graph\":[{\"@type\":\"Article\",\"@id\":\"https:\/\/agrupacionespsoe.es\/ponferrada\/bouzas-alza-la-voz-abandono-institucional-y-obras-prometidas-sin-ejecutar\/#article\",\"isPartOf\":{\"@id\":\"https:\/\/agrupacionespsoe.es\/ponferrada\/bouzas-alza-la-voz-abandono-institucional-y-obras-prometidas-sin-ejecutar\/\"},\"author\":{\"name\":\"ponferrada2\",\"@id\":\"https:\/\/agrupacionespsoe.es\/ponferrada\/#\/schema\/person\/cd29ee627f3b70c05d415f02596debaa\"},\"headline\":\"\u00abBouzas alza la voz: abandono institucional y obras prometidas sin ejecutar\u00bb.\",\"datePublished\":\"2025-04-28T15:35:34+00:00\",\"dateModified\":\"2025-04-28T15:35:34+00:00\",\"mainEntityOfPage\":{\"@id\":\"https:\/\/agrupacionespsoe.es\/ponferrada\/bouzas-alza-la-voz-abandono-institucional-y-obras-prometidas-sin-ejecutar\/\"},\"wordCount\":738,\"commentCount\":0,\"publisher\":{\"@id\":\"https:\/\/agrupacionespsoe.es\/ponferrada\/#organization\"},\"image\":{\"@id\":\"https:\/\/agrupacionespsoe.es\/ponferrada\/bouzas-alza-la-voz-abandono-institucional-y-obras-prometidas-sin-ejecutar\/#primaryimage\"},\"thumbnailUrl\":\"https:\/\/agrupacionespsoe.es\/ponferrada\/wp-content\/uploads\/sites\/36\/2025\/04\/WhatsApp-Image-2025-04-28-at-17.34.15-1.jpeg\",\"articleSection\":[\"ACTUALIDAD\"],\"inLanguage\":\"es\",\"potentialAction\":[{\"@type\":\"CommentAction\",\"name\":\"Comment\",\"target\":[\"https:\/\/agrupacionespsoe.es\/ponferrada\/bouzas-alza-la-voz-abandono-institucional-y-obras-prometidas-sin-ejecutar\/#respond\"]}]},{\"@type\":\"WebPage\",\"@id\":\"https:\/\/agrupacionespsoe.es\/ponferrada\/bouzas-alza-la-voz-abandono-institucional-y-obras-prometidas-sin-ejecutar\/\",\"url\":\"https:\/\/agrupacionespsoe.es\/ponferrada\/bouzas-alza-la-voz-abandono-institucional-y-obras-prometidas-sin-ejecutar\/\",\"name\":\"\\\"Bouzas alza la voz: abandono institucional y obras prometidas sin ejecutar\\\". - Agrupaci\u00f3n Socialista de Ponferrada\",\"isPartOf\":{\"@id\":\"https:\/\/agrupacionespsoe.es\/ponferrada\/#website\"},\"primaryImageOfPage\":{\"@id\":\"https:\/\/agrupacionespsoe.es\/ponferrada\/bouzas-alza-la-voz-abandono-institucional-y-obras-prometidas-sin-ejecutar\/#primaryimage\"},\"image\":{\"@id\":\"https:\/\/agrupacionespsoe.es\/ponferrada\/bouzas-alza-la-voz-abandono-institucional-y-obras-prometidas-sin-ejecutar\/#primaryimage\"},\"thumbnailUrl\":\"https:\/\/agrupacionespsoe.es\/ponferrada\/wp-content\/uploads\/sites\/36\/2025\/04\/WhatsApp-Image-2025-04-28-at-17.34.15-1.jpeg\",\"datePublished\":\"2025-04-28T15:35:34+00:00\",\"dateModified\":\"2025-04-28T15:35:34+00:00\",\"breadcrumb\":{\"@id\":\"https:\/\/agrupacionespsoe.es\/ponferrada\/bouzas-alza-la-voz-abandono-institucional-y-obras-prometidas-sin-ejecutar\/#breadcrumb\"},\"inLanguage\":\"es\",\"potentialAction\":[{\"@type\":\"ReadAction\",\"target\":[\"https:\/\/agrupacionespsoe.es\/ponferrada\/bouzas-alza-la-voz-abandono-institucional-y-obras-prometidas-sin-ejecutar\/\"]}]},{\"@type\":\"ImageObject\",\"inLanguage\":\"es\",\"@id\":\"https:\/\/agrupacionespsoe.es\/ponferrada\/bouzas-alza-la-voz-abandono-institucional-y-obras-prometidas-sin-ejecutar\/#primaryimage\",\"url\":\"https:\/\/agrupacionespsoe.es\/ponferrada\/wp-content\/uploads\/sites\/36\/2025\/04\/WhatsApp-Image-2025-04-28-at-17.34.15-1.jpeg\",\"contentUrl\":\"https:\/\/agrupacionespsoe.es\/ponferrada\/wp-content\/uploads\/sites\/36\/2025\/04\/WhatsApp-Image-2025-04-28-at-17.34.15-1.jpeg\",\"width\":2048,\"height\":1536},{\"@type\":\"BreadcrumbList\",\"@id\":\"https:\/\/agrupacionespsoe.es\/ponferrada\/bouzas-alza-la-voz-abandono-institucional-y-obras-prometidas-sin-ejecutar\/#breadcrumb\",\"itemListElement\":[{\"@type\":\"ListItem\",\"position\":1,\"name\":\"Portada\",\"item\":\"https:\/\/agrupacionespsoe.es\/ponferrada\/\"},{\"@type\":\"ListItem\",\"position\":2,\"name\":\"\u00abBouzas alza la voz: abandono institucional y obras prometidas sin ejecutar\u00bb.\"}]},{\"@type\":\"WebSite\",\"@id\":\"https:\/\/agrupacionespsoe.es\/ponferrada\/#website\",\"url\":\"https:\/\/agrupacionespsoe.es\/ponferrada\/\",\"name\":\"Agrupaci\u00f3n Socialista de Ponferrada\",\"description\":\"Agrupaci\u00f3n Socialista de Ponferrada\",\"publisher\":{\"@id\":\"https:\/\/agrupacionespsoe.es\/ponferrada\/#organization\"},\"potentialAction\":[{\"@type\":\"SearchAction\",\"target\":{\"@type\":\"EntryPoint\",\"urlTemplate\":\"https:\/\/agrupacionespsoe.es\/ponferrada\/?s={search_term_string}\"},\"query-input\":{\"@type\":\"PropertyValueSpecification\",\"valueRequired\":true,\"valueName\":\"search_term_string\"}}],\"inLanguage\":\"es\"},{\"@type\":\"Organization\",\"@id\":\"https:\/\/agrupacionespsoe.es\/ponferrada\/#organization\",\"name\":\"Agrupaci\u00f3n Socialista de Ponferrada\",\"url\":\"https:\/\/agrupacionespsoe.es\/ponferrada\/\",\"logo\":{\"@type\":\"ImageObject\",\"inLanguage\":\"es\",\"@id\":\"https:\/\/agrupacionespsoe.es\/ponferrada\/#\/schema\/logo\/image\/\",\"url\":\"https:\/\/agrupacionespsoe.es\/wp-content\/uploads\/2022\/07\/Logotipo_electoral_del_PSOE.png\",\"contentUrl\":\"https:\/\/agrupacionespsoe.es\/wp-content\/uploads\/2022\/07\/Logotipo_electoral_del_PSOE.png\",\"width\":422,\"height\":422,\"caption\":\"Agrupaci\u00f3n Socialista de Ponferrada\"},\"image\":{\"@id\":\"https:\/\/agrupacionespsoe.es\/ponferrada\/#\/schema\/logo\/image\/\"}},{\"@type\":\"Person\",\"@id\":\"https:\/\/agrupacionespsoe.es\/ponferrada\/#\/schema\/person\/cd29ee627f3b70c05d415f02596debaa\",\"name\":\"ponferrada2\",\"image\":{\"@type\":\"ImageObject\",\"inLanguage\":\"es\",\"@id\":\"https:\/\/agrupacionespsoe.es\/ponferrada\/#\/schema\/person\/image\/\",\"url\":\"https:\/\/secure.gravatar.com\/avatar\/f499eeb60144c664cf7b7edf75549b50?s=96&d=mm&r=g\",\"contentUrl\":\"https:\/\/secure.gravatar.com\/avatar\/f499eeb60144c664cf7b7edf75549b50?s=96&d=mm&r=g\",\"caption\":\"ponferrada2\"},\"url\":\"https:\/\/agrupacionespsoe.es\/ponferrada\/author\/ponferrada2\/\"}]}<\/script>\n<!-- \/ Yoast SEO plugin. -->","yoast_head_json":{"title":"\"Bouzas alza la voz: abandono institucional y obras prometidas sin ejecutar\". - Agrupaci\u00f3n Socialista de Ponferrada","robots":{"index":"index","follow":"follow","max-snippet":"max-snippet:-1","max-image-preview":"max-image-preview:large","max-video-preview":"max-video-preview:-1"},"canonical":"https:\/\/agrupacionespsoe.es\/ponferrada\/bouzas-alza-la-voz-abandono-institucional-y-obras-prometidas-sin-ejecutar\/","og_locale":"es_ES","og_type":"article","og_title":"\"Bouzas alza la voz: abandono institucional y obras prometidas sin ejecutar\". - Agrupaci\u00f3n Socialista de Ponferrada","og_description":"\u00abOlegario Ram\u00f3n: \u2018El alcalde prometi\u00f3 cercan\u00eda y lo \u00fanico que ha dado es silencio\u2019\u00bb El grupo municipal socialista se ha desplazado recientemente a la pedan\u00eda de Bouzas, dentro de su ronda de visitas a las localidades del municipio, y junto a la ped\u00e1nea Mirta Blanco ha podido comprobar el estado de abandono en el que ...","og_url":"https:\/\/agrupacionespsoe.es\/ponferrada\/bouzas-alza-la-voz-abandono-institucional-y-obras-prometidas-sin-ejecutar\/","og_site_name":"Agrupaci\u00f3n Socialista de Ponferrada","article_published_time":"2025-04-28T15:35:34+00:00","og_image":[{"width":2048,"height":1536,"url":"https:\/\/agrupacionespsoe.es\/ponferrada\/wp-content\/uploads\/sites\/36\/2025\/04\/WhatsApp-Image-2025-04-28-at-17.34.15-1.jpeg","type":"image\/jpeg"}],"author":"ponferrada2","twitter_card":"summary_large_image","twitter_misc":{"Escrito por":"ponferrada2","Tiempo de lectura":"5 minutos"},"schema":{"@context":"https:\/\/schema.org","@graph":[{"@type":"Article","@id":"https:\/\/agrupacionespsoe.es\/ponferrada\/bouzas-alza-la-voz-abandono-institucional-y-obras-prometidas-sin-ejecutar\/#article","isPartOf":{"@id":"https:\/\/agrupacionespsoe.es\/ponferrada\/bouzas-alza-la-voz-abandono-institucional-y-obras-prometidas-sin-ejecutar\/"},"author":{"name":"ponferrada2","@id":"https:\/\/agrupacionespsoe.es\/ponferrada\/#\/schema\/person\/cd29ee627f3b70c05d415f02596debaa"},"headline":"\u00abBouzas alza la voz: abandono institucional y obras prometidas sin ejecutar\u00bb.","datePublished":"2025-04-28T15:35:34+00:00","dateModified":"2025-04-28T15:35:34+00:00","mainEntityOfPage":{"@id":"https:\/\/agrupacionespsoe.es\/ponferrada\/bouzas-alza-la-voz-abandono-institucional-y-obras-prometidas-sin-ejecutar\/"},"wordCount":738,"commentCount":0,"publisher":{"@id":"https:\/\/agrupacionespsoe.es\/ponferrada\/#organization"},"image":{"@id":"https:\/\/agrupacionespsoe.es\/ponferrada\/bouzas-alza-la-voz-abandono-institucional-y-obras-prometidas-sin-ejecutar\/#primaryimage"},"thumbnailUrl":"https:\/\/agrupacionespsoe.es\/ponferrada\/wp-content\/uploads\/sites\/36\/2025\/04\/WhatsApp-Image-2025-04-28-at-17.34.15-1.jpeg","articleSection":["ACTUALIDAD"],"inLanguage":"es","potentialAction":[{"@type":"CommentAction","name":"Comment","target":["https:\/\/agrupacionespsoe.es\/ponferrada\/bouzas-alza-la-voz-abandono-institucional-y-obras-prometidas-sin-ejecutar\/#respond"]}]},{"@type":"WebPage","@id":"https:\/\/agrupacionespsoe.es\/ponferrada\/bouzas-alza-la-voz-abandono-institucional-y-obras-prometidas-sin-ejecutar\/","url":"https:\/\/agrupacionespsoe.es\/ponferrada\/bouzas-alza-la-voz-abandono-institucional-y-obras-prometidas-sin-ejecutar\/","name":"\"Bouzas alza la voz: abandono institucional y obras prometidas sin ejecutar\". - Agrupaci\u00f3n Socialista de Ponferrada","isPartOf":{"@id":"https:\/\/agrupacionespsoe.es\/ponferrada\/#website"},"primaryImageOfPage":{"@id":"https:\/\/agrupacionespsoe.es\/ponferrada\/bouzas-alza-la-voz-abandono-institucional-y-obras-prometidas-sin-ejecutar\/#primaryimage"},"image":{"@id":"https:\/\/agrupacionespsoe.es\/ponferrada\/bouzas-alza-la-voz-abandono-institucional-y-obras-prometidas-sin-ejecutar\/#primaryimage"},"thumbnailUrl":"https:\/\/agrupacionespsoe.es\/ponferrada\/wp-content\/uploads\/sites\/36\/2025\/04\/WhatsApp-Image-2025-04-28-at-17.34.15-1.jpeg","datePublished":"2025-04-28T15:35:34+00:00","dateModified":"2025-04-28T15:35:34+00:00","breadcrumb":{"@id":"https:\/\/agrupacionespsoe.es\/ponferrada\/bouzas-alza-la-voz-abandono-institucional-y-obras-prometidas-sin-ejecutar\/#breadcrumb"},"inLanguage":"es","potentialAction":[{"@type":"ReadAction","target":["https:\/\/agrupacionespsoe.es\/ponferrada\/bouzas-alza-la-voz-abandono-institucional-y-obras-prometidas-sin-ejecutar\/"]}]},{"@type":"ImageObject","inLanguage":"es","@id":"https:\/\/agrupacionespsoe.es\/ponferrada\/bouzas-alza-la-voz-abandono-institucional-y-obras-prometidas-sin-ejecutar\/#primaryimage","url":"https:\/\/agrupacionespsoe.es\/ponferrada\/wp-content\/uploads\/sites\/36\/2025\/04\/WhatsApp-Image-2025-04-28-at-17.34.15-1.jpeg","contentUrl":"https:\/\/agrupacionespsoe.es\/ponferrada\/wp-content\/uploads\/sites\/36\/2025\/04\/WhatsApp-Image-2025-04-28-at-17.34.15-1.jpeg","width":2048,"height":1536},{"@type":"BreadcrumbList","@id":"https:\/\/agrupacionespsoe.es\/ponferrada\/bouzas-alza-la-voz-abandono-institucional-y-obras-prometidas-sin-ejecutar\/#breadcrumb","itemListElement":[{"@type":"ListItem","position":1,"name":"Portada","item":"https:\/\/agrupacionespsoe.es\/ponferrada\/"},{"@type":"ListItem","position":2,"name":"\u00abBouzas alza la voz: abandono institucional y obras prometidas sin ejecutar\u00bb."}]},{"@type":"WebSite","@id":"https:\/\/agrupacionespsoe.es\/ponferrada\/#website","url":"https:\/\/agrupacionespsoe.es\/ponferrada\/","name":"Agrupaci\u00f3n Socialista de Ponferrada","description":"Agrupaci\u00f3n Socialista de Ponferrada","publisher":{"@id":"https:\/\/agrupacionespsoe.es\/ponferrada\/#organization"},"potentialAction":[{"@type":"SearchAction","target":{"@type":"EntryPoint","urlTemplate":"https:\/\/agrupacionespsoe.es\/ponferrada\/?s={search_term_string}"},"query-input":{"@type":"PropertyValueSpecification","valueRequired":true,"valueName":"search_term_string"}}],"inLanguage":"es"},{"@type":"Organization","@id":"https:\/\/agrupacionespsoe.es\/ponferrada\/#organization","name":"Agrupaci\u00f3n Socialista de Ponferrada","url":"https:\/\/agrupacionespsoe.es\/ponferrada\/","logo":{"@type":"ImageObject","inLanguage":"es","@id":"https:\/\/agrupacionespsoe.es\/ponferrada\/#\/schema\/logo\/image\/","url":"https:\/\/agrupacionespsoe.es\/wp-content\/uploads\/2022\/07\/Logotipo_electoral_del_PSOE.png","contentUrl":"https:\/\/agrupacionespsoe.es\/wp-content\/uploads\/2022\/07\/Logotipo_electoral_del_PSOE.png","width":422,"height":422,"caption":"Agrupaci\u00f3n Socialista de Ponferrada"},"image":{"@id":"https:\/\/agrupacionespsoe.es\/ponferrada\/#\/schema\/logo\/image\/"}},{"@type":"Person","@id":"https:\/\/agrupacionespsoe.es\/ponferrada\/#\/schema\/person\/cd29ee627f3b70c05d415f02596debaa","name":"ponferrada2","image":{"@type":"ImageObject","inLanguage":"es","@id":"https:\/\/agrupacionespsoe.es\/ponferrada\/#\/schema\/person\/image\/","url":"https:\/\/secure.gravatar.com\/avatar\/f499eeb60144c664cf7b7edf75549b50?s=96&d=mm&r=g","contentUrl":"https:\/\/secure.gravatar.com\/avatar\/f499eeb60144c664cf7b7edf75549b50?s=96&d=mm&r=g","caption":"ponferrada2"},"url":"https:\/\/agrupacionespsoe.es\/ponferrada\/author\/ponferrada2\/"}]}},"jetpack_featured_media_url":"https:\/\/agrupacionespsoe.es\/ponferrada\/wp-content\/uploads\/sites\/36\/2025\/04\/WhatsApp-Image-2025-04-28-at-17.34.15-1.jpeg","jetpack_sharing_enabled":true,"_links":{"self":[{"href":"https:\/\/agrupacionespsoe.es\/ponferrada\/wp-json\/wp\/v2\/posts\/875","targetHints":{"allow":["GET"]}}],"collection":[{"href":"https:\/\/agrupacionespsoe.es\/ponferrada\/wp-json\/wp\/v2\/posts"}],"about":[{"href":"https:\/\/agrupacionespsoe.es\/ponferrada\/wp-json\/wp\/v2\/types\/post"}],"author":[{"embeddable":true,"href":"https:\/\/agrupacionespsoe.es\/ponferrada\/wp-json\/wp\/v2\/users\/32"}],"replies":[{"embeddable":true,"href":"https:\/\/agrupacionespsoe.es\/ponferrada\/wp-json\/wp\/v2\/comments?post=875"}],"version-history":[{"count":2,"href":"https:\/\/agrupacionespsoe.es\/ponferrada\/wp-json\/wp\/v2\/posts\/875\/revisions"}],"predecessor-version":[{"id":881,"href":"https:\/\/agrupacionespsoe.es\/ponferrada\/wp-json\/wp\/v2\/posts\/875\/revisions\/881"}],"wp:featuredmedia":[{"embeddable":true,"href":"https:\/\/agrupacionespsoe.es\/ponferrada\/wp-json\/wp\/v2\/media\/879"}],"wp:attachment":[{"href":"https:\/\/agrupacionespsoe.es\/ponferrada\/wp-json\/wp\/v2\/media?parent=875"}],"wp:term":[{"taxonomy":"category","embeddable":true,"href":"https:\/\/agrupacionespsoe.es\/ponferrada\/wp-json\/wp\/v2\/categories?post=875"},{"taxonomy":"post_tag","embeddable":true,"href":"https:\/\/agrupacionespsoe.es\/ponferrada\/wp-json\/wp\/v2\/tags?post=875"}],"curies":[{"name":"wp","href":"https:\/\/api.w.org\/{rel}","templated":true}]}}