{"id":872,"date":"2025-04-24T11:02:45","date_gmt":"2025-04-24T11:02:45","guid":{"rendered":"https:\/\/agrupacionespsoe.es\/ponferrada\/?p=872"},"modified":"2025-04-25T11:04:19","modified_gmt":"2025-04-25T11:04:19","slug":"el-concejal-de-comercio-impone-sin-dialogo-y-provoca-malestar-generalizado-entre-los-comerciantes-del-mercado","status":"publish","type":"post","link":"https:\/\/agrupacionespsoe.es\/ponferrada\/el-concejal-de-comercio-impone-sin-dialogo-y-provoca-malestar-generalizado-entre-los-comerciantes-del-mercado\/","title":{"rendered":"El concejal de Comercio impone sin di\u00e1logo y provoca malestar generalizado entre los comerciantes del mercado"},"content":{"rendered":"\n<p>El Portavoz del Grupo Municipal Socialista ha expresado su preocupaci\u00f3n y rechazo a la decisi\u00f3n unilateral del concejal de Comercio del Ayuntamiento de Ponferrada, que ha supuesto la separaci\u00f3n de fechas entre los puestos del mercado interior (que abri\u00f3 el martes) y los puestos del mercado exterior (que se colocaron ayer mi\u00e9rcoles festivo), rompiendo sin explicaci\u00f3n con una tradici\u00f3n que beneficiaba a todo el sector.<\/p>\n\n\n\n<p>La medida, tomada sin consulta, sin comunicaci\u00f3n previa y sin el m\u00e1s m\u00ednimo di\u00e1logo, ha generado un gran malestar entre los comerciantes que as\u00ed lo han denunciado esta ma\u00f1ana. Han denunciado que el concejal, lejos de informar adecuadamente, no permiti\u00f3 las comunicaciones de los comerciantes a trav\u00e9s del \u00fanico canal de comunicaci\u00f3n que manten\u00eda con los comerciantes un grupo de WhatsApp en el que inhabilit\u00f3 los mensajes cuando los comerciantes empezaron a pedir explicaciones.<\/p>\n\n\n\n<p>El concejal del \u00e1rea ni siquiera les ofreci\u00f3 a abrir en festivo y temen que esta propuesta va m\u00e1s all\u00e1: que est\u00e1 probando si dividir el mercado funciona. Y esa es su preocupaci\u00f3n.<\/p>\n\n\n\n<p>Por si fuera poco, el alcalde ha reconocido sin rubor que todo esto se trata de \u201cun experimento\u201d, algo inadmisible cuando se juega con el esfuerzo y con el sudor de la frente de quienes trabajan d\u00eda a d\u00eda en nuestros mercados y esas ventas son el sustento de tantos trabajadores.<\/p>\n\n\n\n<p>Olegario Ram\u00f3n ha sido tajante: \u201cLos comerciantes de la plaza de abastos son un ejemplo m\u00e1s de que el concejal del \u00e1rea es una persona que no escucha, que no dialoga, que impone. Cambia los criterios ya establecidos, y lo hace de malos modos. La modificaci\u00f3n de la ordenanza de los puestos exteriores es otro ejemplo: pretende subir m\u00e1s de un 60% las tasas, pese a que ya se le ha retirado dos veces en pleno. Ahora, toma esta decisi\u00f3n ins\u00f3lita de celebrar el mercado en dos d\u00edas distintos cuando hay un festivo. Es una medida impuesta, no dialogada, y al final ha conseguido enfadar a todos: tanto a los puestos exteriores como a los interiores. Si el alcalde no toma medidas, esto no tiene buena pinta.\u201d<\/p>\n\n\n\n<p>Desde el grupo socialista respaldamos plenamente las quejas de los comerciantes y exigimos que dejen de hacer experimentos y que hagan pol\u00edtica dialogando con los afectados pero sobre todo escuchando. Las decisiones sobre el comercio local deben tomarse con quienes lo forman, no contra ellos.<\/p>\n\n\n\n<p>Para finalizar, desde el Grupo Socialista pedimos al alcalde que asuma su responsabilidad, ya que el concejal de comercio est\u00e1 ejerciendo un \u00e1rea que el propio Alcalde le ha derivado, restablezca el di\u00e1logo y ponga fin a esta deriva autoritaria que est\u00e1 dinamitando el mercadillo tradicional de Ponferrada. Y lo m\u00e1s grave: con estas decisiones, lo \u00fanico que est\u00e1 logrando el concejal es enfrentar a unos comerciantes con otros y romper una relaci\u00f3n de simbiosis, colaboraci\u00f3n y respeto mutuo que se ha construido durante d\u00e9cadas. No se puede construir el futuro destruyendo lo que s\u00ed funciona.<\/p>\n\n\n\n<figure class=\"wp-block-image size-large\"><img loading=\"lazy\" decoding=\"async\" width=\"1024\" height=\"735\" src=\"https:\/\/agrupacionespsoe.es\/ponferrada\/wp-content\/uploads\/sites\/36\/2025\/03\/WhatsApp-Image-2025-03-14-at-17.58.48-1024x735.jpeg\" alt=\"\" class=\"wp-image-808\" srcset=\"https:\/\/agrupacionespsoe.es\/ponferrada\/wp-content\/uploads\/sites\/36\/2025\/03\/WhatsApp-Image-2025-03-14-at-17.58.48-1024x735.jpeg 1024w, https:\/\/agrupacionespsoe.es\/ponferrada\/wp-content\/uploads\/sites\/36\/2025\/03\/WhatsApp-Image-2025-03-14-at-17.58.48-300x215.jpeg 300w, https:\/\/agrupacionespsoe.es\/ponferrada\/wp-content\/uploads\/sites\/36\/2025\/03\/WhatsApp-Image-2025-03-14-at-17.58.48-768x551.jpeg 768w, https:\/\/agrupacionespsoe.es\/ponferrada\/wp-content\/uploads\/sites\/36\/2025\/03\/WhatsApp-Image-2025-03-14-at-17.58.48-1536x1102.jpeg 1536w, https:\/\/agrupacionespsoe.es\/ponferrada\/wp-content\/uploads\/sites\/36\/2025\/03\/WhatsApp-Image-2025-03-14-at-17.58.48.jpeg 2048w\" sizes=\"auto, (max-width: 1024px) 100vw, 1024px\" \/><\/figure>\n","protected":false},"excerpt":{"rendered":"<p>El Portavoz del Grupo Municipal Socialista ha expresado su preocupaci\u00f3n y rechazo a la decisi\u00f3n unilateral del concejal de Comercio del Ayuntamiento de Ponferrada, que ha supuesto la separaci\u00f3n de fechas entre los puestos del mercado interior (que abri\u00f3 el martes) y los puestos del mercado exterior (que se colocaron ayer mi\u00e9rcoles festivo), rompiendo sin &#8230;<\/p>\n","protected":false},"author":32,"featured_media":808,"comment_status":"open","ping_status":"open","sticky":false,"template":"","format":"standard","meta":{"_jetpack_memberships_contains_paid_content":false,"footnotes":""},"categories":[6],"tags":[],"class_list":["post-872","post","type-post","status-publish","format-standard","has-post-thumbnail","hentry","category-actualidad"],"yoast_head":"<!-- This site is optimized with the Yoast SEO plugin v24.0 - https:\/\/yoast.com\/wordpress\/plugins\/seo\/ -->\n<title>El concejal de Comercio impone sin di\u00e1logo y provoca malestar generalizado entre los comerciantes del mercado - Agrupaci\u00f3n Socialista de Ponferrada<\/title>\n<meta name=\"robots\" content=\"index, follow, max-snippet:-1, max-image-preview:large, max-video-preview:-1\" \/>\n<link rel=\"canonical\" href=\"https:\/\/agrupacionespsoe.es\/ponferrada\/el-concejal-de-comercio-impone-sin-dialogo-y-provoca-malestar-generalizado-entre-los-comerciantes-del-mercado\/\" \/>\n<meta property=\"og:locale\" content=\"es_ES\" \/>\n<meta property=\"og:type\" content=\"article\" \/>\n<meta property=\"og:title\" content=\"El concejal de Comercio impone sin di\u00e1logo y provoca malestar generalizado entre los comerciantes del mercado - Agrupaci\u00f3n Socialista de Ponferrada\" \/>\n<meta property=\"og:description\" content=\"El Portavoz del Grupo Municipal Socialista ha expresado su preocupaci\u00f3n y rechazo a la decisi\u00f3n unilateral del concejal de Comercio del Ayuntamiento de Ponferrada, que ha supuesto la separaci\u00f3n de fechas entre los puestos del mercado interior (que abri\u00f3 el martes) y los puestos del mercado exterior (que se colocaron ayer mi\u00e9rcoles festivo), rompiendo sin ...\" \/>\n<meta property=\"og:url\" content=\"https:\/\/agrupacionespsoe.es\/ponferrada\/el-concejal-de-comercio-impone-sin-dialogo-y-provoca-malestar-generalizado-entre-los-comerciantes-del-mercado\/\" \/>\n<meta property=\"og:site_name\" content=\"Agrupaci\u00f3n Socialista de Ponferrada\" \/>\n<meta property=\"article:published_time\" content=\"2025-04-24T11:02:45+00:00\" \/>\n<meta property=\"article:modified_time\" content=\"2025-04-25T11:04:19+00:00\" \/>\n<meta property=\"og:image\" content=\"https:\/\/agrupacionespsoe.es\/ponferrada\/wp-content\/uploads\/sites\/36\/2025\/03\/WhatsApp-Image-2025-03-14-at-17.58.48.jpeg\" \/>\n\t<meta property=\"og:image:width\" content=\"2048\" \/>\n\t<meta property=\"og:image:height\" content=\"1469\" \/>\n\t<meta property=\"og:image:type\" content=\"image\/jpeg\" \/>\n<meta name=\"author\" content=\"ponferrada2\" \/>\n<meta name=\"twitter:card\" content=\"summary_large_image\" \/>\n<meta name=\"twitter:label1\" content=\"Escrito por\" \/>\n\t<meta name=\"twitter:data1\" content=\"ponferrada2\" \/>\n\t<meta name=\"twitter:label2\" content=\"Tiempo de lectura\" \/>\n\t<meta name=\"twitter:data2\" content=\"3 minutos\" \/>\n<script type=\"application\/ld+json\" class=\"yoast-schema-graph\">{\"@context\":\"https:\/\/schema.org\",\"@graph\":[{\"@type\":\"Article\",\"@id\":\"https:\/\/agrupacionespsoe.es\/ponferrada\/el-concejal-de-comercio-impone-sin-dialogo-y-provoca-malestar-generalizado-entre-los-comerciantes-del-mercado\/#article\",\"isPartOf\":{\"@id\":\"https:\/\/agrupacionespsoe.es\/ponferrada\/el-concejal-de-comercio-impone-sin-dialogo-y-provoca-malestar-generalizado-entre-los-comerciantes-del-mercado\/\"},\"author\":{\"name\":\"ponferrada2\",\"@id\":\"https:\/\/agrupacionespsoe.es\/ponferrada\/#\/schema\/person\/cd29ee627f3b70c05d415f02596debaa\"},\"headline\":\"El concejal de Comercio impone sin di\u00e1logo y provoca malestar generalizado entre los comerciantes del mercado\",\"datePublished\":\"2025-04-24T11:02:45+00:00\",\"dateModified\":\"2025-04-25T11:04:19+00:00\",\"mainEntityOfPage\":{\"@id\":\"https:\/\/agrupacionespsoe.es\/ponferrada\/el-concejal-de-comercio-impone-sin-dialogo-y-provoca-malestar-generalizado-entre-los-comerciantes-del-mercado\/\"},\"wordCount\":538,\"commentCount\":0,\"publisher\":{\"@id\":\"https:\/\/agrupacionespsoe.es\/ponferrada\/#organization\"},\"image\":{\"@id\":\"https:\/\/agrupacionespsoe.es\/ponferrada\/el-concejal-de-comercio-impone-sin-dialogo-y-provoca-malestar-generalizado-entre-los-comerciantes-del-mercado\/#primaryimage\"},\"thumbnailUrl\":\"https:\/\/agrupacionespsoe.es\/ponferrada\/wp-content\/uploads\/sites\/36\/2025\/03\/WhatsApp-Image-2025-03-14-at-17.58.48.jpeg\",\"articleSection\":[\"ACTUALIDAD\"],\"inLanguage\":\"es\",\"potentialAction\":[{\"@type\":\"CommentAction\",\"name\":\"Comment\",\"target\":[\"https:\/\/agrupacionespsoe.es\/ponferrada\/el-concejal-de-comercio-impone-sin-dialogo-y-provoca-malestar-generalizado-entre-los-comerciantes-del-mercado\/#respond\"]}]},{\"@type\":\"WebPage\",\"@id\":\"https:\/\/agrupacionespsoe.es\/ponferrada\/el-concejal-de-comercio-impone-sin-dialogo-y-provoca-malestar-generalizado-entre-los-comerciantes-del-mercado\/\",\"url\":\"https:\/\/agrupacionespsoe.es\/ponferrada\/el-concejal-de-comercio-impone-sin-dialogo-y-provoca-malestar-generalizado-entre-los-comerciantes-del-mercado\/\",\"name\":\"El concejal de Comercio impone sin di\u00e1logo y provoca malestar generalizado entre los comerciantes del mercado - Agrupaci\u00f3n Socialista de Ponferrada\",\"isPartOf\":{\"@id\":\"https:\/\/agrupacionespsoe.es\/ponferrada\/#website\"},\"primaryImageOfPage\":{\"@id\":\"https:\/\/agrupacionespsoe.es\/ponferrada\/el-concejal-de-comercio-impone-sin-dialogo-y-provoca-malestar-generalizado-entre-los-comerciantes-del-mercado\/#primaryimage\"},\"image\":{\"@id\":\"https:\/\/agrupacionespsoe.es\/ponferrada\/el-concejal-de-comercio-impone-sin-dialogo-y-provoca-malestar-generalizado-entre-los-comerciantes-del-mercado\/#primaryimage\"},\"thumbnailUrl\":\"https:\/\/agrupacionespsoe.es\/ponferrada\/wp-content\/uploads\/sites\/36\/2025\/03\/WhatsApp-Image-2025-03-14-at-17.58.48.jpeg\",\"datePublished\":\"2025-04-24T11:02:45+00:00\",\"dateModified\":\"2025-04-25T11:04:19+00:00\",\"breadcrumb\":{\"@id\":\"https:\/\/agrupacionespsoe.es\/ponferrada\/el-concejal-de-comercio-impone-sin-dialogo-y-provoca-malestar-generalizado-entre-los-comerciantes-del-mercado\/#breadcrumb\"},\"inLanguage\":\"es\",\"potentialAction\":[{\"@type\":\"ReadAction\",\"target\":[\"https:\/\/agrupacionespsoe.es\/ponferrada\/el-concejal-de-comercio-impone-sin-dialogo-y-provoca-malestar-generalizado-entre-los-comerciantes-del-mercado\/\"]}]},{\"@type\":\"ImageObject\",\"inLanguage\":\"es\",\"@id\":\"https:\/\/agrupacionespsoe.es\/ponferrada\/el-concejal-de-comercio-impone-sin-dialogo-y-provoca-malestar-generalizado-entre-los-comerciantes-del-mercado\/#primaryimage\",\"url\":\"https:\/\/agrupacionespsoe.es\/ponferrada\/wp-content\/uploads\/sites\/36\/2025\/03\/WhatsApp-Image-2025-03-14-at-17.58.48.jpeg\",\"contentUrl\":\"https:\/\/agrupacionespsoe.es\/ponferrada\/wp-content\/uploads\/sites\/36\/2025\/03\/WhatsApp-Image-2025-03-14-at-17.58.48.jpeg\",\"width\":2048,\"height\":1469},{\"@type\":\"BreadcrumbList\",\"@id\":\"https:\/\/agrupacionespsoe.es\/ponferrada\/el-concejal-de-comercio-impone-sin-dialogo-y-provoca-malestar-generalizado-entre-los-comerciantes-del-mercado\/#breadcrumb\",\"itemListElement\":[{\"@type\":\"ListItem\",\"position\":1,\"name\":\"Portada\",\"item\":\"https:\/\/agrupacionespsoe.es\/ponferrada\/\"},{\"@type\":\"ListItem\",\"position\":2,\"name\":\"El concejal de Comercio impone sin di\u00e1logo y provoca malestar generalizado entre los comerciantes del mercado\"}]},{\"@type\":\"WebSite\",\"@id\":\"https:\/\/agrupacionespsoe.es\/ponferrada\/#website\",\"url\":\"https:\/\/agrupacionespsoe.es\/ponferrada\/\",\"name\":\"Agrupaci\u00f3n Socialista de Ponferrada\",\"description\":\"Agrupaci\u00f3n Socialista de Ponferrada\",\"publisher\":{\"@id\":\"https:\/\/agrupacionespsoe.es\/ponferrada\/#organization\"},\"potentialAction\":[{\"@type\":\"SearchAction\",\"target\":{\"@type\":\"EntryPoint\",\"urlTemplate\":\"https:\/\/agrupacionespsoe.es\/ponferrada\/?s={search_term_string}\"},\"query-input\":{\"@type\":\"PropertyValueSpecification\",\"valueRequired\":true,\"valueName\":\"search_term_string\"}}],\"inLanguage\":\"es\"},{\"@type\":\"Organization\",\"@id\":\"https:\/\/agrupacionespsoe.es\/ponferrada\/#organization\",\"name\":\"Agrupaci\u00f3n Socialista de Ponferrada\",\"url\":\"https:\/\/agrupacionespsoe.es\/ponferrada\/\",\"logo\":{\"@type\":\"ImageObject\",\"inLanguage\":\"es\",\"@id\":\"https:\/\/agrupacionespsoe.es\/ponferrada\/#\/schema\/logo\/image\/\",\"url\":\"https:\/\/agrupacionespsoe.es\/wp-content\/uploads\/2022\/07\/Logotipo_electoral_del_PSOE.png\",\"contentUrl\":\"https:\/\/agrupacionespsoe.es\/wp-content\/uploads\/2022\/07\/Logotipo_electoral_del_PSOE.png\",\"width\":422,\"height\":422,\"caption\":\"Agrupaci\u00f3n Socialista de Ponferrada\"},\"image\":{\"@id\":\"https:\/\/agrupacionespsoe.es\/ponferrada\/#\/schema\/logo\/image\/\"}},{\"@type\":\"Person\",\"@id\":\"https:\/\/agrupacionespsoe.es\/ponferrada\/#\/schema\/person\/cd29ee627f3b70c05d415f02596debaa\",\"name\":\"ponferrada2\",\"image\":{\"@type\":\"ImageObject\",\"inLanguage\":\"es\",\"@id\":\"https:\/\/agrupacionespsoe.es\/ponferrada\/#\/schema\/person\/image\/\",\"url\":\"https:\/\/secure.gravatar.com\/avatar\/f499eeb60144c664cf7b7edf75549b50?s=96&d=mm&r=g\",\"contentUrl\":\"https:\/\/secure.gravatar.com\/avatar\/f499eeb60144c664cf7b7edf75549b50?s=96&d=mm&r=g\",\"caption\":\"ponferrada2\"},\"url\":\"https:\/\/agrupacionespsoe.es\/ponferrada\/author\/ponferrada2\/\"}]}<\/script>\n<!-- \/ Yoast SEO plugin. -->","yoast_head_json":{"title":"El concejal de Comercio impone sin di\u00e1logo y provoca malestar generalizado entre los comerciantes del mercado - Agrupaci\u00f3n Socialista de Ponferrada","robots":{"index":"index","follow":"follow","max-snippet":"max-snippet:-1","max-image-preview":"max-image-preview:large","max-video-preview":"max-video-preview:-1"},"canonical":"https:\/\/agrupacionespsoe.es\/ponferrada\/el-concejal-de-comercio-impone-sin-dialogo-y-provoca-malestar-generalizado-entre-los-comerciantes-del-mercado\/","og_locale":"es_ES","og_type":"article","og_title":"El concejal de Comercio impone sin di\u00e1logo y provoca malestar generalizado entre los comerciantes del mercado - Agrupaci\u00f3n Socialista de Ponferrada","og_description":"El Portavoz del Grupo Municipal Socialista ha expresado su preocupaci\u00f3n y rechazo a la decisi\u00f3n unilateral del concejal de Comercio del Ayuntamiento de Ponferrada, que ha supuesto la separaci\u00f3n de fechas entre los puestos del mercado interior (que abri\u00f3 el martes) y los puestos del mercado exterior (que se colocaron ayer mi\u00e9rcoles festivo), rompiendo sin ...","og_url":"https:\/\/agrupacionespsoe.es\/ponferrada\/el-concejal-de-comercio-impone-sin-dialogo-y-provoca-malestar-generalizado-entre-los-comerciantes-del-mercado\/","og_site_name":"Agrupaci\u00f3n Socialista de Ponferrada","article_published_time":"2025-04-24T11:02:45+00:00","article_modified_time":"2025-04-25T11:04:19+00:00","og_image":[{"width":2048,"height":1469,"url":"https:\/\/agrupacionespsoe.es\/ponferrada\/wp-content\/uploads\/sites\/36\/2025\/03\/WhatsApp-Image-2025-03-14-at-17.58.48.jpeg","type":"image\/jpeg"}],"author":"ponferrada2","twitter_card":"summary_large_image","twitter_misc":{"Escrito por":"ponferrada2","Tiempo de lectura":"3 minutos"},"schema":{"@context":"https:\/\/schema.org","@graph":[{"@type":"Article","@id":"https:\/\/agrupacionespsoe.es\/ponferrada\/el-concejal-de-comercio-impone-sin-dialogo-y-provoca-malestar-generalizado-entre-los-comerciantes-del-mercado\/#article","isPartOf":{"@id":"https:\/\/agrupacionespsoe.es\/ponferrada\/el-concejal-de-comercio-impone-sin-dialogo-y-provoca-malestar-generalizado-entre-los-comerciantes-del-mercado\/"},"author":{"name":"ponferrada2","@id":"https:\/\/agrupacionespsoe.es\/ponferrada\/#\/schema\/person\/cd29ee627f3b70c05d415f02596debaa"},"headline":"El concejal de Comercio impone sin di\u00e1logo y provoca malestar generalizado entre los comerciantes del mercado","datePublished":"2025-04-24T11:02:45+00:00","dateModified":"2025-04-25T11:04:19+00:00","mainEntityOfPage":{"@id":"https:\/\/agrupacionespsoe.es\/ponferrada\/el-concejal-de-comercio-impone-sin-dialogo-y-provoca-malestar-generalizado-entre-los-comerciantes-del-mercado\/"},"wordCount":538,"commentCount":0,"publisher":{"@id":"https:\/\/agrupacionespsoe.es\/ponferrada\/#organization"},"image":{"@id":"https:\/\/agrupacionespsoe.es\/ponferrada\/el-concejal-de-comercio-impone-sin-dialogo-y-provoca-malestar-generalizado-entre-los-comerciantes-del-mercado\/#primaryimage"},"thumbnailUrl":"https:\/\/agrupacionespsoe.es\/ponferrada\/wp-content\/uploads\/sites\/36\/2025\/03\/WhatsApp-Image-2025-03-14-at-17.58.48.jpeg","articleSection":["ACTUALIDAD"],"inLanguage":"es","potentialAction":[{"@type":"CommentAction","name":"Comment","target":["https:\/\/agrupacionespsoe.es\/ponferrada\/el-concejal-de-comercio-impone-sin-dialogo-y-provoca-malestar-generalizado-entre-los-comerciantes-del-mercado\/#respond"]}]},{"@type":"WebPage","@id":"https:\/\/agrupacionespsoe.es\/ponferrada\/el-concejal-de-comercio-impone-sin-dialogo-y-provoca-malestar-generalizado-entre-los-comerciantes-del-mercado\/","url":"https:\/\/agrupacionespsoe.es\/ponferrada\/el-concejal-de-comercio-impone-sin-dialogo-y-provoca-malestar-generalizado-entre-los-comerciantes-del-mercado\/","name":"El concejal de Comercio impone sin di\u00e1logo y provoca malestar generalizado entre los comerciantes del mercado - Agrupaci\u00f3n Socialista de Ponferrada","isPartOf":{"@id":"https:\/\/agrupacionespsoe.es\/ponferrada\/#website"},"primaryImageOfPage":{"@id":"https:\/\/agrupacionespsoe.es\/ponferrada\/el-concejal-de-comercio-impone-sin-dialogo-y-provoca-malestar-generalizado-entre-los-comerciantes-del-mercado\/#primaryimage"},"image":{"@id":"https:\/\/agrupacionespsoe.es\/ponferrada\/el-concejal-de-comercio-impone-sin-dialogo-y-provoca-malestar-generalizado-entre-los-comerciantes-del-mercado\/#primaryimage"},"thumbnailUrl":"https:\/\/agrupacionespsoe.es\/ponferrada\/wp-content\/uploads\/sites\/36\/2025\/03\/WhatsApp-Image-2025-03-14-at-17.58.48.jpeg","datePublished":"2025-04-24T11:02:45+00:00","dateModified":"2025-04-25T11:04:19+00:00","breadcrumb":{"@id":"https:\/\/agrupacionespsoe.es\/ponferrada\/el-concejal-de-comercio-impone-sin-dialogo-y-provoca-malestar-generalizado-entre-los-comerciantes-del-mercado\/#breadcrumb"},"inLanguage":"es","potentialAction":[{"@type":"ReadAction","target":["https:\/\/agrupacionespsoe.es\/ponferrada\/el-concejal-de-comercio-impone-sin-dialogo-y-provoca-malestar-generalizado-entre-los-comerciantes-del-mercado\/"]}]},{"@type":"ImageObject","inLanguage":"es","@id":"https:\/\/agrupacionespsoe.es\/ponferrada\/el-concejal-de-comercio-impone-sin-dialogo-y-provoca-malestar-generalizado-entre-los-comerciantes-del-mercado\/#primaryimage","url":"https:\/\/agrupacionespsoe.es\/ponferrada\/wp-content\/uploads\/sites\/36\/2025\/03\/WhatsApp-Image-2025-03-14-at-17.58.48.jpeg","contentUrl":"https:\/\/agrupacionespsoe.es\/ponferrada\/wp-content\/uploads\/sites\/36\/2025\/03\/WhatsApp-Image-2025-03-14-at-17.58.48.jpeg","width":2048,"height":1469},{"@type":"BreadcrumbList","@id":"https:\/\/agrupacionespsoe.es\/ponferrada\/el-concejal-de-comercio-impone-sin-dialogo-y-provoca-malestar-generalizado-entre-los-comerciantes-del-mercado\/#breadcrumb","itemListElement":[{"@type":"ListItem","position":1,"name":"Portada","item":"https:\/\/agrupacionespsoe.es\/ponferrada\/"},{"@type":"ListItem","position":2,"name":"El concejal de Comercio impone sin di\u00e1logo y provoca malestar generalizado entre los comerciantes del mercado"}]},{"@type":"WebSite","@id":"https:\/\/agrupacionespsoe.es\/ponferrada\/#website","url":"https:\/\/agrupacionespsoe.es\/ponferrada\/","name":"Agrupaci\u00f3n Socialista de Ponferrada","description":"Agrupaci\u00f3n Socialista de Ponferrada","publisher":{"@id":"https:\/\/agrupacionespsoe.es\/ponferrada\/#organization"},"potentialAction":[{"@type":"SearchAction","target":{"@type":"EntryPoint","urlTemplate":"https:\/\/agrupacionespsoe.es\/ponferrada\/?s={search_term_string}"},"query-input":{"@type":"PropertyValueSpecification","valueRequired":true,"valueName":"search_term_string"}}],"inLanguage":"es"},{"@type":"Organization","@id":"https:\/\/agrupacionespsoe.es\/ponferrada\/#organization","name":"Agrupaci\u00f3n Socialista de Ponferrada","url":"https:\/\/agrupacionespsoe.es\/ponferrada\/","logo":{"@type":"ImageObject","inLanguage":"es","@id":"https:\/\/agrupacionespsoe.es\/ponferrada\/#\/schema\/logo\/image\/","url":"https:\/\/agrupacionespsoe.es\/wp-content\/uploads\/2022\/07\/Logotipo_electoral_del_PSOE.png","contentUrl":"https:\/\/agrupacionespsoe.es\/wp-content\/uploads\/2022\/07\/Logotipo_electoral_del_PSOE.png","width":422,"height":422,"caption":"Agrupaci\u00f3n Socialista de Ponferrada"},"image":{"@id":"https:\/\/agrupacionespsoe.es\/ponferrada\/#\/schema\/logo\/image\/"}},{"@type":"Person","@id":"https:\/\/agrupacionespsoe.es\/ponferrada\/#\/schema\/person\/cd29ee627f3b70c05d415f02596debaa","name":"ponferrada2","image":{"@type":"ImageObject","inLanguage":"es","@id":"https:\/\/agrupacionespsoe.es\/ponferrada\/#\/schema\/person\/image\/","url":"https:\/\/secure.gravatar.com\/avatar\/f499eeb60144c664cf7b7edf75549b50?s=96&d=mm&r=g","contentUrl":"https:\/\/secure.gravatar.com\/avatar\/f499eeb60144c664cf7b7edf75549b50?s=96&d=mm&r=g","caption":"ponferrada2"},"url":"https:\/\/agrupacionespsoe.es\/ponferrada\/author\/ponferrada2\/"}]}},"jetpack_featured_media_url":"https:\/\/agrupacionespsoe.es\/ponferrada\/wp-content\/uploads\/sites\/36\/2025\/03\/WhatsApp-Image-2025-03-14-at-17.58.48.jpeg","jetpack_sharing_enabled":true,"_links":{"self":[{"href":"https:\/\/agrupacionespsoe.es\/ponferrada\/wp-json\/wp\/v2\/posts\/872","targetHints":{"allow":["GET"]}}],"collection":[{"href":"https:\/\/agrupacionespsoe.es\/ponferrada\/wp-json\/wp\/v2\/posts"}],"about":[{"href":"https:\/\/agrupacionespsoe.es\/ponferrada\/wp-json\/wp\/v2\/types\/post"}],"author":[{"embeddable":true,"href":"https:\/\/agrupacionespsoe.es\/ponferrada\/wp-json\/wp\/v2\/users\/32"}],"replies":[{"embeddable":true,"href":"https:\/\/agrupacionespsoe.es\/ponferrada\/wp-json\/wp\/v2\/comments?post=872"}],"version-history":[{"count":2,"href":"https:\/\/agrupacionespsoe.es\/ponferrada\/wp-json\/wp\/v2\/posts\/872\/revisions"}],"predecessor-version":[{"id":874,"href":"https:\/\/agrupacionespsoe.es\/ponferrada\/wp-json\/wp\/v2\/posts\/872\/revisions\/874"}],"wp:featuredmedia":[{"embeddable":true,"href":"https:\/\/agrupacionespsoe.es\/ponferrada\/wp-json\/wp\/v2\/media\/808"}],"wp:attachment":[{"href":"https:\/\/agrupacionespsoe.es\/ponferrada\/wp-json\/wp\/v2\/media?parent=872"}],"wp:term":[{"taxonomy":"category","embeddable":true,"href":"https:\/\/agrupacionespsoe.es\/ponferrada\/wp-json\/wp\/v2\/categories?post=872"},{"taxonomy":"post_tag","embeddable":true,"href":"https:\/\/agrupacionespsoe.es\/ponferrada\/wp-json\/wp\/v2\/tags?post=872"}],"curies":[{"name":"wp","href":"https:\/\/api.w.org\/{rel}","templated":true}]}}