{"id":862,"date":"2025-04-22T07:59:09","date_gmt":"2025-04-22T07:59:09","guid":{"rendered":"https:\/\/agrupacionespsoe.es\/ponferrada\/?p=862"},"modified":"2025-04-24T08:05:37","modified_gmt":"2025-04-24T08:05:37","slug":"el-castillo-no-es-una-discoteca-el-psoe-ha-pedido-medidas-adicionales-que-garanticen-que-no-volvamos-a-ver-las-imagenes-de-fiesta-que-se-vieron-en-la-inauguracion-de-la-semana-de-la-moda","status":"publish","type":"post","link":"https:\/\/agrupacionespsoe.es\/ponferrada\/el-castillo-no-es-una-discoteca-el-psoe-ha-pedido-medidas-adicionales-que-garanticen-que-no-volvamos-a-ver-las-imagenes-de-fiesta-que-se-vieron-en-la-inauguracion-de-la-semana-de-la-moda\/","title":{"rendered":"\u00abEl Castillo no es una discoteca\u00bb: el PSOE ha pedido medidas adicionales que garanticen que no volvamos a ver las im\u00e1genes de fiesta que se vieron en la inauguraci\u00f3n de la Semana de la Moda."},"content":{"rendered":"\n<p>El Grupo Municipal Socialista en la Comisi\u00f3n de Desarrollo Econ\u00f3mico y Comercio de esta ma\u00f1ana, ha transmitido su preocupaci\u00f3n y rechazo ante las im\u00e1genes vistas de la fiesta posterior a la inauguraci\u00f3n de la Semana de la Moda, que tuvo lugar en el Castillo de los Templarios.<\/p>\n\n\n\n<p>Cuando se va a cumplir un&nbsp; mes del evento el grupo socialista ha criticado que lo que deb\u00eda haber sido un evento cultural, elegante y de promoci\u00f3n del talento local, acab\u00f3 derivando en una fiesta en un espacio patrimonial que deber\u00eda ser protegido con el m\u00e1ximo rigor, fiesta que todos hemos podido ver en todas las redes sociales y que a nuestro juicio han empa\u00f1ado un evento de esta categor\u00eda.<\/p>\n\n\n\n<p>La concejal socialista Silvia Blanco ha trasmitido esta ma\u00f1ana al concejal responsable del \u00e1rea de comercio que se deben tomar medidas en las pr\u00f3ximas ediciones de este evento para que no se repita la fiesta posterior al desfile se trasladara incluso a las murallas del castillo, donde se ha podido ver im\u00e1genes de personas bailando y bebiendo copa en mano en una actitud totalmente festiva, impropia de un entorno hist\u00f3rico y alejada por completo del objetivo principal del evento y del trabajo profesional de la dise\u00f1adora que inaugur\u00f3.<\/p>\n\n\n\n<p>Desde el Grupo Socialista consideramos que este tipo de escenas da\u00f1an la imagen que como ciudad queremos proyectar al exterior, especialmente en lo que respecta al turismo cultural, el respeto al patrimonio y la promoci\u00f3n de nuestros espacios emblem\u00e1ticos. El castillo no puede ni debe convertirse en el decorado de una fiesta nocturna, fiesta que todos hemos podido ver excepto el concejal responsable del \u00e1rea. No se puede permitir que nuestro patrimonio se utilice sin control y sin l\u00edmites claros, el Castillo no es una discoteca.<\/p>\n\n\n\n<p>Silvia Blanco se\u00f1ala que esta misma ma\u00f1ana, durante la Comisi\u00f3n de Desarrollo Econ\u00f3mico, nuestro grupo ha rogado formalmente al equipo de Gobierno que se tomen medidas para evitar que algo as\u00ed vuelva a repetirse. Es necesario establecer criterios claros y medidas adicionales para restringir las consumiciones a zonas habilitadas.<\/p>\n\n\n\n<p>Para finalizar desde el Grupo Municipal Socialista queremos dejar claro que no estamos en contra de que se celebren eventos culturales, de promoci\u00f3n econ\u00f3mica o de promoci\u00f3n de la ciudad, al contrario. Pero eso debe hacerse desde el respeto, la planificaci\u00f3n y la responsabilidad. No todo vale. Lo peor de todo, es que el concejal, lejos de reconocer que las cosas se pueden hacer mejor no reconoce ning\u00fan fallo ni admite ninguna sugerencia, una actitud poco compatible con la responsabilidad del cargo que ostenta.<\/p>\n\n\n\n<figure class=\"wp-block-gallery has-nested-images columns-default is-cropped wp-block-gallery-1 is-layout-flex wp-block-gallery-is-layout-flex\">\n<figure class=\"wp-block-image size-large\"><img loading=\"lazy\" decoding=\"async\" width=\"639\" height=\"1024\" data-id=\"863\" src=\"https:\/\/agrupacionespsoe.es\/ponferrada\/wp-content\/uploads\/sites\/36\/2025\/04\/WhatsApp-Image-2025-04-24-at-10.04.54-639x1024.jpeg\" alt=\"\" class=\"wp-image-863\" srcset=\"https:\/\/agrupacionespsoe.es\/ponferrada\/wp-content\/uploads\/sites\/36\/2025\/04\/WhatsApp-Image-2025-04-24-at-10.04.54-639x1024.jpeg 639w, https:\/\/agrupacionespsoe.es\/ponferrada\/wp-content\/uploads\/sites\/36\/2025\/04\/WhatsApp-Image-2025-04-24-at-10.04.54-187x300.jpeg 187w, https:\/\/agrupacionespsoe.es\/ponferrada\/wp-content\/uploads\/sites\/36\/2025\/04\/WhatsApp-Image-2025-04-24-at-10.04.54-768x1231.jpeg 768w, https:\/\/agrupacionespsoe.es\/ponferrada\/wp-content\/uploads\/sites\/36\/2025\/04\/WhatsApp-Image-2025-04-24-at-10.04.54-958x1536.jpeg 958w, https:\/\/agrupacionespsoe.es\/ponferrada\/wp-content\/uploads\/sites\/36\/2025\/04\/WhatsApp-Image-2025-04-24-at-10.04.54.jpeg 1080w\" sizes=\"auto, (max-width: 639px) 100vw, 639px\" \/><\/figure>\n<\/figure>\n","protected":false},"excerpt":{"rendered":"<p>El Grupo Municipal Socialista en la Comisi\u00f3n de Desarrollo Econ\u00f3mico y Comercio de esta ma\u00f1ana, ha transmitido su preocupaci\u00f3n y rechazo ante las im\u00e1genes vistas de la fiesta posterior a la inauguraci\u00f3n de la Semana de la Moda, que tuvo lugar en el Castillo de los Templarios. Cuando se va a cumplir un&nbsp; mes del &#8230;<\/p>\n","protected":false},"author":32,"featured_media":863,"comment_status":"open","ping_status":"open","sticky":false,"template":"","format":"standard","meta":{"_jetpack_memberships_contains_paid_content":false,"footnotes":""},"categories":[6],"tags":[],"class_list":["post-862","post","type-post","status-publish","format-standard","has-post-thumbnail","hentry","category-actualidad"],"yoast_head":"<!-- This site is optimized with the Yoast SEO plugin v24.0 - https:\/\/yoast.com\/wordpress\/plugins\/seo\/ -->\n<title>&quot;El Castillo no es una discoteca&quot;: el PSOE ha pedido medidas adicionales que garanticen que no volvamos a ver las im\u00e1genes de fiesta que se vieron en la inauguraci\u00f3n de la Semana de la Moda. - Agrupaci\u00f3n Socialista de Ponferrada<\/title>\n<meta name=\"robots\" content=\"index, follow, max-snippet:-1, max-image-preview:large, max-video-preview:-1\" \/>\n<link rel=\"canonical\" href=\"https:\/\/agrupacionespsoe.es\/ponferrada\/el-castillo-no-es-una-discoteca-el-psoe-ha-pedido-medidas-adicionales-que-garanticen-que-no-volvamos-a-ver-las-imagenes-de-fiesta-que-se-vieron-en-la-inauguracion-de-la-semana-de-la-moda\/\" \/>\n<meta property=\"og:locale\" content=\"es_ES\" \/>\n<meta property=\"og:type\" content=\"article\" \/>\n<meta property=\"og:title\" content=\"&quot;El Castillo no es una discoteca&quot;: el PSOE ha pedido medidas adicionales que garanticen que no volvamos a ver las im\u00e1genes de fiesta que se vieron en la inauguraci\u00f3n de la Semana de la Moda. - Agrupaci\u00f3n Socialista de Ponferrada\" \/>\n<meta property=\"og:description\" content=\"El Grupo Municipal Socialista en la Comisi\u00f3n de Desarrollo Econ\u00f3mico y Comercio de esta ma\u00f1ana, ha transmitido su preocupaci\u00f3n y rechazo ante las im\u00e1genes vistas de la fiesta posterior a la inauguraci\u00f3n de la Semana de la Moda, que tuvo lugar en el Castillo de los Templarios. Cuando se va a cumplir un&nbsp; mes del ...\" \/>\n<meta property=\"og:url\" content=\"https:\/\/agrupacionespsoe.es\/ponferrada\/el-castillo-no-es-una-discoteca-el-psoe-ha-pedido-medidas-adicionales-que-garanticen-que-no-volvamos-a-ver-las-imagenes-de-fiesta-que-se-vieron-en-la-inauguracion-de-la-semana-de-la-moda\/\" \/>\n<meta property=\"og:site_name\" content=\"Agrupaci\u00f3n Socialista de Ponferrada\" \/>\n<meta property=\"article:published_time\" content=\"2025-04-22T07:59:09+00:00\" \/>\n<meta property=\"article:modified_time\" content=\"2025-04-24T08:05:37+00:00\" \/>\n<meta property=\"og:image\" content=\"https:\/\/agrupacionespsoe.es\/ponferrada\/wp-content\/uploads\/sites\/36\/2025\/04\/WhatsApp-Image-2025-04-24-at-10.04.54.jpeg\" \/>\n\t<meta property=\"og:image:width\" content=\"1080\" \/>\n\t<meta property=\"og:image:height\" content=\"1731\" \/>\n\t<meta property=\"og:image:type\" content=\"image\/jpeg\" \/>\n<meta name=\"author\" content=\"ponferrada2\" \/>\n<meta name=\"twitter:card\" content=\"summary_large_image\" \/>\n<meta name=\"twitter:label1\" content=\"Escrito por\" \/>\n\t<meta name=\"twitter:data1\" content=\"ponferrada2\" \/>\n\t<meta name=\"twitter:label2\" content=\"Tiempo de lectura\" \/>\n\t<meta name=\"twitter:data2\" content=\"3 minutos\" \/>\n<script type=\"application\/ld+json\" class=\"yoast-schema-graph\">{\"@context\":\"https:\/\/schema.org\",\"@graph\":[{\"@type\":\"Article\",\"@id\":\"https:\/\/agrupacionespsoe.es\/ponferrada\/el-castillo-no-es-una-discoteca-el-psoe-ha-pedido-medidas-adicionales-que-garanticen-que-no-volvamos-a-ver-las-imagenes-de-fiesta-que-se-vieron-en-la-inauguracion-de-la-semana-de-la-moda\/#article\",\"isPartOf\":{\"@id\":\"https:\/\/agrupacionespsoe.es\/ponferrada\/el-castillo-no-es-una-discoteca-el-psoe-ha-pedido-medidas-adicionales-que-garanticen-que-no-volvamos-a-ver-las-imagenes-de-fiesta-que-se-vieron-en-la-inauguracion-de-la-semana-de-la-moda\/\"},\"author\":{\"name\":\"ponferrada2\",\"@id\":\"https:\/\/agrupacionespsoe.es\/ponferrada\/#\/schema\/person\/cd29ee627f3b70c05d415f02596debaa\"},\"headline\":\"\u00abEl Castillo no es una discoteca\u00bb: el PSOE ha pedido medidas adicionales que garanticen que no volvamos a ver las im\u00e1genes de fiesta que se vieron en la inauguraci\u00f3n de la Semana de la Moda.\",\"datePublished\":\"2025-04-22T07:59:09+00:00\",\"dateModified\":\"2025-04-24T08:05:37+00:00\",\"mainEntityOfPage\":{\"@id\":\"https:\/\/agrupacionespsoe.es\/ponferrada\/el-castillo-no-es-una-discoteca-el-psoe-ha-pedido-medidas-adicionales-que-garanticen-que-no-volvamos-a-ver-las-imagenes-de-fiesta-que-se-vieron-en-la-inauguracion-de-la-semana-de-la-moda\/\"},\"wordCount\":492,\"commentCount\":0,\"publisher\":{\"@id\":\"https:\/\/agrupacionespsoe.es\/ponferrada\/#organization\"},\"image\":{\"@id\":\"https:\/\/agrupacionespsoe.es\/ponferrada\/el-castillo-no-es-una-discoteca-el-psoe-ha-pedido-medidas-adicionales-que-garanticen-que-no-volvamos-a-ver-las-imagenes-de-fiesta-que-se-vieron-en-la-inauguracion-de-la-semana-de-la-moda\/#primaryimage\"},\"thumbnailUrl\":\"https:\/\/agrupacionespsoe.es\/ponferrada\/wp-content\/uploads\/sites\/36\/2025\/04\/WhatsApp-Image-2025-04-24-at-10.04.54.jpeg\",\"articleSection\":[\"ACTUALIDAD\"],\"inLanguage\":\"es\",\"potentialAction\":[{\"@type\":\"CommentAction\",\"name\":\"Comment\",\"target\":[\"https:\/\/agrupacionespsoe.es\/ponferrada\/el-castillo-no-es-una-discoteca-el-psoe-ha-pedido-medidas-adicionales-que-garanticen-que-no-volvamos-a-ver-las-imagenes-de-fiesta-que-se-vieron-en-la-inauguracion-de-la-semana-de-la-moda\/#respond\"]}]},{\"@type\":\"WebPage\",\"@id\":\"https:\/\/agrupacionespsoe.es\/ponferrada\/el-castillo-no-es-una-discoteca-el-psoe-ha-pedido-medidas-adicionales-que-garanticen-que-no-volvamos-a-ver-las-imagenes-de-fiesta-que-se-vieron-en-la-inauguracion-de-la-semana-de-la-moda\/\",\"url\":\"https:\/\/agrupacionespsoe.es\/ponferrada\/el-castillo-no-es-una-discoteca-el-psoe-ha-pedido-medidas-adicionales-que-garanticen-que-no-volvamos-a-ver-las-imagenes-de-fiesta-que-se-vieron-en-la-inauguracion-de-la-semana-de-la-moda\/\",\"name\":\"\\\"El Castillo no es una discoteca\\\": el PSOE ha pedido medidas adicionales que garanticen que no volvamos a ver las im\u00e1genes de fiesta que se vieron en la inauguraci\u00f3n de la Semana de la Moda. - Agrupaci\u00f3n Socialista de Ponferrada\",\"isPartOf\":{\"@id\":\"https:\/\/agrupacionespsoe.es\/ponferrada\/#website\"},\"primaryImageOfPage\":{\"@id\":\"https:\/\/agrupacionespsoe.es\/ponferrada\/el-castillo-no-es-una-discoteca-el-psoe-ha-pedido-medidas-adicionales-que-garanticen-que-no-volvamos-a-ver-las-imagenes-de-fiesta-que-se-vieron-en-la-inauguracion-de-la-semana-de-la-moda\/#primaryimage\"},\"image\":{\"@id\":\"https:\/\/agrupacionespsoe.es\/ponferrada\/el-castillo-no-es-una-discoteca-el-psoe-ha-pedido-medidas-adicionales-que-garanticen-que-no-volvamos-a-ver-las-imagenes-de-fiesta-que-se-vieron-en-la-inauguracion-de-la-semana-de-la-moda\/#primaryimage\"},\"thumbnailUrl\":\"https:\/\/agrupacionespsoe.es\/ponferrada\/wp-content\/uploads\/sites\/36\/2025\/04\/WhatsApp-Image-2025-04-24-at-10.04.54.jpeg\",\"datePublished\":\"2025-04-22T07:59:09+00:00\",\"dateModified\":\"2025-04-24T08:05:37+00:00\",\"breadcrumb\":{\"@id\":\"https:\/\/agrupacionespsoe.es\/ponferrada\/el-castillo-no-es-una-discoteca-el-psoe-ha-pedido-medidas-adicionales-que-garanticen-que-no-volvamos-a-ver-las-imagenes-de-fiesta-que-se-vieron-en-la-inauguracion-de-la-semana-de-la-moda\/#breadcrumb\"},\"inLanguage\":\"es\",\"potentialAction\":[{\"@type\":\"ReadAction\",\"target\":[\"https:\/\/agrupacionespsoe.es\/ponferrada\/el-castillo-no-es-una-discoteca-el-psoe-ha-pedido-medidas-adicionales-que-garanticen-que-no-volvamos-a-ver-las-imagenes-de-fiesta-que-se-vieron-en-la-inauguracion-de-la-semana-de-la-moda\/\"]}]},{\"@type\":\"ImageObject\",\"inLanguage\":\"es\",\"@id\":\"https:\/\/agrupacionespsoe.es\/ponferrada\/el-castillo-no-es-una-discoteca-el-psoe-ha-pedido-medidas-adicionales-que-garanticen-que-no-volvamos-a-ver-las-imagenes-de-fiesta-que-se-vieron-en-la-inauguracion-de-la-semana-de-la-moda\/#primaryimage\",\"url\":\"https:\/\/agrupacionespsoe.es\/ponferrada\/wp-content\/uploads\/sites\/36\/2025\/04\/WhatsApp-Image-2025-04-24-at-10.04.54.jpeg\",\"contentUrl\":\"https:\/\/agrupacionespsoe.es\/ponferrada\/wp-content\/uploads\/sites\/36\/2025\/04\/WhatsApp-Image-2025-04-24-at-10.04.54.jpeg\",\"width\":1080,\"height\":1731},{\"@type\":\"BreadcrumbList\",\"@id\":\"https:\/\/agrupacionespsoe.es\/ponferrada\/el-castillo-no-es-una-discoteca-el-psoe-ha-pedido-medidas-adicionales-que-garanticen-que-no-volvamos-a-ver-las-imagenes-de-fiesta-que-se-vieron-en-la-inauguracion-de-la-semana-de-la-moda\/#breadcrumb\",\"itemListElement\":[{\"@type\":\"ListItem\",\"position\":1,\"name\":\"Portada\",\"item\":\"https:\/\/agrupacionespsoe.es\/ponferrada\/\"},{\"@type\":\"ListItem\",\"position\":2,\"name\":\"\u00abEl Castillo no es una discoteca\u00bb: el PSOE ha pedido medidas adicionales que garanticen que no volvamos a ver las im\u00e1genes de fiesta que se vieron en la inauguraci\u00f3n de la Semana de la Moda.\"}]},{\"@type\":\"WebSite\",\"@id\":\"https:\/\/agrupacionespsoe.es\/ponferrada\/#website\",\"url\":\"https:\/\/agrupacionespsoe.es\/ponferrada\/\",\"name\":\"Agrupaci\u00f3n Socialista de Ponferrada\",\"description\":\"Agrupaci\u00f3n Socialista de Ponferrada\",\"publisher\":{\"@id\":\"https:\/\/agrupacionespsoe.es\/ponferrada\/#organization\"},\"potentialAction\":[{\"@type\":\"SearchAction\",\"target\":{\"@type\":\"EntryPoint\",\"urlTemplate\":\"https:\/\/agrupacionespsoe.es\/ponferrada\/?s={search_term_string}\"},\"query-input\":{\"@type\":\"PropertyValueSpecification\",\"valueRequired\":true,\"valueName\":\"search_term_string\"}}],\"inLanguage\":\"es\"},{\"@type\":\"Organization\",\"@id\":\"https:\/\/agrupacionespsoe.es\/ponferrada\/#organization\",\"name\":\"Agrupaci\u00f3n Socialista de Ponferrada\",\"url\":\"https:\/\/agrupacionespsoe.es\/ponferrada\/\",\"logo\":{\"@type\":\"ImageObject\",\"inLanguage\":\"es\",\"@id\":\"https:\/\/agrupacionespsoe.es\/ponferrada\/#\/schema\/logo\/image\/\",\"url\":\"https:\/\/agrupacionespsoe.es\/wp-content\/uploads\/2022\/07\/Logotipo_electoral_del_PSOE.png\",\"contentUrl\":\"https:\/\/agrupacionespsoe.es\/wp-content\/uploads\/2022\/07\/Logotipo_electoral_del_PSOE.png\",\"width\":422,\"height\":422,\"caption\":\"Agrupaci\u00f3n Socialista de Ponferrada\"},\"image\":{\"@id\":\"https:\/\/agrupacionespsoe.es\/ponferrada\/#\/schema\/logo\/image\/\"}},{\"@type\":\"Person\",\"@id\":\"https:\/\/agrupacionespsoe.es\/ponferrada\/#\/schema\/person\/cd29ee627f3b70c05d415f02596debaa\",\"name\":\"ponferrada2\",\"image\":{\"@type\":\"ImageObject\",\"inLanguage\":\"es\",\"@id\":\"https:\/\/agrupacionespsoe.es\/ponferrada\/#\/schema\/person\/image\/\",\"url\":\"https:\/\/secure.gravatar.com\/avatar\/f499eeb60144c664cf7b7edf75549b50?s=96&d=mm&r=g\",\"contentUrl\":\"https:\/\/secure.gravatar.com\/avatar\/f499eeb60144c664cf7b7edf75549b50?s=96&d=mm&r=g\",\"caption\":\"ponferrada2\"},\"url\":\"https:\/\/agrupacionespsoe.es\/ponferrada\/author\/ponferrada2\/\"}]}<\/script>\n<!-- \/ Yoast SEO plugin. -->","yoast_head_json":{"title":"\"El Castillo no es una discoteca\": el PSOE ha pedido medidas adicionales que garanticen que no volvamos a ver las im\u00e1genes de fiesta que se vieron en la inauguraci\u00f3n de la Semana de la Moda. - Agrupaci\u00f3n Socialista de Ponferrada","robots":{"index":"index","follow":"follow","max-snippet":"max-snippet:-1","max-image-preview":"max-image-preview:large","max-video-preview":"max-video-preview:-1"},"canonical":"https:\/\/agrupacionespsoe.es\/ponferrada\/el-castillo-no-es-una-discoteca-el-psoe-ha-pedido-medidas-adicionales-que-garanticen-que-no-volvamos-a-ver-las-imagenes-de-fiesta-que-se-vieron-en-la-inauguracion-de-la-semana-de-la-moda\/","og_locale":"es_ES","og_type":"article","og_title":"\"El Castillo no es una discoteca\": el PSOE ha pedido medidas adicionales que garanticen que no volvamos a ver las im\u00e1genes de fiesta que se vieron en la inauguraci\u00f3n de la Semana de la Moda. - Agrupaci\u00f3n Socialista de Ponferrada","og_description":"El Grupo Municipal Socialista en la Comisi\u00f3n de Desarrollo Econ\u00f3mico y Comercio de esta ma\u00f1ana, ha transmitido su preocupaci\u00f3n y rechazo ante las im\u00e1genes vistas de la fiesta posterior a la inauguraci\u00f3n de la Semana de la Moda, que tuvo lugar en el Castillo de los Templarios. Cuando se va a cumplir un&nbsp; mes del ...","og_url":"https:\/\/agrupacionespsoe.es\/ponferrada\/el-castillo-no-es-una-discoteca-el-psoe-ha-pedido-medidas-adicionales-que-garanticen-que-no-volvamos-a-ver-las-imagenes-de-fiesta-que-se-vieron-en-la-inauguracion-de-la-semana-de-la-moda\/","og_site_name":"Agrupaci\u00f3n Socialista de Ponferrada","article_published_time":"2025-04-22T07:59:09+00:00","article_modified_time":"2025-04-24T08:05:37+00:00","og_image":[{"width":1080,"height":1731,"url":"https:\/\/agrupacionespsoe.es\/ponferrada\/wp-content\/uploads\/sites\/36\/2025\/04\/WhatsApp-Image-2025-04-24-at-10.04.54.jpeg","type":"image\/jpeg"}],"author":"ponferrada2","twitter_card":"summary_large_image","twitter_misc":{"Escrito por":"ponferrada2","Tiempo de lectura":"3 minutos"},"schema":{"@context":"https:\/\/schema.org","@graph":[{"@type":"Article","@id":"https:\/\/agrupacionespsoe.es\/ponferrada\/el-castillo-no-es-una-discoteca-el-psoe-ha-pedido-medidas-adicionales-que-garanticen-que-no-volvamos-a-ver-las-imagenes-de-fiesta-que-se-vieron-en-la-inauguracion-de-la-semana-de-la-moda\/#article","isPartOf":{"@id":"https:\/\/agrupacionespsoe.es\/ponferrada\/el-castillo-no-es-una-discoteca-el-psoe-ha-pedido-medidas-adicionales-que-garanticen-que-no-volvamos-a-ver-las-imagenes-de-fiesta-que-se-vieron-en-la-inauguracion-de-la-semana-de-la-moda\/"},"author":{"name":"ponferrada2","@id":"https:\/\/agrupacionespsoe.es\/ponferrada\/#\/schema\/person\/cd29ee627f3b70c05d415f02596debaa"},"headline":"\u00abEl Castillo no es una discoteca\u00bb: el PSOE ha pedido medidas adicionales que garanticen que no volvamos a ver las im\u00e1genes de fiesta que se vieron en la inauguraci\u00f3n de la Semana de la Moda.","datePublished":"2025-04-22T07:59:09+00:00","dateModified":"2025-04-24T08:05:37+00:00","mainEntityOfPage":{"@id":"https:\/\/agrupacionespsoe.es\/ponferrada\/el-castillo-no-es-una-discoteca-el-psoe-ha-pedido-medidas-adicionales-que-garanticen-que-no-volvamos-a-ver-las-imagenes-de-fiesta-que-se-vieron-en-la-inauguracion-de-la-semana-de-la-moda\/"},"wordCount":492,"commentCount":0,"publisher":{"@id":"https:\/\/agrupacionespsoe.es\/ponferrada\/#organization"},"image":{"@id":"https:\/\/agrupacionespsoe.es\/ponferrada\/el-castillo-no-es-una-discoteca-el-psoe-ha-pedido-medidas-adicionales-que-garanticen-que-no-volvamos-a-ver-las-imagenes-de-fiesta-que-se-vieron-en-la-inauguracion-de-la-semana-de-la-moda\/#primaryimage"},"thumbnailUrl":"https:\/\/agrupacionespsoe.es\/ponferrada\/wp-content\/uploads\/sites\/36\/2025\/04\/WhatsApp-Image-2025-04-24-at-10.04.54.jpeg","articleSection":["ACTUALIDAD"],"inLanguage":"es","potentialAction":[{"@type":"CommentAction","name":"Comment","target":["https:\/\/agrupacionespsoe.es\/ponferrada\/el-castillo-no-es-una-discoteca-el-psoe-ha-pedido-medidas-adicionales-que-garanticen-que-no-volvamos-a-ver-las-imagenes-de-fiesta-que-se-vieron-en-la-inauguracion-de-la-semana-de-la-moda\/#respond"]}]},{"@type":"WebPage","@id":"https:\/\/agrupacionespsoe.es\/ponferrada\/el-castillo-no-es-una-discoteca-el-psoe-ha-pedido-medidas-adicionales-que-garanticen-que-no-volvamos-a-ver-las-imagenes-de-fiesta-que-se-vieron-en-la-inauguracion-de-la-semana-de-la-moda\/","url":"https:\/\/agrupacionespsoe.es\/ponferrada\/el-castillo-no-es-una-discoteca-el-psoe-ha-pedido-medidas-adicionales-que-garanticen-que-no-volvamos-a-ver-las-imagenes-de-fiesta-que-se-vieron-en-la-inauguracion-de-la-semana-de-la-moda\/","name":"\"El Castillo no es una discoteca\": el PSOE ha pedido medidas adicionales que garanticen que no volvamos a ver las im\u00e1genes de fiesta que se vieron en la inauguraci\u00f3n de la Semana de la Moda. - Agrupaci\u00f3n Socialista de Ponferrada","isPartOf":{"@id":"https:\/\/agrupacionespsoe.es\/ponferrada\/#website"},"primaryImageOfPage":{"@id":"https:\/\/agrupacionespsoe.es\/ponferrada\/el-castillo-no-es-una-discoteca-el-psoe-ha-pedido-medidas-adicionales-que-garanticen-que-no-volvamos-a-ver-las-imagenes-de-fiesta-que-se-vieron-en-la-inauguracion-de-la-semana-de-la-moda\/#primaryimage"},"image":{"@id":"https:\/\/agrupacionespsoe.es\/ponferrada\/el-castillo-no-es-una-discoteca-el-psoe-ha-pedido-medidas-adicionales-que-garanticen-que-no-volvamos-a-ver-las-imagenes-de-fiesta-que-se-vieron-en-la-inauguracion-de-la-semana-de-la-moda\/#primaryimage"},"thumbnailUrl":"https:\/\/agrupacionespsoe.es\/ponferrada\/wp-content\/uploads\/sites\/36\/2025\/04\/WhatsApp-Image-2025-04-24-at-10.04.54.jpeg","datePublished":"2025-04-22T07:59:09+00:00","dateModified":"2025-04-24T08:05:37+00:00","breadcrumb":{"@id":"https:\/\/agrupacionespsoe.es\/ponferrada\/el-castillo-no-es-una-discoteca-el-psoe-ha-pedido-medidas-adicionales-que-garanticen-que-no-volvamos-a-ver-las-imagenes-de-fiesta-que-se-vieron-en-la-inauguracion-de-la-semana-de-la-moda\/#breadcrumb"},"inLanguage":"es","potentialAction":[{"@type":"ReadAction","target":["https:\/\/agrupacionespsoe.es\/ponferrada\/el-castillo-no-es-una-discoteca-el-psoe-ha-pedido-medidas-adicionales-que-garanticen-que-no-volvamos-a-ver-las-imagenes-de-fiesta-que-se-vieron-en-la-inauguracion-de-la-semana-de-la-moda\/"]}]},{"@type":"ImageObject","inLanguage":"es","@id":"https:\/\/agrupacionespsoe.es\/ponferrada\/el-castillo-no-es-una-discoteca-el-psoe-ha-pedido-medidas-adicionales-que-garanticen-que-no-volvamos-a-ver-las-imagenes-de-fiesta-que-se-vieron-en-la-inauguracion-de-la-semana-de-la-moda\/#primaryimage","url":"https:\/\/agrupacionespsoe.es\/ponferrada\/wp-content\/uploads\/sites\/36\/2025\/04\/WhatsApp-Image-2025-04-24-at-10.04.54.jpeg","contentUrl":"https:\/\/agrupacionespsoe.es\/ponferrada\/wp-content\/uploads\/sites\/36\/2025\/04\/WhatsApp-Image-2025-04-24-at-10.04.54.jpeg","width":1080,"height":1731},{"@type":"BreadcrumbList","@id":"https:\/\/agrupacionespsoe.es\/ponferrada\/el-castillo-no-es-una-discoteca-el-psoe-ha-pedido-medidas-adicionales-que-garanticen-que-no-volvamos-a-ver-las-imagenes-de-fiesta-que-se-vieron-en-la-inauguracion-de-la-semana-de-la-moda\/#breadcrumb","itemListElement":[{"@type":"ListItem","position":1,"name":"Portada","item":"https:\/\/agrupacionespsoe.es\/ponferrada\/"},{"@type":"ListItem","position":2,"name":"\u00abEl Castillo no es una discoteca\u00bb: el PSOE ha pedido medidas adicionales que garanticen que no volvamos a ver las im\u00e1genes de fiesta que se vieron en la inauguraci\u00f3n de la Semana de la Moda."}]},{"@type":"WebSite","@id":"https:\/\/agrupacionespsoe.es\/ponferrada\/#website","url":"https:\/\/agrupacionespsoe.es\/ponferrada\/","name":"Agrupaci\u00f3n Socialista de Ponferrada","description":"Agrupaci\u00f3n Socialista de Ponferrada","publisher":{"@id":"https:\/\/agrupacionespsoe.es\/ponferrada\/#organization"},"potentialAction":[{"@type":"SearchAction","target":{"@type":"EntryPoint","urlTemplate":"https:\/\/agrupacionespsoe.es\/ponferrada\/?s={search_term_string}"},"query-input":{"@type":"PropertyValueSpecification","valueRequired":true,"valueName":"search_term_string"}}],"inLanguage":"es"},{"@type":"Organization","@id":"https:\/\/agrupacionespsoe.es\/ponferrada\/#organization","name":"Agrupaci\u00f3n Socialista de Ponferrada","url":"https:\/\/agrupacionespsoe.es\/ponferrada\/","logo":{"@type":"ImageObject","inLanguage":"es","@id":"https:\/\/agrupacionespsoe.es\/ponferrada\/#\/schema\/logo\/image\/","url":"https:\/\/agrupacionespsoe.es\/wp-content\/uploads\/2022\/07\/Logotipo_electoral_del_PSOE.png","contentUrl":"https:\/\/agrupacionespsoe.es\/wp-content\/uploads\/2022\/07\/Logotipo_electoral_del_PSOE.png","width":422,"height":422,"caption":"Agrupaci\u00f3n Socialista de Ponferrada"},"image":{"@id":"https:\/\/agrupacionespsoe.es\/ponferrada\/#\/schema\/logo\/image\/"}},{"@type":"Person","@id":"https:\/\/agrupacionespsoe.es\/ponferrada\/#\/schema\/person\/cd29ee627f3b70c05d415f02596debaa","name":"ponferrada2","image":{"@type":"ImageObject","inLanguage":"es","@id":"https:\/\/agrupacionespsoe.es\/ponferrada\/#\/schema\/person\/image\/","url":"https:\/\/secure.gravatar.com\/avatar\/f499eeb60144c664cf7b7edf75549b50?s=96&d=mm&r=g","contentUrl":"https:\/\/secure.gravatar.com\/avatar\/f499eeb60144c664cf7b7edf75549b50?s=96&d=mm&r=g","caption":"ponferrada2"},"url":"https:\/\/agrupacionespsoe.es\/ponferrada\/author\/ponferrada2\/"}]}},"jetpack_featured_media_url":"https:\/\/agrupacionespsoe.es\/ponferrada\/wp-content\/uploads\/sites\/36\/2025\/04\/WhatsApp-Image-2025-04-24-at-10.04.54.jpeg","jetpack_sharing_enabled":true,"_links":{"self":[{"href":"https:\/\/agrupacionespsoe.es\/ponferrada\/wp-json\/wp\/v2\/posts\/862","targetHints":{"allow":["GET"]}}],"collection":[{"href":"https:\/\/agrupacionespsoe.es\/ponferrada\/wp-json\/wp\/v2\/posts"}],"about":[{"href":"https:\/\/agrupacionespsoe.es\/ponferrada\/wp-json\/wp\/v2\/types\/post"}],"author":[{"embeddable":true,"href":"https:\/\/agrupacionespsoe.es\/ponferrada\/wp-json\/wp\/v2\/users\/32"}],"replies":[{"embeddable":true,"href":"https:\/\/agrupacionespsoe.es\/ponferrada\/wp-json\/wp\/v2\/comments?post=862"}],"version-history":[{"count":2,"href":"https:\/\/agrupacionespsoe.es\/ponferrada\/wp-json\/wp\/v2\/posts\/862\/revisions"}],"predecessor-version":[{"id":865,"href":"https:\/\/agrupacionespsoe.es\/ponferrada\/wp-json\/wp\/v2\/posts\/862\/revisions\/865"}],"wp:featuredmedia":[{"embeddable":true,"href":"https:\/\/agrupacionespsoe.es\/ponferrada\/wp-json\/wp\/v2\/media\/863"}],"wp:attachment":[{"href":"https:\/\/agrupacionespsoe.es\/ponferrada\/wp-json\/wp\/v2\/media?parent=862"}],"wp:term":[{"taxonomy":"category","embeddable":true,"href":"https:\/\/agrupacionespsoe.es\/ponferrada\/wp-json\/wp\/v2\/categories?post=862"},{"taxonomy":"post_tag","embeddable":true,"href":"https:\/\/agrupacionespsoe.es\/ponferrada\/wp-json\/wp\/v2\/tags?post=862"}],"curies":[{"name":"wp","href":"https:\/\/api.w.org\/{rel}","templated":true}]}}