{"id":854,"date":"2025-04-14T21:41:00","date_gmt":"2025-04-14T21:41:00","guid":{"rendered":"https:\/\/agrupacionespsoe.es\/ponferrada\/?p=854"},"modified":"2025-04-16T11:52:45","modified_gmt":"2025-04-16T11:52:45","slug":"el-psoe-de-ponferrada-conmemora-el-dia-de-la-republica-recordando-a-las-victimas-del-franquismo-y-la-posterior-represion","status":"publish","type":"post","link":"https:\/\/agrupacionespsoe.es\/ponferrada\/el-psoe-de-ponferrada-conmemora-el-dia-de-la-republica-recordando-a-las-victimas-del-franquismo-y-la-posterior-represion\/","title":{"rendered":"El PSOE de Ponferrada conmemora el D\u00eda de la Rep\u00fablica recordando a las v\u00edctimas del franquismo y la posterior represi\u00f3n"},"content":{"rendered":"\n<p>La Agrupaci\u00f3n del PSOE de Ponferrada celebr\u00f3 un emotivo acto con motivo del D\u00eda de la Rep\u00fablica, en el que se rindi\u00f3 homenaje a quienes dieron su vida por la democracia  y la libertad.<\/p>\n\n\n\n<p>El secretario general de la agrupaci\u00f3n, <strong>Olegario Ram\u00f3n<\/strong>, intervino con unas palabras en las que record\u00f3 con emoci\u00f3n a cargos p\u00fablicos, maestros, maestras, hombres y mujeres de la cultura y personas en general que fueron asesinados durante el alzamiento que provoc\u00f3 la Guerra Civil y durante la represi\u00f3n franquista. Su intervenci\u00f3n sirvi\u00f3 como llamado a la memoria y a la dignidad de quienes defendieron los valores republicanos y progresistas en tiempos oscuros.<\/p>\n\n\n\n<p>El acto cont\u00f3 tambi\u00e9n con la participaci\u00f3n de la artista <strong>Esther Lanz\u00f3n<\/strong>, cuyas interpretaciones musicales emocionaron al p\u00fablico asistente y acompa\u00f1aron el ambiente de reflexi\u00f3n y homenaje.<\/p>\n\n\n\n<p>Como colof\u00f3n, se leyeron <strong>dos poemas, dedicados a mujeres que, a trav\u00e9s de su poes\u00eda, tambi\u00e9n lucharon contra el franquismo<\/strong>, y el poema de Miguel Hern\u00e1ndez \u00abPara la Libertad\u00bb. Las dos lectoras son bisnietas de ni\u00f1os de la guerra, lo que a\u00f1ade una carga simb\u00f3lica y generacional a este acto de memoria, demostrando c\u00f3mo la lucha por la libertad y la justicia se transmite y se mantiene viva.<\/p>\n\n\n\n<p>Desde el PSOE de Ponferrada se reafirm\u00f3 el compromiso con la memoria democr\u00e1tica, con la justicia hist\u00f3rica y con los valores que representa la II Rep\u00fablica: igualdad, educaci\u00f3n, progreso y libertad.<\/p>\n\n\n\n<figure class=\"wp-block-gallery has-nested-images columns-default is-cropped wp-block-gallery-1 is-layout-flex wp-block-gallery-is-layout-flex\">\n<figure class=\"wp-block-image size-large\"><img loading=\"lazy\" decoding=\"async\" width=\"1024\" height=\"768\" data-id=\"858\" src=\"https:\/\/agrupacionespsoe.es\/ponferrada\/wp-content\/uploads\/sites\/36\/2025\/04\/WhatsApp-Image-2025-04-16-at-13.23.21-3-1024x768.jpeg\" alt=\"\" class=\"wp-image-858\" srcset=\"https:\/\/agrupacionespsoe.es\/ponferrada\/wp-content\/uploads\/sites\/36\/2025\/04\/WhatsApp-Image-2025-04-16-at-13.23.21-3-1024x768.jpeg 1024w, https:\/\/agrupacionespsoe.es\/ponferrada\/wp-content\/uploads\/sites\/36\/2025\/04\/WhatsApp-Image-2025-04-16-at-13.23.21-3-300x225.jpeg 300w, https:\/\/agrupacionespsoe.es\/ponferrada\/wp-content\/uploads\/sites\/36\/2025\/04\/WhatsApp-Image-2025-04-16-at-13.23.21-3-768x576.jpeg 768w, https:\/\/agrupacionespsoe.es\/ponferrada\/wp-content\/uploads\/sites\/36\/2025\/04\/WhatsApp-Image-2025-04-16-at-13.23.21-3-1536x1152.jpeg 1536w, https:\/\/agrupacionespsoe.es\/ponferrada\/wp-content\/uploads\/sites\/36\/2025\/04\/WhatsApp-Image-2025-04-16-at-13.23.21-3.jpeg 1600w\" sizes=\"auto, (max-width: 1024px) 100vw, 1024px\" \/><\/figure>\n\n\n\n<figure class=\"wp-block-image size-large\"><img loading=\"lazy\" decoding=\"async\" width=\"1024\" height=\"768\" data-id=\"857\" src=\"https:\/\/agrupacionespsoe.es\/ponferrada\/wp-content\/uploads\/sites\/36\/2025\/04\/WhatsApp-Image-2025-04-16-at-13.23.21-2-1024x768.jpeg\" alt=\"\" class=\"wp-image-857\" srcset=\"https:\/\/agrupacionespsoe.es\/ponferrada\/wp-content\/uploads\/sites\/36\/2025\/04\/WhatsApp-Image-2025-04-16-at-13.23.21-2-1024x768.jpeg 1024w, https:\/\/agrupacionespsoe.es\/ponferrada\/wp-content\/uploads\/sites\/36\/2025\/04\/WhatsApp-Image-2025-04-16-at-13.23.21-2-300x225.jpeg 300w, https:\/\/agrupacionespsoe.es\/ponferrada\/wp-content\/uploads\/sites\/36\/2025\/04\/WhatsApp-Image-2025-04-16-at-13.23.21-2-768x576.jpeg 768w, https:\/\/agrupacionespsoe.es\/ponferrada\/wp-content\/uploads\/sites\/36\/2025\/04\/WhatsApp-Image-2025-04-16-at-13.23.21-2-1536x1152.jpeg 1536w, https:\/\/agrupacionespsoe.es\/ponferrada\/wp-content\/uploads\/sites\/36\/2025\/04\/WhatsApp-Image-2025-04-16-at-13.23.21-2.jpeg 1600w\" sizes=\"auto, (max-width: 1024px) 100vw, 1024px\" \/><\/figure>\n\n\n\n<figure class=\"wp-block-image size-large\"><img loading=\"lazy\" decoding=\"async\" width=\"1024\" height=\"768\" data-id=\"855\" src=\"https:\/\/agrupacionespsoe.es\/ponferrada\/wp-content\/uploads\/sites\/36\/2025\/04\/WhatsApp-Image-2025-04-16-at-13.23.21-1-1024x768.jpeg\" alt=\"\" class=\"wp-image-855\" srcset=\"https:\/\/agrupacionespsoe.es\/ponferrada\/wp-content\/uploads\/sites\/36\/2025\/04\/WhatsApp-Image-2025-04-16-at-13.23.21-1-1024x768.jpeg 1024w, https:\/\/agrupacionespsoe.es\/ponferrada\/wp-content\/uploads\/sites\/36\/2025\/04\/WhatsApp-Image-2025-04-16-at-13.23.21-1-300x225.jpeg 300w, https:\/\/agrupacionespsoe.es\/ponferrada\/wp-content\/uploads\/sites\/36\/2025\/04\/WhatsApp-Image-2025-04-16-at-13.23.21-1-768x576.jpeg 768w, https:\/\/agrupacionespsoe.es\/ponferrada\/wp-content\/uploads\/sites\/36\/2025\/04\/WhatsApp-Image-2025-04-16-at-13.23.21-1-1536x1152.jpeg 1536w, https:\/\/agrupacionespsoe.es\/ponferrada\/wp-content\/uploads\/sites\/36\/2025\/04\/WhatsApp-Image-2025-04-16-at-13.23.21-1.jpeg 1600w\" sizes=\"auto, (max-width: 1024px) 100vw, 1024px\" \/><\/figure>\n\n\n\n<figure class=\"wp-block-image size-large\"><img loading=\"lazy\" decoding=\"async\" width=\"1024\" height=\"768\" data-id=\"856\" src=\"https:\/\/agrupacionespsoe.es\/ponferrada\/wp-content\/uploads\/sites\/36\/2025\/04\/WhatsApp-Image-2025-04-16-at-13.23.21-1024x768.jpeg\" alt=\"\" class=\"wp-image-856\" srcset=\"https:\/\/agrupacionespsoe.es\/ponferrada\/wp-content\/uploads\/sites\/36\/2025\/04\/WhatsApp-Image-2025-04-16-at-13.23.21-1024x768.jpeg 1024w, https:\/\/agrupacionespsoe.es\/ponferrada\/wp-content\/uploads\/sites\/36\/2025\/04\/WhatsApp-Image-2025-04-16-at-13.23.21-300x225.jpeg 300w, https:\/\/agrupacionespsoe.es\/ponferrada\/wp-content\/uploads\/sites\/36\/2025\/04\/WhatsApp-Image-2025-04-16-at-13.23.21-768x576.jpeg 768w, https:\/\/agrupacionespsoe.es\/ponferrada\/wp-content\/uploads\/sites\/36\/2025\/04\/WhatsApp-Image-2025-04-16-at-13.23.21-1536x1152.jpeg 1536w, https:\/\/agrupacionespsoe.es\/ponferrada\/wp-content\/uploads\/sites\/36\/2025\/04\/WhatsApp-Image-2025-04-16-at-13.23.21.jpeg 1600w\" sizes=\"auto, (max-width: 1024px) 100vw, 1024px\" \/><\/figure>\n<\/figure>\n","protected":false},"excerpt":{"rendered":"<p>La Agrupaci\u00f3n del PSOE de Ponferrada celebr\u00f3 un emotivo acto con motivo del D\u00eda de la Rep\u00fablica, en el que se rindi\u00f3 homenaje a quienes dieron su vida por la democracia y la libertad. El secretario general de la agrupaci\u00f3n, Olegario Ram\u00f3n, intervino con unas palabras en las que record\u00f3 con emoci\u00f3n a cargos p\u00fablicos, &#8230;<\/p>\n","protected":false},"author":32,"featured_media":858,"comment_status":"open","ping_status":"open","sticky":false,"template":"","format":"standard","meta":{"_jetpack_memberships_contains_paid_content":false,"footnotes":""},"categories":[6],"tags":[],"class_list":["post-854","post","type-post","status-publish","format-standard","has-post-thumbnail","hentry","category-actualidad"],"yoast_head":"<!-- This site is optimized with the Yoast SEO plugin v24.0 - https:\/\/yoast.com\/wordpress\/plugins\/seo\/ -->\n<title>El PSOE de Ponferrada conmemora el D\u00eda de la Rep\u00fablica recordando a las v\u00edctimas del franquismo y la posterior represi\u00f3n - Agrupaci\u00f3n Socialista de Ponferrada<\/title>\n<meta name=\"robots\" content=\"index, follow, max-snippet:-1, max-image-preview:large, max-video-preview:-1\" \/>\n<link rel=\"canonical\" href=\"https:\/\/agrupacionespsoe.es\/ponferrada\/el-psoe-de-ponferrada-conmemora-el-dia-de-la-republica-recordando-a-las-victimas-del-franquismo-y-la-posterior-represion\/\" \/>\n<meta property=\"og:locale\" content=\"es_ES\" \/>\n<meta property=\"og:type\" content=\"article\" \/>\n<meta property=\"og:title\" content=\"El PSOE de Ponferrada conmemora el D\u00eda de la Rep\u00fablica recordando a las v\u00edctimas del franquismo y la posterior represi\u00f3n - Agrupaci\u00f3n Socialista de Ponferrada\" \/>\n<meta property=\"og:description\" content=\"La Agrupaci\u00f3n del PSOE de Ponferrada celebr\u00f3 un emotivo acto con motivo del D\u00eda de la Rep\u00fablica, en el que se rindi\u00f3 homenaje a quienes dieron su vida por la democracia y la libertad. El secretario general de la agrupaci\u00f3n, Olegario Ram\u00f3n, intervino con unas palabras en las que record\u00f3 con emoci\u00f3n a cargos p\u00fablicos, ...\" \/>\n<meta property=\"og:url\" content=\"https:\/\/agrupacionespsoe.es\/ponferrada\/el-psoe-de-ponferrada-conmemora-el-dia-de-la-republica-recordando-a-las-victimas-del-franquismo-y-la-posterior-represion\/\" \/>\n<meta property=\"og:site_name\" content=\"Agrupaci\u00f3n Socialista de Ponferrada\" \/>\n<meta property=\"article:published_time\" content=\"2025-04-14T21:41:00+00:00\" \/>\n<meta property=\"article:modified_time\" content=\"2025-04-16T11:52:45+00:00\" \/>\n<meta property=\"og:image\" content=\"https:\/\/agrupacionespsoe.es\/ponferrada\/wp-content\/uploads\/sites\/36\/2025\/04\/WhatsApp-Image-2025-04-16-at-13.23.21-3.jpeg\" \/>\n\t<meta property=\"og:image:width\" content=\"1600\" \/>\n\t<meta property=\"og:image:height\" content=\"1200\" \/>\n\t<meta property=\"og:image:type\" content=\"image\/jpeg\" \/>\n<meta name=\"author\" content=\"ponferrada2\" \/>\n<meta name=\"twitter:card\" content=\"summary_large_image\" \/>\n<meta name=\"twitter:label1\" content=\"Escrito por\" \/>\n\t<meta name=\"twitter:data1\" content=\"ponferrada2\" \/>\n\t<meta name=\"twitter:label2\" content=\"Tiempo de lectura\" \/>\n\t<meta name=\"twitter:data2\" content=\"3 minutos\" \/>\n<script type=\"application\/ld+json\" class=\"yoast-schema-graph\">{\"@context\":\"https:\/\/schema.org\",\"@graph\":[{\"@type\":\"Article\",\"@id\":\"https:\/\/agrupacionespsoe.es\/ponferrada\/el-psoe-de-ponferrada-conmemora-el-dia-de-la-republica-recordando-a-las-victimas-del-franquismo-y-la-posterior-represion\/#article\",\"isPartOf\":{\"@id\":\"https:\/\/agrupacionespsoe.es\/ponferrada\/el-psoe-de-ponferrada-conmemora-el-dia-de-la-republica-recordando-a-las-victimas-del-franquismo-y-la-posterior-represion\/\"},\"author\":{\"name\":\"ponferrada2\",\"@id\":\"https:\/\/agrupacionespsoe.es\/ponferrada\/#\/schema\/person\/cd29ee627f3b70c05d415f02596debaa\"},\"headline\":\"El PSOE de Ponferrada conmemora el D\u00eda de la Rep\u00fablica recordando a las v\u00edctimas del franquismo y la posterior represi\u00f3n\",\"datePublished\":\"2025-04-14T21:41:00+00:00\",\"dateModified\":\"2025-04-16T11:52:45+00:00\",\"mainEntityOfPage\":{\"@id\":\"https:\/\/agrupacionespsoe.es\/ponferrada\/el-psoe-de-ponferrada-conmemora-el-dia-de-la-republica-recordando-a-las-victimas-del-franquismo-y-la-posterior-represion\/\"},\"wordCount\":284,\"commentCount\":0,\"publisher\":{\"@id\":\"https:\/\/agrupacionespsoe.es\/ponferrada\/#organization\"},\"image\":{\"@id\":\"https:\/\/agrupacionespsoe.es\/ponferrada\/el-psoe-de-ponferrada-conmemora-el-dia-de-la-republica-recordando-a-las-victimas-del-franquismo-y-la-posterior-represion\/#primaryimage\"},\"thumbnailUrl\":\"https:\/\/agrupacionespsoe.es\/ponferrada\/wp-content\/uploads\/sites\/36\/2025\/04\/WhatsApp-Image-2025-04-16-at-13.23.21-3.jpeg\",\"articleSection\":[\"ACTUALIDAD\"],\"inLanguage\":\"es\",\"potentialAction\":[{\"@type\":\"CommentAction\",\"name\":\"Comment\",\"target\":[\"https:\/\/agrupacionespsoe.es\/ponferrada\/el-psoe-de-ponferrada-conmemora-el-dia-de-la-republica-recordando-a-las-victimas-del-franquismo-y-la-posterior-represion\/#respond\"]}]},{\"@type\":\"WebPage\",\"@id\":\"https:\/\/agrupacionespsoe.es\/ponferrada\/el-psoe-de-ponferrada-conmemora-el-dia-de-la-republica-recordando-a-las-victimas-del-franquismo-y-la-posterior-represion\/\",\"url\":\"https:\/\/agrupacionespsoe.es\/ponferrada\/el-psoe-de-ponferrada-conmemora-el-dia-de-la-republica-recordando-a-las-victimas-del-franquismo-y-la-posterior-represion\/\",\"name\":\"El PSOE de Ponferrada conmemora el D\u00eda de la Rep\u00fablica recordando a las v\u00edctimas del franquismo y la posterior represi\u00f3n - Agrupaci\u00f3n Socialista de Ponferrada\",\"isPartOf\":{\"@id\":\"https:\/\/agrupacionespsoe.es\/ponferrada\/#website\"},\"primaryImageOfPage\":{\"@id\":\"https:\/\/agrupacionespsoe.es\/ponferrada\/el-psoe-de-ponferrada-conmemora-el-dia-de-la-republica-recordando-a-las-victimas-del-franquismo-y-la-posterior-represion\/#primaryimage\"},\"image\":{\"@id\":\"https:\/\/agrupacionespsoe.es\/ponferrada\/el-psoe-de-ponferrada-conmemora-el-dia-de-la-republica-recordando-a-las-victimas-del-franquismo-y-la-posterior-represion\/#primaryimage\"},\"thumbnailUrl\":\"https:\/\/agrupacionespsoe.es\/ponferrada\/wp-content\/uploads\/sites\/36\/2025\/04\/WhatsApp-Image-2025-04-16-at-13.23.21-3.jpeg\",\"datePublished\":\"2025-04-14T21:41:00+00:00\",\"dateModified\":\"2025-04-16T11:52:45+00:00\",\"breadcrumb\":{\"@id\":\"https:\/\/agrupacionespsoe.es\/ponferrada\/el-psoe-de-ponferrada-conmemora-el-dia-de-la-republica-recordando-a-las-victimas-del-franquismo-y-la-posterior-represion\/#breadcrumb\"},\"inLanguage\":\"es\",\"potentialAction\":[{\"@type\":\"ReadAction\",\"target\":[\"https:\/\/agrupacionespsoe.es\/ponferrada\/el-psoe-de-ponferrada-conmemora-el-dia-de-la-republica-recordando-a-las-victimas-del-franquismo-y-la-posterior-represion\/\"]}]},{\"@type\":\"ImageObject\",\"inLanguage\":\"es\",\"@id\":\"https:\/\/agrupacionespsoe.es\/ponferrada\/el-psoe-de-ponferrada-conmemora-el-dia-de-la-republica-recordando-a-las-victimas-del-franquismo-y-la-posterior-represion\/#primaryimage\",\"url\":\"https:\/\/agrupacionespsoe.es\/ponferrada\/wp-content\/uploads\/sites\/36\/2025\/04\/WhatsApp-Image-2025-04-16-at-13.23.21-3.jpeg\",\"contentUrl\":\"https:\/\/agrupacionespsoe.es\/ponferrada\/wp-content\/uploads\/sites\/36\/2025\/04\/WhatsApp-Image-2025-04-16-at-13.23.21-3.jpeg\",\"width\":1600,\"height\":1200},{\"@type\":\"BreadcrumbList\",\"@id\":\"https:\/\/agrupacionespsoe.es\/ponferrada\/el-psoe-de-ponferrada-conmemora-el-dia-de-la-republica-recordando-a-las-victimas-del-franquismo-y-la-posterior-represion\/#breadcrumb\",\"itemListElement\":[{\"@type\":\"ListItem\",\"position\":1,\"name\":\"Portada\",\"item\":\"https:\/\/agrupacionespsoe.es\/ponferrada\/\"},{\"@type\":\"ListItem\",\"position\":2,\"name\":\"El PSOE de Ponferrada conmemora el D\u00eda de la Rep\u00fablica recordando a las v\u00edctimas del franquismo y la posterior represi\u00f3n\"}]},{\"@type\":\"WebSite\",\"@id\":\"https:\/\/agrupacionespsoe.es\/ponferrada\/#website\",\"url\":\"https:\/\/agrupacionespsoe.es\/ponferrada\/\",\"name\":\"Agrupaci\u00f3n Socialista de Ponferrada\",\"description\":\"Agrupaci\u00f3n Socialista de Ponferrada\",\"publisher\":{\"@id\":\"https:\/\/agrupacionespsoe.es\/ponferrada\/#organization\"},\"potentialAction\":[{\"@type\":\"SearchAction\",\"target\":{\"@type\":\"EntryPoint\",\"urlTemplate\":\"https:\/\/agrupacionespsoe.es\/ponferrada\/?s={search_term_string}\"},\"query-input\":{\"@type\":\"PropertyValueSpecification\",\"valueRequired\":true,\"valueName\":\"search_term_string\"}}],\"inLanguage\":\"es\"},{\"@type\":\"Organization\",\"@id\":\"https:\/\/agrupacionespsoe.es\/ponferrada\/#organization\",\"name\":\"Agrupaci\u00f3n Socialista de Ponferrada\",\"url\":\"https:\/\/agrupacionespsoe.es\/ponferrada\/\",\"logo\":{\"@type\":\"ImageObject\",\"inLanguage\":\"es\",\"@id\":\"https:\/\/agrupacionespsoe.es\/ponferrada\/#\/schema\/logo\/image\/\",\"url\":\"https:\/\/agrupacionespsoe.es\/wp-content\/uploads\/2022\/07\/Logotipo_electoral_del_PSOE.png\",\"contentUrl\":\"https:\/\/agrupacionespsoe.es\/wp-content\/uploads\/2022\/07\/Logotipo_electoral_del_PSOE.png\",\"width\":422,\"height\":422,\"caption\":\"Agrupaci\u00f3n Socialista de Ponferrada\"},\"image\":{\"@id\":\"https:\/\/agrupacionespsoe.es\/ponferrada\/#\/schema\/logo\/image\/\"}},{\"@type\":\"Person\",\"@id\":\"https:\/\/agrupacionespsoe.es\/ponferrada\/#\/schema\/person\/cd29ee627f3b70c05d415f02596debaa\",\"name\":\"ponferrada2\",\"image\":{\"@type\":\"ImageObject\",\"inLanguage\":\"es\",\"@id\":\"https:\/\/agrupacionespsoe.es\/ponferrada\/#\/schema\/person\/image\/\",\"url\":\"https:\/\/secure.gravatar.com\/avatar\/f499eeb60144c664cf7b7edf75549b50?s=96&d=mm&r=g\",\"contentUrl\":\"https:\/\/secure.gravatar.com\/avatar\/f499eeb60144c664cf7b7edf75549b50?s=96&d=mm&r=g\",\"caption\":\"ponferrada2\"},\"url\":\"https:\/\/agrupacionespsoe.es\/ponferrada\/author\/ponferrada2\/\"}]}<\/script>\n<!-- \/ Yoast SEO plugin. -->","yoast_head_json":{"title":"El PSOE de Ponferrada conmemora el D\u00eda de la Rep\u00fablica recordando a las v\u00edctimas del franquismo y la posterior represi\u00f3n - Agrupaci\u00f3n Socialista de Ponferrada","robots":{"index":"index","follow":"follow","max-snippet":"max-snippet:-1","max-image-preview":"max-image-preview:large","max-video-preview":"max-video-preview:-1"},"canonical":"https:\/\/agrupacionespsoe.es\/ponferrada\/el-psoe-de-ponferrada-conmemora-el-dia-de-la-republica-recordando-a-las-victimas-del-franquismo-y-la-posterior-represion\/","og_locale":"es_ES","og_type":"article","og_title":"El PSOE de Ponferrada conmemora el D\u00eda de la Rep\u00fablica recordando a las v\u00edctimas del franquismo y la posterior represi\u00f3n - Agrupaci\u00f3n Socialista de Ponferrada","og_description":"La Agrupaci\u00f3n del PSOE de Ponferrada celebr\u00f3 un emotivo acto con motivo del D\u00eda de la Rep\u00fablica, en el que se rindi\u00f3 homenaje a quienes dieron su vida por la democracia y la libertad. El secretario general de la agrupaci\u00f3n, Olegario Ram\u00f3n, intervino con unas palabras en las que record\u00f3 con emoci\u00f3n a cargos p\u00fablicos, ...","og_url":"https:\/\/agrupacionespsoe.es\/ponferrada\/el-psoe-de-ponferrada-conmemora-el-dia-de-la-republica-recordando-a-las-victimas-del-franquismo-y-la-posterior-represion\/","og_site_name":"Agrupaci\u00f3n Socialista de Ponferrada","article_published_time":"2025-04-14T21:41:00+00:00","article_modified_time":"2025-04-16T11:52:45+00:00","og_image":[{"width":1600,"height":1200,"url":"https:\/\/agrupacionespsoe.es\/ponferrada\/wp-content\/uploads\/sites\/36\/2025\/04\/WhatsApp-Image-2025-04-16-at-13.23.21-3.jpeg","type":"image\/jpeg"}],"author":"ponferrada2","twitter_card":"summary_large_image","twitter_misc":{"Escrito por":"ponferrada2","Tiempo de lectura":"3 minutos"},"schema":{"@context":"https:\/\/schema.org","@graph":[{"@type":"Article","@id":"https:\/\/agrupacionespsoe.es\/ponferrada\/el-psoe-de-ponferrada-conmemora-el-dia-de-la-republica-recordando-a-las-victimas-del-franquismo-y-la-posterior-represion\/#article","isPartOf":{"@id":"https:\/\/agrupacionespsoe.es\/ponferrada\/el-psoe-de-ponferrada-conmemora-el-dia-de-la-republica-recordando-a-las-victimas-del-franquismo-y-la-posterior-represion\/"},"author":{"name":"ponferrada2","@id":"https:\/\/agrupacionespsoe.es\/ponferrada\/#\/schema\/person\/cd29ee627f3b70c05d415f02596debaa"},"headline":"El PSOE de Ponferrada conmemora el D\u00eda de la Rep\u00fablica recordando a las v\u00edctimas del franquismo y la posterior represi\u00f3n","datePublished":"2025-04-14T21:41:00+00:00","dateModified":"2025-04-16T11:52:45+00:00","mainEntityOfPage":{"@id":"https:\/\/agrupacionespsoe.es\/ponferrada\/el-psoe-de-ponferrada-conmemora-el-dia-de-la-republica-recordando-a-las-victimas-del-franquismo-y-la-posterior-represion\/"},"wordCount":284,"commentCount":0,"publisher":{"@id":"https:\/\/agrupacionespsoe.es\/ponferrada\/#organization"},"image":{"@id":"https:\/\/agrupacionespsoe.es\/ponferrada\/el-psoe-de-ponferrada-conmemora-el-dia-de-la-republica-recordando-a-las-victimas-del-franquismo-y-la-posterior-represion\/#primaryimage"},"thumbnailUrl":"https:\/\/agrupacionespsoe.es\/ponferrada\/wp-content\/uploads\/sites\/36\/2025\/04\/WhatsApp-Image-2025-04-16-at-13.23.21-3.jpeg","articleSection":["ACTUALIDAD"],"inLanguage":"es","potentialAction":[{"@type":"CommentAction","name":"Comment","target":["https:\/\/agrupacionespsoe.es\/ponferrada\/el-psoe-de-ponferrada-conmemora-el-dia-de-la-republica-recordando-a-las-victimas-del-franquismo-y-la-posterior-represion\/#respond"]}]},{"@type":"WebPage","@id":"https:\/\/agrupacionespsoe.es\/ponferrada\/el-psoe-de-ponferrada-conmemora-el-dia-de-la-republica-recordando-a-las-victimas-del-franquismo-y-la-posterior-represion\/","url":"https:\/\/agrupacionespsoe.es\/ponferrada\/el-psoe-de-ponferrada-conmemora-el-dia-de-la-republica-recordando-a-las-victimas-del-franquismo-y-la-posterior-represion\/","name":"El PSOE de Ponferrada conmemora el D\u00eda de la Rep\u00fablica recordando a las v\u00edctimas del franquismo y la posterior represi\u00f3n - Agrupaci\u00f3n Socialista de Ponferrada","isPartOf":{"@id":"https:\/\/agrupacionespsoe.es\/ponferrada\/#website"},"primaryImageOfPage":{"@id":"https:\/\/agrupacionespsoe.es\/ponferrada\/el-psoe-de-ponferrada-conmemora-el-dia-de-la-republica-recordando-a-las-victimas-del-franquismo-y-la-posterior-represion\/#primaryimage"},"image":{"@id":"https:\/\/agrupacionespsoe.es\/ponferrada\/el-psoe-de-ponferrada-conmemora-el-dia-de-la-republica-recordando-a-las-victimas-del-franquismo-y-la-posterior-represion\/#primaryimage"},"thumbnailUrl":"https:\/\/agrupacionespsoe.es\/ponferrada\/wp-content\/uploads\/sites\/36\/2025\/04\/WhatsApp-Image-2025-04-16-at-13.23.21-3.jpeg","datePublished":"2025-04-14T21:41:00+00:00","dateModified":"2025-04-16T11:52:45+00:00","breadcrumb":{"@id":"https:\/\/agrupacionespsoe.es\/ponferrada\/el-psoe-de-ponferrada-conmemora-el-dia-de-la-republica-recordando-a-las-victimas-del-franquismo-y-la-posterior-represion\/#breadcrumb"},"inLanguage":"es","potentialAction":[{"@type":"ReadAction","target":["https:\/\/agrupacionespsoe.es\/ponferrada\/el-psoe-de-ponferrada-conmemora-el-dia-de-la-republica-recordando-a-las-victimas-del-franquismo-y-la-posterior-represion\/"]}]},{"@type":"ImageObject","inLanguage":"es","@id":"https:\/\/agrupacionespsoe.es\/ponferrada\/el-psoe-de-ponferrada-conmemora-el-dia-de-la-republica-recordando-a-las-victimas-del-franquismo-y-la-posterior-represion\/#primaryimage","url":"https:\/\/agrupacionespsoe.es\/ponferrada\/wp-content\/uploads\/sites\/36\/2025\/04\/WhatsApp-Image-2025-04-16-at-13.23.21-3.jpeg","contentUrl":"https:\/\/agrupacionespsoe.es\/ponferrada\/wp-content\/uploads\/sites\/36\/2025\/04\/WhatsApp-Image-2025-04-16-at-13.23.21-3.jpeg","width":1600,"height":1200},{"@type":"BreadcrumbList","@id":"https:\/\/agrupacionespsoe.es\/ponferrada\/el-psoe-de-ponferrada-conmemora-el-dia-de-la-republica-recordando-a-las-victimas-del-franquismo-y-la-posterior-represion\/#breadcrumb","itemListElement":[{"@type":"ListItem","position":1,"name":"Portada","item":"https:\/\/agrupacionespsoe.es\/ponferrada\/"},{"@type":"ListItem","position":2,"name":"El PSOE de Ponferrada conmemora el D\u00eda de la Rep\u00fablica recordando a las v\u00edctimas del franquismo y la posterior represi\u00f3n"}]},{"@type":"WebSite","@id":"https:\/\/agrupacionespsoe.es\/ponferrada\/#website","url":"https:\/\/agrupacionespsoe.es\/ponferrada\/","name":"Agrupaci\u00f3n Socialista de Ponferrada","description":"Agrupaci\u00f3n Socialista de Ponferrada","publisher":{"@id":"https:\/\/agrupacionespsoe.es\/ponferrada\/#organization"},"potentialAction":[{"@type":"SearchAction","target":{"@type":"EntryPoint","urlTemplate":"https:\/\/agrupacionespsoe.es\/ponferrada\/?s={search_term_string}"},"query-input":{"@type":"PropertyValueSpecification","valueRequired":true,"valueName":"search_term_string"}}],"inLanguage":"es"},{"@type":"Organization","@id":"https:\/\/agrupacionespsoe.es\/ponferrada\/#organization","name":"Agrupaci\u00f3n Socialista de Ponferrada","url":"https:\/\/agrupacionespsoe.es\/ponferrada\/","logo":{"@type":"ImageObject","inLanguage":"es","@id":"https:\/\/agrupacionespsoe.es\/ponferrada\/#\/schema\/logo\/image\/","url":"https:\/\/agrupacionespsoe.es\/wp-content\/uploads\/2022\/07\/Logotipo_electoral_del_PSOE.png","contentUrl":"https:\/\/agrupacionespsoe.es\/wp-content\/uploads\/2022\/07\/Logotipo_electoral_del_PSOE.png","width":422,"height":422,"caption":"Agrupaci\u00f3n Socialista de Ponferrada"},"image":{"@id":"https:\/\/agrupacionespsoe.es\/ponferrada\/#\/schema\/logo\/image\/"}},{"@type":"Person","@id":"https:\/\/agrupacionespsoe.es\/ponferrada\/#\/schema\/person\/cd29ee627f3b70c05d415f02596debaa","name":"ponferrada2","image":{"@type":"ImageObject","inLanguage":"es","@id":"https:\/\/agrupacionespsoe.es\/ponferrada\/#\/schema\/person\/image\/","url":"https:\/\/secure.gravatar.com\/avatar\/f499eeb60144c664cf7b7edf75549b50?s=96&d=mm&r=g","contentUrl":"https:\/\/secure.gravatar.com\/avatar\/f499eeb60144c664cf7b7edf75549b50?s=96&d=mm&r=g","caption":"ponferrada2"},"url":"https:\/\/agrupacionespsoe.es\/ponferrada\/author\/ponferrada2\/"}]}},"jetpack_featured_media_url":"https:\/\/agrupacionespsoe.es\/ponferrada\/wp-content\/uploads\/sites\/36\/2025\/04\/WhatsApp-Image-2025-04-16-at-13.23.21-3.jpeg","jetpack_sharing_enabled":true,"_links":{"self":[{"href":"https:\/\/agrupacionespsoe.es\/ponferrada\/wp-json\/wp\/v2\/posts\/854","targetHints":{"allow":["GET"]}}],"collection":[{"href":"https:\/\/agrupacionespsoe.es\/ponferrada\/wp-json\/wp\/v2\/posts"}],"about":[{"href":"https:\/\/agrupacionespsoe.es\/ponferrada\/wp-json\/wp\/v2\/types\/post"}],"author":[{"embeddable":true,"href":"https:\/\/agrupacionespsoe.es\/ponferrada\/wp-json\/wp\/v2\/users\/32"}],"replies":[{"embeddable":true,"href":"https:\/\/agrupacionespsoe.es\/ponferrada\/wp-json\/wp\/v2\/comments?post=854"}],"version-history":[{"count":2,"href":"https:\/\/agrupacionespsoe.es\/ponferrada\/wp-json\/wp\/v2\/posts\/854\/revisions"}],"predecessor-version":[{"id":861,"href":"https:\/\/agrupacionespsoe.es\/ponferrada\/wp-json\/wp\/v2\/posts\/854\/revisions\/861"}],"wp:featuredmedia":[{"embeddable":true,"href":"https:\/\/agrupacionespsoe.es\/ponferrada\/wp-json\/wp\/v2\/media\/858"}],"wp:attachment":[{"href":"https:\/\/agrupacionespsoe.es\/ponferrada\/wp-json\/wp\/v2\/media?parent=854"}],"wp:term":[{"taxonomy":"category","embeddable":true,"href":"https:\/\/agrupacionespsoe.es\/ponferrada\/wp-json\/wp\/v2\/categories?post=854"},{"taxonomy":"post_tag","embeddable":true,"href":"https:\/\/agrupacionespsoe.es\/ponferrada\/wp-json\/wp\/v2\/tags?post=854"}],"curies":[{"name":"wp","href":"https:\/\/api.w.org\/{rel}","templated":true}]}}