{"id":850,"date":"2025-04-14T09:58:41","date_gmt":"2025-04-14T09:58:41","guid":{"rendered":"https:\/\/agrupacionespsoe.es\/ponferrada\/?p=850"},"modified":"2025-04-14T09:58:42","modified_gmt":"2025-04-14T09:58:42","slug":"el-psoe-denuncia-la-inaccion-la-falta-de-rumbo-y-la-desidia-de-la-concejalia-de-medio-ambiente-de-ponferrada","status":"publish","type":"post","link":"https:\/\/agrupacionespsoe.es\/ponferrada\/el-psoe-denuncia-la-inaccion-la-falta-de-rumbo-y-la-desidia-de-la-concejalia-de-medio-ambiente-de-ponferrada\/","title":{"rendered":"El PSOE denuncia la inacci\u00f3n, la falta de rumbo y la desidia de la Concejal\u00eda de Medio Ambiente de Ponferrada."},"content":{"rendered":"\n<p class=\"has-medium-font-size\"><strong>Las instituciones en vez de darnos la escoba de oro lo que nos van a dar es un gran escobazo<\/strong>.<\/p>\n\n\n\n<p>Desde el Grupo Municipal Socialista queremos expresar nuestra preocupaci\u00f3n por el estado de abandono en el que se encuentra la Concejal\u00eda de Medio Ambiente del Ayuntamiento de Ponferrada. En este contexto cuando tenemos pendientes muchos de los contratos m\u00e1s importantes en cuanto al importe de la ciudad de Ponferrada lo que vemos es un panorama de par\u00e1lisis, descoordinaci\u00f3n y dejadez pol\u00edtica.<\/p>\n\n\n\n<p>Jose Antonio Cart\u00f3n se\u00f1ala que uno de los ejemplos m\u00e1s claros de esta ineficacia es el proyecto de implantaci\u00f3n del sistema de recogida de biorresiduos, que fue presentado en abril de 2023 por el anterior equipo de gobierno y aprobado en septiembre del mismo a\u00f1o con una subvenci\u00f3n de 643.320 euros sobre un total de 714.800 euros de inversi\u00f3n. La resoluci\u00f3n ministerial dejaba muy claro que esta actuaci\u00f3n era prioritaria para avanzar en el cumplimiento de los objetivos comunitarios de reciclaje y gesti\u00f3n sostenible de residuos. Sin embargo, m\u00e1s de medio a\u00f1o despu\u00e9s, no se ha puesto en marcha ni una sola acci\u00f3n concreta.<\/p>\n\n\n\n<p>Seg\u00fan la informaci\u00f3n remitida por el propio Ayuntamiento a preguntas del Grupo Municipal Socialista, ni siquiera se han licitado las campa\u00f1as de concienciaci\u00f3n. &nbsp;El contrato para el suministro de contenedores se adjudic\u00f3 con retraso y el material no llegar\u00e1 en los plazos establecidos, lo que va a obligar al equipo de gobierno del PP y CB a solicitar una pr\u00f3rroga. Una pr\u00f3rroga que evidencia que no hay planificaci\u00f3n ni inter\u00e9s real en avanzar hacia una gesti\u00f3n moderna de los residuos. Todo lo contrario: est\u00e1n dejando perder el tiempo, y con \u00e9l, la oportunidad de liderar el cambio que Ponferrada necesita.<\/p>\n\n\n\n<p>Cart\u00f3n indica que esta no es una excepci\u00f3n. Es solo un ejemplo m\u00e1s de una gesti\u00f3n marcada por las pr\u00f3rrogas, el inmovilismo y la falta de ideas. El contrato de la ORA ha agotado ya las dos pr\u00f3rrogas legales posibles, y no se ha presentado ni un solo plan alternativo ni una propuesta seria sobre qu\u00e9 hacer a partir de ahora. Lo mismo ocurre con el contrato del servicio municipal de autobuses, cuya renovaci\u00f3n ha sido un c\u00famulo de errores: pr\u00f3rroga fuera de plazo, licitaci\u00f3n directa mal ejecutada, y un nuevo contrato por un a\u00f1o con unos costes disparados y un servicio que sigue generando cr\u00edticas por parte de usuarios, vecinos y vecinas.<\/p>\n\n\n\n<p>Adem\u00e1s, del contrato de redacci\u00f3n del Plan de Acci\u00f3n para el Clima y la Energ\u00eda Sostenible (PACES) \u2014un documento clave para poder acceder a financiaci\u00f3n europea en materia energ\u00e9tica y medioambiental\u2014 que finalizaba a finales del a\u00f1o pasado tampoco sabemos nada y parece no haber avances visibles. Y a esto se suma el contrato de limpieza de centros escolares, otro de los grandes olvidados por este equipo de gobierno, que ni gestiona ni planifica.<\/p>\n\n\n\n<p>Jose Antonio Cart\u00f3n se\u00f1ala que \u201cestamos ante una falta absoluta de trabajo y de compromiso con el medio ambiente y la sostenibilidad. El concejal de Medio Ambiente est\u00e1 convirtiendo a la concejal\u00eda en un \u00e1rea inoperativa, donde las oportunidades se pierden y los proyectos se abandonan. Se gobierna desde la improvisaci\u00f3n o, peor a\u00fan, desde la inacci\u00f3n.\u201d<\/p>\n\n\n\n<p>A juicio del PSOE el problema radica en que el concejal responsable del \u00e1rea de Medio Ambiente est\u00e1 m\u00e1s centrado en sus labores como Presidente de la Junta Local del Partido Popular de Ponferrada que en cumplir con sus obligaciones municipales. Su tiempo parece estar m\u00e1s dedicado a hacer oposici\u00f3n al ped\u00e1neo de Fuentesnuevas que a gestionar los retos ambientales de la ciudad. Mientras la ciudad espera soluciones, planificaci\u00f3n y avances, \u00e9l se entrega a la confrontaci\u00f3n pol\u00edtica est\u00e9ril y al ataque partidista, dejando de lado su principal responsabilidad: trabajar por Ponferrada y su entorno<\/p>\n\n\n\n<p>Para finalizar desde el Grupo Municipal Socialista exigimos al alcalde y a su equipo que asuman su responsabilidad y activen de inmediato los proyectos pendientes. Ponferrada no puede permitirse perder proyectos imprescindibles por pura dejadez y si no avanza ahora va a ser imposible sacar los contratos como el de la recogida de basura y limpieza viaria. No se trata solo de n\u00fameros: se trata de avanzar hacia una ciudad m\u00e1s moderna, m\u00e1s limpia y comprometida con el futuro. Con este concejal las instituciones en vez de darnos la escoba de oro lo que nos van a dar es un gran escobazo El tiempo de las excusas ha terminado. El Medio Ambiente no puede seguir siendo el gran olvidado de este mandato.<\/p>\n\n\n\n<figure class=\"wp-block-image size-large\"><img loading=\"lazy\" decoding=\"async\" width=\"995\" height=\"1024\" src=\"https:\/\/agrupacionespsoe.es\/ponferrada\/wp-content\/uploads\/sites\/36\/2025\/02\/WhatsApp-Image-2025-02-07-at-13.29.35-995x1024.jpeg\" alt=\"\" class=\"wp-image-778\" srcset=\"https:\/\/agrupacionespsoe.es\/ponferrada\/wp-content\/uploads\/sites\/36\/2025\/02\/WhatsApp-Image-2025-02-07-at-13.29.35-995x1024.jpeg 995w, https:\/\/agrupacionespsoe.es\/ponferrada\/wp-content\/uploads\/sites\/36\/2025\/02\/WhatsApp-Image-2025-02-07-at-13.29.35-292x300.jpeg 292w, https:\/\/agrupacionespsoe.es\/ponferrada\/wp-content\/uploads\/sites\/36\/2025\/02\/WhatsApp-Image-2025-02-07-at-13.29.35-768x790.jpeg 768w, https:\/\/agrupacionespsoe.es\/ponferrada\/wp-content\/uploads\/sites\/36\/2025\/02\/WhatsApp-Image-2025-02-07-at-13.29.35.jpeg 1476w\" sizes=\"auto, (max-width: 995px) 100vw, 995px\" \/><\/figure>\n","protected":false},"excerpt":{"rendered":"<p>Las instituciones en vez de darnos la escoba de oro lo que nos van a dar es un gran escobazo. Desde el Grupo Municipal Socialista queremos expresar nuestra preocupaci\u00f3n por el estado de abandono en el que se encuentra la Concejal\u00eda de Medio Ambiente del Ayuntamiento de Ponferrada. En este contexto cuando tenemos pendientes muchos &#8230;<\/p>\n","protected":false},"author":32,"featured_media":778,"comment_status":"open","ping_status":"open","sticky":false,"template":"","format":"standard","meta":{"_jetpack_memberships_contains_paid_content":false,"footnotes":""},"categories":[6],"tags":[],"class_list":["post-850","post","type-post","status-publish","format-standard","has-post-thumbnail","hentry","category-actualidad"],"yoast_head":"<!-- This site is optimized with the Yoast SEO plugin v24.0 - https:\/\/yoast.com\/wordpress\/plugins\/seo\/ -->\n<title>El PSOE denuncia la inacci\u00f3n, la falta de rumbo y la desidia de la Concejal\u00eda de Medio Ambiente de Ponferrada. - Agrupaci\u00f3n Socialista de Ponferrada<\/title>\n<meta name=\"robots\" content=\"index, follow, max-snippet:-1, max-image-preview:large, max-video-preview:-1\" \/>\n<link rel=\"canonical\" href=\"https:\/\/agrupacionespsoe.es\/ponferrada\/el-psoe-denuncia-la-inaccion-la-falta-de-rumbo-y-la-desidia-de-la-concejalia-de-medio-ambiente-de-ponferrada\/\" \/>\n<meta property=\"og:locale\" content=\"es_ES\" \/>\n<meta property=\"og:type\" content=\"article\" \/>\n<meta property=\"og:title\" content=\"El PSOE denuncia la inacci\u00f3n, la falta de rumbo y la desidia de la Concejal\u00eda de Medio Ambiente de Ponferrada. - Agrupaci\u00f3n Socialista de Ponferrada\" \/>\n<meta property=\"og:description\" content=\"Las instituciones en vez de darnos la escoba de oro lo que nos van a dar es un gran escobazo. Desde el Grupo Municipal Socialista queremos expresar nuestra preocupaci\u00f3n por el estado de abandono en el que se encuentra la Concejal\u00eda de Medio Ambiente del Ayuntamiento de Ponferrada. En este contexto cuando tenemos pendientes muchos ...\" \/>\n<meta property=\"og:url\" content=\"https:\/\/agrupacionespsoe.es\/ponferrada\/el-psoe-denuncia-la-inaccion-la-falta-de-rumbo-y-la-desidia-de-la-concejalia-de-medio-ambiente-de-ponferrada\/\" \/>\n<meta property=\"og:site_name\" content=\"Agrupaci\u00f3n Socialista de Ponferrada\" \/>\n<meta property=\"article:published_time\" content=\"2025-04-14T09:58:41+00:00\" \/>\n<meta property=\"article:modified_time\" content=\"2025-04-14T09:58:42+00:00\" \/>\n<meta property=\"og:image\" content=\"https:\/\/agrupacionespsoe.es\/ponferrada\/wp-content\/uploads\/sites\/36\/2025\/02\/WhatsApp-Image-2025-02-07-at-13.29.35.jpeg\" \/>\n\t<meta property=\"og:image:width\" content=\"1476\" \/>\n\t<meta property=\"og:image:height\" content=\"1519\" \/>\n\t<meta property=\"og:image:type\" content=\"image\/jpeg\" \/>\n<meta name=\"author\" content=\"ponferrada2\" \/>\n<meta name=\"twitter:card\" content=\"summary_large_image\" \/>\n<meta name=\"twitter:label1\" content=\"Escrito por\" \/>\n\t<meta name=\"twitter:data1\" content=\"ponferrada2\" \/>\n\t<meta name=\"twitter:label2\" content=\"Tiempo de lectura\" \/>\n\t<meta name=\"twitter:data2\" content=\"4 minutos\" \/>\n<script type=\"application\/ld+json\" class=\"yoast-schema-graph\">{\"@context\":\"https:\/\/schema.org\",\"@graph\":[{\"@type\":\"Article\",\"@id\":\"https:\/\/agrupacionespsoe.es\/ponferrada\/el-psoe-denuncia-la-inaccion-la-falta-de-rumbo-y-la-desidia-de-la-concejalia-de-medio-ambiente-de-ponferrada\/#article\",\"isPartOf\":{\"@id\":\"https:\/\/agrupacionespsoe.es\/ponferrada\/el-psoe-denuncia-la-inaccion-la-falta-de-rumbo-y-la-desidia-de-la-concejalia-de-medio-ambiente-de-ponferrada\/\"},\"author\":{\"name\":\"ponferrada2\",\"@id\":\"https:\/\/agrupacionespsoe.es\/ponferrada\/#\/schema\/person\/cd29ee627f3b70c05d415f02596debaa\"},\"headline\":\"El PSOE denuncia la inacci\u00f3n, la falta de rumbo y la desidia de la Concejal\u00eda de Medio Ambiente de Ponferrada.\",\"datePublished\":\"2025-04-14T09:58:41+00:00\",\"dateModified\":\"2025-04-14T09:58:42+00:00\",\"mainEntityOfPage\":{\"@id\":\"https:\/\/agrupacionespsoe.es\/ponferrada\/el-psoe-denuncia-la-inaccion-la-falta-de-rumbo-y-la-desidia-de-la-concejalia-de-medio-ambiente-de-ponferrada\/\"},\"wordCount\":832,\"commentCount\":0,\"publisher\":{\"@id\":\"https:\/\/agrupacionespsoe.es\/ponferrada\/#organization\"},\"image\":{\"@id\":\"https:\/\/agrupacionespsoe.es\/ponferrada\/el-psoe-denuncia-la-inaccion-la-falta-de-rumbo-y-la-desidia-de-la-concejalia-de-medio-ambiente-de-ponferrada\/#primaryimage\"},\"thumbnailUrl\":\"https:\/\/agrupacionespsoe.es\/ponferrada\/wp-content\/uploads\/sites\/36\/2025\/02\/WhatsApp-Image-2025-02-07-at-13.29.35.jpeg\",\"articleSection\":[\"ACTUALIDAD\"],\"inLanguage\":\"es\",\"potentialAction\":[{\"@type\":\"CommentAction\",\"name\":\"Comment\",\"target\":[\"https:\/\/agrupacionespsoe.es\/ponferrada\/el-psoe-denuncia-la-inaccion-la-falta-de-rumbo-y-la-desidia-de-la-concejalia-de-medio-ambiente-de-ponferrada\/#respond\"]}]},{\"@type\":\"WebPage\",\"@id\":\"https:\/\/agrupacionespsoe.es\/ponferrada\/el-psoe-denuncia-la-inaccion-la-falta-de-rumbo-y-la-desidia-de-la-concejalia-de-medio-ambiente-de-ponferrada\/\",\"url\":\"https:\/\/agrupacionespsoe.es\/ponferrada\/el-psoe-denuncia-la-inaccion-la-falta-de-rumbo-y-la-desidia-de-la-concejalia-de-medio-ambiente-de-ponferrada\/\",\"name\":\"El PSOE denuncia la inacci\u00f3n, la falta de rumbo y la desidia de la Concejal\u00eda de Medio Ambiente de Ponferrada. - Agrupaci\u00f3n Socialista de Ponferrada\",\"isPartOf\":{\"@id\":\"https:\/\/agrupacionespsoe.es\/ponferrada\/#website\"},\"primaryImageOfPage\":{\"@id\":\"https:\/\/agrupacionespsoe.es\/ponferrada\/el-psoe-denuncia-la-inaccion-la-falta-de-rumbo-y-la-desidia-de-la-concejalia-de-medio-ambiente-de-ponferrada\/#primaryimage\"},\"image\":{\"@id\":\"https:\/\/agrupacionespsoe.es\/ponferrada\/el-psoe-denuncia-la-inaccion-la-falta-de-rumbo-y-la-desidia-de-la-concejalia-de-medio-ambiente-de-ponferrada\/#primaryimage\"},\"thumbnailUrl\":\"https:\/\/agrupacionespsoe.es\/ponferrada\/wp-content\/uploads\/sites\/36\/2025\/02\/WhatsApp-Image-2025-02-07-at-13.29.35.jpeg\",\"datePublished\":\"2025-04-14T09:58:41+00:00\",\"dateModified\":\"2025-04-14T09:58:42+00:00\",\"breadcrumb\":{\"@id\":\"https:\/\/agrupacionespsoe.es\/ponferrada\/el-psoe-denuncia-la-inaccion-la-falta-de-rumbo-y-la-desidia-de-la-concejalia-de-medio-ambiente-de-ponferrada\/#breadcrumb\"},\"inLanguage\":\"es\",\"potentialAction\":[{\"@type\":\"ReadAction\",\"target\":[\"https:\/\/agrupacionespsoe.es\/ponferrada\/el-psoe-denuncia-la-inaccion-la-falta-de-rumbo-y-la-desidia-de-la-concejalia-de-medio-ambiente-de-ponferrada\/\"]}]},{\"@type\":\"ImageObject\",\"inLanguage\":\"es\",\"@id\":\"https:\/\/agrupacionespsoe.es\/ponferrada\/el-psoe-denuncia-la-inaccion-la-falta-de-rumbo-y-la-desidia-de-la-concejalia-de-medio-ambiente-de-ponferrada\/#primaryimage\",\"url\":\"https:\/\/agrupacionespsoe.es\/ponferrada\/wp-content\/uploads\/sites\/36\/2025\/02\/WhatsApp-Image-2025-02-07-at-13.29.35.jpeg\",\"contentUrl\":\"https:\/\/agrupacionespsoe.es\/ponferrada\/wp-content\/uploads\/sites\/36\/2025\/02\/WhatsApp-Image-2025-02-07-at-13.29.35.jpeg\",\"width\":1476,\"height\":1519},{\"@type\":\"BreadcrumbList\",\"@id\":\"https:\/\/agrupacionespsoe.es\/ponferrada\/el-psoe-denuncia-la-inaccion-la-falta-de-rumbo-y-la-desidia-de-la-concejalia-de-medio-ambiente-de-ponferrada\/#breadcrumb\",\"itemListElement\":[{\"@type\":\"ListItem\",\"position\":1,\"name\":\"Portada\",\"item\":\"https:\/\/agrupacionespsoe.es\/ponferrada\/\"},{\"@type\":\"ListItem\",\"position\":2,\"name\":\"El PSOE denuncia la inacci\u00f3n, la falta de rumbo y la desidia de la Concejal\u00eda de Medio Ambiente de Ponferrada.\"}]},{\"@type\":\"WebSite\",\"@id\":\"https:\/\/agrupacionespsoe.es\/ponferrada\/#website\",\"url\":\"https:\/\/agrupacionespsoe.es\/ponferrada\/\",\"name\":\"Agrupaci\u00f3n Socialista de Ponferrada\",\"description\":\"Agrupaci\u00f3n Socialista de Ponferrada\",\"publisher\":{\"@id\":\"https:\/\/agrupacionespsoe.es\/ponferrada\/#organization\"},\"potentialAction\":[{\"@type\":\"SearchAction\",\"target\":{\"@type\":\"EntryPoint\",\"urlTemplate\":\"https:\/\/agrupacionespsoe.es\/ponferrada\/?s={search_term_string}\"},\"query-input\":{\"@type\":\"PropertyValueSpecification\",\"valueRequired\":true,\"valueName\":\"search_term_string\"}}],\"inLanguage\":\"es\"},{\"@type\":\"Organization\",\"@id\":\"https:\/\/agrupacionespsoe.es\/ponferrada\/#organization\",\"name\":\"Agrupaci\u00f3n Socialista de Ponferrada\",\"url\":\"https:\/\/agrupacionespsoe.es\/ponferrada\/\",\"logo\":{\"@type\":\"ImageObject\",\"inLanguage\":\"es\",\"@id\":\"https:\/\/agrupacionespsoe.es\/ponferrada\/#\/schema\/logo\/image\/\",\"url\":\"https:\/\/agrupacionespsoe.es\/wp-content\/uploads\/2022\/07\/Logotipo_electoral_del_PSOE.png\",\"contentUrl\":\"https:\/\/agrupacionespsoe.es\/wp-content\/uploads\/2022\/07\/Logotipo_electoral_del_PSOE.png\",\"width\":422,\"height\":422,\"caption\":\"Agrupaci\u00f3n Socialista de Ponferrada\"},\"image\":{\"@id\":\"https:\/\/agrupacionespsoe.es\/ponferrada\/#\/schema\/logo\/image\/\"}},{\"@type\":\"Person\",\"@id\":\"https:\/\/agrupacionespsoe.es\/ponferrada\/#\/schema\/person\/cd29ee627f3b70c05d415f02596debaa\",\"name\":\"ponferrada2\",\"image\":{\"@type\":\"ImageObject\",\"inLanguage\":\"es\",\"@id\":\"https:\/\/agrupacionespsoe.es\/ponferrada\/#\/schema\/person\/image\/\",\"url\":\"https:\/\/secure.gravatar.com\/avatar\/f499eeb60144c664cf7b7edf75549b50?s=96&d=mm&r=g\",\"contentUrl\":\"https:\/\/secure.gravatar.com\/avatar\/f499eeb60144c664cf7b7edf75549b50?s=96&d=mm&r=g\",\"caption\":\"ponferrada2\"},\"url\":\"https:\/\/agrupacionespsoe.es\/ponferrada\/author\/ponferrada2\/\"}]}<\/script>\n<!-- \/ Yoast SEO plugin. -->","yoast_head_json":{"title":"El PSOE denuncia la inacci\u00f3n, la falta de rumbo y la desidia de la Concejal\u00eda de Medio Ambiente de Ponferrada. - Agrupaci\u00f3n Socialista de Ponferrada","robots":{"index":"index","follow":"follow","max-snippet":"max-snippet:-1","max-image-preview":"max-image-preview:large","max-video-preview":"max-video-preview:-1"},"canonical":"https:\/\/agrupacionespsoe.es\/ponferrada\/el-psoe-denuncia-la-inaccion-la-falta-de-rumbo-y-la-desidia-de-la-concejalia-de-medio-ambiente-de-ponferrada\/","og_locale":"es_ES","og_type":"article","og_title":"El PSOE denuncia la inacci\u00f3n, la falta de rumbo y la desidia de la Concejal\u00eda de Medio Ambiente de Ponferrada. - Agrupaci\u00f3n Socialista de Ponferrada","og_description":"Las instituciones en vez de darnos la escoba de oro lo que nos van a dar es un gran escobazo. Desde el Grupo Municipal Socialista queremos expresar nuestra preocupaci\u00f3n por el estado de abandono en el que se encuentra la Concejal\u00eda de Medio Ambiente del Ayuntamiento de Ponferrada. En este contexto cuando tenemos pendientes muchos ...","og_url":"https:\/\/agrupacionespsoe.es\/ponferrada\/el-psoe-denuncia-la-inaccion-la-falta-de-rumbo-y-la-desidia-de-la-concejalia-de-medio-ambiente-de-ponferrada\/","og_site_name":"Agrupaci\u00f3n Socialista de Ponferrada","article_published_time":"2025-04-14T09:58:41+00:00","article_modified_time":"2025-04-14T09:58:42+00:00","og_image":[{"width":1476,"height":1519,"url":"https:\/\/agrupacionespsoe.es\/ponferrada\/wp-content\/uploads\/sites\/36\/2025\/02\/WhatsApp-Image-2025-02-07-at-13.29.35.jpeg","type":"image\/jpeg"}],"author":"ponferrada2","twitter_card":"summary_large_image","twitter_misc":{"Escrito por":"ponferrada2","Tiempo de lectura":"4 minutos"},"schema":{"@context":"https:\/\/schema.org","@graph":[{"@type":"Article","@id":"https:\/\/agrupacionespsoe.es\/ponferrada\/el-psoe-denuncia-la-inaccion-la-falta-de-rumbo-y-la-desidia-de-la-concejalia-de-medio-ambiente-de-ponferrada\/#article","isPartOf":{"@id":"https:\/\/agrupacionespsoe.es\/ponferrada\/el-psoe-denuncia-la-inaccion-la-falta-de-rumbo-y-la-desidia-de-la-concejalia-de-medio-ambiente-de-ponferrada\/"},"author":{"name":"ponferrada2","@id":"https:\/\/agrupacionespsoe.es\/ponferrada\/#\/schema\/person\/cd29ee627f3b70c05d415f02596debaa"},"headline":"El PSOE denuncia la inacci\u00f3n, la falta de rumbo y la desidia de la Concejal\u00eda de Medio Ambiente de Ponferrada.","datePublished":"2025-04-14T09:58:41+00:00","dateModified":"2025-04-14T09:58:42+00:00","mainEntityOfPage":{"@id":"https:\/\/agrupacionespsoe.es\/ponferrada\/el-psoe-denuncia-la-inaccion-la-falta-de-rumbo-y-la-desidia-de-la-concejalia-de-medio-ambiente-de-ponferrada\/"},"wordCount":832,"commentCount":0,"publisher":{"@id":"https:\/\/agrupacionespsoe.es\/ponferrada\/#organization"},"image":{"@id":"https:\/\/agrupacionespsoe.es\/ponferrada\/el-psoe-denuncia-la-inaccion-la-falta-de-rumbo-y-la-desidia-de-la-concejalia-de-medio-ambiente-de-ponferrada\/#primaryimage"},"thumbnailUrl":"https:\/\/agrupacionespsoe.es\/ponferrada\/wp-content\/uploads\/sites\/36\/2025\/02\/WhatsApp-Image-2025-02-07-at-13.29.35.jpeg","articleSection":["ACTUALIDAD"],"inLanguage":"es","potentialAction":[{"@type":"CommentAction","name":"Comment","target":["https:\/\/agrupacionespsoe.es\/ponferrada\/el-psoe-denuncia-la-inaccion-la-falta-de-rumbo-y-la-desidia-de-la-concejalia-de-medio-ambiente-de-ponferrada\/#respond"]}]},{"@type":"WebPage","@id":"https:\/\/agrupacionespsoe.es\/ponferrada\/el-psoe-denuncia-la-inaccion-la-falta-de-rumbo-y-la-desidia-de-la-concejalia-de-medio-ambiente-de-ponferrada\/","url":"https:\/\/agrupacionespsoe.es\/ponferrada\/el-psoe-denuncia-la-inaccion-la-falta-de-rumbo-y-la-desidia-de-la-concejalia-de-medio-ambiente-de-ponferrada\/","name":"El PSOE denuncia la inacci\u00f3n, la falta de rumbo y la desidia de la Concejal\u00eda de Medio Ambiente de Ponferrada. - Agrupaci\u00f3n Socialista de Ponferrada","isPartOf":{"@id":"https:\/\/agrupacionespsoe.es\/ponferrada\/#website"},"primaryImageOfPage":{"@id":"https:\/\/agrupacionespsoe.es\/ponferrada\/el-psoe-denuncia-la-inaccion-la-falta-de-rumbo-y-la-desidia-de-la-concejalia-de-medio-ambiente-de-ponferrada\/#primaryimage"},"image":{"@id":"https:\/\/agrupacionespsoe.es\/ponferrada\/el-psoe-denuncia-la-inaccion-la-falta-de-rumbo-y-la-desidia-de-la-concejalia-de-medio-ambiente-de-ponferrada\/#primaryimage"},"thumbnailUrl":"https:\/\/agrupacionespsoe.es\/ponferrada\/wp-content\/uploads\/sites\/36\/2025\/02\/WhatsApp-Image-2025-02-07-at-13.29.35.jpeg","datePublished":"2025-04-14T09:58:41+00:00","dateModified":"2025-04-14T09:58:42+00:00","breadcrumb":{"@id":"https:\/\/agrupacionespsoe.es\/ponferrada\/el-psoe-denuncia-la-inaccion-la-falta-de-rumbo-y-la-desidia-de-la-concejalia-de-medio-ambiente-de-ponferrada\/#breadcrumb"},"inLanguage":"es","potentialAction":[{"@type":"ReadAction","target":["https:\/\/agrupacionespsoe.es\/ponferrada\/el-psoe-denuncia-la-inaccion-la-falta-de-rumbo-y-la-desidia-de-la-concejalia-de-medio-ambiente-de-ponferrada\/"]}]},{"@type":"ImageObject","inLanguage":"es","@id":"https:\/\/agrupacionespsoe.es\/ponferrada\/el-psoe-denuncia-la-inaccion-la-falta-de-rumbo-y-la-desidia-de-la-concejalia-de-medio-ambiente-de-ponferrada\/#primaryimage","url":"https:\/\/agrupacionespsoe.es\/ponferrada\/wp-content\/uploads\/sites\/36\/2025\/02\/WhatsApp-Image-2025-02-07-at-13.29.35.jpeg","contentUrl":"https:\/\/agrupacionespsoe.es\/ponferrada\/wp-content\/uploads\/sites\/36\/2025\/02\/WhatsApp-Image-2025-02-07-at-13.29.35.jpeg","width":1476,"height":1519},{"@type":"BreadcrumbList","@id":"https:\/\/agrupacionespsoe.es\/ponferrada\/el-psoe-denuncia-la-inaccion-la-falta-de-rumbo-y-la-desidia-de-la-concejalia-de-medio-ambiente-de-ponferrada\/#breadcrumb","itemListElement":[{"@type":"ListItem","position":1,"name":"Portada","item":"https:\/\/agrupacionespsoe.es\/ponferrada\/"},{"@type":"ListItem","position":2,"name":"El PSOE denuncia la inacci\u00f3n, la falta de rumbo y la desidia de la Concejal\u00eda de Medio Ambiente de Ponferrada."}]},{"@type":"WebSite","@id":"https:\/\/agrupacionespsoe.es\/ponferrada\/#website","url":"https:\/\/agrupacionespsoe.es\/ponferrada\/","name":"Agrupaci\u00f3n Socialista de Ponferrada","description":"Agrupaci\u00f3n Socialista de Ponferrada","publisher":{"@id":"https:\/\/agrupacionespsoe.es\/ponferrada\/#organization"},"potentialAction":[{"@type":"SearchAction","target":{"@type":"EntryPoint","urlTemplate":"https:\/\/agrupacionespsoe.es\/ponferrada\/?s={search_term_string}"},"query-input":{"@type":"PropertyValueSpecification","valueRequired":true,"valueName":"search_term_string"}}],"inLanguage":"es"},{"@type":"Organization","@id":"https:\/\/agrupacionespsoe.es\/ponferrada\/#organization","name":"Agrupaci\u00f3n Socialista de Ponferrada","url":"https:\/\/agrupacionespsoe.es\/ponferrada\/","logo":{"@type":"ImageObject","inLanguage":"es","@id":"https:\/\/agrupacionespsoe.es\/ponferrada\/#\/schema\/logo\/image\/","url":"https:\/\/agrupacionespsoe.es\/wp-content\/uploads\/2022\/07\/Logotipo_electoral_del_PSOE.png","contentUrl":"https:\/\/agrupacionespsoe.es\/wp-content\/uploads\/2022\/07\/Logotipo_electoral_del_PSOE.png","width":422,"height":422,"caption":"Agrupaci\u00f3n Socialista de Ponferrada"},"image":{"@id":"https:\/\/agrupacionespsoe.es\/ponferrada\/#\/schema\/logo\/image\/"}},{"@type":"Person","@id":"https:\/\/agrupacionespsoe.es\/ponferrada\/#\/schema\/person\/cd29ee627f3b70c05d415f02596debaa","name":"ponferrada2","image":{"@type":"ImageObject","inLanguage":"es","@id":"https:\/\/agrupacionespsoe.es\/ponferrada\/#\/schema\/person\/image\/","url":"https:\/\/secure.gravatar.com\/avatar\/f499eeb60144c664cf7b7edf75549b50?s=96&d=mm&r=g","contentUrl":"https:\/\/secure.gravatar.com\/avatar\/f499eeb60144c664cf7b7edf75549b50?s=96&d=mm&r=g","caption":"ponferrada2"},"url":"https:\/\/agrupacionespsoe.es\/ponferrada\/author\/ponferrada2\/"}]}},"jetpack_featured_media_url":"https:\/\/agrupacionespsoe.es\/ponferrada\/wp-content\/uploads\/sites\/36\/2025\/02\/WhatsApp-Image-2025-02-07-at-13.29.35.jpeg","jetpack_sharing_enabled":true,"_links":{"self":[{"href":"https:\/\/agrupacionespsoe.es\/ponferrada\/wp-json\/wp\/v2\/posts\/850","targetHints":{"allow":["GET"]}}],"collection":[{"href":"https:\/\/agrupacionespsoe.es\/ponferrada\/wp-json\/wp\/v2\/posts"}],"about":[{"href":"https:\/\/agrupacionespsoe.es\/ponferrada\/wp-json\/wp\/v2\/types\/post"}],"author":[{"embeddable":true,"href":"https:\/\/agrupacionespsoe.es\/ponferrada\/wp-json\/wp\/v2\/users\/32"}],"replies":[{"embeddable":true,"href":"https:\/\/agrupacionespsoe.es\/ponferrada\/wp-json\/wp\/v2\/comments?post=850"}],"version-history":[{"count":2,"href":"https:\/\/agrupacionespsoe.es\/ponferrada\/wp-json\/wp\/v2\/posts\/850\/revisions"}],"predecessor-version":[{"id":852,"href":"https:\/\/agrupacionespsoe.es\/ponferrada\/wp-json\/wp\/v2\/posts\/850\/revisions\/852"}],"wp:featuredmedia":[{"embeddable":true,"href":"https:\/\/agrupacionespsoe.es\/ponferrada\/wp-json\/wp\/v2\/media\/778"}],"wp:attachment":[{"href":"https:\/\/agrupacionespsoe.es\/ponferrada\/wp-json\/wp\/v2\/media?parent=850"}],"wp:term":[{"taxonomy":"category","embeddable":true,"href":"https:\/\/agrupacionespsoe.es\/ponferrada\/wp-json\/wp\/v2\/categories?post=850"},{"taxonomy":"post_tag","embeddable":true,"href":"https:\/\/agrupacionespsoe.es\/ponferrada\/wp-json\/wp\/v2\/tags?post=850"}],"curies":[{"name":"wp","href":"https:\/\/api.w.org\/{rel}","templated":true}]}}