{"id":845,"date":"2025-04-09T08:32:38","date_gmt":"2025-04-09T08:32:38","guid":{"rendered":"https:\/\/agrupacionespsoe.es\/ponferrada\/?p=845"},"modified":"2025-04-09T08:32:39","modified_gmt":"2025-04-09T08:32:39","slug":"eliminar-el-salibrin-tras-26-anos-de-exito-una-decision-innecesaria-y-otro-ejemplo-de-la-politica-erratica-del-equipo-de-gobierno","status":"publish","type":"post","link":"https:\/\/agrupacionespsoe.es\/ponferrada\/eliminar-el-salibrin-tras-26-anos-de-exito-una-decision-innecesaria-y-otro-ejemplo-de-la-politica-erratica-del-equipo-de-gobierno\/","title":{"rendered":"Eliminar el Salibr\u00edn tras 26 a\u00f1os de \u00e9xito: una decisi\u00f3n innecesaria y otro ejemplo de la pol\u00edtica err\u00e1tica del equipo de gobierno"},"content":{"rendered":"\n<p>La portavoz del \u00e1rea de educaci\u00f3n, cultura y formaci\u00f3n del grupo Municipal Socialista de Ponferrada, Judit Lama ha querido valorar la reciente decisi\u00f3n del equipo de Morala de eliminar el tradicional festival cultural El Salibr\u00edn, que se celebraba desde 1999 cada mes de abril. Un programa, que durante 26 a\u00f1os ha acercado la cultura y la lectura a miles de escolares y familias, y que ser\u00e1 sustituido por una nueva iniciativa denominada Biblioteca Infinita.<\/p>\n\n\n\n<p>Judit Lama se\u00f1ala que si bien se valora de manera positiva toda acci\u00f3n destinada a fomentar la lectura, resulta incomprensible que el Alcalde Morala decida eliminar una propuesta plenamente consolidada y de reconocido \u00e9xito. A juicio del PSOE el Salibr\u00edn era mucho m\u00e1s que una serie de actividades: era una cita esperada cada a\u00f1o, una fiesta de la cultura viva que dinamizaba la ciudad con teatro, cuentacuentos, exposiciones, talleres y encuentros. Su desaparici\u00f3n supone una p\u00e9rdida considerable en la oferta cultural de abril, especialmente en el marco del D\u00eda Internacional del Libro.<\/p>\n\n\n\n<p>El Grupo Socialista no entiende como el nuevo proyecto Biblioteca Infinita, que plantea actividades peri\u00f3dicas entre octubre y mayo, tiene que sustituir al \u201cSalibrin\u201d. Judit Lama se\u00f1ala que \u201cno es incompatible el nuevo proyecto con la celebraci\u00f3n del Salibr\u00edn. Ambas iniciativas podr\u00edan haber coexistido perfectamente, sumando esfuerzos en lugar de sustituir lo que ya funcionaba. El propio Ayuntamiento ha reconocido en m\u00faltiples ocasiones, la \u00faltima en el Salibr\u00edn del 2024 el valor y el \u00e9xito del Salibr\u00edn, lo que hace a\u00fan m\u00e1s dif\u00edcil de justificar su eliminaci\u00f3n.<\/p>\n\n\n\n<p>Resulta especialmente llamativo que en el pleno municipal del pasado mes de febrero, el equipo de gobierno justificara el cambio de nombre del CEIP Valent\u00edn Garc\u00eda Yebra argumentando el amplio conocimiento y valoraci\u00f3n que ten\u00eda la ciudadan\u00eda de Ponferrada sobre la biblioteca p\u00fablica que lleva su nombre. Ahora, apenas dos meses despu\u00e9s, se recurre al argumento contrario para eliminar una actividad como el Salibr\u00edn, alegando precisamente que muchos escolares no conocen la biblioteca. Una contradicci\u00f3n m\u00e1s, y ya no es la primera, en la gesti\u00f3n del alcalde Marco Morala, que se instala con frecuencia en el \u201cdonde dije digo, digo Diego\u201d.<\/p>\n\n\n\n<p>La decisi\u00f3n de eliminar el Salibrin, para el PSOE es otro ejemplo m\u00e1s de las decisiones innecesarias y poco dialogadas del actual equipo de gobierno, que en lugar de reforzar los pilares culturales consolidados de Ponferrada, opta por desmantelarlos sin ofrecer una alternativa equivalente en alcance, diversidad y participaci\u00f3n.<\/p>\n\n\n\n<p>Judit Lama se\u00f1ala que \u201celiminar un evento cultural de referencia como El Salibr\u00edn no es modernizar, es retroceder. Es perder una herramienta eficaz para fomentar la lectura y la<\/p>\n\n\n\n<p>cultura en familia, y romper con una tradici\u00f3n que formaba parte del calendario emocional y educativo de la ciudad.\u201d<\/p>\n\n\n\n<p>Para finalizar Judit Lama insta al Ayuntamiento a reconsiderar esta decisi\u00f3n y a recuperar el Salibr\u00edn dentro de su programaci\u00f3n anual, integr\u00e1ndolo de forma complementaria con cualquier nueva propuesta. \u201cPonferrada merece una pol\u00edtica cultural que sume, escuche y respete lo que la ciudadan\u00eda ha demostrado valorar durante m\u00e1s de dos d\u00e9cadas\u201d<\/p>\n\n\n\n<figure class=\"wp-block-image size-full\"><img loading=\"lazy\" decoding=\"async\" width=\"842\" height=\"560\" src=\"https:\/\/agrupacionespsoe.es\/ponferrada\/wp-content\/uploads\/sites\/36\/2025\/04\/WhatsApp-Image-2025-04-09-at-10.32.05.jpeg\" alt=\"\" class=\"wp-image-846\" srcset=\"https:\/\/agrupacionespsoe.es\/ponferrada\/wp-content\/uploads\/sites\/36\/2025\/04\/WhatsApp-Image-2025-04-09-at-10.32.05.jpeg 842w, https:\/\/agrupacionespsoe.es\/ponferrada\/wp-content\/uploads\/sites\/36\/2025\/04\/WhatsApp-Image-2025-04-09-at-10.32.05-300x200.jpeg 300w, https:\/\/agrupacionespsoe.es\/ponferrada\/wp-content\/uploads\/sites\/36\/2025\/04\/WhatsApp-Image-2025-04-09-at-10.32.05-768x511.jpeg 768w\" sizes=\"auto, (max-width: 842px) 100vw, 842px\" \/><\/figure>\n","protected":false},"excerpt":{"rendered":"<p>La portavoz del \u00e1rea de educaci\u00f3n, cultura y formaci\u00f3n del grupo Municipal Socialista de Ponferrada, Judit Lama ha querido valorar la reciente decisi\u00f3n del equipo de Morala de eliminar el tradicional festival cultural El Salibr\u00edn, que se celebraba desde 1999 cada mes de abril. Un programa, que durante 26 a\u00f1os ha acercado la cultura y &#8230;<\/p>\n","protected":false},"author":32,"featured_media":846,"comment_status":"open","ping_status":"open","sticky":false,"template":"","format":"standard","meta":{"_jetpack_memberships_contains_paid_content":false,"footnotes":""},"categories":[6],"tags":[],"class_list":["post-845","post","type-post","status-publish","format-standard","has-post-thumbnail","hentry","category-actualidad"],"yoast_head":"<!-- This site is optimized with the Yoast SEO plugin v24.0 - https:\/\/yoast.com\/wordpress\/plugins\/seo\/ -->\n<title>Eliminar el Salibr\u00edn tras 26 a\u00f1os de \u00e9xito: una decisi\u00f3n innecesaria y otro ejemplo de la pol\u00edtica err\u00e1tica del equipo de gobierno - Agrupaci\u00f3n Socialista de Ponferrada<\/title>\n<meta name=\"robots\" content=\"index, follow, max-snippet:-1, max-image-preview:large, max-video-preview:-1\" \/>\n<link rel=\"canonical\" href=\"https:\/\/agrupacionespsoe.es\/ponferrada\/eliminar-el-salibrin-tras-26-anos-de-exito-una-decision-innecesaria-y-otro-ejemplo-de-la-politica-erratica-del-equipo-de-gobierno\/\" \/>\n<meta property=\"og:locale\" content=\"es_ES\" \/>\n<meta property=\"og:type\" content=\"article\" \/>\n<meta property=\"og:title\" content=\"Eliminar el Salibr\u00edn tras 26 a\u00f1os de \u00e9xito: una decisi\u00f3n innecesaria y otro ejemplo de la pol\u00edtica err\u00e1tica del equipo de gobierno - Agrupaci\u00f3n Socialista de Ponferrada\" \/>\n<meta property=\"og:description\" content=\"La portavoz del \u00e1rea de educaci\u00f3n, cultura y formaci\u00f3n del grupo Municipal Socialista de Ponferrada, Judit Lama ha querido valorar la reciente decisi\u00f3n del equipo de Morala de eliminar el tradicional festival cultural El Salibr\u00edn, que se celebraba desde 1999 cada mes de abril. Un programa, que durante 26 a\u00f1os ha acercado la cultura y ...\" \/>\n<meta property=\"og:url\" content=\"https:\/\/agrupacionespsoe.es\/ponferrada\/eliminar-el-salibrin-tras-26-anos-de-exito-una-decision-innecesaria-y-otro-ejemplo-de-la-politica-erratica-del-equipo-de-gobierno\/\" \/>\n<meta property=\"og:site_name\" content=\"Agrupaci\u00f3n Socialista de Ponferrada\" \/>\n<meta property=\"article:published_time\" content=\"2025-04-09T08:32:38+00:00\" \/>\n<meta property=\"article:modified_time\" content=\"2025-04-09T08:32:39+00:00\" \/>\n<meta property=\"og:image\" content=\"https:\/\/agrupacionespsoe.es\/ponferrada\/wp-content\/uploads\/sites\/36\/2025\/04\/WhatsApp-Image-2025-04-09-at-10.32.05.jpeg\" \/>\n\t<meta property=\"og:image:width\" content=\"842\" \/>\n\t<meta property=\"og:image:height\" content=\"560\" \/>\n\t<meta property=\"og:image:type\" content=\"image\/jpeg\" \/>\n<meta name=\"author\" content=\"ponferrada2\" \/>\n<meta name=\"twitter:card\" content=\"summary_large_image\" \/>\n<meta name=\"twitter:label1\" content=\"Escrito por\" \/>\n\t<meta name=\"twitter:data1\" content=\"ponferrada2\" \/>\n\t<meta name=\"twitter:label2\" content=\"Tiempo de lectura\" \/>\n\t<meta name=\"twitter:data2\" content=\"3 minutos\" \/>\n<script type=\"application\/ld+json\" class=\"yoast-schema-graph\">{\"@context\":\"https:\/\/schema.org\",\"@graph\":[{\"@type\":\"Article\",\"@id\":\"https:\/\/agrupacionespsoe.es\/ponferrada\/eliminar-el-salibrin-tras-26-anos-de-exito-una-decision-innecesaria-y-otro-ejemplo-de-la-politica-erratica-del-equipo-de-gobierno\/#article\",\"isPartOf\":{\"@id\":\"https:\/\/agrupacionespsoe.es\/ponferrada\/eliminar-el-salibrin-tras-26-anos-de-exito-una-decision-innecesaria-y-otro-ejemplo-de-la-politica-erratica-del-equipo-de-gobierno\/\"},\"author\":{\"name\":\"ponferrada2\",\"@id\":\"https:\/\/agrupacionespsoe.es\/ponferrada\/#\/schema\/person\/cd29ee627f3b70c05d415f02596debaa\"},\"headline\":\"Eliminar el Salibr\u00edn tras 26 a\u00f1os de \u00e9xito: una decisi\u00f3n innecesaria y otro ejemplo de la pol\u00edtica err\u00e1tica del equipo de gobierno\",\"datePublished\":\"2025-04-09T08:32:38+00:00\",\"dateModified\":\"2025-04-09T08:32:39+00:00\",\"mainEntityOfPage\":{\"@id\":\"https:\/\/agrupacionespsoe.es\/ponferrada\/eliminar-el-salibrin-tras-26-anos-de-exito-una-decision-innecesaria-y-otro-ejemplo-de-la-politica-erratica-del-equipo-de-gobierno\/\"},\"wordCount\":575,\"commentCount\":0,\"publisher\":{\"@id\":\"https:\/\/agrupacionespsoe.es\/ponferrada\/#organization\"},\"image\":{\"@id\":\"https:\/\/agrupacionespsoe.es\/ponferrada\/eliminar-el-salibrin-tras-26-anos-de-exito-una-decision-innecesaria-y-otro-ejemplo-de-la-politica-erratica-del-equipo-de-gobierno\/#primaryimage\"},\"thumbnailUrl\":\"https:\/\/agrupacionespsoe.es\/ponferrada\/wp-content\/uploads\/sites\/36\/2025\/04\/WhatsApp-Image-2025-04-09-at-10.32.05.jpeg\",\"articleSection\":[\"ACTUALIDAD\"],\"inLanguage\":\"es\",\"potentialAction\":[{\"@type\":\"CommentAction\",\"name\":\"Comment\",\"target\":[\"https:\/\/agrupacionespsoe.es\/ponferrada\/eliminar-el-salibrin-tras-26-anos-de-exito-una-decision-innecesaria-y-otro-ejemplo-de-la-politica-erratica-del-equipo-de-gobierno\/#respond\"]}]},{\"@type\":\"WebPage\",\"@id\":\"https:\/\/agrupacionespsoe.es\/ponferrada\/eliminar-el-salibrin-tras-26-anos-de-exito-una-decision-innecesaria-y-otro-ejemplo-de-la-politica-erratica-del-equipo-de-gobierno\/\",\"url\":\"https:\/\/agrupacionespsoe.es\/ponferrada\/eliminar-el-salibrin-tras-26-anos-de-exito-una-decision-innecesaria-y-otro-ejemplo-de-la-politica-erratica-del-equipo-de-gobierno\/\",\"name\":\"Eliminar el Salibr\u00edn tras 26 a\u00f1os de \u00e9xito: una decisi\u00f3n innecesaria y otro ejemplo de la pol\u00edtica err\u00e1tica del equipo de gobierno - Agrupaci\u00f3n Socialista de Ponferrada\",\"isPartOf\":{\"@id\":\"https:\/\/agrupacionespsoe.es\/ponferrada\/#website\"},\"primaryImageOfPage\":{\"@id\":\"https:\/\/agrupacionespsoe.es\/ponferrada\/eliminar-el-salibrin-tras-26-anos-de-exito-una-decision-innecesaria-y-otro-ejemplo-de-la-politica-erratica-del-equipo-de-gobierno\/#primaryimage\"},\"image\":{\"@id\":\"https:\/\/agrupacionespsoe.es\/ponferrada\/eliminar-el-salibrin-tras-26-anos-de-exito-una-decision-innecesaria-y-otro-ejemplo-de-la-politica-erratica-del-equipo-de-gobierno\/#primaryimage\"},\"thumbnailUrl\":\"https:\/\/agrupacionespsoe.es\/ponferrada\/wp-content\/uploads\/sites\/36\/2025\/04\/WhatsApp-Image-2025-04-09-at-10.32.05.jpeg\",\"datePublished\":\"2025-04-09T08:32:38+00:00\",\"dateModified\":\"2025-04-09T08:32:39+00:00\",\"breadcrumb\":{\"@id\":\"https:\/\/agrupacionespsoe.es\/ponferrada\/eliminar-el-salibrin-tras-26-anos-de-exito-una-decision-innecesaria-y-otro-ejemplo-de-la-politica-erratica-del-equipo-de-gobierno\/#breadcrumb\"},\"inLanguage\":\"es\",\"potentialAction\":[{\"@type\":\"ReadAction\",\"target\":[\"https:\/\/agrupacionespsoe.es\/ponferrada\/eliminar-el-salibrin-tras-26-anos-de-exito-una-decision-innecesaria-y-otro-ejemplo-de-la-politica-erratica-del-equipo-de-gobierno\/\"]}]},{\"@type\":\"ImageObject\",\"inLanguage\":\"es\",\"@id\":\"https:\/\/agrupacionespsoe.es\/ponferrada\/eliminar-el-salibrin-tras-26-anos-de-exito-una-decision-innecesaria-y-otro-ejemplo-de-la-politica-erratica-del-equipo-de-gobierno\/#primaryimage\",\"url\":\"https:\/\/agrupacionespsoe.es\/ponferrada\/wp-content\/uploads\/sites\/36\/2025\/04\/WhatsApp-Image-2025-04-09-at-10.32.05.jpeg\",\"contentUrl\":\"https:\/\/agrupacionespsoe.es\/ponferrada\/wp-content\/uploads\/sites\/36\/2025\/04\/WhatsApp-Image-2025-04-09-at-10.32.05.jpeg\",\"width\":842,\"height\":560},{\"@type\":\"BreadcrumbList\",\"@id\":\"https:\/\/agrupacionespsoe.es\/ponferrada\/eliminar-el-salibrin-tras-26-anos-de-exito-una-decision-innecesaria-y-otro-ejemplo-de-la-politica-erratica-del-equipo-de-gobierno\/#breadcrumb\",\"itemListElement\":[{\"@type\":\"ListItem\",\"position\":1,\"name\":\"Portada\",\"item\":\"https:\/\/agrupacionespsoe.es\/ponferrada\/\"},{\"@type\":\"ListItem\",\"position\":2,\"name\":\"Eliminar el Salibr\u00edn tras 26 a\u00f1os de \u00e9xito: una decisi\u00f3n innecesaria y otro ejemplo de la pol\u00edtica err\u00e1tica del equipo de gobierno\"}]},{\"@type\":\"WebSite\",\"@id\":\"https:\/\/agrupacionespsoe.es\/ponferrada\/#website\",\"url\":\"https:\/\/agrupacionespsoe.es\/ponferrada\/\",\"name\":\"Agrupaci\u00f3n Socialista de Ponferrada\",\"description\":\"Agrupaci\u00f3n Socialista de Ponferrada\",\"publisher\":{\"@id\":\"https:\/\/agrupacionespsoe.es\/ponferrada\/#organization\"},\"potentialAction\":[{\"@type\":\"SearchAction\",\"target\":{\"@type\":\"EntryPoint\",\"urlTemplate\":\"https:\/\/agrupacionespsoe.es\/ponferrada\/?s={search_term_string}\"},\"query-input\":{\"@type\":\"PropertyValueSpecification\",\"valueRequired\":true,\"valueName\":\"search_term_string\"}}],\"inLanguage\":\"es\"},{\"@type\":\"Organization\",\"@id\":\"https:\/\/agrupacionespsoe.es\/ponferrada\/#organization\",\"name\":\"Agrupaci\u00f3n Socialista de Ponferrada\",\"url\":\"https:\/\/agrupacionespsoe.es\/ponferrada\/\",\"logo\":{\"@type\":\"ImageObject\",\"inLanguage\":\"es\",\"@id\":\"https:\/\/agrupacionespsoe.es\/ponferrada\/#\/schema\/logo\/image\/\",\"url\":\"https:\/\/agrupacionespsoe.es\/wp-content\/uploads\/2022\/07\/Logotipo_electoral_del_PSOE.png\",\"contentUrl\":\"https:\/\/agrupacionespsoe.es\/wp-content\/uploads\/2022\/07\/Logotipo_electoral_del_PSOE.png\",\"width\":422,\"height\":422,\"caption\":\"Agrupaci\u00f3n Socialista de Ponferrada\"},\"image\":{\"@id\":\"https:\/\/agrupacionespsoe.es\/ponferrada\/#\/schema\/logo\/image\/\"}},{\"@type\":\"Person\",\"@id\":\"https:\/\/agrupacionespsoe.es\/ponferrada\/#\/schema\/person\/cd29ee627f3b70c05d415f02596debaa\",\"name\":\"ponferrada2\",\"image\":{\"@type\":\"ImageObject\",\"inLanguage\":\"es\",\"@id\":\"https:\/\/agrupacionespsoe.es\/ponferrada\/#\/schema\/person\/image\/\",\"url\":\"https:\/\/secure.gravatar.com\/avatar\/f499eeb60144c664cf7b7edf75549b50?s=96&d=mm&r=g\",\"contentUrl\":\"https:\/\/secure.gravatar.com\/avatar\/f499eeb60144c664cf7b7edf75549b50?s=96&d=mm&r=g\",\"caption\":\"ponferrada2\"},\"url\":\"https:\/\/agrupacionespsoe.es\/ponferrada\/author\/ponferrada2\/\"}]}<\/script>\n<!-- \/ Yoast SEO plugin. -->","yoast_head_json":{"title":"Eliminar el Salibr\u00edn tras 26 a\u00f1os de \u00e9xito: una decisi\u00f3n innecesaria y otro ejemplo de la pol\u00edtica err\u00e1tica del equipo de gobierno - Agrupaci\u00f3n Socialista de Ponferrada","robots":{"index":"index","follow":"follow","max-snippet":"max-snippet:-1","max-image-preview":"max-image-preview:large","max-video-preview":"max-video-preview:-1"},"canonical":"https:\/\/agrupacionespsoe.es\/ponferrada\/eliminar-el-salibrin-tras-26-anos-de-exito-una-decision-innecesaria-y-otro-ejemplo-de-la-politica-erratica-del-equipo-de-gobierno\/","og_locale":"es_ES","og_type":"article","og_title":"Eliminar el Salibr\u00edn tras 26 a\u00f1os de \u00e9xito: una decisi\u00f3n innecesaria y otro ejemplo de la pol\u00edtica err\u00e1tica del equipo de gobierno - Agrupaci\u00f3n Socialista de Ponferrada","og_description":"La portavoz del \u00e1rea de educaci\u00f3n, cultura y formaci\u00f3n del grupo Municipal Socialista de Ponferrada, Judit Lama ha querido valorar la reciente decisi\u00f3n del equipo de Morala de eliminar el tradicional festival cultural El Salibr\u00edn, que se celebraba desde 1999 cada mes de abril. Un programa, que durante 26 a\u00f1os ha acercado la cultura y ...","og_url":"https:\/\/agrupacionespsoe.es\/ponferrada\/eliminar-el-salibrin-tras-26-anos-de-exito-una-decision-innecesaria-y-otro-ejemplo-de-la-politica-erratica-del-equipo-de-gobierno\/","og_site_name":"Agrupaci\u00f3n Socialista de Ponferrada","article_published_time":"2025-04-09T08:32:38+00:00","article_modified_time":"2025-04-09T08:32:39+00:00","og_image":[{"width":842,"height":560,"url":"https:\/\/agrupacionespsoe.es\/ponferrada\/wp-content\/uploads\/sites\/36\/2025\/04\/WhatsApp-Image-2025-04-09-at-10.32.05.jpeg","type":"image\/jpeg"}],"author":"ponferrada2","twitter_card":"summary_large_image","twitter_misc":{"Escrito por":"ponferrada2","Tiempo de lectura":"3 minutos"},"schema":{"@context":"https:\/\/schema.org","@graph":[{"@type":"Article","@id":"https:\/\/agrupacionespsoe.es\/ponferrada\/eliminar-el-salibrin-tras-26-anos-de-exito-una-decision-innecesaria-y-otro-ejemplo-de-la-politica-erratica-del-equipo-de-gobierno\/#article","isPartOf":{"@id":"https:\/\/agrupacionespsoe.es\/ponferrada\/eliminar-el-salibrin-tras-26-anos-de-exito-una-decision-innecesaria-y-otro-ejemplo-de-la-politica-erratica-del-equipo-de-gobierno\/"},"author":{"name":"ponferrada2","@id":"https:\/\/agrupacionespsoe.es\/ponferrada\/#\/schema\/person\/cd29ee627f3b70c05d415f02596debaa"},"headline":"Eliminar el Salibr\u00edn tras 26 a\u00f1os de \u00e9xito: una decisi\u00f3n innecesaria y otro ejemplo de la pol\u00edtica err\u00e1tica del equipo de gobierno","datePublished":"2025-04-09T08:32:38+00:00","dateModified":"2025-04-09T08:32:39+00:00","mainEntityOfPage":{"@id":"https:\/\/agrupacionespsoe.es\/ponferrada\/eliminar-el-salibrin-tras-26-anos-de-exito-una-decision-innecesaria-y-otro-ejemplo-de-la-politica-erratica-del-equipo-de-gobierno\/"},"wordCount":575,"commentCount":0,"publisher":{"@id":"https:\/\/agrupacionespsoe.es\/ponferrada\/#organization"},"image":{"@id":"https:\/\/agrupacionespsoe.es\/ponferrada\/eliminar-el-salibrin-tras-26-anos-de-exito-una-decision-innecesaria-y-otro-ejemplo-de-la-politica-erratica-del-equipo-de-gobierno\/#primaryimage"},"thumbnailUrl":"https:\/\/agrupacionespsoe.es\/ponferrada\/wp-content\/uploads\/sites\/36\/2025\/04\/WhatsApp-Image-2025-04-09-at-10.32.05.jpeg","articleSection":["ACTUALIDAD"],"inLanguage":"es","potentialAction":[{"@type":"CommentAction","name":"Comment","target":["https:\/\/agrupacionespsoe.es\/ponferrada\/eliminar-el-salibrin-tras-26-anos-de-exito-una-decision-innecesaria-y-otro-ejemplo-de-la-politica-erratica-del-equipo-de-gobierno\/#respond"]}]},{"@type":"WebPage","@id":"https:\/\/agrupacionespsoe.es\/ponferrada\/eliminar-el-salibrin-tras-26-anos-de-exito-una-decision-innecesaria-y-otro-ejemplo-de-la-politica-erratica-del-equipo-de-gobierno\/","url":"https:\/\/agrupacionespsoe.es\/ponferrada\/eliminar-el-salibrin-tras-26-anos-de-exito-una-decision-innecesaria-y-otro-ejemplo-de-la-politica-erratica-del-equipo-de-gobierno\/","name":"Eliminar el Salibr\u00edn tras 26 a\u00f1os de \u00e9xito: una decisi\u00f3n innecesaria y otro ejemplo de la pol\u00edtica err\u00e1tica del equipo de gobierno - Agrupaci\u00f3n Socialista de Ponferrada","isPartOf":{"@id":"https:\/\/agrupacionespsoe.es\/ponferrada\/#website"},"primaryImageOfPage":{"@id":"https:\/\/agrupacionespsoe.es\/ponferrada\/eliminar-el-salibrin-tras-26-anos-de-exito-una-decision-innecesaria-y-otro-ejemplo-de-la-politica-erratica-del-equipo-de-gobierno\/#primaryimage"},"image":{"@id":"https:\/\/agrupacionespsoe.es\/ponferrada\/eliminar-el-salibrin-tras-26-anos-de-exito-una-decision-innecesaria-y-otro-ejemplo-de-la-politica-erratica-del-equipo-de-gobierno\/#primaryimage"},"thumbnailUrl":"https:\/\/agrupacionespsoe.es\/ponferrada\/wp-content\/uploads\/sites\/36\/2025\/04\/WhatsApp-Image-2025-04-09-at-10.32.05.jpeg","datePublished":"2025-04-09T08:32:38+00:00","dateModified":"2025-04-09T08:32:39+00:00","breadcrumb":{"@id":"https:\/\/agrupacionespsoe.es\/ponferrada\/eliminar-el-salibrin-tras-26-anos-de-exito-una-decision-innecesaria-y-otro-ejemplo-de-la-politica-erratica-del-equipo-de-gobierno\/#breadcrumb"},"inLanguage":"es","potentialAction":[{"@type":"ReadAction","target":["https:\/\/agrupacionespsoe.es\/ponferrada\/eliminar-el-salibrin-tras-26-anos-de-exito-una-decision-innecesaria-y-otro-ejemplo-de-la-politica-erratica-del-equipo-de-gobierno\/"]}]},{"@type":"ImageObject","inLanguage":"es","@id":"https:\/\/agrupacionespsoe.es\/ponferrada\/eliminar-el-salibrin-tras-26-anos-de-exito-una-decision-innecesaria-y-otro-ejemplo-de-la-politica-erratica-del-equipo-de-gobierno\/#primaryimage","url":"https:\/\/agrupacionespsoe.es\/ponferrada\/wp-content\/uploads\/sites\/36\/2025\/04\/WhatsApp-Image-2025-04-09-at-10.32.05.jpeg","contentUrl":"https:\/\/agrupacionespsoe.es\/ponferrada\/wp-content\/uploads\/sites\/36\/2025\/04\/WhatsApp-Image-2025-04-09-at-10.32.05.jpeg","width":842,"height":560},{"@type":"BreadcrumbList","@id":"https:\/\/agrupacionespsoe.es\/ponferrada\/eliminar-el-salibrin-tras-26-anos-de-exito-una-decision-innecesaria-y-otro-ejemplo-de-la-politica-erratica-del-equipo-de-gobierno\/#breadcrumb","itemListElement":[{"@type":"ListItem","position":1,"name":"Portada","item":"https:\/\/agrupacionespsoe.es\/ponferrada\/"},{"@type":"ListItem","position":2,"name":"Eliminar el Salibr\u00edn tras 26 a\u00f1os de \u00e9xito: una decisi\u00f3n innecesaria y otro ejemplo de la pol\u00edtica err\u00e1tica del equipo de gobierno"}]},{"@type":"WebSite","@id":"https:\/\/agrupacionespsoe.es\/ponferrada\/#website","url":"https:\/\/agrupacionespsoe.es\/ponferrada\/","name":"Agrupaci\u00f3n Socialista de Ponferrada","description":"Agrupaci\u00f3n Socialista de Ponferrada","publisher":{"@id":"https:\/\/agrupacionespsoe.es\/ponferrada\/#organization"},"potentialAction":[{"@type":"SearchAction","target":{"@type":"EntryPoint","urlTemplate":"https:\/\/agrupacionespsoe.es\/ponferrada\/?s={search_term_string}"},"query-input":{"@type":"PropertyValueSpecification","valueRequired":true,"valueName":"search_term_string"}}],"inLanguage":"es"},{"@type":"Organization","@id":"https:\/\/agrupacionespsoe.es\/ponferrada\/#organization","name":"Agrupaci\u00f3n Socialista de Ponferrada","url":"https:\/\/agrupacionespsoe.es\/ponferrada\/","logo":{"@type":"ImageObject","inLanguage":"es","@id":"https:\/\/agrupacionespsoe.es\/ponferrada\/#\/schema\/logo\/image\/","url":"https:\/\/agrupacionespsoe.es\/wp-content\/uploads\/2022\/07\/Logotipo_electoral_del_PSOE.png","contentUrl":"https:\/\/agrupacionespsoe.es\/wp-content\/uploads\/2022\/07\/Logotipo_electoral_del_PSOE.png","width":422,"height":422,"caption":"Agrupaci\u00f3n Socialista de Ponferrada"},"image":{"@id":"https:\/\/agrupacionespsoe.es\/ponferrada\/#\/schema\/logo\/image\/"}},{"@type":"Person","@id":"https:\/\/agrupacionespsoe.es\/ponferrada\/#\/schema\/person\/cd29ee627f3b70c05d415f02596debaa","name":"ponferrada2","image":{"@type":"ImageObject","inLanguage":"es","@id":"https:\/\/agrupacionespsoe.es\/ponferrada\/#\/schema\/person\/image\/","url":"https:\/\/secure.gravatar.com\/avatar\/f499eeb60144c664cf7b7edf75549b50?s=96&d=mm&r=g","contentUrl":"https:\/\/secure.gravatar.com\/avatar\/f499eeb60144c664cf7b7edf75549b50?s=96&d=mm&r=g","caption":"ponferrada2"},"url":"https:\/\/agrupacionespsoe.es\/ponferrada\/author\/ponferrada2\/"}]}},"jetpack_featured_media_url":"https:\/\/agrupacionespsoe.es\/ponferrada\/wp-content\/uploads\/sites\/36\/2025\/04\/WhatsApp-Image-2025-04-09-at-10.32.05.jpeg","jetpack_sharing_enabled":true,"_links":{"self":[{"href":"https:\/\/agrupacionespsoe.es\/ponferrada\/wp-json\/wp\/v2\/posts\/845","targetHints":{"allow":["GET"]}}],"collection":[{"href":"https:\/\/agrupacionespsoe.es\/ponferrada\/wp-json\/wp\/v2\/posts"}],"about":[{"href":"https:\/\/agrupacionespsoe.es\/ponferrada\/wp-json\/wp\/v2\/types\/post"}],"author":[{"embeddable":true,"href":"https:\/\/agrupacionespsoe.es\/ponferrada\/wp-json\/wp\/v2\/users\/32"}],"replies":[{"embeddable":true,"href":"https:\/\/agrupacionespsoe.es\/ponferrada\/wp-json\/wp\/v2\/comments?post=845"}],"version-history":[{"count":2,"href":"https:\/\/agrupacionespsoe.es\/ponferrada\/wp-json\/wp\/v2\/posts\/845\/revisions"}],"predecessor-version":[{"id":848,"href":"https:\/\/agrupacionespsoe.es\/ponferrada\/wp-json\/wp\/v2\/posts\/845\/revisions\/848"}],"wp:featuredmedia":[{"embeddable":true,"href":"https:\/\/agrupacionespsoe.es\/ponferrada\/wp-json\/wp\/v2\/media\/846"}],"wp:attachment":[{"href":"https:\/\/agrupacionespsoe.es\/ponferrada\/wp-json\/wp\/v2\/media?parent=845"}],"wp:term":[{"taxonomy":"category","embeddable":true,"href":"https:\/\/agrupacionespsoe.es\/ponferrada\/wp-json\/wp\/v2\/categories?post=845"},{"taxonomy":"post_tag","embeddable":true,"href":"https:\/\/agrupacionespsoe.es\/ponferrada\/wp-json\/wp\/v2\/tags?post=845"}],"curies":[{"name":"wp","href":"https:\/\/api.w.org\/{rel}","templated":true}]}}