{"id":837,"date":"2025-04-07T16:52:15","date_gmt":"2025-04-07T16:52:15","guid":{"rendered":"https:\/\/agrupacionespsoe.es\/ponferrada\/?p=837"},"modified":"2025-04-07T16:52:16","modified_gmt":"2025-04-07T16:52:16","slug":"el-psoe-de-ponferrada-presenta-un-nuevo-recurso-contra-la-venta-del-solar-del-antiguo-cuartel-de-la-guardia-civil","status":"publish","type":"post","link":"https:\/\/agrupacionespsoe.es\/ponferrada\/el-psoe-de-ponferrada-presenta-un-nuevo-recurso-contra-la-venta-del-solar-del-antiguo-cuartel-de-la-guardia-civil\/","title":{"rendered":"El PSOE de Ponferrada presenta un nuevo recurso contra la venta del solar del antiguo cuartel de la Guardia Civil"},"content":{"rendered":"\n<p>El Grupo Municipal Socialista ha anunciado esta ma\u00f1ana, en rueda de prensa dada por el portavoz Olegario Ram\u00f3n, la presentaci\u00f3n de un recurso de reposici\u00f3n contra la adjudicaci\u00f3n definitiva de la venta del solar del antiguo cuartel de la Guardia Civil, aprobada por la Junta de Gobierno del Ayuntamiento de Ponferrada el pasado 10 de marzo y publicada en el BOP el 20 de marzo.<\/p>\n\n\n\n<p>El portavoz socialista ha explicado que el recurso est\u00e1 jur\u00eddicamente bien fundamentado y que esperan que esta vez el equipo de gobierno lo analice con rigor y no lo desestime sin estudiarlo, como ocurri\u00f3 con las alegaciones anteriores. En caso de no ser estimado, el PSOE ha anunciado que llevar\u00e1 el caso a la v\u00eda contencioso-administrativa.<\/p>\n\n\n\n<p>Es un recurso amplio y bien fundamentado que entre los argumentos presentados en el recurso destacan:<\/p>\n\n\n\n<ul class=\"wp-block-list\">\n<li>Primero la justificaci\u00f3n de la legitimaci\u00f3n del grupo socialista y del portavoz del grupo, Olegario Ram\u00f3n &nbsp;para recurrir, amparada por diversas sentencias del Tribunal Supremo y del Tribunal Constitucional, al tratarse de un inter\u00e9s general de control del gobierno y no solo de una cuesti\u00f3n contractual.<\/li>\n\n\n\n<li>La falta de justificaci\u00f3n de la venta del solar, ya que en los presupuestos de 2024 solo aparec\u00edan el concepto de enajenaci\u00f3n de bienes, sin concretar qu\u00e9 bienes se iban a vender, adem\u00e1s record\u00f3 que los presupuestos est\u00e1n prorrogados y que el cap\u00edtulo de inversiones no se prorroga as\u00ed que no sabemos a qu\u00e9 van a dedicar esos ingresos y por lo tanto, no encontramos una justificaci\u00f3n suficiente para hacerla.<\/li>\n\n\n\n<li>Cuestionamientos sobre la tasaci\u00f3n del inmueble, se\u00f1alando que se ha realizado con criterios err\u00f3neos, mezclando valores incongruentes y sin tener en cuenta el uso comercial del solar, que incrementar\u00eda notablemente su valor.<\/li>\n\n\n\n<li>Ausencia de informaci\u00f3n p\u00fablica real en el proceso, ya que la publicaci\u00f3n en el BOP no reflejaba un plazo espec\u00edfico para alegaciones al pliego, sino \u00fanicamente para la presentaci\u00f3n de ofertas.<\/li>\n\n\n\n<li>Irregularidades en el procedimiento de subasta, aplicando una normativa inadecuada y permitiendo subastas tanto al alza como a la baja sin justificaci\u00f3n clara.<\/li>\n<\/ul>\n\n\n\n<p>El PSOE denuncia que esta venta se ha realizado sin transparencia, sin una valoraci\u00f3n adecuada del patrimonio municipal y con una clara voluntad de malvender un bien p\u00fablico. En palabras del portavoz socialista, \u201cestamos seguros de que el se\u00f1or Morala no vender\u00eda su piso por la mitad de su valor, pero parece que con el patrimonio de todos hay demasiada alegr\u00eda\u201d.<\/p>\n\n\n\n<p>Adem\u00e1s de las razones jur\u00eddicas, los socialistas han subrayado el componente \u00e9tico de la cuesti\u00f3n: \u201cEstamos ante una actuaci\u00f3n que consideramos jur\u00eddicamente discutible, pero tambi\u00e9n \u00e9ticamente despreciable. Es patrimonio de todos, y desde el PSOE vamos a hacer causa para evitar que esto quede impune\u201d.<\/p>\n\n\n\n<p>El grupo municipal concluy\u00f3 reiterando su compromiso de llegar hasta el final para defender el patrimonio p\u00fablico y evitar lo que consideran una operaci\u00f3n impropia de quienes deber\u00edan velar por el buen uso de los recursos de la ciudadan\u00eda.<\/p>\n\n\n\n<figure class=\"wp-block-image size-large\"><img loading=\"lazy\" decoding=\"async\" width=\"1024\" height=\"627\" src=\"https:\/\/agrupacionespsoe.es\/ponferrada\/wp-content\/uploads\/sites\/36\/2025\/04\/WhatsApp-Image-2025-04-07-at-18.51.21-1024x627.jpeg\" alt=\"\" class=\"wp-image-838\" srcset=\"https:\/\/agrupacionespsoe.es\/ponferrada\/wp-content\/uploads\/sites\/36\/2025\/04\/WhatsApp-Image-2025-04-07-at-18.51.21-1024x627.jpeg 1024w, https:\/\/agrupacionespsoe.es\/ponferrada\/wp-content\/uploads\/sites\/36\/2025\/04\/WhatsApp-Image-2025-04-07-at-18.51.21-300x184.jpeg 300w, https:\/\/agrupacionespsoe.es\/ponferrada\/wp-content\/uploads\/sites\/36\/2025\/04\/WhatsApp-Image-2025-04-07-at-18.51.21-768x470.jpeg 768w, https:\/\/agrupacionespsoe.es\/ponferrada\/wp-content\/uploads\/sites\/36\/2025\/04\/WhatsApp-Image-2025-04-07-at-18.51.21-1536x941.jpeg 1536w, https:\/\/agrupacionespsoe.es\/ponferrada\/wp-content\/uploads\/sites\/36\/2025\/04\/WhatsApp-Image-2025-04-07-at-18.51.21.jpeg 1600w\" sizes=\"auto, (max-width: 1024px) 100vw, 1024px\" \/><\/figure>\n\n\n\n<p><\/p>\n","protected":false},"excerpt":{"rendered":"<p>El Grupo Municipal Socialista ha anunciado esta ma\u00f1ana, en rueda de prensa dada por el portavoz Olegario Ram\u00f3n, la presentaci\u00f3n de un recurso de reposici\u00f3n contra la adjudicaci\u00f3n definitiva de la venta del solar del antiguo cuartel de la Guardia Civil, aprobada por la Junta de Gobierno del Ayuntamiento de Ponferrada el pasado 10 de &#8230;<\/p>\n","protected":false},"author":32,"featured_media":838,"comment_status":"open","ping_status":"open","sticky":false,"template":"","format":"standard","meta":{"_jetpack_memberships_contains_paid_content":false,"footnotes":""},"categories":[6],"tags":[],"class_list":["post-837","post","type-post","status-publish","format-standard","has-post-thumbnail","hentry","category-actualidad"],"yoast_head":"<!-- This site is optimized with the Yoast SEO plugin v24.0 - https:\/\/yoast.com\/wordpress\/plugins\/seo\/ -->\n<title>El PSOE de Ponferrada presenta un nuevo recurso contra la venta del solar del antiguo cuartel de la Guardia Civil - Agrupaci\u00f3n Socialista de Ponferrada<\/title>\n<meta name=\"robots\" content=\"index, follow, max-snippet:-1, max-image-preview:large, max-video-preview:-1\" \/>\n<link rel=\"canonical\" href=\"https:\/\/agrupacionespsoe.es\/ponferrada\/el-psoe-de-ponferrada-presenta-un-nuevo-recurso-contra-la-venta-del-solar-del-antiguo-cuartel-de-la-guardia-civil\/\" \/>\n<meta property=\"og:locale\" content=\"es_ES\" \/>\n<meta property=\"og:type\" content=\"article\" \/>\n<meta property=\"og:title\" content=\"El PSOE de Ponferrada presenta un nuevo recurso contra la venta del solar del antiguo cuartel de la Guardia Civil - Agrupaci\u00f3n Socialista de Ponferrada\" \/>\n<meta property=\"og:description\" content=\"El Grupo Municipal Socialista ha anunciado esta ma\u00f1ana, en rueda de prensa dada por el portavoz Olegario Ram\u00f3n, la presentaci\u00f3n de un recurso de reposici\u00f3n contra la adjudicaci\u00f3n definitiva de la venta del solar del antiguo cuartel de la Guardia Civil, aprobada por la Junta de Gobierno del Ayuntamiento de Ponferrada el pasado 10 de ...\" \/>\n<meta property=\"og:url\" content=\"https:\/\/agrupacionespsoe.es\/ponferrada\/el-psoe-de-ponferrada-presenta-un-nuevo-recurso-contra-la-venta-del-solar-del-antiguo-cuartel-de-la-guardia-civil\/\" \/>\n<meta property=\"og:site_name\" content=\"Agrupaci\u00f3n Socialista de Ponferrada\" \/>\n<meta property=\"article:published_time\" content=\"2025-04-07T16:52:15+00:00\" \/>\n<meta property=\"article:modified_time\" content=\"2025-04-07T16:52:16+00:00\" \/>\n<meta property=\"og:image\" content=\"https:\/\/agrupacionespsoe.es\/ponferrada\/wp-content\/uploads\/sites\/36\/2025\/04\/WhatsApp-Image-2025-04-07-at-18.51.21.jpeg\" \/>\n\t<meta property=\"og:image:width\" content=\"1600\" \/>\n\t<meta property=\"og:image:height\" content=\"980\" \/>\n\t<meta property=\"og:image:type\" content=\"image\/jpeg\" \/>\n<meta name=\"author\" content=\"ponferrada2\" \/>\n<meta name=\"twitter:card\" content=\"summary_large_image\" \/>\n<meta name=\"twitter:label1\" content=\"Escrito por\" \/>\n\t<meta name=\"twitter:data1\" content=\"ponferrada2\" \/>\n\t<meta name=\"twitter:label2\" content=\"Tiempo de lectura\" \/>\n\t<meta name=\"twitter:data2\" content=\"3 minutos\" \/>\n<script type=\"application\/ld+json\" class=\"yoast-schema-graph\">{\"@context\":\"https:\/\/schema.org\",\"@graph\":[{\"@type\":\"Article\",\"@id\":\"https:\/\/agrupacionespsoe.es\/ponferrada\/el-psoe-de-ponferrada-presenta-un-nuevo-recurso-contra-la-venta-del-solar-del-antiguo-cuartel-de-la-guardia-civil\/#article\",\"isPartOf\":{\"@id\":\"https:\/\/agrupacionespsoe.es\/ponferrada\/el-psoe-de-ponferrada-presenta-un-nuevo-recurso-contra-la-venta-del-solar-del-antiguo-cuartel-de-la-guardia-civil\/\"},\"author\":{\"name\":\"ponferrada2\",\"@id\":\"https:\/\/agrupacionespsoe.es\/ponferrada\/#\/schema\/person\/cd29ee627f3b70c05d415f02596debaa\"},\"headline\":\"El PSOE de Ponferrada presenta un nuevo recurso contra la venta del solar del antiguo cuartel de la Guardia Civil\",\"datePublished\":\"2025-04-07T16:52:15+00:00\",\"dateModified\":\"2025-04-07T16:52:16+00:00\",\"mainEntityOfPage\":{\"@id\":\"https:\/\/agrupacionespsoe.es\/ponferrada\/el-psoe-de-ponferrada-presenta-un-nuevo-recurso-contra-la-venta-del-solar-del-antiguo-cuartel-de-la-guardia-civil\/\"},\"wordCount\":546,\"commentCount\":0,\"publisher\":{\"@id\":\"https:\/\/agrupacionespsoe.es\/ponferrada\/#organization\"},\"image\":{\"@id\":\"https:\/\/agrupacionespsoe.es\/ponferrada\/el-psoe-de-ponferrada-presenta-un-nuevo-recurso-contra-la-venta-del-solar-del-antiguo-cuartel-de-la-guardia-civil\/#primaryimage\"},\"thumbnailUrl\":\"https:\/\/agrupacionespsoe.es\/ponferrada\/wp-content\/uploads\/sites\/36\/2025\/04\/WhatsApp-Image-2025-04-07-at-18.51.21.jpeg\",\"articleSection\":[\"ACTUALIDAD\"],\"inLanguage\":\"es\",\"potentialAction\":[{\"@type\":\"CommentAction\",\"name\":\"Comment\",\"target\":[\"https:\/\/agrupacionespsoe.es\/ponferrada\/el-psoe-de-ponferrada-presenta-un-nuevo-recurso-contra-la-venta-del-solar-del-antiguo-cuartel-de-la-guardia-civil\/#respond\"]}]},{\"@type\":\"WebPage\",\"@id\":\"https:\/\/agrupacionespsoe.es\/ponferrada\/el-psoe-de-ponferrada-presenta-un-nuevo-recurso-contra-la-venta-del-solar-del-antiguo-cuartel-de-la-guardia-civil\/\",\"url\":\"https:\/\/agrupacionespsoe.es\/ponferrada\/el-psoe-de-ponferrada-presenta-un-nuevo-recurso-contra-la-venta-del-solar-del-antiguo-cuartel-de-la-guardia-civil\/\",\"name\":\"El PSOE de Ponferrada presenta un nuevo recurso contra la venta del solar del antiguo cuartel de la Guardia Civil - Agrupaci\u00f3n Socialista de Ponferrada\",\"isPartOf\":{\"@id\":\"https:\/\/agrupacionespsoe.es\/ponferrada\/#website\"},\"primaryImageOfPage\":{\"@id\":\"https:\/\/agrupacionespsoe.es\/ponferrada\/el-psoe-de-ponferrada-presenta-un-nuevo-recurso-contra-la-venta-del-solar-del-antiguo-cuartel-de-la-guardia-civil\/#primaryimage\"},\"image\":{\"@id\":\"https:\/\/agrupacionespsoe.es\/ponferrada\/el-psoe-de-ponferrada-presenta-un-nuevo-recurso-contra-la-venta-del-solar-del-antiguo-cuartel-de-la-guardia-civil\/#primaryimage\"},\"thumbnailUrl\":\"https:\/\/agrupacionespsoe.es\/ponferrada\/wp-content\/uploads\/sites\/36\/2025\/04\/WhatsApp-Image-2025-04-07-at-18.51.21.jpeg\",\"datePublished\":\"2025-04-07T16:52:15+00:00\",\"dateModified\":\"2025-04-07T16:52:16+00:00\",\"breadcrumb\":{\"@id\":\"https:\/\/agrupacionespsoe.es\/ponferrada\/el-psoe-de-ponferrada-presenta-un-nuevo-recurso-contra-la-venta-del-solar-del-antiguo-cuartel-de-la-guardia-civil\/#breadcrumb\"},\"inLanguage\":\"es\",\"potentialAction\":[{\"@type\":\"ReadAction\",\"target\":[\"https:\/\/agrupacionespsoe.es\/ponferrada\/el-psoe-de-ponferrada-presenta-un-nuevo-recurso-contra-la-venta-del-solar-del-antiguo-cuartel-de-la-guardia-civil\/\"]}]},{\"@type\":\"ImageObject\",\"inLanguage\":\"es\",\"@id\":\"https:\/\/agrupacionespsoe.es\/ponferrada\/el-psoe-de-ponferrada-presenta-un-nuevo-recurso-contra-la-venta-del-solar-del-antiguo-cuartel-de-la-guardia-civil\/#primaryimage\",\"url\":\"https:\/\/agrupacionespsoe.es\/ponferrada\/wp-content\/uploads\/sites\/36\/2025\/04\/WhatsApp-Image-2025-04-07-at-18.51.21.jpeg\",\"contentUrl\":\"https:\/\/agrupacionespsoe.es\/ponferrada\/wp-content\/uploads\/sites\/36\/2025\/04\/WhatsApp-Image-2025-04-07-at-18.51.21.jpeg\",\"width\":1600,\"height\":980},{\"@type\":\"BreadcrumbList\",\"@id\":\"https:\/\/agrupacionespsoe.es\/ponferrada\/el-psoe-de-ponferrada-presenta-un-nuevo-recurso-contra-la-venta-del-solar-del-antiguo-cuartel-de-la-guardia-civil\/#breadcrumb\",\"itemListElement\":[{\"@type\":\"ListItem\",\"position\":1,\"name\":\"Portada\",\"item\":\"https:\/\/agrupacionespsoe.es\/ponferrada\/\"},{\"@type\":\"ListItem\",\"position\":2,\"name\":\"El PSOE de Ponferrada presenta un nuevo recurso contra la venta del solar del antiguo cuartel de la Guardia Civil\"}]},{\"@type\":\"WebSite\",\"@id\":\"https:\/\/agrupacionespsoe.es\/ponferrada\/#website\",\"url\":\"https:\/\/agrupacionespsoe.es\/ponferrada\/\",\"name\":\"Agrupaci\u00f3n Socialista de Ponferrada\",\"description\":\"Agrupaci\u00f3n Socialista de Ponferrada\",\"publisher\":{\"@id\":\"https:\/\/agrupacionespsoe.es\/ponferrada\/#organization\"},\"potentialAction\":[{\"@type\":\"SearchAction\",\"target\":{\"@type\":\"EntryPoint\",\"urlTemplate\":\"https:\/\/agrupacionespsoe.es\/ponferrada\/?s={search_term_string}\"},\"query-input\":{\"@type\":\"PropertyValueSpecification\",\"valueRequired\":true,\"valueName\":\"search_term_string\"}}],\"inLanguage\":\"es\"},{\"@type\":\"Organization\",\"@id\":\"https:\/\/agrupacionespsoe.es\/ponferrada\/#organization\",\"name\":\"Agrupaci\u00f3n Socialista de Ponferrada\",\"url\":\"https:\/\/agrupacionespsoe.es\/ponferrada\/\",\"logo\":{\"@type\":\"ImageObject\",\"inLanguage\":\"es\",\"@id\":\"https:\/\/agrupacionespsoe.es\/ponferrada\/#\/schema\/logo\/image\/\",\"url\":\"https:\/\/agrupacionespsoe.es\/wp-content\/uploads\/2022\/07\/Logotipo_electoral_del_PSOE.png\",\"contentUrl\":\"https:\/\/agrupacionespsoe.es\/wp-content\/uploads\/2022\/07\/Logotipo_electoral_del_PSOE.png\",\"width\":422,\"height\":422,\"caption\":\"Agrupaci\u00f3n Socialista de Ponferrada\"},\"image\":{\"@id\":\"https:\/\/agrupacionespsoe.es\/ponferrada\/#\/schema\/logo\/image\/\"}},{\"@type\":\"Person\",\"@id\":\"https:\/\/agrupacionespsoe.es\/ponferrada\/#\/schema\/person\/cd29ee627f3b70c05d415f02596debaa\",\"name\":\"ponferrada2\",\"image\":{\"@type\":\"ImageObject\",\"inLanguage\":\"es\",\"@id\":\"https:\/\/agrupacionespsoe.es\/ponferrada\/#\/schema\/person\/image\/\",\"url\":\"https:\/\/secure.gravatar.com\/avatar\/f499eeb60144c664cf7b7edf75549b50?s=96&d=mm&r=g\",\"contentUrl\":\"https:\/\/secure.gravatar.com\/avatar\/f499eeb60144c664cf7b7edf75549b50?s=96&d=mm&r=g\",\"caption\":\"ponferrada2\"},\"url\":\"https:\/\/agrupacionespsoe.es\/ponferrada\/author\/ponferrada2\/\"}]}<\/script>\n<!-- \/ Yoast SEO plugin. -->","yoast_head_json":{"title":"El PSOE de Ponferrada presenta un nuevo recurso contra la venta del solar del antiguo cuartel de la Guardia Civil - Agrupaci\u00f3n Socialista de Ponferrada","robots":{"index":"index","follow":"follow","max-snippet":"max-snippet:-1","max-image-preview":"max-image-preview:large","max-video-preview":"max-video-preview:-1"},"canonical":"https:\/\/agrupacionespsoe.es\/ponferrada\/el-psoe-de-ponferrada-presenta-un-nuevo-recurso-contra-la-venta-del-solar-del-antiguo-cuartel-de-la-guardia-civil\/","og_locale":"es_ES","og_type":"article","og_title":"El PSOE de Ponferrada presenta un nuevo recurso contra la venta del solar del antiguo cuartel de la Guardia Civil - Agrupaci\u00f3n Socialista de Ponferrada","og_description":"El Grupo Municipal Socialista ha anunciado esta ma\u00f1ana, en rueda de prensa dada por el portavoz Olegario Ram\u00f3n, la presentaci\u00f3n de un recurso de reposici\u00f3n contra la adjudicaci\u00f3n definitiva de la venta del solar del antiguo cuartel de la Guardia Civil, aprobada por la Junta de Gobierno del Ayuntamiento de Ponferrada el pasado 10 de ...","og_url":"https:\/\/agrupacionespsoe.es\/ponferrada\/el-psoe-de-ponferrada-presenta-un-nuevo-recurso-contra-la-venta-del-solar-del-antiguo-cuartel-de-la-guardia-civil\/","og_site_name":"Agrupaci\u00f3n Socialista de Ponferrada","article_published_time":"2025-04-07T16:52:15+00:00","article_modified_time":"2025-04-07T16:52:16+00:00","og_image":[{"width":1600,"height":980,"url":"https:\/\/agrupacionespsoe.es\/ponferrada\/wp-content\/uploads\/sites\/36\/2025\/04\/WhatsApp-Image-2025-04-07-at-18.51.21.jpeg","type":"image\/jpeg"}],"author":"ponferrada2","twitter_card":"summary_large_image","twitter_misc":{"Escrito por":"ponferrada2","Tiempo de lectura":"3 minutos"},"schema":{"@context":"https:\/\/schema.org","@graph":[{"@type":"Article","@id":"https:\/\/agrupacionespsoe.es\/ponferrada\/el-psoe-de-ponferrada-presenta-un-nuevo-recurso-contra-la-venta-del-solar-del-antiguo-cuartel-de-la-guardia-civil\/#article","isPartOf":{"@id":"https:\/\/agrupacionespsoe.es\/ponferrada\/el-psoe-de-ponferrada-presenta-un-nuevo-recurso-contra-la-venta-del-solar-del-antiguo-cuartel-de-la-guardia-civil\/"},"author":{"name":"ponferrada2","@id":"https:\/\/agrupacionespsoe.es\/ponferrada\/#\/schema\/person\/cd29ee627f3b70c05d415f02596debaa"},"headline":"El PSOE de Ponferrada presenta un nuevo recurso contra la venta del solar del antiguo cuartel de la Guardia Civil","datePublished":"2025-04-07T16:52:15+00:00","dateModified":"2025-04-07T16:52:16+00:00","mainEntityOfPage":{"@id":"https:\/\/agrupacionespsoe.es\/ponferrada\/el-psoe-de-ponferrada-presenta-un-nuevo-recurso-contra-la-venta-del-solar-del-antiguo-cuartel-de-la-guardia-civil\/"},"wordCount":546,"commentCount":0,"publisher":{"@id":"https:\/\/agrupacionespsoe.es\/ponferrada\/#organization"},"image":{"@id":"https:\/\/agrupacionespsoe.es\/ponferrada\/el-psoe-de-ponferrada-presenta-un-nuevo-recurso-contra-la-venta-del-solar-del-antiguo-cuartel-de-la-guardia-civil\/#primaryimage"},"thumbnailUrl":"https:\/\/agrupacionespsoe.es\/ponferrada\/wp-content\/uploads\/sites\/36\/2025\/04\/WhatsApp-Image-2025-04-07-at-18.51.21.jpeg","articleSection":["ACTUALIDAD"],"inLanguage":"es","potentialAction":[{"@type":"CommentAction","name":"Comment","target":["https:\/\/agrupacionespsoe.es\/ponferrada\/el-psoe-de-ponferrada-presenta-un-nuevo-recurso-contra-la-venta-del-solar-del-antiguo-cuartel-de-la-guardia-civil\/#respond"]}]},{"@type":"WebPage","@id":"https:\/\/agrupacionespsoe.es\/ponferrada\/el-psoe-de-ponferrada-presenta-un-nuevo-recurso-contra-la-venta-del-solar-del-antiguo-cuartel-de-la-guardia-civil\/","url":"https:\/\/agrupacionespsoe.es\/ponferrada\/el-psoe-de-ponferrada-presenta-un-nuevo-recurso-contra-la-venta-del-solar-del-antiguo-cuartel-de-la-guardia-civil\/","name":"El PSOE de Ponferrada presenta un nuevo recurso contra la venta del solar del antiguo cuartel de la Guardia Civil - Agrupaci\u00f3n Socialista de Ponferrada","isPartOf":{"@id":"https:\/\/agrupacionespsoe.es\/ponferrada\/#website"},"primaryImageOfPage":{"@id":"https:\/\/agrupacionespsoe.es\/ponferrada\/el-psoe-de-ponferrada-presenta-un-nuevo-recurso-contra-la-venta-del-solar-del-antiguo-cuartel-de-la-guardia-civil\/#primaryimage"},"image":{"@id":"https:\/\/agrupacionespsoe.es\/ponferrada\/el-psoe-de-ponferrada-presenta-un-nuevo-recurso-contra-la-venta-del-solar-del-antiguo-cuartel-de-la-guardia-civil\/#primaryimage"},"thumbnailUrl":"https:\/\/agrupacionespsoe.es\/ponferrada\/wp-content\/uploads\/sites\/36\/2025\/04\/WhatsApp-Image-2025-04-07-at-18.51.21.jpeg","datePublished":"2025-04-07T16:52:15+00:00","dateModified":"2025-04-07T16:52:16+00:00","breadcrumb":{"@id":"https:\/\/agrupacionespsoe.es\/ponferrada\/el-psoe-de-ponferrada-presenta-un-nuevo-recurso-contra-la-venta-del-solar-del-antiguo-cuartel-de-la-guardia-civil\/#breadcrumb"},"inLanguage":"es","potentialAction":[{"@type":"ReadAction","target":["https:\/\/agrupacionespsoe.es\/ponferrada\/el-psoe-de-ponferrada-presenta-un-nuevo-recurso-contra-la-venta-del-solar-del-antiguo-cuartel-de-la-guardia-civil\/"]}]},{"@type":"ImageObject","inLanguage":"es","@id":"https:\/\/agrupacionespsoe.es\/ponferrada\/el-psoe-de-ponferrada-presenta-un-nuevo-recurso-contra-la-venta-del-solar-del-antiguo-cuartel-de-la-guardia-civil\/#primaryimage","url":"https:\/\/agrupacionespsoe.es\/ponferrada\/wp-content\/uploads\/sites\/36\/2025\/04\/WhatsApp-Image-2025-04-07-at-18.51.21.jpeg","contentUrl":"https:\/\/agrupacionespsoe.es\/ponferrada\/wp-content\/uploads\/sites\/36\/2025\/04\/WhatsApp-Image-2025-04-07-at-18.51.21.jpeg","width":1600,"height":980},{"@type":"BreadcrumbList","@id":"https:\/\/agrupacionespsoe.es\/ponferrada\/el-psoe-de-ponferrada-presenta-un-nuevo-recurso-contra-la-venta-del-solar-del-antiguo-cuartel-de-la-guardia-civil\/#breadcrumb","itemListElement":[{"@type":"ListItem","position":1,"name":"Portada","item":"https:\/\/agrupacionespsoe.es\/ponferrada\/"},{"@type":"ListItem","position":2,"name":"El PSOE de Ponferrada presenta un nuevo recurso contra la venta del solar del antiguo cuartel de la Guardia Civil"}]},{"@type":"WebSite","@id":"https:\/\/agrupacionespsoe.es\/ponferrada\/#website","url":"https:\/\/agrupacionespsoe.es\/ponferrada\/","name":"Agrupaci\u00f3n Socialista de Ponferrada","description":"Agrupaci\u00f3n Socialista de Ponferrada","publisher":{"@id":"https:\/\/agrupacionespsoe.es\/ponferrada\/#organization"},"potentialAction":[{"@type":"SearchAction","target":{"@type":"EntryPoint","urlTemplate":"https:\/\/agrupacionespsoe.es\/ponferrada\/?s={search_term_string}"},"query-input":{"@type":"PropertyValueSpecification","valueRequired":true,"valueName":"search_term_string"}}],"inLanguage":"es"},{"@type":"Organization","@id":"https:\/\/agrupacionespsoe.es\/ponferrada\/#organization","name":"Agrupaci\u00f3n Socialista de Ponferrada","url":"https:\/\/agrupacionespsoe.es\/ponferrada\/","logo":{"@type":"ImageObject","inLanguage":"es","@id":"https:\/\/agrupacionespsoe.es\/ponferrada\/#\/schema\/logo\/image\/","url":"https:\/\/agrupacionespsoe.es\/wp-content\/uploads\/2022\/07\/Logotipo_electoral_del_PSOE.png","contentUrl":"https:\/\/agrupacionespsoe.es\/wp-content\/uploads\/2022\/07\/Logotipo_electoral_del_PSOE.png","width":422,"height":422,"caption":"Agrupaci\u00f3n Socialista de Ponferrada"},"image":{"@id":"https:\/\/agrupacionespsoe.es\/ponferrada\/#\/schema\/logo\/image\/"}},{"@type":"Person","@id":"https:\/\/agrupacionespsoe.es\/ponferrada\/#\/schema\/person\/cd29ee627f3b70c05d415f02596debaa","name":"ponferrada2","image":{"@type":"ImageObject","inLanguage":"es","@id":"https:\/\/agrupacionespsoe.es\/ponferrada\/#\/schema\/person\/image\/","url":"https:\/\/secure.gravatar.com\/avatar\/f499eeb60144c664cf7b7edf75549b50?s=96&d=mm&r=g","contentUrl":"https:\/\/secure.gravatar.com\/avatar\/f499eeb60144c664cf7b7edf75549b50?s=96&d=mm&r=g","caption":"ponferrada2"},"url":"https:\/\/agrupacionespsoe.es\/ponferrada\/author\/ponferrada2\/"}]}},"jetpack_featured_media_url":"https:\/\/agrupacionespsoe.es\/ponferrada\/wp-content\/uploads\/sites\/36\/2025\/04\/WhatsApp-Image-2025-04-07-at-18.51.21.jpeg","jetpack_sharing_enabled":true,"_links":{"self":[{"href":"https:\/\/agrupacionespsoe.es\/ponferrada\/wp-json\/wp\/v2\/posts\/837","targetHints":{"allow":["GET"]}}],"collection":[{"href":"https:\/\/agrupacionespsoe.es\/ponferrada\/wp-json\/wp\/v2\/posts"}],"about":[{"href":"https:\/\/agrupacionespsoe.es\/ponferrada\/wp-json\/wp\/v2\/types\/post"}],"author":[{"embeddable":true,"href":"https:\/\/agrupacionespsoe.es\/ponferrada\/wp-json\/wp\/v2\/users\/32"}],"replies":[{"embeddable":true,"href":"https:\/\/agrupacionespsoe.es\/ponferrada\/wp-json\/wp\/v2\/comments?post=837"}],"version-history":[{"count":2,"href":"https:\/\/agrupacionespsoe.es\/ponferrada\/wp-json\/wp\/v2\/posts\/837\/revisions"}],"predecessor-version":[{"id":840,"href":"https:\/\/agrupacionespsoe.es\/ponferrada\/wp-json\/wp\/v2\/posts\/837\/revisions\/840"}],"wp:featuredmedia":[{"embeddable":true,"href":"https:\/\/agrupacionespsoe.es\/ponferrada\/wp-json\/wp\/v2\/media\/838"}],"wp:attachment":[{"href":"https:\/\/agrupacionespsoe.es\/ponferrada\/wp-json\/wp\/v2\/media?parent=837"}],"wp:term":[{"taxonomy":"category","embeddable":true,"href":"https:\/\/agrupacionespsoe.es\/ponferrada\/wp-json\/wp\/v2\/categories?post=837"},{"taxonomy":"post_tag","embeddable":true,"href":"https:\/\/agrupacionespsoe.es\/ponferrada\/wp-json\/wp\/v2\/tags?post=837"}],"curies":[{"name":"wp","href":"https:\/\/api.w.org\/{rel}","templated":true}]}}