{"id":832,"date":"2025-04-04T10:50:51","date_gmt":"2025-04-04T10:50:51","guid":{"rendered":"https:\/\/agrupacionespsoe.es\/ponferrada\/?p=832"},"modified":"2025-04-04T11:51:06","modified_gmt":"2025-04-04T11:51:06","slug":"la-junta-vecinal-de-fuentesnuevas-celebro-ayer-un-concejo-para-exponer-la-situacion-real-de-la-pedania","status":"publish","type":"post","link":"https:\/\/agrupacionespsoe.es\/ponferrada\/la-junta-vecinal-de-fuentesnuevas-celebro-ayer-un-concejo-para-exponer-la-situacion-real-de-la-pedania\/","title":{"rendered":"LA JUNTA VECINAL DE FUENTESNUEVAS CELEBR\u00d3 AYER UN CONCEJO PARA EXPONER LA SITUACI\u00d3N REAL DE LA PEDAN\u00cdA"},"content":{"rendered":"\n<p class=\"has-medium-font-size\"><strong>EL PED\u00c1NEO HA ANUNCIADO QUE EL PR\u00d3XIMO MI\u00c9RCOLES SE REUNIR\u00c1 EL PLENO DE LA JUNTA VECINAL PARA DECIDIR SI SE EJERCEN ACCIONES JUDICIALES A LA ANTERIOR JUNTA VECINAL POR EL ASUNTO DE LA AMPLIACI\u00d3N DEL CEMENTERIO<\/strong><\/p>\n\n\n\n<p>En la tarde de ayer, la Junta Vecinal de Fuentesnuevas celebr\u00f3 un concejo abierto en el que se expuso la situaci\u00f3n econ\u00f3mica y administrativa de la pedan\u00eda desde la asunci\u00f3n de la presidencia por parte del Partido Socialista en julio de 2019.<\/p>\n\n\n\n<p>El presidente de la Junta Vecinal inform\u00f3 en una rueda de prensa que ha dado hoy de la informaci\u00f3n que en el d\u00eda de ayer transmiti\u00f3 a sus vecinos y vecinas. Se\u00f1al\u00f3 que al asumir el cargo se encontraron con una deuda elevada que ascend\u00eda a 250.000 euros y unos ingresos anuales de apenas 1.452 euros. Entre los principales factores que generaron esta deuda se encuentran la adquisici\u00f3n de dos fincas para la ampliaci\u00f3n del famoso cementerio (92.600 euros), adem\u00e1s hab\u00eda una deuda de IBI que en ese momento supon\u00eda unos 100.000 euros ya que el IBI lleva sin ser abonado por parte de la pedan\u00eda desde 1999 y un contrato de construcci\u00f3n de 96 nichos por valor de 57.414 euros.<\/p>\n\n\n\n<p>Record\u00f3 que en 2021, los propietarios de las fincas adquiridas en 2019 para la ampliaci\u00f3n del cementerio interpusieron una demanda civil contra la Junta Vecinal debido al impago de la totalidad de la compra. Tras un proceso judicial, se les reconoci\u00f3 el derecho a cobrar las cantidades pendientes, lo que agrav\u00f3 la situaci\u00f3n financiera de la entidad local.<\/p>\n\n\n\n<p>Ante esta problem\u00e1tica, en 2023, una vez que finaliz\u00f3 el procedimiento judicial, se alcanz\u00f3 un acuerdo con el Ayuntamiento de Ponferrada para que asumiera el servicio de ampliaci\u00f3n del cementerio y destinara 120.000 euros para cubrir parte de la deuda a los propietarios de las fincas. Sin embargo, tras las elecciones municipales de mayo de 2023 y el cambio de gobierno municipal (formado por PP y Coalici\u00f3n por El Bierzo), esta partida presupuestaria fue eliminada para destinarse a otras actuaciones en parques, que, en su momento se\u00f1alaban como urgente y m\u00e1s de a\u00f1o y medio m\u00e1s tarde, a\u00fan no se han ejecutado.<\/p>\n\n\n\n<p>El ped\u00e1neo Jose Antonio Cart\u00f3n tambi\u00e9n explic\u00f3 a los y las vecinas cu\u00e1l es la situaci\u00f3n del bar del centro c\u00edvico que lleva cerrado desde diciembre de 2023. Record\u00f3 que el contrato de arrendamiento del bar del centro c\u00edvico, hab\u00eda sido firmado por el anterior ped\u00e1neo por un periodo de 25 a\u00f1os que expir\u00f3 el 31 de diciembre de 2023. En ese momento, la Junta Vecinal inici\u00f3 un proceso de licitaci\u00f3n para un nuevo arrendamiento, pero recibi\u00f3 un informe que establece que el inmueble no es de su propiedad, sino del Ayuntamiento de Ponferrada. Lo que supone que la Junta Vecinal no disponga de ning\u00fan ingreso.<\/p>\n\n\n\n<p>Jose Antonio Cart\u00f3n se\u00f1al\u00f3 que se solicitar\u00e1 al Ayuntamiento que asuma la licitaci\u00f3n del espacio para garantizar su reapertura porque el centro c\u00edvico es el centro neur\u00e1lgico de la vida social de la pedan\u00eda lo antes posible. Se defendi\u00f3 as\u00ed de las cr\u00edticas que ha recibido sobre la dejadez y facilit\u00f3 a los y las vecinas que asistieron al concejo copia del certificado de la secretaria municipal donde se\u00f1ala la propiedad del centro c\u00edvico.<\/p>\n\n\n\n<p>Para terminar, Jos\u00e9 Antonio Cart\u00f3n, anunci\u00f3 que el pr\u00f3ximo mi\u00e9rcoles se celebrar\u00e1 el pleno de la Junta Vecinal para acordar el inicio de acciones judiciales contra la anterior Junta Vecinal presidida por Mari Crespo, por la compra de los terrenos para la ampliaci\u00f3n del cementerio sin llevar a cabo el expediente administrativo que se requiere y por presuntas irregularidades contables. Mientras tanto, desde la Junta Vecinal se seguir\u00e1 trabajando para intentar alcanzar una soluci\u00f3n al problema de la ampliaci\u00f3n del cementerio, un problema para los vecinos y vecinas que no disponen de espacio para enterrar en su pueblo a sus seres queridos y para los vendedores de las fincas que lo hicieron con buena voluntad y que llevan a\u00f1os esperando a que se resuelva.<\/p>\n\n\n\n<figure class=\"wp-block-image size-large\"><img loading=\"lazy\" decoding=\"async\" width=\"1024\" height=\"768\" src=\"https:\/\/agrupacionespsoe.es\/ponferrada\/wp-content\/uploads\/sites\/36\/2025\/04\/WhatsApp-Image-2025-04-04-at-12.47.25-1024x768.jpeg\" alt=\"\" class=\"wp-image-833\" srcset=\"https:\/\/agrupacionespsoe.es\/ponferrada\/wp-content\/uploads\/sites\/36\/2025\/04\/WhatsApp-Image-2025-04-04-at-12.47.25-1024x768.jpeg 1024w, https:\/\/agrupacionespsoe.es\/ponferrada\/wp-content\/uploads\/sites\/36\/2025\/04\/WhatsApp-Image-2025-04-04-at-12.47.25-300x225.jpeg 300w, https:\/\/agrupacionespsoe.es\/ponferrada\/wp-content\/uploads\/sites\/36\/2025\/04\/WhatsApp-Image-2025-04-04-at-12.47.25-768x576.jpeg 768w, https:\/\/agrupacionespsoe.es\/ponferrada\/wp-content\/uploads\/sites\/36\/2025\/04\/WhatsApp-Image-2025-04-04-at-12.47.25-1536x1152.jpeg 1536w, https:\/\/agrupacionespsoe.es\/ponferrada\/wp-content\/uploads\/sites\/36\/2025\/04\/WhatsApp-Image-2025-04-04-at-12.47.25.jpeg 1600w\" sizes=\"auto, (max-width: 1024px) 100vw, 1024px\" \/><\/figure>\n","protected":false},"excerpt":{"rendered":"<p>EL PED\u00c1NEO HA ANUNCIADO QUE EL PR\u00d3XIMO MI\u00c9RCOLES SE REUNIR\u00c1 EL PLENO DE LA JUNTA VECINAL PARA DECIDIR SI SE EJERCEN ACCIONES JUDICIALES A LA ANTERIOR JUNTA VECINAL POR EL ASUNTO DE LA AMPLIACI\u00d3N DEL CEMENTERIO En la tarde de ayer, la Junta Vecinal de Fuentesnuevas celebr\u00f3 un concejo abierto en el que se expuso &#8230;<\/p>\n","protected":false},"author":32,"featured_media":836,"comment_status":"open","ping_status":"open","sticky":false,"template":"","format":"standard","meta":{"_jetpack_memberships_contains_paid_content":false,"footnotes":""},"categories":[6],"tags":[],"class_list":["post-832","post","type-post","status-publish","format-standard","has-post-thumbnail","hentry","category-actualidad"],"yoast_head":"<!-- This site is optimized with the Yoast SEO plugin v24.0 - https:\/\/yoast.com\/wordpress\/plugins\/seo\/ -->\n<title>LA JUNTA VECINAL DE FUENTESNUEVAS CELEBR\u00d3 AYER UN CONCEJO PARA EXPONER LA SITUACI\u00d3N REAL DE LA PEDAN\u00cdA - Agrupaci\u00f3n Socialista de Ponferrada<\/title>\n<meta name=\"robots\" content=\"index, follow, max-snippet:-1, max-image-preview:large, max-video-preview:-1\" \/>\n<link rel=\"canonical\" href=\"https:\/\/agrupacionespsoe.es\/ponferrada\/la-junta-vecinal-de-fuentesnuevas-celebro-ayer-un-concejo-para-exponer-la-situacion-real-de-la-pedania\/\" \/>\n<meta property=\"og:locale\" content=\"es_ES\" \/>\n<meta property=\"og:type\" content=\"article\" \/>\n<meta property=\"og:title\" content=\"LA JUNTA VECINAL DE FUENTESNUEVAS CELEBR\u00d3 AYER UN CONCEJO PARA EXPONER LA SITUACI\u00d3N REAL DE LA PEDAN\u00cdA - Agrupaci\u00f3n Socialista de Ponferrada\" \/>\n<meta property=\"og:description\" content=\"EL PED\u00c1NEO HA ANUNCIADO QUE EL PR\u00d3XIMO MI\u00c9RCOLES SE REUNIR\u00c1 EL PLENO DE LA JUNTA VECINAL PARA DECIDIR SI SE EJERCEN ACCIONES JUDICIALES A LA ANTERIOR JUNTA VECINAL POR EL ASUNTO DE LA AMPLIACI\u00d3N DEL CEMENTERIO En la tarde de ayer, la Junta Vecinal de Fuentesnuevas celebr\u00f3 un concejo abierto en el que se expuso ...\" \/>\n<meta property=\"og:url\" content=\"https:\/\/agrupacionespsoe.es\/ponferrada\/la-junta-vecinal-de-fuentesnuevas-celebro-ayer-un-concejo-para-exponer-la-situacion-real-de-la-pedania\/\" \/>\n<meta property=\"og:site_name\" content=\"Agrupaci\u00f3n Socialista de Ponferrada\" \/>\n<meta property=\"article:published_time\" content=\"2025-04-04T10:50:51+00:00\" \/>\n<meta property=\"article:modified_time\" content=\"2025-04-04T11:51:06+00:00\" \/>\n<meta property=\"og:image\" content=\"https:\/\/agrupacionespsoe.es\/ponferrada\/wp-content\/uploads\/sites\/36\/2025\/04\/WhatsApp-Image-2025-04-04-at-13.50.42.jpeg\" \/>\n\t<meta property=\"og:image:width\" content=\"2048\" \/>\n\t<meta property=\"og:image:height\" content=\"1230\" \/>\n\t<meta property=\"og:image:type\" content=\"image\/jpeg\" \/>\n<meta name=\"author\" content=\"ponferrada2\" \/>\n<meta name=\"twitter:card\" content=\"summary_large_image\" \/>\n<meta name=\"twitter:label1\" content=\"Escrito por\" \/>\n\t<meta name=\"twitter:data1\" content=\"ponferrada2\" \/>\n\t<meta name=\"twitter:label2\" content=\"Tiempo de lectura\" \/>\n\t<meta name=\"twitter:data2\" content=\"4 minutos\" \/>\n<script type=\"application\/ld+json\" class=\"yoast-schema-graph\">{\"@context\":\"https:\/\/schema.org\",\"@graph\":[{\"@type\":\"Article\",\"@id\":\"https:\/\/agrupacionespsoe.es\/ponferrada\/la-junta-vecinal-de-fuentesnuevas-celebro-ayer-un-concejo-para-exponer-la-situacion-real-de-la-pedania\/#article\",\"isPartOf\":{\"@id\":\"https:\/\/agrupacionespsoe.es\/ponferrada\/la-junta-vecinal-de-fuentesnuevas-celebro-ayer-un-concejo-para-exponer-la-situacion-real-de-la-pedania\/\"},\"author\":{\"name\":\"ponferrada2\",\"@id\":\"https:\/\/agrupacionespsoe.es\/ponferrada\/#\/schema\/person\/cd29ee627f3b70c05d415f02596debaa\"},\"headline\":\"LA JUNTA VECINAL DE FUENTESNUEVAS CELEBR\u00d3 AYER UN CONCEJO PARA EXPONER LA SITUACI\u00d3N REAL DE LA PEDAN\u00cdA\",\"datePublished\":\"2025-04-04T10:50:51+00:00\",\"dateModified\":\"2025-04-04T11:51:06+00:00\",\"mainEntityOfPage\":{\"@id\":\"https:\/\/agrupacionespsoe.es\/ponferrada\/la-junta-vecinal-de-fuentesnuevas-celebro-ayer-un-concejo-para-exponer-la-situacion-real-de-la-pedania\/\"},\"wordCount\":722,\"commentCount\":0,\"publisher\":{\"@id\":\"https:\/\/agrupacionespsoe.es\/ponferrada\/#organization\"},\"image\":{\"@id\":\"https:\/\/agrupacionespsoe.es\/ponferrada\/la-junta-vecinal-de-fuentesnuevas-celebro-ayer-un-concejo-para-exponer-la-situacion-real-de-la-pedania\/#primaryimage\"},\"thumbnailUrl\":\"https:\/\/agrupacionespsoe.es\/ponferrada\/wp-content\/uploads\/sites\/36\/2025\/04\/WhatsApp-Image-2025-04-04-at-13.50.42.jpeg\",\"articleSection\":[\"ACTUALIDAD\"],\"inLanguage\":\"es\",\"potentialAction\":[{\"@type\":\"CommentAction\",\"name\":\"Comment\",\"target\":[\"https:\/\/agrupacionespsoe.es\/ponferrada\/la-junta-vecinal-de-fuentesnuevas-celebro-ayer-un-concejo-para-exponer-la-situacion-real-de-la-pedania\/#respond\"]}]},{\"@type\":\"WebPage\",\"@id\":\"https:\/\/agrupacionespsoe.es\/ponferrada\/la-junta-vecinal-de-fuentesnuevas-celebro-ayer-un-concejo-para-exponer-la-situacion-real-de-la-pedania\/\",\"url\":\"https:\/\/agrupacionespsoe.es\/ponferrada\/la-junta-vecinal-de-fuentesnuevas-celebro-ayer-un-concejo-para-exponer-la-situacion-real-de-la-pedania\/\",\"name\":\"LA JUNTA VECINAL DE FUENTESNUEVAS CELEBR\u00d3 AYER UN CONCEJO PARA EXPONER LA SITUACI\u00d3N REAL DE LA PEDAN\u00cdA - Agrupaci\u00f3n Socialista de Ponferrada\",\"isPartOf\":{\"@id\":\"https:\/\/agrupacionespsoe.es\/ponferrada\/#website\"},\"primaryImageOfPage\":{\"@id\":\"https:\/\/agrupacionespsoe.es\/ponferrada\/la-junta-vecinal-de-fuentesnuevas-celebro-ayer-un-concejo-para-exponer-la-situacion-real-de-la-pedania\/#primaryimage\"},\"image\":{\"@id\":\"https:\/\/agrupacionespsoe.es\/ponferrada\/la-junta-vecinal-de-fuentesnuevas-celebro-ayer-un-concejo-para-exponer-la-situacion-real-de-la-pedania\/#primaryimage\"},\"thumbnailUrl\":\"https:\/\/agrupacionespsoe.es\/ponferrada\/wp-content\/uploads\/sites\/36\/2025\/04\/WhatsApp-Image-2025-04-04-at-13.50.42.jpeg\",\"datePublished\":\"2025-04-04T10:50:51+00:00\",\"dateModified\":\"2025-04-04T11:51:06+00:00\",\"breadcrumb\":{\"@id\":\"https:\/\/agrupacionespsoe.es\/ponferrada\/la-junta-vecinal-de-fuentesnuevas-celebro-ayer-un-concejo-para-exponer-la-situacion-real-de-la-pedania\/#breadcrumb\"},\"inLanguage\":\"es\",\"potentialAction\":[{\"@type\":\"ReadAction\",\"target\":[\"https:\/\/agrupacionespsoe.es\/ponferrada\/la-junta-vecinal-de-fuentesnuevas-celebro-ayer-un-concejo-para-exponer-la-situacion-real-de-la-pedania\/\"]}]},{\"@type\":\"ImageObject\",\"inLanguage\":\"es\",\"@id\":\"https:\/\/agrupacionespsoe.es\/ponferrada\/la-junta-vecinal-de-fuentesnuevas-celebro-ayer-un-concejo-para-exponer-la-situacion-real-de-la-pedania\/#primaryimage\",\"url\":\"https:\/\/agrupacionespsoe.es\/ponferrada\/wp-content\/uploads\/sites\/36\/2025\/04\/WhatsApp-Image-2025-04-04-at-13.50.42.jpeg\",\"contentUrl\":\"https:\/\/agrupacionespsoe.es\/ponferrada\/wp-content\/uploads\/sites\/36\/2025\/04\/WhatsApp-Image-2025-04-04-at-13.50.42.jpeg\",\"width\":2048,\"height\":1230},{\"@type\":\"BreadcrumbList\",\"@id\":\"https:\/\/agrupacionespsoe.es\/ponferrada\/la-junta-vecinal-de-fuentesnuevas-celebro-ayer-un-concejo-para-exponer-la-situacion-real-de-la-pedania\/#breadcrumb\",\"itemListElement\":[{\"@type\":\"ListItem\",\"position\":1,\"name\":\"Portada\",\"item\":\"https:\/\/agrupacionespsoe.es\/ponferrada\/\"},{\"@type\":\"ListItem\",\"position\":2,\"name\":\"LA JUNTA VECINAL DE FUENTESNUEVAS CELEBR\u00d3 AYER UN CONCEJO PARA EXPONER LA SITUACI\u00d3N REAL DE LA PEDAN\u00cdA\"}]},{\"@type\":\"WebSite\",\"@id\":\"https:\/\/agrupacionespsoe.es\/ponferrada\/#website\",\"url\":\"https:\/\/agrupacionespsoe.es\/ponferrada\/\",\"name\":\"Agrupaci\u00f3n Socialista de Ponferrada\",\"description\":\"Agrupaci\u00f3n Socialista de Ponferrada\",\"publisher\":{\"@id\":\"https:\/\/agrupacionespsoe.es\/ponferrada\/#organization\"},\"potentialAction\":[{\"@type\":\"SearchAction\",\"target\":{\"@type\":\"EntryPoint\",\"urlTemplate\":\"https:\/\/agrupacionespsoe.es\/ponferrada\/?s={search_term_string}\"},\"query-input\":{\"@type\":\"PropertyValueSpecification\",\"valueRequired\":true,\"valueName\":\"search_term_string\"}}],\"inLanguage\":\"es\"},{\"@type\":\"Organization\",\"@id\":\"https:\/\/agrupacionespsoe.es\/ponferrada\/#organization\",\"name\":\"Agrupaci\u00f3n Socialista de Ponferrada\",\"url\":\"https:\/\/agrupacionespsoe.es\/ponferrada\/\",\"logo\":{\"@type\":\"ImageObject\",\"inLanguage\":\"es\",\"@id\":\"https:\/\/agrupacionespsoe.es\/ponferrada\/#\/schema\/logo\/image\/\",\"url\":\"https:\/\/agrupacionespsoe.es\/wp-content\/uploads\/2022\/07\/Logotipo_electoral_del_PSOE.png\",\"contentUrl\":\"https:\/\/agrupacionespsoe.es\/wp-content\/uploads\/2022\/07\/Logotipo_electoral_del_PSOE.png\",\"width\":422,\"height\":422,\"caption\":\"Agrupaci\u00f3n Socialista de Ponferrada\"},\"image\":{\"@id\":\"https:\/\/agrupacionespsoe.es\/ponferrada\/#\/schema\/logo\/image\/\"}},{\"@type\":\"Person\",\"@id\":\"https:\/\/agrupacionespsoe.es\/ponferrada\/#\/schema\/person\/cd29ee627f3b70c05d415f02596debaa\",\"name\":\"ponferrada2\",\"image\":{\"@type\":\"ImageObject\",\"inLanguage\":\"es\",\"@id\":\"https:\/\/agrupacionespsoe.es\/ponferrada\/#\/schema\/person\/image\/\",\"url\":\"https:\/\/secure.gravatar.com\/avatar\/f499eeb60144c664cf7b7edf75549b50?s=96&d=mm&r=g\",\"contentUrl\":\"https:\/\/secure.gravatar.com\/avatar\/f499eeb60144c664cf7b7edf75549b50?s=96&d=mm&r=g\",\"caption\":\"ponferrada2\"},\"url\":\"https:\/\/agrupacionespsoe.es\/ponferrada\/author\/ponferrada2\/\"}]}<\/script>\n<!-- \/ Yoast SEO plugin. -->","yoast_head_json":{"title":"LA JUNTA VECINAL DE FUENTESNUEVAS CELEBR\u00d3 AYER UN CONCEJO PARA EXPONER LA SITUACI\u00d3N REAL DE LA PEDAN\u00cdA - Agrupaci\u00f3n Socialista de Ponferrada","robots":{"index":"index","follow":"follow","max-snippet":"max-snippet:-1","max-image-preview":"max-image-preview:large","max-video-preview":"max-video-preview:-1"},"canonical":"https:\/\/agrupacionespsoe.es\/ponferrada\/la-junta-vecinal-de-fuentesnuevas-celebro-ayer-un-concejo-para-exponer-la-situacion-real-de-la-pedania\/","og_locale":"es_ES","og_type":"article","og_title":"LA JUNTA VECINAL DE FUENTESNUEVAS CELEBR\u00d3 AYER UN CONCEJO PARA EXPONER LA SITUACI\u00d3N REAL DE LA PEDAN\u00cdA - Agrupaci\u00f3n Socialista de Ponferrada","og_description":"EL PED\u00c1NEO HA ANUNCIADO QUE EL PR\u00d3XIMO MI\u00c9RCOLES SE REUNIR\u00c1 EL PLENO DE LA JUNTA VECINAL PARA DECIDIR SI SE EJERCEN ACCIONES JUDICIALES A LA ANTERIOR JUNTA VECINAL POR EL ASUNTO DE LA AMPLIACI\u00d3N DEL CEMENTERIO En la tarde de ayer, la Junta Vecinal de Fuentesnuevas celebr\u00f3 un concejo abierto en el que se expuso ...","og_url":"https:\/\/agrupacionespsoe.es\/ponferrada\/la-junta-vecinal-de-fuentesnuevas-celebro-ayer-un-concejo-para-exponer-la-situacion-real-de-la-pedania\/","og_site_name":"Agrupaci\u00f3n Socialista de Ponferrada","article_published_time":"2025-04-04T10:50:51+00:00","article_modified_time":"2025-04-04T11:51:06+00:00","og_image":[{"width":2048,"height":1230,"url":"https:\/\/agrupacionespsoe.es\/ponferrada\/wp-content\/uploads\/sites\/36\/2025\/04\/WhatsApp-Image-2025-04-04-at-13.50.42.jpeg","type":"image\/jpeg"}],"author":"ponferrada2","twitter_card":"summary_large_image","twitter_misc":{"Escrito por":"ponferrada2","Tiempo de lectura":"4 minutos"},"schema":{"@context":"https:\/\/schema.org","@graph":[{"@type":"Article","@id":"https:\/\/agrupacionespsoe.es\/ponferrada\/la-junta-vecinal-de-fuentesnuevas-celebro-ayer-un-concejo-para-exponer-la-situacion-real-de-la-pedania\/#article","isPartOf":{"@id":"https:\/\/agrupacionespsoe.es\/ponferrada\/la-junta-vecinal-de-fuentesnuevas-celebro-ayer-un-concejo-para-exponer-la-situacion-real-de-la-pedania\/"},"author":{"name":"ponferrada2","@id":"https:\/\/agrupacionespsoe.es\/ponferrada\/#\/schema\/person\/cd29ee627f3b70c05d415f02596debaa"},"headline":"LA JUNTA VECINAL DE FUENTESNUEVAS CELEBR\u00d3 AYER UN CONCEJO PARA EXPONER LA SITUACI\u00d3N REAL DE LA PEDAN\u00cdA","datePublished":"2025-04-04T10:50:51+00:00","dateModified":"2025-04-04T11:51:06+00:00","mainEntityOfPage":{"@id":"https:\/\/agrupacionespsoe.es\/ponferrada\/la-junta-vecinal-de-fuentesnuevas-celebro-ayer-un-concejo-para-exponer-la-situacion-real-de-la-pedania\/"},"wordCount":722,"commentCount":0,"publisher":{"@id":"https:\/\/agrupacionespsoe.es\/ponferrada\/#organization"},"image":{"@id":"https:\/\/agrupacionespsoe.es\/ponferrada\/la-junta-vecinal-de-fuentesnuevas-celebro-ayer-un-concejo-para-exponer-la-situacion-real-de-la-pedania\/#primaryimage"},"thumbnailUrl":"https:\/\/agrupacionespsoe.es\/ponferrada\/wp-content\/uploads\/sites\/36\/2025\/04\/WhatsApp-Image-2025-04-04-at-13.50.42.jpeg","articleSection":["ACTUALIDAD"],"inLanguage":"es","potentialAction":[{"@type":"CommentAction","name":"Comment","target":["https:\/\/agrupacionespsoe.es\/ponferrada\/la-junta-vecinal-de-fuentesnuevas-celebro-ayer-un-concejo-para-exponer-la-situacion-real-de-la-pedania\/#respond"]}]},{"@type":"WebPage","@id":"https:\/\/agrupacionespsoe.es\/ponferrada\/la-junta-vecinal-de-fuentesnuevas-celebro-ayer-un-concejo-para-exponer-la-situacion-real-de-la-pedania\/","url":"https:\/\/agrupacionespsoe.es\/ponferrada\/la-junta-vecinal-de-fuentesnuevas-celebro-ayer-un-concejo-para-exponer-la-situacion-real-de-la-pedania\/","name":"LA JUNTA VECINAL DE FUENTESNUEVAS CELEBR\u00d3 AYER UN CONCEJO PARA EXPONER LA SITUACI\u00d3N REAL DE LA PEDAN\u00cdA - Agrupaci\u00f3n Socialista de Ponferrada","isPartOf":{"@id":"https:\/\/agrupacionespsoe.es\/ponferrada\/#website"},"primaryImageOfPage":{"@id":"https:\/\/agrupacionespsoe.es\/ponferrada\/la-junta-vecinal-de-fuentesnuevas-celebro-ayer-un-concejo-para-exponer-la-situacion-real-de-la-pedania\/#primaryimage"},"image":{"@id":"https:\/\/agrupacionespsoe.es\/ponferrada\/la-junta-vecinal-de-fuentesnuevas-celebro-ayer-un-concejo-para-exponer-la-situacion-real-de-la-pedania\/#primaryimage"},"thumbnailUrl":"https:\/\/agrupacionespsoe.es\/ponferrada\/wp-content\/uploads\/sites\/36\/2025\/04\/WhatsApp-Image-2025-04-04-at-13.50.42.jpeg","datePublished":"2025-04-04T10:50:51+00:00","dateModified":"2025-04-04T11:51:06+00:00","breadcrumb":{"@id":"https:\/\/agrupacionespsoe.es\/ponferrada\/la-junta-vecinal-de-fuentesnuevas-celebro-ayer-un-concejo-para-exponer-la-situacion-real-de-la-pedania\/#breadcrumb"},"inLanguage":"es","potentialAction":[{"@type":"ReadAction","target":["https:\/\/agrupacionespsoe.es\/ponferrada\/la-junta-vecinal-de-fuentesnuevas-celebro-ayer-un-concejo-para-exponer-la-situacion-real-de-la-pedania\/"]}]},{"@type":"ImageObject","inLanguage":"es","@id":"https:\/\/agrupacionespsoe.es\/ponferrada\/la-junta-vecinal-de-fuentesnuevas-celebro-ayer-un-concejo-para-exponer-la-situacion-real-de-la-pedania\/#primaryimage","url":"https:\/\/agrupacionespsoe.es\/ponferrada\/wp-content\/uploads\/sites\/36\/2025\/04\/WhatsApp-Image-2025-04-04-at-13.50.42.jpeg","contentUrl":"https:\/\/agrupacionespsoe.es\/ponferrada\/wp-content\/uploads\/sites\/36\/2025\/04\/WhatsApp-Image-2025-04-04-at-13.50.42.jpeg","width":2048,"height":1230},{"@type":"BreadcrumbList","@id":"https:\/\/agrupacionespsoe.es\/ponferrada\/la-junta-vecinal-de-fuentesnuevas-celebro-ayer-un-concejo-para-exponer-la-situacion-real-de-la-pedania\/#breadcrumb","itemListElement":[{"@type":"ListItem","position":1,"name":"Portada","item":"https:\/\/agrupacionespsoe.es\/ponferrada\/"},{"@type":"ListItem","position":2,"name":"LA JUNTA VECINAL DE FUENTESNUEVAS CELEBR\u00d3 AYER UN CONCEJO PARA EXPONER LA SITUACI\u00d3N REAL DE LA PEDAN\u00cdA"}]},{"@type":"WebSite","@id":"https:\/\/agrupacionespsoe.es\/ponferrada\/#website","url":"https:\/\/agrupacionespsoe.es\/ponferrada\/","name":"Agrupaci\u00f3n Socialista de Ponferrada","description":"Agrupaci\u00f3n Socialista de Ponferrada","publisher":{"@id":"https:\/\/agrupacionespsoe.es\/ponferrada\/#organization"},"potentialAction":[{"@type":"SearchAction","target":{"@type":"EntryPoint","urlTemplate":"https:\/\/agrupacionespsoe.es\/ponferrada\/?s={search_term_string}"},"query-input":{"@type":"PropertyValueSpecification","valueRequired":true,"valueName":"search_term_string"}}],"inLanguage":"es"},{"@type":"Organization","@id":"https:\/\/agrupacionespsoe.es\/ponferrada\/#organization","name":"Agrupaci\u00f3n Socialista de Ponferrada","url":"https:\/\/agrupacionespsoe.es\/ponferrada\/","logo":{"@type":"ImageObject","inLanguage":"es","@id":"https:\/\/agrupacionespsoe.es\/ponferrada\/#\/schema\/logo\/image\/","url":"https:\/\/agrupacionespsoe.es\/wp-content\/uploads\/2022\/07\/Logotipo_electoral_del_PSOE.png","contentUrl":"https:\/\/agrupacionespsoe.es\/wp-content\/uploads\/2022\/07\/Logotipo_electoral_del_PSOE.png","width":422,"height":422,"caption":"Agrupaci\u00f3n Socialista de Ponferrada"},"image":{"@id":"https:\/\/agrupacionespsoe.es\/ponferrada\/#\/schema\/logo\/image\/"}},{"@type":"Person","@id":"https:\/\/agrupacionespsoe.es\/ponferrada\/#\/schema\/person\/cd29ee627f3b70c05d415f02596debaa","name":"ponferrada2","image":{"@type":"ImageObject","inLanguage":"es","@id":"https:\/\/agrupacionespsoe.es\/ponferrada\/#\/schema\/person\/image\/","url":"https:\/\/secure.gravatar.com\/avatar\/f499eeb60144c664cf7b7edf75549b50?s=96&d=mm&r=g","contentUrl":"https:\/\/secure.gravatar.com\/avatar\/f499eeb60144c664cf7b7edf75549b50?s=96&d=mm&r=g","caption":"ponferrada2"},"url":"https:\/\/agrupacionespsoe.es\/ponferrada\/author\/ponferrada2\/"}]}},"jetpack_featured_media_url":"https:\/\/agrupacionespsoe.es\/ponferrada\/wp-content\/uploads\/sites\/36\/2025\/04\/WhatsApp-Image-2025-04-04-at-13.50.42.jpeg","jetpack_sharing_enabled":true,"_links":{"self":[{"href":"https:\/\/agrupacionespsoe.es\/ponferrada\/wp-json\/wp\/v2\/posts\/832","targetHints":{"allow":["GET"]}}],"collection":[{"href":"https:\/\/agrupacionespsoe.es\/ponferrada\/wp-json\/wp\/v2\/posts"}],"about":[{"href":"https:\/\/agrupacionespsoe.es\/ponferrada\/wp-json\/wp\/v2\/types\/post"}],"author":[{"embeddable":true,"href":"https:\/\/agrupacionespsoe.es\/ponferrada\/wp-json\/wp\/v2\/users\/32"}],"replies":[{"embeddable":true,"href":"https:\/\/agrupacionespsoe.es\/ponferrada\/wp-json\/wp\/v2\/comments?post=832"}],"version-history":[{"count":2,"href":"https:\/\/agrupacionespsoe.es\/ponferrada\/wp-json\/wp\/v2\/posts\/832\/revisions"}],"predecessor-version":[{"id":835,"href":"https:\/\/agrupacionespsoe.es\/ponferrada\/wp-json\/wp\/v2\/posts\/832\/revisions\/835"}],"wp:featuredmedia":[{"embeddable":true,"href":"https:\/\/agrupacionespsoe.es\/ponferrada\/wp-json\/wp\/v2\/media\/836"}],"wp:attachment":[{"href":"https:\/\/agrupacionespsoe.es\/ponferrada\/wp-json\/wp\/v2\/media?parent=832"}],"wp:term":[{"taxonomy":"category","embeddable":true,"href":"https:\/\/agrupacionespsoe.es\/ponferrada\/wp-json\/wp\/v2\/categories?post=832"},{"taxonomy":"post_tag","embeddable":true,"href":"https:\/\/agrupacionespsoe.es\/ponferrada\/wp-json\/wp\/v2\/tags?post=832"}],"curies":[{"name":"wp","href":"https:\/\/api.w.org\/{rel}","templated":true}]}}