{"id":827,"date":"2025-04-03T10:21:43","date_gmt":"2025-04-03T10:21:43","guid":{"rendered":"https:\/\/agrupacionespsoe.es\/ponferrada\/?p=827"},"modified":"2025-04-03T10:21:44","modified_gmt":"2025-04-03T10:21:44","slug":"el-grupo-socialista-quiere-transmitir-nuestras-condolencias-por-el-fallecimiento-de-tarsicio-carballo","status":"publish","type":"post","link":"https:\/\/agrupacionespsoe.es\/ponferrada\/el-grupo-socialista-quiere-transmitir-nuestras-condolencias-por-el-fallecimiento-de-tarsicio-carballo\/","title":{"rendered":"El Grupo Socialista quiere transmitir nuestras condolencias por el fallecimiento de Tarsicio Carballo"},"content":{"rendered":"\n<p>El Grupo Socialista expresa su m\u00e1s sentido p\u00e9same por el fallecimiento de Tarsicio Carballo, figura emblem\u00e1tica del bercianismo y fundador del Partido del Bierzo en 1979 y del Partido Regionalista del Bierzo en 2001. Su dedicaci\u00f3n incansable a la defensa de los intereses de El Bierzo y su compromiso con la pol\u00edtica municipal dejan una huella imborrable en la historia de nuestra comarca.<\/p>\n\n\n\n<p>Durante su trayectoria vital, Tarsicio Carballo demostr\u00f3 siempre una profunda responsabilidad, coherencia y entrega a esta tierra y a los bercianos y bercianas. Su pasi\u00f3n por mejorar la vida de sus conciudadanos, su incansable lucha por el reconocimiento de El Bierzo y su sentido del deber marcaron su labor en la pol\u00edtica local, siendo un ejemplo de compromiso y perseverancia.<\/p>\n\n\n\n<p>Hoy es un d\u00eda triste para quienes tuvimos la suerte de compartir un pedazo de su vida, de aprender de su dedicaci\u00f3n, de su coherencia y de su inquebrantable amor por esta tierra. Su ausencia deja un vac\u00edo dif\u00edcil de llenar, pero su legado y su lucha permanecer\u00e1n en la memoria de todos los que lo conocimos.<\/p>\n\n\n\n<p>Nos unimos al dolor de sus familiares, amigos y compa\u00f1eros en estos momentos dif\u00edciles. Descanse en paz<\/p>\n\n\n\n<p><\/p>\n\n\n\n<figure class=\"wp-block-image size-full\"><img loading=\"lazy\" decoding=\"async\" width=\"277\" height=\"384\" src=\"https:\/\/agrupacionespsoe.es\/ponferrada\/wp-content\/uploads\/sites\/36\/2025\/04\/tarsicio-carballo-edited.jpg\" alt=\"\" class=\"wp-image-829\" srcset=\"https:\/\/agrupacionespsoe.es\/ponferrada\/wp-content\/uploads\/sites\/36\/2025\/04\/tarsicio-carballo-edited.jpg 277w, https:\/\/agrupacionespsoe.es\/ponferrada\/wp-content\/uploads\/sites\/36\/2025\/04\/tarsicio-carballo-edited-216x300.jpg 216w\" sizes=\"auto, (max-width: 277px) 100vw, 277px\" \/><\/figure>\n","protected":false},"excerpt":{"rendered":"<p>El Grupo Socialista expresa su m\u00e1s sentido p\u00e9same por el fallecimiento de Tarsicio Carballo, figura emblem\u00e1tica del bercianismo y fundador del Partido del Bierzo en 1979 y del Partido Regionalista del Bierzo en 2001. Su dedicaci\u00f3n incansable a la defensa de los intereses de El Bierzo y su compromiso con la pol\u00edtica municipal dejan una &#8230;<\/p>\n","protected":false},"author":32,"featured_media":829,"comment_status":"open","ping_status":"open","sticky":false,"template":"","format":"standard","meta":{"_jetpack_memberships_contains_paid_content":false,"footnotes":""},"categories":[6],"tags":[],"class_list":["post-827","post","type-post","status-publish","format-standard","has-post-thumbnail","hentry","category-actualidad"],"yoast_head":"<!-- This site is optimized with the Yoast SEO plugin v24.0 - https:\/\/yoast.com\/wordpress\/plugins\/seo\/ -->\n<title>El Grupo Socialista quiere transmitir nuestras condolencias por el fallecimiento de Tarsicio Carballo - Agrupaci\u00f3n Socialista de Ponferrada<\/title>\n<meta name=\"robots\" content=\"index, follow, max-snippet:-1, max-image-preview:large, max-video-preview:-1\" \/>\n<link rel=\"canonical\" href=\"https:\/\/agrupacionespsoe.es\/ponferrada\/el-grupo-socialista-quiere-transmitir-nuestras-condolencias-por-el-fallecimiento-de-tarsicio-carballo\/\" \/>\n<meta property=\"og:locale\" content=\"es_ES\" \/>\n<meta property=\"og:type\" content=\"article\" \/>\n<meta property=\"og:title\" content=\"El Grupo Socialista quiere transmitir nuestras condolencias por el fallecimiento de Tarsicio Carballo - Agrupaci\u00f3n Socialista de Ponferrada\" \/>\n<meta property=\"og:description\" content=\"El Grupo Socialista expresa su m\u00e1s sentido p\u00e9same por el fallecimiento de Tarsicio Carballo, figura emblem\u00e1tica del bercianismo y fundador del Partido del Bierzo en 1979 y del Partido Regionalista del Bierzo en 2001. Su dedicaci\u00f3n incansable a la defensa de los intereses de El Bierzo y su compromiso con la pol\u00edtica municipal dejan una ...\" \/>\n<meta property=\"og:url\" content=\"https:\/\/agrupacionespsoe.es\/ponferrada\/el-grupo-socialista-quiere-transmitir-nuestras-condolencias-por-el-fallecimiento-de-tarsicio-carballo\/\" \/>\n<meta property=\"og:site_name\" content=\"Agrupaci\u00f3n Socialista de Ponferrada\" \/>\n<meta property=\"article:published_time\" content=\"2025-04-03T10:21:43+00:00\" \/>\n<meta property=\"article:modified_time\" content=\"2025-04-03T10:21:44+00:00\" \/>\n<meta property=\"og:image\" content=\"https:\/\/agrupacionespsoe.es\/ponferrada\/wp-content\/uploads\/sites\/36\/2025\/04\/tarsicio-carballo-edited.jpg\" \/>\n\t<meta property=\"og:image:width\" content=\"277\" \/>\n\t<meta property=\"og:image:height\" content=\"384\" \/>\n\t<meta property=\"og:image:type\" content=\"image\/jpeg\" \/>\n<meta name=\"author\" content=\"ponferrada2\" \/>\n<meta name=\"twitter:card\" content=\"summary_large_image\" \/>\n<meta name=\"twitter:label1\" content=\"Escrito por\" \/>\n\t<meta name=\"twitter:data1\" content=\"ponferrada2\" \/>\n\t<meta name=\"twitter:label2\" content=\"Tiempo de lectura\" \/>\n\t<meta name=\"twitter:data2\" content=\"2 minutos\" \/>\n<script type=\"application\/ld+json\" class=\"yoast-schema-graph\">{\"@context\":\"https:\/\/schema.org\",\"@graph\":[{\"@type\":\"Article\",\"@id\":\"https:\/\/agrupacionespsoe.es\/ponferrada\/el-grupo-socialista-quiere-transmitir-nuestras-condolencias-por-el-fallecimiento-de-tarsicio-carballo\/#article\",\"isPartOf\":{\"@id\":\"https:\/\/agrupacionespsoe.es\/ponferrada\/el-grupo-socialista-quiere-transmitir-nuestras-condolencias-por-el-fallecimiento-de-tarsicio-carballo\/\"},\"author\":{\"name\":\"ponferrada2\",\"@id\":\"https:\/\/agrupacionespsoe.es\/ponferrada\/#\/schema\/person\/cd29ee627f3b70c05d415f02596debaa\"},\"headline\":\"El Grupo Socialista quiere transmitir nuestras condolencias por el fallecimiento de Tarsicio Carballo\",\"datePublished\":\"2025-04-03T10:21:43+00:00\",\"dateModified\":\"2025-04-03T10:21:44+00:00\",\"mainEntityOfPage\":{\"@id\":\"https:\/\/agrupacionespsoe.es\/ponferrada\/el-grupo-socialista-quiere-transmitir-nuestras-condolencias-por-el-fallecimiento-de-tarsicio-carballo\/\"},\"wordCount\":222,\"commentCount\":0,\"publisher\":{\"@id\":\"https:\/\/agrupacionespsoe.es\/ponferrada\/#organization\"},\"image\":{\"@id\":\"https:\/\/agrupacionespsoe.es\/ponferrada\/el-grupo-socialista-quiere-transmitir-nuestras-condolencias-por-el-fallecimiento-de-tarsicio-carballo\/#primaryimage\"},\"thumbnailUrl\":\"https:\/\/agrupacionespsoe.es\/ponferrada\/wp-content\/uploads\/sites\/36\/2025\/04\/tarsicio-carballo-edited.jpg\",\"articleSection\":[\"ACTUALIDAD\"],\"inLanguage\":\"es\",\"potentialAction\":[{\"@type\":\"CommentAction\",\"name\":\"Comment\",\"target\":[\"https:\/\/agrupacionespsoe.es\/ponferrada\/el-grupo-socialista-quiere-transmitir-nuestras-condolencias-por-el-fallecimiento-de-tarsicio-carballo\/#respond\"]}]},{\"@type\":\"WebPage\",\"@id\":\"https:\/\/agrupacionespsoe.es\/ponferrada\/el-grupo-socialista-quiere-transmitir-nuestras-condolencias-por-el-fallecimiento-de-tarsicio-carballo\/\",\"url\":\"https:\/\/agrupacionespsoe.es\/ponferrada\/el-grupo-socialista-quiere-transmitir-nuestras-condolencias-por-el-fallecimiento-de-tarsicio-carballo\/\",\"name\":\"El Grupo Socialista quiere transmitir nuestras condolencias por el fallecimiento de Tarsicio Carballo - Agrupaci\u00f3n Socialista de Ponferrada\",\"isPartOf\":{\"@id\":\"https:\/\/agrupacionespsoe.es\/ponferrada\/#website\"},\"primaryImageOfPage\":{\"@id\":\"https:\/\/agrupacionespsoe.es\/ponferrada\/el-grupo-socialista-quiere-transmitir-nuestras-condolencias-por-el-fallecimiento-de-tarsicio-carballo\/#primaryimage\"},\"image\":{\"@id\":\"https:\/\/agrupacionespsoe.es\/ponferrada\/el-grupo-socialista-quiere-transmitir-nuestras-condolencias-por-el-fallecimiento-de-tarsicio-carballo\/#primaryimage\"},\"thumbnailUrl\":\"https:\/\/agrupacionespsoe.es\/ponferrada\/wp-content\/uploads\/sites\/36\/2025\/04\/tarsicio-carballo-edited.jpg\",\"datePublished\":\"2025-04-03T10:21:43+00:00\",\"dateModified\":\"2025-04-03T10:21:44+00:00\",\"breadcrumb\":{\"@id\":\"https:\/\/agrupacionespsoe.es\/ponferrada\/el-grupo-socialista-quiere-transmitir-nuestras-condolencias-por-el-fallecimiento-de-tarsicio-carballo\/#breadcrumb\"},\"inLanguage\":\"es\",\"potentialAction\":[{\"@type\":\"ReadAction\",\"target\":[\"https:\/\/agrupacionespsoe.es\/ponferrada\/el-grupo-socialista-quiere-transmitir-nuestras-condolencias-por-el-fallecimiento-de-tarsicio-carballo\/\"]}]},{\"@type\":\"ImageObject\",\"inLanguage\":\"es\",\"@id\":\"https:\/\/agrupacionespsoe.es\/ponferrada\/el-grupo-socialista-quiere-transmitir-nuestras-condolencias-por-el-fallecimiento-de-tarsicio-carballo\/#primaryimage\",\"url\":\"https:\/\/agrupacionespsoe.es\/ponferrada\/wp-content\/uploads\/sites\/36\/2025\/04\/tarsicio-carballo-edited.jpg\",\"contentUrl\":\"https:\/\/agrupacionespsoe.es\/ponferrada\/wp-content\/uploads\/sites\/36\/2025\/04\/tarsicio-carballo-edited.jpg\",\"width\":277,\"height\":384},{\"@type\":\"BreadcrumbList\",\"@id\":\"https:\/\/agrupacionespsoe.es\/ponferrada\/el-grupo-socialista-quiere-transmitir-nuestras-condolencias-por-el-fallecimiento-de-tarsicio-carballo\/#breadcrumb\",\"itemListElement\":[{\"@type\":\"ListItem\",\"position\":1,\"name\":\"Portada\",\"item\":\"https:\/\/agrupacionespsoe.es\/ponferrada\/\"},{\"@type\":\"ListItem\",\"position\":2,\"name\":\"El Grupo Socialista quiere transmitir nuestras condolencias por el fallecimiento de Tarsicio Carballo\"}]},{\"@type\":\"WebSite\",\"@id\":\"https:\/\/agrupacionespsoe.es\/ponferrada\/#website\",\"url\":\"https:\/\/agrupacionespsoe.es\/ponferrada\/\",\"name\":\"Agrupaci\u00f3n Socialista de Ponferrada\",\"description\":\"Agrupaci\u00f3n Socialista de Ponferrada\",\"publisher\":{\"@id\":\"https:\/\/agrupacionespsoe.es\/ponferrada\/#organization\"},\"potentialAction\":[{\"@type\":\"SearchAction\",\"target\":{\"@type\":\"EntryPoint\",\"urlTemplate\":\"https:\/\/agrupacionespsoe.es\/ponferrada\/?s={search_term_string}\"},\"query-input\":{\"@type\":\"PropertyValueSpecification\",\"valueRequired\":true,\"valueName\":\"search_term_string\"}}],\"inLanguage\":\"es\"},{\"@type\":\"Organization\",\"@id\":\"https:\/\/agrupacionespsoe.es\/ponferrada\/#organization\",\"name\":\"Agrupaci\u00f3n Socialista de Ponferrada\",\"url\":\"https:\/\/agrupacionespsoe.es\/ponferrada\/\",\"logo\":{\"@type\":\"ImageObject\",\"inLanguage\":\"es\",\"@id\":\"https:\/\/agrupacionespsoe.es\/ponferrada\/#\/schema\/logo\/image\/\",\"url\":\"https:\/\/agrupacionespsoe.es\/wp-content\/uploads\/2022\/07\/Logotipo_electoral_del_PSOE.png\",\"contentUrl\":\"https:\/\/agrupacionespsoe.es\/wp-content\/uploads\/2022\/07\/Logotipo_electoral_del_PSOE.png\",\"width\":422,\"height\":422,\"caption\":\"Agrupaci\u00f3n Socialista de Ponferrada\"},\"image\":{\"@id\":\"https:\/\/agrupacionespsoe.es\/ponferrada\/#\/schema\/logo\/image\/\"}},{\"@type\":\"Person\",\"@id\":\"https:\/\/agrupacionespsoe.es\/ponferrada\/#\/schema\/person\/cd29ee627f3b70c05d415f02596debaa\",\"name\":\"ponferrada2\",\"image\":{\"@type\":\"ImageObject\",\"inLanguage\":\"es\",\"@id\":\"https:\/\/agrupacionespsoe.es\/ponferrada\/#\/schema\/person\/image\/\",\"url\":\"https:\/\/secure.gravatar.com\/avatar\/f499eeb60144c664cf7b7edf75549b50?s=96&d=mm&r=g\",\"contentUrl\":\"https:\/\/secure.gravatar.com\/avatar\/f499eeb60144c664cf7b7edf75549b50?s=96&d=mm&r=g\",\"caption\":\"ponferrada2\"},\"url\":\"https:\/\/agrupacionespsoe.es\/ponferrada\/author\/ponferrada2\/\"}]}<\/script>\n<!-- \/ Yoast SEO plugin. -->","yoast_head_json":{"title":"El Grupo Socialista quiere transmitir nuestras condolencias por el fallecimiento de Tarsicio Carballo - Agrupaci\u00f3n Socialista de Ponferrada","robots":{"index":"index","follow":"follow","max-snippet":"max-snippet:-1","max-image-preview":"max-image-preview:large","max-video-preview":"max-video-preview:-1"},"canonical":"https:\/\/agrupacionespsoe.es\/ponferrada\/el-grupo-socialista-quiere-transmitir-nuestras-condolencias-por-el-fallecimiento-de-tarsicio-carballo\/","og_locale":"es_ES","og_type":"article","og_title":"El Grupo Socialista quiere transmitir nuestras condolencias por el fallecimiento de Tarsicio Carballo - Agrupaci\u00f3n Socialista de Ponferrada","og_description":"El Grupo Socialista expresa su m\u00e1s sentido p\u00e9same por el fallecimiento de Tarsicio Carballo, figura emblem\u00e1tica del bercianismo y fundador del Partido del Bierzo en 1979 y del Partido Regionalista del Bierzo en 2001. Su dedicaci\u00f3n incansable a la defensa de los intereses de El Bierzo y su compromiso con la pol\u00edtica municipal dejan una ...","og_url":"https:\/\/agrupacionespsoe.es\/ponferrada\/el-grupo-socialista-quiere-transmitir-nuestras-condolencias-por-el-fallecimiento-de-tarsicio-carballo\/","og_site_name":"Agrupaci\u00f3n Socialista de Ponferrada","article_published_time":"2025-04-03T10:21:43+00:00","article_modified_time":"2025-04-03T10:21:44+00:00","og_image":[{"width":277,"height":384,"url":"https:\/\/agrupacionespsoe.es\/ponferrada\/wp-content\/uploads\/sites\/36\/2025\/04\/tarsicio-carballo-edited.jpg","type":"image\/jpeg"}],"author":"ponferrada2","twitter_card":"summary_large_image","twitter_misc":{"Escrito por":"ponferrada2","Tiempo de lectura":"2 minutos"},"schema":{"@context":"https:\/\/schema.org","@graph":[{"@type":"Article","@id":"https:\/\/agrupacionespsoe.es\/ponferrada\/el-grupo-socialista-quiere-transmitir-nuestras-condolencias-por-el-fallecimiento-de-tarsicio-carballo\/#article","isPartOf":{"@id":"https:\/\/agrupacionespsoe.es\/ponferrada\/el-grupo-socialista-quiere-transmitir-nuestras-condolencias-por-el-fallecimiento-de-tarsicio-carballo\/"},"author":{"name":"ponferrada2","@id":"https:\/\/agrupacionespsoe.es\/ponferrada\/#\/schema\/person\/cd29ee627f3b70c05d415f02596debaa"},"headline":"El Grupo Socialista quiere transmitir nuestras condolencias por el fallecimiento de Tarsicio Carballo","datePublished":"2025-04-03T10:21:43+00:00","dateModified":"2025-04-03T10:21:44+00:00","mainEntityOfPage":{"@id":"https:\/\/agrupacionespsoe.es\/ponferrada\/el-grupo-socialista-quiere-transmitir-nuestras-condolencias-por-el-fallecimiento-de-tarsicio-carballo\/"},"wordCount":222,"commentCount":0,"publisher":{"@id":"https:\/\/agrupacionespsoe.es\/ponferrada\/#organization"},"image":{"@id":"https:\/\/agrupacionespsoe.es\/ponferrada\/el-grupo-socialista-quiere-transmitir-nuestras-condolencias-por-el-fallecimiento-de-tarsicio-carballo\/#primaryimage"},"thumbnailUrl":"https:\/\/agrupacionespsoe.es\/ponferrada\/wp-content\/uploads\/sites\/36\/2025\/04\/tarsicio-carballo-edited.jpg","articleSection":["ACTUALIDAD"],"inLanguage":"es","potentialAction":[{"@type":"CommentAction","name":"Comment","target":["https:\/\/agrupacionespsoe.es\/ponferrada\/el-grupo-socialista-quiere-transmitir-nuestras-condolencias-por-el-fallecimiento-de-tarsicio-carballo\/#respond"]}]},{"@type":"WebPage","@id":"https:\/\/agrupacionespsoe.es\/ponferrada\/el-grupo-socialista-quiere-transmitir-nuestras-condolencias-por-el-fallecimiento-de-tarsicio-carballo\/","url":"https:\/\/agrupacionespsoe.es\/ponferrada\/el-grupo-socialista-quiere-transmitir-nuestras-condolencias-por-el-fallecimiento-de-tarsicio-carballo\/","name":"El Grupo Socialista quiere transmitir nuestras condolencias por el fallecimiento de Tarsicio Carballo - Agrupaci\u00f3n Socialista de Ponferrada","isPartOf":{"@id":"https:\/\/agrupacionespsoe.es\/ponferrada\/#website"},"primaryImageOfPage":{"@id":"https:\/\/agrupacionespsoe.es\/ponferrada\/el-grupo-socialista-quiere-transmitir-nuestras-condolencias-por-el-fallecimiento-de-tarsicio-carballo\/#primaryimage"},"image":{"@id":"https:\/\/agrupacionespsoe.es\/ponferrada\/el-grupo-socialista-quiere-transmitir-nuestras-condolencias-por-el-fallecimiento-de-tarsicio-carballo\/#primaryimage"},"thumbnailUrl":"https:\/\/agrupacionespsoe.es\/ponferrada\/wp-content\/uploads\/sites\/36\/2025\/04\/tarsicio-carballo-edited.jpg","datePublished":"2025-04-03T10:21:43+00:00","dateModified":"2025-04-03T10:21:44+00:00","breadcrumb":{"@id":"https:\/\/agrupacionespsoe.es\/ponferrada\/el-grupo-socialista-quiere-transmitir-nuestras-condolencias-por-el-fallecimiento-de-tarsicio-carballo\/#breadcrumb"},"inLanguage":"es","potentialAction":[{"@type":"ReadAction","target":["https:\/\/agrupacionespsoe.es\/ponferrada\/el-grupo-socialista-quiere-transmitir-nuestras-condolencias-por-el-fallecimiento-de-tarsicio-carballo\/"]}]},{"@type":"ImageObject","inLanguage":"es","@id":"https:\/\/agrupacionespsoe.es\/ponferrada\/el-grupo-socialista-quiere-transmitir-nuestras-condolencias-por-el-fallecimiento-de-tarsicio-carballo\/#primaryimage","url":"https:\/\/agrupacionespsoe.es\/ponferrada\/wp-content\/uploads\/sites\/36\/2025\/04\/tarsicio-carballo-edited.jpg","contentUrl":"https:\/\/agrupacionespsoe.es\/ponferrada\/wp-content\/uploads\/sites\/36\/2025\/04\/tarsicio-carballo-edited.jpg","width":277,"height":384},{"@type":"BreadcrumbList","@id":"https:\/\/agrupacionespsoe.es\/ponferrada\/el-grupo-socialista-quiere-transmitir-nuestras-condolencias-por-el-fallecimiento-de-tarsicio-carballo\/#breadcrumb","itemListElement":[{"@type":"ListItem","position":1,"name":"Portada","item":"https:\/\/agrupacionespsoe.es\/ponferrada\/"},{"@type":"ListItem","position":2,"name":"El Grupo Socialista quiere transmitir nuestras condolencias por el fallecimiento de Tarsicio Carballo"}]},{"@type":"WebSite","@id":"https:\/\/agrupacionespsoe.es\/ponferrada\/#website","url":"https:\/\/agrupacionespsoe.es\/ponferrada\/","name":"Agrupaci\u00f3n Socialista de Ponferrada","description":"Agrupaci\u00f3n Socialista de Ponferrada","publisher":{"@id":"https:\/\/agrupacionespsoe.es\/ponferrada\/#organization"},"potentialAction":[{"@type":"SearchAction","target":{"@type":"EntryPoint","urlTemplate":"https:\/\/agrupacionespsoe.es\/ponferrada\/?s={search_term_string}"},"query-input":{"@type":"PropertyValueSpecification","valueRequired":true,"valueName":"search_term_string"}}],"inLanguage":"es"},{"@type":"Organization","@id":"https:\/\/agrupacionespsoe.es\/ponferrada\/#organization","name":"Agrupaci\u00f3n Socialista de Ponferrada","url":"https:\/\/agrupacionespsoe.es\/ponferrada\/","logo":{"@type":"ImageObject","inLanguage":"es","@id":"https:\/\/agrupacionespsoe.es\/ponferrada\/#\/schema\/logo\/image\/","url":"https:\/\/agrupacionespsoe.es\/wp-content\/uploads\/2022\/07\/Logotipo_electoral_del_PSOE.png","contentUrl":"https:\/\/agrupacionespsoe.es\/wp-content\/uploads\/2022\/07\/Logotipo_electoral_del_PSOE.png","width":422,"height":422,"caption":"Agrupaci\u00f3n Socialista de Ponferrada"},"image":{"@id":"https:\/\/agrupacionespsoe.es\/ponferrada\/#\/schema\/logo\/image\/"}},{"@type":"Person","@id":"https:\/\/agrupacionespsoe.es\/ponferrada\/#\/schema\/person\/cd29ee627f3b70c05d415f02596debaa","name":"ponferrada2","image":{"@type":"ImageObject","inLanguage":"es","@id":"https:\/\/agrupacionespsoe.es\/ponferrada\/#\/schema\/person\/image\/","url":"https:\/\/secure.gravatar.com\/avatar\/f499eeb60144c664cf7b7edf75549b50?s=96&d=mm&r=g","contentUrl":"https:\/\/secure.gravatar.com\/avatar\/f499eeb60144c664cf7b7edf75549b50?s=96&d=mm&r=g","caption":"ponferrada2"},"url":"https:\/\/agrupacionespsoe.es\/ponferrada\/author\/ponferrada2\/"}]}},"jetpack_featured_media_url":"https:\/\/agrupacionespsoe.es\/ponferrada\/wp-content\/uploads\/sites\/36\/2025\/04\/tarsicio-carballo-edited.jpg","jetpack_sharing_enabled":true,"_links":{"self":[{"href":"https:\/\/agrupacionespsoe.es\/ponferrada\/wp-json\/wp\/v2\/posts\/827","targetHints":{"allow":["GET"]}}],"collection":[{"href":"https:\/\/agrupacionespsoe.es\/ponferrada\/wp-json\/wp\/v2\/posts"}],"about":[{"href":"https:\/\/agrupacionespsoe.es\/ponferrada\/wp-json\/wp\/v2\/types\/post"}],"author":[{"embeddable":true,"href":"https:\/\/agrupacionespsoe.es\/ponferrada\/wp-json\/wp\/v2\/users\/32"}],"replies":[{"embeddable":true,"href":"https:\/\/agrupacionespsoe.es\/ponferrada\/wp-json\/wp\/v2\/comments?post=827"}],"version-history":[{"count":2,"href":"https:\/\/agrupacionespsoe.es\/ponferrada\/wp-json\/wp\/v2\/posts\/827\/revisions"}],"predecessor-version":[{"id":831,"href":"https:\/\/agrupacionespsoe.es\/ponferrada\/wp-json\/wp\/v2\/posts\/827\/revisions\/831"}],"wp:featuredmedia":[{"embeddable":true,"href":"https:\/\/agrupacionespsoe.es\/ponferrada\/wp-json\/wp\/v2\/media\/829"}],"wp:attachment":[{"href":"https:\/\/agrupacionespsoe.es\/ponferrada\/wp-json\/wp\/v2\/media?parent=827"}],"wp:term":[{"taxonomy":"category","embeddable":true,"href":"https:\/\/agrupacionespsoe.es\/ponferrada\/wp-json\/wp\/v2\/categories?post=827"},{"taxonomy":"post_tag","embeddable":true,"href":"https:\/\/agrupacionespsoe.es\/ponferrada\/wp-json\/wp\/v2\/tags?post=827"}],"curies":[{"name":"wp","href":"https:\/\/api.w.org\/{rel}","templated":true}]}}