{"id":823,"date":"2025-04-03T10:13:57","date_gmt":"2025-04-03T10:13:57","guid":{"rendered":"https:\/\/agrupacionespsoe.es\/ponferrada\/?p=823"},"modified":"2025-04-03T10:13:58","modified_gmt":"2025-04-03T10:13:58","slug":"el-psoe-de-ponferrada-aclara-que-no-apoyara-ninguna-subida-de-las-tasas-a-pequenos-comerciantes","status":"publish","type":"post","link":"https:\/\/agrupacionespsoe.es\/ponferrada\/el-psoe-de-ponferrada-aclara-que-no-apoyara-ninguna-subida-de-las-tasas-a-pequenos-comerciantes\/","title":{"rendered":"El PSOE de Ponferrada aclara que no apoyar\u00e1 ninguna subida de las tasas a peque\u00f1os comerciantes"},"content":{"rendered":"\n<p>El PSOE de Ponferrada ha tenido este mi\u00e9rcoles la reuni\u00f3n de la Comisi\u00f3n de la Ejecutiva Municipal del mes de abril.<\/p>\n\n\n\n<p>En la Comisi\u00f3n Ejecutiva Ordinaria lo primero que se hizo fue trasladar nuestro m\u00e1s sincero p\u00e9same a las familias y compa\u00f1eros de los cinco mineros fallecidos el pasado lunes en la mina de Cerredo. Es una tragedia que enluta a toda la provincia y en especial al Bierzo y Laciana y nos recuerda el alto precio que nuestra comarca pag\u00f3 en esta industria extractiva. Reivindicamos una investigaci\u00f3n exhaustiva para esclarecer las causas del accidente y exigir medidas que garanticen la seguridad de los trabajadores, evitando que una tragedia de estas caracter\u00edsticas vuelva a repetirse.<\/p>\n\n\n\n<p>Adem\u00e1s, en la \u00faltima reuni\u00f3n de la Ejecutiva se analiz\u00f3 la gesti\u00f3n del actual equipo de gobierno de Ponferrada, poniendo de manifiesto la falta de planificaci\u00f3n y rigor en la toma de decisiones. Los y las miembros de la ejecutiva se interesaron por el asunto que finalmente no se debati\u00f3 en el Pleno ordinario de marzo de la modificaci\u00f3n de la tasa de los puestos eventuales del mercado. La portavoz de la Comisi\u00f3n Ejecutiva Municipal, Mabel Fern\u00e1ndez, se\u00f1ala que se trata de otra de esas medidas anunciadas con fines propagand\u00edsticos, pero que en realidad no supone una mejora real para los comerciantes, supone una subida de la tasa.<\/p>\n\n\n\n<p>Mabel Fern\u00e1ndez ha criticado que esta es la en\u00e9sima vez que esa tasa va a Pleno con el mismo resultado. Desde Coalici\u00f3n se empe\u00f1an en querer aprobar una subida de las tasas y se empe\u00f1an en repetir una y otra vez que supone una rebaja. Lo cierto, es que un agricultor que est\u00e1 pagando 66,56 euros quieren hacerles pagar 140 euros. Y un puesto de textil de 8 metros va a pasar de pagar 333 euros a pagar 600 euros. Mabel se\u00f1ala que se lo hemos dicho por activa y por pasiva que desde el PSOE no apoyaremos una subida de las tasas a los comerciantes del mercado, con nosotras no van a poder contar para esto.<\/p>\n\n\n\n<p>Asimismo, se ha informado del desarrollo del \u00faltimo pleno municipal, en el que, salvo la aprobaci\u00f3n de la tasa de basura y aquellos puntos que eran meras formalidades t\u00e9cnicas, como la actualizaci\u00f3n de las cifras censales, el resto de propuestas tuvieron que ser enmendadas antes de su aprobaci\u00f3n.<\/p>\n\n\n\n<p>Mabel Fern\u00e1ndez, se\u00f1ala que es preocupante la falta de preparaci\u00f3n de los temas por parte del equipo de gobierno, preocupante y vergonzoso. Y a esto se le une la ausencia de soluciones a problemas reales que afectan a la ciudad, como la situaci\u00f3n de las piscinas climatizadas, cuya reapertura sigue sin resolverse. Seguimos sin saber cu\u00e1l va a ser el proyecto de reforma de las piscinas y de d\u00f3nde va a salir la financiaci\u00f3n. De hecho, desde el PSOE auguramos que tampoco estar\u00e1n disponibles para la temporada 2025\/2026, lo que demuestra la inacci\u00f3n del gobierno municipal en cuestiones fundamentales para la ciudadan\u00eda.<\/p>\n\n\n\n<p>Contin\u00faa se\u00f1alando que tampoco se han producido avances en los proyectos europeos que quedaron inconclusos, como el importante proyecto de turismo sostenible, del cual, despu\u00e9s de casi dos a\u00f1os de gobierno de PP y CB, a\u00fan no se ha visto ning\u00fan resultado tangible. La falta de gesti\u00f3n en estos temas clave pone de manifiesto que, lejos de impulsar el desarrollo de la ciudad, el actual equipo de gobierno sigue anclado en la inercia y la falta de planificaci\u00f3n.<\/p>\n\n\n\n<p>Finaliza indicando que desde la Ejecutiva consideramos que la gesti\u00f3n municipal no puede basarse en la improvisaci\u00f3n ni en anuncios vac\u00edos, en necesario tener una visi\u00f3n de futuro y no preocuparse simplemente de obtener dinero f\u00e1cil para financiar su pol\u00edtica de derroches. Es imprescindible un trabajo serio y bien fundamentado que garantice el progreso de la ciudad y el bienestar de sus ciudadanos. Exigimos al equipo de gobierno que empiecen a trabajar en dar soluci\u00f3n a los problemas de la ciudadan\u00eda y un compromiso real con la buena gesti\u00f3n municipal.<\/p>\n\n\n\n<figure class=\"wp-block-image size-large\"><img loading=\"lazy\" decoding=\"async\" width=\"1024\" height=\"613\" src=\"https:\/\/agrupacionespsoe.es\/ponferrada\/wp-content\/uploads\/sites\/36\/2025\/04\/WhatsApp-Image-2025-04-03-at-10.58.44-1024x613.jpeg\" alt=\"\" class=\"wp-image-824\" srcset=\"https:\/\/agrupacionespsoe.es\/ponferrada\/wp-content\/uploads\/sites\/36\/2025\/04\/WhatsApp-Image-2025-04-03-at-10.58.44-1024x613.jpeg 1024w, https:\/\/agrupacionespsoe.es\/ponferrada\/wp-content\/uploads\/sites\/36\/2025\/04\/WhatsApp-Image-2025-04-03-at-10.58.44-300x179.jpeg 300w, https:\/\/agrupacionespsoe.es\/ponferrada\/wp-content\/uploads\/sites\/36\/2025\/04\/WhatsApp-Image-2025-04-03-at-10.58.44-768x459.jpeg 768w, https:\/\/agrupacionespsoe.es\/ponferrada\/wp-content\/uploads\/sites\/36\/2025\/04\/WhatsApp-Image-2025-04-03-at-10.58.44-1536x919.jpeg 1536w, https:\/\/agrupacionespsoe.es\/ponferrada\/wp-content\/uploads\/sites\/36\/2025\/04\/WhatsApp-Image-2025-04-03-at-10.58.44.jpeg 2048w\" sizes=\"auto, (max-width: 1024px) 100vw, 1024px\" \/><\/figure>\n","protected":false},"excerpt":{"rendered":"<p>El PSOE de Ponferrada ha tenido este mi\u00e9rcoles la reuni\u00f3n de la Comisi\u00f3n de la Ejecutiva Municipal del mes de abril. En la Comisi\u00f3n Ejecutiva Ordinaria lo primero que se hizo fue trasladar nuestro m\u00e1s sincero p\u00e9same a las familias y compa\u00f1eros de los cinco mineros fallecidos el pasado lunes en la mina de Cerredo. &#8230;<\/p>\n","protected":false},"author":32,"featured_media":824,"comment_status":"open","ping_status":"open","sticky":false,"template":"","format":"standard","meta":{"_jetpack_memberships_contains_paid_content":false,"footnotes":""},"categories":[6],"tags":[],"class_list":["post-823","post","type-post","status-publish","format-standard","has-post-thumbnail","hentry","category-actualidad"],"yoast_head":"<!-- This site is optimized with the Yoast SEO plugin v24.0 - https:\/\/yoast.com\/wordpress\/plugins\/seo\/ -->\n<title>El PSOE de Ponferrada aclara que no apoyar\u00e1 ninguna subida de las tasas a peque\u00f1os comerciantes - Agrupaci\u00f3n Socialista de Ponferrada<\/title>\n<meta name=\"robots\" content=\"index, follow, max-snippet:-1, max-image-preview:large, max-video-preview:-1\" \/>\n<link rel=\"canonical\" href=\"https:\/\/agrupacionespsoe.es\/ponferrada\/el-psoe-de-ponferrada-aclara-que-no-apoyara-ninguna-subida-de-las-tasas-a-pequenos-comerciantes\/\" \/>\n<meta property=\"og:locale\" content=\"es_ES\" \/>\n<meta property=\"og:type\" content=\"article\" \/>\n<meta property=\"og:title\" content=\"El PSOE de Ponferrada aclara que no apoyar\u00e1 ninguna subida de las tasas a peque\u00f1os comerciantes - Agrupaci\u00f3n Socialista de Ponferrada\" \/>\n<meta property=\"og:description\" content=\"El PSOE de Ponferrada ha tenido este mi\u00e9rcoles la reuni\u00f3n de la Comisi\u00f3n de la Ejecutiva Municipal del mes de abril. En la Comisi\u00f3n Ejecutiva Ordinaria lo primero que se hizo fue trasladar nuestro m\u00e1s sincero p\u00e9same a las familias y compa\u00f1eros de los cinco mineros fallecidos el pasado lunes en la mina de Cerredo. ...\" \/>\n<meta property=\"og:url\" content=\"https:\/\/agrupacionespsoe.es\/ponferrada\/el-psoe-de-ponferrada-aclara-que-no-apoyara-ninguna-subida-de-las-tasas-a-pequenos-comerciantes\/\" \/>\n<meta property=\"og:site_name\" content=\"Agrupaci\u00f3n Socialista de Ponferrada\" \/>\n<meta property=\"article:published_time\" content=\"2025-04-03T10:13:57+00:00\" \/>\n<meta property=\"article:modified_time\" content=\"2025-04-03T10:13:58+00:00\" \/>\n<meta property=\"og:image\" content=\"https:\/\/agrupacionespsoe.es\/ponferrada\/wp-content\/uploads\/sites\/36\/2025\/04\/WhatsApp-Image-2025-04-03-at-10.58.44.jpeg\" \/>\n\t<meta property=\"og:image:width\" content=\"2048\" \/>\n\t<meta property=\"og:image:height\" content=\"1225\" \/>\n\t<meta property=\"og:image:type\" content=\"image\/jpeg\" \/>\n<meta name=\"author\" content=\"ponferrada2\" \/>\n<meta name=\"twitter:card\" content=\"summary_large_image\" \/>\n<meta name=\"twitter:label1\" content=\"Escrito por\" \/>\n\t<meta name=\"twitter:data1\" content=\"ponferrada2\" \/>\n\t<meta name=\"twitter:label2\" content=\"Tiempo de lectura\" \/>\n\t<meta name=\"twitter:data2\" content=\"4 minutos\" \/>\n<script type=\"application\/ld+json\" class=\"yoast-schema-graph\">{\"@context\":\"https:\/\/schema.org\",\"@graph\":[{\"@type\":\"Article\",\"@id\":\"https:\/\/agrupacionespsoe.es\/ponferrada\/el-psoe-de-ponferrada-aclara-que-no-apoyara-ninguna-subida-de-las-tasas-a-pequenos-comerciantes\/#article\",\"isPartOf\":{\"@id\":\"https:\/\/agrupacionespsoe.es\/ponferrada\/el-psoe-de-ponferrada-aclara-que-no-apoyara-ninguna-subida-de-las-tasas-a-pequenos-comerciantes\/\"},\"author\":{\"name\":\"ponferrada2\",\"@id\":\"https:\/\/agrupacionespsoe.es\/ponferrada\/#\/schema\/person\/cd29ee627f3b70c05d415f02596debaa\"},\"headline\":\"El PSOE de Ponferrada aclara que no apoyar\u00e1 ninguna subida de las tasas a peque\u00f1os comerciantes\",\"datePublished\":\"2025-04-03T10:13:57+00:00\",\"dateModified\":\"2025-04-03T10:13:58+00:00\",\"mainEntityOfPage\":{\"@id\":\"https:\/\/agrupacionespsoe.es\/ponferrada\/el-psoe-de-ponferrada-aclara-que-no-apoyara-ninguna-subida-de-las-tasas-a-pequenos-comerciantes\/\"},\"wordCount\":724,\"commentCount\":0,\"publisher\":{\"@id\":\"https:\/\/agrupacionespsoe.es\/ponferrada\/#organization\"},\"image\":{\"@id\":\"https:\/\/agrupacionespsoe.es\/ponferrada\/el-psoe-de-ponferrada-aclara-que-no-apoyara-ninguna-subida-de-las-tasas-a-pequenos-comerciantes\/#primaryimage\"},\"thumbnailUrl\":\"https:\/\/agrupacionespsoe.es\/ponferrada\/wp-content\/uploads\/sites\/36\/2025\/04\/WhatsApp-Image-2025-04-03-at-10.58.44.jpeg\",\"articleSection\":[\"ACTUALIDAD\"],\"inLanguage\":\"es\",\"potentialAction\":[{\"@type\":\"CommentAction\",\"name\":\"Comment\",\"target\":[\"https:\/\/agrupacionespsoe.es\/ponferrada\/el-psoe-de-ponferrada-aclara-que-no-apoyara-ninguna-subida-de-las-tasas-a-pequenos-comerciantes\/#respond\"]}]},{\"@type\":\"WebPage\",\"@id\":\"https:\/\/agrupacionespsoe.es\/ponferrada\/el-psoe-de-ponferrada-aclara-que-no-apoyara-ninguna-subida-de-las-tasas-a-pequenos-comerciantes\/\",\"url\":\"https:\/\/agrupacionespsoe.es\/ponferrada\/el-psoe-de-ponferrada-aclara-que-no-apoyara-ninguna-subida-de-las-tasas-a-pequenos-comerciantes\/\",\"name\":\"El PSOE de Ponferrada aclara que no apoyar\u00e1 ninguna subida de las tasas a peque\u00f1os comerciantes - Agrupaci\u00f3n Socialista de Ponferrada\",\"isPartOf\":{\"@id\":\"https:\/\/agrupacionespsoe.es\/ponferrada\/#website\"},\"primaryImageOfPage\":{\"@id\":\"https:\/\/agrupacionespsoe.es\/ponferrada\/el-psoe-de-ponferrada-aclara-que-no-apoyara-ninguna-subida-de-las-tasas-a-pequenos-comerciantes\/#primaryimage\"},\"image\":{\"@id\":\"https:\/\/agrupacionespsoe.es\/ponferrada\/el-psoe-de-ponferrada-aclara-que-no-apoyara-ninguna-subida-de-las-tasas-a-pequenos-comerciantes\/#primaryimage\"},\"thumbnailUrl\":\"https:\/\/agrupacionespsoe.es\/ponferrada\/wp-content\/uploads\/sites\/36\/2025\/04\/WhatsApp-Image-2025-04-03-at-10.58.44.jpeg\",\"datePublished\":\"2025-04-03T10:13:57+00:00\",\"dateModified\":\"2025-04-03T10:13:58+00:00\",\"breadcrumb\":{\"@id\":\"https:\/\/agrupacionespsoe.es\/ponferrada\/el-psoe-de-ponferrada-aclara-que-no-apoyara-ninguna-subida-de-las-tasas-a-pequenos-comerciantes\/#breadcrumb\"},\"inLanguage\":\"es\",\"potentialAction\":[{\"@type\":\"ReadAction\",\"target\":[\"https:\/\/agrupacionespsoe.es\/ponferrada\/el-psoe-de-ponferrada-aclara-que-no-apoyara-ninguna-subida-de-las-tasas-a-pequenos-comerciantes\/\"]}]},{\"@type\":\"ImageObject\",\"inLanguage\":\"es\",\"@id\":\"https:\/\/agrupacionespsoe.es\/ponferrada\/el-psoe-de-ponferrada-aclara-que-no-apoyara-ninguna-subida-de-las-tasas-a-pequenos-comerciantes\/#primaryimage\",\"url\":\"https:\/\/agrupacionespsoe.es\/ponferrada\/wp-content\/uploads\/sites\/36\/2025\/04\/WhatsApp-Image-2025-04-03-at-10.58.44.jpeg\",\"contentUrl\":\"https:\/\/agrupacionespsoe.es\/ponferrada\/wp-content\/uploads\/sites\/36\/2025\/04\/WhatsApp-Image-2025-04-03-at-10.58.44.jpeg\",\"width\":2048,\"height\":1225},{\"@type\":\"BreadcrumbList\",\"@id\":\"https:\/\/agrupacionespsoe.es\/ponferrada\/el-psoe-de-ponferrada-aclara-que-no-apoyara-ninguna-subida-de-las-tasas-a-pequenos-comerciantes\/#breadcrumb\",\"itemListElement\":[{\"@type\":\"ListItem\",\"position\":1,\"name\":\"Portada\",\"item\":\"https:\/\/agrupacionespsoe.es\/ponferrada\/\"},{\"@type\":\"ListItem\",\"position\":2,\"name\":\"El PSOE de Ponferrada aclara que no apoyar\u00e1 ninguna subida de las tasas a peque\u00f1os comerciantes\"}]},{\"@type\":\"WebSite\",\"@id\":\"https:\/\/agrupacionespsoe.es\/ponferrada\/#website\",\"url\":\"https:\/\/agrupacionespsoe.es\/ponferrada\/\",\"name\":\"Agrupaci\u00f3n Socialista de Ponferrada\",\"description\":\"Agrupaci\u00f3n Socialista de Ponferrada\",\"publisher\":{\"@id\":\"https:\/\/agrupacionespsoe.es\/ponferrada\/#organization\"},\"potentialAction\":[{\"@type\":\"SearchAction\",\"target\":{\"@type\":\"EntryPoint\",\"urlTemplate\":\"https:\/\/agrupacionespsoe.es\/ponferrada\/?s={search_term_string}\"},\"query-input\":{\"@type\":\"PropertyValueSpecification\",\"valueRequired\":true,\"valueName\":\"search_term_string\"}}],\"inLanguage\":\"es\"},{\"@type\":\"Organization\",\"@id\":\"https:\/\/agrupacionespsoe.es\/ponferrada\/#organization\",\"name\":\"Agrupaci\u00f3n Socialista de Ponferrada\",\"url\":\"https:\/\/agrupacionespsoe.es\/ponferrada\/\",\"logo\":{\"@type\":\"ImageObject\",\"inLanguage\":\"es\",\"@id\":\"https:\/\/agrupacionespsoe.es\/ponferrada\/#\/schema\/logo\/image\/\",\"url\":\"https:\/\/agrupacionespsoe.es\/wp-content\/uploads\/2022\/07\/Logotipo_electoral_del_PSOE.png\",\"contentUrl\":\"https:\/\/agrupacionespsoe.es\/wp-content\/uploads\/2022\/07\/Logotipo_electoral_del_PSOE.png\",\"width\":422,\"height\":422,\"caption\":\"Agrupaci\u00f3n Socialista de Ponferrada\"},\"image\":{\"@id\":\"https:\/\/agrupacionespsoe.es\/ponferrada\/#\/schema\/logo\/image\/\"}},{\"@type\":\"Person\",\"@id\":\"https:\/\/agrupacionespsoe.es\/ponferrada\/#\/schema\/person\/cd29ee627f3b70c05d415f02596debaa\",\"name\":\"ponferrada2\",\"image\":{\"@type\":\"ImageObject\",\"inLanguage\":\"es\",\"@id\":\"https:\/\/agrupacionespsoe.es\/ponferrada\/#\/schema\/person\/image\/\",\"url\":\"https:\/\/secure.gravatar.com\/avatar\/f499eeb60144c664cf7b7edf75549b50?s=96&d=mm&r=g\",\"contentUrl\":\"https:\/\/secure.gravatar.com\/avatar\/f499eeb60144c664cf7b7edf75549b50?s=96&d=mm&r=g\",\"caption\":\"ponferrada2\"},\"url\":\"https:\/\/agrupacionespsoe.es\/ponferrada\/author\/ponferrada2\/\"}]}<\/script>\n<!-- \/ Yoast SEO plugin. -->","yoast_head_json":{"title":"El PSOE de Ponferrada aclara que no apoyar\u00e1 ninguna subida de las tasas a peque\u00f1os comerciantes - Agrupaci\u00f3n Socialista de Ponferrada","robots":{"index":"index","follow":"follow","max-snippet":"max-snippet:-1","max-image-preview":"max-image-preview:large","max-video-preview":"max-video-preview:-1"},"canonical":"https:\/\/agrupacionespsoe.es\/ponferrada\/el-psoe-de-ponferrada-aclara-que-no-apoyara-ninguna-subida-de-las-tasas-a-pequenos-comerciantes\/","og_locale":"es_ES","og_type":"article","og_title":"El PSOE de Ponferrada aclara que no apoyar\u00e1 ninguna subida de las tasas a peque\u00f1os comerciantes - Agrupaci\u00f3n Socialista de Ponferrada","og_description":"El PSOE de Ponferrada ha tenido este mi\u00e9rcoles la reuni\u00f3n de la Comisi\u00f3n de la Ejecutiva Municipal del mes de abril. En la Comisi\u00f3n Ejecutiva Ordinaria lo primero que se hizo fue trasladar nuestro m\u00e1s sincero p\u00e9same a las familias y compa\u00f1eros de los cinco mineros fallecidos el pasado lunes en la mina de Cerredo. ...","og_url":"https:\/\/agrupacionespsoe.es\/ponferrada\/el-psoe-de-ponferrada-aclara-que-no-apoyara-ninguna-subida-de-las-tasas-a-pequenos-comerciantes\/","og_site_name":"Agrupaci\u00f3n Socialista de Ponferrada","article_published_time":"2025-04-03T10:13:57+00:00","article_modified_time":"2025-04-03T10:13:58+00:00","og_image":[{"width":2048,"height":1225,"url":"https:\/\/agrupacionespsoe.es\/ponferrada\/wp-content\/uploads\/sites\/36\/2025\/04\/WhatsApp-Image-2025-04-03-at-10.58.44.jpeg","type":"image\/jpeg"}],"author":"ponferrada2","twitter_card":"summary_large_image","twitter_misc":{"Escrito por":"ponferrada2","Tiempo de lectura":"4 minutos"},"schema":{"@context":"https:\/\/schema.org","@graph":[{"@type":"Article","@id":"https:\/\/agrupacionespsoe.es\/ponferrada\/el-psoe-de-ponferrada-aclara-que-no-apoyara-ninguna-subida-de-las-tasas-a-pequenos-comerciantes\/#article","isPartOf":{"@id":"https:\/\/agrupacionespsoe.es\/ponferrada\/el-psoe-de-ponferrada-aclara-que-no-apoyara-ninguna-subida-de-las-tasas-a-pequenos-comerciantes\/"},"author":{"name":"ponferrada2","@id":"https:\/\/agrupacionespsoe.es\/ponferrada\/#\/schema\/person\/cd29ee627f3b70c05d415f02596debaa"},"headline":"El PSOE de Ponferrada aclara que no apoyar\u00e1 ninguna subida de las tasas a peque\u00f1os comerciantes","datePublished":"2025-04-03T10:13:57+00:00","dateModified":"2025-04-03T10:13:58+00:00","mainEntityOfPage":{"@id":"https:\/\/agrupacionespsoe.es\/ponferrada\/el-psoe-de-ponferrada-aclara-que-no-apoyara-ninguna-subida-de-las-tasas-a-pequenos-comerciantes\/"},"wordCount":724,"commentCount":0,"publisher":{"@id":"https:\/\/agrupacionespsoe.es\/ponferrada\/#organization"},"image":{"@id":"https:\/\/agrupacionespsoe.es\/ponferrada\/el-psoe-de-ponferrada-aclara-que-no-apoyara-ninguna-subida-de-las-tasas-a-pequenos-comerciantes\/#primaryimage"},"thumbnailUrl":"https:\/\/agrupacionespsoe.es\/ponferrada\/wp-content\/uploads\/sites\/36\/2025\/04\/WhatsApp-Image-2025-04-03-at-10.58.44.jpeg","articleSection":["ACTUALIDAD"],"inLanguage":"es","potentialAction":[{"@type":"CommentAction","name":"Comment","target":["https:\/\/agrupacionespsoe.es\/ponferrada\/el-psoe-de-ponferrada-aclara-que-no-apoyara-ninguna-subida-de-las-tasas-a-pequenos-comerciantes\/#respond"]}]},{"@type":"WebPage","@id":"https:\/\/agrupacionespsoe.es\/ponferrada\/el-psoe-de-ponferrada-aclara-que-no-apoyara-ninguna-subida-de-las-tasas-a-pequenos-comerciantes\/","url":"https:\/\/agrupacionespsoe.es\/ponferrada\/el-psoe-de-ponferrada-aclara-que-no-apoyara-ninguna-subida-de-las-tasas-a-pequenos-comerciantes\/","name":"El PSOE de Ponferrada aclara que no apoyar\u00e1 ninguna subida de las tasas a peque\u00f1os comerciantes - Agrupaci\u00f3n Socialista de Ponferrada","isPartOf":{"@id":"https:\/\/agrupacionespsoe.es\/ponferrada\/#website"},"primaryImageOfPage":{"@id":"https:\/\/agrupacionespsoe.es\/ponferrada\/el-psoe-de-ponferrada-aclara-que-no-apoyara-ninguna-subida-de-las-tasas-a-pequenos-comerciantes\/#primaryimage"},"image":{"@id":"https:\/\/agrupacionespsoe.es\/ponferrada\/el-psoe-de-ponferrada-aclara-que-no-apoyara-ninguna-subida-de-las-tasas-a-pequenos-comerciantes\/#primaryimage"},"thumbnailUrl":"https:\/\/agrupacionespsoe.es\/ponferrada\/wp-content\/uploads\/sites\/36\/2025\/04\/WhatsApp-Image-2025-04-03-at-10.58.44.jpeg","datePublished":"2025-04-03T10:13:57+00:00","dateModified":"2025-04-03T10:13:58+00:00","breadcrumb":{"@id":"https:\/\/agrupacionespsoe.es\/ponferrada\/el-psoe-de-ponferrada-aclara-que-no-apoyara-ninguna-subida-de-las-tasas-a-pequenos-comerciantes\/#breadcrumb"},"inLanguage":"es","potentialAction":[{"@type":"ReadAction","target":["https:\/\/agrupacionespsoe.es\/ponferrada\/el-psoe-de-ponferrada-aclara-que-no-apoyara-ninguna-subida-de-las-tasas-a-pequenos-comerciantes\/"]}]},{"@type":"ImageObject","inLanguage":"es","@id":"https:\/\/agrupacionespsoe.es\/ponferrada\/el-psoe-de-ponferrada-aclara-que-no-apoyara-ninguna-subida-de-las-tasas-a-pequenos-comerciantes\/#primaryimage","url":"https:\/\/agrupacionespsoe.es\/ponferrada\/wp-content\/uploads\/sites\/36\/2025\/04\/WhatsApp-Image-2025-04-03-at-10.58.44.jpeg","contentUrl":"https:\/\/agrupacionespsoe.es\/ponferrada\/wp-content\/uploads\/sites\/36\/2025\/04\/WhatsApp-Image-2025-04-03-at-10.58.44.jpeg","width":2048,"height":1225},{"@type":"BreadcrumbList","@id":"https:\/\/agrupacionespsoe.es\/ponferrada\/el-psoe-de-ponferrada-aclara-que-no-apoyara-ninguna-subida-de-las-tasas-a-pequenos-comerciantes\/#breadcrumb","itemListElement":[{"@type":"ListItem","position":1,"name":"Portada","item":"https:\/\/agrupacionespsoe.es\/ponferrada\/"},{"@type":"ListItem","position":2,"name":"El PSOE de Ponferrada aclara que no apoyar\u00e1 ninguna subida de las tasas a peque\u00f1os comerciantes"}]},{"@type":"WebSite","@id":"https:\/\/agrupacionespsoe.es\/ponferrada\/#website","url":"https:\/\/agrupacionespsoe.es\/ponferrada\/","name":"Agrupaci\u00f3n Socialista de Ponferrada","description":"Agrupaci\u00f3n Socialista de Ponferrada","publisher":{"@id":"https:\/\/agrupacionespsoe.es\/ponferrada\/#organization"},"potentialAction":[{"@type":"SearchAction","target":{"@type":"EntryPoint","urlTemplate":"https:\/\/agrupacionespsoe.es\/ponferrada\/?s={search_term_string}"},"query-input":{"@type":"PropertyValueSpecification","valueRequired":true,"valueName":"search_term_string"}}],"inLanguage":"es"},{"@type":"Organization","@id":"https:\/\/agrupacionespsoe.es\/ponferrada\/#organization","name":"Agrupaci\u00f3n Socialista de Ponferrada","url":"https:\/\/agrupacionespsoe.es\/ponferrada\/","logo":{"@type":"ImageObject","inLanguage":"es","@id":"https:\/\/agrupacionespsoe.es\/ponferrada\/#\/schema\/logo\/image\/","url":"https:\/\/agrupacionespsoe.es\/wp-content\/uploads\/2022\/07\/Logotipo_electoral_del_PSOE.png","contentUrl":"https:\/\/agrupacionespsoe.es\/wp-content\/uploads\/2022\/07\/Logotipo_electoral_del_PSOE.png","width":422,"height":422,"caption":"Agrupaci\u00f3n Socialista de Ponferrada"},"image":{"@id":"https:\/\/agrupacionespsoe.es\/ponferrada\/#\/schema\/logo\/image\/"}},{"@type":"Person","@id":"https:\/\/agrupacionespsoe.es\/ponferrada\/#\/schema\/person\/cd29ee627f3b70c05d415f02596debaa","name":"ponferrada2","image":{"@type":"ImageObject","inLanguage":"es","@id":"https:\/\/agrupacionespsoe.es\/ponferrada\/#\/schema\/person\/image\/","url":"https:\/\/secure.gravatar.com\/avatar\/f499eeb60144c664cf7b7edf75549b50?s=96&d=mm&r=g","contentUrl":"https:\/\/secure.gravatar.com\/avatar\/f499eeb60144c664cf7b7edf75549b50?s=96&d=mm&r=g","caption":"ponferrada2"},"url":"https:\/\/agrupacionespsoe.es\/ponferrada\/author\/ponferrada2\/"}]}},"jetpack_featured_media_url":"https:\/\/agrupacionespsoe.es\/ponferrada\/wp-content\/uploads\/sites\/36\/2025\/04\/WhatsApp-Image-2025-04-03-at-10.58.44.jpeg","jetpack_sharing_enabled":true,"_links":{"self":[{"href":"https:\/\/agrupacionespsoe.es\/ponferrada\/wp-json\/wp\/v2\/posts\/823","targetHints":{"allow":["GET"]}}],"collection":[{"href":"https:\/\/agrupacionespsoe.es\/ponferrada\/wp-json\/wp\/v2\/posts"}],"about":[{"href":"https:\/\/agrupacionespsoe.es\/ponferrada\/wp-json\/wp\/v2\/types\/post"}],"author":[{"embeddable":true,"href":"https:\/\/agrupacionespsoe.es\/ponferrada\/wp-json\/wp\/v2\/users\/32"}],"replies":[{"embeddable":true,"href":"https:\/\/agrupacionespsoe.es\/ponferrada\/wp-json\/wp\/v2\/comments?post=823"}],"version-history":[{"count":2,"href":"https:\/\/agrupacionespsoe.es\/ponferrada\/wp-json\/wp\/v2\/posts\/823\/revisions"}],"predecessor-version":[{"id":826,"href":"https:\/\/agrupacionespsoe.es\/ponferrada\/wp-json\/wp\/v2\/posts\/823\/revisions\/826"}],"wp:featuredmedia":[{"embeddable":true,"href":"https:\/\/agrupacionespsoe.es\/ponferrada\/wp-json\/wp\/v2\/media\/824"}],"wp:attachment":[{"href":"https:\/\/agrupacionespsoe.es\/ponferrada\/wp-json\/wp\/v2\/media?parent=823"}],"wp:term":[{"taxonomy":"category","embeddable":true,"href":"https:\/\/agrupacionespsoe.es\/ponferrada\/wp-json\/wp\/v2\/categories?post=823"},{"taxonomy":"post_tag","embeddable":true,"href":"https:\/\/agrupacionespsoe.es\/ponferrada\/wp-json\/wp\/v2\/tags?post=823"}],"curies":[{"name":"wp","href":"https:\/\/api.w.org\/{rel}","templated":true}]}}