{"id":817,"date":"2025-03-19T11:26:59","date_gmt":"2025-03-19T11:26:59","guid":{"rendered":"https:\/\/agrupacionespsoe.es\/ponferrada\/?p=817"},"modified":"2025-03-21T12:02:00","modified_gmt":"2025-03-21T12:02:00","slug":"el-grupo-municipal-socialista-denuncia-las-acusaciones-infundadas-del-alcalde-sobre-la-gestion-de-solares-en-ponferrada","status":"publish","type":"post","link":"https:\/\/agrupacionespsoe.es\/ponferrada\/el-grupo-municipal-socialista-denuncia-las-acusaciones-infundadas-del-alcalde-sobre-la-gestion-de-solares-en-ponferrada\/","title":{"rendered":"El Grupo Municipal Socialista denuncia las acusaciones infundadas del alcalde sobre la gesti\u00f3n de solares en Ponferrada"},"content":{"rendered":"\n<p><\/p>\n\n\n\n<p>Ponferrada, 19 de marzo de 2025 &#8211; En una rueda de prensa conjunta, el portavoz del Grupo Municipal Socialista, Olegario Ram\u00f3n, junto con el concejal Pedro Fern\u00e1ndez, ha denunciado las acusaciones sin fundamento realizadas por el alcalde en relaci\u00f3n con la gesti\u00f3n de solares llevada a cabo durante el mandato pasado.<\/p>\n\n\n\n<p>El portavoz socialista, Olegario Ram\u00f3n, ha criticado la \u00abmala conciencia\u00bb del alcalde, derivada de su \u00abvergonzosa actuaci\u00f3n\u00bb respecto al antiguo cuartel de la Guardia Civil, lo que lo ha llevado a lanzar se\u00f1alamientos sin base contra la anterior administraci\u00f3n. En particular, han sido objeto de cr\u00edticas las operaciones urban\u00edsticas en la calle Obispo Osmundo y el solar ubicado entre la Avda Caribe y la C. General Vives.<\/p>\n\n\n\n<p>\u00abSi de algo se nos puede acusar es de haber hecho lo que otros no hicieron y haberlo hecho en condiciones favorables para el Ayuntamiento\u00bb, ha declarado el portavoz socialista.<\/p>\n\n\n\n<h3 class=\"wp-block-heading\"><strong>El caso del solar de la calle Obispo Osmundo<\/strong><\/h3>\n\n\n\n<p>En relaci\u00f3n con el solar de la calle Obispo Osmundo, el portavoz ha recordado que en 2011 los propietarios cedieron gratuitamente el terreno al Ayuntamiento para su uso como aparcamiento p\u00fablico. Sin embargo, con el tiempo, la propiedad decidi\u00f3 recuperarlo y solicit\u00f3 la adquisici\u00f3n del suelo en virtud de la legislaci\u00f3n vigente.<\/p>\n\n\n\n<p>\u00abNos encontramos con unos propietarios enfadados por el maltrato recibido del anterior equipo de gobierno, lo que complic\u00f3 la negociaci\u00f3n\u00bb, ha explicado el portavoz. No obstante, en diciembre de 2019 se alcanz\u00f3 un acuerdo por 1.685.049,56 euros, lo que supuso un ahorro de 200.000 euros para el Ayuntamiento respecto a la valoraci\u00f3n inicial. Adem\u00e1s, el pago se estableci\u00f3 en plazos razonables, garantizando la estabilidad econ\u00f3mica municipal.<\/p>\n\n\n\n<h3 class=\"wp-block-heading\"><strong>El solar de la calle General Vives y Avenida del Caribe<\/strong><\/h3>\n\n\n\n<p>Por su parte, el concejal Pedro Fern\u00e1ndez ha abordado la situaci\u00f3n del solar de la calle General Vives y la Avenida del Caribe, desmintiendo las afirmaciones del alcalde sobre su compra por parte del Partido Socialista.<\/p>\n\n\n\n<p>\u00abEste proceso viene de hace 20 a\u00f1os, mucho antes de que el Partido Socialista llegara al gobierno local\u00bb, ha explicado Fern\u00e1ndez. En 2005, la familia propietaria del solar present\u00f3 la hoja de aprecio, momento a partir del cual comenzaron a generarse intereses. En 2007, el justiprecio se fij\u00f3 en 986.684,80 euros.<\/p>\n\n\n\n<p>Desde entonces, los pagos se realizaron en distintas fases: 277.000 euros en 2013, 180.000 euros en 2016 y 260.000 euros en 2014. Finalmente, con intereses incluidos, el coste total ascendi\u00f3 a 1.375.063,54 euros.<\/p>\n\n\n\n<p>\u00abEl alcalde ha intentado manipular la informaci\u00f3n para desviar la atenci\u00f3n de su propia mala gesti\u00f3n. Es absolutamente falso que el PSOE haya comprado un solar recientemente; se trata de un proceso iniciado por el Partido Popular hace m\u00e1s de dos d\u00e9cadas\u00bb, ha concluido Fern\u00e1ndez.<\/p>\n\n\n\n<h3 class=\"wp-block-heading\"><strong>Otras operaciones urban\u00edsticas<\/strong><\/h3>\n\n\n\n<p>El Grupo Municipal Socialista ha destacado que, durante su gesti\u00f3n, se solucionaron numerosos problemas urban\u00edsticos heredados de anteriores administraciones, como la plaza S\u00e1nchez Albornoz, la expropiaci\u00f3n en la zona del Pajariel, el aparcamiento de Esteban de la Puente y la regularizaci\u00f3n de solares en la zona de la universidad.<\/p>\n\n\n\n<p>\u00abLa diferencia entre nuestra gesti\u00f3n y la del actual equipo de gobierno es evidente: nosotros adquirimos patrimonio para el Ayuntamiento y resolvimos problemas, mientras que ellos despatrimonializan y perjudican el inter\u00e9s general\u00bb, han concluido los representantes socialistas.<\/p>\n\n\n\n<p>El Grupo Municipal Socialista ha exigido al alcalde que deje de lanzar acusaciones sin fundamento y se dedique a gobernar con responsabilidad y transparencia.<\/p>\n\n\n\n<figure class=\"wp-block-image size-large\"><img loading=\"lazy\" decoding=\"async\" width=\"1024\" height=\"744\" src=\"https:\/\/agrupacionespsoe.es\/ponferrada\/wp-content\/uploads\/sites\/36\/2025\/03\/WhatsApp-Image-2025-03-21-at-12.38.02-1024x744.jpeg\" alt=\"\" class=\"wp-image-820\" srcset=\"https:\/\/agrupacionespsoe.es\/ponferrada\/wp-content\/uploads\/sites\/36\/2025\/03\/WhatsApp-Image-2025-03-21-at-12.38.02-1024x744.jpeg 1024w, https:\/\/agrupacionespsoe.es\/ponferrada\/wp-content\/uploads\/sites\/36\/2025\/03\/WhatsApp-Image-2025-03-21-at-12.38.02-300x218.jpeg 300w, https:\/\/agrupacionespsoe.es\/ponferrada\/wp-content\/uploads\/sites\/36\/2025\/03\/WhatsApp-Image-2025-03-21-at-12.38.02-768x558.jpeg 768w, https:\/\/agrupacionespsoe.es\/ponferrada\/wp-content\/uploads\/sites\/36\/2025\/03\/WhatsApp-Image-2025-03-21-at-12.38.02-1536x1115.jpeg 1536w, https:\/\/agrupacionespsoe.es\/ponferrada\/wp-content\/uploads\/sites\/36\/2025\/03\/WhatsApp-Image-2025-03-21-at-12.38.02.jpeg 2048w\" sizes=\"auto, (max-width: 1024px) 100vw, 1024px\" \/><\/figure>\n","protected":false},"excerpt":{"rendered":"<p>Ponferrada, 19 de marzo de 2025 &#8211; En una rueda de prensa conjunta, el portavoz del Grupo Municipal Socialista, Olegario Ram\u00f3n, junto con el concejal Pedro Fern\u00e1ndez, ha denunciado las acusaciones sin fundamento realizadas por el alcalde en relaci\u00f3n con la gesti\u00f3n de solares llevada a cabo durante el mandato pasado. El portavoz socialista, Olegario &#8230;<\/p>\n","protected":false},"author":32,"featured_media":820,"comment_status":"open","ping_status":"open","sticky":false,"template":"","format":"standard","meta":{"_jetpack_memberships_contains_paid_content":false,"footnotes":""},"categories":[6],"tags":[],"class_list":["post-817","post","type-post","status-publish","format-standard","has-post-thumbnail","hentry","category-actualidad"],"yoast_head":"<!-- This site is optimized with the Yoast SEO plugin v24.0 - https:\/\/yoast.com\/wordpress\/plugins\/seo\/ -->\n<title>El Grupo Municipal Socialista denuncia las acusaciones infundadas del alcalde sobre la gesti\u00f3n de solares en Ponferrada - Agrupaci\u00f3n Socialista de Ponferrada<\/title>\n<meta name=\"robots\" content=\"index, follow, max-snippet:-1, max-image-preview:large, max-video-preview:-1\" \/>\n<link rel=\"canonical\" href=\"https:\/\/agrupacionespsoe.es\/ponferrada\/el-grupo-municipal-socialista-denuncia-las-acusaciones-infundadas-del-alcalde-sobre-la-gestion-de-solares-en-ponferrada\/\" \/>\n<meta property=\"og:locale\" content=\"es_ES\" \/>\n<meta property=\"og:type\" content=\"article\" \/>\n<meta property=\"og:title\" content=\"El Grupo Municipal Socialista denuncia las acusaciones infundadas del alcalde sobre la gesti\u00f3n de solares en Ponferrada - Agrupaci\u00f3n Socialista de Ponferrada\" \/>\n<meta property=\"og:description\" content=\"Ponferrada, 19 de marzo de 2025 &#8211; En una rueda de prensa conjunta, el portavoz del Grupo Municipal Socialista, Olegario Ram\u00f3n, junto con el concejal Pedro Fern\u00e1ndez, ha denunciado las acusaciones sin fundamento realizadas por el alcalde en relaci\u00f3n con la gesti\u00f3n de solares llevada a cabo durante el mandato pasado. El portavoz socialista, Olegario ...\" \/>\n<meta property=\"og:url\" content=\"https:\/\/agrupacionespsoe.es\/ponferrada\/el-grupo-municipal-socialista-denuncia-las-acusaciones-infundadas-del-alcalde-sobre-la-gestion-de-solares-en-ponferrada\/\" \/>\n<meta property=\"og:site_name\" content=\"Agrupaci\u00f3n Socialista de Ponferrada\" \/>\n<meta property=\"article:published_time\" content=\"2025-03-19T11:26:59+00:00\" \/>\n<meta property=\"article:modified_time\" content=\"2025-03-21T12:02:00+00:00\" \/>\n<meta property=\"og:image\" content=\"https:\/\/agrupacionespsoe.es\/ponferrada\/wp-content\/uploads\/sites\/36\/2025\/03\/WhatsApp-Image-2025-03-21-at-12.38.02.jpeg\" \/>\n\t<meta property=\"og:image:width\" content=\"2048\" \/>\n\t<meta property=\"og:image:height\" content=\"1487\" \/>\n\t<meta property=\"og:image:type\" content=\"image\/jpeg\" \/>\n<meta name=\"author\" content=\"ponferrada2\" \/>\n<meta name=\"twitter:card\" content=\"summary_large_image\" \/>\n<meta name=\"twitter:label1\" content=\"Escrito por\" \/>\n\t<meta name=\"twitter:data1\" content=\"ponferrada2\" \/>\n\t<meta name=\"twitter:label2\" content=\"Tiempo de lectura\" \/>\n\t<meta name=\"twitter:data2\" content=\"3 minutos\" \/>\n<script type=\"application\/ld+json\" class=\"yoast-schema-graph\">{\"@context\":\"https:\/\/schema.org\",\"@graph\":[{\"@type\":\"Article\",\"@id\":\"https:\/\/agrupacionespsoe.es\/ponferrada\/el-grupo-municipal-socialista-denuncia-las-acusaciones-infundadas-del-alcalde-sobre-la-gestion-de-solares-en-ponferrada\/#article\",\"isPartOf\":{\"@id\":\"https:\/\/agrupacionespsoe.es\/ponferrada\/el-grupo-municipal-socialista-denuncia-las-acusaciones-infundadas-del-alcalde-sobre-la-gestion-de-solares-en-ponferrada\/\"},\"author\":{\"name\":\"ponferrada2\",\"@id\":\"https:\/\/agrupacionespsoe.es\/ponferrada\/#\/schema\/person\/cd29ee627f3b70c05d415f02596debaa\"},\"headline\":\"El Grupo Municipal Socialista denuncia las acusaciones infundadas del alcalde sobre la gesti\u00f3n de solares en Ponferrada\",\"datePublished\":\"2025-03-19T11:26:59+00:00\",\"dateModified\":\"2025-03-21T12:02:00+00:00\",\"mainEntityOfPage\":{\"@id\":\"https:\/\/agrupacionespsoe.es\/ponferrada\/el-grupo-municipal-socialista-denuncia-las-acusaciones-infundadas-del-alcalde-sobre-la-gestion-de-solares-en-ponferrada\/\"},\"wordCount\":601,\"commentCount\":0,\"publisher\":{\"@id\":\"https:\/\/agrupacionespsoe.es\/ponferrada\/#organization\"},\"image\":{\"@id\":\"https:\/\/agrupacionespsoe.es\/ponferrada\/el-grupo-municipal-socialista-denuncia-las-acusaciones-infundadas-del-alcalde-sobre-la-gestion-de-solares-en-ponferrada\/#primaryimage\"},\"thumbnailUrl\":\"https:\/\/agrupacionespsoe.es\/ponferrada\/wp-content\/uploads\/sites\/36\/2025\/03\/WhatsApp-Image-2025-03-21-at-12.38.02.jpeg\",\"articleSection\":[\"ACTUALIDAD\"],\"inLanguage\":\"es\",\"potentialAction\":[{\"@type\":\"CommentAction\",\"name\":\"Comment\",\"target\":[\"https:\/\/agrupacionespsoe.es\/ponferrada\/el-grupo-municipal-socialista-denuncia-las-acusaciones-infundadas-del-alcalde-sobre-la-gestion-de-solares-en-ponferrada\/#respond\"]}]},{\"@type\":\"WebPage\",\"@id\":\"https:\/\/agrupacionespsoe.es\/ponferrada\/el-grupo-municipal-socialista-denuncia-las-acusaciones-infundadas-del-alcalde-sobre-la-gestion-de-solares-en-ponferrada\/\",\"url\":\"https:\/\/agrupacionespsoe.es\/ponferrada\/el-grupo-municipal-socialista-denuncia-las-acusaciones-infundadas-del-alcalde-sobre-la-gestion-de-solares-en-ponferrada\/\",\"name\":\"El Grupo Municipal Socialista denuncia las acusaciones infundadas del alcalde sobre la gesti\u00f3n de solares en Ponferrada - Agrupaci\u00f3n Socialista de Ponferrada\",\"isPartOf\":{\"@id\":\"https:\/\/agrupacionespsoe.es\/ponferrada\/#website\"},\"primaryImageOfPage\":{\"@id\":\"https:\/\/agrupacionespsoe.es\/ponferrada\/el-grupo-municipal-socialista-denuncia-las-acusaciones-infundadas-del-alcalde-sobre-la-gestion-de-solares-en-ponferrada\/#primaryimage\"},\"image\":{\"@id\":\"https:\/\/agrupacionespsoe.es\/ponferrada\/el-grupo-municipal-socialista-denuncia-las-acusaciones-infundadas-del-alcalde-sobre-la-gestion-de-solares-en-ponferrada\/#primaryimage\"},\"thumbnailUrl\":\"https:\/\/agrupacionespsoe.es\/ponferrada\/wp-content\/uploads\/sites\/36\/2025\/03\/WhatsApp-Image-2025-03-21-at-12.38.02.jpeg\",\"datePublished\":\"2025-03-19T11:26:59+00:00\",\"dateModified\":\"2025-03-21T12:02:00+00:00\",\"breadcrumb\":{\"@id\":\"https:\/\/agrupacionespsoe.es\/ponferrada\/el-grupo-municipal-socialista-denuncia-las-acusaciones-infundadas-del-alcalde-sobre-la-gestion-de-solares-en-ponferrada\/#breadcrumb\"},\"inLanguage\":\"es\",\"potentialAction\":[{\"@type\":\"ReadAction\",\"target\":[\"https:\/\/agrupacionespsoe.es\/ponferrada\/el-grupo-municipal-socialista-denuncia-las-acusaciones-infundadas-del-alcalde-sobre-la-gestion-de-solares-en-ponferrada\/\"]}]},{\"@type\":\"ImageObject\",\"inLanguage\":\"es\",\"@id\":\"https:\/\/agrupacionespsoe.es\/ponferrada\/el-grupo-municipal-socialista-denuncia-las-acusaciones-infundadas-del-alcalde-sobre-la-gestion-de-solares-en-ponferrada\/#primaryimage\",\"url\":\"https:\/\/agrupacionespsoe.es\/ponferrada\/wp-content\/uploads\/sites\/36\/2025\/03\/WhatsApp-Image-2025-03-21-at-12.38.02.jpeg\",\"contentUrl\":\"https:\/\/agrupacionespsoe.es\/ponferrada\/wp-content\/uploads\/sites\/36\/2025\/03\/WhatsApp-Image-2025-03-21-at-12.38.02.jpeg\",\"width\":2048,\"height\":1487},{\"@type\":\"BreadcrumbList\",\"@id\":\"https:\/\/agrupacionespsoe.es\/ponferrada\/el-grupo-municipal-socialista-denuncia-las-acusaciones-infundadas-del-alcalde-sobre-la-gestion-de-solares-en-ponferrada\/#breadcrumb\",\"itemListElement\":[{\"@type\":\"ListItem\",\"position\":1,\"name\":\"Portada\",\"item\":\"https:\/\/agrupacionespsoe.es\/ponferrada\/\"},{\"@type\":\"ListItem\",\"position\":2,\"name\":\"El Grupo Municipal Socialista denuncia las acusaciones infundadas del alcalde sobre la gesti\u00f3n de solares en Ponferrada\"}]},{\"@type\":\"WebSite\",\"@id\":\"https:\/\/agrupacionespsoe.es\/ponferrada\/#website\",\"url\":\"https:\/\/agrupacionespsoe.es\/ponferrada\/\",\"name\":\"Agrupaci\u00f3n Socialista de Ponferrada\",\"description\":\"Agrupaci\u00f3n Socialista de Ponferrada\",\"publisher\":{\"@id\":\"https:\/\/agrupacionespsoe.es\/ponferrada\/#organization\"},\"potentialAction\":[{\"@type\":\"SearchAction\",\"target\":{\"@type\":\"EntryPoint\",\"urlTemplate\":\"https:\/\/agrupacionespsoe.es\/ponferrada\/?s={search_term_string}\"},\"query-input\":{\"@type\":\"PropertyValueSpecification\",\"valueRequired\":true,\"valueName\":\"search_term_string\"}}],\"inLanguage\":\"es\"},{\"@type\":\"Organization\",\"@id\":\"https:\/\/agrupacionespsoe.es\/ponferrada\/#organization\",\"name\":\"Agrupaci\u00f3n Socialista de Ponferrada\",\"url\":\"https:\/\/agrupacionespsoe.es\/ponferrada\/\",\"logo\":{\"@type\":\"ImageObject\",\"inLanguage\":\"es\",\"@id\":\"https:\/\/agrupacionespsoe.es\/ponferrada\/#\/schema\/logo\/image\/\",\"url\":\"https:\/\/agrupacionespsoe.es\/wp-content\/uploads\/2022\/07\/Logotipo_electoral_del_PSOE.png\",\"contentUrl\":\"https:\/\/agrupacionespsoe.es\/wp-content\/uploads\/2022\/07\/Logotipo_electoral_del_PSOE.png\",\"width\":422,\"height\":422,\"caption\":\"Agrupaci\u00f3n Socialista de Ponferrada\"},\"image\":{\"@id\":\"https:\/\/agrupacionespsoe.es\/ponferrada\/#\/schema\/logo\/image\/\"}},{\"@type\":\"Person\",\"@id\":\"https:\/\/agrupacionespsoe.es\/ponferrada\/#\/schema\/person\/cd29ee627f3b70c05d415f02596debaa\",\"name\":\"ponferrada2\",\"image\":{\"@type\":\"ImageObject\",\"inLanguage\":\"es\",\"@id\":\"https:\/\/agrupacionespsoe.es\/ponferrada\/#\/schema\/person\/image\/\",\"url\":\"https:\/\/secure.gravatar.com\/avatar\/f499eeb60144c664cf7b7edf75549b50?s=96&d=mm&r=g\",\"contentUrl\":\"https:\/\/secure.gravatar.com\/avatar\/f499eeb60144c664cf7b7edf75549b50?s=96&d=mm&r=g\",\"caption\":\"ponferrada2\"},\"url\":\"https:\/\/agrupacionespsoe.es\/ponferrada\/author\/ponferrada2\/\"}]}<\/script>\n<!-- \/ Yoast SEO plugin. -->","yoast_head_json":{"title":"El Grupo Municipal Socialista denuncia las acusaciones infundadas del alcalde sobre la gesti\u00f3n de solares en Ponferrada - Agrupaci\u00f3n Socialista de Ponferrada","robots":{"index":"index","follow":"follow","max-snippet":"max-snippet:-1","max-image-preview":"max-image-preview:large","max-video-preview":"max-video-preview:-1"},"canonical":"https:\/\/agrupacionespsoe.es\/ponferrada\/el-grupo-municipal-socialista-denuncia-las-acusaciones-infundadas-del-alcalde-sobre-la-gestion-de-solares-en-ponferrada\/","og_locale":"es_ES","og_type":"article","og_title":"El Grupo Municipal Socialista denuncia las acusaciones infundadas del alcalde sobre la gesti\u00f3n de solares en Ponferrada - Agrupaci\u00f3n Socialista de Ponferrada","og_description":"Ponferrada, 19 de marzo de 2025 &#8211; En una rueda de prensa conjunta, el portavoz del Grupo Municipal Socialista, Olegario Ram\u00f3n, junto con el concejal Pedro Fern\u00e1ndez, ha denunciado las acusaciones sin fundamento realizadas por el alcalde en relaci\u00f3n con la gesti\u00f3n de solares llevada a cabo durante el mandato pasado. El portavoz socialista, Olegario ...","og_url":"https:\/\/agrupacionespsoe.es\/ponferrada\/el-grupo-municipal-socialista-denuncia-las-acusaciones-infundadas-del-alcalde-sobre-la-gestion-de-solares-en-ponferrada\/","og_site_name":"Agrupaci\u00f3n Socialista de Ponferrada","article_published_time":"2025-03-19T11:26:59+00:00","article_modified_time":"2025-03-21T12:02:00+00:00","og_image":[{"width":2048,"height":1487,"url":"https:\/\/agrupacionespsoe.es\/ponferrada\/wp-content\/uploads\/sites\/36\/2025\/03\/WhatsApp-Image-2025-03-21-at-12.38.02.jpeg","type":"image\/jpeg"}],"author":"ponferrada2","twitter_card":"summary_large_image","twitter_misc":{"Escrito por":"ponferrada2","Tiempo de lectura":"3 minutos"},"schema":{"@context":"https:\/\/schema.org","@graph":[{"@type":"Article","@id":"https:\/\/agrupacionespsoe.es\/ponferrada\/el-grupo-municipal-socialista-denuncia-las-acusaciones-infundadas-del-alcalde-sobre-la-gestion-de-solares-en-ponferrada\/#article","isPartOf":{"@id":"https:\/\/agrupacionespsoe.es\/ponferrada\/el-grupo-municipal-socialista-denuncia-las-acusaciones-infundadas-del-alcalde-sobre-la-gestion-de-solares-en-ponferrada\/"},"author":{"name":"ponferrada2","@id":"https:\/\/agrupacionespsoe.es\/ponferrada\/#\/schema\/person\/cd29ee627f3b70c05d415f02596debaa"},"headline":"El Grupo Municipal Socialista denuncia las acusaciones infundadas del alcalde sobre la gesti\u00f3n de solares en Ponferrada","datePublished":"2025-03-19T11:26:59+00:00","dateModified":"2025-03-21T12:02:00+00:00","mainEntityOfPage":{"@id":"https:\/\/agrupacionespsoe.es\/ponferrada\/el-grupo-municipal-socialista-denuncia-las-acusaciones-infundadas-del-alcalde-sobre-la-gestion-de-solares-en-ponferrada\/"},"wordCount":601,"commentCount":0,"publisher":{"@id":"https:\/\/agrupacionespsoe.es\/ponferrada\/#organization"},"image":{"@id":"https:\/\/agrupacionespsoe.es\/ponferrada\/el-grupo-municipal-socialista-denuncia-las-acusaciones-infundadas-del-alcalde-sobre-la-gestion-de-solares-en-ponferrada\/#primaryimage"},"thumbnailUrl":"https:\/\/agrupacionespsoe.es\/ponferrada\/wp-content\/uploads\/sites\/36\/2025\/03\/WhatsApp-Image-2025-03-21-at-12.38.02.jpeg","articleSection":["ACTUALIDAD"],"inLanguage":"es","potentialAction":[{"@type":"CommentAction","name":"Comment","target":["https:\/\/agrupacionespsoe.es\/ponferrada\/el-grupo-municipal-socialista-denuncia-las-acusaciones-infundadas-del-alcalde-sobre-la-gestion-de-solares-en-ponferrada\/#respond"]}]},{"@type":"WebPage","@id":"https:\/\/agrupacionespsoe.es\/ponferrada\/el-grupo-municipal-socialista-denuncia-las-acusaciones-infundadas-del-alcalde-sobre-la-gestion-de-solares-en-ponferrada\/","url":"https:\/\/agrupacionespsoe.es\/ponferrada\/el-grupo-municipal-socialista-denuncia-las-acusaciones-infundadas-del-alcalde-sobre-la-gestion-de-solares-en-ponferrada\/","name":"El Grupo Municipal Socialista denuncia las acusaciones infundadas del alcalde sobre la gesti\u00f3n de solares en Ponferrada - Agrupaci\u00f3n Socialista de Ponferrada","isPartOf":{"@id":"https:\/\/agrupacionespsoe.es\/ponferrada\/#website"},"primaryImageOfPage":{"@id":"https:\/\/agrupacionespsoe.es\/ponferrada\/el-grupo-municipal-socialista-denuncia-las-acusaciones-infundadas-del-alcalde-sobre-la-gestion-de-solares-en-ponferrada\/#primaryimage"},"image":{"@id":"https:\/\/agrupacionespsoe.es\/ponferrada\/el-grupo-municipal-socialista-denuncia-las-acusaciones-infundadas-del-alcalde-sobre-la-gestion-de-solares-en-ponferrada\/#primaryimage"},"thumbnailUrl":"https:\/\/agrupacionespsoe.es\/ponferrada\/wp-content\/uploads\/sites\/36\/2025\/03\/WhatsApp-Image-2025-03-21-at-12.38.02.jpeg","datePublished":"2025-03-19T11:26:59+00:00","dateModified":"2025-03-21T12:02:00+00:00","breadcrumb":{"@id":"https:\/\/agrupacionespsoe.es\/ponferrada\/el-grupo-municipal-socialista-denuncia-las-acusaciones-infundadas-del-alcalde-sobre-la-gestion-de-solares-en-ponferrada\/#breadcrumb"},"inLanguage":"es","potentialAction":[{"@type":"ReadAction","target":["https:\/\/agrupacionespsoe.es\/ponferrada\/el-grupo-municipal-socialista-denuncia-las-acusaciones-infundadas-del-alcalde-sobre-la-gestion-de-solares-en-ponferrada\/"]}]},{"@type":"ImageObject","inLanguage":"es","@id":"https:\/\/agrupacionespsoe.es\/ponferrada\/el-grupo-municipal-socialista-denuncia-las-acusaciones-infundadas-del-alcalde-sobre-la-gestion-de-solares-en-ponferrada\/#primaryimage","url":"https:\/\/agrupacionespsoe.es\/ponferrada\/wp-content\/uploads\/sites\/36\/2025\/03\/WhatsApp-Image-2025-03-21-at-12.38.02.jpeg","contentUrl":"https:\/\/agrupacionespsoe.es\/ponferrada\/wp-content\/uploads\/sites\/36\/2025\/03\/WhatsApp-Image-2025-03-21-at-12.38.02.jpeg","width":2048,"height":1487},{"@type":"BreadcrumbList","@id":"https:\/\/agrupacionespsoe.es\/ponferrada\/el-grupo-municipal-socialista-denuncia-las-acusaciones-infundadas-del-alcalde-sobre-la-gestion-de-solares-en-ponferrada\/#breadcrumb","itemListElement":[{"@type":"ListItem","position":1,"name":"Portada","item":"https:\/\/agrupacionespsoe.es\/ponferrada\/"},{"@type":"ListItem","position":2,"name":"El Grupo Municipal Socialista denuncia las acusaciones infundadas del alcalde sobre la gesti\u00f3n de solares en Ponferrada"}]},{"@type":"WebSite","@id":"https:\/\/agrupacionespsoe.es\/ponferrada\/#website","url":"https:\/\/agrupacionespsoe.es\/ponferrada\/","name":"Agrupaci\u00f3n Socialista de Ponferrada","description":"Agrupaci\u00f3n Socialista de Ponferrada","publisher":{"@id":"https:\/\/agrupacionespsoe.es\/ponferrada\/#organization"},"potentialAction":[{"@type":"SearchAction","target":{"@type":"EntryPoint","urlTemplate":"https:\/\/agrupacionespsoe.es\/ponferrada\/?s={search_term_string}"},"query-input":{"@type":"PropertyValueSpecification","valueRequired":true,"valueName":"search_term_string"}}],"inLanguage":"es"},{"@type":"Organization","@id":"https:\/\/agrupacionespsoe.es\/ponferrada\/#organization","name":"Agrupaci\u00f3n Socialista de Ponferrada","url":"https:\/\/agrupacionespsoe.es\/ponferrada\/","logo":{"@type":"ImageObject","inLanguage":"es","@id":"https:\/\/agrupacionespsoe.es\/ponferrada\/#\/schema\/logo\/image\/","url":"https:\/\/agrupacionespsoe.es\/wp-content\/uploads\/2022\/07\/Logotipo_electoral_del_PSOE.png","contentUrl":"https:\/\/agrupacionespsoe.es\/wp-content\/uploads\/2022\/07\/Logotipo_electoral_del_PSOE.png","width":422,"height":422,"caption":"Agrupaci\u00f3n Socialista de Ponferrada"},"image":{"@id":"https:\/\/agrupacionespsoe.es\/ponferrada\/#\/schema\/logo\/image\/"}},{"@type":"Person","@id":"https:\/\/agrupacionespsoe.es\/ponferrada\/#\/schema\/person\/cd29ee627f3b70c05d415f02596debaa","name":"ponferrada2","image":{"@type":"ImageObject","inLanguage":"es","@id":"https:\/\/agrupacionespsoe.es\/ponferrada\/#\/schema\/person\/image\/","url":"https:\/\/secure.gravatar.com\/avatar\/f499eeb60144c664cf7b7edf75549b50?s=96&d=mm&r=g","contentUrl":"https:\/\/secure.gravatar.com\/avatar\/f499eeb60144c664cf7b7edf75549b50?s=96&d=mm&r=g","caption":"ponferrada2"},"url":"https:\/\/agrupacionespsoe.es\/ponferrada\/author\/ponferrada2\/"}]}},"jetpack_featured_media_url":"https:\/\/agrupacionespsoe.es\/ponferrada\/wp-content\/uploads\/sites\/36\/2025\/03\/WhatsApp-Image-2025-03-21-at-12.38.02.jpeg","jetpack_sharing_enabled":true,"_links":{"self":[{"href":"https:\/\/agrupacionespsoe.es\/ponferrada\/wp-json\/wp\/v2\/posts\/817","targetHints":{"allow":["GET"]}}],"collection":[{"href":"https:\/\/agrupacionespsoe.es\/ponferrada\/wp-json\/wp\/v2\/posts"}],"about":[{"href":"https:\/\/agrupacionespsoe.es\/ponferrada\/wp-json\/wp\/v2\/types\/post"}],"author":[{"embeddable":true,"href":"https:\/\/agrupacionespsoe.es\/ponferrada\/wp-json\/wp\/v2\/users\/32"}],"replies":[{"embeddable":true,"href":"https:\/\/agrupacionespsoe.es\/ponferrada\/wp-json\/wp\/v2\/comments?post=817"}],"version-history":[{"count":2,"href":"https:\/\/agrupacionespsoe.es\/ponferrada\/wp-json\/wp\/v2\/posts\/817\/revisions"}],"predecessor-version":[{"id":821,"href":"https:\/\/agrupacionespsoe.es\/ponferrada\/wp-json\/wp\/v2\/posts\/817\/revisions\/821"}],"wp:featuredmedia":[{"embeddable":true,"href":"https:\/\/agrupacionespsoe.es\/ponferrada\/wp-json\/wp\/v2\/media\/820"}],"wp:attachment":[{"href":"https:\/\/agrupacionespsoe.es\/ponferrada\/wp-json\/wp\/v2\/media?parent=817"}],"wp:term":[{"taxonomy":"category","embeddable":true,"href":"https:\/\/agrupacionespsoe.es\/ponferrada\/wp-json\/wp\/v2\/categories?post=817"},{"taxonomy":"post_tag","embeddable":true,"href":"https:\/\/agrupacionespsoe.es\/ponferrada\/wp-json\/wp\/v2\/tags?post=817"}],"curies":[{"name":"wp","href":"https:\/\/api.w.org\/{rel}","templated":true}]}}