{"id":814,"date":"2025-03-18T08:53:00","date_gmt":"2025-03-18T08:53:00","guid":{"rendered":"https:\/\/agrupacionespsoe.es\/ponferrada\/?p=814"},"modified":"2025-03-18T08:53:02","modified_gmt":"2025-03-18T08:53:02","slug":"jose-antonio-carton-denuncia-que-el-equipo-de-morala-no-acierta-ni-cuando-rectifica","status":"publish","type":"post","link":"https:\/\/agrupacionespsoe.es\/ponferrada\/jose-antonio-carton-denuncia-que-el-equipo-de-morala-no-acierta-ni-cuando-rectifica\/","title":{"rendered":"Jose Antonio Cart\u00f3n denuncia que el equipo de Morala no acierta ni cuando rectifica"},"content":{"rendered":"\n<p>El Grupo Municipal Socialista denuncia, una vez m\u00e1s, la p\u00e9sima gesti\u00f3n del servicio municipal de autobuses por parte del equipo de gobierno. A pesar de que el concejal de Movilidad, Carlos Fern\u00e1ndez, calific\u00f3 la manifestaci\u00f3n del pasado viernes como \u201cabsurda\u201d y asegur\u00f3 que \u201cse han dado soluciones a todos los problemas\u201d, la realidad demuestra que el transporte p\u00fablico sigue generando un gran malestar entre los usuarios.<\/p>\n\n\n\n<p>Jose Antonio Cart\u00f3n, responsable del servicio en el mandato anterior ha se\u00f1alado que \u201ctan solucionados estaban que, casualmente, el mismo d\u00eda de la protesta, el Ayuntamiento anunci\u00f3 una serie de \u201cmejoras\u201d en el servicio de autobuses. Eso s\u00ed, lejos de corregir el verdadero problema \u2014la falta de frecuencias y la incertidumbre sobre los horarios\u2014, han optado por su t\u00e1ctica habitual: a\u00f1adir unas cuantas paradas aqu\u00ed y all\u00e1 y esperar que la gente deje de protestar.<\/p>\n\n\n\n<p>Sin embargo, Cart\u00f3n se\u00f1ala que&nbsp; \u00aben el equipo de Morala no aciertan ni cuando rectifican\u00bb, ya que el problema real del transporte municipal no se soluciona con a\u00f1adir una o dos paradas en determinadas l\u00edneas, sino con una planificaci\u00f3n adecuada de las frecuencias. El mayor problema de los usuarios del autob\u00fas municipal sigue siendo la incertidumbre sobre los horarios, ya que nadie sabe con exactitud cu\u00e1ndo pasar\u00e1 su autob\u00fas.<\/p>\n\n\n\n<p>Jose Antonio Cart\u00f3n denuncia que el aumento de 20 minutos en todas las l\u00edneas, sin considerar las diferencias en kil\u00f3metros y trayectos, ha provocado situaciones absurdas, como la acumulaci\u00f3n de hasta tres autobuses en la misma parada con destino al mismo lugar, como pasa por ejemplo en la Avenida de Galicia en direcci\u00f3n al Hospital, donde los veh\u00edculos se acumulan, hasta 3 l\u00edneas diferentes,&nbsp; en lugar de distribuirse de manera eficiente.<\/p>\n\n\n\n<p>Uno de los cambios es la recuperaci\u00f3n del servicio directo al Hospital desde Santo Tom\u00e1s de las Ollas en la L\u00ednea 6, un trayecto que hab\u00eda sido retirado en 2021 y que ahora se restablece. Desde el PSOE nos vuelve a llamar la atenci\u00f3n las coincidencias entre los servicios y los colores de quien gobierna ya que hasta ahora era posible realizar el trayecto con un simple transbordo en el intercambiador.<\/p>\n\n\n\n<p>La \u00fanica explicaci\u00f3n l\u00f3gica es que la nueva planificaci\u00f3n de frecuencias ha hecho imposible la conexi\u00f3n con otros autobuses, dejando a muchos usuarios sin alternativa y obligando al Ayuntamiento a improvisar parches en el servicio.<\/p>\n\n\n\n<p>Desde el PSOE exigimos al equipo de gobierno que escuche de una vez por todas a los ciudadanos y restablezca las frecuencias que siempre han existido, aplicando criterios de eficiencia y utilidad real. No se trata de a\u00f1adir paradas de forma arbitraria ni de hacer cambios improvisados para acallar las cr\u00edticas. Se trata de ofrecer un servicio de transporte p\u00fablico que realmente funcione y que sea una alternativa viable para los vecinos y vecinas de Ponferrada.<\/p>\n\n\n\n<figure class=\"wp-block-image size-large\"><img loading=\"lazy\" decoding=\"async\" width=\"995\" height=\"1024\" src=\"https:\/\/agrupacionespsoe.es\/ponferrada\/wp-content\/uploads\/sites\/36\/2025\/02\/WhatsApp-Image-2025-02-07-at-13.29.35-995x1024.jpeg\" alt=\"\" class=\"wp-image-778\" srcset=\"https:\/\/agrupacionespsoe.es\/ponferrada\/wp-content\/uploads\/sites\/36\/2025\/02\/WhatsApp-Image-2025-02-07-at-13.29.35-995x1024.jpeg 995w, https:\/\/agrupacionespsoe.es\/ponferrada\/wp-content\/uploads\/sites\/36\/2025\/02\/WhatsApp-Image-2025-02-07-at-13.29.35-292x300.jpeg 292w, https:\/\/agrupacionespsoe.es\/ponferrada\/wp-content\/uploads\/sites\/36\/2025\/02\/WhatsApp-Image-2025-02-07-at-13.29.35-768x790.jpeg 768w, https:\/\/agrupacionespsoe.es\/ponferrada\/wp-content\/uploads\/sites\/36\/2025\/02\/WhatsApp-Image-2025-02-07-at-13.29.35.jpeg 1476w\" sizes=\"auto, (max-width: 995px) 100vw, 995px\" \/><\/figure>\n","protected":false},"excerpt":{"rendered":"<p>El Grupo Municipal Socialista denuncia, una vez m\u00e1s, la p\u00e9sima gesti\u00f3n del servicio municipal de autobuses por parte del equipo de gobierno. A pesar de que el concejal de Movilidad, Carlos Fern\u00e1ndez, calific\u00f3 la manifestaci\u00f3n del pasado viernes como \u201cabsurda\u201d y asegur\u00f3 que \u201cse han dado soluciones a todos los problemas\u201d, la realidad demuestra que &#8230;<\/p>\n","protected":false},"author":32,"featured_media":778,"comment_status":"open","ping_status":"open","sticky":false,"template":"","format":"standard","meta":{"_jetpack_memberships_contains_paid_content":false,"footnotes":""},"categories":[6],"tags":[],"class_list":["post-814","post","type-post","status-publish","format-standard","has-post-thumbnail","hentry","category-actualidad"],"yoast_head":"<!-- This site is optimized with the Yoast SEO plugin v24.0 - https:\/\/yoast.com\/wordpress\/plugins\/seo\/ -->\n<title>Jose Antonio Cart\u00f3n denuncia que el equipo de Morala no acierta ni cuando rectifica - Agrupaci\u00f3n Socialista de Ponferrada<\/title>\n<meta name=\"robots\" content=\"index, follow, max-snippet:-1, max-image-preview:large, max-video-preview:-1\" \/>\n<link rel=\"canonical\" href=\"https:\/\/agrupacionespsoe.es\/ponferrada\/jose-antonio-carton-denuncia-que-el-equipo-de-morala-no-acierta-ni-cuando-rectifica\/\" \/>\n<meta property=\"og:locale\" content=\"es_ES\" \/>\n<meta property=\"og:type\" content=\"article\" \/>\n<meta property=\"og:title\" content=\"Jose Antonio Cart\u00f3n denuncia que el equipo de Morala no acierta ni cuando rectifica - Agrupaci\u00f3n Socialista de Ponferrada\" \/>\n<meta property=\"og:description\" content=\"El Grupo Municipal Socialista denuncia, una vez m\u00e1s, la p\u00e9sima gesti\u00f3n del servicio municipal de autobuses por parte del equipo de gobierno. A pesar de que el concejal de Movilidad, Carlos Fern\u00e1ndez, calific\u00f3 la manifestaci\u00f3n del pasado viernes como \u201cabsurda\u201d y asegur\u00f3 que \u201cse han dado soluciones a todos los problemas\u201d, la realidad demuestra que ...\" \/>\n<meta property=\"og:url\" content=\"https:\/\/agrupacionespsoe.es\/ponferrada\/jose-antonio-carton-denuncia-que-el-equipo-de-morala-no-acierta-ni-cuando-rectifica\/\" \/>\n<meta property=\"og:site_name\" content=\"Agrupaci\u00f3n Socialista de Ponferrada\" \/>\n<meta property=\"article:published_time\" content=\"2025-03-18T08:53:00+00:00\" \/>\n<meta property=\"article:modified_time\" content=\"2025-03-18T08:53:02+00:00\" \/>\n<meta property=\"og:image\" content=\"https:\/\/agrupacionespsoe.es\/ponferrada\/wp-content\/uploads\/sites\/36\/2025\/02\/WhatsApp-Image-2025-02-07-at-13.29.35.jpeg\" \/>\n\t<meta property=\"og:image:width\" content=\"1476\" \/>\n\t<meta property=\"og:image:height\" content=\"1519\" \/>\n\t<meta property=\"og:image:type\" content=\"image\/jpeg\" \/>\n<meta name=\"author\" content=\"ponferrada2\" \/>\n<meta name=\"twitter:card\" content=\"summary_large_image\" \/>\n<meta name=\"twitter:label1\" content=\"Escrito por\" \/>\n\t<meta name=\"twitter:data1\" content=\"ponferrada2\" \/>\n\t<meta name=\"twitter:label2\" content=\"Tiempo de lectura\" \/>\n\t<meta name=\"twitter:data2\" content=\"3 minutos\" \/>\n<script type=\"application\/ld+json\" class=\"yoast-schema-graph\">{\"@context\":\"https:\/\/schema.org\",\"@graph\":[{\"@type\":\"Article\",\"@id\":\"https:\/\/agrupacionespsoe.es\/ponferrada\/jose-antonio-carton-denuncia-que-el-equipo-de-morala-no-acierta-ni-cuando-rectifica\/#article\",\"isPartOf\":{\"@id\":\"https:\/\/agrupacionespsoe.es\/ponferrada\/jose-antonio-carton-denuncia-que-el-equipo-de-morala-no-acierta-ni-cuando-rectifica\/\"},\"author\":{\"name\":\"ponferrada2\",\"@id\":\"https:\/\/agrupacionespsoe.es\/ponferrada\/#\/schema\/person\/cd29ee627f3b70c05d415f02596debaa\"},\"headline\":\"Jose Antonio Cart\u00f3n denuncia que el equipo de Morala no acierta ni cuando rectifica\",\"datePublished\":\"2025-03-18T08:53:00+00:00\",\"dateModified\":\"2025-03-18T08:53:02+00:00\",\"mainEntityOfPage\":{\"@id\":\"https:\/\/agrupacionespsoe.es\/ponferrada\/jose-antonio-carton-denuncia-que-el-equipo-de-morala-no-acierta-ni-cuando-rectifica\/\"},\"wordCount\":514,\"commentCount\":0,\"publisher\":{\"@id\":\"https:\/\/agrupacionespsoe.es\/ponferrada\/#organization\"},\"image\":{\"@id\":\"https:\/\/agrupacionespsoe.es\/ponferrada\/jose-antonio-carton-denuncia-que-el-equipo-de-morala-no-acierta-ni-cuando-rectifica\/#primaryimage\"},\"thumbnailUrl\":\"https:\/\/agrupacionespsoe.es\/ponferrada\/wp-content\/uploads\/sites\/36\/2025\/02\/WhatsApp-Image-2025-02-07-at-13.29.35.jpeg\",\"articleSection\":[\"ACTUALIDAD\"],\"inLanguage\":\"es\",\"potentialAction\":[{\"@type\":\"CommentAction\",\"name\":\"Comment\",\"target\":[\"https:\/\/agrupacionespsoe.es\/ponferrada\/jose-antonio-carton-denuncia-que-el-equipo-de-morala-no-acierta-ni-cuando-rectifica\/#respond\"]}]},{\"@type\":\"WebPage\",\"@id\":\"https:\/\/agrupacionespsoe.es\/ponferrada\/jose-antonio-carton-denuncia-que-el-equipo-de-morala-no-acierta-ni-cuando-rectifica\/\",\"url\":\"https:\/\/agrupacionespsoe.es\/ponferrada\/jose-antonio-carton-denuncia-que-el-equipo-de-morala-no-acierta-ni-cuando-rectifica\/\",\"name\":\"Jose Antonio Cart\u00f3n denuncia que el equipo de Morala no acierta ni cuando rectifica - Agrupaci\u00f3n Socialista de Ponferrada\",\"isPartOf\":{\"@id\":\"https:\/\/agrupacionespsoe.es\/ponferrada\/#website\"},\"primaryImageOfPage\":{\"@id\":\"https:\/\/agrupacionespsoe.es\/ponferrada\/jose-antonio-carton-denuncia-que-el-equipo-de-morala-no-acierta-ni-cuando-rectifica\/#primaryimage\"},\"image\":{\"@id\":\"https:\/\/agrupacionespsoe.es\/ponferrada\/jose-antonio-carton-denuncia-que-el-equipo-de-morala-no-acierta-ni-cuando-rectifica\/#primaryimage\"},\"thumbnailUrl\":\"https:\/\/agrupacionespsoe.es\/ponferrada\/wp-content\/uploads\/sites\/36\/2025\/02\/WhatsApp-Image-2025-02-07-at-13.29.35.jpeg\",\"datePublished\":\"2025-03-18T08:53:00+00:00\",\"dateModified\":\"2025-03-18T08:53:02+00:00\",\"breadcrumb\":{\"@id\":\"https:\/\/agrupacionespsoe.es\/ponferrada\/jose-antonio-carton-denuncia-que-el-equipo-de-morala-no-acierta-ni-cuando-rectifica\/#breadcrumb\"},\"inLanguage\":\"es\",\"potentialAction\":[{\"@type\":\"ReadAction\",\"target\":[\"https:\/\/agrupacionespsoe.es\/ponferrada\/jose-antonio-carton-denuncia-que-el-equipo-de-morala-no-acierta-ni-cuando-rectifica\/\"]}]},{\"@type\":\"ImageObject\",\"inLanguage\":\"es\",\"@id\":\"https:\/\/agrupacionespsoe.es\/ponferrada\/jose-antonio-carton-denuncia-que-el-equipo-de-morala-no-acierta-ni-cuando-rectifica\/#primaryimage\",\"url\":\"https:\/\/agrupacionespsoe.es\/ponferrada\/wp-content\/uploads\/sites\/36\/2025\/02\/WhatsApp-Image-2025-02-07-at-13.29.35.jpeg\",\"contentUrl\":\"https:\/\/agrupacionespsoe.es\/ponferrada\/wp-content\/uploads\/sites\/36\/2025\/02\/WhatsApp-Image-2025-02-07-at-13.29.35.jpeg\",\"width\":1476,\"height\":1519},{\"@type\":\"BreadcrumbList\",\"@id\":\"https:\/\/agrupacionespsoe.es\/ponferrada\/jose-antonio-carton-denuncia-que-el-equipo-de-morala-no-acierta-ni-cuando-rectifica\/#breadcrumb\",\"itemListElement\":[{\"@type\":\"ListItem\",\"position\":1,\"name\":\"Portada\",\"item\":\"https:\/\/agrupacionespsoe.es\/ponferrada\/\"},{\"@type\":\"ListItem\",\"position\":2,\"name\":\"Jose Antonio Cart\u00f3n denuncia que el equipo de Morala no acierta ni cuando rectifica\"}]},{\"@type\":\"WebSite\",\"@id\":\"https:\/\/agrupacionespsoe.es\/ponferrada\/#website\",\"url\":\"https:\/\/agrupacionespsoe.es\/ponferrada\/\",\"name\":\"Agrupaci\u00f3n Socialista de Ponferrada\",\"description\":\"Agrupaci\u00f3n Socialista de Ponferrada\",\"publisher\":{\"@id\":\"https:\/\/agrupacionespsoe.es\/ponferrada\/#organization\"},\"potentialAction\":[{\"@type\":\"SearchAction\",\"target\":{\"@type\":\"EntryPoint\",\"urlTemplate\":\"https:\/\/agrupacionespsoe.es\/ponferrada\/?s={search_term_string}\"},\"query-input\":{\"@type\":\"PropertyValueSpecification\",\"valueRequired\":true,\"valueName\":\"search_term_string\"}}],\"inLanguage\":\"es\"},{\"@type\":\"Organization\",\"@id\":\"https:\/\/agrupacionespsoe.es\/ponferrada\/#organization\",\"name\":\"Agrupaci\u00f3n Socialista de Ponferrada\",\"url\":\"https:\/\/agrupacionespsoe.es\/ponferrada\/\",\"logo\":{\"@type\":\"ImageObject\",\"inLanguage\":\"es\",\"@id\":\"https:\/\/agrupacionespsoe.es\/ponferrada\/#\/schema\/logo\/image\/\",\"url\":\"https:\/\/agrupacionespsoe.es\/wp-content\/uploads\/2022\/07\/Logotipo_electoral_del_PSOE.png\",\"contentUrl\":\"https:\/\/agrupacionespsoe.es\/wp-content\/uploads\/2022\/07\/Logotipo_electoral_del_PSOE.png\",\"width\":422,\"height\":422,\"caption\":\"Agrupaci\u00f3n Socialista de Ponferrada\"},\"image\":{\"@id\":\"https:\/\/agrupacionespsoe.es\/ponferrada\/#\/schema\/logo\/image\/\"}},{\"@type\":\"Person\",\"@id\":\"https:\/\/agrupacionespsoe.es\/ponferrada\/#\/schema\/person\/cd29ee627f3b70c05d415f02596debaa\",\"name\":\"ponferrada2\",\"image\":{\"@type\":\"ImageObject\",\"inLanguage\":\"es\",\"@id\":\"https:\/\/agrupacionespsoe.es\/ponferrada\/#\/schema\/person\/image\/\",\"url\":\"https:\/\/secure.gravatar.com\/avatar\/f499eeb60144c664cf7b7edf75549b50?s=96&d=mm&r=g\",\"contentUrl\":\"https:\/\/secure.gravatar.com\/avatar\/f499eeb60144c664cf7b7edf75549b50?s=96&d=mm&r=g\",\"caption\":\"ponferrada2\"},\"url\":\"https:\/\/agrupacionespsoe.es\/ponferrada\/author\/ponferrada2\/\"}]}<\/script>\n<!-- \/ Yoast SEO plugin. -->","yoast_head_json":{"title":"Jose Antonio Cart\u00f3n denuncia que el equipo de Morala no acierta ni cuando rectifica - Agrupaci\u00f3n Socialista de Ponferrada","robots":{"index":"index","follow":"follow","max-snippet":"max-snippet:-1","max-image-preview":"max-image-preview:large","max-video-preview":"max-video-preview:-1"},"canonical":"https:\/\/agrupacionespsoe.es\/ponferrada\/jose-antonio-carton-denuncia-que-el-equipo-de-morala-no-acierta-ni-cuando-rectifica\/","og_locale":"es_ES","og_type":"article","og_title":"Jose Antonio Cart\u00f3n denuncia que el equipo de Morala no acierta ni cuando rectifica - Agrupaci\u00f3n Socialista de Ponferrada","og_description":"El Grupo Municipal Socialista denuncia, una vez m\u00e1s, la p\u00e9sima gesti\u00f3n del servicio municipal de autobuses por parte del equipo de gobierno. A pesar de que el concejal de Movilidad, Carlos Fern\u00e1ndez, calific\u00f3 la manifestaci\u00f3n del pasado viernes como \u201cabsurda\u201d y asegur\u00f3 que \u201cse han dado soluciones a todos los problemas\u201d, la realidad demuestra que ...","og_url":"https:\/\/agrupacionespsoe.es\/ponferrada\/jose-antonio-carton-denuncia-que-el-equipo-de-morala-no-acierta-ni-cuando-rectifica\/","og_site_name":"Agrupaci\u00f3n Socialista de Ponferrada","article_published_time":"2025-03-18T08:53:00+00:00","article_modified_time":"2025-03-18T08:53:02+00:00","og_image":[{"width":1476,"height":1519,"url":"https:\/\/agrupacionespsoe.es\/ponferrada\/wp-content\/uploads\/sites\/36\/2025\/02\/WhatsApp-Image-2025-02-07-at-13.29.35.jpeg","type":"image\/jpeg"}],"author":"ponferrada2","twitter_card":"summary_large_image","twitter_misc":{"Escrito por":"ponferrada2","Tiempo de lectura":"3 minutos"},"schema":{"@context":"https:\/\/schema.org","@graph":[{"@type":"Article","@id":"https:\/\/agrupacionespsoe.es\/ponferrada\/jose-antonio-carton-denuncia-que-el-equipo-de-morala-no-acierta-ni-cuando-rectifica\/#article","isPartOf":{"@id":"https:\/\/agrupacionespsoe.es\/ponferrada\/jose-antonio-carton-denuncia-que-el-equipo-de-morala-no-acierta-ni-cuando-rectifica\/"},"author":{"name":"ponferrada2","@id":"https:\/\/agrupacionespsoe.es\/ponferrada\/#\/schema\/person\/cd29ee627f3b70c05d415f02596debaa"},"headline":"Jose Antonio Cart\u00f3n denuncia que el equipo de Morala no acierta ni cuando rectifica","datePublished":"2025-03-18T08:53:00+00:00","dateModified":"2025-03-18T08:53:02+00:00","mainEntityOfPage":{"@id":"https:\/\/agrupacionespsoe.es\/ponferrada\/jose-antonio-carton-denuncia-que-el-equipo-de-morala-no-acierta-ni-cuando-rectifica\/"},"wordCount":514,"commentCount":0,"publisher":{"@id":"https:\/\/agrupacionespsoe.es\/ponferrada\/#organization"},"image":{"@id":"https:\/\/agrupacionespsoe.es\/ponferrada\/jose-antonio-carton-denuncia-que-el-equipo-de-morala-no-acierta-ni-cuando-rectifica\/#primaryimage"},"thumbnailUrl":"https:\/\/agrupacionespsoe.es\/ponferrada\/wp-content\/uploads\/sites\/36\/2025\/02\/WhatsApp-Image-2025-02-07-at-13.29.35.jpeg","articleSection":["ACTUALIDAD"],"inLanguage":"es","potentialAction":[{"@type":"CommentAction","name":"Comment","target":["https:\/\/agrupacionespsoe.es\/ponferrada\/jose-antonio-carton-denuncia-que-el-equipo-de-morala-no-acierta-ni-cuando-rectifica\/#respond"]}]},{"@type":"WebPage","@id":"https:\/\/agrupacionespsoe.es\/ponferrada\/jose-antonio-carton-denuncia-que-el-equipo-de-morala-no-acierta-ni-cuando-rectifica\/","url":"https:\/\/agrupacionespsoe.es\/ponferrada\/jose-antonio-carton-denuncia-que-el-equipo-de-morala-no-acierta-ni-cuando-rectifica\/","name":"Jose Antonio Cart\u00f3n denuncia que el equipo de Morala no acierta ni cuando rectifica - Agrupaci\u00f3n Socialista de Ponferrada","isPartOf":{"@id":"https:\/\/agrupacionespsoe.es\/ponferrada\/#website"},"primaryImageOfPage":{"@id":"https:\/\/agrupacionespsoe.es\/ponferrada\/jose-antonio-carton-denuncia-que-el-equipo-de-morala-no-acierta-ni-cuando-rectifica\/#primaryimage"},"image":{"@id":"https:\/\/agrupacionespsoe.es\/ponferrada\/jose-antonio-carton-denuncia-que-el-equipo-de-morala-no-acierta-ni-cuando-rectifica\/#primaryimage"},"thumbnailUrl":"https:\/\/agrupacionespsoe.es\/ponferrada\/wp-content\/uploads\/sites\/36\/2025\/02\/WhatsApp-Image-2025-02-07-at-13.29.35.jpeg","datePublished":"2025-03-18T08:53:00+00:00","dateModified":"2025-03-18T08:53:02+00:00","breadcrumb":{"@id":"https:\/\/agrupacionespsoe.es\/ponferrada\/jose-antonio-carton-denuncia-que-el-equipo-de-morala-no-acierta-ni-cuando-rectifica\/#breadcrumb"},"inLanguage":"es","potentialAction":[{"@type":"ReadAction","target":["https:\/\/agrupacionespsoe.es\/ponferrada\/jose-antonio-carton-denuncia-que-el-equipo-de-morala-no-acierta-ni-cuando-rectifica\/"]}]},{"@type":"ImageObject","inLanguage":"es","@id":"https:\/\/agrupacionespsoe.es\/ponferrada\/jose-antonio-carton-denuncia-que-el-equipo-de-morala-no-acierta-ni-cuando-rectifica\/#primaryimage","url":"https:\/\/agrupacionespsoe.es\/ponferrada\/wp-content\/uploads\/sites\/36\/2025\/02\/WhatsApp-Image-2025-02-07-at-13.29.35.jpeg","contentUrl":"https:\/\/agrupacionespsoe.es\/ponferrada\/wp-content\/uploads\/sites\/36\/2025\/02\/WhatsApp-Image-2025-02-07-at-13.29.35.jpeg","width":1476,"height":1519},{"@type":"BreadcrumbList","@id":"https:\/\/agrupacionespsoe.es\/ponferrada\/jose-antonio-carton-denuncia-que-el-equipo-de-morala-no-acierta-ni-cuando-rectifica\/#breadcrumb","itemListElement":[{"@type":"ListItem","position":1,"name":"Portada","item":"https:\/\/agrupacionespsoe.es\/ponferrada\/"},{"@type":"ListItem","position":2,"name":"Jose Antonio Cart\u00f3n denuncia que el equipo de Morala no acierta ni cuando rectifica"}]},{"@type":"WebSite","@id":"https:\/\/agrupacionespsoe.es\/ponferrada\/#website","url":"https:\/\/agrupacionespsoe.es\/ponferrada\/","name":"Agrupaci\u00f3n Socialista de Ponferrada","description":"Agrupaci\u00f3n Socialista de Ponferrada","publisher":{"@id":"https:\/\/agrupacionespsoe.es\/ponferrada\/#organization"},"potentialAction":[{"@type":"SearchAction","target":{"@type":"EntryPoint","urlTemplate":"https:\/\/agrupacionespsoe.es\/ponferrada\/?s={search_term_string}"},"query-input":{"@type":"PropertyValueSpecification","valueRequired":true,"valueName":"search_term_string"}}],"inLanguage":"es"},{"@type":"Organization","@id":"https:\/\/agrupacionespsoe.es\/ponferrada\/#organization","name":"Agrupaci\u00f3n Socialista de Ponferrada","url":"https:\/\/agrupacionespsoe.es\/ponferrada\/","logo":{"@type":"ImageObject","inLanguage":"es","@id":"https:\/\/agrupacionespsoe.es\/ponferrada\/#\/schema\/logo\/image\/","url":"https:\/\/agrupacionespsoe.es\/wp-content\/uploads\/2022\/07\/Logotipo_electoral_del_PSOE.png","contentUrl":"https:\/\/agrupacionespsoe.es\/wp-content\/uploads\/2022\/07\/Logotipo_electoral_del_PSOE.png","width":422,"height":422,"caption":"Agrupaci\u00f3n Socialista de Ponferrada"},"image":{"@id":"https:\/\/agrupacionespsoe.es\/ponferrada\/#\/schema\/logo\/image\/"}},{"@type":"Person","@id":"https:\/\/agrupacionespsoe.es\/ponferrada\/#\/schema\/person\/cd29ee627f3b70c05d415f02596debaa","name":"ponferrada2","image":{"@type":"ImageObject","inLanguage":"es","@id":"https:\/\/agrupacionespsoe.es\/ponferrada\/#\/schema\/person\/image\/","url":"https:\/\/secure.gravatar.com\/avatar\/f499eeb60144c664cf7b7edf75549b50?s=96&d=mm&r=g","contentUrl":"https:\/\/secure.gravatar.com\/avatar\/f499eeb60144c664cf7b7edf75549b50?s=96&d=mm&r=g","caption":"ponferrada2"},"url":"https:\/\/agrupacionespsoe.es\/ponferrada\/author\/ponferrada2\/"}]}},"jetpack_featured_media_url":"https:\/\/agrupacionespsoe.es\/ponferrada\/wp-content\/uploads\/sites\/36\/2025\/02\/WhatsApp-Image-2025-02-07-at-13.29.35.jpeg","jetpack_sharing_enabled":true,"_links":{"self":[{"href":"https:\/\/agrupacionespsoe.es\/ponferrada\/wp-json\/wp\/v2\/posts\/814","targetHints":{"allow":["GET"]}}],"collection":[{"href":"https:\/\/agrupacionespsoe.es\/ponferrada\/wp-json\/wp\/v2\/posts"}],"about":[{"href":"https:\/\/agrupacionespsoe.es\/ponferrada\/wp-json\/wp\/v2\/types\/post"}],"author":[{"embeddable":true,"href":"https:\/\/agrupacionespsoe.es\/ponferrada\/wp-json\/wp\/v2\/users\/32"}],"replies":[{"embeddable":true,"href":"https:\/\/agrupacionespsoe.es\/ponferrada\/wp-json\/wp\/v2\/comments?post=814"}],"version-history":[{"count":2,"href":"https:\/\/agrupacionespsoe.es\/ponferrada\/wp-json\/wp\/v2\/posts\/814\/revisions"}],"predecessor-version":[{"id":816,"href":"https:\/\/agrupacionespsoe.es\/ponferrada\/wp-json\/wp\/v2\/posts\/814\/revisions\/816"}],"wp:featuredmedia":[{"embeddable":true,"href":"https:\/\/agrupacionespsoe.es\/ponferrada\/wp-json\/wp\/v2\/media\/778"}],"wp:attachment":[{"href":"https:\/\/agrupacionespsoe.es\/ponferrada\/wp-json\/wp\/v2\/media?parent=814"}],"wp:term":[{"taxonomy":"category","embeddable":true,"href":"https:\/\/agrupacionespsoe.es\/ponferrada\/wp-json\/wp\/v2\/categories?post=814"},{"taxonomy":"post_tag","embeddable":true,"href":"https:\/\/agrupacionespsoe.es\/ponferrada\/wp-json\/wp\/v2\/tags?post=814"}],"curies":[{"name":"wp","href":"https:\/\/api.w.org\/{rel}","templated":true}]}}