{"id":807,"date":"2025-03-13T16:31:22","date_gmt":"2025-03-13T16:31:22","guid":{"rendered":"https:\/\/agrupacionespsoe.es\/ponferrada\/?p=807"},"modified":"2025-03-14T19:26:23","modified_gmt":"2025-03-14T19:26:23","slug":"el-psoe-recurrira-ante-la-via-contencioso-administrativa-la-venta-del-solar-del-antiguo-cuartel-de-la-guardia-civil","status":"publish","type":"post","link":"https:\/\/agrupacionespsoe.es\/ponferrada\/el-psoe-recurrira-ante-la-via-contencioso-administrativa-la-venta-del-solar-del-antiguo-cuartel-de-la-guardia-civil\/","title":{"rendered":"El PSOE recurrir\u00e1 ante la v\u00eda contencioso-administrativa la venta del solar del antiguo cuartel de la Guardia Civil"},"content":{"rendered":"\n<p>El Grupo Municipal Socialista ha anunciado su decisi\u00f3n de recurrir ante la v\u00eda contencioso-administrativa la desestimaci\u00f3n del recurso de reposici\u00f3n presentado contra la venta del solar del antiguo cuartel de la Guardia Civil. Consideran que esta operaci\u00f3n no solo vulnera el inter\u00e9s p\u00fablico, sino que presenta serias irregularidades jur\u00eddicas.<\/p>\n\n\n\n<p>El portavoz socialista ha denunciado la opacidad con la que se ha llevado a cabo el proceso, recordando que, pese a que se argumenta que las actas del procedimiento son p\u00fablicas, a d\u00eda de hoy siguen sin estar disponibles. \u201cOs invito a buscarlas, pero siguen sin colgarse. Ese argumento es simplemente una excusa para evitar dar explicaciones a la ciudadan\u00eda\u201d, ha se\u00f1alado.<\/p>\n\n\n\n<p>El Grupo Municipal Socialista sostiene que la venta del solar, adquirido por 3,7 millones de euros y ahora malvendido por 804.000 euros, no responde al inter\u00e9s p\u00fablico. \u201cNo manejamos los mismos valores \u00e9ticos. Un bien p\u00fablico que ha costado casi cuatro veces m\u00e1s de lo que ahora se obtiene con su venta no puede justificarse con el simple argumento de la necesidad de ingresos municipales. La gesti\u00f3n de los bienes p\u00fablicos debe hacerse con responsabilidad y lealtad institucional\u201d, ha afirmado el portavoz.<\/p>\n\n\n\n<p>Desde el PSOE consideran que la justificaci\u00f3n de la falta de legitimaci\u00f3n para recurrir se basa en argumentos jur\u00eddicos d\u00e9biles. \u201cDicen que para tener legitimaci\u00f3n deber\u00edamos tener un inter\u00e9s en el contrato. Y claro que tenemos un inter\u00e9s, pero no personal, sino en la defensa del inter\u00e9s p\u00fablico y de la legalidad\u201d, han se\u00f1alado. Asimismo, insisten en que la normativa aplicable deber\u00eda ser la espec\u00edfica para entidades locales, que no permite subastas a la baja sin una motivaci\u00f3n excepcional debidamente acreditada, algo que en este caso no ocurre.<\/p>\n\n\n\n<p>Adem\u00e1s, han subrayado que el anuncio publicado en el Bolet\u00edn Oficial de la Provincia (BOP) no constituye una exposici\u00f3n p\u00fablica real del expediente. \u201cQuienes defienden la legalidad de esta operaci\u00f3n argumentan que el anuncio en el BOP era suficiente. Pero basta con leerlo para ver que en ning\u00fan momento se habla de exposici\u00f3n p\u00fablica, sino de la apertura de un plazo para alegaciones. No ha habido transparencia ni participaci\u00f3n\u201d, ha denunciado el portavoz socialista.<\/p>\n\n\n\n<p><strong>Diferencias entre la gesti\u00f3n del PSOE y del PP<\/strong><\/p>\n\n\n\n<p>Desde el PSOE han querido dejar claro que este tipo de operaciones marcan la diferencia entre su modelo de gesti\u00f3n y el del PP. \u201cNo es lo mismo que gobierne el PSOE a que gobierne el PP. Para el PSOE, el patrimonio p\u00fablico es una herramienta fundamental en la defensa del inter\u00e9s general. Para el PP, en cambio, el patrimonio de todos les importa un bledo si pueden conseguir unas cuantas monedas con las que traficar votos\u201d, han afirmado.<\/p>\n\n\n\n<p>Han se\u00f1alado que este solar tiene un uso y aunque excepcional est\u00e1 muy bien valorado que es el aparcamiento y que, desde el grupo socialista hubi\u00e9ramos podido estar de acuerdo en hacer una venta a la baja si hubiera unas condiciones, como por ejemplo la construcci\u00f3n de viviendas a personas vulnerables o a j\u00f3venes.  Sin embargo, no se ha establecido ning\u00fan tipo de condici\u00f3n o plazo para su desarrollo, lo que deja abierta la posibilidad de especulaci\u00f3n sin garantizar ning\u00fan beneficio social. \u201cNo podemos entender, y lo vamos a pelear tanto desde el punto de vista pol\u00edtico como judicial, esta maniobra de depreciaci\u00f3n sistem\u00e1tica del patrimonio municipal\u201d, ha asegurado el portavoz socialista.<\/p>\n\n\n\n<p><strong>Consecuencias y pr\u00f3ximos pasos<\/strong><\/p>\n\n\n\n<p>El PSOE ha advertido que esta venta puede marcar el inicio de un proceso de liquidaci\u00f3n del patrimonio municipal \u201cnos preocupa que esta sea solo la primera de varias operaciones de este tipo. Nos tememos que este equipo de gobierno est\u00e9 allanando el camino para seguir dilapidando el patrimonio inmobiliario del Ayuntamiento\u201d, han alertado.<\/p>\n\n\n\n<p>Finalmente, han anunciado que el pr\u00f3ximo lunes se reunir\u00e1n con el alcalde, a petici\u00f3n de este, pero han dejado claro que trasladar\u00e1n su firme oposici\u00f3n a esta operaci\u00f3n. \u201cEl alcalde dice que no cree que esto vaya a tener consecuencias, pero nosotros consideramos que todo tiene consecuencias y, evidentemente, las tendr\u00e1\u201d, han concluido.<\/p>\n\n\n\n<figure class=\"wp-block-gallery has-nested-images columns-default is-cropped wp-block-gallery-1 is-layout-flex wp-block-gallery-is-layout-flex\">\n<figure class=\"wp-block-image size-large\"><img loading=\"lazy\" decoding=\"async\" width=\"1024\" height=\"735\" data-id=\"808\" src=\"https:\/\/agrupacionespsoe.es\/ponferrada\/wp-content\/uploads\/sites\/36\/2025\/03\/WhatsApp-Image-2025-03-14-at-17.58.48-1024x735.jpeg\" alt=\"\" class=\"wp-image-808\" srcset=\"https:\/\/agrupacionespsoe.es\/ponferrada\/wp-content\/uploads\/sites\/36\/2025\/03\/WhatsApp-Image-2025-03-14-at-17.58.48-1024x735.jpeg 1024w, https:\/\/agrupacionespsoe.es\/ponferrada\/wp-content\/uploads\/sites\/36\/2025\/03\/WhatsApp-Image-2025-03-14-at-17.58.48-300x215.jpeg 300w, https:\/\/agrupacionespsoe.es\/ponferrada\/wp-content\/uploads\/sites\/36\/2025\/03\/WhatsApp-Image-2025-03-14-at-17.58.48-768x551.jpeg 768w, https:\/\/agrupacionespsoe.es\/ponferrada\/wp-content\/uploads\/sites\/36\/2025\/03\/WhatsApp-Image-2025-03-14-at-17.58.48-1536x1102.jpeg 1536w, https:\/\/agrupacionespsoe.es\/ponferrada\/wp-content\/uploads\/sites\/36\/2025\/03\/WhatsApp-Image-2025-03-14-at-17.58.48.jpeg 2048w\" sizes=\"auto, (max-width: 1024px) 100vw, 1024px\" \/><\/figure>\n<\/figure>\n","protected":false},"excerpt":{"rendered":"<p>El Grupo Municipal Socialista ha anunciado su decisi\u00f3n de recurrir ante la v\u00eda contencioso-administrativa la desestimaci\u00f3n del recurso de reposici\u00f3n presentado contra la venta del solar del antiguo cuartel de la Guardia Civil. Consideran que esta operaci\u00f3n no solo vulnera el inter\u00e9s p\u00fablico, sino que presenta serias irregularidades jur\u00eddicas. El portavoz socialista ha denunciado la &#8230;<\/p>\n","protected":false},"author":32,"featured_media":808,"comment_status":"open","ping_status":"open","sticky":false,"template":"","format":"standard","meta":{"_jetpack_memberships_contains_paid_content":false,"footnotes":""},"categories":[6],"tags":[],"class_list":["post-807","post","type-post","status-publish","format-standard","has-post-thumbnail","hentry","category-actualidad"],"yoast_head":"<!-- This site is optimized with the Yoast SEO plugin v24.0 - https:\/\/yoast.com\/wordpress\/plugins\/seo\/ -->\n<title>El PSOE recurrir\u00e1 ante la v\u00eda contencioso-administrativa la venta del solar del antiguo cuartel de la Guardia Civil - Agrupaci\u00f3n Socialista de Ponferrada<\/title>\n<meta name=\"robots\" content=\"index, follow, max-snippet:-1, max-image-preview:large, max-video-preview:-1\" \/>\n<link rel=\"canonical\" href=\"https:\/\/agrupacionespsoe.es\/ponferrada\/el-psoe-recurrira-ante-la-via-contencioso-administrativa-la-venta-del-solar-del-antiguo-cuartel-de-la-guardia-civil\/\" \/>\n<meta property=\"og:locale\" content=\"es_ES\" \/>\n<meta property=\"og:type\" content=\"article\" \/>\n<meta property=\"og:title\" content=\"El PSOE recurrir\u00e1 ante la v\u00eda contencioso-administrativa la venta del solar del antiguo cuartel de la Guardia Civil - Agrupaci\u00f3n Socialista de Ponferrada\" \/>\n<meta property=\"og:description\" content=\"El Grupo Municipal Socialista ha anunciado su decisi\u00f3n de recurrir ante la v\u00eda contencioso-administrativa la desestimaci\u00f3n del recurso de reposici\u00f3n presentado contra la venta del solar del antiguo cuartel de la Guardia Civil. Consideran que esta operaci\u00f3n no solo vulnera el inter\u00e9s p\u00fablico, sino que presenta serias irregularidades jur\u00eddicas. El portavoz socialista ha denunciado la ...\" \/>\n<meta property=\"og:url\" content=\"https:\/\/agrupacionespsoe.es\/ponferrada\/el-psoe-recurrira-ante-la-via-contencioso-administrativa-la-venta-del-solar-del-antiguo-cuartel-de-la-guardia-civil\/\" \/>\n<meta property=\"og:site_name\" content=\"Agrupaci\u00f3n Socialista de Ponferrada\" \/>\n<meta property=\"article:published_time\" content=\"2025-03-13T16:31:22+00:00\" \/>\n<meta property=\"article:modified_time\" content=\"2025-03-14T19:26:23+00:00\" \/>\n<meta property=\"og:image\" content=\"https:\/\/agrupacionespsoe.es\/ponferrada\/wp-content\/uploads\/sites\/36\/2025\/03\/WhatsApp-Image-2025-03-14-at-17.58.48.jpeg\" \/>\n\t<meta property=\"og:image:width\" content=\"2048\" \/>\n\t<meta property=\"og:image:height\" content=\"1469\" \/>\n\t<meta property=\"og:image:type\" content=\"image\/jpeg\" \/>\n<meta name=\"author\" content=\"ponferrada2\" \/>\n<meta name=\"twitter:card\" content=\"summary_large_image\" \/>\n<meta name=\"twitter:label1\" content=\"Escrito por\" \/>\n\t<meta name=\"twitter:data1\" content=\"ponferrada2\" \/>\n\t<meta name=\"twitter:label2\" content=\"Tiempo de lectura\" \/>\n\t<meta name=\"twitter:data2\" content=\"4 minutos\" \/>\n<script type=\"application\/ld+json\" class=\"yoast-schema-graph\">{\"@context\":\"https:\/\/schema.org\",\"@graph\":[{\"@type\":\"Article\",\"@id\":\"https:\/\/agrupacionespsoe.es\/ponferrada\/el-psoe-recurrira-ante-la-via-contencioso-administrativa-la-venta-del-solar-del-antiguo-cuartel-de-la-guardia-civil\/#article\",\"isPartOf\":{\"@id\":\"https:\/\/agrupacionespsoe.es\/ponferrada\/el-psoe-recurrira-ante-la-via-contencioso-administrativa-la-venta-del-solar-del-antiguo-cuartel-de-la-guardia-civil\/\"},\"author\":{\"name\":\"ponferrada2\",\"@id\":\"https:\/\/agrupacionespsoe.es\/ponferrada\/#\/schema\/person\/cd29ee627f3b70c05d415f02596debaa\"},\"headline\":\"El PSOE recurrir\u00e1 ante la v\u00eda contencioso-administrativa la venta del solar del antiguo cuartel de la Guardia Civil\",\"datePublished\":\"2025-03-13T16:31:22+00:00\",\"dateModified\":\"2025-03-14T19:26:23+00:00\",\"mainEntityOfPage\":{\"@id\":\"https:\/\/agrupacionespsoe.es\/ponferrada\/el-psoe-recurrira-ante-la-via-contencioso-administrativa-la-venta-del-solar-del-antiguo-cuartel-de-la-guardia-civil\/\"},\"wordCount\":747,\"commentCount\":0,\"publisher\":{\"@id\":\"https:\/\/agrupacionespsoe.es\/ponferrada\/#organization\"},\"image\":{\"@id\":\"https:\/\/agrupacionespsoe.es\/ponferrada\/el-psoe-recurrira-ante-la-via-contencioso-administrativa-la-venta-del-solar-del-antiguo-cuartel-de-la-guardia-civil\/#primaryimage\"},\"thumbnailUrl\":\"https:\/\/agrupacionespsoe.es\/ponferrada\/wp-content\/uploads\/sites\/36\/2025\/03\/WhatsApp-Image-2025-03-14-at-17.58.48.jpeg\",\"articleSection\":[\"ACTUALIDAD\"],\"inLanguage\":\"es\",\"potentialAction\":[{\"@type\":\"CommentAction\",\"name\":\"Comment\",\"target\":[\"https:\/\/agrupacionespsoe.es\/ponferrada\/el-psoe-recurrira-ante-la-via-contencioso-administrativa-la-venta-del-solar-del-antiguo-cuartel-de-la-guardia-civil\/#respond\"]}]},{\"@type\":\"WebPage\",\"@id\":\"https:\/\/agrupacionespsoe.es\/ponferrada\/el-psoe-recurrira-ante-la-via-contencioso-administrativa-la-venta-del-solar-del-antiguo-cuartel-de-la-guardia-civil\/\",\"url\":\"https:\/\/agrupacionespsoe.es\/ponferrada\/el-psoe-recurrira-ante-la-via-contencioso-administrativa-la-venta-del-solar-del-antiguo-cuartel-de-la-guardia-civil\/\",\"name\":\"El PSOE recurrir\u00e1 ante la v\u00eda contencioso-administrativa la venta del solar del antiguo cuartel de la Guardia Civil - Agrupaci\u00f3n Socialista de Ponferrada\",\"isPartOf\":{\"@id\":\"https:\/\/agrupacionespsoe.es\/ponferrada\/#website\"},\"primaryImageOfPage\":{\"@id\":\"https:\/\/agrupacionespsoe.es\/ponferrada\/el-psoe-recurrira-ante-la-via-contencioso-administrativa-la-venta-del-solar-del-antiguo-cuartel-de-la-guardia-civil\/#primaryimage\"},\"image\":{\"@id\":\"https:\/\/agrupacionespsoe.es\/ponferrada\/el-psoe-recurrira-ante-la-via-contencioso-administrativa-la-venta-del-solar-del-antiguo-cuartel-de-la-guardia-civil\/#primaryimage\"},\"thumbnailUrl\":\"https:\/\/agrupacionespsoe.es\/ponferrada\/wp-content\/uploads\/sites\/36\/2025\/03\/WhatsApp-Image-2025-03-14-at-17.58.48.jpeg\",\"datePublished\":\"2025-03-13T16:31:22+00:00\",\"dateModified\":\"2025-03-14T19:26:23+00:00\",\"breadcrumb\":{\"@id\":\"https:\/\/agrupacionespsoe.es\/ponferrada\/el-psoe-recurrira-ante-la-via-contencioso-administrativa-la-venta-del-solar-del-antiguo-cuartel-de-la-guardia-civil\/#breadcrumb\"},\"inLanguage\":\"es\",\"potentialAction\":[{\"@type\":\"ReadAction\",\"target\":[\"https:\/\/agrupacionespsoe.es\/ponferrada\/el-psoe-recurrira-ante-la-via-contencioso-administrativa-la-venta-del-solar-del-antiguo-cuartel-de-la-guardia-civil\/\"]}]},{\"@type\":\"ImageObject\",\"inLanguage\":\"es\",\"@id\":\"https:\/\/agrupacionespsoe.es\/ponferrada\/el-psoe-recurrira-ante-la-via-contencioso-administrativa-la-venta-del-solar-del-antiguo-cuartel-de-la-guardia-civil\/#primaryimage\",\"url\":\"https:\/\/agrupacionespsoe.es\/ponferrada\/wp-content\/uploads\/sites\/36\/2025\/03\/WhatsApp-Image-2025-03-14-at-17.58.48.jpeg\",\"contentUrl\":\"https:\/\/agrupacionespsoe.es\/ponferrada\/wp-content\/uploads\/sites\/36\/2025\/03\/WhatsApp-Image-2025-03-14-at-17.58.48.jpeg\",\"width\":2048,\"height\":1469},{\"@type\":\"BreadcrumbList\",\"@id\":\"https:\/\/agrupacionespsoe.es\/ponferrada\/el-psoe-recurrira-ante-la-via-contencioso-administrativa-la-venta-del-solar-del-antiguo-cuartel-de-la-guardia-civil\/#breadcrumb\",\"itemListElement\":[{\"@type\":\"ListItem\",\"position\":1,\"name\":\"Portada\",\"item\":\"https:\/\/agrupacionespsoe.es\/ponferrada\/\"},{\"@type\":\"ListItem\",\"position\":2,\"name\":\"El PSOE recurrir\u00e1 ante la v\u00eda contencioso-administrativa la venta del solar del antiguo cuartel de la Guardia Civil\"}]},{\"@type\":\"WebSite\",\"@id\":\"https:\/\/agrupacionespsoe.es\/ponferrada\/#website\",\"url\":\"https:\/\/agrupacionespsoe.es\/ponferrada\/\",\"name\":\"Agrupaci\u00f3n Socialista de Ponferrada\",\"description\":\"Agrupaci\u00f3n Socialista de Ponferrada\",\"publisher\":{\"@id\":\"https:\/\/agrupacionespsoe.es\/ponferrada\/#organization\"},\"potentialAction\":[{\"@type\":\"SearchAction\",\"target\":{\"@type\":\"EntryPoint\",\"urlTemplate\":\"https:\/\/agrupacionespsoe.es\/ponferrada\/?s={search_term_string}\"},\"query-input\":{\"@type\":\"PropertyValueSpecification\",\"valueRequired\":true,\"valueName\":\"search_term_string\"}}],\"inLanguage\":\"es\"},{\"@type\":\"Organization\",\"@id\":\"https:\/\/agrupacionespsoe.es\/ponferrada\/#organization\",\"name\":\"Agrupaci\u00f3n Socialista de Ponferrada\",\"url\":\"https:\/\/agrupacionespsoe.es\/ponferrada\/\",\"logo\":{\"@type\":\"ImageObject\",\"inLanguage\":\"es\",\"@id\":\"https:\/\/agrupacionespsoe.es\/ponferrada\/#\/schema\/logo\/image\/\",\"url\":\"https:\/\/agrupacionespsoe.es\/wp-content\/uploads\/2022\/07\/Logotipo_electoral_del_PSOE.png\",\"contentUrl\":\"https:\/\/agrupacionespsoe.es\/wp-content\/uploads\/2022\/07\/Logotipo_electoral_del_PSOE.png\",\"width\":422,\"height\":422,\"caption\":\"Agrupaci\u00f3n Socialista de Ponferrada\"},\"image\":{\"@id\":\"https:\/\/agrupacionespsoe.es\/ponferrada\/#\/schema\/logo\/image\/\"}},{\"@type\":\"Person\",\"@id\":\"https:\/\/agrupacionespsoe.es\/ponferrada\/#\/schema\/person\/cd29ee627f3b70c05d415f02596debaa\",\"name\":\"ponferrada2\",\"image\":{\"@type\":\"ImageObject\",\"inLanguage\":\"es\",\"@id\":\"https:\/\/agrupacionespsoe.es\/ponferrada\/#\/schema\/person\/image\/\",\"url\":\"https:\/\/secure.gravatar.com\/avatar\/f499eeb60144c664cf7b7edf75549b50?s=96&d=mm&r=g\",\"contentUrl\":\"https:\/\/secure.gravatar.com\/avatar\/f499eeb60144c664cf7b7edf75549b50?s=96&d=mm&r=g\",\"caption\":\"ponferrada2\"},\"url\":\"https:\/\/agrupacionespsoe.es\/ponferrada\/author\/ponferrada2\/\"}]}<\/script>\n<!-- \/ Yoast SEO plugin. -->","yoast_head_json":{"title":"El PSOE recurrir\u00e1 ante la v\u00eda contencioso-administrativa la venta del solar del antiguo cuartel de la Guardia Civil - Agrupaci\u00f3n Socialista de Ponferrada","robots":{"index":"index","follow":"follow","max-snippet":"max-snippet:-1","max-image-preview":"max-image-preview:large","max-video-preview":"max-video-preview:-1"},"canonical":"https:\/\/agrupacionespsoe.es\/ponferrada\/el-psoe-recurrira-ante-la-via-contencioso-administrativa-la-venta-del-solar-del-antiguo-cuartel-de-la-guardia-civil\/","og_locale":"es_ES","og_type":"article","og_title":"El PSOE recurrir\u00e1 ante la v\u00eda contencioso-administrativa la venta del solar del antiguo cuartel de la Guardia Civil - Agrupaci\u00f3n Socialista de Ponferrada","og_description":"El Grupo Municipal Socialista ha anunciado su decisi\u00f3n de recurrir ante la v\u00eda contencioso-administrativa la desestimaci\u00f3n del recurso de reposici\u00f3n presentado contra la venta del solar del antiguo cuartel de la Guardia Civil. Consideran que esta operaci\u00f3n no solo vulnera el inter\u00e9s p\u00fablico, sino que presenta serias irregularidades jur\u00eddicas. El portavoz socialista ha denunciado la ...","og_url":"https:\/\/agrupacionespsoe.es\/ponferrada\/el-psoe-recurrira-ante-la-via-contencioso-administrativa-la-venta-del-solar-del-antiguo-cuartel-de-la-guardia-civil\/","og_site_name":"Agrupaci\u00f3n Socialista de Ponferrada","article_published_time":"2025-03-13T16:31:22+00:00","article_modified_time":"2025-03-14T19:26:23+00:00","og_image":[{"width":2048,"height":1469,"url":"https:\/\/agrupacionespsoe.es\/ponferrada\/wp-content\/uploads\/sites\/36\/2025\/03\/WhatsApp-Image-2025-03-14-at-17.58.48.jpeg","type":"image\/jpeg"}],"author":"ponferrada2","twitter_card":"summary_large_image","twitter_misc":{"Escrito por":"ponferrada2","Tiempo de lectura":"4 minutos"},"schema":{"@context":"https:\/\/schema.org","@graph":[{"@type":"Article","@id":"https:\/\/agrupacionespsoe.es\/ponferrada\/el-psoe-recurrira-ante-la-via-contencioso-administrativa-la-venta-del-solar-del-antiguo-cuartel-de-la-guardia-civil\/#article","isPartOf":{"@id":"https:\/\/agrupacionespsoe.es\/ponferrada\/el-psoe-recurrira-ante-la-via-contencioso-administrativa-la-venta-del-solar-del-antiguo-cuartel-de-la-guardia-civil\/"},"author":{"name":"ponferrada2","@id":"https:\/\/agrupacionespsoe.es\/ponferrada\/#\/schema\/person\/cd29ee627f3b70c05d415f02596debaa"},"headline":"El PSOE recurrir\u00e1 ante la v\u00eda contencioso-administrativa la venta del solar del antiguo cuartel de la Guardia Civil","datePublished":"2025-03-13T16:31:22+00:00","dateModified":"2025-03-14T19:26:23+00:00","mainEntityOfPage":{"@id":"https:\/\/agrupacionespsoe.es\/ponferrada\/el-psoe-recurrira-ante-la-via-contencioso-administrativa-la-venta-del-solar-del-antiguo-cuartel-de-la-guardia-civil\/"},"wordCount":747,"commentCount":0,"publisher":{"@id":"https:\/\/agrupacionespsoe.es\/ponferrada\/#organization"},"image":{"@id":"https:\/\/agrupacionespsoe.es\/ponferrada\/el-psoe-recurrira-ante-la-via-contencioso-administrativa-la-venta-del-solar-del-antiguo-cuartel-de-la-guardia-civil\/#primaryimage"},"thumbnailUrl":"https:\/\/agrupacionespsoe.es\/ponferrada\/wp-content\/uploads\/sites\/36\/2025\/03\/WhatsApp-Image-2025-03-14-at-17.58.48.jpeg","articleSection":["ACTUALIDAD"],"inLanguage":"es","potentialAction":[{"@type":"CommentAction","name":"Comment","target":["https:\/\/agrupacionespsoe.es\/ponferrada\/el-psoe-recurrira-ante-la-via-contencioso-administrativa-la-venta-del-solar-del-antiguo-cuartel-de-la-guardia-civil\/#respond"]}]},{"@type":"WebPage","@id":"https:\/\/agrupacionespsoe.es\/ponferrada\/el-psoe-recurrira-ante-la-via-contencioso-administrativa-la-venta-del-solar-del-antiguo-cuartel-de-la-guardia-civil\/","url":"https:\/\/agrupacionespsoe.es\/ponferrada\/el-psoe-recurrira-ante-la-via-contencioso-administrativa-la-venta-del-solar-del-antiguo-cuartel-de-la-guardia-civil\/","name":"El PSOE recurrir\u00e1 ante la v\u00eda contencioso-administrativa la venta del solar del antiguo cuartel de la Guardia Civil - Agrupaci\u00f3n Socialista de Ponferrada","isPartOf":{"@id":"https:\/\/agrupacionespsoe.es\/ponferrada\/#website"},"primaryImageOfPage":{"@id":"https:\/\/agrupacionespsoe.es\/ponferrada\/el-psoe-recurrira-ante-la-via-contencioso-administrativa-la-venta-del-solar-del-antiguo-cuartel-de-la-guardia-civil\/#primaryimage"},"image":{"@id":"https:\/\/agrupacionespsoe.es\/ponferrada\/el-psoe-recurrira-ante-la-via-contencioso-administrativa-la-venta-del-solar-del-antiguo-cuartel-de-la-guardia-civil\/#primaryimage"},"thumbnailUrl":"https:\/\/agrupacionespsoe.es\/ponferrada\/wp-content\/uploads\/sites\/36\/2025\/03\/WhatsApp-Image-2025-03-14-at-17.58.48.jpeg","datePublished":"2025-03-13T16:31:22+00:00","dateModified":"2025-03-14T19:26:23+00:00","breadcrumb":{"@id":"https:\/\/agrupacionespsoe.es\/ponferrada\/el-psoe-recurrira-ante-la-via-contencioso-administrativa-la-venta-del-solar-del-antiguo-cuartel-de-la-guardia-civil\/#breadcrumb"},"inLanguage":"es","potentialAction":[{"@type":"ReadAction","target":["https:\/\/agrupacionespsoe.es\/ponferrada\/el-psoe-recurrira-ante-la-via-contencioso-administrativa-la-venta-del-solar-del-antiguo-cuartel-de-la-guardia-civil\/"]}]},{"@type":"ImageObject","inLanguage":"es","@id":"https:\/\/agrupacionespsoe.es\/ponferrada\/el-psoe-recurrira-ante-la-via-contencioso-administrativa-la-venta-del-solar-del-antiguo-cuartel-de-la-guardia-civil\/#primaryimage","url":"https:\/\/agrupacionespsoe.es\/ponferrada\/wp-content\/uploads\/sites\/36\/2025\/03\/WhatsApp-Image-2025-03-14-at-17.58.48.jpeg","contentUrl":"https:\/\/agrupacionespsoe.es\/ponferrada\/wp-content\/uploads\/sites\/36\/2025\/03\/WhatsApp-Image-2025-03-14-at-17.58.48.jpeg","width":2048,"height":1469},{"@type":"BreadcrumbList","@id":"https:\/\/agrupacionespsoe.es\/ponferrada\/el-psoe-recurrira-ante-la-via-contencioso-administrativa-la-venta-del-solar-del-antiguo-cuartel-de-la-guardia-civil\/#breadcrumb","itemListElement":[{"@type":"ListItem","position":1,"name":"Portada","item":"https:\/\/agrupacionespsoe.es\/ponferrada\/"},{"@type":"ListItem","position":2,"name":"El PSOE recurrir\u00e1 ante la v\u00eda contencioso-administrativa la venta del solar del antiguo cuartel de la Guardia Civil"}]},{"@type":"WebSite","@id":"https:\/\/agrupacionespsoe.es\/ponferrada\/#website","url":"https:\/\/agrupacionespsoe.es\/ponferrada\/","name":"Agrupaci\u00f3n Socialista de Ponferrada","description":"Agrupaci\u00f3n Socialista de Ponferrada","publisher":{"@id":"https:\/\/agrupacionespsoe.es\/ponferrada\/#organization"},"potentialAction":[{"@type":"SearchAction","target":{"@type":"EntryPoint","urlTemplate":"https:\/\/agrupacionespsoe.es\/ponferrada\/?s={search_term_string}"},"query-input":{"@type":"PropertyValueSpecification","valueRequired":true,"valueName":"search_term_string"}}],"inLanguage":"es"},{"@type":"Organization","@id":"https:\/\/agrupacionespsoe.es\/ponferrada\/#organization","name":"Agrupaci\u00f3n Socialista de Ponferrada","url":"https:\/\/agrupacionespsoe.es\/ponferrada\/","logo":{"@type":"ImageObject","inLanguage":"es","@id":"https:\/\/agrupacionespsoe.es\/ponferrada\/#\/schema\/logo\/image\/","url":"https:\/\/agrupacionespsoe.es\/wp-content\/uploads\/2022\/07\/Logotipo_electoral_del_PSOE.png","contentUrl":"https:\/\/agrupacionespsoe.es\/wp-content\/uploads\/2022\/07\/Logotipo_electoral_del_PSOE.png","width":422,"height":422,"caption":"Agrupaci\u00f3n Socialista de Ponferrada"},"image":{"@id":"https:\/\/agrupacionespsoe.es\/ponferrada\/#\/schema\/logo\/image\/"}},{"@type":"Person","@id":"https:\/\/agrupacionespsoe.es\/ponferrada\/#\/schema\/person\/cd29ee627f3b70c05d415f02596debaa","name":"ponferrada2","image":{"@type":"ImageObject","inLanguage":"es","@id":"https:\/\/agrupacionespsoe.es\/ponferrada\/#\/schema\/person\/image\/","url":"https:\/\/secure.gravatar.com\/avatar\/f499eeb60144c664cf7b7edf75549b50?s=96&d=mm&r=g","contentUrl":"https:\/\/secure.gravatar.com\/avatar\/f499eeb60144c664cf7b7edf75549b50?s=96&d=mm&r=g","caption":"ponferrada2"},"url":"https:\/\/agrupacionespsoe.es\/ponferrada\/author\/ponferrada2\/"}]}},"jetpack_featured_media_url":"https:\/\/agrupacionespsoe.es\/ponferrada\/wp-content\/uploads\/sites\/36\/2025\/03\/WhatsApp-Image-2025-03-14-at-17.58.48.jpeg","jetpack_sharing_enabled":true,"_links":{"self":[{"href":"https:\/\/agrupacionespsoe.es\/ponferrada\/wp-json\/wp\/v2\/posts\/807","targetHints":{"allow":["GET"]}}],"collection":[{"href":"https:\/\/agrupacionespsoe.es\/ponferrada\/wp-json\/wp\/v2\/posts"}],"about":[{"href":"https:\/\/agrupacionespsoe.es\/ponferrada\/wp-json\/wp\/v2\/types\/post"}],"author":[{"embeddable":true,"href":"https:\/\/agrupacionespsoe.es\/ponferrada\/wp-json\/wp\/v2\/users\/32"}],"replies":[{"embeddable":true,"href":"https:\/\/agrupacionespsoe.es\/ponferrada\/wp-json\/wp\/v2\/comments?post=807"}],"version-history":[{"count":5,"href":"https:\/\/agrupacionespsoe.es\/ponferrada\/wp-json\/wp\/v2\/posts\/807\/revisions"}],"predecessor-version":[{"id":813,"href":"https:\/\/agrupacionespsoe.es\/ponferrada\/wp-json\/wp\/v2\/posts\/807\/revisions\/813"}],"wp:featuredmedia":[{"embeddable":true,"href":"https:\/\/agrupacionespsoe.es\/ponferrada\/wp-json\/wp\/v2\/media\/808"}],"wp:attachment":[{"href":"https:\/\/agrupacionespsoe.es\/ponferrada\/wp-json\/wp\/v2\/media?parent=807"}],"wp:term":[{"taxonomy":"category","embeddable":true,"href":"https:\/\/agrupacionespsoe.es\/ponferrada\/wp-json\/wp\/v2\/categories?post=807"},{"taxonomy":"post_tag","embeddable":true,"href":"https:\/\/agrupacionespsoe.es\/ponferrada\/wp-json\/wp\/v2\/tags?post=807"}],"curies":[{"name":"wp","href":"https:\/\/api.w.org\/{rel}","templated":true}]}}