{"id":803,"date":"2025-03-10T12:30:00","date_gmt":"2025-03-10T12:30:00","guid":{"rendered":"https:\/\/agrupacionespsoe.es\/ponferrada\/?p=803"},"modified":"2025-03-12T08:33:41","modified_gmt":"2025-03-12T08:33:41","slug":"el-grupo-socialista-lamenta-la-falta-de-cultura-democratica-del-equipo-de-gobierno-poco-respetuosa-con-la-oposicion","status":"publish","type":"post","link":"https:\/\/agrupacionespsoe.es\/ponferrada\/el-grupo-socialista-lamenta-la-falta-de-cultura-democratica-del-equipo-de-gobierno-poco-respetuosa-con-la-oposicion\/","title":{"rendered":"El grupo socialista lamenta la falta de cultura democr\u00e1tica del equipo de gobierno, poco respetuosa con la oposici\u00f3n."},"content":{"rendered":"\n<p><strong>El PSOE se abstuvo en la aprobaci\u00f3n de unos presupuestos, que inclu\u00edan 1.5 millones de euros de ingresos en la venta de solares no malvender el antiguo solar de la Guardia Civil<\/strong><\/p>\n\n\n\n<p class=\"has-medium-font-size\"><strong>El PSOE se abstuvo en la aprobaci\u00f3n de unos presupuestos, que inclu\u00edan 1.5 millones de euros de ingresos en la venta de solares no malvender el antiguo solar de la Guardia Civil<\/strong><\/p>\n\n\n\n<p>Ante la noticia de la desestimaci\u00f3n del recurso presentado por nuestro portavoz, Olegario Ram\u00f3n desde el grupo socialista queremos primero se\u00f1alar que&nbsp; lamentamos profundamente la falta de cultura democr\u00e1tica del equipo de gobierno, que ha preferido anunciar esta operaci\u00f3n en los medios de comunicaci\u00f3n antes siquiera de responder a nuestro grupo. Esta actitud no solo demuestra un desprecio por el di\u00e1logo institucional, sino que tambi\u00e9n refleja una forma de actuar opaca y poco respetuosa con la oposici\u00f3n y, por ende, con la ciudadan\u00eda.<\/p>\n\n\n\n<p>Por lo anterior no hemos podido analizar en profundidad las razones que alegan, pero en un primer vistazo ante el argumento de la falta de legitimidad por parte de Olegario Ram\u00f3n porque parece que aprobamos sus presupuestos queremos decir dos cosas: la primera es que desde nuestro grupo no aprobamos el presupuesto , y la segunda y m\u00e1s importante es que&nbsp; en dicho presupuesto se inclu\u00eda una cantidad de 1,5 millones de euros para la venta del solar de la Guardia Civil, una cifra muy superior a los 804.000 euros por los que finalmente se ha vendido, casi la mitad de lo presupuestado, una&nbsp; gran diferencia entre ambas cantidades. Recordamos que no cubre ni el valor catastral y mucho menos lo que pag\u00f3 el ayuntamiento por \u00e9l, 2,5 millones de euros.&nbsp;<\/p>\n\n\n\n<p>No nos sorprende esta estrategia del PP, que una vez m\u00e1s intenta desviar la atenci\u00f3n buscando subterfugios y cortinas de humo en lugar de dar explicaciones claras sobre su gesti\u00f3n, sus decisiones y en este caso sobre la p\u00e9rdida que supone para el patrimonio p\u00fablico la venta de este solar a ese solar a ese precio tan reducido. Frente a sus maniobras, seguiremos defendiendo los recursos p\u00fablicos, que son de la ciudadan\u00eda y deben gestionarse con celo y rigor, no malvendiendo para pagar sus continuos derroches.<\/p>\n\n\n\n<figure class=\"wp-block-gallery has-nested-images columns-default is-cropped wp-block-gallery-1 is-layout-flex wp-block-gallery-is-layout-flex\">\n<figure class=\"wp-block-image size-large\"><img loading=\"lazy\" decoding=\"async\" width=\"720\" height=\"1024\" data-id=\"774\" src=\"https:\/\/agrupacionespsoe.es\/ponferrada\/wp-content\/uploads\/sites\/36\/2025\/02\/WhatsApp-Image-2025-02-04-at-11.25.22-720x1024.jpeg\" alt=\"\" class=\"wp-image-774\" srcset=\"https:\/\/agrupacionespsoe.es\/ponferrada\/wp-content\/uploads\/sites\/36\/2025\/02\/WhatsApp-Image-2025-02-04-at-11.25.22-720x1024.jpeg 720w, https:\/\/agrupacionespsoe.es\/ponferrada\/wp-content\/uploads\/sites\/36\/2025\/02\/WhatsApp-Image-2025-02-04-at-11.25.22-211x300.jpeg 211w, https:\/\/agrupacionespsoe.es\/ponferrada\/wp-content\/uploads\/sites\/36\/2025\/02\/WhatsApp-Image-2025-02-04-at-11.25.22-768x1092.jpeg 768w, https:\/\/agrupacionespsoe.es\/ponferrada\/wp-content\/uploads\/sites\/36\/2025\/02\/WhatsApp-Image-2025-02-04-at-11.25.22.jpeg 797w\" sizes=\"auto, (max-width: 720px) 100vw, 720px\" \/><\/figure>\n<\/figure>\n","protected":false},"excerpt":{"rendered":"<p>El PSOE se abstuvo en la aprobaci\u00f3n de unos presupuestos, que inclu\u00edan 1.5 millones de euros de ingresos en la venta de solares no malvender el antiguo solar de la Guardia Civil El PSOE se abstuvo en la aprobaci\u00f3n de unos presupuestos, que inclu\u00edan 1.5 millones de euros de ingresos en la venta de solares &#8230;<\/p>\n","protected":false},"author":32,"featured_media":774,"comment_status":"open","ping_status":"open","sticky":false,"template":"","format":"standard","meta":{"_jetpack_memberships_contains_paid_content":false,"footnotes":""},"categories":[6],"tags":[],"class_list":["post-803","post","type-post","status-publish","format-standard","has-post-thumbnail","hentry","category-actualidad"],"yoast_head":"<!-- This site is optimized with the Yoast SEO plugin v24.0 - https:\/\/yoast.com\/wordpress\/plugins\/seo\/ -->\n<title>El grupo socialista lamenta la falta de cultura democr\u00e1tica del equipo de gobierno, poco respetuosa con la oposici\u00f3n. - Agrupaci\u00f3n Socialista de Ponferrada<\/title>\n<meta name=\"robots\" content=\"index, follow, max-snippet:-1, max-image-preview:large, max-video-preview:-1\" \/>\n<link rel=\"canonical\" href=\"https:\/\/agrupacionespsoe.es\/ponferrada\/el-grupo-socialista-lamenta-la-falta-de-cultura-democratica-del-equipo-de-gobierno-poco-respetuosa-con-la-oposicion\/\" \/>\n<meta property=\"og:locale\" content=\"es_ES\" \/>\n<meta property=\"og:type\" content=\"article\" \/>\n<meta property=\"og:title\" content=\"El grupo socialista lamenta la falta de cultura democr\u00e1tica del equipo de gobierno, poco respetuosa con la oposici\u00f3n. - Agrupaci\u00f3n Socialista de Ponferrada\" \/>\n<meta property=\"og:description\" content=\"El PSOE se abstuvo en la aprobaci\u00f3n de unos presupuestos, que inclu\u00edan 1.5 millones de euros de ingresos en la venta de solares no malvender el antiguo solar de la Guardia Civil El PSOE se abstuvo en la aprobaci\u00f3n de unos presupuestos, que inclu\u00edan 1.5 millones de euros de ingresos en la venta de solares ...\" \/>\n<meta property=\"og:url\" content=\"https:\/\/agrupacionespsoe.es\/ponferrada\/el-grupo-socialista-lamenta-la-falta-de-cultura-democratica-del-equipo-de-gobierno-poco-respetuosa-con-la-oposicion\/\" \/>\n<meta property=\"og:site_name\" content=\"Agrupaci\u00f3n Socialista de Ponferrada\" \/>\n<meta property=\"article:published_time\" content=\"2025-03-10T12:30:00+00:00\" \/>\n<meta property=\"article:modified_time\" content=\"2025-03-12T08:33:41+00:00\" \/>\n<meta property=\"og:image\" content=\"https:\/\/agrupacionespsoe.es\/ponferrada\/wp-content\/uploads\/sites\/36\/2025\/02\/WhatsApp-Image-2025-02-04-at-11.25.22.jpeg\" \/>\n\t<meta property=\"og:image:width\" content=\"797\" \/>\n\t<meta property=\"og:image:height\" content=\"1133\" \/>\n\t<meta property=\"og:image:type\" content=\"image\/jpeg\" \/>\n<meta name=\"author\" content=\"ponferrada2\" \/>\n<meta name=\"twitter:card\" content=\"summary_large_image\" \/>\n<meta name=\"twitter:label1\" content=\"Escrito por\" \/>\n\t<meta name=\"twitter:data1\" content=\"ponferrada2\" \/>\n\t<meta name=\"twitter:label2\" content=\"Tiempo de lectura\" \/>\n\t<meta name=\"twitter:data2\" content=\"3 minutos\" \/>\n<script type=\"application\/ld+json\" class=\"yoast-schema-graph\">{\"@context\":\"https:\/\/schema.org\",\"@graph\":[{\"@type\":\"Article\",\"@id\":\"https:\/\/agrupacionespsoe.es\/ponferrada\/el-grupo-socialista-lamenta-la-falta-de-cultura-democratica-del-equipo-de-gobierno-poco-respetuosa-con-la-oposicion\/#article\",\"isPartOf\":{\"@id\":\"https:\/\/agrupacionespsoe.es\/ponferrada\/el-grupo-socialista-lamenta-la-falta-de-cultura-democratica-del-equipo-de-gobierno-poco-respetuosa-con-la-oposicion\/\"},\"author\":{\"name\":\"ponferrada2\",\"@id\":\"https:\/\/agrupacionespsoe.es\/ponferrada\/#\/schema\/person\/cd29ee627f3b70c05d415f02596debaa\"},\"headline\":\"El grupo socialista lamenta la falta de cultura democr\u00e1tica del equipo de gobierno, poco respetuosa con la oposici\u00f3n.\",\"datePublished\":\"2025-03-10T12:30:00+00:00\",\"dateModified\":\"2025-03-12T08:33:41+00:00\",\"mainEntityOfPage\":{\"@id\":\"https:\/\/agrupacionespsoe.es\/ponferrada\/el-grupo-socialista-lamenta-la-falta-de-cultura-democratica-del-equipo-de-gobierno-poco-respetuosa-con-la-oposicion\/\"},\"wordCount\":406,\"commentCount\":0,\"publisher\":{\"@id\":\"https:\/\/agrupacionespsoe.es\/ponferrada\/#organization\"},\"image\":{\"@id\":\"https:\/\/agrupacionespsoe.es\/ponferrada\/el-grupo-socialista-lamenta-la-falta-de-cultura-democratica-del-equipo-de-gobierno-poco-respetuosa-con-la-oposicion\/#primaryimage\"},\"thumbnailUrl\":\"https:\/\/agrupacionespsoe.es\/ponferrada\/wp-content\/uploads\/sites\/36\/2025\/02\/WhatsApp-Image-2025-02-04-at-11.25.22.jpeg\",\"articleSection\":[\"ACTUALIDAD\"],\"inLanguage\":\"es\",\"potentialAction\":[{\"@type\":\"CommentAction\",\"name\":\"Comment\",\"target\":[\"https:\/\/agrupacionespsoe.es\/ponferrada\/el-grupo-socialista-lamenta-la-falta-de-cultura-democratica-del-equipo-de-gobierno-poco-respetuosa-con-la-oposicion\/#respond\"]}]},{\"@type\":\"WebPage\",\"@id\":\"https:\/\/agrupacionespsoe.es\/ponferrada\/el-grupo-socialista-lamenta-la-falta-de-cultura-democratica-del-equipo-de-gobierno-poco-respetuosa-con-la-oposicion\/\",\"url\":\"https:\/\/agrupacionespsoe.es\/ponferrada\/el-grupo-socialista-lamenta-la-falta-de-cultura-democratica-del-equipo-de-gobierno-poco-respetuosa-con-la-oposicion\/\",\"name\":\"El grupo socialista lamenta la falta de cultura democr\u00e1tica del equipo de gobierno, poco respetuosa con la oposici\u00f3n. - Agrupaci\u00f3n Socialista de Ponferrada\",\"isPartOf\":{\"@id\":\"https:\/\/agrupacionespsoe.es\/ponferrada\/#website\"},\"primaryImageOfPage\":{\"@id\":\"https:\/\/agrupacionespsoe.es\/ponferrada\/el-grupo-socialista-lamenta-la-falta-de-cultura-democratica-del-equipo-de-gobierno-poco-respetuosa-con-la-oposicion\/#primaryimage\"},\"image\":{\"@id\":\"https:\/\/agrupacionespsoe.es\/ponferrada\/el-grupo-socialista-lamenta-la-falta-de-cultura-democratica-del-equipo-de-gobierno-poco-respetuosa-con-la-oposicion\/#primaryimage\"},\"thumbnailUrl\":\"https:\/\/agrupacionespsoe.es\/ponferrada\/wp-content\/uploads\/sites\/36\/2025\/02\/WhatsApp-Image-2025-02-04-at-11.25.22.jpeg\",\"datePublished\":\"2025-03-10T12:30:00+00:00\",\"dateModified\":\"2025-03-12T08:33:41+00:00\",\"breadcrumb\":{\"@id\":\"https:\/\/agrupacionespsoe.es\/ponferrada\/el-grupo-socialista-lamenta-la-falta-de-cultura-democratica-del-equipo-de-gobierno-poco-respetuosa-con-la-oposicion\/#breadcrumb\"},\"inLanguage\":\"es\",\"potentialAction\":[{\"@type\":\"ReadAction\",\"target\":[\"https:\/\/agrupacionespsoe.es\/ponferrada\/el-grupo-socialista-lamenta-la-falta-de-cultura-democratica-del-equipo-de-gobierno-poco-respetuosa-con-la-oposicion\/\"]}]},{\"@type\":\"ImageObject\",\"inLanguage\":\"es\",\"@id\":\"https:\/\/agrupacionespsoe.es\/ponferrada\/el-grupo-socialista-lamenta-la-falta-de-cultura-democratica-del-equipo-de-gobierno-poco-respetuosa-con-la-oposicion\/#primaryimage\",\"url\":\"https:\/\/agrupacionespsoe.es\/ponferrada\/wp-content\/uploads\/sites\/36\/2025\/02\/WhatsApp-Image-2025-02-04-at-11.25.22.jpeg\",\"contentUrl\":\"https:\/\/agrupacionespsoe.es\/ponferrada\/wp-content\/uploads\/sites\/36\/2025\/02\/WhatsApp-Image-2025-02-04-at-11.25.22.jpeg\",\"width\":797,\"height\":1133},{\"@type\":\"BreadcrumbList\",\"@id\":\"https:\/\/agrupacionespsoe.es\/ponferrada\/el-grupo-socialista-lamenta-la-falta-de-cultura-democratica-del-equipo-de-gobierno-poco-respetuosa-con-la-oposicion\/#breadcrumb\",\"itemListElement\":[{\"@type\":\"ListItem\",\"position\":1,\"name\":\"Portada\",\"item\":\"https:\/\/agrupacionespsoe.es\/ponferrada\/\"},{\"@type\":\"ListItem\",\"position\":2,\"name\":\"El grupo socialista lamenta la falta de cultura democr\u00e1tica del equipo de gobierno, poco respetuosa con la oposici\u00f3n.\"}]},{\"@type\":\"WebSite\",\"@id\":\"https:\/\/agrupacionespsoe.es\/ponferrada\/#website\",\"url\":\"https:\/\/agrupacionespsoe.es\/ponferrada\/\",\"name\":\"Agrupaci\u00f3n Socialista de Ponferrada\",\"description\":\"Agrupaci\u00f3n Socialista de Ponferrada\",\"publisher\":{\"@id\":\"https:\/\/agrupacionespsoe.es\/ponferrada\/#organization\"},\"potentialAction\":[{\"@type\":\"SearchAction\",\"target\":{\"@type\":\"EntryPoint\",\"urlTemplate\":\"https:\/\/agrupacionespsoe.es\/ponferrada\/?s={search_term_string}\"},\"query-input\":{\"@type\":\"PropertyValueSpecification\",\"valueRequired\":true,\"valueName\":\"search_term_string\"}}],\"inLanguage\":\"es\"},{\"@type\":\"Organization\",\"@id\":\"https:\/\/agrupacionespsoe.es\/ponferrada\/#organization\",\"name\":\"Agrupaci\u00f3n Socialista de Ponferrada\",\"url\":\"https:\/\/agrupacionespsoe.es\/ponferrada\/\",\"logo\":{\"@type\":\"ImageObject\",\"inLanguage\":\"es\",\"@id\":\"https:\/\/agrupacionespsoe.es\/ponferrada\/#\/schema\/logo\/image\/\",\"url\":\"https:\/\/agrupacionespsoe.es\/wp-content\/uploads\/2022\/07\/Logotipo_electoral_del_PSOE.png\",\"contentUrl\":\"https:\/\/agrupacionespsoe.es\/wp-content\/uploads\/2022\/07\/Logotipo_electoral_del_PSOE.png\",\"width\":422,\"height\":422,\"caption\":\"Agrupaci\u00f3n Socialista de Ponferrada\"},\"image\":{\"@id\":\"https:\/\/agrupacionespsoe.es\/ponferrada\/#\/schema\/logo\/image\/\"}},{\"@type\":\"Person\",\"@id\":\"https:\/\/agrupacionespsoe.es\/ponferrada\/#\/schema\/person\/cd29ee627f3b70c05d415f02596debaa\",\"name\":\"ponferrada2\",\"image\":{\"@type\":\"ImageObject\",\"inLanguage\":\"es\",\"@id\":\"https:\/\/agrupacionespsoe.es\/ponferrada\/#\/schema\/person\/image\/\",\"url\":\"https:\/\/secure.gravatar.com\/avatar\/f499eeb60144c664cf7b7edf75549b50?s=96&d=mm&r=g\",\"contentUrl\":\"https:\/\/secure.gravatar.com\/avatar\/f499eeb60144c664cf7b7edf75549b50?s=96&d=mm&r=g\",\"caption\":\"ponferrada2\"},\"url\":\"https:\/\/agrupacionespsoe.es\/ponferrada\/author\/ponferrada2\/\"}]}<\/script>\n<!-- \/ Yoast SEO plugin. -->","yoast_head_json":{"title":"El grupo socialista lamenta la falta de cultura democr\u00e1tica del equipo de gobierno, poco respetuosa con la oposici\u00f3n. - Agrupaci\u00f3n Socialista de Ponferrada","robots":{"index":"index","follow":"follow","max-snippet":"max-snippet:-1","max-image-preview":"max-image-preview:large","max-video-preview":"max-video-preview:-1"},"canonical":"https:\/\/agrupacionespsoe.es\/ponferrada\/el-grupo-socialista-lamenta-la-falta-de-cultura-democratica-del-equipo-de-gobierno-poco-respetuosa-con-la-oposicion\/","og_locale":"es_ES","og_type":"article","og_title":"El grupo socialista lamenta la falta de cultura democr\u00e1tica del equipo de gobierno, poco respetuosa con la oposici\u00f3n. - Agrupaci\u00f3n Socialista de Ponferrada","og_description":"El PSOE se abstuvo en la aprobaci\u00f3n de unos presupuestos, que inclu\u00edan 1.5 millones de euros de ingresos en la venta de solares no malvender el antiguo solar de la Guardia Civil El PSOE se abstuvo en la aprobaci\u00f3n de unos presupuestos, que inclu\u00edan 1.5 millones de euros de ingresos en la venta de solares ...","og_url":"https:\/\/agrupacionespsoe.es\/ponferrada\/el-grupo-socialista-lamenta-la-falta-de-cultura-democratica-del-equipo-de-gobierno-poco-respetuosa-con-la-oposicion\/","og_site_name":"Agrupaci\u00f3n Socialista de Ponferrada","article_published_time":"2025-03-10T12:30:00+00:00","article_modified_time":"2025-03-12T08:33:41+00:00","og_image":[{"width":797,"height":1133,"url":"https:\/\/agrupacionespsoe.es\/ponferrada\/wp-content\/uploads\/sites\/36\/2025\/02\/WhatsApp-Image-2025-02-04-at-11.25.22.jpeg","type":"image\/jpeg"}],"author":"ponferrada2","twitter_card":"summary_large_image","twitter_misc":{"Escrito por":"ponferrada2","Tiempo de lectura":"3 minutos"},"schema":{"@context":"https:\/\/schema.org","@graph":[{"@type":"Article","@id":"https:\/\/agrupacionespsoe.es\/ponferrada\/el-grupo-socialista-lamenta-la-falta-de-cultura-democratica-del-equipo-de-gobierno-poco-respetuosa-con-la-oposicion\/#article","isPartOf":{"@id":"https:\/\/agrupacionespsoe.es\/ponferrada\/el-grupo-socialista-lamenta-la-falta-de-cultura-democratica-del-equipo-de-gobierno-poco-respetuosa-con-la-oposicion\/"},"author":{"name":"ponferrada2","@id":"https:\/\/agrupacionespsoe.es\/ponferrada\/#\/schema\/person\/cd29ee627f3b70c05d415f02596debaa"},"headline":"El grupo socialista lamenta la falta de cultura democr\u00e1tica del equipo de gobierno, poco respetuosa con la oposici\u00f3n.","datePublished":"2025-03-10T12:30:00+00:00","dateModified":"2025-03-12T08:33:41+00:00","mainEntityOfPage":{"@id":"https:\/\/agrupacionespsoe.es\/ponferrada\/el-grupo-socialista-lamenta-la-falta-de-cultura-democratica-del-equipo-de-gobierno-poco-respetuosa-con-la-oposicion\/"},"wordCount":406,"commentCount":0,"publisher":{"@id":"https:\/\/agrupacionespsoe.es\/ponferrada\/#organization"},"image":{"@id":"https:\/\/agrupacionespsoe.es\/ponferrada\/el-grupo-socialista-lamenta-la-falta-de-cultura-democratica-del-equipo-de-gobierno-poco-respetuosa-con-la-oposicion\/#primaryimage"},"thumbnailUrl":"https:\/\/agrupacionespsoe.es\/ponferrada\/wp-content\/uploads\/sites\/36\/2025\/02\/WhatsApp-Image-2025-02-04-at-11.25.22.jpeg","articleSection":["ACTUALIDAD"],"inLanguage":"es","potentialAction":[{"@type":"CommentAction","name":"Comment","target":["https:\/\/agrupacionespsoe.es\/ponferrada\/el-grupo-socialista-lamenta-la-falta-de-cultura-democratica-del-equipo-de-gobierno-poco-respetuosa-con-la-oposicion\/#respond"]}]},{"@type":"WebPage","@id":"https:\/\/agrupacionespsoe.es\/ponferrada\/el-grupo-socialista-lamenta-la-falta-de-cultura-democratica-del-equipo-de-gobierno-poco-respetuosa-con-la-oposicion\/","url":"https:\/\/agrupacionespsoe.es\/ponferrada\/el-grupo-socialista-lamenta-la-falta-de-cultura-democratica-del-equipo-de-gobierno-poco-respetuosa-con-la-oposicion\/","name":"El grupo socialista lamenta la falta de cultura democr\u00e1tica del equipo de gobierno, poco respetuosa con la oposici\u00f3n. - Agrupaci\u00f3n Socialista de Ponferrada","isPartOf":{"@id":"https:\/\/agrupacionespsoe.es\/ponferrada\/#website"},"primaryImageOfPage":{"@id":"https:\/\/agrupacionespsoe.es\/ponferrada\/el-grupo-socialista-lamenta-la-falta-de-cultura-democratica-del-equipo-de-gobierno-poco-respetuosa-con-la-oposicion\/#primaryimage"},"image":{"@id":"https:\/\/agrupacionespsoe.es\/ponferrada\/el-grupo-socialista-lamenta-la-falta-de-cultura-democratica-del-equipo-de-gobierno-poco-respetuosa-con-la-oposicion\/#primaryimage"},"thumbnailUrl":"https:\/\/agrupacionespsoe.es\/ponferrada\/wp-content\/uploads\/sites\/36\/2025\/02\/WhatsApp-Image-2025-02-04-at-11.25.22.jpeg","datePublished":"2025-03-10T12:30:00+00:00","dateModified":"2025-03-12T08:33:41+00:00","breadcrumb":{"@id":"https:\/\/agrupacionespsoe.es\/ponferrada\/el-grupo-socialista-lamenta-la-falta-de-cultura-democratica-del-equipo-de-gobierno-poco-respetuosa-con-la-oposicion\/#breadcrumb"},"inLanguage":"es","potentialAction":[{"@type":"ReadAction","target":["https:\/\/agrupacionespsoe.es\/ponferrada\/el-grupo-socialista-lamenta-la-falta-de-cultura-democratica-del-equipo-de-gobierno-poco-respetuosa-con-la-oposicion\/"]}]},{"@type":"ImageObject","inLanguage":"es","@id":"https:\/\/agrupacionespsoe.es\/ponferrada\/el-grupo-socialista-lamenta-la-falta-de-cultura-democratica-del-equipo-de-gobierno-poco-respetuosa-con-la-oposicion\/#primaryimage","url":"https:\/\/agrupacionespsoe.es\/ponferrada\/wp-content\/uploads\/sites\/36\/2025\/02\/WhatsApp-Image-2025-02-04-at-11.25.22.jpeg","contentUrl":"https:\/\/agrupacionespsoe.es\/ponferrada\/wp-content\/uploads\/sites\/36\/2025\/02\/WhatsApp-Image-2025-02-04-at-11.25.22.jpeg","width":797,"height":1133},{"@type":"BreadcrumbList","@id":"https:\/\/agrupacionespsoe.es\/ponferrada\/el-grupo-socialista-lamenta-la-falta-de-cultura-democratica-del-equipo-de-gobierno-poco-respetuosa-con-la-oposicion\/#breadcrumb","itemListElement":[{"@type":"ListItem","position":1,"name":"Portada","item":"https:\/\/agrupacionespsoe.es\/ponferrada\/"},{"@type":"ListItem","position":2,"name":"El grupo socialista lamenta la falta de cultura democr\u00e1tica del equipo de gobierno, poco respetuosa con la oposici\u00f3n."}]},{"@type":"WebSite","@id":"https:\/\/agrupacionespsoe.es\/ponferrada\/#website","url":"https:\/\/agrupacionespsoe.es\/ponferrada\/","name":"Agrupaci\u00f3n Socialista de Ponferrada","description":"Agrupaci\u00f3n Socialista de Ponferrada","publisher":{"@id":"https:\/\/agrupacionespsoe.es\/ponferrada\/#organization"},"potentialAction":[{"@type":"SearchAction","target":{"@type":"EntryPoint","urlTemplate":"https:\/\/agrupacionespsoe.es\/ponferrada\/?s={search_term_string}"},"query-input":{"@type":"PropertyValueSpecification","valueRequired":true,"valueName":"search_term_string"}}],"inLanguage":"es"},{"@type":"Organization","@id":"https:\/\/agrupacionespsoe.es\/ponferrada\/#organization","name":"Agrupaci\u00f3n Socialista de Ponferrada","url":"https:\/\/agrupacionespsoe.es\/ponferrada\/","logo":{"@type":"ImageObject","inLanguage":"es","@id":"https:\/\/agrupacionespsoe.es\/ponferrada\/#\/schema\/logo\/image\/","url":"https:\/\/agrupacionespsoe.es\/wp-content\/uploads\/2022\/07\/Logotipo_electoral_del_PSOE.png","contentUrl":"https:\/\/agrupacionespsoe.es\/wp-content\/uploads\/2022\/07\/Logotipo_electoral_del_PSOE.png","width":422,"height":422,"caption":"Agrupaci\u00f3n Socialista de Ponferrada"},"image":{"@id":"https:\/\/agrupacionespsoe.es\/ponferrada\/#\/schema\/logo\/image\/"}},{"@type":"Person","@id":"https:\/\/agrupacionespsoe.es\/ponferrada\/#\/schema\/person\/cd29ee627f3b70c05d415f02596debaa","name":"ponferrada2","image":{"@type":"ImageObject","inLanguage":"es","@id":"https:\/\/agrupacionespsoe.es\/ponferrada\/#\/schema\/person\/image\/","url":"https:\/\/secure.gravatar.com\/avatar\/f499eeb60144c664cf7b7edf75549b50?s=96&d=mm&r=g","contentUrl":"https:\/\/secure.gravatar.com\/avatar\/f499eeb60144c664cf7b7edf75549b50?s=96&d=mm&r=g","caption":"ponferrada2"},"url":"https:\/\/agrupacionespsoe.es\/ponferrada\/author\/ponferrada2\/"}]}},"jetpack_featured_media_url":"https:\/\/agrupacionespsoe.es\/ponferrada\/wp-content\/uploads\/sites\/36\/2025\/02\/WhatsApp-Image-2025-02-04-at-11.25.22.jpeg","jetpack_sharing_enabled":true,"_links":{"self":[{"href":"https:\/\/agrupacionespsoe.es\/ponferrada\/wp-json\/wp\/v2\/posts\/803","targetHints":{"allow":["GET"]}}],"collection":[{"href":"https:\/\/agrupacionespsoe.es\/ponferrada\/wp-json\/wp\/v2\/posts"}],"about":[{"href":"https:\/\/agrupacionespsoe.es\/ponferrada\/wp-json\/wp\/v2\/types\/post"}],"author":[{"embeddable":true,"href":"https:\/\/agrupacionespsoe.es\/ponferrada\/wp-json\/wp\/v2\/users\/32"}],"replies":[{"embeddable":true,"href":"https:\/\/agrupacionespsoe.es\/ponferrada\/wp-json\/wp\/v2\/comments?post=803"}],"version-history":[{"count":2,"href":"https:\/\/agrupacionespsoe.es\/ponferrada\/wp-json\/wp\/v2\/posts\/803\/revisions"}],"predecessor-version":[{"id":805,"href":"https:\/\/agrupacionespsoe.es\/ponferrada\/wp-json\/wp\/v2\/posts\/803\/revisions\/805"}],"wp:featuredmedia":[{"embeddable":true,"href":"https:\/\/agrupacionespsoe.es\/ponferrada\/wp-json\/wp\/v2\/media\/774"}],"wp:attachment":[{"href":"https:\/\/agrupacionespsoe.es\/ponferrada\/wp-json\/wp\/v2\/media?parent=803"}],"wp:term":[{"taxonomy":"category","embeddable":true,"href":"https:\/\/agrupacionespsoe.es\/ponferrada\/wp-json\/wp\/v2\/categories?post=803"},{"taxonomy":"post_tag","embeddable":true,"href":"https:\/\/agrupacionespsoe.es\/ponferrada\/wp-json\/wp\/v2\/tags?post=803"}],"curies":[{"name":"wp","href":"https:\/\/api.w.org\/{rel}","templated":true}]}}