{"id":790,"date":"2025-02-06T12:01:33","date_gmt":"2025-02-06T12:01:33","guid":{"rendered":"https:\/\/agrupacionespsoe.es\/ponferrada\/?p=790"},"modified":"2025-02-19T12:06:47","modified_gmt":"2025-02-19T12:06:47","slug":"olegario-ramon-denuncia-la-grave-perdida-patrimonial-en-la-venta-del-solar-del-antiguo-cuartel-de-la-guardia-civil-en-ponferrada","status":"publish","type":"post","link":"https:\/\/agrupacionespsoe.es\/ponferrada\/olegario-ramon-denuncia-la-grave-perdida-patrimonial-en-la-venta-del-solar-del-antiguo-cuartel-de-la-guardia-civil-en-ponferrada\/","title":{"rendered":"Olegario Ram\u00f3n denuncia la grave p\u00e9rdida patrimonial en la venta del solar del antiguo cuartel de la Guardia Civil en Ponferrada"},"content":{"rendered":"\n<p>La reciente venta del solar del antiguo cuartel de la Guardia Civil en Ponferrada ha supuesto una significativa p\u00e9rdida econ\u00f3mica para el Ayuntamiento y, por ende, para toda la ciudadan\u00eda. Seg\u00fan los datos verificados, la operaci\u00f3n de venta de este terreno se ha realizado con una rebaja del 81,94% respecto a su valor inicial, generando una p\u00e9rdida que podr\u00eda alcanzar los 3,5 millones de euros.<\/p>\n\n\n\n<p>En la \u00faltima comparecencia del portavoz del grupo socialista, Olegario Ram\u00f3n, sobre este asunto, se record\u00f3 que en su d\u00eda el Ayuntamiento abon\u00f3 por este solar un total de 2.538.749,72 euros. A ello se sumaron posteriormente 90.622 euros adicionales en concepto de demolici\u00f3n del antiguo cuartel y cerramiento del terreno, lo que eleva la inversi\u00f3n total a 2.629.371,72 euros. Sin embargo, el solar ha sido vendido recientemente por tan solo 804.000 euros, lo que implica una p\u00e9rdida real de 1.825.371,72 euros.<\/p>\n\n\n\n<p>Olegario Ram\u00f3n ha a\u00f1adido que es a\u00fan m\u00e1s preocupante el hecho de que, seg\u00fan un informe oficial del Ayuntamiento de Ponferrada elaborado en abril de 2015 por el jefe de Planeamiento y Gesti\u00f3n Patrimonial, el valor real del solar era muy superior. Este documento, de acceso p\u00fablico en la web del Ayuntamiento, indica que el Ministerio del Interior lo valor\u00f3 en 4.321.822 euros, mientras que la tasaci\u00f3n del propio Ayuntamiento lo cifraba en 3.725.000 euros. En base a estos valores, la p\u00e9rdida real derivada de esta venta podr\u00eda oscilar entre los 2.921.000 euros (seg\u00fan el valor otorgado por el Ayuntamiento) y los 3.527.822 euros (seg\u00fan la valoraci\u00f3n del Ministerio del Interior).<\/p>\n\n\n\n<p>Olegario Ram\u00f3n ha puesto en entredicho la gesti\u00f3n de los recursos p\u00fablicos de este equipo de gobierno, recordando que el Reglamento de Bienes establece que la subasta con pujas a la baja solo es admisible en circunstancias excepcionales y debidamente justificadas. Sin embargo, en este caso, el procedimiento seguido ha sido el contrario, permitiendo una venta en condiciones altamente perjudiciales para el patrimonio municipal.<\/p>\n\n\n\n<p>El portavoz del PSOE se\u00f1ala que el derroche con el que gestiona este equipo de gobierno puede haber acelerado esta venta debido a la necesidad urgente de ingresos. Record\u00f3 que intervenci\u00f3n ya advirti\u00f3 que en el \u00faltimo semestre de 2023 el Ayuntamiento gast\u00f3 2,6 millones de euros m\u00e1s de lo que ingres\u00f3, lo que podr\u00eda estar condicionando decisiones que afectan gravemente al patrimonio p\u00fablico.<\/p>\n\n\n\n<p>Se\u00f1ala que la \u00e9tica p\u00fablica exige que quien gestiona bienes p\u00fablicos lo haga con la m\u00e1xima diligencia, con la m\u00e1xima lealtad porque es el dinero de todos. Tambi\u00e9n ha criticado las palabras del alcalde Morala cuando se\u00f1ala que el PSOE era partidario del intervencionismo mientras que \u00e9l era m\u00e1s partidario de la libertad, ha se\u00f1alado que a Morala solo le falt\u00f3 decir que es un partidario de la libertad carajo y se\u00f1al\u00f3 que al igual que el autor original de la frase, su gesti\u00f3n nos puede llevar a la ruina de todo el patrimonio de todos.<\/p>\n\n\n\n<p>Para finalizar ha se\u00f1alado que la situaci\u00f3n es tan escandalosa que el precio de venta es inferior al valor de tasaci\u00f3n que tiene el bien en el inventario municipal de bienes. Ese solar est\u00e1 valorado en 1004000 euros mientras que se va a malvender en 804.000 euros.<\/p>\n\n\n\n<figure class=\"wp-block-image size-large\"><img loading=\"lazy\" decoding=\"async\" width=\"1024\" height=\"768\" src=\"https:\/\/agrupacionespsoe.es\/ponferrada\/wp-content\/uploads\/sites\/36\/2025\/02\/WhatsApp-Image-2025-02-19-at-11.11.47-1024x768.jpeg\" alt=\"\" class=\"wp-image-791\" srcset=\"https:\/\/agrupacionespsoe.es\/ponferrada\/wp-content\/uploads\/sites\/36\/2025\/02\/WhatsApp-Image-2025-02-19-at-11.11.47-1024x768.jpeg 1024w, https:\/\/agrupacionespsoe.es\/ponferrada\/wp-content\/uploads\/sites\/36\/2025\/02\/WhatsApp-Image-2025-02-19-at-11.11.47-300x225.jpeg 300w, https:\/\/agrupacionespsoe.es\/ponferrada\/wp-content\/uploads\/sites\/36\/2025\/02\/WhatsApp-Image-2025-02-19-at-11.11.47-768x576.jpeg 768w, https:\/\/agrupacionespsoe.es\/ponferrada\/wp-content\/uploads\/sites\/36\/2025\/02\/WhatsApp-Image-2025-02-19-at-11.11.47-1536x1152.jpeg 1536w, https:\/\/agrupacionespsoe.es\/ponferrada\/wp-content\/uploads\/sites\/36\/2025\/02\/WhatsApp-Image-2025-02-19-at-11.11.47.jpeg 2048w\" sizes=\"auto, (max-width: 1024px) 100vw, 1024px\" \/><\/figure>\n","protected":false},"excerpt":{"rendered":"<p>La reciente venta del solar del antiguo cuartel de la Guardia Civil en Ponferrada ha supuesto una significativa p\u00e9rdida econ\u00f3mica para el Ayuntamiento y, por ende, para toda la ciudadan\u00eda. Seg\u00fan los datos verificados, la operaci\u00f3n de venta de este terreno se ha realizado con una rebaja del 81,94% respecto a su valor inicial, generando &#8230;<\/p>\n","protected":false},"author":32,"featured_media":791,"comment_status":"open","ping_status":"open","sticky":false,"template":"","format":"standard","meta":{"_jetpack_memberships_contains_paid_content":false,"footnotes":""},"categories":[6],"tags":[],"class_list":["post-790","post","type-post","status-publish","format-standard","has-post-thumbnail","hentry","category-actualidad"],"yoast_head":"<!-- This site is optimized with the Yoast SEO plugin v24.0 - https:\/\/yoast.com\/wordpress\/plugins\/seo\/ -->\n<title>Olegario Ram\u00f3n denuncia la grave p\u00e9rdida patrimonial en la venta del solar del antiguo cuartel de la Guardia Civil en Ponferrada - Agrupaci\u00f3n Socialista de Ponferrada<\/title>\n<meta name=\"robots\" content=\"index, follow, max-snippet:-1, max-image-preview:large, max-video-preview:-1\" \/>\n<link rel=\"canonical\" href=\"https:\/\/agrupacionespsoe.es\/ponferrada\/olegario-ramon-denuncia-la-grave-perdida-patrimonial-en-la-venta-del-solar-del-antiguo-cuartel-de-la-guardia-civil-en-ponferrada\/\" \/>\n<meta property=\"og:locale\" content=\"es_ES\" \/>\n<meta property=\"og:type\" content=\"article\" \/>\n<meta property=\"og:title\" content=\"Olegario Ram\u00f3n denuncia la grave p\u00e9rdida patrimonial en la venta del solar del antiguo cuartel de la Guardia Civil en Ponferrada - Agrupaci\u00f3n Socialista de Ponferrada\" \/>\n<meta property=\"og:description\" content=\"La reciente venta del solar del antiguo cuartel de la Guardia Civil en Ponferrada ha supuesto una significativa p\u00e9rdida econ\u00f3mica para el Ayuntamiento y, por ende, para toda la ciudadan\u00eda. Seg\u00fan los datos verificados, la operaci\u00f3n de venta de este terreno se ha realizado con una rebaja del 81,94% respecto a su valor inicial, generando ...\" \/>\n<meta property=\"og:url\" content=\"https:\/\/agrupacionespsoe.es\/ponferrada\/olegario-ramon-denuncia-la-grave-perdida-patrimonial-en-la-venta-del-solar-del-antiguo-cuartel-de-la-guardia-civil-en-ponferrada\/\" \/>\n<meta property=\"og:site_name\" content=\"Agrupaci\u00f3n Socialista de Ponferrada\" \/>\n<meta property=\"article:published_time\" content=\"2025-02-06T12:01:33+00:00\" \/>\n<meta property=\"article:modified_time\" content=\"2025-02-19T12:06:47+00:00\" \/>\n<meta property=\"og:image\" content=\"https:\/\/agrupacionespsoe.es\/ponferrada\/wp-content\/uploads\/sites\/36\/2025\/02\/WhatsApp-Image-2025-02-19-at-11.11.47.jpeg\" \/>\n\t<meta property=\"og:image:width\" content=\"2048\" \/>\n\t<meta property=\"og:image:height\" content=\"1536\" \/>\n\t<meta property=\"og:image:type\" content=\"image\/jpeg\" \/>\n<meta name=\"author\" content=\"ponferrada2\" \/>\n<meta name=\"twitter:card\" content=\"summary_large_image\" \/>\n<meta name=\"twitter:label1\" content=\"Escrito por\" \/>\n\t<meta name=\"twitter:data1\" content=\"ponferrada2\" \/>\n\t<meta name=\"twitter:label2\" content=\"Tiempo de lectura\" \/>\n\t<meta name=\"twitter:data2\" content=\"3 minutos\" \/>\n<script type=\"application\/ld+json\" class=\"yoast-schema-graph\">{\"@context\":\"https:\/\/schema.org\",\"@graph\":[{\"@type\":\"Article\",\"@id\":\"https:\/\/agrupacionespsoe.es\/ponferrada\/olegario-ramon-denuncia-la-grave-perdida-patrimonial-en-la-venta-del-solar-del-antiguo-cuartel-de-la-guardia-civil-en-ponferrada\/#article\",\"isPartOf\":{\"@id\":\"https:\/\/agrupacionespsoe.es\/ponferrada\/olegario-ramon-denuncia-la-grave-perdida-patrimonial-en-la-venta-del-solar-del-antiguo-cuartel-de-la-guardia-civil-en-ponferrada\/\"},\"author\":{\"name\":\"ponferrada2\",\"@id\":\"https:\/\/agrupacionespsoe.es\/ponferrada\/#\/schema\/person\/cd29ee627f3b70c05d415f02596debaa\"},\"headline\":\"Olegario Ram\u00f3n denuncia la grave p\u00e9rdida patrimonial en la venta del solar del antiguo cuartel de la Guardia Civil en Ponferrada\",\"datePublished\":\"2025-02-06T12:01:33+00:00\",\"dateModified\":\"2025-02-19T12:06:47+00:00\",\"mainEntityOfPage\":{\"@id\":\"https:\/\/agrupacionespsoe.es\/ponferrada\/olegario-ramon-denuncia-la-grave-perdida-patrimonial-en-la-venta-del-solar-del-antiguo-cuartel-de-la-guardia-civil-en-ponferrada\/\"},\"wordCount\":582,\"commentCount\":0,\"publisher\":{\"@id\":\"https:\/\/agrupacionespsoe.es\/ponferrada\/#organization\"},\"image\":{\"@id\":\"https:\/\/agrupacionespsoe.es\/ponferrada\/olegario-ramon-denuncia-la-grave-perdida-patrimonial-en-la-venta-del-solar-del-antiguo-cuartel-de-la-guardia-civil-en-ponferrada\/#primaryimage\"},\"thumbnailUrl\":\"https:\/\/agrupacionespsoe.es\/ponferrada\/wp-content\/uploads\/sites\/36\/2025\/02\/WhatsApp-Image-2025-02-19-at-11.11.47.jpeg\",\"articleSection\":[\"ACTUALIDAD\"],\"inLanguage\":\"es\",\"potentialAction\":[{\"@type\":\"CommentAction\",\"name\":\"Comment\",\"target\":[\"https:\/\/agrupacionespsoe.es\/ponferrada\/olegario-ramon-denuncia-la-grave-perdida-patrimonial-en-la-venta-del-solar-del-antiguo-cuartel-de-la-guardia-civil-en-ponferrada\/#respond\"]}]},{\"@type\":\"WebPage\",\"@id\":\"https:\/\/agrupacionespsoe.es\/ponferrada\/olegario-ramon-denuncia-la-grave-perdida-patrimonial-en-la-venta-del-solar-del-antiguo-cuartel-de-la-guardia-civil-en-ponferrada\/\",\"url\":\"https:\/\/agrupacionespsoe.es\/ponferrada\/olegario-ramon-denuncia-la-grave-perdida-patrimonial-en-la-venta-del-solar-del-antiguo-cuartel-de-la-guardia-civil-en-ponferrada\/\",\"name\":\"Olegario Ram\u00f3n denuncia la grave p\u00e9rdida patrimonial en la venta del solar del antiguo cuartel de la Guardia Civil en Ponferrada - Agrupaci\u00f3n Socialista de Ponferrada\",\"isPartOf\":{\"@id\":\"https:\/\/agrupacionespsoe.es\/ponferrada\/#website\"},\"primaryImageOfPage\":{\"@id\":\"https:\/\/agrupacionespsoe.es\/ponferrada\/olegario-ramon-denuncia-la-grave-perdida-patrimonial-en-la-venta-del-solar-del-antiguo-cuartel-de-la-guardia-civil-en-ponferrada\/#primaryimage\"},\"image\":{\"@id\":\"https:\/\/agrupacionespsoe.es\/ponferrada\/olegario-ramon-denuncia-la-grave-perdida-patrimonial-en-la-venta-del-solar-del-antiguo-cuartel-de-la-guardia-civil-en-ponferrada\/#primaryimage\"},\"thumbnailUrl\":\"https:\/\/agrupacionespsoe.es\/ponferrada\/wp-content\/uploads\/sites\/36\/2025\/02\/WhatsApp-Image-2025-02-19-at-11.11.47.jpeg\",\"datePublished\":\"2025-02-06T12:01:33+00:00\",\"dateModified\":\"2025-02-19T12:06:47+00:00\",\"breadcrumb\":{\"@id\":\"https:\/\/agrupacionespsoe.es\/ponferrada\/olegario-ramon-denuncia-la-grave-perdida-patrimonial-en-la-venta-del-solar-del-antiguo-cuartel-de-la-guardia-civil-en-ponferrada\/#breadcrumb\"},\"inLanguage\":\"es\",\"potentialAction\":[{\"@type\":\"ReadAction\",\"target\":[\"https:\/\/agrupacionespsoe.es\/ponferrada\/olegario-ramon-denuncia-la-grave-perdida-patrimonial-en-la-venta-del-solar-del-antiguo-cuartel-de-la-guardia-civil-en-ponferrada\/\"]}]},{\"@type\":\"ImageObject\",\"inLanguage\":\"es\",\"@id\":\"https:\/\/agrupacionespsoe.es\/ponferrada\/olegario-ramon-denuncia-la-grave-perdida-patrimonial-en-la-venta-del-solar-del-antiguo-cuartel-de-la-guardia-civil-en-ponferrada\/#primaryimage\",\"url\":\"https:\/\/agrupacionespsoe.es\/ponferrada\/wp-content\/uploads\/sites\/36\/2025\/02\/WhatsApp-Image-2025-02-19-at-11.11.47.jpeg\",\"contentUrl\":\"https:\/\/agrupacionespsoe.es\/ponferrada\/wp-content\/uploads\/sites\/36\/2025\/02\/WhatsApp-Image-2025-02-19-at-11.11.47.jpeg\",\"width\":2048,\"height\":1536},{\"@type\":\"BreadcrumbList\",\"@id\":\"https:\/\/agrupacionespsoe.es\/ponferrada\/olegario-ramon-denuncia-la-grave-perdida-patrimonial-en-la-venta-del-solar-del-antiguo-cuartel-de-la-guardia-civil-en-ponferrada\/#breadcrumb\",\"itemListElement\":[{\"@type\":\"ListItem\",\"position\":1,\"name\":\"Portada\",\"item\":\"https:\/\/agrupacionespsoe.es\/ponferrada\/\"},{\"@type\":\"ListItem\",\"position\":2,\"name\":\"Olegario Ram\u00f3n denuncia la grave p\u00e9rdida patrimonial en la venta del solar del antiguo cuartel de la Guardia Civil en Ponferrada\"}]},{\"@type\":\"WebSite\",\"@id\":\"https:\/\/agrupacionespsoe.es\/ponferrada\/#website\",\"url\":\"https:\/\/agrupacionespsoe.es\/ponferrada\/\",\"name\":\"Agrupaci\u00f3n Socialista de Ponferrada\",\"description\":\"Agrupaci\u00f3n Socialista de Ponferrada\",\"publisher\":{\"@id\":\"https:\/\/agrupacionespsoe.es\/ponferrada\/#organization\"},\"potentialAction\":[{\"@type\":\"SearchAction\",\"target\":{\"@type\":\"EntryPoint\",\"urlTemplate\":\"https:\/\/agrupacionespsoe.es\/ponferrada\/?s={search_term_string}\"},\"query-input\":{\"@type\":\"PropertyValueSpecification\",\"valueRequired\":true,\"valueName\":\"search_term_string\"}}],\"inLanguage\":\"es\"},{\"@type\":\"Organization\",\"@id\":\"https:\/\/agrupacionespsoe.es\/ponferrada\/#organization\",\"name\":\"Agrupaci\u00f3n Socialista de Ponferrada\",\"url\":\"https:\/\/agrupacionespsoe.es\/ponferrada\/\",\"logo\":{\"@type\":\"ImageObject\",\"inLanguage\":\"es\",\"@id\":\"https:\/\/agrupacionespsoe.es\/ponferrada\/#\/schema\/logo\/image\/\",\"url\":\"https:\/\/agrupacionespsoe.es\/wp-content\/uploads\/2022\/07\/Logotipo_electoral_del_PSOE.png\",\"contentUrl\":\"https:\/\/agrupacionespsoe.es\/wp-content\/uploads\/2022\/07\/Logotipo_electoral_del_PSOE.png\",\"width\":422,\"height\":422,\"caption\":\"Agrupaci\u00f3n Socialista de Ponferrada\"},\"image\":{\"@id\":\"https:\/\/agrupacionespsoe.es\/ponferrada\/#\/schema\/logo\/image\/\"}},{\"@type\":\"Person\",\"@id\":\"https:\/\/agrupacionespsoe.es\/ponferrada\/#\/schema\/person\/cd29ee627f3b70c05d415f02596debaa\",\"name\":\"ponferrada2\",\"image\":{\"@type\":\"ImageObject\",\"inLanguage\":\"es\",\"@id\":\"https:\/\/agrupacionespsoe.es\/ponferrada\/#\/schema\/person\/image\/\",\"url\":\"https:\/\/secure.gravatar.com\/avatar\/f499eeb60144c664cf7b7edf75549b50?s=96&d=mm&r=g\",\"contentUrl\":\"https:\/\/secure.gravatar.com\/avatar\/f499eeb60144c664cf7b7edf75549b50?s=96&d=mm&r=g\",\"caption\":\"ponferrada2\"},\"url\":\"https:\/\/agrupacionespsoe.es\/ponferrada\/author\/ponferrada2\/\"}]}<\/script>\n<!-- \/ Yoast SEO plugin. -->","yoast_head_json":{"title":"Olegario Ram\u00f3n denuncia la grave p\u00e9rdida patrimonial en la venta del solar del antiguo cuartel de la Guardia Civil en Ponferrada - Agrupaci\u00f3n Socialista de Ponferrada","robots":{"index":"index","follow":"follow","max-snippet":"max-snippet:-1","max-image-preview":"max-image-preview:large","max-video-preview":"max-video-preview:-1"},"canonical":"https:\/\/agrupacionespsoe.es\/ponferrada\/olegario-ramon-denuncia-la-grave-perdida-patrimonial-en-la-venta-del-solar-del-antiguo-cuartel-de-la-guardia-civil-en-ponferrada\/","og_locale":"es_ES","og_type":"article","og_title":"Olegario Ram\u00f3n denuncia la grave p\u00e9rdida patrimonial en la venta del solar del antiguo cuartel de la Guardia Civil en Ponferrada - Agrupaci\u00f3n Socialista de Ponferrada","og_description":"La reciente venta del solar del antiguo cuartel de la Guardia Civil en Ponferrada ha supuesto una significativa p\u00e9rdida econ\u00f3mica para el Ayuntamiento y, por ende, para toda la ciudadan\u00eda. Seg\u00fan los datos verificados, la operaci\u00f3n de venta de este terreno se ha realizado con una rebaja del 81,94% respecto a su valor inicial, generando ...","og_url":"https:\/\/agrupacionespsoe.es\/ponferrada\/olegario-ramon-denuncia-la-grave-perdida-patrimonial-en-la-venta-del-solar-del-antiguo-cuartel-de-la-guardia-civil-en-ponferrada\/","og_site_name":"Agrupaci\u00f3n Socialista de Ponferrada","article_published_time":"2025-02-06T12:01:33+00:00","article_modified_time":"2025-02-19T12:06:47+00:00","og_image":[{"width":2048,"height":1536,"url":"https:\/\/agrupacionespsoe.es\/ponferrada\/wp-content\/uploads\/sites\/36\/2025\/02\/WhatsApp-Image-2025-02-19-at-11.11.47.jpeg","type":"image\/jpeg"}],"author":"ponferrada2","twitter_card":"summary_large_image","twitter_misc":{"Escrito por":"ponferrada2","Tiempo de lectura":"3 minutos"},"schema":{"@context":"https:\/\/schema.org","@graph":[{"@type":"Article","@id":"https:\/\/agrupacionespsoe.es\/ponferrada\/olegario-ramon-denuncia-la-grave-perdida-patrimonial-en-la-venta-del-solar-del-antiguo-cuartel-de-la-guardia-civil-en-ponferrada\/#article","isPartOf":{"@id":"https:\/\/agrupacionespsoe.es\/ponferrada\/olegario-ramon-denuncia-la-grave-perdida-patrimonial-en-la-venta-del-solar-del-antiguo-cuartel-de-la-guardia-civil-en-ponferrada\/"},"author":{"name":"ponferrada2","@id":"https:\/\/agrupacionespsoe.es\/ponferrada\/#\/schema\/person\/cd29ee627f3b70c05d415f02596debaa"},"headline":"Olegario Ram\u00f3n denuncia la grave p\u00e9rdida patrimonial en la venta del solar del antiguo cuartel de la Guardia Civil en Ponferrada","datePublished":"2025-02-06T12:01:33+00:00","dateModified":"2025-02-19T12:06:47+00:00","mainEntityOfPage":{"@id":"https:\/\/agrupacionespsoe.es\/ponferrada\/olegario-ramon-denuncia-la-grave-perdida-patrimonial-en-la-venta-del-solar-del-antiguo-cuartel-de-la-guardia-civil-en-ponferrada\/"},"wordCount":582,"commentCount":0,"publisher":{"@id":"https:\/\/agrupacionespsoe.es\/ponferrada\/#organization"},"image":{"@id":"https:\/\/agrupacionespsoe.es\/ponferrada\/olegario-ramon-denuncia-la-grave-perdida-patrimonial-en-la-venta-del-solar-del-antiguo-cuartel-de-la-guardia-civil-en-ponferrada\/#primaryimage"},"thumbnailUrl":"https:\/\/agrupacionespsoe.es\/ponferrada\/wp-content\/uploads\/sites\/36\/2025\/02\/WhatsApp-Image-2025-02-19-at-11.11.47.jpeg","articleSection":["ACTUALIDAD"],"inLanguage":"es","potentialAction":[{"@type":"CommentAction","name":"Comment","target":["https:\/\/agrupacionespsoe.es\/ponferrada\/olegario-ramon-denuncia-la-grave-perdida-patrimonial-en-la-venta-del-solar-del-antiguo-cuartel-de-la-guardia-civil-en-ponferrada\/#respond"]}]},{"@type":"WebPage","@id":"https:\/\/agrupacionespsoe.es\/ponferrada\/olegario-ramon-denuncia-la-grave-perdida-patrimonial-en-la-venta-del-solar-del-antiguo-cuartel-de-la-guardia-civil-en-ponferrada\/","url":"https:\/\/agrupacionespsoe.es\/ponferrada\/olegario-ramon-denuncia-la-grave-perdida-patrimonial-en-la-venta-del-solar-del-antiguo-cuartel-de-la-guardia-civil-en-ponferrada\/","name":"Olegario Ram\u00f3n denuncia la grave p\u00e9rdida patrimonial en la venta del solar del antiguo cuartel de la Guardia Civil en Ponferrada - Agrupaci\u00f3n Socialista de Ponferrada","isPartOf":{"@id":"https:\/\/agrupacionespsoe.es\/ponferrada\/#website"},"primaryImageOfPage":{"@id":"https:\/\/agrupacionespsoe.es\/ponferrada\/olegario-ramon-denuncia-la-grave-perdida-patrimonial-en-la-venta-del-solar-del-antiguo-cuartel-de-la-guardia-civil-en-ponferrada\/#primaryimage"},"image":{"@id":"https:\/\/agrupacionespsoe.es\/ponferrada\/olegario-ramon-denuncia-la-grave-perdida-patrimonial-en-la-venta-del-solar-del-antiguo-cuartel-de-la-guardia-civil-en-ponferrada\/#primaryimage"},"thumbnailUrl":"https:\/\/agrupacionespsoe.es\/ponferrada\/wp-content\/uploads\/sites\/36\/2025\/02\/WhatsApp-Image-2025-02-19-at-11.11.47.jpeg","datePublished":"2025-02-06T12:01:33+00:00","dateModified":"2025-02-19T12:06:47+00:00","breadcrumb":{"@id":"https:\/\/agrupacionespsoe.es\/ponferrada\/olegario-ramon-denuncia-la-grave-perdida-patrimonial-en-la-venta-del-solar-del-antiguo-cuartel-de-la-guardia-civil-en-ponferrada\/#breadcrumb"},"inLanguage":"es","potentialAction":[{"@type":"ReadAction","target":["https:\/\/agrupacionespsoe.es\/ponferrada\/olegario-ramon-denuncia-la-grave-perdida-patrimonial-en-la-venta-del-solar-del-antiguo-cuartel-de-la-guardia-civil-en-ponferrada\/"]}]},{"@type":"ImageObject","inLanguage":"es","@id":"https:\/\/agrupacionespsoe.es\/ponferrada\/olegario-ramon-denuncia-la-grave-perdida-patrimonial-en-la-venta-del-solar-del-antiguo-cuartel-de-la-guardia-civil-en-ponferrada\/#primaryimage","url":"https:\/\/agrupacionespsoe.es\/ponferrada\/wp-content\/uploads\/sites\/36\/2025\/02\/WhatsApp-Image-2025-02-19-at-11.11.47.jpeg","contentUrl":"https:\/\/agrupacionespsoe.es\/ponferrada\/wp-content\/uploads\/sites\/36\/2025\/02\/WhatsApp-Image-2025-02-19-at-11.11.47.jpeg","width":2048,"height":1536},{"@type":"BreadcrumbList","@id":"https:\/\/agrupacionespsoe.es\/ponferrada\/olegario-ramon-denuncia-la-grave-perdida-patrimonial-en-la-venta-del-solar-del-antiguo-cuartel-de-la-guardia-civil-en-ponferrada\/#breadcrumb","itemListElement":[{"@type":"ListItem","position":1,"name":"Portada","item":"https:\/\/agrupacionespsoe.es\/ponferrada\/"},{"@type":"ListItem","position":2,"name":"Olegario Ram\u00f3n denuncia la grave p\u00e9rdida patrimonial en la venta del solar del antiguo cuartel de la Guardia Civil en Ponferrada"}]},{"@type":"WebSite","@id":"https:\/\/agrupacionespsoe.es\/ponferrada\/#website","url":"https:\/\/agrupacionespsoe.es\/ponferrada\/","name":"Agrupaci\u00f3n Socialista de Ponferrada","description":"Agrupaci\u00f3n Socialista de Ponferrada","publisher":{"@id":"https:\/\/agrupacionespsoe.es\/ponferrada\/#organization"},"potentialAction":[{"@type":"SearchAction","target":{"@type":"EntryPoint","urlTemplate":"https:\/\/agrupacionespsoe.es\/ponferrada\/?s={search_term_string}"},"query-input":{"@type":"PropertyValueSpecification","valueRequired":true,"valueName":"search_term_string"}}],"inLanguage":"es"},{"@type":"Organization","@id":"https:\/\/agrupacionespsoe.es\/ponferrada\/#organization","name":"Agrupaci\u00f3n Socialista de Ponferrada","url":"https:\/\/agrupacionespsoe.es\/ponferrada\/","logo":{"@type":"ImageObject","inLanguage":"es","@id":"https:\/\/agrupacionespsoe.es\/ponferrada\/#\/schema\/logo\/image\/","url":"https:\/\/agrupacionespsoe.es\/wp-content\/uploads\/2022\/07\/Logotipo_electoral_del_PSOE.png","contentUrl":"https:\/\/agrupacionespsoe.es\/wp-content\/uploads\/2022\/07\/Logotipo_electoral_del_PSOE.png","width":422,"height":422,"caption":"Agrupaci\u00f3n Socialista de Ponferrada"},"image":{"@id":"https:\/\/agrupacionespsoe.es\/ponferrada\/#\/schema\/logo\/image\/"}},{"@type":"Person","@id":"https:\/\/agrupacionespsoe.es\/ponferrada\/#\/schema\/person\/cd29ee627f3b70c05d415f02596debaa","name":"ponferrada2","image":{"@type":"ImageObject","inLanguage":"es","@id":"https:\/\/agrupacionespsoe.es\/ponferrada\/#\/schema\/person\/image\/","url":"https:\/\/secure.gravatar.com\/avatar\/f499eeb60144c664cf7b7edf75549b50?s=96&d=mm&r=g","contentUrl":"https:\/\/secure.gravatar.com\/avatar\/f499eeb60144c664cf7b7edf75549b50?s=96&d=mm&r=g","caption":"ponferrada2"},"url":"https:\/\/agrupacionespsoe.es\/ponferrada\/author\/ponferrada2\/"}]}},"jetpack_featured_media_url":"https:\/\/agrupacionespsoe.es\/ponferrada\/wp-content\/uploads\/sites\/36\/2025\/02\/WhatsApp-Image-2025-02-19-at-11.11.47.jpeg","jetpack_sharing_enabled":true,"_links":{"self":[{"href":"https:\/\/agrupacionespsoe.es\/ponferrada\/wp-json\/wp\/v2\/posts\/790","targetHints":{"allow":["GET"]}}],"collection":[{"href":"https:\/\/agrupacionespsoe.es\/ponferrada\/wp-json\/wp\/v2\/posts"}],"about":[{"href":"https:\/\/agrupacionespsoe.es\/ponferrada\/wp-json\/wp\/v2\/types\/post"}],"author":[{"embeddable":true,"href":"https:\/\/agrupacionespsoe.es\/ponferrada\/wp-json\/wp\/v2\/users\/32"}],"replies":[{"embeddable":true,"href":"https:\/\/agrupacionespsoe.es\/ponferrada\/wp-json\/wp\/v2\/comments?post=790"}],"version-history":[{"count":1,"href":"https:\/\/agrupacionespsoe.es\/ponferrada\/wp-json\/wp\/v2\/posts\/790\/revisions"}],"predecessor-version":[{"id":792,"href":"https:\/\/agrupacionespsoe.es\/ponferrada\/wp-json\/wp\/v2\/posts\/790\/revisions\/792"}],"wp:featuredmedia":[{"embeddable":true,"href":"https:\/\/agrupacionespsoe.es\/ponferrada\/wp-json\/wp\/v2\/media\/791"}],"wp:attachment":[{"href":"https:\/\/agrupacionespsoe.es\/ponferrada\/wp-json\/wp\/v2\/media?parent=790"}],"wp:term":[{"taxonomy":"category","embeddable":true,"href":"https:\/\/agrupacionespsoe.es\/ponferrada\/wp-json\/wp\/v2\/categories?post=790"},{"taxonomy":"post_tag","embeddable":true,"href":"https:\/\/agrupacionespsoe.es\/ponferrada\/wp-json\/wp\/v2\/tags?post=790"}],"curies":[{"name":"wp","href":"https:\/\/api.w.org\/{rel}","templated":true}]}}