{"id":783,"date":"2025-02-14T11:25:13","date_gmt":"2025-02-14T11:25:13","guid":{"rendered":"https:\/\/agrupacionespsoe.es\/ponferrada\/?p=783"},"modified":"2025-02-14T11:25:14","modified_gmt":"2025-02-14T11:25:14","slug":"el-psoe-denuncia-la-venta-a-la-baja-del-solar-del-antiguo-cuartel-y-advierte-sobre-la-perdida-de-17-millones-de-euros","status":"publish","type":"post","link":"https:\/\/agrupacionespsoe.es\/ponferrada\/el-psoe-denuncia-la-venta-a-la-baja-del-solar-del-antiguo-cuartel-y-advierte-sobre-la-perdida-de-17-millones-de-euros\/","title":{"rendered":"\u00abEl PSOE denuncia la venta a la baja del solar del antiguo cuartel y advierte sobre la p\u00e9rdida de 1,7 millones de euros\u00bb"},"content":{"rendered":"\n<p>El Grupo Municipal Socialista ha dado esta ma\u00f1ana una rueda de prensa para valorar el anuncio de la venta del solar del antiguo cuartel de la guardia civil.<\/p>\n\n\n\n<p>Olegario Ram\u00f3n, portavoz del grupo socialista, ha recordado que este terreno, fue adquirido en el a\u00f1o 2009 por 2,5 millones de euros y se pretende vender ahora por solo 804.000 euros, lo que supone una <strong>p\u00e9rdida patrimonial de 1,7 millones de euros<\/strong>.<\/p>\n\n\n\n<p>Ha se\u00f1alado que hemos solicitado acceso al expediente completo de esta operaci\u00f3n, pero a\u00fan no hemos recibido la documentaci\u00f3n. No obstante, con los datos de los que disponemos, hemos detectado indicios preocupantes que queremos poner en conocimiento de la ciudadan\u00eda.<\/p>\n\n\n\n<p>Uno de los aspectos m\u00e1s llamativos es la reducci\u00f3n de la tasaci\u00f3n del solar en un per\u00edodo de apenas 11 meses. En enero de 2024, una valoraci\u00f3n oficial situaba su precio en 1.653.498 euros, mientras que la tasaci\u00f3n reflejada en el pliego de condiciones de la subasta lo sit\u00faa en 1.426.832 euros, una disminuci\u00f3n de 226.666 euros sin justificaci\u00f3n aparente.<\/p>\n\n\n\n<p>Ha se\u00f1alado que otro punto que genera dudas es la figura del \u00abvalor m\u00ednimo razonable\u00bb, una valoraci\u00f3n que permite la venta del solar por una cifra a la baja de hasta 746.832 euros. Olegario Ram\u00f3n ha incidido en que resulta incomprensible que, si la tasaci\u00f3n oficial establece un valor de 1,4 millones de euros, se contemple la posibilidad de venderlo por pr\u00e1cticamente la mitad.<\/p>\n\n\n\n<p>Indica que las administraciones p\u00fablicas tienen la responsabilidad de gestionar y defender el patrimonio de todos, y en este caso se est\u00e1 procediendo a una despatrimonializaci\u00f3n injustificada. El reglamento de bienes de las administraciones p\u00fablicas establece que la enajenaci\u00f3n de bienes inmuebles debe hacerse mediante subasta con un precio de salida y ofertas al alza existe la posibilidad de aceptar pujas a la baja pero debe ser excepcional y debidamente justificada, algo que dudamos de que ocurra en este caso.<\/p>\n\n\n\n<p>Desde el grupo socialista creemos que esta malventa se debe a la necesidad de este equipo de gobierno en aumentar ingresoso, Olegario Ram\u00f3n ha recordado que la interventora ya se\u00f1al\u00f3 un d\u00e9ficit de 2,6 millones de euros en el segundo semestre de 2023 pero esto no puede servir de excusa para la venta apresurada y a bajo precio de un bien municipal.<\/p>\n\n\n\n<p>Olegario Ram\u00f3n informa que este solar no genera costes al Ayuntamiento y actualmente tiene un uso provisional como aparcamiento p\u00fablico, muy valorado por los vecinos y vecinas. A su juicio, no hay justificaci\u00f3n para esta venta apresurada, y menos a\u00fan sin garant\u00edas sobre su futuro uso.<\/p>\n\n\n\n<p>El Grupo socialista tiene una opci\u00f3n para ese solar:<\/p>\n\n\n\n<p>Que sea el propio ayuntamiento quien construya vivienda social o que se obligue al adjudicatario a la construcci\u00f3n de viviendas (que incluya viviendas sociales) en un plazo razonable de tiempo y que de no hacerlo se proceda a la reversi\u00f3n del bien, no hacerlo es sumarse a la especulaci\u00f3n inmobiliaria.<\/p>\n\n\n\n<p>No estamos diciendo que el valor de mercado sea incorrecto, pero s\u00ed cuestionamos la necesidad de vender este terreno por un precio tan bajo.<\/p>\n\n\n\n<p>Olegario Ram\u00f3n ha exigido transparencia y claridad en este procedimiento. Hemos solicitado el expediente completo y, una vez analizado, tomaremos las medidas necesarias para frenar esta operaci\u00f3n, ya sea por la v\u00eda administrativa, contenciosa o penal.<\/p>\n\n\n\n<p>Finaliza se\u00f1alando que el Grupo Municipal Socialista luchar\u00e1 por la defensa del patrimonio de todos y no permitir\u00e1 que se lleven a cabo operaciones que perjudiquen el inter\u00e9s general. Seguiremos exigiendo explicaciones y actuaremos con todas las herramientas a nuestro alcance para frenar esta venta injustificada.<\/p>\n\n\n\n<figure class=\"wp-block-image size-large\"><img loading=\"lazy\" decoding=\"async\" width=\"1024\" height=\"768\" src=\"https:\/\/agrupacionespsoe.es\/ponferrada\/wp-content\/uploads\/sites\/36\/2025\/02\/WhatsApp-Image-2025-02-14-at-12.22.42-1024x768.jpeg\" alt=\"\" class=\"wp-image-784\" srcset=\"https:\/\/agrupacionespsoe.es\/ponferrada\/wp-content\/uploads\/sites\/36\/2025\/02\/WhatsApp-Image-2025-02-14-at-12.22.42-1024x768.jpeg 1024w, https:\/\/agrupacionespsoe.es\/ponferrada\/wp-content\/uploads\/sites\/36\/2025\/02\/WhatsApp-Image-2025-02-14-at-12.22.42-300x225.jpeg 300w, https:\/\/agrupacionespsoe.es\/ponferrada\/wp-content\/uploads\/sites\/36\/2025\/02\/WhatsApp-Image-2025-02-14-at-12.22.42-768x576.jpeg 768w, https:\/\/agrupacionespsoe.es\/ponferrada\/wp-content\/uploads\/sites\/36\/2025\/02\/WhatsApp-Image-2025-02-14-at-12.22.42-1536x1152.jpeg 1536w, https:\/\/agrupacionespsoe.es\/ponferrada\/wp-content\/uploads\/sites\/36\/2025\/02\/WhatsApp-Image-2025-02-14-at-12.22.42.jpeg 1600w\" sizes=\"auto, (max-width: 1024px) 100vw, 1024px\" \/><\/figure>\n\n\n\n<p><\/p>\n","protected":false},"excerpt":{"rendered":"<p>El Grupo Municipal Socialista ha dado esta ma\u00f1ana una rueda de prensa para valorar el anuncio de la venta del solar del antiguo cuartel de la guardia civil. Olegario Ram\u00f3n, portavoz del grupo socialista, ha recordado que este terreno, fue adquirido en el a\u00f1o 2009 por 2,5 millones de euros y se pretende vender ahora &#8230;<\/p>\n","protected":false},"author":32,"featured_media":784,"comment_status":"open","ping_status":"open","sticky":false,"template":"","format":"standard","meta":{"_jetpack_memberships_contains_paid_content":false,"footnotes":""},"categories":[6],"tags":[],"class_list":["post-783","post","type-post","status-publish","format-standard","has-post-thumbnail","hentry","category-actualidad"],"yoast_head":"<!-- This site is optimized with the Yoast SEO plugin v24.0 - https:\/\/yoast.com\/wordpress\/plugins\/seo\/ -->\n<title>&quot;El PSOE denuncia la venta a la baja del solar del antiguo cuartel y advierte sobre la p\u00e9rdida de 1,7 millones de euros&quot; - Agrupaci\u00f3n Socialista de Ponferrada<\/title>\n<meta name=\"robots\" content=\"index, follow, max-snippet:-1, max-image-preview:large, max-video-preview:-1\" \/>\n<link rel=\"canonical\" href=\"https:\/\/agrupacionespsoe.es\/ponferrada\/el-psoe-denuncia-la-venta-a-la-baja-del-solar-del-antiguo-cuartel-y-advierte-sobre-la-perdida-de-17-millones-de-euros\/\" \/>\n<meta property=\"og:locale\" content=\"es_ES\" \/>\n<meta property=\"og:type\" content=\"article\" \/>\n<meta property=\"og:title\" content=\"&quot;El PSOE denuncia la venta a la baja del solar del antiguo cuartel y advierte sobre la p\u00e9rdida de 1,7 millones de euros&quot; - Agrupaci\u00f3n Socialista de Ponferrada\" \/>\n<meta property=\"og:description\" content=\"El Grupo Municipal Socialista ha dado esta ma\u00f1ana una rueda de prensa para valorar el anuncio de la venta del solar del antiguo cuartel de la guardia civil. Olegario Ram\u00f3n, portavoz del grupo socialista, ha recordado que este terreno, fue adquirido en el a\u00f1o 2009 por 2,5 millones de euros y se pretende vender ahora ...\" \/>\n<meta property=\"og:url\" content=\"https:\/\/agrupacionespsoe.es\/ponferrada\/el-psoe-denuncia-la-venta-a-la-baja-del-solar-del-antiguo-cuartel-y-advierte-sobre-la-perdida-de-17-millones-de-euros\/\" \/>\n<meta property=\"og:site_name\" content=\"Agrupaci\u00f3n Socialista de Ponferrada\" \/>\n<meta property=\"article:published_time\" content=\"2025-02-14T11:25:13+00:00\" \/>\n<meta property=\"article:modified_time\" content=\"2025-02-14T11:25:14+00:00\" \/>\n<meta property=\"og:image\" content=\"https:\/\/agrupacionespsoe.es\/ponferrada\/wp-content\/uploads\/sites\/36\/2025\/02\/WhatsApp-Image-2025-02-14-at-12.22.42.jpeg\" \/>\n\t<meta property=\"og:image:width\" content=\"1600\" \/>\n\t<meta property=\"og:image:height\" content=\"1200\" \/>\n\t<meta property=\"og:image:type\" content=\"image\/jpeg\" \/>\n<meta name=\"author\" content=\"ponferrada2\" \/>\n<meta name=\"twitter:card\" content=\"summary_large_image\" \/>\n<meta name=\"twitter:label1\" content=\"Escrito por\" \/>\n\t<meta name=\"twitter:data1\" content=\"ponferrada2\" \/>\n\t<meta name=\"twitter:label2\" content=\"Tiempo de lectura\" \/>\n\t<meta name=\"twitter:data2\" content=\"4 minutos\" \/>\n<script type=\"application\/ld+json\" class=\"yoast-schema-graph\">{\"@context\":\"https:\/\/schema.org\",\"@graph\":[{\"@type\":\"Article\",\"@id\":\"https:\/\/agrupacionespsoe.es\/ponferrada\/el-psoe-denuncia-la-venta-a-la-baja-del-solar-del-antiguo-cuartel-y-advierte-sobre-la-perdida-de-17-millones-de-euros\/#article\",\"isPartOf\":{\"@id\":\"https:\/\/agrupacionespsoe.es\/ponferrada\/el-psoe-denuncia-la-venta-a-la-baja-del-solar-del-antiguo-cuartel-y-advierte-sobre-la-perdida-de-17-millones-de-euros\/\"},\"author\":{\"name\":\"ponferrada2\",\"@id\":\"https:\/\/agrupacionespsoe.es\/ponferrada\/#\/schema\/person\/cd29ee627f3b70c05d415f02596debaa\"},\"headline\":\"\u00abEl PSOE denuncia la venta a la baja del solar del antiguo cuartel y advierte sobre la p\u00e9rdida de 1,7 millones de euros\u00bb\",\"datePublished\":\"2025-02-14T11:25:13+00:00\",\"dateModified\":\"2025-02-14T11:25:14+00:00\",\"mainEntityOfPage\":{\"@id\":\"https:\/\/agrupacionespsoe.es\/ponferrada\/el-psoe-denuncia-la-venta-a-la-baja-del-solar-del-antiguo-cuartel-y-advierte-sobre-la-perdida-de-17-millones-de-euros\/\"},\"wordCount\":642,\"commentCount\":0,\"publisher\":{\"@id\":\"https:\/\/agrupacionespsoe.es\/ponferrada\/#organization\"},\"image\":{\"@id\":\"https:\/\/agrupacionespsoe.es\/ponferrada\/el-psoe-denuncia-la-venta-a-la-baja-del-solar-del-antiguo-cuartel-y-advierte-sobre-la-perdida-de-17-millones-de-euros\/#primaryimage\"},\"thumbnailUrl\":\"https:\/\/agrupacionespsoe.es\/ponferrada\/wp-content\/uploads\/sites\/36\/2025\/02\/WhatsApp-Image-2025-02-14-at-12.22.42.jpeg\",\"articleSection\":[\"ACTUALIDAD\"],\"inLanguage\":\"es\",\"potentialAction\":[{\"@type\":\"CommentAction\",\"name\":\"Comment\",\"target\":[\"https:\/\/agrupacionespsoe.es\/ponferrada\/el-psoe-denuncia-la-venta-a-la-baja-del-solar-del-antiguo-cuartel-y-advierte-sobre-la-perdida-de-17-millones-de-euros\/#respond\"]}]},{\"@type\":\"WebPage\",\"@id\":\"https:\/\/agrupacionespsoe.es\/ponferrada\/el-psoe-denuncia-la-venta-a-la-baja-del-solar-del-antiguo-cuartel-y-advierte-sobre-la-perdida-de-17-millones-de-euros\/\",\"url\":\"https:\/\/agrupacionespsoe.es\/ponferrada\/el-psoe-denuncia-la-venta-a-la-baja-del-solar-del-antiguo-cuartel-y-advierte-sobre-la-perdida-de-17-millones-de-euros\/\",\"name\":\"\\\"El PSOE denuncia la venta a la baja del solar del antiguo cuartel y advierte sobre la p\u00e9rdida de 1,7 millones de euros\\\" - Agrupaci\u00f3n Socialista de Ponferrada\",\"isPartOf\":{\"@id\":\"https:\/\/agrupacionespsoe.es\/ponferrada\/#website\"},\"primaryImageOfPage\":{\"@id\":\"https:\/\/agrupacionespsoe.es\/ponferrada\/el-psoe-denuncia-la-venta-a-la-baja-del-solar-del-antiguo-cuartel-y-advierte-sobre-la-perdida-de-17-millones-de-euros\/#primaryimage\"},\"image\":{\"@id\":\"https:\/\/agrupacionespsoe.es\/ponferrada\/el-psoe-denuncia-la-venta-a-la-baja-del-solar-del-antiguo-cuartel-y-advierte-sobre-la-perdida-de-17-millones-de-euros\/#primaryimage\"},\"thumbnailUrl\":\"https:\/\/agrupacionespsoe.es\/ponferrada\/wp-content\/uploads\/sites\/36\/2025\/02\/WhatsApp-Image-2025-02-14-at-12.22.42.jpeg\",\"datePublished\":\"2025-02-14T11:25:13+00:00\",\"dateModified\":\"2025-02-14T11:25:14+00:00\",\"breadcrumb\":{\"@id\":\"https:\/\/agrupacionespsoe.es\/ponferrada\/el-psoe-denuncia-la-venta-a-la-baja-del-solar-del-antiguo-cuartel-y-advierte-sobre-la-perdida-de-17-millones-de-euros\/#breadcrumb\"},\"inLanguage\":\"es\",\"potentialAction\":[{\"@type\":\"ReadAction\",\"target\":[\"https:\/\/agrupacionespsoe.es\/ponferrada\/el-psoe-denuncia-la-venta-a-la-baja-del-solar-del-antiguo-cuartel-y-advierte-sobre-la-perdida-de-17-millones-de-euros\/\"]}]},{\"@type\":\"ImageObject\",\"inLanguage\":\"es\",\"@id\":\"https:\/\/agrupacionespsoe.es\/ponferrada\/el-psoe-denuncia-la-venta-a-la-baja-del-solar-del-antiguo-cuartel-y-advierte-sobre-la-perdida-de-17-millones-de-euros\/#primaryimage\",\"url\":\"https:\/\/agrupacionespsoe.es\/ponferrada\/wp-content\/uploads\/sites\/36\/2025\/02\/WhatsApp-Image-2025-02-14-at-12.22.42.jpeg\",\"contentUrl\":\"https:\/\/agrupacionespsoe.es\/ponferrada\/wp-content\/uploads\/sites\/36\/2025\/02\/WhatsApp-Image-2025-02-14-at-12.22.42.jpeg\",\"width\":1600,\"height\":1200},{\"@type\":\"BreadcrumbList\",\"@id\":\"https:\/\/agrupacionespsoe.es\/ponferrada\/el-psoe-denuncia-la-venta-a-la-baja-del-solar-del-antiguo-cuartel-y-advierte-sobre-la-perdida-de-17-millones-de-euros\/#breadcrumb\",\"itemListElement\":[{\"@type\":\"ListItem\",\"position\":1,\"name\":\"Portada\",\"item\":\"https:\/\/agrupacionespsoe.es\/ponferrada\/\"},{\"@type\":\"ListItem\",\"position\":2,\"name\":\"\u00abEl PSOE denuncia la venta a la baja del solar del antiguo cuartel y advierte sobre la p\u00e9rdida de 1,7 millones de euros\u00bb\"}]},{\"@type\":\"WebSite\",\"@id\":\"https:\/\/agrupacionespsoe.es\/ponferrada\/#website\",\"url\":\"https:\/\/agrupacionespsoe.es\/ponferrada\/\",\"name\":\"Agrupaci\u00f3n Socialista de Ponferrada\",\"description\":\"Agrupaci\u00f3n Socialista de Ponferrada\",\"publisher\":{\"@id\":\"https:\/\/agrupacionespsoe.es\/ponferrada\/#organization\"},\"potentialAction\":[{\"@type\":\"SearchAction\",\"target\":{\"@type\":\"EntryPoint\",\"urlTemplate\":\"https:\/\/agrupacionespsoe.es\/ponferrada\/?s={search_term_string}\"},\"query-input\":{\"@type\":\"PropertyValueSpecification\",\"valueRequired\":true,\"valueName\":\"search_term_string\"}}],\"inLanguage\":\"es\"},{\"@type\":\"Organization\",\"@id\":\"https:\/\/agrupacionespsoe.es\/ponferrada\/#organization\",\"name\":\"Agrupaci\u00f3n Socialista de Ponferrada\",\"url\":\"https:\/\/agrupacionespsoe.es\/ponferrada\/\",\"logo\":{\"@type\":\"ImageObject\",\"inLanguage\":\"es\",\"@id\":\"https:\/\/agrupacionespsoe.es\/ponferrada\/#\/schema\/logo\/image\/\",\"url\":\"https:\/\/agrupacionespsoe.es\/wp-content\/uploads\/2022\/07\/Logotipo_electoral_del_PSOE.png\",\"contentUrl\":\"https:\/\/agrupacionespsoe.es\/wp-content\/uploads\/2022\/07\/Logotipo_electoral_del_PSOE.png\",\"width\":422,\"height\":422,\"caption\":\"Agrupaci\u00f3n Socialista de Ponferrada\"},\"image\":{\"@id\":\"https:\/\/agrupacionespsoe.es\/ponferrada\/#\/schema\/logo\/image\/\"}},{\"@type\":\"Person\",\"@id\":\"https:\/\/agrupacionespsoe.es\/ponferrada\/#\/schema\/person\/cd29ee627f3b70c05d415f02596debaa\",\"name\":\"ponferrada2\",\"image\":{\"@type\":\"ImageObject\",\"inLanguage\":\"es\",\"@id\":\"https:\/\/agrupacionespsoe.es\/ponferrada\/#\/schema\/person\/image\/\",\"url\":\"https:\/\/secure.gravatar.com\/avatar\/f499eeb60144c664cf7b7edf75549b50?s=96&d=mm&r=g\",\"contentUrl\":\"https:\/\/secure.gravatar.com\/avatar\/f499eeb60144c664cf7b7edf75549b50?s=96&d=mm&r=g\",\"caption\":\"ponferrada2\"},\"url\":\"https:\/\/agrupacionespsoe.es\/ponferrada\/author\/ponferrada2\/\"}]}<\/script>\n<!-- \/ Yoast SEO plugin. -->","yoast_head_json":{"title":"\"El PSOE denuncia la venta a la baja del solar del antiguo cuartel y advierte sobre la p\u00e9rdida de 1,7 millones de euros\" - Agrupaci\u00f3n Socialista de Ponferrada","robots":{"index":"index","follow":"follow","max-snippet":"max-snippet:-1","max-image-preview":"max-image-preview:large","max-video-preview":"max-video-preview:-1"},"canonical":"https:\/\/agrupacionespsoe.es\/ponferrada\/el-psoe-denuncia-la-venta-a-la-baja-del-solar-del-antiguo-cuartel-y-advierte-sobre-la-perdida-de-17-millones-de-euros\/","og_locale":"es_ES","og_type":"article","og_title":"\"El PSOE denuncia la venta a la baja del solar del antiguo cuartel y advierte sobre la p\u00e9rdida de 1,7 millones de euros\" - Agrupaci\u00f3n Socialista de Ponferrada","og_description":"El Grupo Municipal Socialista ha dado esta ma\u00f1ana una rueda de prensa para valorar el anuncio de la venta del solar del antiguo cuartel de la guardia civil. Olegario Ram\u00f3n, portavoz del grupo socialista, ha recordado que este terreno, fue adquirido en el a\u00f1o 2009 por 2,5 millones de euros y se pretende vender ahora ...","og_url":"https:\/\/agrupacionespsoe.es\/ponferrada\/el-psoe-denuncia-la-venta-a-la-baja-del-solar-del-antiguo-cuartel-y-advierte-sobre-la-perdida-de-17-millones-de-euros\/","og_site_name":"Agrupaci\u00f3n Socialista de Ponferrada","article_published_time":"2025-02-14T11:25:13+00:00","article_modified_time":"2025-02-14T11:25:14+00:00","og_image":[{"width":1600,"height":1200,"url":"https:\/\/agrupacionespsoe.es\/ponferrada\/wp-content\/uploads\/sites\/36\/2025\/02\/WhatsApp-Image-2025-02-14-at-12.22.42.jpeg","type":"image\/jpeg"}],"author":"ponferrada2","twitter_card":"summary_large_image","twitter_misc":{"Escrito por":"ponferrada2","Tiempo de lectura":"4 minutos"},"schema":{"@context":"https:\/\/schema.org","@graph":[{"@type":"Article","@id":"https:\/\/agrupacionespsoe.es\/ponferrada\/el-psoe-denuncia-la-venta-a-la-baja-del-solar-del-antiguo-cuartel-y-advierte-sobre-la-perdida-de-17-millones-de-euros\/#article","isPartOf":{"@id":"https:\/\/agrupacionespsoe.es\/ponferrada\/el-psoe-denuncia-la-venta-a-la-baja-del-solar-del-antiguo-cuartel-y-advierte-sobre-la-perdida-de-17-millones-de-euros\/"},"author":{"name":"ponferrada2","@id":"https:\/\/agrupacionespsoe.es\/ponferrada\/#\/schema\/person\/cd29ee627f3b70c05d415f02596debaa"},"headline":"\u00abEl PSOE denuncia la venta a la baja del solar del antiguo cuartel y advierte sobre la p\u00e9rdida de 1,7 millones de euros\u00bb","datePublished":"2025-02-14T11:25:13+00:00","dateModified":"2025-02-14T11:25:14+00:00","mainEntityOfPage":{"@id":"https:\/\/agrupacionespsoe.es\/ponferrada\/el-psoe-denuncia-la-venta-a-la-baja-del-solar-del-antiguo-cuartel-y-advierte-sobre-la-perdida-de-17-millones-de-euros\/"},"wordCount":642,"commentCount":0,"publisher":{"@id":"https:\/\/agrupacionespsoe.es\/ponferrada\/#organization"},"image":{"@id":"https:\/\/agrupacionespsoe.es\/ponferrada\/el-psoe-denuncia-la-venta-a-la-baja-del-solar-del-antiguo-cuartel-y-advierte-sobre-la-perdida-de-17-millones-de-euros\/#primaryimage"},"thumbnailUrl":"https:\/\/agrupacionespsoe.es\/ponferrada\/wp-content\/uploads\/sites\/36\/2025\/02\/WhatsApp-Image-2025-02-14-at-12.22.42.jpeg","articleSection":["ACTUALIDAD"],"inLanguage":"es","potentialAction":[{"@type":"CommentAction","name":"Comment","target":["https:\/\/agrupacionespsoe.es\/ponferrada\/el-psoe-denuncia-la-venta-a-la-baja-del-solar-del-antiguo-cuartel-y-advierte-sobre-la-perdida-de-17-millones-de-euros\/#respond"]}]},{"@type":"WebPage","@id":"https:\/\/agrupacionespsoe.es\/ponferrada\/el-psoe-denuncia-la-venta-a-la-baja-del-solar-del-antiguo-cuartel-y-advierte-sobre-la-perdida-de-17-millones-de-euros\/","url":"https:\/\/agrupacionespsoe.es\/ponferrada\/el-psoe-denuncia-la-venta-a-la-baja-del-solar-del-antiguo-cuartel-y-advierte-sobre-la-perdida-de-17-millones-de-euros\/","name":"\"El PSOE denuncia la venta a la baja del solar del antiguo cuartel y advierte sobre la p\u00e9rdida de 1,7 millones de euros\" - Agrupaci\u00f3n Socialista de Ponferrada","isPartOf":{"@id":"https:\/\/agrupacionespsoe.es\/ponferrada\/#website"},"primaryImageOfPage":{"@id":"https:\/\/agrupacionespsoe.es\/ponferrada\/el-psoe-denuncia-la-venta-a-la-baja-del-solar-del-antiguo-cuartel-y-advierte-sobre-la-perdida-de-17-millones-de-euros\/#primaryimage"},"image":{"@id":"https:\/\/agrupacionespsoe.es\/ponferrada\/el-psoe-denuncia-la-venta-a-la-baja-del-solar-del-antiguo-cuartel-y-advierte-sobre-la-perdida-de-17-millones-de-euros\/#primaryimage"},"thumbnailUrl":"https:\/\/agrupacionespsoe.es\/ponferrada\/wp-content\/uploads\/sites\/36\/2025\/02\/WhatsApp-Image-2025-02-14-at-12.22.42.jpeg","datePublished":"2025-02-14T11:25:13+00:00","dateModified":"2025-02-14T11:25:14+00:00","breadcrumb":{"@id":"https:\/\/agrupacionespsoe.es\/ponferrada\/el-psoe-denuncia-la-venta-a-la-baja-del-solar-del-antiguo-cuartel-y-advierte-sobre-la-perdida-de-17-millones-de-euros\/#breadcrumb"},"inLanguage":"es","potentialAction":[{"@type":"ReadAction","target":["https:\/\/agrupacionespsoe.es\/ponferrada\/el-psoe-denuncia-la-venta-a-la-baja-del-solar-del-antiguo-cuartel-y-advierte-sobre-la-perdida-de-17-millones-de-euros\/"]}]},{"@type":"ImageObject","inLanguage":"es","@id":"https:\/\/agrupacionespsoe.es\/ponferrada\/el-psoe-denuncia-la-venta-a-la-baja-del-solar-del-antiguo-cuartel-y-advierte-sobre-la-perdida-de-17-millones-de-euros\/#primaryimage","url":"https:\/\/agrupacionespsoe.es\/ponferrada\/wp-content\/uploads\/sites\/36\/2025\/02\/WhatsApp-Image-2025-02-14-at-12.22.42.jpeg","contentUrl":"https:\/\/agrupacionespsoe.es\/ponferrada\/wp-content\/uploads\/sites\/36\/2025\/02\/WhatsApp-Image-2025-02-14-at-12.22.42.jpeg","width":1600,"height":1200},{"@type":"BreadcrumbList","@id":"https:\/\/agrupacionespsoe.es\/ponferrada\/el-psoe-denuncia-la-venta-a-la-baja-del-solar-del-antiguo-cuartel-y-advierte-sobre-la-perdida-de-17-millones-de-euros\/#breadcrumb","itemListElement":[{"@type":"ListItem","position":1,"name":"Portada","item":"https:\/\/agrupacionespsoe.es\/ponferrada\/"},{"@type":"ListItem","position":2,"name":"\u00abEl PSOE denuncia la venta a la baja del solar del antiguo cuartel y advierte sobre la p\u00e9rdida de 1,7 millones de euros\u00bb"}]},{"@type":"WebSite","@id":"https:\/\/agrupacionespsoe.es\/ponferrada\/#website","url":"https:\/\/agrupacionespsoe.es\/ponferrada\/","name":"Agrupaci\u00f3n Socialista de Ponferrada","description":"Agrupaci\u00f3n Socialista de Ponferrada","publisher":{"@id":"https:\/\/agrupacionespsoe.es\/ponferrada\/#organization"},"potentialAction":[{"@type":"SearchAction","target":{"@type":"EntryPoint","urlTemplate":"https:\/\/agrupacionespsoe.es\/ponferrada\/?s={search_term_string}"},"query-input":{"@type":"PropertyValueSpecification","valueRequired":true,"valueName":"search_term_string"}}],"inLanguage":"es"},{"@type":"Organization","@id":"https:\/\/agrupacionespsoe.es\/ponferrada\/#organization","name":"Agrupaci\u00f3n Socialista de Ponferrada","url":"https:\/\/agrupacionespsoe.es\/ponferrada\/","logo":{"@type":"ImageObject","inLanguage":"es","@id":"https:\/\/agrupacionespsoe.es\/ponferrada\/#\/schema\/logo\/image\/","url":"https:\/\/agrupacionespsoe.es\/wp-content\/uploads\/2022\/07\/Logotipo_electoral_del_PSOE.png","contentUrl":"https:\/\/agrupacionespsoe.es\/wp-content\/uploads\/2022\/07\/Logotipo_electoral_del_PSOE.png","width":422,"height":422,"caption":"Agrupaci\u00f3n Socialista de Ponferrada"},"image":{"@id":"https:\/\/agrupacionespsoe.es\/ponferrada\/#\/schema\/logo\/image\/"}},{"@type":"Person","@id":"https:\/\/agrupacionespsoe.es\/ponferrada\/#\/schema\/person\/cd29ee627f3b70c05d415f02596debaa","name":"ponferrada2","image":{"@type":"ImageObject","inLanguage":"es","@id":"https:\/\/agrupacionespsoe.es\/ponferrada\/#\/schema\/person\/image\/","url":"https:\/\/secure.gravatar.com\/avatar\/f499eeb60144c664cf7b7edf75549b50?s=96&d=mm&r=g","contentUrl":"https:\/\/secure.gravatar.com\/avatar\/f499eeb60144c664cf7b7edf75549b50?s=96&d=mm&r=g","caption":"ponferrada2"},"url":"https:\/\/agrupacionespsoe.es\/ponferrada\/author\/ponferrada2\/"}]}},"jetpack_featured_media_url":"https:\/\/agrupacionespsoe.es\/ponferrada\/wp-content\/uploads\/sites\/36\/2025\/02\/WhatsApp-Image-2025-02-14-at-12.22.42.jpeg","jetpack_sharing_enabled":true,"_links":{"self":[{"href":"https:\/\/agrupacionespsoe.es\/ponferrada\/wp-json\/wp\/v2\/posts\/783","targetHints":{"allow":["GET"]}}],"collection":[{"href":"https:\/\/agrupacionespsoe.es\/ponferrada\/wp-json\/wp\/v2\/posts"}],"about":[{"href":"https:\/\/agrupacionespsoe.es\/ponferrada\/wp-json\/wp\/v2\/types\/post"}],"author":[{"embeddable":true,"href":"https:\/\/agrupacionespsoe.es\/ponferrada\/wp-json\/wp\/v2\/users\/32"}],"replies":[{"embeddable":true,"href":"https:\/\/agrupacionespsoe.es\/ponferrada\/wp-json\/wp\/v2\/comments?post=783"}],"version-history":[{"count":2,"href":"https:\/\/agrupacionespsoe.es\/ponferrada\/wp-json\/wp\/v2\/posts\/783\/revisions"}],"predecessor-version":[{"id":786,"href":"https:\/\/agrupacionespsoe.es\/ponferrada\/wp-json\/wp\/v2\/posts\/783\/revisions\/786"}],"wp:featuredmedia":[{"embeddable":true,"href":"https:\/\/agrupacionespsoe.es\/ponferrada\/wp-json\/wp\/v2\/media\/784"}],"wp:attachment":[{"href":"https:\/\/agrupacionespsoe.es\/ponferrada\/wp-json\/wp\/v2\/media?parent=783"}],"wp:term":[{"taxonomy":"category","embeddable":true,"href":"https:\/\/agrupacionespsoe.es\/ponferrada\/wp-json\/wp\/v2\/categories?post=783"},{"taxonomy":"post_tag","embeddable":true,"href":"https:\/\/agrupacionespsoe.es\/ponferrada\/wp-json\/wp\/v2\/tags?post=783"}],"curies":[{"name":"wp","href":"https:\/\/api.w.org\/{rel}","templated":true}]}}