{"id":777,"date":"2025-02-07T12:30:53","date_gmt":"2025-02-07T12:30:53","guid":{"rendered":"https:\/\/agrupacionespsoe.es\/ponferrada\/?p=777"},"modified":"2025-02-07T12:30:54","modified_gmt":"2025-02-07T12:30:54","slug":"el-grupo-municipal-socialista-de-ponferrada-respalda-la-manifestacion-ciudadana-por-el-empeoramiento-del-servicio-municipal-de-autobuses","status":"publish","type":"post","link":"https:\/\/agrupacionespsoe.es\/ponferrada\/el-grupo-municipal-socialista-de-ponferrada-respalda-la-manifestacion-ciudadana-por-el-empeoramiento-del-servicio-municipal-de-autobuses\/","title":{"rendered":"El Grupo Municipal Socialista de Ponferrada respalda la manifestaci\u00f3n ciudadana por el empeoramiento del servicio municipal de autobuses"},"content":{"rendered":"\n<p class=\"has-medium-font-size\"><strong>Cart\u00f3n vuelve a pedir al equipo de gobierno que escuche las demandas de los vecinos y reponga los horarios anteriores para garantizar un servicio p\u00fablico de calidad y accesible para todos<\/strong><\/p>\n\n\n\n<p>El Grupo Municipal Socialista en el ayuntamiento de Ponferrada quiere mostrar su apoyo a la &nbsp;manifestaci\u00f3n convocada por la ciudadan\u00eda por el empeoramiento del servicio municipal de autobuses, adem\u00e1s animamos a la ciudadan\u00eda a que asista de manera masiva para que el equipo de gobierno de PP y CB den marcha atr\u00e1s y atiendan las peticiones de los y las vecinas.<\/p>\n\n\n\n<p>Desde el grupo socialista consideramos que esto no es solo cuesti\u00f3n de los usuarios diarios actuales sino que la ciudadan\u00eda utilizar\u00e1 y necesitar\u00e1 en alg\u00fan momento el servicio municipal de autobuses y esta reducci\u00f3n de frecuencias nos afecta a todos.<\/p>\n\n\n\n<p>En concejal del Grupo Socialista, Jose Antonio Cart\u00f3n, vuelve a manifestar el rechazo a los nuevos horarios de los autobuses, la reducci\u00f3n de las frecuencias, pasando de una cada hora a uno cada hora y veinte minutos, &nbsp;incrementa los tiempos de espera en las paradas, lo que dificulta la planificaci\u00f3n de los desplazamientos, especialmente para trabajadores y estudiantes que dependen del transporte p\u00fablico para llegar puntualmente a sus destinos adem\u00e1s la introducci\u00f3n de intervalos de tiempo irregulares, complica la memorizaci\u00f3n de los horarios por parte de los usuarios, quienes anteriormente pod\u00edan prever la llegada del autob\u00fas a una hora fija. Esta irregularidad en los horarios adem\u00e1s de dificultar la planificaci\u00f3n diaria lleva a confusi\u00f3n, especialmente entre las personas mayores, que pueden tener m\u00e1s dificultades para adaptarse a los nuevos horarios.<\/p>\n\n\n\n<p>Jose Antonio Cart\u00f3n contin\u00faa diciendo que a pesar de los cambios implementados por el PP y CB consideramos que son insuficientes para satisfacer las necesidades de los usuarios, especialmente de trabajadores, estudiantes y personas mayores y las protestas que se han ido produciendo y la manifestaci\u00f3n de este domingo vienen a ratificar la idea de que el PP y CB no est\u00e1n escuchando a la ciudadan\u00eda que utiliza el servicio de autobuses y que este nuevo contrato supone un servicio de peor calidad y mucho m\u00e1s caro del que estaba en el anterior mandato.<\/p>\n\n\n\n<p>Cart\u00f3n ha querido recordar que por este servicio la ciudadan\u00eda de Ponferrada va a pagar poco menos de 4 millones de euros.<\/p>\n\n\n\n<p>Cart\u00f3n tambi\u00e9n ha ironizado a cuenta de las declaraciones de ayer del Teniente de Alcalde, Ivan Alonso se\u00f1ala que \u201ces fascinante observar la impecable coordinaci\u00f3n del equipo de gobierno de Ponferrada. Mientras el concejal de Movilidad, Carlos Fern\u00e1ndez, afirmaba el pasado 27 de enero con rotundidad que todas las quejas hab\u00edan sido atendidas y que revertir los horarios anteriores era imposible debido a las limitaciones de tiempo de los conductores, el teniente de alcalde, Iv\u00e1n Alonso ayer mismo, reconoc\u00eda la existencia de numerosas quejas y dec\u00eda que estaba solicitando nuevos ajustes para adecuar los horarios a las necesidades de los usuarios. Esta sincron\u00eda recuerda al famoso dicho: \u00abLa mano izquierda no sabe lo que hace la derecha\u00bb, lo que sin duda va a reforzar mucho la confianza de la ciudadan\u00eda en la gesti\u00f3n del transporte p\u00fablico municipal.<\/p>\n\n\n\n<p>Para finalizar Cart\u00f3n se\u00f1ala el apoyo a la manifestaci\u00f3n de este domingo y vuelve a solicitar al equipo de gobierno que escuche las peticiones ciudadanas y repiense todo el servicio de autobuses y si no se ve capacitado para esta labor que simplemente vuelva a los horarios anteriores, denuncia la falta de di\u00e1logo y consenso con la que act\u00faan PP y CB, su mala gesti\u00f3n conlleva una disminuci\u00f3n en la calidad y disponibilidad del servicio de autobuses que puede desincentivar a potenciales usuarios en el uso del transporte p\u00fablico lo que va a provocar una reducci\u00f3n en los usuarios y que a la ciudadan\u00eda el servicio municipal de transportes les salga m\u00e1s caro.<\/p>\n\n\n\n<figure class=\"wp-block-image size-large\"><img loading=\"lazy\" decoding=\"async\" width=\"995\" height=\"1024\" src=\"https:\/\/agrupacionespsoe.es\/ponferrada\/wp-content\/uploads\/sites\/36\/2025\/02\/WhatsApp-Image-2025-02-07-at-13.29.35-995x1024.jpeg\" alt=\"\" class=\"wp-image-778\" srcset=\"https:\/\/agrupacionespsoe.es\/ponferrada\/wp-content\/uploads\/sites\/36\/2025\/02\/WhatsApp-Image-2025-02-07-at-13.29.35-995x1024.jpeg 995w, https:\/\/agrupacionespsoe.es\/ponferrada\/wp-content\/uploads\/sites\/36\/2025\/02\/WhatsApp-Image-2025-02-07-at-13.29.35-292x300.jpeg 292w, https:\/\/agrupacionespsoe.es\/ponferrada\/wp-content\/uploads\/sites\/36\/2025\/02\/WhatsApp-Image-2025-02-07-at-13.29.35-768x790.jpeg 768w, https:\/\/agrupacionespsoe.es\/ponferrada\/wp-content\/uploads\/sites\/36\/2025\/02\/WhatsApp-Image-2025-02-07-at-13.29.35.jpeg 1476w\" sizes=\"auto, (max-width: 995px) 100vw, 995px\" \/><\/figure>\n\n\n\n<p><\/p>\n","protected":false},"excerpt":{"rendered":"<p>Cart\u00f3n vuelve a pedir al equipo de gobierno que escuche las demandas de los vecinos y reponga los horarios anteriores para garantizar un servicio p\u00fablico de calidad y accesible para todos El Grupo Municipal Socialista en el ayuntamiento de Ponferrada quiere mostrar su apoyo a la &nbsp;manifestaci\u00f3n convocada por la ciudadan\u00eda por el empeoramiento del &#8230;<\/p>\n","protected":false},"author":32,"featured_media":778,"comment_status":"open","ping_status":"open","sticky":false,"template":"","format":"standard","meta":{"_jetpack_memberships_contains_paid_content":false,"footnotes":""},"categories":[6],"tags":[],"class_list":["post-777","post","type-post","status-publish","format-standard","has-post-thumbnail","hentry","category-actualidad"],"yoast_head":"<!-- This site is optimized with the Yoast SEO plugin v24.0 - https:\/\/yoast.com\/wordpress\/plugins\/seo\/ -->\n<title>El Grupo Municipal Socialista de Ponferrada respalda la manifestaci\u00f3n ciudadana por el empeoramiento del servicio municipal de autobuses - Agrupaci\u00f3n Socialista de Ponferrada<\/title>\n<meta name=\"robots\" content=\"index, follow, max-snippet:-1, max-image-preview:large, max-video-preview:-1\" \/>\n<link rel=\"canonical\" href=\"https:\/\/agrupacionespsoe.es\/ponferrada\/el-grupo-municipal-socialista-de-ponferrada-respalda-la-manifestacion-ciudadana-por-el-empeoramiento-del-servicio-municipal-de-autobuses\/\" \/>\n<meta property=\"og:locale\" content=\"es_ES\" \/>\n<meta property=\"og:type\" content=\"article\" \/>\n<meta property=\"og:title\" content=\"El Grupo Municipal Socialista de Ponferrada respalda la manifestaci\u00f3n ciudadana por el empeoramiento del servicio municipal de autobuses - Agrupaci\u00f3n Socialista de Ponferrada\" \/>\n<meta property=\"og:description\" content=\"Cart\u00f3n vuelve a pedir al equipo de gobierno que escuche las demandas de los vecinos y reponga los horarios anteriores para garantizar un servicio p\u00fablico de calidad y accesible para todos El Grupo Municipal Socialista en el ayuntamiento de Ponferrada quiere mostrar su apoyo a la &nbsp;manifestaci\u00f3n convocada por la ciudadan\u00eda por el empeoramiento del ...\" \/>\n<meta property=\"og:url\" content=\"https:\/\/agrupacionespsoe.es\/ponferrada\/el-grupo-municipal-socialista-de-ponferrada-respalda-la-manifestacion-ciudadana-por-el-empeoramiento-del-servicio-municipal-de-autobuses\/\" \/>\n<meta property=\"og:site_name\" content=\"Agrupaci\u00f3n Socialista de Ponferrada\" \/>\n<meta property=\"article:published_time\" content=\"2025-02-07T12:30:53+00:00\" \/>\n<meta property=\"article:modified_time\" content=\"2025-02-07T12:30:54+00:00\" \/>\n<meta property=\"og:image\" content=\"https:\/\/agrupacionespsoe.es\/ponferrada\/wp-content\/uploads\/sites\/36\/2025\/02\/WhatsApp-Image-2025-02-07-at-13.29.35.jpeg\" \/>\n\t<meta property=\"og:image:width\" content=\"1476\" \/>\n\t<meta property=\"og:image:height\" content=\"1519\" \/>\n\t<meta property=\"og:image:type\" content=\"image\/jpeg\" \/>\n<meta name=\"author\" content=\"ponferrada2\" \/>\n<meta name=\"twitter:card\" content=\"summary_large_image\" \/>\n<meta name=\"twitter:label1\" content=\"Escrito por\" \/>\n\t<meta name=\"twitter:data1\" content=\"ponferrada2\" \/>\n\t<meta name=\"twitter:label2\" content=\"Tiempo de lectura\" \/>\n\t<meta name=\"twitter:data2\" content=\"4 minutos\" \/>\n<script type=\"application\/ld+json\" class=\"yoast-schema-graph\">{\"@context\":\"https:\/\/schema.org\",\"@graph\":[{\"@type\":\"Article\",\"@id\":\"https:\/\/agrupacionespsoe.es\/ponferrada\/el-grupo-municipal-socialista-de-ponferrada-respalda-la-manifestacion-ciudadana-por-el-empeoramiento-del-servicio-municipal-de-autobuses\/#article\",\"isPartOf\":{\"@id\":\"https:\/\/agrupacionespsoe.es\/ponferrada\/el-grupo-municipal-socialista-de-ponferrada-respalda-la-manifestacion-ciudadana-por-el-empeoramiento-del-servicio-municipal-de-autobuses\/\"},\"author\":{\"name\":\"ponferrada2\",\"@id\":\"https:\/\/agrupacionespsoe.es\/ponferrada\/#\/schema\/person\/cd29ee627f3b70c05d415f02596debaa\"},\"headline\":\"El Grupo Municipal Socialista de Ponferrada respalda la manifestaci\u00f3n ciudadana por el empeoramiento del servicio municipal de autobuses\",\"datePublished\":\"2025-02-07T12:30:53+00:00\",\"dateModified\":\"2025-02-07T12:30:54+00:00\",\"mainEntityOfPage\":{\"@id\":\"https:\/\/agrupacionespsoe.es\/ponferrada\/el-grupo-municipal-socialista-de-ponferrada-respalda-la-manifestacion-ciudadana-por-el-empeoramiento-del-servicio-municipal-de-autobuses\/\"},\"wordCount\":703,\"commentCount\":0,\"publisher\":{\"@id\":\"https:\/\/agrupacionespsoe.es\/ponferrada\/#organization\"},\"image\":{\"@id\":\"https:\/\/agrupacionespsoe.es\/ponferrada\/el-grupo-municipal-socialista-de-ponferrada-respalda-la-manifestacion-ciudadana-por-el-empeoramiento-del-servicio-municipal-de-autobuses\/#primaryimage\"},\"thumbnailUrl\":\"https:\/\/agrupacionespsoe.es\/ponferrada\/wp-content\/uploads\/sites\/36\/2025\/02\/WhatsApp-Image-2025-02-07-at-13.29.35.jpeg\",\"articleSection\":[\"ACTUALIDAD\"],\"inLanguage\":\"es\",\"potentialAction\":[{\"@type\":\"CommentAction\",\"name\":\"Comment\",\"target\":[\"https:\/\/agrupacionespsoe.es\/ponferrada\/el-grupo-municipal-socialista-de-ponferrada-respalda-la-manifestacion-ciudadana-por-el-empeoramiento-del-servicio-municipal-de-autobuses\/#respond\"]}]},{\"@type\":\"WebPage\",\"@id\":\"https:\/\/agrupacionespsoe.es\/ponferrada\/el-grupo-municipal-socialista-de-ponferrada-respalda-la-manifestacion-ciudadana-por-el-empeoramiento-del-servicio-municipal-de-autobuses\/\",\"url\":\"https:\/\/agrupacionespsoe.es\/ponferrada\/el-grupo-municipal-socialista-de-ponferrada-respalda-la-manifestacion-ciudadana-por-el-empeoramiento-del-servicio-municipal-de-autobuses\/\",\"name\":\"El Grupo Municipal Socialista de Ponferrada respalda la manifestaci\u00f3n ciudadana por el empeoramiento del servicio municipal de autobuses - Agrupaci\u00f3n Socialista de Ponferrada\",\"isPartOf\":{\"@id\":\"https:\/\/agrupacionespsoe.es\/ponferrada\/#website\"},\"primaryImageOfPage\":{\"@id\":\"https:\/\/agrupacionespsoe.es\/ponferrada\/el-grupo-municipal-socialista-de-ponferrada-respalda-la-manifestacion-ciudadana-por-el-empeoramiento-del-servicio-municipal-de-autobuses\/#primaryimage\"},\"image\":{\"@id\":\"https:\/\/agrupacionespsoe.es\/ponferrada\/el-grupo-municipal-socialista-de-ponferrada-respalda-la-manifestacion-ciudadana-por-el-empeoramiento-del-servicio-municipal-de-autobuses\/#primaryimage\"},\"thumbnailUrl\":\"https:\/\/agrupacionespsoe.es\/ponferrada\/wp-content\/uploads\/sites\/36\/2025\/02\/WhatsApp-Image-2025-02-07-at-13.29.35.jpeg\",\"datePublished\":\"2025-02-07T12:30:53+00:00\",\"dateModified\":\"2025-02-07T12:30:54+00:00\",\"breadcrumb\":{\"@id\":\"https:\/\/agrupacionespsoe.es\/ponferrada\/el-grupo-municipal-socialista-de-ponferrada-respalda-la-manifestacion-ciudadana-por-el-empeoramiento-del-servicio-municipal-de-autobuses\/#breadcrumb\"},\"inLanguage\":\"es\",\"potentialAction\":[{\"@type\":\"ReadAction\",\"target\":[\"https:\/\/agrupacionespsoe.es\/ponferrada\/el-grupo-municipal-socialista-de-ponferrada-respalda-la-manifestacion-ciudadana-por-el-empeoramiento-del-servicio-municipal-de-autobuses\/\"]}]},{\"@type\":\"ImageObject\",\"inLanguage\":\"es\",\"@id\":\"https:\/\/agrupacionespsoe.es\/ponferrada\/el-grupo-municipal-socialista-de-ponferrada-respalda-la-manifestacion-ciudadana-por-el-empeoramiento-del-servicio-municipal-de-autobuses\/#primaryimage\",\"url\":\"https:\/\/agrupacionespsoe.es\/ponferrada\/wp-content\/uploads\/sites\/36\/2025\/02\/WhatsApp-Image-2025-02-07-at-13.29.35.jpeg\",\"contentUrl\":\"https:\/\/agrupacionespsoe.es\/ponferrada\/wp-content\/uploads\/sites\/36\/2025\/02\/WhatsApp-Image-2025-02-07-at-13.29.35.jpeg\",\"width\":1476,\"height\":1519},{\"@type\":\"BreadcrumbList\",\"@id\":\"https:\/\/agrupacionespsoe.es\/ponferrada\/el-grupo-municipal-socialista-de-ponferrada-respalda-la-manifestacion-ciudadana-por-el-empeoramiento-del-servicio-municipal-de-autobuses\/#breadcrumb\",\"itemListElement\":[{\"@type\":\"ListItem\",\"position\":1,\"name\":\"Portada\",\"item\":\"https:\/\/agrupacionespsoe.es\/ponferrada\/\"},{\"@type\":\"ListItem\",\"position\":2,\"name\":\"El Grupo Municipal Socialista de Ponferrada respalda la manifestaci\u00f3n ciudadana por el empeoramiento del servicio municipal de autobuses\"}]},{\"@type\":\"WebSite\",\"@id\":\"https:\/\/agrupacionespsoe.es\/ponferrada\/#website\",\"url\":\"https:\/\/agrupacionespsoe.es\/ponferrada\/\",\"name\":\"Agrupaci\u00f3n Socialista de Ponferrada\",\"description\":\"Agrupaci\u00f3n Socialista de Ponferrada\",\"publisher\":{\"@id\":\"https:\/\/agrupacionespsoe.es\/ponferrada\/#organization\"},\"potentialAction\":[{\"@type\":\"SearchAction\",\"target\":{\"@type\":\"EntryPoint\",\"urlTemplate\":\"https:\/\/agrupacionespsoe.es\/ponferrada\/?s={search_term_string}\"},\"query-input\":{\"@type\":\"PropertyValueSpecification\",\"valueRequired\":true,\"valueName\":\"search_term_string\"}}],\"inLanguage\":\"es\"},{\"@type\":\"Organization\",\"@id\":\"https:\/\/agrupacionespsoe.es\/ponferrada\/#organization\",\"name\":\"Agrupaci\u00f3n Socialista de Ponferrada\",\"url\":\"https:\/\/agrupacionespsoe.es\/ponferrada\/\",\"logo\":{\"@type\":\"ImageObject\",\"inLanguage\":\"es\",\"@id\":\"https:\/\/agrupacionespsoe.es\/ponferrada\/#\/schema\/logo\/image\/\",\"url\":\"https:\/\/agrupacionespsoe.es\/wp-content\/uploads\/2022\/07\/Logotipo_electoral_del_PSOE.png\",\"contentUrl\":\"https:\/\/agrupacionespsoe.es\/wp-content\/uploads\/2022\/07\/Logotipo_electoral_del_PSOE.png\",\"width\":422,\"height\":422,\"caption\":\"Agrupaci\u00f3n Socialista de Ponferrada\"},\"image\":{\"@id\":\"https:\/\/agrupacionespsoe.es\/ponferrada\/#\/schema\/logo\/image\/\"}},{\"@type\":\"Person\",\"@id\":\"https:\/\/agrupacionespsoe.es\/ponferrada\/#\/schema\/person\/cd29ee627f3b70c05d415f02596debaa\",\"name\":\"ponferrada2\",\"image\":{\"@type\":\"ImageObject\",\"inLanguage\":\"es\",\"@id\":\"https:\/\/agrupacionespsoe.es\/ponferrada\/#\/schema\/person\/image\/\",\"url\":\"https:\/\/secure.gravatar.com\/avatar\/f499eeb60144c664cf7b7edf75549b50?s=96&d=mm&r=g\",\"contentUrl\":\"https:\/\/secure.gravatar.com\/avatar\/f499eeb60144c664cf7b7edf75549b50?s=96&d=mm&r=g\",\"caption\":\"ponferrada2\"},\"url\":\"https:\/\/agrupacionespsoe.es\/ponferrada\/author\/ponferrada2\/\"}]}<\/script>\n<!-- \/ Yoast SEO plugin. -->","yoast_head_json":{"title":"El Grupo Municipal Socialista de Ponferrada respalda la manifestaci\u00f3n ciudadana por el empeoramiento del servicio municipal de autobuses - Agrupaci\u00f3n Socialista de Ponferrada","robots":{"index":"index","follow":"follow","max-snippet":"max-snippet:-1","max-image-preview":"max-image-preview:large","max-video-preview":"max-video-preview:-1"},"canonical":"https:\/\/agrupacionespsoe.es\/ponferrada\/el-grupo-municipal-socialista-de-ponferrada-respalda-la-manifestacion-ciudadana-por-el-empeoramiento-del-servicio-municipal-de-autobuses\/","og_locale":"es_ES","og_type":"article","og_title":"El Grupo Municipal Socialista de Ponferrada respalda la manifestaci\u00f3n ciudadana por el empeoramiento del servicio municipal de autobuses - Agrupaci\u00f3n Socialista de Ponferrada","og_description":"Cart\u00f3n vuelve a pedir al equipo de gobierno que escuche las demandas de los vecinos y reponga los horarios anteriores para garantizar un servicio p\u00fablico de calidad y accesible para todos El Grupo Municipal Socialista en el ayuntamiento de Ponferrada quiere mostrar su apoyo a la &nbsp;manifestaci\u00f3n convocada por la ciudadan\u00eda por el empeoramiento del ...","og_url":"https:\/\/agrupacionespsoe.es\/ponferrada\/el-grupo-municipal-socialista-de-ponferrada-respalda-la-manifestacion-ciudadana-por-el-empeoramiento-del-servicio-municipal-de-autobuses\/","og_site_name":"Agrupaci\u00f3n Socialista de Ponferrada","article_published_time":"2025-02-07T12:30:53+00:00","article_modified_time":"2025-02-07T12:30:54+00:00","og_image":[{"width":1476,"height":1519,"url":"https:\/\/agrupacionespsoe.es\/ponferrada\/wp-content\/uploads\/sites\/36\/2025\/02\/WhatsApp-Image-2025-02-07-at-13.29.35.jpeg","type":"image\/jpeg"}],"author":"ponferrada2","twitter_card":"summary_large_image","twitter_misc":{"Escrito por":"ponferrada2","Tiempo de lectura":"4 minutos"},"schema":{"@context":"https:\/\/schema.org","@graph":[{"@type":"Article","@id":"https:\/\/agrupacionespsoe.es\/ponferrada\/el-grupo-municipal-socialista-de-ponferrada-respalda-la-manifestacion-ciudadana-por-el-empeoramiento-del-servicio-municipal-de-autobuses\/#article","isPartOf":{"@id":"https:\/\/agrupacionespsoe.es\/ponferrada\/el-grupo-municipal-socialista-de-ponferrada-respalda-la-manifestacion-ciudadana-por-el-empeoramiento-del-servicio-municipal-de-autobuses\/"},"author":{"name":"ponferrada2","@id":"https:\/\/agrupacionespsoe.es\/ponferrada\/#\/schema\/person\/cd29ee627f3b70c05d415f02596debaa"},"headline":"El Grupo Municipal Socialista de Ponferrada respalda la manifestaci\u00f3n ciudadana por el empeoramiento del servicio municipal de autobuses","datePublished":"2025-02-07T12:30:53+00:00","dateModified":"2025-02-07T12:30:54+00:00","mainEntityOfPage":{"@id":"https:\/\/agrupacionespsoe.es\/ponferrada\/el-grupo-municipal-socialista-de-ponferrada-respalda-la-manifestacion-ciudadana-por-el-empeoramiento-del-servicio-municipal-de-autobuses\/"},"wordCount":703,"commentCount":0,"publisher":{"@id":"https:\/\/agrupacionespsoe.es\/ponferrada\/#organization"},"image":{"@id":"https:\/\/agrupacionespsoe.es\/ponferrada\/el-grupo-municipal-socialista-de-ponferrada-respalda-la-manifestacion-ciudadana-por-el-empeoramiento-del-servicio-municipal-de-autobuses\/#primaryimage"},"thumbnailUrl":"https:\/\/agrupacionespsoe.es\/ponferrada\/wp-content\/uploads\/sites\/36\/2025\/02\/WhatsApp-Image-2025-02-07-at-13.29.35.jpeg","articleSection":["ACTUALIDAD"],"inLanguage":"es","potentialAction":[{"@type":"CommentAction","name":"Comment","target":["https:\/\/agrupacionespsoe.es\/ponferrada\/el-grupo-municipal-socialista-de-ponferrada-respalda-la-manifestacion-ciudadana-por-el-empeoramiento-del-servicio-municipal-de-autobuses\/#respond"]}]},{"@type":"WebPage","@id":"https:\/\/agrupacionespsoe.es\/ponferrada\/el-grupo-municipal-socialista-de-ponferrada-respalda-la-manifestacion-ciudadana-por-el-empeoramiento-del-servicio-municipal-de-autobuses\/","url":"https:\/\/agrupacionespsoe.es\/ponferrada\/el-grupo-municipal-socialista-de-ponferrada-respalda-la-manifestacion-ciudadana-por-el-empeoramiento-del-servicio-municipal-de-autobuses\/","name":"El Grupo Municipal Socialista de Ponferrada respalda la manifestaci\u00f3n ciudadana por el empeoramiento del servicio municipal de autobuses - Agrupaci\u00f3n Socialista de Ponferrada","isPartOf":{"@id":"https:\/\/agrupacionespsoe.es\/ponferrada\/#website"},"primaryImageOfPage":{"@id":"https:\/\/agrupacionespsoe.es\/ponferrada\/el-grupo-municipal-socialista-de-ponferrada-respalda-la-manifestacion-ciudadana-por-el-empeoramiento-del-servicio-municipal-de-autobuses\/#primaryimage"},"image":{"@id":"https:\/\/agrupacionespsoe.es\/ponferrada\/el-grupo-municipal-socialista-de-ponferrada-respalda-la-manifestacion-ciudadana-por-el-empeoramiento-del-servicio-municipal-de-autobuses\/#primaryimage"},"thumbnailUrl":"https:\/\/agrupacionespsoe.es\/ponferrada\/wp-content\/uploads\/sites\/36\/2025\/02\/WhatsApp-Image-2025-02-07-at-13.29.35.jpeg","datePublished":"2025-02-07T12:30:53+00:00","dateModified":"2025-02-07T12:30:54+00:00","breadcrumb":{"@id":"https:\/\/agrupacionespsoe.es\/ponferrada\/el-grupo-municipal-socialista-de-ponferrada-respalda-la-manifestacion-ciudadana-por-el-empeoramiento-del-servicio-municipal-de-autobuses\/#breadcrumb"},"inLanguage":"es","potentialAction":[{"@type":"ReadAction","target":["https:\/\/agrupacionespsoe.es\/ponferrada\/el-grupo-municipal-socialista-de-ponferrada-respalda-la-manifestacion-ciudadana-por-el-empeoramiento-del-servicio-municipal-de-autobuses\/"]}]},{"@type":"ImageObject","inLanguage":"es","@id":"https:\/\/agrupacionespsoe.es\/ponferrada\/el-grupo-municipal-socialista-de-ponferrada-respalda-la-manifestacion-ciudadana-por-el-empeoramiento-del-servicio-municipal-de-autobuses\/#primaryimage","url":"https:\/\/agrupacionespsoe.es\/ponferrada\/wp-content\/uploads\/sites\/36\/2025\/02\/WhatsApp-Image-2025-02-07-at-13.29.35.jpeg","contentUrl":"https:\/\/agrupacionespsoe.es\/ponferrada\/wp-content\/uploads\/sites\/36\/2025\/02\/WhatsApp-Image-2025-02-07-at-13.29.35.jpeg","width":1476,"height":1519},{"@type":"BreadcrumbList","@id":"https:\/\/agrupacionespsoe.es\/ponferrada\/el-grupo-municipal-socialista-de-ponferrada-respalda-la-manifestacion-ciudadana-por-el-empeoramiento-del-servicio-municipal-de-autobuses\/#breadcrumb","itemListElement":[{"@type":"ListItem","position":1,"name":"Portada","item":"https:\/\/agrupacionespsoe.es\/ponferrada\/"},{"@type":"ListItem","position":2,"name":"El Grupo Municipal Socialista de Ponferrada respalda la manifestaci\u00f3n ciudadana por el empeoramiento del servicio municipal de autobuses"}]},{"@type":"WebSite","@id":"https:\/\/agrupacionespsoe.es\/ponferrada\/#website","url":"https:\/\/agrupacionespsoe.es\/ponferrada\/","name":"Agrupaci\u00f3n Socialista de Ponferrada","description":"Agrupaci\u00f3n Socialista de Ponferrada","publisher":{"@id":"https:\/\/agrupacionespsoe.es\/ponferrada\/#organization"},"potentialAction":[{"@type":"SearchAction","target":{"@type":"EntryPoint","urlTemplate":"https:\/\/agrupacionespsoe.es\/ponferrada\/?s={search_term_string}"},"query-input":{"@type":"PropertyValueSpecification","valueRequired":true,"valueName":"search_term_string"}}],"inLanguage":"es"},{"@type":"Organization","@id":"https:\/\/agrupacionespsoe.es\/ponferrada\/#organization","name":"Agrupaci\u00f3n Socialista de Ponferrada","url":"https:\/\/agrupacionespsoe.es\/ponferrada\/","logo":{"@type":"ImageObject","inLanguage":"es","@id":"https:\/\/agrupacionespsoe.es\/ponferrada\/#\/schema\/logo\/image\/","url":"https:\/\/agrupacionespsoe.es\/wp-content\/uploads\/2022\/07\/Logotipo_electoral_del_PSOE.png","contentUrl":"https:\/\/agrupacionespsoe.es\/wp-content\/uploads\/2022\/07\/Logotipo_electoral_del_PSOE.png","width":422,"height":422,"caption":"Agrupaci\u00f3n Socialista de Ponferrada"},"image":{"@id":"https:\/\/agrupacionespsoe.es\/ponferrada\/#\/schema\/logo\/image\/"}},{"@type":"Person","@id":"https:\/\/agrupacionespsoe.es\/ponferrada\/#\/schema\/person\/cd29ee627f3b70c05d415f02596debaa","name":"ponferrada2","image":{"@type":"ImageObject","inLanguage":"es","@id":"https:\/\/agrupacionespsoe.es\/ponferrada\/#\/schema\/person\/image\/","url":"https:\/\/secure.gravatar.com\/avatar\/f499eeb60144c664cf7b7edf75549b50?s=96&d=mm&r=g","contentUrl":"https:\/\/secure.gravatar.com\/avatar\/f499eeb60144c664cf7b7edf75549b50?s=96&d=mm&r=g","caption":"ponferrada2"},"url":"https:\/\/agrupacionespsoe.es\/ponferrada\/author\/ponferrada2\/"}]}},"jetpack_featured_media_url":"https:\/\/agrupacionespsoe.es\/ponferrada\/wp-content\/uploads\/sites\/36\/2025\/02\/WhatsApp-Image-2025-02-07-at-13.29.35.jpeg","jetpack_sharing_enabled":true,"_links":{"self":[{"href":"https:\/\/agrupacionespsoe.es\/ponferrada\/wp-json\/wp\/v2\/posts\/777","targetHints":{"allow":["GET"]}}],"collection":[{"href":"https:\/\/agrupacionespsoe.es\/ponferrada\/wp-json\/wp\/v2\/posts"}],"about":[{"href":"https:\/\/agrupacionespsoe.es\/ponferrada\/wp-json\/wp\/v2\/types\/post"}],"author":[{"embeddable":true,"href":"https:\/\/agrupacionespsoe.es\/ponferrada\/wp-json\/wp\/v2\/users\/32"}],"replies":[{"embeddable":true,"href":"https:\/\/agrupacionespsoe.es\/ponferrada\/wp-json\/wp\/v2\/comments?post=777"}],"version-history":[{"count":2,"href":"https:\/\/agrupacionespsoe.es\/ponferrada\/wp-json\/wp\/v2\/posts\/777\/revisions"}],"predecessor-version":[{"id":780,"href":"https:\/\/agrupacionespsoe.es\/ponferrada\/wp-json\/wp\/v2\/posts\/777\/revisions\/780"}],"wp:featuredmedia":[{"embeddable":true,"href":"https:\/\/agrupacionespsoe.es\/ponferrada\/wp-json\/wp\/v2\/media\/778"}],"wp:attachment":[{"href":"https:\/\/agrupacionespsoe.es\/ponferrada\/wp-json\/wp\/v2\/media?parent=777"}],"wp:term":[{"taxonomy":"category","embeddable":true,"href":"https:\/\/agrupacionespsoe.es\/ponferrada\/wp-json\/wp\/v2\/categories?post=777"},{"taxonomy":"post_tag","embeddable":true,"href":"https:\/\/agrupacionespsoe.es\/ponferrada\/wp-json\/wp\/v2\/tags?post=777"}],"curies":[{"name":"wp","href":"https:\/\/api.w.org\/{rel}","templated":true}]}}