{"id":773,"date":"2025-02-04T10:26:12","date_gmt":"2025-02-04T10:26:12","guid":{"rendered":"https:\/\/agrupacionespsoe.es\/ponferrada\/?p=773"},"modified":"2025-02-04T12:04:58","modified_gmt":"2025-02-04T12:04:58","slug":"las-cortinas-de-humo-de-morala-no-tapan-las-casualidades-en-los-procesos-selectivos-de-su-gobierno","status":"publish","type":"post","link":"https:\/\/agrupacionespsoe.es\/ponferrada\/las-cortinas-de-humo-de-morala-no-tapan-las-casualidades-en-los-procesos-selectivos-de-su-gobierno\/","title":{"rendered":"\u00abLas cortinas de humo de Morala no tapan las \u2018casualidades\u2019 en los procesos selectivos de su gobierno\u00bb"},"content":{"rendered":"\n<p class=\"has-medium-font-size\">El alcalde Morala olvida el m\u00e9rito en los procesos selectivos mientras su equipo de gobierno sigue acumulando &#8216;casualidades&#8217;<\/p>\n\n\n\n<p>El grupo municipal socialista ha querido responder a las declaraciones del alcalde Morala en la celebraci\u00f3n del D\u00eda de las Candelas.<\/p>\n\n\n\n<p>\u201cManifestamos&nbsp; nuestra sorpresa ante las declaraciones del alcalde, Marco Morala, que en lugar de aclarar las dudas sobre los recientes procesos selectivos municipales, opta por desviar la atenci\u00f3n con insinuaciones y refranes. M\u00e1s all\u00e1 de sus intentos de confundir a la ciudadan\u00eda, la realidad es que en los \u00faltimos meses hemos asistido a un c\u00famulo de casualidades que ponen en entredicho la imparcialidad y la transparencia que deber\u00eda ser prioritario en la gesti\u00f3n de un ayuntamiento\u201d.<\/p>\n\n\n\n<p>En su intervenci\u00f3n, el alcalde intenta desviar la atenci\u00f3n hacia los miembros de los tribunales, cuando desde el PSOE nunca se les ha se\u00f1alado. Mabel Fern\u00e1ndez dice que en \u201cnuestras dudas no van dirigidas a los empleados p\u00fablicos que han formado parte de los procesos selectivos, sino a los responsables pol\u00edticos de su equipo de gobierno\u201d.<\/p>\n\n\n\n<p>\u201cA d\u00eda de hoy, sigue sin explicarse c\u00f3mo es posible que en distintos procesos selectivos aparezcan nombres vinculados directamente&nbsp; al Partido Popular y a Coalici\u00f3n por el Bierzo. Cada vez que el PSOE ha pedido explicaciones, nos hemos encontrado con evasivas y una falta absoluta de voluntad para despejar cualquier sombra de duda. En lugar de aportar claridad, el se\u00f1or Morala prefiere recurrir a insinuaciones sobre gestiones anteriores, quiz\u00e1s porque no tiene argumentos para defender su propia gesti\u00f3n.\u201d<\/p>\n\n\n\n<p>A Mabel Fern\u00e1ndez\u00a0 le llama la atenci\u00f3n que estas declaraciones se hayan producido precisamente el D\u00eda de las Candelas, una jornada en la que se deber\u00eda poner en valor el esfuerzo y la dedicaci\u00f3n de quienes garantizan el buen funcionamiento del ayuntamiento. Y \u00a0el Alcalde Morala en lugar de ofrecer un mensaje de reconocimiento a los trabajadores p\u00fablicos, ha optado por sembrar sospechas, desviar la atenci\u00f3n y eludir responsabilidades. \u201cParece que la mejor forma que ha encontrado para homenajear a los empleados municipales ha sido utilizarlos como cortina de humo para tapar las dudas sobre la gesti\u00f3n de su equipo de gobierno\u201d.<\/p>\n\n\n\n<p>Mabel Fern\u00e1ndez ironiza \u201cnos resulta curioso el particular enfoque del se\u00f1or Morala sobre los principios que deben regir el acceso a la funci\u00f3n p\u00fablica. En su discurso, habl\u00f3 de publicidad, igualdad y objetividad, pero curiosamente omiti\u00f3 un principio fundamental: el m\u00e9rito. Quiz\u00e1s haya sido un descuido, o tal vez es que dentro de su equipo de gobierno el m\u00e9rito es un criterio secundario cuando se trata de seleccionar a personas. Nos alegramos de que el alcalde conozca al menos una parte de los principios que rigen la funci\u00f3n p\u00fablica, pero le animamos a que complete la lectura y descubra que, adem\u00e1s de publicitar los procesos y garantizar la igualdad de acceso, la Administraci\u00f3n tambi\u00e9n debe asegurarse de que quienes obtienen una plaza lo hagan en base a su capacidad y esfuerzo, y no por otros factores m\u00e1s \u00abcasuales\u00bb.<\/p>\n\n\n\n<p>Contin\u00faa se\u00f1alando que \u201clamentamos profundamente que el alcalde decline poner a trabajar a sus concejales, ya sea en la b\u00fasqueda infructuosa de supuestas vinculaciones con el PSOE en el mandato anterior o, m\u00e1s \u00fatil a\u00fan, en las \u00e1reas que \u00e9l mismo les ha delegado y por las que todos ellos est\u00e1n cobrando un buen sueldo. Quiz\u00e1s si se esforzaran m\u00e1s en gestionar y resolver los problemas de la ciudadan\u00eda y menos en citar el refranero, Ponferrada estar\u00eda mejor atendida.\u201d<\/p>\n\n\n\n<p>Mabel Fern\u00e1ndez acaba diciendo que \u201cel respeto del que habla el se\u00f1or Morala no puede ser selectivo. El respeto tambi\u00e9n implica trabajar con rigor, dar explicaciones cuando se piden y garantizar que los procesos selectivos sean transparentes y no casualmente beneficiosos para su entorno pol\u00edtico. Los ponferradinos merecen respuestas claras y una gesti\u00f3n basada en hechos, no en refranes ni en desv\u00edos de atenci\u00f3n.\u201d<\/p>\n\n\n\n<figure class=\"wp-block-image size-large\"><img loading=\"lazy\" decoding=\"async\" width=\"720\" height=\"1024\" src=\"https:\/\/agrupacionespsoe.es\/ponferrada\/wp-content\/uploads\/sites\/36\/2025\/02\/WhatsApp-Image-2025-02-04-at-11.25.22-720x1024.jpeg\" alt=\"\" class=\"wp-image-774\" srcset=\"https:\/\/agrupacionespsoe.es\/ponferrada\/wp-content\/uploads\/sites\/36\/2025\/02\/WhatsApp-Image-2025-02-04-at-11.25.22-720x1024.jpeg 720w, https:\/\/agrupacionespsoe.es\/ponferrada\/wp-content\/uploads\/sites\/36\/2025\/02\/WhatsApp-Image-2025-02-04-at-11.25.22-211x300.jpeg 211w, https:\/\/agrupacionespsoe.es\/ponferrada\/wp-content\/uploads\/sites\/36\/2025\/02\/WhatsApp-Image-2025-02-04-at-11.25.22-768x1092.jpeg 768w, https:\/\/agrupacionespsoe.es\/ponferrada\/wp-content\/uploads\/sites\/36\/2025\/02\/WhatsApp-Image-2025-02-04-at-11.25.22.jpeg 797w\" sizes=\"auto, (max-width: 720px) 100vw, 720px\" \/><\/figure>\n","protected":false},"excerpt":{"rendered":"<p>El alcalde Morala olvida el m\u00e9rito en los procesos selectivos mientras su equipo de gobierno sigue acumulando &#8216;casualidades&#8217; El grupo municipal socialista ha querido responder a las declaraciones del alcalde Morala en la celebraci\u00f3n del D\u00eda de las Candelas. \u201cManifestamos&nbsp; nuestra sorpresa ante las declaraciones del alcalde, Marco Morala, que en lugar de aclarar las &#8230;<\/p>\n","protected":false},"author":32,"featured_media":774,"comment_status":"open","ping_status":"open","sticky":false,"template":"","format":"standard","meta":{"_jetpack_memberships_contains_paid_content":false,"footnotes":""},"categories":[6],"tags":[],"class_list":["post-773","post","type-post","status-publish","format-standard","has-post-thumbnail","hentry","category-actualidad"],"yoast_head":"<!-- This site is optimized with the Yoast SEO plugin v24.0 - https:\/\/yoast.com\/wordpress\/plugins\/seo\/ -->\n<title>&quot;Las cortinas de humo de Morala no tapan las \u2018casualidades\u2019 en los procesos selectivos de su gobierno&quot; - Agrupaci\u00f3n Socialista de Ponferrada<\/title>\n<meta name=\"robots\" content=\"index, follow, max-snippet:-1, max-image-preview:large, max-video-preview:-1\" \/>\n<link rel=\"canonical\" href=\"https:\/\/agrupacionespsoe.es\/ponferrada\/las-cortinas-de-humo-de-morala-no-tapan-las-casualidades-en-los-procesos-selectivos-de-su-gobierno\/\" \/>\n<meta property=\"og:locale\" content=\"es_ES\" \/>\n<meta property=\"og:type\" content=\"article\" \/>\n<meta property=\"og:title\" content=\"&quot;Las cortinas de humo de Morala no tapan las \u2018casualidades\u2019 en los procesos selectivos de su gobierno&quot; - Agrupaci\u00f3n Socialista de Ponferrada\" \/>\n<meta property=\"og:description\" content=\"El alcalde Morala olvida el m\u00e9rito en los procesos selectivos mientras su equipo de gobierno sigue acumulando &#8216;casualidades&#8217; El grupo municipal socialista ha querido responder a las declaraciones del alcalde Morala en la celebraci\u00f3n del D\u00eda de las Candelas. \u201cManifestamos&nbsp; nuestra sorpresa ante las declaraciones del alcalde, Marco Morala, que en lugar de aclarar las ...\" \/>\n<meta property=\"og:url\" content=\"https:\/\/agrupacionespsoe.es\/ponferrada\/las-cortinas-de-humo-de-morala-no-tapan-las-casualidades-en-los-procesos-selectivos-de-su-gobierno\/\" \/>\n<meta property=\"og:site_name\" content=\"Agrupaci\u00f3n Socialista de Ponferrada\" \/>\n<meta property=\"article:published_time\" content=\"2025-02-04T10:26:12+00:00\" \/>\n<meta property=\"article:modified_time\" content=\"2025-02-04T12:04:58+00:00\" \/>\n<meta property=\"og:image\" content=\"https:\/\/agrupacionespsoe.es\/ponferrada\/wp-content\/uploads\/sites\/36\/2025\/02\/WhatsApp-Image-2025-02-04-at-11.25.22.jpeg\" \/>\n\t<meta property=\"og:image:width\" content=\"797\" \/>\n\t<meta property=\"og:image:height\" content=\"1133\" \/>\n\t<meta property=\"og:image:type\" content=\"image\/jpeg\" \/>\n<meta name=\"author\" content=\"ponferrada2\" \/>\n<meta name=\"twitter:card\" content=\"summary_large_image\" \/>\n<meta name=\"twitter:label1\" content=\"Escrito por\" \/>\n\t<meta name=\"twitter:data1\" content=\"ponferrada2\" \/>\n\t<meta name=\"twitter:label2\" content=\"Tiempo de lectura\" \/>\n\t<meta name=\"twitter:data2\" content=\"4 minutos\" \/>\n<script type=\"application\/ld+json\" class=\"yoast-schema-graph\">{\"@context\":\"https:\/\/schema.org\",\"@graph\":[{\"@type\":\"Article\",\"@id\":\"https:\/\/agrupacionespsoe.es\/ponferrada\/las-cortinas-de-humo-de-morala-no-tapan-las-casualidades-en-los-procesos-selectivos-de-su-gobierno\/#article\",\"isPartOf\":{\"@id\":\"https:\/\/agrupacionespsoe.es\/ponferrada\/las-cortinas-de-humo-de-morala-no-tapan-las-casualidades-en-los-procesos-selectivos-de-su-gobierno\/\"},\"author\":{\"name\":\"ponferrada2\",\"@id\":\"https:\/\/agrupacionespsoe.es\/ponferrada\/#\/schema\/person\/cd29ee627f3b70c05d415f02596debaa\"},\"headline\":\"\u00abLas cortinas de humo de Morala no tapan las \u2018casualidades\u2019 en los procesos selectivos de su gobierno\u00bb\",\"datePublished\":\"2025-02-04T10:26:12+00:00\",\"dateModified\":\"2025-02-04T12:04:58+00:00\",\"mainEntityOfPage\":{\"@id\":\"https:\/\/agrupacionespsoe.es\/ponferrada\/las-cortinas-de-humo-de-morala-no-tapan-las-casualidades-en-los-procesos-selectivos-de-su-gobierno\/\"},\"wordCount\":710,\"commentCount\":0,\"publisher\":{\"@id\":\"https:\/\/agrupacionespsoe.es\/ponferrada\/#organization\"},\"image\":{\"@id\":\"https:\/\/agrupacionespsoe.es\/ponferrada\/las-cortinas-de-humo-de-morala-no-tapan-las-casualidades-en-los-procesos-selectivos-de-su-gobierno\/#primaryimage\"},\"thumbnailUrl\":\"https:\/\/agrupacionespsoe.es\/ponferrada\/wp-content\/uploads\/sites\/36\/2025\/02\/WhatsApp-Image-2025-02-04-at-11.25.22.jpeg\",\"articleSection\":[\"ACTUALIDAD\"],\"inLanguage\":\"es\",\"potentialAction\":[{\"@type\":\"CommentAction\",\"name\":\"Comment\",\"target\":[\"https:\/\/agrupacionespsoe.es\/ponferrada\/las-cortinas-de-humo-de-morala-no-tapan-las-casualidades-en-los-procesos-selectivos-de-su-gobierno\/#respond\"]}]},{\"@type\":\"WebPage\",\"@id\":\"https:\/\/agrupacionespsoe.es\/ponferrada\/las-cortinas-de-humo-de-morala-no-tapan-las-casualidades-en-los-procesos-selectivos-de-su-gobierno\/\",\"url\":\"https:\/\/agrupacionespsoe.es\/ponferrada\/las-cortinas-de-humo-de-morala-no-tapan-las-casualidades-en-los-procesos-selectivos-de-su-gobierno\/\",\"name\":\"\\\"Las cortinas de humo de Morala no tapan las \u2018casualidades\u2019 en los procesos selectivos de su gobierno\\\" - Agrupaci\u00f3n Socialista de Ponferrada\",\"isPartOf\":{\"@id\":\"https:\/\/agrupacionespsoe.es\/ponferrada\/#website\"},\"primaryImageOfPage\":{\"@id\":\"https:\/\/agrupacionespsoe.es\/ponferrada\/las-cortinas-de-humo-de-morala-no-tapan-las-casualidades-en-los-procesos-selectivos-de-su-gobierno\/#primaryimage\"},\"image\":{\"@id\":\"https:\/\/agrupacionespsoe.es\/ponferrada\/las-cortinas-de-humo-de-morala-no-tapan-las-casualidades-en-los-procesos-selectivos-de-su-gobierno\/#primaryimage\"},\"thumbnailUrl\":\"https:\/\/agrupacionespsoe.es\/ponferrada\/wp-content\/uploads\/sites\/36\/2025\/02\/WhatsApp-Image-2025-02-04-at-11.25.22.jpeg\",\"datePublished\":\"2025-02-04T10:26:12+00:00\",\"dateModified\":\"2025-02-04T12:04:58+00:00\",\"breadcrumb\":{\"@id\":\"https:\/\/agrupacionespsoe.es\/ponferrada\/las-cortinas-de-humo-de-morala-no-tapan-las-casualidades-en-los-procesos-selectivos-de-su-gobierno\/#breadcrumb\"},\"inLanguage\":\"es\",\"potentialAction\":[{\"@type\":\"ReadAction\",\"target\":[\"https:\/\/agrupacionespsoe.es\/ponferrada\/las-cortinas-de-humo-de-morala-no-tapan-las-casualidades-en-los-procesos-selectivos-de-su-gobierno\/\"]}]},{\"@type\":\"ImageObject\",\"inLanguage\":\"es\",\"@id\":\"https:\/\/agrupacionespsoe.es\/ponferrada\/las-cortinas-de-humo-de-morala-no-tapan-las-casualidades-en-los-procesos-selectivos-de-su-gobierno\/#primaryimage\",\"url\":\"https:\/\/agrupacionespsoe.es\/ponferrada\/wp-content\/uploads\/sites\/36\/2025\/02\/WhatsApp-Image-2025-02-04-at-11.25.22.jpeg\",\"contentUrl\":\"https:\/\/agrupacionespsoe.es\/ponferrada\/wp-content\/uploads\/sites\/36\/2025\/02\/WhatsApp-Image-2025-02-04-at-11.25.22.jpeg\",\"width\":797,\"height\":1133},{\"@type\":\"BreadcrumbList\",\"@id\":\"https:\/\/agrupacionespsoe.es\/ponferrada\/las-cortinas-de-humo-de-morala-no-tapan-las-casualidades-en-los-procesos-selectivos-de-su-gobierno\/#breadcrumb\",\"itemListElement\":[{\"@type\":\"ListItem\",\"position\":1,\"name\":\"Portada\",\"item\":\"https:\/\/agrupacionespsoe.es\/ponferrada\/\"},{\"@type\":\"ListItem\",\"position\":2,\"name\":\"\u00abLas cortinas de humo de Morala no tapan las \u2018casualidades\u2019 en los procesos selectivos de su gobierno\u00bb\"}]},{\"@type\":\"WebSite\",\"@id\":\"https:\/\/agrupacionespsoe.es\/ponferrada\/#website\",\"url\":\"https:\/\/agrupacionespsoe.es\/ponferrada\/\",\"name\":\"Agrupaci\u00f3n Socialista de Ponferrada\",\"description\":\"Agrupaci\u00f3n Socialista de Ponferrada\",\"publisher\":{\"@id\":\"https:\/\/agrupacionespsoe.es\/ponferrada\/#organization\"},\"potentialAction\":[{\"@type\":\"SearchAction\",\"target\":{\"@type\":\"EntryPoint\",\"urlTemplate\":\"https:\/\/agrupacionespsoe.es\/ponferrada\/?s={search_term_string}\"},\"query-input\":{\"@type\":\"PropertyValueSpecification\",\"valueRequired\":true,\"valueName\":\"search_term_string\"}}],\"inLanguage\":\"es\"},{\"@type\":\"Organization\",\"@id\":\"https:\/\/agrupacionespsoe.es\/ponferrada\/#organization\",\"name\":\"Agrupaci\u00f3n Socialista de Ponferrada\",\"url\":\"https:\/\/agrupacionespsoe.es\/ponferrada\/\",\"logo\":{\"@type\":\"ImageObject\",\"inLanguage\":\"es\",\"@id\":\"https:\/\/agrupacionespsoe.es\/ponferrada\/#\/schema\/logo\/image\/\",\"url\":\"https:\/\/agrupacionespsoe.es\/wp-content\/uploads\/2022\/07\/Logotipo_electoral_del_PSOE.png\",\"contentUrl\":\"https:\/\/agrupacionespsoe.es\/wp-content\/uploads\/2022\/07\/Logotipo_electoral_del_PSOE.png\",\"width\":422,\"height\":422,\"caption\":\"Agrupaci\u00f3n Socialista de Ponferrada\"},\"image\":{\"@id\":\"https:\/\/agrupacionespsoe.es\/ponferrada\/#\/schema\/logo\/image\/\"}},{\"@type\":\"Person\",\"@id\":\"https:\/\/agrupacionespsoe.es\/ponferrada\/#\/schema\/person\/cd29ee627f3b70c05d415f02596debaa\",\"name\":\"ponferrada2\",\"image\":{\"@type\":\"ImageObject\",\"inLanguage\":\"es\",\"@id\":\"https:\/\/agrupacionespsoe.es\/ponferrada\/#\/schema\/person\/image\/\",\"url\":\"https:\/\/secure.gravatar.com\/avatar\/f499eeb60144c664cf7b7edf75549b50?s=96&d=mm&r=g\",\"contentUrl\":\"https:\/\/secure.gravatar.com\/avatar\/f499eeb60144c664cf7b7edf75549b50?s=96&d=mm&r=g\",\"caption\":\"ponferrada2\"},\"url\":\"https:\/\/agrupacionespsoe.es\/ponferrada\/author\/ponferrada2\/\"}]}<\/script>\n<!-- \/ Yoast SEO plugin. -->","yoast_head_json":{"title":"\"Las cortinas de humo de Morala no tapan las \u2018casualidades\u2019 en los procesos selectivos de su gobierno\" - Agrupaci\u00f3n Socialista de Ponferrada","robots":{"index":"index","follow":"follow","max-snippet":"max-snippet:-1","max-image-preview":"max-image-preview:large","max-video-preview":"max-video-preview:-1"},"canonical":"https:\/\/agrupacionespsoe.es\/ponferrada\/las-cortinas-de-humo-de-morala-no-tapan-las-casualidades-en-los-procesos-selectivos-de-su-gobierno\/","og_locale":"es_ES","og_type":"article","og_title":"\"Las cortinas de humo de Morala no tapan las \u2018casualidades\u2019 en los procesos selectivos de su gobierno\" - Agrupaci\u00f3n Socialista de Ponferrada","og_description":"El alcalde Morala olvida el m\u00e9rito en los procesos selectivos mientras su equipo de gobierno sigue acumulando &#8216;casualidades&#8217; El grupo municipal socialista ha querido responder a las declaraciones del alcalde Morala en la celebraci\u00f3n del D\u00eda de las Candelas. \u201cManifestamos&nbsp; nuestra sorpresa ante las declaraciones del alcalde, Marco Morala, que en lugar de aclarar las ...","og_url":"https:\/\/agrupacionespsoe.es\/ponferrada\/las-cortinas-de-humo-de-morala-no-tapan-las-casualidades-en-los-procesos-selectivos-de-su-gobierno\/","og_site_name":"Agrupaci\u00f3n Socialista de Ponferrada","article_published_time":"2025-02-04T10:26:12+00:00","article_modified_time":"2025-02-04T12:04:58+00:00","og_image":[{"width":797,"height":1133,"url":"https:\/\/agrupacionespsoe.es\/ponferrada\/wp-content\/uploads\/sites\/36\/2025\/02\/WhatsApp-Image-2025-02-04-at-11.25.22.jpeg","type":"image\/jpeg"}],"author":"ponferrada2","twitter_card":"summary_large_image","twitter_misc":{"Escrito por":"ponferrada2","Tiempo de lectura":"4 minutos"},"schema":{"@context":"https:\/\/schema.org","@graph":[{"@type":"Article","@id":"https:\/\/agrupacionespsoe.es\/ponferrada\/las-cortinas-de-humo-de-morala-no-tapan-las-casualidades-en-los-procesos-selectivos-de-su-gobierno\/#article","isPartOf":{"@id":"https:\/\/agrupacionespsoe.es\/ponferrada\/las-cortinas-de-humo-de-morala-no-tapan-las-casualidades-en-los-procesos-selectivos-de-su-gobierno\/"},"author":{"name":"ponferrada2","@id":"https:\/\/agrupacionespsoe.es\/ponferrada\/#\/schema\/person\/cd29ee627f3b70c05d415f02596debaa"},"headline":"\u00abLas cortinas de humo de Morala no tapan las \u2018casualidades\u2019 en los procesos selectivos de su gobierno\u00bb","datePublished":"2025-02-04T10:26:12+00:00","dateModified":"2025-02-04T12:04:58+00:00","mainEntityOfPage":{"@id":"https:\/\/agrupacionespsoe.es\/ponferrada\/las-cortinas-de-humo-de-morala-no-tapan-las-casualidades-en-los-procesos-selectivos-de-su-gobierno\/"},"wordCount":710,"commentCount":0,"publisher":{"@id":"https:\/\/agrupacionespsoe.es\/ponferrada\/#organization"},"image":{"@id":"https:\/\/agrupacionespsoe.es\/ponferrada\/las-cortinas-de-humo-de-morala-no-tapan-las-casualidades-en-los-procesos-selectivos-de-su-gobierno\/#primaryimage"},"thumbnailUrl":"https:\/\/agrupacionespsoe.es\/ponferrada\/wp-content\/uploads\/sites\/36\/2025\/02\/WhatsApp-Image-2025-02-04-at-11.25.22.jpeg","articleSection":["ACTUALIDAD"],"inLanguage":"es","potentialAction":[{"@type":"CommentAction","name":"Comment","target":["https:\/\/agrupacionespsoe.es\/ponferrada\/las-cortinas-de-humo-de-morala-no-tapan-las-casualidades-en-los-procesos-selectivos-de-su-gobierno\/#respond"]}]},{"@type":"WebPage","@id":"https:\/\/agrupacionespsoe.es\/ponferrada\/las-cortinas-de-humo-de-morala-no-tapan-las-casualidades-en-los-procesos-selectivos-de-su-gobierno\/","url":"https:\/\/agrupacionespsoe.es\/ponferrada\/las-cortinas-de-humo-de-morala-no-tapan-las-casualidades-en-los-procesos-selectivos-de-su-gobierno\/","name":"\"Las cortinas de humo de Morala no tapan las \u2018casualidades\u2019 en los procesos selectivos de su gobierno\" - Agrupaci\u00f3n Socialista de Ponferrada","isPartOf":{"@id":"https:\/\/agrupacionespsoe.es\/ponferrada\/#website"},"primaryImageOfPage":{"@id":"https:\/\/agrupacionespsoe.es\/ponferrada\/las-cortinas-de-humo-de-morala-no-tapan-las-casualidades-en-los-procesos-selectivos-de-su-gobierno\/#primaryimage"},"image":{"@id":"https:\/\/agrupacionespsoe.es\/ponferrada\/las-cortinas-de-humo-de-morala-no-tapan-las-casualidades-en-los-procesos-selectivos-de-su-gobierno\/#primaryimage"},"thumbnailUrl":"https:\/\/agrupacionespsoe.es\/ponferrada\/wp-content\/uploads\/sites\/36\/2025\/02\/WhatsApp-Image-2025-02-04-at-11.25.22.jpeg","datePublished":"2025-02-04T10:26:12+00:00","dateModified":"2025-02-04T12:04:58+00:00","breadcrumb":{"@id":"https:\/\/agrupacionespsoe.es\/ponferrada\/las-cortinas-de-humo-de-morala-no-tapan-las-casualidades-en-los-procesos-selectivos-de-su-gobierno\/#breadcrumb"},"inLanguage":"es","potentialAction":[{"@type":"ReadAction","target":["https:\/\/agrupacionespsoe.es\/ponferrada\/las-cortinas-de-humo-de-morala-no-tapan-las-casualidades-en-los-procesos-selectivos-de-su-gobierno\/"]}]},{"@type":"ImageObject","inLanguage":"es","@id":"https:\/\/agrupacionespsoe.es\/ponferrada\/las-cortinas-de-humo-de-morala-no-tapan-las-casualidades-en-los-procesos-selectivos-de-su-gobierno\/#primaryimage","url":"https:\/\/agrupacionespsoe.es\/ponferrada\/wp-content\/uploads\/sites\/36\/2025\/02\/WhatsApp-Image-2025-02-04-at-11.25.22.jpeg","contentUrl":"https:\/\/agrupacionespsoe.es\/ponferrada\/wp-content\/uploads\/sites\/36\/2025\/02\/WhatsApp-Image-2025-02-04-at-11.25.22.jpeg","width":797,"height":1133},{"@type":"BreadcrumbList","@id":"https:\/\/agrupacionespsoe.es\/ponferrada\/las-cortinas-de-humo-de-morala-no-tapan-las-casualidades-en-los-procesos-selectivos-de-su-gobierno\/#breadcrumb","itemListElement":[{"@type":"ListItem","position":1,"name":"Portada","item":"https:\/\/agrupacionespsoe.es\/ponferrada\/"},{"@type":"ListItem","position":2,"name":"\u00abLas cortinas de humo de Morala no tapan las \u2018casualidades\u2019 en los procesos selectivos de su gobierno\u00bb"}]},{"@type":"WebSite","@id":"https:\/\/agrupacionespsoe.es\/ponferrada\/#website","url":"https:\/\/agrupacionespsoe.es\/ponferrada\/","name":"Agrupaci\u00f3n Socialista de Ponferrada","description":"Agrupaci\u00f3n Socialista de Ponferrada","publisher":{"@id":"https:\/\/agrupacionespsoe.es\/ponferrada\/#organization"},"potentialAction":[{"@type":"SearchAction","target":{"@type":"EntryPoint","urlTemplate":"https:\/\/agrupacionespsoe.es\/ponferrada\/?s={search_term_string}"},"query-input":{"@type":"PropertyValueSpecification","valueRequired":true,"valueName":"search_term_string"}}],"inLanguage":"es"},{"@type":"Organization","@id":"https:\/\/agrupacionespsoe.es\/ponferrada\/#organization","name":"Agrupaci\u00f3n Socialista de Ponferrada","url":"https:\/\/agrupacionespsoe.es\/ponferrada\/","logo":{"@type":"ImageObject","inLanguage":"es","@id":"https:\/\/agrupacionespsoe.es\/ponferrada\/#\/schema\/logo\/image\/","url":"https:\/\/agrupacionespsoe.es\/wp-content\/uploads\/2022\/07\/Logotipo_electoral_del_PSOE.png","contentUrl":"https:\/\/agrupacionespsoe.es\/wp-content\/uploads\/2022\/07\/Logotipo_electoral_del_PSOE.png","width":422,"height":422,"caption":"Agrupaci\u00f3n Socialista de Ponferrada"},"image":{"@id":"https:\/\/agrupacionespsoe.es\/ponferrada\/#\/schema\/logo\/image\/"}},{"@type":"Person","@id":"https:\/\/agrupacionespsoe.es\/ponferrada\/#\/schema\/person\/cd29ee627f3b70c05d415f02596debaa","name":"ponferrada2","image":{"@type":"ImageObject","inLanguage":"es","@id":"https:\/\/agrupacionespsoe.es\/ponferrada\/#\/schema\/person\/image\/","url":"https:\/\/secure.gravatar.com\/avatar\/f499eeb60144c664cf7b7edf75549b50?s=96&d=mm&r=g","contentUrl":"https:\/\/secure.gravatar.com\/avatar\/f499eeb60144c664cf7b7edf75549b50?s=96&d=mm&r=g","caption":"ponferrada2"},"url":"https:\/\/agrupacionespsoe.es\/ponferrada\/author\/ponferrada2\/"}]}},"jetpack_featured_media_url":"https:\/\/agrupacionespsoe.es\/ponferrada\/wp-content\/uploads\/sites\/36\/2025\/02\/WhatsApp-Image-2025-02-04-at-11.25.22.jpeg","jetpack_sharing_enabled":true,"_links":{"self":[{"href":"https:\/\/agrupacionespsoe.es\/ponferrada\/wp-json\/wp\/v2\/posts\/773","targetHints":{"allow":["GET"]}}],"collection":[{"href":"https:\/\/agrupacionespsoe.es\/ponferrada\/wp-json\/wp\/v2\/posts"}],"about":[{"href":"https:\/\/agrupacionespsoe.es\/ponferrada\/wp-json\/wp\/v2\/types\/post"}],"author":[{"embeddable":true,"href":"https:\/\/agrupacionespsoe.es\/ponferrada\/wp-json\/wp\/v2\/users\/32"}],"replies":[{"embeddable":true,"href":"https:\/\/agrupacionespsoe.es\/ponferrada\/wp-json\/wp\/v2\/comments?post=773"}],"version-history":[{"count":2,"href":"https:\/\/agrupacionespsoe.es\/ponferrada\/wp-json\/wp\/v2\/posts\/773\/revisions"}],"predecessor-version":[{"id":776,"href":"https:\/\/agrupacionespsoe.es\/ponferrada\/wp-json\/wp\/v2\/posts\/773\/revisions\/776"}],"wp:featuredmedia":[{"embeddable":true,"href":"https:\/\/agrupacionespsoe.es\/ponferrada\/wp-json\/wp\/v2\/media\/774"}],"wp:attachment":[{"href":"https:\/\/agrupacionespsoe.es\/ponferrada\/wp-json\/wp\/v2\/media?parent=773"}],"wp:term":[{"taxonomy":"category","embeddable":true,"href":"https:\/\/agrupacionespsoe.es\/ponferrada\/wp-json\/wp\/v2\/categories?post=773"},{"taxonomy":"post_tag","embeddable":true,"href":"https:\/\/agrupacionespsoe.es\/ponferrada\/wp-json\/wp\/v2\/tags?post=773"}],"curies":[{"name":"wp","href":"https:\/\/api.w.org\/{rel}","templated":true}]}}