{"id":768,"date":"2025-01-28T15:25:17","date_gmt":"2025-01-28T15:25:17","guid":{"rendered":"https:\/\/agrupacionespsoe.es\/ponferrada\/?p=768"},"modified":"2025-01-31T15:45:34","modified_gmt":"2025-01-31T15:45:34","slug":"charla-coloquio-en-la-sede-del-psoe-sobre-el-servicio-municipal-de-transportes-de-ponferrada","status":"publish","type":"post","link":"https:\/\/agrupacionespsoe.es\/ponferrada\/charla-coloquio-en-la-sede-del-psoe-sobre-el-servicio-municipal-de-transportes-de-ponferrada\/","title":{"rendered":"Charla-coloquio en la sede del PSOE sobre el servicio municipal de transportes de Ponferrada"},"content":{"rendered":"\n<p>La agrupaci\u00f3n del PSOE de Ponferrada ha celebrado este martes otra de sus charlas-coloquio abiertas a la ciudadan\u00eda. <\/p>\n\n\n\n<p>En esta ocasi\u00f3n se ha tratado el servicio municipal de autobuses de Ponferrada y los inconvenientes que est\u00e1n provocando en la ciudadan\u00eda. <\/p>\n\n\n\n<p>Esta tarde, los concejales y concejalas socialistas, han compartido con ciudadanos y <\/p>\n\n\n\n<p>\u201cM\u00e1s caro, menos \u00fatil y mal explicado\u201d<\/p>\n\n\n\n<p>El PP y CB han hecho que los ponferradinos y ponferradinas, estudiantes, mayores y trabajadores\/as:<\/p>\n\n\n\n<ul class=\"wp-block-list\">\n<li>Pierdan tiempo y viajes, han pasado de 15 a 11 frecuencias.<\/li>\n<\/ul>\n\n\n\n<ul class=\"wp-block-list\">\n<li>Tienen que hacer un \u201ccroquis mental\u201d para coger el autob\u00fas y llegar a tiempo, con una leyenda dif\u00edcil de entender en las paradas.<\/li>\n<\/ul>\n\n\n\n<p>Y todo esto <strong>por 4 millones de euros por un a\u00f1o, 1 mill\u00f3n y 300 mil euros m\u00e1s<\/strong> que el anterior contrato del mandato de Olegario Ram\u00f3n Fern\u00e1ndez.<\/p>\n\n\n\n<figure class=\"wp-block-image size-large\"><img loading=\"lazy\" decoding=\"async\" width=\"1024\" height=\"768\" src=\"https:\/\/agrupacionespsoe.es\/ponferrada\/wp-content\/uploads\/sites\/36\/2025\/01\/smt-acto-1024x768.jpg\" alt=\"\" class=\"wp-image-769\" srcset=\"https:\/\/agrupacionespsoe.es\/ponferrada\/wp-content\/uploads\/sites\/36\/2025\/01\/smt-acto-1024x768.jpg 1024w, https:\/\/agrupacionespsoe.es\/ponferrada\/wp-content\/uploads\/sites\/36\/2025\/01\/smt-acto-300x225.jpg 300w, https:\/\/agrupacionespsoe.es\/ponferrada\/wp-content\/uploads\/sites\/36\/2025\/01\/smt-acto-768x576.jpg 768w, https:\/\/agrupacionespsoe.es\/ponferrada\/wp-content\/uploads\/sites\/36\/2025\/01\/smt-acto-1536x1152.jpg 1536w, https:\/\/agrupacionespsoe.es\/ponferrada\/wp-content\/uploads\/sites\/36\/2025\/01\/smt-acto.jpg 2048w\" sizes=\"auto, (max-width: 1024px) 100vw, 1024px\" \/><\/figure>\n\n\n\n<figure class=\"wp-block-image size-large\"><img loading=\"lazy\" decoding=\"async\" width=\"1024\" height=\"791\" src=\"https:\/\/agrupacionespsoe.es\/ponferrada\/wp-content\/uploads\/sites\/36\/2025\/01\/WhatsApp-Image-2025-01-30-at-13.19.18-1024x791.jpeg\" alt=\"\" class=\"wp-image-770\" srcset=\"https:\/\/agrupacionespsoe.es\/ponferrada\/wp-content\/uploads\/sites\/36\/2025\/01\/WhatsApp-Image-2025-01-30-at-13.19.18-1024x791.jpeg 1024w, https:\/\/agrupacionespsoe.es\/ponferrada\/wp-content\/uploads\/sites\/36\/2025\/01\/WhatsApp-Image-2025-01-30-at-13.19.18-300x232.jpeg 300w, https:\/\/agrupacionespsoe.es\/ponferrada\/wp-content\/uploads\/sites\/36\/2025\/01\/WhatsApp-Image-2025-01-30-at-13.19.18-768x593.jpeg 768w, https:\/\/agrupacionespsoe.es\/ponferrada\/wp-content\/uploads\/sites\/36\/2025\/01\/WhatsApp-Image-2025-01-30-at-13.19.18-1536x1187.jpeg 1536w, https:\/\/agrupacionespsoe.es\/ponferrada\/wp-content\/uploads\/sites\/36\/2025\/01\/WhatsApp-Image-2025-01-30-at-13.19.18.jpeg 1600w\" sizes=\"auto, (max-width: 1024px) 100vw, 1024px\" \/><\/figure>\n","protected":false},"excerpt":{"rendered":"<p>La agrupaci\u00f3n del PSOE de Ponferrada ha celebrado este martes otra de sus charlas-coloquio abiertas a la ciudadan\u00eda. En esta ocasi\u00f3n se ha tratado el servicio municipal de autobuses de Ponferrada y los inconvenientes que est\u00e1n provocando en la ciudadan\u00eda. Esta tarde, los concejales y concejalas socialistas, han compartido con ciudadanos y \u201cM\u00e1s caro, menos &#8230;<\/p>\n","protected":false},"author":32,"featured_media":769,"comment_status":"open","ping_status":"open","sticky":false,"template":"","format":"standard","meta":{"_jetpack_memberships_contains_paid_content":false,"footnotes":""},"categories":[6],"tags":[],"class_list":["post-768","post","type-post","status-publish","format-standard","has-post-thumbnail","hentry","category-actualidad"],"yoast_head":"<!-- This site is optimized with the Yoast SEO plugin v24.0 - https:\/\/yoast.com\/wordpress\/plugins\/seo\/ -->\n<title>Charla-coloquio en la sede del PSOE sobre el servicio municipal de transportes de Ponferrada - Agrupaci\u00f3n Socialista de Ponferrada<\/title>\n<meta name=\"robots\" content=\"index, follow, max-snippet:-1, max-image-preview:large, max-video-preview:-1\" \/>\n<link rel=\"canonical\" href=\"https:\/\/agrupacionespsoe.es\/ponferrada\/charla-coloquio-en-la-sede-del-psoe-sobre-el-servicio-municipal-de-transportes-de-ponferrada\/\" \/>\n<meta property=\"og:locale\" content=\"es_ES\" \/>\n<meta property=\"og:type\" content=\"article\" \/>\n<meta property=\"og:title\" content=\"Charla-coloquio en la sede del PSOE sobre el servicio municipal de transportes de Ponferrada - Agrupaci\u00f3n Socialista de Ponferrada\" \/>\n<meta property=\"og:description\" content=\"La agrupaci\u00f3n del PSOE de Ponferrada ha celebrado este martes otra de sus charlas-coloquio abiertas a la ciudadan\u00eda. En esta ocasi\u00f3n se ha tratado el servicio municipal de autobuses de Ponferrada y los inconvenientes que est\u00e1n provocando en la ciudadan\u00eda. Esta tarde, los concejales y concejalas socialistas, han compartido con ciudadanos y \u201cM\u00e1s caro, menos ...\" \/>\n<meta property=\"og:url\" content=\"https:\/\/agrupacionespsoe.es\/ponferrada\/charla-coloquio-en-la-sede-del-psoe-sobre-el-servicio-municipal-de-transportes-de-ponferrada\/\" \/>\n<meta property=\"og:site_name\" content=\"Agrupaci\u00f3n Socialista de Ponferrada\" \/>\n<meta property=\"article:published_time\" content=\"2025-01-28T15:25:17+00:00\" \/>\n<meta property=\"article:modified_time\" content=\"2025-01-31T15:45:34+00:00\" \/>\n<meta property=\"og:image\" content=\"https:\/\/agrupacionespsoe.es\/ponferrada\/wp-content\/uploads\/sites\/36\/2025\/01\/smt-acto.jpg\" \/>\n\t<meta property=\"og:image:width\" content=\"2048\" \/>\n\t<meta property=\"og:image:height\" content=\"1536\" \/>\n\t<meta property=\"og:image:type\" content=\"image\/jpeg\" \/>\n<meta name=\"author\" content=\"ponferrada2\" \/>\n<meta name=\"twitter:card\" content=\"summary_large_image\" \/>\n<meta name=\"twitter:label1\" content=\"Escrito por\" \/>\n\t<meta name=\"twitter:data1\" content=\"ponferrada2\" \/>\n\t<meta name=\"twitter:label2\" content=\"Tiempo de lectura\" \/>\n\t<meta name=\"twitter:data2\" content=\"2 minutos\" \/>\n<script type=\"application\/ld+json\" class=\"yoast-schema-graph\">{\"@context\":\"https:\/\/schema.org\",\"@graph\":[{\"@type\":\"Article\",\"@id\":\"https:\/\/agrupacionespsoe.es\/ponferrada\/charla-coloquio-en-la-sede-del-psoe-sobre-el-servicio-municipal-de-transportes-de-ponferrada\/#article\",\"isPartOf\":{\"@id\":\"https:\/\/agrupacionespsoe.es\/ponferrada\/charla-coloquio-en-la-sede-del-psoe-sobre-el-servicio-municipal-de-transportes-de-ponferrada\/\"},\"author\":{\"name\":\"ponferrada2\",\"@id\":\"https:\/\/agrupacionespsoe.es\/ponferrada\/#\/schema\/person\/cd29ee627f3b70c05d415f02596debaa\"},\"headline\":\"Charla-coloquio en la sede del PSOE sobre el servicio municipal de transportes de Ponferrada\",\"datePublished\":\"2025-01-28T15:25:17+00:00\",\"dateModified\":\"2025-01-31T15:45:34+00:00\",\"mainEntityOfPage\":{\"@id\":\"https:\/\/agrupacionespsoe.es\/ponferrada\/charla-coloquio-en-la-sede-del-psoe-sobre-el-servicio-municipal-de-transportes-de-ponferrada\/\"},\"wordCount\":159,\"commentCount\":0,\"publisher\":{\"@id\":\"https:\/\/agrupacionespsoe.es\/ponferrada\/#organization\"},\"image\":{\"@id\":\"https:\/\/agrupacionespsoe.es\/ponferrada\/charla-coloquio-en-la-sede-del-psoe-sobre-el-servicio-municipal-de-transportes-de-ponferrada\/#primaryimage\"},\"thumbnailUrl\":\"https:\/\/agrupacionespsoe.es\/ponferrada\/wp-content\/uploads\/sites\/36\/2025\/01\/smt-acto.jpg\",\"articleSection\":[\"ACTUALIDAD\"],\"inLanguage\":\"es\",\"potentialAction\":[{\"@type\":\"CommentAction\",\"name\":\"Comment\",\"target\":[\"https:\/\/agrupacionespsoe.es\/ponferrada\/charla-coloquio-en-la-sede-del-psoe-sobre-el-servicio-municipal-de-transportes-de-ponferrada\/#respond\"]}]},{\"@type\":\"WebPage\",\"@id\":\"https:\/\/agrupacionespsoe.es\/ponferrada\/charla-coloquio-en-la-sede-del-psoe-sobre-el-servicio-municipal-de-transportes-de-ponferrada\/\",\"url\":\"https:\/\/agrupacionespsoe.es\/ponferrada\/charla-coloquio-en-la-sede-del-psoe-sobre-el-servicio-municipal-de-transportes-de-ponferrada\/\",\"name\":\"Charla-coloquio en la sede del PSOE sobre el servicio municipal de transportes de Ponferrada - Agrupaci\u00f3n Socialista de Ponferrada\",\"isPartOf\":{\"@id\":\"https:\/\/agrupacionespsoe.es\/ponferrada\/#website\"},\"primaryImageOfPage\":{\"@id\":\"https:\/\/agrupacionespsoe.es\/ponferrada\/charla-coloquio-en-la-sede-del-psoe-sobre-el-servicio-municipal-de-transportes-de-ponferrada\/#primaryimage\"},\"image\":{\"@id\":\"https:\/\/agrupacionespsoe.es\/ponferrada\/charla-coloquio-en-la-sede-del-psoe-sobre-el-servicio-municipal-de-transportes-de-ponferrada\/#primaryimage\"},\"thumbnailUrl\":\"https:\/\/agrupacionespsoe.es\/ponferrada\/wp-content\/uploads\/sites\/36\/2025\/01\/smt-acto.jpg\",\"datePublished\":\"2025-01-28T15:25:17+00:00\",\"dateModified\":\"2025-01-31T15:45:34+00:00\",\"breadcrumb\":{\"@id\":\"https:\/\/agrupacionespsoe.es\/ponferrada\/charla-coloquio-en-la-sede-del-psoe-sobre-el-servicio-municipal-de-transportes-de-ponferrada\/#breadcrumb\"},\"inLanguage\":\"es\",\"potentialAction\":[{\"@type\":\"ReadAction\",\"target\":[\"https:\/\/agrupacionespsoe.es\/ponferrada\/charla-coloquio-en-la-sede-del-psoe-sobre-el-servicio-municipal-de-transportes-de-ponferrada\/\"]}]},{\"@type\":\"ImageObject\",\"inLanguage\":\"es\",\"@id\":\"https:\/\/agrupacionespsoe.es\/ponferrada\/charla-coloquio-en-la-sede-del-psoe-sobre-el-servicio-municipal-de-transportes-de-ponferrada\/#primaryimage\",\"url\":\"https:\/\/agrupacionespsoe.es\/ponferrada\/wp-content\/uploads\/sites\/36\/2025\/01\/smt-acto.jpg\",\"contentUrl\":\"https:\/\/agrupacionespsoe.es\/ponferrada\/wp-content\/uploads\/sites\/36\/2025\/01\/smt-acto.jpg\",\"width\":2048,\"height\":1536},{\"@type\":\"BreadcrumbList\",\"@id\":\"https:\/\/agrupacionespsoe.es\/ponferrada\/charla-coloquio-en-la-sede-del-psoe-sobre-el-servicio-municipal-de-transportes-de-ponferrada\/#breadcrumb\",\"itemListElement\":[{\"@type\":\"ListItem\",\"position\":1,\"name\":\"Portada\",\"item\":\"https:\/\/agrupacionespsoe.es\/ponferrada\/\"},{\"@type\":\"ListItem\",\"position\":2,\"name\":\"Charla-coloquio en la sede del PSOE sobre el servicio municipal de transportes de Ponferrada\"}]},{\"@type\":\"WebSite\",\"@id\":\"https:\/\/agrupacionespsoe.es\/ponferrada\/#website\",\"url\":\"https:\/\/agrupacionespsoe.es\/ponferrada\/\",\"name\":\"Agrupaci\u00f3n Socialista de Ponferrada\",\"description\":\"Agrupaci\u00f3n Socialista de Ponferrada\",\"publisher\":{\"@id\":\"https:\/\/agrupacionespsoe.es\/ponferrada\/#organization\"},\"potentialAction\":[{\"@type\":\"SearchAction\",\"target\":{\"@type\":\"EntryPoint\",\"urlTemplate\":\"https:\/\/agrupacionespsoe.es\/ponferrada\/?s={search_term_string}\"},\"query-input\":{\"@type\":\"PropertyValueSpecification\",\"valueRequired\":true,\"valueName\":\"search_term_string\"}}],\"inLanguage\":\"es\"},{\"@type\":\"Organization\",\"@id\":\"https:\/\/agrupacionespsoe.es\/ponferrada\/#organization\",\"name\":\"Agrupaci\u00f3n Socialista de Ponferrada\",\"url\":\"https:\/\/agrupacionespsoe.es\/ponferrada\/\",\"logo\":{\"@type\":\"ImageObject\",\"inLanguage\":\"es\",\"@id\":\"https:\/\/agrupacionespsoe.es\/ponferrada\/#\/schema\/logo\/image\/\",\"url\":\"https:\/\/agrupacionespsoe.es\/wp-content\/uploads\/2022\/07\/Logotipo_electoral_del_PSOE.png\",\"contentUrl\":\"https:\/\/agrupacionespsoe.es\/wp-content\/uploads\/2022\/07\/Logotipo_electoral_del_PSOE.png\",\"width\":422,\"height\":422,\"caption\":\"Agrupaci\u00f3n Socialista de Ponferrada\"},\"image\":{\"@id\":\"https:\/\/agrupacionespsoe.es\/ponferrada\/#\/schema\/logo\/image\/\"}},{\"@type\":\"Person\",\"@id\":\"https:\/\/agrupacionespsoe.es\/ponferrada\/#\/schema\/person\/cd29ee627f3b70c05d415f02596debaa\",\"name\":\"ponferrada2\",\"image\":{\"@type\":\"ImageObject\",\"inLanguage\":\"es\",\"@id\":\"https:\/\/agrupacionespsoe.es\/ponferrada\/#\/schema\/person\/image\/\",\"url\":\"https:\/\/secure.gravatar.com\/avatar\/f499eeb60144c664cf7b7edf75549b50?s=96&d=mm&r=g\",\"contentUrl\":\"https:\/\/secure.gravatar.com\/avatar\/f499eeb60144c664cf7b7edf75549b50?s=96&d=mm&r=g\",\"caption\":\"ponferrada2\"},\"url\":\"https:\/\/agrupacionespsoe.es\/ponferrada\/author\/ponferrada2\/\"}]}<\/script>\n<!-- \/ Yoast SEO plugin. -->","yoast_head_json":{"title":"Charla-coloquio en la sede del PSOE sobre el servicio municipal de transportes de Ponferrada - Agrupaci\u00f3n Socialista de Ponferrada","robots":{"index":"index","follow":"follow","max-snippet":"max-snippet:-1","max-image-preview":"max-image-preview:large","max-video-preview":"max-video-preview:-1"},"canonical":"https:\/\/agrupacionespsoe.es\/ponferrada\/charla-coloquio-en-la-sede-del-psoe-sobre-el-servicio-municipal-de-transportes-de-ponferrada\/","og_locale":"es_ES","og_type":"article","og_title":"Charla-coloquio en la sede del PSOE sobre el servicio municipal de transportes de Ponferrada - Agrupaci\u00f3n Socialista de Ponferrada","og_description":"La agrupaci\u00f3n del PSOE de Ponferrada ha celebrado este martes otra de sus charlas-coloquio abiertas a la ciudadan\u00eda. En esta ocasi\u00f3n se ha tratado el servicio municipal de autobuses de Ponferrada y los inconvenientes que est\u00e1n provocando en la ciudadan\u00eda. Esta tarde, los concejales y concejalas socialistas, han compartido con ciudadanos y \u201cM\u00e1s caro, menos ...","og_url":"https:\/\/agrupacionespsoe.es\/ponferrada\/charla-coloquio-en-la-sede-del-psoe-sobre-el-servicio-municipal-de-transportes-de-ponferrada\/","og_site_name":"Agrupaci\u00f3n Socialista de Ponferrada","article_published_time":"2025-01-28T15:25:17+00:00","article_modified_time":"2025-01-31T15:45:34+00:00","og_image":[{"width":2048,"height":1536,"url":"https:\/\/agrupacionespsoe.es\/ponferrada\/wp-content\/uploads\/sites\/36\/2025\/01\/smt-acto.jpg","type":"image\/jpeg"}],"author":"ponferrada2","twitter_card":"summary_large_image","twitter_misc":{"Escrito por":"ponferrada2","Tiempo de lectura":"2 minutos"},"schema":{"@context":"https:\/\/schema.org","@graph":[{"@type":"Article","@id":"https:\/\/agrupacionespsoe.es\/ponferrada\/charla-coloquio-en-la-sede-del-psoe-sobre-el-servicio-municipal-de-transportes-de-ponferrada\/#article","isPartOf":{"@id":"https:\/\/agrupacionespsoe.es\/ponferrada\/charla-coloquio-en-la-sede-del-psoe-sobre-el-servicio-municipal-de-transportes-de-ponferrada\/"},"author":{"name":"ponferrada2","@id":"https:\/\/agrupacionespsoe.es\/ponferrada\/#\/schema\/person\/cd29ee627f3b70c05d415f02596debaa"},"headline":"Charla-coloquio en la sede del PSOE sobre el servicio municipal de transportes de Ponferrada","datePublished":"2025-01-28T15:25:17+00:00","dateModified":"2025-01-31T15:45:34+00:00","mainEntityOfPage":{"@id":"https:\/\/agrupacionespsoe.es\/ponferrada\/charla-coloquio-en-la-sede-del-psoe-sobre-el-servicio-municipal-de-transportes-de-ponferrada\/"},"wordCount":159,"commentCount":0,"publisher":{"@id":"https:\/\/agrupacionespsoe.es\/ponferrada\/#organization"},"image":{"@id":"https:\/\/agrupacionespsoe.es\/ponferrada\/charla-coloquio-en-la-sede-del-psoe-sobre-el-servicio-municipal-de-transportes-de-ponferrada\/#primaryimage"},"thumbnailUrl":"https:\/\/agrupacionespsoe.es\/ponferrada\/wp-content\/uploads\/sites\/36\/2025\/01\/smt-acto.jpg","articleSection":["ACTUALIDAD"],"inLanguage":"es","potentialAction":[{"@type":"CommentAction","name":"Comment","target":["https:\/\/agrupacionespsoe.es\/ponferrada\/charla-coloquio-en-la-sede-del-psoe-sobre-el-servicio-municipal-de-transportes-de-ponferrada\/#respond"]}]},{"@type":"WebPage","@id":"https:\/\/agrupacionespsoe.es\/ponferrada\/charla-coloquio-en-la-sede-del-psoe-sobre-el-servicio-municipal-de-transportes-de-ponferrada\/","url":"https:\/\/agrupacionespsoe.es\/ponferrada\/charla-coloquio-en-la-sede-del-psoe-sobre-el-servicio-municipal-de-transportes-de-ponferrada\/","name":"Charla-coloquio en la sede del PSOE sobre el servicio municipal de transportes de Ponferrada - Agrupaci\u00f3n Socialista de Ponferrada","isPartOf":{"@id":"https:\/\/agrupacionespsoe.es\/ponferrada\/#website"},"primaryImageOfPage":{"@id":"https:\/\/agrupacionespsoe.es\/ponferrada\/charla-coloquio-en-la-sede-del-psoe-sobre-el-servicio-municipal-de-transportes-de-ponferrada\/#primaryimage"},"image":{"@id":"https:\/\/agrupacionespsoe.es\/ponferrada\/charla-coloquio-en-la-sede-del-psoe-sobre-el-servicio-municipal-de-transportes-de-ponferrada\/#primaryimage"},"thumbnailUrl":"https:\/\/agrupacionespsoe.es\/ponferrada\/wp-content\/uploads\/sites\/36\/2025\/01\/smt-acto.jpg","datePublished":"2025-01-28T15:25:17+00:00","dateModified":"2025-01-31T15:45:34+00:00","breadcrumb":{"@id":"https:\/\/agrupacionespsoe.es\/ponferrada\/charla-coloquio-en-la-sede-del-psoe-sobre-el-servicio-municipal-de-transportes-de-ponferrada\/#breadcrumb"},"inLanguage":"es","potentialAction":[{"@type":"ReadAction","target":["https:\/\/agrupacionespsoe.es\/ponferrada\/charla-coloquio-en-la-sede-del-psoe-sobre-el-servicio-municipal-de-transportes-de-ponferrada\/"]}]},{"@type":"ImageObject","inLanguage":"es","@id":"https:\/\/agrupacionespsoe.es\/ponferrada\/charla-coloquio-en-la-sede-del-psoe-sobre-el-servicio-municipal-de-transportes-de-ponferrada\/#primaryimage","url":"https:\/\/agrupacionespsoe.es\/ponferrada\/wp-content\/uploads\/sites\/36\/2025\/01\/smt-acto.jpg","contentUrl":"https:\/\/agrupacionespsoe.es\/ponferrada\/wp-content\/uploads\/sites\/36\/2025\/01\/smt-acto.jpg","width":2048,"height":1536},{"@type":"BreadcrumbList","@id":"https:\/\/agrupacionespsoe.es\/ponferrada\/charla-coloquio-en-la-sede-del-psoe-sobre-el-servicio-municipal-de-transportes-de-ponferrada\/#breadcrumb","itemListElement":[{"@type":"ListItem","position":1,"name":"Portada","item":"https:\/\/agrupacionespsoe.es\/ponferrada\/"},{"@type":"ListItem","position":2,"name":"Charla-coloquio en la sede del PSOE sobre el servicio municipal de transportes de Ponferrada"}]},{"@type":"WebSite","@id":"https:\/\/agrupacionespsoe.es\/ponferrada\/#website","url":"https:\/\/agrupacionespsoe.es\/ponferrada\/","name":"Agrupaci\u00f3n Socialista de Ponferrada","description":"Agrupaci\u00f3n Socialista de Ponferrada","publisher":{"@id":"https:\/\/agrupacionespsoe.es\/ponferrada\/#organization"},"potentialAction":[{"@type":"SearchAction","target":{"@type":"EntryPoint","urlTemplate":"https:\/\/agrupacionespsoe.es\/ponferrada\/?s={search_term_string}"},"query-input":{"@type":"PropertyValueSpecification","valueRequired":true,"valueName":"search_term_string"}}],"inLanguage":"es"},{"@type":"Organization","@id":"https:\/\/agrupacionespsoe.es\/ponferrada\/#organization","name":"Agrupaci\u00f3n Socialista de Ponferrada","url":"https:\/\/agrupacionespsoe.es\/ponferrada\/","logo":{"@type":"ImageObject","inLanguage":"es","@id":"https:\/\/agrupacionespsoe.es\/ponferrada\/#\/schema\/logo\/image\/","url":"https:\/\/agrupacionespsoe.es\/wp-content\/uploads\/2022\/07\/Logotipo_electoral_del_PSOE.png","contentUrl":"https:\/\/agrupacionespsoe.es\/wp-content\/uploads\/2022\/07\/Logotipo_electoral_del_PSOE.png","width":422,"height":422,"caption":"Agrupaci\u00f3n Socialista de Ponferrada"},"image":{"@id":"https:\/\/agrupacionespsoe.es\/ponferrada\/#\/schema\/logo\/image\/"}},{"@type":"Person","@id":"https:\/\/agrupacionespsoe.es\/ponferrada\/#\/schema\/person\/cd29ee627f3b70c05d415f02596debaa","name":"ponferrada2","image":{"@type":"ImageObject","inLanguage":"es","@id":"https:\/\/agrupacionespsoe.es\/ponferrada\/#\/schema\/person\/image\/","url":"https:\/\/secure.gravatar.com\/avatar\/f499eeb60144c664cf7b7edf75549b50?s=96&d=mm&r=g","contentUrl":"https:\/\/secure.gravatar.com\/avatar\/f499eeb60144c664cf7b7edf75549b50?s=96&d=mm&r=g","caption":"ponferrada2"},"url":"https:\/\/agrupacionespsoe.es\/ponferrada\/author\/ponferrada2\/"}]}},"jetpack_featured_media_url":"https:\/\/agrupacionespsoe.es\/ponferrada\/wp-content\/uploads\/sites\/36\/2025\/01\/smt-acto.jpg","jetpack_sharing_enabled":true,"_links":{"self":[{"href":"https:\/\/agrupacionespsoe.es\/ponferrada\/wp-json\/wp\/v2\/posts\/768","targetHints":{"allow":["GET"]}}],"collection":[{"href":"https:\/\/agrupacionespsoe.es\/ponferrada\/wp-json\/wp\/v2\/posts"}],"about":[{"href":"https:\/\/agrupacionespsoe.es\/ponferrada\/wp-json\/wp\/v2\/types\/post"}],"author":[{"embeddable":true,"href":"https:\/\/agrupacionespsoe.es\/ponferrada\/wp-json\/wp\/v2\/users\/32"}],"replies":[{"embeddable":true,"href":"https:\/\/agrupacionespsoe.es\/ponferrada\/wp-json\/wp\/v2\/comments?post=768"}],"version-history":[{"count":2,"href":"https:\/\/agrupacionespsoe.es\/ponferrada\/wp-json\/wp\/v2\/posts\/768\/revisions"}],"predecessor-version":[{"id":772,"href":"https:\/\/agrupacionespsoe.es\/ponferrada\/wp-json\/wp\/v2\/posts\/768\/revisions\/772"}],"wp:featuredmedia":[{"embeddable":true,"href":"https:\/\/agrupacionespsoe.es\/ponferrada\/wp-json\/wp\/v2\/media\/769"}],"wp:attachment":[{"href":"https:\/\/agrupacionespsoe.es\/ponferrada\/wp-json\/wp\/v2\/media?parent=768"}],"wp:term":[{"taxonomy":"category","embeddable":true,"href":"https:\/\/agrupacionespsoe.es\/ponferrada\/wp-json\/wp\/v2\/categories?post=768"},{"taxonomy":"post_tag","embeddable":true,"href":"https:\/\/agrupacionespsoe.es\/ponferrada\/wp-json\/wp\/v2\/tags?post=768"}],"curies":[{"name":"wp","href":"https:\/\/api.w.org\/{rel}","templated":true}]}}