{"id":763,"date":"2025-01-30T15:23:53","date_gmt":"2025-01-30T15:23:53","guid":{"rendered":"https:\/\/agrupacionespsoe.es\/ponferrada\/?p=763"},"modified":"2025-01-30T15:23:54","modified_gmt":"2025-01-30T15:23:54","slug":"el-grupo-municipal-socialista-vuelve-a-denunciar-muchas-casualidades-en-los-procesos-de-seleccion-de-personal-delayuntamiento-de-ponferrada","status":"publish","type":"post","link":"https:\/\/agrupacionespsoe.es\/ponferrada\/el-grupo-municipal-socialista-vuelve-a-denunciar-muchas-casualidades-en-los-procesos-de-seleccion-de-personal-delayuntamiento-de-ponferrada\/","title":{"rendered":"EL GRUPO MUNICIPAL SOCIALISTA, VUELVE A DENUNCIAR \u201cMUCHAS CASUALIDADES\u201d EN LOS PROCESOS DE SELECCI\u00d3N DE PERSONAL DELAYUNTAMIENTO DE PONFERRADA."},"content":{"rendered":"\n<p>El Grupo Municipal Socialista de Ponferrada vuelve a poner de manifiesto m\u00e1s coincidencias en el acceso de personal a las plazas del ayuntamiento. Despu\u00e9s de la revisi\u00f3n de otros procesos selectivos tras la \u00faltima casualidad denunciada por el Grupo Socialista donde de los 11 primeros puestos de la lista de oficial de oficios 9 eran personas muy vinculadas con el PP y CB, y que en muchos casos forman o han formado parte de sus listas electorales hemos podido constatar, una vez m\u00e1s, que la suerte parece estar del lado de sus amigos y colaboradores.<\/p>\n\n\n\n<p><br>En las recientes convocatorias para acceder a la funci\u00f3n p\u00fablica, los resultados han sido cuanto menos llamativos: miembros de pedan\u00edas afines a los partidos del equipo de gobierno y personas que integraron sus listas electorales han obtenido los primeros puestos.<\/p>\n\n\n\n<p><br>En este caso han sido el ped\u00e1neo de Villanueva de Valdueza de CB, que ha sido seleccionado para una plaza de pe\u00f3n de medioambiente, la numero 3 de las listas de CB al ayuntamiento que fue excluida por edad de jubilaci\u00f3n de un proceso posteriormente a hacer el segundo examen y sacar una muy alta calificaci\u00f3n en ambos (empatada a puntos la aspirante 2 y la 3) y hasta el hermano de un concejal que ha entrado en unas de las empresas que da servicios al ayuntamiento un par de meses despu\u00e9s del pacto que hizo alcalde a Morala.<\/p>\n\n\n\n<p><br>\u201cDebe de ser un fen\u00f3meno digno de estudio estad\u00edstico, porque la probabilidad de que esto ocurra tantas veces supera lo imaginable,\u201d ironiz\u00f3 el portavoz socialista. El Grupo Socialista exige explicaciones claras y urgentes al alcalde y al equipo de gobierno. \u201cEntendemos que la buena suerte acompa\u00f1a a quienes se esfuerzan, pero esto roza ya el milagro. No nos vale que el concejal de personal hable de la limpieza de los funcionarios que no estamos poniendo en duda.<\/p>\n\n\n\n<p><br>El PSOE considera que los procesos de incorporaci\u00f3n a la funci\u00f3n p\u00fablica deben regirse por el principio de igualdad, m\u00e9rito y capacidad lo contrario no solo ser\u00eda una falta de \u00e9tica, sino un desm\u00e9rito a los funcionarios que han entrado de manera limpia y a la imagen del ayuntamiento que tienen los y las ciudadanas. Vamos a seguir fiscalizando los procesos selectivos, aunque al equipo de gobierno de PP y CB les parezca que est\u00e1n por encima del bien y el mal.<\/p>\n\n\n\n<figure class=\"wp-block-image size-large\"><img loading=\"lazy\" decoding=\"async\" width=\"1024\" height=\"579\" src=\"https:\/\/agrupacionespsoe.es\/ponferrada\/wp-content\/uploads\/sites\/36\/2025\/01\/WhatsApp-Image-2025-01-30-at-13.54.46-1024x579.jpeg\" alt=\"\" class=\"wp-image-764\" srcset=\"https:\/\/agrupacionespsoe.es\/ponferrada\/wp-content\/uploads\/sites\/36\/2025\/01\/WhatsApp-Image-2025-01-30-at-13.54.46-1024x579.jpeg 1024w, https:\/\/agrupacionespsoe.es\/ponferrada\/wp-content\/uploads\/sites\/36\/2025\/01\/WhatsApp-Image-2025-01-30-at-13.54.46-300x170.jpeg 300w, https:\/\/agrupacionespsoe.es\/ponferrada\/wp-content\/uploads\/sites\/36\/2025\/01\/WhatsApp-Image-2025-01-30-at-13.54.46-768x434.jpeg 768w, https:\/\/agrupacionespsoe.es\/ponferrada\/wp-content\/uploads\/sites\/36\/2025\/01\/WhatsApp-Image-2025-01-30-at-13.54.46-1536x868.jpeg 1536w, https:\/\/agrupacionespsoe.es\/ponferrada\/wp-content\/uploads\/sites\/36\/2025\/01\/WhatsApp-Image-2025-01-30-at-13.54.46.jpeg 1600w\" sizes=\"auto, (max-width: 1024px) 100vw, 1024px\" \/><\/figure>\n","protected":false},"excerpt":{"rendered":"<p>El Grupo Municipal Socialista de Ponferrada vuelve a poner de manifiesto m\u00e1s coincidencias en el acceso de personal a las plazas del ayuntamiento. Despu\u00e9s de la revisi\u00f3n de otros procesos selectivos tras la \u00faltima casualidad denunciada por el Grupo Socialista donde de los 11 primeros puestos de la lista de oficial de oficios 9 eran &#8230;<\/p>\n","protected":false},"author":32,"featured_media":764,"comment_status":"open","ping_status":"open","sticky":false,"template":"","format":"standard","meta":{"_jetpack_memberships_contains_paid_content":false,"footnotes":""},"categories":[6],"tags":[],"class_list":["post-763","post","type-post","status-publish","format-standard","has-post-thumbnail","hentry","category-actualidad"],"yoast_head":"<!-- This site is optimized with the Yoast SEO plugin v24.0 - https:\/\/yoast.com\/wordpress\/plugins\/seo\/ -->\n<title>EL GRUPO MUNICIPAL SOCIALISTA, VUELVE A DENUNCIAR \u201cMUCHAS CASUALIDADES\u201d EN LOS PROCESOS DE SELECCI\u00d3N DE PERSONAL DELAYUNTAMIENTO DE PONFERRADA. - Agrupaci\u00f3n Socialista de Ponferrada<\/title>\n<meta name=\"robots\" content=\"index, follow, max-snippet:-1, max-image-preview:large, max-video-preview:-1\" \/>\n<link rel=\"canonical\" href=\"https:\/\/agrupacionespsoe.es\/ponferrada\/el-grupo-municipal-socialista-vuelve-a-denunciar-muchas-casualidades-en-los-procesos-de-seleccion-de-personal-delayuntamiento-de-ponferrada\/\" \/>\n<meta property=\"og:locale\" content=\"es_ES\" \/>\n<meta property=\"og:type\" content=\"article\" \/>\n<meta property=\"og:title\" content=\"EL GRUPO MUNICIPAL SOCIALISTA, VUELVE A DENUNCIAR \u201cMUCHAS CASUALIDADES\u201d EN LOS PROCESOS DE SELECCI\u00d3N DE PERSONAL DELAYUNTAMIENTO DE PONFERRADA. - Agrupaci\u00f3n Socialista de Ponferrada\" \/>\n<meta property=\"og:description\" content=\"El Grupo Municipal Socialista de Ponferrada vuelve a poner de manifiesto m\u00e1s coincidencias en el acceso de personal a las plazas del ayuntamiento. Despu\u00e9s de la revisi\u00f3n de otros procesos selectivos tras la \u00faltima casualidad denunciada por el Grupo Socialista donde de los 11 primeros puestos de la lista de oficial de oficios 9 eran ...\" \/>\n<meta property=\"og:url\" content=\"https:\/\/agrupacionespsoe.es\/ponferrada\/el-grupo-municipal-socialista-vuelve-a-denunciar-muchas-casualidades-en-los-procesos-de-seleccion-de-personal-delayuntamiento-de-ponferrada\/\" \/>\n<meta property=\"og:site_name\" content=\"Agrupaci\u00f3n Socialista de Ponferrada\" \/>\n<meta property=\"article:published_time\" content=\"2025-01-30T15:23:53+00:00\" \/>\n<meta property=\"article:modified_time\" content=\"2025-01-30T15:23:54+00:00\" \/>\n<meta property=\"og:image\" content=\"https:\/\/agrupacionespsoe.es\/ponferrada\/wp-content\/uploads\/sites\/36\/2025\/01\/WhatsApp-Image-2025-01-30-at-13.54.46.jpeg\" \/>\n\t<meta property=\"og:image:width\" content=\"1600\" \/>\n\t<meta property=\"og:image:height\" content=\"904\" \/>\n\t<meta property=\"og:image:type\" content=\"image\/jpeg\" \/>\n<meta name=\"author\" content=\"ponferrada2\" \/>\n<meta name=\"twitter:card\" content=\"summary_large_image\" \/>\n<meta name=\"twitter:label1\" content=\"Escrito por\" \/>\n\t<meta name=\"twitter:data1\" content=\"ponferrada2\" \/>\n\t<meta name=\"twitter:label2\" content=\"Tiempo de lectura\" \/>\n\t<meta name=\"twitter:data2\" content=\"3 minutos\" \/>\n<script type=\"application\/ld+json\" class=\"yoast-schema-graph\">{\"@context\":\"https:\/\/schema.org\",\"@graph\":[{\"@type\":\"Article\",\"@id\":\"https:\/\/agrupacionespsoe.es\/ponferrada\/el-grupo-municipal-socialista-vuelve-a-denunciar-muchas-casualidades-en-los-procesos-de-seleccion-de-personal-delayuntamiento-de-ponferrada\/#article\",\"isPartOf\":{\"@id\":\"https:\/\/agrupacionespsoe.es\/ponferrada\/el-grupo-municipal-socialista-vuelve-a-denunciar-muchas-casualidades-en-los-procesos-de-seleccion-de-personal-delayuntamiento-de-ponferrada\/\"},\"author\":{\"name\":\"ponferrada2\",\"@id\":\"https:\/\/agrupacionespsoe.es\/ponferrada\/#\/schema\/person\/cd29ee627f3b70c05d415f02596debaa\"},\"headline\":\"EL GRUPO MUNICIPAL SOCIALISTA, VUELVE A DENUNCIAR \u201cMUCHAS CASUALIDADES\u201d EN LOS PROCESOS DE SELECCI\u00d3N DE PERSONAL DELAYUNTAMIENTO DE PONFERRADA.\",\"datePublished\":\"2025-01-30T15:23:53+00:00\",\"dateModified\":\"2025-01-30T15:23:54+00:00\",\"mainEntityOfPage\":{\"@id\":\"https:\/\/agrupacionespsoe.es\/ponferrada\/el-grupo-municipal-socialista-vuelve-a-denunciar-muchas-casualidades-en-los-procesos-de-seleccion-de-personal-delayuntamiento-de-ponferrada\/\"},\"wordCount\":430,\"commentCount\":0,\"publisher\":{\"@id\":\"https:\/\/agrupacionespsoe.es\/ponferrada\/#organization\"},\"image\":{\"@id\":\"https:\/\/agrupacionespsoe.es\/ponferrada\/el-grupo-municipal-socialista-vuelve-a-denunciar-muchas-casualidades-en-los-procesos-de-seleccion-de-personal-delayuntamiento-de-ponferrada\/#primaryimage\"},\"thumbnailUrl\":\"https:\/\/agrupacionespsoe.es\/ponferrada\/wp-content\/uploads\/sites\/36\/2025\/01\/WhatsApp-Image-2025-01-30-at-13.54.46.jpeg\",\"articleSection\":[\"ACTUALIDAD\"],\"inLanguage\":\"es\",\"potentialAction\":[{\"@type\":\"CommentAction\",\"name\":\"Comment\",\"target\":[\"https:\/\/agrupacionespsoe.es\/ponferrada\/el-grupo-municipal-socialista-vuelve-a-denunciar-muchas-casualidades-en-los-procesos-de-seleccion-de-personal-delayuntamiento-de-ponferrada\/#respond\"]}]},{\"@type\":\"WebPage\",\"@id\":\"https:\/\/agrupacionespsoe.es\/ponferrada\/el-grupo-municipal-socialista-vuelve-a-denunciar-muchas-casualidades-en-los-procesos-de-seleccion-de-personal-delayuntamiento-de-ponferrada\/\",\"url\":\"https:\/\/agrupacionespsoe.es\/ponferrada\/el-grupo-municipal-socialista-vuelve-a-denunciar-muchas-casualidades-en-los-procesos-de-seleccion-de-personal-delayuntamiento-de-ponferrada\/\",\"name\":\"EL GRUPO MUNICIPAL SOCIALISTA, VUELVE A DENUNCIAR \u201cMUCHAS CASUALIDADES\u201d EN LOS PROCESOS DE SELECCI\u00d3N DE PERSONAL DELAYUNTAMIENTO DE PONFERRADA. - Agrupaci\u00f3n Socialista de Ponferrada\",\"isPartOf\":{\"@id\":\"https:\/\/agrupacionespsoe.es\/ponferrada\/#website\"},\"primaryImageOfPage\":{\"@id\":\"https:\/\/agrupacionespsoe.es\/ponferrada\/el-grupo-municipal-socialista-vuelve-a-denunciar-muchas-casualidades-en-los-procesos-de-seleccion-de-personal-delayuntamiento-de-ponferrada\/#primaryimage\"},\"image\":{\"@id\":\"https:\/\/agrupacionespsoe.es\/ponferrada\/el-grupo-municipal-socialista-vuelve-a-denunciar-muchas-casualidades-en-los-procesos-de-seleccion-de-personal-delayuntamiento-de-ponferrada\/#primaryimage\"},\"thumbnailUrl\":\"https:\/\/agrupacionespsoe.es\/ponferrada\/wp-content\/uploads\/sites\/36\/2025\/01\/WhatsApp-Image-2025-01-30-at-13.54.46.jpeg\",\"datePublished\":\"2025-01-30T15:23:53+00:00\",\"dateModified\":\"2025-01-30T15:23:54+00:00\",\"breadcrumb\":{\"@id\":\"https:\/\/agrupacionespsoe.es\/ponferrada\/el-grupo-municipal-socialista-vuelve-a-denunciar-muchas-casualidades-en-los-procesos-de-seleccion-de-personal-delayuntamiento-de-ponferrada\/#breadcrumb\"},\"inLanguage\":\"es\",\"potentialAction\":[{\"@type\":\"ReadAction\",\"target\":[\"https:\/\/agrupacionespsoe.es\/ponferrada\/el-grupo-municipal-socialista-vuelve-a-denunciar-muchas-casualidades-en-los-procesos-de-seleccion-de-personal-delayuntamiento-de-ponferrada\/\"]}]},{\"@type\":\"ImageObject\",\"inLanguage\":\"es\",\"@id\":\"https:\/\/agrupacionespsoe.es\/ponferrada\/el-grupo-municipal-socialista-vuelve-a-denunciar-muchas-casualidades-en-los-procesos-de-seleccion-de-personal-delayuntamiento-de-ponferrada\/#primaryimage\",\"url\":\"https:\/\/agrupacionespsoe.es\/ponferrada\/wp-content\/uploads\/sites\/36\/2025\/01\/WhatsApp-Image-2025-01-30-at-13.54.46.jpeg\",\"contentUrl\":\"https:\/\/agrupacionespsoe.es\/ponferrada\/wp-content\/uploads\/sites\/36\/2025\/01\/WhatsApp-Image-2025-01-30-at-13.54.46.jpeg\",\"width\":1600,\"height\":904},{\"@type\":\"BreadcrumbList\",\"@id\":\"https:\/\/agrupacionespsoe.es\/ponferrada\/el-grupo-municipal-socialista-vuelve-a-denunciar-muchas-casualidades-en-los-procesos-de-seleccion-de-personal-delayuntamiento-de-ponferrada\/#breadcrumb\",\"itemListElement\":[{\"@type\":\"ListItem\",\"position\":1,\"name\":\"Portada\",\"item\":\"https:\/\/agrupacionespsoe.es\/ponferrada\/\"},{\"@type\":\"ListItem\",\"position\":2,\"name\":\"EL GRUPO MUNICIPAL SOCIALISTA, VUELVE A DENUNCIAR \u201cMUCHAS CASUALIDADES\u201d EN LOS PROCESOS DE SELECCI\u00d3N DE PERSONAL DELAYUNTAMIENTO DE PONFERRADA.\"}]},{\"@type\":\"WebSite\",\"@id\":\"https:\/\/agrupacionespsoe.es\/ponferrada\/#website\",\"url\":\"https:\/\/agrupacionespsoe.es\/ponferrada\/\",\"name\":\"Agrupaci\u00f3n Socialista de Ponferrada\",\"description\":\"Agrupaci\u00f3n Socialista de Ponferrada\",\"publisher\":{\"@id\":\"https:\/\/agrupacionespsoe.es\/ponferrada\/#organization\"},\"potentialAction\":[{\"@type\":\"SearchAction\",\"target\":{\"@type\":\"EntryPoint\",\"urlTemplate\":\"https:\/\/agrupacionespsoe.es\/ponferrada\/?s={search_term_string}\"},\"query-input\":{\"@type\":\"PropertyValueSpecification\",\"valueRequired\":true,\"valueName\":\"search_term_string\"}}],\"inLanguage\":\"es\"},{\"@type\":\"Organization\",\"@id\":\"https:\/\/agrupacionespsoe.es\/ponferrada\/#organization\",\"name\":\"Agrupaci\u00f3n Socialista de Ponferrada\",\"url\":\"https:\/\/agrupacionespsoe.es\/ponferrada\/\",\"logo\":{\"@type\":\"ImageObject\",\"inLanguage\":\"es\",\"@id\":\"https:\/\/agrupacionespsoe.es\/ponferrada\/#\/schema\/logo\/image\/\",\"url\":\"https:\/\/agrupacionespsoe.es\/wp-content\/uploads\/2022\/07\/Logotipo_electoral_del_PSOE.png\",\"contentUrl\":\"https:\/\/agrupacionespsoe.es\/wp-content\/uploads\/2022\/07\/Logotipo_electoral_del_PSOE.png\",\"width\":422,\"height\":422,\"caption\":\"Agrupaci\u00f3n Socialista de Ponferrada\"},\"image\":{\"@id\":\"https:\/\/agrupacionespsoe.es\/ponferrada\/#\/schema\/logo\/image\/\"}},{\"@type\":\"Person\",\"@id\":\"https:\/\/agrupacionespsoe.es\/ponferrada\/#\/schema\/person\/cd29ee627f3b70c05d415f02596debaa\",\"name\":\"ponferrada2\",\"image\":{\"@type\":\"ImageObject\",\"inLanguage\":\"es\",\"@id\":\"https:\/\/agrupacionespsoe.es\/ponferrada\/#\/schema\/person\/image\/\",\"url\":\"https:\/\/secure.gravatar.com\/avatar\/f499eeb60144c664cf7b7edf75549b50?s=96&d=mm&r=g\",\"contentUrl\":\"https:\/\/secure.gravatar.com\/avatar\/f499eeb60144c664cf7b7edf75549b50?s=96&d=mm&r=g\",\"caption\":\"ponferrada2\"},\"url\":\"https:\/\/agrupacionespsoe.es\/ponferrada\/author\/ponferrada2\/\"}]}<\/script>\n<!-- \/ Yoast SEO plugin. -->","yoast_head_json":{"title":"EL GRUPO MUNICIPAL SOCIALISTA, VUELVE A DENUNCIAR \u201cMUCHAS CASUALIDADES\u201d EN LOS PROCESOS DE SELECCI\u00d3N DE PERSONAL DELAYUNTAMIENTO DE PONFERRADA. - Agrupaci\u00f3n Socialista de Ponferrada","robots":{"index":"index","follow":"follow","max-snippet":"max-snippet:-1","max-image-preview":"max-image-preview:large","max-video-preview":"max-video-preview:-1"},"canonical":"https:\/\/agrupacionespsoe.es\/ponferrada\/el-grupo-municipal-socialista-vuelve-a-denunciar-muchas-casualidades-en-los-procesos-de-seleccion-de-personal-delayuntamiento-de-ponferrada\/","og_locale":"es_ES","og_type":"article","og_title":"EL GRUPO MUNICIPAL SOCIALISTA, VUELVE A DENUNCIAR \u201cMUCHAS CASUALIDADES\u201d EN LOS PROCESOS DE SELECCI\u00d3N DE PERSONAL DELAYUNTAMIENTO DE PONFERRADA. - Agrupaci\u00f3n Socialista de Ponferrada","og_description":"El Grupo Municipal Socialista de Ponferrada vuelve a poner de manifiesto m\u00e1s coincidencias en el acceso de personal a las plazas del ayuntamiento. Despu\u00e9s de la revisi\u00f3n de otros procesos selectivos tras la \u00faltima casualidad denunciada por el Grupo Socialista donde de los 11 primeros puestos de la lista de oficial de oficios 9 eran ...","og_url":"https:\/\/agrupacionespsoe.es\/ponferrada\/el-grupo-municipal-socialista-vuelve-a-denunciar-muchas-casualidades-en-los-procesos-de-seleccion-de-personal-delayuntamiento-de-ponferrada\/","og_site_name":"Agrupaci\u00f3n Socialista de Ponferrada","article_published_time":"2025-01-30T15:23:53+00:00","article_modified_time":"2025-01-30T15:23:54+00:00","og_image":[{"width":1600,"height":904,"url":"https:\/\/agrupacionespsoe.es\/ponferrada\/wp-content\/uploads\/sites\/36\/2025\/01\/WhatsApp-Image-2025-01-30-at-13.54.46.jpeg","type":"image\/jpeg"}],"author":"ponferrada2","twitter_card":"summary_large_image","twitter_misc":{"Escrito por":"ponferrada2","Tiempo de lectura":"3 minutos"},"schema":{"@context":"https:\/\/schema.org","@graph":[{"@type":"Article","@id":"https:\/\/agrupacionespsoe.es\/ponferrada\/el-grupo-municipal-socialista-vuelve-a-denunciar-muchas-casualidades-en-los-procesos-de-seleccion-de-personal-delayuntamiento-de-ponferrada\/#article","isPartOf":{"@id":"https:\/\/agrupacionespsoe.es\/ponferrada\/el-grupo-municipal-socialista-vuelve-a-denunciar-muchas-casualidades-en-los-procesos-de-seleccion-de-personal-delayuntamiento-de-ponferrada\/"},"author":{"name":"ponferrada2","@id":"https:\/\/agrupacionespsoe.es\/ponferrada\/#\/schema\/person\/cd29ee627f3b70c05d415f02596debaa"},"headline":"EL GRUPO MUNICIPAL SOCIALISTA, VUELVE A DENUNCIAR \u201cMUCHAS CASUALIDADES\u201d EN LOS PROCESOS DE SELECCI\u00d3N DE PERSONAL DELAYUNTAMIENTO DE PONFERRADA.","datePublished":"2025-01-30T15:23:53+00:00","dateModified":"2025-01-30T15:23:54+00:00","mainEntityOfPage":{"@id":"https:\/\/agrupacionespsoe.es\/ponferrada\/el-grupo-municipal-socialista-vuelve-a-denunciar-muchas-casualidades-en-los-procesos-de-seleccion-de-personal-delayuntamiento-de-ponferrada\/"},"wordCount":430,"commentCount":0,"publisher":{"@id":"https:\/\/agrupacionespsoe.es\/ponferrada\/#organization"},"image":{"@id":"https:\/\/agrupacionespsoe.es\/ponferrada\/el-grupo-municipal-socialista-vuelve-a-denunciar-muchas-casualidades-en-los-procesos-de-seleccion-de-personal-delayuntamiento-de-ponferrada\/#primaryimage"},"thumbnailUrl":"https:\/\/agrupacionespsoe.es\/ponferrada\/wp-content\/uploads\/sites\/36\/2025\/01\/WhatsApp-Image-2025-01-30-at-13.54.46.jpeg","articleSection":["ACTUALIDAD"],"inLanguage":"es","potentialAction":[{"@type":"CommentAction","name":"Comment","target":["https:\/\/agrupacionespsoe.es\/ponferrada\/el-grupo-municipal-socialista-vuelve-a-denunciar-muchas-casualidades-en-los-procesos-de-seleccion-de-personal-delayuntamiento-de-ponferrada\/#respond"]}]},{"@type":"WebPage","@id":"https:\/\/agrupacionespsoe.es\/ponferrada\/el-grupo-municipal-socialista-vuelve-a-denunciar-muchas-casualidades-en-los-procesos-de-seleccion-de-personal-delayuntamiento-de-ponferrada\/","url":"https:\/\/agrupacionespsoe.es\/ponferrada\/el-grupo-municipal-socialista-vuelve-a-denunciar-muchas-casualidades-en-los-procesos-de-seleccion-de-personal-delayuntamiento-de-ponferrada\/","name":"EL GRUPO MUNICIPAL SOCIALISTA, VUELVE A DENUNCIAR \u201cMUCHAS CASUALIDADES\u201d EN LOS PROCESOS DE SELECCI\u00d3N DE PERSONAL DELAYUNTAMIENTO DE PONFERRADA. - Agrupaci\u00f3n Socialista de Ponferrada","isPartOf":{"@id":"https:\/\/agrupacionespsoe.es\/ponferrada\/#website"},"primaryImageOfPage":{"@id":"https:\/\/agrupacionespsoe.es\/ponferrada\/el-grupo-municipal-socialista-vuelve-a-denunciar-muchas-casualidades-en-los-procesos-de-seleccion-de-personal-delayuntamiento-de-ponferrada\/#primaryimage"},"image":{"@id":"https:\/\/agrupacionespsoe.es\/ponferrada\/el-grupo-municipal-socialista-vuelve-a-denunciar-muchas-casualidades-en-los-procesos-de-seleccion-de-personal-delayuntamiento-de-ponferrada\/#primaryimage"},"thumbnailUrl":"https:\/\/agrupacionespsoe.es\/ponferrada\/wp-content\/uploads\/sites\/36\/2025\/01\/WhatsApp-Image-2025-01-30-at-13.54.46.jpeg","datePublished":"2025-01-30T15:23:53+00:00","dateModified":"2025-01-30T15:23:54+00:00","breadcrumb":{"@id":"https:\/\/agrupacionespsoe.es\/ponferrada\/el-grupo-municipal-socialista-vuelve-a-denunciar-muchas-casualidades-en-los-procesos-de-seleccion-de-personal-delayuntamiento-de-ponferrada\/#breadcrumb"},"inLanguage":"es","potentialAction":[{"@type":"ReadAction","target":["https:\/\/agrupacionespsoe.es\/ponferrada\/el-grupo-municipal-socialista-vuelve-a-denunciar-muchas-casualidades-en-los-procesos-de-seleccion-de-personal-delayuntamiento-de-ponferrada\/"]}]},{"@type":"ImageObject","inLanguage":"es","@id":"https:\/\/agrupacionespsoe.es\/ponferrada\/el-grupo-municipal-socialista-vuelve-a-denunciar-muchas-casualidades-en-los-procesos-de-seleccion-de-personal-delayuntamiento-de-ponferrada\/#primaryimage","url":"https:\/\/agrupacionespsoe.es\/ponferrada\/wp-content\/uploads\/sites\/36\/2025\/01\/WhatsApp-Image-2025-01-30-at-13.54.46.jpeg","contentUrl":"https:\/\/agrupacionespsoe.es\/ponferrada\/wp-content\/uploads\/sites\/36\/2025\/01\/WhatsApp-Image-2025-01-30-at-13.54.46.jpeg","width":1600,"height":904},{"@type":"BreadcrumbList","@id":"https:\/\/agrupacionespsoe.es\/ponferrada\/el-grupo-municipal-socialista-vuelve-a-denunciar-muchas-casualidades-en-los-procesos-de-seleccion-de-personal-delayuntamiento-de-ponferrada\/#breadcrumb","itemListElement":[{"@type":"ListItem","position":1,"name":"Portada","item":"https:\/\/agrupacionespsoe.es\/ponferrada\/"},{"@type":"ListItem","position":2,"name":"EL GRUPO MUNICIPAL SOCIALISTA, VUELVE A DENUNCIAR \u201cMUCHAS CASUALIDADES\u201d EN LOS PROCESOS DE SELECCI\u00d3N DE PERSONAL DELAYUNTAMIENTO DE PONFERRADA."}]},{"@type":"WebSite","@id":"https:\/\/agrupacionespsoe.es\/ponferrada\/#website","url":"https:\/\/agrupacionespsoe.es\/ponferrada\/","name":"Agrupaci\u00f3n Socialista de Ponferrada","description":"Agrupaci\u00f3n Socialista de Ponferrada","publisher":{"@id":"https:\/\/agrupacionespsoe.es\/ponferrada\/#organization"},"potentialAction":[{"@type":"SearchAction","target":{"@type":"EntryPoint","urlTemplate":"https:\/\/agrupacionespsoe.es\/ponferrada\/?s={search_term_string}"},"query-input":{"@type":"PropertyValueSpecification","valueRequired":true,"valueName":"search_term_string"}}],"inLanguage":"es"},{"@type":"Organization","@id":"https:\/\/agrupacionespsoe.es\/ponferrada\/#organization","name":"Agrupaci\u00f3n Socialista de Ponferrada","url":"https:\/\/agrupacionespsoe.es\/ponferrada\/","logo":{"@type":"ImageObject","inLanguage":"es","@id":"https:\/\/agrupacionespsoe.es\/ponferrada\/#\/schema\/logo\/image\/","url":"https:\/\/agrupacionespsoe.es\/wp-content\/uploads\/2022\/07\/Logotipo_electoral_del_PSOE.png","contentUrl":"https:\/\/agrupacionespsoe.es\/wp-content\/uploads\/2022\/07\/Logotipo_electoral_del_PSOE.png","width":422,"height":422,"caption":"Agrupaci\u00f3n Socialista de Ponferrada"},"image":{"@id":"https:\/\/agrupacionespsoe.es\/ponferrada\/#\/schema\/logo\/image\/"}},{"@type":"Person","@id":"https:\/\/agrupacionespsoe.es\/ponferrada\/#\/schema\/person\/cd29ee627f3b70c05d415f02596debaa","name":"ponferrada2","image":{"@type":"ImageObject","inLanguage":"es","@id":"https:\/\/agrupacionespsoe.es\/ponferrada\/#\/schema\/person\/image\/","url":"https:\/\/secure.gravatar.com\/avatar\/f499eeb60144c664cf7b7edf75549b50?s=96&d=mm&r=g","contentUrl":"https:\/\/secure.gravatar.com\/avatar\/f499eeb60144c664cf7b7edf75549b50?s=96&d=mm&r=g","caption":"ponferrada2"},"url":"https:\/\/agrupacionespsoe.es\/ponferrada\/author\/ponferrada2\/"}]}},"jetpack_featured_media_url":"https:\/\/agrupacionespsoe.es\/ponferrada\/wp-content\/uploads\/sites\/36\/2025\/01\/WhatsApp-Image-2025-01-30-at-13.54.46.jpeg","jetpack_sharing_enabled":true,"_links":{"self":[{"href":"https:\/\/agrupacionespsoe.es\/ponferrada\/wp-json\/wp\/v2\/posts\/763","targetHints":{"allow":["GET"]}}],"collection":[{"href":"https:\/\/agrupacionespsoe.es\/ponferrada\/wp-json\/wp\/v2\/posts"}],"about":[{"href":"https:\/\/agrupacionespsoe.es\/ponferrada\/wp-json\/wp\/v2\/types\/post"}],"author":[{"embeddable":true,"href":"https:\/\/agrupacionespsoe.es\/ponferrada\/wp-json\/wp\/v2\/users\/32"}],"replies":[{"embeddable":true,"href":"https:\/\/agrupacionespsoe.es\/ponferrada\/wp-json\/wp\/v2\/comments?post=763"}],"version-history":[{"count":2,"href":"https:\/\/agrupacionespsoe.es\/ponferrada\/wp-json\/wp\/v2\/posts\/763\/revisions"}],"predecessor-version":[{"id":766,"href":"https:\/\/agrupacionespsoe.es\/ponferrada\/wp-json\/wp\/v2\/posts\/763\/revisions\/766"}],"wp:featuredmedia":[{"embeddable":true,"href":"https:\/\/agrupacionespsoe.es\/ponferrada\/wp-json\/wp\/v2\/media\/764"}],"wp:attachment":[{"href":"https:\/\/agrupacionespsoe.es\/ponferrada\/wp-json\/wp\/v2\/media?parent=763"}],"wp:term":[{"taxonomy":"category","embeddable":true,"href":"https:\/\/agrupacionespsoe.es\/ponferrada\/wp-json\/wp\/v2\/categories?post=763"},{"taxonomy":"post_tag","embeddable":true,"href":"https:\/\/agrupacionespsoe.es\/ponferrada\/wp-json\/wp\/v2\/tags?post=763"}],"curies":[{"name":"wp","href":"https:\/\/api.w.org\/{rel}","templated":true}]}}