{"id":754,"date":"2025-01-23T11:30:13","date_gmt":"2025-01-23T11:30:13","guid":{"rendered":"https:\/\/agrupacionespsoe.es\/ponferrada\/?p=754"},"modified":"2025-01-23T11:30:35","modified_gmt":"2025-01-23T11:30:35","slug":"el-rechazo-del-pp-al-decreto-omnibus-un-ataque-al-bienestar-de-la-ciudadania-de-ponferrada","status":"publish","type":"post","link":"https:\/\/agrupacionespsoe.es\/ponferrada\/el-rechazo-del-pp-al-decreto-omnibus-un-ataque-al-bienestar-de-la-ciudadania-de-ponferrada\/","title":{"rendered":"El rechazo del PP al decreto \u00f3mnibus: un ataque al bienestar de la ciudadan\u00eda de Ponferrada"},"content":{"rendered":"\n<p>Desde el PSOE de Ponferrada lamentamos profundamente la irresponsable decisi\u00f3n del Partido Popular de bloquear el decreto de ayer presentado por el Gobierno de Pedro S\u00e1nchez, una medida que conten\u00eda renovaciones imprescindibles como las ayudas al transporte p\u00fablico y la revalorizaci\u00f3n de las pensiones. Este rechazo supone un claro ataque a los derechos y el bienestar de millones de espa\u00f1oles, y particularmente a los vecinos y vecinas de Ponferrada.<\/p>\n\n\n\n<p>La portavoz de la ejecutiva municipal de Ponferrada, Mabel Fern\u00e1ndez semana que la negativa del PP a apoyar la continuidad de las ayudas al transporte p\u00fablico afecta directamente a la ciudadan\u00eda de Ponferrada.<\/p>\n\n\n\n<p>Recuerda adem\u00e1s, que estas ayudas han permitido mantener tarifas reducidas, fomentando una movilidad sostenible y accesible para todos. Sin el respaldo econ\u00f3mico del Gobierno, existe el riesgo de que las tarifas aumenten, perjudicando especialmente a las familias trabajadoras y a los sectores m\u00e1s vulnerables de nuestra ciudad.<\/p>\n\n\n\n<p>Pero adem\u00e1s del perjuicio o las dudas que se van a suscitar por la posible subida del precio del billete de los autobuses lo m\u00e1s preocupante es la no aprobaci\u00f3n de la revalorizaci\u00f3n de las pensiones. Queremos recordar que en la provincia de Le\u00f3n la pensi\u00f3n media se sit\u00faa en 1.449,66 euros. Y que seg\u00fan los \u00faltimos datos del Ministerio en Ponferrada hab\u00eda 17.867 pensionistas, las pensiones m\u00ednimas se iban a revalorizar un 6% mientras que las dem\u00e1s subir\u00edan un 2,8%, solo la subida media supondr\u00eda m\u00e1s de 725.000 euros que recibir\u00edan m\u00e1s al mes nuestros pensionistas.<\/p>\n\n\n\n<p>Mabel Fern\u00e1ndez explica que la revalorizaci\u00f3n de las pensiones garantizada por el Gobierno era una medida imprescindible para proteger el poder adquisitivo de nuestros mayores frente a la inflaci\u00f3n. Al rechazar este decreto, el PP da la espalda a los pensionistas y a sus familias, quienes sostienen una parte fundamental del tejido econ\u00f3mico y social de nuestra ciudad.<\/p>\n\n\n\n<p>Desde el PSOE de Ponferrada instamos al portavoz del PP en nuestro Ayuntamiento, Marco Morala y alpresidente de la Junta Local del PP de Ponferrada, Carlos Fern\u00e1ndez, a que haga valer su posici\u00f3n en defensa de los intereses de los y las ponferradinas y medie con los dirigentes nacionales de su partido para que reconsideren su postura. Los ciudadanos de Ponferrada deben pedir a su alcalde que inste a sus compa\u00f1eros en el Congreso de los Diputados a apoyar esta medida en una futura votaci\u00f3n, ya que su impacto negativo es evidente en nuestra ciudad.<\/p>\n\n\n\n<p>Mabel Fern\u00e1ndez pide que en el caso de que el Partido Popular persista en este bloqueo, sean las comunidades aut\u00f3nomas, casi todas bajo la gesti\u00f3n del PP, que al menos supla el 30% de las ayudas al transporte p\u00fablico que hasta ahora aportaba el Gobierno.<\/p>\n\n\n\n<p>Finaliza se\u00f1alando que no es justo que las familias, los trabajadores y los pensionistas de Ponferrada paguen las consecuencias de una pol\u00edtica partidista que ignora las necesidades reales de la gente.<\/p>\n\n\n\n<figure class=\"wp-block-image size-full\"><img loading=\"lazy\" decoding=\"async\" width=\"1024\" height=\"766\" src=\"https:\/\/agrupacionespsoe.es\/ponferrada\/wp-content\/uploads\/sites\/36\/2025\/01\/WhatsApp-Image-2025-01-23-at-12.29.40.jpeg\" alt=\"\" class=\"wp-image-755\" srcset=\"https:\/\/agrupacionespsoe.es\/ponferrada\/wp-content\/uploads\/sites\/36\/2025\/01\/WhatsApp-Image-2025-01-23-at-12.29.40.jpeg 1024w, https:\/\/agrupacionespsoe.es\/ponferrada\/wp-content\/uploads\/sites\/36\/2025\/01\/WhatsApp-Image-2025-01-23-at-12.29.40-300x224.jpeg 300w, https:\/\/agrupacionespsoe.es\/ponferrada\/wp-content\/uploads\/sites\/36\/2025\/01\/WhatsApp-Image-2025-01-23-at-12.29.40-768x575.jpeg 768w\" sizes=\"auto, (max-width: 1024px) 100vw, 1024px\" \/><\/figure>\n\n\n\n<p><\/p>\n","protected":false},"excerpt":{"rendered":"<p>Desde el PSOE de Ponferrada lamentamos profundamente la irresponsable decisi\u00f3n del Partido Popular de bloquear el decreto de ayer presentado por el Gobierno de Pedro S\u00e1nchez, una medida que conten\u00eda renovaciones imprescindibles como las ayudas al transporte p\u00fablico y la revalorizaci\u00f3n de las pensiones. Este rechazo supone un claro ataque a los derechos y el &#8230;<\/p>\n","protected":false},"author":32,"featured_media":755,"comment_status":"open","ping_status":"open","sticky":false,"template":"","format":"standard","meta":{"_jetpack_memberships_contains_paid_content":false,"footnotes":""},"categories":[6],"tags":[],"class_list":["post-754","post","type-post","status-publish","format-standard","has-post-thumbnail","hentry","category-actualidad"],"yoast_head":"<!-- This site is optimized with the Yoast SEO plugin v24.0 - https:\/\/yoast.com\/wordpress\/plugins\/seo\/ -->\n<title>El rechazo del PP al decreto \u00f3mnibus: un ataque al bienestar de la ciudadan\u00eda de Ponferrada - Agrupaci\u00f3n Socialista de Ponferrada<\/title>\n<meta name=\"robots\" content=\"index, follow, max-snippet:-1, max-image-preview:large, max-video-preview:-1\" \/>\n<link rel=\"canonical\" href=\"https:\/\/agrupacionespsoe.es\/ponferrada\/el-rechazo-del-pp-al-decreto-omnibus-un-ataque-al-bienestar-de-la-ciudadania-de-ponferrada\/\" \/>\n<meta property=\"og:locale\" content=\"es_ES\" \/>\n<meta property=\"og:type\" content=\"article\" \/>\n<meta property=\"og:title\" content=\"El rechazo del PP al decreto \u00f3mnibus: un ataque al bienestar de la ciudadan\u00eda de Ponferrada - Agrupaci\u00f3n Socialista de Ponferrada\" \/>\n<meta property=\"og:description\" content=\"Desde el PSOE de Ponferrada lamentamos profundamente la irresponsable decisi\u00f3n del Partido Popular de bloquear el decreto de ayer presentado por el Gobierno de Pedro S\u00e1nchez, una medida que conten\u00eda renovaciones imprescindibles como las ayudas al transporte p\u00fablico y la revalorizaci\u00f3n de las pensiones. Este rechazo supone un claro ataque a los derechos y el ...\" \/>\n<meta property=\"og:url\" content=\"https:\/\/agrupacionespsoe.es\/ponferrada\/el-rechazo-del-pp-al-decreto-omnibus-un-ataque-al-bienestar-de-la-ciudadania-de-ponferrada\/\" \/>\n<meta property=\"og:site_name\" content=\"Agrupaci\u00f3n Socialista de Ponferrada\" \/>\n<meta property=\"article:published_time\" content=\"2025-01-23T11:30:13+00:00\" \/>\n<meta property=\"article:modified_time\" content=\"2025-01-23T11:30:35+00:00\" \/>\n<meta property=\"og:image\" content=\"https:\/\/agrupacionespsoe.es\/ponferrada\/wp-content\/uploads\/sites\/36\/2025\/01\/WhatsApp-Image-2025-01-23-at-12.29.40.jpeg\" \/>\n\t<meta property=\"og:image:width\" content=\"1024\" \/>\n\t<meta property=\"og:image:height\" content=\"766\" \/>\n\t<meta property=\"og:image:type\" content=\"image\/jpeg\" \/>\n<meta name=\"author\" content=\"ponferrada2\" \/>\n<meta name=\"twitter:card\" content=\"summary_large_image\" \/>\n<meta name=\"twitter:label1\" content=\"Escrito por\" \/>\n\t<meta name=\"twitter:data1\" content=\"ponferrada2\" \/>\n\t<meta name=\"twitter:label2\" content=\"Tiempo de lectura\" \/>\n\t<meta name=\"twitter:data2\" content=\"3 minutos\" \/>\n<script type=\"application\/ld+json\" class=\"yoast-schema-graph\">{\"@context\":\"https:\/\/schema.org\",\"@graph\":[{\"@type\":\"Article\",\"@id\":\"https:\/\/agrupacionespsoe.es\/ponferrada\/el-rechazo-del-pp-al-decreto-omnibus-un-ataque-al-bienestar-de-la-ciudadania-de-ponferrada\/#article\",\"isPartOf\":{\"@id\":\"https:\/\/agrupacionespsoe.es\/ponferrada\/el-rechazo-del-pp-al-decreto-omnibus-un-ataque-al-bienestar-de-la-ciudadania-de-ponferrada\/\"},\"author\":{\"name\":\"ponferrada2\",\"@id\":\"https:\/\/agrupacionespsoe.es\/ponferrada\/#\/schema\/person\/cd29ee627f3b70c05d415f02596debaa\"},\"headline\":\"El rechazo del PP al decreto \u00f3mnibus: un ataque al bienestar de la ciudadan\u00eda de Ponferrada\",\"datePublished\":\"2025-01-23T11:30:13+00:00\",\"dateModified\":\"2025-01-23T11:30:35+00:00\",\"mainEntityOfPage\":{\"@id\":\"https:\/\/agrupacionespsoe.es\/ponferrada\/el-rechazo-del-pp-al-decreto-omnibus-un-ataque-al-bienestar-de-la-ciudadania-de-ponferrada\/\"},\"wordCount\":528,\"commentCount\":0,\"publisher\":{\"@id\":\"https:\/\/agrupacionespsoe.es\/ponferrada\/#organization\"},\"image\":{\"@id\":\"https:\/\/agrupacionespsoe.es\/ponferrada\/el-rechazo-del-pp-al-decreto-omnibus-un-ataque-al-bienestar-de-la-ciudadania-de-ponferrada\/#primaryimage\"},\"thumbnailUrl\":\"https:\/\/agrupacionespsoe.es\/ponferrada\/wp-content\/uploads\/sites\/36\/2025\/01\/WhatsApp-Image-2025-01-23-at-12.29.40.jpeg\",\"articleSection\":[\"ACTUALIDAD\"],\"inLanguage\":\"es\",\"potentialAction\":[{\"@type\":\"CommentAction\",\"name\":\"Comment\",\"target\":[\"https:\/\/agrupacionespsoe.es\/ponferrada\/el-rechazo-del-pp-al-decreto-omnibus-un-ataque-al-bienestar-de-la-ciudadania-de-ponferrada\/#respond\"]}]},{\"@type\":\"WebPage\",\"@id\":\"https:\/\/agrupacionespsoe.es\/ponferrada\/el-rechazo-del-pp-al-decreto-omnibus-un-ataque-al-bienestar-de-la-ciudadania-de-ponferrada\/\",\"url\":\"https:\/\/agrupacionespsoe.es\/ponferrada\/el-rechazo-del-pp-al-decreto-omnibus-un-ataque-al-bienestar-de-la-ciudadania-de-ponferrada\/\",\"name\":\"El rechazo del PP al decreto \u00f3mnibus: un ataque al bienestar de la ciudadan\u00eda de Ponferrada - Agrupaci\u00f3n Socialista de Ponferrada\",\"isPartOf\":{\"@id\":\"https:\/\/agrupacionespsoe.es\/ponferrada\/#website\"},\"primaryImageOfPage\":{\"@id\":\"https:\/\/agrupacionespsoe.es\/ponferrada\/el-rechazo-del-pp-al-decreto-omnibus-un-ataque-al-bienestar-de-la-ciudadania-de-ponferrada\/#primaryimage\"},\"image\":{\"@id\":\"https:\/\/agrupacionespsoe.es\/ponferrada\/el-rechazo-del-pp-al-decreto-omnibus-un-ataque-al-bienestar-de-la-ciudadania-de-ponferrada\/#primaryimage\"},\"thumbnailUrl\":\"https:\/\/agrupacionespsoe.es\/ponferrada\/wp-content\/uploads\/sites\/36\/2025\/01\/WhatsApp-Image-2025-01-23-at-12.29.40.jpeg\",\"datePublished\":\"2025-01-23T11:30:13+00:00\",\"dateModified\":\"2025-01-23T11:30:35+00:00\",\"breadcrumb\":{\"@id\":\"https:\/\/agrupacionespsoe.es\/ponferrada\/el-rechazo-del-pp-al-decreto-omnibus-un-ataque-al-bienestar-de-la-ciudadania-de-ponferrada\/#breadcrumb\"},\"inLanguage\":\"es\",\"potentialAction\":[{\"@type\":\"ReadAction\",\"target\":[\"https:\/\/agrupacionespsoe.es\/ponferrada\/el-rechazo-del-pp-al-decreto-omnibus-un-ataque-al-bienestar-de-la-ciudadania-de-ponferrada\/\"]}]},{\"@type\":\"ImageObject\",\"inLanguage\":\"es\",\"@id\":\"https:\/\/agrupacionespsoe.es\/ponferrada\/el-rechazo-del-pp-al-decreto-omnibus-un-ataque-al-bienestar-de-la-ciudadania-de-ponferrada\/#primaryimage\",\"url\":\"https:\/\/agrupacionespsoe.es\/ponferrada\/wp-content\/uploads\/sites\/36\/2025\/01\/WhatsApp-Image-2025-01-23-at-12.29.40.jpeg\",\"contentUrl\":\"https:\/\/agrupacionespsoe.es\/ponferrada\/wp-content\/uploads\/sites\/36\/2025\/01\/WhatsApp-Image-2025-01-23-at-12.29.40.jpeg\",\"width\":1024,\"height\":766},{\"@type\":\"BreadcrumbList\",\"@id\":\"https:\/\/agrupacionespsoe.es\/ponferrada\/el-rechazo-del-pp-al-decreto-omnibus-un-ataque-al-bienestar-de-la-ciudadania-de-ponferrada\/#breadcrumb\",\"itemListElement\":[{\"@type\":\"ListItem\",\"position\":1,\"name\":\"Portada\",\"item\":\"https:\/\/agrupacionespsoe.es\/ponferrada\/\"},{\"@type\":\"ListItem\",\"position\":2,\"name\":\"El rechazo del PP al decreto \u00f3mnibus: un ataque al bienestar de la ciudadan\u00eda de Ponferrada\"}]},{\"@type\":\"WebSite\",\"@id\":\"https:\/\/agrupacionespsoe.es\/ponferrada\/#website\",\"url\":\"https:\/\/agrupacionespsoe.es\/ponferrada\/\",\"name\":\"Agrupaci\u00f3n Socialista de Ponferrada\",\"description\":\"Agrupaci\u00f3n Socialista de Ponferrada\",\"publisher\":{\"@id\":\"https:\/\/agrupacionespsoe.es\/ponferrada\/#organization\"},\"potentialAction\":[{\"@type\":\"SearchAction\",\"target\":{\"@type\":\"EntryPoint\",\"urlTemplate\":\"https:\/\/agrupacionespsoe.es\/ponferrada\/?s={search_term_string}\"},\"query-input\":{\"@type\":\"PropertyValueSpecification\",\"valueRequired\":true,\"valueName\":\"search_term_string\"}}],\"inLanguage\":\"es\"},{\"@type\":\"Organization\",\"@id\":\"https:\/\/agrupacionespsoe.es\/ponferrada\/#organization\",\"name\":\"Agrupaci\u00f3n Socialista de Ponferrada\",\"url\":\"https:\/\/agrupacionespsoe.es\/ponferrada\/\",\"logo\":{\"@type\":\"ImageObject\",\"inLanguage\":\"es\",\"@id\":\"https:\/\/agrupacionespsoe.es\/ponferrada\/#\/schema\/logo\/image\/\",\"url\":\"https:\/\/agrupacionespsoe.es\/wp-content\/uploads\/2022\/07\/Logotipo_electoral_del_PSOE.png\",\"contentUrl\":\"https:\/\/agrupacionespsoe.es\/wp-content\/uploads\/2022\/07\/Logotipo_electoral_del_PSOE.png\",\"width\":422,\"height\":422,\"caption\":\"Agrupaci\u00f3n Socialista de Ponferrada\"},\"image\":{\"@id\":\"https:\/\/agrupacionespsoe.es\/ponferrada\/#\/schema\/logo\/image\/\"}},{\"@type\":\"Person\",\"@id\":\"https:\/\/agrupacionespsoe.es\/ponferrada\/#\/schema\/person\/cd29ee627f3b70c05d415f02596debaa\",\"name\":\"ponferrada2\",\"image\":{\"@type\":\"ImageObject\",\"inLanguage\":\"es\",\"@id\":\"https:\/\/agrupacionespsoe.es\/ponferrada\/#\/schema\/person\/image\/\",\"url\":\"https:\/\/secure.gravatar.com\/avatar\/f499eeb60144c664cf7b7edf75549b50?s=96&d=mm&r=g\",\"contentUrl\":\"https:\/\/secure.gravatar.com\/avatar\/f499eeb60144c664cf7b7edf75549b50?s=96&d=mm&r=g\",\"caption\":\"ponferrada2\"},\"url\":\"https:\/\/agrupacionespsoe.es\/ponferrada\/author\/ponferrada2\/\"}]}<\/script>\n<!-- \/ Yoast SEO plugin. -->","yoast_head_json":{"title":"El rechazo del PP al decreto \u00f3mnibus: un ataque al bienestar de la ciudadan\u00eda de Ponferrada - Agrupaci\u00f3n Socialista de Ponferrada","robots":{"index":"index","follow":"follow","max-snippet":"max-snippet:-1","max-image-preview":"max-image-preview:large","max-video-preview":"max-video-preview:-1"},"canonical":"https:\/\/agrupacionespsoe.es\/ponferrada\/el-rechazo-del-pp-al-decreto-omnibus-un-ataque-al-bienestar-de-la-ciudadania-de-ponferrada\/","og_locale":"es_ES","og_type":"article","og_title":"El rechazo del PP al decreto \u00f3mnibus: un ataque al bienestar de la ciudadan\u00eda de Ponferrada - Agrupaci\u00f3n Socialista de Ponferrada","og_description":"Desde el PSOE de Ponferrada lamentamos profundamente la irresponsable decisi\u00f3n del Partido Popular de bloquear el decreto de ayer presentado por el Gobierno de Pedro S\u00e1nchez, una medida que conten\u00eda renovaciones imprescindibles como las ayudas al transporte p\u00fablico y la revalorizaci\u00f3n de las pensiones. Este rechazo supone un claro ataque a los derechos y el ...","og_url":"https:\/\/agrupacionespsoe.es\/ponferrada\/el-rechazo-del-pp-al-decreto-omnibus-un-ataque-al-bienestar-de-la-ciudadania-de-ponferrada\/","og_site_name":"Agrupaci\u00f3n Socialista de Ponferrada","article_published_time":"2025-01-23T11:30:13+00:00","article_modified_time":"2025-01-23T11:30:35+00:00","og_image":[{"width":1024,"height":766,"url":"https:\/\/agrupacionespsoe.es\/ponferrada\/wp-content\/uploads\/sites\/36\/2025\/01\/WhatsApp-Image-2025-01-23-at-12.29.40.jpeg","type":"image\/jpeg"}],"author":"ponferrada2","twitter_card":"summary_large_image","twitter_misc":{"Escrito por":"ponferrada2","Tiempo de lectura":"3 minutos"},"schema":{"@context":"https:\/\/schema.org","@graph":[{"@type":"Article","@id":"https:\/\/agrupacionespsoe.es\/ponferrada\/el-rechazo-del-pp-al-decreto-omnibus-un-ataque-al-bienestar-de-la-ciudadania-de-ponferrada\/#article","isPartOf":{"@id":"https:\/\/agrupacionespsoe.es\/ponferrada\/el-rechazo-del-pp-al-decreto-omnibus-un-ataque-al-bienestar-de-la-ciudadania-de-ponferrada\/"},"author":{"name":"ponferrada2","@id":"https:\/\/agrupacionespsoe.es\/ponferrada\/#\/schema\/person\/cd29ee627f3b70c05d415f02596debaa"},"headline":"El rechazo del PP al decreto \u00f3mnibus: un ataque al bienestar de la ciudadan\u00eda de Ponferrada","datePublished":"2025-01-23T11:30:13+00:00","dateModified":"2025-01-23T11:30:35+00:00","mainEntityOfPage":{"@id":"https:\/\/agrupacionespsoe.es\/ponferrada\/el-rechazo-del-pp-al-decreto-omnibus-un-ataque-al-bienestar-de-la-ciudadania-de-ponferrada\/"},"wordCount":528,"commentCount":0,"publisher":{"@id":"https:\/\/agrupacionespsoe.es\/ponferrada\/#organization"},"image":{"@id":"https:\/\/agrupacionespsoe.es\/ponferrada\/el-rechazo-del-pp-al-decreto-omnibus-un-ataque-al-bienestar-de-la-ciudadania-de-ponferrada\/#primaryimage"},"thumbnailUrl":"https:\/\/agrupacionespsoe.es\/ponferrada\/wp-content\/uploads\/sites\/36\/2025\/01\/WhatsApp-Image-2025-01-23-at-12.29.40.jpeg","articleSection":["ACTUALIDAD"],"inLanguage":"es","potentialAction":[{"@type":"CommentAction","name":"Comment","target":["https:\/\/agrupacionespsoe.es\/ponferrada\/el-rechazo-del-pp-al-decreto-omnibus-un-ataque-al-bienestar-de-la-ciudadania-de-ponferrada\/#respond"]}]},{"@type":"WebPage","@id":"https:\/\/agrupacionespsoe.es\/ponferrada\/el-rechazo-del-pp-al-decreto-omnibus-un-ataque-al-bienestar-de-la-ciudadania-de-ponferrada\/","url":"https:\/\/agrupacionespsoe.es\/ponferrada\/el-rechazo-del-pp-al-decreto-omnibus-un-ataque-al-bienestar-de-la-ciudadania-de-ponferrada\/","name":"El rechazo del PP al decreto \u00f3mnibus: un ataque al bienestar de la ciudadan\u00eda de Ponferrada - Agrupaci\u00f3n Socialista de Ponferrada","isPartOf":{"@id":"https:\/\/agrupacionespsoe.es\/ponferrada\/#website"},"primaryImageOfPage":{"@id":"https:\/\/agrupacionespsoe.es\/ponferrada\/el-rechazo-del-pp-al-decreto-omnibus-un-ataque-al-bienestar-de-la-ciudadania-de-ponferrada\/#primaryimage"},"image":{"@id":"https:\/\/agrupacionespsoe.es\/ponferrada\/el-rechazo-del-pp-al-decreto-omnibus-un-ataque-al-bienestar-de-la-ciudadania-de-ponferrada\/#primaryimage"},"thumbnailUrl":"https:\/\/agrupacionespsoe.es\/ponferrada\/wp-content\/uploads\/sites\/36\/2025\/01\/WhatsApp-Image-2025-01-23-at-12.29.40.jpeg","datePublished":"2025-01-23T11:30:13+00:00","dateModified":"2025-01-23T11:30:35+00:00","breadcrumb":{"@id":"https:\/\/agrupacionespsoe.es\/ponferrada\/el-rechazo-del-pp-al-decreto-omnibus-un-ataque-al-bienestar-de-la-ciudadania-de-ponferrada\/#breadcrumb"},"inLanguage":"es","potentialAction":[{"@type":"ReadAction","target":["https:\/\/agrupacionespsoe.es\/ponferrada\/el-rechazo-del-pp-al-decreto-omnibus-un-ataque-al-bienestar-de-la-ciudadania-de-ponferrada\/"]}]},{"@type":"ImageObject","inLanguage":"es","@id":"https:\/\/agrupacionespsoe.es\/ponferrada\/el-rechazo-del-pp-al-decreto-omnibus-un-ataque-al-bienestar-de-la-ciudadania-de-ponferrada\/#primaryimage","url":"https:\/\/agrupacionespsoe.es\/ponferrada\/wp-content\/uploads\/sites\/36\/2025\/01\/WhatsApp-Image-2025-01-23-at-12.29.40.jpeg","contentUrl":"https:\/\/agrupacionespsoe.es\/ponferrada\/wp-content\/uploads\/sites\/36\/2025\/01\/WhatsApp-Image-2025-01-23-at-12.29.40.jpeg","width":1024,"height":766},{"@type":"BreadcrumbList","@id":"https:\/\/agrupacionespsoe.es\/ponferrada\/el-rechazo-del-pp-al-decreto-omnibus-un-ataque-al-bienestar-de-la-ciudadania-de-ponferrada\/#breadcrumb","itemListElement":[{"@type":"ListItem","position":1,"name":"Portada","item":"https:\/\/agrupacionespsoe.es\/ponferrada\/"},{"@type":"ListItem","position":2,"name":"El rechazo del PP al decreto \u00f3mnibus: un ataque al bienestar de la ciudadan\u00eda de Ponferrada"}]},{"@type":"WebSite","@id":"https:\/\/agrupacionespsoe.es\/ponferrada\/#website","url":"https:\/\/agrupacionespsoe.es\/ponferrada\/","name":"Agrupaci\u00f3n Socialista de Ponferrada","description":"Agrupaci\u00f3n Socialista de Ponferrada","publisher":{"@id":"https:\/\/agrupacionespsoe.es\/ponferrada\/#organization"},"potentialAction":[{"@type":"SearchAction","target":{"@type":"EntryPoint","urlTemplate":"https:\/\/agrupacionespsoe.es\/ponferrada\/?s={search_term_string}"},"query-input":{"@type":"PropertyValueSpecification","valueRequired":true,"valueName":"search_term_string"}}],"inLanguage":"es"},{"@type":"Organization","@id":"https:\/\/agrupacionespsoe.es\/ponferrada\/#organization","name":"Agrupaci\u00f3n Socialista de Ponferrada","url":"https:\/\/agrupacionespsoe.es\/ponferrada\/","logo":{"@type":"ImageObject","inLanguage":"es","@id":"https:\/\/agrupacionespsoe.es\/ponferrada\/#\/schema\/logo\/image\/","url":"https:\/\/agrupacionespsoe.es\/wp-content\/uploads\/2022\/07\/Logotipo_electoral_del_PSOE.png","contentUrl":"https:\/\/agrupacionespsoe.es\/wp-content\/uploads\/2022\/07\/Logotipo_electoral_del_PSOE.png","width":422,"height":422,"caption":"Agrupaci\u00f3n Socialista de Ponferrada"},"image":{"@id":"https:\/\/agrupacionespsoe.es\/ponferrada\/#\/schema\/logo\/image\/"}},{"@type":"Person","@id":"https:\/\/agrupacionespsoe.es\/ponferrada\/#\/schema\/person\/cd29ee627f3b70c05d415f02596debaa","name":"ponferrada2","image":{"@type":"ImageObject","inLanguage":"es","@id":"https:\/\/agrupacionespsoe.es\/ponferrada\/#\/schema\/person\/image\/","url":"https:\/\/secure.gravatar.com\/avatar\/f499eeb60144c664cf7b7edf75549b50?s=96&d=mm&r=g","contentUrl":"https:\/\/secure.gravatar.com\/avatar\/f499eeb60144c664cf7b7edf75549b50?s=96&d=mm&r=g","caption":"ponferrada2"},"url":"https:\/\/agrupacionespsoe.es\/ponferrada\/author\/ponferrada2\/"}]}},"jetpack_featured_media_url":"https:\/\/agrupacionespsoe.es\/ponferrada\/wp-content\/uploads\/sites\/36\/2025\/01\/WhatsApp-Image-2025-01-23-at-12.29.40.jpeg","jetpack_sharing_enabled":true,"_links":{"self":[{"href":"https:\/\/agrupacionespsoe.es\/ponferrada\/wp-json\/wp\/v2\/posts\/754","targetHints":{"allow":["GET"]}}],"collection":[{"href":"https:\/\/agrupacionespsoe.es\/ponferrada\/wp-json\/wp\/v2\/posts"}],"about":[{"href":"https:\/\/agrupacionespsoe.es\/ponferrada\/wp-json\/wp\/v2\/types\/post"}],"author":[{"embeddable":true,"href":"https:\/\/agrupacionespsoe.es\/ponferrada\/wp-json\/wp\/v2\/users\/32"}],"replies":[{"embeddable":true,"href":"https:\/\/agrupacionespsoe.es\/ponferrada\/wp-json\/wp\/v2\/comments?post=754"}],"version-history":[{"count":2,"href":"https:\/\/agrupacionespsoe.es\/ponferrada\/wp-json\/wp\/v2\/posts\/754\/revisions"}],"predecessor-version":[{"id":757,"href":"https:\/\/agrupacionespsoe.es\/ponferrada\/wp-json\/wp\/v2\/posts\/754\/revisions\/757"}],"wp:featuredmedia":[{"embeddable":true,"href":"https:\/\/agrupacionespsoe.es\/ponferrada\/wp-json\/wp\/v2\/media\/755"}],"wp:attachment":[{"href":"https:\/\/agrupacionespsoe.es\/ponferrada\/wp-json\/wp\/v2\/media?parent=754"}],"wp:term":[{"taxonomy":"category","embeddable":true,"href":"https:\/\/agrupacionespsoe.es\/ponferrada\/wp-json\/wp\/v2\/categories?post=754"},{"taxonomy":"post_tag","embeddable":true,"href":"https:\/\/agrupacionespsoe.es\/ponferrada\/wp-json\/wp\/v2\/tags?post=754"}],"curies":[{"name":"wp","href":"https:\/\/api.w.org\/{rel}","templated":true}]}}