{"id":741,"date":"2025-01-22T10:02:00","date_gmt":"2025-01-22T10:02:00","guid":{"rendered":"https:\/\/agrupacionespsoe.es\/ponferrada\/?p=741"},"modified":"2025-01-21T17:46:25","modified_gmt":"2025-01-21T17:46:25","slug":"el-gms-visita-columbrianos-para-denunciar-la-dejadez-del-equipo-de-gobierno","status":"publish","type":"post","link":"https:\/\/agrupacionespsoe.es\/ponferrada\/el-gms-visita-columbrianos-para-denunciar-la-dejadez-del-equipo-de-gobierno\/","title":{"rendered":"El GMS visita Columbrianos para denunciar la dejadez del equipo de gobierno."},"content":{"rendered":"\n<p class=\"has-large-font-size\"><strong>Tras el encontronazo del Alcalde con el AMPA del colegio p\u00fablico de Columbrianos y el anuncio de arreglo los ni\u00f1os y ni\u00f1as siguen esperando<\/strong><\/p>\n\n\n\n<p>El portavoz del Grupo Municipal Socialista del Ayuntamiento de Ponferrada, Olegario Ram\u00f3n, ha visitado la pedan\u00eda de Columbrianos, continuando as\u00ed con la ronda de encuentros que el grupo est\u00e1 llevando a cabo en las diferentes pedan\u00edas del municipio.<\/p>\n\n\n\n<p>En la visita, el portavoz estuvo acompa\u00f1ado por la ped\u00e1nea de Columbrianos, Isabel Mart\u00ednez, as\u00ed como por otros miembros del Grupo Municipal Socialista. Durante el recorrido, se trataron temas de inter\u00e9s para los vecinos y vecinas de la pedan\u00eda, con el objetivo de conocer de primera mano sus necesidades, inquietudes y propuestas para mejorar la calidad de vida en la zona.<\/p>\n\n\n\n<p>Olegario Ram\u00f3n destac\u00f3 la importancia de estas visitas para mantener un contacto directo con la realidad de cada pedan\u00eda y reforzar el compromiso del Grupo Municipal Socialista con el desarrollo equitativo de todo el municipio, m\u00e1s si cabe cuando desde el equipo de gobierno nadie lo est\u00e1 haciendo. \u00abColumbrianos es una pedan\u00eda con gran potencial y necesidades espec\u00edficas que no debemos pasar por alto. Nuestra labor es escuchar, entender y trabajar para aportar soluciones reales y efectivas a las demandas de los vecinos\u00bb, se\u00f1al\u00f3.<\/p>\n\n\n\n<figure class=\"wp-block-image size-large\"><img loading=\"lazy\" decoding=\"async\" width=\"1024\" height=\"768\" src=\"https:\/\/agrupacionespsoe.es\/ponferrada\/wp-content\/uploads\/sites\/36\/2025\/01\/IMG_2255-1024x768.jpg\" alt=\"\" class=\"wp-image-742\" srcset=\"https:\/\/agrupacionespsoe.es\/ponferrada\/wp-content\/uploads\/sites\/36\/2025\/01\/IMG_2255-1024x768.jpg 1024w, https:\/\/agrupacionespsoe.es\/ponferrada\/wp-content\/uploads\/sites\/36\/2025\/01\/IMG_2255-300x225.jpg 300w, https:\/\/agrupacionespsoe.es\/ponferrada\/wp-content\/uploads\/sites\/36\/2025\/01\/IMG_2255-768x576.jpg 768w, https:\/\/agrupacionespsoe.es\/ponferrada\/wp-content\/uploads\/sites\/36\/2025\/01\/IMG_2255-1536x1152.jpg 1536w, https:\/\/agrupacionespsoe.es\/ponferrada\/wp-content\/uploads\/sites\/36\/2025\/01\/IMG_2255-2048x1536.jpg 2048w\" sizes=\"auto, (max-width: 1024px) 100vw, 1024px\" \/><figcaption class=\"wp-element-caption\">Un momento del paseo por la pedan\u00eda<\/figcaption><\/figure>\n\n\n\n<p>El grupo socialista ha se\u00f1alado que es curioso, como una vez m\u00e1s, el Alcalde Morala se tiene que tragar sus palabras y si bien en su papel como l\u00edder de la oposici\u00f3n se\u00f1alaba que muchas de las necesidades de la pedan\u00eda de Columbrianos no requer\u00edan una gran inversi\u00f3n solo inter\u00e9s y trabajo, en el a\u00f1o y medio de gobierno actual, el alcalde, que denunciaba esta situaci\u00f3n desde la oposici\u00f3n, no ha hecho nada para revertir lo que \u00e9l mismo se\u00f1alaba como prioritario. En Columbrianos solo han llevado a cabo las obras que desde el PSOE incluyeron en el presupuesto y que para colmo ejecutaron sin adaptarlas a las necesidades que surg\u00edan a medida que avanzaban las obras, en Columbrianos se puede ver chapuza tras chapuza en todos los proyectos que han ejecutado como por ejemplo la conexi\u00f3n de la red de alcantarillado en el Camino de la Cabrita y la C. Linares.<\/p>\n\n\n\n<p>Entre los temas tratados durante la visita se encuentran el estado lamentable de las calles principales de Columbrianos destrozadas por las ra\u00edces de los plataneros como la C. Real, desde la pedan\u00eda piden al concejal de medio rural que la brigada que acaban de poner en marcha para reparar las aceras se pase tambi\u00e9n por Columbrianos y es necesario el bacheo de la C. Couso.<\/p>\n\n\n\n<p><a><\/a>La ped\u00e1nea Isabel Mart\u00ednez ha criticado tambi\u00e9n los constantes reventones en la tra\u00edda del agua que provocan constantes interrupciones del servicio, ha se\u00f1alada que a\u00fan no han retirado las vallas de obra de las \u00faltimas reparaciones del agua y que ya llevan desde diciembre alli depositadas.<\/p>\n\n\n\n<figure class=\"wp-block-image size-large\"><img loading=\"lazy\" decoding=\"async\" width=\"1024\" height=\"768\" src=\"https:\/\/agrupacionespsoe.es\/ponferrada\/wp-content\/uploads\/sites\/36\/2025\/01\/IMG_2265-1024x768.jpg\" alt=\"\" class=\"wp-image-744\" srcset=\"https:\/\/agrupacionespsoe.es\/ponferrada\/wp-content\/uploads\/sites\/36\/2025\/01\/IMG_2265-1024x768.jpg 1024w, https:\/\/agrupacionespsoe.es\/ponferrada\/wp-content\/uploads\/sites\/36\/2025\/01\/IMG_2265-300x225.jpg 300w, https:\/\/agrupacionespsoe.es\/ponferrada\/wp-content\/uploads\/sites\/36\/2025\/01\/IMG_2265-768x576.jpg 768w, https:\/\/agrupacionespsoe.es\/ponferrada\/wp-content\/uploads\/sites\/36\/2025\/01\/IMG_2265-1536x1152.jpg 1536w, https:\/\/agrupacionespsoe.es\/ponferrada\/wp-content\/uploads\/sites\/36\/2025\/01\/IMG_2265-2048x1536.jpg 2048w\" sizes=\"auto, (max-width: 1024px) 100vw, 1024px\" \/><figcaption class=\"wp-element-caption\">Vallas abandonadas en plena C. Real de Columbrianos<\/figcaption><\/figure>\n\n\n\n<p>Adem\u00e1s ha recordado que los ni\u00f1os y ni\u00f1as del Colegio P\u00fablico La Alborada siguen esperando un pabell\u00f3n cubierto para poder realizar sus actividades como el resto de los ni\u00f1os y ni\u00f1as del municipio, a pesar de la pol\u00e9mica y del encontronazo con el AMPA del alcalde Morala cuando tild\u00f3 la reivindicaci\u00f3n leg\u00edtima de las madres y padres como una reivindicaci\u00f3n partidista, y que m\u00e1s tarde desde coalici\u00f3n por el bierzo se indic\u00f3 que en 2024 se ver\u00eda la \u201csoluci\u00f3n definitiva\u201d que estaban ultimando, los ni\u00f1os y ni\u00f1as del colegio p\u00fablico siguen esperando y nos tememos que sea otro de esos compromisos de la Junta de Castilla y Le\u00f3n que tampoco se llevan a cabo.<\/p>\n\n\n\n<p>Tambi\u00e9n ha solicitado al equipo de gobierno que pongan reductores de velocidad a la altura del colegio p\u00fablico, ha se\u00f1alado que resulta curioso que en algunas calles de Ponferrada hayan puesto hasta 5 reductores y donde hacen falta no haya ninguno.<\/p>\n\n\n\n<p>El portavoz del grupo socialista ha se\u00f1alado el estado de abandono de la Carretera de las Tapias, con socavones que ponen en peligro la seguridad de conductores que circulan por esa carretera y que por la noche duplican esa peligrosidad con agujeros donde entran la rueda entera y tambi\u00e9n ha criticado el estado de abandono del Camino de Santiago a su paso por Columbrianos.<\/p>\n\n\n\n<figure class=\"wp-block-image size-large\"><img loading=\"lazy\" decoding=\"async\" width=\"1024\" height=\"768\" src=\"https:\/\/agrupacionespsoe.es\/ponferrada\/wp-content\/uploads\/sites\/36\/2025\/01\/IMG_2291-1024x768.jpg\" alt=\"\" class=\"wp-image-743\" srcset=\"https:\/\/agrupacionespsoe.es\/ponferrada\/wp-content\/uploads\/sites\/36\/2025\/01\/IMG_2291-1024x768.jpg 1024w, https:\/\/agrupacionespsoe.es\/ponferrada\/wp-content\/uploads\/sites\/36\/2025\/01\/IMG_2291-300x225.jpg 300w, https:\/\/agrupacionespsoe.es\/ponferrada\/wp-content\/uploads\/sites\/36\/2025\/01\/IMG_2291-768x576.jpg 768w, https:\/\/agrupacionespsoe.es\/ponferrada\/wp-content\/uploads\/sites\/36\/2025\/01\/IMG_2291-1536x1152.jpg 1536w, https:\/\/agrupacionespsoe.es\/ponferrada\/wp-content\/uploads\/sites\/36\/2025\/01\/IMG_2291-2048x1536.jpg 2048w\" sizes=\"auto, (max-width: 1024px) 100vw, 1024px\" \/><figcaption class=\"wp-element-caption\">Estado actual de la Carretera de Las Tapias<\/figcaption><\/figure>\n\n\n\n<p>El estado del Camino de Santiago a su paso por Columbrianos y Fuentesnuevas contrasta con las declaraciones del actual equipo de gobierno que han manifestado su compromiso con la valorizaci\u00f3n del Camino de Santiago a su paso por Ponferrada, sin embargo, la falta de atenci\u00f3n manifiesta de PP y CB pone en entredicho la coherencia de las iniciativas presentadas y resalta la necesidad de acciones m\u00e1s integrales que aborden tanto la promoci\u00f3n tur\u00edstica como el mantenimiento esencial de las v\u00edas que conforman el hist\u00f3rico recorrido jacobeo.<\/p>\n\n\n\n<p>Para finalizar el Grupo Municipal Socialista reafirma su compromiso de seguir trabajando codo a codo con las pedan\u00edas de Ponferrada haci\u00e9ndose eco de sus reivindicaciones para construir un municipio m\u00e1s cohesionado y con igualdad de oportunidades para todos sus habitantes.<\/p>\n\n\n\n<figure class=\"wp-block-gallery has-nested-images columns-default is-cropped wp-block-gallery-1 is-layout-flex wp-block-gallery-is-layout-flex\">\n<figure class=\"wp-block-image size-large\"><img loading=\"lazy\" decoding=\"async\" width=\"1024\" height=\"768\" data-id=\"746\" src=\"https:\/\/agrupacionespsoe.es\/ponferrada\/wp-content\/uploads\/sites\/36\/2025\/01\/IMG_2268-1024x768.jpg\" alt=\"\" class=\"wp-image-746\" srcset=\"https:\/\/agrupacionespsoe.es\/ponferrada\/wp-content\/uploads\/sites\/36\/2025\/01\/IMG_2268-1024x768.jpg 1024w, https:\/\/agrupacionespsoe.es\/ponferrada\/wp-content\/uploads\/sites\/36\/2025\/01\/IMG_2268-300x225.jpg 300w, https:\/\/agrupacionespsoe.es\/ponferrada\/wp-content\/uploads\/sites\/36\/2025\/01\/IMG_2268-768x576.jpg 768w, https:\/\/agrupacionespsoe.es\/ponferrada\/wp-content\/uploads\/sites\/36\/2025\/01\/IMG_2268-1536x1152.jpg 1536w, https:\/\/agrupacionespsoe.es\/ponferrada\/wp-content\/uploads\/sites\/36\/2025\/01\/IMG_2268-2048x1536.jpg 2048w\" sizes=\"auto, (max-width: 1024px) 100vw, 1024px\" \/><figcaption class=\"wp-element-caption\">reivindicaci\u00f3n AMPA<\/figcaption><\/figure>\n\n\n\n<figure class=\"wp-block-image size-large\"><img loading=\"lazy\" decoding=\"async\" width=\"1024\" height=\"768\" data-id=\"747\" src=\"https:\/\/agrupacionespsoe.es\/ponferrada\/wp-content\/uploads\/sites\/36\/2025\/01\/IMG_2272-1024x768.jpg\" alt=\"\" class=\"wp-image-747\" srcset=\"https:\/\/agrupacionespsoe.es\/ponferrada\/wp-content\/uploads\/sites\/36\/2025\/01\/IMG_2272-1024x768.jpg 1024w, https:\/\/agrupacionespsoe.es\/ponferrada\/wp-content\/uploads\/sites\/36\/2025\/01\/IMG_2272-300x225.jpg 300w, https:\/\/agrupacionespsoe.es\/ponferrada\/wp-content\/uploads\/sites\/36\/2025\/01\/IMG_2272-768x576.jpg 768w, https:\/\/agrupacionespsoe.es\/ponferrada\/wp-content\/uploads\/sites\/36\/2025\/01\/IMG_2272-1536x1152.jpg 1536w, https:\/\/agrupacionespsoe.es\/ponferrada\/wp-content\/uploads\/sites\/36\/2025\/01\/IMG_2272-2048x1536.jpg 2048w\" sizes=\"auto, (max-width: 1024px) 100vw, 1024px\" \/><figcaption class=\"wp-element-caption\">estado C. Las Cabritas<\/figcaption><\/figure>\n\n\n\n<figure class=\"wp-block-image size-large\"><img loading=\"lazy\" decoding=\"async\" width=\"1024\" height=\"768\" data-id=\"745\" src=\"https:\/\/agrupacionespsoe.es\/ponferrada\/wp-content\/uploads\/sites\/36\/2025\/01\/IMG_2284-1024x768.jpg\" alt=\"\" class=\"wp-image-745\" srcset=\"https:\/\/agrupacionespsoe.es\/ponferrada\/wp-content\/uploads\/sites\/36\/2025\/01\/IMG_2284-1024x768.jpg 1024w, https:\/\/agrupacionespsoe.es\/ponferrada\/wp-content\/uploads\/sites\/36\/2025\/01\/IMG_2284-300x225.jpg 300w, https:\/\/agrupacionespsoe.es\/ponferrada\/wp-content\/uploads\/sites\/36\/2025\/01\/IMG_2284-768x576.jpg 768w, https:\/\/agrupacionespsoe.es\/ponferrada\/wp-content\/uploads\/sites\/36\/2025\/01\/IMG_2284-1536x1152.jpg 1536w, https:\/\/agrupacionespsoe.es\/ponferrada\/wp-content\/uploads\/sites\/36\/2025\/01\/IMG_2284-2048x1536.jpg 2048w\" sizes=\"auto, (max-width: 1024px) 100vw, 1024px\" \/><figcaption class=\"wp-element-caption\">paseo por la pedan\u00eda<\/figcaption><\/figure>\n<\/figure>\n","protected":false},"excerpt":{"rendered":"<p>Tras el encontronazo del Alcalde con el AMPA del colegio p\u00fablico de Columbrianos y el anuncio de arreglo los ni\u00f1os y ni\u00f1as siguen esperando El portavoz del Grupo Municipal Socialista del Ayuntamiento de Ponferrada, Olegario Ram\u00f3n, ha visitado la pedan\u00eda de Columbrianos, continuando as\u00ed con la ronda de encuentros que el grupo est\u00e1 llevando a &#8230;<\/p>\n","protected":false},"author":32,"featured_media":742,"comment_status":"open","ping_status":"open","sticky":false,"template":"","format":"standard","meta":{"_jetpack_memberships_contains_paid_content":false,"footnotes":""},"categories":[6],"tags":[],"class_list":["post-741","post","type-post","status-publish","format-standard","has-post-thumbnail","hentry","category-actualidad"],"yoast_head":"<!-- This site is optimized with the Yoast SEO plugin v24.0 - https:\/\/yoast.com\/wordpress\/plugins\/seo\/ -->\n<title>El GMS visita Columbrianos para denunciar la dejadez del equipo de gobierno. - Agrupaci\u00f3n Socialista de Ponferrada<\/title>\n<meta name=\"robots\" content=\"index, follow, max-snippet:-1, max-image-preview:large, max-video-preview:-1\" \/>\n<link rel=\"canonical\" href=\"https:\/\/agrupacionespsoe.es\/ponferrada\/el-gms-visita-columbrianos-para-denunciar-la-dejadez-del-equipo-de-gobierno\/\" \/>\n<meta property=\"og:locale\" content=\"es_ES\" \/>\n<meta property=\"og:type\" content=\"article\" \/>\n<meta property=\"og:title\" content=\"El GMS visita Columbrianos para denunciar la dejadez del equipo de gobierno. - Agrupaci\u00f3n Socialista de Ponferrada\" \/>\n<meta property=\"og:description\" content=\"Tras el encontronazo del Alcalde con el AMPA del colegio p\u00fablico de Columbrianos y el anuncio de arreglo los ni\u00f1os y ni\u00f1as siguen esperando El portavoz del Grupo Municipal Socialista del Ayuntamiento de Ponferrada, Olegario Ram\u00f3n, ha visitado la pedan\u00eda de Columbrianos, continuando as\u00ed con la ronda de encuentros que el grupo est\u00e1 llevando a ...\" \/>\n<meta property=\"og:url\" content=\"https:\/\/agrupacionespsoe.es\/ponferrada\/el-gms-visita-columbrianos-para-denunciar-la-dejadez-del-equipo-de-gobierno\/\" \/>\n<meta property=\"og:site_name\" content=\"Agrupaci\u00f3n Socialista de Ponferrada\" \/>\n<meta property=\"article:published_time\" content=\"2025-01-22T10:02:00+00:00\" \/>\n<meta property=\"article:modified_time\" content=\"2025-01-21T17:46:25+00:00\" \/>\n<meta property=\"og:image\" content=\"https:\/\/agrupacionespsoe.es\/ponferrada\/wp-content\/uploads\/sites\/36\/2025\/01\/IMG_2255-scaled.jpg\" \/>\n\t<meta property=\"og:image:width\" content=\"2560\" \/>\n\t<meta property=\"og:image:height\" content=\"1920\" \/>\n\t<meta property=\"og:image:type\" content=\"image\/jpeg\" \/>\n<meta name=\"author\" content=\"ponferrada2\" \/>\n<meta name=\"twitter:card\" content=\"summary_large_image\" \/>\n<meta name=\"twitter:label1\" content=\"Escrito por\" \/>\n\t<meta name=\"twitter:data1\" content=\"ponferrada2\" \/>\n\t<meta name=\"twitter:label2\" content=\"Tiempo de lectura\" \/>\n\t<meta name=\"twitter:data2\" content=\"6 minutos\" \/>\n<script type=\"application\/ld+json\" class=\"yoast-schema-graph\">{\"@context\":\"https:\/\/schema.org\",\"@graph\":[{\"@type\":\"Article\",\"@id\":\"https:\/\/agrupacionespsoe.es\/ponferrada\/el-gms-visita-columbrianos-para-denunciar-la-dejadez-del-equipo-de-gobierno\/#article\",\"isPartOf\":{\"@id\":\"https:\/\/agrupacionespsoe.es\/ponferrada\/el-gms-visita-columbrianos-para-denunciar-la-dejadez-del-equipo-de-gobierno\/\"},\"author\":{\"name\":\"ponferrada2\",\"@id\":\"https:\/\/agrupacionespsoe.es\/ponferrada\/#\/schema\/person\/cd29ee627f3b70c05d415f02596debaa\"},\"headline\":\"El GMS visita Columbrianos para denunciar la dejadez del equipo de gobierno.\",\"datePublished\":\"2025-01-22T10:02:00+00:00\",\"dateModified\":\"2025-01-21T17:46:25+00:00\",\"mainEntityOfPage\":{\"@id\":\"https:\/\/agrupacionespsoe.es\/ponferrada\/el-gms-visita-columbrianos-para-denunciar-la-dejadez-del-equipo-de-gobierno\/\"},\"wordCount\":936,\"commentCount\":0,\"publisher\":{\"@id\":\"https:\/\/agrupacionespsoe.es\/ponferrada\/#organization\"},\"image\":{\"@id\":\"https:\/\/agrupacionespsoe.es\/ponferrada\/el-gms-visita-columbrianos-para-denunciar-la-dejadez-del-equipo-de-gobierno\/#primaryimage\"},\"thumbnailUrl\":\"https:\/\/agrupacionespsoe.es\/ponferrada\/wp-content\/uploads\/sites\/36\/2025\/01\/IMG_2255-scaled.jpg\",\"articleSection\":[\"ACTUALIDAD\"],\"inLanguage\":\"es\",\"potentialAction\":[{\"@type\":\"CommentAction\",\"name\":\"Comment\",\"target\":[\"https:\/\/agrupacionespsoe.es\/ponferrada\/el-gms-visita-columbrianos-para-denunciar-la-dejadez-del-equipo-de-gobierno\/#respond\"]}]},{\"@type\":\"WebPage\",\"@id\":\"https:\/\/agrupacionespsoe.es\/ponferrada\/el-gms-visita-columbrianos-para-denunciar-la-dejadez-del-equipo-de-gobierno\/\",\"url\":\"https:\/\/agrupacionespsoe.es\/ponferrada\/el-gms-visita-columbrianos-para-denunciar-la-dejadez-del-equipo-de-gobierno\/\",\"name\":\"El GMS visita Columbrianos para denunciar la dejadez del equipo de gobierno. - Agrupaci\u00f3n Socialista de Ponferrada\",\"isPartOf\":{\"@id\":\"https:\/\/agrupacionespsoe.es\/ponferrada\/#website\"},\"primaryImageOfPage\":{\"@id\":\"https:\/\/agrupacionespsoe.es\/ponferrada\/el-gms-visita-columbrianos-para-denunciar-la-dejadez-del-equipo-de-gobierno\/#primaryimage\"},\"image\":{\"@id\":\"https:\/\/agrupacionespsoe.es\/ponferrada\/el-gms-visita-columbrianos-para-denunciar-la-dejadez-del-equipo-de-gobierno\/#primaryimage\"},\"thumbnailUrl\":\"https:\/\/agrupacionespsoe.es\/ponferrada\/wp-content\/uploads\/sites\/36\/2025\/01\/IMG_2255-scaled.jpg\",\"datePublished\":\"2025-01-22T10:02:00+00:00\",\"dateModified\":\"2025-01-21T17:46:25+00:00\",\"breadcrumb\":{\"@id\":\"https:\/\/agrupacionespsoe.es\/ponferrada\/el-gms-visita-columbrianos-para-denunciar-la-dejadez-del-equipo-de-gobierno\/#breadcrumb\"},\"inLanguage\":\"es\",\"potentialAction\":[{\"@type\":\"ReadAction\",\"target\":[\"https:\/\/agrupacionespsoe.es\/ponferrada\/el-gms-visita-columbrianos-para-denunciar-la-dejadez-del-equipo-de-gobierno\/\"]}]},{\"@type\":\"ImageObject\",\"inLanguage\":\"es\",\"@id\":\"https:\/\/agrupacionespsoe.es\/ponferrada\/el-gms-visita-columbrianos-para-denunciar-la-dejadez-del-equipo-de-gobierno\/#primaryimage\",\"url\":\"https:\/\/agrupacionespsoe.es\/ponferrada\/wp-content\/uploads\/sites\/36\/2025\/01\/IMG_2255-scaled.jpg\",\"contentUrl\":\"https:\/\/agrupacionespsoe.es\/ponferrada\/wp-content\/uploads\/sites\/36\/2025\/01\/IMG_2255-scaled.jpg\",\"width\":2560,\"height\":1920},{\"@type\":\"BreadcrumbList\",\"@id\":\"https:\/\/agrupacionespsoe.es\/ponferrada\/el-gms-visita-columbrianos-para-denunciar-la-dejadez-del-equipo-de-gobierno\/#breadcrumb\",\"itemListElement\":[{\"@type\":\"ListItem\",\"position\":1,\"name\":\"Portada\",\"item\":\"https:\/\/agrupacionespsoe.es\/ponferrada\/\"},{\"@type\":\"ListItem\",\"position\":2,\"name\":\"El GMS visita Columbrianos para denunciar la dejadez del equipo de gobierno.\"}]},{\"@type\":\"WebSite\",\"@id\":\"https:\/\/agrupacionespsoe.es\/ponferrada\/#website\",\"url\":\"https:\/\/agrupacionespsoe.es\/ponferrada\/\",\"name\":\"Agrupaci\u00f3n Socialista de Ponferrada\",\"description\":\"Agrupaci\u00f3n Socialista de Ponferrada\",\"publisher\":{\"@id\":\"https:\/\/agrupacionespsoe.es\/ponferrada\/#organization\"},\"potentialAction\":[{\"@type\":\"SearchAction\",\"target\":{\"@type\":\"EntryPoint\",\"urlTemplate\":\"https:\/\/agrupacionespsoe.es\/ponferrada\/?s={search_term_string}\"},\"query-input\":{\"@type\":\"PropertyValueSpecification\",\"valueRequired\":true,\"valueName\":\"search_term_string\"}}],\"inLanguage\":\"es\"},{\"@type\":\"Organization\",\"@id\":\"https:\/\/agrupacionespsoe.es\/ponferrada\/#organization\",\"name\":\"Agrupaci\u00f3n Socialista de Ponferrada\",\"url\":\"https:\/\/agrupacionespsoe.es\/ponferrada\/\",\"logo\":{\"@type\":\"ImageObject\",\"inLanguage\":\"es\",\"@id\":\"https:\/\/agrupacionespsoe.es\/ponferrada\/#\/schema\/logo\/image\/\",\"url\":\"https:\/\/agrupacionespsoe.es\/wp-content\/uploads\/2022\/07\/Logotipo_electoral_del_PSOE.png\",\"contentUrl\":\"https:\/\/agrupacionespsoe.es\/wp-content\/uploads\/2022\/07\/Logotipo_electoral_del_PSOE.png\",\"width\":422,\"height\":422,\"caption\":\"Agrupaci\u00f3n Socialista de Ponferrada\"},\"image\":{\"@id\":\"https:\/\/agrupacionespsoe.es\/ponferrada\/#\/schema\/logo\/image\/\"}},{\"@type\":\"Person\",\"@id\":\"https:\/\/agrupacionespsoe.es\/ponferrada\/#\/schema\/person\/cd29ee627f3b70c05d415f02596debaa\",\"name\":\"ponferrada2\",\"image\":{\"@type\":\"ImageObject\",\"inLanguage\":\"es\",\"@id\":\"https:\/\/agrupacionespsoe.es\/ponferrada\/#\/schema\/person\/image\/\",\"url\":\"https:\/\/secure.gravatar.com\/avatar\/f499eeb60144c664cf7b7edf75549b50?s=96&d=mm&r=g\",\"contentUrl\":\"https:\/\/secure.gravatar.com\/avatar\/f499eeb60144c664cf7b7edf75549b50?s=96&d=mm&r=g\",\"caption\":\"ponferrada2\"},\"url\":\"https:\/\/agrupacionespsoe.es\/ponferrada\/author\/ponferrada2\/\"}]}<\/script>\n<!-- \/ Yoast SEO plugin. -->","yoast_head_json":{"title":"El GMS visita Columbrianos para denunciar la dejadez del equipo de gobierno. - Agrupaci\u00f3n Socialista de Ponferrada","robots":{"index":"index","follow":"follow","max-snippet":"max-snippet:-1","max-image-preview":"max-image-preview:large","max-video-preview":"max-video-preview:-1"},"canonical":"https:\/\/agrupacionespsoe.es\/ponferrada\/el-gms-visita-columbrianos-para-denunciar-la-dejadez-del-equipo-de-gobierno\/","og_locale":"es_ES","og_type":"article","og_title":"El GMS visita Columbrianos para denunciar la dejadez del equipo de gobierno. - Agrupaci\u00f3n Socialista de Ponferrada","og_description":"Tras el encontronazo del Alcalde con el AMPA del colegio p\u00fablico de Columbrianos y el anuncio de arreglo los ni\u00f1os y ni\u00f1as siguen esperando El portavoz del Grupo Municipal Socialista del Ayuntamiento de Ponferrada, Olegario Ram\u00f3n, ha visitado la pedan\u00eda de Columbrianos, continuando as\u00ed con la ronda de encuentros que el grupo est\u00e1 llevando a ...","og_url":"https:\/\/agrupacionespsoe.es\/ponferrada\/el-gms-visita-columbrianos-para-denunciar-la-dejadez-del-equipo-de-gobierno\/","og_site_name":"Agrupaci\u00f3n Socialista de Ponferrada","article_published_time":"2025-01-22T10:02:00+00:00","article_modified_time":"2025-01-21T17:46:25+00:00","og_image":[{"width":2560,"height":1920,"url":"https:\/\/agrupacionespsoe.es\/ponferrada\/wp-content\/uploads\/sites\/36\/2025\/01\/IMG_2255-scaled.jpg","type":"image\/jpeg"}],"author":"ponferrada2","twitter_card":"summary_large_image","twitter_misc":{"Escrito por":"ponferrada2","Tiempo de lectura":"6 minutos"},"schema":{"@context":"https:\/\/schema.org","@graph":[{"@type":"Article","@id":"https:\/\/agrupacionespsoe.es\/ponferrada\/el-gms-visita-columbrianos-para-denunciar-la-dejadez-del-equipo-de-gobierno\/#article","isPartOf":{"@id":"https:\/\/agrupacionespsoe.es\/ponferrada\/el-gms-visita-columbrianos-para-denunciar-la-dejadez-del-equipo-de-gobierno\/"},"author":{"name":"ponferrada2","@id":"https:\/\/agrupacionespsoe.es\/ponferrada\/#\/schema\/person\/cd29ee627f3b70c05d415f02596debaa"},"headline":"El GMS visita Columbrianos para denunciar la dejadez del equipo de gobierno.","datePublished":"2025-01-22T10:02:00+00:00","dateModified":"2025-01-21T17:46:25+00:00","mainEntityOfPage":{"@id":"https:\/\/agrupacionespsoe.es\/ponferrada\/el-gms-visita-columbrianos-para-denunciar-la-dejadez-del-equipo-de-gobierno\/"},"wordCount":936,"commentCount":0,"publisher":{"@id":"https:\/\/agrupacionespsoe.es\/ponferrada\/#organization"},"image":{"@id":"https:\/\/agrupacionespsoe.es\/ponferrada\/el-gms-visita-columbrianos-para-denunciar-la-dejadez-del-equipo-de-gobierno\/#primaryimage"},"thumbnailUrl":"https:\/\/agrupacionespsoe.es\/ponferrada\/wp-content\/uploads\/sites\/36\/2025\/01\/IMG_2255-scaled.jpg","articleSection":["ACTUALIDAD"],"inLanguage":"es","potentialAction":[{"@type":"CommentAction","name":"Comment","target":["https:\/\/agrupacionespsoe.es\/ponferrada\/el-gms-visita-columbrianos-para-denunciar-la-dejadez-del-equipo-de-gobierno\/#respond"]}]},{"@type":"WebPage","@id":"https:\/\/agrupacionespsoe.es\/ponferrada\/el-gms-visita-columbrianos-para-denunciar-la-dejadez-del-equipo-de-gobierno\/","url":"https:\/\/agrupacionespsoe.es\/ponferrada\/el-gms-visita-columbrianos-para-denunciar-la-dejadez-del-equipo-de-gobierno\/","name":"El GMS visita Columbrianos para denunciar la dejadez del equipo de gobierno. - Agrupaci\u00f3n Socialista de Ponferrada","isPartOf":{"@id":"https:\/\/agrupacionespsoe.es\/ponferrada\/#website"},"primaryImageOfPage":{"@id":"https:\/\/agrupacionespsoe.es\/ponferrada\/el-gms-visita-columbrianos-para-denunciar-la-dejadez-del-equipo-de-gobierno\/#primaryimage"},"image":{"@id":"https:\/\/agrupacionespsoe.es\/ponferrada\/el-gms-visita-columbrianos-para-denunciar-la-dejadez-del-equipo-de-gobierno\/#primaryimage"},"thumbnailUrl":"https:\/\/agrupacionespsoe.es\/ponferrada\/wp-content\/uploads\/sites\/36\/2025\/01\/IMG_2255-scaled.jpg","datePublished":"2025-01-22T10:02:00+00:00","dateModified":"2025-01-21T17:46:25+00:00","breadcrumb":{"@id":"https:\/\/agrupacionespsoe.es\/ponferrada\/el-gms-visita-columbrianos-para-denunciar-la-dejadez-del-equipo-de-gobierno\/#breadcrumb"},"inLanguage":"es","potentialAction":[{"@type":"ReadAction","target":["https:\/\/agrupacionespsoe.es\/ponferrada\/el-gms-visita-columbrianos-para-denunciar-la-dejadez-del-equipo-de-gobierno\/"]}]},{"@type":"ImageObject","inLanguage":"es","@id":"https:\/\/agrupacionespsoe.es\/ponferrada\/el-gms-visita-columbrianos-para-denunciar-la-dejadez-del-equipo-de-gobierno\/#primaryimage","url":"https:\/\/agrupacionespsoe.es\/ponferrada\/wp-content\/uploads\/sites\/36\/2025\/01\/IMG_2255-scaled.jpg","contentUrl":"https:\/\/agrupacionespsoe.es\/ponferrada\/wp-content\/uploads\/sites\/36\/2025\/01\/IMG_2255-scaled.jpg","width":2560,"height":1920},{"@type":"BreadcrumbList","@id":"https:\/\/agrupacionespsoe.es\/ponferrada\/el-gms-visita-columbrianos-para-denunciar-la-dejadez-del-equipo-de-gobierno\/#breadcrumb","itemListElement":[{"@type":"ListItem","position":1,"name":"Portada","item":"https:\/\/agrupacionespsoe.es\/ponferrada\/"},{"@type":"ListItem","position":2,"name":"El GMS visita Columbrianos para denunciar la dejadez del equipo de gobierno."}]},{"@type":"WebSite","@id":"https:\/\/agrupacionespsoe.es\/ponferrada\/#website","url":"https:\/\/agrupacionespsoe.es\/ponferrada\/","name":"Agrupaci\u00f3n Socialista de Ponferrada","description":"Agrupaci\u00f3n Socialista de Ponferrada","publisher":{"@id":"https:\/\/agrupacionespsoe.es\/ponferrada\/#organization"},"potentialAction":[{"@type":"SearchAction","target":{"@type":"EntryPoint","urlTemplate":"https:\/\/agrupacionespsoe.es\/ponferrada\/?s={search_term_string}"},"query-input":{"@type":"PropertyValueSpecification","valueRequired":true,"valueName":"search_term_string"}}],"inLanguage":"es"},{"@type":"Organization","@id":"https:\/\/agrupacionespsoe.es\/ponferrada\/#organization","name":"Agrupaci\u00f3n Socialista de Ponferrada","url":"https:\/\/agrupacionespsoe.es\/ponferrada\/","logo":{"@type":"ImageObject","inLanguage":"es","@id":"https:\/\/agrupacionespsoe.es\/ponferrada\/#\/schema\/logo\/image\/","url":"https:\/\/agrupacionespsoe.es\/wp-content\/uploads\/2022\/07\/Logotipo_electoral_del_PSOE.png","contentUrl":"https:\/\/agrupacionespsoe.es\/wp-content\/uploads\/2022\/07\/Logotipo_electoral_del_PSOE.png","width":422,"height":422,"caption":"Agrupaci\u00f3n Socialista de Ponferrada"},"image":{"@id":"https:\/\/agrupacionespsoe.es\/ponferrada\/#\/schema\/logo\/image\/"}},{"@type":"Person","@id":"https:\/\/agrupacionespsoe.es\/ponferrada\/#\/schema\/person\/cd29ee627f3b70c05d415f02596debaa","name":"ponferrada2","image":{"@type":"ImageObject","inLanguage":"es","@id":"https:\/\/agrupacionespsoe.es\/ponferrada\/#\/schema\/person\/image\/","url":"https:\/\/secure.gravatar.com\/avatar\/f499eeb60144c664cf7b7edf75549b50?s=96&d=mm&r=g","contentUrl":"https:\/\/secure.gravatar.com\/avatar\/f499eeb60144c664cf7b7edf75549b50?s=96&d=mm&r=g","caption":"ponferrada2"},"url":"https:\/\/agrupacionespsoe.es\/ponferrada\/author\/ponferrada2\/"}]}},"jetpack_featured_media_url":"https:\/\/agrupacionespsoe.es\/ponferrada\/wp-content\/uploads\/sites\/36\/2025\/01\/IMG_2255-scaled.jpg","jetpack_sharing_enabled":true,"_links":{"self":[{"href":"https:\/\/agrupacionespsoe.es\/ponferrada\/wp-json\/wp\/v2\/posts\/741","targetHints":{"allow":["GET"]}}],"collection":[{"href":"https:\/\/agrupacionespsoe.es\/ponferrada\/wp-json\/wp\/v2\/posts"}],"about":[{"href":"https:\/\/agrupacionespsoe.es\/ponferrada\/wp-json\/wp\/v2\/types\/post"}],"author":[{"embeddable":true,"href":"https:\/\/agrupacionespsoe.es\/ponferrada\/wp-json\/wp\/v2\/users\/32"}],"replies":[{"embeddable":true,"href":"https:\/\/agrupacionespsoe.es\/ponferrada\/wp-json\/wp\/v2\/comments?post=741"}],"version-history":[{"count":5,"href":"https:\/\/agrupacionespsoe.es\/ponferrada\/wp-json\/wp\/v2\/posts\/741\/revisions"}],"predecessor-version":[{"id":752,"href":"https:\/\/agrupacionespsoe.es\/ponferrada\/wp-json\/wp\/v2\/posts\/741\/revisions\/752"}],"wp:featuredmedia":[{"embeddable":true,"href":"https:\/\/agrupacionespsoe.es\/ponferrada\/wp-json\/wp\/v2\/media\/742"}],"wp:attachment":[{"href":"https:\/\/agrupacionespsoe.es\/ponferrada\/wp-json\/wp\/v2\/media?parent=741"}],"wp:term":[{"taxonomy":"category","embeddable":true,"href":"https:\/\/agrupacionespsoe.es\/ponferrada\/wp-json\/wp\/v2\/categories?post=741"},{"taxonomy":"post_tag","embeddable":true,"href":"https:\/\/agrupacionespsoe.es\/ponferrada\/wp-json\/wp\/v2\/tags?post=741"}],"curies":[{"name":"wp","href":"https:\/\/api.w.org\/{rel}","templated":true}]}}