{"id":722,"date":"2025-01-20T18:12:07","date_gmt":"2025-01-20T18:12:07","guid":{"rendered":"https:\/\/agrupacionespsoe.es\/ponferrada\/?p=722"},"modified":"2025-01-20T18:16:18","modified_gmt":"2025-01-20T18:16:18","slug":"nuevo-contrato-de-autobuses-un-servicio-mas-caro-menos-util-muy-mal-explicado","status":"publish","type":"post","link":"https:\/\/agrupacionespsoe.es\/ponferrada\/nuevo-contrato-de-autobuses-un-servicio-mas-caro-menos-util-muy-mal-explicado\/","title":{"rendered":"Nuevo contrato de autobuses: Un servicio m\u00e1s caro, menos \u00fatil, muy mal explicado"},"content":{"rendered":"\n<p>El Grupo Municipal Socialista ha valorado esta ma\u00f1ana el nuevo contrato del servicio municipal de transportes de Ponferrada (SMT).<\/p>\n\n\n\n<p>El anterior concejal de movilidad, Jose Antonio Cart\u00f3n, ha se\u00f1alado que el SMT de manera mayoritaria lo utilizan estudiantes, trabajadores y personas mayores y estos tres sectores de poblaci\u00f3n se van a ver muy perjudicados por el nuevo contrato del SMT.<\/p>\n\n\n\n<p>Indica que antes de estos cambios los autobuses de Ponferrada estaban sincronizados con horarios escolares y horarios laborales, seg\u00fan el estatuto de transporte p\u00fablico, el objetivo del SMT es facilitar el transporte de los usuarios.<\/p>\n\n\n\n<p>Explica que en el anterior contrato del PSOE las frecuencia de los autobuses eran cada hora, todos los usuarios sab\u00edan de antemano, cuando iba a pasar el siguiente autob\u00fas. Ahora lo han modificado y las l\u00edneas pasan por las paradas cada hora y veinte minutos, lo que va a provocar un descontrol absoluto en los usuarios que no van a poder recordar a qu\u00e9 hora pasar\u00e1 el siguiente autob\u00fas\u00b4.<\/p>\n\n\n\n<p>A su juicio los mayores se van a\u00a0 ver afectados porque las infograf\u00edas de las paradas son de muy dif\u00edcil comprensi\u00f3n, con los n\u00fameros que se\u00f1alan si el bus urbano llega o no hasta la \u00faltima parada muy peque\u00f1os y muy poco intuitivos.<\/p>\n\n\n\n<p>Tambi\u00e9n indica que perjudica a los trabajadores del PIB y del Pol\u00edgono de Cantalobos porque no se adec\u00faan a la hora de entrada y salida de los centros de trabajo, a muchos aut\u00f3nomos y trabajadores que trabajan en el centro de la ciudad \u00a0y sobre todo a los trabajadores del Hospital, que ya se han quejado porque van a estar una hora esperando al bus desde la salida de su turno de trabajo.<\/p>\n\n\n\n<p>Se\u00f1ala que perjudica a los estudiantes que no van a llegar a la hora de entrada a los institutos, ni a la universidad ni al centro de formaci\u00f3n profesional. Se ha puesto el ejemplo de un alumno que vive en La Placa y va al instituto de Fuentesnuevas va a tener que salir ahora a las 7h para llegar a Fuentesnuevas a las 7.40h. Tiene que coger el autob\u00fas 45 minutos antes que con el anterior contrato y esperar 50 minutos a las puertas del instituto a que abran. Cart\u00f3n se ha preguntado qu\u00e9 haces a esas horas en Fuentesnuevas esperando, lo que ha calificado de un absoluto desprop\u00f3sito.<\/p>\n\n\n\n<p>Contin\u00faa diciendo que con el cambio todas las l\u00edneas pierden una frecuencia cada 3 horas y se pregunta d\u00f3nde van esos kil\u00f3metros que se pierden y los s\u00e1bados, domingos y festivos se reducen las frecuencias a la mitad.<\/p>\n\n\n\n<figure class=\"wp-block-image size-large\"><img loading=\"lazy\" decoding=\"async\" width=\"1536\" height=\"1536\" src=\"https:\/\/agrupacionespsoe.es\/ponferrada\/wp-content\/uploads\/sites\/36\/2025\/01\/WhatsApp-Image-2025-01-20-at-19.10.47-edited.jpeg\" alt=\"\" class=\"wp-image-734\" srcset=\"https:\/\/agrupacionespsoe.es\/ponferrada\/wp-content\/uploads\/sites\/36\/2025\/01\/WhatsApp-Image-2025-01-20-at-19.10.47-edited.jpeg 1536w, https:\/\/agrupacionespsoe.es\/ponferrada\/wp-content\/uploads\/sites\/36\/2025\/01\/WhatsApp-Image-2025-01-20-at-19.10.47-edited-300x300.jpeg 300w, https:\/\/agrupacionespsoe.es\/ponferrada\/wp-content\/uploads\/sites\/36\/2025\/01\/WhatsApp-Image-2025-01-20-at-19.10.47-edited-1024x1024.jpeg 1024w, https:\/\/agrupacionespsoe.es\/ponferrada\/wp-content\/uploads\/sites\/36\/2025\/01\/WhatsApp-Image-2025-01-20-at-19.10.47-edited-150x150.jpeg 150w, https:\/\/agrupacionespsoe.es\/ponferrada\/wp-content\/uploads\/sites\/36\/2025\/01\/WhatsApp-Image-2025-01-20-at-19.10.47-edited-768x768.jpeg 768w\" sizes=\"auto, (max-width: 1536px) 100vw, 1536px\" \/><\/figure>\n\n\n\n<p>Recuerda que en marzo del 21 el anterior equipo de gobierno modific\u00f3 la imagen de los autobuses, poniendo en funcionamiento nuevos y se vuelve a preguntar qu\u00e9 necesidad hay de 3 a\u00f1os despu\u00e9s volver a poner vinilos en los autobuses, lo que considera otro derroche.<\/p>\n\n\n\n<p>Contin\u00faa se\u00f1alando que lo m\u00e1s importante es que el anterior contrato costaba 2.4 millones de euros y ahora 4.2 millones. 1.8 millones m\u00e1s para un servicio peor. A su juicio este equipo de gobierno todo lo que toca lo estropea.<\/p>\n\n\n\n<p>Para Cart\u00f3n, resulta ir\u00f3nico recordar c\u00f3mo Morala calificaba el servicio anterior de Olegario Ram\u00f3n como &#8216;improvisado&#8217; y &#8216;carente de planificaci\u00f3n&#8217;, porque parece que esas mismas cr\u00edticas le quedan como anillo al dedo al nuevo sistema de transporte que ahora defiende. Los ciudadanos de Ponferrada no solo tienen que lidiar con frecuencias insuficientes, rutas mal dise\u00f1adas y una falta de informaci\u00f3n que ni Sherlock Holmes podr\u00eda descifrar, sino que encima el coste del servicio ha subido de 2,4 a 4,2 millones de euros. Es como pagar un men\u00fa de lujo y que te sirvan un bocadillo de mortadela\u2026 pero con menos pan.<\/p>\n\n\n\n<p>Por si fuera poco, el actual equipo de gobierno ha tenido la desfachatez de culpar de las cr\u00edticas ciudadanas y las recogidas de firmas a unos &#8216;errores en el folleto informativo&#8217;. Seg\u00fan ellos, la confusi\u00f3n no se debe a la p\u00e9sima planificaci\u00f3n ni a la falta de frecuencias, sino a que los d\u00edpticos impresos ten\u00edan informaci\u00f3n equivocada. Cart\u00f3n se pregunta qui\u00e9n va a pagar esos supuestos errores que dicen tener los folletos informativos.<\/p>\n\n\n\n<p>En definitiva se trata de un servicio m\u00e1s caro, menos \u00fatil, muy mal explicado. El desprop\u00f3sito sobre ruedas del equipo de Morala.<\/p>\n\n\n\n<figure class=\"wp-block-gallery has-nested-images columns-default is-cropped wp-block-gallery-1 is-layout-flex wp-block-gallery-is-layout-flex\">\n<figure class=\"wp-block-image size-large\"><img loading=\"lazy\" decoding=\"async\" width=\"1024\" height=\"724\" data-id=\"728\" src=\"https:\/\/agrupacionespsoe.es\/ponferrada\/wp-content\/uploads\/sites\/36\/2025\/01\/thumbnail_MENOS-UTIL-SMT_page-0001-1024x724.jpg\" alt=\"\" class=\"wp-image-728\" srcset=\"https:\/\/agrupacionespsoe.es\/ponferrada\/wp-content\/uploads\/sites\/36\/2025\/01\/thumbnail_MENOS-UTIL-SMT_page-0001-1024x724.jpg 1024w, https:\/\/agrupacionespsoe.es\/ponferrada\/wp-content\/uploads\/sites\/36\/2025\/01\/thumbnail_MENOS-UTIL-SMT_page-0001-300x212.jpg 300w, https:\/\/agrupacionespsoe.es\/ponferrada\/wp-content\/uploads\/sites\/36\/2025\/01\/thumbnail_MENOS-UTIL-SMT_page-0001-768x543.jpg 768w, https:\/\/agrupacionespsoe.es\/ponferrada\/wp-content\/uploads\/sites\/36\/2025\/01\/thumbnail_MENOS-UTIL-SMT_page-0001-1536x1086.jpg 1536w, https:\/\/agrupacionespsoe.es\/ponferrada\/wp-content\/uploads\/sites\/36\/2025\/01\/thumbnail_MENOS-UTIL-SMT_page-0001.jpg 1920w\" sizes=\"auto, (max-width: 1024px) 100vw, 1024px\" \/><\/figure>\n\n\n\n<figure class=\"wp-block-image size-large\"><img loading=\"lazy\" decoding=\"async\" width=\"825\" height=\"638\" data-id=\"726\" src=\"https:\/\/agrupacionespsoe.es\/ponferrada\/wp-content\/uploads\/sites\/36\/2025\/01\/COLEGIO-SMT_page-0001-1.jpg\" alt=\"\" class=\"wp-image-726\" srcset=\"https:\/\/agrupacionespsoe.es\/ponferrada\/wp-content\/uploads\/sites\/36\/2025\/01\/COLEGIO-SMT_page-0001-1.jpg 825w, https:\/\/agrupacionespsoe.es\/ponferrada\/wp-content\/uploads\/sites\/36\/2025\/01\/COLEGIO-SMT_page-0001-1-300x232.jpg 300w, https:\/\/agrupacionespsoe.es\/ponferrada\/wp-content\/uploads\/sites\/36\/2025\/01\/COLEGIO-SMT_page-0001-1-768x594.jpg 768w\" sizes=\"auto, (max-width: 825px) 100vw, 825px\" \/><\/figure>\n\n\n\n<figure class=\"wp-block-image size-full\"><img loading=\"lazy\" decoding=\"async\" width=\"825\" height=\"638\" data-id=\"727\" src=\"https:\/\/agrupacionespsoe.es\/ponferrada\/wp-content\/uploads\/sites\/36\/2025\/01\/MAL-EXPLICADO-SMT_page-0001.jpg\" alt=\"\" class=\"wp-image-727\" srcset=\"https:\/\/agrupacionespsoe.es\/ponferrada\/wp-content\/uploads\/sites\/36\/2025\/01\/MAL-EXPLICADO-SMT_page-0001.jpg 825w, https:\/\/agrupacionespsoe.es\/ponferrada\/wp-content\/uploads\/sites\/36\/2025\/01\/MAL-EXPLICADO-SMT_page-0001-300x232.jpg 300w, https:\/\/agrupacionespsoe.es\/ponferrada\/wp-content\/uploads\/sites\/36\/2025\/01\/MAL-EXPLICADO-SMT_page-0001-768x594.jpg 768w\" sizes=\"auto, (max-width: 825px) 100vw, 825px\" \/><\/figure>\n\n\n\n<figure class=\"wp-block-image size-full\"><img loading=\"lazy\" decoding=\"async\" width=\"825\" height=\"638\" data-id=\"725\" src=\"https:\/\/agrupacionespsoe.es\/ponferrada\/wp-content\/uploads\/sites\/36\/2025\/01\/COSTE-SMT_page-0001.jpg\" alt=\"\" class=\"wp-image-725\" srcset=\"https:\/\/agrupacionespsoe.es\/ponferrada\/wp-content\/uploads\/sites\/36\/2025\/01\/COSTE-SMT_page-0001.jpg 825w, https:\/\/agrupacionespsoe.es\/ponferrada\/wp-content\/uploads\/sites\/36\/2025\/01\/COSTE-SMT_page-0001-300x232.jpg 300w, https:\/\/agrupacionespsoe.es\/ponferrada\/wp-content\/uploads\/sites\/36\/2025\/01\/COSTE-SMT_page-0001-768x594.jpg 768w\" sizes=\"auto, (max-width: 825px) 100vw, 825px\" \/><\/figure>\n<\/figure>\n","protected":false},"excerpt":{"rendered":"<p>El Grupo Municipal Socialista ha valorado esta ma\u00f1ana el nuevo contrato del servicio municipal de transportes de Ponferrada (SMT). El anterior concejal de movilidad, Jose Antonio Cart\u00f3n, ha se\u00f1alado que el SMT de manera mayoritaria lo utilizan estudiantes, trabajadores y personas mayores y estos tres sectores de poblaci\u00f3n se van a ver muy perjudicados por &#8230;<\/p>\n","protected":false},"author":32,"featured_media":734,"comment_status":"open","ping_status":"open","sticky":false,"template":"","format":"standard","meta":{"_jetpack_memberships_contains_paid_content":false,"footnotes":""},"categories":[6],"tags":[],"class_list":["post-722","post","type-post","status-publish","format-standard","has-post-thumbnail","hentry","category-actualidad"],"yoast_head":"<!-- This site is optimized with the Yoast SEO plugin v24.0 - https:\/\/yoast.com\/wordpress\/plugins\/seo\/ -->\n<title>Nuevo contrato de autobuses: Un servicio m\u00e1s caro, menos \u00fatil, muy mal explicado - Agrupaci\u00f3n Socialista de Ponferrada<\/title>\n<meta name=\"robots\" content=\"index, follow, max-snippet:-1, max-image-preview:large, max-video-preview:-1\" \/>\n<link rel=\"canonical\" href=\"https:\/\/agrupacionespsoe.es\/ponferrada\/nuevo-contrato-de-autobuses-un-servicio-mas-caro-menos-util-muy-mal-explicado\/\" \/>\n<meta property=\"og:locale\" content=\"es_ES\" \/>\n<meta property=\"og:type\" content=\"article\" \/>\n<meta property=\"og:title\" content=\"Nuevo contrato de autobuses: Un servicio m\u00e1s caro, menos \u00fatil, muy mal explicado - Agrupaci\u00f3n Socialista de Ponferrada\" \/>\n<meta property=\"og:description\" content=\"El Grupo Municipal Socialista ha valorado esta ma\u00f1ana el nuevo contrato del servicio municipal de transportes de Ponferrada (SMT). El anterior concejal de movilidad, Jose Antonio Cart\u00f3n, ha se\u00f1alado que el SMT de manera mayoritaria lo utilizan estudiantes, trabajadores y personas mayores y estos tres sectores de poblaci\u00f3n se van a ver muy perjudicados por ...\" \/>\n<meta property=\"og:url\" content=\"https:\/\/agrupacionespsoe.es\/ponferrada\/nuevo-contrato-de-autobuses-un-servicio-mas-caro-menos-util-muy-mal-explicado\/\" \/>\n<meta property=\"og:site_name\" content=\"Agrupaci\u00f3n Socialista de Ponferrada\" \/>\n<meta property=\"article:published_time\" content=\"2025-01-20T18:12:07+00:00\" \/>\n<meta property=\"article:modified_time\" content=\"2025-01-20T18:16:18+00:00\" \/>\n<meta property=\"og:image\" content=\"https:\/\/agrupacionespsoe.es\/ponferrada\/wp-content\/uploads\/sites\/36\/2025\/01\/WhatsApp-Image-2025-01-20-at-19.10.47-edited.jpeg\" \/>\n\t<meta property=\"og:image:width\" content=\"1536\" \/>\n\t<meta property=\"og:image:height\" content=\"1536\" \/>\n\t<meta property=\"og:image:type\" content=\"image\/jpeg\" \/>\n<meta name=\"author\" content=\"ponferrada2\" \/>\n<meta name=\"twitter:card\" content=\"summary_large_image\" \/>\n<meta name=\"twitter:label1\" content=\"Escrito por\" \/>\n\t<meta name=\"twitter:data1\" content=\"ponferrada2\" \/>\n\t<meta name=\"twitter:label2\" content=\"Tiempo de lectura\" \/>\n\t<meta name=\"twitter:data2\" content=\"5 minutos\" \/>\n<script type=\"application\/ld+json\" class=\"yoast-schema-graph\">{\"@context\":\"https:\/\/schema.org\",\"@graph\":[{\"@type\":\"Article\",\"@id\":\"https:\/\/agrupacionespsoe.es\/ponferrada\/nuevo-contrato-de-autobuses-un-servicio-mas-caro-menos-util-muy-mal-explicado\/#article\",\"isPartOf\":{\"@id\":\"https:\/\/agrupacionespsoe.es\/ponferrada\/nuevo-contrato-de-autobuses-un-servicio-mas-caro-menos-util-muy-mal-explicado\/\"},\"author\":{\"name\":\"ponferrada2\",\"@id\":\"https:\/\/agrupacionespsoe.es\/ponferrada\/#\/schema\/person\/cd29ee627f3b70c05d415f02596debaa\"},\"headline\":\"Nuevo contrato de autobuses: Un servicio m\u00e1s caro, menos \u00fatil, muy mal explicado\",\"datePublished\":\"2025-01-20T18:12:07+00:00\",\"dateModified\":\"2025-01-20T18:16:18+00:00\",\"mainEntityOfPage\":{\"@id\":\"https:\/\/agrupacionespsoe.es\/ponferrada\/nuevo-contrato-de-autobuses-un-servicio-mas-caro-menos-util-muy-mal-explicado\/\"},\"wordCount\":769,\"commentCount\":0,\"publisher\":{\"@id\":\"https:\/\/agrupacionespsoe.es\/ponferrada\/#organization\"},\"image\":{\"@id\":\"https:\/\/agrupacionespsoe.es\/ponferrada\/nuevo-contrato-de-autobuses-un-servicio-mas-caro-menos-util-muy-mal-explicado\/#primaryimage\"},\"thumbnailUrl\":\"https:\/\/agrupacionespsoe.es\/ponferrada\/wp-content\/uploads\/sites\/36\/2025\/01\/WhatsApp-Image-2025-01-20-at-19.10.47-edited.jpeg\",\"articleSection\":[\"ACTUALIDAD\"],\"inLanguage\":\"es\",\"potentialAction\":[{\"@type\":\"CommentAction\",\"name\":\"Comment\",\"target\":[\"https:\/\/agrupacionespsoe.es\/ponferrada\/nuevo-contrato-de-autobuses-un-servicio-mas-caro-menos-util-muy-mal-explicado\/#respond\"]}]},{\"@type\":\"WebPage\",\"@id\":\"https:\/\/agrupacionespsoe.es\/ponferrada\/nuevo-contrato-de-autobuses-un-servicio-mas-caro-menos-util-muy-mal-explicado\/\",\"url\":\"https:\/\/agrupacionespsoe.es\/ponferrada\/nuevo-contrato-de-autobuses-un-servicio-mas-caro-menos-util-muy-mal-explicado\/\",\"name\":\"Nuevo contrato de autobuses: Un servicio m\u00e1s caro, menos \u00fatil, muy mal explicado - Agrupaci\u00f3n Socialista de Ponferrada\",\"isPartOf\":{\"@id\":\"https:\/\/agrupacionespsoe.es\/ponferrada\/#website\"},\"primaryImageOfPage\":{\"@id\":\"https:\/\/agrupacionespsoe.es\/ponferrada\/nuevo-contrato-de-autobuses-un-servicio-mas-caro-menos-util-muy-mal-explicado\/#primaryimage\"},\"image\":{\"@id\":\"https:\/\/agrupacionespsoe.es\/ponferrada\/nuevo-contrato-de-autobuses-un-servicio-mas-caro-menos-util-muy-mal-explicado\/#primaryimage\"},\"thumbnailUrl\":\"https:\/\/agrupacionespsoe.es\/ponferrada\/wp-content\/uploads\/sites\/36\/2025\/01\/WhatsApp-Image-2025-01-20-at-19.10.47-edited.jpeg\",\"datePublished\":\"2025-01-20T18:12:07+00:00\",\"dateModified\":\"2025-01-20T18:16:18+00:00\",\"breadcrumb\":{\"@id\":\"https:\/\/agrupacionespsoe.es\/ponferrada\/nuevo-contrato-de-autobuses-un-servicio-mas-caro-menos-util-muy-mal-explicado\/#breadcrumb\"},\"inLanguage\":\"es\",\"potentialAction\":[{\"@type\":\"ReadAction\",\"target\":[\"https:\/\/agrupacionespsoe.es\/ponferrada\/nuevo-contrato-de-autobuses-un-servicio-mas-caro-menos-util-muy-mal-explicado\/\"]}]},{\"@type\":\"ImageObject\",\"inLanguage\":\"es\",\"@id\":\"https:\/\/agrupacionespsoe.es\/ponferrada\/nuevo-contrato-de-autobuses-un-servicio-mas-caro-menos-util-muy-mal-explicado\/#primaryimage\",\"url\":\"https:\/\/agrupacionespsoe.es\/ponferrada\/wp-content\/uploads\/sites\/36\/2025\/01\/WhatsApp-Image-2025-01-20-at-19.10.47-edited.jpeg\",\"contentUrl\":\"https:\/\/agrupacionespsoe.es\/ponferrada\/wp-content\/uploads\/sites\/36\/2025\/01\/WhatsApp-Image-2025-01-20-at-19.10.47-edited.jpeg\",\"width\":1536,\"height\":1536},{\"@type\":\"BreadcrumbList\",\"@id\":\"https:\/\/agrupacionespsoe.es\/ponferrada\/nuevo-contrato-de-autobuses-un-servicio-mas-caro-menos-util-muy-mal-explicado\/#breadcrumb\",\"itemListElement\":[{\"@type\":\"ListItem\",\"position\":1,\"name\":\"Portada\",\"item\":\"https:\/\/agrupacionespsoe.es\/ponferrada\/\"},{\"@type\":\"ListItem\",\"position\":2,\"name\":\"Nuevo contrato de autobuses: Un servicio m\u00e1s caro, menos \u00fatil, muy mal explicado\"}]},{\"@type\":\"WebSite\",\"@id\":\"https:\/\/agrupacionespsoe.es\/ponferrada\/#website\",\"url\":\"https:\/\/agrupacionespsoe.es\/ponferrada\/\",\"name\":\"Agrupaci\u00f3n Socialista de Ponferrada\",\"description\":\"Agrupaci\u00f3n Socialista de Ponferrada\",\"publisher\":{\"@id\":\"https:\/\/agrupacionespsoe.es\/ponferrada\/#organization\"},\"potentialAction\":[{\"@type\":\"SearchAction\",\"target\":{\"@type\":\"EntryPoint\",\"urlTemplate\":\"https:\/\/agrupacionespsoe.es\/ponferrada\/?s={search_term_string}\"},\"query-input\":{\"@type\":\"PropertyValueSpecification\",\"valueRequired\":true,\"valueName\":\"search_term_string\"}}],\"inLanguage\":\"es\"},{\"@type\":\"Organization\",\"@id\":\"https:\/\/agrupacionespsoe.es\/ponferrada\/#organization\",\"name\":\"Agrupaci\u00f3n Socialista de Ponferrada\",\"url\":\"https:\/\/agrupacionespsoe.es\/ponferrada\/\",\"logo\":{\"@type\":\"ImageObject\",\"inLanguage\":\"es\",\"@id\":\"https:\/\/agrupacionespsoe.es\/ponferrada\/#\/schema\/logo\/image\/\",\"url\":\"https:\/\/agrupacionespsoe.es\/wp-content\/uploads\/2022\/07\/Logotipo_electoral_del_PSOE.png\",\"contentUrl\":\"https:\/\/agrupacionespsoe.es\/wp-content\/uploads\/2022\/07\/Logotipo_electoral_del_PSOE.png\",\"width\":422,\"height\":422,\"caption\":\"Agrupaci\u00f3n Socialista de Ponferrada\"},\"image\":{\"@id\":\"https:\/\/agrupacionespsoe.es\/ponferrada\/#\/schema\/logo\/image\/\"}},{\"@type\":\"Person\",\"@id\":\"https:\/\/agrupacionespsoe.es\/ponferrada\/#\/schema\/person\/cd29ee627f3b70c05d415f02596debaa\",\"name\":\"ponferrada2\",\"image\":{\"@type\":\"ImageObject\",\"inLanguage\":\"es\",\"@id\":\"https:\/\/agrupacionespsoe.es\/ponferrada\/#\/schema\/person\/image\/\",\"url\":\"https:\/\/secure.gravatar.com\/avatar\/f499eeb60144c664cf7b7edf75549b50?s=96&d=mm&r=g\",\"contentUrl\":\"https:\/\/secure.gravatar.com\/avatar\/f499eeb60144c664cf7b7edf75549b50?s=96&d=mm&r=g\",\"caption\":\"ponferrada2\"},\"url\":\"https:\/\/agrupacionespsoe.es\/ponferrada\/author\/ponferrada2\/\"}]}<\/script>\n<!-- \/ Yoast SEO plugin. -->","yoast_head_json":{"title":"Nuevo contrato de autobuses: Un servicio m\u00e1s caro, menos \u00fatil, muy mal explicado - Agrupaci\u00f3n Socialista de Ponferrada","robots":{"index":"index","follow":"follow","max-snippet":"max-snippet:-1","max-image-preview":"max-image-preview:large","max-video-preview":"max-video-preview:-1"},"canonical":"https:\/\/agrupacionespsoe.es\/ponferrada\/nuevo-contrato-de-autobuses-un-servicio-mas-caro-menos-util-muy-mal-explicado\/","og_locale":"es_ES","og_type":"article","og_title":"Nuevo contrato de autobuses: Un servicio m\u00e1s caro, menos \u00fatil, muy mal explicado - Agrupaci\u00f3n Socialista de Ponferrada","og_description":"El Grupo Municipal Socialista ha valorado esta ma\u00f1ana el nuevo contrato del servicio municipal de transportes de Ponferrada (SMT). El anterior concejal de movilidad, Jose Antonio Cart\u00f3n, ha se\u00f1alado que el SMT de manera mayoritaria lo utilizan estudiantes, trabajadores y personas mayores y estos tres sectores de poblaci\u00f3n se van a ver muy perjudicados por ...","og_url":"https:\/\/agrupacionespsoe.es\/ponferrada\/nuevo-contrato-de-autobuses-un-servicio-mas-caro-menos-util-muy-mal-explicado\/","og_site_name":"Agrupaci\u00f3n Socialista de Ponferrada","article_published_time":"2025-01-20T18:12:07+00:00","article_modified_time":"2025-01-20T18:16:18+00:00","og_image":[{"width":1536,"height":1536,"url":"https:\/\/agrupacionespsoe.es\/ponferrada\/wp-content\/uploads\/sites\/36\/2025\/01\/WhatsApp-Image-2025-01-20-at-19.10.47-edited.jpeg","type":"image\/jpeg"}],"author":"ponferrada2","twitter_card":"summary_large_image","twitter_misc":{"Escrito por":"ponferrada2","Tiempo de lectura":"5 minutos"},"schema":{"@context":"https:\/\/schema.org","@graph":[{"@type":"Article","@id":"https:\/\/agrupacionespsoe.es\/ponferrada\/nuevo-contrato-de-autobuses-un-servicio-mas-caro-menos-util-muy-mal-explicado\/#article","isPartOf":{"@id":"https:\/\/agrupacionespsoe.es\/ponferrada\/nuevo-contrato-de-autobuses-un-servicio-mas-caro-menos-util-muy-mal-explicado\/"},"author":{"name":"ponferrada2","@id":"https:\/\/agrupacionespsoe.es\/ponferrada\/#\/schema\/person\/cd29ee627f3b70c05d415f02596debaa"},"headline":"Nuevo contrato de autobuses: Un servicio m\u00e1s caro, menos \u00fatil, muy mal explicado","datePublished":"2025-01-20T18:12:07+00:00","dateModified":"2025-01-20T18:16:18+00:00","mainEntityOfPage":{"@id":"https:\/\/agrupacionespsoe.es\/ponferrada\/nuevo-contrato-de-autobuses-un-servicio-mas-caro-menos-util-muy-mal-explicado\/"},"wordCount":769,"commentCount":0,"publisher":{"@id":"https:\/\/agrupacionespsoe.es\/ponferrada\/#organization"},"image":{"@id":"https:\/\/agrupacionespsoe.es\/ponferrada\/nuevo-contrato-de-autobuses-un-servicio-mas-caro-menos-util-muy-mal-explicado\/#primaryimage"},"thumbnailUrl":"https:\/\/agrupacionespsoe.es\/ponferrada\/wp-content\/uploads\/sites\/36\/2025\/01\/WhatsApp-Image-2025-01-20-at-19.10.47-edited.jpeg","articleSection":["ACTUALIDAD"],"inLanguage":"es","potentialAction":[{"@type":"CommentAction","name":"Comment","target":["https:\/\/agrupacionespsoe.es\/ponferrada\/nuevo-contrato-de-autobuses-un-servicio-mas-caro-menos-util-muy-mal-explicado\/#respond"]}]},{"@type":"WebPage","@id":"https:\/\/agrupacionespsoe.es\/ponferrada\/nuevo-contrato-de-autobuses-un-servicio-mas-caro-menos-util-muy-mal-explicado\/","url":"https:\/\/agrupacionespsoe.es\/ponferrada\/nuevo-contrato-de-autobuses-un-servicio-mas-caro-menos-util-muy-mal-explicado\/","name":"Nuevo contrato de autobuses: Un servicio m\u00e1s caro, menos \u00fatil, muy mal explicado - Agrupaci\u00f3n Socialista de Ponferrada","isPartOf":{"@id":"https:\/\/agrupacionespsoe.es\/ponferrada\/#website"},"primaryImageOfPage":{"@id":"https:\/\/agrupacionespsoe.es\/ponferrada\/nuevo-contrato-de-autobuses-un-servicio-mas-caro-menos-util-muy-mal-explicado\/#primaryimage"},"image":{"@id":"https:\/\/agrupacionespsoe.es\/ponferrada\/nuevo-contrato-de-autobuses-un-servicio-mas-caro-menos-util-muy-mal-explicado\/#primaryimage"},"thumbnailUrl":"https:\/\/agrupacionespsoe.es\/ponferrada\/wp-content\/uploads\/sites\/36\/2025\/01\/WhatsApp-Image-2025-01-20-at-19.10.47-edited.jpeg","datePublished":"2025-01-20T18:12:07+00:00","dateModified":"2025-01-20T18:16:18+00:00","breadcrumb":{"@id":"https:\/\/agrupacionespsoe.es\/ponferrada\/nuevo-contrato-de-autobuses-un-servicio-mas-caro-menos-util-muy-mal-explicado\/#breadcrumb"},"inLanguage":"es","potentialAction":[{"@type":"ReadAction","target":["https:\/\/agrupacionespsoe.es\/ponferrada\/nuevo-contrato-de-autobuses-un-servicio-mas-caro-menos-util-muy-mal-explicado\/"]}]},{"@type":"ImageObject","inLanguage":"es","@id":"https:\/\/agrupacionespsoe.es\/ponferrada\/nuevo-contrato-de-autobuses-un-servicio-mas-caro-menos-util-muy-mal-explicado\/#primaryimage","url":"https:\/\/agrupacionespsoe.es\/ponferrada\/wp-content\/uploads\/sites\/36\/2025\/01\/WhatsApp-Image-2025-01-20-at-19.10.47-edited.jpeg","contentUrl":"https:\/\/agrupacionespsoe.es\/ponferrada\/wp-content\/uploads\/sites\/36\/2025\/01\/WhatsApp-Image-2025-01-20-at-19.10.47-edited.jpeg","width":1536,"height":1536},{"@type":"BreadcrumbList","@id":"https:\/\/agrupacionespsoe.es\/ponferrada\/nuevo-contrato-de-autobuses-un-servicio-mas-caro-menos-util-muy-mal-explicado\/#breadcrumb","itemListElement":[{"@type":"ListItem","position":1,"name":"Portada","item":"https:\/\/agrupacionespsoe.es\/ponferrada\/"},{"@type":"ListItem","position":2,"name":"Nuevo contrato de autobuses: Un servicio m\u00e1s caro, menos \u00fatil, muy mal explicado"}]},{"@type":"WebSite","@id":"https:\/\/agrupacionespsoe.es\/ponferrada\/#website","url":"https:\/\/agrupacionespsoe.es\/ponferrada\/","name":"Agrupaci\u00f3n Socialista de Ponferrada","description":"Agrupaci\u00f3n Socialista de Ponferrada","publisher":{"@id":"https:\/\/agrupacionespsoe.es\/ponferrada\/#organization"},"potentialAction":[{"@type":"SearchAction","target":{"@type":"EntryPoint","urlTemplate":"https:\/\/agrupacionespsoe.es\/ponferrada\/?s={search_term_string}"},"query-input":{"@type":"PropertyValueSpecification","valueRequired":true,"valueName":"search_term_string"}}],"inLanguage":"es"},{"@type":"Organization","@id":"https:\/\/agrupacionespsoe.es\/ponferrada\/#organization","name":"Agrupaci\u00f3n Socialista de Ponferrada","url":"https:\/\/agrupacionespsoe.es\/ponferrada\/","logo":{"@type":"ImageObject","inLanguage":"es","@id":"https:\/\/agrupacionespsoe.es\/ponferrada\/#\/schema\/logo\/image\/","url":"https:\/\/agrupacionespsoe.es\/wp-content\/uploads\/2022\/07\/Logotipo_electoral_del_PSOE.png","contentUrl":"https:\/\/agrupacionespsoe.es\/wp-content\/uploads\/2022\/07\/Logotipo_electoral_del_PSOE.png","width":422,"height":422,"caption":"Agrupaci\u00f3n Socialista de Ponferrada"},"image":{"@id":"https:\/\/agrupacionespsoe.es\/ponferrada\/#\/schema\/logo\/image\/"}},{"@type":"Person","@id":"https:\/\/agrupacionespsoe.es\/ponferrada\/#\/schema\/person\/cd29ee627f3b70c05d415f02596debaa","name":"ponferrada2","image":{"@type":"ImageObject","inLanguage":"es","@id":"https:\/\/agrupacionespsoe.es\/ponferrada\/#\/schema\/person\/image\/","url":"https:\/\/secure.gravatar.com\/avatar\/f499eeb60144c664cf7b7edf75549b50?s=96&d=mm&r=g","contentUrl":"https:\/\/secure.gravatar.com\/avatar\/f499eeb60144c664cf7b7edf75549b50?s=96&d=mm&r=g","caption":"ponferrada2"},"url":"https:\/\/agrupacionespsoe.es\/ponferrada\/author\/ponferrada2\/"}]}},"jetpack_featured_media_url":"https:\/\/agrupacionespsoe.es\/ponferrada\/wp-content\/uploads\/sites\/36\/2025\/01\/WhatsApp-Image-2025-01-20-at-19.10.47-edited.jpeg","jetpack_sharing_enabled":true,"_links":{"self":[{"href":"https:\/\/agrupacionespsoe.es\/ponferrada\/wp-json\/wp\/v2\/posts\/722","targetHints":{"allow":["GET"]}}],"collection":[{"href":"https:\/\/agrupacionespsoe.es\/ponferrada\/wp-json\/wp\/v2\/posts"}],"about":[{"href":"https:\/\/agrupacionespsoe.es\/ponferrada\/wp-json\/wp\/v2\/types\/post"}],"author":[{"embeddable":true,"href":"https:\/\/agrupacionespsoe.es\/ponferrada\/wp-json\/wp\/v2\/users\/32"}],"replies":[{"embeddable":true,"href":"https:\/\/agrupacionespsoe.es\/ponferrada\/wp-json\/wp\/v2\/comments?post=722"}],"version-history":[{"count":8,"href":"https:\/\/agrupacionespsoe.es\/ponferrada\/wp-json\/wp\/v2\/posts\/722\/revisions"}],"predecessor-version":[{"id":740,"href":"https:\/\/agrupacionespsoe.es\/ponferrada\/wp-json\/wp\/v2\/posts\/722\/revisions\/740"}],"wp:featuredmedia":[{"embeddable":true,"href":"https:\/\/agrupacionespsoe.es\/ponferrada\/wp-json\/wp\/v2\/media\/734"}],"wp:attachment":[{"href":"https:\/\/agrupacionespsoe.es\/ponferrada\/wp-json\/wp\/v2\/media?parent=722"}],"wp:term":[{"taxonomy":"category","embeddable":true,"href":"https:\/\/agrupacionespsoe.es\/ponferrada\/wp-json\/wp\/v2\/categories?post=722"},{"taxonomy":"post_tag","embeddable":true,"href":"https:\/\/agrupacionespsoe.es\/ponferrada\/wp-json\/wp\/v2\/tags?post=722"}],"curies":[{"name":"wp","href":"https:\/\/api.w.org\/{rel}","templated":true}]}}