{"id":714,"date":"2025-01-17T16:18:36","date_gmt":"2025-01-17T16:18:36","guid":{"rendered":"https:\/\/agrupacionespsoe.es\/ponferrada\/?p=714"},"modified":"2025-01-17T16:20:07","modified_gmt":"2025-01-17T16:20:07","slug":"cada-vez-que-el-equipo-de-morala-toma-una-decision-es-para-empeorar-un-servicio-y-causar-molestias-a-los-y-las-vecinas","status":"publish","type":"post","link":"https:\/\/agrupacionespsoe.es\/ponferrada\/cada-vez-que-el-equipo-de-morala-toma-una-decision-es-para-empeorar-un-servicio-y-causar-molestias-a-los-y-las-vecinas\/","title":{"rendered":"\u201cCada vez que el equipo de Morala toma una decisi\u00f3n es para empeorar un servicio y causar molestias a los y las vecinas\u201d"},"content":{"rendered":"\n<p class=\"has-large-font-size\">El PSOE de Ponferrada se prepara para el Congreso Auton\u00f3mico<\/p>\n\n\n\n<p>El mi\u00e9rcoles ha tenido lugar la reuni\u00f3n de la comisi\u00f3n ejecutiva del mes de enero en la que se ha informado a los y las miembros de la misma del proceso congresual: en la provincia de Le\u00f3n solo habr\u00e1 una lista de consenso al congreso y la agrupaci\u00f3n de Ponferrada tendr\u00e1 el peso que le corresponde.<\/p>\n\n\n\n<p>El siguiente paso es el debate de las enmiendas que tendr\u00e1 lugar en una asamblea de militantes que se celebrar\u00e1 a finales de este mes y en la que la agrupaci\u00f3n seguro que propondr\u00e1 enmiendas que enriquezcan y mejoren el texto propuesto y que den una perspectiva de Ponferrada y del Bierzo.<\/p>\n\n\n\n<p>Adem\u00e1s los miembros de la ejecutiva se han interesado por el gasto del equipo de Morala en las pasadas fiestas de navidad sobre todo el gasto en luces. El portavoz de la ejecutiva inform\u00f3 que hemos preguntado por el coste concreto, ya que no solo es el importe de la licitaci\u00f3n p\u00fablica de las luces sino que hay que sumar el importe que seguramente han imputado al acuerdo de colaboraci\u00f3n con el somacyl, (la empresa p\u00fablica que gestiona el servicio de alumbrado en Ponferrada). Mabel Fern\u00e1ndez ha recordado que el a\u00f1o pasado se gastaron m\u00e1s de 300.000 euros solo en luces y ha mostrado sus sospechas de que este a\u00f1o habr\u00e1 aumentado significativamente.<\/p>\n\n\n\n<p>Mabel Fern\u00e1ndez ha criticado duramente el derroche econ\u00f3mico del PP en la gesti\u00f3n y tambi\u00e9n en la instalaci\u00f3n de las luces de Navidad, se\u00f1alando adem\u00e1s que se ha limitado a iluminar \u00fanicamente una peque\u00f1a parte de la ciudad: el casco antiguo y el castillo y un poco el centro de la ciudad, dejando al resto de los barrios completamente al margen. A su juicio, esta decisi\u00f3n no solo demuestra una falta de sensibilidad hacia los vecinos de las zonas menos c\u00e9ntricas, sino que tambi\u00e9n evidencia una gesti\u00f3n ineficaz de los recursos p\u00fablicos en un momento en el que muchas familias atraviesan serias dificultades econ\u00f3micas. La Navidad no deber\u00eda ser un s\u00edmbolo de exclusi\u00f3n ni de despilfarro.<\/p>\n\n\n\n<p>En la ejecutiva tambi\u00e9n se ha tratado el nuevo contrato de autobuses, Mabel Fern\u00e1ndez ha mostrado el rechazo de la ejecutiva municipal, se\u00f1ala que se va a analizar con detenimiento desde el grupo municipal pero a la vista de la presentaci\u00f3n del equipo de gobierno se trata de un servicio mucho m\u00e1s caro que supone un coste desproporcionado para las arcas p\u00fablicas a cambio de un servicio reducido y de peor calidad.<\/p>\n\n\n\n<p>La secretaria de organizaci\u00f3n ha indicado que los cambios en los horarios y la supresi\u00f3n de frecuencias empiezan a generar un amplio malestar entre los usuarios, que ya han empezado a recoger firmas, y a la vista de las quejas formuladas la respuesta del equipo de gobierno parece de broma, ha se\u00f1alado que ha sido un fallo en el folleto informativo, algo que no se cree nadie ya que no solo est\u00e1 en las paradas f\u00edsicas sino a trav\u00e9s de la nueva p\u00e1gina web que ya se puede consultar.<\/p>\n\n\n\n<p>Para finalizar Mabel Fern\u00e1ndez se\u00f1ala que la forma de actuar del equipo de Morala ya es \u201cun patr\u00f3n y cada vez que el actual equipo de gobierno toma una decisi\u00f3n es para empeorar los servicios creando molestias y malestar entre los y las vecinas, otro ejemplo de la falta de transparencia y di\u00e1logo. Indica que el PP contin\u00faa gobernando de espaldas a la ciudadan\u00eda, sin abrir canales de di\u00e1logo ni rendir cuentas de manera clara sobre sus decisiones. La falta de participaci\u00f3n vecinal y la ausencia de consenso con los grupos de la oposici\u00f3n son se\u00f1ales inequ\u00edvocas de una pol\u00edtica autoritaria y desconectada de la realidad.\u201d<\/p>\n\n\n\n<figure class=\"wp-block-image size-large\"><img loading=\"lazy\" decoding=\"async\" width=\"1024\" height=\"768\" src=\"https:\/\/agrupacionespsoe.es\/ponferrada\/wp-content\/uploads\/sites\/36\/2025\/01\/EJECUTIVA-ENERO-1024x768.jpeg\" alt=\"\" class=\"wp-image-715\" srcset=\"https:\/\/agrupacionespsoe.es\/ponferrada\/wp-content\/uploads\/sites\/36\/2025\/01\/EJECUTIVA-ENERO-1024x768.jpeg 1024w, https:\/\/agrupacionespsoe.es\/ponferrada\/wp-content\/uploads\/sites\/36\/2025\/01\/EJECUTIVA-ENERO-300x225.jpeg 300w, https:\/\/agrupacionespsoe.es\/ponferrada\/wp-content\/uploads\/sites\/36\/2025\/01\/EJECUTIVA-ENERO-768x576.jpeg 768w, https:\/\/agrupacionespsoe.es\/ponferrada\/wp-content\/uploads\/sites\/36\/2025\/01\/EJECUTIVA-ENERO-1536x1152.jpeg 1536w, https:\/\/agrupacionespsoe.es\/ponferrada\/wp-content\/uploads\/sites\/36\/2025\/01\/EJECUTIVA-ENERO.jpeg 2000w\" sizes=\"auto, (max-width: 1024px) 100vw, 1024px\" \/><\/figure>\n","protected":false},"excerpt":{"rendered":"<p>El PSOE de Ponferrada se prepara para el Congreso Auton\u00f3mico El mi\u00e9rcoles ha tenido lugar la reuni\u00f3n de la comisi\u00f3n ejecutiva del mes de enero en la que se ha informado a los y las miembros de la misma del proceso congresual: en la provincia de Le\u00f3n solo habr\u00e1 una lista de consenso al congreso &#8230;<\/p>\n","protected":false},"author":32,"featured_media":715,"comment_status":"open","ping_status":"open","sticky":false,"template":"","format":"standard","meta":{"_jetpack_memberships_contains_paid_content":false,"footnotes":""},"categories":[6],"tags":[],"class_list":["post-714","post","type-post","status-publish","format-standard","has-post-thumbnail","hentry","category-actualidad"],"yoast_head":"<!-- This site is optimized with the Yoast SEO plugin v24.0 - https:\/\/yoast.com\/wordpress\/plugins\/seo\/ -->\n<title>\u201cCada vez que el equipo de Morala toma una decisi\u00f3n es para empeorar un servicio y causar molestias a los y las vecinas\u201d - Agrupaci\u00f3n Socialista de Ponferrada<\/title>\n<meta name=\"robots\" content=\"index, follow, max-snippet:-1, max-image-preview:large, max-video-preview:-1\" \/>\n<link rel=\"canonical\" href=\"https:\/\/agrupacionespsoe.es\/ponferrada\/cada-vez-que-el-equipo-de-morala-toma-una-decision-es-para-empeorar-un-servicio-y-causar-molestias-a-los-y-las-vecinas\/\" \/>\n<meta property=\"og:locale\" content=\"es_ES\" \/>\n<meta property=\"og:type\" content=\"article\" \/>\n<meta property=\"og:title\" content=\"\u201cCada vez que el equipo de Morala toma una decisi\u00f3n es para empeorar un servicio y causar molestias a los y las vecinas\u201d - Agrupaci\u00f3n Socialista de Ponferrada\" \/>\n<meta property=\"og:description\" content=\"El PSOE de Ponferrada se prepara para el Congreso Auton\u00f3mico El mi\u00e9rcoles ha tenido lugar la reuni\u00f3n de la comisi\u00f3n ejecutiva del mes de enero en la que se ha informado a los y las miembros de la misma del proceso congresual: en la provincia de Le\u00f3n solo habr\u00e1 una lista de consenso al congreso ...\" \/>\n<meta property=\"og:url\" content=\"https:\/\/agrupacionespsoe.es\/ponferrada\/cada-vez-que-el-equipo-de-morala-toma-una-decision-es-para-empeorar-un-servicio-y-causar-molestias-a-los-y-las-vecinas\/\" \/>\n<meta property=\"og:site_name\" content=\"Agrupaci\u00f3n Socialista de Ponferrada\" \/>\n<meta property=\"article:published_time\" content=\"2025-01-17T16:18:36+00:00\" \/>\n<meta property=\"article:modified_time\" content=\"2025-01-17T16:20:07+00:00\" \/>\n<meta property=\"og:image\" content=\"https:\/\/agrupacionespsoe.es\/ponferrada\/wp-content\/uploads\/sites\/36\/2025\/01\/EJECUTIVA-ENERO.jpeg\" \/>\n\t<meta property=\"og:image:width\" content=\"2000\" \/>\n\t<meta property=\"og:image:height\" content=\"1500\" \/>\n\t<meta property=\"og:image:type\" content=\"image\/jpeg\" \/>\n<meta name=\"author\" content=\"ponferrada2\" \/>\n<meta name=\"twitter:card\" content=\"summary_large_image\" \/>\n<meta name=\"twitter:label1\" content=\"Escrito por\" \/>\n\t<meta name=\"twitter:data1\" content=\"ponferrada2\" \/>\n\t<meta name=\"twitter:label2\" content=\"Tiempo de lectura\" \/>\n\t<meta name=\"twitter:data2\" content=\"4 minutos\" \/>\n<script type=\"application\/ld+json\" class=\"yoast-schema-graph\">{\"@context\":\"https:\/\/schema.org\",\"@graph\":[{\"@type\":\"Article\",\"@id\":\"https:\/\/agrupacionespsoe.es\/ponferrada\/cada-vez-que-el-equipo-de-morala-toma-una-decision-es-para-empeorar-un-servicio-y-causar-molestias-a-los-y-las-vecinas\/#article\",\"isPartOf\":{\"@id\":\"https:\/\/agrupacionespsoe.es\/ponferrada\/cada-vez-que-el-equipo-de-morala-toma-una-decision-es-para-empeorar-un-servicio-y-causar-molestias-a-los-y-las-vecinas\/\"},\"author\":{\"name\":\"ponferrada2\",\"@id\":\"https:\/\/agrupacionespsoe.es\/ponferrada\/#\/schema\/person\/cd29ee627f3b70c05d415f02596debaa\"},\"headline\":\"\u201cCada vez que el equipo de Morala toma una decisi\u00f3n es para empeorar un servicio y causar molestias a los y las vecinas\u201d\",\"datePublished\":\"2025-01-17T16:18:36+00:00\",\"dateModified\":\"2025-01-17T16:20:07+00:00\",\"mainEntityOfPage\":{\"@id\":\"https:\/\/agrupacionespsoe.es\/ponferrada\/cada-vez-que-el-equipo-de-morala-toma-una-decision-es-para-empeorar-un-servicio-y-causar-molestias-a-los-y-las-vecinas\/\"},\"wordCount\":695,\"commentCount\":0,\"publisher\":{\"@id\":\"https:\/\/agrupacionespsoe.es\/ponferrada\/#organization\"},\"image\":{\"@id\":\"https:\/\/agrupacionespsoe.es\/ponferrada\/cada-vez-que-el-equipo-de-morala-toma-una-decision-es-para-empeorar-un-servicio-y-causar-molestias-a-los-y-las-vecinas\/#primaryimage\"},\"thumbnailUrl\":\"https:\/\/agrupacionespsoe.es\/ponferrada\/wp-content\/uploads\/sites\/36\/2025\/01\/EJECUTIVA-ENERO.jpeg\",\"articleSection\":[\"ACTUALIDAD\"],\"inLanguage\":\"es\",\"potentialAction\":[{\"@type\":\"CommentAction\",\"name\":\"Comment\",\"target\":[\"https:\/\/agrupacionespsoe.es\/ponferrada\/cada-vez-que-el-equipo-de-morala-toma-una-decision-es-para-empeorar-un-servicio-y-causar-molestias-a-los-y-las-vecinas\/#respond\"]}]},{\"@type\":\"WebPage\",\"@id\":\"https:\/\/agrupacionespsoe.es\/ponferrada\/cada-vez-que-el-equipo-de-morala-toma-una-decision-es-para-empeorar-un-servicio-y-causar-molestias-a-los-y-las-vecinas\/\",\"url\":\"https:\/\/agrupacionespsoe.es\/ponferrada\/cada-vez-que-el-equipo-de-morala-toma-una-decision-es-para-empeorar-un-servicio-y-causar-molestias-a-los-y-las-vecinas\/\",\"name\":\"\u201cCada vez que el equipo de Morala toma una decisi\u00f3n es para empeorar un servicio y causar molestias a los y las vecinas\u201d - Agrupaci\u00f3n Socialista de Ponferrada\",\"isPartOf\":{\"@id\":\"https:\/\/agrupacionespsoe.es\/ponferrada\/#website\"},\"primaryImageOfPage\":{\"@id\":\"https:\/\/agrupacionespsoe.es\/ponferrada\/cada-vez-que-el-equipo-de-morala-toma-una-decision-es-para-empeorar-un-servicio-y-causar-molestias-a-los-y-las-vecinas\/#primaryimage\"},\"image\":{\"@id\":\"https:\/\/agrupacionespsoe.es\/ponferrada\/cada-vez-que-el-equipo-de-morala-toma-una-decision-es-para-empeorar-un-servicio-y-causar-molestias-a-los-y-las-vecinas\/#primaryimage\"},\"thumbnailUrl\":\"https:\/\/agrupacionespsoe.es\/ponferrada\/wp-content\/uploads\/sites\/36\/2025\/01\/EJECUTIVA-ENERO.jpeg\",\"datePublished\":\"2025-01-17T16:18:36+00:00\",\"dateModified\":\"2025-01-17T16:20:07+00:00\",\"breadcrumb\":{\"@id\":\"https:\/\/agrupacionespsoe.es\/ponferrada\/cada-vez-que-el-equipo-de-morala-toma-una-decision-es-para-empeorar-un-servicio-y-causar-molestias-a-los-y-las-vecinas\/#breadcrumb\"},\"inLanguage\":\"es\",\"potentialAction\":[{\"@type\":\"ReadAction\",\"target\":[\"https:\/\/agrupacionespsoe.es\/ponferrada\/cada-vez-que-el-equipo-de-morala-toma-una-decision-es-para-empeorar-un-servicio-y-causar-molestias-a-los-y-las-vecinas\/\"]}]},{\"@type\":\"ImageObject\",\"inLanguage\":\"es\",\"@id\":\"https:\/\/agrupacionespsoe.es\/ponferrada\/cada-vez-que-el-equipo-de-morala-toma-una-decision-es-para-empeorar-un-servicio-y-causar-molestias-a-los-y-las-vecinas\/#primaryimage\",\"url\":\"https:\/\/agrupacionespsoe.es\/ponferrada\/wp-content\/uploads\/sites\/36\/2025\/01\/EJECUTIVA-ENERO.jpeg\",\"contentUrl\":\"https:\/\/agrupacionespsoe.es\/ponferrada\/wp-content\/uploads\/sites\/36\/2025\/01\/EJECUTIVA-ENERO.jpeg\",\"width\":2000,\"height\":1500},{\"@type\":\"BreadcrumbList\",\"@id\":\"https:\/\/agrupacionespsoe.es\/ponferrada\/cada-vez-que-el-equipo-de-morala-toma-una-decision-es-para-empeorar-un-servicio-y-causar-molestias-a-los-y-las-vecinas\/#breadcrumb\",\"itemListElement\":[{\"@type\":\"ListItem\",\"position\":1,\"name\":\"Portada\",\"item\":\"https:\/\/agrupacionespsoe.es\/ponferrada\/\"},{\"@type\":\"ListItem\",\"position\":2,\"name\":\"\u201cCada vez que el equipo de Morala toma una decisi\u00f3n es para empeorar un servicio y causar molestias a los y las vecinas\u201d\"}]},{\"@type\":\"WebSite\",\"@id\":\"https:\/\/agrupacionespsoe.es\/ponferrada\/#website\",\"url\":\"https:\/\/agrupacionespsoe.es\/ponferrada\/\",\"name\":\"Agrupaci\u00f3n Socialista de Ponferrada\",\"description\":\"Agrupaci\u00f3n Socialista de Ponferrada\",\"publisher\":{\"@id\":\"https:\/\/agrupacionespsoe.es\/ponferrada\/#organization\"},\"potentialAction\":[{\"@type\":\"SearchAction\",\"target\":{\"@type\":\"EntryPoint\",\"urlTemplate\":\"https:\/\/agrupacionespsoe.es\/ponferrada\/?s={search_term_string}\"},\"query-input\":{\"@type\":\"PropertyValueSpecification\",\"valueRequired\":true,\"valueName\":\"search_term_string\"}}],\"inLanguage\":\"es\"},{\"@type\":\"Organization\",\"@id\":\"https:\/\/agrupacionespsoe.es\/ponferrada\/#organization\",\"name\":\"Agrupaci\u00f3n Socialista de Ponferrada\",\"url\":\"https:\/\/agrupacionespsoe.es\/ponferrada\/\",\"logo\":{\"@type\":\"ImageObject\",\"inLanguage\":\"es\",\"@id\":\"https:\/\/agrupacionespsoe.es\/ponferrada\/#\/schema\/logo\/image\/\",\"url\":\"https:\/\/agrupacionespsoe.es\/wp-content\/uploads\/2022\/07\/Logotipo_electoral_del_PSOE.png\",\"contentUrl\":\"https:\/\/agrupacionespsoe.es\/wp-content\/uploads\/2022\/07\/Logotipo_electoral_del_PSOE.png\",\"width\":422,\"height\":422,\"caption\":\"Agrupaci\u00f3n Socialista de Ponferrada\"},\"image\":{\"@id\":\"https:\/\/agrupacionespsoe.es\/ponferrada\/#\/schema\/logo\/image\/\"}},{\"@type\":\"Person\",\"@id\":\"https:\/\/agrupacionespsoe.es\/ponferrada\/#\/schema\/person\/cd29ee627f3b70c05d415f02596debaa\",\"name\":\"ponferrada2\",\"image\":{\"@type\":\"ImageObject\",\"inLanguage\":\"es\",\"@id\":\"https:\/\/agrupacionespsoe.es\/ponferrada\/#\/schema\/person\/image\/\",\"url\":\"https:\/\/secure.gravatar.com\/avatar\/f499eeb60144c664cf7b7edf75549b50?s=96&d=mm&r=g\",\"contentUrl\":\"https:\/\/secure.gravatar.com\/avatar\/f499eeb60144c664cf7b7edf75549b50?s=96&d=mm&r=g\",\"caption\":\"ponferrada2\"},\"url\":\"https:\/\/agrupacionespsoe.es\/ponferrada\/author\/ponferrada2\/\"}]}<\/script>\n<!-- \/ Yoast SEO plugin. -->","yoast_head_json":{"title":"\u201cCada vez que el equipo de Morala toma una decisi\u00f3n es para empeorar un servicio y causar molestias a los y las vecinas\u201d - Agrupaci\u00f3n Socialista de Ponferrada","robots":{"index":"index","follow":"follow","max-snippet":"max-snippet:-1","max-image-preview":"max-image-preview:large","max-video-preview":"max-video-preview:-1"},"canonical":"https:\/\/agrupacionespsoe.es\/ponferrada\/cada-vez-que-el-equipo-de-morala-toma-una-decision-es-para-empeorar-un-servicio-y-causar-molestias-a-los-y-las-vecinas\/","og_locale":"es_ES","og_type":"article","og_title":"\u201cCada vez que el equipo de Morala toma una decisi\u00f3n es para empeorar un servicio y causar molestias a los y las vecinas\u201d - Agrupaci\u00f3n Socialista de Ponferrada","og_description":"El PSOE de Ponferrada se prepara para el Congreso Auton\u00f3mico El mi\u00e9rcoles ha tenido lugar la reuni\u00f3n de la comisi\u00f3n ejecutiva del mes de enero en la que se ha informado a los y las miembros de la misma del proceso congresual: en la provincia de Le\u00f3n solo habr\u00e1 una lista de consenso al congreso ...","og_url":"https:\/\/agrupacionespsoe.es\/ponferrada\/cada-vez-que-el-equipo-de-morala-toma-una-decision-es-para-empeorar-un-servicio-y-causar-molestias-a-los-y-las-vecinas\/","og_site_name":"Agrupaci\u00f3n Socialista de Ponferrada","article_published_time":"2025-01-17T16:18:36+00:00","article_modified_time":"2025-01-17T16:20:07+00:00","og_image":[{"width":2000,"height":1500,"url":"https:\/\/agrupacionespsoe.es\/ponferrada\/wp-content\/uploads\/sites\/36\/2025\/01\/EJECUTIVA-ENERO.jpeg","type":"image\/jpeg"}],"author":"ponferrada2","twitter_card":"summary_large_image","twitter_misc":{"Escrito por":"ponferrada2","Tiempo de lectura":"4 minutos"},"schema":{"@context":"https:\/\/schema.org","@graph":[{"@type":"Article","@id":"https:\/\/agrupacionespsoe.es\/ponferrada\/cada-vez-que-el-equipo-de-morala-toma-una-decision-es-para-empeorar-un-servicio-y-causar-molestias-a-los-y-las-vecinas\/#article","isPartOf":{"@id":"https:\/\/agrupacionespsoe.es\/ponferrada\/cada-vez-que-el-equipo-de-morala-toma-una-decision-es-para-empeorar-un-servicio-y-causar-molestias-a-los-y-las-vecinas\/"},"author":{"name":"ponferrada2","@id":"https:\/\/agrupacionespsoe.es\/ponferrada\/#\/schema\/person\/cd29ee627f3b70c05d415f02596debaa"},"headline":"\u201cCada vez que el equipo de Morala toma una decisi\u00f3n es para empeorar un servicio y causar molestias a los y las vecinas\u201d","datePublished":"2025-01-17T16:18:36+00:00","dateModified":"2025-01-17T16:20:07+00:00","mainEntityOfPage":{"@id":"https:\/\/agrupacionespsoe.es\/ponferrada\/cada-vez-que-el-equipo-de-morala-toma-una-decision-es-para-empeorar-un-servicio-y-causar-molestias-a-los-y-las-vecinas\/"},"wordCount":695,"commentCount":0,"publisher":{"@id":"https:\/\/agrupacionespsoe.es\/ponferrada\/#organization"},"image":{"@id":"https:\/\/agrupacionespsoe.es\/ponferrada\/cada-vez-que-el-equipo-de-morala-toma-una-decision-es-para-empeorar-un-servicio-y-causar-molestias-a-los-y-las-vecinas\/#primaryimage"},"thumbnailUrl":"https:\/\/agrupacionespsoe.es\/ponferrada\/wp-content\/uploads\/sites\/36\/2025\/01\/EJECUTIVA-ENERO.jpeg","articleSection":["ACTUALIDAD"],"inLanguage":"es","potentialAction":[{"@type":"CommentAction","name":"Comment","target":["https:\/\/agrupacionespsoe.es\/ponferrada\/cada-vez-que-el-equipo-de-morala-toma-una-decision-es-para-empeorar-un-servicio-y-causar-molestias-a-los-y-las-vecinas\/#respond"]}]},{"@type":"WebPage","@id":"https:\/\/agrupacionespsoe.es\/ponferrada\/cada-vez-que-el-equipo-de-morala-toma-una-decision-es-para-empeorar-un-servicio-y-causar-molestias-a-los-y-las-vecinas\/","url":"https:\/\/agrupacionespsoe.es\/ponferrada\/cada-vez-que-el-equipo-de-morala-toma-una-decision-es-para-empeorar-un-servicio-y-causar-molestias-a-los-y-las-vecinas\/","name":"\u201cCada vez que el equipo de Morala toma una decisi\u00f3n es para empeorar un servicio y causar molestias a los y las vecinas\u201d - Agrupaci\u00f3n Socialista de Ponferrada","isPartOf":{"@id":"https:\/\/agrupacionespsoe.es\/ponferrada\/#website"},"primaryImageOfPage":{"@id":"https:\/\/agrupacionespsoe.es\/ponferrada\/cada-vez-que-el-equipo-de-morala-toma-una-decision-es-para-empeorar-un-servicio-y-causar-molestias-a-los-y-las-vecinas\/#primaryimage"},"image":{"@id":"https:\/\/agrupacionespsoe.es\/ponferrada\/cada-vez-que-el-equipo-de-morala-toma-una-decision-es-para-empeorar-un-servicio-y-causar-molestias-a-los-y-las-vecinas\/#primaryimage"},"thumbnailUrl":"https:\/\/agrupacionespsoe.es\/ponferrada\/wp-content\/uploads\/sites\/36\/2025\/01\/EJECUTIVA-ENERO.jpeg","datePublished":"2025-01-17T16:18:36+00:00","dateModified":"2025-01-17T16:20:07+00:00","breadcrumb":{"@id":"https:\/\/agrupacionespsoe.es\/ponferrada\/cada-vez-que-el-equipo-de-morala-toma-una-decision-es-para-empeorar-un-servicio-y-causar-molestias-a-los-y-las-vecinas\/#breadcrumb"},"inLanguage":"es","potentialAction":[{"@type":"ReadAction","target":["https:\/\/agrupacionespsoe.es\/ponferrada\/cada-vez-que-el-equipo-de-morala-toma-una-decision-es-para-empeorar-un-servicio-y-causar-molestias-a-los-y-las-vecinas\/"]}]},{"@type":"ImageObject","inLanguage":"es","@id":"https:\/\/agrupacionespsoe.es\/ponferrada\/cada-vez-que-el-equipo-de-morala-toma-una-decision-es-para-empeorar-un-servicio-y-causar-molestias-a-los-y-las-vecinas\/#primaryimage","url":"https:\/\/agrupacionespsoe.es\/ponferrada\/wp-content\/uploads\/sites\/36\/2025\/01\/EJECUTIVA-ENERO.jpeg","contentUrl":"https:\/\/agrupacionespsoe.es\/ponferrada\/wp-content\/uploads\/sites\/36\/2025\/01\/EJECUTIVA-ENERO.jpeg","width":2000,"height":1500},{"@type":"BreadcrumbList","@id":"https:\/\/agrupacionespsoe.es\/ponferrada\/cada-vez-que-el-equipo-de-morala-toma-una-decision-es-para-empeorar-un-servicio-y-causar-molestias-a-los-y-las-vecinas\/#breadcrumb","itemListElement":[{"@type":"ListItem","position":1,"name":"Portada","item":"https:\/\/agrupacionespsoe.es\/ponferrada\/"},{"@type":"ListItem","position":2,"name":"\u201cCada vez que el equipo de Morala toma una decisi\u00f3n es para empeorar un servicio y causar molestias a los y las vecinas\u201d"}]},{"@type":"WebSite","@id":"https:\/\/agrupacionespsoe.es\/ponferrada\/#website","url":"https:\/\/agrupacionespsoe.es\/ponferrada\/","name":"Agrupaci\u00f3n Socialista de Ponferrada","description":"Agrupaci\u00f3n Socialista de Ponferrada","publisher":{"@id":"https:\/\/agrupacionespsoe.es\/ponferrada\/#organization"},"potentialAction":[{"@type":"SearchAction","target":{"@type":"EntryPoint","urlTemplate":"https:\/\/agrupacionespsoe.es\/ponferrada\/?s={search_term_string}"},"query-input":{"@type":"PropertyValueSpecification","valueRequired":true,"valueName":"search_term_string"}}],"inLanguage":"es"},{"@type":"Organization","@id":"https:\/\/agrupacionespsoe.es\/ponferrada\/#organization","name":"Agrupaci\u00f3n Socialista de Ponferrada","url":"https:\/\/agrupacionespsoe.es\/ponferrada\/","logo":{"@type":"ImageObject","inLanguage":"es","@id":"https:\/\/agrupacionespsoe.es\/ponferrada\/#\/schema\/logo\/image\/","url":"https:\/\/agrupacionespsoe.es\/wp-content\/uploads\/2022\/07\/Logotipo_electoral_del_PSOE.png","contentUrl":"https:\/\/agrupacionespsoe.es\/wp-content\/uploads\/2022\/07\/Logotipo_electoral_del_PSOE.png","width":422,"height":422,"caption":"Agrupaci\u00f3n Socialista de Ponferrada"},"image":{"@id":"https:\/\/agrupacionespsoe.es\/ponferrada\/#\/schema\/logo\/image\/"}},{"@type":"Person","@id":"https:\/\/agrupacionespsoe.es\/ponferrada\/#\/schema\/person\/cd29ee627f3b70c05d415f02596debaa","name":"ponferrada2","image":{"@type":"ImageObject","inLanguage":"es","@id":"https:\/\/agrupacionespsoe.es\/ponferrada\/#\/schema\/person\/image\/","url":"https:\/\/secure.gravatar.com\/avatar\/f499eeb60144c664cf7b7edf75549b50?s=96&d=mm&r=g","contentUrl":"https:\/\/secure.gravatar.com\/avatar\/f499eeb60144c664cf7b7edf75549b50?s=96&d=mm&r=g","caption":"ponferrada2"},"url":"https:\/\/agrupacionespsoe.es\/ponferrada\/author\/ponferrada2\/"}]}},"jetpack_featured_media_url":"https:\/\/agrupacionespsoe.es\/ponferrada\/wp-content\/uploads\/sites\/36\/2025\/01\/EJECUTIVA-ENERO.jpeg","jetpack_sharing_enabled":true,"_links":{"self":[{"href":"https:\/\/agrupacionespsoe.es\/ponferrada\/wp-json\/wp\/v2\/posts\/714","targetHints":{"allow":["GET"]}}],"collection":[{"href":"https:\/\/agrupacionespsoe.es\/ponferrada\/wp-json\/wp\/v2\/posts"}],"about":[{"href":"https:\/\/agrupacionespsoe.es\/ponferrada\/wp-json\/wp\/v2\/types\/post"}],"author":[{"embeddable":true,"href":"https:\/\/agrupacionespsoe.es\/ponferrada\/wp-json\/wp\/v2\/users\/32"}],"replies":[{"embeddable":true,"href":"https:\/\/agrupacionespsoe.es\/ponferrada\/wp-json\/wp\/v2\/comments?post=714"}],"version-history":[{"count":4,"href":"https:\/\/agrupacionespsoe.es\/ponferrada\/wp-json\/wp\/v2\/posts\/714\/revisions"}],"predecessor-version":[{"id":720,"href":"https:\/\/agrupacionespsoe.es\/ponferrada\/wp-json\/wp\/v2\/posts\/714\/revisions\/720"}],"wp:featuredmedia":[{"embeddable":true,"href":"https:\/\/agrupacionespsoe.es\/ponferrada\/wp-json\/wp\/v2\/media\/715"}],"wp:attachment":[{"href":"https:\/\/agrupacionespsoe.es\/ponferrada\/wp-json\/wp\/v2\/media?parent=714"}],"wp:term":[{"taxonomy":"category","embeddable":true,"href":"https:\/\/agrupacionespsoe.es\/ponferrada\/wp-json\/wp\/v2\/categories?post=714"},{"taxonomy":"post_tag","embeddable":true,"href":"https:\/\/agrupacionespsoe.es\/ponferrada\/wp-json\/wp\/v2\/tags?post=714"}],"curies":[{"name":"wp","href":"https:\/\/api.w.org\/{rel}","templated":true}]}}