{"id":689,"date":"2024-12-04T10:45:57","date_gmt":"2024-12-04T10:45:57","guid":{"rendered":"https:\/\/agrupacionespsoe.es\/ponferrada\/?p=689"},"modified":"2024-12-26T08:57:01","modified_gmt":"2024-12-26T08:57:01","slug":"el-gms-visita-san-clemente-de-valdueza-para-denunciar-la-dejadez-de-los-pueblos-tambien-de-la-tebaida","status":"publish","type":"post","link":"https:\/\/agrupacionespsoe.es\/ponferrada\/el-gms-visita-san-clemente-de-valdueza-para-denunciar-la-dejadez-de-los-pueblos-tambien-de-la-tebaida\/","title":{"rendered":"El GMS visita San Clemente de Valdueza para denunciar la dejadez de los pueblos tambi\u00e9n de la Tebaida"},"content":{"rendered":"\n<p>El portavoz del Grupo Municipal Socialista junto con otros miembros del grupo municipal socialista ha visitado la pedan\u00eda de San Clemente junto con su ped\u00e1nea.<\/p>\n\n\n\n<p>En la visita han comprobado de primera mano que las reivindicaciones que desde la pedan\u00eda se llevan haciendo meses contin\u00faan sin atender.<\/p>\n\n\n\n<p>A pesar de que el equipo de gobierno de Marco Morala presume y saca pecho de la Tebaida, lo cierto es que las pedan\u00edas lamentan las pocas inversiones que reciben.<\/p>\n\n\n\n<p>La ped\u00e1nea lleva tiempo solicitando al equipo de gobierno, y concretamente al concejal del medio rural para que arreglen alguno de los problemas m\u00e1s graves.<\/p>\n\n\n\n<p>Marivi Rico, ped\u00e1nea de San Clemente, denuncia que uno de ellos, es el estado de dos de los puentes met\u00e1licos que cruzan el pueblo, son puentes en invierno se convierten en pistas de patinaje, la humedad, las heladas y la falta de limpieza resultan una trampa para los y las vecinas. La ped\u00e1nea ha solicitado en numerosas ocasiones que desde el ayuntamiento se intervenga antes de que haya que lamentar da\u00f1os personales.<\/p>\n\n\n\n<p>Adem\u00e1s de resbalar esos puentes carecen de una accesibilidad b\u00e1sica, Marivi ha se\u00f1alado que es necesario invertir en accesibilidad, sobre todo en los pueblos, nuestra poblaci\u00f3n est\u00e1 cada vez m\u00e1s envejecida y necesita medios para que le faciliten estar y poder quedarse en su pueblo, moverse es b\u00e1sico y hay que dar facilidades a los mayores.<\/p>\n\n\n\n<p>Pero no es lo \u00fanico que le preocupa, desde hace meses lleva informando a las administraciones que el agua est\u00e1 arrastrando las piedras del muro del puente de la carretera principal, sin soluci\u00f3n. La diputaci\u00f3n se\u00f1ala que la competencia es municipal y el ayuntamiento dice que es de diputaci\u00f3n, pero el problema sigue sin solucionar.<\/p>\n\n\n\n<p>Por su parte el portavoz del grupo socialista ha se\u00f1alado que desde el grupo socialista nos hemos hecho eco de las denuncias de la ped\u00e1nea en las comisiones de medio rural y sin el menor \u00e9xito, es continuo escuchar c\u00f3mo se intentan pasar la pelota a otra administraci\u00f3n intent\u00e1ndola hacer responsable sin arreglar ninguno de los problemas<\/p>\n\n\n\n<p>Olegario Ram\u00f3n, tambi\u00e9n se ha interesado por conocer si la inversi\u00f3n comprometida en los presupuestos de este a\u00f1o estaba ejecutada y nos hemos encontrado con la sorpresa que a pesar que desde el equipo de gobierno nos hab\u00edan asegurado que las obras para evitar que San Clemente se quede sin agua cuando baja la presi\u00f3n, se iban a empezar de manera inmediata, la ped\u00e1nea no tiene ning\u00fan conocimiento de que las obras hayan empezado, 9 meses despu\u00e9s de la aprobaci\u00f3n del presupuesto no han sido capaces a ejecutarla.<\/p>\n\n\n\n<p>Pasa lo mismo con la plaza del pueblo que no han ejecutado la obra comprometida con el PSOE de mejoras en la urbanizaci\u00f3n, contin\u00faa en el mismo estado de dejadez y abandono.<\/p>\n\n\n\n<p>El portavoz del grupo socialista se\u00f1ala que parece que las inversiones del ayuntamiento van siempre a las mismas pedan\u00edas, mientras algunas tienen obras todos los trimestres, otras no ven ni un euro en a\u00f1os. Este es el caso de San Clemente. Por mucho que hablen de La Tebaida lo cierto es que el estado de abandono de los pueblos es igual est\u00e9n en la Tebaida o no, porque no queremos pensar que las inversiones se realicen dependiendo del color de la pedan\u00eda.<\/p>\n\n\n\n<p>Para finalizar Olegario Ram\u00f3n se\u00f1ala que el PP tiene mucha prisa para que el PSOE se siente a negociar los presupuestos, es una pena que no hayan tenido tanta prisa es para cumplir con las inversiones comprometidas.&nbsp; El concejal de Hacienda se hab\u00eda comprometido personalmente en cumplir con los acuerdos de presupuestos pero a estas alturas tenemos claro que est\u00e1 demasiado ocupado en otros asuntos.<\/p>\n\n\n\n<figure class=\"wp-block-gallery has-nested-images columns-default is-cropped wp-block-gallery-1 is-layout-flex wp-block-gallery-is-layout-flex\">\n<figure class=\"wp-block-image size-large\"><img loading=\"lazy\" decoding=\"async\" width=\"1024\" height=\"768\" data-id=\"697\" src=\"https:\/\/agrupacionespsoe.es\/ponferrada\/wp-content\/uploads\/sites\/36\/2024\/12\/WhatsApp-Image-2024-12-26-at-09.52.45-1024x768.jpeg\" alt=\"\" class=\"wp-image-697\" srcset=\"https:\/\/agrupacionespsoe.es\/ponferrada\/wp-content\/uploads\/sites\/36\/2024\/12\/WhatsApp-Image-2024-12-26-at-09.52.45-1024x768.jpeg 1024w, https:\/\/agrupacionespsoe.es\/ponferrada\/wp-content\/uploads\/sites\/36\/2024\/12\/WhatsApp-Image-2024-12-26-at-09.52.45-300x225.jpeg 300w, https:\/\/agrupacionespsoe.es\/ponferrada\/wp-content\/uploads\/sites\/36\/2024\/12\/WhatsApp-Image-2024-12-26-at-09.52.45-768x576.jpeg 768w, https:\/\/agrupacionespsoe.es\/ponferrada\/wp-content\/uploads\/sites\/36\/2024\/12\/WhatsApp-Image-2024-12-26-at-09.52.45-1536x1152.jpeg 1536w, https:\/\/agrupacionespsoe.es\/ponferrada\/wp-content\/uploads\/sites\/36\/2024\/12\/WhatsApp-Image-2024-12-26-at-09.52.45.jpeg 1600w\" sizes=\"auto, (max-width: 1024px) 100vw, 1024px\" \/><\/figure>\n\n\n\n<figure class=\"wp-block-image size-large\"><img loading=\"lazy\" decoding=\"async\" width=\"1024\" height=\"768\" data-id=\"698\" src=\"https:\/\/agrupacionespsoe.es\/ponferrada\/wp-content\/uploads\/sites\/36\/2024\/12\/WhatsApp-Image-2024-12-26-at-09.52.46-3-1024x768.jpeg\" alt=\"\" class=\"wp-image-698\" srcset=\"https:\/\/agrupacionespsoe.es\/ponferrada\/wp-content\/uploads\/sites\/36\/2024\/12\/WhatsApp-Image-2024-12-26-at-09.52.46-3-1024x768.jpeg 1024w, https:\/\/agrupacionespsoe.es\/ponferrada\/wp-content\/uploads\/sites\/36\/2024\/12\/WhatsApp-Image-2024-12-26-at-09.52.46-3-300x225.jpeg 300w, https:\/\/agrupacionespsoe.es\/ponferrada\/wp-content\/uploads\/sites\/36\/2024\/12\/WhatsApp-Image-2024-12-26-at-09.52.46-3-768x576.jpeg 768w, https:\/\/agrupacionespsoe.es\/ponferrada\/wp-content\/uploads\/sites\/36\/2024\/12\/WhatsApp-Image-2024-12-26-at-09.52.46-3-1536x1152.jpeg 1536w, https:\/\/agrupacionespsoe.es\/ponferrada\/wp-content\/uploads\/sites\/36\/2024\/12\/WhatsApp-Image-2024-12-26-at-09.52.46-3.jpeg 1600w\" sizes=\"auto, (max-width: 1024px) 100vw, 1024px\" \/><\/figure>\n\n\n\n<figure class=\"wp-block-image size-large\"><img loading=\"lazy\" decoding=\"async\" width=\"1024\" height=\"768\" data-id=\"699\" src=\"https:\/\/agrupacionespsoe.es\/ponferrada\/wp-content\/uploads\/sites\/36\/2024\/12\/WhatsApp-Image-2024-12-26-at-09.52.46-2-1024x768.jpeg\" alt=\"\" class=\"wp-image-699\" srcset=\"https:\/\/agrupacionespsoe.es\/ponferrada\/wp-content\/uploads\/sites\/36\/2024\/12\/WhatsApp-Image-2024-12-26-at-09.52.46-2-1024x768.jpeg 1024w, https:\/\/agrupacionespsoe.es\/ponferrada\/wp-content\/uploads\/sites\/36\/2024\/12\/WhatsApp-Image-2024-12-26-at-09.52.46-2-300x225.jpeg 300w, https:\/\/agrupacionespsoe.es\/ponferrada\/wp-content\/uploads\/sites\/36\/2024\/12\/WhatsApp-Image-2024-12-26-at-09.52.46-2-768x576.jpeg 768w, https:\/\/agrupacionespsoe.es\/ponferrada\/wp-content\/uploads\/sites\/36\/2024\/12\/WhatsApp-Image-2024-12-26-at-09.52.46-2-1536x1152.jpeg 1536w, https:\/\/agrupacionespsoe.es\/ponferrada\/wp-content\/uploads\/sites\/36\/2024\/12\/WhatsApp-Image-2024-12-26-at-09.52.46-2.jpeg 1600w\" sizes=\"auto, (max-width: 1024px) 100vw, 1024px\" \/><\/figure>\n\n\n\n<figure class=\"wp-block-image size-large\"><img loading=\"lazy\" decoding=\"async\" width=\"1024\" height=\"768\" data-id=\"700\" src=\"https:\/\/agrupacionespsoe.es\/ponferrada\/wp-content\/uploads\/sites\/36\/2024\/12\/WhatsApp-Image-2024-12-26-at-09.52.46-1-1024x768.jpeg\" alt=\"\" class=\"wp-image-700\" srcset=\"https:\/\/agrupacionespsoe.es\/ponferrada\/wp-content\/uploads\/sites\/36\/2024\/12\/WhatsApp-Image-2024-12-26-at-09.52.46-1-1024x768.jpeg 1024w, https:\/\/agrupacionespsoe.es\/ponferrada\/wp-content\/uploads\/sites\/36\/2024\/12\/WhatsApp-Image-2024-12-26-at-09.52.46-1-300x225.jpeg 300w, https:\/\/agrupacionespsoe.es\/ponferrada\/wp-content\/uploads\/sites\/36\/2024\/12\/WhatsApp-Image-2024-12-26-at-09.52.46-1-768x576.jpeg 768w, https:\/\/agrupacionespsoe.es\/ponferrada\/wp-content\/uploads\/sites\/36\/2024\/12\/WhatsApp-Image-2024-12-26-at-09.52.46-1-1536x1152.jpeg 1536w, https:\/\/agrupacionespsoe.es\/ponferrada\/wp-content\/uploads\/sites\/36\/2024\/12\/WhatsApp-Image-2024-12-26-at-09.52.46-1.jpeg 1600w\" sizes=\"auto, (max-width: 1024px) 100vw, 1024px\" \/><\/figure>\n\n\n\n<figure class=\"wp-block-image size-large\"><img loading=\"lazy\" decoding=\"async\" width=\"1024\" height=\"768\" data-id=\"701\" src=\"https:\/\/agrupacionespsoe.es\/ponferrada\/wp-content\/uploads\/sites\/36\/2024\/12\/WhatsApp-Image-2024-12-26-at-09.52.46-1024x768.jpeg\" alt=\"\" class=\"wp-image-701\" srcset=\"https:\/\/agrupacionespsoe.es\/ponferrada\/wp-content\/uploads\/sites\/36\/2024\/12\/WhatsApp-Image-2024-12-26-at-09.52.46-1024x768.jpeg 1024w, https:\/\/agrupacionespsoe.es\/ponferrada\/wp-content\/uploads\/sites\/36\/2024\/12\/WhatsApp-Image-2024-12-26-at-09.52.46-300x225.jpeg 300w, https:\/\/agrupacionespsoe.es\/ponferrada\/wp-content\/uploads\/sites\/36\/2024\/12\/WhatsApp-Image-2024-12-26-at-09.52.46-768x576.jpeg 768w, https:\/\/agrupacionespsoe.es\/ponferrada\/wp-content\/uploads\/sites\/36\/2024\/12\/WhatsApp-Image-2024-12-26-at-09.52.46-1536x1152.jpeg 1536w, https:\/\/agrupacionespsoe.es\/ponferrada\/wp-content\/uploads\/sites\/36\/2024\/12\/WhatsApp-Image-2024-12-26-at-09.52.46.jpeg 1600w\" sizes=\"auto, (max-width: 1024px) 100vw, 1024px\" \/><\/figure>\n<\/figure>\n","protected":false},"excerpt":{"rendered":"<p>El portavoz del Grupo Municipal Socialista junto con otros miembros del grupo municipal socialista ha visitado la pedan\u00eda de San Clemente junto con su ped\u00e1nea. En la visita han comprobado de primera mano que las reivindicaciones que desde la pedan\u00eda se llevan haciendo meses contin\u00faan sin atender. A pesar de que el equipo de gobierno &#8230;<\/p>\n","protected":false},"author":32,"featured_media":701,"comment_status":"open","ping_status":"open","sticky":false,"template":"","format":"standard","meta":{"_jetpack_memberships_contains_paid_content":false,"footnotes":""},"categories":[6],"tags":[],"class_list":["post-689","post","type-post","status-publish","format-standard","has-post-thumbnail","hentry","category-actualidad"],"yoast_head":"<!-- This site is optimized with the Yoast SEO plugin v24.0 - https:\/\/yoast.com\/wordpress\/plugins\/seo\/ -->\n<title>El GMS visita San Clemente de Valdueza para denunciar la dejadez de los pueblos tambi\u00e9n de la Tebaida - Agrupaci\u00f3n Socialista de Ponferrada<\/title>\n<meta name=\"robots\" content=\"index, follow, max-snippet:-1, max-image-preview:large, max-video-preview:-1\" \/>\n<link rel=\"canonical\" href=\"https:\/\/agrupacionespsoe.es\/ponferrada\/el-gms-visita-san-clemente-de-valdueza-para-denunciar-la-dejadez-de-los-pueblos-tambien-de-la-tebaida\/\" \/>\n<meta property=\"og:locale\" content=\"es_ES\" \/>\n<meta property=\"og:type\" content=\"article\" \/>\n<meta property=\"og:title\" content=\"El GMS visita San Clemente de Valdueza para denunciar la dejadez de los pueblos tambi\u00e9n de la Tebaida - Agrupaci\u00f3n Socialista de Ponferrada\" \/>\n<meta property=\"og:description\" content=\"El portavoz del Grupo Municipal Socialista junto con otros miembros del grupo municipal socialista ha visitado la pedan\u00eda de San Clemente junto con su ped\u00e1nea. En la visita han comprobado de primera mano que las reivindicaciones que desde la pedan\u00eda se llevan haciendo meses contin\u00faan sin atender. A pesar de que el equipo de gobierno ...\" \/>\n<meta property=\"og:url\" content=\"https:\/\/agrupacionespsoe.es\/ponferrada\/el-gms-visita-san-clemente-de-valdueza-para-denunciar-la-dejadez-de-los-pueblos-tambien-de-la-tebaida\/\" \/>\n<meta property=\"og:site_name\" content=\"Agrupaci\u00f3n Socialista de Ponferrada\" \/>\n<meta property=\"article:published_time\" content=\"2024-12-04T10:45:57+00:00\" \/>\n<meta property=\"article:modified_time\" content=\"2024-12-26T08:57:01+00:00\" \/>\n<meta property=\"og:image\" content=\"https:\/\/agrupacionespsoe.es\/ponferrada\/wp-content\/uploads\/sites\/36\/2024\/12\/WhatsApp-Image-2024-12-26-at-09.52.46.jpeg\" \/>\n\t<meta property=\"og:image:width\" content=\"1600\" \/>\n\t<meta property=\"og:image:height\" content=\"1200\" \/>\n\t<meta property=\"og:image:type\" content=\"image\/jpeg\" \/>\n<meta name=\"author\" content=\"ponferrada2\" \/>\n<meta name=\"twitter:card\" content=\"summary_large_image\" \/>\n<meta name=\"twitter:label1\" content=\"Escrito por\" \/>\n\t<meta name=\"twitter:data1\" content=\"ponferrada2\" \/>\n\t<meta name=\"twitter:label2\" content=\"Tiempo de lectura\" \/>\n\t<meta name=\"twitter:data2\" content=\"4 minutos\" \/>\n<script type=\"application\/ld+json\" class=\"yoast-schema-graph\">{\"@context\":\"https:\/\/schema.org\",\"@graph\":[{\"@type\":\"Article\",\"@id\":\"https:\/\/agrupacionespsoe.es\/ponferrada\/el-gms-visita-san-clemente-de-valdueza-para-denunciar-la-dejadez-de-los-pueblos-tambien-de-la-tebaida\/#article\",\"isPartOf\":{\"@id\":\"https:\/\/agrupacionespsoe.es\/ponferrada\/el-gms-visita-san-clemente-de-valdueza-para-denunciar-la-dejadez-de-los-pueblos-tambien-de-la-tebaida\/\"},\"author\":{\"name\":\"ponferrada2\",\"@id\":\"https:\/\/agrupacionespsoe.es\/ponferrada\/#\/schema\/person\/cd29ee627f3b70c05d415f02596debaa\"},\"headline\":\"El GMS visita San Clemente de Valdueza para denunciar la dejadez de los pueblos tambi\u00e9n de la Tebaida\",\"datePublished\":\"2024-12-04T10:45:57+00:00\",\"dateModified\":\"2024-12-26T08:57:01+00:00\",\"mainEntityOfPage\":{\"@id\":\"https:\/\/agrupacionespsoe.es\/ponferrada\/el-gms-visita-san-clemente-de-valdueza-para-denunciar-la-dejadez-de-los-pueblos-tambien-de-la-tebaida\/\"},\"wordCount\":674,\"commentCount\":0,\"publisher\":{\"@id\":\"https:\/\/agrupacionespsoe.es\/ponferrada\/#organization\"},\"image\":{\"@id\":\"https:\/\/agrupacionespsoe.es\/ponferrada\/el-gms-visita-san-clemente-de-valdueza-para-denunciar-la-dejadez-de-los-pueblos-tambien-de-la-tebaida\/#primaryimage\"},\"thumbnailUrl\":\"https:\/\/agrupacionespsoe.es\/ponferrada\/wp-content\/uploads\/sites\/36\/2024\/12\/WhatsApp-Image-2024-12-26-at-09.52.46.jpeg\",\"articleSection\":[\"ACTUALIDAD\"],\"inLanguage\":\"es\",\"potentialAction\":[{\"@type\":\"CommentAction\",\"name\":\"Comment\",\"target\":[\"https:\/\/agrupacionespsoe.es\/ponferrada\/el-gms-visita-san-clemente-de-valdueza-para-denunciar-la-dejadez-de-los-pueblos-tambien-de-la-tebaida\/#respond\"]}]},{\"@type\":\"WebPage\",\"@id\":\"https:\/\/agrupacionespsoe.es\/ponferrada\/el-gms-visita-san-clemente-de-valdueza-para-denunciar-la-dejadez-de-los-pueblos-tambien-de-la-tebaida\/\",\"url\":\"https:\/\/agrupacionespsoe.es\/ponferrada\/el-gms-visita-san-clemente-de-valdueza-para-denunciar-la-dejadez-de-los-pueblos-tambien-de-la-tebaida\/\",\"name\":\"El GMS visita San Clemente de Valdueza para denunciar la dejadez de los pueblos tambi\u00e9n de la Tebaida - Agrupaci\u00f3n Socialista de Ponferrada\",\"isPartOf\":{\"@id\":\"https:\/\/agrupacionespsoe.es\/ponferrada\/#website\"},\"primaryImageOfPage\":{\"@id\":\"https:\/\/agrupacionespsoe.es\/ponferrada\/el-gms-visita-san-clemente-de-valdueza-para-denunciar-la-dejadez-de-los-pueblos-tambien-de-la-tebaida\/#primaryimage\"},\"image\":{\"@id\":\"https:\/\/agrupacionespsoe.es\/ponferrada\/el-gms-visita-san-clemente-de-valdueza-para-denunciar-la-dejadez-de-los-pueblos-tambien-de-la-tebaida\/#primaryimage\"},\"thumbnailUrl\":\"https:\/\/agrupacionespsoe.es\/ponferrada\/wp-content\/uploads\/sites\/36\/2024\/12\/WhatsApp-Image-2024-12-26-at-09.52.46.jpeg\",\"datePublished\":\"2024-12-04T10:45:57+00:00\",\"dateModified\":\"2024-12-26T08:57:01+00:00\",\"breadcrumb\":{\"@id\":\"https:\/\/agrupacionespsoe.es\/ponferrada\/el-gms-visita-san-clemente-de-valdueza-para-denunciar-la-dejadez-de-los-pueblos-tambien-de-la-tebaida\/#breadcrumb\"},\"inLanguage\":\"es\",\"potentialAction\":[{\"@type\":\"ReadAction\",\"target\":[\"https:\/\/agrupacionespsoe.es\/ponferrada\/el-gms-visita-san-clemente-de-valdueza-para-denunciar-la-dejadez-de-los-pueblos-tambien-de-la-tebaida\/\"]}]},{\"@type\":\"ImageObject\",\"inLanguage\":\"es\",\"@id\":\"https:\/\/agrupacionespsoe.es\/ponferrada\/el-gms-visita-san-clemente-de-valdueza-para-denunciar-la-dejadez-de-los-pueblos-tambien-de-la-tebaida\/#primaryimage\",\"url\":\"https:\/\/agrupacionespsoe.es\/ponferrada\/wp-content\/uploads\/sites\/36\/2024\/12\/WhatsApp-Image-2024-12-26-at-09.52.46.jpeg\",\"contentUrl\":\"https:\/\/agrupacionespsoe.es\/ponferrada\/wp-content\/uploads\/sites\/36\/2024\/12\/WhatsApp-Image-2024-12-26-at-09.52.46.jpeg\",\"width\":1600,\"height\":1200},{\"@type\":\"BreadcrumbList\",\"@id\":\"https:\/\/agrupacionespsoe.es\/ponferrada\/el-gms-visita-san-clemente-de-valdueza-para-denunciar-la-dejadez-de-los-pueblos-tambien-de-la-tebaida\/#breadcrumb\",\"itemListElement\":[{\"@type\":\"ListItem\",\"position\":1,\"name\":\"Portada\",\"item\":\"https:\/\/agrupacionespsoe.es\/ponferrada\/\"},{\"@type\":\"ListItem\",\"position\":2,\"name\":\"El GMS visita San Clemente de Valdueza para denunciar la dejadez de los pueblos tambi\u00e9n de la Tebaida\"}]},{\"@type\":\"WebSite\",\"@id\":\"https:\/\/agrupacionespsoe.es\/ponferrada\/#website\",\"url\":\"https:\/\/agrupacionespsoe.es\/ponferrada\/\",\"name\":\"Agrupaci\u00f3n Socialista de Ponferrada\",\"description\":\"Agrupaci\u00f3n Socialista de Ponferrada\",\"publisher\":{\"@id\":\"https:\/\/agrupacionespsoe.es\/ponferrada\/#organization\"},\"potentialAction\":[{\"@type\":\"SearchAction\",\"target\":{\"@type\":\"EntryPoint\",\"urlTemplate\":\"https:\/\/agrupacionespsoe.es\/ponferrada\/?s={search_term_string}\"},\"query-input\":{\"@type\":\"PropertyValueSpecification\",\"valueRequired\":true,\"valueName\":\"search_term_string\"}}],\"inLanguage\":\"es\"},{\"@type\":\"Organization\",\"@id\":\"https:\/\/agrupacionespsoe.es\/ponferrada\/#organization\",\"name\":\"Agrupaci\u00f3n Socialista de Ponferrada\",\"url\":\"https:\/\/agrupacionespsoe.es\/ponferrada\/\",\"logo\":{\"@type\":\"ImageObject\",\"inLanguage\":\"es\",\"@id\":\"https:\/\/agrupacionespsoe.es\/ponferrada\/#\/schema\/logo\/image\/\",\"url\":\"https:\/\/agrupacionespsoe.es\/wp-content\/uploads\/2022\/07\/Logotipo_electoral_del_PSOE.png\",\"contentUrl\":\"https:\/\/agrupacionespsoe.es\/wp-content\/uploads\/2022\/07\/Logotipo_electoral_del_PSOE.png\",\"width\":422,\"height\":422,\"caption\":\"Agrupaci\u00f3n Socialista de Ponferrada\"},\"image\":{\"@id\":\"https:\/\/agrupacionespsoe.es\/ponferrada\/#\/schema\/logo\/image\/\"}},{\"@type\":\"Person\",\"@id\":\"https:\/\/agrupacionespsoe.es\/ponferrada\/#\/schema\/person\/cd29ee627f3b70c05d415f02596debaa\",\"name\":\"ponferrada2\",\"image\":{\"@type\":\"ImageObject\",\"inLanguage\":\"es\",\"@id\":\"https:\/\/agrupacionespsoe.es\/ponferrada\/#\/schema\/person\/image\/\",\"url\":\"https:\/\/secure.gravatar.com\/avatar\/f499eeb60144c664cf7b7edf75549b50?s=96&d=mm&r=g\",\"contentUrl\":\"https:\/\/secure.gravatar.com\/avatar\/f499eeb60144c664cf7b7edf75549b50?s=96&d=mm&r=g\",\"caption\":\"ponferrada2\"},\"url\":\"https:\/\/agrupacionespsoe.es\/ponferrada\/author\/ponferrada2\/\"}]}<\/script>\n<!-- \/ Yoast SEO plugin. -->","yoast_head_json":{"title":"El GMS visita San Clemente de Valdueza para denunciar la dejadez de los pueblos tambi\u00e9n de la Tebaida - Agrupaci\u00f3n Socialista de Ponferrada","robots":{"index":"index","follow":"follow","max-snippet":"max-snippet:-1","max-image-preview":"max-image-preview:large","max-video-preview":"max-video-preview:-1"},"canonical":"https:\/\/agrupacionespsoe.es\/ponferrada\/el-gms-visita-san-clemente-de-valdueza-para-denunciar-la-dejadez-de-los-pueblos-tambien-de-la-tebaida\/","og_locale":"es_ES","og_type":"article","og_title":"El GMS visita San Clemente de Valdueza para denunciar la dejadez de los pueblos tambi\u00e9n de la Tebaida - Agrupaci\u00f3n Socialista de Ponferrada","og_description":"El portavoz del Grupo Municipal Socialista junto con otros miembros del grupo municipal socialista ha visitado la pedan\u00eda de San Clemente junto con su ped\u00e1nea. En la visita han comprobado de primera mano que las reivindicaciones que desde la pedan\u00eda se llevan haciendo meses contin\u00faan sin atender. A pesar de que el equipo de gobierno ...","og_url":"https:\/\/agrupacionespsoe.es\/ponferrada\/el-gms-visita-san-clemente-de-valdueza-para-denunciar-la-dejadez-de-los-pueblos-tambien-de-la-tebaida\/","og_site_name":"Agrupaci\u00f3n Socialista de Ponferrada","article_published_time":"2024-12-04T10:45:57+00:00","article_modified_time":"2024-12-26T08:57:01+00:00","og_image":[{"width":1600,"height":1200,"url":"https:\/\/agrupacionespsoe.es\/ponferrada\/wp-content\/uploads\/sites\/36\/2024\/12\/WhatsApp-Image-2024-12-26-at-09.52.46.jpeg","type":"image\/jpeg"}],"author":"ponferrada2","twitter_card":"summary_large_image","twitter_misc":{"Escrito por":"ponferrada2","Tiempo de lectura":"4 minutos"},"schema":{"@context":"https:\/\/schema.org","@graph":[{"@type":"Article","@id":"https:\/\/agrupacionespsoe.es\/ponferrada\/el-gms-visita-san-clemente-de-valdueza-para-denunciar-la-dejadez-de-los-pueblos-tambien-de-la-tebaida\/#article","isPartOf":{"@id":"https:\/\/agrupacionespsoe.es\/ponferrada\/el-gms-visita-san-clemente-de-valdueza-para-denunciar-la-dejadez-de-los-pueblos-tambien-de-la-tebaida\/"},"author":{"name":"ponferrada2","@id":"https:\/\/agrupacionespsoe.es\/ponferrada\/#\/schema\/person\/cd29ee627f3b70c05d415f02596debaa"},"headline":"El GMS visita San Clemente de Valdueza para denunciar la dejadez de los pueblos tambi\u00e9n de la Tebaida","datePublished":"2024-12-04T10:45:57+00:00","dateModified":"2024-12-26T08:57:01+00:00","mainEntityOfPage":{"@id":"https:\/\/agrupacionespsoe.es\/ponferrada\/el-gms-visita-san-clemente-de-valdueza-para-denunciar-la-dejadez-de-los-pueblos-tambien-de-la-tebaida\/"},"wordCount":674,"commentCount":0,"publisher":{"@id":"https:\/\/agrupacionespsoe.es\/ponferrada\/#organization"},"image":{"@id":"https:\/\/agrupacionespsoe.es\/ponferrada\/el-gms-visita-san-clemente-de-valdueza-para-denunciar-la-dejadez-de-los-pueblos-tambien-de-la-tebaida\/#primaryimage"},"thumbnailUrl":"https:\/\/agrupacionespsoe.es\/ponferrada\/wp-content\/uploads\/sites\/36\/2024\/12\/WhatsApp-Image-2024-12-26-at-09.52.46.jpeg","articleSection":["ACTUALIDAD"],"inLanguage":"es","potentialAction":[{"@type":"CommentAction","name":"Comment","target":["https:\/\/agrupacionespsoe.es\/ponferrada\/el-gms-visita-san-clemente-de-valdueza-para-denunciar-la-dejadez-de-los-pueblos-tambien-de-la-tebaida\/#respond"]}]},{"@type":"WebPage","@id":"https:\/\/agrupacionespsoe.es\/ponferrada\/el-gms-visita-san-clemente-de-valdueza-para-denunciar-la-dejadez-de-los-pueblos-tambien-de-la-tebaida\/","url":"https:\/\/agrupacionespsoe.es\/ponferrada\/el-gms-visita-san-clemente-de-valdueza-para-denunciar-la-dejadez-de-los-pueblos-tambien-de-la-tebaida\/","name":"El GMS visita San Clemente de Valdueza para denunciar la dejadez de los pueblos tambi\u00e9n de la Tebaida - Agrupaci\u00f3n Socialista de Ponferrada","isPartOf":{"@id":"https:\/\/agrupacionespsoe.es\/ponferrada\/#website"},"primaryImageOfPage":{"@id":"https:\/\/agrupacionespsoe.es\/ponferrada\/el-gms-visita-san-clemente-de-valdueza-para-denunciar-la-dejadez-de-los-pueblos-tambien-de-la-tebaida\/#primaryimage"},"image":{"@id":"https:\/\/agrupacionespsoe.es\/ponferrada\/el-gms-visita-san-clemente-de-valdueza-para-denunciar-la-dejadez-de-los-pueblos-tambien-de-la-tebaida\/#primaryimage"},"thumbnailUrl":"https:\/\/agrupacionespsoe.es\/ponferrada\/wp-content\/uploads\/sites\/36\/2024\/12\/WhatsApp-Image-2024-12-26-at-09.52.46.jpeg","datePublished":"2024-12-04T10:45:57+00:00","dateModified":"2024-12-26T08:57:01+00:00","breadcrumb":{"@id":"https:\/\/agrupacionespsoe.es\/ponferrada\/el-gms-visita-san-clemente-de-valdueza-para-denunciar-la-dejadez-de-los-pueblos-tambien-de-la-tebaida\/#breadcrumb"},"inLanguage":"es","potentialAction":[{"@type":"ReadAction","target":["https:\/\/agrupacionespsoe.es\/ponferrada\/el-gms-visita-san-clemente-de-valdueza-para-denunciar-la-dejadez-de-los-pueblos-tambien-de-la-tebaida\/"]}]},{"@type":"ImageObject","inLanguage":"es","@id":"https:\/\/agrupacionespsoe.es\/ponferrada\/el-gms-visita-san-clemente-de-valdueza-para-denunciar-la-dejadez-de-los-pueblos-tambien-de-la-tebaida\/#primaryimage","url":"https:\/\/agrupacionespsoe.es\/ponferrada\/wp-content\/uploads\/sites\/36\/2024\/12\/WhatsApp-Image-2024-12-26-at-09.52.46.jpeg","contentUrl":"https:\/\/agrupacionespsoe.es\/ponferrada\/wp-content\/uploads\/sites\/36\/2024\/12\/WhatsApp-Image-2024-12-26-at-09.52.46.jpeg","width":1600,"height":1200},{"@type":"BreadcrumbList","@id":"https:\/\/agrupacionespsoe.es\/ponferrada\/el-gms-visita-san-clemente-de-valdueza-para-denunciar-la-dejadez-de-los-pueblos-tambien-de-la-tebaida\/#breadcrumb","itemListElement":[{"@type":"ListItem","position":1,"name":"Portada","item":"https:\/\/agrupacionespsoe.es\/ponferrada\/"},{"@type":"ListItem","position":2,"name":"El GMS visita San Clemente de Valdueza para denunciar la dejadez de los pueblos tambi\u00e9n de la Tebaida"}]},{"@type":"WebSite","@id":"https:\/\/agrupacionespsoe.es\/ponferrada\/#website","url":"https:\/\/agrupacionespsoe.es\/ponferrada\/","name":"Agrupaci\u00f3n Socialista de Ponferrada","description":"Agrupaci\u00f3n Socialista de Ponferrada","publisher":{"@id":"https:\/\/agrupacionespsoe.es\/ponferrada\/#organization"},"potentialAction":[{"@type":"SearchAction","target":{"@type":"EntryPoint","urlTemplate":"https:\/\/agrupacionespsoe.es\/ponferrada\/?s={search_term_string}"},"query-input":{"@type":"PropertyValueSpecification","valueRequired":true,"valueName":"search_term_string"}}],"inLanguage":"es"},{"@type":"Organization","@id":"https:\/\/agrupacionespsoe.es\/ponferrada\/#organization","name":"Agrupaci\u00f3n Socialista de Ponferrada","url":"https:\/\/agrupacionespsoe.es\/ponferrada\/","logo":{"@type":"ImageObject","inLanguage":"es","@id":"https:\/\/agrupacionespsoe.es\/ponferrada\/#\/schema\/logo\/image\/","url":"https:\/\/agrupacionespsoe.es\/wp-content\/uploads\/2022\/07\/Logotipo_electoral_del_PSOE.png","contentUrl":"https:\/\/agrupacionespsoe.es\/wp-content\/uploads\/2022\/07\/Logotipo_electoral_del_PSOE.png","width":422,"height":422,"caption":"Agrupaci\u00f3n Socialista de Ponferrada"},"image":{"@id":"https:\/\/agrupacionespsoe.es\/ponferrada\/#\/schema\/logo\/image\/"}},{"@type":"Person","@id":"https:\/\/agrupacionespsoe.es\/ponferrada\/#\/schema\/person\/cd29ee627f3b70c05d415f02596debaa","name":"ponferrada2","image":{"@type":"ImageObject","inLanguage":"es","@id":"https:\/\/agrupacionespsoe.es\/ponferrada\/#\/schema\/person\/image\/","url":"https:\/\/secure.gravatar.com\/avatar\/f499eeb60144c664cf7b7edf75549b50?s=96&d=mm&r=g","contentUrl":"https:\/\/secure.gravatar.com\/avatar\/f499eeb60144c664cf7b7edf75549b50?s=96&d=mm&r=g","caption":"ponferrada2"},"url":"https:\/\/agrupacionespsoe.es\/ponferrada\/author\/ponferrada2\/"}]}},"jetpack_featured_media_url":"https:\/\/agrupacionespsoe.es\/ponferrada\/wp-content\/uploads\/sites\/36\/2024\/12\/WhatsApp-Image-2024-12-26-at-09.52.46.jpeg","jetpack_sharing_enabled":true,"_links":{"self":[{"href":"https:\/\/agrupacionespsoe.es\/ponferrada\/wp-json\/wp\/v2\/posts\/689","targetHints":{"allow":["GET"]}}],"collection":[{"href":"https:\/\/agrupacionespsoe.es\/ponferrada\/wp-json\/wp\/v2\/posts"}],"about":[{"href":"https:\/\/agrupacionespsoe.es\/ponferrada\/wp-json\/wp\/v2\/types\/post"}],"author":[{"embeddable":true,"href":"https:\/\/agrupacionespsoe.es\/ponferrada\/wp-json\/wp\/v2\/users\/32"}],"replies":[{"embeddable":true,"href":"https:\/\/agrupacionespsoe.es\/ponferrada\/wp-json\/wp\/v2\/comments?post=689"}],"version-history":[{"count":3,"href":"https:\/\/agrupacionespsoe.es\/ponferrada\/wp-json\/wp\/v2\/posts\/689\/revisions"}],"predecessor-version":[{"id":703,"href":"https:\/\/agrupacionespsoe.es\/ponferrada\/wp-json\/wp\/v2\/posts\/689\/revisions\/703"}],"wp:featuredmedia":[{"embeddable":true,"href":"https:\/\/agrupacionespsoe.es\/ponferrada\/wp-json\/wp\/v2\/media\/701"}],"wp:attachment":[{"href":"https:\/\/agrupacionespsoe.es\/ponferrada\/wp-json\/wp\/v2\/media?parent=689"}],"wp:term":[{"taxonomy":"category","embeddable":true,"href":"https:\/\/agrupacionespsoe.es\/ponferrada\/wp-json\/wp\/v2\/categories?post=689"},{"taxonomy":"post_tag","embeddable":true,"href":"https:\/\/agrupacionespsoe.es\/ponferrada\/wp-json\/wp\/v2\/tags?post=689"}],"curies":[{"name":"wp","href":"https:\/\/api.w.org\/{rel}","templated":true}]}}