{"id":686,"date":"2024-12-02T10:42:19","date_gmt":"2024-12-02T10:42:19","guid":{"rendered":"https:\/\/agrupacionespsoe.es\/ponferrada\/?p=686"},"modified":"2024-12-23T10:45:40","modified_gmt":"2024-12-23T10:45:40","slug":"ridiculo-e-ineptitud-son-los-calificativos-que-definen-al-gobierno-de-morala","status":"publish","type":"post","link":"https:\/\/agrupacionespsoe.es\/ponferrada\/ridiculo-e-ineptitud-son-los-calificativos-que-definen-al-gobierno-de-morala\/","title":{"rendered":"\u201cRid\u00edculo e ineptitud son los calificativos que definen al gobierno de Morala.\u201d"},"content":{"rendered":"\n<p>Rid\u00edculo e ineptitud esos son los dos calificativos que para grupo socialista describen la actuaci\u00f3n pol\u00edtica del equipo de gobierno del Sr. Morala.<\/p>\n\n\n\n<p>Aunque ha pasado desapercibido la retirada de los puntos del orden del d\u00eda 2 y 3 se trata de dejar sobre la mesa el acuerdo con el SOMACyL que ya quedaba muy avanzado cuando Olegario Ram\u00f3n dej\u00f3 la alcald\u00eda.<\/p>\n\n\n\n<p>El acuerdo con el SOMACyL es un proyecto de ahorro energ\u00e9tico, mantenimiento y conservaci\u00f3n de la red de alumbrado p\u00fablico que Ponferrada lleva un a\u00f1o esperando porque incorpora el cambio de todas las luminarias del municipio con lo conllevar\u00eda para la mejora de la iluminaci\u00f3n y para el ahorro. En este caso, el equipo de Morala quer\u00eda incluir de tapadillo el arreglo de las piscinas cubiertas del Lydia Valentin, y decimos de tapadillo porque a pesar de la promesa a bombo y platillo del consejero de la Junta, Suarez-Qui\u00f1ones, de una inversi\u00f3n inmediata para arreglar las piscinas, lo cierto es que lejos de comprometer una inversi\u00f3n de la Junta lo que pretenden hacer es que la Junta nos financie la obra a trav\u00e9s del SOMACyL incluyendo intereses por la financiaci\u00f3n y sin que ponga ni un solo euro de su presupuesto.&nbsp;<\/p>\n\n\n\n<p>Rid\u00edculo porque un a\u00f1o y medio despu\u00e9s de alcanzar la alcald\u00eda a\u00fan no han conseguido cerrar un acuerdo que beneficie a ambas partes. Lo que denota la falta de trabajo y sobre todo de rigor de este equipo de gobierno.<\/p>\n\n\n\n<p>De rigor porque no es la primera vez que este equipo de gobierno tiene que retirar puntos del orden del d\u00eda una vez que han pasado el dictamen de la comisi\u00f3n informativa respectiva y de trabajo porque es rid\u00edculo que lleves un documento a la comisi\u00f3n que no has consensuado con la otra parte.<\/p>\n\n\n\n<p>Ineptitud porque desde el grupo socialista nos preguntamos que han estado haciendo desde el equipo de gobierno para ni siquiera pasarle el documento definitivo antes de llevarlo a comisi\u00f3n.<\/p>\n\n\n\n<p>Lo curioso es que en lugar de aprobar la liquidaci\u00f3n del contrato han retirado los dos puntos del orden del d\u00eda suponemos que como medida de \u201ccastigo\u201d o para demostrar las \u201cpataletas\u201d que ya son comunes en este equipo de gobierno.<\/p>\n\n\n\n<p>Tampoco podemos dejar de lado las explicaciones del Alcalde en el Pleno a los vecinos del Barrio de San Andr\u00e9s, Las Quintas y Casco Antiguo. Consideramos que las explicaciones llegan tarde, si finalmente no van a hacer nada no entendemos porqu\u00e9 han generado el desasosiego al vecindario sobre todo a las familias que amenazaban con expropiarle sus casas. Las explicaciones dadas por el l\u00edder de Coalici\u00f3n por el Bierzo se desmienten por s\u00ed mismas, otra vez le echa la culpa al PSOE, parece que le \u201cobligamos\u201d a hacer el proyecto y a presentarlo hasta en 3 ocasiones diferentes. Consideramos que las palabras del Alcalde han sido una desautorizaci\u00f3n de la gesti\u00f3n pol\u00edtica del primer teniente de Alcalde, despu\u00e9s de lo escuchado no entendemos porqu\u00e9 el Alcalde no lo cesa o modifica, al menos, las tenencias de Alcald\u00eda para relegarlo.<\/p>\n\n\n\n<figure class=\"wp-block-image size-large\"><img loading=\"lazy\" decoding=\"async\" width=\"1024\" height=\"768\" src=\"https:\/\/agrupacionespsoe.es\/ponferrada\/wp-content\/uploads\/sites\/36\/2024\/06\/WhatsApp-Image-2024-06-28-at-12.14.15-1024x768.jpeg\" alt=\"\" class=\"wp-image-532\" srcset=\"https:\/\/agrupacionespsoe.es\/ponferrada\/wp-content\/uploads\/sites\/36\/2024\/06\/WhatsApp-Image-2024-06-28-at-12.14.15-1024x768.jpeg 1024w, https:\/\/agrupacionespsoe.es\/ponferrada\/wp-content\/uploads\/sites\/36\/2024\/06\/WhatsApp-Image-2024-06-28-at-12.14.15-300x225.jpeg 300w, https:\/\/agrupacionespsoe.es\/ponferrada\/wp-content\/uploads\/sites\/36\/2024\/06\/WhatsApp-Image-2024-06-28-at-12.14.15-768x576.jpeg 768w, https:\/\/agrupacionespsoe.es\/ponferrada\/wp-content\/uploads\/sites\/36\/2024\/06\/WhatsApp-Image-2024-06-28-at-12.14.15-1536x1152.jpeg 1536w, https:\/\/agrupacionespsoe.es\/ponferrada\/wp-content\/uploads\/sites\/36\/2024\/06\/WhatsApp-Image-2024-06-28-at-12.14.15.jpeg 1600w\" sizes=\"auto, (max-width: 1024px) 100vw, 1024px\" \/><\/figure>\n","protected":false},"excerpt":{"rendered":"<p>Rid\u00edculo e ineptitud esos son los dos calificativos que para grupo socialista describen la actuaci\u00f3n pol\u00edtica del equipo de gobierno del Sr. Morala. Aunque ha pasado desapercibido la retirada de los puntos del orden del d\u00eda 2 y 3 se trata de dejar sobre la mesa el acuerdo con el SOMACyL que ya quedaba muy &#8230;<\/p>\n","protected":false},"author":32,"featured_media":532,"comment_status":"open","ping_status":"open","sticky":false,"template":"","format":"standard","meta":{"_jetpack_memberships_contains_paid_content":false,"footnotes":""},"categories":[6],"tags":[],"class_list":["post-686","post","type-post","status-publish","format-standard","has-post-thumbnail","hentry","category-actualidad"],"yoast_head":"<!-- This site is optimized with the Yoast SEO plugin v24.0 - https:\/\/yoast.com\/wordpress\/plugins\/seo\/ -->\n<title>\u201cRid\u00edculo e ineptitud son los calificativos que definen al gobierno de Morala.\u201d - Agrupaci\u00f3n Socialista de Ponferrada<\/title>\n<meta name=\"robots\" content=\"index, follow, max-snippet:-1, max-image-preview:large, max-video-preview:-1\" \/>\n<link rel=\"canonical\" href=\"https:\/\/agrupacionespsoe.es\/ponferrada\/ridiculo-e-ineptitud-son-los-calificativos-que-definen-al-gobierno-de-morala\/\" \/>\n<meta property=\"og:locale\" content=\"es_ES\" \/>\n<meta property=\"og:type\" content=\"article\" \/>\n<meta property=\"og:title\" content=\"\u201cRid\u00edculo e ineptitud son los calificativos que definen al gobierno de Morala.\u201d - Agrupaci\u00f3n Socialista de Ponferrada\" \/>\n<meta property=\"og:description\" content=\"Rid\u00edculo e ineptitud esos son los dos calificativos que para grupo socialista describen la actuaci\u00f3n pol\u00edtica del equipo de gobierno del Sr. Morala. Aunque ha pasado desapercibido la retirada de los puntos del orden del d\u00eda 2 y 3 se trata de dejar sobre la mesa el acuerdo con el SOMACyL que ya quedaba muy ...\" \/>\n<meta property=\"og:url\" content=\"https:\/\/agrupacionespsoe.es\/ponferrada\/ridiculo-e-ineptitud-son-los-calificativos-que-definen-al-gobierno-de-morala\/\" \/>\n<meta property=\"og:site_name\" content=\"Agrupaci\u00f3n Socialista de Ponferrada\" \/>\n<meta property=\"article:published_time\" content=\"2024-12-02T10:42:19+00:00\" \/>\n<meta property=\"article:modified_time\" content=\"2024-12-23T10:45:40+00:00\" \/>\n<meta property=\"og:image\" content=\"https:\/\/agrupacionespsoe.es\/ponferrada\/wp-content\/uploads\/sites\/36\/2024\/06\/WhatsApp-Image-2024-06-28-at-12.14.15.jpeg\" \/>\n\t<meta property=\"og:image:width\" content=\"1600\" \/>\n\t<meta property=\"og:image:height\" content=\"1200\" \/>\n\t<meta property=\"og:image:type\" content=\"image\/jpeg\" \/>\n<meta name=\"author\" content=\"ponferrada2\" \/>\n<meta name=\"twitter:card\" content=\"summary_large_image\" \/>\n<meta name=\"twitter:label1\" content=\"Escrito por\" \/>\n\t<meta name=\"twitter:data1\" content=\"ponferrada2\" \/>\n\t<meta name=\"twitter:label2\" content=\"Tiempo de lectura\" \/>\n\t<meta name=\"twitter:data2\" content=\"3 minutos\" \/>\n<script type=\"application\/ld+json\" class=\"yoast-schema-graph\">{\"@context\":\"https:\/\/schema.org\",\"@graph\":[{\"@type\":\"Article\",\"@id\":\"https:\/\/agrupacionespsoe.es\/ponferrada\/ridiculo-e-ineptitud-son-los-calificativos-que-definen-al-gobierno-de-morala\/#article\",\"isPartOf\":{\"@id\":\"https:\/\/agrupacionespsoe.es\/ponferrada\/ridiculo-e-ineptitud-son-los-calificativos-que-definen-al-gobierno-de-morala\/\"},\"author\":{\"name\":\"ponferrada2\",\"@id\":\"https:\/\/agrupacionespsoe.es\/ponferrada\/#\/schema\/person\/cd29ee627f3b70c05d415f02596debaa\"},\"headline\":\"\u201cRid\u00edculo e ineptitud son los calificativos que definen al gobierno de Morala.\u201d\",\"datePublished\":\"2024-12-02T10:42:19+00:00\",\"dateModified\":\"2024-12-23T10:45:40+00:00\",\"mainEntityOfPage\":{\"@id\":\"https:\/\/agrupacionespsoe.es\/ponferrada\/ridiculo-e-ineptitud-son-los-calificativos-que-definen-al-gobierno-de-morala\/\"},\"wordCount\":555,\"commentCount\":0,\"publisher\":{\"@id\":\"https:\/\/agrupacionespsoe.es\/ponferrada\/#organization\"},\"image\":{\"@id\":\"https:\/\/agrupacionespsoe.es\/ponferrada\/ridiculo-e-ineptitud-son-los-calificativos-que-definen-al-gobierno-de-morala\/#primaryimage\"},\"thumbnailUrl\":\"https:\/\/agrupacionespsoe.es\/ponferrada\/wp-content\/uploads\/sites\/36\/2024\/06\/WhatsApp-Image-2024-06-28-at-12.14.15.jpeg\",\"articleSection\":[\"ACTUALIDAD\"],\"inLanguage\":\"es\",\"potentialAction\":[{\"@type\":\"CommentAction\",\"name\":\"Comment\",\"target\":[\"https:\/\/agrupacionespsoe.es\/ponferrada\/ridiculo-e-ineptitud-son-los-calificativos-que-definen-al-gobierno-de-morala\/#respond\"]}]},{\"@type\":\"WebPage\",\"@id\":\"https:\/\/agrupacionespsoe.es\/ponferrada\/ridiculo-e-ineptitud-son-los-calificativos-que-definen-al-gobierno-de-morala\/\",\"url\":\"https:\/\/agrupacionespsoe.es\/ponferrada\/ridiculo-e-ineptitud-son-los-calificativos-que-definen-al-gobierno-de-morala\/\",\"name\":\"\u201cRid\u00edculo e ineptitud son los calificativos que definen al gobierno de Morala.\u201d - Agrupaci\u00f3n Socialista de Ponferrada\",\"isPartOf\":{\"@id\":\"https:\/\/agrupacionespsoe.es\/ponferrada\/#website\"},\"primaryImageOfPage\":{\"@id\":\"https:\/\/agrupacionespsoe.es\/ponferrada\/ridiculo-e-ineptitud-son-los-calificativos-que-definen-al-gobierno-de-morala\/#primaryimage\"},\"image\":{\"@id\":\"https:\/\/agrupacionespsoe.es\/ponferrada\/ridiculo-e-ineptitud-son-los-calificativos-que-definen-al-gobierno-de-morala\/#primaryimage\"},\"thumbnailUrl\":\"https:\/\/agrupacionespsoe.es\/ponferrada\/wp-content\/uploads\/sites\/36\/2024\/06\/WhatsApp-Image-2024-06-28-at-12.14.15.jpeg\",\"datePublished\":\"2024-12-02T10:42:19+00:00\",\"dateModified\":\"2024-12-23T10:45:40+00:00\",\"breadcrumb\":{\"@id\":\"https:\/\/agrupacionespsoe.es\/ponferrada\/ridiculo-e-ineptitud-son-los-calificativos-que-definen-al-gobierno-de-morala\/#breadcrumb\"},\"inLanguage\":\"es\",\"potentialAction\":[{\"@type\":\"ReadAction\",\"target\":[\"https:\/\/agrupacionespsoe.es\/ponferrada\/ridiculo-e-ineptitud-son-los-calificativos-que-definen-al-gobierno-de-morala\/\"]}]},{\"@type\":\"ImageObject\",\"inLanguage\":\"es\",\"@id\":\"https:\/\/agrupacionespsoe.es\/ponferrada\/ridiculo-e-ineptitud-son-los-calificativos-que-definen-al-gobierno-de-morala\/#primaryimage\",\"url\":\"https:\/\/agrupacionespsoe.es\/ponferrada\/wp-content\/uploads\/sites\/36\/2024\/06\/WhatsApp-Image-2024-06-28-at-12.14.15.jpeg\",\"contentUrl\":\"https:\/\/agrupacionespsoe.es\/ponferrada\/wp-content\/uploads\/sites\/36\/2024\/06\/WhatsApp-Image-2024-06-28-at-12.14.15.jpeg\",\"width\":1600,\"height\":1200},{\"@type\":\"BreadcrumbList\",\"@id\":\"https:\/\/agrupacionespsoe.es\/ponferrada\/ridiculo-e-ineptitud-son-los-calificativos-que-definen-al-gobierno-de-morala\/#breadcrumb\",\"itemListElement\":[{\"@type\":\"ListItem\",\"position\":1,\"name\":\"Portada\",\"item\":\"https:\/\/agrupacionespsoe.es\/ponferrada\/\"},{\"@type\":\"ListItem\",\"position\":2,\"name\":\"\u201cRid\u00edculo e ineptitud son los calificativos que definen al gobierno de Morala.\u201d\"}]},{\"@type\":\"WebSite\",\"@id\":\"https:\/\/agrupacionespsoe.es\/ponferrada\/#website\",\"url\":\"https:\/\/agrupacionespsoe.es\/ponferrada\/\",\"name\":\"Agrupaci\u00f3n Socialista de Ponferrada\",\"description\":\"Agrupaci\u00f3n Socialista de Ponferrada\",\"publisher\":{\"@id\":\"https:\/\/agrupacionespsoe.es\/ponferrada\/#organization\"},\"potentialAction\":[{\"@type\":\"SearchAction\",\"target\":{\"@type\":\"EntryPoint\",\"urlTemplate\":\"https:\/\/agrupacionespsoe.es\/ponferrada\/?s={search_term_string}\"},\"query-input\":{\"@type\":\"PropertyValueSpecification\",\"valueRequired\":true,\"valueName\":\"search_term_string\"}}],\"inLanguage\":\"es\"},{\"@type\":\"Organization\",\"@id\":\"https:\/\/agrupacionespsoe.es\/ponferrada\/#organization\",\"name\":\"Agrupaci\u00f3n Socialista de Ponferrada\",\"url\":\"https:\/\/agrupacionespsoe.es\/ponferrada\/\",\"logo\":{\"@type\":\"ImageObject\",\"inLanguage\":\"es\",\"@id\":\"https:\/\/agrupacionespsoe.es\/ponferrada\/#\/schema\/logo\/image\/\",\"url\":\"https:\/\/agrupacionespsoe.es\/wp-content\/uploads\/2022\/07\/Logotipo_electoral_del_PSOE.png\",\"contentUrl\":\"https:\/\/agrupacionespsoe.es\/wp-content\/uploads\/2022\/07\/Logotipo_electoral_del_PSOE.png\",\"width\":422,\"height\":422,\"caption\":\"Agrupaci\u00f3n Socialista de Ponferrada\"},\"image\":{\"@id\":\"https:\/\/agrupacionespsoe.es\/ponferrada\/#\/schema\/logo\/image\/\"}},{\"@type\":\"Person\",\"@id\":\"https:\/\/agrupacionespsoe.es\/ponferrada\/#\/schema\/person\/cd29ee627f3b70c05d415f02596debaa\",\"name\":\"ponferrada2\",\"image\":{\"@type\":\"ImageObject\",\"inLanguage\":\"es\",\"@id\":\"https:\/\/agrupacionespsoe.es\/ponferrada\/#\/schema\/person\/image\/\",\"url\":\"https:\/\/secure.gravatar.com\/avatar\/f499eeb60144c664cf7b7edf75549b50?s=96&d=mm&r=g\",\"contentUrl\":\"https:\/\/secure.gravatar.com\/avatar\/f499eeb60144c664cf7b7edf75549b50?s=96&d=mm&r=g\",\"caption\":\"ponferrada2\"},\"url\":\"https:\/\/agrupacionespsoe.es\/ponferrada\/author\/ponferrada2\/\"}]}<\/script>\n<!-- \/ Yoast SEO plugin. -->","yoast_head_json":{"title":"\u201cRid\u00edculo e ineptitud son los calificativos que definen al gobierno de Morala.\u201d - Agrupaci\u00f3n Socialista de Ponferrada","robots":{"index":"index","follow":"follow","max-snippet":"max-snippet:-1","max-image-preview":"max-image-preview:large","max-video-preview":"max-video-preview:-1"},"canonical":"https:\/\/agrupacionespsoe.es\/ponferrada\/ridiculo-e-ineptitud-son-los-calificativos-que-definen-al-gobierno-de-morala\/","og_locale":"es_ES","og_type":"article","og_title":"\u201cRid\u00edculo e ineptitud son los calificativos que definen al gobierno de Morala.\u201d - Agrupaci\u00f3n Socialista de Ponferrada","og_description":"Rid\u00edculo e ineptitud esos son los dos calificativos que para grupo socialista describen la actuaci\u00f3n pol\u00edtica del equipo de gobierno del Sr. Morala. Aunque ha pasado desapercibido la retirada de los puntos del orden del d\u00eda 2 y 3 se trata de dejar sobre la mesa el acuerdo con el SOMACyL que ya quedaba muy ...","og_url":"https:\/\/agrupacionespsoe.es\/ponferrada\/ridiculo-e-ineptitud-son-los-calificativos-que-definen-al-gobierno-de-morala\/","og_site_name":"Agrupaci\u00f3n Socialista de Ponferrada","article_published_time":"2024-12-02T10:42:19+00:00","article_modified_time":"2024-12-23T10:45:40+00:00","og_image":[{"width":1600,"height":1200,"url":"https:\/\/agrupacionespsoe.es\/ponferrada\/wp-content\/uploads\/sites\/36\/2024\/06\/WhatsApp-Image-2024-06-28-at-12.14.15.jpeg","type":"image\/jpeg"}],"author":"ponferrada2","twitter_card":"summary_large_image","twitter_misc":{"Escrito por":"ponferrada2","Tiempo de lectura":"3 minutos"},"schema":{"@context":"https:\/\/schema.org","@graph":[{"@type":"Article","@id":"https:\/\/agrupacionespsoe.es\/ponferrada\/ridiculo-e-ineptitud-son-los-calificativos-que-definen-al-gobierno-de-morala\/#article","isPartOf":{"@id":"https:\/\/agrupacionespsoe.es\/ponferrada\/ridiculo-e-ineptitud-son-los-calificativos-que-definen-al-gobierno-de-morala\/"},"author":{"name":"ponferrada2","@id":"https:\/\/agrupacionespsoe.es\/ponferrada\/#\/schema\/person\/cd29ee627f3b70c05d415f02596debaa"},"headline":"\u201cRid\u00edculo e ineptitud son los calificativos que definen al gobierno de Morala.\u201d","datePublished":"2024-12-02T10:42:19+00:00","dateModified":"2024-12-23T10:45:40+00:00","mainEntityOfPage":{"@id":"https:\/\/agrupacionespsoe.es\/ponferrada\/ridiculo-e-ineptitud-son-los-calificativos-que-definen-al-gobierno-de-morala\/"},"wordCount":555,"commentCount":0,"publisher":{"@id":"https:\/\/agrupacionespsoe.es\/ponferrada\/#organization"},"image":{"@id":"https:\/\/agrupacionespsoe.es\/ponferrada\/ridiculo-e-ineptitud-son-los-calificativos-que-definen-al-gobierno-de-morala\/#primaryimage"},"thumbnailUrl":"https:\/\/agrupacionespsoe.es\/ponferrada\/wp-content\/uploads\/sites\/36\/2024\/06\/WhatsApp-Image-2024-06-28-at-12.14.15.jpeg","articleSection":["ACTUALIDAD"],"inLanguage":"es","potentialAction":[{"@type":"CommentAction","name":"Comment","target":["https:\/\/agrupacionespsoe.es\/ponferrada\/ridiculo-e-ineptitud-son-los-calificativos-que-definen-al-gobierno-de-morala\/#respond"]}]},{"@type":"WebPage","@id":"https:\/\/agrupacionespsoe.es\/ponferrada\/ridiculo-e-ineptitud-son-los-calificativos-que-definen-al-gobierno-de-morala\/","url":"https:\/\/agrupacionespsoe.es\/ponferrada\/ridiculo-e-ineptitud-son-los-calificativos-que-definen-al-gobierno-de-morala\/","name":"\u201cRid\u00edculo e ineptitud son los calificativos que definen al gobierno de Morala.\u201d - Agrupaci\u00f3n Socialista de Ponferrada","isPartOf":{"@id":"https:\/\/agrupacionespsoe.es\/ponferrada\/#website"},"primaryImageOfPage":{"@id":"https:\/\/agrupacionespsoe.es\/ponferrada\/ridiculo-e-ineptitud-son-los-calificativos-que-definen-al-gobierno-de-morala\/#primaryimage"},"image":{"@id":"https:\/\/agrupacionespsoe.es\/ponferrada\/ridiculo-e-ineptitud-son-los-calificativos-que-definen-al-gobierno-de-morala\/#primaryimage"},"thumbnailUrl":"https:\/\/agrupacionespsoe.es\/ponferrada\/wp-content\/uploads\/sites\/36\/2024\/06\/WhatsApp-Image-2024-06-28-at-12.14.15.jpeg","datePublished":"2024-12-02T10:42:19+00:00","dateModified":"2024-12-23T10:45:40+00:00","breadcrumb":{"@id":"https:\/\/agrupacionespsoe.es\/ponferrada\/ridiculo-e-ineptitud-son-los-calificativos-que-definen-al-gobierno-de-morala\/#breadcrumb"},"inLanguage":"es","potentialAction":[{"@type":"ReadAction","target":["https:\/\/agrupacionespsoe.es\/ponferrada\/ridiculo-e-ineptitud-son-los-calificativos-que-definen-al-gobierno-de-morala\/"]}]},{"@type":"ImageObject","inLanguage":"es","@id":"https:\/\/agrupacionespsoe.es\/ponferrada\/ridiculo-e-ineptitud-son-los-calificativos-que-definen-al-gobierno-de-morala\/#primaryimage","url":"https:\/\/agrupacionespsoe.es\/ponferrada\/wp-content\/uploads\/sites\/36\/2024\/06\/WhatsApp-Image-2024-06-28-at-12.14.15.jpeg","contentUrl":"https:\/\/agrupacionespsoe.es\/ponferrada\/wp-content\/uploads\/sites\/36\/2024\/06\/WhatsApp-Image-2024-06-28-at-12.14.15.jpeg","width":1600,"height":1200},{"@type":"BreadcrumbList","@id":"https:\/\/agrupacionespsoe.es\/ponferrada\/ridiculo-e-ineptitud-son-los-calificativos-que-definen-al-gobierno-de-morala\/#breadcrumb","itemListElement":[{"@type":"ListItem","position":1,"name":"Portada","item":"https:\/\/agrupacionespsoe.es\/ponferrada\/"},{"@type":"ListItem","position":2,"name":"\u201cRid\u00edculo e ineptitud son los calificativos que definen al gobierno de Morala.\u201d"}]},{"@type":"WebSite","@id":"https:\/\/agrupacionespsoe.es\/ponferrada\/#website","url":"https:\/\/agrupacionespsoe.es\/ponferrada\/","name":"Agrupaci\u00f3n Socialista de Ponferrada","description":"Agrupaci\u00f3n Socialista de Ponferrada","publisher":{"@id":"https:\/\/agrupacionespsoe.es\/ponferrada\/#organization"},"potentialAction":[{"@type":"SearchAction","target":{"@type":"EntryPoint","urlTemplate":"https:\/\/agrupacionespsoe.es\/ponferrada\/?s={search_term_string}"},"query-input":{"@type":"PropertyValueSpecification","valueRequired":true,"valueName":"search_term_string"}}],"inLanguage":"es"},{"@type":"Organization","@id":"https:\/\/agrupacionespsoe.es\/ponferrada\/#organization","name":"Agrupaci\u00f3n Socialista de Ponferrada","url":"https:\/\/agrupacionespsoe.es\/ponferrada\/","logo":{"@type":"ImageObject","inLanguage":"es","@id":"https:\/\/agrupacionespsoe.es\/ponferrada\/#\/schema\/logo\/image\/","url":"https:\/\/agrupacionespsoe.es\/wp-content\/uploads\/2022\/07\/Logotipo_electoral_del_PSOE.png","contentUrl":"https:\/\/agrupacionespsoe.es\/wp-content\/uploads\/2022\/07\/Logotipo_electoral_del_PSOE.png","width":422,"height":422,"caption":"Agrupaci\u00f3n Socialista de Ponferrada"},"image":{"@id":"https:\/\/agrupacionespsoe.es\/ponferrada\/#\/schema\/logo\/image\/"}},{"@type":"Person","@id":"https:\/\/agrupacionespsoe.es\/ponferrada\/#\/schema\/person\/cd29ee627f3b70c05d415f02596debaa","name":"ponferrada2","image":{"@type":"ImageObject","inLanguage":"es","@id":"https:\/\/agrupacionespsoe.es\/ponferrada\/#\/schema\/person\/image\/","url":"https:\/\/secure.gravatar.com\/avatar\/f499eeb60144c664cf7b7edf75549b50?s=96&d=mm&r=g","contentUrl":"https:\/\/secure.gravatar.com\/avatar\/f499eeb60144c664cf7b7edf75549b50?s=96&d=mm&r=g","caption":"ponferrada2"},"url":"https:\/\/agrupacionespsoe.es\/ponferrada\/author\/ponferrada2\/"}]}},"jetpack_featured_media_url":"https:\/\/agrupacionespsoe.es\/ponferrada\/wp-content\/uploads\/sites\/36\/2024\/06\/WhatsApp-Image-2024-06-28-at-12.14.15.jpeg","jetpack_sharing_enabled":true,"_links":{"self":[{"href":"https:\/\/agrupacionespsoe.es\/ponferrada\/wp-json\/wp\/v2\/posts\/686","targetHints":{"allow":["GET"]}}],"collection":[{"href":"https:\/\/agrupacionespsoe.es\/ponferrada\/wp-json\/wp\/v2\/posts"}],"about":[{"href":"https:\/\/agrupacionespsoe.es\/ponferrada\/wp-json\/wp\/v2\/types\/post"}],"author":[{"embeddable":true,"href":"https:\/\/agrupacionespsoe.es\/ponferrada\/wp-json\/wp\/v2\/users\/32"}],"replies":[{"embeddable":true,"href":"https:\/\/agrupacionespsoe.es\/ponferrada\/wp-json\/wp\/v2\/comments?post=686"}],"version-history":[{"count":2,"href":"https:\/\/agrupacionespsoe.es\/ponferrada\/wp-json\/wp\/v2\/posts\/686\/revisions"}],"predecessor-version":[{"id":688,"href":"https:\/\/agrupacionespsoe.es\/ponferrada\/wp-json\/wp\/v2\/posts\/686\/revisions\/688"}],"wp:featuredmedia":[{"embeddable":true,"href":"https:\/\/agrupacionespsoe.es\/ponferrada\/wp-json\/wp\/v2\/media\/532"}],"wp:attachment":[{"href":"https:\/\/agrupacionespsoe.es\/ponferrada\/wp-json\/wp\/v2\/media?parent=686"}],"wp:term":[{"taxonomy":"category","embeddable":true,"href":"https:\/\/agrupacionespsoe.es\/ponferrada\/wp-json\/wp\/v2\/categories?post=686"},{"taxonomy":"post_tag","embeddable":true,"href":"https:\/\/agrupacionespsoe.es\/ponferrada\/wp-json\/wp\/v2\/tags?post=686"}],"curies":[{"name":"wp","href":"https:\/\/api.w.org\/{rel}","templated":true}]}}