{"id":682,"date":"2024-11-22T17:47:39","date_gmt":"2024-11-22T17:47:39","guid":{"rendered":"https:\/\/agrupacionespsoe.es\/ponferrada\/?p=682"},"modified":"2024-12-23T10:42:11","modified_gmt":"2024-12-23T10:42:11","slug":"el-grupo-municipal-socialista-reprocha-al-equipo-de-gobierno-retraer-recursos-de-barrios-para-realizar-obras-que-deberian-hacer-con-fondos-propios","status":"publish","type":"post","link":"https:\/\/agrupacionespsoe.es\/ponferrada\/el-grupo-municipal-socialista-reprocha-al-equipo-de-gobierno-retraer-recursos-de-barrios-para-realizar-obras-que-deberian-hacer-con-fondos-propios\/","title":{"rendered":"El Grupo Municipal Socialista reprocha al Equipo de Gobierno retraer recursos de barrios para realizar obras que deber\u00edan hacer con fondos propios"},"content":{"rendered":"\n<p>El Grupo Municipal Socialista ha querido criticar la pol\u00edtica del PP de detraer fondos en barrios que lo necesitan para invertirlos en otras zonas.<\/p>\n\n\n\n<p>El concejal Pedro Fern\u00e1ndez ha criticado el anuncio del equipo de gobierno de comenzar a utilizar los fondos del programa de entornos residenciales de rehabilitaci\u00f3n programada La Puebla en la reforma de la Avda del Castillo.<\/p>\n\n\n\n<p>Pedro Fern\u00e1ndez ha querido recordar la finalidad de las subvenciones ERRP, antes conocidas como ARU y la necesidad de las mismas en el barrio de La Puebla, un barrioconstruido en los a\u00f1os 70 y 80 del siglo pasado, que necesita una gran inversi\u00f3n para renovar las edificaciones. Y estos programas financiados con fondos europeos vienen a traer los fondos necesarios para esas modernizaciones.<\/p>\n\n\n\n<p>El anterior concejal de Urbanismo, se\u00f1ala que si en el mandato anterior los fondos que se destinan a la reposici\u00f3n de infraestructuras y bienes destinados al uso general se utilizaron para reformar la plaza interior y la Calle G\u00f3mez N\u00fa\u00f1ez, ambos en el coraz\u00f3n de la puebla norte y ambas actuaciones sirvieron para mejorar la imagen del barrio, en especial la Plaza Interior, donde los coches aparcaban en medio de charcos, en pleno centro de la ciudad.<\/p>\n\n\n\n<p>En este mandato, a diferencia del anterior, detraen los fondos que deben ser para la modernizaci\u00f3n de las calles del interior del barrio en la periferia de la zona. Y de esa forma, van a utilizar el importe de los fondos de 2024, casi 245.000 euros en el proyecto de obras para la renovaci\u00f3n de calzada en avenida El Castillo, entre avenida Espa\u00f1a y plaza Luis del Olmo.<\/p>\n\n\n\n<p>Contin\u00faa se\u00f1alando que tambi\u00e9n nos preocupa que la siguiente inversi\u00f3n que han anunciado es en el tramo de la C. Camino de Santiago que queda pendiente de reparar, otra obra que se encuentra en el borde exterior de la zona delimitada para el proyecto de La Puebla.<\/p>\n\n\n\n<p>Pedro Fern\u00e1ndez dice que las pol\u00edticas se demuestran con hechos y ser\u00eda conveniente que el actual equipo de gobierno les explicara a comerciantes del centro y a los vecinos y vecinas por qu\u00e9 las inversiones se van a realizar en las calles del exterior de la zona y no en las calles que m\u00e1s lo necesitan. Son las pol\u00edticas de este equipo de gobierno dicen defender los intereses de la ciudadan\u00eda pero lo \u00fanico que se ve es que utilizan las pocas inversiones que est\u00e1n llegando desde la Junta de Castilla y Le\u00f3n para hacer inversiones en la zona alta y en la avenida del Castillo. Nos preguntamos d\u00f3nde est\u00e1 el dinero que se destin\u00f3 en los presupuestos si finalmente las obras se est\u00e1n llevando a cabo con subvenciones y fondos derivados de programas como este.<\/p>\n\n\n\n<p>Se da la circunstancia que las viviendas que pueden acceder a los programas subvencionados en la Avenida del Castillo son pocas, por lo que van a utilizar una subvenci\u00f3n para mejorar una zona en hacer obras que deber\u00edan financiarse con recursos propios del ayuntamiento.<\/p>\n\n\n\n<p>Se\u00f1ala que esta es una forma de hacer mala pol\u00edtica y que es lo habitual en este equipo de gobierno y se reproduce, por ejemplo, cuando planean invertir los fondos de cooperaci\u00f3n econ\u00f3mica destinado a inversiones para hacer frente a los desaf\u00edos demogr\u00e1ficos en la mejora de la acera de la avenida del Castillo en el tramo comprendido entre la C. Obispo Osmundo y Cruz de Miranda, en la que planean invertir m\u00e1s de 250.000 euros.<\/p>\n\n\n\n<p>A esto podemos a\u00f1adir la inclusi\u00f3n en ese fondo de cumplimiento de los objetivos de desarrollo sostenible la semipeatonalizaci\u00f3n de la C. Obispo Osmundo, a nadie se le escapa que hay muchas m\u00e1s obras necesarias e Ponferrada que pueden estar dentro del cumplimiento de los objetivos de desarrollo sostenible, como la sustituci\u00f3n de las redes de fibrocemento que a\u00fan se mantienen en Ponferrada o en localidades como Columbrianos. Se trata de nuevo, de detraer subvenciones que son muy necesarias para realizar otras que comprometieron en los presupuestos de este a\u00f1o y que deber\u00edan hacer con fondos propios.<\/p>\n\n\n\n<p>Finaliza pidiendo al equipo de gobierno, que trabajen en una visi\u00f3n de ciudad y en un proyecto concreto no como est\u00e1n haciendo dando palos de ciego y poniendo parches con sus ocurrencias, adem\u00e1s recuerda al equipo de gobierno que hay muchas zonas con muchas deficiencias en la ciudad y que es necesario que no se invierta siempre en la misma calle o en la misma zona.<a><\/a><\/p>\n\n\n\n<figure class=\"wp-block-image size-full\"><img loading=\"lazy\" decoding=\"async\" width=\"581\" height=\"595\" src=\"https:\/\/agrupacionespsoe.es\/ponferrada\/wp-content\/uploads\/sites\/36\/2024\/04\/WhatsApp-Image-2024-04-10-at-13.14.58.jpeg\" alt=\"\" class=\"wp-image-458\" srcset=\"https:\/\/agrupacionespsoe.es\/ponferrada\/wp-content\/uploads\/sites\/36\/2024\/04\/WhatsApp-Image-2024-04-10-at-13.14.58.jpeg 581w, https:\/\/agrupacionespsoe.es\/ponferrada\/wp-content\/uploads\/sites\/36\/2024\/04\/WhatsApp-Image-2024-04-10-at-13.14.58-293x300.jpeg 293w\" sizes=\"auto, (max-width: 581px) 100vw, 581px\" \/><\/figure>\n","protected":false},"excerpt":{"rendered":"<p>El Grupo Municipal Socialista ha querido criticar la pol\u00edtica del PP de detraer fondos en barrios que lo necesitan para invertirlos en otras zonas. El concejal Pedro Fern\u00e1ndez ha criticado el anuncio del equipo de gobierno de comenzar a utilizar los fondos del programa de entornos residenciales de rehabilitaci\u00f3n programada La Puebla en la reforma &#8230;<\/p>\n","protected":false},"author":32,"featured_media":458,"comment_status":"open","ping_status":"open","sticky":false,"template":"","format":"standard","meta":{"_jetpack_memberships_contains_paid_content":false,"footnotes":""},"categories":[6],"tags":[],"class_list":["post-682","post","type-post","status-publish","format-standard","has-post-thumbnail","hentry","category-actualidad"],"yoast_head":"<!-- This site is optimized with the Yoast SEO plugin v24.0 - https:\/\/yoast.com\/wordpress\/plugins\/seo\/ -->\n<title>El Grupo Municipal Socialista reprocha al Equipo de Gobierno retraer recursos de barrios para realizar obras que deber\u00edan hacer con fondos propios - Agrupaci\u00f3n Socialista de Ponferrada<\/title>\n<meta name=\"robots\" content=\"index, follow, max-snippet:-1, max-image-preview:large, max-video-preview:-1\" \/>\n<link rel=\"canonical\" href=\"https:\/\/agrupacionespsoe.es\/ponferrada\/el-grupo-municipal-socialista-reprocha-al-equipo-de-gobierno-retraer-recursos-de-barrios-para-realizar-obras-que-deberian-hacer-con-fondos-propios\/\" \/>\n<meta property=\"og:locale\" content=\"es_ES\" \/>\n<meta property=\"og:type\" content=\"article\" \/>\n<meta property=\"og:title\" content=\"El Grupo Municipal Socialista reprocha al Equipo de Gobierno retraer recursos de barrios para realizar obras que deber\u00edan hacer con fondos propios - Agrupaci\u00f3n Socialista de Ponferrada\" \/>\n<meta property=\"og:description\" content=\"El Grupo Municipal Socialista ha querido criticar la pol\u00edtica del PP de detraer fondos en barrios que lo necesitan para invertirlos en otras zonas. El concejal Pedro Fern\u00e1ndez ha criticado el anuncio del equipo de gobierno de comenzar a utilizar los fondos del programa de entornos residenciales de rehabilitaci\u00f3n programada La Puebla en la reforma ...\" \/>\n<meta property=\"og:url\" content=\"https:\/\/agrupacionespsoe.es\/ponferrada\/el-grupo-municipal-socialista-reprocha-al-equipo-de-gobierno-retraer-recursos-de-barrios-para-realizar-obras-que-deberian-hacer-con-fondos-propios\/\" \/>\n<meta property=\"og:site_name\" content=\"Agrupaci\u00f3n Socialista de Ponferrada\" \/>\n<meta property=\"article:published_time\" content=\"2024-11-22T17:47:39+00:00\" \/>\n<meta property=\"article:modified_time\" content=\"2024-12-23T10:42:11+00:00\" \/>\n<meta property=\"og:image\" content=\"https:\/\/agrupacionespsoe.es\/ponferrada\/wp-content\/uploads\/sites\/36\/2024\/04\/WhatsApp-Image-2024-04-10-at-13.14.58.jpeg\" \/>\n\t<meta property=\"og:image:width\" content=\"581\" \/>\n\t<meta property=\"og:image:height\" content=\"595\" \/>\n\t<meta property=\"og:image:type\" content=\"image\/jpeg\" \/>\n<meta name=\"author\" content=\"ponferrada2\" \/>\n<meta name=\"twitter:card\" content=\"summary_large_image\" \/>\n<meta name=\"twitter:label1\" content=\"Escrito por\" \/>\n\t<meta name=\"twitter:data1\" content=\"ponferrada2\" \/>\n\t<meta name=\"twitter:label2\" content=\"Tiempo de lectura\" \/>\n\t<meta name=\"twitter:data2\" content=\"4 minutos\" \/>\n<script type=\"application\/ld+json\" class=\"yoast-schema-graph\">{\"@context\":\"https:\/\/schema.org\",\"@graph\":[{\"@type\":\"Article\",\"@id\":\"https:\/\/agrupacionespsoe.es\/ponferrada\/el-grupo-municipal-socialista-reprocha-al-equipo-de-gobierno-retraer-recursos-de-barrios-para-realizar-obras-que-deberian-hacer-con-fondos-propios\/#article\",\"isPartOf\":{\"@id\":\"https:\/\/agrupacionespsoe.es\/ponferrada\/el-grupo-municipal-socialista-reprocha-al-equipo-de-gobierno-retraer-recursos-de-barrios-para-realizar-obras-que-deberian-hacer-con-fondos-propios\/\"},\"author\":{\"name\":\"ponferrada2\",\"@id\":\"https:\/\/agrupacionespsoe.es\/ponferrada\/#\/schema\/person\/cd29ee627f3b70c05d415f02596debaa\"},\"headline\":\"El Grupo Municipal Socialista reprocha al Equipo de Gobierno retraer recursos de barrios para realizar obras que deber\u00edan hacer con fondos propios\",\"datePublished\":\"2024-11-22T17:47:39+00:00\",\"dateModified\":\"2024-12-23T10:42:11+00:00\",\"mainEntityOfPage\":{\"@id\":\"https:\/\/agrupacionespsoe.es\/ponferrada\/el-grupo-municipal-socialista-reprocha-al-equipo-de-gobierno-retraer-recursos-de-barrios-para-realizar-obras-que-deberian-hacer-con-fondos-propios\/\"},\"wordCount\":800,\"commentCount\":0,\"publisher\":{\"@id\":\"https:\/\/agrupacionespsoe.es\/ponferrada\/#organization\"},\"image\":{\"@id\":\"https:\/\/agrupacionespsoe.es\/ponferrada\/el-grupo-municipal-socialista-reprocha-al-equipo-de-gobierno-retraer-recursos-de-barrios-para-realizar-obras-que-deberian-hacer-con-fondos-propios\/#primaryimage\"},\"thumbnailUrl\":\"https:\/\/agrupacionespsoe.es\/ponferrada\/wp-content\/uploads\/sites\/36\/2024\/04\/WhatsApp-Image-2024-04-10-at-13.14.58.jpeg\",\"articleSection\":[\"ACTUALIDAD\"],\"inLanguage\":\"es\",\"potentialAction\":[{\"@type\":\"CommentAction\",\"name\":\"Comment\",\"target\":[\"https:\/\/agrupacionespsoe.es\/ponferrada\/el-grupo-municipal-socialista-reprocha-al-equipo-de-gobierno-retraer-recursos-de-barrios-para-realizar-obras-que-deberian-hacer-con-fondos-propios\/#respond\"]}]},{\"@type\":\"WebPage\",\"@id\":\"https:\/\/agrupacionespsoe.es\/ponferrada\/el-grupo-municipal-socialista-reprocha-al-equipo-de-gobierno-retraer-recursos-de-barrios-para-realizar-obras-que-deberian-hacer-con-fondos-propios\/\",\"url\":\"https:\/\/agrupacionespsoe.es\/ponferrada\/el-grupo-municipal-socialista-reprocha-al-equipo-de-gobierno-retraer-recursos-de-barrios-para-realizar-obras-que-deberian-hacer-con-fondos-propios\/\",\"name\":\"El Grupo Municipal Socialista reprocha al Equipo de Gobierno retraer recursos de barrios para realizar obras que deber\u00edan hacer con fondos propios - Agrupaci\u00f3n Socialista de Ponferrada\",\"isPartOf\":{\"@id\":\"https:\/\/agrupacionespsoe.es\/ponferrada\/#website\"},\"primaryImageOfPage\":{\"@id\":\"https:\/\/agrupacionespsoe.es\/ponferrada\/el-grupo-municipal-socialista-reprocha-al-equipo-de-gobierno-retraer-recursos-de-barrios-para-realizar-obras-que-deberian-hacer-con-fondos-propios\/#primaryimage\"},\"image\":{\"@id\":\"https:\/\/agrupacionespsoe.es\/ponferrada\/el-grupo-municipal-socialista-reprocha-al-equipo-de-gobierno-retraer-recursos-de-barrios-para-realizar-obras-que-deberian-hacer-con-fondos-propios\/#primaryimage\"},\"thumbnailUrl\":\"https:\/\/agrupacionespsoe.es\/ponferrada\/wp-content\/uploads\/sites\/36\/2024\/04\/WhatsApp-Image-2024-04-10-at-13.14.58.jpeg\",\"datePublished\":\"2024-11-22T17:47:39+00:00\",\"dateModified\":\"2024-12-23T10:42:11+00:00\",\"breadcrumb\":{\"@id\":\"https:\/\/agrupacionespsoe.es\/ponferrada\/el-grupo-municipal-socialista-reprocha-al-equipo-de-gobierno-retraer-recursos-de-barrios-para-realizar-obras-que-deberian-hacer-con-fondos-propios\/#breadcrumb\"},\"inLanguage\":\"es\",\"potentialAction\":[{\"@type\":\"ReadAction\",\"target\":[\"https:\/\/agrupacionespsoe.es\/ponferrada\/el-grupo-municipal-socialista-reprocha-al-equipo-de-gobierno-retraer-recursos-de-barrios-para-realizar-obras-que-deberian-hacer-con-fondos-propios\/\"]}]},{\"@type\":\"ImageObject\",\"inLanguage\":\"es\",\"@id\":\"https:\/\/agrupacionespsoe.es\/ponferrada\/el-grupo-municipal-socialista-reprocha-al-equipo-de-gobierno-retraer-recursos-de-barrios-para-realizar-obras-que-deberian-hacer-con-fondos-propios\/#primaryimage\",\"url\":\"https:\/\/agrupacionespsoe.es\/ponferrada\/wp-content\/uploads\/sites\/36\/2024\/04\/WhatsApp-Image-2024-04-10-at-13.14.58.jpeg\",\"contentUrl\":\"https:\/\/agrupacionespsoe.es\/ponferrada\/wp-content\/uploads\/sites\/36\/2024\/04\/WhatsApp-Image-2024-04-10-at-13.14.58.jpeg\",\"width\":581,\"height\":595},{\"@type\":\"BreadcrumbList\",\"@id\":\"https:\/\/agrupacionespsoe.es\/ponferrada\/el-grupo-municipal-socialista-reprocha-al-equipo-de-gobierno-retraer-recursos-de-barrios-para-realizar-obras-que-deberian-hacer-con-fondos-propios\/#breadcrumb\",\"itemListElement\":[{\"@type\":\"ListItem\",\"position\":1,\"name\":\"Portada\",\"item\":\"https:\/\/agrupacionespsoe.es\/ponferrada\/\"},{\"@type\":\"ListItem\",\"position\":2,\"name\":\"El Grupo Municipal Socialista reprocha al Equipo de Gobierno retraer recursos de barrios para realizar obras que deber\u00edan hacer con fondos propios\"}]},{\"@type\":\"WebSite\",\"@id\":\"https:\/\/agrupacionespsoe.es\/ponferrada\/#website\",\"url\":\"https:\/\/agrupacionespsoe.es\/ponferrada\/\",\"name\":\"Agrupaci\u00f3n Socialista de Ponferrada\",\"description\":\"Agrupaci\u00f3n Socialista de Ponferrada\",\"publisher\":{\"@id\":\"https:\/\/agrupacionespsoe.es\/ponferrada\/#organization\"},\"potentialAction\":[{\"@type\":\"SearchAction\",\"target\":{\"@type\":\"EntryPoint\",\"urlTemplate\":\"https:\/\/agrupacionespsoe.es\/ponferrada\/?s={search_term_string}\"},\"query-input\":{\"@type\":\"PropertyValueSpecification\",\"valueRequired\":true,\"valueName\":\"search_term_string\"}}],\"inLanguage\":\"es\"},{\"@type\":\"Organization\",\"@id\":\"https:\/\/agrupacionespsoe.es\/ponferrada\/#organization\",\"name\":\"Agrupaci\u00f3n Socialista de Ponferrada\",\"url\":\"https:\/\/agrupacionespsoe.es\/ponferrada\/\",\"logo\":{\"@type\":\"ImageObject\",\"inLanguage\":\"es\",\"@id\":\"https:\/\/agrupacionespsoe.es\/ponferrada\/#\/schema\/logo\/image\/\",\"url\":\"https:\/\/agrupacionespsoe.es\/wp-content\/uploads\/2022\/07\/Logotipo_electoral_del_PSOE.png\",\"contentUrl\":\"https:\/\/agrupacionespsoe.es\/wp-content\/uploads\/2022\/07\/Logotipo_electoral_del_PSOE.png\",\"width\":422,\"height\":422,\"caption\":\"Agrupaci\u00f3n Socialista de Ponferrada\"},\"image\":{\"@id\":\"https:\/\/agrupacionespsoe.es\/ponferrada\/#\/schema\/logo\/image\/\"}},{\"@type\":\"Person\",\"@id\":\"https:\/\/agrupacionespsoe.es\/ponferrada\/#\/schema\/person\/cd29ee627f3b70c05d415f02596debaa\",\"name\":\"ponferrada2\",\"image\":{\"@type\":\"ImageObject\",\"inLanguage\":\"es\",\"@id\":\"https:\/\/agrupacionespsoe.es\/ponferrada\/#\/schema\/person\/image\/\",\"url\":\"https:\/\/secure.gravatar.com\/avatar\/f499eeb60144c664cf7b7edf75549b50?s=96&d=mm&r=g\",\"contentUrl\":\"https:\/\/secure.gravatar.com\/avatar\/f499eeb60144c664cf7b7edf75549b50?s=96&d=mm&r=g\",\"caption\":\"ponferrada2\"},\"url\":\"https:\/\/agrupacionespsoe.es\/ponferrada\/author\/ponferrada2\/\"}]}<\/script>\n<!-- \/ Yoast SEO plugin. -->","yoast_head_json":{"title":"El Grupo Municipal Socialista reprocha al Equipo de Gobierno retraer recursos de barrios para realizar obras que deber\u00edan hacer con fondos propios - Agrupaci\u00f3n Socialista de Ponferrada","robots":{"index":"index","follow":"follow","max-snippet":"max-snippet:-1","max-image-preview":"max-image-preview:large","max-video-preview":"max-video-preview:-1"},"canonical":"https:\/\/agrupacionespsoe.es\/ponferrada\/el-grupo-municipal-socialista-reprocha-al-equipo-de-gobierno-retraer-recursos-de-barrios-para-realizar-obras-que-deberian-hacer-con-fondos-propios\/","og_locale":"es_ES","og_type":"article","og_title":"El Grupo Municipal Socialista reprocha al Equipo de Gobierno retraer recursos de barrios para realizar obras que deber\u00edan hacer con fondos propios - Agrupaci\u00f3n Socialista de Ponferrada","og_description":"El Grupo Municipal Socialista ha querido criticar la pol\u00edtica del PP de detraer fondos en barrios que lo necesitan para invertirlos en otras zonas. El concejal Pedro Fern\u00e1ndez ha criticado el anuncio del equipo de gobierno de comenzar a utilizar los fondos del programa de entornos residenciales de rehabilitaci\u00f3n programada La Puebla en la reforma ...","og_url":"https:\/\/agrupacionespsoe.es\/ponferrada\/el-grupo-municipal-socialista-reprocha-al-equipo-de-gobierno-retraer-recursos-de-barrios-para-realizar-obras-que-deberian-hacer-con-fondos-propios\/","og_site_name":"Agrupaci\u00f3n Socialista de Ponferrada","article_published_time":"2024-11-22T17:47:39+00:00","article_modified_time":"2024-12-23T10:42:11+00:00","og_image":[{"width":581,"height":595,"url":"https:\/\/agrupacionespsoe.es\/ponferrada\/wp-content\/uploads\/sites\/36\/2024\/04\/WhatsApp-Image-2024-04-10-at-13.14.58.jpeg","type":"image\/jpeg"}],"author":"ponferrada2","twitter_card":"summary_large_image","twitter_misc":{"Escrito por":"ponferrada2","Tiempo de lectura":"4 minutos"},"schema":{"@context":"https:\/\/schema.org","@graph":[{"@type":"Article","@id":"https:\/\/agrupacionespsoe.es\/ponferrada\/el-grupo-municipal-socialista-reprocha-al-equipo-de-gobierno-retraer-recursos-de-barrios-para-realizar-obras-que-deberian-hacer-con-fondos-propios\/#article","isPartOf":{"@id":"https:\/\/agrupacionespsoe.es\/ponferrada\/el-grupo-municipal-socialista-reprocha-al-equipo-de-gobierno-retraer-recursos-de-barrios-para-realizar-obras-que-deberian-hacer-con-fondos-propios\/"},"author":{"name":"ponferrada2","@id":"https:\/\/agrupacionespsoe.es\/ponferrada\/#\/schema\/person\/cd29ee627f3b70c05d415f02596debaa"},"headline":"El Grupo Municipal Socialista reprocha al Equipo de Gobierno retraer recursos de barrios para realizar obras que deber\u00edan hacer con fondos propios","datePublished":"2024-11-22T17:47:39+00:00","dateModified":"2024-12-23T10:42:11+00:00","mainEntityOfPage":{"@id":"https:\/\/agrupacionespsoe.es\/ponferrada\/el-grupo-municipal-socialista-reprocha-al-equipo-de-gobierno-retraer-recursos-de-barrios-para-realizar-obras-que-deberian-hacer-con-fondos-propios\/"},"wordCount":800,"commentCount":0,"publisher":{"@id":"https:\/\/agrupacionespsoe.es\/ponferrada\/#organization"},"image":{"@id":"https:\/\/agrupacionespsoe.es\/ponferrada\/el-grupo-municipal-socialista-reprocha-al-equipo-de-gobierno-retraer-recursos-de-barrios-para-realizar-obras-que-deberian-hacer-con-fondos-propios\/#primaryimage"},"thumbnailUrl":"https:\/\/agrupacionespsoe.es\/ponferrada\/wp-content\/uploads\/sites\/36\/2024\/04\/WhatsApp-Image-2024-04-10-at-13.14.58.jpeg","articleSection":["ACTUALIDAD"],"inLanguage":"es","potentialAction":[{"@type":"CommentAction","name":"Comment","target":["https:\/\/agrupacionespsoe.es\/ponferrada\/el-grupo-municipal-socialista-reprocha-al-equipo-de-gobierno-retraer-recursos-de-barrios-para-realizar-obras-que-deberian-hacer-con-fondos-propios\/#respond"]}]},{"@type":"WebPage","@id":"https:\/\/agrupacionespsoe.es\/ponferrada\/el-grupo-municipal-socialista-reprocha-al-equipo-de-gobierno-retraer-recursos-de-barrios-para-realizar-obras-que-deberian-hacer-con-fondos-propios\/","url":"https:\/\/agrupacionespsoe.es\/ponferrada\/el-grupo-municipal-socialista-reprocha-al-equipo-de-gobierno-retraer-recursos-de-barrios-para-realizar-obras-que-deberian-hacer-con-fondos-propios\/","name":"El Grupo Municipal Socialista reprocha al Equipo de Gobierno retraer recursos de barrios para realizar obras que deber\u00edan hacer con fondos propios - Agrupaci\u00f3n Socialista de Ponferrada","isPartOf":{"@id":"https:\/\/agrupacionespsoe.es\/ponferrada\/#website"},"primaryImageOfPage":{"@id":"https:\/\/agrupacionespsoe.es\/ponferrada\/el-grupo-municipal-socialista-reprocha-al-equipo-de-gobierno-retraer-recursos-de-barrios-para-realizar-obras-que-deberian-hacer-con-fondos-propios\/#primaryimage"},"image":{"@id":"https:\/\/agrupacionespsoe.es\/ponferrada\/el-grupo-municipal-socialista-reprocha-al-equipo-de-gobierno-retraer-recursos-de-barrios-para-realizar-obras-que-deberian-hacer-con-fondos-propios\/#primaryimage"},"thumbnailUrl":"https:\/\/agrupacionespsoe.es\/ponferrada\/wp-content\/uploads\/sites\/36\/2024\/04\/WhatsApp-Image-2024-04-10-at-13.14.58.jpeg","datePublished":"2024-11-22T17:47:39+00:00","dateModified":"2024-12-23T10:42:11+00:00","breadcrumb":{"@id":"https:\/\/agrupacionespsoe.es\/ponferrada\/el-grupo-municipal-socialista-reprocha-al-equipo-de-gobierno-retraer-recursos-de-barrios-para-realizar-obras-que-deberian-hacer-con-fondos-propios\/#breadcrumb"},"inLanguage":"es","potentialAction":[{"@type":"ReadAction","target":["https:\/\/agrupacionespsoe.es\/ponferrada\/el-grupo-municipal-socialista-reprocha-al-equipo-de-gobierno-retraer-recursos-de-barrios-para-realizar-obras-que-deberian-hacer-con-fondos-propios\/"]}]},{"@type":"ImageObject","inLanguage":"es","@id":"https:\/\/agrupacionespsoe.es\/ponferrada\/el-grupo-municipal-socialista-reprocha-al-equipo-de-gobierno-retraer-recursos-de-barrios-para-realizar-obras-que-deberian-hacer-con-fondos-propios\/#primaryimage","url":"https:\/\/agrupacionespsoe.es\/ponferrada\/wp-content\/uploads\/sites\/36\/2024\/04\/WhatsApp-Image-2024-04-10-at-13.14.58.jpeg","contentUrl":"https:\/\/agrupacionespsoe.es\/ponferrada\/wp-content\/uploads\/sites\/36\/2024\/04\/WhatsApp-Image-2024-04-10-at-13.14.58.jpeg","width":581,"height":595},{"@type":"BreadcrumbList","@id":"https:\/\/agrupacionespsoe.es\/ponferrada\/el-grupo-municipal-socialista-reprocha-al-equipo-de-gobierno-retraer-recursos-de-barrios-para-realizar-obras-que-deberian-hacer-con-fondos-propios\/#breadcrumb","itemListElement":[{"@type":"ListItem","position":1,"name":"Portada","item":"https:\/\/agrupacionespsoe.es\/ponferrada\/"},{"@type":"ListItem","position":2,"name":"El Grupo Municipal Socialista reprocha al Equipo de Gobierno retraer recursos de barrios para realizar obras que deber\u00edan hacer con fondos propios"}]},{"@type":"WebSite","@id":"https:\/\/agrupacionespsoe.es\/ponferrada\/#website","url":"https:\/\/agrupacionespsoe.es\/ponferrada\/","name":"Agrupaci\u00f3n Socialista de Ponferrada","description":"Agrupaci\u00f3n Socialista de Ponferrada","publisher":{"@id":"https:\/\/agrupacionespsoe.es\/ponferrada\/#organization"},"potentialAction":[{"@type":"SearchAction","target":{"@type":"EntryPoint","urlTemplate":"https:\/\/agrupacionespsoe.es\/ponferrada\/?s={search_term_string}"},"query-input":{"@type":"PropertyValueSpecification","valueRequired":true,"valueName":"search_term_string"}}],"inLanguage":"es"},{"@type":"Organization","@id":"https:\/\/agrupacionespsoe.es\/ponferrada\/#organization","name":"Agrupaci\u00f3n Socialista de Ponferrada","url":"https:\/\/agrupacionespsoe.es\/ponferrada\/","logo":{"@type":"ImageObject","inLanguage":"es","@id":"https:\/\/agrupacionespsoe.es\/ponferrada\/#\/schema\/logo\/image\/","url":"https:\/\/agrupacionespsoe.es\/wp-content\/uploads\/2022\/07\/Logotipo_electoral_del_PSOE.png","contentUrl":"https:\/\/agrupacionespsoe.es\/wp-content\/uploads\/2022\/07\/Logotipo_electoral_del_PSOE.png","width":422,"height":422,"caption":"Agrupaci\u00f3n Socialista de Ponferrada"},"image":{"@id":"https:\/\/agrupacionespsoe.es\/ponferrada\/#\/schema\/logo\/image\/"}},{"@type":"Person","@id":"https:\/\/agrupacionespsoe.es\/ponferrada\/#\/schema\/person\/cd29ee627f3b70c05d415f02596debaa","name":"ponferrada2","image":{"@type":"ImageObject","inLanguage":"es","@id":"https:\/\/agrupacionespsoe.es\/ponferrada\/#\/schema\/person\/image\/","url":"https:\/\/secure.gravatar.com\/avatar\/f499eeb60144c664cf7b7edf75549b50?s=96&d=mm&r=g","contentUrl":"https:\/\/secure.gravatar.com\/avatar\/f499eeb60144c664cf7b7edf75549b50?s=96&d=mm&r=g","caption":"ponferrada2"},"url":"https:\/\/agrupacionespsoe.es\/ponferrada\/author\/ponferrada2\/"}]}},"jetpack_featured_media_url":"https:\/\/agrupacionespsoe.es\/ponferrada\/wp-content\/uploads\/sites\/36\/2024\/04\/WhatsApp-Image-2024-04-10-at-13.14.58.jpeg","jetpack_sharing_enabled":true,"_links":{"self":[{"href":"https:\/\/agrupacionespsoe.es\/ponferrada\/wp-json\/wp\/v2\/posts\/682","targetHints":{"allow":["GET"]}}],"collection":[{"href":"https:\/\/agrupacionespsoe.es\/ponferrada\/wp-json\/wp\/v2\/posts"}],"about":[{"href":"https:\/\/agrupacionespsoe.es\/ponferrada\/wp-json\/wp\/v2\/types\/post"}],"author":[{"embeddable":true,"href":"https:\/\/agrupacionespsoe.es\/ponferrada\/wp-json\/wp\/v2\/users\/32"}],"replies":[{"embeddable":true,"href":"https:\/\/agrupacionespsoe.es\/ponferrada\/wp-json\/wp\/v2\/comments?post=682"}],"version-history":[{"count":1,"href":"https:\/\/agrupacionespsoe.es\/ponferrada\/wp-json\/wp\/v2\/posts\/682\/revisions"}],"predecessor-version":[{"id":683,"href":"https:\/\/agrupacionespsoe.es\/ponferrada\/wp-json\/wp\/v2\/posts\/682\/revisions\/683"}],"wp:featuredmedia":[{"embeddable":true,"href":"https:\/\/agrupacionespsoe.es\/ponferrada\/wp-json\/wp\/v2\/media\/458"}],"wp:attachment":[{"href":"https:\/\/agrupacionespsoe.es\/ponferrada\/wp-json\/wp\/v2\/media?parent=682"}],"wp:term":[{"taxonomy":"category","embeddable":true,"href":"https:\/\/agrupacionespsoe.es\/ponferrada\/wp-json\/wp\/v2\/categories?post=682"},{"taxonomy":"post_tag","embeddable":true,"href":"https:\/\/agrupacionespsoe.es\/ponferrada\/wp-json\/wp\/v2\/tags?post=682"}],"curies":[{"name":"wp","href":"https:\/\/api.w.org\/{rel}","templated":true}]}}