{"id":672,"date":"2024-11-13T08:34:27","date_gmt":"2024-11-13T08:34:27","guid":{"rendered":"https:\/\/agrupacionespsoe.es\/ponferrada\/?p=672"},"modified":"2024-11-19T08:39:30","modified_gmt":"2024-11-19T08:39:30","slug":"la-dejadez-del-equipo-de-gobierno-pone-en-serio-riesgo-la-financiacion-de-los-accesos-a-san-adrian","status":"publish","type":"post","link":"https:\/\/agrupacionespsoe.es\/ponferrada\/la-dejadez-del-equipo-de-gobierno-pone-en-serio-riesgo-la-financiacion-de-los-accesos-a-san-adrian\/","title":{"rendered":"La dejadez del equipo de gobierno pone en serio riesgo la financiaci\u00f3n de los accesos a San Adri\u00e1n"},"content":{"rendered":"\n<p>El portavoz del Grupo Municipal Socialista <strong>Olegario Ram\u00f3n,\u00a0<\/strong>ha manifestado en la rueda de prensa de esta ma\u00f1ana, su preocupaci\u00f3n por la posibilidad real de perder la obra de acceso a\u00a0San Adri\u00e1n. <\/p>\n\n\n\n<p>Ha se\u00f1alado que\u00a0<strong>\u00abser\u00eda una hecatombe<\/strong>\u00a0para el medio rural\u00bb, reconoce. A su juicio esta situaci\u00f3n se debe a la \u00abdesidia del equipo de Gobierno\u00bb. Ha recordado que el compromiso de la Diputaci\u00f3n se alcanz\u00f3 en el anterior mandato tras las gestiones realizadas por el anterior equipo de Gobierno, que \u00e9l encabezaba. El diputado de fomento en aquel momento era el Alcalde de Corull\u00f3n que fue sensible con las necesidades y acept\u00f3 realizar la obra.<\/p>\n\n\n\n<p>A continuado indicando que ya en diciembre de 2022, la Diputaci\u00f3n de Le\u00f3n solicit\u00f3 que se pusieran a disposici\u00f3n los terrenos de particulares para realizar las obras. Esto es aquel que pasa en todas las obras, es el Ayuntamiento el que siempre ha puesto a disposici\u00f3n los terrenos para que la administraci\u00f3n ejecute los compromisos.<\/p>\n\n\n\n<p>En aquel momento, \u00e9l como Alcalde se interes\u00f3 con el concejal de Medio Ambiente, que recuerda que es la misma persona que actualmente, para interesarse por el procedimiento, se\u00f1alando este que estaba en contacto con los propietarios para hacerse con los terrenos. Olegario Ram\u00f3n ha desvelado que el edil de Medio Rural asegura en mayo de 2023, que ya ten\u00eda al 60% de los propietarios tramitados. <\/p>\n\n\n\n<p>Desde el Grupo Municipal Socialista se ha preguntado en tres comisiones sobre este tema, y desde las afirmaciones iniciales hasta ahora se ha notado un\u00a0 giro, ahora se est\u00e1 pidiendo que sea la propia Diputaci\u00f3n quien se haga cargo de las expropiaciones. <\/p>\n\n\n\n<p>Olegario ha se\u00f1alado \u201cEso nunca lo ha hecho Diputaci\u00f3n, siempre lo hemos gestionado nosotros<strong>\u201d<\/strong>. Esta situaci\u00f3n va a provocar que la inversi\u00f3n de\u00a0esos 2,5 millones de inversi\u00f3n para 3,5 kil\u00f3metros\u00a0est\u00e9 en el aire. <\/p>\n\n\n\n<p>Para finalizar se pide pide al alcalde \u00abque ejerza de alcalde\u00bb\u00a0y no sea Alonso \u00abque mucha gente piensa que es el alcalde\u00bb y que sea el regidor el que asuma este tema para no perder la inversi\u00f3n. Ha vuelto a se\u00f1alar que Coalici\u00f3n por el Bierzo, en Ponferrada, es Coalici\u00f3n\u00a0contra el Bierzo o Coalici\u00f3n por el sueldo. <\/p>\n\n\n\n<p>El tiempo se est\u00e1 perdiendo y ya en 2022, desde la Diputaci\u00f3n Provincial se hizo un requerimiento para que el ayuntamiento pusiera a disposici\u00f3n los terrenos. Tras otros dos a\u00f1os \u00abs\u00e9 que en Diputaci\u00f3n hay preocupaci\u00f3n porque\u00a0se puede perder por la desidia de un edil.\u00a0Es un concejal no de Medio Rural,\u00a0sino contra el Medio Rural\u00bb.\u00a0<\/p>\n\n\n\n<figure class=\"wp-block-image size-large\"><img loading=\"lazy\" decoding=\"async\" width=\"1024\" height=\"768\" src=\"https:\/\/agrupacionespsoe.es\/ponferrada\/wp-content\/uploads\/sites\/36\/2024\/11\/WhatsApp-Image-2024-11-13-at-13.38.39-1024x768.jpeg\" alt=\"\" class=\"wp-image-674\" srcset=\"https:\/\/agrupacionespsoe.es\/ponferrada\/wp-content\/uploads\/sites\/36\/2024\/11\/WhatsApp-Image-2024-11-13-at-13.38.39-1024x768.jpeg 1024w, https:\/\/agrupacionespsoe.es\/ponferrada\/wp-content\/uploads\/sites\/36\/2024\/11\/WhatsApp-Image-2024-11-13-at-13.38.39-300x225.jpeg 300w, https:\/\/agrupacionespsoe.es\/ponferrada\/wp-content\/uploads\/sites\/36\/2024\/11\/WhatsApp-Image-2024-11-13-at-13.38.39-768x576.jpeg 768w, https:\/\/agrupacionespsoe.es\/ponferrada\/wp-content\/uploads\/sites\/36\/2024\/11\/WhatsApp-Image-2024-11-13-at-13.38.39-1536x1152.jpeg 1536w, https:\/\/agrupacionespsoe.es\/ponferrada\/wp-content\/uploads\/sites\/36\/2024\/11\/WhatsApp-Image-2024-11-13-at-13.38.39.jpeg 1600w\" sizes=\"auto, (max-width: 1024px) 100vw, 1024px\" \/><\/figure>\n","protected":false},"excerpt":{"rendered":"<p>El portavoz del Grupo Municipal Socialista Olegario Ram\u00f3n,\u00a0ha manifestado en la rueda de prensa de esta ma\u00f1ana, su preocupaci\u00f3n por la posibilidad real de perder la obra de acceso a\u00a0San Adri\u00e1n. Ha se\u00f1alado que\u00a0\u00abser\u00eda una hecatombe\u00a0para el medio rural\u00bb, reconoce. A su juicio esta situaci\u00f3n se debe a la \u00abdesidia del equipo de Gobierno\u00bb. Ha &#8230;<\/p>\n","protected":false},"author":32,"featured_media":674,"comment_status":"open","ping_status":"open","sticky":false,"template":"","format":"standard","meta":{"_jetpack_memberships_contains_paid_content":false,"footnotes":""},"categories":[6],"tags":[],"class_list":["post-672","post","type-post","status-publish","format-standard","has-post-thumbnail","hentry","category-actualidad"],"yoast_head":"<!-- This site is optimized with the Yoast SEO plugin v24.0 - https:\/\/yoast.com\/wordpress\/plugins\/seo\/ -->\n<title>La dejadez del equipo de gobierno pone en serio riesgo la financiaci\u00f3n de los accesos a San Adri\u00e1n - Agrupaci\u00f3n Socialista de Ponferrada<\/title>\n<meta name=\"robots\" content=\"index, follow, max-snippet:-1, max-image-preview:large, max-video-preview:-1\" \/>\n<link rel=\"canonical\" href=\"https:\/\/agrupacionespsoe.es\/ponferrada\/la-dejadez-del-equipo-de-gobierno-pone-en-serio-riesgo-la-financiacion-de-los-accesos-a-san-adrian\/\" \/>\n<meta property=\"og:locale\" content=\"es_ES\" \/>\n<meta property=\"og:type\" content=\"article\" \/>\n<meta property=\"og:title\" content=\"La dejadez del equipo de gobierno pone en serio riesgo la financiaci\u00f3n de los accesos a San Adri\u00e1n - Agrupaci\u00f3n Socialista de Ponferrada\" \/>\n<meta property=\"og:description\" content=\"El portavoz del Grupo Municipal Socialista Olegario Ram\u00f3n,\u00a0ha manifestado en la rueda de prensa de esta ma\u00f1ana, su preocupaci\u00f3n por la posibilidad real de perder la obra de acceso a\u00a0San Adri\u00e1n. Ha se\u00f1alado que\u00a0\u00abser\u00eda una hecatombe\u00a0para el medio rural\u00bb, reconoce. A su juicio esta situaci\u00f3n se debe a la \u00abdesidia del equipo de Gobierno\u00bb. Ha ...\" \/>\n<meta property=\"og:url\" content=\"https:\/\/agrupacionespsoe.es\/ponferrada\/la-dejadez-del-equipo-de-gobierno-pone-en-serio-riesgo-la-financiacion-de-los-accesos-a-san-adrian\/\" \/>\n<meta property=\"og:site_name\" content=\"Agrupaci\u00f3n Socialista de Ponferrada\" \/>\n<meta property=\"article:published_time\" content=\"2024-11-13T08:34:27+00:00\" \/>\n<meta property=\"article:modified_time\" content=\"2024-11-19T08:39:30+00:00\" \/>\n<meta property=\"og:image\" content=\"https:\/\/agrupacionespsoe.es\/ponferrada\/wp-content\/uploads\/sites\/36\/2024\/11\/WhatsApp-Image-2024-11-13-at-13.38.39.jpeg\" \/>\n\t<meta property=\"og:image:width\" content=\"1600\" \/>\n\t<meta property=\"og:image:height\" content=\"1200\" \/>\n\t<meta property=\"og:image:type\" content=\"image\/jpeg\" \/>\n<meta name=\"author\" content=\"ponferrada2\" \/>\n<meta name=\"twitter:card\" content=\"summary_large_image\" \/>\n<meta name=\"twitter:label1\" content=\"Escrito por\" \/>\n\t<meta name=\"twitter:data1\" content=\"ponferrada2\" \/>\n\t<meta name=\"twitter:label2\" content=\"Tiempo de lectura\" \/>\n\t<meta name=\"twitter:data2\" content=\"3 minutos\" \/>\n<script type=\"application\/ld+json\" class=\"yoast-schema-graph\">{\"@context\":\"https:\/\/schema.org\",\"@graph\":[{\"@type\":\"Article\",\"@id\":\"https:\/\/agrupacionespsoe.es\/ponferrada\/la-dejadez-del-equipo-de-gobierno-pone-en-serio-riesgo-la-financiacion-de-los-accesos-a-san-adrian\/#article\",\"isPartOf\":{\"@id\":\"https:\/\/agrupacionespsoe.es\/ponferrada\/la-dejadez-del-equipo-de-gobierno-pone-en-serio-riesgo-la-financiacion-de-los-accesos-a-san-adrian\/\"},\"author\":{\"name\":\"ponferrada2\",\"@id\":\"https:\/\/agrupacionespsoe.es\/ponferrada\/#\/schema\/person\/cd29ee627f3b70c05d415f02596debaa\"},\"headline\":\"La dejadez del equipo de gobierno pone en serio riesgo la financiaci\u00f3n de los accesos a San Adri\u00e1n\",\"datePublished\":\"2024-11-13T08:34:27+00:00\",\"dateModified\":\"2024-11-19T08:39:30+00:00\",\"mainEntityOfPage\":{\"@id\":\"https:\/\/agrupacionespsoe.es\/ponferrada\/la-dejadez-del-equipo-de-gobierno-pone-en-serio-riesgo-la-financiacion-de-los-accesos-a-san-adrian\/\"},\"wordCount\":471,\"commentCount\":0,\"publisher\":{\"@id\":\"https:\/\/agrupacionespsoe.es\/ponferrada\/#organization\"},\"image\":{\"@id\":\"https:\/\/agrupacionespsoe.es\/ponferrada\/la-dejadez-del-equipo-de-gobierno-pone-en-serio-riesgo-la-financiacion-de-los-accesos-a-san-adrian\/#primaryimage\"},\"thumbnailUrl\":\"https:\/\/agrupacionespsoe.es\/ponferrada\/wp-content\/uploads\/sites\/36\/2024\/11\/WhatsApp-Image-2024-11-13-at-13.38.39.jpeg\",\"articleSection\":[\"ACTUALIDAD\"],\"inLanguage\":\"es\",\"potentialAction\":[{\"@type\":\"CommentAction\",\"name\":\"Comment\",\"target\":[\"https:\/\/agrupacionespsoe.es\/ponferrada\/la-dejadez-del-equipo-de-gobierno-pone-en-serio-riesgo-la-financiacion-de-los-accesos-a-san-adrian\/#respond\"]}]},{\"@type\":\"WebPage\",\"@id\":\"https:\/\/agrupacionespsoe.es\/ponferrada\/la-dejadez-del-equipo-de-gobierno-pone-en-serio-riesgo-la-financiacion-de-los-accesos-a-san-adrian\/\",\"url\":\"https:\/\/agrupacionespsoe.es\/ponferrada\/la-dejadez-del-equipo-de-gobierno-pone-en-serio-riesgo-la-financiacion-de-los-accesos-a-san-adrian\/\",\"name\":\"La dejadez del equipo de gobierno pone en serio riesgo la financiaci\u00f3n de los accesos a San Adri\u00e1n - Agrupaci\u00f3n Socialista de Ponferrada\",\"isPartOf\":{\"@id\":\"https:\/\/agrupacionespsoe.es\/ponferrada\/#website\"},\"primaryImageOfPage\":{\"@id\":\"https:\/\/agrupacionespsoe.es\/ponferrada\/la-dejadez-del-equipo-de-gobierno-pone-en-serio-riesgo-la-financiacion-de-los-accesos-a-san-adrian\/#primaryimage\"},\"image\":{\"@id\":\"https:\/\/agrupacionespsoe.es\/ponferrada\/la-dejadez-del-equipo-de-gobierno-pone-en-serio-riesgo-la-financiacion-de-los-accesos-a-san-adrian\/#primaryimage\"},\"thumbnailUrl\":\"https:\/\/agrupacionespsoe.es\/ponferrada\/wp-content\/uploads\/sites\/36\/2024\/11\/WhatsApp-Image-2024-11-13-at-13.38.39.jpeg\",\"datePublished\":\"2024-11-13T08:34:27+00:00\",\"dateModified\":\"2024-11-19T08:39:30+00:00\",\"breadcrumb\":{\"@id\":\"https:\/\/agrupacionespsoe.es\/ponferrada\/la-dejadez-del-equipo-de-gobierno-pone-en-serio-riesgo-la-financiacion-de-los-accesos-a-san-adrian\/#breadcrumb\"},\"inLanguage\":\"es\",\"potentialAction\":[{\"@type\":\"ReadAction\",\"target\":[\"https:\/\/agrupacionespsoe.es\/ponferrada\/la-dejadez-del-equipo-de-gobierno-pone-en-serio-riesgo-la-financiacion-de-los-accesos-a-san-adrian\/\"]}]},{\"@type\":\"ImageObject\",\"inLanguage\":\"es\",\"@id\":\"https:\/\/agrupacionespsoe.es\/ponferrada\/la-dejadez-del-equipo-de-gobierno-pone-en-serio-riesgo-la-financiacion-de-los-accesos-a-san-adrian\/#primaryimage\",\"url\":\"https:\/\/agrupacionespsoe.es\/ponferrada\/wp-content\/uploads\/sites\/36\/2024\/11\/WhatsApp-Image-2024-11-13-at-13.38.39.jpeg\",\"contentUrl\":\"https:\/\/agrupacionespsoe.es\/ponferrada\/wp-content\/uploads\/sites\/36\/2024\/11\/WhatsApp-Image-2024-11-13-at-13.38.39.jpeg\",\"width\":1600,\"height\":1200},{\"@type\":\"BreadcrumbList\",\"@id\":\"https:\/\/agrupacionespsoe.es\/ponferrada\/la-dejadez-del-equipo-de-gobierno-pone-en-serio-riesgo-la-financiacion-de-los-accesos-a-san-adrian\/#breadcrumb\",\"itemListElement\":[{\"@type\":\"ListItem\",\"position\":1,\"name\":\"Portada\",\"item\":\"https:\/\/agrupacionespsoe.es\/ponferrada\/\"},{\"@type\":\"ListItem\",\"position\":2,\"name\":\"La dejadez del equipo de gobierno pone en serio riesgo la financiaci\u00f3n de los accesos a San Adri\u00e1n\"}]},{\"@type\":\"WebSite\",\"@id\":\"https:\/\/agrupacionespsoe.es\/ponferrada\/#website\",\"url\":\"https:\/\/agrupacionespsoe.es\/ponferrada\/\",\"name\":\"Agrupaci\u00f3n Socialista de Ponferrada\",\"description\":\"Agrupaci\u00f3n Socialista de Ponferrada\",\"publisher\":{\"@id\":\"https:\/\/agrupacionespsoe.es\/ponferrada\/#organization\"},\"potentialAction\":[{\"@type\":\"SearchAction\",\"target\":{\"@type\":\"EntryPoint\",\"urlTemplate\":\"https:\/\/agrupacionespsoe.es\/ponferrada\/?s={search_term_string}\"},\"query-input\":{\"@type\":\"PropertyValueSpecification\",\"valueRequired\":true,\"valueName\":\"search_term_string\"}}],\"inLanguage\":\"es\"},{\"@type\":\"Organization\",\"@id\":\"https:\/\/agrupacionespsoe.es\/ponferrada\/#organization\",\"name\":\"Agrupaci\u00f3n Socialista de Ponferrada\",\"url\":\"https:\/\/agrupacionespsoe.es\/ponferrada\/\",\"logo\":{\"@type\":\"ImageObject\",\"inLanguage\":\"es\",\"@id\":\"https:\/\/agrupacionespsoe.es\/ponferrada\/#\/schema\/logo\/image\/\",\"url\":\"https:\/\/agrupacionespsoe.es\/wp-content\/uploads\/2022\/07\/Logotipo_electoral_del_PSOE.png\",\"contentUrl\":\"https:\/\/agrupacionespsoe.es\/wp-content\/uploads\/2022\/07\/Logotipo_electoral_del_PSOE.png\",\"width\":422,\"height\":422,\"caption\":\"Agrupaci\u00f3n Socialista de Ponferrada\"},\"image\":{\"@id\":\"https:\/\/agrupacionespsoe.es\/ponferrada\/#\/schema\/logo\/image\/\"}},{\"@type\":\"Person\",\"@id\":\"https:\/\/agrupacionespsoe.es\/ponferrada\/#\/schema\/person\/cd29ee627f3b70c05d415f02596debaa\",\"name\":\"ponferrada2\",\"image\":{\"@type\":\"ImageObject\",\"inLanguage\":\"es\",\"@id\":\"https:\/\/agrupacionespsoe.es\/ponferrada\/#\/schema\/person\/image\/\",\"url\":\"https:\/\/secure.gravatar.com\/avatar\/f499eeb60144c664cf7b7edf75549b50?s=96&d=mm&r=g\",\"contentUrl\":\"https:\/\/secure.gravatar.com\/avatar\/f499eeb60144c664cf7b7edf75549b50?s=96&d=mm&r=g\",\"caption\":\"ponferrada2\"},\"url\":\"https:\/\/agrupacionespsoe.es\/ponferrada\/author\/ponferrada2\/\"}]}<\/script>\n<!-- \/ Yoast SEO plugin. -->","yoast_head_json":{"title":"La dejadez del equipo de gobierno pone en serio riesgo la financiaci\u00f3n de los accesos a San Adri\u00e1n - Agrupaci\u00f3n Socialista de Ponferrada","robots":{"index":"index","follow":"follow","max-snippet":"max-snippet:-1","max-image-preview":"max-image-preview:large","max-video-preview":"max-video-preview:-1"},"canonical":"https:\/\/agrupacionespsoe.es\/ponferrada\/la-dejadez-del-equipo-de-gobierno-pone-en-serio-riesgo-la-financiacion-de-los-accesos-a-san-adrian\/","og_locale":"es_ES","og_type":"article","og_title":"La dejadez del equipo de gobierno pone en serio riesgo la financiaci\u00f3n de los accesos a San Adri\u00e1n - Agrupaci\u00f3n Socialista de Ponferrada","og_description":"El portavoz del Grupo Municipal Socialista Olegario Ram\u00f3n,\u00a0ha manifestado en la rueda de prensa de esta ma\u00f1ana, su preocupaci\u00f3n por la posibilidad real de perder la obra de acceso a\u00a0San Adri\u00e1n. Ha se\u00f1alado que\u00a0\u00abser\u00eda una hecatombe\u00a0para el medio rural\u00bb, reconoce. A su juicio esta situaci\u00f3n se debe a la \u00abdesidia del equipo de Gobierno\u00bb. Ha ...","og_url":"https:\/\/agrupacionespsoe.es\/ponferrada\/la-dejadez-del-equipo-de-gobierno-pone-en-serio-riesgo-la-financiacion-de-los-accesos-a-san-adrian\/","og_site_name":"Agrupaci\u00f3n Socialista de Ponferrada","article_published_time":"2024-11-13T08:34:27+00:00","article_modified_time":"2024-11-19T08:39:30+00:00","og_image":[{"width":1600,"height":1200,"url":"https:\/\/agrupacionespsoe.es\/ponferrada\/wp-content\/uploads\/sites\/36\/2024\/11\/WhatsApp-Image-2024-11-13-at-13.38.39.jpeg","type":"image\/jpeg"}],"author":"ponferrada2","twitter_card":"summary_large_image","twitter_misc":{"Escrito por":"ponferrada2","Tiempo de lectura":"3 minutos"},"schema":{"@context":"https:\/\/schema.org","@graph":[{"@type":"Article","@id":"https:\/\/agrupacionespsoe.es\/ponferrada\/la-dejadez-del-equipo-de-gobierno-pone-en-serio-riesgo-la-financiacion-de-los-accesos-a-san-adrian\/#article","isPartOf":{"@id":"https:\/\/agrupacionespsoe.es\/ponferrada\/la-dejadez-del-equipo-de-gobierno-pone-en-serio-riesgo-la-financiacion-de-los-accesos-a-san-adrian\/"},"author":{"name":"ponferrada2","@id":"https:\/\/agrupacionespsoe.es\/ponferrada\/#\/schema\/person\/cd29ee627f3b70c05d415f02596debaa"},"headline":"La dejadez del equipo de gobierno pone en serio riesgo la financiaci\u00f3n de los accesos a San Adri\u00e1n","datePublished":"2024-11-13T08:34:27+00:00","dateModified":"2024-11-19T08:39:30+00:00","mainEntityOfPage":{"@id":"https:\/\/agrupacionespsoe.es\/ponferrada\/la-dejadez-del-equipo-de-gobierno-pone-en-serio-riesgo-la-financiacion-de-los-accesos-a-san-adrian\/"},"wordCount":471,"commentCount":0,"publisher":{"@id":"https:\/\/agrupacionespsoe.es\/ponferrada\/#organization"},"image":{"@id":"https:\/\/agrupacionespsoe.es\/ponferrada\/la-dejadez-del-equipo-de-gobierno-pone-en-serio-riesgo-la-financiacion-de-los-accesos-a-san-adrian\/#primaryimage"},"thumbnailUrl":"https:\/\/agrupacionespsoe.es\/ponferrada\/wp-content\/uploads\/sites\/36\/2024\/11\/WhatsApp-Image-2024-11-13-at-13.38.39.jpeg","articleSection":["ACTUALIDAD"],"inLanguage":"es","potentialAction":[{"@type":"CommentAction","name":"Comment","target":["https:\/\/agrupacionespsoe.es\/ponferrada\/la-dejadez-del-equipo-de-gobierno-pone-en-serio-riesgo-la-financiacion-de-los-accesos-a-san-adrian\/#respond"]}]},{"@type":"WebPage","@id":"https:\/\/agrupacionespsoe.es\/ponferrada\/la-dejadez-del-equipo-de-gobierno-pone-en-serio-riesgo-la-financiacion-de-los-accesos-a-san-adrian\/","url":"https:\/\/agrupacionespsoe.es\/ponferrada\/la-dejadez-del-equipo-de-gobierno-pone-en-serio-riesgo-la-financiacion-de-los-accesos-a-san-adrian\/","name":"La dejadez del equipo de gobierno pone en serio riesgo la financiaci\u00f3n de los accesos a San Adri\u00e1n - Agrupaci\u00f3n Socialista de Ponferrada","isPartOf":{"@id":"https:\/\/agrupacionespsoe.es\/ponferrada\/#website"},"primaryImageOfPage":{"@id":"https:\/\/agrupacionespsoe.es\/ponferrada\/la-dejadez-del-equipo-de-gobierno-pone-en-serio-riesgo-la-financiacion-de-los-accesos-a-san-adrian\/#primaryimage"},"image":{"@id":"https:\/\/agrupacionespsoe.es\/ponferrada\/la-dejadez-del-equipo-de-gobierno-pone-en-serio-riesgo-la-financiacion-de-los-accesos-a-san-adrian\/#primaryimage"},"thumbnailUrl":"https:\/\/agrupacionespsoe.es\/ponferrada\/wp-content\/uploads\/sites\/36\/2024\/11\/WhatsApp-Image-2024-11-13-at-13.38.39.jpeg","datePublished":"2024-11-13T08:34:27+00:00","dateModified":"2024-11-19T08:39:30+00:00","breadcrumb":{"@id":"https:\/\/agrupacionespsoe.es\/ponferrada\/la-dejadez-del-equipo-de-gobierno-pone-en-serio-riesgo-la-financiacion-de-los-accesos-a-san-adrian\/#breadcrumb"},"inLanguage":"es","potentialAction":[{"@type":"ReadAction","target":["https:\/\/agrupacionespsoe.es\/ponferrada\/la-dejadez-del-equipo-de-gobierno-pone-en-serio-riesgo-la-financiacion-de-los-accesos-a-san-adrian\/"]}]},{"@type":"ImageObject","inLanguage":"es","@id":"https:\/\/agrupacionespsoe.es\/ponferrada\/la-dejadez-del-equipo-de-gobierno-pone-en-serio-riesgo-la-financiacion-de-los-accesos-a-san-adrian\/#primaryimage","url":"https:\/\/agrupacionespsoe.es\/ponferrada\/wp-content\/uploads\/sites\/36\/2024\/11\/WhatsApp-Image-2024-11-13-at-13.38.39.jpeg","contentUrl":"https:\/\/agrupacionespsoe.es\/ponferrada\/wp-content\/uploads\/sites\/36\/2024\/11\/WhatsApp-Image-2024-11-13-at-13.38.39.jpeg","width":1600,"height":1200},{"@type":"BreadcrumbList","@id":"https:\/\/agrupacionespsoe.es\/ponferrada\/la-dejadez-del-equipo-de-gobierno-pone-en-serio-riesgo-la-financiacion-de-los-accesos-a-san-adrian\/#breadcrumb","itemListElement":[{"@type":"ListItem","position":1,"name":"Portada","item":"https:\/\/agrupacionespsoe.es\/ponferrada\/"},{"@type":"ListItem","position":2,"name":"La dejadez del equipo de gobierno pone en serio riesgo la financiaci\u00f3n de los accesos a San Adri\u00e1n"}]},{"@type":"WebSite","@id":"https:\/\/agrupacionespsoe.es\/ponferrada\/#website","url":"https:\/\/agrupacionespsoe.es\/ponferrada\/","name":"Agrupaci\u00f3n Socialista de Ponferrada","description":"Agrupaci\u00f3n Socialista de Ponferrada","publisher":{"@id":"https:\/\/agrupacionespsoe.es\/ponferrada\/#organization"},"potentialAction":[{"@type":"SearchAction","target":{"@type":"EntryPoint","urlTemplate":"https:\/\/agrupacionespsoe.es\/ponferrada\/?s={search_term_string}"},"query-input":{"@type":"PropertyValueSpecification","valueRequired":true,"valueName":"search_term_string"}}],"inLanguage":"es"},{"@type":"Organization","@id":"https:\/\/agrupacionespsoe.es\/ponferrada\/#organization","name":"Agrupaci\u00f3n Socialista de Ponferrada","url":"https:\/\/agrupacionespsoe.es\/ponferrada\/","logo":{"@type":"ImageObject","inLanguage":"es","@id":"https:\/\/agrupacionespsoe.es\/ponferrada\/#\/schema\/logo\/image\/","url":"https:\/\/agrupacionespsoe.es\/wp-content\/uploads\/2022\/07\/Logotipo_electoral_del_PSOE.png","contentUrl":"https:\/\/agrupacionespsoe.es\/wp-content\/uploads\/2022\/07\/Logotipo_electoral_del_PSOE.png","width":422,"height":422,"caption":"Agrupaci\u00f3n Socialista de Ponferrada"},"image":{"@id":"https:\/\/agrupacionespsoe.es\/ponferrada\/#\/schema\/logo\/image\/"}},{"@type":"Person","@id":"https:\/\/agrupacionespsoe.es\/ponferrada\/#\/schema\/person\/cd29ee627f3b70c05d415f02596debaa","name":"ponferrada2","image":{"@type":"ImageObject","inLanguage":"es","@id":"https:\/\/agrupacionespsoe.es\/ponferrada\/#\/schema\/person\/image\/","url":"https:\/\/secure.gravatar.com\/avatar\/f499eeb60144c664cf7b7edf75549b50?s=96&d=mm&r=g","contentUrl":"https:\/\/secure.gravatar.com\/avatar\/f499eeb60144c664cf7b7edf75549b50?s=96&d=mm&r=g","caption":"ponferrada2"},"url":"https:\/\/agrupacionespsoe.es\/ponferrada\/author\/ponferrada2\/"}]}},"jetpack_featured_media_url":"https:\/\/agrupacionespsoe.es\/ponferrada\/wp-content\/uploads\/sites\/36\/2024\/11\/WhatsApp-Image-2024-11-13-at-13.38.39.jpeg","jetpack_sharing_enabled":true,"_links":{"self":[{"href":"https:\/\/agrupacionespsoe.es\/ponferrada\/wp-json\/wp\/v2\/posts\/672","targetHints":{"allow":["GET"]}}],"collection":[{"href":"https:\/\/agrupacionespsoe.es\/ponferrada\/wp-json\/wp\/v2\/posts"}],"about":[{"href":"https:\/\/agrupacionespsoe.es\/ponferrada\/wp-json\/wp\/v2\/types\/post"}],"author":[{"embeddable":true,"href":"https:\/\/agrupacionespsoe.es\/ponferrada\/wp-json\/wp\/v2\/users\/32"}],"replies":[{"embeddable":true,"href":"https:\/\/agrupacionespsoe.es\/ponferrada\/wp-json\/wp\/v2\/comments?post=672"}],"version-history":[{"count":1,"href":"https:\/\/agrupacionespsoe.es\/ponferrada\/wp-json\/wp\/v2\/posts\/672\/revisions"}],"predecessor-version":[{"id":675,"href":"https:\/\/agrupacionespsoe.es\/ponferrada\/wp-json\/wp\/v2\/posts\/672\/revisions\/675"}],"wp:featuredmedia":[{"embeddable":true,"href":"https:\/\/agrupacionespsoe.es\/ponferrada\/wp-json\/wp\/v2\/media\/674"}],"wp:attachment":[{"href":"https:\/\/agrupacionespsoe.es\/ponferrada\/wp-json\/wp\/v2\/media?parent=672"}],"wp:term":[{"taxonomy":"category","embeddable":true,"href":"https:\/\/agrupacionespsoe.es\/ponferrada\/wp-json\/wp\/v2\/categories?post=672"},{"taxonomy":"post_tag","embeddable":true,"href":"https:\/\/agrupacionespsoe.es\/ponferrada\/wp-json\/wp\/v2\/tags?post=672"}],"curies":[{"name":"wp","href":"https:\/\/api.w.org\/{rel}","templated":true}]}}