{"id":666,"date":"2024-11-08T09:26:30","date_gmt":"2024-11-08T09:26:30","guid":{"rendered":"https:\/\/agrupacionespsoe.es\/ponferrada\/?p=666"},"modified":"2024-11-19T08:34:09","modified_gmt":"2024-11-19T08:34:09","slug":"el-grupo-municipal-socialista-critica-que-el-sr-morala-busca-culpables-en-cualquiera-que-no-sea-de-su-partido","status":"publish","type":"post","link":"https:\/\/agrupacionespsoe.es\/ponferrada\/el-grupo-municipal-socialista-critica-que-el-sr-morala-busca-culpables-en-cualquiera-que-no-sea-de-su-partido\/","title":{"rendered":"El grupo municipal socialista critica que el Sr. Morala busca culpables en cualquiera que no sea de su partido."},"content":{"rendered":"\n<p class=\"has-large-font-size\"><strong>Mabel Fern\u00e1ndez: Recomendamos que se pongan a trabajar para no llegar tarde, mal y nunca como acostumbran<\/strong><\/p>\n\n\n\n<p>El grupo socialista le pide al Sr. Morala que est\u00e9 a la altura de los ciudadanos que gobierna y empiece a gestionar con lealtad y responsabilidad y deje de echar la culpa a cualquiera que se le ocurra mientras no sea de su partido.<\/p>\n\n\n\n<p>El grupo socialista muestra su incredulidad ante las palabras del Alcalde que da a entender que se acaba de enterar que los ayuntamientos tienen que poner en marcha una tasa de basura que cubra los costes del servicio para el a\u00f1o que viene, a la que tiene el descaro de llamar el \u201csanchazo fiscal\u201d.<\/p>\n\n\n\n<p>Mabel Fern\u00e1ndez se\u00f1ala que es vergonzoso escuchar los lamentos del Sr. Morala y que no sepa que la Ley 7\/2022 de residuos y suelos contaminados proviene de una directiva europea que se aprob\u00f3 como su nombre indica en 2022. Esa Ley daba un margen de tres a\u00f1os para su entrada y que el Sr. Morala era el jefe de la oposici\u00f3n cuando el PSOE tom\u00f3 la valiente decisi\u00f3n de poner en marcha una tasa de la basura.<\/p>\n\n\n\n<p>La concejala socialista quiere recordar las palabras del Sr. Morala que se\u00f1alaba en relaci\u00f3n al anterior equipo de gobierno que \u201cse escudaba en una tasa europea para hablar de una tasa de basuras para escurrir el bulto y eludir su responsabilidad\u201d, &nbsp;que esa tasa era un \u201csobreesfuerzo fiscal intolerable\u201d, que representa \u201cla puntilla ante la actual situaci\u00f3n\u201d o que esta tasa \u201cesquilma los bolsillos de los ponferradinos en el peor momento posible\u201d. Morala como portavoz de la oposici\u00f3n se\u00f1alaba que \u201cUna vez m\u00e1s van a lo f\u00e1cil y no a lo conveniente para la econom\u00eda de la ciudad\u201d o que&nbsp; \u201cTenemos a los peores entre los malos gobernantes locales\u201d.<\/p>\n\n\n\n<p>Escuchando ahora sus palabras parece que es muy dif\u00edcil para el Sr. Morala mantener la misma palabra como l\u00edder de la oposici\u00f3n que como Alcalde.<\/p>\n\n\n\n<p>Para Mabel Fern\u00e1ndez, esta ser\u00e1 la en\u00e9sima de las excusas que pondr\u00e1 para no cumplir con otra m\u00e1s de sus problemas electorales estrella, la de rebajar la presi\u00f3n fiscal a la ciudadan\u00eda. Lo que viene a demostrar que ment\u00eda con el \u00fanico objetivo de ganar un pu\u00f1ado de votos, sab\u00eda perfectamente que la tasa era obligatoria, sab\u00eda que la situaci\u00f3n del ayuntamiento recomendaba la existencia de la misma y sab\u00eda perfectamente que no iba a poder bajar la carga impositiva. Sin embargo, no tuvo empacho en prometerlo.<\/p>\n\n\n\n<p>Mabel Fern\u00e1ndez reflexiona se\u00f1alando que si hubiese sido cierto lo que dec\u00eda entonces, por qu\u00e9 su primera decisi\u00f3n no fue la eliminaci\u00f3n de la tasa de basura?. Actuando de manera completamente opuesta las primeras decisiones fueron de m\u00e1s gasto para las arcas municipales, trasladar un parklet que casi cost\u00f3 lo mismo moverlo que ponerlo y celebrar la cena templaria en el Castillo de los Templarios. Dos decisiones que ya marcaban la l\u00ednea pol\u00edtica de este equipo de gobierno de derroche y falta de ideas propias y por lo tanto de gesti\u00f3n.<\/p>\n\n\n\n<p>Mabel Fernandez contin\u00faa diciendo que \u201csi desde el PSOE practic\u00e1ramos el mismo populismo del que el Sr. Morala hizo gala en su etapa de l\u00edder de la oposici\u00f3n le preguntar\u00edamos si adem\u00e1s de lamentarse est\u00e1 trabajando en la l\u00ednea de otros ayuntamientos de compensar la subida de la tasa por medio de una bonificaci\u00f3n fiscal. O le preguntar\u00edamos si est\u00e1 haciendo gestiones con sus compa\u00f1eros de partido en la Junta de Castilla y Le\u00f3n para que incremente la financiaci\u00f3n a los ayuntamientos para que estos puedan reducir el coste de esta tasa.\u201d<\/p>\n\n\n\n<p>Mabel Fern\u00e1ndez ha querido recordarle a Morala sus palabras cuando el equipo de gobierno de Olegario Ram\u00f3n separ\u00f3 los contratos de basura y el de limpieza viaria donde se\u00f1alaba que eran \u201c una chapuza de pliegos que no puede sino dar lugar a problemas que amenazan con afectar el normal funcionamiento y prestaci\u00f3n del servicio de limpieza y que ser\u00e1n persistentes en los siguientes ejercicios presupuestarios\u201d, nos preguntamos qu\u00e9 hubiera hecho ahora el actual equipo de gobierno si no hubi\u00e9ramos separado ambos servicios, c\u00f3mo iban a calcular el coste efectivo de la recogida de basura.<\/p>\n\n\n\n<p>Para finalizar Mabel Fern\u00e1ndez recomienda al actual equipo de gobierno, que empiece a trabajar en el c\u00e1lculo de los costes y en las posibles medidas alternativas para no tener que subir la tasa de manera muy pronunciada a los y las ponferradinas.<\/p>\n\n\n\n<p>Recordamos que no han puesto en marcha medidas que ya se hab\u00edan empezado en el anterior mandato como la separaci\u00f3n y compostaje de basura org\u00e1nica o la instalaci\u00f3n del quinto contenedor, tienen mucho trabajo que hacer antes de poner en marcha esa medida y creemos escuchando las palabras del Alcalde que van a llegar tarde, mal y nunca como ya viene siendo habitual.<\/p>\n\n\n\n<figure class=\"wp-block-image size-full\"><img loading=\"lazy\" decoding=\"async\" width=\"703\" height=\"1000\" src=\"https:\/\/agrupacionespsoe.es\/ponferrada\/wp-content\/uploads\/sites\/36\/2024\/07\/FOTO-MABEL.jpeg\" alt=\"\" class=\"wp-image-563\" srcset=\"https:\/\/agrupacionespsoe.es\/ponferrada\/wp-content\/uploads\/sites\/36\/2024\/07\/FOTO-MABEL.jpeg 703w, https:\/\/agrupacionespsoe.es\/ponferrada\/wp-content\/uploads\/sites\/36\/2024\/07\/FOTO-MABEL-211x300.jpeg 211w\" sizes=\"auto, (max-width: 703px) 100vw, 703px\" \/><\/figure>\n","protected":false},"excerpt":{"rendered":"<p>Mabel Fern\u00e1ndez: Recomendamos que se pongan a trabajar para no llegar tarde, mal y nunca como acostumbran El grupo socialista le pide al Sr. Morala que est\u00e9 a la altura de los ciudadanos que gobierna y empiece a gestionar con lealtad y responsabilidad y deje de echar la culpa a cualquiera que se le ocurra &#8230;<\/p>\n","protected":false},"author":32,"featured_media":563,"comment_status":"open","ping_status":"open","sticky":false,"template":"","format":"standard","meta":{"_jetpack_memberships_contains_paid_content":false,"footnotes":""},"categories":[6],"tags":[],"class_list":["post-666","post","type-post","status-publish","format-standard","has-post-thumbnail","hentry","category-actualidad"],"yoast_head":"<!-- This site is optimized with the Yoast SEO plugin v24.0 - https:\/\/yoast.com\/wordpress\/plugins\/seo\/ -->\n<title>El grupo municipal socialista critica que el Sr. Morala busca culpables en cualquiera que no sea de su partido. - Agrupaci\u00f3n Socialista de Ponferrada<\/title>\n<meta name=\"robots\" content=\"index, follow, max-snippet:-1, max-image-preview:large, max-video-preview:-1\" \/>\n<link rel=\"canonical\" href=\"https:\/\/agrupacionespsoe.es\/ponferrada\/el-grupo-municipal-socialista-critica-que-el-sr-morala-busca-culpables-en-cualquiera-que-no-sea-de-su-partido\/\" \/>\n<meta property=\"og:locale\" content=\"es_ES\" \/>\n<meta property=\"og:type\" content=\"article\" \/>\n<meta property=\"og:title\" content=\"El grupo municipal socialista critica que el Sr. Morala busca culpables en cualquiera que no sea de su partido. - Agrupaci\u00f3n Socialista de Ponferrada\" \/>\n<meta property=\"og:description\" content=\"Mabel Fern\u00e1ndez: Recomendamos que se pongan a trabajar para no llegar tarde, mal y nunca como acostumbran El grupo socialista le pide al Sr. Morala que est\u00e9 a la altura de los ciudadanos que gobierna y empiece a gestionar con lealtad y responsabilidad y deje de echar la culpa a cualquiera que se le ocurra ...\" \/>\n<meta property=\"og:url\" content=\"https:\/\/agrupacionespsoe.es\/ponferrada\/el-grupo-municipal-socialista-critica-que-el-sr-morala-busca-culpables-en-cualquiera-que-no-sea-de-su-partido\/\" \/>\n<meta property=\"og:site_name\" content=\"Agrupaci\u00f3n Socialista de Ponferrada\" \/>\n<meta property=\"article:published_time\" content=\"2024-11-08T09:26:30+00:00\" \/>\n<meta property=\"article:modified_time\" content=\"2024-11-19T08:34:09+00:00\" \/>\n<meta property=\"og:image\" content=\"https:\/\/agrupacionespsoe.es\/ponferrada\/wp-content\/uploads\/sites\/36\/2024\/07\/FOTO-MABEL.jpeg\" \/>\n\t<meta property=\"og:image:width\" content=\"703\" \/>\n\t<meta property=\"og:image:height\" content=\"1000\" \/>\n\t<meta property=\"og:image:type\" content=\"image\/jpeg\" \/>\n<meta name=\"author\" content=\"ponferrada2\" \/>\n<meta name=\"twitter:card\" content=\"summary_large_image\" \/>\n<meta name=\"twitter:label1\" content=\"Escrito por\" \/>\n\t<meta name=\"twitter:data1\" content=\"ponferrada2\" \/>\n\t<meta name=\"twitter:label2\" content=\"Tiempo de lectura\" \/>\n\t<meta name=\"twitter:data2\" content=\"4 minutos\" \/>\n<script type=\"application\/ld+json\" class=\"yoast-schema-graph\">{\"@context\":\"https:\/\/schema.org\",\"@graph\":[{\"@type\":\"Article\",\"@id\":\"https:\/\/agrupacionespsoe.es\/ponferrada\/el-grupo-municipal-socialista-critica-que-el-sr-morala-busca-culpables-en-cualquiera-que-no-sea-de-su-partido\/#article\",\"isPartOf\":{\"@id\":\"https:\/\/agrupacionespsoe.es\/ponferrada\/el-grupo-municipal-socialista-critica-que-el-sr-morala-busca-culpables-en-cualquiera-que-no-sea-de-su-partido\/\"},\"author\":{\"name\":\"ponferrada2\",\"@id\":\"https:\/\/agrupacionespsoe.es\/ponferrada\/#\/schema\/person\/cd29ee627f3b70c05d415f02596debaa\"},\"headline\":\"El grupo municipal socialista critica que el Sr. Morala busca culpables en cualquiera que no sea de su partido.\",\"datePublished\":\"2024-11-08T09:26:30+00:00\",\"dateModified\":\"2024-11-19T08:34:09+00:00\",\"mainEntityOfPage\":{\"@id\":\"https:\/\/agrupacionespsoe.es\/ponferrada\/el-grupo-municipal-socialista-critica-que-el-sr-morala-busca-culpables-en-cualquiera-que-no-sea-de-su-partido\/\"},\"wordCount\":877,\"commentCount\":0,\"publisher\":{\"@id\":\"https:\/\/agrupacionespsoe.es\/ponferrada\/#organization\"},\"image\":{\"@id\":\"https:\/\/agrupacionespsoe.es\/ponferrada\/el-grupo-municipal-socialista-critica-que-el-sr-morala-busca-culpables-en-cualquiera-que-no-sea-de-su-partido\/#primaryimage\"},\"thumbnailUrl\":\"https:\/\/agrupacionespsoe.es\/ponferrada\/wp-content\/uploads\/sites\/36\/2024\/07\/FOTO-MABEL.jpeg\",\"articleSection\":[\"ACTUALIDAD\"],\"inLanguage\":\"es\",\"potentialAction\":[{\"@type\":\"CommentAction\",\"name\":\"Comment\",\"target\":[\"https:\/\/agrupacionespsoe.es\/ponferrada\/el-grupo-municipal-socialista-critica-que-el-sr-morala-busca-culpables-en-cualquiera-que-no-sea-de-su-partido\/#respond\"]}]},{\"@type\":\"WebPage\",\"@id\":\"https:\/\/agrupacionespsoe.es\/ponferrada\/el-grupo-municipal-socialista-critica-que-el-sr-morala-busca-culpables-en-cualquiera-que-no-sea-de-su-partido\/\",\"url\":\"https:\/\/agrupacionespsoe.es\/ponferrada\/el-grupo-municipal-socialista-critica-que-el-sr-morala-busca-culpables-en-cualquiera-que-no-sea-de-su-partido\/\",\"name\":\"El grupo municipal socialista critica que el Sr. Morala busca culpables en cualquiera que no sea de su partido. - Agrupaci\u00f3n Socialista de Ponferrada\",\"isPartOf\":{\"@id\":\"https:\/\/agrupacionespsoe.es\/ponferrada\/#website\"},\"primaryImageOfPage\":{\"@id\":\"https:\/\/agrupacionespsoe.es\/ponferrada\/el-grupo-municipal-socialista-critica-que-el-sr-morala-busca-culpables-en-cualquiera-que-no-sea-de-su-partido\/#primaryimage\"},\"image\":{\"@id\":\"https:\/\/agrupacionespsoe.es\/ponferrada\/el-grupo-municipal-socialista-critica-que-el-sr-morala-busca-culpables-en-cualquiera-que-no-sea-de-su-partido\/#primaryimage\"},\"thumbnailUrl\":\"https:\/\/agrupacionespsoe.es\/ponferrada\/wp-content\/uploads\/sites\/36\/2024\/07\/FOTO-MABEL.jpeg\",\"datePublished\":\"2024-11-08T09:26:30+00:00\",\"dateModified\":\"2024-11-19T08:34:09+00:00\",\"breadcrumb\":{\"@id\":\"https:\/\/agrupacionespsoe.es\/ponferrada\/el-grupo-municipal-socialista-critica-que-el-sr-morala-busca-culpables-en-cualquiera-que-no-sea-de-su-partido\/#breadcrumb\"},\"inLanguage\":\"es\",\"potentialAction\":[{\"@type\":\"ReadAction\",\"target\":[\"https:\/\/agrupacionespsoe.es\/ponferrada\/el-grupo-municipal-socialista-critica-que-el-sr-morala-busca-culpables-en-cualquiera-que-no-sea-de-su-partido\/\"]}]},{\"@type\":\"ImageObject\",\"inLanguage\":\"es\",\"@id\":\"https:\/\/agrupacionespsoe.es\/ponferrada\/el-grupo-municipal-socialista-critica-que-el-sr-morala-busca-culpables-en-cualquiera-que-no-sea-de-su-partido\/#primaryimage\",\"url\":\"https:\/\/agrupacionespsoe.es\/ponferrada\/wp-content\/uploads\/sites\/36\/2024\/07\/FOTO-MABEL.jpeg\",\"contentUrl\":\"https:\/\/agrupacionespsoe.es\/ponferrada\/wp-content\/uploads\/sites\/36\/2024\/07\/FOTO-MABEL.jpeg\",\"width\":703,\"height\":1000},{\"@type\":\"BreadcrumbList\",\"@id\":\"https:\/\/agrupacionespsoe.es\/ponferrada\/el-grupo-municipal-socialista-critica-que-el-sr-morala-busca-culpables-en-cualquiera-que-no-sea-de-su-partido\/#breadcrumb\",\"itemListElement\":[{\"@type\":\"ListItem\",\"position\":1,\"name\":\"Portada\",\"item\":\"https:\/\/agrupacionespsoe.es\/ponferrada\/\"},{\"@type\":\"ListItem\",\"position\":2,\"name\":\"El grupo municipal socialista critica que el Sr. Morala busca culpables en cualquiera que no sea de su partido.\"}]},{\"@type\":\"WebSite\",\"@id\":\"https:\/\/agrupacionespsoe.es\/ponferrada\/#website\",\"url\":\"https:\/\/agrupacionespsoe.es\/ponferrada\/\",\"name\":\"Agrupaci\u00f3n Socialista de Ponferrada\",\"description\":\"Agrupaci\u00f3n Socialista de Ponferrada\",\"publisher\":{\"@id\":\"https:\/\/agrupacionespsoe.es\/ponferrada\/#organization\"},\"potentialAction\":[{\"@type\":\"SearchAction\",\"target\":{\"@type\":\"EntryPoint\",\"urlTemplate\":\"https:\/\/agrupacionespsoe.es\/ponferrada\/?s={search_term_string}\"},\"query-input\":{\"@type\":\"PropertyValueSpecification\",\"valueRequired\":true,\"valueName\":\"search_term_string\"}}],\"inLanguage\":\"es\"},{\"@type\":\"Organization\",\"@id\":\"https:\/\/agrupacionespsoe.es\/ponferrada\/#organization\",\"name\":\"Agrupaci\u00f3n Socialista de Ponferrada\",\"url\":\"https:\/\/agrupacionespsoe.es\/ponferrada\/\",\"logo\":{\"@type\":\"ImageObject\",\"inLanguage\":\"es\",\"@id\":\"https:\/\/agrupacionespsoe.es\/ponferrada\/#\/schema\/logo\/image\/\",\"url\":\"https:\/\/agrupacionespsoe.es\/wp-content\/uploads\/2022\/07\/Logotipo_electoral_del_PSOE.png\",\"contentUrl\":\"https:\/\/agrupacionespsoe.es\/wp-content\/uploads\/2022\/07\/Logotipo_electoral_del_PSOE.png\",\"width\":422,\"height\":422,\"caption\":\"Agrupaci\u00f3n Socialista de Ponferrada\"},\"image\":{\"@id\":\"https:\/\/agrupacionespsoe.es\/ponferrada\/#\/schema\/logo\/image\/\"}},{\"@type\":\"Person\",\"@id\":\"https:\/\/agrupacionespsoe.es\/ponferrada\/#\/schema\/person\/cd29ee627f3b70c05d415f02596debaa\",\"name\":\"ponferrada2\",\"image\":{\"@type\":\"ImageObject\",\"inLanguage\":\"es\",\"@id\":\"https:\/\/agrupacionespsoe.es\/ponferrada\/#\/schema\/person\/image\/\",\"url\":\"https:\/\/secure.gravatar.com\/avatar\/f499eeb60144c664cf7b7edf75549b50?s=96&d=mm&r=g\",\"contentUrl\":\"https:\/\/secure.gravatar.com\/avatar\/f499eeb60144c664cf7b7edf75549b50?s=96&d=mm&r=g\",\"caption\":\"ponferrada2\"},\"url\":\"https:\/\/agrupacionespsoe.es\/ponferrada\/author\/ponferrada2\/\"}]}<\/script>\n<!-- \/ Yoast SEO plugin. -->","yoast_head_json":{"title":"El grupo municipal socialista critica que el Sr. Morala busca culpables en cualquiera que no sea de su partido. - Agrupaci\u00f3n Socialista de Ponferrada","robots":{"index":"index","follow":"follow","max-snippet":"max-snippet:-1","max-image-preview":"max-image-preview:large","max-video-preview":"max-video-preview:-1"},"canonical":"https:\/\/agrupacionespsoe.es\/ponferrada\/el-grupo-municipal-socialista-critica-que-el-sr-morala-busca-culpables-en-cualquiera-que-no-sea-de-su-partido\/","og_locale":"es_ES","og_type":"article","og_title":"El grupo municipal socialista critica que el Sr. Morala busca culpables en cualquiera que no sea de su partido. - Agrupaci\u00f3n Socialista de Ponferrada","og_description":"Mabel Fern\u00e1ndez: Recomendamos que se pongan a trabajar para no llegar tarde, mal y nunca como acostumbran El grupo socialista le pide al Sr. Morala que est\u00e9 a la altura de los ciudadanos que gobierna y empiece a gestionar con lealtad y responsabilidad y deje de echar la culpa a cualquiera que se le ocurra ...","og_url":"https:\/\/agrupacionespsoe.es\/ponferrada\/el-grupo-municipal-socialista-critica-que-el-sr-morala-busca-culpables-en-cualquiera-que-no-sea-de-su-partido\/","og_site_name":"Agrupaci\u00f3n Socialista de Ponferrada","article_published_time":"2024-11-08T09:26:30+00:00","article_modified_time":"2024-11-19T08:34:09+00:00","og_image":[{"width":703,"height":1000,"url":"https:\/\/agrupacionespsoe.es\/ponferrada\/wp-content\/uploads\/sites\/36\/2024\/07\/FOTO-MABEL.jpeg","type":"image\/jpeg"}],"author":"ponferrada2","twitter_card":"summary_large_image","twitter_misc":{"Escrito por":"ponferrada2","Tiempo de lectura":"4 minutos"},"schema":{"@context":"https:\/\/schema.org","@graph":[{"@type":"Article","@id":"https:\/\/agrupacionespsoe.es\/ponferrada\/el-grupo-municipal-socialista-critica-que-el-sr-morala-busca-culpables-en-cualquiera-que-no-sea-de-su-partido\/#article","isPartOf":{"@id":"https:\/\/agrupacionespsoe.es\/ponferrada\/el-grupo-municipal-socialista-critica-que-el-sr-morala-busca-culpables-en-cualquiera-que-no-sea-de-su-partido\/"},"author":{"name":"ponferrada2","@id":"https:\/\/agrupacionespsoe.es\/ponferrada\/#\/schema\/person\/cd29ee627f3b70c05d415f02596debaa"},"headline":"El grupo municipal socialista critica que el Sr. Morala busca culpables en cualquiera que no sea de su partido.","datePublished":"2024-11-08T09:26:30+00:00","dateModified":"2024-11-19T08:34:09+00:00","mainEntityOfPage":{"@id":"https:\/\/agrupacionespsoe.es\/ponferrada\/el-grupo-municipal-socialista-critica-que-el-sr-morala-busca-culpables-en-cualquiera-que-no-sea-de-su-partido\/"},"wordCount":877,"commentCount":0,"publisher":{"@id":"https:\/\/agrupacionespsoe.es\/ponferrada\/#organization"},"image":{"@id":"https:\/\/agrupacionespsoe.es\/ponferrada\/el-grupo-municipal-socialista-critica-que-el-sr-morala-busca-culpables-en-cualquiera-que-no-sea-de-su-partido\/#primaryimage"},"thumbnailUrl":"https:\/\/agrupacionespsoe.es\/ponferrada\/wp-content\/uploads\/sites\/36\/2024\/07\/FOTO-MABEL.jpeg","articleSection":["ACTUALIDAD"],"inLanguage":"es","potentialAction":[{"@type":"CommentAction","name":"Comment","target":["https:\/\/agrupacionespsoe.es\/ponferrada\/el-grupo-municipal-socialista-critica-que-el-sr-morala-busca-culpables-en-cualquiera-que-no-sea-de-su-partido\/#respond"]}]},{"@type":"WebPage","@id":"https:\/\/agrupacionespsoe.es\/ponferrada\/el-grupo-municipal-socialista-critica-que-el-sr-morala-busca-culpables-en-cualquiera-que-no-sea-de-su-partido\/","url":"https:\/\/agrupacionespsoe.es\/ponferrada\/el-grupo-municipal-socialista-critica-que-el-sr-morala-busca-culpables-en-cualquiera-que-no-sea-de-su-partido\/","name":"El grupo municipal socialista critica que el Sr. Morala busca culpables en cualquiera que no sea de su partido. - Agrupaci\u00f3n Socialista de Ponferrada","isPartOf":{"@id":"https:\/\/agrupacionespsoe.es\/ponferrada\/#website"},"primaryImageOfPage":{"@id":"https:\/\/agrupacionespsoe.es\/ponferrada\/el-grupo-municipal-socialista-critica-que-el-sr-morala-busca-culpables-en-cualquiera-que-no-sea-de-su-partido\/#primaryimage"},"image":{"@id":"https:\/\/agrupacionespsoe.es\/ponferrada\/el-grupo-municipal-socialista-critica-que-el-sr-morala-busca-culpables-en-cualquiera-que-no-sea-de-su-partido\/#primaryimage"},"thumbnailUrl":"https:\/\/agrupacionespsoe.es\/ponferrada\/wp-content\/uploads\/sites\/36\/2024\/07\/FOTO-MABEL.jpeg","datePublished":"2024-11-08T09:26:30+00:00","dateModified":"2024-11-19T08:34:09+00:00","breadcrumb":{"@id":"https:\/\/agrupacionespsoe.es\/ponferrada\/el-grupo-municipal-socialista-critica-que-el-sr-morala-busca-culpables-en-cualquiera-que-no-sea-de-su-partido\/#breadcrumb"},"inLanguage":"es","potentialAction":[{"@type":"ReadAction","target":["https:\/\/agrupacionespsoe.es\/ponferrada\/el-grupo-municipal-socialista-critica-que-el-sr-morala-busca-culpables-en-cualquiera-que-no-sea-de-su-partido\/"]}]},{"@type":"ImageObject","inLanguage":"es","@id":"https:\/\/agrupacionespsoe.es\/ponferrada\/el-grupo-municipal-socialista-critica-que-el-sr-morala-busca-culpables-en-cualquiera-que-no-sea-de-su-partido\/#primaryimage","url":"https:\/\/agrupacionespsoe.es\/ponferrada\/wp-content\/uploads\/sites\/36\/2024\/07\/FOTO-MABEL.jpeg","contentUrl":"https:\/\/agrupacionespsoe.es\/ponferrada\/wp-content\/uploads\/sites\/36\/2024\/07\/FOTO-MABEL.jpeg","width":703,"height":1000},{"@type":"BreadcrumbList","@id":"https:\/\/agrupacionespsoe.es\/ponferrada\/el-grupo-municipal-socialista-critica-que-el-sr-morala-busca-culpables-en-cualquiera-que-no-sea-de-su-partido\/#breadcrumb","itemListElement":[{"@type":"ListItem","position":1,"name":"Portada","item":"https:\/\/agrupacionespsoe.es\/ponferrada\/"},{"@type":"ListItem","position":2,"name":"El grupo municipal socialista critica que el Sr. Morala busca culpables en cualquiera que no sea de su partido."}]},{"@type":"WebSite","@id":"https:\/\/agrupacionespsoe.es\/ponferrada\/#website","url":"https:\/\/agrupacionespsoe.es\/ponferrada\/","name":"Agrupaci\u00f3n Socialista de Ponferrada","description":"Agrupaci\u00f3n Socialista de Ponferrada","publisher":{"@id":"https:\/\/agrupacionespsoe.es\/ponferrada\/#organization"},"potentialAction":[{"@type":"SearchAction","target":{"@type":"EntryPoint","urlTemplate":"https:\/\/agrupacionespsoe.es\/ponferrada\/?s={search_term_string}"},"query-input":{"@type":"PropertyValueSpecification","valueRequired":true,"valueName":"search_term_string"}}],"inLanguage":"es"},{"@type":"Organization","@id":"https:\/\/agrupacionespsoe.es\/ponferrada\/#organization","name":"Agrupaci\u00f3n Socialista de Ponferrada","url":"https:\/\/agrupacionespsoe.es\/ponferrada\/","logo":{"@type":"ImageObject","inLanguage":"es","@id":"https:\/\/agrupacionespsoe.es\/ponferrada\/#\/schema\/logo\/image\/","url":"https:\/\/agrupacionespsoe.es\/wp-content\/uploads\/2022\/07\/Logotipo_electoral_del_PSOE.png","contentUrl":"https:\/\/agrupacionespsoe.es\/wp-content\/uploads\/2022\/07\/Logotipo_electoral_del_PSOE.png","width":422,"height":422,"caption":"Agrupaci\u00f3n Socialista de Ponferrada"},"image":{"@id":"https:\/\/agrupacionespsoe.es\/ponferrada\/#\/schema\/logo\/image\/"}},{"@type":"Person","@id":"https:\/\/agrupacionespsoe.es\/ponferrada\/#\/schema\/person\/cd29ee627f3b70c05d415f02596debaa","name":"ponferrada2","image":{"@type":"ImageObject","inLanguage":"es","@id":"https:\/\/agrupacionespsoe.es\/ponferrada\/#\/schema\/person\/image\/","url":"https:\/\/secure.gravatar.com\/avatar\/f499eeb60144c664cf7b7edf75549b50?s=96&d=mm&r=g","contentUrl":"https:\/\/secure.gravatar.com\/avatar\/f499eeb60144c664cf7b7edf75549b50?s=96&d=mm&r=g","caption":"ponferrada2"},"url":"https:\/\/agrupacionespsoe.es\/ponferrada\/author\/ponferrada2\/"}]}},"jetpack_featured_media_url":"https:\/\/agrupacionespsoe.es\/ponferrada\/wp-content\/uploads\/sites\/36\/2024\/07\/FOTO-MABEL.jpeg","jetpack_sharing_enabled":true,"_links":{"self":[{"href":"https:\/\/agrupacionespsoe.es\/ponferrada\/wp-json\/wp\/v2\/posts\/666","targetHints":{"allow":["GET"]}}],"collection":[{"href":"https:\/\/agrupacionespsoe.es\/ponferrada\/wp-json\/wp\/v2\/posts"}],"about":[{"href":"https:\/\/agrupacionespsoe.es\/ponferrada\/wp-json\/wp\/v2\/types\/post"}],"author":[{"embeddable":true,"href":"https:\/\/agrupacionespsoe.es\/ponferrada\/wp-json\/wp\/v2\/users\/32"}],"replies":[{"embeddable":true,"href":"https:\/\/agrupacionespsoe.es\/ponferrada\/wp-json\/wp\/v2\/comments?post=666"}],"version-history":[{"count":1,"href":"https:\/\/agrupacionespsoe.es\/ponferrada\/wp-json\/wp\/v2\/posts\/666\/revisions"}],"predecessor-version":[{"id":667,"href":"https:\/\/agrupacionespsoe.es\/ponferrada\/wp-json\/wp\/v2\/posts\/666\/revisions\/667"}],"wp:featuredmedia":[{"embeddable":true,"href":"https:\/\/agrupacionespsoe.es\/ponferrada\/wp-json\/wp\/v2\/media\/563"}],"wp:attachment":[{"href":"https:\/\/agrupacionespsoe.es\/ponferrada\/wp-json\/wp\/v2\/media?parent=666"}],"wp:term":[{"taxonomy":"category","embeddable":true,"href":"https:\/\/agrupacionespsoe.es\/ponferrada\/wp-json\/wp\/v2\/categories?post=666"},{"taxonomy":"post_tag","embeddable":true,"href":"https:\/\/agrupacionespsoe.es\/ponferrada\/wp-json\/wp\/v2\/tags?post=666"}],"curies":[{"name":"wp","href":"https:\/\/api.w.org\/{rel}","templated":true}]}}