{"id":658,"date":"2024-11-06T09:40:25","date_gmt":"2024-11-06T09:40:25","guid":{"rendered":"https:\/\/agrupacionespsoe.es\/ponferrada\/?p=658"},"modified":"2024-11-06T09:42:00","modified_gmt":"2024-11-06T09:42:00","slug":"el-gms-pide-al-equipo-de-gobierno-si-los-organizadores-de-la-feria-outlet-tienen-autorizacion-municipal-para-colocar-su-publicidad-que-se-ha-instalado-en-toda-la-ciudad","status":"publish","type":"post","link":"https:\/\/agrupacionespsoe.es\/ponferrada\/el-gms-pide-al-equipo-de-gobierno-si-los-organizadores-de-la-feria-outlet-tienen-autorizacion-municipal-para-colocar-su-publicidad-que-se-ha-instalado-en-toda-la-ciudad\/","title":{"rendered":"El GMS pide al equipo de gobierno que aclare si los organizadores de la Feria Outlet tienen autorizaci\u00f3n municipal para colocar su publicidad que se ha instalado en toda la ciudad"},"content":{"rendered":"\n<p class=\"has-large-font-size\"><strong>Desde el PSOE se\u00f1alamos que es un buen momento para que el equipo de gobierno demuestre que apoya al comercio local<\/strong><\/p>\n\n\n\n<p>El grupo municipal&nbsp; socialista le pide al equipo de gobierno que aclare si los organizadores de la Feria Outlet tiene autorizaci\u00f3n o no para colocar su publicidad. Se trata de unos cartelones y carteler\u00eda tradicional que abunda por toda la ciudad anunciando una feria outlet para los d\u00edas 22, 23 y 24 de noviembre. Adem\u00e1s pide al equipo de gobierno, que en caso de no tener autorizaci\u00f3n tomen las medidas que la normativa le permite para retirar los cartelones que est\u00e1n presentes en toda la ciudad o sancionen a los organizadores si fuera preciso.<\/p>\n\n\n\n<p>La concejala Silvia Blanco ha querido recordar que el ayuntamiento dispone de una ordenanza municipal que impide la colocaci\u00f3n de carteler\u00eda y anuncios que no est\u00e9n debidamente autorizados.<\/p>\n\n\n\n<p>Se\u00f1ala que \u201ces incre\u00edble que a estas alturas, teniendo la ciudad empapelada de carteles que anuncian el evento, no se hayan enterado de la celebraci\u00f3n de la misma y de no tener autorizaci\u00f3n a\u00fan no hayan hecho nada.\u201d<\/p>\n\n\n\n<p>Resulta llamativo que el equipo de gobierno presuma de apoyar el comercio local y que no se haya interesado por la celebraci\u00f3n de esta feria y no haga nada para evitar que una feria de outlet empapele la ciudad con la publicidad de su evento.<\/p>\n\n\n\n<p>Desde el grupo socialista hemos consultado a alguna de las organizaciones de comerciantes de Ponferrada y por el momento no tenemos conocimiento que ninguno de los establecimientos de Ponferrada o El Bierzo vaya a participar en esa feria, debido &nbsp;sobre todo a los elevados precios y a las condiciones que se les impone para asistir.<\/p>\n\n\n\n<p>A juicio del PSOE la organizaci\u00f3n de ese tipo de ferias outlet, con una agresiva publicidad y descuentos disparados, anuncian incluso 80% de rebaja en primeras marcas (en su web hablan de Tommy Hilfiger, Calvin Klein, The North Face\u2026), puede ser la puntilla para el comercio local.<\/p>\n\n\n\n<p>Silvia Blanco ha querido se\u00f1alar que la feria coincide con el fin de semana del Black Friday y que si tenemos en cuenta la asistencia que se espera y los resultados que han obtenido en otras localidades va a provocar que se lleven la mayor\u00eda de las compras de lo que resta de a\u00f1o hasta las navidades. \u201cConsideramos que este evento ocasionar\u00eda graves e irreparables da\u00f1os al comercio, ya que los consumidores se ven seducidos por los anuncios de ofertas y desplazan as\u00ed las ventas que pod\u00edan producirse en el comercio local, con el agravante de que se llevar\u00eda a cabo en fechas tan se\u00f1aladas\u201d.<\/p>\n\n\n\n<p>El PSOE se\u00f1ala que la letra peque\u00f1a les genera dudas. Se\u00f1alan que es una feria que se viene realizando un numerosos lugares de la geograf\u00eda y siempre envuelta en las protestas y en la pol\u00e9mica. A pesar de que en su portal&nbsp; de internet no aparece el nombre de la empresa organizadora por ning\u00fan lado ya son muchas las ciudades donde las denuncias, sobre todo de los comerciantes, han provocado&nbsp; que se suspendieran las autorizaciones para realizar la feria, ejemplos recientes son Santander o Vitoria.<\/p>\n\n\n\n<p>Son tambi\u00e9n muchas las denuncias que se acumulan por la falta de tique, que impide las reclamaciones despu\u00e9s de la compra, por impago de tasas de publicidad e incluso por problemas con la Seguridad Social, y lo que es m\u00e1s grave hay sospechas de falsificaci\u00f3n de productos y han sido varias las localidades donde se han retirado productos falsificados.<\/p>\n\n\n\n<p>Pero lo que es m\u00e1s grave para el PSOE es que lo consideramos un ataque al comercio local y la hosteler\u00eda, porque tambi\u00e9n traen restauraci\u00f3n, que son los que pagan impuestos, sostienen empleo y aporta para el desarrollo de la ciudad.<\/p>\n\n\n\n<p>Los carteles est\u00e1n por toda la ciudad y la publicidad en redes sociales se ha disparado anunciando descuentos masivos y publicitando marcas que dudamos que vaya a estar presentes por los antecedentes de la feria que se ha celebrado en otras ciudades,.<\/p>\n\n\n\n<p>Silvia Blanco reclama al&nbsp; bipartito que decida \u201csi apoya al comercio local sostenible o a intereses especulativos cuestionables y que act\u00fae en la medida que le permita la normativa para que esta feria de outlet haga el menor da\u00f1o posible al comercio local\u201d<\/p>\n\n\n\n<p>Desde el PSOE trataremos de defender\u00a0 el comercio local sobre este tipo de ferias multisector ya que es el comercio el que hace ciudad, genera riqueza y da vida a las ciudades\u00bb, por lo que consideramos incomprensible que el Ayuntamiento de Ponferrada \u00abno haga lo posible para evitar que este tipo de ferias, eventos que son una clara competencia desleal con el sector local, se desarrollen en nuestro entorno y sobre todo utilicen los recursos de la ciudad\u201d.<\/p>\n\n\n\n<figure class=\"wp-block-gallery has-nested-images columns-default is-cropped wp-block-gallery-1 is-layout-flex wp-block-gallery-is-layout-flex\">\n<figure class=\"wp-block-image size-large\"><img loading=\"lazy\" decoding=\"async\" width=\"1024\" height=\"768\" data-id=\"659\" src=\"https:\/\/agrupacionespsoe.es\/ponferrada\/wp-content\/uploads\/sites\/36\/2024\/11\/carteles-outlet-1-1024x768.jpeg\" alt=\"\" class=\"wp-image-659\" srcset=\"https:\/\/agrupacionespsoe.es\/ponferrada\/wp-content\/uploads\/sites\/36\/2024\/11\/carteles-outlet-1-1024x768.jpeg 1024w, https:\/\/agrupacionespsoe.es\/ponferrada\/wp-content\/uploads\/sites\/36\/2024\/11\/carteles-outlet-1-300x225.jpeg 300w, https:\/\/agrupacionespsoe.es\/ponferrada\/wp-content\/uploads\/sites\/36\/2024\/11\/carteles-outlet-1-768x576.jpeg 768w, https:\/\/agrupacionespsoe.es\/ponferrada\/wp-content\/uploads\/sites\/36\/2024\/11\/carteles-outlet-1-1536x1152.jpeg 1536w, https:\/\/agrupacionespsoe.es\/ponferrada\/wp-content\/uploads\/sites\/36\/2024\/11\/carteles-outlet-1.jpeg 2000w\" sizes=\"auto, (max-width: 1024px) 100vw, 1024px\" \/><\/figure>\n\n\n\n<figure class=\"wp-block-image size-large\"><img loading=\"lazy\" decoding=\"async\" width=\"1024\" height=\"768\" data-id=\"661\" src=\"https:\/\/agrupacionespsoe.es\/ponferrada\/wp-content\/uploads\/sites\/36\/2024\/11\/carteles-outlet-2-1024x768.jpeg\" alt=\"\" class=\"wp-image-661\" srcset=\"https:\/\/agrupacionespsoe.es\/ponferrada\/wp-content\/uploads\/sites\/36\/2024\/11\/carteles-outlet-2-1024x768.jpeg 1024w, https:\/\/agrupacionespsoe.es\/ponferrada\/wp-content\/uploads\/sites\/36\/2024\/11\/carteles-outlet-2-300x225.jpeg 300w, https:\/\/agrupacionespsoe.es\/ponferrada\/wp-content\/uploads\/sites\/36\/2024\/11\/carteles-outlet-2-768x576.jpeg 768w, https:\/\/agrupacionespsoe.es\/ponferrada\/wp-content\/uploads\/sites\/36\/2024\/11\/carteles-outlet-2-1536x1152.jpeg 1536w, https:\/\/agrupacionespsoe.es\/ponferrada\/wp-content\/uploads\/sites\/36\/2024\/11\/carteles-outlet-2.jpeg 2000w\" sizes=\"auto, (max-width: 1024px) 100vw, 1024px\" \/><\/figure>\n\n\n\n<figure class=\"wp-block-image size-large\"><img loading=\"lazy\" decoding=\"async\" width=\"1024\" height=\"768\" data-id=\"660\" src=\"https:\/\/agrupacionespsoe.es\/ponferrada\/wp-content\/uploads\/sites\/36\/2024\/11\/carteles-outlet-3-1024x768.jpeg\" alt=\"\" class=\"wp-image-660\" srcset=\"https:\/\/agrupacionespsoe.es\/ponferrada\/wp-content\/uploads\/sites\/36\/2024\/11\/carteles-outlet-3-1024x768.jpeg 1024w, https:\/\/agrupacionespsoe.es\/ponferrada\/wp-content\/uploads\/sites\/36\/2024\/11\/carteles-outlet-3-300x225.jpeg 300w, https:\/\/agrupacionespsoe.es\/ponferrada\/wp-content\/uploads\/sites\/36\/2024\/11\/carteles-outlet-3-768x576.jpeg 768w, https:\/\/agrupacionespsoe.es\/ponferrada\/wp-content\/uploads\/sites\/36\/2024\/11\/carteles-outlet-3-1536x1152.jpeg 1536w, https:\/\/agrupacionespsoe.es\/ponferrada\/wp-content\/uploads\/sites\/36\/2024\/11\/carteles-outlet-3.jpeg 2000w\" sizes=\"auto, (max-width: 1024px) 100vw, 1024px\" \/><\/figure>\n\n\n\n<figure class=\"wp-block-image size-large\"><img loading=\"lazy\" decoding=\"async\" width=\"1024\" height=\"768\" data-id=\"662\" src=\"https:\/\/agrupacionespsoe.es\/ponferrada\/wp-content\/uploads\/sites\/36\/2024\/11\/carteles-outlet-4-1024x768.jpeg\" alt=\"\" class=\"wp-image-662\" srcset=\"https:\/\/agrupacionespsoe.es\/ponferrada\/wp-content\/uploads\/sites\/36\/2024\/11\/carteles-outlet-4-1024x768.jpeg 1024w, https:\/\/agrupacionespsoe.es\/ponferrada\/wp-content\/uploads\/sites\/36\/2024\/11\/carteles-outlet-4-300x225.jpeg 300w, https:\/\/agrupacionespsoe.es\/ponferrada\/wp-content\/uploads\/sites\/36\/2024\/11\/carteles-outlet-4-768x576.jpeg 768w, https:\/\/agrupacionespsoe.es\/ponferrada\/wp-content\/uploads\/sites\/36\/2024\/11\/carteles-outlet-4-1536x1152.jpeg 1536w, https:\/\/agrupacionespsoe.es\/ponferrada\/wp-content\/uploads\/sites\/36\/2024\/11\/carteles-outlet-4.jpeg 2000w\" sizes=\"auto, (max-width: 1024px) 100vw, 1024px\" \/><\/figure>\n\n\n\n<figure class=\"wp-block-image size-large\"><img loading=\"lazy\" decoding=\"async\" width=\"607\" height=\"1024\" data-id=\"663\" src=\"https:\/\/agrupacionespsoe.es\/ponferrada\/wp-content\/uploads\/sites\/36\/2024\/11\/carteles-outlet-5-607x1024.jpeg\" alt=\"\" class=\"wp-image-663\" srcset=\"https:\/\/agrupacionespsoe.es\/ponferrada\/wp-content\/uploads\/sites\/36\/2024\/11\/carteles-outlet-5-607x1024.jpeg 607w, https:\/\/agrupacionespsoe.es\/ponferrada\/wp-content\/uploads\/sites\/36\/2024\/11\/carteles-outlet-5-178x300.jpeg 178w, https:\/\/agrupacionespsoe.es\/ponferrada\/wp-content\/uploads\/sites\/36\/2024\/11\/carteles-outlet-5-768x1296.jpeg 768w, https:\/\/agrupacionespsoe.es\/ponferrada\/wp-content\/uploads\/sites\/36\/2024\/11\/carteles-outlet-5-910x1536.jpeg 910w, https:\/\/agrupacionespsoe.es\/ponferrada\/wp-content\/uploads\/sites\/36\/2024\/11\/carteles-outlet-5.jpeg 1080w\" sizes=\"auto, (max-width: 607px) 100vw, 607px\" \/><\/figure>\n<\/figure>\n","protected":false},"excerpt":{"rendered":"<p>Desde el PSOE se\u00f1alamos que es un buen momento para que el equipo de gobierno demuestre que apoya al comercio local El grupo municipal&nbsp; socialista le pide al equipo de gobierno que aclare si los organizadores de la Feria Outlet tiene autorizaci\u00f3n o no para colocar su publicidad. Se trata de unos cartelones y carteler\u00eda &#8230;<\/p>\n","protected":false},"author":32,"featured_media":407,"comment_status":"open","ping_status":"open","sticky":false,"template":"","format":"standard","meta":{"_jetpack_memberships_contains_paid_content":false,"footnotes":""},"categories":[6],"tags":[],"class_list":["post-658","post","type-post","status-publish","format-standard","has-post-thumbnail","hentry","category-actualidad"],"yoast_head":"<!-- This site is optimized with the Yoast SEO plugin v24.0 - https:\/\/yoast.com\/wordpress\/plugins\/seo\/ -->\n<title>El GMS pide al equipo de gobierno que aclare si los organizadores de la Feria Outlet tienen autorizaci\u00f3n municipal para colocar su publicidad que se ha instalado en toda la ciudad - Agrupaci\u00f3n Socialista de Ponferrada<\/title>\n<meta name=\"robots\" content=\"index, follow, max-snippet:-1, max-image-preview:large, max-video-preview:-1\" \/>\n<link rel=\"canonical\" href=\"https:\/\/agrupacionespsoe.es\/ponferrada\/el-gms-pide-al-equipo-de-gobierno-si-los-organizadores-de-la-feria-outlet-tienen-autorizacion-municipal-para-colocar-su-publicidad-que-se-ha-instalado-en-toda-la-ciudad\/\" \/>\n<meta property=\"og:locale\" content=\"es_ES\" \/>\n<meta property=\"og:type\" content=\"article\" \/>\n<meta property=\"og:title\" content=\"El GMS pide al equipo de gobierno que aclare si los organizadores de la Feria Outlet tienen autorizaci\u00f3n municipal para colocar su publicidad que se ha instalado en toda la ciudad - Agrupaci\u00f3n Socialista de Ponferrada\" \/>\n<meta property=\"og:description\" content=\"Desde el PSOE se\u00f1alamos que es un buen momento para que el equipo de gobierno demuestre que apoya al comercio local El grupo municipal&nbsp; socialista le pide al equipo de gobierno que aclare si los organizadores de la Feria Outlet tiene autorizaci\u00f3n o no para colocar su publicidad. Se trata de unos cartelones y carteler\u00eda ...\" \/>\n<meta property=\"og:url\" content=\"https:\/\/agrupacionespsoe.es\/ponferrada\/el-gms-pide-al-equipo-de-gobierno-si-los-organizadores-de-la-feria-outlet-tienen-autorizacion-municipal-para-colocar-su-publicidad-que-se-ha-instalado-en-toda-la-ciudad\/\" \/>\n<meta property=\"og:site_name\" content=\"Agrupaci\u00f3n Socialista de Ponferrada\" \/>\n<meta property=\"article:published_time\" content=\"2024-11-06T09:40:25+00:00\" \/>\n<meta property=\"article:modified_time\" content=\"2024-11-06T09:42:00+00:00\" \/>\n<meta property=\"og:image\" content=\"https:\/\/agrupacionespsoe.es\/ponferrada\/wp-content\/uploads\/sites\/36\/2024\/03\/concejala.jpeg\" \/>\n\t<meta property=\"og:image:width\" content=\"1200\" \/>\n\t<meta property=\"og:image:height\" content=\"1600\" \/>\n\t<meta property=\"og:image:type\" content=\"image\/jpeg\" \/>\n<meta name=\"author\" content=\"ponferrada2\" \/>\n<meta name=\"twitter:card\" content=\"summary_large_image\" \/>\n<meta name=\"twitter:label1\" content=\"Escrito por\" \/>\n\t<meta name=\"twitter:data1\" content=\"ponferrada2\" \/>\n\t<meta name=\"twitter:label2\" content=\"Tiempo de lectura\" \/>\n\t<meta name=\"twitter:data2\" content=\"5 minutos\" \/>\n<script type=\"application\/ld+json\" class=\"yoast-schema-graph\">{\"@context\":\"https:\/\/schema.org\",\"@graph\":[{\"@type\":\"Article\",\"@id\":\"https:\/\/agrupacionespsoe.es\/ponferrada\/el-gms-pide-al-equipo-de-gobierno-si-los-organizadores-de-la-feria-outlet-tienen-autorizacion-municipal-para-colocar-su-publicidad-que-se-ha-instalado-en-toda-la-ciudad\/#article\",\"isPartOf\":{\"@id\":\"https:\/\/agrupacionespsoe.es\/ponferrada\/el-gms-pide-al-equipo-de-gobierno-si-los-organizadores-de-la-feria-outlet-tienen-autorizacion-municipal-para-colocar-su-publicidad-que-se-ha-instalado-en-toda-la-ciudad\/\"},\"author\":{\"name\":\"ponferrada2\",\"@id\":\"https:\/\/agrupacionespsoe.es\/ponferrada\/#\/schema\/person\/cd29ee627f3b70c05d415f02596debaa\"},\"headline\":\"El GMS pide al equipo de gobierno que aclare si los organizadores de la Feria Outlet tienen autorizaci\u00f3n municipal para colocar su publicidad que se ha instalado en toda la ciudad\",\"datePublished\":\"2024-11-06T09:40:25+00:00\",\"dateModified\":\"2024-11-06T09:42:00+00:00\",\"mainEntityOfPage\":{\"@id\":\"https:\/\/agrupacionespsoe.es\/ponferrada\/el-gms-pide-al-equipo-de-gobierno-si-los-organizadores-de-la-feria-outlet-tienen-autorizacion-municipal-para-colocar-su-publicidad-que-se-ha-instalado-en-toda-la-ciudad\/\"},\"wordCount\":856,\"commentCount\":0,\"publisher\":{\"@id\":\"https:\/\/agrupacionespsoe.es\/ponferrada\/#organization\"},\"image\":{\"@id\":\"https:\/\/agrupacionespsoe.es\/ponferrada\/el-gms-pide-al-equipo-de-gobierno-si-los-organizadores-de-la-feria-outlet-tienen-autorizacion-municipal-para-colocar-su-publicidad-que-se-ha-instalado-en-toda-la-ciudad\/#primaryimage\"},\"thumbnailUrl\":\"https:\/\/agrupacionespsoe.es\/ponferrada\/wp-content\/uploads\/sites\/36\/2024\/03\/concejala.jpeg\",\"articleSection\":[\"ACTUALIDAD\"],\"inLanguage\":\"es\",\"potentialAction\":[{\"@type\":\"CommentAction\",\"name\":\"Comment\",\"target\":[\"https:\/\/agrupacionespsoe.es\/ponferrada\/el-gms-pide-al-equipo-de-gobierno-si-los-organizadores-de-la-feria-outlet-tienen-autorizacion-municipal-para-colocar-su-publicidad-que-se-ha-instalado-en-toda-la-ciudad\/#respond\"]}]},{\"@type\":\"WebPage\",\"@id\":\"https:\/\/agrupacionespsoe.es\/ponferrada\/el-gms-pide-al-equipo-de-gobierno-si-los-organizadores-de-la-feria-outlet-tienen-autorizacion-municipal-para-colocar-su-publicidad-que-se-ha-instalado-en-toda-la-ciudad\/\",\"url\":\"https:\/\/agrupacionespsoe.es\/ponferrada\/el-gms-pide-al-equipo-de-gobierno-si-los-organizadores-de-la-feria-outlet-tienen-autorizacion-municipal-para-colocar-su-publicidad-que-se-ha-instalado-en-toda-la-ciudad\/\",\"name\":\"El GMS pide al equipo de gobierno que aclare si los organizadores de la Feria Outlet tienen autorizaci\u00f3n municipal para colocar su publicidad que se ha instalado en toda la ciudad - Agrupaci\u00f3n Socialista de Ponferrada\",\"isPartOf\":{\"@id\":\"https:\/\/agrupacionespsoe.es\/ponferrada\/#website\"},\"primaryImageOfPage\":{\"@id\":\"https:\/\/agrupacionespsoe.es\/ponferrada\/el-gms-pide-al-equipo-de-gobierno-si-los-organizadores-de-la-feria-outlet-tienen-autorizacion-municipal-para-colocar-su-publicidad-que-se-ha-instalado-en-toda-la-ciudad\/#primaryimage\"},\"image\":{\"@id\":\"https:\/\/agrupacionespsoe.es\/ponferrada\/el-gms-pide-al-equipo-de-gobierno-si-los-organizadores-de-la-feria-outlet-tienen-autorizacion-municipal-para-colocar-su-publicidad-que-se-ha-instalado-en-toda-la-ciudad\/#primaryimage\"},\"thumbnailUrl\":\"https:\/\/agrupacionespsoe.es\/ponferrada\/wp-content\/uploads\/sites\/36\/2024\/03\/concejala.jpeg\",\"datePublished\":\"2024-11-06T09:40:25+00:00\",\"dateModified\":\"2024-11-06T09:42:00+00:00\",\"breadcrumb\":{\"@id\":\"https:\/\/agrupacionespsoe.es\/ponferrada\/el-gms-pide-al-equipo-de-gobierno-si-los-organizadores-de-la-feria-outlet-tienen-autorizacion-municipal-para-colocar-su-publicidad-que-se-ha-instalado-en-toda-la-ciudad\/#breadcrumb\"},\"inLanguage\":\"es\",\"potentialAction\":[{\"@type\":\"ReadAction\",\"target\":[\"https:\/\/agrupacionespsoe.es\/ponferrada\/el-gms-pide-al-equipo-de-gobierno-si-los-organizadores-de-la-feria-outlet-tienen-autorizacion-municipal-para-colocar-su-publicidad-que-se-ha-instalado-en-toda-la-ciudad\/\"]}]},{\"@type\":\"ImageObject\",\"inLanguage\":\"es\",\"@id\":\"https:\/\/agrupacionespsoe.es\/ponferrada\/el-gms-pide-al-equipo-de-gobierno-si-los-organizadores-de-la-feria-outlet-tienen-autorizacion-municipal-para-colocar-su-publicidad-que-se-ha-instalado-en-toda-la-ciudad\/#primaryimage\",\"url\":\"https:\/\/agrupacionespsoe.es\/ponferrada\/wp-content\/uploads\/sites\/36\/2024\/03\/concejala.jpeg\",\"contentUrl\":\"https:\/\/agrupacionespsoe.es\/ponferrada\/wp-content\/uploads\/sites\/36\/2024\/03\/concejala.jpeg\",\"width\":1200,\"height\":1600},{\"@type\":\"BreadcrumbList\",\"@id\":\"https:\/\/agrupacionespsoe.es\/ponferrada\/el-gms-pide-al-equipo-de-gobierno-si-los-organizadores-de-la-feria-outlet-tienen-autorizacion-municipal-para-colocar-su-publicidad-que-se-ha-instalado-en-toda-la-ciudad\/#breadcrumb\",\"itemListElement\":[{\"@type\":\"ListItem\",\"position\":1,\"name\":\"Portada\",\"item\":\"https:\/\/agrupacionespsoe.es\/ponferrada\/\"},{\"@type\":\"ListItem\",\"position\":2,\"name\":\"El GMS pide al equipo de gobierno que aclare si los organizadores de la Feria Outlet tienen autorizaci\u00f3n municipal para colocar su publicidad que se ha instalado en toda la ciudad\"}]},{\"@type\":\"WebSite\",\"@id\":\"https:\/\/agrupacionespsoe.es\/ponferrada\/#website\",\"url\":\"https:\/\/agrupacionespsoe.es\/ponferrada\/\",\"name\":\"Agrupaci\u00f3n Socialista de Ponferrada\",\"description\":\"Agrupaci\u00f3n Socialista de Ponferrada\",\"publisher\":{\"@id\":\"https:\/\/agrupacionespsoe.es\/ponferrada\/#organization\"},\"potentialAction\":[{\"@type\":\"SearchAction\",\"target\":{\"@type\":\"EntryPoint\",\"urlTemplate\":\"https:\/\/agrupacionespsoe.es\/ponferrada\/?s={search_term_string}\"},\"query-input\":{\"@type\":\"PropertyValueSpecification\",\"valueRequired\":true,\"valueName\":\"search_term_string\"}}],\"inLanguage\":\"es\"},{\"@type\":\"Organization\",\"@id\":\"https:\/\/agrupacionespsoe.es\/ponferrada\/#organization\",\"name\":\"Agrupaci\u00f3n Socialista de Ponferrada\",\"url\":\"https:\/\/agrupacionespsoe.es\/ponferrada\/\",\"logo\":{\"@type\":\"ImageObject\",\"inLanguage\":\"es\",\"@id\":\"https:\/\/agrupacionespsoe.es\/ponferrada\/#\/schema\/logo\/image\/\",\"url\":\"https:\/\/agrupacionespsoe.es\/wp-content\/uploads\/2022\/07\/Logotipo_electoral_del_PSOE.png\",\"contentUrl\":\"https:\/\/agrupacionespsoe.es\/wp-content\/uploads\/2022\/07\/Logotipo_electoral_del_PSOE.png\",\"width\":422,\"height\":422,\"caption\":\"Agrupaci\u00f3n Socialista de Ponferrada\"},\"image\":{\"@id\":\"https:\/\/agrupacionespsoe.es\/ponferrada\/#\/schema\/logo\/image\/\"}},{\"@type\":\"Person\",\"@id\":\"https:\/\/agrupacionespsoe.es\/ponferrada\/#\/schema\/person\/cd29ee627f3b70c05d415f02596debaa\",\"name\":\"ponferrada2\",\"image\":{\"@type\":\"ImageObject\",\"inLanguage\":\"es\",\"@id\":\"https:\/\/agrupacionespsoe.es\/ponferrada\/#\/schema\/person\/image\/\",\"url\":\"https:\/\/secure.gravatar.com\/avatar\/f499eeb60144c664cf7b7edf75549b50?s=96&d=mm&r=g\",\"contentUrl\":\"https:\/\/secure.gravatar.com\/avatar\/f499eeb60144c664cf7b7edf75549b50?s=96&d=mm&r=g\",\"caption\":\"ponferrada2\"},\"url\":\"https:\/\/agrupacionespsoe.es\/ponferrada\/author\/ponferrada2\/\"}]}<\/script>\n<!-- \/ Yoast SEO plugin. -->","yoast_head_json":{"title":"El GMS pide al equipo de gobierno que aclare si los organizadores de la Feria Outlet tienen autorizaci\u00f3n municipal para colocar su publicidad que se ha instalado en toda la ciudad - Agrupaci\u00f3n Socialista de Ponferrada","robots":{"index":"index","follow":"follow","max-snippet":"max-snippet:-1","max-image-preview":"max-image-preview:large","max-video-preview":"max-video-preview:-1"},"canonical":"https:\/\/agrupacionespsoe.es\/ponferrada\/el-gms-pide-al-equipo-de-gobierno-si-los-organizadores-de-la-feria-outlet-tienen-autorizacion-municipal-para-colocar-su-publicidad-que-se-ha-instalado-en-toda-la-ciudad\/","og_locale":"es_ES","og_type":"article","og_title":"El GMS pide al equipo de gobierno que aclare si los organizadores de la Feria Outlet tienen autorizaci\u00f3n municipal para colocar su publicidad que se ha instalado en toda la ciudad - Agrupaci\u00f3n Socialista de Ponferrada","og_description":"Desde el PSOE se\u00f1alamos que es un buen momento para que el equipo de gobierno demuestre que apoya al comercio local El grupo municipal&nbsp; socialista le pide al equipo de gobierno que aclare si los organizadores de la Feria Outlet tiene autorizaci\u00f3n o no para colocar su publicidad. Se trata de unos cartelones y carteler\u00eda ...","og_url":"https:\/\/agrupacionespsoe.es\/ponferrada\/el-gms-pide-al-equipo-de-gobierno-si-los-organizadores-de-la-feria-outlet-tienen-autorizacion-municipal-para-colocar-su-publicidad-que-se-ha-instalado-en-toda-la-ciudad\/","og_site_name":"Agrupaci\u00f3n Socialista de Ponferrada","article_published_time":"2024-11-06T09:40:25+00:00","article_modified_time":"2024-11-06T09:42:00+00:00","og_image":[{"width":1200,"height":1600,"url":"https:\/\/agrupacionespsoe.es\/ponferrada\/wp-content\/uploads\/sites\/36\/2024\/03\/concejala.jpeg","type":"image\/jpeg"}],"author":"ponferrada2","twitter_card":"summary_large_image","twitter_misc":{"Escrito por":"ponferrada2","Tiempo de lectura":"5 minutos"},"schema":{"@context":"https:\/\/schema.org","@graph":[{"@type":"Article","@id":"https:\/\/agrupacionespsoe.es\/ponferrada\/el-gms-pide-al-equipo-de-gobierno-si-los-organizadores-de-la-feria-outlet-tienen-autorizacion-municipal-para-colocar-su-publicidad-que-se-ha-instalado-en-toda-la-ciudad\/#article","isPartOf":{"@id":"https:\/\/agrupacionespsoe.es\/ponferrada\/el-gms-pide-al-equipo-de-gobierno-si-los-organizadores-de-la-feria-outlet-tienen-autorizacion-municipal-para-colocar-su-publicidad-que-se-ha-instalado-en-toda-la-ciudad\/"},"author":{"name":"ponferrada2","@id":"https:\/\/agrupacionespsoe.es\/ponferrada\/#\/schema\/person\/cd29ee627f3b70c05d415f02596debaa"},"headline":"El GMS pide al equipo de gobierno que aclare si los organizadores de la Feria Outlet tienen autorizaci\u00f3n municipal para colocar su publicidad que se ha instalado en toda la ciudad","datePublished":"2024-11-06T09:40:25+00:00","dateModified":"2024-11-06T09:42:00+00:00","mainEntityOfPage":{"@id":"https:\/\/agrupacionespsoe.es\/ponferrada\/el-gms-pide-al-equipo-de-gobierno-si-los-organizadores-de-la-feria-outlet-tienen-autorizacion-municipal-para-colocar-su-publicidad-que-se-ha-instalado-en-toda-la-ciudad\/"},"wordCount":856,"commentCount":0,"publisher":{"@id":"https:\/\/agrupacionespsoe.es\/ponferrada\/#organization"},"image":{"@id":"https:\/\/agrupacionespsoe.es\/ponferrada\/el-gms-pide-al-equipo-de-gobierno-si-los-organizadores-de-la-feria-outlet-tienen-autorizacion-municipal-para-colocar-su-publicidad-que-se-ha-instalado-en-toda-la-ciudad\/#primaryimage"},"thumbnailUrl":"https:\/\/agrupacionespsoe.es\/ponferrada\/wp-content\/uploads\/sites\/36\/2024\/03\/concejala.jpeg","articleSection":["ACTUALIDAD"],"inLanguage":"es","potentialAction":[{"@type":"CommentAction","name":"Comment","target":["https:\/\/agrupacionespsoe.es\/ponferrada\/el-gms-pide-al-equipo-de-gobierno-si-los-organizadores-de-la-feria-outlet-tienen-autorizacion-municipal-para-colocar-su-publicidad-que-se-ha-instalado-en-toda-la-ciudad\/#respond"]}]},{"@type":"WebPage","@id":"https:\/\/agrupacionespsoe.es\/ponferrada\/el-gms-pide-al-equipo-de-gobierno-si-los-organizadores-de-la-feria-outlet-tienen-autorizacion-municipal-para-colocar-su-publicidad-que-se-ha-instalado-en-toda-la-ciudad\/","url":"https:\/\/agrupacionespsoe.es\/ponferrada\/el-gms-pide-al-equipo-de-gobierno-si-los-organizadores-de-la-feria-outlet-tienen-autorizacion-municipal-para-colocar-su-publicidad-que-se-ha-instalado-en-toda-la-ciudad\/","name":"El GMS pide al equipo de gobierno que aclare si los organizadores de la Feria Outlet tienen autorizaci\u00f3n municipal para colocar su publicidad que se ha instalado en toda la ciudad - Agrupaci\u00f3n Socialista de Ponferrada","isPartOf":{"@id":"https:\/\/agrupacionespsoe.es\/ponferrada\/#website"},"primaryImageOfPage":{"@id":"https:\/\/agrupacionespsoe.es\/ponferrada\/el-gms-pide-al-equipo-de-gobierno-si-los-organizadores-de-la-feria-outlet-tienen-autorizacion-municipal-para-colocar-su-publicidad-que-se-ha-instalado-en-toda-la-ciudad\/#primaryimage"},"image":{"@id":"https:\/\/agrupacionespsoe.es\/ponferrada\/el-gms-pide-al-equipo-de-gobierno-si-los-organizadores-de-la-feria-outlet-tienen-autorizacion-municipal-para-colocar-su-publicidad-que-se-ha-instalado-en-toda-la-ciudad\/#primaryimage"},"thumbnailUrl":"https:\/\/agrupacionespsoe.es\/ponferrada\/wp-content\/uploads\/sites\/36\/2024\/03\/concejala.jpeg","datePublished":"2024-11-06T09:40:25+00:00","dateModified":"2024-11-06T09:42:00+00:00","breadcrumb":{"@id":"https:\/\/agrupacionespsoe.es\/ponferrada\/el-gms-pide-al-equipo-de-gobierno-si-los-organizadores-de-la-feria-outlet-tienen-autorizacion-municipal-para-colocar-su-publicidad-que-se-ha-instalado-en-toda-la-ciudad\/#breadcrumb"},"inLanguage":"es","potentialAction":[{"@type":"ReadAction","target":["https:\/\/agrupacionespsoe.es\/ponferrada\/el-gms-pide-al-equipo-de-gobierno-si-los-organizadores-de-la-feria-outlet-tienen-autorizacion-municipal-para-colocar-su-publicidad-que-se-ha-instalado-en-toda-la-ciudad\/"]}]},{"@type":"ImageObject","inLanguage":"es","@id":"https:\/\/agrupacionespsoe.es\/ponferrada\/el-gms-pide-al-equipo-de-gobierno-si-los-organizadores-de-la-feria-outlet-tienen-autorizacion-municipal-para-colocar-su-publicidad-que-se-ha-instalado-en-toda-la-ciudad\/#primaryimage","url":"https:\/\/agrupacionespsoe.es\/ponferrada\/wp-content\/uploads\/sites\/36\/2024\/03\/concejala.jpeg","contentUrl":"https:\/\/agrupacionespsoe.es\/ponferrada\/wp-content\/uploads\/sites\/36\/2024\/03\/concejala.jpeg","width":1200,"height":1600},{"@type":"BreadcrumbList","@id":"https:\/\/agrupacionespsoe.es\/ponferrada\/el-gms-pide-al-equipo-de-gobierno-si-los-organizadores-de-la-feria-outlet-tienen-autorizacion-municipal-para-colocar-su-publicidad-que-se-ha-instalado-en-toda-la-ciudad\/#breadcrumb","itemListElement":[{"@type":"ListItem","position":1,"name":"Portada","item":"https:\/\/agrupacionespsoe.es\/ponferrada\/"},{"@type":"ListItem","position":2,"name":"El GMS pide al equipo de gobierno que aclare si los organizadores de la Feria Outlet tienen autorizaci\u00f3n municipal para colocar su publicidad que se ha instalado en toda la ciudad"}]},{"@type":"WebSite","@id":"https:\/\/agrupacionespsoe.es\/ponferrada\/#website","url":"https:\/\/agrupacionespsoe.es\/ponferrada\/","name":"Agrupaci\u00f3n Socialista de Ponferrada","description":"Agrupaci\u00f3n Socialista de Ponferrada","publisher":{"@id":"https:\/\/agrupacionespsoe.es\/ponferrada\/#organization"},"potentialAction":[{"@type":"SearchAction","target":{"@type":"EntryPoint","urlTemplate":"https:\/\/agrupacionespsoe.es\/ponferrada\/?s={search_term_string}"},"query-input":{"@type":"PropertyValueSpecification","valueRequired":true,"valueName":"search_term_string"}}],"inLanguage":"es"},{"@type":"Organization","@id":"https:\/\/agrupacionespsoe.es\/ponferrada\/#organization","name":"Agrupaci\u00f3n Socialista de Ponferrada","url":"https:\/\/agrupacionespsoe.es\/ponferrada\/","logo":{"@type":"ImageObject","inLanguage":"es","@id":"https:\/\/agrupacionespsoe.es\/ponferrada\/#\/schema\/logo\/image\/","url":"https:\/\/agrupacionespsoe.es\/wp-content\/uploads\/2022\/07\/Logotipo_electoral_del_PSOE.png","contentUrl":"https:\/\/agrupacionespsoe.es\/wp-content\/uploads\/2022\/07\/Logotipo_electoral_del_PSOE.png","width":422,"height":422,"caption":"Agrupaci\u00f3n Socialista de Ponferrada"},"image":{"@id":"https:\/\/agrupacionespsoe.es\/ponferrada\/#\/schema\/logo\/image\/"}},{"@type":"Person","@id":"https:\/\/agrupacionespsoe.es\/ponferrada\/#\/schema\/person\/cd29ee627f3b70c05d415f02596debaa","name":"ponferrada2","image":{"@type":"ImageObject","inLanguage":"es","@id":"https:\/\/agrupacionespsoe.es\/ponferrada\/#\/schema\/person\/image\/","url":"https:\/\/secure.gravatar.com\/avatar\/f499eeb60144c664cf7b7edf75549b50?s=96&d=mm&r=g","contentUrl":"https:\/\/secure.gravatar.com\/avatar\/f499eeb60144c664cf7b7edf75549b50?s=96&d=mm&r=g","caption":"ponferrada2"},"url":"https:\/\/agrupacionespsoe.es\/ponferrada\/author\/ponferrada2\/"}]}},"jetpack_featured_media_url":"https:\/\/agrupacionespsoe.es\/ponferrada\/wp-content\/uploads\/sites\/36\/2024\/03\/concejala.jpeg","jetpack_sharing_enabled":true,"_links":{"self":[{"href":"https:\/\/agrupacionespsoe.es\/ponferrada\/wp-json\/wp\/v2\/posts\/658","targetHints":{"allow":["GET"]}}],"collection":[{"href":"https:\/\/agrupacionespsoe.es\/ponferrada\/wp-json\/wp\/v2\/posts"}],"about":[{"href":"https:\/\/agrupacionespsoe.es\/ponferrada\/wp-json\/wp\/v2\/types\/post"}],"author":[{"embeddable":true,"href":"https:\/\/agrupacionespsoe.es\/ponferrada\/wp-json\/wp\/v2\/users\/32"}],"replies":[{"embeddable":true,"href":"https:\/\/agrupacionespsoe.es\/ponferrada\/wp-json\/wp\/v2\/comments?post=658"}],"version-history":[{"count":2,"href":"https:\/\/agrupacionespsoe.es\/ponferrada\/wp-json\/wp\/v2\/posts\/658\/revisions"}],"predecessor-version":[{"id":665,"href":"https:\/\/agrupacionespsoe.es\/ponferrada\/wp-json\/wp\/v2\/posts\/658\/revisions\/665"}],"wp:featuredmedia":[{"embeddable":true,"href":"https:\/\/agrupacionespsoe.es\/ponferrada\/wp-json\/wp\/v2\/media\/407"}],"wp:attachment":[{"href":"https:\/\/agrupacionespsoe.es\/ponferrada\/wp-json\/wp\/v2\/media?parent=658"}],"wp:term":[{"taxonomy":"category","embeddable":true,"href":"https:\/\/agrupacionespsoe.es\/ponferrada\/wp-json\/wp\/v2\/categories?post=658"},{"taxonomy":"post_tag","embeddable":true,"href":"https:\/\/agrupacionespsoe.es\/ponferrada\/wp-json\/wp\/v2\/tags?post=658"}],"curies":[{"name":"wp","href":"https:\/\/api.w.org\/{rel}","templated":true}]}}