{"id":655,"date":"2024-11-04T12:09:40","date_gmt":"2024-11-04T12:09:40","guid":{"rendered":"https:\/\/agrupacionespsoe.es\/ponferrada\/?p=655"},"modified":"2024-11-04T12:09:41","modified_gmt":"2024-11-04T12:09:41","slug":"el-gms-denuncia-que-de-las-cuatro-cifras-diferentes-que-el-portavoz-de-coalicion-ha-dado-en-relacion-a-los-vehiculos-que-circulan-por-la-avda-del-castillo-todas-han-sido-mentira","status":"publish","type":"post","link":"https:\/\/agrupacionespsoe.es\/ponferrada\/el-gms-denuncia-que-de-las-cuatro-cifras-diferentes-que-el-portavoz-de-coalicion-ha-dado-en-relacion-a-los-vehiculos-que-circulan-por-la-avda-del-castillo-todas-han-sido-mentira\/","title":{"rendered":"El GMS denuncia que de las cuatro cifras diferentes que el portavoz de Coalici\u00f3n ha dado en relaci\u00f3n a los veh\u00edculos que circulan por la Avda del Castillo , todas han sido mentira"},"content":{"rendered":"\n<p>El Grupo Municipal Socialista ha querido denunciar otra de las mentiras de este equipo de gobierno en relaci\u00f3n a la propuesta de desv\u00edo de la circulaci\u00f3n de la Avenida del Castillo.<\/p>\n\n\n\n<p>Al Grupo Socialista le parecen normales las protestas de los vecinos del Barrio de San Andr\u00e9s y m\u00e1s si tenemos en cuenta las mentiras flagrantes con las que han gestionado la presentaci\u00f3n de este proyecto. El portavoz de Coalici\u00f3n por el Bierzo ha dado al menos 4 cifras diferentes de n\u00famero de coches que transitan la avenida del Castillo, si bien en la presentaci\u00f3n dec\u00eda que \u201c<em>nos hemos acostumbrado a que 18.000 veh\u00edculos por la Avenida del Castillo sea algo normal\u201d, <\/em>d\u00edas m\u00e1s tarde hablaban de 12.000 veh\u00edculos que se convirtieron en 8.000 de bajada y solo 4.000 de subida y acabo augurando que por la C. Buenavista iban a pasar 2.000 veh\u00edculos.<\/p>\n\n\n\n<p>En la CIS de seguridad ciudadana que preside Carlos Cortina que se celebr\u00f3 la semana pasada hemos podido comprobar que todas las cifras que ha dado son mentira, otra de las mentiras a las que nos est\u00e1 acostumbrando el actual equipo de gobierno.<\/p>\n\n\n\n<p>Antonio Regueiro, el portavoz del PSOE en esa comisi\u00f3n ha preguntado si se hab\u00eda hecho un estudio previo de la circulaci\u00f3n por la avenida del Castillo y cu\u00e1les eran las conclusiones y el concejal Carlos Cortina ha se\u00f1alado que unos d\u00edas antes de la presentaci\u00f3n se hab\u00eda hecho un conteo y que eran unos 13.000 veh\u00edculos los que circulaban por la avenida del Castillo.<\/p>\n\n\n\n<p>A juicio de Antonio Regueiro este asunto se ha gestionado de manera nefasta, cuando presentaron el proyecto se\u00f1alaron que \u201clos vecinos estaban encantados\u201d a ra\u00edz de las cr\u00edticas ahora dicen que se van a reunir con los vecinos, desde el PSOE nos preguntamos a qu\u00e9 vecinos les parec\u00eda estupendo ese proyecto y si era otra de las mentiras a las que nos est\u00e1n acostumbrando.<\/p>\n\n\n\n<p>Regueiro se\u00f1ala que en la Comisi\u00f3n tambi\u00e9n se nos ha informado que se va a realizar un estudio general de todo el tr\u00e1fico de la ciudad para poder solventar las posibles incidencias, desde el PSOE criticamos una vez m\u00e1s, la forma de actuar de este equipo de gobierno, primero proponen proyectos que no tienen ni pies ni cabeza, que suponen despilfarro y derroche y despu\u00e9s hacen estudios. Desde el Grupo Municipal se les ha recomendado que es m\u00e1s conveniente empezar la casa por los cimientos, primero deber\u00edan haber hecho el estudio de tr\u00e1fico antes de presentar ese proyecto que lo \u00fanico que ha provocado es enfrentar y poner nerviosos a los y las vecinas afectadas.<\/p>\n\n\n\n<p>Para terminar desde el PSOE consideramos que este proyecto tampoco se va a realizar, es una huida hacia adelante y un parche que quieren poner porque el proyecto estrella de coalici\u00f3n, que era el soterramiento, no se va a realizar.<\/p>\n\n\n\n<p>Desde el PSOE volvemos a denunciar que este equipo de gobierno no tiene un proyecto de ciudad y dan palos de ciego que solo causan problemas a los vecinos, que se dejen de invenciones y que trabajen para conseguir la ronda Sur que es la \u00fanica opci\u00f3n posible y viable.<\/p>\n\n\n\n<figure class=\"wp-block-image size-full\"><img loading=\"lazy\" decoding=\"async\" width=\"827\" height=\"1000\" src=\"https:\/\/agrupacionespsoe.es\/ponferrada\/wp-content\/uploads\/sites\/36\/2024\/11\/WhatsApp-Image-2024-11-04-at-13.03.24.jpeg\" alt=\"\" class=\"wp-image-656\" srcset=\"https:\/\/agrupacionespsoe.es\/ponferrada\/wp-content\/uploads\/sites\/36\/2024\/11\/WhatsApp-Image-2024-11-04-at-13.03.24.jpeg 827w, https:\/\/agrupacionespsoe.es\/ponferrada\/wp-content\/uploads\/sites\/36\/2024\/11\/WhatsApp-Image-2024-11-04-at-13.03.24-248x300.jpeg 248w, https:\/\/agrupacionespsoe.es\/ponferrada\/wp-content\/uploads\/sites\/36\/2024\/11\/WhatsApp-Image-2024-11-04-at-13.03.24-768x929.jpeg 768w\" sizes=\"auto, (max-width: 827px) 100vw, 827px\" \/><\/figure>\n","protected":false},"excerpt":{"rendered":"<p>El Grupo Municipal Socialista ha querido denunciar otra de las mentiras de este equipo de gobierno en relaci\u00f3n a la propuesta de desv\u00edo de la circulaci\u00f3n de la Avenida del Castillo. Al Grupo Socialista le parecen normales las protestas de los vecinos del Barrio de San Andr\u00e9s y m\u00e1s si tenemos en cuenta las mentiras &#8230;<\/p>\n","protected":false},"author":32,"featured_media":656,"comment_status":"open","ping_status":"open","sticky":false,"template":"","format":"standard","meta":{"_jetpack_memberships_contains_paid_content":false,"footnotes":""},"categories":[6],"tags":[],"class_list":["post-655","post","type-post","status-publish","format-standard","has-post-thumbnail","hentry","category-actualidad"],"yoast_head":"<!-- This site is optimized with the Yoast SEO plugin v24.0 - https:\/\/yoast.com\/wordpress\/plugins\/seo\/ -->\n<title>El GMS denuncia que de las cuatro cifras diferentes que el portavoz de Coalici\u00f3n ha dado en relaci\u00f3n a los veh\u00edculos que circulan por la Avda del Castillo , todas han sido mentira - Agrupaci\u00f3n Socialista de Ponferrada<\/title>\n<meta name=\"robots\" content=\"index, follow, max-snippet:-1, max-image-preview:large, max-video-preview:-1\" \/>\n<link rel=\"canonical\" href=\"https:\/\/agrupacionespsoe.es\/ponferrada\/el-gms-denuncia-que-de-las-cuatro-cifras-diferentes-que-el-portavoz-de-coalicion-ha-dado-en-relacion-a-los-vehiculos-que-circulan-por-la-avda-del-castillo-todas-han-sido-mentira\/\" \/>\n<meta property=\"og:locale\" content=\"es_ES\" \/>\n<meta property=\"og:type\" content=\"article\" \/>\n<meta property=\"og:title\" content=\"El GMS denuncia que de las cuatro cifras diferentes que el portavoz de Coalici\u00f3n ha dado en relaci\u00f3n a los veh\u00edculos que circulan por la Avda del Castillo , todas han sido mentira - Agrupaci\u00f3n Socialista de Ponferrada\" \/>\n<meta property=\"og:description\" content=\"El Grupo Municipal Socialista ha querido denunciar otra de las mentiras de este equipo de gobierno en relaci\u00f3n a la propuesta de desv\u00edo de la circulaci\u00f3n de la Avenida del Castillo. Al Grupo Socialista le parecen normales las protestas de los vecinos del Barrio de San Andr\u00e9s y m\u00e1s si tenemos en cuenta las mentiras ...\" \/>\n<meta property=\"og:url\" content=\"https:\/\/agrupacionespsoe.es\/ponferrada\/el-gms-denuncia-que-de-las-cuatro-cifras-diferentes-que-el-portavoz-de-coalicion-ha-dado-en-relacion-a-los-vehiculos-que-circulan-por-la-avda-del-castillo-todas-han-sido-mentira\/\" \/>\n<meta property=\"og:site_name\" content=\"Agrupaci\u00f3n Socialista de Ponferrada\" \/>\n<meta property=\"article:published_time\" content=\"2024-11-04T12:09:40+00:00\" \/>\n<meta property=\"article:modified_time\" content=\"2024-11-04T12:09:41+00:00\" \/>\n<meta property=\"og:image\" content=\"https:\/\/agrupacionespsoe.es\/ponferrada\/wp-content\/uploads\/sites\/36\/2024\/11\/WhatsApp-Image-2024-11-04-at-13.03.24.jpeg\" \/>\n\t<meta property=\"og:image:width\" content=\"827\" \/>\n\t<meta property=\"og:image:height\" content=\"1000\" \/>\n\t<meta property=\"og:image:type\" content=\"image\/jpeg\" \/>\n<meta name=\"author\" content=\"ponferrada2\" \/>\n<meta name=\"twitter:card\" content=\"summary_large_image\" \/>\n<meta name=\"twitter:label1\" content=\"Escrito por\" \/>\n\t<meta name=\"twitter:data1\" content=\"ponferrada2\" \/>\n\t<meta name=\"twitter:label2\" content=\"Tiempo de lectura\" \/>\n\t<meta name=\"twitter:data2\" content=\"3 minutos\" \/>\n<script type=\"application\/ld+json\" class=\"yoast-schema-graph\">{\"@context\":\"https:\/\/schema.org\",\"@graph\":[{\"@type\":\"Article\",\"@id\":\"https:\/\/agrupacionespsoe.es\/ponferrada\/el-gms-denuncia-que-de-las-cuatro-cifras-diferentes-que-el-portavoz-de-coalicion-ha-dado-en-relacion-a-los-vehiculos-que-circulan-por-la-avda-del-castillo-todas-han-sido-mentira\/#article\",\"isPartOf\":{\"@id\":\"https:\/\/agrupacionespsoe.es\/ponferrada\/el-gms-denuncia-que-de-las-cuatro-cifras-diferentes-que-el-portavoz-de-coalicion-ha-dado-en-relacion-a-los-vehiculos-que-circulan-por-la-avda-del-castillo-todas-han-sido-mentira\/\"},\"author\":{\"name\":\"ponferrada2\",\"@id\":\"https:\/\/agrupacionespsoe.es\/ponferrada\/#\/schema\/person\/cd29ee627f3b70c05d415f02596debaa\"},\"headline\":\"El GMS denuncia que de las cuatro cifras diferentes que el portavoz de Coalici\u00f3n ha dado en relaci\u00f3n a los veh\u00edculos que circulan por la Avda del Castillo , todas han sido mentira\",\"datePublished\":\"2024-11-04T12:09:40+00:00\",\"dateModified\":\"2024-11-04T12:09:41+00:00\",\"mainEntityOfPage\":{\"@id\":\"https:\/\/agrupacionespsoe.es\/ponferrada\/el-gms-denuncia-que-de-las-cuatro-cifras-diferentes-que-el-portavoz-de-coalicion-ha-dado-en-relacion-a-los-vehiculos-que-circulan-por-la-avda-del-castillo-todas-han-sido-mentira\/\"},\"wordCount\":588,\"commentCount\":0,\"publisher\":{\"@id\":\"https:\/\/agrupacionespsoe.es\/ponferrada\/#organization\"},\"image\":{\"@id\":\"https:\/\/agrupacionespsoe.es\/ponferrada\/el-gms-denuncia-que-de-las-cuatro-cifras-diferentes-que-el-portavoz-de-coalicion-ha-dado-en-relacion-a-los-vehiculos-que-circulan-por-la-avda-del-castillo-todas-han-sido-mentira\/#primaryimage\"},\"thumbnailUrl\":\"https:\/\/agrupacionespsoe.es\/ponferrada\/wp-content\/uploads\/sites\/36\/2024\/11\/WhatsApp-Image-2024-11-04-at-13.03.24.jpeg\",\"articleSection\":[\"ACTUALIDAD\"],\"inLanguage\":\"es\",\"potentialAction\":[{\"@type\":\"CommentAction\",\"name\":\"Comment\",\"target\":[\"https:\/\/agrupacionespsoe.es\/ponferrada\/el-gms-denuncia-que-de-las-cuatro-cifras-diferentes-que-el-portavoz-de-coalicion-ha-dado-en-relacion-a-los-vehiculos-que-circulan-por-la-avda-del-castillo-todas-han-sido-mentira\/#respond\"]}]},{\"@type\":\"WebPage\",\"@id\":\"https:\/\/agrupacionespsoe.es\/ponferrada\/el-gms-denuncia-que-de-las-cuatro-cifras-diferentes-que-el-portavoz-de-coalicion-ha-dado-en-relacion-a-los-vehiculos-que-circulan-por-la-avda-del-castillo-todas-han-sido-mentira\/\",\"url\":\"https:\/\/agrupacionespsoe.es\/ponferrada\/el-gms-denuncia-que-de-las-cuatro-cifras-diferentes-que-el-portavoz-de-coalicion-ha-dado-en-relacion-a-los-vehiculos-que-circulan-por-la-avda-del-castillo-todas-han-sido-mentira\/\",\"name\":\"El GMS denuncia que de las cuatro cifras diferentes que el portavoz de Coalici\u00f3n ha dado en relaci\u00f3n a los veh\u00edculos que circulan por la Avda del Castillo , todas han sido mentira - Agrupaci\u00f3n Socialista de Ponferrada\",\"isPartOf\":{\"@id\":\"https:\/\/agrupacionespsoe.es\/ponferrada\/#website\"},\"primaryImageOfPage\":{\"@id\":\"https:\/\/agrupacionespsoe.es\/ponferrada\/el-gms-denuncia-que-de-las-cuatro-cifras-diferentes-que-el-portavoz-de-coalicion-ha-dado-en-relacion-a-los-vehiculos-que-circulan-por-la-avda-del-castillo-todas-han-sido-mentira\/#primaryimage\"},\"image\":{\"@id\":\"https:\/\/agrupacionespsoe.es\/ponferrada\/el-gms-denuncia-que-de-las-cuatro-cifras-diferentes-que-el-portavoz-de-coalicion-ha-dado-en-relacion-a-los-vehiculos-que-circulan-por-la-avda-del-castillo-todas-han-sido-mentira\/#primaryimage\"},\"thumbnailUrl\":\"https:\/\/agrupacionespsoe.es\/ponferrada\/wp-content\/uploads\/sites\/36\/2024\/11\/WhatsApp-Image-2024-11-04-at-13.03.24.jpeg\",\"datePublished\":\"2024-11-04T12:09:40+00:00\",\"dateModified\":\"2024-11-04T12:09:41+00:00\",\"breadcrumb\":{\"@id\":\"https:\/\/agrupacionespsoe.es\/ponferrada\/el-gms-denuncia-que-de-las-cuatro-cifras-diferentes-que-el-portavoz-de-coalicion-ha-dado-en-relacion-a-los-vehiculos-que-circulan-por-la-avda-del-castillo-todas-han-sido-mentira\/#breadcrumb\"},\"inLanguage\":\"es\",\"potentialAction\":[{\"@type\":\"ReadAction\",\"target\":[\"https:\/\/agrupacionespsoe.es\/ponferrada\/el-gms-denuncia-que-de-las-cuatro-cifras-diferentes-que-el-portavoz-de-coalicion-ha-dado-en-relacion-a-los-vehiculos-que-circulan-por-la-avda-del-castillo-todas-han-sido-mentira\/\"]}]},{\"@type\":\"ImageObject\",\"inLanguage\":\"es\",\"@id\":\"https:\/\/agrupacionespsoe.es\/ponferrada\/el-gms-denuncia-que-de-las-cuatro-cifras-diferentes-que-el-portavoz-de-coalicion-ha-dado-en-relacion-a-los-vehiculos-que-circulan-por-la-avda-del-castillo-todas-han-sido-mentira\/#primaryimage\",\"url\":\"https:\/\/agrupacionespsoe.es\/ponferrada\/wp-content\/uploads\/sites\/36\/2024\/11\/WhatsApp-Image-2024-11-04-at-13.03.24.jpeg\",\"contentUrl\":\"https:\/\/agrupacionespsoe.es\/ponferrada\/wp-content\/uploads\/sites\/36\/2024\/11\/WhatsApp-Image-2024-11-04-at-13.03.24.jpeg\",\"width\":827,\"height\":1000},{\"@type\":\"BreadcrumbList\",\"@id\":\"https:\/\/agrupacionespsoe.es\/ponferrada\/el-gms-denuncia-que-de-las-cuatro-cifras-diferentes-que-el-portavoz-de-coalicion-ha-dado-en-relacion-a-los-vehiculos-que-circulan-por-la-avda-del-castillo-todas-han-sido-mentira\/#breadcrumb\",\"itemListElement\":[{\"@type\":\"ListItem\",\"position\":1,\"name\":\"Portada\",\"item\":\"https:\/\/agrupacionespsoe.es\/ponferrada\/\"},{\"@type\":\"ListItem\",\"position\":2,\"name\":\"El GMS denuncia que de las cuatro cifras diferentes que el portavoz de Coalici\u00f3n ha dado en relaci\u00f3n a los veh\u00edculos que circulan por la Avda del Castillo , todas han sido mentira\"}]},{\"@type\":\"WebSite\",\"@id\":\"https:\/\/agrupacionespsoe.es\/ponferrada\/#website\",\"url\":\"https:\/\/agrupacionespsoe.es\/ponferrada\/\",\"name\":\"Agrupaci\u00f3n Socialista de Ponferrada\",\"description\":\"Agrupaci\u00f3n Socialista de Ponferrada\",\"publisher\":{\"@id\":\"https:\/\/agrupacionespsoe.es\/ponferrada\/#organization\"},\"potentialAction\":[{\"@type\":\"SearchAction\",\"target\":{\"@type\":\"EntryPoint\",\"urlTemplate\":\"https:\/\/agrupacionespsoe.es\/ponferrada\/?s={search_term_string}\"},\"query-input\":{\"@type\":\"PropertyValueSpecification\",\"valueRequired\":true,\"valueName\":\"search_term_string\"}}],\"inLanguage\":\"es\"},{\"@type\":\"Organization\",\"@id\":\"https:\/\/agrupacionespsoe.es\/ponferrada\/#organization\",\"name\":\"Agrupaci\u00f3n Socialista de Ponferrada\",\"url\":\"https:\/\/agrupacionespsoe.es\/ponferrada\/\",\"logo\":{\"@type\":\"ImageObject\",\"inLanguage\":\"es\",\"@id\":\"https:\/\/agrupacionespsoe.es\/ponferrada\/#\/schema\/logo\/image\/\",\"url\":\"https:\/\/agrupacionespsoe.es\/wp-content\/uploads\/2022\/07\/Logotipo_electoral_del_PSOE.png\",\"contentUrl\":\"https:\/\/agrupacionespsoe.es\/wp-content\/uploads\/2022\/07\/Logotipo_electoral_del_PSOE.png\",\"width\":422,\"height\":422,\"caption\":\"Agrupaci\u00f3n Socialista de Ponferrada\"},\"image\":{\"@id\":\"https:\/\/agrupacionespsoe.es\/ponferrada\/#\/schema\/logo\/image\/\"}},{\"@type\":\"Person\",\"@id\":\"https:\/\/agrupacionespsoe.es\/ponferrada\/#\/schema\/person\/cd29ee627f3b70c05d415f02596debaa\",\"name\":\"ponferrada2\",\"image\":{\"@type\":\"ImageObject\",\"inLanguage\":\"es\",\"@id\":\"https:\/\/agrupacionespsoe.es\/ponferrada\/#\/schema\/person\/image\/\",\"url\":\"https:\/\/secure.gravatar.com\/avatar\/f499eeb60144c664cf7b7edf75549b50?s=96&d=mm&r=g\",\"contentUrl\":\"https:\/\/secure.gravatar.com\/avatar\/f499eeb60144c664cf7b7edf75549b50?s=96&d=mm&r=g\",\"caption\":\"ponferrada2\"},\"url\":\"https:\/\/agrupacionespsoe.es\/ponferrada\/author\/ponferrada2\/\"}]}<\/script>\n<!-- \/ Yoast SEO plugin. -->","yoast_head_json":{"title":"El GMS denuncia que de las cuatro cifras diferentes que el portavoz de Coalici\u00f3n ha dado en relaci\u00f3n a los veh\u00edculos que circulan por la Avda del Castillo , todas han sido mentira - Agrupaci\u00f3n Socialista de Ponferrada","robots":{"index":"index","follow":"follow","max-snippet":"max-snippet:-1","max-image-preview":"max-image-preview:large","max-video-preview":"max-video-preview:-1"},"canonical":"https:\/\/agrupacionespsoe.es\/ponferrada\/el-gms-denuncia-que-de-las-cuatro-cifras-diferentes-que-el-portavoz-de-coalicion-ha-dado-en-relacion-a-los-vehiculos-que-circulan-por-la-avda-del-castillo-todas-han-sido-mentira\/","og_locale":"es_ES","og_type":"article","og_title":"El GMS denuncia que de las cuatro cifras diferentes que el portavoz de Coalici\u00f3n ha dado en relaci\u00f3n a los veh\u00edculos que circulan por la Avda del Castillo , todas han sido mentira - Agrupaci\u00f3n Socialista de Ponferrada","og_description":"El Grupo Municipal Socialista ha querido denunciar otra de las mentiras de este equipo de gobierno en relaci\u00f3n a la propuesta de desv\u00edo de la circulaci\u00f3n de la Avenida del Castillo. Al Grupo Socialista le parecen normales las protestas de los vecinos del Barrio de San Andr\u00e9s y m\u00e1s si tenemos en cuenta las mentiras ...","og_url":"https:\/\/agrupacionespsoe.es\/ponferrada\/el-gms-denuncia-que-de-las-cuatro-cifras-diferentes-que-el-portavoz-de-coalicion-ha-dado-en-relacion-a-los-vehiculos-que-circulan-por-la-avda-del-castillo-todas-han-sido-mentira\/","og_site_name":"Agrupaci\u00f3n Socialista de Ponferrada","article_published_time":"2024-11-04T12:09:40+00:00","article_modified_time":"2024-11-04T12:09:41+00:00","og_image":[{"width":827,"height":1000,"url":"https:\/\/agrupacionespsoe.es\/ponferrada\/wp-content\/uploads\/sites\/36\/2024\/11\/WhatsApp-Image-2024-11-04-at-13.03.24.jpeg","type":"image\/jpeg"}],"author":"ponferrada2","twitter_card":"summary_large_image","twitter_misc":{"Escrito por":"ponferrada2","Tiempo de lectura":"3 minutos"},"schema":{"@context":"https:\/\/schema.org","@graph":[{"@type":"Article","@id":"https:\/\/agrupacionespsoe.es\/ponferrada\/el-gms-denuncia-que-de-las-cuatro-cifras-diferentes-que-el-portavoz-de-coalicion-ha-dado-en-relacion-a-los-vehiculos-que-circulan-por-la-avda-del-castillo-todas-han-sido-mentira\/#article","isPartOf":{"@id":"https:\/\/agrupacionespsoe.es\/ponferrada\/el-gms-denuncia-que-de-las-cuatro-cifras-diferentes-que-el-portavoz-de-coalicion-ha-dado-en-relacion-a-los-vehiculos-que-circulan-por-la-avda-del-castillo-todas-han-sido-mentira\/"},"author":{"name":"ponferrada2","@id":"https:\/\/agrupacionespsoe.es\/ponferrada\/#\/schema\/person\/cd29ee627f3b70c05d415f02596debaa"},"headline":"El GMS denuncia que de las cuatro cifras diferentes que el portavoz de Coalici\u00f3n ha dado en relaci\u00f3n a los veh\u00edculos que circulan por la Avda del Castillo , todas han sido mentira","datePublished":"2024-11-04T12:09:40+00:00","dateModified":"2024-11-04T12:09:41+00:00","mainEntityOfPage":{"@id":"https:\/\/agrupacionespsoe.es\/ponferrada\/el-gms-denuncia-que-de-las-cuatro-cifras-diferentes-que-el-portavoz-de-coalicion-ha-dado-en-relacion-a-los-vehiculos-que-circulan-por-la-avda-del-castillo-todas-han-sido-mentira\/"},"wordCount":588,"commentCount":0,"publisher":{"@id":"https:\/\/agrupacionespsoe.es\/ponferrada\/#organization"},"image":{"@id":"https:\/\/agrupacionespsoe.es\/ponferrada\/el-gms-denuncia-que-de-las-cuatro-cifras-diferentes-que-el-portavoz-de-coalicion-ha-dado-en-relacion-a-los-vehiculos-que-circulan-por-la-avda-del-castillo-todas-han-sido-mentira\/#primaryimage"},"thumbnailUrl":"https:\/\/agrupacionespsoe.es\/ponferrada\/wp-content\/uploads\/sites\/36\/2024\/11\/WhatsApp-Image-2024-11-04-at-13.03.24.jpeg","articleSection":["ACTUALIDAD"],"inLanguage":"es","potentialAction":[{"@type":"CommentAction","name":"Comment","target":["https:\/\/agrupacionespsoe.es\/ponferrada\/el-gms-denuncia-que-de-las-cuatro-cifras-diferentes-que-el-portavoz-de-coalicion-ha-dado-en-relacion-a-los-vehiculos-que-circulan-por-la-avda-del-castillo-todas-han-sido-mentira\/#respond"]}]},{"@type":"WebPage","@id":"https:\/\/agrupacionespsoe.es\/ponferrada\/el-gms-denuncia-que-de-las-cuatro-cifras-diferentes-que-el-portavoz-de-coalicion-ha-dado-en-relacion-a-los-vehiculos-que-circulan-por-la-avda-del-castillo-todas-han-sido-mentira\/","url":"https:\/\/agrupacionespsoe.es\/ponferrada\/el-gms-denuncia-que-de-las-cuatro-cifras-diferentes-que-el-portavoz-de-coalicion-ha-dado-en-relacion-a-los-vehiculos-que-circulan-por-la-avda-del-castillo-todas-han-sido-mentira\/","name":"El GMS denuncia que de las cuatro cifras diferentes que el portavoz de Coalici\u00f3n ha dado en relaci\u00f3n a los veh\u00edculos que circulan por la Avda del Castillo , todas han sido mentira - Agrupaci\u00f3n Socialista de Ponferrada","isPartOf":{"@id":"https:\/\/agrupacionespsoe.es\/ponferrada\/#website"},"primaryImageOfPage":{"@id":"https:\/\/agrupacionespsoe.es\/ponferrada\/el-gms-denuncia-que-de-las-cuatro-cifras-diferentes-que-el-portavoz-de-coalicion-ha-dado-en-relacion-a-los-vehiculos-que-circulan-por-la-avda-del-castillo-todas-han-sido-mentira\/#primaryimage"},"image":{"@id":"https:\/\/agrupacionespsoe.es\/ponferrada\/el-gms-denuncia-que-de-las-cuatro-cifras-diferentes-que-el-portavoz-de-coalicion-ha-dado-en-relacion-a-los-vehiculos-que-circulan-por-la-avda-del-castillo-todas-han-sido-mentira\/#primaryimage"},"thumbnailUrl":"https:\/\/agrupacionespsoe.es\/ponferrada\/wp-content\/uploads\/sites\/36\/2024\/11\/WhatsApp-Image-2024-11-04-at-13.03.24.jpeg","datePublished":"2024-11-04T12:09:40+00:00","dateModified":"2024-11-04T12:09:41+00:00","breadcrumb":{"@id":"https:\/\/agrupacionespsoe.es\/ponferrada\/el-gms-denuncia-que-de-las-cuatro-cifras-diferentes-que-el-portavoz-de-coalicion-ha-dado-en-relacion-a-los-vehiculos-que-circulan-por-la-avda-del-castillo-todas-han-sido-mentira\/#breadcrumb"},"inLanguage":"es","potentialAction":[{"@type":"ReadAction","target":["https:\/\/agrupacionespsoe.es\/ponferrada\/el-gms-denuncia-que-de-las-cuatro-cifras-diferentes-que-el-portavoz-de-coalicion-ha-dado-en-relacion-a-los-vehiculos-que-circulan-por-la-avda-del-castillo-todas-han-sido-mentira\/"]}]},{"@type":"ImageObject","inLanguage":"es","@id":"https:\/\/agrupacionespsoe.es\/ponferrada\/el-gms-denuncia-que-de-las-cuatro-cifras-diferentes-que-el-portavoz-de-coalicion-ha-dado-en-relacion-a-los-vehiculos-que-circulan-por-la-avda-del-castillo-todas-han-sido-mentira\/#primaryimage","url":"https:\/\/agrupacionespsoe.es\/ponferrada\/wp-content\/uploads\/sites\/36\/2024\/11\/WhatsApp-Image-2024-11-04-at-13.03.24.jpeg","contentUrl":"https:\/\/agrupacionespsoe.es\/ponferrada\/wp-content\/uploads\/sites\/36\/2024\/11\/WhatsApp-Image-2024-11-04-at-13.03.24.jpeg","width":827,"height":1000},{"@type":"BreadcrumbList","@id":"https:\/\/agrupacionespsoe.es\/ponferrada\/el-gms-denuncia-que-de-las-cuatro-cifras-diferentes-que-el-portavoz-de-coalicion-ha-dado-en-relacion-a-los-vehiculos-que-circulan-por-la-avda-del-castillo-todas-han-sido-mentira\/#breadcrumb","itemListElement":[{"@type":"ListItem","position":1,"name":"Portada","item":"https:\/\/agrupacionespsoe.es\/ponferrada\/"},{"@type":"ListItem","position":2,"name":"El GMS denuncia que de las cuatro cifras diferentes que el portavoz de Coalici\u00f3n ha dado en relaci\u00f3n a los veh\u00edculos que circulan por la Avda del Castillo , todas han sido mentira"}]},{"@type":"WebSite","@id":"https:\/\/agrupacionespsoe.es\/ponferrada\/#website","url":"https:\/\/agrupacionespsoe.es\/ponferrada\/","name":"Agrupaci\u00f3n Socialista de Ponferrada","description":"Agrupaci\u00f3n Socialista de Ponferrada","publisher":{"@id":"https:\/\/agrupacionespsoe.es\/ponferrada\/#organization"},"potentialAction":[{"@type":"SearchAction","target":{"@type":"EntryPoint","urlTemplate":"https:\/\/agrupacionespsoe.es\/ponferrada\/?s={search_term_string}"},"query-input":{"@type":"PropertyValueSpecification","valueRequired":true,"valueName":"search_term_string"}}],"inLanguage":"es"},{"@type":"Organization","@id":"https:\/\/agrupacionespsoe.es\/ponferrada\/#organization","name":"Agrupaci\u00f3n Socialista de Ponferrada","url":"https:\/\/agrupacionespsoe.es\/ponferrada\/","logo":{"@type":"ImageObject","inLanguage":"es","@id":"https:\/\/agrupacionespsoe.es\/ponferrada\/#\/schema\/logo\/image\/","url":"https:\/\/agrupacionespsoe.es\/wp-content\/uploads\/2022\/07\/Logotipo_electoral_del_PSOE.png","contentUrl":"https:\/\/agrupacionespsoe.es\/wp-content\/uploads\/2022\/07\/Logotipo_electoral_del_PSOE.png","width":422,"height":422,"caption":"Agrupaci\u00f3n Socialista de Ponferrada"},"image":{"@id":"https:\/\/agrupacionespsoe.es\/ponferrada\/#\/schema\/logo\/image\/"}},{"@type":"Person","@id":"https:\/\/agrupacionespsoe.es\/ponferrada\/#\/schema\/person\/cd29ee627f3b70c05d415f02596debaa","name":"ponferrada2","image":{"@type":"ImageObject","inLanguage":"es","@id":"https:\/\/agrupacionespsoe.es\/ponferrada\/#\/schema\/person\/image\/","url":"https:\/\/secure.gravatar.com\/avatar\/f499eeb60144c664cf7b7edf75549b50?s=96&d=mm&r=g","contentUrl":"https:\/\/secure.gravatar.com\/avatar\/f499eeb60144c664cf7b7edf75549b50?s=96&d=mm&r=g","caption":"ponferrada2"},"url":"https:\/\/agrupacionespsoe.es\/ponferrada\/author\/ponferrada2\/"}]}},"jetpack_featured_media_url":"https:\/\/agrupacionespsoe.es\/ponferrada\/wp-content\/uploads\/sites\/36\/2024\/11\/WhatsApp-Image-2024-11-04-at-13.03.24.jpeg","jetpack_sharing_enabled":true,"_links":{"self":[{"href":"https:\/\/agrupacionespsoe.es\/ponferrada\/wp-json\/wp\/v2\/posts\/655","targetHints":{"allow":["GET"]}}],"collection":[{"href":"https:\/\/agrupacionespsoe.es\/ponferrada\/wp-json\/wp\/v2\/posts"}],"about":[{"href":"https:\/\/agrupacionespsoe.es\/ponferrada\/wp-json\/wp\/v2\/types\/post"}],"author":[{"embeddable":true,"href":"https:\/\/agrupacionespsoe.es\/ponferrada\/wp-json\/wp\/v2\/users\/32"}],"replies":[{"embeddable":true,"href":"https:\/\/agrupacionespsoe.es\/ponferrada\/wp-json\/wp\/v2\/comments?post=655"}],"version-history":[{"count":1,"href":"https:\/\/agrupacionespsoe.es\/ponferrada\/wp-json\/wp\/v2\/posts\/655\/revisions"}],"predecessor-version":[{"id":657,"href":"https:\/\/agrupacionespsoe.es\/ponferrada\/wp-json\/wp\/v2\/posts\/655\/revisions\/657"}],"wp:featuredmedia":[{"embeddable":true,"href":"https:\/\/agrupacionespsoe.es\/ponferrada\/wp-json\/wp\/v2\/media\/656"}],"wp:attachment":[{"href":"https:\/\/agrupacionespsoe.es\/ponferrada\/wp-json\/wp\/v2\/media?parent=655"}],"wp:term":[{"taxonomy":"category","embeddable":true,"href":"https:\/\/agrupacionespsoe.es\/ponferrada\/wp-json\/wp\/v2\/categories?post=655"},{"taxonomy":"post_tag","embeddable":true,"href":"https:\/\/agrupacionespsoe.es\/ponferrada\/wp-json\/wp\/v2\/tags?post=655"}],"curies":[{"name":"wp","href":"https:\/\/api.w.org\/{rel}","templated":true}]}}