{"id":639,"date":"2024-10-25T11:27:34","date_gmt":"2024-10-25T11:27:34","guid":{"rendered":"https:\/\/agrupacionespsoe.es\/ponferrada\/?p=639"},"modified":"2024-10-25T11:28:32","modified_gmt":"2024-10-25T11:28:32","slug":"el-psoe-de-ponferrada-celebra-una-charla-coloquio-sobre-la-ordenanza-de-las-terrazas","status":"publish","type":"post","link":"https:\/\/agrupacionespsoe.es\/ponferrada\/el-psoe-de-ponferrada-celebra-una-charla-coloquio-sobre-la-ordenanza-de-las-terrazas\/","title":{"rendered":"El PSOE de Ponferrada celebra una charla-coloquio sobre la ordenanza de las terrazas."},"content":{"rendered":"\n<p class=\"has-medium-font-size\"><strong>El grupo socialista se comprometi\u00f3 a seguir reivindicando la necesidad de aplicar la ordenanza existente<\/strong><\/p>\n\n\n\n<p class=\"has-text-align-right\">Ponferrada, 25 de octubre de 2024.<\/p>\n\n\n\n<p>El PSOE de Ponferrada celebr\u00f3 ayer una charla-coloquio abierta a la ciudadan\u00eda con el grupo de concejales. En esta ocasi\u00f3n se habl\u00f3 de la ordenanza de las terrazas y de la preocupaci\u00f3n de la ciudadan\u00eda por recuperar el espacio sobre todo en alguna de las plazas y calles muy transitadas.<\/p>\n\n\n\n<p>Desde el grupo socialista se explic\u00f3 las motivaciones que llevaron al anterior equipo de gobierno a la modificaci\u00f3n de la ordenanza que exist\u00eda. Una de las principales razones se debi\u00f3 al cambio de mentalidad de la ciudadan\u00eda despu\u00e9s de la pandemia y a la necesidad de apoyar al sector de la hosteler\u00eda y restauraci\u00f3n por parte de las administraciones p\u00fablicas. Tambi\u00e9n a la intenci\u00f3n de adaptar a las necesidades de ciudadanos y propietarios la ordenanza existente.<\/p>\n\n\n\n<p>El concejal responsable del \u00e1rea en el mandato de Olegario Ram\u00f3n, Jose Antonio Cart\u00f3n, detallo las modificaciones que incluye la ordenanza que est\u00e1 en vigor y que supon\u00edan una mejora tanto para propietarios como para la ciudadan\u00eda, como son: la recogida de los elementos que forman parte de la terraza cuando se cierre, la posibilidad de los hosteleros y restauradores de ocupar como terraza la misma superficie que tengan en el interior y la regulaci\u00f3n que contempla sobre la instalaci\u00f3n de veladores.<\/p>\n\n\n\n<p>Olegario Ram\u00f3n se\u00f1al\u00f3 que la ordenanza contemplaba un periodo de 18 meses para hacer labor de pedagog\u00eda entre propietarios y ciudadan\u00eda y para que los t\u00e9cnicos elaboraran los informes preceptivos que garanticen la seguridad de la ciudadan\u00eda. Tambi\u00e9n inform\u00f3 que el 4 de septiembre se ha cumplido el plazo que regulaba la ordenanza y que desde el equipo de gobierno se nota la dejadez y la falta de trabajo en la aplicaci\u00f3n de la ordenanza. Han dejado pasar el plazo sin hacer pr\u00e1cticamente nada en este tema, ni informaci\u00f3n ni pedagog\u00eda y ahora tampoco aplican la normativa existente. A este hecho se le une el de que el actual equipo de gobierno tambi\u00e9n prometi\u00f3 una nueva ordenanza y no nos consta que hayan ni empezado.<\/p>\n\n\n\n<p>Desde el grupo municipal socialista se comprometieron a seguir reivindicando la aplicaci\u00f3n de la ordenanza existente y de regular las terrazas para que puedan convivir las necesidades de hosteleros y restauradores con el derecho de la ciudadan\u00eda a tener espacios seguros y dignos para transitar.<\/p>\n\n\n\n<figure class=\"wp-block-image size-large\"><img loading=\"lazy\" decoding=\"async\" width=\"1024\" height=\"768\" src=\"https:\/\/agrupacionespsoe.es\/ponferrada\/wp-content\/uploads\/sites\/36\/2024\/10\/WhatsApp-Image-2024-10-25-at-13.25.04-1024x768.jpeg\" alt=\"\" class=\"wp-image-640\" srcset=\"https:\/\/agrupacionespsoe.es\/ponferrada\/wp-content\/uploads\/sites\/36\/2024\/10\/WhatsApp-Image-2024-10-25-at-13.25.04-1024x768.jpeg 1024w, https:\/\/agrupacionespsoe.es\/ponferrada\/wp-content\/uploads\/sites\/36\/2024\/10\/WhatsApp-Image-2024-10-25-at-13.25.04-300x225.jpeg 300w, https:\/\/agrupacionespsoe.es\/ponferrada\/wp-content\/uploads\/sites\/36\/2024\/10\/WhatsApp-Image-2024-10-25-at-13.25.04-768x576.jpeg 768w, https:\/\/agrupacionespsoe.es\/ponferrada\/wp-content\/uploads\/sites\/36\/2024\/10\/WhatsApp-Image-2024-10-25-at-13.25.04-1536x1152.jpeg 1536w, https:\/\/agrupacionespsoe.es\/ponferrada\/wp-content\/uploads\/sites\/36\/2024\/10\/WhatsApp-Image-2024-10-25-at-13.25.04.jpeg 1600w\" sizes=\"auto, (max-width: 1024px) 100vw, 1024px\" \/><\/figure>\n","protected":false},"excerpt":{"rendered":"<p>El grupo socialista se comprometi\u00f3 a seguir reivindicando la necesidad de aplicar la ordenanza existente Ponferrada, 25 de octubre de 2024. El PSOE de Ponferrada celebr\u00f3 ayer una charla-coloquio abierta a la ciudadan\u00eda con el grupo de concejales. En esta ocasi\u00f3n se habl\u00f3 de la ordenanza de las terrazas y de la preocupaci\u00f3n de la &#8230;<\/p>\n","protected":false},"author":32,"featured_media":640,"comment_status":"open","ping_status":"open","sticky":false,"template":"","format":"standard","meta":{"_jetpack_memberships_contains_paid_content":false,"footnotes":""},"categories":[6],"tags":[],"class_list":["post-639","post","type-post","status-publish","format-standard","has-post-thumbnail","hentry","category-actualidad"],"yoast_head":"<!-- This site is optimized with the Yoast SEO plugin v24.0 - https:\/\/yoast.com\/wordpress\/plugins\/seo\/ -->\n<title>El PSOE de Ponferrada celebra una charla-coloquio sobre la ordenanza de las terrazas. - Agrupaci\u00f3n Socialista de Ponferrada<\/title>\n<meta name=\"robots\" content=\"index, follow, max-snippet:-1, max-image-preview:large, max-video-preview:-1\" \/>\n<link rel=\"canonical\" href=\"https:\/\/agrupacionespsoe.es\/ponferrada\/el-psoe-de-ponferrada-celebra-una-charla-coloquio-sobre-la-ordenanza-de-las-terrazas\/\" \/>\n<meta property=\"og:locale\" content=\"es_ES\" \/>\n<meta property=\"og:type\" content=\"article\" \/>\n<meta property=\"og:title\" content=\"El PSOE de Ponferrada celebra una charla-coloquio sobre la ordenanza de las terrazas. - Agrupaci\u00f3n Socialista de Ponferrada\" \/>\n<meta property=\"og:description\" content=\"El grupo socialista se comprometi\u00f3 a seguir reivindicando la necesidad de aplicar la ordenanza existente Ponferrada, 25 de octubre de 2024. El PSOE de Ponferrada celebr\u00f3 ayer una charla-coloquio abierta a la ciudadan\u00eda con el grupo de concejales. En esta ocasi\u00f3n se habl\u00f3 de la ordenanza de las terrazas y de la preocupaci\u00f3n de la ...\" \/>\n<meta property=\"og:url\" content=\"https:\/\/agrupacionespsoe.es\/ponferrada\/el-psoe-de-ponferrada-celebra-una-charla-coloquio-sobre-la-ordenanza-de-las-terrazas\/\" \/>\n<meta property=\"og:site_name\" content=\"Agrupaci\u00f3n Socialista de Ponferrada\" \/>\n<meta property=\"article:published_time\" content=\"2024-10-25T11:27:34+00:00\" \/>\n<meta property=\"article:modified_time\" content=\"2024-10-25T11:28:32+00:00\" \/>\n<meta property=\"og:image\" content=\"https:\/\/agrupacionespsoe.es\/ponferrada\/wp-content\/uploads\/sites\/36\/2024\/10\/WhatsApp-Image-2024-10-25-at-13.25.04.jpeg\" \/>\n\t<meta property=\"og:image:width\" content=\"1600\" \/>\n\t<meta property=\"og:image:height\" content=\"1200\" \/>\n\t<meta property=\"og:image:type\" content=\"image\/jpeg\" \/>\n<meta name=\"author\" content=\"ponferrada2\" \/>\n<meta name=\"twitter:card\" content=\"summary_large_image\" \/>\n<meta name=\"twitter:label1\" content=\"Escrito por\" \/>\n\t<meta name=\"twitter:data1\" content=\"ponferrada2\" \/>\n\t<meta name=\"twitter:label2\" content=\"Tiempo de lectura\" \/>\n\t<meta name=\"twitter:data2\" content=\"3 minutos\" \/>\n<script type=\"application\/ld+json\" class=\"yoast-schema-graph\">{\"@context\":\"https:\/\/schema.org\",\"@graph\":[{\"@type\":\"Article\",\"@id\":\"https:\/\/agrupacionespsoe.es\/ponferrada\/el-psoe-de-ponferrada-celebra-una-charla-coloquio-sobre-la-ordenanza-de-las-terrazas\/#article\",\"isPartOf\":{\"@id\":\"https:\/\/agrupacionespsoe.es\/ponferrada\/el-psoe-de-ponferrada-celebra-una-charla-coloquio-sobre-la-ordenanza-de-las-terrazas\/\"},\"author\":{\"name\":\"ponferrada2\",\"@id\":\"https:\/\/agrupacionespsoe.es\/ponferrada\/#\/schema\/person\/cd29ee627f3b70c05d415f02596debaa\"},\"headline\":\"El PSOE de Ponferrada celebra una charla-coloquio sobre la ordenanza de las terrazas.\",\"datePublished\":\"2024-10-25T11:27:34+00:00\",\"dateModified\":\"2024-10-25T11:28:32+00:00\",\"mainEntityOfPage\":{\"@id\":\"https:\/\/agrupacionespsoe.es\/ponferrada\/el-psoe-de-ponferrada-celebra-una-charla-coloquio-sobre-la-ordenanza-de-las-terrazas\/\"},\"wordCount\":441,\"commentCount\":0,\"publisher\":{\"@id\":\"https:\/\/agrupacionespsoe.es\/ponferrada\/#organization\"},\"image\":{\"@id\":\"https:\/\/agrupacionespsoe.es\/ponferrada\/el-psoe-de-ponferrada-celebra-una-charla-coloquio-sobre-la-ordenanza-de-las-terrazas\/#primaryimage\"},\"thumbnailUrl\":\"https:\/\/agrupacionespsoe.es\/ponferrada\/wp-content\/uploads\/sites\/36\/2024\/10\/WhatsApp-Image-2024-10-25-at-13.25.04.jpeg\",\"articleSection\":[\"ACTUALIDAD\"],\"inLanguage\":\"es\",\"potentialAction\":[{\"@type\":\"CommentAction\",\"name\":\"Comment\",\"target\":[\"https:\/\/agrupacionespsoe.es\/ponferrada\/el-psoe-de-ponferrada-celebra-una-charla-coloquio-sobre-la-ordenanza-de-las-terrazas\/#respond\"]}]},{\"@type\":\"WebPage\",\"@id\":\"https:\/\/agrupacionespsoe.es\/ponferrada\/el-psoe-de-ponferrada-celebra-una-charla-coloquio-sobre-la-ordenanza-de-las-terrazas\/\",\"url\":\"https:\/\/agrupacionespsoe.es\/ponferrada\/el-psoe-de-ponferrada-celebra-una-charla-coloquio-sobre-la-ordenanza-de-las-terrazas\/\",\"name\":\"El PSOE de Ponferrada celebra una charla-coloquio sobre la ordenanza de las terrazas. - Agrupaci\u00f3n Socialista de Ponferrada\",\"isPartOf\":{\"@id\":\"https:\/\/agrupacionespsoe.es\/ponferrada\/#website\"},\"primaryImageOfPage\":{\"@id\":\"https:\/\/agrupacionespsoe.es\/ponferrada\/el-psoe-de-ponferrada-celebra-una-charla-coloquio-sobre-la-ordenanza-de-las-terrazas\/#primaryimage\"},\"image\":{\"@id\":\"https:\/\/agrupacionespsoe.es\/ponferrada\/el-psoe-de-ponferrada-celebra-una-charla-coloquio-sobre-la-ordenanza-de-las-terrazas\/#primaryimage\"},\"thumbnailUrl\":\"https:\/\/agrupacionespsoe.es\/ponferrada\/wp-content\/uploads\/sites\/36\/2024\/10\/WhatsApp-Image-2024-10-25-at-13.25.04.jpeg\",\"datePublished\":\"2024-10-25T11:27:34+00:00\",\"dateModified\":\"2024-10-25T11:28:32+00:00\",\"breadcrumb\":{\"@id\":\"https:\/\/agrupacionespsoe.es\/ponferrada\/el-psoe-de-ponferrada-celebra-una-charla-coloquio-sobre-la-ordenanza-de-las-terrazas\/#breadcrumb\"},\"inLanguage\":\"es\",\"potentialAction\":[{\"@type\":\"ReadAction\",\"target\":[\"https:\/\/agrupacionespsoe.es\/ponferrada\/el-psoe-de-ponferrada-celebra-una-charla-coloquio-sobre-la-ordenanza-de-las-terrazas\/\"]}]},{\"@type\":\"ImageObject\",\"inLanguage\":\"es\",\"@id\":\"https:\/\/agrupacionespsoe.es\/ponferrada\/el-psoe-de-ponferrada-celebra-una-charla-coloquio-sobre-la-ordenanza-de-las-terrazas\/#primaryimage\",\"url\":\"https:\/\/agrupacionespsoe.es\/ponferrada\/wp-content\/uploads\/sites\/36\/2024\/10\/WhatsApp-Image-2024-10-25-at-13.25.04.jpeg\",\"contentUrl\":\"https:\/\/agrupacionespsoe.es\/ponferrada\/wp-content\/uploads\/sites\/36\/2024\/10\/WhatsApp-Image-2024-10-25-at-13.25.04.jpeg\",\"width\":1600,\"height\":1200},{\"@type\":\"BreadcrumbList\",\"@id\":\"https:\/\/agrupacionespsoe.es\/ponferrada\/el-psoe-de-ponferrada-celebra-una-charla-coloquio-sobre-la-ordenanza-de-las-terrazas\/#breadcrumb\",\"itemListElement\":[{\"@type\":\"ListItem\",\"position\":1,\"name\":\"Portada\",\"item\":\"https:\/\/agrupacionespsoe.es\/ponferrada\/\"},{\"@type\":\"ListItem\",\"position\":2,\"name\":\"El PSOE de Ponferrada celebra una charla-coloquio sobre la ordenanza de las terrazas.\"}]},{\"@type\":\"WebSite\",\"@id\":\"https:\/\/agrupacionespsoe.es\/ponferrada\/#website\",\"url\":\"https:\/\/agrupacionespsoe.es\/ponferrada\/\",\"name\":\"Agrupaci\u00f3n Socialista de Ponferrada\",\"description\":\"Agrupaci\u00f3n Socialista de Ponferrada\",\"publisher\":{\"@id\":\"https:\/\/agrupacionespsoe.es\/ponferrada\/#organization\"},\"potentialAction\":[{\"@type\":\"SearchAction\",\"target\":{\"@type\":\"EntryPoint\",\"urlTemplate\":\"https:\/\/agrupacionespsoe.es\/ponferrada\/?s={search_term_string}\"},\"query-input\":{\"@type\":\"PropertyValueSpecification\",\"valueRequired\":true,\"valueName\":\"search_term_string\"}}],\"inLanguage\":\"es\"},{\"@type\":\"Organization\",\"@id\":\"https:\/\/agrupacionespsoe.es\/ponferrada\/#organization\",\"name\":\"Agrupaci\u00f3n Socialista de Ponferrada\",\"url\":\"https:\/\/agrupacionespsoe.es\/ponferrada\/\",\"logo\":{\"@type\":\"ImageObject\",\"inLanguage\":\"es\",\"@id\":\"https:\/\/agrupacionespsoe.es\/ponferrada\/#\/schema\/logo\/image\/\",\"url\":\"https:\/\/agrupacionespsoe.es\/wp-content\/uploads\/2022\/07\/Logotipo_electoral_del_PSOE.png\",\"contentUrl\":\"https:\/\/agrupacionespsoe.es\/wp-content\/uploads\/2022\/07\/Logotipo_electoral_del_PSOE.png\",\"width\":422,\"height\":422,\"caption\":\"Agrupaci\u00f3n Socialista de Ponferrada\"},\"image\":{\"@id\":\"https:\/\/agrupacionespsoe.es\/ponferrada\/#\/schema\/logo\/image\/\"}},{\"@type\":\"Person\",\"@id\":\"https:\/\/agrupacionespsoe.es\/ponferrada\/#\/schema\/person\/cd29ee627f3b70c05d415f02596debaa\",\"name\":\"ponferrada2\",\"image\":{\"@type\":\"ImageObject\",\"inLanguage\":\"es\",\"@id\":\"https:\/\/agrupacionespsoe.es\/ponferrada\/#\/schema\/person\/image\/\",\"url\":\"https:\/\/secure.gravatar.com\/avatar\/f499eeb60144c664cf7b7edf75549b50?s=96&d=mm&r=g\",\"contentUrl\":\"https:\/\/secure.gravatar.com\/avatar\/f499eeb60144c664cf7b7edf75549b50?s=96&d=mm&r=g\",\"caption\":\"ponferrada2\"},\"url\":\"https:\/\/agrupacionespsoe.es\/ponferrada\/author\/ponferrada2\/\"}]}<\/script>\n<!-- \/ Yoast SEO plugin. -->","yoast_head_json":{"title":"El PSOE de Ponferrada celebra una charla-coloquio sobre la ordenanza de las terrazas. - Agrupaci\u00f3n Socialista de Ponferrada","robots":{"index":"index","follow":"follow","max-snippet":"max-snippet:-1","max-image-preview":"max-image-preview:large","max-video-preview":"max-video-preview:-1"},"canonical":"https:\/\/agrupacionespsoe.es\/ponferrada\/el-psoe-de-ponferrada-celebra-una-charla-coloquio-sobre-la-ordenanza-de-las-terrazas\/","og_locale":"es_ES","og_type":"article","og_title":"El PSOE de Ponferrada celebra una charla-coloquio sobre la ordenanza de las terrazas. - Agrupaci\u00f3n Socialista de Ponferrada","og_description":"El grupo socialista se comprometi\u00f3 a seguir reivindicando la necesidad de aplicar la ordenanza existente Ponferrada, 25 de octubre de 2024. El PSOE de Ponferrada celebr\u00f3 ayer una charla-coloquio abierta a la ciudadan\u00eda con el grupo de concejales. En esta ocasi\u00f3n se habl\u00f3 de la ordenanza de las terrazas y de la preocupaci\u00f3n de la ...","og_url":"https:\/\/agrupacionespsoe.es\/ponferrada\/el-psoe-de-ponferrada-celebra-una-charla-coloquio-sobre-la-ordenanza-de-las-terrazas\/","og_site_name":"Agrupaci\u00f3n Socialista de Ponferrada","article_published_time":"2024-10-25T11:27:34+00:00","article_modified_time":"2024-10-25T11:28:32+00:00","og_image":[{"width":1600,"height":1200,"url":"https:\/\/agrupacionespsoe.es\/ponferrada\/wp-content\/uploads\/sites\/36\/2024\/10\/WhatsApp-Image-2024-10-25-at-13.25.04.jpeg","type":"image\/jpeg"}],"author":"ponferrada2","twitter_card":"summary_large_image","twitter_misc":{"Escrito por":"ponferrada2","Tiempo de lectura":"3 minutos"},"schema":{"@context":"https:\/\/schema.org","@graph":[{"@type":"Article","@id":"https:\/\/agrupacionespsoe.es\/ponferrada\/el-psoe-de-ponferrada-celebra-una-charla-coloquio-sobre-la-ordenanza-de-las-terrazas\/#article","isPartOf":{"@id":"https:\/\/agrupacionespsoe.es\/ponferrada\/el-psoe-de-ponferrada-celebra-una-charla-coloquio-sobre-la-ordenanza-de-las-terrazas\/"},"author":{"name":"ponferrada2","@id":"https:\/\/agrupacionespsoe.es\/ponferrada\/#\/schema\/person\/cd29ee627f3b70c05d415f02596debaa"},"headline":"El PSOE de Ponferrada celebra una charla-coloquio sobre la ordenanza de las terrazas.","datePublished":"2024-10-25T11:27:34+00:00","dateModified":"2024-10-25T11:28:32+00:00","mainEntityOfPage":{"@id":"https:\/\/agrupacionespsoe.es\/ponferrada\/el-psoe-de-ponferrada-celebra-una-charla-coloquio-sobre-la-ordenanza-de-las-terrazas\/"},"wordCount":441,"commentCount":0,"publisher":{"@id":"https:\/\/agrupacionespsoe.es\/ponferrada\/#organization"},"image":{"@id":"https:\/\/agrupacionespsoe.es\/ponferrada\/el-psoe-de-ponferrada-celebra-una-charla-coloquio-sobre-la-ordenanza-de-las-terrazas\/#primaryimage"},"thumbnailUrl":"https:\/\/agrupacionespsoe.es\/ponferrada\/wp-content\/uploads\/sites\/36\/2024\/10\/WhatsApp-Image-2024-10-25-at-13.25.04.jpeg","articleSection":["ACTUALIDAD"],"inLanguage":"es","potentialAction":[{"@type":"CommentAction","name":"Comment","target":["https:\/\/agrupacionespsoe.es\/ponferrada\/el-psoe-de-ponferrada-celebra-una-charla-coloquio-sobre-la-ordenanza-de-las-terrazas\/#respond"]}]},{"@type":"WebPage","@id":"https:\/\/agrupacionespsoe.es\/ponferrada\/el-psoe-de-ponferrada-celebra-una-charla-coloquio-sobre-la-ordenanza-de-las-terrazas\/","url":"https:\/\/agrupacionespsoe.es\/ponferrada\/el-psoe-de-ponferrada-celebra-una-charla-coloquio-sobre-la-ordenanza-de-las-terrazas\/","name":"El PSOE de Ponferrada celebra una charla-coloquio sobre la ordenanza de las terrazas. - Agrupaci\u00f3n Socialista de Ponferrada","isPartOf":{"@id":"https:\/\/agrupacionespsoe.es\/ponferrada\/#website"},"primaryImageOfPage":{"@id":"https:\/\/agrupacionespsoe.es\/ponferrada\/el-psoe-de-ponferrada-celebra-una-charla-coloquio-sobre-la-ordenanza-de-las-terrazas\/#primaryimage"},"image":{"@id":"https:\/\/agrupacionespsoe.es\/ponferrada\/el-psoe-de-ponferrada-celebra-una-charla-coloquio-sobre-la-ordenanza-de-las-terrazas\/#primaryimage"},"thumbnailUrl":"https:\/\/agrupacionespsoe.es\/ponferrada\/wp-content\/uploads\/sites\/36\/2024\/10\/WhatsApp-Image-2024-10-25-at-13.25.04.jpeg","datePublished":"2024-10-25T11:27:34+00:00","dateModified":"2024-10-25T11:28:32+00:00","breadcrumb":{"@id":"https:\/\/agrupacionespsoe.es\/ponferrada\/el-psoe-de-ponferrada-celebra-una-charla-coloquio-sobre-la-ordenanza-de-las-terrazas\/#breadcrumb"},"inLanguage":"es","potentialAction":[{"@type":"ReadAction","target":["https:\/\/agrupacionespsoe.es\/ponferrada\/el-psoe-de-ponferrada-celebra-una-charla-coloquio-sobre-la-ordenanza-de-las-terrazas\/"]}]},{"@type":"ImageObject","inLanguage":"es","@id":"https:\/\/agrupacionespsoe.es\/ponferrada\/el-psoe-de-ponferrada-celebra-una-charla-coloquio-sobre-la-ordenanza-de-las-terrazas\/#primaryimage","url":"https:\/\/agrupacionespsoe.es\/ponferrada\/wp-content\/uploads\/sites\/36\/2024\/10\/WhatsApp-Image-2024-10-25-at-13.25.04.jpeg","contentUrl":"https:\/\/agrupacionespsoe.es\/ponferrada\/wp-content\/uploads\/sites\/36\/2024\/10\/WhatsApp-Image-2024-10-25-at-13.25.04.jpeg","width":1600,"height":1200},{"@type":"BreadcrumbList","@id":"https:\/\/agrupacionespsoe.es\/ponferrada\/el-psoe-de-ponferrada-celebra-una-charla-coloquio-sobre-la-ordenanza-de-las-terrazas\/#breadcrumb","itemListElement":[{"@type":"ListItem","position":1,"name":"Portada","item":"https:\/\/agrupacionespsoe.es\/ponferrada\/"},{"@type":"ListItem","position":2,"name":"El PSOE de Ponferrada celebra una charla-coloquio sobre la ordenanza de las terrazas."}]},{"@type":"WebSite","@id":"https:\/\/agrupacionespsoe.es\/ponferrada\/#website","url":"https:\/\/agrupacionespsoe.es\/ponferrada\/","name":"Agrupaci\u00f3n Socialista de Ponferrada","description":"Agrupaci\u00f3n Socialista de Ponferrada","publisher":{"@id":"https:\/\/agrupacionespsoe.es\/ponferrada\/#organization"},"potentialAction":[{"@type":"SearchAction","target":{"@type":"EntryPoint","urlTemplate":"https:\/\/agrupacionespsoe.es\/ponferrada\/?s={search_term_string}"},"query-input":{"@type":"PropertyValueSpecification","valueRequired":true,"valueName":"search_term_string"}}],"inLanguage":"es"},{"@type":"Organization","@id":"https:\/\/agrupacionespsoe.es\/ponferrada\/#organization","name":"Agrupaci\u00f3n Socialista de Ponferrada","url":"https:\/\/agrupacionespsoe.es\/ponferrada\/","logo":{"@type":"ImageObject","inLanguage":"es","@id":"https:\/\/agrupacionespsoe.es\/ponferrada\/#\/schema\/logo\/image\/","url":"https:\/\/agrupacionespsoe.es\/wp-content\/uploads\/2022\/07\/Logotipo_electoral_del_PSOE.png","contentUrl":"https:\/\/agrupacionespsoe.es\/wp-content\/uploads\/2022\/07\/Logotipo_electoral_del_PSOE.png","width":422,"height":422,"caption":"Agrupaci\u00f3n Socialista de Ponferrada"},"image":{"@id":"https:\/\/agrupacionespsoe.es\/ponferrada\/#\/schema\/logo\/image\/"}},{"@type":"Person","@id":"https:\/\/agrupacionespsoe.es\/ponferrada\/#\/schema\/person\/cd29ee627f3b70c05d415f02596debaa","name":"ponferrada2","image":{"@type":"ImageObject","inLanguage":"es","@id":"https:\/\/agrupacionespsoe.es\/ponferrada\/#\/schema\/person\/image\/","url":"https:\/\/secure.gravatar.com\/avatar\/f499eeb60144c664cf7b7edf75549b50?s=96&d=mm&r=g","contentUrl":"https:\/\/secure.gravatar.com\/avatar\/f499eeb60144c664cf7b7edf75549b50?s=96&d=mm&r=g","caption":"ponferrada2"},"url":"https:\/\/agrupacionespsoe.es\/ponferrada\/author\/ponferrada2\/"}]}},"jetpack_featured_media_url":"https:\/\/agrupacionespsoe.es\/ponferrada\/wp-content\/uploads\/sites\/36\/2024\/10\/WhatsApp-Image-2024-10-25-at-13.25.04.jpeg","jetpack_sharing_enabled":true,"_links":{"self":[{"href":"https:\/\/agrupacionespsoe.es\/ponferrada\/wp-json\/wp\/v2\/posts\/639","targetHints":{"allow":["GET"]}}],"collection":[{"href":"https:\/\/agrupacionespsoe.es\/ponferrada\/wp-json\/wp\/v2\/posts"}],"about":[{"href":"https:\/\/agrupacionespsoe.es\/ponferrada\/wp-json\/wp\/v2\/types\/post"}],"author":[{"embeddable":true,"href":"https:\/\/agrupacionespsoe.es\/ponferrada\/wp-json\/wp\/v2\/users\/32"}],"replies":[{"embeddable":true,"href":"https:\/\/agrupacionespsoe.es\/ponferrada\/wp-json\/wp\/v2\/comments?post=639"}],"version-history":[{"count":1,"href":"https:\/\/agrupacionespsoe.es\/ponferrada\/wp-json\/wp\/v2\/posts\/639\/revisions"}],"predecessor-version":[{"id":641,"href":"https:\/\/agrupacionespsoe.es\/ponferrada\/wp-json\/wp\/v2\/posts\/639\/revisions\/641"}],"wp:featuredmedia":[{"embeddable":true,"href":"https:\/\/agrupacionespsoe.es\/ponferrada\/wp-json\/wp\/v2\/media\/640"}],"wp:attachment":[{"href":"https:\/\/agrupacionespsoe.es\/ponferrada\/wp-json\/wp\/v2\/media?parent=639"}],"wp:term":[{"taxonomy":"category","embeddable":true,"href":"https:\/\/agrupacionespsoe.es\/ponferrada\/wp-json\/wp\/v2\/categories?post=639"},{"taxonomy":"post_tag","embeddable":true,"href":"https:\/\/agrupacionespsoe.es\/ponferrada\/wp-json\/wp\/v2\/tags?post=639"}],"curies":[{"name":"wp","href":"https:\/\/api.w.org\/{rel}","templated":true}]}}